{"id":1092213,"date":"2021-05-23T18:41:17","date_gmt":"2021-05-23T17:41:17","guid":{"rendered":"https:\/\/www.eldigitaldeasturias.com\/noticias\/?p=1092213"},"modified":"2021-05-23T18:41:17","modified_gmt":"2021-05-23T17:41:17","slug":"pumares-estamos-peor-que-en-mayo-de-2019","status":"publish","type":"post","link":"https:\/\/www.eldigitaldeasturias.com\/noticias\/pumares-estamos-peor-que-en-mayo-de-2019\/","title":{"rendered":"Pumares: \u00abEstamos peor que en mayo de 2019\u00bb"},"content":{"rendered":"<p><img loading=\"lazy\" decoding=\"async\" class=\"alignleft size-medium wp-image-1080774\" src=\"https:\/\/www.eldigitaldeasturias.com\/noticias\/wp-content\/uploads\/2020\/11\/Pumares-1-360x260.jpg\" alt=\"Pumares FORO Asturias\" width=\"360\" height=\"260\" \/>El secretario general y portavoz parlamentario de FORO Asturias, Adri\u00e1n Pumares, ha valorado hoy que \u201ctras esta primera mitad de legislatura, y m\u00e1s all\u00e1 de la propaganda, la \u00fanica realidad es que no se ha conseguido nada,<strong> los grandes retos de Asturias siguen siendo los mismos que al inicio de la legislatura<\/strong>, pero agravados por la pandemia. La inacci\u00f3n, acompa\u00f1ada de cierto conformismo, es la se\u00f1a de identidad de este gobierno desde el primer d\u00eda, y ya no tan siquiera la pandemia puede servir de excusa a un gobierno poco preocupado de atender las necesidades y las reclamaciones de los asturianos\u201d.<\/p>\n<p>Pumares remarc\u00f3 que \u201ces cierto que gracias a FORO Asturias y los acuerdos presupuestarios para 2020 y 2021, logramos que no se subiesen los impuestos, deducciones fiscales para la zona rural y la retenci\u00f3n y atracci\u00f3n de talento, un importante incremento en la inversi\u00f3n productiva (carreteras, puertos\u2026), mejoras relevantes para el sector tur\u00edstico y el peque\u00f1o comercio o la implantaci\u00f3n del segundo tramo del Plan de Evaluaci\u00f3n Docente. Todo esto es m\u00e9rito de la b\u00fasqueda de acuerdos por parte de FORO Asturias, pero no es suficiente\u201d.<\/p>\n<p>Para Pumares, \u201cel PSOE no ha sido capaz de cumplir ni uno solo de sus compromisos electorales. Estamos peor que en mayo de 2019, con los mismos problemas que durante la campa\u00f1a electoral. La despoblaci\u00f3n, la grave situaci\u00f3n de la industria, las deficientes conexiones del suroccidente, el desempleo juvenil, la falta de sanitarios, la escasez de recursos de la Administraci\u00f3n de justicia, la poca ambici\u00f3n en pol\u00edtica cultural\u2026No es que se haya resuelto ning\u00fan gran reto sino que ni tan siquiera se han dado pasos en la buena direcci\u00f3n. La nula influencia del Gobierno asturiano en las decisiones del gobierno de S\u00e1nchez no ayudan a resolver los graves problemas y los grandes retos del Principado\u201d.<\/p>\n<p>Adri\u00e1n Pumares concluy\u00f3 su valoraci\u00f3n lamentando \u201clas \u00faltimas declaraciones del Gobierno, tanto por parte de La portavoz como del Presidente, al respecto de la contrataci\u00f3n de profesorado\u201d.<\/p>\n<p>&nbsp;<\/p>\n","protected":false},"excerpt":{"rendered":"<p>El secretario general y portavoz parlamentario de FORO Asturias, Adri\u00e1n Pumares, ha valorado hoy que \u201ctras esta primera mitad de legislatura, y m\u00e1s all\u00e1 de la propaganda, la \u00fanica realidad es que no se ha conseguido nada, los grandes retos de Asturias siguen siendo los mismos que al inicio de la legislatura, pero agravados por [&hellip;]<\/p>\n","protected":false},"author":1,"featured_media":1080774,"comment_status":"closed","ping_status":"closed","sticky":false,"template":"","format":"standard","meta":{"footnotes":""},"categories":[12],"tags":[],"class_list":["post-1092213","post","type-post","status-publish","format-standard","has-post-thumbnail","hentry","category-actualidad-asturias"],"aioseo_notices":[],"aioseo_head":"\n\t\t<!-- All in One SEO Pro 5.0.1 - aioseo.com -->\n\t<meta name=\"description\" content=\"El secretario general y portavoz parlamentario de FORO Asturias, Adri\u00e1n Pumares, ha valorado hoy que \u201ctras esta primera mitad de legislatura, y m\u00e1s all\u00e1 de ..&quot;\" \/>\n\t<meta name=\"robots\" content=\"max-image-preview:large\" \/>\n\t<meta name=\"author\" content=\"El Digital de Asturias\"\/>\n\t<meta name=\"google-site-verification\" content=\"UA-38556648-1\" \/>\n\t<meta name=\"msvalidate.01\" content=\"7dfe9f3f1b24437ab69f4f2559babe99\" \/>\n\t<meta name=\"keywords\" content=\"actualidad asturias\" \/>\n\t<link rel=\"canonical\" href=\"https:\/\/www.eldigitaldeasturias.com\/noticias\/pumares-estamos-peor-que-en-mayo-de-2019\/\" \/>\n\t<meta name=\"generator\" content=\"All in One SEO Pro (AIOSEO) 5.0.1\" \/>\n\t\t<meta property=\"og:locale\" content=\"es_ES\" \/>\n\t\t<meta property=\"og:site_name\" content=\"El Digital de Asturias\" \/>\n\t\t<meta property=\"og:type\" content=\"article\" \/>\n\t\t<meta property=\"og:title\" content=\"Pumares: \u00abEstamos peor que en mayo de 2019\u00bb - El Digital de Asturias\" \/>\n\t\t<meta property=\"og:description\" content=\"El secretario general y portavoz parlamentario de FORO Asturias, Adri\u00e1n Pumares, ha valorado hoy que \u201ctras esta primera mitad de legislatura, y m\u00e1s all\u00e1 de ..&quot;\" \/>\n\t\t<meta property=\"og:url\" content=\"https:\/\/www.eldigitaldeasturias.com\/noticias\/pumares-estamos-peor-que-en-mayo-de-2019\/\" \/>\n\t\t<meta property=\"article:tag\" content=\"actualidad asturias\" \/>\n\t\t<meta property=\"article:published_time\" content=\"2021-05-23T17:41:17+00:00\" \/>\n\t\t<meta property=\"article:modified_time\" content=\"2021-05-23T17:41:17+00:00\" \/>\n\t\t<meta property=\"article:publisher\" content=\"https:\/\/facebook.com\/eldigitaldeasturias\" \/>\n\t\t<meta name=\"twitter:card\" content=\"summary_large_image\" \/>\n\t\t<meta name=\"twitter:title\" content=\"Pumares: \u00abEstamos peor que en mayo de 2019\u00bb - El Digital de Asturias\" \/>\n\t\t<meta name=\"twitter:description\" content=\"El secretario general y portavoz parlamentario de FORO Asturias, Adri\u00e1n Pumares, ha valorado hoy que \u201ctras esta primera mitad de legislatura, y m\u00e1s all\u00e1 de ..&quot;\" \/>\n\t\t<meta name=\"twitter:image\" content=\"https:\/\/www.eldigitaldeasturias.com\/noticias\/wp-content\/uploads\/2020\/12\/EDA-1.jpg\" \/>\n\t\t<meta name=\"twitter:label1\" content=\"Escrito por\" \/>\n\t\t<meta name=\"twitter:data1\" content=\"El Digital de Asturias\" \/>\n\t\t<meta name=\"twitter:label2\" content=\"Tiempo de lectura estimado\" \/>\n\t\t<meta name=\"twitter:data2\" content=\"2 minutos\" \/>\n\t\t<script type=\"application\/ld+json\" class=\"aioseo-schema\">\n\t\t\t{\"@context\":\"https:\\\/\\\/schema.org\",\"@graph\":[{\"@type\":\"BlogPosting\",\"@id\":\"https:\\\/\\\/www.eldigitaldeasturias.com\\\/noticias\\\/pumares-estamos-peor-que-en-mayo-de-2019\\\/#blogposting\",\"name\":\"Pumares: \\u00abEstamos peor que en mayo de 2019\\u00bb - El Digital de Asturias\",\"headline\":\"Pumares: \\u00abEstamos peor que en mayo de 2019\\u00bb\",\"author\":{\"@id\":\"https:\\\/\\\/www.eldigitaldeasturias.com\\\/noticias\\\/author\\\/admin\\\/#author\"},\"publisher\":{\"@id\":\"https:\\\/\\\/www.eldigitaldeasturias.com\\\/noticias\\\/#organization\"},\"image\":{\"@type\":\"ImageObject\",\"url\":1080774},\"datePublished\":\"2021-05-23T18:41:17+02:00\",\"dateModified\":\"2021-05-23T18:41:17+02:00\",\"inLanguage\":\"es-ES\",\"mainEntityOfPage\":{\"@id\":\"https:\\\/\\\/www.eldigitaldeasturias.com\\\/noticias\\\/pumares-estamos-peor-que-en-mayo-de-2019\\\/#webpage\"},\"isPartOf\":{\"@id\":\"https:\\\/\\\/www.eldigitaldeasturias.com\\\/noticias\\\/pumares-estamos-peor-que-en-mayo-de-2019\\\/#webpage\"},\"articleSection\":\"Actualidad Asturias\"},{\"@type\":\"BreadcrumbList\",\"@id\":\"https:\\\/\\\/www.eldigitaldeasturias.com\\\/noticias\\\/pumares-estamos-peor-que-en-mayo-de-2019\\\/#breadcrumblist\",\"itemListElement\":[{\"@type\":\"ListItem\",\"@id\":\"https:\\\/\\\/www.eldigitaldeasturias.com\\\/noticias#listItem\",\"position\":1,\"name\":\"Home\",\"item\":\"https:\\\/\\\/www.eldigitaldeasturias.com\\\/noticias\",\"nextItem\":{\"@type\":\"ListItem\",\"@id\":\"https:\\\/\\\/www.eldigitaldeasturias.com\\\/noticias\\\/category\\\/actualidad-asturias\\\/#listItem\",\"name\":\"Actualidad Asturias\"}},{\"@type\":\"ListItem\",\"@id\":\"https:\\\/\\\/www.eldigitaldeasturias.com\\\/noticias\\\/category\\\/actualidad-asturias\\\/#listItem\",\"position\":2,\"name\":\"Actualidad Asturias\",\"item\":\"https:\\\/\\\/www.eldigitaldeasturias.com\\\/noticias\\\/category\\\/actualidad-asturias\\\/\",\"nextItem\":{\"@type\":\"ListItem\",\"@id\":\"https:\\\/\\\/www.eldigitaldeasturias.com\\\/noticias\\\/pumares-estamos-peor-que-en-mayo-de-2019\\\/#listItem\",\"name\":\"Pumares: \\u00abEstamos peor que en mayo de 2019\\u00bb\"},\"previousItem\":{\"@type\":\"ListItem\",\"@id\":\"https:\\\/\\\/www.eldigitaldeasturias.com\\\/noticias#listItem\",\"name\":\"Home\"}},{\"@type\":\"ListItem\",\"@id\":\"https:\\\/\\\/www.eldigitaldeasturias.com\\\/noticias\\\/pumares-estamos-peor-que-en-mayo-de-2019\\\/#listItem\",\"position\":3,\"name\":\"Pumares: \\u00abEstamos peor que en mayo de 2019\\u00bb\",\"previousItem\":{\"@type\":\"ListItem\",\"@id\":\"https:\\\/\\\/www.eldigitaldeasturias.com\\\/noticias\\\/category\\\/actualidad-asturias\\\/#listItem\",\"name\":\"Actualidad Asturias\"}}]},{\"@type\":\"Organization\",\"@id\":\"https:\\\/\\\/www.eldigitaldeasturias.com\\\/noticias\\\/#organization\",\"name\":\"El Digital de Asturias\",\"description\":\"Hemeroteca\",\"url\":\"https:\\\/\\\/www.eldigitaldeasturias.com\\\/noticias\\\/\",\"email\":\"info@eldigitaldeasturias.com\",\"telephone\":\"+34652131393\",\"logo\":{\"@type\":\"ImageObject\",\"url\":\"https:\\\/\\\/www.eldigitaldeasturias.com\\\/noticias\\\/wp-content\\\/uploads\\\/2020\\\/12\\\/EDA.jpg\",\"@id\":\"https:\\\/\\\/www.eldigitaldeasturias.com\\\/noticias\\\/pumares-estamos-peor-que-en-mayo-de-2019\\\/#organizationLogo\"},\"image\":{\"@id\":\"https:\\\/\\\/www.eldigitaldeasturias.com\\\/noticias\\\/pumares-estamos-peor-que-en-mayo-de-2019\\\/#organizationLogo\"},\"sameAs\":[\"https:\\\/\\\/facebook.com\\\/eldigitaldeasturias\",\"https:\\\/\\\/www.youtube.com\\\/channel\\\/UCZP-2wLEB9Rv6erhFmqVnvg\"],\"address\":{\"@id\":\"https:\\\/\\\/www.eldigitaldeasturias.com\\\/noticias\\\/#postaladdress\",\"@type\":\"PostalAddress\",\"streetAddress\":\"san antonio 4\",\"postalCode\":\"33430\",\"addressLocality\":\"Cand\\u00e1s\",\"addressRegion\":\"Asturias\",\"addressCountry\":\"ES\"}},{\"@type\":\"Person\",\"@id\":\"https:\\\/\\\/www.eldigitaldeasturias.com\\\/noticias\\\/author\\\/admin\\\/#author\",\"url\":\"https:\\\/\\\/www.eldigitaldeasturias.com\\\/noticias\\\/author\\\/admin\\\/\",\"name\":\"El Digital de Asturias\",\"image\":{\"@type\":\"ImageObject\",\"@id\":\"https:\\\/\\\/www.eldigitaldeasturias.com\\\/noticias\\\/pumares-estamos-peor-que-en-mayo-de-2019\\\/#authorImage\",\"url\":\"https:\\\/\\\/secure.gravatar.com\\\/avatar\\\/df2aeffc32bcd13f8d26072ef8a91b623d677766deac7f97ca815868cd41bf5e?s=96&d=mm&r=g\",\"width\":96,\"height\":96,\"caption\":\"El Digital de Asturias\"}},{\"@type\":\"WebPage\",\"@id\":\"https:\\\/\\\/www.eldigitaldeasturias.com\\\/noticias\\\/pumares-estamos-peor-que-en-mayo-de-2019\\\/#webpage\",\"url\":\"https:\\\/\\\/www.eldigitaldeasturias.com\\\/noticias\\\/pumares-estamos-peor-que-en-mayo-de-2019\\\/\",\"name\":\"Pumares: \\u00abEstamos peor que en mayo de 2019\\u00bb - El Digital de Asturias\",\"description\":\"El secretario general y portavoz parlamentario de FORO Asturias, Adri\\u00e1n Pumares, ha valorado hoy que \\u201ctras esta primera mitad de legislatura, y m\\u00e1s all\\u00e1 de ..\\\"\",\"inLanguage\":\"es-ES\",\"isPartOf\":{\"@id\":\"https:\\\/\\\/www.eldigitaldeasturias.com\\\/noticias\\\/#website\"},\"breadcrumb\":{\"@id\":\"https:\\\/\\\/www.eldigitaldeasturias.com\\\/noticias\\\/pumares-estamos-peor-que-en-mayo-de-2019\\\/#breadcrumblist\"},\"author\":{\"@id\":\"https:\\\/\\\/www.eldigitaldeasturias.com\\\/noticias\\\/author\\\/admin\\\/#author\"},\"creator\":{\"@id\":\"https:\\\/\\\/www.eldigitaldeasturias.com\\\/noticias\\\/author\\\/admin\\\/#author\"},\"image\":{\"@type\":\"ImageObject\",\"url\":1080774,\"@id\":\"https:\\\/\\\/www.eldigitaldeasturias.com\\\/noticias\\\/pumares-estamos-peor-que-en-mayo-de-2019\\\/#mainImage\"},\"primaryImageOfPage\":{\"@id\":\"https:\\\/\\\/www.eldigitaldeasturias.com\\\/noticias\\\/pumares-estamos-peor-que-en-mayo-de-2019\\\/#mainImage\"},\"datePublished\":\"2021-05-23T18:41:17+02:00\",\"dateModified\":\"2021-05-23T18:41:17+02:00\"},{\"@type\":\"WebSite\",\"@id\":\"https:\\\/\\\/www.eldigitaldeasturias.com\\\/noticias\\\/#website\",\"url\":\"https:\\\/\\\/www.eldigitaldeasturias.com\\\/noticias\\\/\",\"name\":\"El Digital de Asturias - Diario de actualidad y noticias\",\"alternateName\":\"El Digital de Asturias - Diario de actualidad y noticias\",\"description\":\"Hemeroteca\",\"inLanguage\":\"es-ES\",\"publisher\":{\"@id\":\"https:\\\/\\\/www.eldigitaldeasturias.com\\\/noticias\\\/#organization\"}}]}\n\t\t<\/script>\n\t\t<!-- All in One SEO Pro -->\r\n\t\t<title>Pumares: \u00abEstamos peor que en mayo de 2019\u00bb - El Digital de Asturias<\/title>\n\n","aioseo_head_json":{"title":"Pumares: \u00abEstamos peor que en mayo de 2019\u00bb - El Digital de Asturias","description":"El secretario general y portavoz parlamentario de FORO Asturias, Adri\u00e1n Pumares, ha valorado hoy que \u201ctras esta primera mitad de legislatura, y m\u00e1s all\u00e1 de ..\"","canonical_url":"https:\/\/www.eldigitaldeasturias.com\/noticias\/pumares-estamos-peor-que-en-mayo-de-2019\/","robots":"max-image-preview:large","keywords":"actualidad asturias","webmasterTools":{"google-site-verification":"UA-38556648-1","msvalidate.01":"7dfe9f3f1b24437ab69f4f2559babe99","miscellaneous":""},"schema":{"@context":"https:\/\/schema.org","@graph":[{"@type":"BlogPosting","@id":"https:\/\/www.eldigitaldeasturias.com\/noticias\/pumares-estamos-peor-que-en-mayo-de-2019\/#blogposting","name":"Pumares: \u00abEstamos peor que en mayo de 2019\u00bb - El Digital de Asturias","headline":"Pumares: \u00abEstamos peor que en mayo de 2019\u00bb","author":{"@id":"https:\/\/www.eldigitaldeasturias.com\/noticias\/author\/admin\/#author"},"publisher":{"@id":"https:\/\/www.eldigitaldeasturias.com\/noticias\/#organization"},"image":{"@type":"ImageObject","url":1080774},"datePublished":"2021-05-23T18:41:17+02:00","dateModified":"2021-05-23T18:41:17+02:00","inLanguage":"es-ES","mainEntityOfPage":{"@id":"https:\/\/www.eldigitaldeasturias.com\/noticias\/pumares-estamos-peor-que-en-mayo-de-2019\/#webpage"},"isPartOf":{"@id":"https:\/\/www.eldigitaldeasturias.com\/noticias\/pumares-estamos-peor-que-en-mayo-de-2019\/#webpage"},"articleSection":"Actualidad Asturias"},{"@type":"BreadcrumbList","@id":"https:\/\/www.eldigitaldeasturias.com\/noticias\/pumares-estamos-peor-que-en-mayo-de-2019\/#breadcrumblist","itemListElement":[{"@type":"ListItem","@id":"https:\/\/www.eldigitaldeasturias.com\/noticias#listItem","position":1,"name":"Home","item":"https:\/\/www.eldigitaldeasturias.com\/noticias","nextItem":{"@type":"ListItem","@id":"https:\/\/www.eldigitaldeasturias.com\/noticias\/category\/actualidad-asturias\/#listItem","name":"Actualidad Asturias"}},{"@type":"ListItem","@id":"https:\/\/www.eldigitaldeasturias.com\/noticias\/category\/actualidad-asturias\/#listItem","position":2,"name":"Actualidad Asturias","item":"https:\/\/www.eldigitaldeasturias.com\/noticias\/category\/actualidad-asturias\/","nextItem":{"@type":"ListItem","@id":"https:\/\/www.eldigitaldeasturias.com\/noticias\/pumares-estamos-peor-que-en-mayo-de-2019\/#listItem","name":"Pumares: \u00abEstamos peor que en mayo de 2019\u00bb"},"previousItem":{"@type":"ListItem","@id":"https:\/\/www.eldigitaldeasturias.com\/noticias#listItem","name":"Home"}},{"@type":"ListItem","@id":"https:\/\/www.eldigitaldeasturias.com\/noticias\/pumares-estamos-peor-que-en-mayo-de-2019\/#listItem","position":3,"name":"Pumares: \u00abEstamos peor que en mayo de 2019\u00bb","previousItem":{"@type":"ListItem","@id":"https:\/\/www.eldigitaldeasturias.com\/noticias\/category\/actualidad-asturias\/#listItem","name":"Actualidad Asturias"}}]},{"@type":"Organization","@id":"https:\/\/www.eldigitaldeasturias.com\/noticias\/#organization","name":"El Digital de Asturias","description":"Hemeroteca","url":"https:\/\/www.eldigitaldeasturias.com\/noticias\/","email":"info@eldigitaldeasturias.com","telephone":"+34652131393","logo":{"@type":"ImageObject","url":"https:\/\/www.eldigitaldeasturias.com\/noticias\/wp-content\/uploads\/2020\/12\/EDA.jpg","@id":"https:\/\/www.eldigitaldeasturias.com\/noticias\/pumares-estamos-peor-que-en-mayo-de-2019\/#organizationLogo"},"image":{"@id":"https:\/\/www.eldigitaldeasturias.com\/noticias\/pumares-estamos-peor-que-en-mayo-de-2019\/#organizationLogo"},"sameAs":["https:\/\/facebook.com\/eldigitaldeasturias","https:\/\/www.youtube.com\/channel\/UCZP-2wLEB9Rv6erhFmqVnvg"],"address":{"@id":"https:\/\/www.eldigitaldeasturias.com\/noticias\/#postaladdress","@type":"PostalAddress","streetAddress":"san antonio 4","postalCode":"33430","addressLocality":"Cand\u00e1s","addressRegion":"Asturias","addressCountry":"ES"}},{"@type":"Person","@id":"https:\/\/www.eldigitaldeasturias.com\/noticias\/author\/admin\/#author","url":"https:\/\/www.eldigitaldeasturias.com\/noticias\/author\/admin\/","name":"El Digital de Asturias","image":{"@type":"ImageObject","@id":"https:\/\/www.eldigitaldeasturias.com\/noticias\/pumares-estamos-peor-que-en-mayo-de-2019\/#authorImage","url":"https:\/\/secure.gravatar.com\/avatar\/df2aeffc32bcd13f8d26072ef8a91b623d677766deac7f97ca815868cd41bf5e?s=96&d=mm&r=g","width":96,"height":96,"caption":"El Digital de Asturias"}},{"@type":"WebPage","@id":"https:\/\/www.eldigitaldeasturias.com\/noticias\/pumares-estamos-peor-que-en-mayo-de-2019\/#webpage","url":"https:\/\/www.eldigitaldeasturias.com\/noticias\/pumares-estamos-peor-que-en-mayo-de-2019\/","name":"Pumares: \u00abEstamos peor que en mayo de 2019\u00bb - El Digital de Asturias","description":"El secretario general y portavoz parlamentario de FORO Asturias, Adri\u00e1n Pumares, ha valorado hoy que \u201ctras esta primera mitad de legislatura, y m\u00e1s all\u00e1 de ..\"","inLanguage":"es-ES","isPartOf":{"@id":"https:\/\/www.eldigitaldeasturias.com\/noticias\/#website"},"breadcrumb":{"@id":"https:\/\/www.eldigitaldeasturias.com\/noticias\/pumares-estamos-peor-que-en-mayo-de-2019\/#breadcrumblist"},"author":{"@id":"https:\/\/www.eldigitaldeasturias.com\/noticias\/author\/admin\/#author"},"creator":{"@id":"https:\/\/www.eldigitaldeasturias.com\/noticias\/author\/admin\/#author"},"image":{"@type":"ImageObject","url":1080774,"@id":"https:\/\/www.eldigitaldeasturias.com\/noticias\/pumares-estamos-peor-que-en-mayo-de-2019\/#mainImage"},"primaryImageOfPage":{"@id":"https:\/\/www.eldigitaldeasturias.com\/noticias\/pumares-estamos-peor-que-en-mayo-de-2019\/#mainImage"},"datePublished":"2021-05-23T18:41:17+02:00","dateModified":"2021-05-23T18:41:17+02:00"},{"@type":"WebSite","@id":"https:\/\/www.eldigitaldeasturias.com\/noticias\/#website","url":"https:\/\/www.eldigitaldeasturias.com\/noticias\/","name":"El Digital de Asturias - Diario de actualidad y noticias","alternateName":"El Digital de Asturias - Diario de actualidad y noticias","description":"Hemeroteca","inLanguage":"es-ES","publisher":{"@id":"https:\/\/www.eldigitaldeasturias.com\/noticias\/#organization"}}]},"og:locale":"es_ES","og:site_name":"El Digital de Asturias","og:type":"article","og:title":"Pumares: \u00abEstamos peor que en mayo de 2019\u00bb - El Digital de Asturias","og:description":"El secretario general y portavoz parlamentario de FORO Asturias, Adri\u00e1n Pumares, ha valorado hoy que \u201ctras esta primera mitad de legislatura, y m\u00e1s all\u00e1 de ..&quot;","og:url":"https:\/\/www.eldigitaldeasturias.com\/noticias\/pumares-estamos-peor-que-en-mayo-de-2019\/","article:tag":["actualidad asturias"],"article:published_time":"2021-05-23T17:41:17+00:00","article:modified_time":"2021-05-23T17:41:17+00:00","article:publisher":"https:\/\/facebook.com\/eldigitaldeasturias","twitter:card":"summary_large_image","twitter:title":"Pumares: \u00abEstamos peor que en mayo de 2019\u00bb - El Digital de Asturias","twitter:description":"El secretario general y portavoz parlamentario de FORO Asturias, Adri\u00e1n Pumares, ha valorado hoy que \u201ctras esta primera mitad de legislatura, y m\u00e1s all\u00e1 de ..&quot;","twitter:image":"https:\/\/www.eldigitaldeasturias.com\/noticias\/wp-content\/uploads\/2020\/12\/EDA-1.jpg","twitter:label1":"Escrito por","twitter:data1":"El Digital de Asturias","twitter:label2":"Tiempo de lectura estimado","twitter:data2":"2 minutos"},"aioseo_meta_data":{"post_id":"1092213","title":null,"description":"El secretario general y portavoz parlamentario de FORO Asturias, Adri\u00e1n Pumares, ha valorado hoy que \u201ctras esta primera mitad de legislatura, y m\u00e1s all\u00e1 de ..\"","keywords":[],"keyphrases":{"focus":[],"additional":[]},"primary_term":null,"canonical_url":null,"og_title":null,"og_description":null,"og_object_type":"default","og_image_type":"default","og_image_url":null,"og_image_width":null,"og_image_height":null,"og_image_custom_url":null,"og_image_custom_fields":null,"og_video":"","og_custom_url":null,"og_article_section":null,"og_article_tags":[],"twitter_use_og":false,"twitter_card":"default","twitter_image_type":"default","twitter_image_url":null,"twitter_image_custom_url":null,"twitter_image_custom_fields":null,"twitter_title":null,"twitter_description":null,"schema":{"blockGraphs":[],"customGraphs":[],"default":{"data":{"Article":[],"Course":[],"Dataset":[],"FAQPage":[],"Movie":[],"Person":[],"Product":[],"ProductReview":[],"Car":[],"Recipe":[],"Service":[],"SoftwareApplication":[],"WebPage":[]},"graphName":"","isEnabled":true},"graphs":[]},"schema_type":"default","schema_type_options":"{\"article\":{\"articleType\":\"BlogPosting\"},\"course\":{\"name\":\"\",\"description\":\"\",\"provider\":\"\"},\"faq\":{\"pages\":[]},\"product\":{\"reviews\":[]},\"recipe\":{\"ingredients\":[],\"instructions\":[],\"keywords\":[]},\"software\":{\"reviews\":[],\"operatingSystems\":[]},\"webPage\":{\"webPageType\":\"WebPage\"}}","pillar_content":false,"robots_default":true,"robots_noindex":false,"robots_noarchive":false,"robots_nosnippet":false,"robots_nofollow":false,"robots_noimageindex":false,"robots_noodp":false,"robots_notranslate":false,"robots_max_snippet":"-1","robots_max_videopreview":"-1","robots_max_imagepreview":"large","priority":null,"frequency":"default","local_seo":{"locations":{"business":{"name":"","businessType":"","image":"","areaServed":"","urls":{"website":"","aboutPage":"","contactPage":""},"address":{"streetLine1":"","streetLine2":"","zipCode":"","city":"","state":"","country":"","addressFormat":"#streetLineOne\n#streetLineTwo\n#city, #state #zipCode"},"contact":{"email":"","phone":"","phoneFormatted":"","fax":"","faxFormatted":""},"ids":{"vat":"","tax":"","chamberOfCommerce":""},"payment":{"priceRange":"","currenciesAccepted":"","methods":""}}},"openingHours":{"useDefaults":true,"show":true,"alwaysOpen":false,"use24hFormat":false,"timezone":"","labels":{"closed":"","alwaysOpen":""},"days":{"monday":{"open24h":false,"closed":false,"openTime":"09:00","closeTime":"17:00"},"tuesday":{"open24h":false,"closed":false,"openTime":"09:00","closeTime":"17:00"},"wednesday":{"open24h":false,"closed":false,"openTime":"09:00","closeTime":"17:00"},"thursday":{"open24h":false,"closed":false,"openTime":"09:00","closeTime":"17:00"},"friday":{"open24h":false,"closed":false,"openTime":"09:00","closeTime":"17:00"},"saturday":{"open24h":false,"closed":false,"openTime":"09:00","closeTime":"17:00"},"sunday":{"open24h":false,"closed":false,"openTime":"09:00","closeTime":"17:00"}}}},"seo_analyzer_scan_date":"2026-07-18 03:53:15","breadcrumb_settings":null,"limit_modified_date":false,"open_ai":null,"ai":null,"created":"2021-05-23 17:38:28","updated":"2026-07-18 03:53:15","focus_keyword":null,"additional_keywords":null,"truseo_locale":null},"aioseo_breadcrumb":"<div class=\"aioseo-breadcrumbs\"><span class=\"aioseo-breadcrumb\">\n\t<a href=\"https:\/\/www.eldigitaldeasturias.com\/noticias\" title=\"Home\">Home<\/a>\n<\/span><span class=\"aioseo-breadcrumb-separator\">\u2013<\/span><span class=\"aioseo-breadcrumb\">\n\t<a href=\"https:\/\/www.eldigitaldeasturias.com\/noticias\/category\/actualidad-asturias\/\" title=\"Actualidad Asturias\">Actualidad Asturias<\/a>\n<\/span><span class=\"aioseo-breadcrumb-separator\">\u2013<\/span><span class=\"aioseo-breadcrumb\">\n\t<a href=\"https:\/\/www.eldigitaldeasturias.com\/noticias\/pumares-estamos-peor-que-en-mayo-de-2019\/\" title=\"Pumares: \u00abEstamos peor que en mayo de 2019\u00bb\">Pumares: \u00abEstamos peor que en mayo de 2019\u00bb<\/a>\n<\/span><\/div>","aioseo_breadcrumb_json":[{"label":"Home","link":"https:\/\/www.eldigitaldeasturias.com\/noticias"},{"label":"Actualidad Asturias","link":"https:\/\/www.eldigitaldeasturias.com\/noticias\/category\/actualidad-asturias\/"},{"label":"Pumares: \u00abEstamos peor que en mayo de 2019\u00bb","link":"https:\/\/www.eldigitaldeasturias.com\/noticias\/pumares-estamos-peor-que-en-mayo-de-2019\/"}],"_links":{"self":[{"href":"https:\/\/www.eldigitaldeasturias.com\/noticias\/wp-json\/wp\/v2\/posts\/1092213","targetHints":{"allow":["GET"]}}],"collection":[{"href":"https:\/\/www.eldigitaldeasturias.com\/noticias\/wp-json\/wp\/v2\/posts"}],"about":[{"href":"https:\/\/www.eldigitaldeasturias.com\/noticias\/wp-json\/wp\/v2\/types\/post"}],"author":[{"embeddable":true,"href":"https:\/\/www.eldigitaldeasturias.com\/noticias\/wp-json\/wp\/v2\/users\/1"}],"replies":[{"embeddable":true,"href":"https:\/\/www.eldigitaldeasturias.com\/noticias\/wp-json\/wp\/v2\/comments?post=1092213"}],"version-history":[{"count":0,"href":"https:\/\/www.eldigitaldeasturias.com\/noticias\/wp-json\/wp\/v2\/posts\/1092213\/revisions"}],"wp:attachment":[{"href":"https:\/\/www.eldigitaldeasturias.com\/noticias\/wp-json\/wp\/v2\/media?parent=1092213"}],"wp:term":[{"taxonomy":"category","embeddable":true,"href":"https:\/\/www.eldigitaldeasturias.com\/noticias\/wp-json\/wp\/v2\/categories?post=1092213"},{"taxonomy":"post_tag","embeddable":true,"href":"https:\/\/www.eldigitaldeasturias.com\/noticias\/wp-json\/wp\/v2\/tags?post=1092213"}],"curies":[{"name":"wp","href":"https:\/\/api.w.org\/{rel}","templated":true}]}}