{"id":1092158,"date":"2021-05-23T16:02:52","date_gmt":"2021-05-23T15:02:52","guid":{"rendered":"https:\/\/www.eldigitaldeasturias.com\/noticias\/?p=1092158"},"modified":"2021-05-23T16:02:52","modified_gmt":"2021-05-23T15:02:52","slug":"nuevo-album-de-culcha-candela","status":"publish","type":"post","link":"https:\/\/www.eldigitaldeasturias.com\/noticias\/nuevo-album-de-culcha-candela\/","title":{"rendered":"Nuevo \u00e1lbum de Culcha Candela"},"content":{"rendered":"<figure id=\"attachment_1092159\" aria-describedby=\"caption-attachment-1092159\" style=\"width: 360px\" class=\"wp-caption alignleft\"><img loading=\"lazy\" decoding=\"async\" class=\"size-medium wp-image-1092159\" src=\"https:\/\/www.eldigitaldeasturias.com\/noticias\/wp-content\/uploads\/2021\/05\/La-banda-berlinesa-Culcha-Candela-360x233.jpg\" alt=\"La banda berlinesa Culcha Candela\" width=\"360\" height=\"233\" \/><figcaption id=\"caption-attachment-1092159\" class=\"wp-caption-text\">Foto: Christoph Soeder\/dpa<\/figcaption><\/figure>\n<p>Berl\u00edn, 23 may (dpa) &#8211; La banda de reggae y hip hop alemana Culcha Candela corri\u00f3 el a\u00f1o pasado la misma suerte que muchos j\u00f3venes de 18 a\u00f1os en Alemania, ya que debi\u00f3 cancelar la gran fiesta por su 18 aniversario a causa de la pandemia de coronavirus.<\/p>\n<p>Y este verano europeo tampoco podr\u00e1 salir de gira, por lo que deber\u00e1 esperar hasta mayo del a\u00f1o que viene para reencontrarse en el escenario con sus seguidores. Pero la banda sigui\u00f3 adelante y este viernes lanzar\u00e1 su nuevo \u00e1lbum \u00abTop Ten\u00bb.<\/p>\n<p>18 a\u00f1os en el negocio de la m\u00fasica es mucho tiempo, aunque los cuatro m\u00fasicos est\u00e1n lejos de sentirse viejos. <strong>\u00abYa hemos superado la mayor\u00eda de edad, pero a\u00fan nos sentimos j\u00f3venes\u00bb, afirm\u00f3 el rapero Mateo Jasik a <a href=\"https:\/\/www.dpa.com\/es\/\" target=\"_blank\" rel=\"noopener\"><span style=\"color: #ff6600;\">dpa<\/span><\/a><\/strong>.<\/p>\n<p>\u00abIntentamos conservar el ni\u00f1o que llevamos dentro aunque, por supuesto, f\u00edsicamente ya seamos unos viejos\u00bb, se\u00f1al\u00f3.<\/p>\n<p>Esta actitud tambi\u00e9n se percibe en el nuevo \u00e1lbum de la banda, que, en contra de lo que cabr\u00eda esperar por el t\u00edtulo, no se ha convertido en un disco de grandes \u00e9xitos.<\/p>\n<p>Desde que se fund\u00f3 la banda en 2002, ya ha producido varios \u00e9xitos, como \u00abHamma\u00bb y \u00abSch\u00f6ne neue Welt\u00bb.<\/p>\n<p>La banda de Berl\u00edn hace un repaso de su agitada historia. Comenz\u00f3 como un grupo de siete integrantes pero ya hace un tiempo Culcha Candela se ha convertido en un cuarteto. Junto al rapero Mateo Jasik quedaron los cantantes Don Cali y Johnny Strange y el DJ Chino con Estilo.<\/p>\n<p>Seg\u00fan sus propias cifras, el grupo ha vendido m\u00e1s de cinco millones de discos desde su creaci\u00f3n y ha tocado en <strong>m\u00e1s de 1.500 conciertos en vivo<\/strong>.<\/p>\n<p>\u00abTop Ten\u00bb es el d\u00e9cimo \u00e1lbum de estudio de la banda. \u00abY all\u00ed est\u00e1n las diez mejores canciones que hemos hecho en estos tiempos\u00bb, asegur\u00f3 Jasik.<\/p>\n<p>La banda es conocida por mezclar distintos estilos. Reggae, hip hop y ritmos latinos siempre han formado parte de los sonidos de Culcha Candela. Y en \u00abTop Ten\u00bb el grupo prueba nuevos estilos.<\/p>\n<p><strong>\u00abLa paleta de ingredientes se ha ampliado un poco\u00bb, afirm\u00f3 Chino con Estilo<\/strong>, quien aclar\u00f3 sin embargo que no hubo un concepto como punto de partida.<\/p>\n<p>\u00abEl denominador com\u00fan somos nosotros, porque as\u00ed nos apetece\u00bb, dijo. El grupo tuvo, por ejemplo, ganas de ir por los ritmos del trap y el Autotune (\u00abSSDF\u00bb), que est\u00e1n por todas partes en el hip hop actual.<\/p>\n<p>Las letras tambi\u00e9n fueron cambiando a lo largo de los a\u00f1os. En vez de se\u00f1alar con el dedo las cuestiones pol\u00edticas, explic\u00f3 Jasik, hoy se usa el \u00abcaballo de Troya\u00bb.<\/p>\n<p>En concreto, esto significa crear canciones que sean compatibles con las masas, que generan buen humor y que tienen un mensaje oculto.<\/p>\n<p>El m\u00fasico asegur\u00f3 que el compromiso pol\u00edtico queda afuera del escenario, pero tambi\u00e9n surgen temas personales. \u00abLeb Jetzt\u00bb (Vive ahora) trata de un antiguo compa\u00f1ero de piso que muri\u00f3 joven a causa de una grave enfermedad.<\/p>\n<p>\u00abNunca se sabe cu\u00e1ndo se puede terminar\u00bb, dijo Chino con Estilo. En \u00abErst der Anfang\u00bb (Solo el principio), la banda rapea sobre s\u00ed misma: \u00abNada pas\u00f3 por la cabeza, todo sali\u00f3 de las tripas\u00bb, agreg\u00f3 el DJ.<\/p>\n<p>Culcha Candela trata de moverse con los tiempos, de cambiar. \u00bfEsa es la clave del \u00e9xito? \u00abBerl\u00edn siempre ha cambiado mucho. El cambio es lo que siempre permanece\u00bb, dijo Johnny Strange sobre la ciudad donde la banda creci\u00f3 y se hizo famosa.<\/p>\n<p>El m\u00fasico dijo que as\u00ed son ellos tambi\u00e9n como banda: \u00abNos hemos movido con los tiempos, estamos abiertos al progreso, por eso seguimos aqu\u00ed\u00bb.<\/p>\n<p>Como tantas veces, es una cuesti\u00f3n de actitud. Y la actitud de Culcha Candela sigue siendo positiva 18 a\u00f1os despu\u00e9s, aunque nada adulta. \u00abSi intentas matar al ni\u00f1o interior, entonces mueres espiritualmente\u00bb, dijo Mateo Jasik.<\/p>\n<p><i class=\"lang-es\"><span class=\" readonly\" title=\"\">Por Lukas Dubro (dpa)<\/span><\/i><\/p>\n<p>&nbsp;<\/p>\n","protected":false},"excerpt":{"rendered":"<p>Berl\u00edn, 23 may (dpa) &#8211; La banda de reggae y hip hop alemana Culcha Candela corri\u00f3 el a\u00f1o pasado la misma suerte que muchos j\u00f3venes de 18 a\u00f1os en Alemania, ya que debi\u00f3 cancelar la gran fiesta por su 18 aniversario a causa de la pandemia de coronavirus. Y este verano europeo tampoco podr\u00e1 salir [&hellip;]<\/p>\n","protected":false},"author":1,"featured_media":1132184,"comment_status":"closed","ping_status":"closed","sticky":false,"template":"","format":"standard","meta":{"footnotes":""},"categories":[50],"tags":[],"class_list":["post-1092158","post","type-post","status-publish","format-standard","has-post-thumbnail","hentry","category-revista-de-ocio"],"aioseo_notices":[],"aioseo_head":"\n\t\t<!-- All in One SEO Pro 5.0.1 - aioseo.com -->\n\t<meta name=\"description\" content=\"La banda de reggae y hip hop alemana Culcha Candela corri\u00f3 el a\u00f1o pasado la misma suerte que muchos j\u00f3venes de 18 a\u00f1os en Alemania\" \/>\n\t<meta name=\"robots\" content=\"max-image-preview:large\" \/>\n\t<meta name=\"author\" content=\"El Digital de Asturias\"\/>\n\t<meta name=\"google-site-verification\" content=\"UA-38556648-1\" \/>\n\t<meta name=\"msvalidate.01\" content=\"7dfe9f3f1b24437ab69f4f2559babe99\" \/>\n\t<meta name=\"keywords\" content=\"revista de ocio\" \/>\n\t<link rel=\"canonical\" href=\"https:\/\/www.eldigitaldeasturias.com\/noticias\/nuevo-album-de-culcha-candela\/\" \/>\n\t<meta name=\"generator\" content=\"All in One SEO Pro (AIOSEO) 5.0.1\" \/>\n\t\t<meta property=\"og:locale\" content=\"es_ES\" \/>\n\t\t<meta property=\"og:site_name\" content=\"El Digital de Asturias\" \/>\n\t\t<meta property=\"og:type\" content=\"article\" \/>\n\t\t<meta property=\"og:title\" content=\"Nuevo \u00e1lbum de Culcha Candela - El Digital de Asturias\" \/>\n\t\t<meta property=\"og:description\" content=\"La banda de reggae y hip hop alemana Culcha Candela corri\u00f3 el a\u00f1o pasado la misma suerte que muchos j\u00f3venes de 18 a\u00f1os en Alemania\" \/>\n\t\t<meta property=\"og:url\" content=\"https:\/\/www.eldigitaldeasturias.com\/noticias\/nuevo-album-de-culcha-candela\/\" \/>\n\t\t<meta property=\"og:image\" content=\"https:\/\/www.eldigitaldeasturias.com\/noticias\/wp-content\/uploads\/2026\/06\/Contenidos.jpg\" \/>\n\t\t<meta property=\"og:image:secure_url\" content=\"https:\/\/www.eldigitaldeasturias.com\/noticias\/wp-content\/uploads\/2026\/06\/Contenidos.jpg\" \/>\n\t\t<meta property=\"og:image:width\" content=\"1265\" \/>\n\t\t<meta property=\"og:image:height\" content=\"697\" \/>\n\t\t<meta property=\"article:tag\" content=\"revista de ocio\" \/>\n\t\t<meta property=\"article:published_time\" content=\"2021-05-23T15:02:52+00:00\" \/>\n\t\t<meta property=\"article:modified_time\" content=\"2021-05-23T15:02:52+00:00\" \/>\n\t\t<meta property=\"article:publisher\" content=\"https:\/\/facebook.com\/eldigitaldeasturias\" \/>\n\t\t<meta name=\"twitter:card\" content=\"summary_large_image\" \/>\n\t\t<meta name=\"twitter:title\" content=\"Nuevo \u00e1lbum de Culcha Candela - El Digital de Asturias\" \/>\n\t\t<meta name=\"twitter:description\" content=\"La banda de reggae y hip hop alemana Culcha Candela corri\u00f3 el a\u00f1o pasado la misma suerte que muchos j\u00f3venes de 18 a\u00f1os en Alemania\" \/>\n\t\t<meta name=\"twitter:image\" content=\"https:\/\/www.eldigitaldeasturias.com\/noticias\/wp-content\/uploads\/2026\/06\/Contenidos.jpg\" \/>\n\t\t<meta name=\"twitter:label1\" content=\"Escrito por\" \/>\n\t\t<meta name=\"twitter:data1\" content=\"El Digital de Asturias\" \/>\n\t\t<meta name=\"twitter:label2\" content=\"Tiempo de lectura estimado\" \/>\n\t\t<meta name=\"twitter:data2\" content=\"3 minutos\" \/>\n\t\t<script type=\"application\/ld+json\" class=\"aioseo-schema\">\n\t\t\t{\"@context\":\"https:\\\/\\\/schema.org\",\"@graph\":[{\"@type\":\"BlogPosting\",\"@id\":\"https:\\\/\\\/www.eldigitaldeasturias.com\\\/noticias\\\/nuevo-album-de-culcha-candela\\\/#blogposting\",\"name\":\"Nuevo \\u00e1lbum de Culcha Candela - El Digital de Asturias\",\"headline\":\"Nuevo \\u00e1lbum de Culcha Candela\",\"author\":{\"@id\":\"https:\\\/\\\/www.eldigitaldeasturias.com\\\/noticias\\\/author\\\/admin\\\/#author\"},\"publisher\":{\"@id\":\"https:\\\/\\\/www.eldigitaldeasturias.com\\\/noticias\\\/#organization\"},\"image\":{\"@type\":\"ImageObject\",\"url\":\"https:\\\/\\\/www.eldigitaldeasturias.com\\\/noticias\\\/wp-content\\\/uploads\\\/2026\\\/06\\\/Contenidos.jpg\",\"width\":1265,\"height\":697,\"caption\":\"Contenidos\"},\"datePublished\":\"2021-05-23T16:02:52+02:00\",\"dateModified\":\"2021-05-23T16:02:52+02:00\",\"inLanguage\":\"es-ES\",\"mainEntityOfPage\":{\"@id\":\"https:\\\/\\\/www.eldigitaldeasturias.com\\\/noticias\\\/nuevo-album-de-culcha-candela\\\/#webpage\"},\"isPartOf\":{\"@id\":\"https:\\\/\\\/www.eldigitaldeasturias.com\\\/noticias\\\/nuevo-album-de-culcha-candela\\\/#webpage\"},\"articleSection\":\"Revista de Ocio\"},{\"@type\":\"BreadcrumbList\",\"@id\":\"https:\\\/\\\/www.eldigitaldeasturias.com\\\/noticias\\\/nuevo-album-de-culcha-candela\\\/#breadcrumblist\",\"itemListElement\":[{\"@type\":\"ListItem\",\"@id\":\"https:\\\/\\\/www.eldigitaldeasturias.com\\\/noticias#listItem\",\"position\":1,\"name\":\"Home\",\"item\":\"https:\\\/\\\/www.eldigitaldeasturias.com\\\/noticias\",\"nextItem\":{\"@type\":\"ListItem\",\"@id\":\"https:\\\/\\\/www.eldigitaldeasturias.com\\\/noticias\\\/category\\\/revista-de-ocio\\\/#listItem\",\"name\":\"Revista de Ocio\"}},{\"@type\":\"ListItem\",\"@id\":\"https:\\\/\\\/www.eldigitaldeasturias.com\\\/noticias\\\/category\\\/revista-de-ocio\\\/#listItem\",\"position\":2,\"name\":\"Revista de Ocio\",\"item\":\"https:\\\/\\\/www.eldigitaldeasturias.com\\\/noticias\\\/category\\\/revista-de-ocio\\\/\",\"nextItem\":{\"@type\":\"ListItem\",\"@id\":\"https:\\\/\\\/www.eldigitaldeasturias.com\\\/noticias\\\/nuevo-album-de-culcha-candela\\\/#listItem\",\"name\":\"Nuevo \\u00e1lbum de Culcha Candela\"},\"previousItem\":{\"@type\":\"ListItem\",\"@id\":\"https:\\\/\\\/www.eldigitaldeasturias.com\\\/noticias#listItem\",\"name\":\"Home\"}},{\"@type\":\"ListItem\",\"@id\":\"https:\\\/\\\/www.eldigitaldeasturias.com\\\/noticias\\\/nuevo-album-de-culcha-candela\\\/#listItem\",\"position\":3,\"name\":\"Nuevo \\u00e1lbum de Culcha Candela\",\"previousItem\":{\"@type\":\"ListItem\",\"@id\":\"https:\\\/\\\/www.eldigitaldeasturias.com\\\/noticias\\\/category\\\/revista-de-ocio\\\/#listItem\",\"name\":\"Revista de Ocio\"}}]},{\"@type\":\"Organization\",\"@id\":\"https:\\\/\\\/www.eldigitaldeasturias.com\\\/noticias\\\/#organization\",\"name\":\"El Digital de Asturias\",\"description\":\"Hemeroteca\",\"url\":\"https:\\\/\\\/www.eldigitaldeasturias.com\\\/noticias\\\/\",\"email\":\"info@eldigitaldeasturias.com\",\"telephone\":\"+34652131393\",\"logo\":{\"@type\":\"ImageObject\",\"url\":\"https:\\\/\\\/www.eldigitaldeasturias.com\\\/noticias\\\/wp-content\\\/uploads\\\/2020\\\/12\\\/EDA.jpg\",\"@id\":\"https:\\\/\\\/www.eldigitaldeasturias.com\\\/noticias\\\/nuevo-album-de-culcha-candela\\\/#organizationLogo\"},\"image\":{\"@id\":\"https:\\\/\\\/www.eldigitaldeasturias.com\\\/noticias\\\/nuevo-album-de-culcha-candela\\\/#organizationLogo\"},\"sameAs\":[\"https:\\\/\\\/facebook.com\\\/eldigitaldeasturias\",\"https:\\\/\\\/www.youtube.com\\\/channel\\\/UCZP-2wLEB9Rv6erhFmqVnvg\"],\"address\":{\"@id\":\"https:\\\/\\\/www.eldigitaldeasturias.com\\\/noticias\\\/#postaladdress\",\"@type\":\"PostalAddress\",\"streetAddress\":\"san antonio 4\",\"postalCode\":\"33430\",\"addressLocality\":\"Cand\\u00e1s\",\"addressRegion\":\"Asturias\",\"addressCountry\":\"ES\"}},{\"@type\":\"Person\",\"@id\":\"https:\\\/\\\/www.eldigitaldeasturias.com\\\/noticias\\\/author\\\/admin\\\/#author\",\"url\":\"https:\\\/\\\/www.eldigitaldeasturias.com\\\/noticias\\\/author\\\/admin\\\/\",\"name\":\"El Digital de Asturias\",\"image\":{\"@type\":\"ImageObject\",\"@id\":\"https:\\\/\\\/www.eldigitaldeasturias.com\\\/noticias\\\/nuevo-album-de-culcha-candela\\\/#authorImage\",\"url\":\"https:\\\/\\\/secure.gravatar.com\\\/avatar\\\/df2aeffc32bcd13f8d26072ef8a91b623d677766deac7f97ca815868cd41bf5e?s=96&d=mm&r=g\",\"width\":96,\"height\":96,\"caption\":\"El Digital de Asturias\"}},{\"@type\":\"WebPage\",\"@id\":\"https:\\\/\\\/www.eldigitaldeasturias.com\\\/noticias\\\/nuevo-album-de-culcha-candela\\\/#webpage\",\"url\":\"https:\\\/\\\/www.eldigitaldeasturias.com\\\/noticias\\\/nuevo-album-de-culcha-candela\\\/\",\"name\":\"Nuevo \\u00e1lbum de Culcha Candela - El Digital de Asturias\",\"description\":\"La banda de reggae y hip hop alemana Culcha Candela corri\\u00f3 el a\\u00f1o pasado la misma suerte que muchos j\\u00f3venes de 18 a\\u00f1os en Alemania\",\"inLanguage\":\"es-ES\",\"isPartOf\":{\"@id\":\"https:\\\/\\\/www.eldigitaldeasturias.com\\\/noticias\\\/#website\"},\"breadcrumb\":{\"@id\":\"https:\\\/\\\/www.eldigitaldeasturias.com\\\/noticias\\\/nuevo-album-de-culcha-candela\\\/#breadcrumblist\"},\"author\":{\"@id\":\"https:\\\/\\\/www.eldigitaldeasturias.com\\\/noticias\\\/author\\\/admin\\\/#author\"},\"creator\":{\"@id\":\"https:\\\/\\\/www.eldigitaldeasturias.com\\\/noticias\\\/author\\\/admin\\\/#author\"},\"image\":{\"@type\":\"ImageObject\",\"url\":\"https:\\\/\\\/www.eldigitaldeasturias.com\\\/noticias\\\/wp-content\\\/uploads\\\/2026\\\/06\\\/Contenidos.jpg\",\"@id\":\"https:\\\/\\\/www.eldigitaldeasturias.com\\\/noticias\\\/nuevo-album-de-culcha-candela\\\/#mainImage\",\"width\":1265,\"height\":697,\"caption\":\"Contenidos\"},\"primaryImageOfPage\":{\"@id\":\"https:\\\/\\\/www.eldigitaldeasturias.com\\\/noticias\\\/nuevo-album-de-culcha-candela\\\/#mainImage\"},\"datePublished\":\"2021-05-23T16:02:52+02:00\",\"dateModified\":\"2021-05-23T16:02:52+02:00\"},{\"@type\":\"WebSite\",\"@id\":\"https:\\\/\\\/www.eldigitaldeasturias.com\\\/noticias\\\/#website\",\"url\":\"https:\\\/\\\/www.eldigitaldeasturias.com\\\/noticias\\\/\",\"name\":\"El Digital de Asturias - Diario de actualidad y noticias\",\"alternateName\":\"El Digital de Asturias - Diario de actualidad y noticias\",\"description\":\"Hemeroteca\",\"inLanguage\":\"es-ES\",\"publisher\":{\"@id\":\"https:\\\/\\\/www.eldigitaldeasturias.com\\\/noticias\\\/#organization\"}}]}\n\t\t<\/script>\n\t\t<!-- All in One SEO Pro -->\r\n\t\t<title>Nuevo \u00e1lbum de Culcha Candela - El Digital de Asturias<\/title>\n\n","aioseo_head_json":{"title":"Nuevo \u00e1lbum de Culcha Candela - El Digital de Asturias","description":"La banda de reggae y hip hop alemana Culcha Candela corri\u00f3 el a\u00f1o pasado la misma suerte que muchos j\u00f3venes de 18 a\u00f1os en Alemania","canonical_url":"https:\/\/www.eldigitaldeasturias.com\/noticias\/nuevo-album-de-culcha-candela\/","robots":"max-image-preview:large","keywords":"revista de ocio","webmasterTools":{"google-site-verification":"UA-38556648-1","msvalidate.01":"7dfe9f3f1b24437ab69f4f2559babe99","miscellaneous":""},"schema":{"@context":"https:\/\/schema.org","@graph":[{"@type":"BlogPosting","@id":"https:\/\/www.eldigitaldeasturias.com\/noticias\/nuevo-album-de-culcha-candela\/#blogposting","name":"Nuevo \u00e1lbum de Culcha Candela - El Digital de Asturias","headline":"Nuevo \u00e1lbum de Culcha Candela","author":{"@id":"https:\/\/www.eldigitaldeasturias.com\/noticias\/author\/admin\/#author"},"publisher":{"@id":"https:\/\/www.eldigitaldeasturias.com\/noticias\/#organization"},"image":{"@type":"ImageObject","url":"https:\/\/www.eldigitaldeasturias.com\/noticias\/wp-content\/uploads\/2026\/06\/Contenidos.jpg","width":1265,"height":697,"caption":"Contenidos"},"datePublished":"2021-05-23T16:02:52+02:00","dateModified":"2021-05-23T16:02:52+02:00","inLanguage":"es-ES","mainEntityOfPage":{"@id":"https:\/\/www.eldigitaldeasturias.com\/noticias\/nuevo-album-de-culcha-candela\/#webpage"},"isPartOf":{"@id":"https:\/\/www.eldigitaldeasturias.com\/noticias\/nuevo-album-de-culcha-candela\/#webpage"},"articleSection":"Revista de Ocio"},{"@type":"BreadcrumbList","@id":"https:\/\/www.eldigitaldeasturias.com\/noticias\/nuevo-album-de-culcha-candela\/#breadcrumblist","itemListElement":[{"@type":"ListItem","@id":"https:\/\/www.eldigitaldeasturias.com\/noticias#listItem","position":1,"name":"Home","item":"https:\/\/www.eldigitaldeasturias.com\/noticias","nextItem":{"@type":"ListItem","@id":"https:\/\/www.eldigitaldeasturias.com\/noticias\/category\/revista-de-ocio\/#listItem","name":"Revista de Ocio"}},{"@type":"ListItem","@id":"https:\/\/www.eldigitaldeasturias.com\/noticias\/category\/revista-de-ocio\/#listItem","position":2,"name":"Revista de Ocio","item":"https:\/\/www.eldigitaldeasturias.com\/noticias\/category\/revista-de-ocio\/","nextItem":{"@type":"ListItem","@id":"https:\/\/www.eldigitaldeasturias.com\/noticias\/nuevo-album-de-culcha-candela\/#listItem","name":"Nuevo \u00e1lbum de Culcha Candela"},"previousItem":{"@type":"ListItem","@id":"https:\/\/www.eldigitaldeasturias.com\/noticias#listItem","name":"Home"}},{"@type":"ListItem","@id":"https:\/\/www.eldigitaldeasturias.com\/noticias\/nuevo-album-de-culcha-candela\/#listItem","position":3,"name":"Nuevo \u00e1lbum de Culcha Candela","previousItem":{"@type":"ListItem","@id":"https:\/\/www.eldigitaldeasturias.com\/noticias\/category\/revista-de-ocio\/#listItem","name":"Revista de Ocio"}}]},{"@type":"Organization","@id":"https:\/\/www.eldigitaldeasturias.com\/noticias\/#organization","name":"El Digital de Asturias","description":"Hemeroteca","url":"https:\/\/www.eldigitaldeasturias.com\/noticias\/","email":"info@eldigitaldeasturias.com","telephone":"+34652131393","logo":{"@type":"ImageObject","url":"https:\/\/www.eldigitaldeasturias.com\/noticias\/wp-content\/uploads\/2020\/12\/EDA.jpg","@id":"https:\/\/www.eldigitaldeasturias.com\/noticias\/nuevo-album-de-culcha-candela\/#organizationLogo"},"image":{"@id":"https:\/\/www.eldigitaldeasturias.com\/noticias\/nuevo-album-de-culcha-candela\/#organizationLogo"},"sameAs":["https:\/\/facebook.com\/eldigitaldeasturias","https:\/\/www.youtube.com\/channel\/UCZP-2wLEB9Rv6erhFmqVnvg"],"address":{"@id":"https:\/\/www.eldigitaldeasturias.com\/noticias\/#postaladdress","@type":"PostalAddress","streetAddress":"san antonio 4","postalCode":"33430","addressLocality":"Cand\u00e1s","addressRegion":"Asturias","addressCountry":"ES"}},{"@type":"Person","@id":"https:\/\/www.eldigitaldeasturias.com\/noticias\/author\/admin\/#author","url":"https:\/\/www.eldigitaldeasturias.com\/noticias\/author\/admin\/","name":"El Digital de Asturias","image":{"@type":"ImageObject","@id":"https:\/\/www.eldigitaldeasturias.com\/noticias\/nuevo-album-de-culcha-candela\/#authorImage","url":"https:\/\/secure.gravatar.com\/avatar\/df2aeffc32bcd13f8d26072ef8a91b623d677766deac7f97ca815868cd41bf5e?s=96&d=mm&r=g","width":96,"height":96,"caption":"El Digital de Asturias"}},{"@type":"WebPage","@id":"https:\/\/www.eldigitaldeasturias.com\/noticias\/nuevo-album-de-culcha-candela\/#webpage","url":"https:\/\/www.eldigitaldeasturias.com\/noticias\/nuevo-album-de-culcha-candela\/","name":"Nuevo \u00e1lbum de Culcha Candela - El Digital de Asturias","description":"La banda de reggae y hip hop alemana Culcha Candela corri\u00f3 el a\u00f1o pasado la misma suerte que muchos j\u00f3venes de 18 a\u00f1os en Alemania","inLanguage":"es-ES","isPartOf":{"@id":"https:\/\/www.eldigitaldeasturias.com\/noticias\/#website"},"breadcrumb":{"@id":"https:\/\/www.eldigitaldeasturias.com\/noticias\/nuevo-album-de-culcha-candela\/#breadcrumblist"},"author":{"@id":"https:\/\/www.eldigitaldeasturias.com\/noticias\/author\/admin\/#author"},"creator":{"@id":"https:\/\/www.eldigitaldeasturias.com\/noticias\/author\/admin\/#author"},"image":{"@type":"ImageObject","url":"https:\/\/www.eldigitaldeasturias.com\/noticias\/wp-content\/uploads\/2026\/06\/Contenidos.jpg","@id":"https:\/\/www.eldigitaldeasturias.com\/noticias\/nuevo-album-de-culcha-candela\/#mainImage","width":1265,"height":697,"caption":"Contenidos"},"primaryImageOfPage":{"@id":"https:\/\/www.eldigitaldeasturias.com\/noticias\/nuevo-album-de-culcha-candela\/#mainImage"},"datePublished":"2021-05-23T16:02:52+02:00","dateModified":"2021-05-23T16:02:52+02:00"},{"@type":"WebSite","@id":"https:\/\/www.eldigitaldeasturias.com\/noticias\/#website","url":"https:\/\/www.eldigitaldeasturias.com\/noticias\/","name":"El Digital de Asturias - Diario de actualidad y noticias","alternateName":"El Digital de Asturias - Diario de actualidad y noticias","description":"Hemeroteca","inLanguage":"es-ES","publisher":{"@id":"https:\/\/www.eldigitaldeasturias.com\/noticias\/#organization"}}]},"og:locale":"es_ES","og:site_name":"El Digital de Asturias","og:type":"article","og:title":"Nuevo \u00e1lbum de Culcha Candela - El Digital de Asturias","og:description":"La banda de reggae y hip hop alemana Culcha Candela corri\u00f3 el a\u00f1o pasado la misma suerte que muchos j\u00f3venes de 18 a\u00f1os en Alemania","og:url":"https:\/\/www.eldigitaldeasturias.com\/noticias\/nuevo-album-de-culcha-candela\/","og:image":"https:\/\/www.eldigitaldeasturias.com\/noticias\/wp-content\/uploads\/2026\/06\/Contenidos.jpg","og:image:secure_url":"https:\/\/www.eldigitaldeasturias.com\/noticias\/wp-content\/uploads\/2026\/06\/Contenidos.jpg","og:image:width":1265,"og:image:height":697,"article:tag":["revista de ocio"],"article:published_time":"2021-05-23T15:02:52+00:00","article:modified_time":"2021-05-23T15:02:52+00:00","article:publisher":"https:\/\/facebook.com\/eldigitaldeasturias","twitter:card":"summary_large_image","twitter:title":"Nuevo \u00e1lbum de Culcha Candela - El Digital de Asturias","twitter:description":"La banda de reggae y hip hop alemana Culcha Candela corri\u00f3 el a\u00f1o pasado la misma suerte que muchos j\u00f3venes de 18 a\u00f1os en Alemania","twitter:image":"https:\/\/www.eldigitaldeasturias.com\/noticias\/wp-content\/uploads\/2026\/06\/Contenidos.jpg","twitter:label1":"Escrito por","twitter:data1":"El Digital de Asturias","twitter:label2":"Tiempo de lectura estimado","twitter:data2":"3 minutos"},"aioseo_meta_data":{"post_id":"1092158","title":null,"description":"La banda de reggae y hip hop alemana Culcha Candela corri\u00f3 el a\u00f1o pasado la misma suerte que muchos j\u00f3venes de 18 a\u00f1os en Alemania","keywords":[],"keyphrases":{"focus":[],"additional":[]},"primary_term":null,"canonical_url":null,"og_title":null,"og_description":null,"og_object_type":"default","og_image_type":"default","og_image_url":null,"og_image_width":null,"og_image_height":null,"og_image_custom_url":null,"og_image_custom_fields":null,"og_video":"","og_custom_url":null,"og_article_section":null,"og_article_tags":[],"twitter_use_og":false,"twitter_card":"default","twitter_image_type":"default","twitter_image_url":null,"twitter_image_custom_url":null,"twitter_image_custom_fields":null,"twitter_title":null,"twitter_description":null,"schema":{"blockGraphs":[],"customGraphs":[],"default":{"data":{"Article":[],"Course":[],"Dataset":[],"FAQPage":[],"Movie":[],"Person":[],"Product":[],"ProductReview":[],"Car":[],"Recipe":[],"Service":[],"SoftwareApplication":[],"WebPage":[]},"graphName":"","isEnabled":true},"graphs":[],"defaultGraph":"Article","defaultPostTypeGraph":""},"schema_type":"default","schema_type_options":"{\"article\":{\"articleType\":\"BlogPosting\"},\"course\":{\"name\":\"\",\"description\":\"\",\"provider\":\"\"},\"faq\":{\"pages\":[]},\"product\":{\"reviews\":[]},\"recipe\":{\"ingredients\":[],\"instructions\":[],\"keywords\":[]},\"software\":{\"reviews\":[],\"operatingSystems\":[]},\"webPage\":{\"webPageType\":\"WebPage\"}}","pillar_content":false,"robots_default":true,"robots_noindex":false,"robots_noarchive":false,"robots_nosnippet":false,"robots_nofollow":false,"robots_noimageindex":false,"robots_noodp":false,"robots_notranslate":false,"robots_max_snippet":"-1","robots_max_videopreview":"-1","robots_max_imagepreview":"large","priority":null,"frequency":"default","local_seo":{"locations":{"business":{"name":"","businessType":"","image":"","areaServed":"","urls":{"website":"","aboutPage":"","contactPage":""},"address":{"streetLine1":"","streetLine2":"","zipCode":"","city":"","state":"","country":"","addressFormat":"#streetLineOne\n#streetLineTwo\n#city, #state #zipCode"},"contact":{"email":"","phone":"","phoneFormatted":"","fax":"","faxFormatted":""},"ids":{"vat":"","tax":"","chamberOfCommerce":""},"payment":{"priceRange":"","currenciesAccepted":"","methods":""}}},"openingHours":{"useDefaults":true,"show":true,"alwaysOpen":false,"use24hFormat":false,"timezone":"","labels":{"closed":"","alwaysOpen":""},"days":{"monday":{"open24h":false,"closed":false,"openTime":"09:00","closeTime":"17:00"},"tuesday":{"open24h":false,"closed":false,"openTime":"09:00","closeTime":"17:00"},"wednesday":{"open24h":false,"closed":false,"openTime":"09:00","closeTime":"17:00"},"thursday":{"open24h":false,"closed":false,"openTime":"09:00","closeTime":"17:00"},"friday":{"open24h":false,"closed":false,"openTime":"09:00","closeTime":"17:00"},"saturday":{"open24h":false,"closed":false,"openTime":"09:00","closeTime":"17:00"},"sunday":{"open24h":false,"closed":false,"openTime":"09:00","closeTime":"17:00"}}}},"seo_analyzer_scan_date":"2026-07-18 03:28:05","breadcrumb_settings":null,"limit_modified_date":false,"open_ai":null,"ai":null,"created":"2021-05-23 14:58:18","updated":"2026-07-18 03:28:05","focus_keyword":null,"additional_keywords":null,"truseo_locale":null},"aioseo_breadcrumb":"<div class=\"aioseo-breadcrumbs\"><span class=\"aioseo-breadcrumb\">\n\t<a href=\"https:\/\/www.eldigitaldeasturias.com\/noticias\" title=\"Home\">Home<\/a>\n<\/span><span class=\"aioseo-breadcrumb-separator\">\u2013<\/span><span class=\"aioseo-breadcrumb\">\n\t<a href=\"https:\/\/www.eldigitaldeasturias.com\/noticias\/category\/revista-de-ocio\/\" title=\"Revista de Ocio\">Revista de Ocio<\/a>\n<\/span><span class=\"aioseo-breadcrumb-separator\">\u2013<\/span><span class=\"aioseo-breadcrumb\">\n\t<a href=\"https:\/\/www.eldigitaldeasturias.com\/noticias\/nuevo-album-de-culcha-candela\/\" title=\"Nuevo \u00e1lbum de Culcha Candela\">Nuevo \u00e1lbum de Culcha Candela<\/a>\n<\/span><\/div>","aioseo_breadcrumb_json":[{"label":"Home","link":"https:\/\/www.eldigitaldeasturias.com\/noticias"},{"label":"Revista de Ocio","link":"https:\/\/www.eldigitaldeasturias.com\/noticias\/category\/revista-de-ocio\/"},{"label":"Nuevo \u00e1lbum de Culcha Candela","link":"https:\/\/www.eldigitaldeasturias.com\/noticias\/nuevo-album-de-culcha-candela\/"}],"_links":{"self":[{"href":"https:\/\/www.eldigitaldeasturias.com\/noticias\/wp-json\/wp\/v2\/posts\/1092158","targetHints":{"allow":["GET"]}}],"collection":[{"href":"https:\/\/www.eldigitaldeasturias.com\/noticias\/wp-json\/wp\/v2\/posts"}],"about":[{"href":"https:\/\/www.eldigitaldeasturias.com\/noticias\/wp-json\/wp\/v2\/types\/post"}],"author":[{"embeddable":true,"href":"https:\/\/www.eldigitaldeasturias.com\/noticias\/wp-json\/wp\/v2\/users\/1"}],"replies":[{"embeddable":true,"href":"https:\/\/www.eldigitaldeasturias.com\/noticias\/wp-json\/wp\/v2\/comments?post=1092158"}],"version-history":[{"count":0,"href":"https:\/\/www.eldigitaldeasturias.com\/noticias\/wp-json\/wp\/v2\/posts\/1092158\/revisions"}],"wp:featuredmedia":[{"embeddable":true,"href":"https:\/\/www.eldigitaldeasturias.com\/noticias\/wp-json\/wp\/v2\/media\/1132184"}],"wp:attachment":[{"href":"https:\/\/www.eldigitaldeasturias.com\/noticias\/wp-json\/wp\/v2\/media?parent=1092158"}],"wp:term":[{"taxonomy":"category","embeddable":true,"href":"https:\/\/www.eldigitaldeasturias.com\/noticias\/wp-json\/wp\/v2\/categories?post=1092158"},{"taxonomy":"post_tag","embeddable":true,"href":"https:\/\/www.eldigitaldeasturias.com\/noticias\/wp-json\/wp\/v2\/tags?post=1092158"}],"curies":[{"name":"wp","href":"https:\/\/api.w.org\/{rel}","templated":true}]}}