{"id":1092145,"date":"2021-05-23T12:51:23","date_gmt":"2021-05-23T11:51:23","guid":{"rendered":"https:\/\/www.eldigitaldeasturias.com\/noticias\/?p=1092145"},"modified":"2021-05-23T12:51:23","modified_gmt":"2021-05-23T11:51:23","slug":"detenido-un-hombre-por-presunto-ataque-antisemita-en-los-angeles","status":"publish","type":"post","link":"https:\/\/www.eldigitaldeasturias.com\/noticias\/detenido-un-hombre-por-presunto-ataque-antisemita-en-los-angeles\/","title":{"rendered":"Detenido un hombre por presunto ataque antisemita en Los \u00c1ngeles"},"content":{"rendered":"<p><img loading=\"lazy\" decoding=\"async\" class=\"alignleft size-medium wp-image-1021492\" src=\"https:\/\/www.eldigitaldeasturias.com\/noticias\/wp-content\/uploads\/2019\/03\/blue-light-73088_960_720-360x254.jpg\" alt=\"\" width=\"360\" height=\"254\" \/>Los \u00c1ngeles (tca\/dpa) &#8211; Las autoridades detuvieron a un hombre en relaci\u00f3n con un presunto ataque de odio antisemita contra comensales fuera de un restaurante de sushi en el Westside esta semana.<\/p>\n<p>El hombre, al que la polic\u00eda no nombr\u00f3, fue detenido en una casa en las afueras de Los \u00c1ngeles alrededor de las 10:15 pm del viernes [0515 GMT], dijo el Departamento de Polic\u00eda de Los \u00c1ngeles [LAPD] en un comunicado.<\/p>\n<p>Un grupo de trabajo del Servicio de Alguaciles de EE.UU. ayud\u00f3 en la detenci\u00f3n, que se produjo despu\u00e9s de que los investigadores recibieran m\u00faltiples pistas del p\u00fablico, dijo el Departamento de Polic\u00eda de Los \u00c1ngeles.<\/p>\n<p>El hombre fue arrestado bajo sospecha de asalto con un arma mortal, y los investigadores han solicitado una fianza reforzada porque creen que el crimen fue motivado por el odio, dijo la polic\u00eda. Los detectives tambi\u00e9n recomendar\u00e1n cargos adicionales por delitos de odio, dijeron.<\/p>\n<p>La polic\u00eda describi\u00f3 al hombre como uno de los principales sospechosos del ataque, que tuvo lugar alrededor de las 10 de la noche del martes en el exterior de un restaurante de sushi en la zona de West Hollywood por personas que gritaban consignas contra Israel.<\/p>\n<p>Los investigadores siguen buscando a los dem\u00e1s sospechosos, dijeron.<\/p>\n<p>El asalto se produjo despu\u00e9s de una batalla mortal en la Franja de Gaza e Israel, lo que aument\u00f3 las tensiones en Estados Unidos entre los partidarios de Israel y los que apoyan a los palestinos. El viernes entr\u00f3 en vigor un fr\u00e1gil alto el fuego.<\/p>\n<p>Un v\u00eddeo que capta parte del ataque del martes por la noche muestra a personas en una caravana de coches con banderas palestinas que gritan: \u00abQue os jodan\u00bb y \u00abDeber\u00eda daros verg\u00fcenza\u00bb mientras pasan por delante del restaurante.<\/p>\n<p>En un momento antes del ataque, que luego se intensific\u00f3 con patadas y pu\u00f1etazos, se oye a una persona gritar: \u00ab\u00a1Israel mata ni\u00f1os!\u00bb<\/p>\n<p>Un testigo declar\u00f3 a Los Angeles Times que las personas de la caravana comenzaron a lanzar botellas y otros objetos a los comensales.<\/p>\n<p>\u00abCantaban &#8216;Muerte a los jud\u00edos&#8217; y &#8216;Palestina libre'\u00bb, dijo el testigo, que pidi\u00f3 permanecer en el anonimato porque tem\u00eda por su seguridad. \u00abTen\u00edan malicia\u00bb.<\/p>\n<p>En el v\u00eddeo, unas ocho personas, la mayor\u00eda vestidas de negro, convergen sobre los comensales. La pelea se vuelve cada vez m\u00e1s violenta a medida que se extiende hacia la acera. Un hombre golpea con un poste met\u00e1lico a los agresores, que luego lo empujan contra un coche, le dan pu\u00f1etazos y patadas, seg\u00fan muestra el v\u00eddeo.<\/p>\n<p>Varios hombres fueron agredidos, seg\u00fan la polic\u00eda de Los \u00c1ngeles.<\/p>\n<p><i class=\"lang-en\"><span class=\" readonly\" title=\"\">By Alex Wigglesworth, Los Angeles Times<\/span><\/i><\/p>\n<p>&nbsp;<\/p>\n","protected":false},"excerpt":{"rendered":"<p>Los \u00c1ngeles (tca\/dpa) &#8211; Las autoridades detuvieron a un hombre en relaci\u00f3n con un presunto ataque de odio antisemita contra comensales fuera de un restaurante de sushi en el Westside esta semana. El hombre, al que la polic\u00eda no nombr\u00f3, fue detenido en una casa en las afueras de Los \u00c1ngeles alrededor de las 10:15 [&hellip;]<\/p>\n","protected":false},"author":1,"featured_media":1021492,"comment_status":"closed","ping_status":"closed","sticky":false,"template":"","format":"standard","meta":{"footnotes":""},"categories":[5],"tags":[],"class_list":["post-1092145","post","type-post","status-publish","format-standard","has-post-thumbnail","hentry","category-sucesos"],"aioseo_notices":[],"aioseo_head":"\n\t\t<!-- All in One SEO Pro 5.0.1 - aioseo.com -->\n\t<meta name=\"description\" content=\"Las autoridades detuvieron a un hombre en relaci\u00f3n con un presunto ataque de odio antisemita contra comensales fuera de un restaurante de sushi en el Westside\" \/>\n\t<meta name=\"robots\" content=\"max-image-preview:large\" \/>\n\t<meta name=\"author\" content=\"El Digital de Asturias\"\/>\n\t<meta name=\"google-site-verification\" content=\"UA-38556648-1\" \/>\n\t<meta name=\"msvalidate.01\" content=\"7dfe9f3f1b24437ab69f4f2559babe99\" \/>\n\t<meta name=\"keywords\" content=\"sucesos\" \/>\n\t<link rel=\"canonical\" href=\"https:\/\/www.eldigitaldeasturias.com\/noticias\/detenido-un-hombre-por-presunto-ataque-antisemita-en-los-angeles\/\" \/>\n\t<meta name=\"generator\" content=\"All in One SEO Pro (AIOSEO) 5.0.1\" \/>\n\t\t<meta property=\"og:locale\" content=\"es_ES\" \/>\n\t\t<meta property=\"og:site_name\" content=\"El Digital de Asturias\" \/>\n\t\t<meta property=\"og:type\" content=\"article\" \/>\n\t\t<meta property=\"og:title\" content=\"Detenido un hombre por presunto ataque antisemita en Los \u00c1ngeles - El Digital de Asturias\" \/>\n\t\t<meta property=\"og:description\" content=\"Las autoridades detuvieron a un hombre en relaci\u00f3n con un presunto ataque de odio antisemita contra comensales fuera de un restaurante de sushi en el Westside\" \/>\n\t\t<meta property=\"og:url\" content=\"https:\/\/www.eldigitaldeasturias.com\/noticias\/detenido-un-hombre-por-presunto-ataque-antisemita-en-los-angeles\/\" \/>\n\t\t<meta property=\"article:tag\" content=\"sucesos\" \/>\n\t\t<meta property=\"article:published_time\" content=\"2021-05-23T11:51:23+00:00\" \/>\n\t\t<meta property=\"article:modified_time\" content=\"2021-05-23T11:51:23+00:00\" \/>\n\t\t<meta property=\"article:publisher\" content=\"https:\/\/facebook.com\/eldigitaldeasturias\" \/>\n\t\t<meta name=\"twitter:card\" content=\"summary_large_image\" \/>\n\t\t<meta name=\"twitter:title\" content=\"Detenido un hombre por presunto ataque antisemita en Los \u00c1ngeles - El Digital de Asturias\" \/>\n\t\t<meta name=\"twitter:description\" content=\"Las autoridades detuvieron a un hombre en relaci\u00f3n con un presunto ataque de odio antisemita contra comensales fuera de un restaurante de sushi en el Westside\" \/>\n\t\t<meta name=\"twitter:image\" content=\"https:\/\/www.eldigitaldeasturias.com\/noticias\/wp-content\/uploads\/2020\/12\/EDA-1.jpg\" \/>\n\t\t<meta name=\"twitter:label1\" content=\"Escrito por\" \/>\n\t\t<meta name=\"twitter:data1\" content=\"El Digital de Asturias\" \/>\n\t\t<meta name=\"twitter:label2\" content=\"Tiempo de lectura estimado\" \/>\n\t\t<meta name=\"twitter:data2\" content=\"2 minutos\" \/>\n\t\t<script type=\"application\/ld+json\" class=\"aioseo-schema\">\n\t\t\t{\"@context\":\"https:\\\/\\\/schema.org\",\"@graph\":[{\"@type\":\"BlogPosting\",\"@id\":\"https:\\\/\\\/www.eldigitaldeasturias.com\\\/noticias\\\/detenido-un-hombre-por-presunto-ataque-antisemita-en-los-angeles\\\/#blogposting\",\"name\":\"Detenido un hombre por presunto ataque antisemita en Los \\u00c1ngeles - El Digital de Asturias\",\"headline\":\"Detenido un hombre por presunto ataque antisemita en Los \\u00c1ngeles\",\"author\":{\"@id\":\"https:\\\/\\\/www.eldigitaldeasturias.com\\\/noticias\\\/author\\\/admin\\\/#author\"},\"publisher\":{\"@id\":\"https:\\\/\\\/www.eldigitaldeasturias.com\\\/noticias\\\/#organization\"},\"image\":{\"@type\":\"ImageObject\",\"url\":1021492},\"datePublished\":\"2021-05-23T12:51:23+02:00\",\"dateModified\":\"2021-05-23T12:51:23+02:00\",\"inLanguage\":\"es-ES\",\"mainEntityOfPage\":{\"@id\":\"https:\\\/\\\/www.eldigitaldeasturias.com\\\/noticias\\\/detenido-un-hombre-por-presunto-ataque-antisemita-en-los-angeles\\\/#webpage\"},\"isPartOf\":{\"@id\":\"https:\\\/\\\/www.eldigitaldeasturias.com\\\/noticias\\\/detenido-un-hombre-por-presunto-ataque-antisemita-en-los-angeles\\\/#webpage\"},\"articleSection\":\"Sucesos\"},{\"@type\":\"BreadcrumbList\",\"@id\":\"https:\\\/\\\/www.eldigitaldeasturias.com\\\/noticias\\\/detenido-un-hombre-por-presunto-ataque-antisemita-en-los-angeles\\\/#breadcrumblist\",\"itemListElement\":[{\"@type\":\"ListItem\",\"@id\":\"https:\\\/\\\/www.eldigitaldeasturias.com\\\/noticias#listItem\",\"position\":1,\"name\":\"Home\",\"item\":\"https:\\\/\\\/www.eldigitaldeasturias.com\\\/noticias\",\"nextItem\":{\"@type\":\"ListItem\",\"@id\":\"https:\\\/\\\/www.eldigitaldeasturias.com\\\/noticias\\\/category\\\/sucesos\\\/#listItem\",\"name\":\"Sucesos\"}},{\"@type\":\"ListItem\",\"@id\":\"https:\\\/\\\/www.eldigitaldeasturias.com\\\/noticias\\\/category\\\/sucesos\\\/#listItem\",\"position\":2,\"name\":\"Sucesos\",\"item\":\"https:\\\/\\\/www.eldigitaldeasturias.com\\\/noticias\\\/category\\\/sucesos\\\/\",\"nextItem\":{\"@type\":\"ListItem\",\"@id\":\"https:\\\/\\\/www.eldigitaldeasturias.com\\\/noticias\\\/detenido-un-hombre-por-presunto-ataque-antisemita-en-los-angeles\\\/#listItem\",\"name\":\"Detenido un hombre por presunto ataque antisemita en Los \\u00c1ngeles\"},\"previousItem\":{\"@type\":\"ListItem\",\"@id\":\"https:\\\/\\\/www.eldigitaldeasturias.com\\\/noticias#listItem\",\"name\":\"Home\"}},{\"@type\":\"ListItem\",\"@id\":\"https:\\\/\\\/www.eldigitaldeasturias.com\\\/noticias\\\/detenido-un-hombre-por-presunto-ataque-antisemita-en-los-angeles\\\/#listItem\",\"position\":3,\"name\":\"Detenido un hombre por presunto ataque antisemita en Los \\u00c1ngeles\",\"previousItem\":{\"@type\":\"ListItem\",\"@id\":\"https:\\\/\\\/www.eldigitaldeasturias.com\\\/noticias\\\/category\\\/sucesos\\\/#listItem\",\"name\":\"Sucesos\"}}]},{\"@type\":\"Organization\",\"@id\":\"https:\\\/\\\/www.eldigitaldeasturias.com\\\/noticias\\\/#organization\",\"name\":\"El Digital de Asturias\",\"description\":\"Hemeroteca\",\"url\":\"https:\\\/\\\/www.eldigitaldeasturias.com\\\/noticias\\\/\",\"email\":\"info@eldigitaldeasturias.com\",\"telephone\":\"+34652131393\",\"logo\":{\"@type\":\"ImageObject\",\"url\":\"https:\\\/\\\/www.eldigitaldeasturias.com\\\/noticias\\\/wp-content\\\/uploads\\\/2020\\\/12\\\/EDA.jpg\",\"@id\":\"https:\\\/\\\/www.eldigitaldeasturias.com\\\/noticias\\\/detenido-un-hombre-por-presunto-ataque-antisemita-en-los-angeles\\\/#organizationLogo\"},\"image\":{\"@id\":\"https:\\\/\\\/www.eldigitaldeasturias.com\\\/noticias\\\/detenido-un-hombre-por-presunto-ataque-antisemita-en-los-angeles\\\/#organizationLogo\"},\"sameAs\":[\"https:\\\/\\\/facebook.com\\\/eldigitaldeasturias\",\"https:\\\/\\\/www.youtube.com\\\/channel\\\/UCZP-2wLEB9Rv6erhFmqVnvg\"],\"address\":{\"@id\":\"https:\\\/\\\/www.eldigitaldeasturias.com\\\/noticias\\\/#postaladdress\",\"@type\":\"PostalAddress\",\"streetAddress\":\"san antonio 4\",\"postalCode\":\"33430\",\"addressLocality\":\"Cand\\u00e1s\",\"addressRegion\":\"Asturias\",\"addressCountry\":\"ES\"}},{\"@type\":\"Person\",\"@id\":\"https:\\\/\\\/www.eldigitaldeasturias.com\\\/noticias\\\/author\\\/admin\\\/#author\",\"url\":\"https:\\\/\\\/www.eldigitaldeasturias.com\\\/noticias\\\/author\\\/admin\\\/\",\"name\":\"El Digital de Asturias\",\"image\":{\"@type\":\"ImageObject\",\"@id\":\"https:\\\/\\\/www.eldigitaldeasturias.com\\\/noticias\\\/detenido-un-hombre-por-presunto-ataque-antisemita-en-los-angeles\\\/#authorImage\",\"url\":\"https:\\\/\\\/secure.gravatar.com\\\/avatar\\\/df2aeffc32bcd13f8d26072ef8a91b623d677766deac7f97ca815868cd41bf5e?s=96&d=mm&r=g\",\"width\":96,\"height\":96,\"caption\":\"El Digital de Asturias\"}},{\"@type\":\"WebPage\",\"@id\":\"https:\\\/\\\/www.eldigitaldeasturias.com\\\/noticias\\\/detenido-un-hombre-por-presunto-ataque-antisemita-en-los-angeles\\\/#webpage\",\"url\":\"https:\\\/\\\/www.eldigitaldeasturias.com\\\/noticias\\\/detenido-un-hombre-por-presunto-ataque-antisemita-en-los-angeles\\\/\",\"name\":\"Detenido un hombre por presunto ataque antisemita en Los \\u00c1ngeles - El Digital de Asturias\",\"description\":\"Las autoridades detuvieron a un hombre en relaci\\u00f3n con un presunto ataque de odio antisemita contra comensales fuera de un restaurante de sushi en el Westside\",\"inLanguage\":\"es-ES\",\"isPartOf\":{\"@id\":\"https:\\\/\\\/www.eldigitaldeasturias.com\\\/noticias\\\/#website\"},\"breadcrumb\":{\"@id\":\"https:\\\/\\\/www.eldigitaldeasturias.com\\\/noticias\\\/detenido-un-hombre-por-presunto-ataque-antisemita-en-los-angeles\\\/#breadcrumblist\"},\"author\":{\"@id\":\"https:\\\/\\\/www.eldigitaldeasturias.com\\\/noticias\\\/author\\\/admin\\\/#author\"},\"creator\":{\"@id\":\"https:\\\/\\\/www.eldigitaldeasturias.com\\\/noticias\\\/author\\\/admin\\\/#author\"},\"image\":{\"@type\":\"ImageObject\",\"url\":1021492,\"@id\":\"https:\\\/\\\/www.eldigitaldeasturias.com\\\/noticias\\\/detenido-un-hombre-por-presunto-ataque-antisemita-en-los-angeles\\\/#mainImage\"},\"primaryImageOfPage\":{\"@id\":\"https:\\\/\\\/www.eldigitaldeasturias.com\\\/noticias\\\/detenido-un-hombre-por-presunto-ataque-antisemita-en-los-angeles\\\/#mainImage\"},\"datePublished\":\"2021-05-23T12:51:23+02:00\",\"dateModified\":\"2021-05-23T12:51:23+02:00\"},{\"@type\":\"WebSite\",\"@id\":\"https:\\\/\\\/www.eldigitaldeasturias.com\\\/noticias\\\/#website\",\"url\":\"https:\\\/\\\/www.eldigitaldeasturias.com\\\/noticias\\\/\",\"name\":\"El Digital de Asturias - Diario de actualidad y noticias\",\"alternateName\":\"El Digital de Asturias - Diario de actualidad y noticias\",\"description\":\"Hemeroteca\",\"inLanguage\":\"es-ES\",\"publisher\":{\"@id\":\"https:\\\/\\\/www.eldigitaldeasturias.com\\\/noticias\\\/#organization\"}}]}\n\t\t<\/script>\n\t\t<!-- All in One SEO Pro -->\r\n\t\t<title>Detenido un hombre por presunto ataque antisemita en Los \u00c1ngeles - El Digital de Asturias<\/title>\n\n","aioseo_head_json":{"title":"Detenido un hombre por presunto ataque antisemita en Los \u00c1ngeles - El Digital de Asturias","description":"Las autoridades detuvieron a un hombre en relaci\u00f3n con un presunto ataque de odio antisemita contra comensales fuera de un restaurante de sushi en el Westside","canonical_url":"https:\/\/www.eldigitaldeasturias.com\/noticias\/detenido-un-hombre-por-presunto-ataque-antisemita-en-los-angeles\/","robots":"max-image-preview:large","keywords":"sucesos","webmasterTools":{"google-site-verification":"UA-38556648-1","msvalidate.01":"7dfe9f3f1b24437ab69f4f2559babe99","miscellaneous":""},"schema":{"@context":"https:\/\/schema.org","@graph":[{"@type":"BlogPosting","@id":"https:\/\/www.eldigitaldeasturias.com\/noticias\/detenido-un-hombre-por-presunto-ataque-antisemita-en-los-angeles\/#blogposting","name":"Detenido un hombre por presunto ataque antisemita en Los \u00c1ngeles - El Digital de Asturias","headline":"Detenido un hombre por presunto ataque antisemita en Los \u00c1ngeles","author":{"@id":"https:\/\/www.eldigitaldeasturias.com\/noticias\/author\/admin\/#author"},"publisher":{"@id":"https:\/\/www.eldigitaldeasturias.com\/noticias\/#organization"},"image":{"@type":"ImageObject","url":1021492},"datePublished":"2021-05-23T12:51:23+02:00","dateModified":"2021-05-23T12:51:23+02:00","inLanguage":"es-ES","mainEntityOfPage":{"@id":"https:\/\/www.eldigitaldeasturias.com\/noticias\/detenido-un-hombre-por-presunto-ataque-antisemita-en-los-angeles\/#webpage"},"isPartOf":{"@id":"https:\/\/www.eldigitaldeasturias.com\/noticias\/detenido-un-hombre-por-presunto-ataque-antisemita-en-los-angeles\/#webpage"},"articleSection":"Sucesos"},{"@type":"BreadcrumbList","@id":"https:\/\/www.eldigitaldeasturias.com\/noticias\/detenido-un-hombre-por-presunto-ataque-antisemita-en-los-angeles\/#breadcrumblist","itemListElement":[{"@type":"ListItem","@id":"https:\/\/www.eldigitaldeasturias.com\/noticias#listItem","position":1,"name":"Home","item":"https:\/\/www.eldigitaldeasturias.com\/noticias","nextItem":{"@type":"ListItem","@id":"https:\/\/www.eldigitaldeasturias.com\/noticias\/category\/sucesos\/#listItem","name":"Sucesos"}},{"@type":"ListItem","@id":"https:\/\/www.eldigitaldeasturias.com\/noticias\/category\/sucesos\/#listItem","position":2,"name":"Sucesos","item":"https:\/\/www.eldigitaldeasturias.com\/noticias\/category\/sucesos\/","nextItem":{"@type":"ListItem","@id":"https:\/\/www.eldigitaldeasturias.com\/noticias\/detenido-un-hombre-por-presunto-ataque-antisemita-en-los-angeles\/#listItem","name":"Detenido un hombre por presunto ataque antisemita en Los \u00c1ngeles"},"previousItem":{"@type":"ListItem","@id":"https:\/\/www.eldigitaldeasturias.com\/noticias#listItem","name":"Home"}},{"@type":"ListItem","@id":"https:\/\/www.eldigitaldeasturias.com\/noticias\/detenido-un-hombre-por-presunto-ataque-antisemita-en-los-angeles\/#listItem","position":3,"name":"Detenido un hombre por presunto ataque antisemita en Los \u00c1ngeles","previousItem":{"@type":"ListItem","@id":"https:\/\/www.eldigitaldeasturias.com\/noticias\/category\/sucesos\/#listItem","name":"Sucesos"}}]},{"@type":"Organization","@id":"https:\/\/www.eldigitaldeasturias.com\/noticias\/#organization","name":"El Digital de Asturias","description":"Hemeroteca","url":"https:\/\/www.eldigitaldeasturias.com\/noticias\/","email":"info@eldigitaldeasturias.com","telephone":"+34652131393","logo":{"@type":"ImageObject","url":"https:\/\/www.eldigitaldeasturias.com\/noticias\/wp-content\/uploads\/2020\/12\/EDA.jpg","@id":"https:\/\/www.eldigitaldeasturias.com\/noticias\/detenido-un-hombre-por-presunto-ataque-antisemita-en-los-angeles\/#organizationLogo"},"image":{"@id":"https:\/\/www.eldigitaldeasturias.com\/noticias\/detenido-un-hombre-por-presunto-ataque-antisemita-en-los-angeles\/#organizationLogo"},"sameAs":["https:\/\/facebook.com\/eldigitaldeasturias","https:\/\/www.youtube.com\/channel\/UCZP-2wLEB9Rv6erhFmqVnvg"],"address":{"@id":"https:\/\/www.eldigitaldeasturias.com\/noticias\/#postaladdress","@type":"PostalAddress","streetAddress":"san antonio 4","postalCode":"33430","addressLocality":"Cand\u00e1s","addressRegion":"Asturias","addressCountry":"ES"}},{"@type":"Person","@id":"https:\/\/www.eldigitaldeasturias.com\/noticias\/author\/admin\/#author","url":"https:\/\/www.eldigitaldeasturias.com\/noticias\/author\/admin\/","name":"El Digital de Asturias","image":{"@type":"ImageObject","@id":"https:\/\/www.eldigitaldeasturias.com\/noticias\/detenido-un-hombre-por-presunto-ataque-antisemita-en-los-angeles\/#authorImage","url":"https:\/\/secure.gravatar.com\/avatar\/df2aeffc32bcd13f8d26072ef8a91b623d677766deac7f97ca815868cd41bf5e?s=96&d=mm&r=g","width":96,"height":96,"caption":"El Digital de Asturias"}},{"@type":"WebPage","@id":"https:\/\/www.eldigitaldeasturias.com\/noticias\/detenido-un-hombre-por-presunto-ataque-antisemita-en-los-angeles\/#webpage","url":"https:\/\/www.eldigitaldeasturias.com\/noticias\/detenido-un-hombre-por-presunto-ataque-antisemita-en-los-angeles\/","name":"Detenido un hombre por presunto ataque antisemita en Los \u00c1ngeles - El Digital de Asturias","description":"Las autoridades detuvieron a un hombre en relaci\u00f3n con un presunto ataque de odio antisemita contra comensales fuera de un restaurante de sushi en el Westside","inLanguage":"es-ES","isPartOf":{"@id":"https:\/\/www.eldigitaldeasturias.com\/noticias\/#website"},"breadcrumb":{"@id":"https:\/\/www.eldigitaldeasturias.com\/noticias\/detenido-un-hombre-por-presunto-ataque-antisemita-en-los-angeles\/#breadcrumblist"},"author":{"@id":"https:\/\/www.eldigitaldeasturias.com\/noticias\/author\/admin\/#author"},"creator":{"@id":"https:\/\/www.eldigitaldeasturias.com\/noticias\/author\/admin\/#author"},"image":{"@type":"ImageObject","url":1021492,"@id":"https:\/\/www.eldigitaldeasturias.com\/noticias\/detenido-un-hombre-por-presunto-ataque-antisemita-en-los-angeles\/#mainImage"},"primaryImageOfPage":{"@id":"https:\/\/www.eldigitaldeasturias.com\/noticias\/detenido-un-hombre-por-presunto-ataque-antisemita-en-los-angeles\/#mainImage"},"datePublished":"2021-05-23T12:51:23+02:00","dateModified":"2021-05-23T12:51:23+02:00"},{"@type":"WebSite","@id":"https:\/\/www.eldigitaldeasturias.com\/noticias\/#website","url":"https:\/\/www.eldigitaldeasturias.com\/noticias\/","name":"El Digital de Asturias - Diario de actualidad y noticias","alternateName":"El Digital de Asturias - Diario de actualidad y noticias","description":"Hemeroteca","inLanguage":"es-ES","publisher":{"@id":"https:\/\/www.eldigitaldeasturias.com\/noticias\/#organization"}}]},"og:locale":"es_ES","og:site_name":"El Digital de Asturias","og:type":"article","og:title":"Detenido un hombre por presunto ataque antisemita en Los \u00c1ngeles - El Digital de Asturias","og:description":"Las autoridades detuvieron a un hombre en relaci\u00f3n con un presunto ataque de odio antisemita contra comensales fuera de un restaurante de sushi en el Westside","og:url":"https:\/\/www.eldigitaldeasturias.com\/noticias\/detenido-un-hombre-por-presunto-ataque-antisemita-en-los-angeles\/","article:tag":["sucesos"],"article:published_time":"2021-05-23T11:51:23+00:00","article:modified_time":"2021-05-23T11:51:23+00:00","article:publisher":"https:\/\/facebook.com\/eldigitaldeasturias","twitter:card":"summary_large_image","twitter:title":"Detenido un hombre por presunto ataque antisemita en Los \u00c1ngeles - El Digital de Asturias","twitter:description":"Las autoridades detuvieron a un hombre en relaci\u00f3n con un presunto ataque de odio antisemita contra comensales fuera de un restaurante de sushi en el Westside","twitter:image":"https:\/\/www.eldigitaldeasturias.com\/noticias\/wp-content\/uploads\/2020\/12\/EDA-1.jpg","twitter:label1":"Escrito por","twitter:data1":"El Digital de Asturias","twitter:label2":"Tiempo de lectura estimado","twitter:data2":"2 minutos"},"aioseo_meta_data":{"post_id":"1092145","title":null,"description":"Las autoridades detuvieron a un hombre en relaci\u00f3n con un presunto ataque de odio antisemita contra comensales fuera de un restaurante de sushi en el Westside","keywords":[],"keyphrases":{"focus":[],"additional":[]},"primary_term":null,"canonical_url":null,"og_title":null,"og_description":null,"og_object_type":"default","og_image_type":"default","og_image_url":null,"og_image_width":null,"og_image_height":null,"og_image_custom_url":null,"og_image_custom_fields":null,"og_video":"","og_custom_url":null,"og_article_section":null,"og_article_tags":[],"twitter_use_og":false,"twitter_card":"default","twitter_image_type":"default","twitter_image_url":null,"twitter_image_custom_url":null,"twitter_image_custom_fields":null,"twitter_title":null,"twitter_description":null,"schema":{"blockGraphs":[],"customGraphs":[],"default":{"data":{"Article":[],"Course":[],"Dataset":[],"FAQPage":[],"Movie":[],"Person":[],"Product":[],"ProductReview":[],"Car":[],"Recipe":[],"Service":[],"SoftwareApplication":[],"WebPage":[]},"graphName":"","isEnabled":true},"graphs":[],"defaultGraph":"Article","defaultPostTypeGraph":""},"schema_type":"default","schema_type_options":"{\"article\":{\"articleType\":\"BlogPosting\"},\"course\":{\"name\":\"\",\"description\":\"\",\"provider\":\"\"},\"faq\":{\"pages\":[]},\"product\":{\"reviews\":[]},\"recipe\":{\"ingredients\":[],\"instructions\":[],\"keywords\":[]},\"software\":{\"reviews\":[],\"operatingSystems\":[]},\"webPage\":{\"webPageType\":\"WebPage\"}}","pillar_content":false,"robots_default":true,"robots_noindex":false,"robots_noarchive":false,"robots_nosnippet":false,"robots_nofollow":false,"robots_noimageindex":false,"robots_noodp":false,"robots_notranslate":false,"robots_max_snippet":"-1","robots_max_videopreview":"-1","robots_max_imagepreview":"large","priority":null,"frequency":"default","local_seo":{"locations":{"business":{"name":"","businessType":"","image":"","areaServed":"","urls":{"website":"","aboutPage":"","contactPage":""},"address":{"streetLine1":"","streetLine2":"","zipCode":"","city":"","state":"","country":"","addressFormat":"#streetLineOne\n#streetLineTwo\n#city, #state #zipCode"},"contact":{"email":"","phone":"","phoneFormatted":"","fax":"","faxFormatted":""},"ids":{"vat":"","tax":"","chamberOfCommerce":""},"payment":{"priceRange":"","currenciesAccepted":"","methods":""}}},"openingHours":{"useDefaults":true,"show":true,"alwaysOpen":false,"use24hFormat":false,"timezone":"","labels":{"closed":"","alwaysOpen":""},"days":{"monday":{"open24h":false,"closed":false,"openTime":"09:00","closeTime":"17:00"},"tuesday":{"open24h":false,"closed":false,"openTime":"09:00","closeTime":"17:00"},"wednesday":{"open24h":false,"closed":false,"openTime":"09:00","closeTime":"17:00"},"thursday":{"open24h":false,"closed":false,"openTime":"09:00","closeTime":"17:00"},"friday":{"open24h":false,"closed":false,"openTime":"09:00","closeTime":"17:00"},"saturday":{"open24h":false,"closed":false,"openTime":"09:00","closeTime":"17:00"},"sunday":{"open24h":false,"closed":false,"openTime":"09:00","closeTime":"17:00"}}}},"seo_analyzer_scan_date":"2026-07-18 03:14:34","breadcrumb_settings":null,"limit_modified_date":false,"open_ai":null,"ai":null,"created":"2021-05-23 11:49:26","updated":"2026-07-18 03:14:34","focus_keyword":null,"additional_keywords":null,"truseo_locale":null},"aioseo_breadcrumb":"<div class=\"aioseo-breadcrumbs\"><span class=\"aioseo-breadcrumb\">\n\t<a href=\"https:\/\/www.eldigitaldeasturias.com\/noticias\" title=\"Home\">Home<\/a>\n<\/span><span class=\"aioseo-breadcrumb-separator\">\u2013<\/span><span class=\"aioseo-breadcrumb\">\n\t<a href=\"https:\/\/www.eldigitaldeasturias.com\/noticias\/category\/sucesos\/\" title=\"Sucesos\">Sucesos<\/a>\n<\/span><span class=\"aioseo-breadcrumb-separator\">\u2013<\/span><span class=\"aioseo-breadcrumb\">\n\t<a href=\"https:\/\/www.eldigitaldeasturias.com\/noticias\/detenido-un-hombre-por-presunto-ataque-antisemita-en-los-angeles\/\" title=\"Detenido un hombre por presunto ataque antisemita en Los \u00c1ngeles\">Detenido un hombre por presunto ataque antisemita en Los \u00c1ngeles<\/a>\n<\/span><\/div>","aioseo_breadcrumb_json":[{"label":"Home","link":"https:\/\/www.eldigitaldeasturias.com\/noticias"},{"label":"Sucesos","link":"https:\/\/www.eldigitaldeasturias.com\/noticias\/category\/sucesos\/"},{"label":"Detenido un hombre por presunto ataque antisemita en Los \u00c1ngeles","link":"https:\/\/www.eldigitaldeasturias.com\/noticias\/detenido-un-hombre-por-presunto-ataque-antisemita-en-los-angeles\/"}],"_links":{"self":[{"href":"https:\/\/www.eldigitaldeasturias.com\/noticias\/wp-json\/wp\/v2\/posts\/1092145","targetHints":{"allow":["GET"]}}],"collection":[{"href":"https:\/\/www.eldigitaldeasturias.com\/noticias\/wp-json\/wp\/v2\/posts"}],"about":[{"href":"https:\/\/www.eldigitaldeasturias.com\/noticias\/wp-json\/wp\/v2\/types\/post"}],"author":[{"embeddable":true,"href":"https:\/\/www.eldigitaldeasturias.com\/noticias\/wp-json\/wp\/v2\/users\/1"}],"replies":[{"embeddable":true,"href":"https:\/\/www.eldigitaldeasturias.com\/noticias\/wp-json\/wp\/v2\/comments?post=1092145"}],"version-history":[{"count":0,"href":"https:\/\/www.eldigitaldeasturias.com\/noticias\/wp-json\/wp\/v2\/posts\/1092145\/revisions"}],"wp:attachment":[{"href":"https:\/\/www.eldigitaldeasturias.com\/noticias\/wp-json\/wp\/v2\/media?parent=1092145"}],"wp:term":[{"taxonomy":"category","embeddable":true,"href":"https:\/\/www.eldigitaldeasturias.com\/noticias\/wp-json\/wp\/v2\/categories?post=1092145"},{"taxonomy":"post_tag","embeddable":true,"href":"https:\/\/www.eldigitaldeasturias.com\/noticias\/wp-json\/wp\/v2\/tags?post=1092145"}],"curies":[{"name":"wp","href":"https:\/\/api.w.org\/{rel}","templated":true}]}}