{"id":1092118,"date":"2021-05-22T23:30:14","date_gmt":"2021-05-22T22:30:14","guid":{"rendered":"https:\/\/www.eldigitaldeasturias.com\/noticias\/?p=1092118"},"modified":"2021-05-22T23:30:14","modified_gmt":"2021-05-22T22:30:14","slug":"kerstin-holze-el-sedentarismo-es-negativo-para-los-ninos","status":"publish","type":"post","link":"https:\/\/www.eldigitaldeasturias.com\/noticias\/kerstin-holze-el-sedentarismo-es-negativo-para-los-ninos\/","title":{"rendered":"Kerstin Holze: El sedentarismo es negativo para los ni\u00f1os"},"content":{"rendered":"<figure id=\"attachment_1092119\" aria-describedby=\"caption-attachment-1092119\" style=\"width: 360px\" class=\"wp-caption alignleft\"><img loading=\"lazy\" decoding=\"async\" class=\"size-medium wp-image-1092119\" src=\"https:\/\/www.eldigitaldeasturias.com\/noticias\/wp-content\/uploads\/2021\/05\/Un-nino-en-bicicleta-en-un-parque-de-Berli-360x252.jpg\" alt=\"Un ni\u00f1o en bicicleta en un parque de Berl\u00ed\" width=\"360\" height=\"252\" \/><figcaption id=\"caption-attachment-1092119\" class=\"wp-caption-text\">Foto: Doroth\u00e9e Barth\/\/dpa<\/figcaption><\/figure>\n<p>Berl\u00edn, 22 may (dpa) &#8211; La pediatra alemana <strong>Kerstin Holze advirti\u00f3 de que la falta de movimiento causada por la pandemia de coronavirus pone en peligro la salud f\u00edsica y mental de los ni\u00f1os<\/strong>.<\/p>\n<p>\u00abHay una edad de oro para el aprendizaje de las habilidades motrices b\u00e1sicas que no puede posponerse sin m\u00e1s\u00bb, se\u00f1al\u00f3 la presidenta de la junta directiva de la Fundaci\u00f3n Alemana de Gimnasia Infantil en una entrevista con el diario \u00abFrankfurter Allgemeine Zeitung\u00bb de hoy.<\/p>\n<p>Holze agreg\u00f3 que los ni\u00f1os fueron privados del ejercicio que necesitan para un desarrollo saludable por buenas razones.<strong> Pero \u00abel deporte es la base de otras competencias\u00bb, apunt\u00f3<\/strong>.<\/p>\n<p>\u00abSi los ni\u00f1os no aprenden movimientos complejos &#8211; y los aprenden a trav\u00e9s de actividades deportivas cualificadas, como por ejemplo la gimnasia infantil-, m\u00e1s adelante les resultar\u00e1 m\u00e1s dif\u00edcil enfrentarse a procesos de pensamiento complejos con interrelaciones dif\u00edciles\u00bb, describi\u00f3 Holze.<\/p>\n<p>Indic\u00f3 que esos d\u00e9ficits no se compensar\u00e1n sin m\u00e1s. \u00abEsto no se resuelve en un santiam\u00e9n\u00bb, opin\u00f3. A\u00f1adi\u00f3 que las condiciones para que los ni\u00f1os crezcan teniendo una vida activa ya no eran \u00f3ptimas antes de la pandemia de coronavirus y ahora la situaci\u00f3n las empeor\u00f3.<\/p>\n<p>\u00abSi volvemos a donde est\u00e1bamos antes, no ser\u00e1n pocos los ni\u00f1os que no podr\u00e1n recuperar esto\u00bb, apunt\u00f3.<\/p>\n<p>Agreg\u00f3 que si el tema es considerado prioritario, existe la posibilidad de revertir este proceso \u00abcon un esfuerzo conjunto\u00bb.<\/p>\n<p><strong>\u00abLa ni\u00f1ez est\u00e1 transcurriendo ahora\u00bb, subray\u00f3 la m\u00e9dica<\/strong>. \u00abNo es algo que podremos recuperar al final de la pandemia. Es nuestra obligaci\u00f3n crear las condiciones marco para una infancia con movimiento. Todos deben sentarse a la mesa\u00bb para ponerlo en marcha, se\u00f1al\u00f3.<\/p>\n<p>&nbsp;<\/p>\n","protected":false},"excerpt":{"rendered":"<p>Berl\u00edn, 22 may (dpa) &#8211; La pediatra alemana Kerstin Holze advirti\u00f3 de que la falta de movimiento causada por la pandemia de coronavirus pone en peligro la salud f\u00edsica y mental de los ni\u00f1os. \u00abHay una edad de oro para el aprendizaje de las habilidades motrices b\u00e1sicas que no puede posponerse sin m\u00e1s\u00bb, se\u00f1al\u00f3 la [&hellip;]<\/p>\n","protected":false},"author":1,"featured_media":1132184,"comment_status":"closed","ping_status":"closed","sticky":false,"template":"","format":"standard","meta":{"footnotes":""},"categories":[28],"tags":[],"class_list":["post-1092118","post","type-post","status-publish","format-standard","has-post-thumbnail","hentry","category-sociedad"],"aioseo_notices":[],"aioseo_head":"\n\t\t<!-- All in One SEO Pro 5.0.1 - aioseo.com -->\n\t<meta name=\"description\" content=\"Kerstin Holze advirti\u00f3 de que la falta de movimiento causada por la pandemia de coronavirus pone en peligro la salud f\u00edsica y mental de los ni\u00f1os ..\" \/>\n\t<meta name=\"robots\" content=\"max-image-preview:large\" \/>\n\t<meta name=\"author\" content=\"El Digital de Asturias\"\/>\n\t<meta name=\"google-site-verification\" content=\"UA-38556648-1\" \/>\n\t<meta name=\"msvalidate.01\" content=\"7dfe9f3f1b24437ab69f4f2559babe99\" \/>\n\t<meta name=\"keywords\" content=\"sociedad\" \/>\n\t<link rel=\"canonical\" href=\"https:\/\/www.eldigitaldeasturias.com\/noticias\/kerstin-holze-el-sedentarismo-es-negativo-para-los-ninos\/\" \/>\n\t<meta name=\"generator\" content=\"All in One SEO Pro (AIOSEO) 5.0.1\" \/>\n\t\t<meta property=\"og:locale\" content=\"es_ES\" \/>\n\t\t<meta property=\"og:site_name\" content=\"El Digital de Asturias\" \/>\n\t\t<meta property=\"og:type\" content=\"article\" \/>\n\t\t<meta property=\"og:title\" content=\"Kerstin Holze: El sedentarismo es negativo para los ni\u00f1os - El Digital de Asturias\" \/>\n\t\t<meta property=\"og:description\" content=\"Kerstin Holze advirti\u00f3 de que la falta de movimiento causada por la pandemia de coronavirus pone en peligro la salud f\u00edsica y mental de los ni\u00f1os ..\" \/>\n\t\t<meta property=\"og:url\" content=\"https:\/\/www.eldigitaldeasturias.com\/noticias\/kerstin-holze-el-sedentarismo-es-negativo-para-los-ninos\/\" \/>\n\t\t<meta property=\"og:image\" content=\"https:\/\/www.eldigitaldeasturias.com\/noticias\/wp-content\/uploads\/2026\/06\/Contenidos.jpg\" \/>\n\t\t<meta property=\"og:image:secure_url\" content=\"https:\/\/www.eldigitaldeasturias.com\/noticias\/wp-content\/uploads\/2026\/06\/Contenidos.jpg\" \/>\n\t\t<meta property=\"og:image:width\" content=\"1265\" \/>\n\t\t<meta property=\"og:image:height\" content=\"697\" \/>\n\t\t<meta property=\"article:tag\" content=\"sociedad\" \/>\n\t\t<meta property=\"article:published_time\" content=\"2021-05-22T22:30:14+00:00\" \/>\n\t\t<meta property=\"article:modified_time\" content=\"2021-05-22T22:30:14+00:00\" \/>\n\t\t<meta property=\"article:publisher\" content=\"https:\/\/facebook.com\/eldigitaldeasturias\" \/>\n\t\t<meta name=\"twitter:card\" content=\"summary_large_image\" \/>\n\t\t<meta name=\"twitter:title\" content=\"Kerstin Holze: El sedentarismo es negativo para los ni\u00f1os - El Digital de Asturias\" \/>\n\t\t<meta name=\"twitter:description\" content=\"Kerstin Holze advirti\u00f3 de que la falta de movimiento causada por la pandemia de coronavirus pone en peligro la salud f\u00edsica y mental de los ni\u00f1os ..\" \/>\n\t\t<meta name=\"twitter:image\" content=\"https:\/\/www.eldigitaldeasturias.com\/noticias\/wp-content\/uploads\/2026\/06\/Contenidos.jpg\" \/>\n\t\t<meta name=\"twitter:label1\" content=\"Escrito por\" \/>\n\t\t<meta name=\"twitter:data1\" content=\"El Digital de Asturias\" \/>\n\t\t<meta name=\"twitter:label2\" content=\"Tiempo de lectura estimado\" \/>\n\t\t<meta name=\"twitter:data2\" content=\"2 minutos\" \/>\n\t\t<script type=\"application\/ld+json\" class=\"aioseo-schema\">\n\t\t\t{\"@context\":\"https:\\\/\\\/schema.org\",\"@graph\":[{\"@type\":\"BlogPosting\",\"@id\":\"https:\\\/\\\/www.eldigitaldeasturias.com\\\/noticias\\\/kerstin-holze-el-sedentarismo-es-negativo-para-los-ninos\\\/#blogposting\",\"name\":\"Kerstin Holze: El sedentarismo es negativo para los ni\\u00f1os - El Digital de Asturias\",\"headline\":\"Kerstin Holze: El sedentarismo es negativo para los ni\\u00f1os\",\"author\":{\"@id\":\"https:\\\/\\\/www.eldigitaldeasturias.com\\\/noticias\\\/author\\\/admin\\\/#author\"},\"publisher\":{\"@id\":\"https:\\\/\\\/www.eldigitaldeasturias.com\\\/noticias\\\/#organization\"},\"image\":{\"@type\":\"ImageObject\",\"url\":\"https:\\\/\\\/www.eldigitaldeasturias.com\\\/noticias\\\/wp-content\\\/uploads\\\/2026\\\/06\\\/Contenidos.jpg\",\"width\":1265,\"height\":697,\"caption\":\"Contenidos\"},\"datePublished\":\"2021-05-22T23:30:14+02:00\",\"dateModified\":\"2021-05-22T23:30:14+02:00\",\"inLanguage\":\"es-ES\",\"mainEntityOfPage\":{\"@id\":\"https:\\\/\\\/www.eldigitaldeasturias.com\\\/noticias\\\/kerstin-holze-el-sedentarismo-es-negativo-para-los-ninos\\\/#webpage\"},\"isPartOf\":{\"@id\":\"https:\\\/\\\/www.eldigitaldeasturias.com\\\/noticias\\\/kerstin-holze-el-sedentarismo-es-negativo-para-los-ninos\\\/#webpage\"},\"articleSection\":\"Sociedad\"},{\"@type\":\"BreadcrumbList\",\"@id\":\"https:\\\/\\\/www.eldigitaldeasturias.com\\\/noticias\\\/kerstin-holze-el-sedentarismo-es-negativo-para-los-ninos\\\/#breadcrumblist\",\"itemListElement\":[{\"@type\":\"ListItem\",\"@id\":\"https:\\\/\\\/www.eldigitaldeasturias.com\\\/noticias#listItem\",\"position\":1,\"name\":\"Home\",\"item\":\"https:\\\/\\\/www.eldigitaldeasturias.com\\\/noticias\",\"nextItem\":{\"@type\":\"ListItem\",\"@id\":\"https:\\\/\\\/www.eldigitaldeasturias.com\\\/noticias\\\/category\\\/sociedad\\\/#listItem\",\"name\":\"Sociedad\"}},{\"@type\":\"ListItem\",\"@id\":\"https:\\\/\\\/www.eldigitaldeasturias.com\\\/noticias\\\/category\\\/sociedad\\\/#listItem\",\"position\":2,\"name\":\"Sociedad\",\"item\":\"https:\\\/\\\/www.eldigitaldeasturias.com\\\/noticias\\\/category\\\/sociedad\\\/\",\"nextItem\":{\"@type\":\"ListItem\",\"@id\":\"https:\\\/\\\/www.eldigitaldeasturias.com\\\/noticias\\\/kerstin-holze-el-sedentarismo-es-negativo-para-los-ninos\\\/#listItem\",\"name\":\"Kerstin Holze: El sedentarismo es negativo para los ni\\u00f1os\"},\"previousItem\":{\"@type\":\"ListItem\",\"@id\":\"https:\\\/\\\/www.eldigitaldeasturias.com\\\/noticias#listItem\",\"name\":\"Home\"}},{\"@type\":\"ListItem\",\"@id\":\"https:\\\/\\\/www.eldigitaldeasturias.com\\\/noticias\\\/kerstin-holze-el-sedentarismo-es-negativo-para-los-ninos\\\/#listItem\",\"position\":3,\"name\":\"Kerstin Holze: El sedentarismo es negativo para los ni\\u00f1os\",\"previousItem\":{\"@type\":\"ListItem\",\"@id\":\"https:\\\/\\\/www.eldigitaldeasturias.com\\\/noticias\\\/category\\\/sociedad\\\/#listItem\",\"name\":\"Sociedad\"}}]},{\"@type\":\"Organization\",\"@id\":\"https:\\\/\\\/www.eldigitaldeasturias.com\\\/noticias\\\/#organization\",\"name\":\"El Digital de Asturias\",\"description\":\"Hemeroteca\",\"url\":\"https:\\\/\\\/www.eldigitaldeasturias.com\\\/noticias\\\/\",\"email\":\"info@eldigitaldeasturias.com\",\"telephone\":\"+34652131393\",\"logo\":{\"@type\":\"ImageObject\",\"url\":\"https:\\\/\\\/www.eldigitaldeasturias.com\\\/noticias\\\/wp-content\\\/uploads\\\/2020\\\/12\\\/EDA.jpg\",\"@id\":\"https:\\\/\\\/www.eldigitaldeasturias.com\\\/noticias\\\/kerstin-holze-el-sedentarismo-es-negativo-para-los-ninos\\\/#organizationLogo\"},\"image\":{\"@id\":\"https:\\\/\\\/www.eldigitaldeasturias.com\\\/noticias\\\/kerstin-holze-el-sedentarismo-es-negativo-para-los-ninos\\\/#organizationLogo\"},\"sameAs\":[\"https:\\\/\\\/facebook.com\\\/eldigitaldeasturias\",\"https:\\\/\\\/www.youtube.com\\\/channel\\\/UCZP-2wLEB9Rv6erhFmqVnvg\"],\"address\":{\"@id\":\"https:\\\/\\\/www.eldigitaldeasturias.com\\\/noticias\\\/#postaladdress\",\"@type\":\"PostalAddress\",\"streetAddress\":\"san antonio 4\",\"postalCode\":\"33430\",\"addressLocality\":\"Cand\\u00e1s\",\"addressRegion\":\"Asturias\",\"addressCountry\":\"ES\"}},{\"@type\":\"Person\",\"@id\":\"https:\\\/\\\/www.eldigitaldeasturias.com\\\/noticias\\\/author\\\/admin\\\/#author\",\"url\":\"https:\\\/\\\/www.eldigitaldeasturias.com\\\/noticias\\\/author\\\/admin\\\/\",\"name\":\"El Digital de Asturias\",\"image\":{\"@type\":\"ImageObject\",\"@id\":\"https:\\\/\\\/www.eldigitaldeasturias.com\\\/noticias\\\/kerstin-holze-el-sedentarismo-es-negativo-para-los-ninos\\\/#authorImage\",\"url\":\"https:\\\/\\\/secure.gravatar.com\\\/avatar\\\/df2aeffc32bcd13f8d26072ef8a91b623d677766deac7f97ca815868cd41bf5e?s=96&d=mm&r=g\",\"width\":96,\"height\":96,\"caption\":\"El Digital de Asturias\"}},{\"@type\":\"WebPage\",\"@id\":\"https:\\\/\\\/www.eldigitaldeasturias.com\\\/noticias\\\/kerstin-holze-el-sedentarismo-es-negativo-para-los-ninos\\\/#webpage\",\"url\":\"https:\\\/\\\/www.eldigitaldeasturias.com\\\/noticias\\\/kerstin-holze-el-sedentarismo-es-negativo-para-los-ninos\\\/\",\"name\":\"Kerstin Holze: El sedentarismo es negativo para los ni\\u00f1os - El Digital de Asturias\",\"description\":\"Kerstin Holze advirti\\u00f3 de que la falta de movimiento causada por la pandemia de coronavirus pone en peligro la salud f\\u00edsica y mental de los ni\\u00f1os ..\",\"inLanguage\":\"es-ES\",\"isPartOf\":{\"@id\":\"https:\\\/\\\/www.eldigitaldeasturias.com\\\/noticias\\\/#website\"},\"breadcrumb\":{\"@id\":\"https:\\\/\\\/www.eldigitaldeasturias.com\\\/noticias\\\/kerstin-holze-el-sedentarismo-es-negativo-para-los-ninos\\\/#breadcrumblist\"},\"author\":{\"@id\":\"https:\\\/\\\/www.eldigitaldeasturias.com\\\/noticias\\\/author\\\/admin\\\/#author\"},\"creator\":{\"@id\":\"https:\\\/\\\/www.eldigitaldeasturias.com\\\/noticias\\\/author\\\/admin\\\/#author\"},\"image\":{\"@type\":\"ImageObject\",\"url\":\"https:\\\/\\\/www.eldigitaldeasturias.com\\\/noticias\\\/wp-content\\\/uploads\\\/2026\\\/06\\\/Contenidos.jpg\",\"@id\":\"https:\\\/\\\/www.eldigitaldeasturias.com\\\/noticias\\\/kerstin-holze-el-sedentarismo-es-negativo-para-los-ninos\\\/#mainImage\",\"width\":1265,\"height\":697,\"caption\":\"Contenidos\"},\"primaryImageOfPage\":{\"@id\":\"https:\\\/\\\/www.eldigitaldeasturias.com\\\/noticias\\\/kerstin-holze-el-sedentarismo-es-negativo-para-los-ninos\\\/#mainImage\"},\"datePublished\":\"2021-05-22T23:30:14+02:00\",\"dateModified\":\"2021-05-22T23:30:14+02:00\"},{\"@type\":\"WebSite\",\"@id\":\"https:\\\/\\\/www.eldigitaldeasturias.com\\\/noticias\\\/#website\",\"url\":\"https:\\\/\\\/www.eldigitaldeasturias.com\\\/noticias\\\/\",\"name\":\"El Digital de Asturias - Diario de actualidad y noticias\",\"alternateName\":\"El Digital de Asturias - Diario de actualidad y noticias\",\"description\":\"Hemeroteca\",\"inLanguage\":\"es-ES\",\"publisher\":{\"@id\":\"https:\\\/\\\/www.eldigitaldeasturias.com\\\/noticias\\\/#organization\"}}]}\n\t\t<\/script>\n\t\t<!-- All in One SEO Pro -->\r\n\t\t<title>Kerstin Holze: El sedentarismo es negativo para los ni\u00f1os - El Digital de Asturias<\/title>\n\n","aioseo_head_json":{"title":"Kerstin Holze: El sedentarismo es negativo para los ni\u00f1os - El Digital de Asturias","description":"Kerstin Holze advirti\u00f3 de que la falta de movimiento causada por la pandemia de coronavirus pone en peligro la salud f\u00edsica y mental de los ni\u00f1os ..","canonical_url":"https:\/\/www.eldigitaldeasturias.com\/noticias\/kerstin-holze-el-sedentarismo-es-negativo-para-los-ninos\/","robots":"max-image-preview:large","keywords":"sociedad","webmasterTools":{"google-site-verification":"UA-38556648-1","msvalidate.01":"7dfe9f3f1b24437ab69f4f2559babe99","miscellaneous":""},"schema":{"@context":"https:\/\/schema.org","@graph":[{"@type":"BlogPosting","@id":"https:\/\/www.eldigitaldeasturias.com\/noticias\/kerstin-holze-el-sedentarismo-es-negativo-para-los-ninos\/#blogposting","name":"Kerstin Holze: El sedentarismo es negativo para los ni\u00f1os - El Digital de Asturias","headline":"Kerstin Holze: El sedentarismo es negativo para los ni\u00f1os","author":{"@id":"https:\/\/www.eldigitaldeasturias.com\/noticias\/author\/admin\/#author"},"publisher":{"@id":"https:\/\/www.eldigitaldeasturias.com\/noticias\/#organization"},"image":{"@type":"ImageObject","url":"https:\/\/www.eldigitaldeasturias.com\/noticias\/wp-content\/uploads\/2026\/06\/Contenidos.jpg","width":1265,"height":697,"caption":"Contenidos"},"datePublished":"2021-05-22T23:30:14+02:00","dateModified":"2021-05-22T23:30:14+02:00","inLanguage":"es-ES","mainEntityOfPage":{"@id":"https:\/\/www.eldigitaldeasturias.com\/noticias\/kerstin-holze-el-sedentarismo-es-negativo-para-los-ninos\/#webpage"},"isPartOf":{"@id":"https:\/\/www.eldigitaldeasturias.com\/noticias\/kerstin-holze-el-sedentarismo-es-negativo-para-los-ninos\/#webpage"},"articleSection":"Sociedad"},{"@type":"BreadcrumbList","@id":"https:\/\/www.eldigitaldeasturias.com\/noticias\/kerstin-holze-el-sedentarismo-es-negativo-para-los-ninos\/#breadcrumblist","itemListElement":[{"@type":"ListItem","@id":"https:\/\/www.eldigitaldeasturias.com\/noticias#listItem","position":1,"name":"Home","item":"https:\/\/www.eldigitaldeasturias.com\/noticias","nextItem":{"@type":"ListItem","@id":"https:\/\/www.eldigitaldeasturias.com\/noticias\/category\/sociedad\/#listItem","name":"Sociedad"}},{"@type":"ListItem","@id":"https:\/\/www.eldigitaldeasturias.com\/noticias\/category\/sociedad\/#listItem","position":2,"name":"Sociedad","item":"https:\/\/www.eldigitaldeasturias.com\/noticias\/category\/sociedad\/","nextItem":{"@type":"ListItem","@id":"https:\/\/www.eldigitaldeasturias.com\/noticias\/kerstin-holze-el-sedentarismo-es-negativo-para-los-ninos\/#listItem","name":"Kerstin Holze: El sedentarismo es negativo para los ni\u00f1os"},"previousItem":{"@type":"ListItem","@id":"https:\/\/www.eldigitaldeasturias.com\/noticias#listItem","name":"Home"}},{"@type":"ListItem","@id":"https:\/\/www.eldigitaldeasturias.com\/noticias\/kerstin-holze-el-sedentarismo-es-negativo-para-los-ninos\/#listItem","position":3,"name":"Kerstin Holze: El sedentarismo es negativo para los ni\u00f1os","previousItem":{"@type":"ListItem","@id":"https:\/\/www.eldigitaldeasturias.com\/noticias\/category\/sociedad\/#listItem","name":"Sociedad"}}]},{"@type":"Organization","@id":"https:\/\/www.eldigitaldeasturias.com\/noticias\/#organization","name":"El Digital de Asturias","description":"Hemeroteca","url":"https:\/\/www.eldigitaldeasturias.com\/noticias\/","email":"info@eldigitaldeasturias.com","telephone":"+34652131393","logo":{"@type":"ImageObject","url":"https:\/\/www.eldigitaldeasturias.com\/noticias\/wp-content\/uploads\/2020\/12\/EDA.jpg","@id":"https:\/\/www.eldigitaldeasturias.com\/noticias\/kerstin-holze-el-sedentarismo-es-negativo-para-los-ninos\/#organizationLogo"},"image":{"@id":"https:\/\/www.eldigitaldeasturias.com\/noticias\/kerstin-holze-el-sedentarismo-es-negativo-para-los-ninos\/#organizationLogo"},"sameAs":["https:\/\/facebook.com\/eldigitaldeasturias","https:\/\/www.youtube.com\/channel\/UCZP-2wLEB9Rv6erhFmqVnvg"],"address":{"@id":"https:\/\/www.eldigitaldeasturias.com\/noticias\/#postaladdress","@type":"PostalAddress","streetAddress":"san antonio 4","postalCode":"33430","addressLocality":"Cand\u00e1s","addressRegion":"Asturias","addressCountry":"ES"}},{"@type":"Person","@id":"https:\/\/www.eldigitaldeasturias.com\/noticias\/author\/admin\/#author","url":"https:\/\/www.eldigitaldeasturias.com\/noticias\/author\/admin\/","name":"El Digital de Asturias","image":{"@type":"ImageObject","@id":"https:\/\/www.eldigitaldeasturias.com\/noticias\/kerstin-holze-el-sedentarismo-es-negativo-para-los-ninos\/#authorImage","url":"https:\/\/secure.gravatar.com\/avatar\/df2aeffc32bcd13f8d26072ef8a91b623d677766deac7f97ca815868cd41bf5e?s=96&d=mm&r=g","width":96,"height":96,"caption":"El Digital de Asturias"}},{"@type":"WebPage","@id":"https:\/\/www.eldigitaldeasturias.com\/noticias\/kerstin-holze-el-sedentarismo-es-negativo-para-los-ninos\/#webpage","url":"https:\/\/www.eldigitaldeasturias.com\/noticias\/kerstin-holze-el-sedentarismo-es-negativo-para-los-ninos\/","name":"Kerstin Holze: El sedentarismo es negativo para los ni\u00f1os - El Digital de Asturias","description":"Kerstin Holze advirti\u00f3 de que la falta de movimiento causada por la pandemia de coronavirus pone en peligro la salud f\u00edsica y mental de los ni\u00f1os ..","inLanguage":"es-ES","isPartOf":{"@id":"https:\/\/www.eldigitaldeasturias.com\/noticias\/#website"},"breadcrumb":{"@id":"https:\/\/www.eldigitaldeasturias.com\/noticias\/kerstin-holze-el-sedentarismo-es-negativo-para-los-ninos\/#breadcrumblist"},"author":{"@id":"https:\/\/www.eldigitaldeasturias.com\/noticias\/author\/admin\/#author"},"creator":{"@id":"https:\/\/www.eldigitaldeasturias.com\/noticias\/author\/admin\/#author"},"image":{"@type":"ImageObject","url":"https:\/\/www.eldigitaldeasturias.com\/noticias\/wp-content\/uploads\/2026\/06\/Contenidos.jpg","@id":"https:\/\/www.eldigitaldeasturias.com\/noticias\/kerstin-holze-el-sedentarismo-es-negativo-para-los-ninos\/#mainImage","width":1265,"height":697,"caption":"Contenidos"},"primaryImageOfPage":{"@id":"https:\/\/www.eldigitaldeasturias.com\/noticias\/kerstin-holze-el-sedentarismo-es-negativo-para-los-ninos\/#mainImage"},"datePublished":"2021-05-22T23:30:14+02:00","dateModified":"2021-05-22T23:30:14+02:00"},{"@type":"WebSite","@id":"https:\/\/www.eldigitaldeasturias.com\/noticias\/#website","url":"https:\/\/www.eldigitaldeasturias.com\/noticias\/","name":"El Digital de Asturias - Diario de actualidad y noticias","alternateName":"El Digital de Asturias - Diario de actualidad y noticias","description":"Hemeroteca","inLanguage":"es-ES","publisher":{"@id":"https:\/\/www.eldigitaldeasturias.com\/noticias\/#organization"}}]},"og:locale":"es_ES","og:site_name":"El Digital de Asturias","og:type":"article","og:title":"Kerstin Holze: El sedentarismo es negativo para los ni\u00f1os - El Digital de Asturias","og:description":"Kerstin Holze advirti\u00f3 de que la falta de movimiento causada por la pandemia de coronavirus pone en peligro la salud f\u00edsica y mental de los ni\u00f1os ..","og:url":"https:\/\/www.eldigitaldeasturias.com\/noticias\/kerstin-holze-el-sedentarismo-es-negativo-para-los-ninos\/","og:image":"https:\/\/www.eldigitaldeasturias.com\/noticias\/wp-content\/uploads\/2026\/06\/Contenidos.jpg","og:image:secure_url":"https:\/\/www.eldigitaldeasturias.com\/noticias\/wp-content\/uploads\/2026\/06\/Contenidos.jpg","og:image:width":1265,"og:image:height":697,"article:tag":["sociedad"],"article:published_time":"2021-05-22T22:30:14+00:00","article:modified_time":"2021-05-22T22:30:14+00:00","article:publisher":"https:\/\/facebook.com\/eldigitaldeasturias","twitter:card":"summary_large_image","twitter:title":"Kerstin Holze: El sedentarismo es negativo para los ni\u00f1os - El Digital de Asturias","twitter:description":"Kerstin Holze advirti\u00f3 de que la falta de movimiento causada por la pandemia de coronavirus pone en peligro la salud f\u00edsica y mental de los ni\u00f1os ..","twitter:image":"https:\/\/www.eldigitaldeasturias.com\/noticias\/wp-content\/uploads\/2026\/06\/Contenidos.jpg","twitter:label1":"Escrito por","twitter:data1":"El Digital de Asturias","twitter:label2":"Tiempo de lectura estimado","twitter:data2":"2 minutos"},"aioseo_meta_data":{"post_id":"1092118","title":null,"description":"Kerstin Holze advirti\u00f3 de que la falta de movimiento causada por la pandemia de coronavirus pone en peligro la salud f\u00edsica y mental de los ni\u00f1os ..","keywords":[],"keyphrases":{"focus":[],"additional":[]},"primary_term":null,"canonical_url":null,"og_title":null,"og_description":null,"og_object_type":"default","og_image_type":"default","og_image_url":null,"og_image_width":null,"og_image_height":null,"og_image_custom_url":null,"og_image_custom_fields":null,"og_video":"","og_custom_url":null,"og_article_section":null,"og_article_tags":[],"twitter_use_og":false,"twitter_card":"default","twitter_image_type":"default","twitter_image_url":null,"twitter_image_custom_url":null,"twitter_image_custom_fields":null,"twitter_title":null,"twitter_description":null,"schema":{"blockGraphs":[],"customGraphs":[],"default":{"data":{"Article":[],"Course":[],"Dataset":[],"FAQPage":[],"Movie":[],"Person":[],"Product":[],"ProductReview":[],"Car":[],"Recipe":[],"Service":[],"SoftwareApplication":[],"WebPage":[]},"graphName":"","isEnabled":true},"graphs":[],"defaultGraph":"Article","defaultPostTypeGraph":""},"schema_type":"default","schema_type_options":"{\"article\":{\"articleType\":\"BlogPosting\"},\"course\":{\"name\":\"\",\"description\":\"\",\"provider\":\"\"},\"faq\":{\"pages\":[]},\"product\":{\"reviews\":[]},\"recipe\":{\"ingredients\":[],\"instructions\":[],\"keywords\":[]},\"software\":{\"reviews\":[],\"operatingSystems\":[]},\"webPage\":{\"webPageType\":\"WebPage\"}}","pillar_content":false,"robots_default":true,"robots_noindex":false,"robots_noarchive":false,"robots_nosnippet":false,"robots_nofollow":false,"robots_noimageindex":false,"robots_noodp":false,"robots_notranslate":false,"robots_max_snippet":"-1","robots_max_videopreview":"-1","robots_max_imagepreview":"large","priority":null,"frequency":"default","local_seo":{"locations":{"business":{"name":"","businessType":"","image":"","areaServed":"","urls":{"website":"","aboutPage":"","contactPage":""},"address":{"streetLine1":"","streetLine2":"","zipCode":"","city":"","state":"","country":"","addressFormat":"#streetLineOne\n#streetLineTwo\n#city, #state #zipCode"},"contact":{"email":"","phone":"","phoneFormatted":"","fax":"","faxFormatted":""},"ids":{"vat":"","tax":"","chamberOfCommerce":""},"payment":{"priceRange":"","currenciesAccepted":"","methods":""}}},"openingHours":{"useDefaults":true,"show":true,"alwaysOpen":false,"use24hFormat":false,"timezone":"","labels":{"closed":"","alwaysOpen":""},"days":{"monday":{"open24h":false,"closed":false,"openTime":"09:00","closeTime":"17:00"},"tuesday":{"open24h":false,"closed":false,"openTime":"09:00","closeTime":"17:00"},"wednesday":{"open24h":false,"closed":false,"openTime":"09:00","closeTime":"17:00"},"thursday":{"open24h":false,"closed":false,"openTime":"09:00","closeTime":"17:00"},"friday":{"open24h":false,"closed":false,"openTime":"09:00","closeTime":"17:00"},"saturday":{"open24h":false,"closed":false,"openTime":"09:00","closeTime":"17:00"},"sunday":{"open24h":false,"closed":false,"openTime":"09:00","closeTime":"17:00"}}}},"seo_analyzer_scan_date":"2026-07-18 02:57:09","breadcrumb_settings":null,"limit_modified_date":false,"open_ai":null,"ai":null,"created":"2021-05-22 22:26:05","updated":"2026-07-18 02:57:09","focus_keyword":null,"additional_keywords":null,"truseo_locale":null},"aioseo_breadcrumb":"<div class=\"aioseo-breadcrumbs\"><span class=\"aioseo-breadcrumb\">\n\t<a href=\"https:\/\/www.eldigitaldeasturias.com\/noticias\" title=\"Home\">Home<\/a>\n<\/span><span class=\"aioseo-breadcrumb-separator\">\u2013<\/span><span class=\"aioseo-breadcrumb\">\n\t<a href=\"https:\/\/www.eldigitaldeasturias.com\/noticias\/category\/sociedad\/\" title=\"Sociedad\">Sociedad<\/a>\n<\/span><span class=\"aioseo-breadcrumb-separator\">\u2013<\/span><span class=\"aioseo-breadcrumb\">\n\t<a href=\"https:\/\/www.eldigitaldeasturias.com\/noticias\/kerstin-holze-el-sedentarismo-es-negativo-para-los-ninos\/\" title=\"Kerstin Holze: El sedentarismo es negativo para los ni\u00f1os\">Kerstin Holze: El sedentarismo es negativo para los ni\u00f1os<\/a>\n<\/span><\/div>","aioseo_breadcrumb_json":[{"label":"Home","link":"https:\/\/www.eldigitaldeasturias.com\/noticias"},{"label":"Sociedad","link":"https:\/\/www.eldigitaldeasturias.com\/noticias\/category\/sociedad\/"},{"label":"Kerstin Holze: El sedentarismo es negativo para los ni\u00f1os","link":"https:\/\/www.eldigitaldeasturias.com\/noticias\/kerstin-holze-el-sedentarismo-es-negativo-para-los-ninos\/"}],"_links":{"self":[{"href":"https:\/\/www.eldigitaldeasturias.com\/noticias\/wp-json\/wp\/v2\/posts\/1092118","targetHints":{"allow":["GET"]}}],"collection":[{"href":"https:\/\/www.eldigitaldeasturias.com\/noticias\/wp-json\/wp\/v2\/posts"}],"about":[{"href":"https:\/\/www.eldigitaldeasturias.com\/noticias\/wp-json\/wp\/v2\/types\/post"}],"author":[{"embeddable":true,"href":"https:\/\/www.eldigitaldeasturias.com\/noticias\/wp-json\/wp\/v2\/users\/1"}],"replies":[{"embeddable":true,"href":"https:\/\/www.eldigitaldeasturias.com\/noticias\/wp-json\/wp\/v2\/comments?post=1092118"}],"version-history":[{"count":0,"href":"https:\/\/www.eldigitaldeasturias.com\/noticias\/wp-json\/wp\/v2\/posts\/1092118\/revisions"}],"wp:featuredmedia":[{"embeddable":true,"href":"https:\/\/www.eldigitaldeasturias.com\/noticias\/wp-json\/wp\/v2\/media\/1132184"}],"wp:attachment":[{"href":"https:\/\/www.eldigitaldeasturias.com\/noticias\/wp-json\/wp\/v2\/media?parent=1092118"}],"wp:term":[{"taxonomy":"category","embeddable":true,"href":"https:\/\/www.eldigitaldeasturias.com\/noticias\/wp-json\/wp\/v2\/categories?post=1092118"},{"taxonomy":"post_tag","embeddable":true,"href":"https:\/\/www.eldigitaldeasturias.com\/noticias\/wp-json\/wp\/v2\/tags?post=1092118"}],"curies":[{"name":"wp","href":"https:\/\/api.w.org\/{rel}","templated":true}]}}