{"id":1092070,"date":"2021-05-22T12:50:22","date_gmt":"2021-05-22T11:50:22","guid":{"rendered":"https:\/\/www.eldigitaldeasturias.com\/noticias\/?p=1092070"},"modified":"2021-05-22T12:50:22","modified_gmt":"2021-05-22T11:50:22","slug":"orbita-9-en-version-espanola","status":"publish","type":"post","link":"https:\/\/www.eldigitaldeasturias.com\/noticias\/orbita-9-en-version-espanola\/","title":{"rendered":"\u00ab\u00d3rbita 9\u00bb en \u00abVersi\u00f3n Espa\u00f1ola\u00bb"},"content":{"rendered":"<p><img loading=\"lazy\" decoding=\"async\" class=\"alignleft size-medium wp-image-1072820\" src=\"https:\/\/www.eldigitaldeasturias.com\/noticias\/wp-content\/uploads\/2020\/08\/film-596009_640-360x254.jpg\" alt=\"\" width=\"360\" height=\"254\" \/>El programa \u00abVersi\u00f3n Espa\u00f1ola\u00bb nos ofrece el domingo \u2018\u00d3rbita 9\u2019, audaz incursi\u00f3n en la ciencia ficci\u00f3n y debut en la direcci\u00f3n de Hatem Khraiche. En ella, Helena (Clara Lago) lleva prepar\u00e1ndose desde que naci\u00f3 para una misi\u00f3n de supervivencia. Aunque ella a\u00fan no lo sabe, forma parte de un ensayo cient\u00edfico de gran envergadura. Su destino cambia cuando se cruza en su vida \u00c1lex (\u00c1lex Gonz\u00e1lez), que le hace descubrir una visi\u00f3n tan extra\u00f1a como extraordinaria de la realidad.<\/p>\n<p>Surge entre ellos un amor prohibido que pone en riesgo el experimento. Adem\u00e1s de una historia futurista y de ciencia ficci\u00f3n, es un thriller, una pel\u00edcula rom\u00e1ntica y una historia que nos enfrenta a grandes preguntas.<\/p>\n<p>Junto a Clara Lago y \u00c1lex Gonz\u00e1lez, completan el reparto Bel\u00e9n Rueda y el actor colombiano Andr\u00e9s Parra.<\/p>\n<h2>En \u2018Versi\u00f3n espa\u00f1ola. \u00daltima sesi\u00f3n\u2019: \u2018Psiconautas\u2019<\/h2>\n<p>A continuaci\u00f3n, en \u2018Versi\u00f3n Espa\u00f1ola. \u00daltima sesi\u00f3n\u2019, \u2018Psiconautas\u2019, de Alberto V\u00e1zquez y Pedro Rivero, una cinta de animaci\u00f3n y fantas\u00eda, adaptaci\u00f3n cinematogr\u00e1fica animada de la novela gr\u00e1fica hom\u00f3nima de Alberto V\u00e1zquez.<\/p>\n<p>&nbsp;<\/p>\n","protected":false},"excerpt":{"rendered":"<p>El programa \u00abVersi\u00f3n Espa\u00f1ola\u00bb nos ofrece el domingo \u2018\u00d3rbita 9\u2019, audaz incursi\u00f3n en la ciencia ficci\u00f3n y debut en la direcci\u00f3n de Hatem Khraiche. En ella, Helena (Clara Lago) lleva prepar\u00e1ndose desde que naci\u00f3 para una misi\u00f3n de supervivencia. Aunque ella a\u00fan no lo sabe, forma parte de un ensayo cient\u00edfico de gran envergadura. Su [&hellip;]<\/p>\n","protected":false},"author":1,"featured_media":1072820,"comment_status":"closed","ping_status":"closed","sticky":false,"template":"","format":"standard","meta":{"footnotes":""},"categories":[2],"tags":[],"class_list":["post-1092070","post","type-post","status-publish","format-standard","has-post-thumbnail","hentry","category-agenda"],"aioseo_notices":[],"aioseo_head":"\n\t\t<!-- All in One SEO Pro 5.0.1 - aioseo.com -->\n\t<meta name=\"description\" content=\"El programa &quot;Versi\u00f3n Espa\u00f1ola&quot; nos ofrece el domingo \u2018\u00d3rbita 9\u2019, audaz incursi\u00f3n en la ciencia ficci\u00f3n y debut en la direcci\u00f3n de Hatem Khraiche. En ella ..\" \/>\n\t<meta name=\"robots\" content=\"max-image-preview:large\" \/>\n\t<meta name=\"author\" content=\"El Digital de Asturias\"\/>\n\t<meta name=\"google-site-verification\" content=\"UA-38556648-1\" \/>\n\t<meta name=\"msvalidate.01\" content=\"7dfe9f3f1b24437ab69f4f2559babe99\" \/>\n\t<meta name=\"keywords\" content=\"agenda\" \/>\n\t<link rel=\"canonical\" href=\"https:\/\/www.eldigitaldeasturias.com\/noticias\/orbita-9-en-version-espanola\/\" \/>\n\t<meta name=\"generator\" content=\"All in One SEO Pro (AIOSEO) 5.0.1\" \/>\n\t\t<meta property=\"og:locale\" content=\"es_ES\" \/>\n\t\t<meta property=\"og:site_name\" content=\"El Digital de Asturias\" \/>\n\t\t<meta property=\"og:type\" content=\"article\" \/>\n\t\t<meta property=\"og:title\" content=\"\u00ab\u00d3rbita 9\u00bb en \u00abVersi\u00f3n Espa\u00f1ola\u00bb - El Digital de Asturias\" \/>\n\t\t<meta property=\"og:description\" content=\"El programa &quot;Versi\u00f3n Espa\u00f1ola&quot; nos ofrece el domingo \u2018\u00d3rbita 9\u2019, audaz incursi\u00f3n en la ciencia ficci\u00f3n y debut en la direcci\u00f3n de Hatem Khraiche. En ella ..\" \/>\n\t\t<meta property=\"og:url\" content=\"https:\/\/www.eldigitaldeasturias.com\/noticias\/orbita-9-en-version-espanola\/\" \/>\n\t\t<meta property=\"article:tag\" content=\"agenda\" \/>\n\t\t<meta property=\"article:published_time\" content=\"2021-05-22T11:50:22+00:00\" \/>\n\t\t<meta property=\"article:modified_time\" content=\"2021-05-22T11:50:22+00:00\" \/>\n\t\t<meta property=\"article:publisher\" content=\"https:\/\/facebook.com\/eldigitaldeasturias\" \/>\n\t\t<meta name=\"twitter:card\" content=\"summary_large_image\" \/>\n\t\t<meta name=\"twitter:title\" content=\"\u00ab\u00d3rbita 9\u00bb en \u00abVersi\u00f3n Espa\u00f1ola\u00bb - El Digital de Asturias\" \/>\n\t\t<meta name=\"twitter:description\" content=\"El programa &quot;Versi\u00f3n Espa\u00f1ola&quot; nos ofrece el domingo \u2018\u00d3rbita 9\u2019, audaz incursi\u00f3n en la ciencia ficci\u00f3n y debut en la direcci\u00f3n de Hatem Khraiche. En ella ..\" \/>\n\t\t<meta name=\"twitter:image\" content=\"https:\/\/www.eldigitaldeasturias.com\/noticias\/wp-content\/uploads\/2020\/12\/EDA-1.jpg\" \/>\n\t\t<meta name=\"twitter:label1\" content=\"Escrito por\" \/>\n\t\t<meta name=\"twitter:data1\" content=\"El Digital de Asturias\" \/>\n\t\t<meta name=\"twitter:label2\" content=\"Tiempo de lectura estimado\" \/>\n\t\t<meta name=\"twitter:data2\" content=\"1 minuto\" \/>\n\t\t<script type=\"application\/ld+json\" class=\"aioseo-schema\">\n\t\t\t{\"@context\":\"https:\\\/\\\/schema.org\",\"@graph\":[{\"@type\":\"BlogPosting\",\"@id\":\"https:\\\/\\\/www.eldigitaldeasturias.com\\\/noticias\\\/orbita-9-en-version-espanola\\\/#blogposting\",\"name\":\"\\u00ab\\u00d3rbita 9\\u00bb en \\u00abVersi\\u00f3n Espa\\u00f1ola\\u00bb - El Digital de Asturias\",\"headline\":\"\\u00ab\\u00d3rbita 9\\u00bb en \\u00abVersi\\u00f3n Espa\\u00f1ola\\u00bb\",\"author\":{\"@id\":\"https:\\\/\\\/www.eldigitaldeasturias.com\\\/noticias\\\/author\\\/admin\\\/#author\"},\"publisher\":{\"@id\":\"https:\\\/\\\/www.eldigitaldeasturias.com\\\/noticias\\\/#organization\"},\"image\":{\"@type\":\"ImageObject\",\"url\":1072820},\"datePublished\":\"2021-05-22T12:50:22+02:00\",\"dateModified\":\"2021-05-22T12:50:22+02:00\",\"inLanguage\":\"es-ES\",\"mainEntityOfPage\":{\"@id\":\"https:\\\/\\\/www.eldigitaldeasturias.com\\\/noticias\\\/orbita-9-en-version-espanola\\\/#webpage\"},\"isPartOf\":{\"@id\":\"https:\\\/\\\/www.eldigitaldeasturias.com\\\/noticias\\\/orbita-9-en-version-espanola\\\/#webpage\"},\"articleSection\":\"Agenda\"},{\"@type\":\"BreadcrumbList\",\"@id\":\"https:\\\/\\\/www.eldigitaldeasturias.com\\\/noticias\\\/orbita-9-en-version-espanola\\\/#breadcrumblist\",\"itemListElement\":[{\"@type\":\"ListItem\",\"@id\":\"https:\\\/\\\/www.eldigitaldeasturias.com\\\/noticias#listItem\",\"position\":1,\"name\":\"Home\",\"item\":\"https:\\\/\\\/www.eldigitaldeasturias.com\\\/noticias\",\"nextItem\":{\"@type\":\"ListItem\",\"@id\":\"https:\\\/\\\/www.eldigitaldeasturias.com\\\/noticias\\\/category\\\/agenda\\\/#listItem\",\"name\":\"Agenda\"}},{\"@type\":\"ListItem\",\"@id\":\"https:\\\/\\\/www.eldigitaldeasturias.com\\\/noticias\\\/category\\\/agenda\\\/#listItem\",\"position\":2,\"name\":\"Agenda\",\"item\":\"https:\\\/\\\/www.eldigitaldeasturias.com\\\/noticias\\\/category\\\/agenda\\\/\",\"nextItem\":{\"@type\":\"ListItem\",\"@id\":\"https:\\\/\\\/www.eldigitaldeasturias.com\\\/noticias\\\/orbita-9-en-version-espanola\\\/#listItem\",\"name\":\"\\u00ab\\u00d3rbita 9\\u00bb en \\u00abVersi\\u00f3n Espa\\u00f1ola\\u00bb\"},\"previousItem\":{\"@type\":\"ListItem\",\"@id\":\"https:\\\/\\\/www.eldigitaldeasturias.com\\\/noticias#listItem\",\"name\":\"Home\"}},{\"@type\":\"ListItem\",\"@id\":\"https:\\\/\\\/www.eldigitaldeasturias.com\\\/noticias\\\/orbita-9-en-version-espanola\\\/#listItem\",\"position\":3,\"name\":\"\\u00ab\\u00d3rbita 9\\u00bb en \\u00abVersi\\u00f3n Espa\\u00f1ola\\u00bb\",\"previousItem\":{\"@type\":\"ListItem\",\"@id\":\"https:\\\/\\\/www.eldigitaldeasturias.com\\\/noticias\\\/category\\\/agenda\\\/#listItem\",\"name\":\"Agenda\"}}]},{\"@type\":\"Organization\",\"@id\":\"https:\\\/\\\/www.eldigitaldeasturias.com\\\/noticias\\\/#organization\",\"name\":\"El Digital de Asturias\",\"description\":\"Hemeroteca\",\"url\":\"https:\\\/\\\/www.eldigitaldeasturias.com\\\/noticias\\\/\",\"email\":\"info@eldigitaldeasturias.com\",\"telephone\":\"+34652131393\",\"logo\":{\"@type\":\"ImageObject\",\"url\":\"https:\\\/\\\/www.eldigitaldeasturias.com\\\/noticias\\\/wp-content\\\/uploads\\\/2020\\\/12\\\/EDA.jpg\",\"@id\":\"https:\\\/\\\/www.eldigitaldeasturias.com\\\/noticias\\\/orbita-9-en-version-espanola\\\/#organizationLogo\"},\"image\":{\"@id\":\"https:\\\/\\\/www.eldigitaldeasturias.com\\\/noticias\\\/orbita-9-en-version-espanola\\\/#organizationLogo\"},\"sameAs\":[\"https:\\\/\\\/facebook.com\\\/eldigitaldeasturias\",\"https:\\\/\\\/www.youtube.com\\\/channel\\\/UCZP-2wLEB9Rv6erhFmqVnvg\"],\"address\":{\"@id\":\"https:\\\/\\\/www.eldigitaldeasturias.com\\\/noticias\\\/#postaladdress\",\"@type\":\"PostalAddress\",\"streetAddress\":\"san antonio 4\",\"postalCode\":\"33430\",\"addressLocality\":\"Cand\\u00e1s\",\"addressRegion\":\"Asturias\",\"addressCountry\":\"ES\"}},{\"@type\":\"Person\",\"@id\":\"https:\\\/\\\/www.eldigitaldeasturias.com\\\/noticias\\\/author\\\/admin\\\/#author\",\"url\":\"https:\\\/\\\/www.eldigitaldeasturias.com\\\/noticias\\\/author\\\/admin\\\/\",\"name\":\"El Digital de Asturias\",\"image\":{\"@type\":\"ImageObject\",\"@id\":\"https:\\\/\\\/www.eldigitaldeasturias.com\\\/noticias\\\/orbita-9-en-version-espanola\\\/#authorImage\",\"url\":\"https:\\\/\\\/secure.gravatar.com\\\/avatar\\\/df2aeffc32bcd13f8d26072ef8a91b623d677766deac7f97ca815868cd41bf5e?s=96&d=mm&r=g\",\"width\":96,\"height\":96,\"caption\":\"El Digital de Asturias\"}},{\"@type\":\"WebPage\",\"@id\":\"https:\\\/\\\/www.eldigitaldeasturias.com\\\/noticias\\\/orbita-9-en-version-espanola\\\/#webpage\",\"url\":\"https:\\\/\\\/www.eldigitaldeasturias.com\\\/noticias\\\/orbita-9-en-version-espanola\\\/\",\"name\":\"\\u00ab\\u00d3rbita 9\\u00bb en \\u00abVersi\\u00f3n Espa\\u00f1ola\\u00bb - El Digital de Asturias\",\"description\":\"El programa \\\"Versi\\u00f3n Espa\\u00f1ola\\\" nos ofrece el domingo \\u2018\\u00d3rbita 9\\u2019, audaz incursi\\u00f3n en la ciencia ficci\\u00f3n y debut en la direcci\\u00f3n de Hatem Khraiche. En ella ..\",\"inLanguage\":\"es-ES\",\"isPartOf\":{\"@id\":\"https:\\\/\\\/www.eldigitaldeasturias.com\\\/noticias\\\/#website\"},\"breadcrumb\":{\"@id\":\"https:\\\/\\\/www.eldigitaldeasturias.com\\\/noticias\\\/orbita-9-en-version-espanola\\\/#breadcrumblist\"},\"author\":{\"@id\":\"https:\\\/\\\/www.eldigitaldeasturias.com\\\/noticias\\\/author\\\/admin\\\/#author\"},\"creator\":{\"@id\":\"https:\\\/\\\/www.eldigitaldeasturias.com\\\/noticias\\\/author\\\/admin\\\/#author\"},\"image\":{\"@type\":\"ImageObject\",\"url\":1072820,\"@id\":\"https:\\\/\\\/www.eldigitaldeasturias.com\\\/noticias\\\/orbita-9-en-version-espanola\\\/#mainImage\"},\"primaryImageOfPage\":{\"@id\":\"https:\\\/\\\/www.eldigitaldeasturias.com\\\/noticias\\\/orbita-9-en-version-espanola\\\/#mainImage\"},\"datePublished\":\"2021-05-22T12:50:22+02:00\",\"dateModified\":\"2021-05-22T12:50:22+02:00\"},{\"@type\":\"WebSite\",\"@id\":\"https:\\\/\\\/www.eldigitaldeasturias.com\\\/noticias\\\/#website\",\"url\":\"https:\\\/\\\/www.eldigitaldeasturias.com\\\/noticias\\\/\",\"name\":\"El Digital de Asturias - Diario de actualidad y noticias\",\"alternateName\":\"El Digital de Asturias - Diario de actualidad y noticias\",\"description\":\"Hemeroteca\",\"inLanguage\":\"es-ES\",\"publisher\":{\"@id\":\"https:\\\/\\\/www.eldigitaldeasturias.com\\\/noticias\\\/#organization\"}}]}\n\t\t<\/script>\n\t\t<!-- All in One SEO Pro -->\r\n\t\t<title>\u00ab\u00d3rbita 9\u00bb en \u00abVersi\u00f3n Espa\u00f1ola\u00bb - El Digital de Asturias<\/title>\n\n","aioseo_head_json":{"title":"\u00ab\u00d3rbita 9\u00bb en \u00abVersi\u00f3n Espa\u00f1ola\u00bb - El Digital de Asturias","description":"El programa \"Versi\u00f3n Espa\u00f1ola\" nos ofrece el domingo \u2018\u00d3rbita 9\u2019, audaz incursi\u00f3n en la ciencia ficci\u00f3n y debut en la direcci\u00f3n de Hatem Khraiche. En ella ..","canonical_url":"https:\/\/www.eldigitaldeasturias.com\/noticias\/orbita-9-en-version-espanola\/","robots":"max-image-preview:large","keywords":"agenda","webmasterTools":{"google-site-verification":"UA-38556648-1","msvalidate.01":"7dfe9f3f1b24437ab69f4f2559babe99","miscellaneous":""},"schema":{"@context":"https:\/\/schema.org","@graph":[{"@type":"BlogPosting","@id":"https:\/\/www.eldigitaldeasturias.com\/noticias\/orbita-9-en-version-espanola\/#blogposting","name":"\u00ab\u00d3rbita 9\u00bb en \u00abVersi\u00f3n Espa\u00f1ola\u00bb - El Digital de Asturias","headline":"\u00ab\u00d3rbita 9\u00bb en \u00abVersi\u00f3n Espa\u00f1ola\u00bb","author":{"@id":"https:\/\/www.eldigitaldeasturias.com\/noticias\/author\/admin\/#author"},"publisher":{"@id":"https:\/\/www.eldigitaldeasturias.com\/noticias\/#organization"},"image":{"@type":"ImageObject","url":1072820},"datePublished":"2021-05-22T12:50:22+02:00","dateModified":"2021-05-22T12:50:22+02:00","inLanguage":"es-ES","mainEntityOfPage":{"@id":"https:\/\/www.eldigitaldeasturias.com\/noticias\/orbita-9-en-version-espanola\/#webpage"},"isPartOf":{"@id":"https:\/\/www.eldigitaldeasturias.com\/noticias\/orbita-9-en-version-espanola\/#webpage"},"articleSection":"Agenda"},{"@type":"BreadcrumbList","@id":"https:\/\/www.eldigitaldeasturias.com\/noticias\/orbita-9-en-version-espanola\/#breadcrumblist","itemListElement":[{"@type":"ListItem","@id":"https:\/\/www.eldigitaldeasturias.com\/noticias#listItem","position":1,"name":"Home","item":"https:\/\/www.eldigitaldeasturias.com\/noticias","nextItem":{"@type":"ListItem","@id":"https:\/\/www.eldigitaldeasturias.com\/noticias\/category\/agenda\/#listItem","name":"Agenda"}},{"@type":"ListItem","@id":"https:\/\/www.eldigitaldeasturias.com\/noticias\/category\/agenda\/#listItem","position":2,"name":"Agenda","item":"https:\/\/www.eldigitaldeasturias.com\/noticias\/category\/agenda\/","nextItem":{"@type":"ListItem","@id":"https:\/\/www.eldigitaldeasturias.com\/noticias\/orbita-9-en-version-espanola\/#listItem","name":"\u00ab\u00d3rbita 9\u00bb en \u00abVersi\u00f3n Espa\u00f1ola\u00bb"},"previousItem":{"@type":"ListItem","@id":"https:\/\/www.eldigitaldeasturias.com\/noticias#listItem","name":"Home"}},{"@type":"ListItem","@id":"https:\/\/www.eldigitaldeasturias.com\/noticias\/orbita-9-en-version-espanola\/#listItem","position":3,"name":"\u00ab\u00d3rbita 9\u00bb en \u00abVersi\u00f3n Espa\u00f1ola\u00bb","previousItem":{"@type":"ListItem","@id":"https:\/\/www.eldigitaldeasturias.com\/noticias\/category\/agenda\/#listItem","name":"Agenda"}}]},{"@type":"Organization","@id":"https:\/\/www.eldigitaldeasturias.com\/noticias\/#organization","name":"El Digital de Asturias","description":"Hemeroteca","url":"https:\/\/www.eldigitaldeasturias.com\/noticias\/","email":"info@eldigitaldeasturias.com","telephone":"+34652131393","logo":{"@type":"ImageObject","url":"https:\/\/www.eldigitaldeasturias.com\/noticias\/wp-content\/uploads\/2020\/12\/EDA.jpg","@id":"https:\/\/www.eldigitaldeasturias.com\/noticias\/orbita-9-en-version-espanola\/#organizationLogo"},"image":{"@id":"https:\/\/www.eldigitaldeasturias.com\/noticias\/orbita-9-en-version-espanola\/#organizationLogo"},"sameAs":["https:\/\/facebook.com\/eldigitaldeasturias","https:\/\/www.youtube.com\/channel\/UCZP-2wLEB9Rv6erhFmqVnvg"],"address":{"@id":"https:\/\/www.eldigitaldeasturias.com\/noticias\/#postaladdress","@type":"PostalAddress","streetAddress":"san antonio 4","postalCode":"33430","addressLocality":"Cand\u00e1s","addressRegion":"Asturias","addressCountry":"ES"}},{"@type":"Person","@id":"https:\/\/www.eldigitaldeasturias.com\/noticias\/author\/admin\/#author","url":"https:\/\/www.eldigitaldeasturias.com\/noticias\/author\/admin\/","name":"El Digital de Asturias","image":{"@type":"ImageObject","@id":"https:\/\/www.eldigitaldeasturias.com\/noticias\/orbita-9-en-version-espanola\/#authorImage","url":"https:\/\/secure.gravatar.com\/avatar\/df2aeffc32bcd13f8d26072ef8a91b623d677766deac7f97ca815868cd41bf5e?s=96&d=mm&r=g","width":96,"height":96,"caption":"El Digital de Asturias"}},{"@type":"WebPage","@id":"https:\/\/www.eldigitaldeasturias.com\/noticias\/orbita-9-en-version-espanola\/#webpage","url":"https:\/\/www.eldigitaldeasturias.com\/noticias\/orbita-9-en-version-espanola\/","name":"\u00ab\u00d3rbita 9\u00bb en \u00abVersi\u00f3n Espa\u00f1ola\u00bb - El Digital de Asturias","description":"El programa \"Versi\u00f3n Espa\u00f1ola\" nos ofrece el domingo \u2018\u00d3rbita 9\u2019, audaz incursi\u00f3n en la ciencia ficci\u00f3n y debut en la direcci\u00f3n de Hatem Khraiche. En ella ..","inLanguage":"es-ES","isPartOf":{"@id":"https:\/\/www.eldigitaldeasturias.com\/noticias\/#website"},"breadcrumb":{"@id":"https:\/\/www.eldigitaldeasturias.com\/noticias\/orbita-9-en-version-espanola\/#breadcrumblist"},"author":{"@id":"https:\/\/www.eldigitaldeasturias.com\/noticias\/author\/admin\/#author"},"creator":{"@id":"https:\/\/www.eldigitaldeasturias.com\/noticias\/author\/admin\/#author"},"image":{"@type":"ImageObject","url":1072820,"@id":"https:\/\/www.eldigitaldeasturias.com\/noticias\/orbita-9-en-version-espanola\/#mainImage"},"primaryImageOfPage":{"@id":"https:\/\/www.eldigitaldeasturias.com\/noticias\/orbita-9-en-version-espanola\/#mainImage"},"datePublished":"2021-05-22T12:50:22+02:00","dateModified":"2021-05-22T12:50:22+02:00"},{"@type":"WebSite","@id":"https:\/\/www.eldigitaldeasturias.com\/noticias\/#website","url":"https:\/\/www.eldigitaldeasturias.com\/noticias\/","name":"El Digital de Asturias - Diario de actualidad y noticias","alternateName":"El Digital de Asturias - Diario de actualidad y noticias","description":"Hemeroteca","inLanguage":"es-ES","publisher":{"@id":"https:\/\/www.eldigitaldeasturias.com\/noticias\/#organization"}}]},"og:locale":"es_ES","og:site_name":"El Digital de Asturias","og:type":"article","og:title":"\u00ab\u00d3rbita 9\u00bb en \u00abVersi\u00f3n Espa\u00f1ola\u00bb - El Digital de Asturias","og:description":"El programa &quot;Versi\u00f3n Espa\u00f1ola&quot; nos ofrece el domingo \u2018\u00d3rbita 9\u2019, audaz incursi\u00f3n en la ciencia ficci\u00f3n y debut en la direcci\u00f3n de Hatem Khraiche. En ella ..","og:url":"https:\/\/www.eldigitaldeasturias.com\/noticias\/orbita-9-en-version-espanola\/","article:tag":["agenda"],"article:published_time":"2021-05-22T11:50:22+00:00","article:modified_time":"2021-05-22T11:50:22+00:00","article:publisher":"https:\/\/facebook.com\/eldigitaldeasturias","twitter:card":"summary_large_image","twitter:title":"\u00ab\u00d3rbita 9\u00bb en \u00abVersi\u00f3n Espa\u00f1ola\u00bb - El Digital de Asturias","twitter:description":"El programa &quot;Versi\u00f3n Espa\u00f1ola&quot; nos ofrece el domingo \u2018\u00d3rbita 9\u2019, audaz incursi\u00f3n en la ciencia ficci\u00f3n y debut en la direcci\u00f3n de Hatem Khraiche. En ella ..","twitter:image":"https:\/\/www.eldigitaldeasturias.com\/noticias\/wp-content\/uploads\/2020\/12\/EDA-1.jpg","twitter:label1":"Escrito por","twitter:data1":"El Digital de Asturias","twitter:label2":"Tiempo de lectura estimado","twitter:data2":"1 minuto"},"aioseo_meta_data":{"post_id":"1092070","title":null,"description":"El programa \"Versi\u00f3n Espa\u00f1ola\" nos ofrece el domingo \u2018\u00d3rbita 9\u2019, audaz incursi\u00f3n en la ciencia ficci\u00f3n y debut en la direcci\u00f3n de Hatem Khraiche. En ella ..","keywords":[],"keyphrases":{"focus":[],"additional":[]},"primary_term":null,"canonical_url":null,"og_title":null,"og_description":null,"og_object_type":"default","og_image_type":"default","og_image_url":null,"og_image_width":null,"og_image_height":null,"og_image_custom_url":null,"og_image_custom_fields":null,"og_video":"","og_custom_url":null,"og_article_section":null,"og_article_tags":[],"twitter_use_og":false,"twitter_card":"default","twitter_image_type":"default","twitter_image_url":null,"twitter_image_custom_url":null,"twitter_image_custom_fields":null,"twitter_title":null,"twitter_description":null,"schema":{"blockGraphs":[],"customGraphs":[],"default":{"data":{"Article":[],"Course":[],"Dataset":[],"FAQPage":[],"Movie":[],"Person":[],"Product":[],"ProductReview":[],"Car":[],"Recipe":[],"Service":[],"SoftwareApplication":[],"WebPage":[]},"graphName":"","isEnabled":true},"graphs":[],"defaultGraph":"Article","defaultPostTypeGraph":""},"schema_type":"default","schema_type_options":"{\"article\":{\"articleType\":\"BlogPosting\"},\"course\":{\"name\":\"\",\"description\":\"\",\"provider\":\"\"},\"faq\":{\"pages\":[]},\"product\":{\"reviews\":[]},\"recipe\":{\"ingredients\":[],\"instructions\":[],\"keywords\":[]},\"software\":{\"reviews\":[],\"operatingSystems\":[]},\"webPage\":{\"webPageType\":\"WebPage\"}}","pillar_content":false,"robots_default":true,"robots_noindex":false,"robots_noarchive":false,"robots_nosnippet":false,"robots_nofollow":false,"robots_noimageindex":false,"robots_noodp":false,"robots_notranslate":false,"robots_max_snippet":"-1","robots_max_videopreview":"-1","robots_max_imagepreview":"large","priority":null,"frequency":"default","local_seo":{"locations":{"business":{"name":"","businessType":"","image":"","areaServed":"","urls":{"website":"","aboutPage":"","contactPage":""},"address":{"streetLine1":"","streetLine2":"","zipCode":"","city":"","state":"","country":"","addressFormat":"#streetLineOne\n#streetLineTwo\n#city, #state #zipCode"},"contact":{"email":"","phone":"","phoneFormatted":"","fax":"","faxFormatted":""},"ids":{"vat":"","tax":"","chamberOfCommerce":""},"payment":{"priceRange":"","currenciesAccepted":"","methods":""}}},"openingHours":{"useDefaults":true,"show":true,"alwaysOpen":false,"use24hFormat":false,"timezone":"","labels":{"closed":"","alwaysOpen":""},"days":{"monday":{"open24h":false,"closed":false,"openTime":"09:00","closeTime":"17:00"},"tuesday":{"open24h":false,"closed":false,"openTime":"09:00","closeTime":"17:00"},"wednesday":{"open24h":false,"closed":false,"openTime":"09:00","closeTime":"17:00"},"thursday":{"open24h":false,"closed":false,"openTime":"09:00","closeTime":"17:00"},"friday":{"open24h":false,"closed":false,"openTime":"09:00","closeTime":"17:00"},"saturday":{"open24h":false,"closed":false,"openTime":"09:00","closeTime":"17:00"},"sunday":{"open24h":false,"closed":false,"openTime":"09:00","closeTime":"17:00"}}}},"seo_analyzer_scan_date":"2026-07-18 02:15:50","breadcrumb_settings":null,"limit_modified_date":false,"open_ai":null,"ai":null,"created":"2021-05-22 11:47:44","updated":"2026-07-18 02:15:50","focus_keyword":null,"additional_keywords":null,"truseo_locale":null},"aioseo_breadcrumb":"<div class=\"aioseo-breadcrumbs\"><span class=\"aioseo-breadcrumb\">\n\t<a href=\"https:\/\/www.eldigitaldeasturias.com\/noticias\" title=\"Home\">Home<\/a>\n<\/span><span class=\"aioseo-breadcrumb-separator\">\u2013<\/span><span class=\"aioseo-breadcrumb\">\n\t<a href=\"https:\/\/www.eldigitaldeasturias.com\/noticias\/category\/agenda\/\" title=\"Agenda\">Agenda<\/a>\n<\/span><span class=\"aioseo-breadcrumb-separator\">\u2013<\/span><span class=\"aioseo-breadcrumb\">\n\t<a href=\"https:\/\/www.eldigitaldeasturias.com\/noticias\/orbita-9-en-version-espanola\/\" title=\"\u00ab\u00d3rbita 9\u00bb en \u00abVersi\u00f3n Espa\u00f1ola\u00bb\">\u00ab\u00d3rbita 9\u00bb en \u00abVersi\u00f3n Espa\u00f1ola\u00bb<\/a>\n<\/span><\/div>","aioseo_breadcrumb_json":[{"label":"Home","link":"https:\/\/www.eldigitaldeasturias.com\/noticias"},{"label":"Agenda","link":"https:\/\/www.eldigitaldeasturias.com\/noticias\/category\/agenda\/"},{"label":"\u00ab\u00d3rbita 9\u00bb en \u00abVersi\u00f3n Espa\u00f1ola\u00bb","link":"https:\/\/www.eldigitaldeasturias.com\/noticias\/orbita-9-en-version-espanola\/"}],"_links":{"self":[{"href":"https:\/\/www.eldigitaldeasturias.com\/noticias\/wp-json\/wp\/v2\/posts\/1092070","targetHints":{"allow":["GET"]}}],"collection":[{"href":"https:\/\/www.eldigitaldeasturias.com\/noticias\/wp-json\/wp\/v2\/posts"}],"about":[{"href":"https:\/\/www.eldigitaldeasturias.com\/noticias\/wp-json\/wp\/v2\/types\/post"}],"author":[{"embeddable":true,"href":"https:\/\/www.eldigitaldeasturias.com\/noticias\/wp-json\/wp\/v2\/users\/1"}],"replies":[{"embeddable":true,"href":"https:\/\/www.eldigitaldeasturias.com\/noticias\/wp-json\/wp\/v2\/comments?post=1092070"}],"version-history":[{"count":0,"href":"https:\/\/www.eldigitaldeasturias.com\/noticias\/wp-json\/wp\/v2\/posts\/1092070\/revisions"}],"wp:attachment":[{"href":"https:\/\/www.eldigitaldeasturias.com\/noticias\/wp-json\/wp\/v2\/media?parent=1092070"}],"wp:term":[{"taxonomy":"category","embeddable":true,"href":"https:\/\/www.eldigitaldeasturias.com\/noticias\/wp-json\/wp\/v2\/categories?post=1092070"},{"taxonomy":"post_tag","embeddable":true,"href":"https:\/\/www.eldigitaldeasturias.com\/noticias\/wp-json\/wp\/v2\/tags?post=1092070"}],"curies":[{"name":"wp","href":"https:\/\/api.w.org\/{rel}","templated":true}]}}