{"id":1092015,"date":"2021-05-21T16:23:13","date_gmt":"2021-05-21T15:23:13","guid":{"rendered":"https:\/\/www.eldigitaldeasturias.com\/noticias\/?p=1092015"},"modified":"2021-05-21T16:23:13","modified_gmt":"2021-05-21T15:23:13","slug":"pumares-muestra-su-rechazo-a-los-recortes-educativos-en-asturias","status":"publish","type":"post","link":"https:\/\/www.eldigitaldeasturias.com\/noticias\/pumares-muestra-su-rechazo-a-los-recortes-educativos-en-asturias\/","title":{"rendered":"Pumares muestra su rechazo a los recortes educativos en Asturias"},"content":{"rendered":"<p><img loading=\"lazy\" decoding=\"async\" class=\"alignleft size-medium wp-image-1080774\" src=\"https:\/\/www.eldigitaldeasturias.com\/noticias\/wp-content\/uploads\/2020\/11\/Pumares-1-360x260.jpg\" alt=\"Pumares FORO Asturias\" width=\"360\" height=\"260\" \/>El secretario general y portavoz de FORO Asturias en la Junta General, Adri\u00e1n Pumares, respondi\u00f3 esta ma\u00f1ana a la portavoz del Gobierno asturiano, Melania \u00c1lvarez, tras comunicar en rueda de prensa el rechazo del Ejecutivo a contratar a m\u00e1s personal docente para el pr\u00f3ximo curso. Pumares mostr\u00f3 su \u201csorpresa\u201d, explicando que \u201cel 19 de mayo, la Ministra de Educaci\u00f3n afirm\u00f3 que hay que mantener las plantillas de docentes, manteniendo los \u2018docentes Covid\u2019 contratados durante este curso. Sin embargo, apenas dos d\u00edas despu\u00e9s, y tras reclamar desde FORO Asturias a la Consejer\u00eda de Educaci\u00f3n ampliar el contrato de esos 754 docentes contratados para hacer frente a la pandemia del coronavirus, el Gobierno asturiano dice que no, que es insostenible\u201d.<\/p>\n<p>Seg\u00fan el dirigente forista, \u201cesta discrepancia entre el Gobierno de Espa\u00f1a y de Asturias, que a quien perjudica es al profesorado, al alumnado y a las familias, no es m\u00e1s que una nueva muestra de que esta Consejera de Educaci\u00f3n y este Gobierno recortan en educaci\u00f3n\u201d.<\/p>\n<p>Pumares reiter\u00f3 su petici\u00f3n de \u201cgarantizar la continuidad de estos docentes, tal y como pide tambi\u00e9n la Ministra de Educaci\u00f3n, prolongando sus contratos durante todo el verano y evitando que sean despedidos para su posterior contrataci\u00f3n en septiembre\u201d.<\/p>\n<p>&nbsp;<\/p>\n<p>&nbsp;<\/p>\n<p>&nbsp;<\/p>\n<p>&nbsp;<\/p>\n","protected":false},"excerpt":{"rendered":"<p>El secretario general y portavoz de FORO Asturias en la Junta General, Adri\u00e1n Pumares, respondi\u00f3 esta ma\u00f1ana a la portavoz del Gobierno asturiano, Melania \u00c1lvarez, tras comunicar en rueda de prensa el rechazo del Ejecutivo a contratar a m\u00e1s personal docente para el pr\u00f3ximo curso. Pumares mostr\u00f3 su \u201csorpresa\u201d, explicando que \u201cel 19 de mayo, [&hellip;]<\/p>\n","protected":false},"author":1,"featured_media":1080774,"comment_status":"closed","ping_status":"closed","sticky":false,"template":"","format":"standard","meta":{"footnotes":""},"categories":[12],"tags":[],"class_list":["post-1092015","post","type-post","status-publish","format-standard","has-post-thumbnail","hentry","category-actualidad-asturias"],"aioseo_notices":[],"aioseo_head":"\n\t\t<!-- All in One SEO Pro 5.0.1 - aioseo.com -->\n\t<meta name=\"description\" content=\"El secretario general y portavoz de FORO Asturias en la Junta General, Adri\u00e1n Pumares, respondi\u00f3 esta ma\u00f1ana a la portavoz del Gobierno asturiano ..\" \/>\n\t<meta name=\"robots\" content=\"max-image-preview:large\" \/>\n\t<meta name=\"author\" content=\"El Digital de Asturias\"\/>\n\t<meta name=\"google-site-verification\" content=\"UA-38556648-1\" \/>\n\t<meta name=\"msvalidate.01\" content=\"7dfe9f3f1b24437ab69f4f2559babe99\" \/>\n\t<meta name=\"keywords\" content=\"asturias,foro asturias,noticias de asturias,actualidad asturias\" \/>\n\t<link rel=\"canonical\" href=\"https:\/\/www.eldigitaldeasturias.com\/noticias\/pumares-muestra-su-rechazo-a-los-recortes-educativos-en-asturias\/\" \/>\n\t<meta name=\"generator\" content=\"All in One SEO Pro (AIOSEO) 5.0.1\" \/>\n\t\t<meta property=\"og:locale\" content=\"es_ES\" \/>\n\t\t<meta property=\"og:site_name\" content=\"El Digital de Asturias\" \/>\n\t\t<meta property=\"og:type\" content=\"article\" \/>\n\t\t<meta property=\"og:title\" content=\"Pumares muestra su rechazo a los recortes educativos en Asturias - El Digital de Asturias\" \/>\n\t\t<meta property=\"og:description\" content=\"El secretario general y portavoz de FORO Asturias en la Junta General, Adri\u00e1n Pumares, respondi\u00f3 esta ma\u00f1ana a la portavoz del Gobierno asturiano ..\" \/>\n\t\t<meta property=\"og:url\" content=\"https:\/\/www.eldigitaldeasturias.com\/noticias\/pumares-muestra-su-rechazo-a-los-recortes-educativos-en-asturias\/\" \/>\n\t\t<meta property=\"article:tag\" content=\"asturias\" \/>\n\t\t<meta property=\"article:tag\" content=\"foro asturias\" \/>\n\t\t<meta property=\"article:tag\" content=\"noticias de asturias\" \/>\n\t\t<meta property=\"article:tag\" content=\"actualidad asturias\" \/>\n\t\t<meta property=\"article:published_time\" content=\"2021-05-21T15:23:13+00:00\" \/>\n\t\t<meta property=\"article:modified_time\" content=\"2021-05-21T15:23:13+00:00\" \/>\n\t\t<meta property=\"article:publisher\" content=\"https:\/\/facebook.com\/eldigitaldeasturias\" \/>\n\t\t<meta name=\"twitter:card\" content=\"summary_large_image\" \/>\n\t\t<meta name=\"twitter:title\" content=\"Pumares muestra su rechazo a los recortes educativos en Asturias - El Digital de Asturias\" \/>\n\t\t<meta name=\"twitter:description\" content=\"El secretario general y portavoz de FORO Asturias en la Junta General, Adri\u00e1n Pumares, respondi\u00f3 esta ma\u00f1ana a la portavoz del Gobierno asturiano ..\" \/>\n\t\t<meta name=\"twitter:image\" content=\"https:\/\/www.eldigitaldeasturias.com\/noticias\/wp-content\/uploads\/2020\/12\/EDA-1.jpg\" \/>\n\t\t<meta name=\"twitter:label1\" content=\"Escrito por\" \/>\n\t\t<meta name=\"twitter:data1\" content=\"El Digital de Asturias\" \/>\n\t\t<meta name=\"twitter:label2\" content=\"Tiempo de lectura estimado\" \/>\n\t\t<meta name=\"twitter:data2\" content=\"1 minuto\" \/>\n\t\t<script type=\"application\/ld+json\" class=\"aioseo-schema\">\n\t\t\t{\"@context\":\"https:\\\/\\\/schema.org\",\"@graph\":[{\"@type\":\"BlogPosting\",\"@id\":\"https:\\\/\\\/www.eldigitaldeasturias.com\\\/noticias\\\/pumares-muestra-su-rechazo-a-los-recortes-educativos-en-asturias\\\/#blogposting\",\"name\":\"Pumares muestra su rechazo a los recortes educativos en Asturias - El Digital de Asturias\",\"headline\":\"Pumares muestra su rechazo a los recortes educativos en Asturias\",\"author\":{\"@id\":\"https:\\\/\\\/www.eldigitaldeasturias.com\\\/noticias\\\/author\\\/admin\\\/#author\"},\"publisher\":{\"@id\":\"https:\\\/\\\/www.eldigitaldeasturias.com\\\/noticias\\\/#organization\"},\"image\":{\"@type\":\"ImageObject\",\"url\":1080774},\"datePublished\":\"2021-05-21T16:23:13+02:00\",\"dateModified\":\"2021-05-21T16:23:13+02:00\",\"inLanguage\":\"es-ES\",\"mainEntityOfPage\":{\"@id\":\"https:\\\/\\\/www.eldigitaldeasturias.com\\\/noticias\\\/pumares-muestra-su-rechazo-a-los-recortes-educativos-en-asturias\\\/#webpage\"},\"isPartOf\":{\"@id\":\"https:\\\/\\\/www.eldigitaldeasturias.com\\\/noticias\\\/pumares-muestra-su-rechazo-a-los-recortes-educativos-en-asturias\\\/#webpage\"},\"articleSection\":\"Actualidad Asturias\"},{\"@type\":\"BreadcrumbList\",\"@id\":\"https:\\\/\\\/www.eldigitaldeasturias.com\\\/noticias\\\/pumares-muestra-su-rechazo-a-los-recortes-educativos-en-asturias\\\/#breadcrumblist\",\"itemListElement\":[{\"@type\":\"ListItem\",\"@id\":\"https:\\\/\\\/www.eldigitaldeasturias.com\\\/noticias#listItem\",\"position\":1,\"name\":\"Home\",\"item\":\"https:\\\/\\\/www.eldigitaldeasturias.com\\\/noticias\",\"nextItem\":{\"@type\":\"ListItem\",\"@id\":\"https:\\\/\\\/www.eldigitaldeasturias.com\\\/noticias\\\/category\\\/actualidad-asturias\\\/#listItem\",\"name\":\"Actualidad Asturias\"}},{\"@type\":\"ListItem\",\"@id\":\"https:\\\/\\\/www.eldigitaldeasturias.com\\\/noticias\\\/category\\\/actualidad-asturias\\\/#listItem\",\"position\":2,\"name\":\"Actualidad Asturias\",\"item\":\"https:\\\/\\\/www.eldigitaldeasturias.com\\\/noticias\\\/category\\\/actualidad-asturias\\\/\",\"nextItem\":{\"@type\":\"ListItem\",\"@id\":\"https:\\\/\\\/www.eldigitaldeasturias.com\\\/noticias\\\/pumares-muestra-su-rechazo-a-los-recortes-educativos-en-asturias\\\/#listItem\",\"name\":\"Pumares muestra su rechazo a los recortes educativos en Asturias\"},\"previousItem\":{\"@type\":\"ListItem\",\"@id\":\"https:\\\/\\\/www.eldigitaldeasturias.com\\\/noticias#listItem\",\"name\":\"Home\"}},{\"@type\":\"ListItem\",\"@id\":\"https:\\\/\\\/www.eldigitaldeasturias.com\\\/noticias\\\/pumares-muestra-su-rechazo-a-los-recortes-educativos-en-asturias\\\/#listItem\",\"position\":3,\"name\":\"Pumares muestra su rechazo a los recortes educativos en Asturias\",\"previousItem\":{\"@type\":\"ListItem\",\"@id\":\"https:\\\/\\\/www.eldigitaldeasturias.com\\\/noticias\\\/category\\\/actualidad-asturias\\\/#listItem\",\"name\":\"Actualidad Asturias\"}}]},{\"@type\":\"Organization\",\"@id\":\"https:\\\/\\\/www.eldigitaldeasturias.com\\\/noticias\\\/#organization\",\"name\":\"El Digital de Asturias\",\"description\":\"Hemeroteca\",\"url\":\"https:\\\/\\\/www.eldigitaldeasturias.com\\\/noticias\\\/\",\"email\":\"info@eldigitaldeasturias.com\",\"telephone\":\"+34652131393\",\"logo\":{\"@type\":\"ImageObject\",\"url\":\"https:\\\/\\\/www.eldigitaldeasturias.com\\\/noticias\\\/wp-content\\\/uploads\\\/2020\\\/12\\\/EDA.jpg\",\"@id\":\"https:\\\/\\\/www.eldigitaldeasturias.com\\\/noticias\\\/pumares-muestra-su-rechazo-a-los-recortes-educativos-en-asturias\\\/#organizationLogo\"},\"image\":{\"@id\":\"https:\\\/\\\/www.eldigitaldeasturias.com\\\/noticias\\\/pumares-muestra-su-rechazo-a-los-recortes-educativos-en-asturias\\\/#organizationLogo\"},\"sameAs\":[\"https:\\\/\\\/facebook.com\\\/eldigitaldeasturias\",\"https:\\\/\\\/www.youtube.com\\\/channel\\\/UCZP-2wLEB9Rv6erhFmqVnvg\"],\"address\":{\"@id\":\"https:\\\/\\\/www.eldigitaldeasturias.com\\\/noticias\\\/#postaladdress\",\"@type\":\"PostalAddress\",\"streetAddress\":\"san antonio 4\",\"postalCode\":\"33430\",\"addressLocality\":\"Cand\\u00e1s\",\"addressRegion\":\"Asturias\",\"addressCountry\":\"ES\"}},{\"@type\":\"Person\",\"@id\":\"https:\\\/\\\/www.eldigitaldeasturias.com\\\/noticias\\\/author\\\/admin\\\/#author\",\"url\":\"https:\\\/\\\/www.eldigitaldeasturias.com\\\/noticias\\\/author\\\/admin\\\/\",\"name\":\"El Digital de Asturias\",\"image\":{\"@type\":\"ImageObject\",\"@id\":\"https:\\\/\\\/www.eldigitaldeasturias.com\\\/noticias\\\/pumares-muestra-su-rechazo-a-los-recortes-educativos-en-asturias\\\/#authorImage\",\"url\":\"https:\\\/\\\/secure.gravatar.com\\\/avatar\\\/df2aeffc32bcd13f8d26072ef8a91b623d677766deac7f97ca815868cd41bf5e?s=96&d=mm&r=g\",\"width\":96,\"height\":96,\"caption\":\"El Digital de Asturias\"}},{\"@type\":\"WebPage\",\"@id\":\"https:\\\/\\\/www.eldigitaldeasturias.com\\\/noticias\\\/pumares-muestra-su-rechazo-a-los-recortes-educativos-en-asturias\\\/#webpage\",\"url\":\"https:\\\/\\\/www.eldigitaldeasturias.com\\\/noticias\\\/pumares-muestra-su-rechazo-a-los-recortes-educativos-en-asturias\\\/\",\"name\":\"Pumares muestra su rechazo a los recortes educativos en Asturias - El Digital de Asturias\",\"description\":\"El secretario general y portavoz de FORO Asturias en la Junta General, Adri\\u00e1n Pumares, respondi\\u00f3 esta ma\\u00f1ana a la portavoz del Gobierno asturiano ..\",\"inLanguage\":\"es-ES\",\"isPartOf\":{\"@id\":\"https:\\\/\\\/www.eldigitaldeasturias.com\\\/noticias\\\/#website\"},\"breadcrumb\":{\"@id\":\"https:\\\/\\\/www.eldigitaldeasturias.com\\\/noticias\\\/pumares-muestra-su-rechazo-a-los-recortes-educativos-en-asturias\\\/#breadcrumblist\"},\"author\":{\"@id\":\"https:\\\/\\\/www.eldigitaldeasturias.com\\\/noticias\\\/author\\\/admin\\\/#author\"},\"creator\":{\"@id\":\"https:\\\/\\\/www.eldigitaldeasturias.com\\\/noticias\\\/author\\\/admin\\\/#author\"},\"image\":{\"@type\":\"ImageObject\",\"url\":1080774,\"@id\":\"https:\\\/\\\/www.eldigitaldeasturias.com\\\/noticias\\\/pumares-muestra-su-rechazo-a-los-recortes-educativos-en-asturias\\\/#mainImage\"},\"primaryImageOfPage\":{\"@id\":\"https:\\\/\\\/www.eldigitaldeasturias.com\\\/noticias\\\/pumares-muestra-su-rechazo-a-los-recortes-educativos-en-asturias\\\/#mainImage\"},\"datePublished\":\"2021-05-21T16:23:13+02:00\",\"dateModified\":\"2021-05-21T16:23:13+02:00\"},{\"@type\":\"WebSite\",\"@id\":\"https:\\\/\\\/www.eldigitaldeasturias.com\\\/noticias\\\/#website\",\"url\":\"https:\\\/\\\/www.eldigitaldeasturias.com\\\/noticias\\\/\",\"name\":\"El Digital de Asturias - Diario de actualidad y noticias\",\"alternateName\":\"El Digital de Asturias - Diario de actualidad y noticias\",\"description\":\"Hemeroteca\",\"inLanguage\":\"es-ES\",\"publisher\":{\"@id\":\"https:\\\/\\\/www.eldigitaldeasturias.com\\\/noticias\\\/#organization\"}}]}\n\t\t<\/script>\n\t\t<!-- All in One SEO Pro -->\r\n\t\t<title>Pumares muestra su rechazo a los recortes educativos en Asturias - El Digital de Asturias<\/title>\n\n","aioseo_head_json":{"title":"Pumares muestra su rechazo a los recortes educativos en Asturias - El Digital de Asturias","description":"El secretario general y portavoz de FORO Asturias en la Junta General, Adri\u00e1n Pumares, respondi\u00f3 esta ma\u00f1ana a la portavoz del Gobierno asturiano ..","canonical_url":"https:\/\/www.eldigitaldeasturias.com\/noticias\/pumares-muestra-su-rechazo-a-los-recortes-educativos-en-asturias\/","robots":"max-image-preview:large","keywords":"asturias,foro asturias,noticias de asturias,actualidad asturias","webmasterTools":{"google-site-verification":"UA-38556648-1","msvalidate.01":"7dfe9f3f1b24437ab69f4f2559babe99","miscellaneous":""},"schema":{"@context":"https:\/\/schema.org","@graph":[{"@type":"BlogPosting","@id":"https:\/\/www.eldigitaldeasturias.com\/noticias\/pumares-muestra-su-rechazo-a-los-recortes-educativos-en-asturias\/#blogposting","name":"Pumares muestra su rechazo a los recortes educativos en Asturias - El Digital de Asturias","headline":"Pumares muestra su rechazo a los recortes educativos en Asturias","author":{"@id":"https:\/\/www.eldigitaldeasturias.com\/noticias\/author\/admin\/#author"},"publisher":{"@id":"https:\/\/www.eldigitaldeasturias.com\/noticias\/#organization"},"image":{"@type":"ImageObject","url":1080774},"datePublished":"2021-05-21T16:23:13+02:00","dateModified":"2021-05-21T16:23:13+02:00","inLanguage":"es-ES","mainEntityOfPage":{"@id":"https:\/\/www.eldigitaldeasturias.com\/noticias\/pumares-muestra-su-rechazo-a-los-recortes-educativos-en-asturias\/#webpage"},"isPartOf":{"@id":"https:\/\/www.eldigitaldeasturias.com\/noticias\/pumares-muestra-su-rechazo-a-los-recortes-educativos-en-asturias\/#webpage"},"articleSection":"Actualidad Asturias"},{"@type":"BreadcrumbList","@id":"https:\/\/www.eldigitaldeasturias.com\/noticias\/pumares-muestra-su-rechazo-a-los-recortes-educativos-en-asturias\/#breadcrumblist","itemListElement":[{"@type":"ListItem","@id":"https:\/\/www.eldigitaldeasturias.com\/noticias#listItem","position":1,"name":"Home","item":"https:\/\/www.eldigitaldeasturias.com\/noticias","nextItem":{"@type":"ListItem","@id":"https:\/\/www.eldigitaldeasturias.com\/noticias\/category\/actualidad-asturias\/#listItem","name":"Actualidad Asturias"}},{"@type":"ListItem","@id":"https:\/\/www.eldigitaldeasturias.com\/noticias\/category\/actualidad-asturias\/#listItem","position":2,"name":"Actualidad Asturias","item":"https:\/\/www.eldigitaldeasturias.com\/noticias\/category\/actualidad-asturias\/","nextItem":{"@type":"ListItem","@id":"https:\/\/www.eldigitaldeasturias.com\/noticias\/pumares-muestra-su-rechazo-a-los-recortes-educativos-en-asturias\/#listItem","name":"Pumares muestra su rechazo a los recortes educativos en Asturias"},"previousItem":{"@type":"ListItem","@id":"https:\/\/www.eldigitaldeasturias.com\/noticias#listItem","name":"Home"}},{"@type":"ListItem","@id":"https:\/\/www.eldigitaldeasturias.com\/noticias\/pumares-muestra-su-rechazo-a-los-recortes-educativos-en-asturias\/#listItem","position":3,"name":"Pumares muestra su rechazo a los recortes educativos en Asturias","previousItem":{"@type":"ListItem","@id":"https:\/\/www.eldigitaldeasturias.com\/noticias\/category\/actualidad-asturias\/#listItem","name":"Actualidad Asturias"}}]},{"@type":"Organization","@id":"https:\/\/www.eldigitaldeasturias.com\/noticias\/#organization","name":"El Digital de Asturias","description":"Hemeroteca","url":"https:\/\/www.eldigitaldeasturias.com\/noticias\/","email":"info@eldigitaldeasturias.com","telephone":"+34652131393","logo":{"@type":"ImageObject","url":"https:\/\/www.eldigitaldeasturias.com\/noticias\/wp-content\/uploads\/2020\/12\/EDA.jpg","@id":"https:\/\/www.eldigitaldeasturias.com\/noticias\/pumares-muestra-su-rechazo-a-los-recortes-educativos-en-asturias\/#organizationLogo"},"image":{"@id":"https:\/\/www.eldigitaldeasturias.com\/noticias\/pumares-muestra-su-rechazo-a-los-recortes-educativos-en-asturias\/#organizationLogo"},"sameAs":["https:\/\/facebook.com\/eldigitaldeasturias","https:\/\/www.youtube.com\/channel\/UCZP-2wLEB9Rv6erhFmqVnvg"],"address":{"@id":"https:\/\/www.eldigitaldeasturias.com\/noticias\/#postaladdress","@type":"PostalAddress","streetAddress":"san antonio 4","postalCode":"33430","addressLocality":"Cand\u00e1s","addressRegion":"Asturias","addressCountry":"ES"}},{"@type":"Person","@id":"https:\/\/www.eldigitaldeasturias.com\/noticias\/author\/admin\/#author","url":"https:\/\/www.eldigitaldeasturias.com\/noticias\/author\/admin\/","name":"El Digital de Asturias","image":{"@type":"ImageObject","@id":"https:\/\/www.eldigitaldeasturias.com\/noticias\/pumares-muestra-su-rechazo-a-los-recortes-educativos-en-asturias\/#authorImage","url":"https:\/\/secure.gravatar.com\/avatar\/df2aeffc32bcd13f8d26072ef8a91b623d677766deac7f97ca815868cd41bf5e?s=96&d=mm&r=g","width":96,"height":96,"caption":"El Digital de Asturias"}},{"@type":"WebPage","@id":"https:\/\/www.eldigitaldeasturias.com\/noticias\/pumares-muestra-su-rechazo-a-los-recortes-educativos-en-asturias\/#webpage","url":"https:\/\/www.eldigitaldeasturias.com\/noticias\/pumares-muestra-su-rechazo-a-los-recortes-educativos-en-asturias\/","name":"Pumares muestra su rechazo a los recortes educativos en Asturias - El Digital de Asturias","description":"El secretario general y portavoz de FORO Asturias en la Junta General, Adri\u00e1n Pumares, respondi\u00f3 esta ma\u00f1ana a la portavoz del Gobierno asturiano ..","inLanguage":"es-ES","isPartOf":{"@id":"https:\/\/www.eldigitaldeasturias.com\/noticias\/#website"},"breadcrumb":{"@id":"https:\/\/www.eldigitaldeasturias.com\/noticias\/pumares-muestra-su-rechazo-a-los-recortes-educativos-en-asturias\/#breadcrumblist"},"author":{"@id":"https:\/\/www.eldigitaldeasturias.com\/noticias\/author\/admin\/#author"},"creator":{"@id":"https:\/\/www.eldigitaldeasturias.com\/noticias\/author\/admin\/#author"},"image":{"@type":"ImageObject","url":1080774,"@id":"https:\/\/www.eldigitaldeasturias.com\/noticias\/pumares-muestra-su-rechazo-a-los-recortes-educativos-en-asturias\/#mainImage"},"primaryImageOfPage":{"@id":"https:\/\/www.eldigitaldeasturias.com\/noticias\/pumares-muestra-su-rechazo-a-los-recortes-educativos-en-asturias\/#mainImage"},"datePublished":"2021-05-21T16:23:13+02:00","dateModified":"2021-05-21T16:23:13+02:00"},{"@type":"WebSite","@id":"https:\/\/www.eldigitaldeasturias.com\/noticias\/#website","url":"https:\/\/www.eldigitaldeasturias.com\/noticias\/","name":"El Digital de Asturias - Diario de actualidad y noticias","alternateName":"El Digital de Asturias - Diario de actualidad y noticias","description":"Hemeroteca","inLanguage":"es-ES","publisher":{"@id":"https:\/\/www.eldigitaldeasturias.com\/noticias\/#organization"}}]},"og:locale":"es_ES","og:site_name":"El Digital de Asturias","og:type":"article","og:title":"Pumares muestra su rechazo a los recortes educativos en Asturias - El Digital de Asturias","og:description":"El secretario general y portavoz de FORO Asturias en la Junta General, Adri\u00e1n Pumares, respondi\u00f3 esta ma\u00f1ana a la portavoz del Gobierno asturiano ..","og:url":"https:\/\/www.eldigitaldeasturias.com\/noticias\/pumares-muestra-su-rechazo-a-los-recortes-educativos-en-asturias\/","article:tag":["asturias","foro asturias","noticias de asturias","actualidad asturias"],"article:published_time":"2021-05-21T15:23:13+00:00","article:modified_time":"2021-05-21T15:23:13+00:00","article:publisher":"https:\/\/facebook.com\/eldigitaldeasturias","twitter:card":"summary_large_image","twitter:title":"Pumares muestra su rechazo a los recortes educativos en Asturias - El Digital de Asturias","twitter:description":"El secretario general y portavoz de FORO Asturias en la Junta General, Adri\u00e1n Pumares, respondi\u00f3 esta ma\u00f1ana a la portavoz del Gobierno asturiano ..","twitter:image":"https:\/\/www.eldigitaldeasturias.com\/noticias\/wp-content\/uploads\/2020\/12\/EDA-1.jpg","twitter:label1":"Escrito por","twitter:data1":"El Digital de Asturias","twitter:label2":"Tiempo de lectura estimado","twitter:data2":"1 minuto"},"aioseo_meta_data":{"post_id":"1092015","title":null,"description":"El secretario general y portavoz de FORO Asturias en la Junta General, Adri\u00e1n Pumares, respondi\u00f3 esta ma\u00f1ana a la portavoz del Gobierno asturiano ..","keywords":[{"label":"Asturias","value":"Asturias"},{"label":" FORO Asturias","value":" FORO Asturias"},{"label":" noticias de Asturias","value":" noticias de Asturias"}],"keyphrases":{"focus":[],"additional":[]},"primary_term":null,"canonical_url":null,"og_title":null,"og_description":null,"og_object_type":"default","og_image_type":"default","og_image_url":null,"og_image_width":null,"og_image_height":null,"og_image_custom_url":null,"og_image_custom_fields":null,"og_video":"","og_custom_url":null,"og_article_section":null,"og_article_tags":[],"twitter_use_og":false,"twitter_card":"default","twitter_image_type":"default","twitter_image_url":null,"twitter_image_custom_url":null,"twitter_image_custom_fields":null,"twitter_title":null,"twitter_description":null,"schema":{"blockGraphs":[],"customGraphs":[],"default":{"data":{"Article":[],"Course":[],"Dataset":[],"FAQPage":[],"Movie":[],"Person":[],"Product":[],"ProductReview":[],"Car":[],"Recipe":[],"Service":[],"SoftwareApplication":[],"WebPage":[]},"graphName":"","isEnabled":true},"graphs":[],"defaultGraph":"Article","defaultPostTypeGraph":""},"schema_type":"default","schema_type_options":"{\"article\":{\"articleType\":\"BlogPosting\"},\"course\":{\"name\":\"\",\"description\":\"\",\"provider\":\"\"},\"faq\":{\"pages\":[]},\"product\":{\"reviews\":[]},\"recipe\":{\"ingredients\":[],\"instructions\":[],\"keywords\":[]},\"software\":{\"reviews\":[],\"operatingSystems\":[]},\"webPage\":{\"webPageType\":\"WebPage\"}}","pillar_content":false,"robots_default":true,"robots_noindex":false,"robots_noarchive":false,"robots_nosnippet":false,"robots_nofollow":false,"robots_noimageindex":false,"robots_noodp":false,"robots_notranslate":false,"robots_max_snippet":"-1","robots_max_videopreview":"-1","robots_max_imagepreview":"large","priority":null,"frequency":"default","local_seo":{"locations":{"business":{"name":"","businessType":"","image":"","areaServed":"","urls":{"website":"","aboutPage":"","contactPage":""},"address":{"streetLine1":"","streetLine2":"","zipCode":"","city":"","state":"","country":"","addressFormat":"#streetLineOne\n#streetLineTwo\n#city, #state #zipCode"},"contact":{"email":"","phone":"","phoneFormatted":"","fax":"","faxFormatted":""},"ids":{"vat":"","tax":"","chamberOfCommerce":""},"payment":{"priceRange":"","currenciesAccepted":"","methods":""}}},"openingHours":{"useDefaults":true,"show":true,"alwaysOpen":false,"use24hFormat":false,"timezone":"","labels":{"closed":"","alwaysOpen":""},"days":{"monday":{"open24h":false,"closed":false,"openTime":"09:00","closeTime":"17:00"},"tuesday":{"open24h":false,"closed":false,"openTime":"09:00","closeTime":"17:00"},"wednesday":{"open24h":false,"closed":false,"openTime":"09:00","closeTime":"17:00"},"thursday":{"open24h":false,"closed":false,"openTime":"09:00","closeTime":"17:00"},"friday":{"open24h":false,"closed":false,"openTime":"09:00","closeTime":"17:00"},"saturday":{"open24h":false,"closed":false,"openTime":"09:00","closeTime":"17:00"},"sunday":{"open24h":false,"closed":false,"openTime":"09:00","closeTime":"17:00"}}}},"seo_analyzer_scan_date":"2026-07-18 01:29:56","breadcrumb_settings":null,"limit_modified_date":false,"open_ai":null,"ai":null,"created":"2021-05-21 15:18:27","updated":"2026-07-18 01:29:56","focus_keyword":null,"additional_keywords":null,"truseo_locale":null},"aioseo_breadcrumb":"<div class=\"aioseo-breadcrumbs\"><span class=\"aioseo-breadcrumb\">\n\t<a href=\"https:\/\/www.eldigitaldeasturias.com\/noticias\" title=\"Home\">Home<\/a>\n<\/span><span class=\"aioseo-breadcrumb-separator\">\u2013<\/span><span class=\"aioseo-breadcrumb\">\n\t<a href=\"https:\/\/www.eldigitaldeasturias.com\/noticias\/category\/actualidad-asturias\/\" title=\"Actualidad Asturias\">Actualidad Asturias<\/a>\n<\/span><span class=\"aioseo-breadcrumb-separator\">\u2013<\/span><span class=\"aioseo-breadcrumb\">\n\t<a href=\"https:\/\/www.eldigitaldeasturias.com\/noticias\/pumares-muestra-su-rechazo-a-los-recortes-educativos-en-asturias\/\" title=\"Pumares muestra su rechazo a los recortes educativos en Asturias\">Pumares muestra su rechazo a los recortes educativos en Asturias<\/a>\n<\/span><\/div>","aioseo_breadcrumb_json":[{"label":"Home","link":"https:\/\/www.eldigitaldeasturias.com\/noticias"},{"label":"Actualidad Asturias","link":"https:\/\/www.eldigitaldeasturias.com\/noticias\/category\/actualidad-asturias\/"},{"label":"Pumares muestra su rechazo a los recortes educativos en Asturias","link":"https:\/\/www.eldigitaldeasturias.com\/noticias\/pumares-muestra-su-rechazo-a-los-recortes-educativos-en-asturias\/"}],"_links":{"self":[{"href":"https:\/\/www.eldigitaldeasturias.com\/noticias\/wp-json\/wp\/v2\/posts\/1092015","targetHints":{"allow":["GET"]}}],"collection":[{"href":"https:\/\/www.eldigitaldeasturias.com\/noticias\/wp-json\/wp\/v2\/posts"}],"about":[{"href":"https:\/\/www.eldigitaldeasturias.com\/noticias\/wp-json\/wp\/v2\/types\/post"}],"author":[{"embeddable":true,"href":"https:\/\/www.eldigitaldeasturias.com\/noticias\/wp-json\/wp\/v2\/users\/1"}],"replies":[{"embeddable":true,"href":"https:\/\/www.eldigitaldeasturias.com\/noticias\/wp-json\/wp\/v2\/comments?post=1092015"}],"version-history":[{"count":0,"href":"https:\/\/www.eldigitaldeasturias.com\/noticias\/wp-json\/wp\/v2\/posts\/1092015\/revisions"}],"wp:attachment":[{"href":"https:\/\/www.eldigitaldeasturias.com\/noticias\/wp-json\/wp\/v2\/media?parent=1092015"}],"wp:term":[{"taxonomy":"category","embeddable":true,"href":"https:\/\/www.eldigitaldeasturias.com\/noticias\/wp-json\/wp\/v2\/categories?post=1092015"},{"taxonomy":"post_tag","embeddable":true,"href":"https:\/\/www.eldigitaldeasturias.com\/noticias\/wp-json\/wp\/v2\/tags?post=1092015"}],"curies":[{"name":"wp","href":"https:\/\/api.w.org\/{rel}","templated":true}]}}