{"id":1092013,"date":"2021-05-21T16:17:37","date_gmt":"2021-05-21T15:17:37","guid":{"rendered":"https:\/\/www.eldigitaldeasturias.com\/noticias\/?p=1092013"},"modified":"2021-05-21T16:17:37","modified_gmt":"2021-05-21T15:17:37","slug":"pena-maxima-en-alemania-para-un-sirio-por-ataque-mortal-a-homosexuales","status":"publish","type":"post","link":"https:\/\/www.eldigitaldeasturias.com\/noticias\/pena-maxima-en-alemania-para-un-sirio-por-ataque-mortal-a-homosexuales\/","title":{"rendered":"Pena m\u00e1xima en Alemania para un sirio por ataque mortal a homosexuales"},"content":{"rendered":"<p><img loading=\"lazy\" decoding=\"async\" class=\"alignleft size-medium wp-image-979033\" src=\"https:\/\/www.eldigitaldeasturias.com\/noticias\/wp-content\/uploads\/2018\/05\/juzgados-360x270.jpg\" alt=\"\" width=\"360\" height=\"270\" \/>Dresde (Alemania), 21 may (dpa) &#8211; Un sirio de 21 a\u00f1os fue condenado hoy a cadena perpetua en Alemania por el ataque mortal con un cuchillo a una pareja homosexual ocurrido en Dresde en octubre pasado.<\/p>\n<p>El Tribunal Regional Superior de la ciudad del este del pa\u00eds declar\u00f3 al hombre, considerado un islamista peligroso, culpable de asesinato, intento de asesinato y lesiones corporales peligrosas. Los jueces determinaron adem\u00e1s la especial gravedad de la culpa.<\/p>\n<p>El joven apu\u00f1al\u00f3 por la espalda a dos hombres el 4 de octubre de 2020. Uno de ellos, de 55 a\u00f1os, muri\u00f3, mientras que su acompa\u00f1ante, de 53, result\u00f3 gravemente herido pero sobrevivi\u00f3.<\/p>\n<p>Ambos estaban visitando como turistas el casco antiguo barroco de Dresde, la capital del estado de Sajonia, cuando fueron atacados.<\/p>\n<p>El agresor pudo inicialmente huir y el motivo no fue esclarecido de inmediato. Se encontr\u00f3 un cuchillo en el escenario del ataque cuyos restos de ADN permitieron poco despu\u00e9s resolver el crimen.<\/p>\n<p>El hombre era conocido por las autoridades por su ideolog\u00eda islamista. D\u00edas antes hab\u00eda sido puesto en libertad tras cumplir una pena en una prisi\u00f3n para j\u00f3venes delincuentes. Ten\u00eda un estatus de refugiado temporal pendiente de deportaci\u00f3n desde 2015.<\/p>\n<p>&nbsp;<\/p>\n<p>&nbsp;<\/p>\n","protected":false},"excerpt":{"rendered":"<p>Dresde (Alemania), 21 may (dpa) &#8211; Un sirio de 21 a\u00f1os fue condenado hoy a cadena perpetua en Alemania por el ataque mortal con un cuchillo a una pareja homosexual ocurrido en Dresde en octubre pasado. El Tribunal Regional Superior de la ciudad del este del pa\u00eds declar\u00f3 al hombre, considerado un islamista peligroso, culpable [&hellip;]<\/p>\n","protected":false},"author":1,"featured_media":979033,"comment_status":"closed","ping_status":"closed","sticky":false,"template":"","format":"standard","meta":{"footnotes":""},"categories":[5],"tags":[],"class_list":["post-1092013","post","type-post","status-publish","format-standard","has-post-thumbnail","hentry","category-sucesos"],"aioseo_notices":[],"aioseo_head":"\n\t\t<!-- All in One SEO Pro 5.0.1 - aioseo.com -->\n\t<meta name=\"description\" content=\"Un sirio de 21 a\u00f1os fue condenado hoy a cadena perpetua en Alemania por el ataque mortal con un cuchillo a una pareja homosexual ..\" \/>\n\t<meta name=\"robots\" content=\"max-image-preview:large\" \/>\n\t<meta name=\"author\" content=\"El Digital de Asturias\"\/>\n\t<meta name=\"google-site-verification\" content=\"UA-38556648-1\" \/>\n\t<meta name=\"msvalidate.01\" content=\"7dfe9f3f1b24437ab69f4f2559babe99\" \/>\n\t<meta name=\"keywords\" content=\"sucesos\" \/>\n\t<link rel=\"canonical\" href=\"https:\/\/www.eldigitaldeasturias.com\/noticias\/pena-maxima-en-alemania-para-un-sirio-por-ataque-mortal-a-homosexuales\/\" \/>\n\t<meta name=\"generator\" content=\"All in One SEO Pro (AIOSEO) 5.0.1\" \/>\n\t\t<meta property=\"og:locale\" content=\"es_ES\" \/>\n\t\t<meta property=\"og:site_name\" content=\"El Digital de Asturias\" \/>\n\t\t<meta property=\"og:type\" content=\"article\" \/>\n\t\t<meta property=\"og:title\" content=\"Pena m\u00e1xima en Alemania para un sirio por ataque mortal a homosexuales - El Digital de Asturias\" \/>\n\t\t<meta property=\"og:description\" content=\"Un sirio de 21 a\u00f1os fue condenado hoy a cadena perpetua en Alemania por el ataque mortal con un cuchillo a una pareja homosexual ..\" \/>\n\t\t<meta property=\"og:url\" content=\"https:\/\/www.eldigitaldeasturias.com\/noticias\/pena-maxima-en-alemania-para-un-sirio-por-ataque-mortal-a-homosexuales\/\" \/>\n\t\t<meta property=\"article:tag\" content=\"sucesos\" \/>\n\t\t<meta property=\"article:published_time\" content=\"2021-05-21T15:17:37+00:00\" \/>\n\t\t<meta property=\"article:modified_time\" content=\"2021-05-21T15:17:37+00:00\" \/>\n\t\t<meta property=\"article:publisher\" content=\"https:\/\/facebook.com\/eldigitaldeasturias\" \/>\n\t\t<meta name=\"twitter:card\" content=\"summary_large_image\" \/>\n\t\t<meta name=\"twitter:title\" content=\"Pena m\u00e1xima en Alemania para un sirio por ataque mortal a homosexuales - El Digital de Asturias\" \/>\n\t\t<meta name=\"twitter:description\" content=\"Un sirio de 21 a\u00f1os fue condenado hoy a cadena perpetua en Alemania por el ataque mortal con un cuchillo a una pareja homosexual ..\" \/>\n\t\t<meta name=\"twitter:image\" content=\"https:\/\/www.eldigitaldeasturias.com\/noticias\/wp-content\/uploads\/2020\/12\/EDA-1.jpg\" \/>\n\t\t<meta name=\"twitter:label1\" content=\"Escrito por\" \/>\n\t\t<meta name=\"twitter:data1\" content=\"El Digital de Asturias\" \/>\n\t\t<meta name=\"twitter:label2\" content=\"Tiempo de lectura estimado\" \/>\n\t\t<meta name=\"twitter:data2\" content=\"1 minuto\" \/>\n\t\t<script type=\"application\/ld+json\" class=\"aioseo-schema\">\n\t\t\t{\"@context\":\"https:\\\/\\\/schema.org\",\"@graph\":[{\"@type\":\"BlogPosting\",\"@id\":\"https:\\\/\\\/www.eldigitaldeasturias.com\\\/noticias\\\/pena-maxima-en-alemania-para-un-sirio-por-ataque-mortal-a-homosexuales\\\/#blogposting\",\"name\":\"Pena m\\u00e1xima en Alemania para un sirio por ataque mortal a homosexuales - El Digital de Asturias\",\"headline\":\"Pena m\\u00e1xima en Alemania para un sirio por ataque mortal a homosexuales\",\"author\":{\"@id\":\"https:\\\/\\\/www.eldigitaldeasturias.com\\\/noticias\\\/author\\\/admin\\\/#author\"},\"publisher\":{\"@id\":\"https:\\\/\\\/www.eldigitaldeasturias.com\\\/noticias\\\/#organization\"},\"image\":{\"@type\":\"ImageObject\",\"url\":979033},\"datePublished\":\"2021-05-21T16:17:37+02:00\",\"dateModified\":\"2021-05-21T16:17:37+02:00\",\"inLanguage\":\"es-ES\",\"mainEntityOfPage\":{\"@id\":\"https:\\\/\\\/www.eldigitaldeasturias.com\\\/noticias\\\/pena-maxima-en-alemania-para-un-sirio-por-ataque-mortal-a-homosexuales\\\/#webpage\"},\"isPartOf\":{\"@id\":\"https:\\\/\\\/www.eldigitaldeasturias.com\\\/noticias\\\/pena-maxima-en-alemania-para-un-sirio-por-ataque-mortal-a-homosexuales\\\/#webpage\"},\"articleSection\":\"Sucesos\"},{\"@type\":\"BreadcrumbList\",\"@id\":\"https:\\\/\\\/www.eldigitaldeasturias.com\\\/noticias\\\/pena-maxima-en-alemania-para-un-sirio-por-ataque-mortal-a-homosexuales\\\/#breadcrumblist\",\"itemListElement\":[{\"@type\":\"ListItem\",\"@id\":\"https:\\\/\\\/www.eldigitaldeasturias.com\\\/noticias#listItem\",\"position\":1,\"name\":\"Home\",\"item\":\"https:\\\/\\\/www.eldigitaldeasturias.com\\\/noticias\",\"nextItem\":{\"@type\":\"ListItem\",\"@id\":\"https:\\\/\\\/www.eldigitaldeasturias.com\\\/noticias\\\/category\\\/sucesos\\\/#listItem\",\"name\":\"Sucesos\"}},{\"@type\":\"ListItem\",\"@id\":\"https:\\\/\\\/www.eldigitaldeasturias.com\\\/noticias\\\/category\\\/sucesos\\\/#listItem\",\"position\":2,\"name\":\"Sucesos\",\"item\":\"https:\\\/\\\/www.eldigitaldeasturias.com\\\/noticias\\\/category\\\/sucesos\\\/\",\"nextItem\":{\"@type\":\"ListItem\",\"@id\":\"https:\\\/\\\/www.eldigitaldeasturias.com\\\/noticias\\\/pena-maxima-en-alemania-para-un-sirio-por-ataque-mortal-a-homosexuales\\\/#listItem\",\"name\":\"Pena m\\u00e1xima en Alemania para un sirio por ataque mortal a homosexuales\"},\"previousItem\":{\"@type\":\"ListItem\",\"@id\":\"https:\\\/\\\/www.eldigitaldeasturias.com\\\/noticias#listItem\",\"name\":\"Home\"}},{\"@type\":\"ListItem\",\"@id\":\"https:\\\/\\\/www.eldigitaldeasturias.com\\\/noticias\\\/pena-maxima-en-alemania-para-un-sirio-por-ataque-mortal-a-homosexuales\\\/#listItem\",\"position\":3,\"name\":\"Pena m\\u00e1xima en Alemania para un sirio por ataque mortal a homosexuales\",\"previousItem\":{\"@type\":\"ListItem\",\"@id\":\"https:\\\/\\\/www.eldigitaldeasturias.com\\\/noticias\\\/category\\\/sucesos\\\/#listItem\",\"name\":\"Sucesos\"}}]},{\"@type\":\"Organization\",\"@id\":\"https:\\\/\\\/www.eldigitaldeasturias.com\\\/noticias\\\/#organization\",\"name\":\"El Digital de Asturias\",\"description\":\"Hemeroteca\",\"url\":\"https:\\\/\\\/www.eldigitaldeasturias.com\\\/noticias\\\/\",\"email\":\"info@eldigitaldeasturias.com\",\"telephone\":\"+34652131393\",\"logo\":{\"@type\":\"ImageObject\",\"url\":\"https:\\\/\\\/www.eldigitaldeasturias.com\\\/noticias\\\/wp-content\\\/uploads\\\/2020\\\/12\\\/EDA.jpg\",\"@id\":\"https:\\\/\\\/www.eldigitaldeasturias.com\\\/noticias\\\/pena-maxima-en-alemania-para-un-sirio-por-ataque-mortal-a-homosexuales\\\/#organizationLogo\"},\"image\":{\"@id\":\"https:\\\/\\\/www.eldigitaldeasturias.com\\\/noticias\\\/pena-maxima-en-alemania-para-un-sirio-por-ataque-mortal-a-homosexuales\\\/#organizationLogo\"},\"sameAs\":[\"https:\\\/\\\/facebook.com\\\/eldigitaldeasturias\",\"https:\\\/\\\/www.youtube.com\\\/channel\\\/UCZP-2wLEB9Rv6erhFmqVnvg\"],\"address\":{\"@id\":\"https:\\\/\\\/www.eldigitaldeasturias.com\\\/noticias\\\/#postaladdress\",\"@type\":\"PostalAddress\",\"streetAddress\":\"san antonio 4\",\"postalCode\":\"33430\",\"addressLocality\":\"Cand\\u00e1s\",\"addressRegion\":\"Asturias\",\"addressCountry\":\"ES\"}},{\"@type\":\"Person\",\"@id\":\"https:\\\/\\\/www.eldigitaldeasturias.com\\\/noticias\\\/author\\\/admin\\\/#author\",\"url\":\"https:\\\/\\\/www.eldigitaldeasturias.com\\\/noticias\\\/author\\\/admin\\\/\",\"name\":\"El Digital de Asturias\",\"image\":{\"@type\":\"ImageObject\",\"@id\":\"https:\\\/\\\/www.eldigitaldeasturias.com\\\/noticias\\\/pena-maxima-en-alemania-para-un-sirio-por-ataque-mortal-a-homosexuales\\\/#authorImage\",\"url\":\"https:\\\/\\\/secure.gravatar.com\\\/avatar\\\/df2aeffc32bcd13f8d26072ef8a91b623d677766deac7f97ca815868cd41bf5e?s=96&d=mm&r=g\",\"width\":96,\"height\":96,\"caption\":\"El Digital de Asturias\"}},{\"@type\":\"WebPage\",\"@id\":\"https:\\\/\\\/www.eldigitaldeasturias.com\\\/noticias\\\/pena-maxima-en-alemania-para-un-sirio-por-ataque-mortal-a-homosexuales\\\/#webpage\",\"url\":\"https:\\\/\\\/www.eldigitaldeasturias.com\\\/noticias\\\/pena-maxima-en-alemania-para-un-sirio-por-ataque-mortal-a-homosexuales\\\/\",\"name\":\"Pena m\\u00e1xima en Alemania para un sirio por ataque mortal a homosexuales - El Digital de Asturias\",\"description\":\"Un sirio de 21 a\\u00f1os fue condenado hoy a cadena perpetua en Alemania por el ataque mortal con un cuchillo a una pareja homosexual ..\",\"inLanguage\":\"es-ES\",\"isPartOf\":{\"@id\":\"https:\\\/\\\/www.eldigitaldeasturias.com\\\/noticias\\\/#website\"},\"breadcrumb\":{\"@id\":\"https:\\\/\\\/www.eldigitaldeasturias.com\\\/noticias\\\/pena-maxima-en-alemania-para-un-sirio-por-ataque-mortal-a-homosexuales\\\/#breadcrumblist\"},\"author\":{\"@id\":\"https:\\\/\\\/www.eldigitaldeasturias.com\\\/noticias\\\/author\\\/admin\\\/#author\"},\"creator\":{\"@id\":\"https:\\\/\\\/www.eldigitaldeasturias.com\\\/noticias\\\/author\\\/admin\\\/#author\"},\"image\":{\"@type\":\"ImageObject\",\"url\":979033,\"@id\":\"https:\\\/\\\/www.eldigitaldeasturias.com\\\/noticias\\\/pena-maxima-en-alemania-para-un-sirio-por-ataque-mortal-a-homosexuales\\\/#mainImage\"},\"primaryImageOfPage\":{\"@id\":\"https:\\\/\\\/www.eldigitaldeasturias.com\\\/noticias\\\/pena-maxima-en-alemania-para-un-sirio-por-ataque-mortal-a-homosexuales\\\/#mainImage\"},\"datePublished\":\"2021-05-21T16:17:37+02:00\",\"dateModified\":\"2021-05-21T16:17:37+02:00\"},{\"@type\":\"WebSite\",\"@id\":\"https:\\\/\\\/www.eldigitaldeasturias.com\\\/noticias\\\/#website\",\"url\":\"https:\\\/\\\/www.eldigitaldeasturias.com\\\/noticias\\\/\",\"name\":\"El Digital de Asturias - Diario de actualidad y noticias\",\"alternateName\":\"El Digital de Asturias - Diario de actualidad y noticias\",\"description\":\"Hemeroteca\",\"inLanguage\":\"es-ES\",\"publisher\":{\"@id\":\"https:\\\/\\\/www.eldigitaldeasturias.com\\\/noticias\\\/#organization\"}}]}\n\t\t<\/script>\n\t\t<!-- All in One SEO Pro -->\r\n\t\t<title>Pena m\u00e1xima en Alemania para un sirio por ataque mortal a homosexuales - El Digital de Asturias<\/title>\n\n","aioseo_head_json":{"title":"Pena m\u00e1xima en Alemania para un sirio por ataque mortal a homosexuales - El Digital de Asturias","description":"Un sirio de 21 a\u00f1os fue condenado hoy a cadena perpetua en Alemania por el ataque mortal con un cuchillo a una pareja homosexual ..","canonical_url":"https:\/\/www.eldigitaldeasturias.com\/noticias\/pena-maxima-en-alemania-para-un-sirio-por-ataque-mortal-a-homosexuales\/","robots":"max-image-preview:large","keywords":"sucesos","webmasterTools":{"google-site-verification":"UA-38556648-1","msvalidate.01":"7dfe9f3f1b24437ab69f4f2559babe99","miscellaneous":""},"schema":{"@context":"https:\/\/schema.org","@graph":[{"@type":"BlogPosting","@id":"https:\/\/www.eldigitaldeasturias.com\/noticias\/pena-maxima-en-alemania-para-un-sirio-por-ataque-mortal-a-homosexuales\/#blogposting","name":"Pena m\u00e1xima en Alemania para un sirio por ataque mortal a homosexuales - El Digital de Asturias","headline":"Pena m\u00e1xima en Alemania para un sirio por ataque mortal a homosexuales","author":{"@id":"https:\/\/www.eldigitaldeasturias.com\/noticias\/author\/admin\/#author"},"publisher":{"@id":"https:\/\/www.eldigitaldeasturias.com\/noticias\/#organization"},"image":{"@type":"ImageObject","url":979033},"datePublished":"2021-05-21T16:17:37+02:00","dateModified":"2021-05-21T16:17:37+02:00","inLanguage":"es-ES","mainEntityOfPage":{"@id":"https:\/\/www.eldigitaldeasturias.com\/noticias\/pena-maxima-en-alemania-para-un-sirio-por-ataque-mortal-a-homosexuales\/#webpage"},"isPartOf":{"@id":"https:\/\/www.eldigitaldeasturias.com\/noticias\/pena-maxima-en-alemania-para-un-sirio-por-ataque-mortal-a-homosexuales\/#webpage"},"articleSection":"Sucesos"},{"@type":"BreadcrumbList","@id":"https:\/\/www.eldigitaldeasturias.com\/noticias\/pena-maxima-en-alemania-para-un-sirio-por-ataque-mortal-a-homosexuales\/#breadcrumblist","itemListElement":[{"@type":"ListItem","@id":"https:\/\/www.eldigitaldeasturias.com\/noticias#listItem","position":1,"name":"Home","item":"https:\/\/www.eldigitaldeasturias.com\/noticias","nextItem":{"@type":"ListItem","@id":"https:\/\/www.eldigitaldeasturias.com\/noticias\/category\/sucesos\/#listItem","name":"Sucesos"}},{"@type":"ListItem","@id":"https:\/\/www.eldigitaldeasturias.com\/noticias\/category\/sucesos\/#listItem","position":2,"name":"Sucesos","item":"https:\/\/www.eldigitaldeasturias.com\/noticias\/category\/sucesos\/","nextItem":{"@type":"ListItem","@id":"https:\/\/www.eldigitaldeasturias.com\/noticias\/pena-maxima-en-alemania-para-un-sirio-por-ataque-mortal-a-homosexuales\/#listItem","name":"Pena m\u00e1xima en Alemania para un sirio por ataque mortal a homosexuales"},"previousItem":{"@type":"ListItem","@id":"https:\/\/www.eldigitaldeasturias.com\/noticias#listItem","name":"Home"}},{"@type":"ListItem","@id":"https:\/\/www.eldigitaldeasturias.com\/noticias\/pena-maxima-en-alemania-para-un-sirio-por-ataque-mortal-a-homosexuales\/#listItem","position":3,"name":"Pena m\u00e1xima en Alemania para un sirio por ataque mortal a homosexuales","previousItem":{"@type":"ListItem","@id":"https:\/\/www.eldigitaldeasturias.com\/noticias\/category\/sucesos\/#listItem","name":"Sucesos"}}]},{"@type":"Organization","@id":"https:\/\/www.eldigitaldeasturias.com\/noticias\/#organization","name":"El Digital de Asturias","description":"Hemeroteca","url":"https:\/\/www.eldigitaldeasturias.com\/noticias\/","email":"info@eldigitaldeasturias.com","telephone":"+34652131393","logo":{"@type":"ImageObject","url":"https:\/\/www.eldigitaldeasturias.com\/noticias\/wp-content\/uploads\/2020\/12\/EDA.jpg","@id":"https:\/\/www.eldigitaldeasturias.com\/noticias\/pena-maxima-en-alemania-para-un-sirio-por-ataque-mortal-a-homosexuales\/#organizationLogo"},"image":{"@id":"https:\/\/www.eldigitaldeasturias.com\/noticias\/pena-maxima-en-alemania-para-un-sirio-por-ataque-mortal-a-homosexuales\/#organizationLogo"},"sameAs":["https:\/\/facebook.com\/eldigitaldeasturias","https:\/\/www.youtube.com\/channel\/UCZP-2wLEB9Rv6erhFmqVnvg"],"address":{"@id":"https:\/\/www.eldigitaldeasturias.com\/noticias\/#postaladdress","@type":"PostalAddress","streetAddress":"san antonio 4","postalCode":"33430","addressLocality":"Cand\u00e1s","addressRegion":"Asturias","addressCountry":"ES"}},{"@type":"Person","@id":"https:\/\/www.eldigitaldeasturias.com\/noticias\/author\/admin\/#author","url":"https:\/\/www.eldigitaldeasturias.com\/noticias\/author\/admin\/","name":"El Digital de Asturias","image":{"@type":"ImageObject","@id":"https:\/\/www.eldigitaldeasturias.com\/noticias\/pena-maxima-en-alemania-para-un-sirio-por-ataque-mortal-a-homosexuales\/#authorImage","url":"https:\/\/secure.gravatar.com\/avatar\/df2aeffc32bcd13f8d26072ef8a91b623d677766deac7f97ca815868cd41bf5e?s=96&d=mm&r=g","width":96,"height":96,"caption":"El Digital de Asturias"}},{"@type":"WebPage","@id":"https:\/\/www.eldigitaldeasturias.com\/noticias\/pena-maxima-en-alemania-para-un-sirio-por-ataque-mortal-a-homosexuales\/#webpage","url":"https:\/\/www.eldigitaldeasturias.com\/noticias\/pena-maxima-en-alemania-para-un-sirio-por-ataque-mortal-a-homosexuales\/","name":"Pena m\u00e1xima en Alemania para un sirio por ataque mortal a homosexuales - El Digital de Asturias","description":"Un sirio de 21 a\u00f1os fue condenado hoy a cadena perpetua en Alemania por el ataque mortal con un cuchillo a una pareja homosexual ..","inLanguage":"es-ES","isPartOf":{"@id":"https:\/\/www.eldigitaldeasturias.com\/noticias\/#website"},"breadcrumb":{"@id":"https:\/\/www.eldigitaldeasturias.com\/noticias\/pena-maxima-en-alemania-para-un-sirio-por-ataque-mortal-a-homosexuales\/#breadcrumblist"},"author":{"@id":"https:\/\/www.eldigitaldeasturias.com\/noticias\/author\/admin\/#author"},"creator":{"@id":"https:\/\/www.eldigitaldeasturias.com\/noticias\/author\/admin\/#author"},"image":{"@type":"ImageObject","url":979033,"@id":"https:\/\/www.eldigitaldeasturias.com\/noticias\/pena-maxima-en-alemania-para-un-sirio-por-ataque-mortal-a-homosexuales\/#mainImage"},"primaryImageOfPage":{"@id":"https:\/\/www.eldigitaldeasturias.com\/noticias\/pena-maxima-en-alemania-para-un-sirio-por-ataque-mortal-a-homosexuales\/#mainImage"},"datePublished":"2021-05-21T16:17:37+02:00","dateModified":"2021-05-21T16:17:37+02:00"},{"@type":"WebSite","@id":"https:\/\/www.eldigitaldeasturias.com\/noticias\/#website","url":"https:\/\/www.eldigitaldeasturias.com\/noticias\/","name":"El Digital de Asturias - Diario de actualidad y noticias","alternateName":"El Digital de Asturias - Diario de actualidad y noticias","description":"Hemeroteca","inLanguage":"es-ES","publisher":{"@id":"https:\/\/www.eldigitaldeasturias.com\/noticias\/#organization"}}]},"og:locale":"es_ES","og:site_name":"El Digital de Asturias","og:type":"article","og:title":"Pena m\u00e1xima en Alemania para un sirio por ataque mortal a homosexuales - El Digital de Asturias","og:description":"Un sirio de 21 a\u00f1os fue condenado hoy a cadena perpetua en Alemania por el ataque mortal con un cuchillo a una pareja homosexual ..","og:url":"https:\/\/www.eldigitaldeasturias.com\/noticias\/pena-maxima-en-alemania-para-un-sirio-por-ataque-mortal-a-homosexuales\/","article:tag":["sucesos"],"article:published_time":"2021-05-21T15:17:37+00:00","article:modified_time":"2021-05-21T15:17:37+00:00","article:publisher":"https:\/\/facebook.com\/eldigitaldeasturias","twitter:card":"summary_large_image","twitter:title":"Pena m\u00e1xima en Alemania para un sirio por ataque mortal a homosexuales - El Digital de Asturias","twitter:description":"Un sirio de 21 a\u00f1os fue condenado hoy a cadena perpetua en Alemania por el ataque mortal con un cuchillo a una pareja homosexual ..","twitter:image":"https:\/\/www.eldigitaldeasturias.com\/noticias\/wp-content\/uploads\/2020\/12\/EDA-1.jpg","twitter:label1":"Escrito por","twitter:data1":"El Digital de Asturias","twitter:label2":"Tiempo de lectura estimado","twitter:data2":"1 minuto"},"aioseo_meta_data":{"post_id":"1092013","title":null,"description":"Un sirio de 21 a\u00f1os fue condenado hoy a cadena perpetua en Alemania por el ataque mortal con un cuchillo a una pareja homosexual ..","keywords":[],"keyphrases":{"focus":[],"additional":[]},"primary_term":null,"canonical_url":null,"og_title":null,"og_description":null,"og_object_type":"default","og_image_type":"default","og_image_url":null,"og_image_width":null,"og_image_height":null,"og_image_custom_url":null,"og_image_custom_fields":null,"og_video":"","og_custom_url":null,"og_article_section":null,"og_article_tags":[],"twitter_use_og":false,"twitter_card":"default","twitter_image_type":"default","twitter_image_url":null,"twitter_image_custom_url":null,"twitter_image_custom_fields":null,"twitter_title":null,"twitter_description":null,"schema":{"blockGraphs":[],"customGraphs":[],"default":{"data":{"Article":[],"Course":[],"Dataset":[],"FAQPage":[],"Movie":[],"Person":[],"Product":[],"ProductReview":[],"Car":[],"Recipe":[],"Service":[],"SoftwareApplication":[],"WebPage":[]},"graphName":"","isEnabled":true},"graphs":[],"defaultGraph":"Article","defaultPostTypeGraph":""},"schema_type":"default","schema_type_options":"{\"article\":{\"articleType\":\"BlogPosting\"},\"course\":{\"name\":\"\",\"description\":\"\",\"provider\":\"\"},\"faq\":{\"pages\":[]},\"product\":{\"reviews\":[]},\"recipe\":{\"ingredients\":[],\"instructions\":[],\"keywords\":[]},\"software\":{\"reviews\":[],\"operatingSystems\":[]},\"webPage\":{\"webPageType\":\"WebPage\"}}","pillar_content":false,"robots_default":true,"robots_noindex":false,"robots_noarchive":false,"robots_nosnippet":false,"robots_nofollow":false,"robots_noimageindex":false,"robots_noodp":false,"robots_notranslate":false,"robots_max_snippet":"-1","robots_max_videopreview":"-1","robots_max_imagepreview":"large","priority":null,"frequency":"default","local_seo":{"locations":{"business":{"name":"","businessType":"","image":"","areaServed":"","urls":{"website":"","aboutPage":"","contactPage":""},"address":{"streetLine1":"","streetLine2":"","zipCode":"","city":"","state":"","country":"","addressFormat":"#streetLineOne\n#streetLineTwo\n#city, #state #zipCode"},"contact":{"email":"","phone":"","phoneFormatted":"","fax":"","faxFormatted":""},"ids":{"vat":"","tax":"","chamberOfCommerce":""},"payment":{"priceRange":"","currenciesAccepted":"","methods":""}}},"openingHours":{"useDefaults":true,"show":true,"alwaysOpen":false,"use24hFormat":false,"timezone":"","labels":{"closed":"","alwaysOpen":""},"days":{"monday":{"open24h":false,"closed":false,"openTime":"09:00","closeTime":"17:00"},"tuesday":{"open24h":false,"closed":false,"openTime":"09:00","closeTime":"17:00"},"wednesday":{"open24h":false,"closed":false,"openTime":"09:00","closeTime":"17:00"},"thursday":{"open24h":false,"closed":false,"openTime":"09:00","closeTime":"17:00"},"friday":{"open24h":false,"closed":false,"openTime":"09:00","closeTime":"17:00"},"saturday":{"open24h":false,"closed":false,"openTime":"09:00","closeTime":"17:00"},"sunday":{"open24h":false,"closed":false,"openTime":"09:00","closeTime":"17:00"}}}},"seo_analyzer_scan_date":"2026-07-18 01:29:55","breadcrumb_settings":null,"limit_modified_date":false,"open_ai":null,"ai":null,"created":"2021-05-21 15:12:20","updated":"2026-07-18 01:29:55","focus_keyword":null,"additional_keywords":null,"truseo_locale":null},"aioseo_breadcrumb":"<div class=\"aioseo-breadcrumbs\"><span class=\"aioseo-breadcrumb\">\n\t<a href=\"https:\/\/www.eldigitaldeasturias.com\/noticias\" title=\"Home\">Home<\/a>\n<\/span><span class=\"aioseo-breadcrumb-separator\">\u2013<\/span><span class=\"aioseo-breadcrumb\">\n\t<a href=\"https:\/\/www.eldigitaldeasturias.com\/noticias\/category\/sucesos\/\" title=\"Sucesos\">Sucesos<\/a>\n<\/span><span class=\"aioseo-breadcrumb-separator\">\u2013<\/span><span class=\"aioseo-breadcrumb\">\n\t<a href=\"https:\/\/www.eldigitaldeasturias.com\/noticias\/pena-maxima-en-alemania-para-un-sirio-por-ataque-mortal-a-homosexuales\/\" title=\"Pena m\u00e1xima en Alemania para un sirio por ataque mortal a homosexuales\">Pena m\u00e1xima en Alemania para un sirio por ataque mortal a homosexuales<\/a>\n<\/span><\/div>","aioseo_breadcrumb_json":[{"label":"Home","link":"https:\/\/www.eldigitaldeasturias.com\/noticias"},{"label":"Sucesos","link":"https:\/\/www.eldigitaldeasturias.com\/noticias\/category\/sucesos\/"},{"label":"Pena m\u00e1xima en Alemania para un sirio por ataque mortal a homosexuales","link":"https:\/\/www.eldigitaldeasturias.com\/noticias\/pena-maxima-en-alemania-para-un-sirio-por-ataque-mortal-a-homosexuales\/"}],"_links":{"self":[{"href":"https:\/\/www.eldigitaldeasturias.com\/noticias\/wp-json\/wp\/v2\/posts\/1092013","targetHints":{"allow":["GET"]}}],"collection":[{"href":"https:\/\/www.eldigitaldeasturias.com\/noticias\/wp-json\/wp\/v2\/posts"}],"about":[{"href":"https:\/\/www.eldigitaldeasturias.com\/noticias\/wp-json\/wp\/v2\/types\/post"}],"author":[{"embeddable":true,"href":"https:\/\/www.eldigitaldeasturias.com\/noticias\/wp-json\/wp\/v2\/users\/1"}],"replies":[{"embeddable":true,"href":"https:\/\/www.eldigitaldeasturias.com\/noticias\/wp-json\/wp\/v2\/comments?post=1092013"}],"version-history":[{"count":0,"href":"https:\/\/www.eldigitaldeasturias.com\/noticias\/wp-json\/wp\/v2\/posts\/1092013\/revisions"}],"wp:attachment":[{"href":"https:\/\/www.eldigitaldeasturias.com\/noticias\/wp-json\/wp\/v2\/media?parent=1092013"}],"wp:term":[{"taxonomy":"category","embeddable":true,"href":"https:\/\/www.eldigitaldeasturias.com\/noticias\/wp-json\/wp\/v2\/categories?post=1092013"},{"taxonomy":"post_tag","embeddable":true,"href":"https:\/\/www.eldigitaldeasturias.com\/noticias\/wp-json\/wp\/v2\/tags?post=1092013"}],"curies":[{"name":"wp","href":"https:\/\/api.w.org\/{rel}","templated":true}]}}