{"id":1092010,"date":"2021-05-21T16:08:43","date_gmt":"2021-05-21T15:08:43","guid":{"rendered":"https:\/\/www.eldigitaldeasturias.com\/noticias\/?p=1092010"},"modified":"2021-05-21T16:08:43","modified_gmt":"2021-05-21T15:08:43","slug":"estudio-ninos-y-jovenes-alemanes-son-mas-infelices-por-covid-19","status":"publish","type":"post","link":"https:\/\/www.eldigitaldeasturias.com\/noticias\/estudio-ninos-y-jovenes-alemanes-son-mas-infelices-por-covid-19\/","title":{"rendered":"Estudio: ni\u00f1os y j\u00f3venes alemanes son m\u00e1s infelices por covid-19"},"content":{"rendered":"<figure id=\"attachment_1092011\" aria-describedby=\"caption-attachment-1092011\" style=\"width: 360px\" class=\"wp-caption alignleft\"><img loading=\"lazy\" decoding=\"async\" class=\"size-medium wp-image-1092011\" src=\"https:\/\/www.eldigitaldeasturias.com\/noticias\/wp-content\/uploads\/2021\/05\/Alumnos-de-un-colegio-en-Alemania-360x238.jpg\" alt=\"Alumnos de un colegio en Alemania\" width=\"360\" height=\"238\" \/><figcaption id=\"caption-attachment-1092011\" class=\"wp-caption-text\">Foto: Matthias Balk\/dpa<\/figcaption><\/figure>\n<p>Kiel (Alemania), 21 may (dpa) &#8211; La imposibilidad de reunirse con amigos o tener clases regulares en la escuela debido al coronavirus est\u00e1 afectando a muchos ni\u00f1os y j\u00f3venes en Alemania, seg\u00fan revela un estudio publicado hoy.<\/p>\n<p>El \u00abRadar de Prevenci\u00f3n 2021\u00bb de la aseguradora m\u00e9dica DAK destaca que la satisfacci\u00f3n vital de los ni\u00f1os encuestados descendi\u00f3 en promedio un 20 por ciento en comparaci\u00f3n con la situaci\u00f3n anterior a la crisis del coronavirus.<\/p>\n<p>La publicaci\u00f3n consigna que uno de cada tres ni\u00f1os no se siente adecuadamente protegido contra el coronavirus en el colegio, mientras que el 56 por ciento considera que los protocolos implementados en los establecimientos escolares son adecuados.<\/p>\n<p>Asimismo agrega que los problemas emocionales han aumentado de forma considerable, especialmente entre las ni\u00f1as. Seg\u00fan la encuesta, el 23 por ciento manifest\u00f3 tener s\u00edntomas de trastornos depresivos, como tristeza, baja autoestima, p\u00e9rdida de inter\u00e9s y retraimiento social.<\/p>\n<p>El a\u00f1o anterior un 18 por ciento de los ni\u00f1os y j\u00f3venes hab\u00eda expresado tener este tipo de manifestaciones emocionales.<\/p>\n<p>Seg\u00fan el informe, la interrupci\u00f3n de muchas actividades deportivas tambi\u00e9n conlleva problemas. En general, la proporci\u00f3n de los encuestados que realiza suficiente ejercicio se ha reducido en una quinta parte en comparaci\u00f3n con el a\u00f1o anterior.<\/p>\n<p>Adem\u00e1s, la mayor\u00eda no hace los 90 minutos de ejercicio diario recomendados por los m\u00e9dicos.<\/p>\n<p>El estudio fue llevado a cabo por el Instituto de Investigaci\u00f3n Terap\u00e9utica y Sanitaria de Kiel por encargo de la compa\u00f1\u00eda DAK, que con 5,6 millones de usuarios es la tercera aseguradora de salud de Alemania.<\/p>\n<p>La encuesta se realiz\u00f3 entre 14.000 escolares de entre 10 y 16 a\u00f1os en trece estados alemanes durante en el curso escolar 2020\/21. Las escuelas de Hamburgo, Baviera y el Sarre no participaron del estudio.<\/p>\n<p>&nbsp;<\/p>\n<p>&nbsp;<\/p>\n","protected":false},"excerpt":{"rendered":"<p>Kiel (Alemania), 21 may (dpa) &#8211; La imposibilidad de reunirse con amigos o tener clases regulares en la escuela debido al coronavirus est\u00e1 afectando a muchos ni\u00f1os y j\u00f3venes en Alemania, seg\u00fan revela un estudio publicado hoy. El \u00abRadar de Prevenci\u00f3n 2021\u00bb de la aseguradora m\u00e9dica DAK destaca que la satisfacci\u00f3n vital de los ni\u00f1os [&hellip;]<\/p>\n","protected":false},"author":1,"featured_media":1132184,"comment_status":"closed","ping_status":"closed","sticky":false,"template":"","format":"standard","meta":{"footnotes":""},"categories":[28],"tags":[],"class_list":["post-1092010","post","type-post","status-publish","format-standard","has-post-thumbnail","hentry","category-sociedad"],"aioseo_notices":[],"aioseo_head":"\n\t\t<!-- All in One SEO Pro 5.0.1 - aioseo.com -->\n\t<meta name=\"description\" content=\"El &quot;Radar de Prevenci\u00f3n 2021&quot; de la aseguradora m\u00e9dica DAK destaca que la satisfacci\u00f3n vital de los ni\u00f1os encuestados descendi\u00f3 en promedio un 20 por ciento\" \/>\n\t<meta name=\"robots\" content=\"max-image-preview:large\" \/>\n\t<meta name=\"author\" content=\"El Digital de Asturias\"\/>\n\t<meta name=\"google-site-verification\" content=\"UA-38556648-1\" \/>\n\t<meta name=\"msvalidate.01\" content=\"7dfe9f3f1b24437ab69f4f2559babe99\" \/>\n\t<meta name=\"keywords\" content=\"actualidad,\u00faltima hora,noticias,ni\u00f1os,salud,educaci\u00f3n,covid-19,sociedad\" \/>\n\t<link rel=\"canonical\" href=\"https:\/\/www.eldigitaldeasturias.com\/noticias\/estudio-ninos-y-jovenes-alemanes-son-mas-infelices-por-covid-19\/\" \/>\n\t<meta name=\"generator\" content=\"All in One SEO Pro (AIOSEO) 5.0.1\" \/>\n\t\t<meta property=\"og:locale\" content=\"es_ES\" \/>\n\t\t<meta property=\"og:site_name\" content=\"El Digital de Asturias\" \/>\n\t\t<meta property=\"og:type\" content=\"article\" \/>\n\t\t<meta property=\"og:title\" content=\"Estudio: ni\u00f1os y j\u00f3venes alemanes son m\u00e1s infelices por covid-19 - El Digital de Asturias\" \/>\n\t\t<meta property=\"og:description\" content=\"El &quot;Radar de Prevenci\u00f3n 2021&quot; de la aseguradora m\u00e9dica DAK destaca que la satisfacci\u00f3n vital de los ni\u00f1os encuestados descendi\u00f3 en promedio un 20 por ciento\" \/>\n\t\t<meta property=\"og:url\" content=\"https:\/\/www.eldigitaldeasturias.com\/noticias\/estudio-ninos-y-jovenes-alemanes-son-mas-infelices-por-covid-19\/\" \/>\n\t\t<meta property=\"og:image\" content=\"https:\/\/www.eldigitaldeasturias.com\/noticias\/wp-content\/uploads\/2026\/06\/Contenidos.jpg\" \/>\n\t\t<meta property=\"og:image:secure_url\" content=\"https:\/\/www.eldigitaldeasturias.com\/noticias\/wp-content\/uploads\/2026\/06\/Contenidos.jpg\" \/>\n\t\t<meta property=\"og:image:width\" content=\"1265\" \/>\n\t\t<meta property=\"og:image:height\" content=\"697\" \/>\n\t\t<meta property=\"article:tag\" content=\"actualidad\" \/>\n\t\t<meta property=\"article:tag\" content=\"\u00faltima hora\" \/>\n\t\t<meta property=\"article:tag\" content=\"noticias\" \/>\n\t\t<meta property=\"article:tag\" content=\"ni\u00f1os\" \/>\n\t\t<meta property=\"article:tag\" content=\"salud\" \/>\n\t\t<meta property=\"article:tag\" content=\"educaci\u00f3n\" \/>\n\t\t<meta property=\"article:tag\" content=\"covid-19\" \/>\n\t\t<meta property=\"article:tag\" content=\"sociedad\" \/>\n\t\t<meta property=\"article:published_time\" content=\"2021-05-21T15:08:43+00:00\" \/>\n\t\t<meta property=\"article:modified_time\" content=\"2021-05-21T15:08:43+00:00\" \/>\n\t\t<meta property=\"article:publisher\" content=\"https:\/\/facebook.com\/eldigitaldeasturias\" \/>\n\t\t<meta name=\"twitter:card\" content=\"summary_large_image\" \/>\n\t\t<meta name=\"twitter:title\" content=\"Estudio: ni\u00f1os y j\u00f3venes alemanes son m\u00e1s infelices por covid-19 - El Digital de Asturias\" \/>\n\t\t<meta name=\"twitter:description\" content=\"El &quot;Radar de Prevenci\u00f3n 2021&quot; de la aseguradora m\u00e9dica DAK destaca que la satisfacci\u00f3n vital de los ni\u00f1os encuestados descendi\u00f3 en promedio un 20 por ciento\" \/>\n\t\t<meta name=\"twitter:image\" content=\"https:\/\/www.eldigitaldeasturias.com\/noticias\/wp-content\/uploads\/2026\/06\/Contenidos.jpg\" \/>\n\t\t<meta name=\"twitter:label1\" content=\"Escrito por\" \/>\n\t\t<meta name=\"twitter:data1\" content=\"El Digital de Asturias\" \/>\n\t\t<meta name=\"twitter:label2\" content=\"Tiempo de lectura estimado\" \/>\n\t\t<meta name=\"twitter:data2\" content=\"2 minutos\" \/>\n\t\t<script type=\"application\/ld+json\" class=\"aioseo-schema\">\n\t\t\t{\"@context\":\"https:\\\/\\\/schema.org\",\"@graph\":[{\"@type\":\"BlogPosting\",\"@id\":\"https:\\\/\\\/www.eldigitaldeasturias.com\\\/noticias\\\/estudio-ninos-y-jovenes-alemanes-son-mas-infelices-por-covid-19\\\/#blogposting\",\"name\":\"Estudio: ni\\u00f1os y j\\u00f3venes alemanes son m\\u00e1s infelices por covid-19 - El Digital de Asturias\",\"headline\":\"Estudio: ni\\u00f1os y j\\u00f3venes alemanes son m\\u00e1s infelices por covid-19\",\"author\":{\"@id\":\"https:\\\/\\\/www.eldigitaldeasturias.com\\\/noticias\\\/author\\\/admin\\\/#author\"},\"publisher\":{\"@id\":\"https:\\\/\\\/www.eldigitaldeasturias.com\\\/noticias\\\/#organization\"},\"image\":{\"@type\":\"ImageObject\",\"url\":\"https:\\\/\\\/www.eldigitaldeasturias.com\\\/noticias\\\/wp-content\\\/uploads\\\/2026\\\/06\\\/Contenidos.jpg\",\"width\":1265,\"height\":697,\"caption\":\"Contenidos\"},\"datePublished\":\"2021-05-21T16:08:43+02:00\",\"dateModified\":\"2021-05-21T16:08:43+02:00\",\"inLanguage\":\"es-ES\",\"mainEntityOfPage\":{\"@id\":\"https:\\\/\\\/www.eldigitaldeasturias.com\\\/noticias\\\/estudio-ninos-y-jovenes-alemanes-son-mas-infelices-por-covid-19\\\/#webpage\"},\"isPartOf\":{\"@id\":\"https:\\\/\\\/www.eldigitaldeasturias.com\\\/noticias\\\/estudio-ninos-y-jovenes-alemanes-son-mas-infelices-por-covid-19\\\/#webpage\"},\"articleSection\":\"Sociedad\"},{\"@type\":\"BreadcrumbList\",\"@id\":\"https:\\\/\\\/www.eldigitaldeasturias.com\\\/noticias\\\/estudio-ninos-y-jovenes-alemanes-son-mas-infelices-por-covid-19\\\/#breadcrumblist\",\"itemListElement\":[{\"@type\":\"ListItem\",\"@id\":\"https:\\\/\\\/www.eldigitaldeasturias.com\\\/noticias#listItem\",\"position\":1,\"name\":\"Home\",\"item\":\"https:\\\/\\\/www.eldigitaldeasturias.com\\\/noticias\",\"nextItem\":{\"@type\":\"ListItem\",\"@id\":\"https:\\\/\\\/www.eldigitaldeasturias.com\\\/noticias\\\/category\\\/sociedad\\\/#listItem\",\"name\":\"Sociedad\"}},{\"@type\":\"ListItem\",\"@id\":\"https:\\\/\\\/www.eldigitaldeasturias.com\\\/noticias\\\/category\\\/sociedad\\\/#listItem\",\"position\":2,\"name\":\"Sociedad\",\"item\":\"https:\\\/\\\/www.eldigitaldeasturias.com\\\/noticias\\\/category\\\/sociedad\\\/\",\"nextItem\":{\"@type\":\"ListItem\",\"@id\":\"https:\\\/\\\/www.eldigitaldeasturias.com\\\/noticias\\\/estudio-ninos-y-jovenes-alemanes-son-mas-infelices-por-covid-19\\\/#listItem\",\"name\":\"Estudio: ni\\u00f1os y j\\u00f3venes alemanes son m\\u00e1s infelices por covid-19\"},\"previousItem\":{\"@type\":\"ListItem\",\"@id\":\"https:\\\/\\\/www.eldigitaldeasturias.com\\\/noticias#listItem\",\"name\":\"Home\"}},{\"@type\":\"ListItem\",\"@id\":\"https:\\\/\\\/www.eldigitaldeasturias.com\\\/noticias\\\/estudio-ninos-y-jovenes-alemanes-son-mas-infelices-por-covid-19\\\/#listItem\",\"position\":3,\"name\":\"Estudio: ni\\u00f1os y j\\u00f3venes alemanes son m\\u00e1s infelices por covid-19\",\"previousItem\":{\"@type\":\"ListItem\",\"@id\":\"https:\\\/\\\/www.eldigitaldeasturias.com\\\/noticias\\\/category\\\/sociedad\\\/#listItem\",\"name\":\"Sociedad\"}}]},{\"@type\":\"Organization\",\"@id\":\"https:\\\/\\\/www.eldigitaldeasturias.com\\\/noticias\\\/#organization\",\"name\":\"El Digital de Asturias\",\"description\":\"Hemeroteca\",\"url\":\"https:\\\/\\\/www.eldigitaldeasturias.com\\\/noticias\\\/\",\"email\":\"info@eldigitaldeasturias.com\",\"telephone\":\"+34652131393\",\"logo\":{\"@type\":\"ImageObject\",\"url\":\"https:\\\/\\\/www.eldigitaldeasturias.com\\\/noticias\\\/wp-content\\\/uploads\\\/2020\\\/12\\\/EDA.jpg\",\"@id\":\"https:\\\/\\\/www.eldigitaldeasturias.com\\\/noticias\\\/estudio-ninos-y-jovenes-alemanes-son-mas-infelices-por-covid-19\\\/#organizationLogo\"},\"image\":{\"@id\":\"https:\\\/\\\/www.eldigitaldeasturias.com\\\/noticias\\\/estudio-ninos-y-jovenes-alemanes-son-mas-infelices-por-covid-19\\\/#organizationLogo\"},\"sameAs\":[\"https:\\\/\\\/facebook.com\\\/eldigitaldeasturias\",\"https:\\\/\\\/www.youtube.com\\\/channel\\\/UCZP-2wLEB9Rv6erhFmqVnvg\"],\"address\":{\"@id\":\"https:\\\/\\\/www.eldigitaldeasturias.com\\\/noticias\\\/#postaladdress\",\"@type\":\"PostalAddress\",\"streetAddress\":\"san antonio 4\",\"postalCode\":\"33430\",\"addressLocality\":\"Cand\\u00e1s\",\"addressRegion\":\"Asturias\",\"addressCountry\":\"ES\"}},{\"@type\":\"Person\",\"@id\":\"https:\\\/\\\/www.eldigitaldeasturias.com\\\/noticias\\\/author\\\/admin\\\/#author\",\"url\":\"https:\\\/\\\/www.eldigitaldeasturias.com\\\/noticias\\\/author\\\/admin\\\/\",\"name\":\"El Digital de Asturias\",\"image\":{\"@type\":\"ImageObject\",\"@id\":\"https:\\\/\\\/www.eldigitaldeasturias.com\\\/noticias\\\/estudio-ninos-y-jovenes-alemanes-son-mas-infelices-por-covid-19\\\/#authorImage\",\"url\":\"https:\\\/\\\/secure.gravatar.com\\\/avatar\\\/df2aeffc32bcd13f8d26072ef8a91b623d677766deac7f97ca815868cd41bf5e?s=96&d=mm&r=g\",\"width\":96,\"height\":96,\"caption\":\"El Digital de Asturias\"}},{\"@type\":\"WebPage\",\"@id\":\"https:\\\/\\\/www.eldigitaldeasturias.com\\\/noticias\\\/estudio-ninos-y-jovenes-alemanes-son-mas-infelices-por-covid-19\\\/#webpage\",\"url\":\"https:\\\/\\\/www.eldigitaldeasturias.com\\\/noticias\\\/estudio-ninos-y-jovenes-alemanes-son-mas-infelices-por-covid-19\\\/\",\"name\":\"Estudio: ni\\u00f1os y j\\u00f3venes alemanes son m\\u00e1s infelices por covid-19 - El Digital de Asturias\",\"description\":\"El \\\"Radar de Prevenci\\u00f3n 2021\\\" de la aseguradora m\\u00e9dica DAK destaca que la satisfacci\\u00f3n vital de los ni\\u00f1os encuestados descendi\\u00f3 en promedio un 20 por ciento\",\"inLanguage\":\"es-ES\",\"isPartOf\":{\"@id\":\"https:\\\/\\\/www.eldigitaldeasturias.com\\\/noticias\\\/#website\"},\"breadcrumb\":{\"@id\":\"https:\\\/\\\/www.eldigitaldeasturias.com\\\/noticias\\\/estudio-ninos-y-jovenes-alemanes-son-mas-infelices-por-covid-19\\\/#breadcrumblist\"},\"author\":{\"@id\":\"https:\\\/\\\/www.eldigitaldeasturias.com\\\/noticias\\\/author\\\/admin\\\/#author\"},\"creator\":{\"@id\":\"https:\\\/\\\/www.eldigitaldeasturias.com\\\/noticias\\\/author\\\/admin\\\/#author\"},\"image\":{\"@type\":\"ImageObject\",\"url\":\"https:\\\/\\\/www.eldigitaldeasturias.com\\\/noticias\\\/wp-content\\\/uploads\\\/2026\\\/06\\\/Contenidos.jpg\",\"@id\":\"https:\\\/\\\/www.eldigitaldeasturias.com\\\/noticias\\\/estudio-ninos-y-jovenes-alemanes-son-mas-infelices-por-covid-19\\\/#mainImage\",\"width\":1265,\"height\":697,\"caption\":\"Contenidos\"},\"primaryImageOfPage\":{\"@id\":\"https:\\\/\\\/www.eldigitaldeasturias.com\\\/noticias\\\/estudio-ninos-y-jovenes-alemanes-son-mas-infelices-por-covid-19\\\/#mainImage\"},\"datePublished\":\"2021-05-21T16:08:43+02:00\",\"dateModified\":\"2021-05-21T16:08:43+02:00\"},{\"@type\":\"WebSite\",\"@id\":\"https:\\\/\\\/www.eldigitaldeasturias.com\\\/noticias\\\/#website\",\"url\":\"https:\\\/\\\/www.eldigitaldeasturias.com\\\/noticias\\\/\",\"name\":\"El Digital de Asturias - Diario de actualidad y noticias\",\"alternateName\":\"El Digital de Asturias - Diario de actualidad y noticias\",\"description\":\"Hemeroteca\",\"inLanguage\":\"es-ES\",\"publisher\":{\"@id\":\"https:\\\/\\\/www.eldigitaldeasturias.com\\\/noticias\\\/#organization\"}}]}\n\t\t<\/script>\n\t\t<!-- All in One SEO Pro -->\r\n\t\t<title>Estudio: ni\u00f1os y j\u00f3venes alemanes son m\u00e1s infelices por covid-19 - El Digital de Asturias<\/title>\n\n","aioseo_head_json":{"title":"Estudio: ni\u00f1os y j\u00f3venes alemanes son m\u00e1s infelices por covid-19 - El Digital de Asturias","description":"El \"Radar de Prevenci\u00f3n 2021\" de la aseguradora m\u00e9dica DAK destaca que la satisfacci\u00f3n vital de los ni\u00f1os encuestados descendi\u00f3 en promedio un 20 por ciento","canonical_url":"https:\/\/www.eldigitaldeasturias.com\/noticias\/estudio-ninos-y-jovenes-alemanes-son-mas-infelices-por-covid-19\/","robots":"max-image-preview:large","keywords":"actualidad,\u00faltima hora,noticias,ni\u00f1os,salud,educaci\u00f3n,covid-19,sociedad","webmasterTools":{"google-site-verification":"UA-38556648-1","msvalidate.01":"7dfe9f3f1b24437ab69f4f2559babe99","miscellaneous":""},"schema":{"@context":"https:\/\/schema.org","@graph":[{"@type":"BlogPosting","@id":"https:\/\/www.eldigitaldeasturias.com\/noticias\/estudio-ninos-y-jovenes-alemanes-son-mas-infelices-por-covid-19\/#blogposting","name":"Estudio: ni\u00f1os y j\u00f3venes alemanes son m\u00e1s infelices por covid-19 - El Digital de Asturias","headline":"Estudio: ni\u00f1os y j\u00f3venes alemanes son m\u00e1s infelices por covid-19","author":{"@id":"https:\/\/www.eldigitaldeasturias.com\/noticias\/author\/admin\/#author"},"publisher":{"@id":"https:\/\/www.eldigitaldeasturias.com\/noticias\/#organization"},"image":{"@type":"ImageObject","url":"https:\/\/www.eldigitaldeasturias.com\/noticias\/wp-content\/uploads\/2026\/06\/Contenidos.jpg","width":1265,"height":697,"caption":"Contenidos"},"datePublished":"2021-05-21T16:08:43+02:00","dateModified":"2021-05-21T16:08:43+02:00","inLanguage":"es-ES","mainEntityOfPage":{"@id":"https:\/\/www.eldigitaldeasturias.com\/noticias\/estudio-ninos-y-jovenes-alemanes-son-mas-infelices-por-covid-19\/#webpage"},"isPartOf":{"@id":"https:\/\/www.eldigitaldeasturias.com\/noticias\/estudio-ninos-y-jovenes-alemanes-son-mas-infelices-por-covid-19\/#webpage"},"articleSection":"Sociedad"},{"@type":"BreadcrumbList","@id":"https:\/\/www.eldigitaldeasturias.com\/noticias\/estudio-ninos-y-jovenes-alemanes-son-mas-infelices-por-covid-19\/#breadcrumblist","itemListElement":[{"@type":"ListItem","@id":"https:\/\/www.eldigitaldeasturias.com\/noticias#listItem","position":1,"name":"Home","item":"https:\/\/www.eldigitaldeasturias.com\/noticias","nextItem":{"@type":"ListItem","@id":"https:\/\/www.eldigitaldeasturias.com\/noticias\/category\/sociedad\/#listItem","name":"Sociedad"}},{"@type":"ListItem","@id":"https:\/\/www.eldigitaldeasturias.com\/noticias\/category\/sociedad\/#listItem","position":2,"name":"Sociedad","item":"https:\/\/www.eldigitaldeasturias.com\/noticias\/category\/sociedad\/","nextItem":{"@type":"ListItem","@id":"https:\/\/www.eldigitaldeasturias.com\/noticias\/estudio-ninos-y-jovenes-alemanes-son-mas-infelices-por-covid-19\/#listItem","name":"Estudio: ni\u00f1os y j\u00f3venes alemanes son m\u00e1s infelices por covid-19"},"previousItem":{"@type":"ListItem","@id":"https:\/\/www.eldigitaldeasturias.com\/noticias#listItem","name":"Home"}},{"@type":"ListItem","@id":"https:\/\/www.eldigitaldeasturias.com\/noticias\/estudio-ninos-y-jovenes-alemanes-son-mas-infelices-por-covid-19\/#listItem","position":3,"name":"Estudio: ni\u00f1os y j\u00f3venes alemanes son m\u00e1s infelices por covid-19","previousItem":{"@type":"ListItem","@id":"https:\/\/www.eldigitaldeasturias.com\/noticias\/category\/sociedad\/#listItem","name":"Sociedad"}}]},{"@type":"Organization","@id":"https:\/\/www.eldigitaldeasturias.com\/noticias\/#organization","name":"El Digital de Asturias","description":"Hemeroteca","url":"https:\/\/www.eldigitaldeasturias.com\/noticias\/","email":"info@eldigitaldeasturias.com","telephone":"+34652131393","logo":{"@type":"ImageObject","url":"https:\/\/www.eldigitaldeasturias.com\/noticias\/wp-content\/uploads\/2020\/12\/EDA.jpg","@id":"https:\/\/www.eldigitaldeasturias.com\/noticias\/estudio-ninos-y-jovenes-alemanes-son-mas-infelices-por-covid-19\/#organizationLogo"},"image":{"@id":"https:\/\/www.eldigitaldeasturias.com\/noticias\/estudio-ninos-y-jovenes-alemanes-son-mas-infelices-por-covid-19\/#organizationLogo"},"sameAs":["https:\/\/facebook.com\/eldigitaldeasturias","https:\/\/www.youtube.com\/channel\/UCZP-2wLEB9Rv6erhFmqVnvg"],"address":{"@id":"https:\/\/www.eldigitaldeasturias.com\/noticias\/#postaladdress","@type":"PostalAddress","streetAddress":"san antonio 4","postalCode":"33430","addressLocality":"Cand\u00e1s","addressRegion":"Asturias","addressCountry":"ES"}},{"@type":"Person","@id":"https:\/\/www.eldigitaldeasturias.com\/noticias\/author\/admin\/#author","url":"https:\/\/www.eldigitaldeasturias.com\/noticias\/author\/admin\/","name":"El Digital de Asturias","image":{"@type":"ImageObject","@id":"https:\/\/www.eldigitaldeasturias.com\/noticias\/estudio-ninos-y-jovenes-alemanes-son-mas-infelices-por-covid-19\/#authorImage","url":"https:\/\/secure.gravatar.com\/avatar\/df2aeffc32bcd13f8d26072ef8a91b623d677766deac7f97ca815868cd41bf5e?s=96&d=mm&r=g","width":96,"height":96,"caption":"El Digital de Asturias"}},{"@type":"WebPage","@id":"https:\/\/www.eldigitaldeasturias.com\/noticias\/estudio-ninos-y-jovenes-alemanes-son-mas-infelices-por-covid-19\/#webpage","url":"https:\/\/www.eldigitaldeasturias.com\/noticias\/estudio-ninos-y-jovenes-alemanes-son-mas-infelices-por-covid-19\/","name":"Estudio: ni\u00f1os y j\u00f3venes alemanes son m\u00e1s infelices por covid-19 - El Digital de Asturias","description":"El \"Radar de Prevenci\u00f3n 2021\" de la aseguradora m\u00e9dica DAK destaca que la satisfacci\u00f3n vital de los ni\u00f1os encuestados descendi\u00f3 en promedio un 20 por ciento","inLanguage":"es-ES","isPartOf":{"@id":"https:\/\/www.eldigitaldeasturias.com\/noticias\/#website"},"breadcrumb":{"@id":"https:\/\/www.eldigitaldeasturias.com\/noticias\/estudio-ninos-y-jovenes-alemanes-son-mas-infelices-por-covid-19\/#breadcrumblist"},"author":{"@id":"https:\/\/www.eldigitaldeasturias.com\/noticias\/author\/admin\/#author"},"creator":{"@id":"https:\/\/www.eldigitaldeasturias.com\/noticias\/author\/admin\/#author"},"image":{"@type":"ImageObject","url":"https:\/\/www.eldigitaldeasturias.com\/noticias\/wp-content\/uploads\/2026\/06\/Contenidos.jpg","@id":"https:\/\/www.eldigitaldeasturias.com\/noticias\/estudio-ninos-y-jovenes-alemanes-son-mas-infelices-por-covid-19\/#mainImage","width":1265,"height":697,"caption":"Contenidos"},"primaryImageOfPage":{"@id":"https:\/\/www.eldigitaldeasturias.com\/noticias\/estudio-ninos-y-jovenes-alemanes-son-mas-infelices-por-covid-19\/#mainImage"},"datePublished":"2021-05-21T16:08:43+02:00","dateModified":"2021-05-21T16:08:43+02:00"},{"@type":"WebSite","@id":"https:\/\/www.eldigitaldeasturias.com\/noticias\/#website","url":"https:\/\/www.eldigitaldeasturias.com\/noticias\/","name":"El Digital de Asturias - Diario de actualidad y noticias","alternateName":"El Digital de Asturias - Diario de actualidad y noticias","description":"Hemeroteca","inLanguage":"es-ES","publisher":{"@id":"https:\/\/www.eldigitaldeasturias.com\/noticias\/#organization"}}]},"og:locale":"es_ES","og:site_name":"El Digital de Asturias","og:type":"article","og:title":"Estudio: ni\u00f1os y j\u00f3venes alemanes son m\u00e1s infelices por covid-19 - El Digital de Asturias","og:description":"El &quot;Radar de Prevenci\u00f3n 2021&quot; de la aseguradora m\u00e9dica DAK destaca que la satisfacci\u00f3n vital de los ni\u00f1os encuestados descendi\u00f3 en promedio un 20 por ciento","og:url":"https:\/\/www.eldigitaldeasturias.com\/noticias\/estudio-ninos-y-jovenes-alemanes-son-mas-infelices-por-covid-19\/","og:image":"https:\/\/www.eldigitaldeasturias.com\/noticias\/wp-content\/uploads\/2026\/06\/Contenidos.jpg","og:image:secure_url":"https:\/\/www.eldigitaldeasturias.com\/noticias\/wp-content\/uploads\/2026\/06\/Contenidos.jpg","og:image:width":1265,"og:image:height":697,"article:tag":["actualidad","\u00faltima hora","noticias","ni\u00f1os","salud","educaci\u00f3n","covid-19","sociedad"],"article:published_time":"2021-05-21T15:08:43+00:00","article:modified_time":"2021-05-21T15:08:43+00:00","article:publisher":"https:\/\/facebook.com\/eldigitaldeasturias","twitter:card":"summary_large_image","twitter:title":"Estudio: ni\u00f1os y j\u00f3venes alemanes son m\u00e1s infelices por covid-19 - El Digital de Asturias","twitter:description":"El &quot;Radar de Prevenci\u00f3n 2021&quot; de la aseguradora m\u00e9dica DAK destaca que la satisfacci\u00f3n vital de los ni\u00f1os encuestados descendi\u00f3 en promedio un 20 por ciento","twitter:image":"https:\/\/www.eldigitaldeasturias.com\/noticias\/wp-content\/uploads\/2026\/06\/Contenidos.jpg","twitter:label1":"Escrito por","twitter:data1":"El Digital de Asturias","twitter:label2":"Tiempo de lectura estimado","twitter:data2":"2 minutos"},"aioseo_meta_data":{"post_id":"1092010","title":null,"description":"El \"Radar de Prevenci\u00f3n 2021\" de la aseguradora m\u00e9dica DAK destaca que la satisfacci\u00f3n vital de los ni\u00f1os encuestados descendi\u00f3 en promedio un 20 por ciento","keywords":[{"label":"Actualidad","value":"Actualidad"},{"label":" \u00faltima hora","value":" \u00faltima hora"},{"label":" noticias","value":" noticias"},{"label":" Ni\u00f1os","value":" Ni\u00f1os"},{"label":" Salud","value":" Salud"},{"label":" Educaci\u00f3n","value":" Educaci\u00f3n"},{"label":" Covid-19","value":" Covid-19"}],"keyphrases":{"focus":[],"additional":[]},"primary_term":null,"canonical_url":null,"og_title":null,"og_description":null,"og_object_type":"default","og_image_type":"default","og_image_url":null,"og_image_width":null,"og_image_height":null,"og_image_custom_url":null,"og_image_custom_fields":null,"og_video":"","og_custom_url":null,"og_article_section":null,"og_article_tags":[],"twitter_use_og":false,"twitter_card":"default","twitter_image_type":"default","twitter_image_url":null,"twitter_image_custom_url":null,"twitter_image_custom_fields":null,"twitter_title":null,"twitter_description":null,"schema":{"blockGraphs":[],"customGraphs":[],"default":{"data":{"Article":[],"Course":[],"Dataset":[],"FAQPage":[],"Movie":[],"Person":[],"Product":[],"ProductReview":[],"Car":[],"Recipe":[],"Service":[],"SoftwareApplication":[],"WebPage":[]},"graphName":"","isEnabled":true},"graphs":[],"defaultGraph":"Article","defaultPostTypeGraph":""},"schema_type":"default","schema_type_options":"{\"article\":{\"articleType\":\"BlogPosting\"},\"course\":{\"name\":\"\",\"description\":\"\",\"provider\":\"\"},\"faq\":{\"pages\":[]},\"product\":{\"reviews\":[]},\"recipe\":{\"ingredients\":[],\"instructions\":[],\"keywords\":[]},\"software\":{\"reviews\":[],\"operatingSystems\":[]},\"webPage\":{\"webPageType\":\"WebPage\"}}","pillar_content":false,"robots_default":true,"robots_noindex":false,"robots_noarchive":false,"robots_nosnippet":false,"robots_nofollow":false,"robots_noimageindex":false,"robots_noodp":false,"robots_notranslate":false,"robots_max_snippet":"-1","robots_max_videopreview":"-1","robots_max_imagepreview":"large","priority":null,"frequency":"default","local_seo":{"locations":{"business":{"name":"","businessType":"","image":"","areaServed":"","urls":{"website":"","aboutPage":"","contactPage":""},"address":{"streetLine1":"","streetLine2":"","zipCode":"","city":"","state":"","country":"","addressFormat":"#streetLineOne\n#streetLineTwo\n#city, #state #zipCode"},"contact":{"email":"","phone":"","phoneFormatted":"","fax":"","faxFormatted":""},"ids":{"vat":"","tax":"","chamberOfCommerce":""},"payment":{"priceRange":"","currenciesAccepted":"","methods":""}}},"openingHours":{"useDefaults":true,"show":true,"alwaysOpen":false,"use24hFormat":false,"timezone":"","labels":{"closed":"","alwaysOpen":""},"days":{"monday":{"open24h":false,"closed":false,"openTime":"09:00","closeTime":"17:00"},"tuesday":{"open24h":false,"closed":false,"openTime":"09:00","closeTime":"17:00"},"wednesday":{"open24h":false,"closed":false,"openTime":"09:00","closeTime":"17:00"},"thursday":{"open24h":false,"closed":false,"openTime":"09:00","closeTime":"17:00"},"friday":{"open24h":false,"closed":false,"openTime":"09:00","closeTime":"17:00"},"saturday":{"open24h":false,"closed":false,"openTime":"09:00","closeTime":"17:00"},"sunday":{"open24h":false,"closed":false,"openTime":"09:00","closeTime":"17:00"}}}},"seo_analyzer_scan_date":"2026-07-18 01:23:49","breadcrumb_settings":null,"limit_modified_date":false,"open_ai":null,"ai":null,"created":"2021-05-21 15:01:35","updated":"2026-07-18 01:23:49","focus_keyword":null,"additional_keywords":null,"truseo_locale":null},"aioseo_breadcrumb":"<div class=\"aioseo-breadcrumbs\"><span class=\"aioseo-breadcrumb\">\n\t<a href=\"https:\/\/www.eldigitaldeasturias.com\/noticias\" title=\"Home\">Home<\/a>\n<\/span><span class=\"aioseo-breadcrumb-separator\">\u2013<\/span><span class=\"aioseo-breadcrumb\">\n\t<a href=\"https:\/\/www.eldigitaldeasturias.com\/noticias\/category\/sociedad\/\" title=\"Sociedad\">Sociedad<\/a>\n<\/span><span class=\"aioseo-breadcrumb-separator\">\u2013<\/span><span class=\"aioseo-breadcrumb\">\n\t<a href=\"https:\/\/www.eldigitaldeasturias.com\/noticias\/estudio-ninos-y-jovenes-alemanes-son-mas-infelices-por-covid-19\/\" title=\"Estudio: ni\u00f1os y j\u00f3venes alemanes son m\u00e1s infelices por covid-19\">Estudio: ni\u00f1os y j\u00f3venes alemanes son m\u00e1s infelices por covid-19<\/a>\n<\/span><\/div>","aioseo_breadcrumb_json":[{"label":"Home","link":"https:\/\/www.eldigitaldeasturias.com\/noticias"},{"label":"Sociedad","link":"https:\/\/www.eldigitaldeasturias.com\/noticias\/category\/sociedad\/"},{"label":"Estudio: ni\u00f1os y j\u00f3venes alemanes son m\u00e1s infelices por covid-19","link":"https:\/\/www.eldigitaldeasturias.com\/noticias\/estudio-ninos-y-jovenes-alemanes-son-mas-infelices-por-covid-19\/"}],"_links":{"self":[{"href":"https:\/\/www.eldigitaldeasturias.com\/noticias\/wp-json\/wp\/v2\/posts\/1092010","targetHints":{"allow":["GET"]}}],"collection":[{"href":"https:\/\/www.eldigitaldeasturias.com\/noticias\/wp-json\/wp\/v2\/posts"}],"about":[{"href":"https:\/\/www.eldigitaldeasturias.com\/noticias\/wp-json\/wp\/v2\/types\/post"}],"author":[{"embeddable":true,"href":"https:\/\/www.eldigitaldeasturias.com\/noticias\/wp-json\/wp\/v2\/users\/1"}],"replies":[{"embeddable":true,"href":"https:\/\/www.eldigitaldeasturias.com\/noticias\/wp-json\/wp\/v2\/comments?post=1092010"}],"version-history":[{"count":0,"href":"https:\/\/www.eldigitaldeasturias.com\/noticias\/wp-json\/wp\/v2\/posts\/1092010\/revisions"}],"wp:featuredmedia":[{"embeddable":true,"href":"https:\/\/www.eldigitaldeasturias.com\/noticias\/wp-json\/wp\/v2\/media\/1132184"}],"wp:attachment":[{"href":"https:\/\/www.eldigitaldeasturias.com\/noticias\/wp-json\/wp\/v2\/media?parent=1092010"}],"wp:term":[{"taxonomy":"category","embeddable":true,"href":"https:\/\/www.eldigitaldeasturias.com\/noticias\/wp-json\/wp\/v2\/categories?post=1092010"},{"taxonomy":"post_tag","embeddable":true,"href":"https:\/\/www.eldigitaldeasturias.com\/noticias\/wp-json\/wp\/v2\/tags?post=1092010"}],"curies":[{"name":"wp","href":"https:\/\/api.w.org\/{rel}","templated":true}]}}