{"id":1091995,"date":"2021-05-21T12:19:42","date_gmt":"2021-05-21T11:19:42","guid":{"rendered":"https:\/\/www.eldigitaldeasturias.com\/noticias\/?p=1091995"},"modified":"2021-05-21T12:19:42","modified_gmt":"2021-05-21T11:19:42","slug":"iu-de-asturias-pide-la-convocatoria-urgente-de-la-alianza-por-la-industria","status":"publish","type":"post","link":"https:\/\/www.eldigitaldeasturias.com\/noticias\/iu-de-asturias-pide-la-convocatoria-urgente-de-la-alianza-por-la-industria\/","title":{"rendered":"IU de Asturias pide la convocatoria urgente de la Alianza por la Industria"},"content":{"rendered":"<p><img loading=\"lazy\" decoding=\"async\" class=\"alignleft size-medium wp-image-1091996\" src=\"https:\/\/www.eldigitaldeasturias.com\/noticias\/wp-content\/uploads\/2021\/05\/Vallina-IU-Asturias-360x268.jpg\" alt=\"Vallina IU Asturias\" width=\"360\" height=\"268\" \/>\u00c1ngela Vallina rechaza el intento de la Ministra de eludir responsabilidades y la acusa, junto a Maroto de tomar decisiones lesivas para Asturias m\u00e1s all\u00e1 de lo que impone la Uni\u00f3n Europea<\/p>\n<p>La portavoz cree que el Gobierno de Asturias tiene que explicar si piensa dejar morir por incomparecencia el bloque formado por sindicatos, patronal y partidos en defensa del sector productivo asturiano y pide al Presidente que asuma el liderazgo si su Consejero sigue en su labor de enviar \u00abemails\u00bb<\/p>\n<p>Izquierda Unida ha pedido hoy al Gobierno Asturiano que convoque de una vez la Alianza por las Industria ante la nueva \u00abagresi\u00f3n\u00bb de la Ministra Teresa Ribera, en su \u00faltimas declaraciones en las que condena a Asturias a una transici\u00f3n injusta al tiempo que trata de eludir responsabilidades carg\u00e1ndolas sobre una de sus compa\u00f1eras de Gabinete, Reyes Maroto, en lo que parece un t\u00e1ndem de animadversi\u00f3n hacia Asturias. \u00abEs bochornoso tener que leer que una Ministra reconozca un nuevo varapalo a lo que deber\u00eda ser una transici\u00f3n energ\u00e9tica justa, conform\u00e1ndose con un absurdo \u00abes lo que hay\u00bb. No, no es lo que hay sino lo que alguien decide que haya, y ese alguien es ella, su compa\u00f1era Reyes Maroto y en definitiva el Gobierno de Espa\u00f1a, con decisiones lesivas para Asturias que ni siquiera son impuestas por la Uni\u00f3n Europea\u00bb, ha reprochado hoy la portavoz de IU, \u00c1ngela Vallina.<\/p>\n<p>Ante esta situaci\u00f3n, la parlamentaria cree que el Gobierno de Asturias tiene que salir, con urgencia, a exigir un tratamiento especial para la Comunidad Aut\u00f3noma: \u00abno es un capricho, ni tampoco exigir ning\u00fan privilegio. Necesitamos un tratamiento especial porque la transici\u00f3n energ\u00e9tica afecta de forma especial y con una virulencia que no tiene parang\u00f3n en ninguna otra Comunidad. El consejero de Industria tiene que dejarse de ventanillas, de emails y debe de convocar de inmediato la Alianza por la Industria y, si \u00e9l no lo hace, emplazamos desde ya al Presidente a que lo haga y asuma esa responsabilidad. No se puede perder m\u00e1s tiempo\u00bb.<\/p>\n<p>Para \u00c1ngela Vallina, la total desidia para sacar provecho a la Alianza es absolutamente incomprensible. \u00abSi no lo hacen, deber\u00e1n explicar qu\u00e9 piensan hacer con esa Alianza: si dejarla morir por incomparecencia o por aburrimiento de los que formamos parte de esa herramienta que naci\u00f3 con el objetivo, precisamente, de defender los intereses de Asturias en una gran plataforma con representaci\u00f3n de toda la sociedad asturiana\u00bb.<\/p>\n<p>Seg\u00fan la portavoz de IU Asturias, el Gobierno est\u00e1 impulsando no una transici\u00f3n justa, sino lo que se est\u00e1 convirtiendo, \u00aben una de las peores y m\u00e1s injustas reconversiones que, de nuevo, se imponen a nuestra tierra, a nuestro sector productivo y, en definitiva, a nuestra gente, Ya est\u00e1 bien\u00bb.<\/p>\n<p>&nbsp;<\/p>\n","protected":false},"excerpt":{"rendered":"<p>\u00c1ngela Vallina rechaza el intento de la Ministra de eludir responsabilidades y la acusa, junto a Maroto de tomar decisiones lesivas para Asturias m\u00e1s all\u00e1 de lo que impone la Uni\u00f3n Europea La portavoz cree que el Gobierno de Asturias tiene que explicar si piensa dejar morir por incomparecencia el bloque formado por sindicatos, patronal [&hellip;]<\/p>\n","protected":false},"author":1,"featured_media":1132184,"comment_status":"closed","ping_status":"closed","sticky":false,"template":"","format":"standard","meta":{"footnotes":""},"categories":[12],"tags":[],"class_list":["post-1091995","post","type-post","status-publish","format-standard","has-post-thumbnail","hentry","category-actualidad-asturias"],"aioseo_notices":[],"aioseo_head":"\n\t\t<!-- All in One SEO Pro 5.0.1 - aioseo.com -->\n\t<meta name=\"description\" content=\"\u00c1ngela Vallina rechaza el intento de la Ministra de eludir responsabilidades y la acusa, junto a Maroto de tomar decisiones lesivas para Asturias ..\" \/>\n\t<meta name=\"robots\" content=\"max-image-preview:large\" \/>\n\t<meta name=\"author\" content=\"El Digital de Asturias\"\/>\n\t<meta name=\"google-site-verification\" content=\"UA-38556648-1\" \/>\n\t<meta name=\"msvalidate.01\" content=\"7dfe9f3f1b24437ab69f4f2559babe99\" \/>\n\t<meta name=\"keywords\" content=\"actualidad asturias\" \/>\n\t<link rel=\"canonical\" href=\"https:\/\/www.eldigitaldeasturias.com\/noticias\/iu-de-asturias-pide-la-convocatoria-urgente-de-la-alianza-por-la-industria\/\" \/>\n\t<meta name=\"generator\" content=\"All in One SEO Pro (AIOSEO) 5.0.1\" \/>\n\t\t<meta property=\"og:locale\" content=\"es_ES\" \/>\n\t\t<meta property=\"og:site_name\" content=\"El Digital de Asturias\" \/>\n\t\t<meta property=\"og:type\" content=\"article\" \/>\n\t\t<meta property=\"og:title\" content=\"IU de Asturias pide la convocatoria urgente de la Alianza por la Industria - El Digital de Asturias\" \/>\n\t\t<meta property=\"og:description\" content=\"\u00c1ngela Vallina rechaza el intento de la Ministra de eludir responsabilidades y la acusa, junto a Maroto de tomar decisiones lesivas para Asturias ..\" \/>\n\t\t<meta property=\"og:url\" content=\"https:\/\/www.eldigitaldeasturias.com\/noticias\/iu-de-asturias-pide-la-convocatoria-urgente-de-la-alianza-por-la-industria\/\" \/>\n\t\t<meta property=\"og:image\" content=\"https:\/\/www.eldigitaldeasturias.com\/noticias\/wp-content\/uploads\/2026\/06\/Contenidos.jpg\" \/>\n\t\t<meta property=\"og:image:secure_url\" content=\"https:\/\/www.eldigitaldeasturias.com\/noticias\/wp-content\/uploads\/2026\/06\/Contenidos.jpg\" \/>\n\t\t<meta property=\"og:image:width\" content=\"1265\" \/>\n\t\t<meta property=\"og:image:height\" content=\"697\" \/>\n\t\t<meta property=\"article:tag\" content=\"actualidad asturias\" \/>\n\t\t<meta property=\"article:published_time\" content=\"2021-05-21T11:19:42+00:00\" \/>\n\t\t<meta property=\"article:modified_time\" content=\"2021-05-21T11:19:42+00:00\" \/>\n\t\t<meta property=\"article:publisher\" content=\"https:\/\/facebook.com\/eldigitaldeasturias\" \/>\n\t\t<meta name=\"twitter:card\" content=\"summary_large_image\" \/>\n\t\t<meta name=\"twitter:title\" content=\"IU de Asturias pide la convocatoria urgente de la Alianza por la Industria - El Digital de Asturias\" \/>\n\t\t<meta name=\"twitter:description\" content=\"\u00c1ngela Vallina rechaza el intento de la Ministra de eludir responsabilidades y la acusa, junto a Maroto de tomar decisiones lesivas para Asturias ..\" \/>\n\t\t<meta name=\"twitter:image\" content=\"https:\/\/www.eldigitaldeasturias.com\/noticias\/wp-content\/uploads\/2026\/06\/Contenidos.jpg\" \/>\n\t\t<meta name=\"twitter:label1\" content=\"Escrito por\" \/>\n\t\t<meta name=\"twitter:data1\" content=\"El Digital de Asturias\" \/>\n\t\t<meta name=\"twitter:label2\" content=\"Tiempo de lectura estimado\" \/>\n\t\t<meta name=\"twitter:data2\" content=\"2 minutos\" \/>\n\t\t<script type=\"application\/ld+json\" class=\"aioseo-schema\">\n\t\t\t{\"@context\":\"https:\\\/\\\/schema.org\",\"@graph\":[{\"@type\":\"BlogPosting\",\"@id\":\"https:\\\/\\\/www.eldigitaldeasturias.com\\\/noticias\\\/iu-de-asturias-pide-la-convocatoria-urgente-de-la-alianza-por-la-industria\\\/#blogposting\",\"name\":\"IU de Asturias pide la convocatoria urgente de la Alianza por la Industria - El Digital de Asturias\",\"headline\":\"IU de Asturias pide la convocatoria urgente de la Alianza por la Industria\",\"author\":{\"@id\":\"https:\\\/\\\/www.eldigitaldeasturias.com\\\/noticias\\\/author\\\/admin\\\/#author\"},\"publisher\":{\"@id\":\"https:\\\/\\\/www.eldigitaldeasturias.com\\\/noticias\\\/#organization\"},\"image\":{\"@type\":\"ImageObject\",\"url\":\"https:\\\/\\\/www.eldigitaldeasturias.com\\\/noticias\\\/wp-content\\\/uploads\\\/2026\\\/06\\\/Contenidos.jpg\",\"width\":1265,\"height\":697,\"caption\":\"Contenidos\"},\"datePublished\":\"2021-05-21T12:19:42+02:00\",\"dateModified\":\"2021-05-21T12:19:42+02:00\",\"inLanguage\":\"es-ES\",\"mainEntityOfPage\":{\"@id\":\"https:\\\/\\\/www.eldigitaldeasturias.com\\\/noticias\\\/iu-de-asturias-pide-la-convocatoria-urgente-de-la-alianza-por-la-industria\\\/#webpage\"},\"isPartOf\":{\"@id\":\"https:\\\/\\\/www.eldigitaldeasturias.com\\\/noticias\\\/iu-de-asturias-pide-la-convocatoria-urgente-de-la-alianza-por-la-industria\\\/#webpage\"},\"articleSection\":\"Actualidad Asturias\"},{\"@type\":\"BreadcrumbList\",\"@id\":\"https:\\\/\\\/www.eldigitaldeasturias.com\\\/noticias\\\/iu-de-asturias-pide-la-convocatoria-urgente-de-la-alianza-por-la-industria\\\/#breadcrumblist\",\"itemListElement\":[{\"@type\":\"ListItem\",\"@id\":\"https:\\\/\\\/www.eldigitaldeasturias.com\\\/noticias#listItem\",\"position\":1,\"name\":\"Home\",\"item\":\"https:\\\/\\\/www.eldigitaldeasturias.com\\\/noticias\",\"nextItem\":{\"@type\":\"ListItem\",\"@id\":\"https:\\\/\\\/www.eldigitaldeasturias.com\\\/noticias\\\/category\\\/actualidad-asturias\\\/#listItem\",\"name\":\"Actualidad Asturias\"}},{\"@type\":\"ListItem\",\"@id\":\"https:\\\/\\\/www.eldigitaldeasturias.com\\\/noticias\\\/category\\\/actualidad-asturias\\\/#listItem\",\"position\":2,\"name\":\"Actualidad Asturias\",\"item\":\"https:\\\/\\\/www.eldigitaldeasturias.com\\\/noticias\\\/category\\\/actualidad-asturias\\\/\",\"nextItem\":{\"@type\":\"ListItem\",\"@id\":\"https:\\\/\\\/www.eldigitaldeasturias.com\\\/noticias\\\/iu-de-asturias-pide-la-convocatoria-urgente-de-la-alianza-por-la-industria\\\/#listItem\",\"name\":\"IU de Asturias pide la convocatoria urgente de la Alianza por la Industria\"},\"previousItem\":{\"@type\":\"ListItem\",\"@id\":\"https:\\\/\\\/www.eldigitaldeasturias.com\\\/noticias#listItem\",\"name\":\"Home\"}},{\"@type\":\"ListItem\",\"@id\":\"https:\\\/\\\/www.eldigitaldeasturias.com\\\/noticias\\\/iu-de-asturias-pide-la-convocatoria-urgente-de-la-alianza-por-la-industria\\\/#listItem\",\"position\":3,\"name\":\"IU de Asturias pide la convocatoria urgente de la Alianza por la Industria\",\"previousItem\":{\"@type\":\"ListItem\",\"@id\":\"https:\\\/\\\/www.eldigitaldeasturias.com\\\/noticias\\\/category\\\/actualidad-asturias\\\/#listItem\",\"name\":\"Actualidad Asturias\"}}]},{\"@type\":\"Organization\",\"@id\":\"https:\\\/\\\/www.eldigitaldeasturias.com\\\/noticias\\\/#organization\",\"name\":\"El Digital de Asturias\",\"description\":\"Hemeroteca\",\"url\":\"https:\\\/\\\/www.eldigitaldeasturias.com\\\/noticias\\\/\",\"email\":\"info@eldigitaldeasturias.com\",\"telephone\":\"+34652131393\",\"logo\":{\"@type\":\"ImageObject\",\"url\":\"https:\\\/\\\/www.eldigitaldeasturias.com\\\/noticias\\\/wp-content\\\/uploads\\\/2020\\\/12\\\/EDA.jpg\",\"@id\":\"https:\\\/\\\/www.eldigitaldeasturias.com\\\/noticias\\\/iu-de-asturias-pide-la-convocatoria-urgente-de-la-alianza-por-la-industria\\\/#organizationLogo\"},\"image\":{\"@id\":\"https:\\\/\\\/www.eldigitaldeasturias.com\\\/noticias\\\/iu-de-asturias-pide-la-convocatoria-urgente-de-la-alianza-por-la-industria\\\/#organizationLogo\"},\"sameAs\":[\"https:\\\/\\\/facebook.com\\\/eldigitaldeasturias\",\"https:\\\/\\\/www.youtube.com\\\/channel\\\/UCZP-2wLEB9Rv6erhFmqVnvg\"],\"address\":{\"@id\":\"https:\\\/\\\/www.eldigitaldeasturias.com\\\/noticias\\\/#postaladdress\",\"@type\":\"PostalAddress\",\"streetAddress\":\"san antonio 4\",\"postalCode\":\"33430\",\"addressLocality\":\"Cand\\u00e1s\",\"addressRegion\":\"Asturias\",\"addressCountry\":\"ES\"}},{\"@type\":\"Person\",\"@id\":\"https:\\\/\\\/www.eldigitaldeasturias.com\\\/noticias\\\/author\\\/admin\\\/#author\",\"url\":\"https:\\\/\\\/www.eldigitaldeasturias.com\\\/noticias\\\/author\\\/admin\\\/\",\"name\":\"El Digital de Asturias\",\"image\":{\"@type\":\"ImageObject\",\"@id\":\"https:\\\/\\\/www.eldigitaldeasturias.com\\\/noticias\\\/iu-de-asturias-pide-la-convocatoria-urgente-de-la-alianza-por-la-industria\\\/#authorImage\",\"url\":\"https:\\\/\\\/secure.gravatar.com\\\/avatar\\\/df2aeffc32bcd13f8d26072ef8a91b623d677766deac7f97ca815868cd41bf5e?s=96&d=mm&r=g\",\"width\":96,\"height\":96,\"caption\":\"El Digital de Asturias\"}},{\"@type\":\"WebPage\",\"@id\":\"https:\\\/\\\/www.eldigitaldeasturias.com\\\/noticias\\\/iu-de-asturias-pide-la-convocatoria-urgente-de-la-alianza-por-la-industria\\\/#webpage\",\"url\":\"https:\\\/\\\/www.eldigitaldeasturias.com\\\/noticias\\\/iu-de-asturias-pide-la-convocatoria-urgente-de-la-alianza-por-la-industria\\\/\",\"name\":\"IU de Asturias pide la convocatoria urgente de la Alianza por la Industria - El Digital de Asturias\",\"description\":\"\\u00c1ngela Vallina rechaza el intento de la Ministra de eludir responsabilidades y la acusa, junto a Maroto de tomar decisiones lesivas para Asturias ..\",\"inLanguage\":\"es-ES\",\"isPartOf\":{\"@id\":\"https:\\\/\\\/www.eldigitaldeasturias.com\\\/noticias\\\/#website\"},\"breadcrumb\":{\"@id\":\"https:\\\/\\\/www.eldigitaldeasturias.com\\\/noticias\\\/iu-de-asturias-pide-la-convocatoria-urgente-de-la-alianza-por-la-industria\\\/#breadcrumblist\"},\"author\":{\"@id\":\"https:\\\/\\\/www.eldigitaldeasturias.com\\\/noticias\\\/author\\\/admin\\\/#author\"},\"creator\":{\"@id\":\"https:\\\/\\\/www.eldigitaldeasturias.com\\\/noticias\\\/author\\\/admin\\\/#author\"},\"image\":{\"@type\":\"ImageObject\",\"url\":\"https:\\\/\\\/www.eldigitaldeasturias.com\\\/noticias\\\/wp-content\\\/uploads\\\/2026\\\/06\\\/Contenidos.jpg\",\"@id\":\"https:\\\/\\\/www.eldigitaldeasturias.com\\\/noticias\\\/iu-de-asturias-pide-la-convocatoria-urgente-de-la-alianza-por-la-industria\\\/#mainImage\",\"width\":1265,\"height\":697,\"caption\":\"Contenidos\"},\"primaryImageOfPage\":{\"@id\":\"https:\\\/\\\/www.eldigitaldeasturias.com\\\/noticias\\\/iu-de-asturias-pide-la-convocatoria-urgente-de-la-alianza-por-la-industria\\\/#mainImage\"},\"datePublished\":\"2021-05-21T12:19:42+02:00\",\"dateModified\":\"2021-05-21T12:19:42+02:00\"},{\"@type\":\"WebSite\",\"@id\":\"https:\\\/\\\/www.eldigitaldeasturias.com\\\/noticias\\\/#website\",\"url\":\"https:\\\/\\\/www.eldigitaldeasturias.com\\\/noticias\\\/\",\"name\":\"El Digital de Asturias - Diario de actualidad y noticias\",\"alternateName\":\"El Digital de Asturias - Diario de actualidad y noticias\",\"description\":\"Hemeroteca\",\"inLanguage\":\"es-ES\",\"publisher\":{\"@id\":\"https:\\\/\\\/www.eldigitaldeasturias.com\\\/noticias\\\/#organization\"}}]}\n\t\t<\/script>\n\t\t<!-- All in One SEO Pro -->\r\n\t\t<title>IU de Asturias pide la convocatoria urgente de la Alianza por la Industria - El Digital de Asturias<\/title>\n\n","aioseo_head_json":{"title":"IU de Asturias pide la convocatoria urgente de la Alianza por la Industria - El Digital de Asturias","description":"\u00c1ngela Vallina rechaza el intento de la Ministra de eludir responsabilidades y la acusa, junto a Maroto de tomar decisiones lesivas para Asturias ..","canonical_url":"https:\/\/www.eldigitaldeasturias.com\/noticias\/iu-de-asturias-pide-la-convocatoria-urgente-de-la-alianza-por-la-industria\/","robots":"max-image-preview:large","keywords":"actualidad asturias","webmasterTools":{"google-site-verification":"UA-38556648-1","msvalidate.01":"7dfe9f3f1b24437ab69f4f2559babe99","miscellaneous":""},"schema":{"@context":"https:\/\/schema.org","@graph":[{"@type":"BlogPosting","@id":"https:\/\/www.eldigitaldeasturias.com\/noticias\/iu-de-asturias-pide-la-convocatoria-urgente-de-la-alianza-por-la-industria\/#blogposting","name":"IU de Asturias pide la convocatoria urgente de la Alianza por la Industria - El Digital de Asturias","headline":"IU de Asturias pide la convocatoria urgente de la Alianza por la Industria","author":{"@id":"https:\/\/www.eldigitaldeasturias.com\/noticias\/author\/admin\/#author"},"publisher":{"@id":"https:\/\/www.eldigitaldeasturias.com\/noticias\/#organization"},"image":{"@type":"ImageObject","url":"https:\/\/www.eldigitaldeasturias.com\/noticias\/wp-content\/uploads\/2026\/06\/Contenidos.jpg","width":1265,"height":697,"caption":"Contenidos"},"datePublished":"2021-05-21T12:19:42+02:00","dateModified":"2021-05-21T12:19:42+02:00","inLanguage":"es-ES","mainEntityOfPage":{"@id":"https:\/\/www.eldigitaldeasturias.com\/noticias\/iu-de-asturias-pide-la-convocatoria-urgente-de-la-alianza-por-la-industria\/#webpage"},"isPartOf":{"@id":"https:\/\/www.eldigitaldeasturias.com\/noticias\/iu-de-asturias-pide-la-convocatoria-urgente-de-la-alianza-por-la-industria\/#webpage"},"articleSection":"Actualidad Asturias"},{"@type":"BreadcrumbList","@id":"https:\/\/www.eldigitaldeasturias.com\/noticias\/iu-de-asturias-pide-la-convocatoria-urgente-de-la-alianza-por-la-industria\/#breadcrumblist","itemListElement":[{"@type":"ListItem","@id":"https:\/\/www.eldigitaldeasturias.com\/noticias#listItem","position":1,"name":"Home","item":"https:\/\/www.eldigitaldeasturias.com\/noticias","nextItem":{"@type":"ListItem","@id":"https:\/\/www.eldigitaldeasturias.com\/noticias\/category\/actualidad-asturias\/#listItem","name":"Actualidad Asturias"}},{"@type":"ListItem","@id":"https:\/\/www.eldigitaldeasturias.com\/noticias\/category\/actualidad-asturias\/#listItem","position":2,"name":"Actualidad Asturias","item":"https:\/\/www.eldigitaldeasturias.com\/noticias\/category\/actualidad-asturias\/","nextItem":{"@type":"ListItem","@id":"https:\/\/www.eldigitaldeasturias.com\/noticias\/iu-de-asturias-pide-la-convocatoria-urgente-de-la-alianza-por-la-industria\/#listItem","name":"IU de Asturias pide la convocatoria urgente de la Alianza por la Industria"},"previousItem":{"@type":"ListItem","@id":"https:\/\/www.eldigitaldeasturias.com\/noticias#listItem","name":"Home"}},{"@type":"ListItem","@id":"https:\/\/www.eldigitaldeasturias.com\/noticias\/iu-de-asturias-pide-la-convocatoria-urgente-de-la-alianza-por-la-industria\/#listItem","position":3,"name":"IU de Asturias pide la convocatoria urgente de la Alianza por la Industria","previousItem":{"@type":"ListItem","@id":"https:\/\/www.eldigitaldeasturias.com\/noticias\/category\/actualidad-asturias\/#listItem","name":"Actualidad Asturias"}}]},{"@type":"Organization","@id":"https:\/\/www.eldigitaldeasturias.com\/noticias\/#organization","name":"El Digital de Asturias","description":"Hemeroteca","url":"https:\/\/www.eldigitaldeasturias.com\/noticias\/","email":"info@eldigitaldeasturias.com","telephone":"+34652131393","logo":{"@type":"ImageObject","url":"https:\/\/www.eldigitaldeasturias.com\/noticias\/wp-content\/uploads\/2020\/12\/EDA.jpg","@id":"https:\/\/www.eldigitaldeasturias.com\/noticias\/iu-de-asturias-pide-la-convocatoria-urgente-de-la-alianza-por-la-industria\/#organizationLogo"},"image":{"@id":"https:\/\/www.eldigitaldeasturias.com\/noticias\/iu-de-asturias-pide-la-convocatoria-urgente-de-la-alianza-por-la-industria\/#organizationLogo"},"sameAs":["https:\/\/facebook.com\/eldigitaldeasturias","https:\/\/www.youtube.com\/channel\/UCZP-2wLEB9Rv6erhFmqVnvg"],"address":{"@id":"https:\/\/www.eldigitaldeasturias.com\/noticias\/#postaladdress","@type":"PostalAddress","streetAddress":"san antonio 4","postalCode":"33430","addressLocality":"Cand\u00e1s","addressRegion":"Asturias","addressCountry":"ES"}},{"@type":"Person","@id":"https:\/\/www.eldigitaldeasturias.com\/noticias\/author\/admin\/#author","url":"https:\/\/www.eldigitaldeasturias.com\/noticias\/author\/admin\/","name":"El Digital de Asturias","image":{"@type":"ImageObject","@id":"https:\/\/www.eldigitaldeasturias.com\/noticias\/iu-de-asturias-pide-la-convocatoria-urgente-de-la-alianza-por-la-industria\/#authorImage","url":"https:\/\/secure.gravatar.com\/avatar\/df2aeffc32bcd13f8d26072ef8a91b623d677766deac7f97ca815868cd41bf5e?s=96&d=mm&r=g","width":96,"height":96,"caption":"El Digital de Asturias"}},{"@type":"WebPage","@id":"https:\/\/www.eldigitaldeasturias.com\/noticias\/iu-de-asturias-pide-la-convocatoria-urgente-de-la-alianza-por-la-industria\/#webpage","url":"https:\/\/www.eldigitaldeasturias.com\/noticias\/iu-de-asturias-pide-la-convocatoria-urgente-de-la-alianza-por-la-industria\/","name":"IU de Asturias pide la convocatoria urgente de la Alianza por la Industria - El Digital de Asturias","description":"\u00c1ngela Vallina rechaza el intento de la Ministra de eludir responsabilidades y la acusa, junto a Maroto de tomar decisiones lesivas para Asturias ..","inLanguage":"es-ES","isPartOf":{"@id":"https:\/\/www.eldigitaldeasturias.com\/noticias\/#website"},"breadcrumb":{"@id":"https:\/\/www.eldigitaldeasturias.com\/noticias\/iu-de-asturias-pide-la-convocatoria-urgente-de-la-alianza-por-la-industria\/#breadcrumblist"},"author":{"@id":"https:\/\/www.eldigitaldeasturias.com\/noticias\/author\/admin\/#author"},"creator":{"@id":"https:\/\/www.eldigitaldeasturias.com\/noticias\/author\/admin\/#author"},"image":{"@type":"ImageObject","url":"https:\/\/www.eldigitaldeasturias.com\/noticias\/wp-content\/uploads\/2026\/06\/Contenidos.jpg","@id":"https:\/\/www.eldigitaldeasturias.com\/noticias\/iu-de-asturias-pide-la-convocatoria-urgente-de-la-alianza-por-la-industria\/#mainImage","width":1265,"height":697,"caption":"Contenidos"},"primaryImageOfPage":{"@id":"https:\/\/www.eldigitaldeasturias.com\/noticias\/iu-de-asturias-pide-la-convocatoria-urgente-de-la-alianza-por-la-industria\/#mainImage"},"datePublished":"2021-05-21T12:19:42+02:00","dateModified":"2021-05-21T12:19:42+02:00"},{"@type":"WebSite","@id":"https:\/\/www.eldigitaldeasturias.com\/noticias\/#website","url":"https:\/\/www.eldigitaldeasturias.com\/noticias\/","name":"El Digital de Asturias - Diario de actualidad y noticias","alternateName":"El Digital de Asturias - Diario de actualidad y noticias","description":"Hemeroteca","inLanguage":"es-ES","publisher":{"@id":"https:\/\/www.eldigitaldeasturias.com\/noticias\/#organization"}}]},"og:locale":"es_ES","og:site_name":"El Digital de Asturias","og:type":"article","og:title":"IU de Asturias pide la convocatoria urgente de la Alianza por la Industria - El Digital de Asturias","og:description":"\u00c1ngela Vallina rechaza el intento de la Ministra de eludir responsabilidades y la acusa, junto a Maroto de tomar decisiones lesivas para Asturias ..","og:url":"https:\/\/www.eldigitaldeasturias.com\/noticias\/iu-de-asturias-pide-la-convocatoria-urgente-de-la-alianza-por-la-industria\/","og:image":"https:\/\/www.eldigitaldeasturias.com\/noticias\/wp-content\/uploads\/2026\/06\/Contenidos.jpg","og:image:secure_url":"https:\/\/www.eldigitaldeasturias.com\/noticias\/wp-content\/uploads\/2026\/06\/Contenidos.jpg","og:image:width":1265,"og:image:height":697,"article:tag":["actualidad asturias"],"article:published_time":"2021-05-21T11:19:42+00:00","article:modified_time":"2021-05-21T11:19:42+00:00","article:publisher":"https:\/\/facebook.com\/eldigitaldeasturias","twitter:card":"summary_large_image","twitter:title":"IU de Asturias pide la convocatoria urgente de la Alianza por la Industria - El Digital de Asturias","twitter:description":"\u00c1ngela Vallina rechaza el intento de la Ministra de eludir responsabilidades y la acusa, junto a Maroto de tomar decisiones lesivas para Asturias ..","twitter:image":"https:\/\/www.eldigitaldeasturias.com\/noticias\/wp-content\/uploads\/2026\/06\/Contenidos.jpg","twitter:label1":"Escrito por","twitter:data1":"El Digital de Asturias","twitter:label2":"Tiempo de lectura estimado","twitter:data2":"2 minutos"},"aioseo_meta_data":{"post_id":"1091995","title":null,"description":"\u00c1ngela Vallina rechaza el intento de la Ministra de eludir responsabilidades y la acusa, junto a Maroto de tomar decisiones lesivas para Asturias ..","keywords":[],"keyphrases":{"focus":[],"additional":[]},"primary_term":null,"canonical_url":null,"og_title":null,"og_description":null,"og_object_type":"default","og_image_type":"default","og_image_url":null,"og_image_width":null,"og_image_height":null,"og_image_custom_url":null,"og_image_custom_fields":null,"og_video":"","og_custom_url":null,"og_article_section":null,"og_article_tags":[],"twitter_use_og":false,"twitter_card":"default","twitter_image_type":"default","twitter_image_url":null,"twitter_image_custom_url":null,"twitter_image_custom_fields":null,"twitter_title":null,"twitter_description":null,"schema":{"blockGraphs":[],"customGraphs":[],"default":{"data":{"Article":[],"Course":[],"Dataset":[],"FAQPage":[],"Movie":[],"Person":[],"Product":[],"ProductReview":[],"Car":[],"Recipe":[],"Service":[],"SoftwareApplication":[],"WebPage":[]},"graphName":"","isEnabled":true},"graphs":[]},"schema_type":"default","schema_type_options":"{\"article\":{\"articleType\":\"BlogPosting\"},\"course\":{\"name\":\"\",\"description\":\"\",\"provider\":\"\"},\"faq\":{\"pages\":[]},\"product\":{\"reviews\":[]},\"recipe\":{\"ingredients\":[],\"instructions\":[],\"keywords\":[]},\"software\":{\"reviews\":[],\"operatingSystems\":[]},\"webPage\":{\"webPageType\":\"WebPage\"}}","pillar_content":false,"robots_default":true,"robots_noindex":false,"robots_noarchive":false,"robots_nosnippet":false,"robots_nofollow":false,"robots_noimageindex":false,"robots_noodp":false,"robots_notranslate":false,"robots_max_snippet":"-1","robots_max_videopreview":"-1","robots_max_imagepreview":"large","priority":null,"frequency":"default","local_seo":{"locations":{"business":{"name":"","businessType":"","image":"","areaServed":"","urls":{"website":"","aboutPage":"","contactPage":""},"address":{"streetLine1":"","streetLine2":"","zipCode":"","city":"","state":"","country":"","addressFormat":"#streetLineOne\n#streetLineTwo\n#city, #state #zipCode"},"contact":{"email":"","phone":"","phoneFormatted":"","fax":"","faxFormatted":""},"ids":{"vat":"","tax":"","chamberOfCommerce":""},"payment":{"priceRange":"","currenciesAccepted":"","methods":""}}},"openingHours":{"useDefaults":true,"show":true,"alwaysOpen":false,"use24hFormat":false,"timezone":"","labels":{"closed":"","alwaysOpen":""},"days":{"monday":{"open24h":false,"closed":false,"openTime":"09:00","closeTime":"17:00"},"tuesday":{"open24h":false,"closed":false,"openTime":"09:00","closeTime":"17:00"},"wednesday":{"open24h":false,"closed":false,"openTime":"09:00","closeTime":"17:00"},"thursday":{"open24h":false,"closed":false,"openTime":"09:00","closeTime":"17:00"},"friday":{"open24h":false,"closed":false,"openTime":"09:00","closeTime":"17:00"},"saturday":{"open24h":false,"closed":false,"openTime":"09:00","closeTime":"17:00"},"sunday":{"open24h":false,"closed":false,"openTime":"09:00","closeTime":"17:00"}}}},"seo_analyzer_scan_date":"2026-07-18 01:10:26","breadcrumb_settings":null,"limit_modified_date":false,"open_ai":null,"ai":null,"created":"2021-05-21 11:16:22","updated":"2026-07-18 01:10:26","focus_keyword":null,"additional_keywords":null,"truseo_locale":null},"aioseo_breadcrumb":"<div class=\"aioseo-breadcrumbs\"><span class=\"aioseo-breadcrumb\">\n\t<a href=\"https:\/\/www.eldigitaldeasturias.com\/noticias\" title=\"Home\">Home<\/a>\n<\/span><span class=\"aioseo-breadcrumb-separator\">\u2013<\/span><span class=\"aioseo-breadcrumb\">\n\t<a href=\"https:\/\/www.eldigitaldeasturias.com\/noticias\/category\/actualidad-asturias\/\" title=\"Actualidad Asturias\">Actualidad Asturias<\/a>\n<\/span><span class=\"aioseo-breadcrumb-separator\">\u2013<\/span><span class=\"aioseo-breadcrumb\">\n\t<a href=\"https:\/\/www.eldigitaldeasturias.com\/noticias\/iu-de-asturias-pide-la-convocatoria-urgente-de-la-alianza-por-la-industria\/\" title=\"IU de Asturias pide la convocatoria urgente de la Alianza por la Industria\">IU de Asturias pide la convocatoria urgente de la Alianza por la Industria<\/a>\n<\/span><\/div>","aioseo_breadcrumb_json":[{"label":"Home","link":"https:\/\/www.eldigitaldeasturias.com\/noticias"},{"label":"Actualidad Asturias","link":"https:\/\/www.eldigitaldeasturias.com\/noticias\/category\/actualidad-asturias\/"},{"label":"IU de Asturias pide la convocatoria urgente de la Alianza por la Industria","link":"https:\/\/www.eldigitaldeasturias.com\/noticias\/iu-de-asturias-pide-la-convocatoria-urgente-de-la-alianza-por-la-industria\/"}],"_links":{"self":[{"href":"https:\/\/www.eldigitaldeasturias.com\/noticias\/wp-json\/wp\/v2\/posts\/1091995","targetHints":{"allow":["GET"]}}],"collection":[{"href":"https:\/\/www.eldigitaldeasturias.com\/noticias\/wp-json\/wp\/v2\/posts"}],"about":[{"href":"https:\/\/www.eldigitaldeasturias.com\/noticias\/wp-json\/wp\/v2\/types\/post"}],"author":[{"embeddable":true,"href":"https:\/\/www.eldigitaldeasturias.com\/noticias\/wp-json\/wp\/v2\/users\/1"}],"replies":[{"embeddable":true,"href":"https:\/\/www.eldigitaldeasturias.com\/noticias\/wp-json\/wp\/v2\/comments?post=1091995"}],"version-history":[{"count":0,"href":"https:\/\/www.eldigitaldeasturias.com\/noticias\/wp-json\/wp\/v2\/posts\/1091995\/revisions"}],"wp:featuredmedia":[{"embeddable":true,"href":"https:\/\/www.eldigitaldeasturias.com\/noticias\/wp-json\/wp\/v2\/media\/1132184"}],"wp:attachment":[{"href":"https:\/\/www.eldigitaldeasturias.com\/noticias\/wp-json\/wp\/v2\/media?parent=1091995"}],"wp:term":[{"taxonomy":"category","embeddable":true,"href":"https:\/\/www.eldigitaldeasturias.com\/noticias\/wp-json\/wp\/v2\/categories?post=1091995"},{"taxonomy":"post_tag","embeddable":true,"href":"https:\/\/www.eldigitaldeasturias.com\/noticias\/wp-json\/wp\/v2\/tags?post=1091995"}],"curies":[{"name":"wp","href":"https:\/\/api.w.org\/{rel}","templated":true}]}}