{"id":1091992,"date":"2021-05-21T12:15:48","date_gmt":"2021-05-21T11:15:48","guid":{"rendered":"https:\/\/www.eldigitaldeasturias.com\/noticias\/?p=1091992"},"modified":"2021-05-21T12:15:48","modified_gmt":"2021-05-21T11:15:48","slug":"jornada-hidrogeno-fuente-de-energia-alternativa-y-de-futuro-en-asturias","status":"publish","type":"post","link":"https:\/\/www.eldigitaldeasturias.com\/noticias\/jornada-hidrogeno-fuente-de-energia-alternativa-y-de-futuro-en-asturias\/","title":{"rendered":"Jornada \u00abHidr\u00f3geno, fuente de energ\u00eda alternativa y de futuro\u00bb, en Asturias"},"content":{"rendered":"<p><img loading=\"lazy\" decoding=\"async\" class=\"alignleft size-medium wp-image-1091993\" src=\"https:\/\/www.eldigitaldeasturias.com\/noticias\/wp-content\/uploads\/2021\/05\/Jornada-en-el-Musel-Asturias-360x227.jpg\" alt=\"Jornada en el Musel, Asturias\" width=\"360\" height=\"227\" \/>La directora general de Energ\u00eda. Miner\u00eda y Reactivaci\u00f3n, Belarmina D\u00edaz y el consejero delegado de Enag\u00e1s, Marcelino Oreja, han participado en la <strong><em>jornada Hidr\u00f3geno, fuente de energ\u00eda alternativa y de futuro<\/em><\/strong>, celebrada en El Musel, donde ha expuesto las potencialidades y proyectos en los que actualmente est\u00e1 trabajando el Gobierno de Asturias en colaboraci\u00f3n con empresas privadas y entidades expertas en el sector.<\/p>\n<p>D\u00edaz ha destacado que \u201cel hidr\u00f3geno va a sumarse a las alternativas energ\u00e9ticas de futuro en Asturias\u201d, aunque si bien \u201cno ser\u00e1 la soluci\u00f3n al modelo energ\u00e9tico, ser\u00e1 una parte de esa soluci\u00f3n\u201d. Seg\u00fan ha explicado, el Principado tiene ventajas competitivas en el \u00e1mbito del hidr\u00f3geno al contar con consumidores industriales e infraestructuras el\u00e9ctricas, energ\u00e9ticas, de gas e industriales \u201cque nos permitir\u00e1n generar hidr\u00f3geno\u201d.<\/p>\n<p>Este marco convierte a la regi\u00f3n en un valle de hidr\u00f3geno, caracter\u00edstica que puede facilitar la introducci\u00f3n de esta fuente de energ\u00eda en el transporte (mar\u00edtimo, ferroviario o por carretera) y contribuir a ganar competitividad en otros sectores, \u201capoy\u00e1ndonos en unas innegables fortalezas en toda la cadena de valor del hidr\u00f3geno basadas en la experiencia y el capital humano\u201d.<\/p>\n<p>Asturias ha presentado un proyecto regi\u00f3n de H2 a la consulta p\u00fablica de manifestaciones de inter\u00e9s lanzada por la DG Grow a trav\u00e9s de la European Clean H2 Alliance, a partir de iniciativas recogidas en la mesa regional del hidr\u00f3geno mediante la coordinaci\u00f3n de Faen. De ellas, se han integrado 19 proyectos impulsados por empresas en la regi\u00f3n como TSK, Enag\u00e1s, Naturgy, Imasa, Hunosa, Duro Felguera, Nortegas, Rioglass o EDP.<\/p>\n<p>La propuesta es la creaci\u00f3n de una red electrolizadores para la producci\u00f3n de H2 de origen renovable y su suministro a los sectores industrial, transporte y energ\u00e9tico, agrupados en tres grandes bloques:<\/p>\n<ul>\n<li>Un primer bloque de m\u00e1s de 10 electrolizadores para producci\u00f3n de 180 MW de H2, alimentados con 530 MW de energ\u00eda e\u00f3lica (onshore y offshore), fotovoltaica o hidr\u00e1ulica, para el sector transporte o para inyectar directamente en la red de gas natural.<\/li>\n<li>Un segundo bloque est\u00e1 formado por 5 electrolizadores de 205 MW, conectados directamente a la red el\u00e9ctrica, para almacenamiento energ\u00e9tico y para mejorar la seguridad de suministro regional.<\/li>\n<li>Y un tercer bloque formado por 5 electrolizadores por 18 MW conectados a instalaciones industriales muy intensivas en energ\u00eda.<\/li>\n<\/ul>\n<p>El objetivo es conseguir en 2030 una red regional con una veintena de electrolizadores por casi 395 MW que produzcan H2 de origen renovable; que ponga en valor infraestructuras energ\u00e9ticas de la regi\u00f3n, como la planta de gas de El Musel o los nudos de transici\u00f3n justa; y que ayuden a descarbonizar sectores como el industrial o el transporte pesado.<\/p>\n<p>&nbsp;<\/p>\n","protected":false},"excerpt":{"rendered":"<p>La directora general de Energ\u00eda. Miner\u00eda y Reactivaci\u00f3n, Belarmina D\u00edaz y el consejero delegado de Enag\u00e1s, Marcelino Oreja, han participado en la jornada Hidr\u00f3geno, fuente de energ\u00eda alternativa y de futuro, celebrada en El Musel, donde ha expuesto las potencialidades y proyectos en los que actualmente est\u00e1 trabajando el Gobierno de Asturias en colaboraci\u00f3n con [&hellip;]<\/p>\n","protected":false},"author":1,"featured_media":1132184,"comment_status":"closed","ping_status":"closed","sticky":false,"template":"","format":"standard","meta":{"footnotes":""},"categories":[12],"tags":[],"class_list":["post-1091992","post","type-post","status-publish","format-standard","has-post-thumbnail","hentry","category-actualidad-asturias"],"aioseo_notices":[],"aioseo_head":"\n\t\t<!-- All in One SEO Pro 5.0.1 - aioseo.com -->\n\t<meta name=\"description\" content=\"Asturias ha presentado un proyecto de H2 a la consulta p\u00fablica de manifestaciones de inter\u00e9s lanzada por la DG Grow a trav\u00e9s de la European Clean H2 Allianc\" \/>\n\t<meta name=\"robots\" content=\"max-image-preview:large\" \/>\n\t<meta name=\"author\" content=\"El Digital de Asturias\"\/>\n\t<meta name=\"google-site-verification\" content=\"UA-38556648-1\" \/>\n\t<meta name=\"msvalidate.01\" content=\"7dfe9f3f1b24437ab69f4f2559babe99\" \/>\n\t<meta name=\"keywords\" content=\"actualidad asturias\" \/>\n\t<link rel=\"canonical\" href=\"https:\/\/www.eldigitaldeasturias.com\/noticias\/jornada-hidrogeno-fuente-de-energia-alternativa-y-de-futuro-en-asturias\/\" \/>\n\t<meta name=\"generator\" content=\"All in One SEO Pro (AIOSEO) 5.0.1\" \/>\n\t\t<meta property=\"og:locale\" content=\"es_ES\" \/>\n\t\t<meta property=\"og:site_name\" content=\"El Digital de Asturias\" \/>\n\t\t<meta property=\"og:type\" content=\"article\" \/>\n\t\t<meta property=\"og:title\" content=\"Jornada \u00abHidr\u00f3geno, fuente de energ\u00eda alternativa y de futuro\u00bb, en Asturias - El Digital de Asturias\" \/>\n\t\t<meta property=\"og:description\" content=\"Asturias ha presentado un proyecto de H2 a la consulta p\u00fablica de manifestaciones de inter\u00e9s lanzada por la DG Grow a trav\u00e9s de la European Clean H2 Allianc\" \/>\n\t\t<meta property=\"og:url\" content=\"https:\/\/www.eldigitaldeasturias.com\/noticias\/jornada-hidrogeno-fuente-de-energia-alternativa-y-de-futuro-en-asturias\/\" \/>\n\t\t<meta property=\"og:image\" content=\"https:\/\/www.eldigitaldeasturias.com\/noticias\/wp-content\/uploads\/2026\/06\/Contenidos.jpg\" \/>\n\t\t<meta property=\"og:image:secure_url\" content=\"https:\/\/www.eldigitaldeasturias.com\/noticias\/wp-content\/uploads\/2026\/06\/Contenidos.jpg\" \/>\n\t\t<meta property=\"og:image:width\" content=\"1265\" \/>\n\t\t<meta property=\"og:image:height\" content=\"697\" \/>\n\t\t<meta property=\"article:tag\" content=\"actualidad asturias\" \/>\n\t\t<meta property=\"article:published_time\" content=\"2021-05-21T11:15:48+00:00\" \/>\n\t\t<meta property=\"article:modified_time\" content=\"2021-05-21T11:15:48+00:00\" \/>\n\t\t<meta property=\"article:publisher\" content=\"https:\/\/facebook.com\/eldigitaldeasturias\" \/>\n\t\t<meta name=\"twitter:card\" content=\"summary_large_image\" \/>\n\t\t<meta name=\"twitter:title\" content=\"Jornada \u00abHidr\u00f3geno, fuente de energ\u00eda alternativa y de futuro\u00bb, en Asturias - El Digital de Asturias\" \/>\n\t\t<meta name=\"twitter:description\" content=\"Asturias ha presentado un proyecto de H2 a la consulta p\u00fablica de manifestaciones de inter\u00e9s lanzada por la DG Grow a trav\u00e9s de la European Clean H2 Allianc\" \/>\n\t\t<meta name=\"twitter:image\" content=\"https:\/\/www.eldigitaldeasturias.com\/noticias\/wp-content\/uploads\/2026\/06\/Contenidos.jpg\" \/>\n\t\t<meta name=\"twitter:label1\" content=\"Escrito por\" \/>\n\t\t<meta name=\"twitter:data1\" content=\"El Digital de Asturias\" \/>\n\t\t<meta name=\"twitter:label2\" content=\"Tiempo de lectura estimado\" \/>\n\t\t<meta name=\"twitter:data2\" content=\"2 minutos\" \/>\n\t\t<script type=\"application\/ld+json\" class=\"aioseo-schema\">\n\t\t\t{\"@context\":\"https:\\\/\\\/schema.org\",\"@graph\":[{\"@type\":\"BlogPosting\",\"@id\":\"https:\\\/\\\/www.eldigitaldeasturias.com\\\/noticias\\\/jornada-hidrogeno-fuente-de-energia-alternativa-y-de-futuro-en-asturias\\\/#blogposting\",\"name\":\"Jornada \\u00abHidr\\u00f3geno, fuente de energ\\u00eda alternativa y de futuro\\u00bb, en Asturias - El Digital de Asturias\",\"headline\":\"Jornada \\u00abHidr\\u00f3geno, fuente de energ\\u00eda alternativa y de futuro\\u00bb, en Asturias\",\"author\":{\"@id\":\"https:\\\/\\\/www.eldigitaldeasturias.com\\\/noticias\\\/author\\\/admin\\\/#author\"},\"publisher\":{\"@id\":\"https:\\\/\\\/www.eldigitaldeasturias.com\\\/noticias\\\/#organization\"},\"image\":{\"@type\":\"ImageObject\",\"url\":\"https:\\\/\\\/www.eldigitaldeasturias.com\\\/noticias\\\/wp-content\\\/uploads\\\/2026\\\/06\\\/Contenidos.jpg\",\"width\":1265,\"height\":697,\"caption\":\"Contenidos\"},\"datePublished\":\"2021-05-21T12:15:48+02:00\",\"dateModified\":\"2021-05-21T12:15:48+02:00\",\"inLanguage\":\"es-ES\",\"mainEntityOfPage\":{\"@id\":\"https:\\\/\\\/www.eldigitaldeasturias.com\\\/noticias\\\/jornada-hidrogeno-fuente-de-energia-alternativa-y-de-futuro-en-asturias\\\/#webpage\"},\"isPartOf\":{\"@id\":\"https:\\\/\\\/www.eldigitaldeasturias.com\\\/noticias\\\/jornada-hidrogeno-fuente-de-energia-alternativa-y-de-futuro-en-asturias\\\/#webpage\"},\"articleSection\":\"Actualidad Asturias\"},{\"@type\":\"BreadcrumbList\",\"@id\":\"https:\\\/\\\/www.eldigitaldeasturias.com\\\/noticias\\\/jornada-hidrogeno-fuente-de-energia-alternativa-y-de-futuro-en-asturias\\\/#breadcrumblist\",\"itemListElement\":[{\"@type\":\"ListItem\",\"@id\":\"https:\\\/\\\/www.eldigitaldeasturias.com\\\/noticias#listItem\",\"position\":1,\"name\":\"Home\",\"item\":\"https:\\\/\\\/www.eldigitaldeasturias.com\\\/noticias\",\"nextItem\":{\"@type\":\"ListItem\",\"@id\":\"https:\\\/\\\/www.eldigitaldeasturias.com\\\/noticias\\\/category\\\/actualidad-asturias\\\/#listItem\",\"name\":\"Actualidad Asturias\"}},{\"@type\":\"ListItem\",\"@id\":\"https:\\\/\\\/www.eldigitaldeasturias.com\\\/noticias\\\/category\\\/actualidad-asturias\\\/#listItem\",\"position\":2,\"name\":\"Actualidad Asturias\",\"item\":\"https:\\\/\\\/www.eldigitaldeasturias.com\\\/noticias\\\/category\\\/actualidad-asturias\\\/\",\"nextItem\":{\"@type\":\"ListItem\",\"@id\":\"https:\\\/\\\/www.eldigitaldeasturias.com\\\/noticias\\\/jornada-hidrogeno-fuente-de-energia-alternativa-y-de-futuro-en-asturias\\\/#listItem\",\"name\":\"Jornada \\u00abHidr\\u00f3geno, fuente de energ\\u00eda alternativa y de futuro\\u00bb, en Asturias\"},\"previousItem\":{\"@type\":\"ListItem\",\"@id\":\"https:\\\/\\\/www.eldigitaldeasturias.com\\\/noticias#listItem\",\"name\":\"Home\"}},{\"@type\":\"ListItem\",\"@id\":\"https:\\\/\\\/www.eldigitaldeasturias.com\\\/noticias\\\/jornada-hidrogeno-fuente-de-energia-alternativa-y-de-futuro-en-asturias\\\/#listItem\",\"position\":3,\"name\":\"Jornada \\u00abHidr\\u00f3geno, fuente de energ\\u00eda alternativa y de futuro\\u00bb, en Asturias\",\"previousItem\":{\"@type\":\"ListItem\",\"@id\":\"https:\\\/\\\/www.eldigitaldeasturias.com\\\/noticias\\\/category\\\/actualidad-asturias\\\/#listItem\",\"name\":\"Actualidad Asturias\"}}]},{\"@type\":\"Organization\",\"@id\":\"https:\\\/\\\/www.eldigitaldeasturias.com\\\/noticias\\\/#organization\",\"name\":\"El Digital de Asturias\",\"description\":\"Hemeroteca\",\"url\":\"https:\\\/\\\/www.eldigitaldeasturias.com\\\/noticias\\\/\",\"email\":\"info@eldigitaldeasturias.com\",\"telephone\":\"+34652131393\",\"logo\":{\"@type\":\"ImageObject\",\"url\":\"https:\\\/\\\/www.eldigitaldeasturias.com\\\/noticias\\\/wp-content\\\/uploads\\\/2020\\\/12\\\/EDA.jpg\",\"@id\":\"https:\\\/\\\/www.eldigitaldeasturias.com\\\/noticias\\\/jornada-hidrogeno-fuente-de-energia-alternativa-y-de-futuro-en-asturias\\\/#organizationLogo\"},\"image\":{\"@id\":\"https:\\\/\\\/www.eldigitaldeasturias.com\\\/noticias\\\/jornada-hidrogeno-fuente-de-energia-alternativa-y-de-futuro-en-asturias\\\/#organizationLogo\"},\"sameAs\":[\"https:\\\/\\\/facebook.com\\\/eldigitaldeasturias\",\"https:\\\/\\\/www.youtube.com\\\/channel\\\/UCZP-2wLEB9Rv6erhFmqVnvg\"],\"address\":{\"@id\":\"https:\\\/\\\/www.eldigitaldeasturias.com\\\/noticias\\\/#postaladdress\",\"@type\":\"PostalAddress\",\"streetAddress\":\"san antonio 4\",\"postalCode\":\"33430\",\"addressLocality\":\"Cand\\u00e1s\",\"addressRegion\":\"Asturias\",\"addressCountry\":\"ES\"}},{\"@type\":\"Person\",\"@id\":\"https:\\\/\\\/www.eldigitaldeasturias.com\\\/noticias\\\/author\\\/admin\\\/#author\",\"url\":\"https:\\\/\\\/www.eldigitaldeasturias.com\\\/noticias\\\/author\\\/admin\\\/\",\"name\":\"El Digital de Asturias\",\"image\":{\"@type\":\"ImageObject\",\"@id\":\"https:\\\/\\\/www.eldigitaldeasturias.com\\\/noticias\\\/jornada-hidrogeno-fuente-de-energia-alternativa-y-de-futuro-en-asturias\\\/#authorImage\",\"url\":\"https:\\\/\\\/secure.gravatar.com\\\/avatar\\\/df2aeffc32bcd13f8d26072ef8a91b623d677766deac7f97ca815868cd41bf5e?s=96&d=mm&r=g\",\"width\":96,\"height\":96,\"caption\":\"El Digital de Asturias\"}},{\"@type\":\"WebPage\",\"@id\":\"https:\\\/\\\/www.eldigitaldeasturias.com\\\/noticias\\\/jornada-hidrogeno-fuente-de-energia-alternativa-y-de-futuro-en-asturias\\\/#webpage\",\"url\":\"https:\\\/\\\/www.eldigitaldeasturias.com\\\/noticias\\\/jornada-hidrogeno-fuente-de-energia-alternativa-y-de-futuro-en-asturias\\\/\",\"name\":\"Jornada \\u00abHidr\\u00f3geno, fuente de energ\\u00eda alternativa y de futuro\\u00bb, en Asturias - El Digital de Asturias\",\"description\":\"Asturias ha presentado un proyecto de H2 a la consulta p\\u00fablica de manifestaciones de inter\\u00e9s lanzada por la DG Grow a trav\\u00e9s de la European Clean H2 Allianc\",\"inLanguage\":\"es-ES\",\"isPartOf\":{\"@id\":\"https:\\\/\\\/www.eldigitaldeasturias.com\\\/noticias\\\/#website\"},\"breadcrumb\":{\"@id\":\"https:\\\/\\\/www.eldigitaldeasturias.com\\\/noticias\\\/jornada-hidrogeno-fuente-de-energia-alternativa-y-de-futuro-en-asturias\\\/#breadcrumblist\"},\"author\":{\"@id\":\"https:\\\/\\\/www.eldigitaldeasturias.com\\\/noticias\\\/author\\\/admin\\\/#author\"},\"creator\":{\"@id\":\"https:\\\/\\\/www.eldigitaldeasturias.com\\\/noticias\\\/author\\\/admin\\\/#author\"},\"image\":{\"@type\":\"ImageObject\",\"url\":\"https:\\\/\\\/www.eldigitaldeasturias.com\\\/noticias\\\/wp-content\\\/uploads\\\/2026\\\/06\\\/Contenidos.jpg\",\"@id\":\"https:\\\/\\\/www.eldigitaldeasturias.com\\\/noticias\\\/jornada-hidrogeno-fuente-de-energia-alternativa-y-de-futuro-en-asturias\\\/#mainImage\",\"width\":1265,\"height\":697,\"caption\":\"Contenidos\"},\"primaryImageOfPage\":{\"@id\":\"https:\\\/\\\/www.eldigitaldeasturias.com\\\/noticias\\\/jornada-hidrogeno-fuente-de-energia-alternativa-y-de-futuro-en-asturias\\\/#mainImage\"},\"datePublished\":\"2021-05-21T12:15:48+02:00\",\"dateModified\":\"2021-05-21T12:15:48+02:00\"},{\"@type\":\"WebSite\",\"@id\":\"https:\\\/\\\/www.eldigitaldeasturias.com\\\/noticias\\\/#website\",\"url\":\"https:\\\/\\\/www.eldigitaldeasturias.com\\\/noticias\\\/\",\"name\":\"El Digital de Asturias - Diario de actualidad y noticias\",\"alternateName\":\"El Digital de Asturias - Diario de actualidad y noticias\",\"description\":\"Hemeroteca\",\"inLanguage\":\"es-ES\",\"publisher\":{\"@id\":\"https:\\\/\\\/www.eldigitaldeasturias.com\\\/noticias\\\/#organization\"}}]}\n\t\t<\/script>\n\t\t<!-- All in One SEO Pro -->\r\n\t\t<title>Jornada \u00abHidr\u00f3geno, fuente de energ\u00eda alternativa y de futuro\u00bb, en Asturias - El Digital de Asturias<\/title>\n\n","aioseo_head_json":{"title":"Jornada \u00abHidr\u00f3geno, fuente de energ\u00eda alternativa y de futuro\u00bb, en Asturias - El Digital de Asturias","description":"Asturias ha presentado un proyecto de H2 a la consulta p\u00fablica de manifestaciones de inter\u00e9s lanzada por la DG Grow a trav\u00e9s de la European Clean H2 Allianc","canonical_url":"https:\/\/www.eldigitaldeasturias.com\/noticias\/jornada-hidrogeno-fuente-de-energia-alternativa-y-de-futuro-en-asturias\/","robots":"max-image-preview:large","keywords":"actualidad asturias","webmasterTools":{"google-site-verification":"UA-38556648-1","msvalidate.01":"7dfe9f3f1b24437ab69f4f2559babe99","miscellaneous":""},"schema":{"@context":"https:\/\/schema.org","@graph":[{"@type":"BlogPosting","@id":"https:\/\/www.eldigitaldeasturias.com\/noticias\/jornada-hidrogeno-fuente-de-energia-alternativa-y-de-futuro-en-asturias\/#blogposting","name":"Jornada \u00abHidr\u00f3geno, fuente de energ\u00eda alternativa y de futuro\u00bb, en Asturias - El Digital de Asturias","headline":"Jornada \u00abHidr\u00f3geno, fuente de energ\u00eda alternativa y de futuro\u00bb, en Asturias","author":{"@id":"https:\/\/www.eldigitaldeasturias.com\/noticias\/author\/admin\/#author"},"publisher":{"@id":"https:\/\/www.eldigitaldeasturias.com\/noticias\/#organization"},"image":{"@type":"ImageObject","url":"https:\/\/www.eldigitaldeasturias.com\/noticias\/wp-content\/uploads\/2026\/06\/Contenidos.jpg","width":1265,"height":697,"caption":"Contenidos"},"datePublished":"2021-05-21T12:15:48+02:00","dateModified":"2021-05-21T12:15:48+02:00","inLanguage":"es-ES","mainEntityOfPage":{"@id":"https:\/\/www.eldigitaldeasturias.com\/noticias\/jornada-hidrogeno-fuente-de-energia-alternativa-y-de-futuro-en-asturias\/#webpage"},"isPartOf":{"@id":"https:\/\/www.eldigitaldeasturias.com\/noticias\/jornada-hidrogeno-fuente-de-energia-alternativa-y-de-futuro-en-asturias\/#webpage"},"articleSection":"Actualidad Asturias"},{"@type":"BreadcrumbList","@id":"https:\/\/www.eldigitaldeasturias.com\/noticias\/jornada-hidrogeno-fuente-de-energia-alternativa-y-de-futuro-en-asturias\/#breadcrumblist","itemListElement":[{"@type":"ListItem","@id":"https:\/\/www.eldigitaldeasturias.com\/noticias#listItem","position":1,"name":"Home","item":"https:\/\/www.eldigitaldeasturias.com\/noticias","nextItem":{"@type":"ListItem","@id":"https:\/\/www.eldigitaldeasturias.com\/noticias\/category\/actualidad-asturias\/#listItem","name":"Actualidad Asturias"}},{"@type":"ListItem","@id":"https:\/\/www.eldigitaldeasturias.com\/noticias\/category\/actualidad-asturias\/#listItem","position":2,"name":"Actualidad Asturias","item":"https:\/\/www.eldigitaldeasturias.com\/noticias\/category\/actualidad-asturias\/","nextItem":{"@type":"ListItem","@id":"https:\/\/www.eldigitaldeasturias.com\/noticias\/jornada-hidrogeno-fuente-de-energia-alternativa-y-de-futuro-en-asturias\/#listItem","name":"Jornada \u00abHidr\u00f3geno, fuente de energ\u00eda alternativa y de futuro\u00bb, en Asturias"},"previousItem":{"@type":"ListItem","@id":"https:\/\/www.eldigitaldeasturias.com\/noticias#listItem","name":"Home"}},{"@type":"ListItem","@id":"https:\/\/www.eldigitaldeasturias.com\/noticias\/jornada-hidrogeno-fuente-de-energia-alternativa-y-de-futuro-en-asturias\/#listItem","position":3,"name":"Jornada \u00abHidr\u00f3geno, fuente de energ\u00eda alternativa y de futuro\u00bb, en Asturias","previousItem":{"@type":"ListItem","@id":"https:\/\/www.eldigitaldeasturias.com\/noticias\/category\/actualidad-asturias\/#listItem","name":"Actualidad Asturias"}}]},{"@type":"Organization","@id":"https:\/\/www.eldigitaldeasturias.com\/noticias\/#organization","name":"El Digital de Asturias","description":"Hemeroteca","url":"https:\/\/www.eldigitaldeasturias.com\/noticias\/","email":"info@eldigitaldeasturias.com","telephone":"+34652131393","logo":{"@type":"ImageObject","url":"https:\/\/www.eldigitaldeasturias.com\/noticias\/wp-content\/uploads\/2020\/12\/EDA.jpg","@id":"https:\/\/www.eldigitaldeasturias.com\/noticias\/jornada-hidrogeno-fuente-de-energia-alternativa-y-de-futuro-en-asturias\/#organizationLogo"},"image":{"@id":"https:\/\/www.eldigitaldeasturias.com\/noticias\/jornada-hidrogeno-fuente-de-energia-alternativa-y-de-futuro-en-asturias\/#organizationLogo"},"sameAs":["https:\/\/facebook.com\/eldigitaldeasturias","https:\/\/www.youtube.com\/channel\/UCZP-2wLEB9Rv6erhFmqVnvg"],"address":{"@id":"https:\/\/www.eldigitaldeasturias.com\/noticias\/#postaladdress","@type":"PostalAddress","streetAddress":"san antonio 4","postalCode":"33430","addressLocality":"Cand\u00e1s","addressRegion":"Asturias","addressCountry":"ES"}},{"@type":"Person","@id":"https:\/\/www.eldigitaldeasturias.com\/noticias\/author\/admin\/#author","url":"https:\/\/www.eldigitaldeasturias.com\/noticias\/author\/admin\/","name":"El Digital de Asturias","image":{"@type":"ImageObject","@id":"https:\/\/www.eldigitaldeasturias.com\/noticias\/jornada-hidrogeno-fuente-de-energia-alternativa-y-de-futuro-en-asturias\/#authorImage","url":"https:\/\/secure.gravatar.com\/avatar\/df2aeffc32bcd13f8d26072ef8a91b623d677766deac7f97ca815868cd41bf5e?s=96&d=mm&r=g","width":96,"height":96,"caption":"El Digital de Asturias"}},{"@type":"WebPage","@id":"https:\/\/www.eldigitaldeasturias.com\/noticias\/jornada-hidrogeno-fuente-de-energia-alternativa-y-de-futuro-en-asturias\/#webpage","url":"https:\/\/www.eldigitaldeasturias.com\/noticias\/jornada-hidrogeno-fuente-de-energia-alternativa-y-de-futuro-en-asturias\/","name":"Jornada \u00abHidr\u00f3geno, fuente de energ\u00eda alternativa y de futuro\u00bb, en Asturias - El Digital de Asturias","description":"Asturias ha presentado un proyecto de H2 a la consulta p\u00fablica de manifestaciones de inter\u00e9s lanzada por la DG Grow a trav\u00e9s de la European Clean H2 Allianc","inLanguage":"es-ES","isPartOf":{"@id":"https:\/\/www.eldigitaldeasturias.com\/noticias\/#website"},"breadcrumb":{"@id":"https:\/\/www.eldigitaldeasturias.com\/noticias\/jornada-hidrogeno-fuente-de-energia-alternativa-y-de-futuro-en-asturias\/#breadcrumblist"},"author":{"@id":"https:\/\/www.eldigitaldeasturias.com\/noticias\/author\/admin\/#author"},"creator":{"@id":"https:\/\/www.eldigitaldeasturias.com\/noticias\/author\/admin\/#author"},"image":{"@type":"ImageObject","url":"https:\/\/www.eldigitaldeasturias.com\/noticias\/wp-content\/uploads\/2026\/06\/Contenidos.jpg","@id":"https:\/\/www.eldigitaldeasturias.com\/noticias\/jornada-hidrogeno-fuente-de-energia-alternativa-y-de-futuro-en-asturias\/#mainImage","width":1265,"height":697,"caption":"Contenidos"},"primaryImageOfPage":{"@id":"https:\/\/www.eldigitaldeasturias.com\/noticias\/jornada-hidrogeno-fuente-de-energia-alternativa-y-de-futuro-en-asturias\/#mainImage"},"datePublished":"2021-05-21T12:15:48+02:00","dateModified":"2021-05-21T12:15:48+02:00"},{"@type":"WebSite","@id":"https:\/\/www.eldigitaldeasturias.com\/noticias\/#website","url":"https:\/\/www.eldigitaldeasturias.com\/noticias\/","name":"El Digital de Asturias - Diario de actualidad y noticias","alternateName":"El Digital de Asturias - Diario de actualidad y noticias","description":"Hemeroteca","inLanguage":"es-ES","publisher":{"@id":"https:\/\/www.eldigitaldeasturias.com\/noticias\/#organization"}}]},"og:locale":"es_ES","og:site_name":"El Digital de Asturias","og:type":"article","og:title":"Jornada \u00abHidr\u00f3geno, fuente de energ\u00eda alternativa y de futuro\u00bb, en Asturias - El Digital de Asturias","og:description":"Asturias ha presentado un proyecto de H2 a la consulta p\u00fablica de manifestaciones de inter\u00e9s lanzada por la DG Grow a trav\u00e9s de la European Clean H2 Allianc","og:url":"https:\/\/www.eldigitaldeasturias.com\/noticias\/jornada-hidrogeno-fuente-de-energia-alternativa-y-de-futuro-en-asturias\/","og:image":"https:\/\/www.eldigitaldeasturias.com\/noticias\/wp-content\/uploads\/2026\/06\/Contenidos.jpg","og:image:secure_url":"https:\/\/www.eldigitaldeasturias.com\/noticias\/wp-content\/uploads\/2026\/06\/Contenidos.jpg","og:image:width":1265,"og:image:height":697,"article:tag":["actualidad asturias"],"article:published_time":"2021-05-21T11:15:48+00:00","article:modified_time":"2021-05-21T11:15:48+00:00","article:publisher":"https:\/\/facebook.com\/eldigitaldeasturias","twitter:card":"summary_large_image","twitter:title":"Jornada \u00abHidr\u00f3geno, fuente de energ\u00eda alternativa y de futuro\u00bb, en Asturias - El Digital de Asturias","twitter:description":"Asturias ha presentado un proyecto de H2 a la consulta p\u00fablica de manifestaciones de inter\u00e9s lanzada por la DG Grow a trav\u00e9s de la European Clean H2 Allianc","twitter:image":"https:\/\/www.eldigitaldeasturias.com\/noticias\/wp-content\/uploads\/2026\/06\/Contenidos.jpg","twitter:label1":"Escrito por","twitter:data1":"El Digital de Asturias","twitter:label2":"Tiempo de lectura estimado","twitter:data2":"2 minutos"},"aioseo_meta_data":{"post_id":"1091992","title":null,"description":"Asturias ha presentado un proyecto de H2 a la consulta p\u00fablica de manifestaciones de inter\u00e9s lanzada por la DG Grow a trav\u00e9s de la European Clean H2 Allianc","keywords":[],"keyphrases":{"focus":[],"additional":[]},"primary_term":null,"canonical_url":null,"og_title":null,"og_description":null,"og_object_type":"default","og_image_type":"default","og_image_url":null,"og_image_width":null,"og_image_height":null,"og_image_custom_url":null,"og_image_custom_fields":null,"og_video":"","og_custom_url":null,"og_article_section":null,"og_article_tags":[],"twitter_use_og":false,"twitter_card":"default","twitter_image_type":"default","twitter_image_url":null,"twitter_image_custom_url":null,"twitter_image_custom_fields":null,"twitter_title":null,"twitter_description":null,"schema":{"blockGraphs":[],"customGraphs":[],"default":{"data":{"Article":[],"Course":[],"Dataset":[],"FAQPage":[],"Movie":[],"Person":[],"Product":[],"ProductReview":[],"Car":[],"Recipe":[],"Service":[],"SoftwareApplication":[],"WebPage":[]},"graphName":"","isEnabled":true},"graphs":[],"defaultGraph":"Article","defaultPostTypeGraph":""},"schema_type":"default","schema_type_options":"{\"article\":{\"articleType\":\"BlogPosting\"},\"course\":{\"name\":\"\",\"description\":\"\",\"provider\":\"\"},\"faq\":{\"pages\":[]},\"product\":{\"reviews\":[]},\"recipe\":{\"ingredients\":[],\"instructions\":[],\"keywords\":[]},\"software\":{\"reviews\":[],\"operatingSystems\":[]},\"webPage\":{\"webPageType\":\"WebPage\"}}","pillar_content":false,"robots_default":true,"robots_noindex":false,"robots_noarchive":false,"robots_nosnippet":false,"robots_nofollow":false,"robots_noimageindex":false,"robots_noodp":false,"robots_notranslate":false,"robots_max_snippet":"-1","robots_max_videopreview":"-1","robots_max_imagepreview":"large","priority":null,"frequency":"default","local_seo":{"locations":{"business":{"name":"","businessType":"","image":"","areaServed":"","urls":{"website":"","aboutPage":"","contactPage":""},"address":{"streetLine1":"","streetLine2":"","zipCode":"","city":"","state":"","country":"","addressFormat":"#streetLineOne\n#streetLineTwo\n#city, #state #zipCode"},"contact":{"email":"","phone":"","phoneFormatted":"","fax":"","faxFormatted":""},"ids":{"vat":"","tax":"","chamberOfCommerce":""},"payment":{"priceRange":"","currenciesAccepted":"","methods":""}}},"openingHours":{"useDefaults":true,"show":true,"alwaysOpen":false,"use24hFormat":false,"timezone":"","labels":{"closed":"","alwaysOpen":""},"days":{"monday":{"open24h":false,"closed":false,"openTime":"09:00","closeTime":"17:00"},"tuesday":{"open24h":false,"closed":false,"openTime":"09:00","closeTime":"17:00"},"wednesday":{"open24h":false,"closed":false,"openTime":"09:00","closeTime":"17:00"},"thursday":{"open24h":false,"closed":false,"openTime":"09:00","closeTime":"17:00"},"friday":{"open24h":false,"closed":false,"openTime":"09:00","closeTime":"17:00"},"saturday":{"open24h":false,"closed":false,"openTime":"09:00","closeTime":"17:00"},"sunday":{"open24h":false,"closed":false,"openTime":"09:00","closeTime":"17:00"}}}},"seo_analyzer_scan_date":"2026-07-18 01:10:25","breadcrumb_settings":null,"limit_modified_date":false,"open_ai":null,"ai":null,"created":"2021-05-21 11:11:47","updated":"2026-07-18 01:10:25","focus_keyword":null,"additional_keywords":null,"truseo_locale":null},"aioseo_breadcrumb":"<div class=\"aioseo-breadcrumbs\"><span class=\"aioseo-breadcrumb\">\n\t<a href=\"https:\/\/www.eldigitaldeasturias.com\/noticias\" title=\"Home\">Home<\/a>\n<\/span><span class=\"aioseo-breadcrumb-separator\">\u2013<\/span><span class=\"aioseo-breadcrumb\">\n\t<a href=\"https:\/\/www.eldigitaldeasturias.com\/noticias\/category\/actualidad-asturias\/\" title=\"Actualidad Asturias\">Actualidad Asturias<\/a>\n<\/span><span class=\"aioseo-breadcrumb-separator\">\u2013<\/span><span class=\"aioseo-breadcrumb\">\n\t<a href=\"https:\/\/www.eldigitaldeasturias.com\/noticias\/jornada-hidrogeno-fuente-de-energia-alternativa-y-de-futuro-en-asturias\/\" title=\"Jornada \u00abHidr\u00f3geno, fuente de energ\u00eda alternativa y de futuro\u00bb, en Asturias\">Jornada \u00abHidr\u00f3geno, fuente de energ\u00eda alternativa y de futuro\u00bb, en Asturias<\/a>\n<\/span><\/div>","aioseo_breadcrumb_json":[{"label":"Home","link":"https:\/\/www.eldigitaldeasturias.com\/noticias"},{"label":"Actualidad Asturias","link":"https:\/\/www.eldigitaldeasturias.com\/noticias\/category\/actualidad-asturias\/"},{"label":"Jornada \u00abHidr\u00f3geno, fuente de energ\u00eda alternativa y de futuro\u00bb, en Asturias","link":"https:\/\/www.eldigitaldeasturias.com\/noticias\/jornada-hidrogeno-fuente-de-energia-alternativa-y-de-futuro-en-asturias\/"}],"_links":{"self":[{"href":"https:\/\/www.eldigitaldeasturias.com\/noticias\/wp-json\/wp\/v2\/posts\/1091992","targetHints":{"allow":["GET"]}}],"collection":[{"href":"https:\/\/www.eldigitaldeasturias.com\/noticias\/wp-json\/wp\/v2\/posts"}],"about":[{"href":"https:\/\/www.eldigitaldeasturias.com\/noticias\/wp-json\/wp\/v2\/types\/post"}],"author":[{"embeddable":true,"href":"https:\/\/www.eldigitaldeasturias.com\/noticias\/wp-json\/wp\/v2\/users\/1"}],"replies":[{"embeddable":true,"href":"https:\/\/www.eldigitaldeasturias.com\/noticias\/wp-json\/wp\/v2\/comments?post=1091992"}],"version-history":[{"count":0,"href":"https:\/\/www.eldigitaldeasturias.com\/noticias\/wp-json\/wp\/v2\/posts\/1091992\/revisions"}],"wp:featuredmedia":[{"embeddable":true,"href":"https:\/\/www.eldigitaldeasturias.com\/noticias\/wp-json\/wp\/v2\/media\/1132184"}],"wp:attachment":[{"href":"https:\/\/www.eldigitaldeasturias.com\/noticias\/wp-json\/wp\/v2\/media?parent=1091992"}],"wp:term":[{"taxonomy":"category","embeddable":true,"href":"https:\/\/www.eldigitaldeasturias.com\/noticias\/wp-json\/wp\/v2\/categories?post=1091992"},{"taxonomy":"post_tag","embeddable":true,"href":"https:\/\/www.eldigitaldeasturias.com\/noticias\/wp-json\/wp\/v2\/tags?post=1091992"}],"curies":[{"name":"wp","href":"https:\/\/api.w.org\/{rel}","templated":true}]}}