{"id":1091942,"date":"2021-05-20T17:25:56","date_gmt":"2021-05-20T16:25:56","guid":{"rendered":"https:\/\/www.eldigitaldeasturias.com\/noticias\/?p=1091942"},"modified":"2021-05-20T17:25:56","modified_gmt":"2021-05-20T16:25:56","slug":"condena-unanime-en-asturias-por-el-asesinato-por-violencia-de-genero-de-maria-teresa-aladro","status":"publish","type":"post","link":"https:\/\/www.eldigitaldeasturias.com\/noticias\/condena-unanime-en-asturias-por-el-asesinato-por-violencia-de-genero-de-maria-teresa-aladro\/","title":{"rendered":"Condena un\u00e1nime en Asturias por el asesinato por violencia de g\u00e9nero de Mar\u00eda Teresa Aladro"},"content":{"rendered":"<p><img loading=\"lazy\" decoding=\"async\" class=\"alignleft size-medium wp-image-772954\" src=\"https:\/\/www.eldigitaldeasturias.com\/noticias\/wp-content\/uploads\/2015\/03\/principado-360x270.jpg\" alt=\"\" width=\"360\" height=\"270\" \/>El Gobierno del Principado de Asturias, el Ayuntamiento de Laviana y la Delegaci\u00f3n del Gobierno en Asturias manifiestan su m\u00e1s en\u00e9rgica condena y su profunda consternaci\u00f3n por el asesinato de Mar\u00eda Teresa <strong>Aladro Calvo en Pola de Laviana. Se trata del primer episodio mortal por violencia de g\u00e9nero registrado en Asturias este a\u00f1o<\/strong>. En el momento de los hechos no exist\u00eda ninguna denuncia contra el detenido, expareja de la fallecida, ni medidas de protecci\u00f3n para la v\u00edctima.<\/p>\n<p>En Espa\u00f1a, con el asesinato de Mar\u00eda Teresa, se contabilizan trece v\u00edctimas mortales por violencia de g\u00e9nero este a\u00f1o y 1.091 desde 2003, a\u00f1o en el que comenzaron a registrarse los datos oficiales. A estas cifras hay que sumar dos menores asesinados en 2021 y 39 desde 2013.<\/p>\n<p>Las tres administraciones, as\u00ed como el Consejo Asturiano de la Mujer y el Consejo Municipal de Mujeres de Laviana, trasladan sus condolencias a la familia y amistades de la v\u00edctima, a quienes ofrecen los servicios de asesoramiento jur\u00eddico y apoyo previstos para estas situaciones. Adem\u00e1s, transmiten a la sociedad asturiana la necesidad de un compromiso colectivo para acabar con este tipo de violencia y de perseverar ante este grav\u00edsimo d\u00e9ficit de libertad y seguridad que se ejerce sobre las mujeres.<\/p>\n<p>El Principado, el Ayuntamiento de Laviana y la Delegaci\u00f3n del Gobierno han convocado una concentraci\u00f3n de repulsa ante el consistorio lavian\u00e9s ma\u00f1ana, viernes, 21 de mayo, a las 11:00 horas. Las tres instituciones invitan a participar a toda la ciudadan\u00eda para expresar el rechazo un\u00e1nime de la sociedad asturiana a la violencia contra las mujeres.<\/p>\n<p>&nbsp;<\/p>\n","protected":false},"excerpt":{"rendered":"<p>El Gobierno del Principado de Asturias, el Ayuntamiento de Laviana y la Delegaci\u00f3n del Gobierno en Asturias manifiestan su m\u00e1s en\u00e9rgica condena y su profunda consternaci\u00f3n por el asesinato de Mar\u00eda Teresa Aladro Calvo en Pola de Laviana. Se trata del primer episodio mortal por violencia de g\u00e9nero registrado en Asturias este a\u00f1o. En el [&hellip;]<\/p>\n","protected":false},"author":1,"featured_media":772954,"comment_status":"closed","ping_status":"closed","sticky":false,"template":"","format":"standard","meta":{"footnotes":""},"categories":[5],"tags":[],"class_list":["post-1091942","post","type-post","status-publish","format-standard","has-post-thumbnail","hentry","category-sucesos"],"aioseo_notices":[],"aioseo_head":"\n\t\t<!-- All in One SEO Pro 5.0.1 - aioseo.com -->\n\t<meta name=\"description\" content=\"El Gobierno del Principado de Asturias, el Ayuntamiento de Laviana y la Delegaci\u00f3n del Gobierno en Asturias manifiestan su m\u00e1s en\u00e9rgica condena por el asesinato\" \/>\n\t<meta name=\"robots\" content=\"max-image-preview:large\" \/>\n\t<meta name=\"author\" content=\"El Digital de Asturias\"\/>\n\t<meta name=\"google-site-verification\" content=\"UA-38556648-1\" \/>\n\t<meta name=\"msvalidate.01\" content=\"7dfe9f3f1b24437ab69f4f2559babe99\" \/>\n\t<meta name=\"keywords\" content=\"sucesos\" \/>\n\t<link rel=\"canonical\" href=\"https:\/\/www.eldigitaldeasturias.com\/noticias\/condena-unanime-en-asturias-por-el-asesinato-por-violencia-de-genero-de-maria-teresa-aladro\/\" \/>\n\t<meta name=\"generator\" content=\"All in One SEO Pro (AIOSEO) 5.0.1\" \/>\n\t\t<meta property=\"og:locale\" content=\"es_ES\" \/>\n\t\t<meta property=\"og:site_name\" content=\"El Digital de Asturias\" \/>\n\t\t<meta property=\"og:type\" content=\"article\" \/>\n\t\t<meta property=\"og:title\" content=\"Condena un\u00e1nime en Asturias por el asesinato por violencia de g\u00e9nero de Mar\u00eda Teresa Aladro - El Digital de Asturias\" \/>\n\t\t<meta property=\"og:description\" content=\"El Gobierno del Principado de Asturias, el Ayuntamiento de Laviana y la Delegaci\u00f3n del Gobierno en Asturias manifiestan su m\u00e1s en\u00e9rgica condena por el asesinato\" \/>\n\t\t<meta property=\"og:url\" content=\"https:\/\/www.eldigitaldeasturias.com\/noticias\/condena-unanime-en-asturias-por-el-asesinato-por-violencia-de-genero-de-maria-teresa-aladro\/\" \/>\n\t\t<meta property=\"article:tag\" content=\"sucesos\" \/>\n\t\t<meta property=\"article:published_time\" content=\"2021-05-20T16:25:56+00:00\" \/>\n\t\t<meta property=\"article:modified_time\" content=\"2021-05-20T16:25:56+00:00\" \/>\n\t\t<meta property=\"article:publisher\" content=\"https:\/\/facebook.com\/eldigitaldeasturias\" \/>\n\t\t<meta name=\"twitter:card\" content=\"summary_large_image\" \/>\n\t\t<meta name=\"twitter:title\" content=\"Condena un\u00e1nime en Asturias por el asesinato por violencia de g\u00e9nero de Mar\u00eda Teresa Aladro - El Digital de Asturias\" \/>\n\t\t<meta name=\"twitter:description\" content=\"El Gobierno del Principado de Asturias, el Ayuntamiento de Laviana y la Delegaci\u00f3n del Gobierno en Asturias manifiestan su m\u00e1s en\u00e9rgica condena por el asesinato\" \/>\n\t\t<meta name=\"twitter:image\" content=\"https:\/\/www.eldigitaldeasturias.com\/noticias\/wp-content\/uploads\/2020\/12\/EDA-1.jpg\" \/>\n\t\t<meta name=\"twitter:label1\" content=\"Escrito por\" \/>\n\t\t<meta name=\"twitter:data1\" content=\"El Digital de Asturias\" \/>\n\t\t<meta name=\"twitter:label2\" content=\"Tiempo de lectura estimado\" \/>\n\t\t<meta name=\"twitter:data2\" content=\"1 minuto\" \/>\n\t\t<script type=\"application\/ld+json\" class=\"aioseo-schema\">\n\t\t\t{\"@context\":\"https:\\\/\\\/schema.org\",\"@graph\":[{\"@type\":\"BlogPosting\",\"@id\":\"https:\\\/\\\/www.eldigitaldeasturias.com\\\/noticias\\\/condena-unanime-en-asturias-por-el-asesinato-por-violencia-de-genero-de-maria-teresa-aladro\\\/#blogposting\",\"name\":\"Condena un\\u00e1nime en Asturias por el asesinato por violencia de g\\u00e9nero de Mar\\u00eda Teresa Aladro - El Digital de Asturias\",\"headline\":\"Condena un\\u00e1nime en Asturias por el asesinato por violencia de g\\u00e9nero de Mar\\u00eda Teresa Aladro\",\"author\":{\"@id\":\"https:\\\/\\\/www.eldigitaldeasturias.com\\\/noticias\\\/author\\\/admin\\\/#author\"},\"publisher\":{\"@id\":\"https:\\\/\\\/www.eldigitaldeasturias.com\\\/noticias\\\/#organization\"},\"image\":{\"@type\":\"ImageObject\",\"url\":772954},\"datePublished\":\"2021-05-20T17:25:56+02:00\",\"dateModified\":\"2021-05-20T17:25:56+02:00\",\"inLanguage\":\"es-ES\",\"mainEntityOfPage\":{\"@id\":\"https:\\\/\\\/www.eldigitaldeasturias.com\\\/noticias\\\/condena-unanime-en-asturias-por-el-asesinato-por-violencia-de-genero-de-maria-teresa-aladro\\\/#webpage\"},\"isPartOf\":{\"@id\":\"https:\\\/\\\/www.eldigitaldeasturias.com\\\/noticias\\\/condena-unanime-en-asturias-por-el-asesinato-por-violencia-de-genero-de-maria-teresa-aladro\\\/#webpage\"},\"articleSection\":\"Sucesos\"},{\"@type\":\"BreadcrumbList\",\"@id\":\"https:\\\/\\\/www.eldigitaldeasturias.com\\\/noticias\\\/condena-unanime-en-asturias-por-el-asesinato-por-violencia-de-genero-de-maria-teresa-aladro\\\/#breadcrumblist\",\"itemListElement\":[{\"@type\":\"ListItem\",\"@id\":\"https:\\\/\\\/www.eldigitaldeasturias.com\\\/noticias#listItem\",\"position\":1,\"name\":\"Home\",\"item\":\"https:\\\/\\\/www.eldigitaldeasturias.com\\\/noticias\",\"nextItem\":{\"@type\":\"ListItem\",\"@id\":\"https:\\\/\\\/www.eldigitaldeasturias.com\\\/noticias\\\/category\\\/sucesos\\\/#listItem\",\"name\":\"Sucesos\"}},{\"@type\":\"ListItem\",\"@id\":\"https:\\\/\\\/www.eldigitaldeasturias.com\\\/noticias\\\/category\\\/sucesos\\\/#listItem\",\"position\":2,\"name\":\"Sucesos\",\"item\":\"https:\\\/\\\/www.eldigitaldeasturias.com\\\/noticias\\\/category\\\/sucesos\\\/\",\"nextItem\":{\"@type\":\"ListItem\",\"@id\":\"https:\\\/\\\/www.eldigitaldeasturias.com\\\/noticias\\\/condena-unanime-en-asturias-por-el-asesinato-por-violencia-de-genero-de-maria-teresa-aladro\\\/#listItem\",\"name\":\"Condena un\\u00e1nime en Asturias por el asesinato por violencia de g\\u00e9nero de Mar\\u00eda Teresa Aladro\"},\"previousItem\":{\"@type\":\"ListItem\",\"@id\":\"https:\\\/\\\/www.eldigitaldeasturias.com\\\/noticias#listItem\",\"name\":\"Home\"}},{\"@type\":\"ListItem\",\"@id\":\"https:\\\/\\\/www.eldigitaldeasturias.com\\\/noticias\\\/condena-unanime-en-asturias-por-el-asesinato-por-violencia-de-genero-de-maria-teresa-aladro\\\/#listItem\",\"position\":3,\"name\":\"Condena un\\u00e1nime en Asturias por el asesinato por violencia de g\\u00e9nero de Mar\\u00eda Teresa Aladro\",\"previousItem\":{\"@type\":\"ListItem\",\"@id\":\"https:\\\/\\\/www.eldigitaldeasturias.com\\\/noticias\\\/category\\\/sucesos\\\/#listItem\",\"name\":\"Sucesos\"}}]},{\"@type\":\"Organization\",\"@id\":\"https:\\\/\\\/www.eldigitaldeasturias.com\\\/noticias\\\/#organization\",\"name\":\"El Digital de Asturias\",\"description\":\"Hemeroteca\",\"url\":\"https:\\\/\\\/www.eldigitaldeasturias.com\\\/noticias\\\/\",\"email\":\"info@eldigitaldeasturias.com\",\"telephone\":\"+34652131393\",\"logo\":{\"@type\":\"ImageObject\",\"url\":\"https:\\\/\\\/www.eldigitaldeasturias.com\\\/noticias\\\/wp-content\\\/uploads\\\/2020\\\/12\\\/EDA.jpg\",\"@id\":\"https:\\\/\\\/www.eldigitaldeasturias.com\\\/noticias\\\/condena-unanime-en-asturias-por-el-asesinato-por-violencia-de-genero-de-maria-teresa-aladro\\\/#organizationLogo\"},\"image\":{\"@id\":\"https:\\\/\\\/www.eldigitaldeasturias.com\\\/noticias\\\/condena-unanime-en-asturias-por-el-asesinato-por-violencia-de-genero-de-maria-teresa-aladro\\\/#organizationLogo\"},\"sameAs\":[\"https:\\\/\\\/facebook.com\\\/eldigitaldeasturias\",\"https:\\\/\\\/www.youtube.com\\\/channel\\\/UCZP-2wLEB9Rv6erhFmqVnvg\"],\"address\":{\"@id\":\"https:\\\/\\\/www.eldigitaldeasturias.com\\\/noticias\\\/#postaladdress\",\"@type\":\"PostalAddress\",\"streetAddress\":\"san antonio 4\",\"postalCode\":\"33430\",\"addressLocality\":\"Cand\\u00e1s\",\"addressRegion\":\"Asturias\",\"addressCountry\":\"ES\"}},{\"@type\":\"Person\",\"@id\":\"https:\\\/\\\/www.eldigitaldeasturias.com\\\/noticias\\\/author\\\/admin\\\/#author\",\"url\":\"https:\\\/\\\/www.eldigitaldeasturias.com\\\/noticias\\\/author\\\/admin\\\/\",\"name\":\"El Digital de Asturias\",\"image\":{\"@type\":\"ImageObject\",\"@id\":\"https:\\\/\\\/www.eldigitaldeasturias.com\\\/noticias\\\/condena-unanime-en-asturias-por-el-asesinato-por-violencia-de-genero-de-maria-teresa-aladro\\\/#authorImage\",\"url\":\"https:\\\/\\\/secure.gravatar.com\\\/avatar\\\/df2aeffc32bcd13f8d26072ef8a91b623d677766deac7f97ca815868cd41bf5e?s=96&d=mm&r=g\",\"width\":96,\"height\":96,\"caption\":\"El Digital de Asturias\"}},{\"@type\":\"WebPage\",\"@id\":\"https:\\\/\\\/www.eldigitaldeasturias.com\\\/noticias\\\/condena-unanime-en-asturias-por-el-asesinato-por-violencia-de-genero-de-maria-teresa-aladro\\\/#webpage\",\"url\":\"https:\\\/\\\/www.eldigitaldeasturias.com\\\/noticias\\\/condena-unanime-en-asturias-por-el-asesinato-por-violencia-de-genero-de-maria-teresa-aladro\\\/\",\"name\":\"Condena un\\u00e1nime en Asturias por el asesinato por violencia de g\\u00e9nero de Mar\\u00eda Teresa Aladro - El Digital de Asturias\",\"description\":\"El Gobierno del Principado de Asturias, el Ayuntamiento de Laviana y la Delegaci\\u00f3n del Gobierno en Asturias manifiestan su m\\u00e1s en\\u00e9rgica condena por el asesinato\",\"inLanguage\":\"es-ES\",\"isPartOf\":{\"@id\":\"https:\\\/\\\/www.eldigitaldeasturias.com\\\/noticias\\\/#website\"},\"breadcrumb\":{\"@id\":\"https:\\\/\\\/www.eldigitaldeasturias.com\\\/noticias\\\/condena-unanime-en-asturias-por-el-asesinato-por-violencia-de-genero-de-maria-teresa-aladro\\\/#breadcrumblist\"},\"author\":{\"@id\":\"https:\\\/\\\/www.eldigitaldeasturias.com\\\/noticias\\\/author\\\/admin\\\/#author\"},\"creator\":{\"@id\":\"https:\\\/\\\/www.eldigitaldeasturias.com\\\/noticias\\\/author\\\/admin\\\/#author\"},\"image\":{\"@type\":\"ImageObject\",\"url\":772954,\"@id\":\"https:\\\/\\\/www.eldigitaldeasturias.com\\\/noticias\\\/condena-unanime-en-asturias-por-el-asesinato-por-violencia-de-genero-de-maria-teresa-aladro\\\/#mainImage\"},\"primaryImageOfPage\":{\"@id\":\"https:\\\/\\\/www.eldigitaldeasturias.com\\\/noticias\\\/condena-unanime-en-asturias-por-el-asesinato-por-violencia-de-genero-de-maria-teresa-aladro\\\/#mainImage\"},\"datePublished\":\"2021-05-20T17:25:56+02:00\",\"dateModified\":\"2021-05-20T17:25:56+02:00\"},{\"@type\":\"WebSite\",\"@id\":\"https:\\\/\\\/www.eldigitaldeasturias.com\\\/noticias\\\/#website\",\"url\":\"https:\\\/\\\/www.eldigitaldeasturias.com\\\/noticias\\\/\",\"name\":\"El Digital de Asturias - Diario de actualidad y noticias\",\"alternateName\":\"El Digital de Asturias - Diario de actualidad y noticias\",\"description\":\"Hemeroteca\",\"inLanguage\":\"es-ES\",\"publisher\":{\"@id\":\"https:\\\/\\\/www.eldigitaldeasturias.com\\\/noticias\\\/#organization\"}}]}\n\t\t<\/script>\n\t\t<!-- All in One SEO Pro -->\r\n\t\t<title>Condena un\u00e1nime en Asturias por el asesinato por violencia de g\u00e9nero de Mar\u00eda Teresa Aladro - El Digital de Asturias<\/title>\n\n","aioseo_head_json":{"title":"Condena un\u00e1nime en Asturias por el asesinato por violencia de g\u00e9nero de Mar\u00eda Teresa Aladro - El Digital de Asturias","description":"El Gobierno del Principado de Asturias, el Ayuntamiento de Laviana y la Delegaci\u00f3n del Gobierno en Asturias manifiestan su m\u00e1s en\u00e9rgica condena por el asesinato","canonical_url":"https:\/\/www.eldigitaldeasturias.com\/noticias\/condena-unanime-en-asturias-por-el-asesinato-por-violencia-de-genero-de-maria-teresa-aladro\/","robots":"max-image-preview:large","keywords":"sucesos","webmasterTools":{"google-site-verification":"UA-38556648-1","msvalidate.01":"7dfe9f3f1b24437ab69f4f2559babe99","miscellaneous":""},"schema":{"@context":"https:\/\/schema.org","@graph":[{"@type":"BlogPosting","@id":"https:\/\/www.eldigitaldeasturias.com\/noticias\/condena-unanime-en-asturias-por-el-asesinato-por-violencia-de-genero-de-maria-teresa-aladro\/#blogposting","name":"Condena un\u00e1nime en Asturias por el asesinato por violencia de g\u00e9nero de Mar\u00eda Teresa Aladro - El Digital de Asturias","headline":"Condena un\u00e1nime en Asturias por el asesinato por violencia de g\u00e9nero de Mar\u00eda Teresa Aladro","author":{"@id":"https:\/\/www.eldigitaldeasturias.com\/noticias\/author\/admin\/#author"},"publisher":{"@id":"https:\/\/www.eldigitaldeasturias.com\/noticias\/#organization"},"image":{"@type":"ImageObject","url":772954},"datePublished":"2021-05-20T17:25:56+02:00","dateModified":"2021-05-20T17:25:56+02:00","inLanguage":"es-ES","mainEntityOfPage":{"@id":"https:\/\/www.eldigitaldeasturias.com\/noticias\/condena-unanime-en-asturias-por-el-asesinato-por-violencia-de-genero-de-maria-teresa-aladro\/#webpage"},"isPartOf":{"@id":"https:\/\/www.eldigitaldeasturias.com\/noticias\/condena-unanime-en-asturias-por-el-asesinato-por-violencia-de-genero-de-maria-teresa-aladro\/#webpage"},"articleSection":"Sucesos"},{"@type":"BreadcrumbList","@id":"https:\/\/www.eldigitaldeasturias.com\/noticias\/condena-unanime-en-asturias-por-el-asesinato-por-violencia-de-genero-de-maria-teresa-aladro\/#breadcrumblist","itemListElement":[{"@type":"ListItem","@id":"https:\/\/www.eldigitaldeasturias.com\/noticias#listItem","position":1,"name":"Home","item":"https:\/\/www.eldigitaldeasturias.com\/noticias","nextItem":{"@type":"ListItem","@id":"https:\/\/www.eldigitaldeasturias.com\/noticias\/category\/sucesos\/#listItem","name":"Sucesos"}},{"@type":"ListItem","@id":"https:\/\/www.eldigitaldeasturias.com\/noticias\/category\/sucesos\/#listItem","position":2,"name":"Sucesos","item":"https:\/\/www.eldigitaldeasturias.com\/noticias\/category\/sucesos\/","nextItem":{"@type":"ListItem","@id":"https:\/\/www.eldigitaldeasturias.com\/noticias\/condena-unanime-en-asturias-por-el-asesinato-por-violencia-de-genero-de-maria-teresa-aladro\/#listItem","name":"Condena un\u00e1nime en Asturias por el asesinato por violencia de g\u00e9nero de Mar\u00eda Teresa Aladro"},"previousItem":{"@type":"ListItem","@id":"https:\/\/www.eldigitaldeasturias.com\/noticias#listItem","name":"Home"}},{"@type":"ListItem","@id":"https:\/\/www.eldigitaldeasturias.com\/noticias\/condena-unanime-en-asturias-por-el-asesinato-por-violencia-de-genero-de-maria-teresa-aladro\/#listItem","position":3,"name":"Condena un\u00e1nime en Asturias por el asesinato por violencia de g\u00e9nero de Mar\u00eda Teresa Aladro","previousItem":{"@type":"ListItem","@id":"https:\/\/www.eldigitaldeasturias.com\/noticias\/category\/sucesos\/#listItem","name":"Sucesos"}}]},{"@type":"Organization","@id":"https:\/\/www.eldigitaldeasturias.com\/noticias\/#organization","name":"El Digital de Asturias","description":"Hemeroteca","url":"https:\/\/www.eldigitaldeasturias.com\/noticias\/","email":"info@eldigitaldeasturias.com","telephone":"+34652131393","logo":{"@type":"ImageObject","url":"https:\/\/www.eldigitaldeasturias.com\/noticias\/wp-content\/uploads\/2020\/12\/EDA.jpg","@id":"https:\/\/www.eldigitaldeasturias.com\/noticias\/condena-unanime-en-asturias-por-el-asesinato-por-violencia-de-genero-de-maria-teresa-aladro\/#organizationLogo"},"image":{"@id":"https:\/\/www.eldigitaldeasturias.com\/noticias\/condena-unanime-en-asturias-por-el-asesinato-por-violencia-de-genero-de-maria-teresa-aladro\/#organizationLogo"},"sameAs":["https:\/\/facebook.com\/eldigitaldeasturias","https:\/\/www.youtube.com\/channel\/UCZP-2wLEB9Rv6erhFmqVnvg"],"address":{"@id":"https:\/\/www.eldigitaldeasturias.com\/noticias\/#postaladdress","@type":"PostalAddress","streetAddress":"san antonio 4","postalCode":"33430","addressLocality":"Cand\u00e1s","addressRegion":"Asturias","addressCountry":"ES"}},{"@type":"Person","@id":"https:\/\/www.eldigitaldeasturias.com\/noticias\/author\/admin\/#author","url":"https:\/\/www.eldigitaldeasturias.com\/noticias\/author\/admin\/","name":"El Digital de Asturias","image":{"@type":"ImageObject","@id":"https:\/\/www.eldigitaldeasturias.com\/noticias\/condena-unanime-en-asturias-por-el-asesinato-por-violencia-de-genero-de-maria-teresa-aladro\/#authorImage","url":"https:\/\/secure.gravatar.com\/avatar\/df2aeffc32bcd13f8d26072ef8a91b623d677766deac7f97ca815868cd41bf5e?s=96&d=mm&r=g","width":96,"height":96,"caption":"El Digital de Asturias"}},{"@type":"WebPage","@id":"https:\/\/www.eldigitaldeasturias.com\/noticias\/condena-unanime-en-asturias-por-el-asesinato-por-violencia-de-genero-de-maria-teresa-aladro\/#webpage","url":"https:\/\/www.eldigitaldeasturias.com\/noticias\/condena-unanime-en-asturias-por-el-asesinato-por-violencia-de-genero-de-maria-teresa-aladro\/","name":"Condena un\u00e1nime en Asturias por el asesinato por violencia de g\u00e9nero de Mar\u00eda Teresa Aladro - El Digital de Asturias","description":"El Gobierno del Principado de Asturias, el Ayuntamiento de Laviana y la Delegaci\u00f3n del Gobierno en Asturias manifiestan su m\u00e1s en\u00e9rgica condena por el asesinato","inLanguage":"es-ES","isPartOf":{"@id":"https:\/\/www.eldigitaldeasturias.com\/noticias\/#website"},"breadcrumb":{"@id":"https:\/\/www.eldigitaldeasturias.com\/noticias\/condena-unanime-en-asturias-por-el-asesinato-por-violencia-de-genero-de-maria-teresa-aladro\/#breadcrumblist"},"author":{"@id":"https:\/\/www.eldigitaldeasturias.com\/noticias\/author\/admin\/#author"},"creator":{"@id":"https:\/\/www.eldigitaldeasturias.com\/noticias\/author\/admin\/#author"},"image":{"@type":"ImageObject","url":772954,"@id":"https:\/\/www.eldigitaldeasturias.com\/noticias\/condena-unanime-en-asturias-por-el-asesinato-por-violencia-de-genero-de-maria-teresa-aladro\/#mainImage"},"primaryImageOfPage":{"@id":"https:\/\/www.eldigitaldeasturias.com\/noticias\/condena-unanime-en-asturias-por-el-asesinato-por-violencia-de-genero-de-maria-teresa-aladro\/#mainImage"},"datePublished":"2021-05-20T17:25:56+02:00","dateModified":"2021-05-20T17:25:56+02:00"},{"@type":"WebSite","@id":"https:\/\/www.eldigitaldeasturias.com\/noticias\/#website","url":"https:\/\/www.eldigitaldeasturias.com\/noticias\/","name":"El Digital de Asturias - Diario de actualidad y noticias","alternateName":"El Digital de Asturias - Diario de actualidad y noticias","description":"Hemeroteca","inLanguage":"es-ES","publisher":{"@id":"https:\/\/www.eldigitaldeasturias.com\/noticias\/#organization"}}]},"og:locale":"es_ES","og:site_name":"El Digital de Asturias","og:type":"article","og:title":"Condena un\u00e1nime en Asturias por el asesinato por violencia de g\u00e9nero de Mar\u00eda Teresa Aladro - El Digital de Asturias","og:description":"El Gobierno del Principado de Asturias, el Ayuntamiento de Laviana y la Delegaci\u00f3n del Gobierno en Asturias manifiestan su m\u00e1s en\u00e9rgica condena por el asesinato","og:url":"https:\/\/www.eldigitaldeasturias.com\/noticias\/condena-unanime-en-asturias-por-el-asesinato-por-violencia-de-genero-de-maria-teresa-aladro\/","article:tag":["sucesos"],"article:published_time":"2021-05-20T16:25:56+00:00","article:modified_time":"2021-05-20T16:25:56+00:00","article:publisher":"https:\/\/facebook.com\/eldigitaldeasturias","twitter:card":"summary_large_image","twitter:title":"Condena un\u00e1nime en Asturias por el asesinato por violencia de g\u00e9nero de Mar\u00eda Teresa Aladro - El Digital de Asturias","twitter:description":"El Gobierno del Principado de Asturias, el Ayuntamiento de Laviana y la Delegaci\u00f3n del Gobierno en Asturias manifiestan su m\u00e1s en\u00e9rgica condena por el asesinato","twitter:image":"https:\/\/www.eldigitaldeasturias.com\/noticias\/wp-content\/uploads\/2020\/12\/EDA-1.jpg","twitter:label1":"Escrito por","twitter:data1":"El Digital de Asturias","twitter:label2":"Tiempo de lectura estimado","twitter:data2":"1 minuto"},"aioseo_meta_data":{"post_id":"1091942","title":null,"description":"El Gobierno del Principado de Asturias, el Ayuntamiento de Laviana y la Delegaci\u00f3n del Gobierno en Asturias manifiestan su m\u00e1s en\u00e9rgica condena por el asesinato","keywords":[],"keyphrases":{"focus":[],"additional":[]},"primary_term":null,"canonical_url":null,"og_title":null,"og_description":null,"og_object_type":"default","og_image_type":"default","og_image_url":null,"og_image_width":null,"og_image_height":null,"og_image_custom_url":null,"og_image_custom_fields":null,"og_video":"","og_custom_url":null,"og_article_section":null,"og_article_tags":[],"twitter_use_og":false,"twitter_card":"default","twitter_image_type":"default","twitter_image_url":null,"twitter_image_custom_url":null,"twitter_image_custom_fields":null,"twitter_title":null,"twitter_description":null,"schema":{"blockGraphs":[],"customGraphs":[],"default":{"data":{"Article":[],"Course":[],"Dataset":[],"FAQPage":[],"Movie":[],"Person":[],"Product":[],"ProductReview":[],"Car":[],"Recipe":[],"Service":[],"SoftwareApplication":[],"WebPage":[]},"graphName":"","isEnabled":true},"graphs":[],"defaultGraph":"Article","defaultPostTypeGraph":""},"schema_type":"default","schema_type_options":"{\"article\":{\"articleType\":\"BlogPosting\"},\"course\":{\"name\":\"\",\"description\":\"\",\"provider\":\"\"},\"faq\":{\"pages\":[]},\"product\":{\"reviews\":[]},\"recipe\":{\"ingredients\":[],\"instructions\":[],\"keywords\":[]},\"software\":{\"reviews\":[],\"operatingSystems\":[]},\"webPage\":{\"webPageType\":\"WebPage\"}}","pillar_content":false,"robots_default":true,"robots_noindex":false,"robots_noarchive":false,"robots_nosnippet":false,"robots_nofollow":false,"robots_noimageindex":false,"robots_noodp":false,"robots_notranslate":false,"robots_max_snippet":"-1","robots_max_videopreview":"-1","robots_max_imagepreview":"large","priority":null,"frequency":"default","local_seo":{"locations":{"business":{"name":"","businessType":"","image":"","areaServed":"","urls":{"website":"","aboutPage":"","contactPage":""},"address":{"streetLine1":"","streetLine2":"","zipCode":"","city":"","state":"","country":"","addressFormat":"#streetLineOne\n#streetLineTwo\n#city, #state #zipCode"},"contact":{"email":"","phone":"","phoneFormatted":"","fax":"","faxFormatted":""},"ids":{"vat":"","tax":"","chamberOfCommerce":""},"payment":{"priceRange":"","currenciesAccepted":"","methods":""}}},"openingHours":{"useDefaults":true,"show":true,"alwaysOpen":false,"use24hFormat":false,"timezone":"","labels":{"closed":"","alwaysOpen":""},"days":{"monday":{"open24h":false,"closed":false,"openTime":"09:00","closeTime":"17:00"},"tuesday":{"open24h":false,"closed":false,"openTime":"09:00","closeTime":"17:00"},"wednesday":{"open24h":false,"closed":false,"openTime":"09:00","closeTime":"17:00"},"thursday":{"open24h":false,"closed":false,"openTime":"09:00","closeTime":"17:00"},"friday":{"open24h":false,"closed":false,"openTime":"09:00","closeTime":"17:00"},"saturday":{"open24h":false,"closed":false,"openTime":"09:00","closeTime":"17:00"},"sunday":{"open24h":false,"closed":false,"openTime":"09:00","closeTime":"17:00"}}}},"seo_analyzer_scan_date":"2026-07-18 00:38:51","breadcrumb_settings":null,"limit_modified_date":false,"open_ai":null,"ai":null,"created":"2021-05-20 16:20:52","updated":"2026-07-18 00:38:51","focus_keyword":null,"additional_keywords":null,"truseo_locale":null},"aioseo_breadcrumb":"<div class=\"aioseo-breadcrumbs\"><span class=\"aioseo-breadcrumb\">\n\t<a href=\"https:\/\/www.eldigitaldeasturias.com\/noticias\" title=\"Home\">Home<\/a>\n<\/span><span class=\"aioseo-breadcrumb-separator\">\u2013<\/span><span class=\"aioseo-breadcrumb\">\n\t<a href=\"https:\/\/www.eldigitaldeasturias.com\/noticias\/category\/sucesos\/\" title=\"Sucesos\">Sucesos<\/a>\n<\/span><span class=\"aioseo-breadcrumb-separator\">\u2013<\/span><span class=\"aioseo-breadcrumb\">\n\t<a href=\"https:\/\/www.eldigitaldeasturias.com\/noticias\/condena-unanime-en-asturias-por-el-asesinato-por-violencia-de-genero-de-maria-teresa-aladro\/\" title=\"Condena un\u00e1nime en Asturias por el asesinato por violencia de g\u00e9nero de Mar\u00eda Teresa Aladro\">Condena un\u00e1nime en Asturias por el asesinato por violencia de g\u00e9nero de Mar\u00eda Teresa Aladro<\/a>\n<\/span><\/div>","aioseo_breadcrumb_json":[{"label":"Home","link":"https:\/\/www.eldigitaldeasturias.com\/noticias"},{"label":"Sucesos","link":"https:\/\/www.eldigitaldeasturias.com\/noticias\/category\/sucesos\/"},{"label":"Condena un\u00e1nime en Asturias por el asesinato por violencia de g\u00e9nero de Mar\u00eda Teresa Aladro","link":"https:\/\/www.eldigitaldeasturias.com\/noticias\/condena-unanime-en-asturias-por-el-asesinato-por-violencia-de-genero-de-maria-teresa-aladro\/"}],"_links":{"self":[{"href":"https:\/\/www.eldigitaldeasturias.com\/noticias\/wp-json\/wp\/v2\/posts\/1091942","targetHints":{"allow":["GET"]}}],"collection":[{"href":"https:\/\/www.eldigitaldeasturias.com\/noticias\/wp-json\/wp\/v2\/posts"}],"about":[{"href":"https:\/\/www.eldigitaldeasturias.com\/noticias\/wp-json\/wp\/v2\/types\/post"}],"author":[{"embeddable":true,"href":"https:\/\/www.eldigitaldeasturias.com\/noticias\/wp-json\/wp\/v2\/users\/1"}],"replies":[{"embeddable":true,"href":"https:\/\/www.eldigitaldeasturias.com\/noticias\/wp-json\/wp\/v2\/comments?post=1091942"}],"version-history":[{"count":0,"href":"https:\/\/www.eldigitaldeasturias.com\/noticias\/wp-json\/wp\/v2\/posts\/1091942\/revisions"}],"wp:attachment":[{"href":"https:\/\/www.eldigitaldeasturias.com\/noticias\/wp-json\/wp\/v2\/media?parent=1091942"}],"wp:term":[{"taxonomy":"category","embeddable":true,"href":"https:\/\/www.eldigitaldeasturias.com\/noticias\/wp-json\/wp\/v2\/categories?post=1091942"},{"taxonomy":"post_tag","embeddable":true,"href":"https:\/\/www.eldigitaldeasturias.com\/noticias\/wp-json\/wp\/v2\/tags?post=1091942"}],"curies":[{"name":"wp","href":"https:\/\/api.w.org\/{rel}","templated":true}]}}