{"id":1091885,"date":"2021-05-19T20:49:46","date_gmt":"2021-05-19T19:49:46","guid":{"rendered":"https:\/\/www.eldigitaldeasturias.com\/noticias\/?p=1091885"},"modified":"2021-05-19T20:49:46","modified_gmt":"2021-05-19T19:49:46","slug":"el-atleti-del-doblete-se-estrena-el-25-de-mayo","status":"publish","type":"post","link":"https:\/\/www.eldigitaldeasturias.com\/noticias\/el-atleti-del-doblete-se-estrena-el-25-de-mayo\/","title":{"rendered":"\u201cEl Atleti del Doblete\u201d se estrena el 25 de mayo"},"content":{"rendered":"<figure id=\"attachment_1091886\" aria-describedby=\"caption-attachment-1091886\" style=\"width: 360px\" class=\"wp-caption alignleft\"><img loading=\"lazy\" decoding=\"async\" class=\"size-medium wp-image-1091886\" src=\"https:\/\/www.eldigitaldeasturias.com\/noticias\/wp-content\/uploads\/2021\/05\/El-Atleti-del-Doblete-360x258.jpg\" alt=\"El Atleti del Doblete\" width=\"360\" height=\"258\" \/><figcaption id=\"caption-attachment-1091886\" class=\"wp-caption-text\">FOTO: MOVISTAR F\u00daTBOL \/ Europa Press<\/figcaption><\/figure>\n<p>(EP) &#8211; <strong>El \u00fanico &#8216;doblete&#8217; en la historia del Atl\u00e9tico de Madrid se ha convertido en una pieza documental<\/strong>, a cargo de Movistar +, que se estrenar\u00e1 el pr\u00f3ximo 25 de mayo, cuando se cumplan 25 a\u00f1os de la m\u00edtica conquista de los rojiblancos, ahora que est\u00e1n a solo un partido de volver a conquistar un t\u00edtulo liguero.<\/p>\n<p><strong>El documental fue presentado este mi\u00e9rcoles en el Wanda Metropolitano con la presencia de varios jugadores de aquella plantilla<\/strong>: el capit\u00e1n Tom\u00e1s Re\u00f1ones, Juan Vizca\u00edno, Dani Gonz\u00e1lez, Roberto Fresnedoso, Ricardo L\u00f3pez, Jos\u00e9 Antonio de la Sagra y Milinko Pantic, el gran h\u00e9roe de aquel curso y gran protagonista en ambos t\u00edtulos.<\/p>\n<p>El acto, que tambi\u00e9n cont\u00f3 con la participaci\u00f3n del presidente Enrique Cerezo, vicepresidente en la temporada 1995-96,<strong> sirvi\u00f3 de emotivo homenaje a la viuda de Radomir Antic, Vera<\/strong>, quien recibi\u00f3 un ramo de flores rojas y blancas y un escudo del club ante el aplauso de todo el auditorio del Wanda Metropolitano. Sus hijos tambi\u00e9n asistieron emocionados.<\/p>\n<p><em>\u00abEn nombre del Atl\u00e9tico de Madrid y de todos sus seguidores brindamos este homenaje a Radomir Antic por sus a\u00f1os maravillosos en este club. Un caballero y un se\u00f1or del f\u00fatbol dejo una huella imborrable\u00bb, dijo el presidente Enrique Cerezo<\/em> tras recordar la figura del que fuera t\u00e9cnico del doblete, fallecido en abril de 2020.<\/p>\n<p>Por su parte, el resto de jugadores tambi\u00e9n reconoci\u00f3 la figura de Antic como la clave de aquel a\u00f1o triunfal.<strong> \u00abSin el m\u00edster este doblete no hubiera existido. Fue mi padre futbol\u00edstico\u00bb, reconoci\u00f3 Pantic<\/strong>, que lleg\u00f3 al Atl\u00e9tico de Madrid despu\u00e9s de que Antic recomendase a Jes\u00fas Gil su fichaje. El presidente pag\u00f3 la cl\u00e1usula del serbio al Panionios no sin reparos. Al final acab\u00f3 haci\u00e9ndole un busto de bronce por su gol de cabeza al Bar\u00e7a en la final de Copa del Rey el 10 de abril de 1996 en la Romareda.<\/p>\n<p>De igual forma, Roberto Fresnedoso dijo que \u00abla figura de Antic fue fundamental para dar ese toque familiar\u00bb. \u00abConsigui\u00f3 que todos sac\u00e1ramos lo mejor dentro y fuera del campo. Ayud\u00f3 a crear esa relaci\u00f3n de familia. Inculc\u00f3 ser un equipo en el m\u00e1s amplio sentido de la palabra\u00bb, afirm\u00f3.<\/p>\n<p>Por su parte, el capit\u00e1n Tom\u00e1s Re\u00f1ones asegur\u00f3 que Antic logr\u00f3 \u00abuna conjunci\u00f3n desde arriba hasta abajo\u00bb. \u00abTenemos d\u00edas de convivencia los viernes, nos reun\u00edamos todos, desde los jefes hasta los jardineros. Eso fue una uni\u00f3n creada por \u00e9l. Ganar con el Atl\u00e9tico es mucho m\u00e1s que con otros equipos. El doblete se ve\u00eda imposible pero el triunfo se consigui\u00f3\u00bb, desvel\u00f3 el exlateral derecho.<\/p>\n<p>Adem\u00e1s, Juan Vizca\u00edno record\u00f3 que ya \u00abconoc\u00eda del Zaragoza\u00bb a Radomir Antic. \u00abEra muy joven&#8230; El m\u00edster era algo m\u00e1s y la confianza que te daba y la exigencia del d\u00eda a d\u00eda, su trato cercano. Todo. Ven\u00edamos de sufrir y jugar por el descenso y al final logramos el doblete. La mayor parte de culpa la tiene \u00e9l\u00bb, finaliz\u00f3.<\/p>\n<p>El documental &#8216;El Atleti del Doblete&#8217; se estrenar\u00e1 el Movistar + el 25 de mayo, el mismo d\u00eda que el Atl\u00e9tico de Madrid cerr\u00f3 su doble t\u00edtulo nacional ganando la Liga en el Vicente Calder\u00f3n al Albacete (2-0). \u00abEra mucho mejor ganar la Liga jugando en casa que desde el hotel\u00bb, replicaba el &#8216;Cholo&#8217; Simeone. \u00abTodos pens\u00e1bamos que estaba loco, pero acert\u00f3\u00bb, dijo Solozabal.<\/p>\n<p>&nbsp;<\/p>\n","protected":false},"excerpt":{"rendered":"<p>(EP) &#8211; El \u00fanico &#8216;doblete&#8217; en la historia del Atl\u00e9tico de Madrid se ha convertido en una pieza documental, a cargo de Movistar +, que se estrenar\u00e1 el pr\u00f3ximo 25 de mayo, cuando se cumplan 25 a\u00f1os de la m\u00edtica conquista de los rojiblancos, ahora que est\u00e1n a solo un partido de volver a conquistar [&hellip;]<\/p>\n","protected":false},"author":1,"featured_media":1132184,"comment_status":"closed","ping_status":"closed","sticky":false,"template":"","format":"standard","meta":{"footnotes":""},"categories":[2],"tags":[],"class_list":["post-1091885","post","type-post","status-publish","format-standard","has-post-thumbnail","hentry","category-agenda"],"aioseo_notices":[],"aioseo_head":"\n\t\t<!-- All in One SEO Pro 5.0.1 - aioseo.com -->\n\t<meta name=\"description\" content=\"&#039;El Atleti del Doblete&#039; se estrenar\u00e1 el Movistar + el 25 de mayo, el mismo d\u00eda que el Atl\u00e9tico cerr\u00f3 su doble t\u00edtulo nacional ganando la Liga en el Calder\u00f3n\" \/>\n\t<meta name=\"robots\" content=\"max-image-preview:large\" \/>\n\t<meta name=\"author\" content=\"El Digital de Asturias\"\/>\n\t<meta name=\"google-site-verification\" content=\"UA-38556648-1\" \/>\n\t<meta name=\"msvalidate.01\" content=\"7dfe9f3f1b24437ab69f4f2559babe99\" \/>\n\t<meta name=\"keywords\" content=\"agenda\" \/>\n\t<link rel=\"canonical\" href=\"https:\/\/www.eldigitaldeasturias.com\/noticias\/el-atleti-del-doblete-se-estrena-el-25-de-mayo\/\" \/>\n\t<meta name=\"generator\" content=\"All in One SEO Pro (AIOSEO) 5.0.1\" \/>\n\t\t<meta property=\"og:locale\" content=\"es_ES\" \/>\n\t\t<meta property=\"og:site_name\" content=\"El Digital de Asturias\" \/>\n\t\t<meta property=\"og:type\" content=\"article\" \/>\n\t\t<meta property=\"og:title\" content=\"\u201cEl Atleti del Doblete\u201d se estrena el 25 de mayo - El Digital de Asturias\" \/>\n\t\t<meta property=\"og:description\" content=\"&#039;El Atleti del Doblete&#039; se estrenar\u00e1 el Movistar + el 25 de mayo, el mismo d\u00eda que el Atl\u00e9tico cerr\u00f3 su doble t\u00edtulo nacional ganando la Liga en el Calder\u00f3n\" \/>\n\t\t<meta property=\"og:url\" content=\"https:\/\/www.eldigitaldeasturias.com\/noticias\/el-atleti-del-doblete-se-estrena-el-25-de-mayo\/\" \/>\n\t\t<meta property=\"og:image\" content=\"https:\/\/www.eldigitaldeasturias.com\/noticias\/wp-content\/uploads\/2026\/06\/Contenidos.jpg\" \/>\n\t\t<meta property=\"og:image:secure_url\" content=\"https:\/\/www.eldigitaldeasturias.com\/noticias\/wp-content\/uploads\/2026\/06\/Contenidos.jpg\" \/>\n\t\t<meta property=\"og:image:width\" content=\"1265\" \/>\n\t\t<meta property=\"og:image:height\" content=\"697\" \/>\n\t\t<meta property=\"article:tag\" content=\"agenda\" \/>\n\t\t<meta property=\"article:published_time\" content=\"2021-05-19T19:49:46+00:00\" \/>\n\t\t<meta property=\"article:modified_time\" content=\"2021-05-19T19:49:46+00:00\" \/>\n\t\t<meta property=\"article:publisher\" content=\"https:\/\/facebook.com\/eldigitaldeasturias\" \/>\n\t\t<meta name=\"twitter:card\" content=\"summary_large_image\" \/>\n\t\t<meta name=\"twitter:title\" content=\"\u201cEl Atleti del Doblete\u201d se estrena el 25 de mayo - El Digital de Asturias\" \/>\n\t\t<meta name=\"twitter:description\" content=\"&#039;El Atleti del Doblete&#039; se estrenar\u00e1 el Movistar + el 25 de mayo, el mismo d\u00eda que el Atl\u00e9tico cerr\u00f3 su doble t\u00edtulo nacional ganando la Liga en el Calder\u00f3n\" \/>\n\t\t<meta name=\"twitter:image\" content=\"https:\/\/www.eldigitaldeasturias.com\/noticias\/wp-content\/uploads\/2026\/06\/Contenidos.jpg\" \/>\n\t\t<meta name=\"twitter:label1\" content=\"Escrito por\" \/>\n\t\t<meta name=\"twitter:data1\" content=\"El Digital de Asturias\" \/>\n\t\t<meta name=\"twitter:label2\" content=\"Tiempo de lectura estimado\" \/>\n\t\t<meta name=\"twitter:data2\" content=\"3 minutos\" \/>\n\t\t<script type=\"application\/ld+json\" class=\"aioseo-schema\">\n\t\t\t{\"@context\":\"https:\\\/\\\/schema.org\",\"@graph\":[{\"@type\":\"BlogPosting\",\"@id\":\"https:\\\/\\\/www.eldigitaldeasturias.com\\\/noticias\\\/el-atleti-del-doblete-se-estrena-el-25-de-mayo\\\/#blogposting\",\"name\":\"\\u201cEl Atleti del Doblete\\u201d se estrena el 25 de mayo - El Digital de Asturias\",\"headline\":\"\\u201cEl Atleti del Doblete\\u201d se estrena el 25 de mayo\",\"author\":{\"@id\":\"https:\\\/\\\/www.eldigitaldeasturias.com\\\/noticias\\\/author\\\/admin\\\/#author\"},\"publisher\":{\"@id\":\"https:\\\/\\\/www.eldigitaldeasturias.com\\\/noticias\\\/#organization\"},\"image\":{\"@type\":\"ImageObject\",\"url\":\"https:\\\/\\\/www.eldigitaldeasturias.com\\\/noticias\\\/wp-content\\\/uploads\\\/2026\\\/06\\\/Contenidos.jpg\",\"width\":1265,\"height\":697,\"caption\":\"Contenidos\"},\"datePublished\":\"2021-05-19T20:49:46+02:00\",\"dateModified\":\"2021-05-19T20:49:46+02:00\",\"inLanguage\":\"es-ES\",\"mainEntityOfPage\":{\"@id\":\"https:\\\/\\\/www.eldigitaldeasturias.com\\\/noticias\\\/el-atleti-del-doblete-se-estrena-el-25-de-mayo\\\/#webpage\"},\"isPartOf\":{\"@id\":\"https:\\\/\\\/www.eldigitaldeasturias.com\\\/noticias\\\/el-atleti-del-doblete-se-estrena-el-25-de-mayo\\\/#webpage\"},\"articleSection\":\"Agenda\"},{\"@type\":\"BreadcrumbList\",\"@id\":\"https:\\\/\\\/www.eldigitaldeasturias.com\\\/noticias\\\/el-atleti-del-doblete-se-estrena-el-25-de-mayo\\\/#breadcrumblist\",\"itemListElement\":[{\"@type\":\"ListItem\",\"@id\":\"https:\\\/\\\/www.eldigitaldeasturias.com\\\/noticias#listItem\",\"position\":1,\"name\":\"Home\",\"item\":\"https:\\\/\\\/www.eldigitaldeasturias.com\\\/noticias\",\"nextItem\":{\"@type\":\"ListItem\",\"@id\":\"https:\\\/\\\/www.eldigitaldeasturias.com\\\/noticias\\\/category\\\/agenda\\\/#listItem\",\"name\":\"Agenda\"}},{\"@type\":\"ListItem\",\"@id\":\"https:\\\/\\\/www.eldigitaldeasturias.com\\\/noticias\\\/category\\\/agenda\\\/#listItem\",\"position\":2,\"name\":\"Agenda\",\"item\":\"https:\\\/\\\/www.eldigitaldeasturias.com\\\/noticias\\\/category\\\/agenda\\\/\",\"nextItem\":{\"@type\":\"ListItem\",\"@id\":\"https:\\\/\\\/www.eldigitaldeasturias.com\\\/noticias\\\/el-atleti-del-doblete-se-estrena-el-25-de-mayo\\\/#listItem\",\"name\":\"\\u201cEl Atleti del Doblete\\u201d se estrena el 25 de mayo\"},\"previousItem\":{\"@type\":\"ListItem\",\"@id\":\"https:\\\/\\\/www.eldigitaldeasturias.com\\\/noticias#listItem\",\"name\":\"Home\"}},{\"@type\":\"ListItem\",\"@id\":\"https:\\\/\\\/www.eldigitaldeasturias.com\\\/noticias\\\/el-atleti-del-doblete-se-estrena-el-25-de-mayo\\\/#listItem\",\"position\":3,\"name\":\"\\u201cEl Atleti del Doblete\\u201d se estrena el 25 de mayo\",\"previousItem\":{\"@type\":\"ListItem\",\"@id\":\"https:\\\/\\\/www.eldigitaldeasturias.com\\\/noticias\\\/category\\\/agenda\\\/#listItem\",\"name\":\"Agenda\"}}]},{\"@type\":\"Organization\",\"@id\":\"https:\\\/\\\/www.eldigitaldeasturias.com\\\/noticias\\\/#organization\",\"name\":\"El Digital de Asturias\",\"description\":\"Hemeroteca\",\"url\":\"https:\\\/\\\/www.eldigitaldeasturias.com\\\/noticias\\\/\",\"email\":\"info@eldigitaldeasturias.com\",\"telephone\":\"+34652131393\",\"logo\":{\"@type\":\"ImageObject\",\"url\":\"https:\\\/\\\/www.eldigitaldeasturias.com\\\/noticias\\\/wp-content\\\/uploads\\\/2020\\\/12\\\/EDA.jpg\",\"@id\":\"https:\\\/\\\/www.eldigitaldeasturias.com\\\/noticias\\\/el-atleti-del-doblete-se-estrena-el-25-de-mayo\\\/#organizationLogo\"},\"image\":{\"@id\":\"https:\\\/\\\/www.eldigitaldeasturias.com\\\/noticias\\\/el-atleti-del-doblete-se-estrena-el-25-de-mayo\\\/#organizationLogo\"},\"sameAs\":[\"https:\\\/\\\/facebook.com\\\/eldigitaldeasturias\",\"https:\\\/\\\/www.youtube.com\\\/channel\\\/UCZP-2wLEB9Rv6erhFmqVnvg\"],\"address\":{\"@id\":\"https:\\\/\\\/www.eldigitaldeasturias.com\\\/noticias\\\/#postaladdress\",\"@type\":\"PostalAddress\",\"streetAddress\":\"san antonio 4\",\"postalCode\":\"33430\",\"addressLocality\":\"Cand\\u00e1s\",\"addressRegion\":\"Asturias\",\"addressCountry\":\"ES\"}},{\"@type\":\"Person\",\"@id\":\"https:\\\/\\\/www.eldigitaldeasturias.com\\\/noticias\\\/author\\\/admin\\\/#author\",\"url\":\"https:\\\/\\\/www.eldigitaldeasturias.com\\\/noticias\\\/author\\\/admin\\\/\",\"name\":\"El Digital de Asturias\",\"image\":{\"@type\":\"ImageObject\",\"@id\":\"https:\\\/\\\/www.eldigitaldeasturias.com\\\/noticias\\\/el-atleti-del-doblete-se-estrena-el-25-de-mayo\\\/#authorImage\",\"url\":\"https:\\\/\\\/secure.gravatar.com\\\/avatar\\\/df2aeffc32bcd13f8d26072ef8a91b623d677766deac7f97ca815868cd41bf5e?s=96&d=mm&r=g\",\"width\":96,\"height\":96,\"caption\":\"El Digital de Asturias\"}},{\"@type\":\"WebPage\",\"@id\":\"https:\\\/\\\/www.eldigitaldeasturias.com\\\/noticias\\\/el-atleti-del-doblete-se-estrena-el-25-de-mayo\\\/#webpage\",\"url\":\"https:\\\/\\\/www.eldigitaldeasturias.com\\\/noticias\\\/el-atleti-del-doblete-se-estrena-el-25-de-mayo\\\/\",\"name\":\"\\u201cEl Atleti del Doblete\\u201d se estrena el 25 de mayo - El Digital de Asturias\",\"description\":\"'El Atleti del Doblete' se estrenar\\u00e1 el Movistar + el 25 de mayo, el mismo d\\u00eda que el Atl\\u00e9tico cerr\\u00f3 su doble t\\u00edtulo nacional ganando la Liga en el Calder\\u00f3n\",\"inLanguage\":\"es-ES\",\"isPartOf\":{\"@id\":\"https:\\\/\\\/www.eldigitaldeasturias.com\\\/noticias\\\/#website\"},\"breadcrumb\":{\"@id\":\"https:\\\/\\\/www.eldigitaldeasturias.com\\\/noticias\\\/el-atleti-del-doblete-se-estrena-el-25-de-mayo\\\/#breadcrumblist\"},\"author\":{\"@id\":\"https:\\\/\\\/www.eldigitaldeasturias.com\\\/noticias\\\/author\\\/admin\\\/#author\"},\"creator\":{\"@id\":\"https:\\\/\\\/www.eldigitaldeasturias.com\\\/noticias\\\/author\\\/admin\\\/#author\"},\"image\":{\"@type\":\"ImageObject\",\"url\":\"https:\\\/\\\/www.eldigitaldeasturias.com\\\/noticias\\\/wp-content\\\/uploads\\\/2026\\\/06\\\/Contenidos.jpg\",\"@id\":\"https:\\\/\\\/www.eldigitaldeasturias.com\\\/noticias\\\/el-atleti-del-doblete-se-estrena-el-25-de-mayo\\\/#mainImage\",\"width\":1265,\"height\":697,\"caption\":\"Contenidos\"},\"primaryImageOfPage\":{\"@id\":\"https:\\\/\\\/www.eldigitaldeasturias.com\\\/noticias\\\/el-atleti-del-doblete-se-estrena-el-25-de-mayo\\\/#mainImage\"},\"datePublished\":\"2021-05-19T20:49:46+02:00\",\"dateModified\":\"2021-05-19T20:49:46+02:00\"},{\"@type\":\"WebSite\",\"@id\":\"https:\\\/\\\/www.eldigitaldeasturias.com\\\/noticias\\\/#website\",\"url\":\"https:\\\/\\\/www.eldigitaldeasturias.com\\\/noticias\\\/\",\"name\":\"El Digital de Asturias - Diario de actualidad y noticias\",\"alternateName\":\"El Digital de Asturias - Diario de actualidad y noticias\",\"description\":\"Hemeroteca\",\"inLanguage\":\"es-ES\",\"publisher\":{\"@id\":\"https:\\\/\\\/www.eldigitaldeasturias.com\\\/noticias\\\/#organization\"}}]}\n\t\t<\/script>\n\t\t<!-- All in One SEO Pro -->\r\n\t\t<title>\u201cEl Atleti del Doblete\u201d se estrena el 25 de mayo - El Digital de Asturias<\/title>\n\n","aioseo_head_json":{"title":"\u201cEl Atleti del Doblete\u201d se estrena el 25 de mayo - El Digital de Asturias","description":"'El Atleti del Doblete' se estrenar\u00e1 el Movistar + el 25 de mayo, el mismo d\u00eda que el Atl\u00e9tico cerr\u00f3 su doble t\u00edtulo nacional ganando la Liga en el Calder\u00f3n","canonical_url":"https:\/\/www.eldigitaldeasturias.com\/noticias\/el-atleti-del-doblete-se-estrena-el-25-de-mayo\/","robots":"max-image-preview:large","keywords":"agenda","webmasterTools":{"google-site-verification":"UA-38556648-1","msvalidate.01":"7dfe9f3f1b24437ab69f4f2559babe99","miscellaneous":""},"schema":{"@context":"https:\/\/schema.org","@graph":[{"@type":"BlogPosting","@id":"https:\/\/www.eldigitaldeasturias.com\/noticias\/el-atleti-del-doblete-se-estrena-el-25-de-mayo\/#blogposting","name":"\u201cEl Atleti del Doblete\u201d se estrena el 25 de mayo - El Digital de Asturias","headline":"\u201cEl Atleti del Doblete\u201d se estrena el 25 de mayo","author":{"@id":"https:\/\/www.eldigitaldeasturias.com\/noticias\/author\/admin\/#author"},"publisher":{"@id":"https:\/\/www.eldigitaldeasturias.com\/noticias\/#organization"},"image":{"@type":"ImageObject","url":"https:\/\/www.eldigitaldeasturias.com\/noticias\/wp-content\/uploads\/2026\/06\/Contenidos.jpg","width":1265,"height":697,"caption":"Contenidos"},"datePublished":"2021-05-19T20:49:46+02:00","dateModified":"2021-05-19T20:49:46+02:00","inLanguage":"es-ES","mainEntityOfPage":{"@id":"https:\/\/www.eldigitaldeasturias.com\/noticias\/el-atleti-del-doblete-se-estrena-el-25-de-mayo\/#webpage"},"isPartOf":{"@id":"https:\/\/www.eldigitaldeasturias.com\/noticias\/el-atleti-del-doblete-se-estrena-el-25-de-mayo\/#webpage"},"articleSection":"Agenda"},{"@type":"BreadcrumbList","@id":"https:\/\/www.eldigitaldeasturias.com\/noticias\/el-atleti-del-doblete-se-estrena-el-25-de-mayo\/#breadcrumblist","itemListElement":[{"@type":"ListItem","@id":"https:\/\/www.eldigitaldeasturias.com\/noticias#listItem","position":1,"name":"Home","item":"https:\/\/www.eldigitaldeasturias.com\/noticias","nextItem":{"@type":"ListItem","@id":"https:\/\/www.eldigitaldeasturias.com\/noticias\/category\/agenda\/#listItem","name":"Agenda"}},{"@type":"ListItem","@id":"https:\/\/www.eldigitaldeasturias.com\/noticias\/category\/agenda\/#listItem","position":2,"name":"Agenda","item":"https:\/\/www.eldigitaldeasturias.com\/noticias\/category\/agenda\/","nextItem":{"@type":"ListItem","@id":"https:\/\/www.eldigitaldeasturias.com\/noticias\/el-atleti-del-doblete-se-estrena-el-25-de-mayo\/#listItem","name":"\u201cEl Atleti del Doblete\u201d se estrena el 25 de mayo"},"previousItem":{"@type":"ListItem","@id":"https:\/\/www.eldigitaldeasturias.com\/noticias#listItem","name":"Home"}},{"@type":"ListItem","@id":"https:\/\/www.eldigitaldeasturias.com\/noticias\/el-atleti-del-doblete-se-estrena-el-25-de-mayo\/#listItem","position":3,"name":"\u201cEl Atleti del Doblete\u201d se estrena el 25 de mayo","previousItem":{"@type":"ListItem","@id":"https:\/\/www.eldigitaldeasturias.com\/noticias\/category\/agenda\/#listItem","name":"Agenda"}}]},{"@type":"Organization","@id":"https:\/\/www.eldigitaldeasturias.com\/noticias\/#organization","name":"El Digital de Asturias","description":"Hemeroteca","url":"https:\/\/www.eldigitaldeasturias.com\/noticias\/","email":"info@eldigitaldeasturias.com","telephone":"+34652131393","logo":{"@type":"ImageObject","url":"https:\/\/www.eldigitaldeasturias.com\/noticias\/wp-content\/uploads\/2020\/12\/EDA.jpg","@id":"https:\/\/www.eldigitaldeasturias.com\/noticias\/el-atleti-del-doblete-se-estrena-el-25-de-mayo\/#organizationLogo"},"image":{"@id":"https:\/\/www.eldigitaldeasturias.com\/noticias\/el-atleti-del-doblete-se-estrena-el-25-de-mayo\/#organizationLogo"},"sameAs":["https:\/\/facebook.com\/eldigitaldeasturias","https:\/\/www.youtube.com\/channel\/UCZP-2wLEB9Rv6erhFmqVnvg"],"address":{"@id":"https:\/\/www.eldigitaldeasturias.com\/noticias\/#postaladdress","@type":"PostalAddress","streetAddress":"san antonio 4","postalCode":"33430","addressLocality":"Cand\u00e1s","addressRegion":"Asturias","addressCountry":"ES"}},{"@type":"Person","@id":"https:\/\/www.eldigitaldeasturias.com\/noticias\/author\/admin\/#author","url":"https:\/\/www.eldigitaldeasturias.com\/noticias\/author\/admin\/","name":"El Digital de Asturias","image":{"@type":"ImageObject","@id":"https:\/\/www.eldigitaldeasturias.com\/noticias\/el-atleti-del-doblete-se-estrena-el-25-de-mayo\/#authorImage","url":"https:\/\/secure.gravatar.com\/avatar\/df2aeffc32bcd13f8d26072ef8a91b623d677766deac7f97ca815868cd41bf5e?s=96&d=mm&r=g","width":96,"height":96,"caption":"El Digital de Asturias"}},{"@type":"WebPage","@id":"https:\/\/www.eldigitaldeasturias.com\/noticias\/el-atleti-del-doblete-se-estrena-el-25-de-mayo\/#webpage","url":"https:\/\/www.eldigitaldeasturias.com\/noticias\/el-atleti-del-doblete-se-estrena-el-25-de-mayo\/","name":"\u201cEl Atleti del Doblete\u201d se estrena el 25 de mayo - El Digital de Asturias","description":"'El Atleti del Doblete' se estrenar\u00e1 el Movistar + el 25 de mayo, el mismo d\u00eda que el Atl\u00e9tico cerr\u00f3 su doble t\u00edtulo nacional ganando la Liga en el Calder\u00f3n","inLanguage":"es-ES","isPartOf":{"@id":"https:\/\/www.eldigitaldeasturias.com\/noticias\/#website"},"breadcrumb":{"@id":"https:\/\/www.eldigitaldeasturias.com\/noticias\/el-atleti-del-doblete-se-estrena-el-25-de-mayo\/#breadcrumblist"},"author":{"@id":"https:\/\/www.eldigitaldeasturias.com\/noticias\/author\/admin\/#author"},"creator":{"@id":"https:\/\/www.eldigitaldeasturias.com\/noticias\/author\/admin\/#author"},"image":{"@type":"ImageObject","url":"https:\/\/www.eldigitaldeasturias.com\/noticias\/wp-content\/uploads\/2026\/06\/Contenidos.jpg","@id":"https:\/\/www.eldigitaldeasturias.com\/noticias\/el-atleti-del-doblete-se-estrena-el-25-de-mayo\/#mainImage","width":1265,"height":697,"caption":"Contenidos"},"primaryImageOfPage":{"@id":"https:\/\/www.eldigitaldeasturias.com\/noticias\/el-atleti-del-doblete-se-estrena-el-25-de-mayo\/#mainImage"},"datePublished":"2021-05-19T20:49:46+02:00","dateModified":"2021-05-19T20:49:46+02:00"},{"@type":"WebSite","@id":"https:\/\/www.eldigitaldeasturias.com\/noticias\/#website","url":"https:\/\/www.eldigitaldeasturias.com\/noticias\/","name":"El Digital de Asturias - Diario de actualidad y noticias","alternateName":"El Digital de Asturias - Diario de actualidad y noticias","description":"Hemeroteca","inLanguage":"es-ES","publisher":{"@id":"https:\/\/www.eldigitaldeasturias.com\/noticias\/#organization"}}]},"og:locale":"es_ES","og:site_name":"El Digital de Asturias","og:type":"article","og:title":"\u201cEl Atleti del Doblete\u201d se estrena el 25 de mayo - El Digital de Asturias","og:description":"'El Atleti del Doblete' se estrenar\u00e1 el Movistar + el 25 de mayo, el mismo d\u00eda que el Atl\u00e9tico cerr\u00f3 su doble t\u00edtulo nacional ganando la Liga en el Calder\u00f3n","og:url":"https:\/\/www.eldigitaldeasturias.com\/noticias\/el-atleti-del-doblete-se-estrena-el-25-de-mayo\/","og:image":"https:\/\/www.eldigitaldeasturias.com\/noticias\/wp-content\/uploads\/2026\/06\/Contenidos.jpg","og:image:secure_url":"https:\/\/www.eldigitaldeasturias.com\/noticias\/wp-content\/uploads\/2026\/06\/Contenidos.jpg","og:image:width":1265,"og:image:height":697,"article:tag":["agenda"],"article:published_time":"2021-05-19T19:49:46+00:00","article:modified_time":"2021-05-19T19:49:46+00:00","article:publisher":"https:\/\/facebook.com\/eldigitaldeasturias","twitter:card":"summary_large_image","twitter:title":"\u201cEl Atleti del Doblete\u201d se estrena el 25 de mayo - El Digital de Asturias","twitter:description":"'El Atleti del Doblete' se estrenar\u00e1 el Movistar + el 25 de mayo, el mismo d\u00eda que el Atl\u00e9tico cerr\u00f3 su doble t\u00edtulo nacional ganando la Liga en el Calder\u00f3n","twitter:image":"https:\/\/www.eldigitaldeasturias.com\/noticias\/wp-content\/uploads\/2026\/06\/Contenidos.jpg","twitter:label1":"Escrito por","twitter:data1":"El Digital de Asturias","twitter:label2":"Tiempo de lectura estimado","twitter:data2":"3 minutos"},"aioseo_meta_data":{"post_id":"1091885","title":null,"description":"'El Atleti del Doblete' se estrenar\u00e1 el Movistar + el 25 de mayo, el mismo d\u00eda que el Atl\u00e9tico cerr\u00f3 su doble t\u00edtulo nacional ganando la Liga en el Calder\u00f3n&nbsp;","keywords":[],"keyphrases":{"focus":[],"additional":[]},"primary_term":null,"canonical_url":null,"og_title":null,"og_description":null,"og_object_type":"default","og_image_type":"default","og_image_url":null,"og_image_width":null,"og_image_height":null,"og_image_custom_url":null,"og_image_custom_fields":null,"og_video":"","og_custom_url":null,"og_article_section":null,"og_article_tags":[],"twitter_use_og":false,"twitter_card":"default","twitter_image_type":"default","twitter_image_url":null,"twitter_image_custom_url":null,"twitter_image_custom_fields":null,"twitter_title":null,"twitter_description":null,"schema":{"blockGraphs":[],"customGraphs":[],"default":{"data":{"Article":[],"Course":[],"Dataset":[],"FAQPage":[],"Movie":[],"Person":[],"Product":[],"ProductReview":[],"Car":[],"Recipe":[],"Service":[],"SoftwareApplication":[],"WebPage":[]},"graphName":"","isEnabled":true},"graphs":[]},"schema_type":"default","schema_type_options":"{\"article\":{\"articleType\":\"BlogPosting\"},\"course\":{\"name\":\"\",\"description\":\"\",\"provider\":\"\"},\"faq\":{\"pages\":[]},\"product\":{\"reviews\":[]},\"recipe\":{\"ingredients\":[],\"instructions\":[],\"keywords\":[]},\"software\":{\"reviews\":[],\"operatingSystems\":[]},\"webPage\":{\"webPageType\":\"WebPage\"}}","pillar_content":false,"robots_default":true,"robots_noindex":false,"robots_noarchive":false,"robots_nosnippet":false,"robots_nofollow":false,"robots_noimageindex":false,"robots_noodp":false,"robots_notranslate":false,"robots_max_snippet":"-1","robots_max_videopreview":"-1","robots_max_imagepreview":"large","priority":null,"frequency":"default","local_seo":{"locations":{"business":{"name":"","businessType":"","image":"","areaServed":"","urls":{"website":"","aboutPage":"","contactPage":""},"address":{"streetLine1":"","streetLine2":"","zipCode":"","city":"","state":"","country":"","addressFormat":"#streetLineOne\n#streetLineTwo\n#city, #state #zipCode"},"contact":{"email":"","phone":"","phoneFormatted":"","fax":"","faxFormatted":""},"ids":{"vat":"","tax":"","chamberOfCommerce":""},"payment":{"priceRange":"","currenciesAccepted":"","methods":""}}},"openingHours":{"useDefaults":true,"show":true,"alwaysOpen":false,"use24hFormat":false,"timezone":"","labels":{"closed":"","alwaysOpen":""},"days":{"monday":{"open24h":false,"closed":false,"openTime":"09:00","closeTime":"17:00"},"tuesday":{"open24h":false,"closed":false,"openTime":"09:00","closeTime":"17:00"},"wednesday":{"open24h":false,"closed":false,"openTime":"09:00","closeTime":"17:00"},"thursday":{"open24h":false,"closed":false,"openTime":"09:00","closeTime":"17:00"},"friday":{"open24h":false,"closed":false,"openTime":"09:00","closeTime":"17:00"},"saturday":{"open24h":false,"closed":false,"openTime":"09:00","closeTime":"17:00"},"sunday":{"open24h":false,"closed":false,"openTime":"09:00","closeTime":"17:00"}}}},"seo_analyzer_scan_date":"2026-07-18 00:08:23","breadcrumb_settings":null,"limit_modified_date":false,"open_ai":null,"ai":null,"created":"2021-05-19 19:43:30","updated":"2026-07-18 00:08:23","focus_keyword":null,"additional_keywords":null,"truseo_locale":null},"aioseo_breadcrumb":"<div class=\"aioseo-breadcrumbs\"><span class=\"aioseo-breadcrumb\">\n\t<a href=\"https:\/\/www.eldigitaldeasturias.com\/noticias\" title=\"Home\">Home<\/a>\n<\/span><span class=\"aioseo-breadcrumb-separator\">\u2013<\/span><span class=\"aioseo-breadcrumb\">\n\t<a href=\"https:\/\/www.eldigitaldeasturias.com\/noticias\/category\/agenda\/\" title=\"Agenda\">Agenda<\/a>\n<\/span><span class=\"aioseo-breadcrumb-separator\">\u2013<\/span><span class=\"aioseo-breadcrumb\">\n\t<a href=\"https:\/\/www.eldigitaldeasturias.com\/noticias\/el-atleti-del-doblete-se-estrena-el-25-de-mayo\/\" title=\"\u201cEl Atleti del Doblete\u201d se estrena el 25 de mayo\">\u201cEl Atleti del Doblete\u201d se estrena el 25 de mayo<\/a>\n<\/span><\/div>","aioseo_breadcrumb_json":[{"label":"Home","link":"https:\/\/www.eldigitaldeasturias.com\/noticias"},{"label":"Agenda","link":"https:\/\/www.eldigitaldeasturias.com\/noticias\/category\/agenda\/"},{"label":"\u201cEl Atleti del Doblete\u201d se estrena el 25 de mayo","link":"https:\/\/www.eldigitaldeasturias.com\/noticias\/el-atleti-del-doblete-se-estrena-el-25-de-mayo\/"}],"_links":{"self":[{"href":"https:\/\/www.eldigitaldeasturias.com\/noticias\/wp-json\/wp\/v2\/posts\/1091885","targetHints":{"allow":["GET"]}}],"collection":[{"href":"https:\/\/www.eldigitaldeasturias.com\/noticias\/wp-json\/wp\/v2\/posts"}],"about":[{"href":"https:\/\/www.eldigitaldeasturias.com\/noticias\/wp-json\/wp\/v2\/types\/post"}],"author":[{"embeddable":true,"href":"https:\/\/www.eldigitaldeasturias.com\/noticias\/wp-json\/wp\/v2\/users\/1"}],"replies":[{"embeddable":true,"href":"https:\/\/www.eldigitaldeasturias.com\/noticias\/wp-json\/wp\/v2\/comments?post=1091885"}],"version-history":[{"count":0,"href":"https:\/\/www.eldigitaldeasturias.com\/noticias\/wp-json\/wp\/v2\/posts\/1091885\/revisions"}],"wp:featuredmedia":[{"embeddable":true,"href":"https:\/\/www.eldigitaldeasturias.com\/noticias\/wp-json\/wp\/v2\/media\/1132184"}],"wp:attachment":[{"href":"https:\/\/www.eldigitaldeasturias.com\/noticias\/wp-json\/wp\/v2\/media?parent=1091885"}],"wp:term":[{"taxonomy":"category","embeddable":true,"href":"https:\/\/www.eldigitaldeasturias.com\/noticias\/wp-json\/wp\/v2\/categories?post=1091885"},{"taxonomy":"post_tag","embeddable":true,"href":"https:\/\/www.eldigitaldeasturias.com\/noticias\/wp-json\/wp\/v2\/tags?post=1091885"}],"curies":[{"name":"wp","href":"https:\/\/api.w.org\/{rel}","templated":true}]}}