{"id":1091882,"date":"2021-05-19T14:55:48","date_gmt":"2021-05-19T13:55:48","guid":{"rendered":"https:\/\/www.eldigitaldeasturias.com\/noticias\/?p=1091882"},"modified":"2021-05-19T14:55:48","modified_gmt":"2021-05-19T13:55:48","slug":"clausurada-la-mesa-redonda-virtual-mujeres-asturianas-en-la-musica","status":"publish","type":"post","link":"https:\/\/www.eldigitaldeasturias.com\/noticias\/clausurada-la-mesa-redonda-virtual-mujeres-asturianas-en-la-musica\/","title":{"rendered":"Clausurada la mesa redonda virtual \u201cMujeres asturianas en la m\u00fasica\u201d"},"content":{"rendered":"<figure id=\"attachment_1091883\" aria-describedby=\"caption-attachment-1091883\" style=\"width: 360px\" class=\"wp-caption alignleft\"><img loading=\"lazy\" decoding=\"async\" class=\"size-medium wp-image-1091883\" src=\"https:\/\/www.eldigitaldeasturias.com\/noticias\/wp-content\/uploads\/2021\/05\/Mujeres-asturianas-en-la-musica-360x255.jpg\" alt=\"Mujeres asturianas en la m\u00fasica\" width=\"360\" height=\"255\" \/><figcaption id=\"caption-attachment-1091883\" class=\"wp-caption-text\">Foto: Gobierno de Asturias<\/figcaption><\/figure>\n<p>La consejera asturiana de Educaci\u00f3n, Carmen Su\u00e1rez, ha clausurado la mesa redonda virtual Mujeres asturianas en la m\u00fasica. <strong>Desde el mes de noviembre, la consejer\u00eda est\u00e1 desarrollando un ciclo de mesas redondas virtuales bajo el hilo conductor de mujeres asturianas STEAM<\/strong>, para as\u00ed contribuir a promover la igualdad de oportunidades en todos los \u00e1mbitos del conocimiento.<\/p>\n<p>En esta ocasi\u00f3n ha presentado la mesa la directora General de Ordenaci\u00f3n, Evaluaci\u00f3n y Equidad Educativa, Paula Garc\u00eda; y la moderaci\u00f3n ha corrido a cargo de Ana Mar\u00eda Mateo, gerente de la Orquesta Sinf\u00f3nica del Principado de Asturias. El resto de participantes han sido Eva Tejedor, m\u00fasica tradicional asturiana; Julia Sariego, cantante l\u00edrica; Yolanda Vidal, pianista, y Raquel Rodr\u00edguez, compositora.<\/p>\n<p><em>La consejera ha agradecido el ejemplo de \u201cmujeres poderosas y creadoras\u201d que han facilitado al alumnado que ha asistido de manera telem\u00e1tica a la actividad<\/em>.<\/p>\n<p>Ha se\u00f1alado que \u201cla creaci\u00f3n es fundamentalmente exploraci\u00f3n\u201d y que ese es un proceso que es necesarios inculcar a las nuevas generaciones. Tambi\u00e9n les ha profesado su admiraci\u00f3n tanto por su trayectoria como por su profesionalidad y por demostrar \u201cque podemos llegar a donde queramos\u201d.<\/p>\n<p>&nbsp;<\/p>\n<p>&nbsp;<\/p>\n<p>&nbsp;<\/p>\n","protected":false},"excerpt":{"rendered":"<p>La consejera asturiana de Educaci\u00f3n, Carmen Su\u00e1rez, ha clausurado la mesa redonda virtual Mujeres asturianas en la m\u00fasica. Desde el mes de noviembre, la consejer\u00eda est\u00e1 desarrollando un ciclo de mesas redondas virtuales bajo el hilo conductor de mujeres asturianas STEAM, para as\u00ed contribuir a promover la igualdad de oportunidades en todos los \u00e1mbitos del [&hellip;]<\/p>\n","protected":false},"author":1,"featured_media":1132184,"comment_status":"closed","ping_status":"closed","sticky":false,"template":"","format":"standard","meta":{"footnotes":""},"categories":[12],"tags":[],"class_list":["post-1091882","post","type-post","status-publish","format-standard","has-post-thumbnail","hentry","category-actualidad-asturias"],"aioseo_notices":[],"aioseo_head":"\n\t\t<!-- All in One SEO Pro 5.0.1 - aioseo.com -->\n\t<meta name=\"description\" content=\"La consejera asturiana de Educaci\u00f3n, Carmen Su\u00e1rez, ha clausurado la mesa redonda virtual Mujeres asturianas en la m\u00fasica. Desde el mes de noviembre ..\" \/>\n\t<meta name=\"robots\" content=\"max-image-preview:large\" \/>\n\t<meta name=\"author\" content=\"El Digital de Asturias\"\/>\n\t<meta name=\"google-site-verification\" content=\"UA-38556648-1\" \/>\n\t<meta name=\"msvalidate.01\" content=\"7dfe9f3f1b24437ab69f4f2559babe99\" \/>\n\t<meta name=\"keywords\" content=\"actualidad asturias\" \/>\n\t<link rel=\"canonical\" href=\"https:\/\/www.eldigitaldeasturias.com\/noticias\/clausurada-la-mesa-redonda-virtual-mujeres-asturianas-en-la-musica\/\" \/>\n\t<meta name=\"generator\" content=\"All in One SEO Pro (AIOSEO) 5.0.1\" \/>\n\t\t<meta property=\"og:locale\" content=\"es_ES\" \/>\n\t\t<meta property=\"og:site_name\" content=\"El Digital de Asturias\" \/>\n\t\t<meta property=\"og:type\" content=\"article\" \/>\n\t\t<meta property=\"og:title\" content=\"Clausurada la mesa redonda virtual \u201cMujeres asturianas en la m\u00fasica\u201d - El Digital de Asturias\" \/>\n\t\t<meta property=\"og:description\" content=\"La consejera asturiana de Educaci\u00f3n, Carmen Su\u00e1rez, ha clausurado la mesa redonda virtual Mujeres asturianas en la m\u00fasica. Desde el mes de noviembre ..\" \/>\n\t\t<meta property=\"og:url\" content=\"https:\/\/www.eldigitaldeasturias.com\/noticias\/clausurada-la-mesa-redonda-virtual-mujeres-asturianas-en-la-musica\/\" \/>\n\t\t<meta property=\"og:image\" content=\"https:\/\/www.eldigitaldeasturias.com\/noticias\/wp-content\/uploads\/2026\/06\/Contenidos.jpg\" \/>\n\t\t<meta property=\"og:image:secure_url\" content=\"https:\/\/www.eldigitaldeasturias.com\/noticias\/wp-content\/uploads\/2026\/06\/Contenidos.jpg\" \/>\n\t\t<meta property=\"og:image:width\" content=\"1265\" \/>\n\t\t<meta property=\"og:image:height\" content=\"697\" \/>\n\t\t<meta property=\"article:tag\" content=\"actualidad asturias\" \/>\n\t\t<meta property=\"article:published_time\" content=\"2021-05-19T13:55:48+00:00\" \/>\n\t\t<meta property=\"article:modified_time\" content=\"2021-05-19T13:55:48+00:00\" \/>\n\t\t<meta property=\"article:publisher\" content=\"https:\/\/facebook.com\/eldigitaldeasturias\" \/>\n\t\t<meta name=\"twitter:card\" content=\"summary_large_image\" \/>\n\t\t<meta name=\"twitter:title\" content=\"Clausurada la mesa redonda virtual \u201cMujeres asturianas en la m\u00fasica\u201d - El Digital de Asturias\" \/>\n\t\t<meta name=\"twitter:description\" content=\"La consejera asturiana de Educaci\u00f3n, Carmen Su\u00e1rez, ha clausurado la mesa redonda virtual Mujeres asturianas en la m\u00fasica. Desde el mes de noviembre ..\" \/>\n\t\t<meta name=\"twitter:image\" content=\"https:\/\/www.eldigitaldeasturias.com\/noticias\/wp-content\/uploads\/2026\/06\/Contenidos.jpg\" \/>\n\t\t<meta name=\"twitter:label1\" content=\"Escrito por\" \/>\n\t\t<meta name=\"twitter:data1\" content=\"El Digital de Asturias\" \/>\n\t\t<meta name=\"twitter:label2\" content=\"Tiempo de lectura estimado\" \/>\n\t\t<meta name=\"twitter:data2\" content=\"1 minuto\" \/>\n\t\t<script type=\"application\/ld+json\" class=\"aioseo-schema\">\n\t\t\t{\"@context\":\"https:\\\/\\\/schema.org\",\"@graph\":[{\"@type\":\"BlogPosting\",\"@id\":\"https:\\\/\\\/www.eldigitaldeasturias.com\\\/noticias\\\/clausurada-la-mesa-redonda-virtual-mujeres-asturianas-en-la-musica\\\/#blogposting\",\"name\":\"Clausurada la mesa redonda virtual \\u201cMujeres asturianas en la m\\u00fasica\\u201d - El Digital de Asturias\",\"headline\":\"Clausurada la mesa redonda virtual \\u201cMujeres asturianas en la m\\u00fasica\\u201d\",\"author\":{\"@id\":\"https:\\\/\\\/www.eldigitaldeasturias.com\\\/noticias\\\/author\\\/admin\\\/#author\"},\"publisher\":{\"@id\":\"https:\\\/\\\/www.eldigitaldeasturias.com\\\/noticias\\\/#organization\"},\"image\":{\"@type\":\"ImageObject\",\"url\":\"https:\\\/\\\/www.eldigitaldeasturias.com\\\/noticias\\\/wp-content\\\/uploads\\\/2026\\\/06\\\/Contenidos.jpg\",\"width\":1265,\"height\":697,\"caption\":\"Contenidos\"},\"datePublished\":\"2021-05-19T14:55:48+02:00\",\"dateModified\":\"2021-05-19T14:55:48+02:00\",\"inLanguage\":\"es-ES\",\"mainEntityOfPage\":{\"@id\":\"https:\\\/\\\/www.eldigitaldeasturias.com\\\/noticias\\\/clausurada-la-mesa-redonda-virtual-mujeres-asturianas-en-la-musica\\\/#webpage\"},\"isPartOf\":{\"@id\":\"https:\\\/\\\/www.eldigitaldeasturias.com\\\/noticias\\\/clausurada-la-mesa-redonda-virtual-mujeres-asturianas-en-la-musica\\\/#webpage\"},\"articleSection\":\"Actualidad Asturias\"},{\"@type\":\"BreadcrumbList\",\"@id\":\"https:\\\/\\\/www.eldigitaldeasturias.com\\\/noticias\\\/clausurada-la-mesa-redonda-virtual-mujeres-asturianas-en-la-musica\\\/#breadcrumblist\",\"itemListElement\":[{\"@type\":\"ListItem\",\"@id\":\"https:\\\/\\\/www.eldigitaldeasturias.com\\\/noticias#listItem\",\"position\":1,\"name\":\"Home\",\"item\":\"https:\\\/\\\/www.eldigitaldeasturias.com\\\/noticias\",\"nextItem\":{\"@type\":\"ListItem\",\"@id\":\"https:\\\/\\\/www.eldigitaldeasturias.com\\\/noticias\\\/category\\\/actualidad-asturias\\\/#listItem\",\"name\":\"Actualidad Asturias\"}},{\"@type\":\"ListItem\",\"@id\":\"https:\\\/\\\/www.eldigitaldeasturias.com\\\/noticias\\\/category\\\/actualidad-asturias\\\/#listItem\",\"position\":2,\"name\":\"Actualidad Asturias\",\"item\":\"https:\\\/\\\/www.eldigitaldeasturias.com\\\/noticias\\\/category\\\/actualidad-asturias\\\/\",\"nextItem\":{\"@type\":\"ListItem\",\"@id\":\"https:\\\/\\\/www.eldigitaldeasturias.com\\\/noticias\\\/clausurada-la-mesa-redonda-virtual-mujeres-asturianas-en-la-musica\\\/#listItem\",\"name\":\"Clausurada la mesa redonda virtual \\u201cMujeres asturianas en la m\\u00fasica\\u201d\"},\"previousItem\":{\"@type\":\"ListItem\",\"@id\":\"https:\\\/\\\/www.eldigitaldeasturias.com\\\/noticias#listItem\",\"name\":\"Home\"}},{\"@type\":\"ListItem\",\"@id\":\"https:\\\/\\\/www.eldigitaldeasturias.com\\\/noticias\\\/clausurada-la-mesa-redonda-virtual-mujeres-asturianas-en-la-musica\\\/#listItem\",\"position\":3,\"name\":\"Clausurada la mesa redonda virtual \\u201cMujeres asturianas en la m\\u00fasica\\u201d\",\"previousItem\":{\"@type\":\"ListItem\",\"@id\":\"https:\\\/\\\/www.eldigitaldeasturias.com\\\/noticias\\\/category\\\/actualidad-asturias\\\/#listItem\",\"name\":\"Actualidad Asturias\"}}]},{\"@type\":\"Organization\",\"@id\":\"https:\\\/\\\/www.eldigitaldeasturias.com\\\/noticias\\\/#organization\",\"name\":\"El Digital de Asturias\",\"description\":\"Hemeroteca\",\"url\":\"https:\\\/\\\/www.eldigitaldeasturias.com\\\/noticias\\\/\",\"email\":\"info@eldigitaldeasturias.com\",\"telephone\":\"+34652131393\",\"logo\":{\"@type\":\"ImageObject\",\"url\":\"https:\\\/\\\/www.eldigitaldeasturias.com\\\/noticias\\\/wp-content\\\/uploads\\\/2020\\\/12\\\/EDA.jpg\",\"@id\":\"https:\\\/\\\/www.eldigitaldeasturias.com\\\/noticias\\\/clausurada-la-mesa-redonda-virtual-mujeres-asturianas-en-la-musica\\\/#organizationLogo\"},\"image\":{\"@id\":\"https:\\\/\\\/www.eldigitaldeasturias.com\\\/noticias\\\/clausurada-la-mesa-redonda-virtual-mujeres-asturianas-en-la-musica\\\/#organizationLogo\"},\"sameAs\":[\"https:\\\/\\\/facebook.com\\\/eldigitaldeasturias\",\"https:\\\/\\\/www.youtube.com\\\/channel\\\/UCZP-2wLEB9Rv6erhFmqVnvg\"],\"address\":{\"@id\":\"https:\\\/\\\/www.eldigitaldeasturias.com\\\/noticias\\\/#postaladdress\",\"@type\":\"PostalAddress\",\"streetAddress\":\"san antonio 4\",\"postalCode\":\"33430\",\"addressLocality\":\"Cand\\u00e1s\",\"addressRegion\":\"Asturias\",\"addressCountry\":\"ES\"}},{\"@type\":\"Person\",\"@id\":\"https:\\\/\\\/www.eldigitaldeasturias.com\\\/noticias\\\/author\\\/admin\\\/#author\",\"url\":\"https:\\\/\\\/www.eldigitaldeasturias.com\\\/noticias\\\/author\\\/admin\\\/\",\"name\":\"El Digital de Asturias\",\"image\":{\"@type\":\"ImageObject\",\"@id\":\"https:\\\/\\\/www.eldigitaldeasturias.com\\\/noticias\\\/clausurada-la-mesa-redonda-virtual-mujeres-asturianas-en-la-musica\\\/#authorImage\",\"url\":\"https:\\\/\\\/secure.gravatar.com\\\/avatar\\\/df2aeffc32bcd13f8d26072ef8a91b623d677766deac7f97ca815868cd41bf5e?s=96&d=mm&r=g\",\"width\":96,\"height\":96,\"caption\":\"El Digital de Asturias\"}},{\"@type\":\"WebPage\",\"@id\":\"https:\\\/\\\/www.eldigitaldeasturias.com\\\/noticias\\\/clausurada-la-mesa-redonda-virtual-mujeres-asturianas-en-la-musica\\\/#webpage\",\"url\":\"https:\\\/\\\/www.eldigitaldeasturias.com\\\/noticias\\\/clausurada-la-mesa-redonda-virtual-mujeres-asturianas-en-la-musica\\\/\",\"name\":\"Clausurada la mesa redonda virtual \\u201cMujeres asturianas en la m\\u00fasica\\u201d - El Digital de Asturias\",\"description\":\"La consejera asturiana de Educaci\\u00f3n, Carmen Su\\u00e1rez, ha clausurado la mesa redonda virtual Mujeres asturianas en la m\\u00fasica. Desde el mes de noviembre ..\",\"inLanguage\":\"es-ES\",\"isPartOf\":{\"@id\":\"https:\\\/\\\/www.eldigitaldeasturias.com\\\/noticias\\\/#website\"},\"breadcrumb\":{\"@id\":\"https:\\\/\\\/www.eldigitaldeasturias.com\\\/noticias\\\/clausurada-la-mesa-redonda-virtual-mujeres-asturianas-en-la-musica\\\/#breadcrumblist\"},\"author\":{\"@id\":\"https:\\\/\\\/www.eldigitaldeasturias.com\\\/noticias\\\/author\\\/admin\\\/#author\"},\"creator\":{\"@id\":\"https:\\\/\\\/www.eldigitaldeasturias.com\\\/noticias\\\/author\\\/admin\\\/#author\"},\"image\":{\"@type\":\"ImageObject\",\"url\":\"https:\\\/\\\/www.eldigitaldeasturias.com\\\/noticias\\\/wp-content\\\/uploads\\\/2026\\\/06\\\/Contenidos.jpg\",\"@id\":\"https:\\\/\\\/www.eldigitaldeasturias.com\\\/noticias\\\/clausurada-la-mesa-redonda-virtual-mujeres-asturianas-en-la-musica\\\/#mainImage\",\"width\":1265,\"height\":697,\"caption\":\"Contenidos\"},\"primaryImageOfPage\":{\"@id\":\"https:\\\/\\\/www.eldigitaldeasturias.com\\\/noticias\\\/clausurada-la-mesa-redonda-virtual-mujeres-asturianas-en-la-musica\\\/#mainImage\"},\"datePublished\":\"2021-05-19T14:55:48+02:00\",\"dateModified\":\"2021-05-19T14:55:48+02:00\"},{\"@type\":\"WebSite\",\"@id\":\"https:\\\/\\\/www.eldigitaldeasturias.com\\\/noticias\\\/#website\",\"url\":\"https:\\\/\\\/www.eldigitaldeasturias.com\\\/noticias\\\/\",\"name\":\"El Digital de Asturias - Diario de actualidad y noticias\",\"alternateName\":\"El Digital de Asturias - Diario de actualidad y noticias\",\"description\":\"Hemeroteca\",\"inLanguage\":\"es-ES\",\"publisher\":{\"@id\":\"https:\\\/\\\/www.eldigitaldeasturias.com\\\/noticias\\\/#organization\"}}]}\n\t\t<\/script>\n\t\t<!-- All in One SEO Pro -->\r\n\t\t<title>Clausurada la mesa redonda virtual \u201cMujeres asturianas en la m\u00fasica\u201d - El Digital de Asturias<\/title>\n\n","aioseo_head_json":{"title":"Clausurada la mesa redonda virtual \u201cMujeres asturianas en la m\u00fasica\u201d - El Digital de Asturias","description":"La consejera asturiana de Educaci\u00f3n, Carmen Su\u00e1rez, ha clausurado la mesa redonda virtual Mujeres asturianas en la m\u00fasica. Desde el mes de noviembre ..","canonical_url":"https:\/\/www.eldigitaldeasturias.com\/noticias\/clausurada-la-mesa-redonda-virtual-mujeres-asturianas-en-la-musica\/","robots":"max-image-preview:large","keywords":"actualidad asturias","webmasterTools":{"google-site-verification":"UA-38556648-1","msvalidate.01":"7dfe9f3f1b24437ab69f4f2559babe99","miscellaneous":""},"schema":{"@context":"https:\/\/schema.org","@graph":[{"@type":"BlogPosting","@id":"https:\/\/www.eldigitaldeasturias.com\/noticias\/clausurada-la-mesa-redonda-virtual-mujeres-asturianas-en-la-musica\/#blogposting","name":"Clausurada la mesa redonda virtual \u201cMujeres asturianas en la m\u00fasica\u201d - El Digital de Asturias","headline":"Clausurada la mesa redonda virtual \u201cMujeres asturianas en la m\u00fasica\u201d","author":{"@id":"https:\/\/www.eldigitaldeasturias.com\/noticias\/author\/admin\/#author"},"publisher":{"@id":"https:\/\/www.eldigitaldeasturias.com\/noticias\/#organization"},"image":{"@type":"ImageObject","url":"https:\/\/www.eldigitaldeasturias.com\/noticias\/wp-content\/uploads\/2026\/06\/Contenidos.jpg","width":1265,"height":697,"caption":"Contenidos"},"datePublished":"2021-05-19T14:55:48+02:00","dateModified":"2021-05-19T14:55:48+02:00","inLanguage":"es-ES","mainEntityOfPage":{"@id":"https:\/\/www.eldigitaldeasturias.com\/noticias\/clausurada-la-mesa-redonda-virtual-mujeres-asturianas-en-la-musica\/#webpage"},"isPartOf":{"@id":"https:\/\/www.eldigitaldeasturias.com\/noticias\/clausurada-la-mesa-redonda-virtual-mujeres-asturianas-en-la-musica\/#webpage"},"articleSection":"Actualidad Asturias"},{"@type":"BreadcrumbList","@id":"https:\/\/www.eldigitaldeasturias.com\/noticias\/clausurada-la-mesa-redonda-virtual-mujeres-asturianas-en-la-musica\/#breadcrumblist","itemListElement":[{"@type":"ListItem","@id":"https:\/\/www.eldigitaldeasturias.com\/noticias#listItem","position":1,"name":"Home","item":"https:\/\/www.eldigitaldeasturias.com\/noticias","nextItem":{"@type":"ListItem","@id":"https:\/\/www.eldigitaldeasturias.com\/noticias\/category\/actualidad-asturias\/#listItem","name":"Actualidad Asturias"}},{"@type":"ListItem","@id":"https:\/\/www.eldigitaldeasturias.com\/noticias\/category\/actualidad-asturias\/#listItem","position":2,"name":"Actualidad Asturias","item":"https:\/\/www.eldigitaldeasturias.com\/noticias\/category\/actualidad-asturias\/","nextItem":{"@type":"ListItem","@id":"https:\/\/www.eldigitaldeasturias.com\/noticias\/clausurada-la-mesa-redonda-virtual-mujeres-asturianas-en-la-musica\/#listItem","name":"Clausurada la mesa redonda virtual \u201cMujeres asturianas en la m\u00fasica\u201d"},"previousItem":{"@type":"ListItem","@id":"https:\/\/www.eldigitaldeasturias.com\/noticias#listItem","name":"Home"}},{"@type":"ListItem","@id":"https:\/\/www.eldigitaldeasturias.com\/noticias\/clausurada-la-mesa-redonda-virtual-mujeres-asturianas-en-la-musica\/#listItem","position":3,"name":"Clausurada la mesa redonda virtual \u201cMujeres asturianas en la m\u00fasica\u201d","previousItem":{"@type":"ListItem","@id":"https:\/\/www.eldigitaldeasturias.com\/noticias\/category\/actualidad-asturias\/#listItem","name":"Actualidad Asturias"}}]},{"@type":"Organization","@id":"https:\/\/www.eldigitaldeasturias.com\/noticias\/#organization","name":"El Digital de Asturias","description":"Hemeroteca","url":"https:\/\/www.eldigitaldeasturias.com\/noticias\/","email":"info@eldigitaldeasturias.com","telephone":"+34652131393","logo":{"@type":"ImageObject","url":"https:\/\/www.eldigitaldeasturias.com\/noticias\/wp-content\/uploads\/2020\/12\/EDA.jpg","@id":"https:\/\/www.eldigitaldeasturias.com\/noticias\/clausurada-la-mesa-redonda-virtual-mujeres-asturianas-en-la-musica\/#organizationLogo"},"image":{"@id":"https:\/\/www.eldigitaldeasturias.com\/noticias\/clausurada-la-mesa-redonda-virtual-mujeres-asturianas-en-la-musica\/#organizationLogo"},"sameAs":["https:\/\/facebook.com\/eldigitaldeasturias","https:\/\/www.youtube.com\/channel\/UCZP-2wLEB9Rv6erhFmqVnvg"],"address":{"@id":"https:\/\/www.eldigitaldeasturias.com\/noticias\/#postaladdress","@type":"PostalAddress","streetAddress":"san antonio 4","postalCode":"33430","addressLocality":"Cand\u00e1s","addressRegion":"Asturias","addressCountry":"ES"}},{"@type":"Person","@id":"https:\/\/www.eldigitaldeasturias.com\/noticias\/author\/admin\/#author","url":"https:\/\/www.eldigitaldeasturias.com\/noticias\/author\/admin\/","name":"El Digital de Asturias","image":{"@type":"ImageObject","@id":"https:\/\/www.eldigitaldeasturias.com\/noticias\/clausurada-la-mesa-redonda-virtual-mujeres-asturianas-en-la-musica\/#authorImage","url":"https:\/\/secure.gravatar.com\/avatar\/df2aeffc32bcd13f8d26072ef8a91b623d677766deac7f97ca815868cd41bf5e?s=96&d=mm&r=g","width":96,"height":96,"caption":"El Digital de Asturias"}},{"@type":"WebPage","@id":"https:\/\/www.eldigitaldeasturias.com\/noticias\/clausurada-la-mesa-redonda-virtual-mujeres-asturianas-en-la-musica\/#webpage","url":"https:\/\/www.eldigitaldeasturias.com\/noticias\/clausurada-la-mesa-redonda-virtual-mujeres-asturianas-en-la-musica\/","name":"Clausurada la mesa redonda virtual \u201cMujeres asturianas en la m\u00fasica\u201d - El Digital de Asturias","description":"La consejera asturiana de Educaci\u00f3n, Carmen Su\u00e1rez, ha clausurado la mesa redonda virtual Mujeres asturianas en la m\u00fasica. Desde el mes de noviembre ..","inLanguage":"es-ES","isPartOf":{"@id":"https:\/\/www.eldigitaldeasturias.com\/noticias\/#website"},"breadcrumb":{"@id":"https:\/\/www.eldigitaldeasturias.com\/noticias\/clausurada-la-mesa-redonda-virtual-mujeres-asturianas-en-la-musica\/#breadcrumblist"},"author":{"@id":"https:\/\/www.eldigitaldeasturias.com\/noticias\/author\/admin\/#author"},"creator":{"@id":"https:\/\/www.eldigitaldeasturias.com\/noticias\/author\/admin\/#author"},"image":{"@type":"ImageObject","url":"https:\/\/www.eldigitaldeasturias.com\/noticias\/wp-content\/uploads\/2026\/06\/Contenidos.jpg","@id":"https:\/\/www.eldigitaldeasturias.com\/noticias\/clausurada-la-mesa-redonda-virtual-mujeres-asturianas-en-la-musica\/#mainImage","width":1265,"height":697,"caption":"Contenidos"},"primaryImageOfPage":{"@id":"https:\/\/www.eldigitaldeasturias.com\/noticias\/clausurada-la-mesa-redonda-virtual-mujeres-asturianas-en-la-musica\/#mainImage"},"datePublished":"2021-05-19T14:55:48+02:00","dateModified":"2021-05-19T14:55:48+02:00"},{"@type":"WebSite","@id":"https:\/\/www.eldigitaldeasturias.com\/noticias\/#website","url":"https:\/\/www.eldigitaldeasturias.com\/noticias\/","name":"El Digital de Asturias - Diario de actualidad y noticias","alternateName":"El Digital de Asturias - Diario de actualidad y noticias","description":"Hemeroteca","inLanguage":"es-ES","publisher":{"@id":"https:\/\/www.eldigitaldeasturias.com\/noticias\/#organization"}}]},"og:locale":"es_ES","og:site_name":"El Digital de Asturias","og:type":"article","og:title":"Clausurada la mesa redonda virtual \u201cMujeres asturianas en la m\u00fasica\u201d - El Digital de Asturias","og:description":"La consejera asturiana de Educaci\u00f3n, Carmen Su\u00e1rez, ha clausurado la mesa redonda virtual Mujeres asturianas en la m\u00fasica. Desde el mes de noviembre ..","og:url":"https:\/\/www.eldigitaldeasturias.com\/noticias\/clausurada-la-mesa-redonda-virtual-mujeres-asturianas-en-la-musica\/","og:image":"https:\/\/www.eldigitaldeasturias.com\/noticias\/wp-content\/uploads\/2026\/06\/Contenidos.jpg","og:image:secure_url":"https:\/\/www.eldigitaldeasturias.com\/noticias\/wp-content\/uploads\/2026\/06\/Contenidos.jpg","og:image:width":1265,"og:image:height":697,"article:tag":["actualidad asturias"],"article:published_time":"2021-05-19T13:55:48+00:00","article:modified_time":"2021-05-19T13:55:48+00:00","article:publisher":"https:\/\/facebook.com\/eldigitaldeasturias","twitter:card":"summary_large_image","twitter:title":"Clausurada la mesa redonda virtual \u201cMujeres asturianas en la m\u00fasica\u201d - El Digital de Asturias","twitter:description":"La consejera asturiana de Educaci\u00f3n, Carmen Su\u00e1rez, ha clausurado la mesa redonda virtual Mujeres asturianas en la m\u00fasica. Desde el mes de noviembre ..","twitter:image":"https:\/\/www.eldigitaldeasturias.com\/noticias\/wp-content\/uploads\/2026\/06\/Contenidos.jpg","twitter:label1":"Escrito por","twitter:data1":"El Digital de Asturias","twitter:label2":"Tiempo de lectura estimado","twitter:data2":"1 minuto"},"aioseo_meta_data":{"post_id":"1091882","title":null,"description":"La consejera asturiana de Educaci\u00f3n, Carmen Su\u00e1rez, ha clausurado la mesa redonda virtual Mujeres asturianas en la m\u00fasica. Desde el mes de noviembre ..","keywords":[],"keyphrases":{"focus":[],"additional":[]},"primary_term":null,"canonical_url":null,"og_title":null,"og_description":null,"og_object_type":"default","og_image_type":"default","og_image_url":null,"og_image_width":null,"og_image_height":null,"og_image_custom_url":null,"og_image_custom_fields":null,"og_video":"","og_custom_url":null,"og_article_section":null,"og_article_tags":[],"twitter_use_og":false,"twitter_card":"default","twitter_image_type":"default","twitter_image_url":null,"twitter_image_custom_url":null,"twitter_image_custom_fields":null,"twitter_title":null,"twitter_description":null,"schema":{"blockGraphs":[],"customGraphs":[],"default":{"data":{"Article":[],"Course":[],"Dataset":[],"FAQPage":[],"Movie":[],"Person":[],"Product":[],"ProductReview":[],"Car":[],"Recipe":[],"Service":[],"SoftwareApplication":[],"WebPage":[]},"graphName":"","isEnabled":true},"graphs":[],"defaultGraph":"Article","defaultPostTypeGraph":""},"schema_type":"default","schema_type_options":"{\"article\":{\"articleType\":\"BlogPosting\"},\"course\":{\"name\":\"\",\"description\":\"\",\"provider\":\"\"},\"faq\":{\"pages\":[]},\"product\":{\"reviews\":[]},\"recipe\":{\"ingredients\":[],\"instructions\":[],\"keywords\":[]},\"software\":{\"reviews\":[],\"operatingSystems\":[]},\"webPage\":{\"webPageType\":\"WebPage\"}}","pillar_content":false,"robots_default":true,"robots_noindex":false,"robots_noarchive":false,"robots_nosnippet":false,"robots_nofollow":false,"robots_noimageindex":false,"robots_noodp":false,"robots_notranslate":false,"robots_max_snippet":"-1","robots_max_videopreview":"-1","robots_max_imagepreview":"large","priority":null,"frequency":"default","local_seo":{"locations":{"business":{"name":"","businessType":"","image":"","areaServed":"","urls":{"website":"","aboutPage":"","contactPage":""},"address":{"streetLine1":"","streetLine2":"","zipCode":"","city":"","state":"","country":"","addressFormat":"#streetLineOne\n#streetLineTwo\n#city, #state #zipCode"},"contact":{"email":"","phone":"","phoneFormatted":"","fax":"","faxFormatted":""},"ids":{"vat":"","tax":"","chamberOfCommerce":""},"payment":{"priceRange":"","currenciesAccepted":"","methods":""}}},"openingHours":{"useDefaults":true,"show":true,"alwaysOpen":false,"use24hFormat":false,"timezone":"","labels":{"closed":"","alwaysOpen":""},"days":{"monday":{"open24h":false,"closed":false,"openTime":"09:00","closeTime":"17:00"},"tuesday":{"open24h":false,"closed":false,"openTime":"09:00","closeTime":"17:00"},"wednesday":{"open24h":false,"closed":false,"openTime":"09:00","closeTime":"17:00"},"thursday":{"open24h":false,"closed":false,"openTime":"09:00","closeTime":"17:00"},"friday":{"open24h":false,"closed":false,"openTime":"09:00","closeTime":"17:00"},"saturday":{"open24h":false,"closed":false,"openTime":"09:00","closeTime":"17:00"},"sunday":{"open24h":false,"closed":false,"openTime":"09:00","closeTime":"17:00"}}}},"seo_analyzer_scan_date":"2026-07-18 00:08:24","breadcrumb_settings":null,"limit_modified_date":false,"open_ai":null,"ai":null,"created":"2021-05-19 13:50:07","updated":"2026-07-18 00:08:24","focus_keyword":null,"additional_keywords":null,"truseo_locale":null},"aioseo_breadcrumb":"<div class=\"aioseo-breadcrumbs\"><span class=\"aioseo-breadcrumb\">\n\t<a href=\"https:\/\/www.eldigitaldeasturias.com\/noticias\" title=\"Home\">Home<\/a>\n<\/span><span class=\"aioseo-breadcrumb-separator\">\u2013<\/span><span class=\"aioseo-breadcrumb\">\n\t<a href=\"https:\/\/www.eldigitaldeasturias.com\/noticias\/category\/actualidad-asturias\/\" title=\"Actualidad Asturias\">Actualidad Asturias<\/a>\n<\/span><span class=\"aioseo-breadcrumb-separator\">\u2013<\/span><span class=\"aioseo-breadcrumb\">\n\t<a href=\"https:\/\/www.eldigitaldeasturias.com\/noticias\/clausurada-la-mesa-redonda-virtual-mujeres-asturianas-en-la-musica\/\" title=\"Clausurada la mesa redonda virtual \u201cMujeres asturianas en la m\u00fasica\u201d\">Clausurada la mesa redonda virtual \u201cMujeres asturianas en la m\u00fasica\u201d<\/a>\n<\/span><\/div>","aioseo_breadcrumb_json":[{"label":"Home","link":"https:\/\/www.eldigitaldeasturias.com\/noticias"},{"label":"Actualidad Asturias","link":"https:\/\/www.eldigitaldeasturias.com\/noticias\/category\/actualidad-asturias\/"},{"label":"Clausurada la mesa redonda virtual \u201cMujeres asturianas en la m\u00fasica\u201d","link":"https:\/\/www.eldigitaldeasturias.com\/noticias\/clausurada-la-mesa-redonda-virtual-mujeres-asturianas-en-la-musica\/"}],"_links":{"self":[{"href":"https:\/\/www.eldigitaldeasturias.com\/noticias\/wp-json\/wp\/v2\/posts\/1091882","targetHints":{"allow":["GET"]}}],"collection":[{"href":"https:\/\/www.eldigitaldeasturias.com\/noticias\/wp-json\/wp\/v2\/posts"}],"about":[{"href":"https:\/\/www.eldigitaldeasturias.com\/noticias\/wp-json\/wp\/v2\/types\/post"}],"author":[{"embeddable":true,"href":"https:\/\/www.eldigitaldeasturias.com\/noticias\/wp-json\/wp\/v2\/users\/1"}],"replies":[{"embeddable":true,"href":"https:\/\/www.eldigitaldeasturias.com\/noticias\/wp-json\/wp\/v2\/comments?post=1091882"}],"version-history":[{"count":0,"href":"https:\/\/www.eldigitaldeasturias.com\/noticias\/wp-json\/wp\/v2\/posts\/1091882\/revisions"}],"wp:featuredmedia":[{"embeddable":true,"href":"https:\/\/www.eldigitaldeasturias.com\/noticias\/wp-json\/wp\/v2\/media\/1132184"}],"wp:attachment":[{"href":"https:\/\/www.eldigitaldeasturias.com\/noticias\/wp-json\/wp\/v2\/media?parent=1091882"}],"wp:term":[{"taxonomy":"category","embeddable":true,"href":"https:\/\/www.eldigitaldeasturias.com\/noticias\/wp-json\/wp\/v2\/categories?post=1091882"},{"taxonomy":"post_tag","embeddable":true,"href":"https:\/\/www.eldigitaldeasturias.com\/noticias\/wp-json\/wp\/v2\/tags?post=1091882"}],"curies":[{"name":"wp","href":"https:\/\/api.w.org\/{rel}","templated":true}]}}