{"id":1091880,"date":"2021-05-19T14:48:01","date_gmt":"2021-05-19T13:48:01","guid":{"rendered":"https:\/\/www.eldigitaldeasturias.com\/noticias\/?p=1091880"},"modified":"2021-05-19T14:48:01","modified_gmt":"2021-05-19T13:48:01","slug":"ignacio-blanco-los-voluntarios-de-proteccion-civil-son-personal-en-primera-linea","status":"publish","type":"post","link":"https:\/\/www.eldigitaldeasturias.com\/noticias\/ignacio-blanco-los-voluntarios-de-proteccion-civil-son-personal-en-primera-linea\/","title":{"rendered":"Ignacio Blanco: Los voluntarios de Protecci\u00f3n Civil son personal en primera l\u00ednea"},"content":{"rendered":"<p><img loading=\"lazy\" decoding=\"async\" class=\"alignleft size-medium wp-image-1091126\" src=\"https:\/\/www.eldigitaldeasturias.com\/noticias\/wp-content\/uploads\/2021\/05\/Ignacio-Blanco-VOX-Asturias-360x203.jpg\" alt=\"Ignacio Blanco - VOX Asturias\" width=\"360\" height=\"203\" \/>El portavoz de VOX Asturias en la Junta General del Principado, Ignacio Blanco, ha interpelado en sesi\u00f3n plenaria al consejo de Gobierno para conocer los motivos cient\u00edficos por los que el Principado no ha incluido a los voluntarios de Protecci\u00f3n Civil en el proceso de vacunaci\u00f3n contra el COVID-19, tal y como denunci\u00f3 el Grupo Parlamentario la semana pasada. \u201cNos sorprende y nos congratula que ahora el consejero de Salud rectifique a la Consejer\u00eda de Presidencia y confirme que est\u00e1n incluidos en el grupo 6A cuando la propia consejera de Presidencia de la que depende el colectivo -y la que echo en falta su presencia en el pleno para que hoy contestara a la pregunta- se haya comprometido hasta en tres ocasiones a vacunar a los voluntarios, desde el mes de febrero, si haberlo hecho a\u00fan\u201d. \u201cEsperemos que esta sea la definitiva y el consejero de Salud no nos mienta en sede parlamentaria\u201d, se\u00f1ala el portavoz que, en cualquier caso, y tras explicar que desde VOX celebraremos que, tras nuestra interpelaci\u00f3n, el Gobierno asturiano comience a vacunar a los voluntarios de Protecci\u00f3n Civil, tal y como ped\u00edamos la semana pasada, ha planteado al consejero de Salud varias preguntas: Si, como dice, est\u00e1n incluidos en el grupo 6A, \u00bfest\u00e1n vacun\u00e1ndose ya a los voluntarios? \u00bfCu\u00e1ntos se vacunaron el lunes y cu\u00e1ntos hoy? \u00bfQu\u00e9 calendario y qu\u00e9 cronolog\u00eda tienen para que est\u00e9n vacunados esta misma semana?<\/p>\n<p>Y es que, explica el portavoz, los voluntarios de Protecci\u00f3n Civil, del que forman parte en torno a 750 personas, son personal en primera l\u00ednea frente a la pandemia ya, entre otras labores, han realizado o realizan traslados a enfermeros para administrar vacunas a domicilio, coordinan los grandes espacios de vacunaci\u00f3n junto a la polic\u00eda y los sanitarios, y entregaron en los peores momentos de la pandemia v\u00edveres a los casos positivos de COVID-19 que permanecen aislados en sus viviendas. \u201cSin embargo, -ha recordado Ignacio Blanco-, a los 750 voluntarios de Protecci\u00f3n Civil, y tras las quejas de los voluntarios, el 21 de abril se les traslada que por orden de la consejer\u00eda de Presidencia se les hab\u00eda incluido definitivamente en el grupo 6A, y se iniciar\u00eda su vacunaci\u00f3n de manera inmediata para, a los pocos d\u00edas se comunica a la agrupaci\u00f3n de Voluntarios de Llanera, que no ser\u00e1n vacunados, y que se deben ce\u00f1ir por los criterios de la edad\u201d.<\/p>\n<p>Es m\u00e1s, se\u00f1ala el portavoz, pese al anuncio del consejero de Salud, hasta ahora se ha vacunado a los profesionales de Protecci\u00f3n Civil y no a los voluntarios. \u201c\u00bfPor qu\u00e9 se vacuna si uno cobra un sueldo, es decir, es profesional y si no cobra sueldo no se le vacuna haciendo la misma labor? \u00bfQu\u00e9 criterio cient\u00edfico es ese? \u00bfPor qu\u00e9 se ha vacunado en el Ayuntamiento de Mieres, Cudillero y Navia, que son s\u00f3lo 30 voluntarios, pero se han dejado sin vacunar a todos los dem\u00e1s? \u00bfQu\u00e9 criterios cient\u00edficos son los que deciden en Asturias que personal que est\u00e1 en primera l\u00ednea en la lucha frente a la pandemia no haya sido a\u00fan vacunado? Es surrealista. \u00bfEs razonable vacunar a los liberados sindicales, la mayor\u00eda de los cuales no se han incorporado a su trabajo durante la pandemia y dejar sin vacunar a los voluntarios de protecci\u00f3n civil que han estado al pie del ca\u00f1\u00f3n?\u201d<\/p>\n<p>A juicio de Ignacio Blanco, lo que ocurre en Asturias se debe \u201cm\u00e1s de criterios pol\u00edticos que de criterios sanitarios\u201d, m\u00e1xime, cuando adem\u00e1s, se da la paradoja de que \u201ctodo el pa\u00eds se est\u00e1 dando cuenta del error que existe en la Estrategia Nacional de Vacunaci\u00f3n, y est\u00e1n actuando de manera l\u00f3gica y responsable no solo para este colectivo, sino para toda la poblaci\u00f3n, vacunando a los voluntarios. Como es el caso de Cantabria, Madrid o Galicia, ya vacunados\u201d.<\/p>\n<p>Entre otras, ha recordado que el partido socialista de la Regi\u00f3n de Murcia reconoce el error de la Estrategia Nacional de Vacunaci\u00f3n y su diputado Fernando Moreno se\u00f1ala que Salud P\u00fablica est\u00e1 llevando a cabo una interpretaci\u00f3n literal del protocolo: \u2018En el protocolo cometieron un error. Cuando lo redactaron incluyeron a profesionales de Protecci\u00f3n civil. Autom\u00e1ticamente eso ha dejado a los voluntarios fuera\u2019, recuerda Blanco las palabras del diputado socialista. Tambi\u00e9n lo afirma el portavoz del grupo parlamentario socialista de la Comisi\u00f3n de Sanidad y Pol\u00edtica Social de Murcia, Jos\u00e9 Antonio Pe\u00f1alver, que asegura que vacunar a los voluntarios \u2018por grupos de edad, como si fueran ciudadanos sin profesiones de riesgo es un error que se debe de subsanar desde la Consejer\u00eda de Salud de manera inmediata\u2019; o en Burgos, la concejal de Salud del partido socialista, exige a la Junta la vacunaci\u00f3n inmediata de los voluntarios de Protecci\u00f3n civil. \u201cNo lo dice VOX, lo dice su partido, consejero\u201d.<\/p>\n<p>Por todo ello, el portavoz del Grupo Parlamentario VOX, ha insistido en que se vacune de manera \u201cinmediata\u201d a todos los voluntarios del servicios de Protecci\u00f3n Civil, porque, entre otras cuestiones, ha explicado al consejero de Salud, no se est\u00e1n prestando servicios de Protecci\u00f3n Civil, porque es personal que est\u00e1 en primera l\u00ednea y sin vacunar y ha alertado que, de no llevarse a efecto la vacunaci\u00f3n, \u201clas pruebas en educaci\u00f3n corren peligro, pues se ha solicitado la ayuda de los voluntarios para colaborar en la organizaci\u00f3n, pero hasta que est\u00e9n vacunados no lo har\u00e1n\u201d, concluye el portavoz.<\/p>\n<p>&nbsp;<\/p>\n","protected":false},"excerpt":{"rendered":"<p>El portavoz de VOX Asturias en la Junta General del Principado, Ignacio Blanco, ha interpelado en sesi\u00f3n plenaria al consejo de Gobierno para conocer los motivos cient\u00edficos por los que el Principado no ha incluido a los voluntarios de Protecci\u00f3n Civil en el proceso de vacunaci\u00f3n contra el COVID-19, tal y como denunci\u00f3 el Grupo [&hellip;]<\/p>\n","protected":false},"author":1,"featured_media":1132184,"comment_status":"closed","ping_status":"closed","sticky":false,"template":"","format":"standard","meta":{"footnotes":""},"categories":[12],"tags":[],"class_list":["post-1091880","post","type-post","status-publish","format-standard","has-post-thumbnail","hentry","category-actualidad-asturias"],"aioseo_notices":[],"aioseo_head":"\n\t\t<!-- All in One SEO Pro 5.0.1 - aioseo.com -->\n\t<meta name=\"description\" content=\"El portavoz de VOX Asturias en la Junta General del Principado, Ignacio Blanco, ha interpelado en sesi\u00f3n plenaria al consejo de Gobierno para conocer los ..\" \/>\n\t<meta name=\"robots\" content=\"max-image-preview:large\" \/>\n\t<meta name=\"author\" content=\"El Digital de Asturias\"\/>\n\t<meta name=\"google-site-verification\" content=\"UA-38556648-1\" \/>\n\t<meta name=\"msvalidate.01\" content=\"7dfe9f3f1b24437ab69f4f2559babe99\" \/>\n\t<meta name=\"keywords\" content=\"principado,vox asturias,actualidad asturias\" \/>\n\t<link rel=\"canonical\" href=\"https:\/\/www.eldigitaldeasturias.com\/noticias\/ignacio-blanco-los-voluntarios-de-proteccion-civil-son-personal-en-primera-linea\/\" \/>\n\t<meta name=\"generator\" content=\"All in One SEO Pro (AIOSEO) 5.0.1\" \/>\n\t\t<meta property=\"og:locale\" content=\"es_ES\" \/>\n\t\t<meta property=\"og:site_name\" content=\"El Digital de Asturias\" \/>\n\t\t<meta property=\"og:type\" content=\"article\" \/>\n\t\t<meta property=\"og:title\" content=\"Ignacio Blanco: Los voluntarios de Protecci\u00f3n Civil son personal en primera l\u00ednea - El Digital de Asturias\" \/>\n\t\t<meta property=\"og:description\" content=\"El portavoz de VOX Asturias en la Junta General del Principado, Ignacio Blanco, ha interpelado en sesi\u00f3n plenaria al consejo de Gobierno para conocer los ..\" \/>\n\t\t<meta property=\"og:url\" content=\"https:\/\/www.eldigitaldeasturias.com\/noticias\/ignacio-blanco-los-voluntarios-de-proteccion-civil-son-personal-en-primera-linea\/\" \/>\n\t\t<meta property=\"og:image\" content=\"https:\/\/www.eldigitaldeasturias.com\/noticias\/wp-content\/uploads\/2026\/06\/Contenidos.jpg\" \/>\n\t\t<meta property=\"og:image:secure_url\" content=\"https:\/\/www.eldigitaldeasturias.com\/noticias\/wp-content\/uploads\/2026\/06\/Contenidos.jpg\" \/>\n\t\t<meta property=\"og:image:width\" content=\"1265\" \/>\n\t\t<meta property=\"og:image:height\" content=\"697\" \/>\n\t\t<meta property=\"article:tag\" content=\"principado\" \/>\n\t\t<meta property=\"article:tag\" content=\"vox asturias\" \/>\n\t\t<meta property=\"article:tag\" content=\"actualidad asturias\" \/>\n\t\t<meta property=\"article:published_time\" content=\"2021-05-19T13:48:01+00:00\" \/>\n\t\t<meta property=\"article:modified_time\" content=\"2021-05-19T13:48:01+00:00\" \/>\n\t\t<meta property=\"article:publisher\" content=\"https:\/\/facebook.com\/eldigitaldeasturias\" \/>\n\t\t<meta name=\"twitter:card\" content=\"summary_large_image\" \/>\n\t\t<meta name=\"twitter:title\" content=\"Ignacio Blanco: Los voluntarios de Protecci\u00f3n Civil son personal en primera l\u00ednea - El Digital de Asturias\" \/>\n\t\t<meta name=\"twitter:description\" content=\"El portavoz de VOX Asturias en la Junta General del Principado, Ignacio Blanco, ha interpelado en sesi\u00f3n plenaria al consejo de Gobierno para conocer los ..\" \/>\n\t\t<meta name=\"twitter:image\" content=\"https:\/\/www.eldigitaldeasturias.com\/noticias\/wp-content\/uploads\/2026\/06\/Contenidos.jpg\" \/>\n\t\t<meta name=\"twitter:label1\" content=\"Escrito por\" \/>\n\t\t<meta name=\"twitter:data1\" content=\"El Digital de Asturias\" \/>\n\t\t<meta name=\"twitter:label2\" content=\"Tiempo de lectura estimado\" \/>\n\t\t<meta name=\"twitter:data2\" content=\"5 minutos\" \/>\n\t\t<script type=\"application\/ld+json\" class=\"aioseo-schema\">\n\t\t\t{\"@context\":\"https:\\\/\\\/schema.org\",\"@graph\":[{\"@type\":\"BlogPosting\",\"@id\":\"https:\\\/\\\/www.eldigitaldeasturias.com\\\/noticias\\\/ignacio-blanco-los-voluntarios-de-proteccion-civil-son-personal-en-primera-linea\\\/#blogposting\",\"name\":\"Ignacio Blanco: Los voluntarios de Protecci\\u00f3n Civil son personal en primera l\\u00ednea - El Digital de Asturias\",\"headline\":\"Ignacio Blanco: Los voluntarios de Protecci\\u00f3n Civil son personal en primera l\\u00ednea\",\"author\":{\"@id\":\"https:\\\/\\\/www.eldigitaldeasturias.com\\\/noticias\\\/author\\\/admin\\\/#author\"},\"publisher\":{\"@id\":\"https:\\\/\\\/www.eldigitaldeasturias.com\\\/noticias\\\/#organization\"},\"image\":{\"@type\":\"ImageObject\",\"url\":\"https:\\\/\\\/www.eldigitaldeasturias.com\\\/noticias\\\/wp-content\\\/uploads\\\/2026\\\/06\\\/Contenidos.jpg\",\"width\":1265,\"height\":697,\"caption\":\"Contenidos\"},\"datePublished\":\"2021-05-19T14:48:01+02:00\",\"dateModified\":\"2021-05-19T14:48:01+02:00\",\"inLanguage\":\"es-ES\",\"mainEntityOfPage\":{\"@id\":\"https:\\\/\\\/www.eldigitaldeasturias.com\\\/noticias\\\/ignacio-blanco-los-voluntarios-de-proteccion-civil-son-personal-en-primera-linea\\\/#webpage\"},\"isPartOf\":{\"@id\":\"https:\\\/\\\/www.eldigitaldeasturias.com\\\/noticias\\\/ignacio-blanco-los-voluntarios-de-proteccion-civil-son-personal-en-primera-linea\\\/#webpage\"},\"articleSection\":\"Actualidad Asturias\"},{\"@type\":\"BreadcrumbList\",\"@id\":\"https:\\\/\\\/www.eldigitaldeasturias.com\\\/noticias\\\/ignacio-blanco-los-voluntarios-de-proteccion-civil-son-personal-en-primera-linea\\\/#breadcrumblist\",\"itemListElement\":[{\"@type\":\"ListItem\",\"@id\":\"https:\\\/\\\/www.eldigitaldeasturias.com\\\/noticias#listItem\",\"position\":1,\"name\":\"Home\",\"item\":\"https:\\\/\\\/www.eldigitaldeasturias.com\\\/noticias\",\"nextItem\":{\"@type\":\"ListItem\",\"@id\":\"https:\\\/\\\/www.eldigitaldeasturias.com\\\/noticias\\\/category\\\/actualidad-asturias\\\/#listItem\",\"name\":\"Actualidad Asturias\"}},{\"@type\":\"ListItem\",\"@id\":\"https:\\\/\\\/www.eldigitaldeasturias.com\\\/noticias\\\/category\\\/actualidad-asturias\\\/#listItem\",\"position\":2,\"name\":\"Actualidad Asturias\",\"item\":\"https:\\\/\\\/www.eldigitaldeasturias.com\\\/noticias\\\/category\\\/actualidad-asturias\\\/\",\"nextItem\":{\"@type\":\"ListItem\",\"@id\":\"https:\\\/\\\/www.eldigitaldeasturias.com\\\/noticias\\\/ignacio-blanco-los-voluntarios-de-proteccion-civil-son-personal-en-primera-linea\\\/#listItem\",\"name\":\"Ignacio Blanco: Los voluntarios de Protecci\\u00f3n Civil son personal en primera l\\u00ednea\"},\"previousItem\":{\"@type\":\"ListItem\",\"@id\":\"https:\\\/\\\/www.eldigitaldeasturias.com\\\/noticias#listItem\",\"name\":\"Home\"}},{\"@type\":\"ListItem\",\"@id\":\"https:\\\/\\\/www.eldigitaldeasturias.com\\\/noticias\\\/ignacio-blanco-los-voluntarios-de-proteccion-civil-son-personal-en-primera-linea\\\/#listItem\",\"position\":3,\"name\":\"Ignacio Blanco: Los voluntarios de Protecci\\u00f3n Civil son personal en primera l\\u00ednea\",\"previousItem\":{\"@type\":\"ListItem\",\"@id\":\"https:\\\/\\\/www.eldigitaldeasturias.com\\\/noticias\\\/category\\\/actualidad-asturias\\\/#listItem\",\"name\":\"Actualidad Asturias\"}}]},{\"@type\":\"Organization\",\"@id\":\"https:\\\/\\\/www.eldigitaldeasturias.com\\\/noticias\\\/#organization\",\"name\":\"El Digital de Asturias\",\"description\":\"Hemeroteca\",\"url\":\"https:\\\/\\\/www.eldigitaldeasturias.com\\\/noticias\\\/\",\"email\":\"info@eldigitaldeasturias.com\",\"telephone\":\"+34652131393\",\"logo\":{\"@type\":\"ImageObject\",\"url\":\"https:\\\/\\\/www.eldigitaldeasturias.com\\\/noticias\\\/wp-content\\\/uploads\\\/2020\\\/12\\\/EDA.jpg\",\"@id\":\"https:\\\/\\\/www.eldigitaldeasturias.com\\\/noticias\\\/ignacio-blanco-los-voluntarios-de-proteccion-civil-son-personal-en-primera-linea\\\/#organizationLogo\"},\"image\":{\"@id\":\"https:\\\/\\\/www.eldigitaldeasturias.com\\\/noticias\\\/ignacio-blanco-los-voluntarios-de-proteccion-civil-son-personal-en-primera-linea\\\/#organizationLogo\"},\"sameAs\":[\"https:\\\/\\\/facebook.com\\\/eldigitaldeasturias\",\"https:\\\/\\\/www.youtube.com\\\/channel\\\/UCZP-2wLEB9Rv6erhFmqVnvg\"],\"address\":{\"@id\":\"https:\\\/\\\/www.eldigitaldeasturias.com\\\/noticias\\\/#postaladdress\",\"@type\":\"PostalAddress\",\"streetAddress\":\"san antonio 4\",\"postalCode\":\"33430\",\"addressLocality\":\"Cand\\u00e1s\",\"addressRegion\":\"Asturias\",\"addressCountry\":\"ES\"}},{\"@type\":\"Person\",\"@id\":\"https:\\\/\\\/www.eldigitaldeasturias.com\\\/noticias\\\/author\\\/admin\\\/#author\",\"url\":\"https:\\\/\\\/www.eldigitaldeasturias.com\\\/noticias\\\/author\\\/admin\\\/\",\"name\":\"El Digital de Asturias\",\"image\":{\"@type\":\"ImageObject\",\"@id\":\"https:\\\/\\\/www.eldigitaldeasturias.com\\\/noticias\\\/ignacio-blanco-los-voluntarios-de-proteccion-civil-son-personal-en-primera-linea\\\/#authorImage\",\"url\":\"https:\\\/\\\/secure.gravatar.com\\\/avatar\\\/df2aeffc32bcd13f8d26072ef8a91b623d677766deac7f97ca815868cd41bf5e?s=96&d=mm&r=g\",\"width\":96,\"height\":96,\"caption\":\"El Digital de Asturias\"}},{\"@type\":\"WebPage\",\"@id\":\"https:\\\/\\\/www.eldigitaldeasturias.com\\\/noticias\\\/ignacio-blanco-los-voluntarios-de-proteccion-civil-son-personal-en-primera-linea\\\/#webpage\",\"url\":\"https:\\\/\\\/www.eldigitaldeasturias.com\\\/noticias\\\/ignacio-blanco-los-voluntarios-de-proteccion-civil-son-personal-en-primera-linea\\\/\",\"name\":\"Ignacio Blanco: Los voluntarios de Protecci\\u00f3n Civil son personal en primera l\\u00ednea - El Digital de Asturias\",\"description\":\"El portavoz de VOX Asturias en la Junta General del Principado, Ignacio Blanco, ha interpelado en sesi\\u00f3n plenaria al consejo de Gobierno para conocer los ..\",\"inLanguage\":\"es-ES\",\"isPartOf\":{\"@id\":\"https:\\\/\\\/www.eldigitaldeasturias.com\\\/noticias\\\/#website\"},\"breadcrumb\":{\"@id\":\"https:\\\/\\\/www.eldigitaldeasturias.com\\\/noticias\\\/ignacio-blanco-los-voluntarios-de-proteccion-civil-son-personal-en-primera-linea\\\/#breadcrumblist\"},\"author\":{\"@id\":\"https:\\\/\\\/www.eldigitaldeasturias.com\\\/noticias\\\/author\\\/admin\\\/#author\"},\"creator\":{\"@id\":\"https:\\\/\\\/www.eldigitaldeasturias.com\\\/noticias\\\/author\\\/admin\\\/#author\"},\"image\":{\"@type\":\"ImageObject\",\"url\":\"https:\\\/\\\/www.eldigitaldeasturias.com\\\/noticias\\\/wp-content\\\/uploads\\\/2026\\\/06\\\/Contenidos.jpg\",\"@id\":\"https:\\\/\\\/www.eldigitaldeasturias.com\\\/noticias\\\/ignacio-blanco-los-voluntarios-de-proteccion-civil-son-personal-en-primera-linea\\\/#mainImage\",\"width\":1265,\"height\":697,\"caption\":\"Contenidos\"},\"primaryImageOfPage\":{\"@id\":\"https:\\\/\\\/www.eldigitaldeasturias.com\\\/noticias\\\/ignacio-blanco-los-voluntarios-de-proteccion-civil-son-personal-en-primera-linea\\\/#mainImage\"},\"datePublished\":\"2021-05-19T14:48:01+02:00\",\"dateModified\":\"2021-05-19T14:48:01+02:00\"},{\"@type\":\"WebSite\",\"@id\":\"https:\\\/\\\/www.eldigitaldeasturias.com\\\/noticias\\\/#website\",\"url\":\"https:\\\/\\\/www.eldigitaldeasturias.com\\\/noticias\\\/\",\"name\":\"El Digital de Asturias - Diario de actualidad y noticias\",\"alternateName\":\"El Digital de Asturias - Diario de actualidad y noticias\",\"description\":\"Hemeroteca\",\"inLanguage\":\"es-ES\",\"publisher\":{\"@id\":\"https:\\\/\\\/www.eldigitaldeasturias.com\\\/noticias\\\/#organization\"}}]}\n\t\t<\/script>\n\t\t<!-- All in One SEO Pro -->\r\n\t\t<title>Ignacio Blanco: Los voluntarios de Protecci\u00f3n Civil son personal en primera l\u00ednea - El Digital de Asturias<\/title>\n\n","aioseo_head_json":{"title":"Ignacio Blanco: Los voluntarios de Protecci\u00f3n Civil son personal en primera l\u00ednea - El Digital de Asturias","description":"El portavoz de VOX Asturias en la Junta General del Principado, Ignacio Blanco, ha interpelado en sesi\u00f3n plenaria al consejo de Gobierno para conocer los ..","canonical_url":"https:\/\/www.eldigitaldeasturias.com\/noticias\/ignacio-blanco-los-voluntarios-de-proteccion-civil-son-personal-en-primera-linea\/","robots":"max-image-preview:large","keywords":"principado,vox asturias,actualidad asturias","webmasterTools":{"google-site-verification":"UA-38556648-1","msvalidate.01":"7dfe9f3f1b24437ab69f4f2559babe99","miscellaneous":""},"schema":{"@context":"https:\/\/schema.org","@graph":[{"@type":"BlogPosting","@id":"https:\/\/www.eldigitaldeasturias.com\/noticias\/ignacio-blanco-los-voluntarios-de-proteccion-civil-son-personal-en-primera-linea\/#blogposting","name":"Ignacio Blanco: Los voluntarios de Protecci\u00f3n Civil son personal en primera l\u00ednea - El Digital de Asturias","headline":"Ignacio Blanco: Los voluntarios de Protecci\u00f3n Civil son personal en primera l\u00ednea","author":{"@id":"https:\/\/www.eldigitaldeasturias.com\/noticias\/author\/admin\/#author"},"publisher":{"@id":"https:\/\/www.eldigitaldeasturias.com\/noticias\/#organization"},"image":{"@type":"ImageObject","url":"https:\/\/www.eldigitaldeasturias.com\/noticias\/wp-content\/uploads\/2026\/06\/Contenidos.jpg","width":1265,"height":697,"caption":"Contenidos"},"datePublished":"2021-05-19T14:48:01+02:00","dateModified":"2021-05-19T14:48:01+02:00","inLanguage":"es-ES","mainEntityOfPage":{"@id":"https:\/\/www.eldigitaldeasturias.com\/noticias\/ignacio-blanco-los-voluntarios-de-proteccion-civil-son-personal-en-primera-linea\/#webpage"},"isPartOf":{"@id":"https:\/\/www.eldigitaldeasturias.com\/noticias\/ignacio-blanco-los-voluntarios-de-proteccion-civil-son-personal-en-primera-linea\/#webpage"},"articleSection":"Actualidad Asturias"},{"@type":"BreadcrumbList","@id":"https:\/\/www.eldigitaldeasturias.com\/noticias\/ignacio-blanco-los-voluntarios-de-proteccion-civil-son-personal-en-primera-linea\/#breadcrumblist","itemListElement":[{"@type":"ListItem","@id":"https:\/\/www.eldigitaldeasturias.com\/noticias#listItem","position":1,"name":"Home","item":"https:\/\/www.eldigitaldeasturias.com\/noticias","nextItem":{"@type":"ListItem","@id":"https:\/\/www.eldigitaldeasturias.com\/noticias\/category\/actualidad-asturias\/#listItem","name":"Actualidad Asturias"}},{"@type":"ListItem","@id":"https:\/\/www.eldigitaldeasturias.com\/noticias\/category\/actualidad-asturias\/#listItem","position":2,"name":"Actualidad Asturias","item":"https:\/\/www.eldigitaldeasturias.com\/noticias\/category\/actualidad-asturias\/","nextItem":{"@type":"ListItem","@id":"https:\/\/www.eldigitaldeasturias.com\/noticias\/ignacio-blanco-los-voluntarios-de-proteccion-civil-son-personal-en-primera-linea\/#listItem","name":"Ignacio Blanco: Los voluntarios de Protecci\u00f3n Civil son personal en primera l\u00ednea"},"previousItem":{"@type":"ListItem","@id":"https:\/\/www.eldigitaldeasturias.com\/noticias#listItem","name":"Home"}},{"@type":"ListItem","@id":"https:\/\/www.eldigitaldeasturias.com\/noticias\/ignacio-blanco-los-voluntarios-de-proteccion-civil-son-personal-en-primera-linea\/#listItem","position":3,"name":"Ignacio Blanco: Los voluntarios de Protecci\u00f3n Civil son personal en primera l\u00ednea","previousItem":{"@type":"ListItem","@id":"https:\/\/www.eldigitaldeasturias.com\/noticias\/category\/actualidad-asturias\/#listItem","name":"Actualidad Asturias"}}]},{"@type":"Organization","@id":"https:\/\/www.eldigitaldeasturias.com\/noticias\/#organization","name":"El Digital de Asturias","description":"Hemeroteca","url":"https:\/\/www.eldigitaldeasturias.com\/noticias\/","email":"info@eldigitaldeasturias.com","telephone":"+34652131393","logo":{"@type":"ImageObject","url":"https:\/\/www.eldigitaldeasturias.com\/noticias\/wp-content\/uploads\/2020\/12\/EDA.jpg","@id":"https:\/\/www.eldigitaldeasturias.com\/noticias\/ignacio-blanco-los-voluntarios-de-proteccion-civil-son-personal-en-primera-linea\/#organizationLogo"},"image":{"@id":"https:\/\/www.eldigitaldeasturias.com\/noticias\/ignacio-blanco-los-voluntarios-de-proteccion-civil-son-personal-en-primera-linea\/#organizationLogo"},"sameAs":["https:\/\/facebook.com\/eldigitaldeasturias","https:\/\/www.youtube.com\/channel\/UCZP-2wLEB9Rv6erhFmqVnvg"],"address":{"@id":"https:\/\/www.eldigitaldeasturias.com\/noticias\/#postaladdress","@type":"PostalAddress","streetAddress":"san antonio 4","postalCode":"33430","addressLocality":"Cand\u00e1s","addressRegion":"Asturias","addressCountry":"ES"}},{"@type":"Person","@id":"https:\/\/www.eldigitaldeasturias.com\/noticias\/author\/admin\/#author","url":"https:\/\/www.eldigitaldeasturias.com\/noticias\/author\/admin\/","name":"El Digital de Asturias","image":{"@type":"ImageObject","@id":"https:\/\/www.eldigitaldeasturias.com\/noticias\/ignacio-blanco-los-voluntarios-de-proteccion-civil-son-personal-en-primera-linea\/#authorImage","url":"https:\/\/secure.gravatar.com\/avatar\/df2aeffc32bcd13f8d26072ef8a91b623d677766deac7f97ca815868cd41bf5e?s=96&d=mm&r=g","width":96,"height":96,"caption":"El Digital de Asturias"}},{"@type":"WebPage","@id":"https:\/\/www.eldigitaldeasturias.com\/noticias\/ignacio-blanco-los-voluntarios-de-proteccion-civil-son-personal-en-primera-linea\/#webpage","url":"https:\/\/www.eldigitaldeasturias.com\/noticias\/ignacio-blanco-los-voluntarios-de-proteccion-civil-son-personal-en-primera-linea\/","name":"Ignacio Blanco: Los voluntarios de Protecci\u00f3n Civil son personal en primera l\u00ednea - El Digital de Asturias","description":"El portavoz de VOX Asturias en la Junta General del Principado, Ignacio Blanco, ha interpelado en sesi\u00f3n plenaria al consejo de Gobierno para conocer los ..","inLanguage":"es-ES","isPartOf":{"@id":"https:\/\/www.eldigitaldeasturias.com\/noticias\/#website"},"breadcrumb":{"@id":"https:\/\/www.eldigitaldeasturias.com\/noticias\/ignacio-blanco-los-voluntarios-de-proteccion-civil-son-personal-en-primera-linea\/#breadcrumblist"},"author":{"@id":"https:\/\/www.eldigitaldeasturias.com\/noticias\/author\/admin\/#author"},"creator":{"@id":"https:\/\/www.eldigitaldeasturias.com\/noticias\/author\/admin\/#author"},"image":{"@type":"ImageObject","url":"https:\/\/www.eldigitaldeasturias.com\/noticias\/wp-content\/uploads\/2026\/06\/Contenidos.jpg","@id":"https:\/\/www.eldigitaldeasturias.com\/noticias\/ignacio-blanco-los-voluntarios-de-proteccion-civil-son-personal-en-primera-linea\/#mainImage","width":1265,"height":697,"caption":"Contenidos"},"primaryImageOfPage":{"@id":"https:\/\/www.eldigitaldeasturias.com\/noticias\/ignacio-blanco-los-voluntarios-de-proteccion-civil-son-personal-en-primera-linea\/#mainImage"},"datePublished":"2021-05-19T14:48:01+02:00","dateModified":"2021-05-19T14:48:01+02:00"},{"@type":"WebSite","@id":"https:\/\/www.eldigitaldeasturias.com\/noticias\/#website","url":"https:\/\/www.eldigitaldeasturias.com\/noticias\/","name":"El Digital de Asturias - Diario de actualidad y noticias","alternateName":"El Digital de Asturias - Diario de actualidad y noticias","description":"Hemeroteca","inLanguage":"es-ES","publisher":{"@id":"https:\/\/www.eldigitaldeasturias.com\/noticias\/#organization"}}]},"og:locale":"es_ES","og:site_name":"El Digital de Asturias","og:type":"article","og:title":"Ignacio Blanco: Los voluntarios de Protecci\u00f3n Civil son personal en primera l\u00ednea - El Digital de Asturias","og:description":"El portavoz de VOX Asturias en la Junta General del Principado, Ignacio Blanco, ha interpelado en sesi\u00f3n plenaria al consejo de Gobierno para conocer los ..","og:url":"https:\/\/www.eldigitaldeasturias.com\/noticias\/ignacio-blanco-los-voluntarios-de-proteccion-civil-son-personal-en-primera-linea\/","og:image":"https:\/\/www.eldigitaldeasturias.com\/noticias\/wp-content\/uploads\/2026\/06\/Contenidos.jpg","og:image:secure_url":"https:\/\/www.eldigitaldeasturias.com\/noticias\/wp-content\/uploads\/2026\/06\/Contenidos.jpg","og:image:width":1265,"og:image:height":697,"article:tag":["principado","vox asturias","actualidad asturias"],"article:published_time":"2021-05-19T13:48:01+00:00","article:modified_time":"2021-05-19T13:48:01+00:00","article:publisher":"https:\/\/facebook.com\/eldigitaldeasturias","twitter:card":"summary_large_image","twitter:title":"Ignacio Blanco: Los voluntarios de Protecci\u00f3n Civil son personal en primera l\u00ednea - El Digital de Asturias","twitter:description":"El portavoz de VOX Asturias en la Junta General del Principado, Ignacio Blanco, ha interpelado en sesi\u00f3n plenaria al consejo de Gobierno para conocer los ..","twitter:image":"https:\/\/www.eldigitaldeasturias.com\/noticias\/wp-content\/uploads\/2026\/06\/Contenidos.jpg","twitter:label1":"Escrito por","twitter:data1":"El Digital de Asturias","twitter:label2":"Tiempo de lectura estimado","twitter:data2":"5 minutos"},"aioseo_meta_data":{"post_id":"1091880","title":null,"description":"El portavoz de VOX Asturias en la Junta General del Principado, Ignacio Blanco, ha interpelado en sesi\u00f3n plenaria al consejo de Gobierno para conocer los ..","keywords":[{"label":"Principado","value":"Principado"},{"label":" VOX Asturias","value":" VOX Asturias"}],"keyphrases":{"focus":[],"additional":[]},"primary_term":null,"canonical_url":null,"og_title":null,"og_description":null,"og_object_type":"default","og_image_type":"default","og_image_url":null,"og_image_width":null,"og_image_height":null,"og_image_custom_url":null,"og_image_custom_fields":null,"og_video":"","og_custom_url":null,"og_article_section":null,"og_article_tags":[],"twitter_use_og":false,"twitter_card":"default","twitter_image_type":"default","twitter_image_url":null,"twitter_image_custom_url":null,"twitter_image_custom_fields":null,"twitter_title":null,"twitter_description":null,"schema":{"blockGraphs":[],"customGraphs":[],"default":{"data":{"Article":[],"Course":[],"Dataset":[],"FAQPage":[],"Movie":[],"Person":[],"Product":[],"ProductReview":[],"Car":[],"Recipe":[],"Service":[],"SoftwareApplication":[],"WebPage":[]},"graphName":"","isEnabled":true},"graphs":[],"defaultGraph":"Article","defaultPostTypeGraph":""},"schema_type":"default","schema_type_options":"{\"article\":{\"articleType\":\"BlogPosting\"},\"course\":{\"name\":\"\",\"description\":\"\",\"provider\":\"\"},\"faq\":{\"pages\":[]},\"product\":{\"reviews\":[]},\"recipe\":{\"ingredients\":[],\"instructions\":[],\"keywords\":[]},\"software\":{\"reviews\":[],\"operatingSystems\":[]},\"webPage\":{\"webPageType\":\"WebPage\"}}","pillar_content":false,"robots_default":true,"robots_noindex":false,"robots_noarchive":false,"robots_nosnippet":false,"robots_nofollow":false,"robots_noimageindex":false,"robots_noodp":false,"robots_notranslate":false,"robots_max_snippet":"-1","robots_max_videopreview":"-1","robots_max_imagepreview":"large","priority":null,"frequency":"default","local_seo":{"locations":{"business":{"name":"","businessType":"","image":"","areaServed":"","urls":{"website":"","aboutPage":"","contactPage":""},"address":{"streetLine1":"","streetLine2":"","zipCode":"","city":"","state":"","country":"","addressFormat":"#streetLineOne\n#streetLineTwo\n#city, #state #zipCode"},"contact":{"email":"","phone":"","phoneFormatted":"","fax":"","faxFormatted":""},"ids":{"vat":"","tax":"","chamberOfCommerce":""},"payment":{"priceRange":"","currenciesAccepted":"","methods":""}}},"openingHours":{"useDefaults":true,"show":true,"alwaysOpen":false,"use24hFormat":false,"timezone":"","labels":{"closed":"","alwaysOpen":""},"days":{"monday":{"open24h":false,"closed":false,"openTime":"09:00","closeTime":"17:00"},"tuesday":{"open24h":false,"closed":false,"openTime":"09:00","closeTime":"17:00"},"wednesday":{"open24h":false,"closed":false,"openTime":"09:00","closeTime":"17:00"},"thursday":{"open24h":false,"closed":false,"openTime":"09:00","closeTime":"17:00"},"friday":{"open24h":false,"closed":false,"openTime":"09:00","closeTime":"17:00"},"saturday":{"open24h":false,"closed":false,"openTime":"09:00","closeTime":"17:00"},"sunday":{"open24h":false,"closed":false,"openTime":"09:00","closeTime":"17:00"}}}},"seo_analyzer_scan_date":"2026-07-18 00:08:21","breadcrumb_settings":null,"limit_modified_date":false,"open_ai":null,"ai":null,"created":"2021-05-19 13:44:05","updated":"2026-07-18 00:08:21","focus_keyword":null,"additional_keywords":null,"truseo_locale":null},"aioseo_breadcrumb":"<div class=\"aioseo-breadcrumbs\"><span class=\"aioseo-breadcrumb\">\n\t<a href=\"https:\/\/www.eldigitaldeasturias.com\/noticias\" title=\"Home\">Home<\/a>\n<\/span><span class=\"aioseo-breadcrumb-separator\">\u2013<\/span><span class=\"aioseo-breadcrumb\">\n\t<a href=\"https:\/\/www.eldigitaldeasturias.com\/noticias\/category\/actualidad-asturias\/\" title=\"Actualidad Asturias\">Actualidad Asturias<\/a>\n<\/span><span class=\"aioseo-breadcrumb-separator\">\u2013<\/span><span class=\"aioseo-breadcrumb\">\n\t<a href=\"https:\/\/www.eldigitaldeasturias.com\/noticias\/ignacio-blanco-los-voluntarios-de-proteccion-civil-son-personal-en-primera-linea\/\" title=\"Ignacio Blanco: Los voluntarios de Protecci\u00f3n Civil son personal en primera l\u00ednea\">Ignacio Blanco: Los voluntarios de Protecci\u00f3n Civil son personal en primera l\u00ednea<\/a>\n<\/span><\/div>","aioseo_breadcrumb_json":[{"label":"Home","link":"https:\/\/www.eldigitaldeasturias.com\/noticias"},{"label":"Actualidad Asturias","link":"https:\/\/www.eldigitaldeasturias.com\/noticias\/category\/actualidad-asturias\/"},{"label":"Ignacio Blanco: Los voluntarios de Protecci\u00f3n Civil son personal en primera l\u00ednea","link":"https:\/\/www.eldigitaldeasturias.com\/noticias\/ignacio-blanco-los-voluntarios-de-proteccion-civil-son-personal-en-primera-linea\/"}],"_links":{"self":[{"href":"https:\/\/www.eldigitaldeasturias.com\/noticias\/wp-json\/wp\/v2\/posts\/1091880","targetHints":{"allow":["GET"]}}],"collection":[{"href":"https:\/\/www.eldigitaldeasturias.com\/noticias\/wp-json\/wp\/v2\/posts"}],"about":[{"href":"https:\/\/www.eldigitaldeasturias.com\/noticias\/wp-json\/wp\/v2\/types\/post"}],"author":[{"embeddable":true,"href":"https:\/\/www.eldigitaldeasturias.com\/noticias\/wp-json\/wp\/v2\/users\/1"}],"replies":[{"embeddable":true,"href":"https:\/\/www.eldigitaldeasturias.com\/noticias\/wp-json\/wp\/v2\/comments?post=1091880"}],"version-history":[{"count":0,"href":"https:\/\/www.eldigitaldeasturias.com\/noticias\/wp-json\/wp\/v2\/posts\/1091880\/revisions"}],"wp:featuredmedia":[{"embeddable":true,"href":"https:\/\/www.eldigitaldeasturias.com\/noticias\/wp-json\/wp\/v2\/media\/1132184"}],"wp:attachment":[{"href":"https:\/\/www.eldigitaldeasturias.com\/noticias\/wp-json\/wp\/v2\/media?parent=1091880"}],"wp:term":[{"taxonomy":"category","embeddable":true,"href":"https:\/\/www.eldigitaldeasturias.com\/noticias\/wp-json\/wp\/v2\/categories?post=1091880"},{"taxonomy":"post_tag","embeddable":true,"href":"https:\/\/www.eldigitaldeasturias.com\/noticias\/wp-json\/wp\/v2\/tags?post=1091880"}],"curies":[{"name":"wp","href":"https:\/\/api.w.org\/{rel}","templated":true}]}}