{"id":1091878,"date":"2021-05-19T13:28:41","date_gmt":"2021-05-19T12:28:41","guid":{"rendered":"https:\/\/www.eldigitaldeasturias.com\/noticias\/?p=1091878"},"modified":"2021-05-19T13:28:41","modified_gmt":"2021-05-19T12:28:41","slug":"zapico-defiende-la-necesidad-de-facilitar-al-alumnado-asturiano-mas-vulnerable-el-acceso-a-la-universidad","status":"publish","type":"post","link":"https:\/\/www.eldigitaldeasturias.com\/noticias\/zapico-defiende-la-necesidad-de-facilitar-al-alumnado-asturiano-mas-vulnerable-el-acceso-a-la-universidad\/","title":{"rendered":"Zapico defiende la necesidad de facilitar al alumnado asturiano m\u00e1s vulnerable el acceso a la universidad"},"content":{"rendered":"<p><img loading=\"lazy\" decoding=\"async\" class=\"alignleft size-medium wp-image-1079607\" src=\"https:\/\/www.eldigitaldeasturias.com\/noticias\/wp-content\/uploads\/2020\/11\/Zapico-IU-360x236.jpg\" alt=\"\" width=\"360\" height=\"236\" \/>El Parlamento de Asturias ha aprobado hoy, con el apoyo de toda la c\u00e1mara, salvo los votos en contra del PSOE y las abstenciones de la ultraderecha, la proposici\u00f3n no de ley de Izquierda Unida para la exenci\u00f3n del pago de las tasas de las pruebas de acceso a la universidad (EBAU) y de los derechos de expedici\u00f3n del t\u00edtulo de bachiller, al alumnando con beca o aqu\u00e9l otro que pertenezca a familias con especiales dificultades econ\u00f3micas. La propuesta incluye, adem\u00e1s, seg\u00fan defendi\u00f3 el diputado y coordinador general de la formaci\u00f3n, Ovidio Zapico, que se estudie la exenci\u00f3n total para pr\u00f3ximos a\u00f1os acad\u00e9micos de estas tasas para la propia EBAU o cualquier otra prueba de acceso a la Universidad que la sustituya.<\/p>\n<p>Zapico ha resaltado que los costes para el pago del t\u00edtulo bachiller y de las tasas para poder presentarse a la prueba de acceso a la educaci\u00f3n universitaria es \u201cun aut\u00e9ntico problema\u201d que lasta al alumnado m\u00e1s vulnerable.<\/p>\n<p>Al estr\u00e9s propio de la prueba, a esos alumnos y alumnas con peor situaci\u00f3n econ\u00f3mica, ha enfatizado el diputado, se le suma el de tener que afrontar un pago que a veces ni siquiera pueden asumir: \u201cimaginen ustedes que forman parte de una familia pobre, aunque no numerosa, una familia sin demasiados recursos, pero que no es beneficiaria del salario social. Pues resulta que a todos esos nervios propios de una prueba selectiva de gran importancia tienen que unir el hecho de que van a tener que desembolsar en torno a 250 euros entre derechos de t\u00edtulo de bachiller y tasas del examen. Digo lo de familia numerosa o beneficiara del salario socia porque son los \u00fanicos casos en los que gozan de exenci\u00f3n de esas tasas\u201d.<\/p>\n<p>Para paliar esta situaci\u00f3n, IU ha presentado esta PNL especialmente oportuna, a juicio de Zapico, en unos momentos como los actuales, en los que \u201ctanta gente se ha visto afectada por la brusca interrupci\u00f3n de los ingresos que les permit\u00edan hasta ese momento hacer frente a los gastos de vivienda, alimentaci\u00f3n y, tambi\u00e9n, a los derivados de los estudios de sus hijos e hijas\u201d.<\/p>\n<p>La PNL aprobada sali\u00f3 adelante con una enmienda del grupo Popular, aceptada por IU, para adecuar el texto que inclu\u00eda, por error, una referencia al Salario M\u00ednimo Interprofesional que, en realidad, deb\u00eda incorporar el Indicador P\u00fablico de Renta de Efectos M\u00faltiples (IPREM).<\/p>\n<p>En la redacci\u00f3n definitiva, se excluye tal referencia y se plantea que cada caso sea baremado.<\/p>\n<p>Ovidio Zapico ha se\u00f1alado la necesidad de que los poderes p\u00fablicos respondan ahora reconociendo \u201ceste esfuerzo y evitando poner otro obst\u00e1culo m\u00e1s en el proceso educativo de sus estudiantes como es el pago de las tasas. Un pago que puede ser imposible para muchas familias en el contexto de crisis que estamos viviendo; unas tasas que no deben constituir un problema a la hora de que cualquier joven pueda continuar su vida acad\u00e9mica\u201d.<\/p>\n","protected":false},"excerpt":{"rendered":"<p>El Parlamento de Asturias ha aprobado hoy, con el apoyo de toda la c\u00e1mara, salvo los votos en contra del PSOE y las abstenciones de la ultraderecha, la proposici\u00f3n no de ley de Izquierda Unida para la exenci\u00f3n del pago de las tasas de las pruebas de acceso a la universidad (EBAU) y de los [&hellip;]<\/p>\n","protected":false},"author":1,"featured_media":1081410,"comment_status":"closed","ping_status":"closed","sticky":false,"template":"","format":"standard","meta":{"footnotes":""},"categories":[12],"tags":[],"class_list":["post-1091878","post","type-post","status-publish","format-standard","has-post-thumbnail","hentry","category-actualidad-asturias"],"aioseo_notices":[],"aioseo_head":"\n\t\t<!-- All in One SEO Pro 5.0.1 - aioseo.com -->\n\t<meta name=\"description\" content=\"Zapico ha resaltado que los costes para el pago del t\u00edtulo bachiller y de las tasas para poder presentarse a la prueba de acceso a la educaci\u00f3n universitaria\" \/>\n\t<meta name=\"robots\" content=\"max-image-preview:large\" \/>\n\t<meta name=\"author\" content=\"El Digital de Asturias\"\/>\n\t<meta name=\"google-site-verification\" content=\"UA-38556648-1\" \/>\n\t<meta name=\"msvalidate.01\" content=\"7dfe9f3f1b24437ab69f4f2559babe99\" \/>\n\t<meta name=\"keywords\" content=\"actualidad asturias\" \/>\n\t<link rel=\"canonical\" href=\"https:\/\/www.eldigitaldeasturias.com\/noticias\/zapico-defiende-la-necesidad-de-facilitar-al-alumnado-asturiano-mas-vulnerable-el-acceso-a-la-universidad\/\" \/>\n\t<meta name=\"generator\" content=\"All in One SEO Pro (AIOSEO) 5.0.1\" \/>\n\t\t<meta property=\"og:locale\" content=\"es_ES\" \/>\n\t\t<meta property=\"og:site_name\" content=\"El Digital de Asturias\" \/>\n\t\t<meta property=\"og:type\" content=\"article\" \/>\n\t\t<meta property=\"og:title\" content=\"Zapico defiende la necesidad de facilitar al alumnado asturiano m\u00e1s vulnerable el acceso a la universidad - El Digital de Asturias\" \/>\n\t\t<meta property=\"og:description\" content=\"Zapico ha resaltado que los costes para el pago del t\u00edtulo bachiller y de las tasas para poder presentarse a la prueba de acceso a la educaci\u00f3n universitaria\" \/>\n\t\t<meta property=\"og:url\" content=\"https:\/\/www.eldigitaldeasturias.com\/noticias\/zapico-defiende-la-necesidad-de-facilitar-al-alumnado-asturiano-mas-vulnerable-el-acceso-a-la-universidad\/\" \/>\n\t\t<meta property=\"article:tag\" content=\"actualidad asturias\" \/>\n\t\t<meta property=\"article:published_time\" content=\"2021-05-19T12:28:41+00:00\" \/>\n\t\t<meta property=\"article:modified_time\" content=\"2021-05-19T12:28:41+00:00\" \/>\n\t\t<meta property=\"article:publisher\" content=\"https:\/\/facebook.com\/eldigitaldeasturias\" \/>\n\t\t<meta name=\"twitter:card\" content=\"summary_large_image\" \/>\n\t\t<meta name=\"twitter:title\" content=\"Zapico defiende la necesidad de facilitar al alumnado asturiano m\u00e1s vulnerable el acceso a la universidad - El Digital de Asturias\" \/>\n\t\t<meta name=\"twitter:description\" content=\"Zapico ha resaltado que los costes para el pago del t\u00edtulo bachiller y de las tasas para poder presentarse a la prueba de acceso a la educaci\u00f3n universitaria\" \/>\n\t\t<meta name=\"twitter:image\" content=\"https:\/\/www.eldigitaldeasturias.com\/noticias\/wp-content\/uploads\/2020\/12\/EDA-1.jpg\" \/>\n\t\t<meta name=\"twitter:label1\" content=\"Escrito por\" \/>\n\t\t<meta name=\"twitter:data1\" content=\"El Digital de Asturias\" \/>\n\t\t<meta name=\"twitter:label2\" content=\"Tiempo de lectura estimado\" \/>\n\t\t<meta name=\"twitter:data2\" content=\"3 minutos\" \/>\n\t\t<script type=\"application\/ld+json\" class=\"aioseo-schema\">\n\t\t\t{\"@context\":\"https:\\\/\\\/schema.org\",\"@graph\":[{\"@type\":\"BlogPosting\",\"@id\":\"https:\\\/\\\/www.eldigitaldeasturias.com\\\/noticias\\\/zapico-defiende-la-necesidad-de-facilitar-al-alumnado-asturiano-mas-vulnerable-el-acceso-a-la-universidad\\\/#blogposting\",\"name\":\"Zapico defiende la necesidad de facilitar al alumnado asturiano m\\u00e1s vulnerable el acceso a la universidad - El Digital de Asturias\",\"headline\":\"Zapico defiende la necesidad de facilitar al alumnado asturiano m\\u00e1s vulnerable el acceso a la universidad\",\"author\":{\"@id\":\"https:\\\/\\\/www.eldigitaldeasturias.com\\\/noticias\\\/author\\\/admin\\\/#author\"},\"publisher\":{\"@id\":\"https:\\\/\\\/www.eldigitaldeasturias.com\\\/noticias\\\/#organization\"},\"image\":{\"@type\":\"ImageObject\",\"url\":1081410},\"datePublished\":\"2021-05-19T13:28:41+02:00\",\"dateModified\":\"2021-05-19T13:28:41+02:00\",\"inLanguage\":\"es-ES\",\"mainEntityOfPage\":{\"@id\":\"https:\\\/\\\/www.eldigitaldeasturias.com\\\/noticias\\\/zapico-defiende-la-necesidad-de-facilitar-al-alumnado-asturiano-mas-vulnerable-el-acceso-a-la-universidad\\\/#webpage\"},\"isPartOf\":{\"@id\":\"https:\\\/\\\/www.eldigitaldeasturias.com\\\/noticias\\\/zapico-defiende-la-necesidad-de-facilitar-al-alumnado-asturiano-mas-vulnerable-el-acceso-a-la-universidad\\\/#webpage\"},\"articleSection\":\"Actualidad Asturias\"},{\"@type\":\"BreadcrumbList\",\"@id\":\"https:\\\/\\\/www.eldigitaldeasturias.com\\\/noticias\\\/zapico-defiende-la-necesidad-de-facilitar-al-alumnado-asturiano-mas-vulnerable-el-acceso-a-la-universidad\\\/#breadcrumblist\",\"itemListElement\":[{\"@type\":\"ListItem\",\"@id\":\"https:\\\/\\\/www.eldigitaldeasturias.com\\\/noticias#listItem\",\"position\":1,\"name\":\"Home\",\"item\":\"https:\\\/\\\/www.eldigitaldeasturias.com\\\/noticias\",\"nextItem\":{\"@type\":\"ListItem\",\"@id\":\"https:\\\/\\\/www.eldigitaldeasturias.com\\\/noticias\\\/category\\\/actualidad-asturias\\\/#listItem\",\"name\":\"Actualidad Asturias\"}},{\"@type\":\"ListItem\",\"@id\":\"https:\\\/\\\/www.eldigitaldeasturias.com\\\/noticias\\\/category\\\/actualidad-asturias\\\/#listItem\",\"position\":2,\"name\":\"Actualidad Asturias\",\"item\":\"https:\\\/\\\/www.eldigitaldeasturias.com\\\/noticias\\\/category\\\/actualidad-asturias\\\/\",\"nextItem\":{\"@type\":\"ListItem\",\"@id\":\"https:\\\/\\\/www.eldigitaldeasturias.com\\\/noticias\\\/zapico-defiende-la-necesidad-de-facilitar-al-alumnado-asturiano-mas-vulnerable-el-acceso-a-la-universidad\\\/#listItem\",\"name\":\"Zapico defiende la necesidad de facilitar al alumnado asturiano m\\u00e1s vulnerable el acceso a la universidad\"},\"previousItem\":{\"@type\":\"ListItem\",\"@id\":\"https:\\\/\\\/www.eldigitaldeasturias.com\\\/noticias#listItem\",\"name\":\"Home\"}},{\"@type\":\"ListItem\",\"@id\":\"https:\\\/\\\/www.eldigitaldeasturias.com\\\/noticias\\\/zapico-defiende-la-necesidad-de-facilitar-al-alumnado-asturiano-mas-vulnerable-el-acceso-a-la-universidad\\\/#listItem\",\"position\":3,\"name\":\"Zapico defiende la necesidad de facilitar al alumnado asturiano m\\u00e1s vulnerable el acceso a la universidad\",\"previousItem\":{\"@type\":\"ListItem\",\"@id\":\"https:\\\/\\\/www.eldigitaldeasturias.com\\\/noticias\\\/category\\\/actualidad-asturias\\\/#listItem\",\"name\":\"Actualidad Asturias\"}}]},{\"@type\":\"Organization\",\"@id\":\"https:\\\/\\\/www.eldigitaldeasturias.com\\\/noticias\\\/#organization\",\"name\":\"El Digital de Asturias\",\"description\":\"Hemeroteca\",\"url\":\"https:\\\/\\\/www.eldigitaldeasturias.com\\\/noticias\\\/\",\"email\":\"info@eldigitaldeasturias.com\",\"telephone\":\"+34652131393\",\"logo\":{\"@type\":\"ImageObject\",\"url\":\"https:\\\/\\\/www.eldigitaldeasturias.com\\\/noticias\\\/wp-content\\\/uploads\\\/2020\\\/12\\\/EDA.jpg\",\"@id\":\"https:\\\/\\\/www.eldigitaldeasturias.com\\\/noticias\\\/zapico-defiende-la-necesidad-de-facilitar-al-alumnado-asturiano-mas-vulnerable-el-acceso-a-la-universidad\\\/#organizationLogo\"},\"image\":{\"@id\":\"https:\\\/\\\/www.eldigitaldeasturias.com\\\/noticias\\\/zapico-defiende-la-necesidad-de-facilitar-al-alumnado-asturiano-mas-vulnerable-el-acceso-a-la-universidad\\\/#organizationLogo\"},\"sameAs\":[\"https:\\\/\\\/facebook.com\\\/eldigitaldeasturias\",\"https:\\\/\\\/www.youtube.com\\\/channel\\\/UCZP-2wLEB9Rv6erhFmqVnvg\"],\"address\":{\"@id\":\"https:\\\/\\\/www.eldigitaldeasturias.com\\\/noticias\\\/#postaladdress\",\"@type\":\"PostalAddress\",\"streetAddress\":\"san antonio 4\",\"postalCode\":\"33430\",\"addressLocality\":\"Cand\\u00e1s\",\"addressRegion\":\"Asturias\",\"addressCountry\":\"ES\"}},{\"@type\":\"Person\",\"@id\":\"https:\\\/\\\/www.eldigitaldeasturias.com\\\/noticias\\\/author\\\/admin\\\/#author\",\"url\":\"https:\\\/\\\/www.eldigitaldeasturias.com\\\/noticias\\\/author\\\/admin\\\/\",\"name\":\"El Digital de Asturias\",\"image\":{\"@type\":\"ImageObject\",\"@id\":\"https:\\\/\\\/www.eldigitaldeasturias.com\\\/noticias\\\/zapico-defiende-la-necesidad-de-facilitar-al-alumnado-asturiano-mas-vulnerable-el-acceso-a-la-universidad\\\/#authorImage\",\"url\":\"https:\\\/\\\/secure.gravatar.com\\\/avatar\\\/df2aeffc32bcd13f8d26072ef8a91b623d677766deac7f97ca815868cd41bf5e?s=96&d=mm&r=g\",\"width\":96,\"height\":96,\"caption\":\"El Digital de Asturias\"}},{\"@type\":\"WebPage\",\"@id\":\"https:\\\/\\\/www.eldigitaldeasturias.com\\\/noticias\\\/zapico-defiende-la-necesidad-de-facilitar-al-alumnado-asturiano-mas-vulnerable-el-acceso-a-la-universidad\\\/#webpage\",\"url\":\"https:\\\/\\\/www.eldigitaldeasturias.com\\\/noticias\\\/zapico-defiende-la-necesidad-de-facilitar-al-alumnado-asturiano-mas-vulnerable-el-acceso-a-la-universidad\\\/\",\"name\":\"Zapico defiende la necesidad de facilitar al alumnado asturiano m\\u00e1s vulnerable el acceso a la universidad - El Digital de Asturias\",\"description\":\"Zapico ha resaltado que los costes para el pago del t\\u00edtulo bachiller y de las tasas para poder presentarse a la prueba de acceso a la educaci\\u00f3n universitaria\",\"inLanguage\":\"es-ES\",\"isPartOf\":{\"@id\":\"https:\\\/\\\/www.eldigitaldeasturias.com\\\/noticias\\\/#website\"},\"breadcrumb\":{\"@id\":\"https:\\\/\\\/www.eldigitaldeasturias.com\\\/noticias\\\/zapico-defiende-la-necesidad-de-facilitar-al-alumnado-asturiano-mas-vulnerable-el-acceso-a-la-universidad\\\/#breadcrumblist\"},\"author\":{\"@id\":\"https:\\\/\\\/www.eldigitaldeasturias.com\\\/noticias\\\/author\\\/admin\\\/#author\"},\"creator\":{\"@id\":\"https:\\\/\\\/www.eldigitaldeasturias.com\\\/noticias\\\/author\\\/admin\\\/#author\"},\"image\":{\"@type\":\"ImageObject\",\"url\":1081410,\"@id\":\"https:\\\/\\\/www.eldigitaldeasturias.com\\\/noticias\\\/zapico-defiende-la-necesidad-de-facilitar-al-alumnado-asturiano-mas-vulnerable-el-acceso-a-la-universidad\\\/#mainImage\"},\"primaryImageOfPage\":{\"@id\":\"https:\\\/\\\/www.eldigitaldeasturias.com\\\/noticias\\\/zapico-defiende-la-necesidad-de-facilitar-al-alumnado-asturiano-mas-vulnerable-el-acceso-a-la-universidad\\\/#mainImage\"},\"datePublished\":\"2021-05-19T13:28:41+02:00\",\"dateModified\":\"2021-05-19T13:28:41+02:00\"},{\"@type\":\"WebSite\",\"@id\":\"https:\\\/\\\/www.eldigitaldeasturias.com\\\/noticias\\\/#website\",\"url\":\"https:\\\/\\\/www.eldigitaldeasturias.com\\\/noticias\\\/\",\"name\":\"El Digital de Asturias - Diario de actualidad y noticias\",\"alternateName\":\"El Digital de Asturias - Diario de actualidad y noticias\",\"description\":\"Hemeroteca\",\"inLanguage\":\"es-ES\",\"publisher\":{\"@id\":\"https:\\\/\\\/www.eldigitaldeasturias.com\\\/noticias\\\/#organization\"}}]}\n\t\t<\/script>\n\t\t<!-- All in One SEO Pro -->\r\n\t\t<title>Zapico defiende la necesidad de facilitar al alumnado asturiano m\u00e1s vulnerable el acceso a la universidad - El Digital de Asturias<\/title>\n\n","aioseo_head_json":{"title":"Zapico defiende la necesidad de facilitar al alumnado asturiano m\u00e1s vulnerable el acceso a la universidad - El Digital de Asturias","description":"Zapico ha resaltado que los costes para el pago del t\u00edtulo bachiller y de las tasas para poder presentarse a la prueba de acceso a la educaci\u00f3n universitaria","canonical_url":"https:\/\/www.eldigitaldeasturias.com\/noticias\/zapico-defiende-la-necesidad-de-facilitar-al-alumnado-asturiano-mas-vulnerable-el-acceso-a-la-universidad\/","robots":"max-image-preview:large","keywords":"actualidad asturias","webmasterTools":{"google-site-verification":"UA-38556648-1","msvalidate.01":"7dfe9f3f1b24437ab69f4f2559babe99","miscellaneous":""},"schema":{"@context":"https:\/\/schema.org","@graph":[{"@type":"BlogPosting","@id":"https:\/\/www.eldigitaldeasturias.com\/noticias\/zapico-defiende-la-necesidad-de-facilitar-al-alumnado-asturiano-mas-vulnerable-el-acceso-a-la-universidad\/#blogposting","name":"Zapico defiende la necesidad de facilitar al alumnado asturiano m\u00e1s vulnerable el acceso a la universidad - El Digital de Asturias","headline":"Zapico defiende la necesidad de facilitar al alumnado asturiano m\u00e1s vulnerable el acceso a la universidad","author":{"@id":"https:\/\/www.eldigitaldeasturias.com\/noticias\/author\/admin\/#author"},"publisher":{"@id":"https:\/\/www.eldigitaldeasturias.com\/noticias\/#organization"},"image":{"@type":"ImageObject","url":1081410},"datePublished":"2021-05-19T13:28:41+02:00","dateModified":"2021-05-19T13:28:41+02:00","inLanguage":"es-ES","mainEntityOfPage":{"@id":"https:\/\/www.eldigitaldeasturias.com\/noticias\/zapico-defiende-la-necesidad-de-facilitar-al-alumnado-asturiano-mas-vulnerable-el-acceso-a-la-universidad\/#webpage"},"isPartOf":{"@id":"https:\/\/www.eldigitaldeasturias.com\/noticias\/zapico-defiende-la-necesidad-de-facilitar-al-alumnado-asturiano-mas-vulnerable-el-acceso-a-la-universidad\/#webpage"},"articleSection":"Actualidad Asturias"},{"@type":"BreadcrumbList","@id":"https:\/\/www.eldigitaldeasturias.com\/noticias\/zapico-defiende-la-necesidad-de-facilitar-al-alumnado-asturiano-mas-vulnerable-el-acceso-a-la-universidad\/#breadcrumblist","itemListElement":[{"@type":"ListItem","@id":"https:\/\/www.eldigitaldeasturias.com\/noticias#listItem","position":1,"name":"Home","item":"https:\/\/www.eldigitaldeasturias.com\/noticias","nextItem":{"@type":"ListItem","@id":"https:\/\/www.eldigitaldeasturias.com\/noticias\/category\/actualidad-asturias\/#listItem","name":"Actualidad Asturias"}},{"@type":"ListItem","@id":"https:\/\/www.eldigitaldeasturias.com\/noticias\/category\/actualidad-asturias\/#listItem","position":2,"name":"Actualidad Asturias","item":"https:\/\/www.eldigitaldeasturias.com\/noticias\/category\/actualidad-asturias\/","nextItem":{"@type":"ListItem","@id":"https:\/\/www.eldigitaldeasturias.com\/noticias\/zapico-defiende-la-necesidad-de-facilitar-al-alumnado-asturiano-mas-vulnerable-el-acceso-a-la-universidad\/#listItem","name":"Zapico defiende la necesidad de facilitar al alumnado asturiano m\u00e1s vulnerable el acceso a la universidad"},"previousItem":{"@type":"ListItem","@id":"https:\/\/www.eldigitaldeasturias.com\/noticias#listItem","name":"Home"}},{"@type":"ListItem","@id":"https:\/\/www.eldigitaldeasturias.com\/noticias\/zapico-defiende-la-necesidad-de-facilitar-al-alumnado-asturiano-mas-vulnerable-el-acceso-a-la-universidad\/#listItem","position":3,"name":"Zapico defiende la necesidad de facilitar al alumnado asturiano m\u00e1s vulnerable el acceso a la universidad","previousItem":{"@type":"ListItem","@id":"https:\/\/www.eldigitaldeasturias.com\/noticias\/category\/actualidad-asturias\/#listItem","name":"Actualidad Asturias"}}]},{"@type":"Organization","@id":"https:\/\/www.eldigitaldeasturias.com\/noticias\/#organization","name":"El Digital de Asturias","description":"Hemeroteca","url":"https:\/\/www.eldigitaldeasturias.com\/noticias\/","email":"info@eldigitaldeasturias.com","telephone":"+34652131393","logo":{"@type":"ImageObject","url":"https:\/\/www.eldigitaldeasturias.com\/noticias\/wp-content\/uploads\/2020\/12\/EDA.jpg","@id":"https:\/\/www.eldigitaldeasturias.com\/noticias\/zapico-defiende-la-necesidad-de-facilitar-al-alumnado-asturiano-mas-vulnerable-el-acceso-a-la-universidad\/#organizationLogo"},"image":{"@id":"https:\/\/www.eldigitaldeasturias.com\/noticias\/zapico-defiende-la-necesidad-de-facilitar-al-alumnado-asturiano-mas-vulnerable-el-acceso-a-la-universidad\/#organizationLogo"},"sameAs":["https:\/\/facebook.com\/eldigitaldeasturias","https:\/\/www.youtube.com\/channel\/UCZP-2wLEB9Rv6erhFmqVnvg"],"address":{"@id":"https:\/\/www.eldigitaldeasturias.com\/noticias\/#postaladdress","@type":"PostalAddress","streetAddress":"san antonio 4","postalCode":"33430","addressLocality":"Cand\u00e1s","addressRegion":"Asturias","addressCountry":"ES"}},{"@type":"Person","@id":"https:\/\/www.eldigitaldeasturias.com\/noticias\/author\/admin\/#author","url":"https:\/\/www.eldigitaldeasturias.com\/noticias\/author\/admin\/","name":"El Digital de Asturias","image":{"@type":"ImageObject","@id":"https:\/\/www.eldigitaldeasturias.com\/noticias\/zapico-defiende-la-necesidad-de-facilitar-al-alumnado-asturiano-mas-vulnerable-el-acceso-a-la-universidad\/#authorImage","url":"https:\/\/secure.gravatar.com\/avatar\/df2aeffc32bcd13f8d26072ef8a91b623d677766deac7f97ca815868cd41bf5e?s=96&d=mm&r=g","width":96,"height":96,"caption":"El Digital de Asturias"}},{"@type":"WebPage","@id":"https:\/\/www.eldigitaldeasturias.com\/noticias\/zapico-defiende-la-necesidad-de-facilitar-al-alumnado-asturiano-mas-vulnerable-el-acceso-a-la-universidad\/#webpage","url":"https:\/\/www.eldigitaldeasturias.com\/noticias\/zapico-defiende-la-necesidad-de-facilitar-al-alumnado-asturiano-mas-vulnerable-el-acceso-a-la-universidad\/","name":"Zapico defiende la necesidad de facilitar al alumnado asturiano m\u00e1s vulnerable el acceso a la universidad - El Digital de Asturias","description":"Zapico ha resaltado que los costes para el pago del t\u00edtulo bachiller y de las tasas para poder presentarse a la prueba de acceso a la educaci\u00f3n universitaria","inLanguage":"es-ES","isPartOf":{"@id":"https:\/\/www.eldigitaldeasturias.com\/noticias\/#website"},"breadcrumb":{"@id":"https:\/\/www.eldigitaldeasturias.com\/noticias\/zapico-defiende-la-necesidad-de-facilitar-al-alumnado-asturiano-mas-vulnerable-el-acceso-a-la-universidad\/#breadcrumblist"},"author":{"@id":"https:\/\/www.eldigitaldeasturias.com\/noticias\/author\/admin\/#author"},"creator":{"@id":"https:\/\/www.eldigitaldeasturias.com\/noticias\/author\/admin\/#author"},"image":{"@type":"ImageObject","url":1081410,"@id":"https:\/\/www.eldigitaldeasturias.com\/noticias\/zapico-defiende-la-necesidad-de-facilitar-al-alumnado-asturiano-mas-vulnerable-el-acceso-a-la-universidad\/#mainImage"},"primaryImageOfPage":{"@id":"https:\/\/www.eldigitaldeasturias.com\/noticias\/zapico-defiende-la-necesidad-de-facilitar-al-alumnado-asturiano-mas-vulnerable-el-acceso-a-la-universidad\/#mainImage"},"datePublished":"2021-05-19T13:28:41+02:00","dateModified":"2021-05-19T13:28:41+02:00"},{"@type":"WebSite","@id":"https:\/\/www.eldigitaldeasturias.com\/noticias\/#website","url":"https:\/\/www.eldigitaldeasturias.com\/noticias\/","name":"El Digital de Asturias - Diario de actualidad y noticias","alternateName":"El Digital de Asturias - Diario de actualidad y noticias","description":"Hemeroteca","inLanguage":"es-ES","publisher":{"@id":"https:\/\/www.eldigitaldeasturias.com\/noticias\/#organization"}}]},"og:locale":"es_ES","og:site_name":"El Digital de Asturias","og:type":"article","og:title":"Zapico defiende la necesidad de facilitar al alumnado asturiano m\u00e1s vulnerable el acceso a la universidad - El Digital de Asturias","og:description":"Zapico ha resaltado que los costes para el pago del t\u00edtulo bachiller y de las tasas para poder presentarse a la prueba de acceso a la educaci\u00f3n universitaria","og:url":"https:\/\/www.eldigitaldeasturias.com\/noticias\/zapico-defiende-la-necesidad-de-facilitar-al-alumnado-asturiano-mas-vulnerable-el-acceso-a-la-universidad\/","article:tag":["actualidad asturias"],"article:published_time":"2021-05-19T12:28:41+00:00","article:modified_time":"2021-05-19T12:28:41+00:00","article:publisher":"https:\/\/facebook.com\/eldigitaldeasturias","twitter:card":"summary_large_image","twitter:title":"Zapico defiende la necesidad de facilitar al alumnado asturiano m\u00e1s vulnerable el acceso a la universidad - El Digital de Asturias","twitter:description":"Zapico ha resaltado que los costes para el pago del t\u00edtulo bachiller y de las tasas para poder presentarse a la prueba de acceso a la educaci\u00f3n universitaria","twitter:image":"https:\/\/www.eldigitaldeasturias.com\/noticias\/wp-content\/uploads\/2020\/12\/EDA-1.jpg","twitter:label1":"Escrito por","twitter:data1":"El Digital de Asturias","twitter:label2":"Tiempo de lectura estimado","twitter:data2":"3 minutos"},"aioseo_meta_data":{"post_id":"1091878","title":null,"description":"Zapico ha resaltado que los costes para el pago del t\u00edtulo bachiller y de las tasas para poder presentarse a la prueba de acceso a la educaci\u00f3n universitaria","keywords":[],"keyphrases":{"focus":[],"additional":[]},"primary_term":null,"canonical_url":null,"og_title":null,"og_description":null,"og_object_type":"default","og_image_type":"default","og_image_url":null,"og_image_width":null,"og_image_height":null,"og_image_custom_url":null,"og_image_custom_fields":null,"og_video":"","og_custom_url":null,"og_article_section":null,"og_article_tags":[],"twitter_use_og":false,"twitter_card":"default","twitter_image_type":"default","twitter_image_url":null,"twitter_image_custom_url":null,"twitter_image_custom_fields":null,"twitter_title":null,"twitter_description":null,"schema":{"blockGraphs":[],"customGraphs":[],"default":{"data":{"Article":[],"Course":[],"Dataset":[],"FAQPage":[],"Movie":[],"Person":[],"Product":[],"ProductReview":[],"Car":[],"Recipe":[],"Service":[],"SoftwareApplication":[],"WebPage":[]},"graphName":"","isEnabled":true},"graphs":[],"defaultGraph":"Article","defaultPostTypeGraph":""},"schema_type":"default","schema_type_options":"{\"article\":{\"articleType\":\"BlogPosting\"},\"course\":{\"name\":\"\",\"description\":\"\",\"provider\":\"\"},\"faq\":{\"pages\":[]},\"product\":{\"reviews\":[]},\"recipe\":{\"ingredients\":[],\"instructions\":[],\"keywords\":[]},\"software\":{\"reviews\":[],\"operatingSystems\":[]},\"webPage\":{\"webPageType\":\"WebPage\"}}","pillar_content":false,"robots_default":true,"robots_noindex":false,"robots_noarchive":false,"robots_nosnippet":false,"robots_nofollow":false,"robots_noimageindex":false,"robots_noodp":false,"robots_notranslate":false,"robots_max_snippet":"-1","robots_max_videopreview":"-1","robots_max_imagepreview":"large","priority":null,"frequency":"default","local_seo":{"locations":{"business":{"name":"","businessType":"","image":"","areaServed":"","urls":{"website":"","aboutPage":"","contactPage":""},"address":{"streetLine1":"","streetLine2":"","zipCode":"","city":"","state":"","country":"","addressFormat":"#streetLineOne\n#streetLineTwo\n#city, #state #zipCode"},"contact":{"email":"","phone":"","phoneFormatted":"","fax":"","faxFormatted":""},"ids":{"vat":"","tax":"","chamberOfCommerce":""},"payment":{"priceRange":"","currenciesAccepted":"","methods":""}}},"openingHours":{"useDefaults":true,"show":true,"alwaysOpen":false,"use24hFormat":false,"timezone":"","labels":{"closed":"","alwaysOpen":""},"days":{"monday":{"open24h":false,"closed":false,"openTime":"09:00","closeTime":"17:00"},"tuesday":{"open24h":false,"closed":false,"openTime":"09:00","closeTime":"17:00"},"wednesday":{"open24h":false,"closed":false,"openTime":"09:00","closeTime":"17:00"},"thursday":{"open24h":false,"closed":false,"openTime":"09:00","closeTime":"17:00"},"friday":{"open24h":false,"closed":false,"openTime":"09:00","closeTime":"17:00"},"saturday":{"open24h":false,"closed":false,"openTime":"09:00","closeTime":"17:00"},"sunday":{"open24h":false,"closed":false,"openTime":"09:00","closeTime":"17:00"}}}},"seo_analyzer_scan_date":"2026-07-18 00:03:04","breadcrumb_settings":null,"limit_modified_date":false,"open_ai":null,"ai":null,"created":"2021-05-19 12:25:08","updated":"2026-07-18 00:03:04","focus_keyword":null,"additional_keywords":null,"truseo_locale":null},"aioseo_breadcrumb":"<div class=\"aioseo-breadcrumbs\"><span class=\"aioseo-breadcrumb\">\n\t<a href=\"https:\/\/www.eldigitaldeasturias.com\/noticias\" title=\"Home\">Home<\/a>\n<\/span><span class=\"aioseo-breadcrumb-separator\">\u2013<\/span><span class=\"aioseo-breadcrumb\">\n\t<a href=\"https:\/\/www.eldigitaldeasturias.com\/noticias\/category\/actualidad-asturias\/\" title=\"Actualidad Asturias\">Actualidad Asturias<\/a>\n<\/span><span class=\"aioseo-breadcrumb-separator\">\u2013<\/span><span class=\"aioseo-breadcrumb\">\n\t<a href=\"https:\/\/www.eldigitaldeasturias.com\/noticias\/zapico-defiende-la-necesidad-de-facilitar-al-alumnado-asturiano-mas-vulnerable-el-acceso-a-la-universidad\/\" title=\"Zapico defiende la necesidad de facilitar al alumnado asturiano m\u00e1s vulnerable el acceso a la universidad\">Zapico defiende la necesidad de facilitar al alumnado asturiano m\u00e1s vulnerable el acceso a la universidad<\/a>\n<\/span><\/div>","aioseo_breadcrumb_json":[{"label":"Home","link":"https:\/\/www.eldigitaldeasturias.com\/noticias"},{"label":"Actualidad Asturias","link":"https:\/\/www.eldigitaldeasturias.com\/noticias\/category\/actualidad-asturias\/"},{"label":"Zapico defiende la necesidad de facilitar al alumnado asturiano m\u00e1s vulnerable el acceso a la universidad","link":"https:\/\/www.eldigitaldeasturias.com\/noticias\/zapico-defiende-la-necesidad-de-facilitar-al-alumnado-asturiano-mas-vulnerable-el-acceso-a-la-universidad\/"}],"_links":{"self":[{"href":"https:\/\/www.eldigitaldeasturias.com\/noticias\/wp-json\/wp\/v2\/posts\/1091878","targetHints":{"allow":["GET"]}}],"collection":[{"href":"https:\/\/www.eldigitaldeasturias.com\/noticias\/wp-json\/wp\/v2\/posts"}],"about":[{"href":"https:\/\/www.eldigitaldeasturias.com\/noticias\/wp-json\/wp\/v2\/types\/post"}],"author":[{"embeddable":true,"href":"https:\/\/www.eldigitaldeasturias.com\/noticias\/wp-json\/wp\/v2\/users\/1"}],"replies":[{"embeddable":true,"href":"https:\/\/www.eldigitaldeasturias.com\/noticias\/wp-json\/wp\/v2\/comments?post=1091878"}],"version-history":[{"count":0,"href":"https:\/\/www.eldigitaldeasturias.com\/noticias\/wp-json\/wp\/v2\/posts\/1091878\/revisions"}],"wp:attachment":[{"href":"https:\/\/www.eldigitaldeasturias.com\/noticias\/wp-json\/wp\/v2\/media?parent=1091878"}],"wp:term":[{"taxonomy":"category","embeddable":true,"href":"https:\/\/www.eldigitaldeasturias.com\/noticias\/wp-json\/wp\/v2\/categories?post=1091878"},{"taxonomy":"post_tag","embeddable":true,"href":"https:\/\/www.eldigitaldeasturias.com\/noticias\/wp-json\/wp\/v2\/tags?post=1091878"}],"curies":[{"name":"wp","href":"https:\/\/api.w.org\/{rel}","templated":true}]}}