{"id":1091866,"date":"2021-05-19T12:17:04","date_gmt":"2021-05-19T11:17:04","guid":{"rendered":"https:\/\/www.eldigitaldeasturias.com\/noticias\/?p=1091866"},"modified":"2021-05-19T12:17:04","modified_gmt":"2021-05-19T11:17:04","slug":"se-abre-el-juicio-por-asesinato-de-robert-durst-por-segunda-vez","status":"publish","type":"post","link":"https:\/\/www.eldigitaldeasturias.com\/noticias\/se-abre-el-juicio-por-asesinato-de-robert-durst-por-segunda-vez\/","title":{"rendered":"Se abre el juicio por asesinato de Robert Durst, por segunda vez"},"content":{"rendered":"<p><img loading=\"lazy\" decoding=\"async\" class=\"alignleft size-medium wp-image-1081459\" src=\"https:\/\/www.eldigitaldeasturias.com\/noticias\/wp-content\/uploads\/2020\/12\/judge-1587300_640-360x270.jpg\" alt=\"\" width=\"360\" height=\"270\" \/>Los \u00c1ngeles (dpa\/tca) &#8211; Susan Berman ten\u00eda cuidado de mantener sus puertas y ventanas cerradas con llave, pero no tem\u00eda a su \u00edntimo amigo Robert Durst cuando \u00e9ste se present\u00f3 en su casa de Benedict Canyon una noche de diciembre de 2000, as\u00ed que le dej\u00f3 entrar, dijo el martes un fiscal a los miembros del jurado.<\/p>\n<p>\u00abElla se dio la vuelta, dio unos pasos, y \u00e9l b\u00e1sicamente le vol\u00f3 los sesos\u00bb, dijo el fiscal adjunto John Lewin en su declaraci\u00f3n de apertura en el juicio por asesinato de Durst.<\/p>\n<p>Catorce meses despu\u00e9s de que el juicio se viera interrumpido por la pandemia de coronavirus, volvi\u00f3 a empezar el martes en un juzgado del condado de Los \u00c1ngeles en Inglewood.<\/p>\n<p>Diez testigos declararon a principios de 2020, pero los recuerdos se desvanecen, por lo que el juez del Tribunal Superior Mark Windham invit\u00f3 a los fiscales y a los abogados de la defensa a dar a los miembros del jurado una repetici\u00f3n de los argumentos iniciales.<\/p>\n<p>Durst, un demacrado heredero inmobiliario de Manhattan de 78 a\u00f1os, se sent\u00f3 encorvado en su silla de ruedas mientras el fiscal le acusaba de disparar a Berman en la nuca en un complot para encubrir el presunto asesinato en 1982 de su primera esposa Kathleen Durst en Nueva York.<\/p>\n<p>Durst no ha sido acusado de asesinar a su esposa, cuyo cuerpo nunca fue encontrado tras su desaparici\u00f3n. Pero Lewin dijo que los fiscales demostrar\u00edan, no obstante, que Durst la mat\u00f3 para que los jurados pudieran entender el motivo del asesinato de Berman.<\/p>\n<p>Durst ha dicho anteriormente que cuando Berman fue asesinada, era consciente de que los investigadores de Nueva York hab\u00edan reabierto la investigaci\u00f3n del asesinato de su esposa y estaban siguiendo nuevas pistas. Los fiscales dicen que tem\u00eda que Berman, un amigo de sus d\u00edas como estudiantes en la UCLA en la d\u00e9cada de 1960, proporcionara pruebas incriminatorias.<\/p>\n<p>Lewin dijo a los miembros del jurado el martes que los fiscales demostrar\u00edan que Berman conoc\u00eda a su asesino y le dej\u00f3 entrar en su casa porque confiaba en \u00e9l.<\/p>\n<p>\u00abNo hubo saqueo\u00bb, dijo. \u00abNo hubo lucha. De hecho, ese d\u00eda no se llevaron nada m\u00e1s que la vida de Susan. Su bolso con tarjetas de cr\u00e9dito, con el DNI y el dinero en efectivo estaba en la encimera de la cocina\u00bb.<\/p>\n<p>Los ladrones, a\u00f1adi\u00f3, roban cosas. \u00abNo entran, ejecutan a alguien y se van\u00bb.<\/p>\n<p>Se esperaba que el abogado defensor Dick DeGuerin argumentara m\u00e1s tarde el martes que Durst no mat\u00f3 a Berman.<\/p>\n<p>Cuando se inici\u00f3 el juicio el a\u00f1o pasado, DeGuerin dijo que Durst descubri\u00f3 el cad\u00e1ver de Berman en la casa y huy\u00f3 presa del p\u00e1nico. De Guerin tambi\u00e9n reconoci\u00f3 que Durst escribi\u00f3 una carta an\u00f3nima alertando a la polic\u00eda de Beverly Hills sobre el \u00abcad\u00e1ver\u00bb de Berman en la casa.<\/p>\n<p>Durst hab\u00eda negado previamente haber escrito la \u00abnota del cad\u00e1ver\u00bb en las entrevistas de v\u00eddeo que el fiscal reprodujo para el jurado el martes. Lewin mostr\u00f3 a los jurados un v\u00eddeo de 2012 en el que Durst dec\u00eda que \u00abs\u00f3lo el asesino podr\u00eda haber escrito\u00bb la nota a la polic\u00eda.<\/p>\n<p>\u00abAl igual que con muchas de las pruebas en este caso\u00bb, dijo Lewin, \u00abva a venir directamente de la propia boca del acusado\u00bb.<\/p>\n<p>Es probable que una de las fuentes clave de las pruebas de v\u00eddeo de los fiscales en el juicio sean extractos de las 20 horas de entrevistas que Durst concedi\u00f3 para la serie documental de la HBO \u00abThe Jinx: La vida y las muertes de Robert Durst\u00bb.<\/p>\n<p><i class=\"lang-en\"><span class=\" readonly\" title=\"\">Michael Finnegan, Los Angeles Times<\/span><\/i><\/p>\n<p>&nbsp;<\/p>\n","protected":false},"excerpt":{"rendered":"<p>Los \u00c1ngeles (dpa\/tca) &#8211; Susan Berman ten\u00eda cuidado de mantener sus puertas y ventanas cerradas con llave, pero no tem\u00eda a su \u00edntimo amigo Robert Durst cuando \u00e9ste se present\u00f3 en su casa de Benedict Canyon una noche de diciembre de 2000, as\u00ed que le dej\u00f3 entrar, dijo el martes un fiscal a los miembros [&hellip;]<\/p>\n","protected":false},"author":1,"featured_media":1081459,"comment_status":"closed","ping_status":"closed","sticky":false,"template":"","format":"standard","meta":{"footnotes":""},"categories":[5],"tags":[],"class_list":["post-1091866","post","type-post","status-publish","format-standard","has-post-thumbnail","hentry","category-sucesos"],"aioseo_notices":[],"aioseo_head":"\n\t\t<!-- All in One SEO Pro 5.0.1 - aioseo.com -->\n\t<meta name=\"description\" content=\"Catorce meses despu\u00e9s de que el juicio se viera interrumpido por la pandemia de coronavirus, volvi\u00f3 a empezar el martes en un juzgado del condado de Los \u00c1ngeles\" \/>\n\t<meta name=\"robots\" content=\"max-image-preview:large\" \/>\n\t<meta name=\"author\" content=\"El Digital de Asturias\"\/>\n\t<meta name=\"google-site-verification\" content=\"UA-38556648-1\" \/>\n\t<meta name=\"msvalidate.01\" content=\"7dfe9f3f1b24437ab69f4f2559babe99\" \/>\n\t<meta name=\"keywords\" content=\"sucesos\" \/>\n\t<link rel=\"canonical\" href=\"https:\/\/www.eldigitaldeasturias.com\/noticias\/se-abre-el-juicio-por-asesinato-de-robert-durst-por-segunda-vez\/\" \/>\n\t<meta name=\"generator\" content=\"All in One SEO Pro (AIOSEO) 5.0.1\" \/>\n\t\t<meta property=\"og:locale\" content=\"es_ES\" \/>\n\t\t<meta property=\"og:site_name\" content=\"El Digital de Asturias\" \/>\n\t\t<meta property=\"og:type\" content=\"article\" \/>\n\t\t<meta property=\"og:title\" content=\"Se abre el juicio por asesinato de Robert Durst, por segunda vez - El Digital de Asturias\" \/>\n\t\t<meta property=\"og:description\" content=\"Catorce meses despu\u00e9s de que el juicio se viera interrumpido por la pandemia de coronavirus, volvi\u00f3 a empezar el martes en un juzgado del condado de Los \u00c1ngeles\" \/>\n\t\t<meta property=\"og:url\" content=\"https:\/\/www.eldigitaldeasturias.com\/noticias\/se-abre-el-juicio-por-asesinato-de-robert-durst-por-segunda-vez\/\" \/>\n\t\t<meta property=\"article:tag\" content=\"sucesos\" \/>\n\t\t<meta property=\"article:published_time\" content=\"2021-05-19T11:17:04+00:00\" \/>\n\t\t<meta property=\"article:modified_time\" content=\"2021-05-19T11:17:04+00:00\" \/>\n\t\t<meta property=\"article:publisher\" content=\"https:\/\/facebook.com\/eldigitaldeasturias\" \/>\n\t\t<meta name=\"twitter:card\" content=\"summary_large_image\" \/>\n\t\t<meta name=\"twitter:title\" content=\"Se abre el juicio por asesinato de Robert Durst, por segunda vez - El Digital de Asturias\" \/>\n\t\t<meta name=\"twitter:description\" content=\"Catorce meses despu\u00e9s de que el juicio se viera interrumpido por la pandemia de coronavirus, volvi\u00f3 a empezar el martes en un juzgado del condado de Los \u00c1ngeles\" \/>\n\t\t<meta name=\"twitter:image\" content=\"https:\/\/www.eldigitaldeasturias.com\/noticias\/wp-content\/uploads\/2020\/12\/EDA-1.jpg\" \/>\n\t\t<meta name=\"twitter:label1\" content=\"Escrito por\" \/>\n\t\t<meta name=\"twitter:data1\" content=\"El Digital de Asturias\" \/>\n\t\t<meta name=\"twitter:label2\" content=\"Tiempo de lectura estimado\" \/>\n\t\t<meta name=\"twitter:data2\" content=\"3 minutos\" \/>\n\t\t<script type=\"application\/ld+json\" class=\"aioseo-schema\">\n\t\t\t{\"@context\":\"https:\\\/\\\/schema.org\",\"@graph\":[{\"@type\":\"BlogPosting\",\"@id\":\"https:\\\/\\\/www.eldigitaldeasturias.com\\\/noticias\\\/se-abre-el-juicio-por-asesinato-de-robert-durst-por-segunda-vez\\\/#blogposting\",\"name\":\"Se abre el juicio por asesinato de Robert Durst, por segunda vez - El Digital de Asturias\",\"headline\":\"Se abre el juicio por asesinato de Robert Durst, por segunda vez\",\"author\":{\"@id\":\"https:\\\/\\\/www.eldigitaldeasturias.com\\\/noticias\\\/author\\\/admin\\\/#author\"},\"publisher\":{\"@id\":\"https:\\\/\\\/www.eldigitaldeasturias.com\\\/noticias\\\/#organization\"},\"image\":{\"@type\":\"ImageObject\",\"url\":1081459},\"datePublished\":\"2021-05-19T12:17:04+02:00\",\"dateModified\":\"2021-05-19T12:17:04+02:00\",\"inLanguage\":\"es-ES\",\"mainEntityOfPage\":{\"@id\":\"https:\\\/\\\/www.eldigitaldeasturias.com\\\/noticias\\\/se-abre-el-juicio-por-asesinato-de-robert-durst-por-segunda-vez\\\/#webpage\"},\"isPartOf\":{\"@id\":\"https:\\\/\\\/www.eldigitaldeasturias.com\\\/noticias\\\/se-abre-el-juicio-por-asesinato-de-robert-durst-por-segunda-vez\\\/#webpage\"},\"articleSection\":\"Sucesos\"},{\"@type\":\"BreadcrumbList\",\"@id\":\"https:\\\/\\\/www.eldigitaldeasturias.com\\\/noticias\\\/se-abre-el-juicio-por-asesinato-de-robert-durst-por-segunda-vez\\\/#breadcrumblist\",\"itemListElement\":[{\"@type\":\"ListItem\",\"@id\":\"https:\\\/\\\/www.eldigitaldeasturias.com\\\/noticias#listItem\",\"position\":1,\"name\":\"Home\",\"item\":\"https:\\\/\\\/www.eldigitaldeasturias.com\\\/noticias\",\"nextItem\":{\"@type\":\"ListItem\",\"@id\":\"https:\\\/\\\/www.eldigitaldeasturias.com\\\/noticias\\\/category\\\/sucesos\\\/#listItem\",\"name\":\"Sucesos\"}},{\"@type\":\"ListItem\",\"@id\":\"https:\\\/\\\/www.eldigitaldeasturias.com\\\/noticias\\\/category\\\/sucesos\\\/#listItem\",\"position\":2,\"name\":\"Sucesos\",\"item\":\"https:\\\/\\\/www.eldigitaldeasturias.com\\\/noticias\\\/category\\\/sucesos\\\/\",\"nextItem\":{\"@type\":\"ListItem\",\"@id\":\"https:\\\/\\\/www.eldigitaldeasturias.com\\\/noticias\\\/se-abre-el-juicio-por-asesinato-de-robert-durst-por-segunda-vez\\\/#listItem\",\"name\":\"Se abre el juicio por asesinato de Robert Durst, por segunda vez\"},\"previousItem\":{\"@type\":\"ListItem\",\"@id\":\"https:\\\/\\\/www.eldigitaldeasturias.com\\\/noticias#listItem\",\"name\":\"Home\"}},{\"@type\":\"ListItem\",\"@id\":\"https:\\\/\\\/www.eldigitaldeasturias.com\\\/noticias\\\/se-abre-el-juicio-por-asesinato-de-robert-durst-por-segunda-vez\\\/#listItem\",\"position\":3,\"name\":\"Se abre el juicio por asesinato de Robert Durst, por segunda vez\",\"previousItem\":{\"@type\":\"ListItem\",\"@id\":\"https:\\\/\\\/www.eldigitaldeasturias.com\\\/noticias\\\/category\\\/sucesos\\\/#listItem\",\"name\":\"Sucesos\"}}]},{\"@type\":\"Organization\",\"@id\":\"https:\\\/\\\/www.eldigitaldeasturias.com\\\/noticias\\\/#organization\",\"name\":\"El Digital de Asturias\",\"description\":\"Hemeroteca\",\"url\":\"https:\\\/\\\/www.eldigitaldeasturias.com\\\/noticias\\\/\",\"email\":\"info@eldigitaldeasturias.com\",\"telephone\":\"+34652131393\",\"logo\":{\"@type\":\"ImageObject\",\"url\":\"https:\\\/\\\/www.eldigitaldeasturias.com\\\/noticias\\\/wp-content\\\/uploads\\\/2020\\\/12\\\/EDA.jpg\",\"@id\":\"https:\\\/\\\/www.eldigitaldeasturias.com\\\/noticias\\\/se-abre-el-juicio-por-asesinato-de-robert-durst-por-segunda-vez\\\/#organizationLogo\"},\"image\":{\"@id\":\"https:\\\/\\\/www.eldigitaldeasturias.com\\\/noticias\\\/se-abre-el-juicio-por-asesinato-de-robert-durst-por-segunda-vez\\\/#organizationLogo\"},\"sameAs\":[\"https:\\\/\\\/facebook.com\\\/eldigitaldeasturias\",\"https:\\\/\\\/www.youtube.com\\\/channel\\\/UCZP-2wLEB9Rv6erhFmqVnvg\"],\"address\":{\"@id\":\"https:\\\/\\\/www.eldigitaldeasturias.com\\\/noticias\\\/#postaladdress\",\"@type\":\"PostalAddress\",\"streetAddress\":\"san antonio 4\",\"postalCode\":\"33430\",\"addressLocality\":\"Cand\\u00e1s\",\"addressRegion\":\"Asturias\",\"addressCountry\":\"ES\"}},{\"@type\":\"Person\",\"@id\":\"https:\\\/\\\/www.eldigitaldeasturias.com\\\/noticias\\\/author\\\/admin\\\/#author\",\"url\":\"https:\\\/\\\/www.eldigitaldeasturias.com\\\/noticias\\\/author\\\/admin\\\/\",\"name\":\"El Digital de Asturias\",\"image\":{\"@type\":\"ImageObject\",\"@id\":\"https:\\\/\\\/www.eldigitaldeasturias.com\\\/noticias\\\/se-abre-el-juicio-por-asesinato-de-robert-durst-por-segunda-vez\\\/#authorImage\",\"url\":\"https:\\\/\\\/secure.gravatar.com\\\/avatar\\\/df2aeffc32bcd13f8d26072ef8a91b623d677766deac7f97ca815868cd41bf5e?s=96&d=mm&r=g\",\"width\":96,\"height\":96,\"caption\":\"El Digital de Asturias\"}},{\"@type\":\"WebPage\",\"@id\":\"https:\\\/\\\/www.eldigitaldeasturias.com\\\/noticias\\\/se-abre-el-juicio-por-asesinato-de-robert-durst-por-segunda-vez\\\/#webpage\",\"url\":\"https:\\\/\\\/www.eldigitaldeasturias.com\\\/noticias\\\/se-abre-el-juicio-por-asesinato-de-robert-durst-por-segunda-vez\\\/\",\"name\":\"Se abre el juicio por asesinato de Robert Durst, por segunda vez - El Digital de Asturias\",\"description\":\"Catorce meses despu\\u00e9s de que el juicio se viera interrumpido por la pandemia de coronavirus, volvi\\u00f3 a empezar el martes en un juzgado del condado de Los \\u00c1ngeles\",\"inLanguage\":\"es-ES\",\"isPartOf\":{\"@id\":\"https:\\\/\\\/www.eldigitaldeasturias.com\\\/noticias\\\/#website\"},\"breadcrumb\":{\"@id\":\"https:\\\/\\\/www.eldigitaldeasturias.com\\\/noticias\\\/se-abre-el-juicio-por-asesinato-de-robert-durst-por-segunda-vez\\\/#breadcrumblist\"},\"author\":{\"@id\":\"https:\\\/\\\/www.eldigitaldeasturias.com\\\/noticias\\\/author\\\/admin\\\/#author\"},\"creator\":{\"@id\":\"https:\\\/\\\/www.eldigitaldeasturias.com\\\/noticias\\\/author\\\/admin\\\/#author\"},\"image\":{\"@type\":\"ImageObject\",\"url\":1081459,\"@id\":\"https:\\\/\\\/www.eldigitaldeasturias.com\\\/noticias\\\/se-abre-el-juicio-por-asesinato-de-robert-durst-por-segunda-vez\\\/#mainImage\"},\"primaryImageOfPage\":{\"@id\":\"https:\\\/\\\/www.eldigitaldeasturias.com\\\/noticias\\\/se-abre-el-juicio-por-asesinato-de-robert-durst-por-segunda-vez\\\/#mainImage\"},\"datePublished\":\"2021-05-19T12:17:04+02:00\",\"dateModified\":\"2021-05-19T12:17:04+02:00\"},{\"@type\":\"WebSite\",\"@id\":\"https:\\\/\\\/www.eldigitaldeasturias.com\\\/noticias\\\/#website\",\"url\":\"https:\\\/\\\/www.eldigitaldeasturias.com\\\/noticias\\\/\",\"name\":\"El Digital de Asturias - Diario de actualidad y noticias\",\"alternateName\":\"El Digital de Asturias - Diario de actualidad y noticias\",\"description\":\"Hemeroteca\",\"inLanguage\":\"es-ES\",\"publisher\":{\"@id\":\"https:\\\/\\\/www.eldigitaldeasturias.com\\\/noticias\\\/#organization\"}}]}\n\t\t<\/script>\n\t\t<!-- All in One SEO Pro -->\r\n\t\t<title>Se abre el juicio por asesinato de Robert Durst, por segunda vez - El Digital de Asturias<\/title>\n\n","aioseo_head_json":{"title":"Se abre el juicio por asesinato de Robert Durst, por segunda vez - El Digital de Asturias","description":"Catorce meses despu\u00e9s de que el juicio se viera interrumpido por la pandemia de coronavirus, volvi\u00f3 a empezar el martes en un juzgado del condado de Los \u00c1ngeles","canonical_url":"https:\/\/www.eldigitaldeasturias.com\/noticias\/se-abre-el-juicio-por-asesinato-de-robert-durst-por-segunda-vez\/","robots":"max-image-preview:large","keywords":"sucesos","webmasterTools":{"google-site-verification":"UA-38556648-1","msvalidate.01":"7dfe9f3f1b24437ab69f4f2559babe99","miscellaneous":""},"schema":{"@context":"https:\/\/schema.org","@graph":[{"@type":"BlogPosting","@id":"https:\/\/www.eldigitaldeasturias.com\/noticias\/se-abre-el-juicio-por-asesinato-de-robert-durst-por-segunda-vez\/#blogposting","name":"Se abre el juicio por asesinato de Robert Durst, por segunda vez - El Digital de Asturias","headline":"Se abre el juicio por asesinato de Robert Durst, por segunda vez","author":{"@id":"https:\/\/www.eldigitaldeasturias.com\/noticias\/author\/admin\/#author"},"publisher":{"@id":"https:\/\/www.eldigitaldeasturias.com\/noticias\/#organization"},"image":{"@type":"ImageObject","url":1081459},"datePublished":"2021-05-19T12:17:04+02:00","dateModified":"2021-05-19T12:17:04+02:00","inLanguage":"es-ES","mainEntityOfPage":{"@id":"https:\/\/www.eldigitaldeasturias.com\/noticias\/se-abre-el-juicio-por-asesinato-de-robert-durst-por-segunda-vez\/#webpage"},"isPartOf":{"@id":"https:\/\/www.eldigitaldeasturias.com\/noticias\/se-abre-el-juicio-por-asesinato-de-robert-durst-por-segunda-vez\/#webpage"},"articleSection":"Sucesos"},{"@type":"BreadcrumbList","@id":"https:\/\/www.eldigitaldeasturias.com\/noticias\/se-abre-el-juicio-por-asesinato-de-robert-durst-por-segunda-vez\/#breadcrumblist","itemListElement":[{"@type":"ListItem","@id":"https:\/\/www.eldigitaldeasturias.com\/noticias#listItem","position":1,"name":"Home","item":"https:\/\/www.eldigitaldeasturias.com\/noticias","nextItem":{"@type":"ListItem","@id":"https:\/\/www.eldigitaldeasturias.com\/noticias\/category\/sucesos\/#listItem","name":"Sucesos"}},{"@type":"ListItem","@id":"https:\/\/www.eldigitaldeasturias.com\/noticias\/category\/sucesos\/#listItem","position":2,"name":"Sucesos","item":"https:\/\/www.eldigitaldeasturias.com\/noticias\/category\/sucesos\/","nextItem":{"@type":"ListItem","@id":"https:\/\/www.eldigitaldeasturias.com\/noticias\/se-abre-el-juicio-por-asesinato-de-robert-durst-por-segunda-vez\/#listItem","name":"Se abre el juicio por asesinato de Robert Durst, por segunda vez"},"previousItem":{"@type":"ListItem","@id":"https:\/\/www.eldigitaldeasturias.com\/noticias#listItem","name":"Home"}},{"@type":"ListItem","@id":"https:\/\/www.eldigitaldeasturias.com\/noticias\/se-abre-el-juicio-por-asesinato-de-robert-durst-por-segunda-vez\/#listItem","position":3,"name":"Se abre el juicio por asesinato de Robert Durst, por segunda vez","previousItem":{"@type":"ListItem","@id":"https:\/\/www.eldigitaldeasturias.com\/noticias\/category\/sucesos\/#listItem","name":"Sucesos"}}]},{"@type":"Organization","@id":"https:\/\/www.eldigitaldeasturias.com\/noticias\/#organization","name":"El Digital de Asturias","description":"Hemeroteca","url":"https:\/\/www.eldigitaldeasturias.com\/noticias\/","email":"info@eldigitaldeasturias.com","telephone":"+34652131393","logo":{"@type":"ImageObject","url":"https:\/\/www.eldigitaldeasturias.com\/noticias\/wp-content\/uploads\/2020\/12\/EDA.jpg","@id":"https:\/\/www.eldigitaldeasturias.com\/noticias\/se-abre-el-juicio-por-asesinato-de-robert-durst-por-segunda-vez\/#organizationLogo"},"image":{"@id":"https:\/\/www.eldigitaldeasturias.com\/noticias\/se-abre-el-juicio-por-asesinato-de-robert-durst-por-segunda-vez\/#organizationLogo"},"sameAs":["https:\/\/facebook.com\/eldigitaldeasturias","https:\/\/www.youtube.com\/channel\/UCZP-2wLEB9Rv6erhFmqVnvg"],"address":{"@id":"https:\/\/www.eldigitaldeasturias.com\/noticias\/#postaladdress","@type":"PostalAddress","streetAddress":"san antonio 4","postalCode":"33430","addressLocality":"Cand\u00e1s","addressRegion":"Asturias","addressCountry":"ES"}},{"@type":"Person","@id":"https:\/\/www.eldigitaldeasturias.com\/noticias\/author\/admin\/#author","url":"https:\/\/www.eldigitaldeasturias.com\/noticias\/author\/admin\/","name":"El Digital de Asturias","image":{"@type":"ImageObject","@id":"https:\/\/www.eldigitaldeasturias.com\/noticias\/se-abre-el-juicio-por-asesinato-de-robert-durst-por-segunda-vez\/#authorImage","url":"https:\/\/secure.gravatar.com\/avatar\/df2aeffc32bcd13f8d26072ef8a91b623d677766deac7f97ca815868cd41bf5e?s=96&d=mm&r=g","width":96,"height":96,"caption":"El Digital de Asturias"}},{"@type":"WebPage","@id":"https:\/\/www.eldigitaldeasturias.com\/noticias\/se-abre-el-juicio-por-asesinato-de-robert-durst-por-segunda-vez\/#webpage","url":"https:\/\/www.eldigitaldeasturias.com\/noticias\/se-abre-el-juicio-por-asesinato-de-robert-durst-por-segunda-vez\/","name":"Se abre el juicio por asesinato de Robert Durst, por segunda vez - El Digital de Asturias","description":"Catorce meses despu\u00e9s de que el juicio se viera interrumpido por la pandemia de coronavirus, volvi\u00f3 a empezar el martes en un juzgado del condado de Los \u00c1ngeles","inLanguage":"es-ES","isPartOf":{"@id":"https:\/\/www.eldigitaldeasturias.com\/noticias\/#website"},"breadcrumb":{"@id":"https:\/\/www.eldigitaldeasturias.com\/noticias\/se-abre-el-juicio-por-asesinato-de-robert-durst-por-segunda-vez\/#breadcrumblist"},"author":{"@id":"https:\/\/www.eldigitaldeasturias.com\/noticias\/author\/admin\/#author"},"creator":{"@id":"https:\/\/www.eldigitaldeasturias.com\/noticias\/author\/admin\/#author"},"image":{"@type":"ImageObject","url":1081459,"@id":"https:\/\/www.eldigitaldeasturias.com\/noticias\/se-abre-el-juicio-por-asesinato-de-robert-durst-por-segunda-vez\/#mainImage"},"primaryImageOfPage":{"@id":"https:\/\/www.eldigitaldeasturias.com\/noticias\/se-abre-el-juicio-por-asesinato-de-robert-durst-por-segunda-vez\/#mainImage"},"datePublished":"2021-05-19T12:17:04+02:00","dateModified":"2021-05-19T12:17:04+02:00"},{"@type":"WebSite","@id":"https:\/\/www.eldigitaldeasturias.com\/noticias\/#website","url":"https:\/\/www.eldigitaldeasturias.com\/noticias\/","name":"El Digital de Asturias - Diario de actualidad y noticias","alternateName":"El Digital de Asturias - Diario de actualidad y noticias","description":"Hemeroteca","inLanguage":"es-ES","publisher":{"@id":"https:\/\/www.eldigitaldeasturias.com\/noticias\/#organization"}}]},"og:locale":"es_ES","og:site_name":"El Digital de Asturias","og:type":"article","og:title":"Se abre el juicio por asesinato de Robert Durst, por segunda vez - El Digital de Asturias","og:description":"Catorce meses despu\u00e9s de que el juicio se viera interrumpido por la pandemia de coronavirus, volvi\u00f3 a empezar el martes en un juzgado del condado de Los \u00c1ngeles","og:url":"https:\/\/www.eldigitaldeasturias.com\/noticias\/se-abre-el-juicio-por-asesinato-de-robert-durst-por-segunda-vez\/","article:tag":["sucesos"],"article:published_time":"2021-05-19T11:17:04+00:00","article:modified_time":"2021-05-19T11:17:04+00:00","article:publisher":"https:\/\/facebook.com\/eldigitaldeasturias","twitter:card":"summary_large_image","twitter:title":"Se abre el juicio por asesinato de Robert Durst, por segunda vez - El Digital de Asturias","twitter:description":"Catorce meses despu\u00e9s de que el juicio se viera interrumpido por la pandemia de coronavirus, volvi\u00f3 a empezar el martes en un juzgado del condado de Los \u00c1ngeles","twitter:image":"https:\/\/www.eldigitaldeasturias.com\/noticias\/wp-content\/uploads\/2020\/12\/EDA-1.jpg","twitter:label1":"Escrito por","twitter:data1":"El Digital de Asturias","twitter:label2":"Tiempo de lectura estimado","twitter:data2":"3 minutos"},"aioseo_meta_data":{"post_id":"1091866","title":null,"description":"Catorce meses despu\u00e9s de que el juicio se viera interrumpido por la pandemia de coronavirus, volvi\u00f3 a empezar el martes en un juzgado del condado de Los \u00c1ngeles","keywords":[],"keyphrases":{"focus":[],"additional":[]},"primary_term":null,"canonical_url":null,"og_title":null,"og_description":null,"og_object_type":"default","og_image_type":"default","og_image_url":null,"og_image_width":null,"og_image_height":null,"og_image_custom_url":null,"og_image_custom_fields":null,"og_video":"","og_custom_url":null,"og_article_section":null,"og_article_tags":[],"twitter_use_og":false,"twitter_card":"default","twitter_image_type":"default","twitter_image_url":null,"twitter_image_custom_url":null,"twitter_image_custom_fields":null,"twitter_title":null,"twitter_description":null,"schema":{"blockGraphs":[],"customGraphs":[],"default":{"data":{"Article":[],"Course":[],"Dataset":[],"FAQPage":[],"Movie":[],"Person":[],"Product":[],"ProductReview":[],"Car":[],"Recipe":[],"Service":[],"SoftwareApplication":[],"WebPage":[]},"graphName":"","isEnabled":true},"graphs":[],"defaultGraph":"Article","defaultPostTypeGraph":""},"schema_type":"default","schema_type_options":"{\"article\":{\"articleType\":\"BlogPosting\"},\"course\":{\"name\":\"\",\"description\":\"\",\"provider\":\"\"},\"faq\":{\"pages\":[]},\"product\":{\"reviews\":[]},\"recipe\":{\"ingredients\":[],\"instructions\":[],\"keywords\":[]},\"software\":{\"reviews\":[],\"operatingSystems\":[]},\"webPage\":{\"webPageType\":\"WebPage\"}}","pillar_content":false,"robots_default":true,"robots_noindex":false,"robots_noarchive":false,"robots_nosnippet":false,"robots_nofollow":false,"robots_noimageindex":false,"robots_noodp":false,"robots_notranslate":false,"robots_max_snippet":"-1","robots_max_videopreview":"-1","robots_max_imagepreview":"large","priority":null,"frequency":"default","local_seo":{"locations":{"business":{"name":"","businessType":"","image":"","areaServed":"","urls":{"website":"","aboutPage":"","contactPage":""},"address":{"streetLine1":"","streetLine2":"","zipCode":"","city":"","state":"","country":"","addressFormat":"#streetLineOne\n#streetLineTwo\n#city, #state #zipCode"},"contact":{"email":"","phone":"","phoneFormatted":"","fax":"","faxFormatted":""},"ids":{"vat":"","tax":"","chamberOfCommerce":""},"payment":{"priceRange":"","currenciesAccepted":"","methods":""}}},"openingHours":{"useDefaults":true,"show":true,"alwaysOpen":false,"use24hFormat":false,"timezone":"","labels":{"closed":"","alwaysOpen":""},"days":{"monday":{"open24h":false,"closed":false,"openTime":"09:00","closeTime":"17:00"},"tuesday":{"open24h":false,"closed":false,"openTime":"09:00","closeTime":"17:00"},"wednesday":{"open24h":false,"closed":false,"openTime":"09:00","closeTime":"17:00"},"thursday":{"open24h":false,"closed":false,"openTime":"09:00","closeTime":"17:00"},"friday":{"open24h":false,"closed":false,"openTime":"09:00","closeTime":"17:00"},"saturday":{"open24h":false,"closed":false,"openTime":"09:00","closeTime":"17:00"},"sunday":{"open24h":false,"closed":false,"openTime":"09:00","closeTime":"17:00"}}}},"seo_analyzer_scan_date":"2026-07-17 23:58:30","breadcrumb_settings":null,"limit_modified_date":false,"open_ai":null,"ai":null,"created":"2021-05-19 11:14:06","updated":"2026-07-17 23:58:30","focus_keyword":null,"additional_keywords":null,"truseo_locale":null},"aioseo_breadcrumb":"<div class=\"aioseo-breadcrumbs\"><span class=\"aioseo-breadcrumb\">\n\t<a href=\"https:\/\/www.eldigitaldeasturias.com\/noticias\" title=\"Home\">Home<\/a>\n<\/span><span class=\"aioseo-breadcrumb-separator\">\u2013<\/span><span class=\"aioseo-breadcrumb\">\n\t<a href=\"https:\/\/www.eldigitaldeasturias.com\/noticias\/category\/sucesos\/\" title=\"Sucesos\">Sucesos<\/a>\n<\/span><span class=\"aioseo-breadcrumb-separator\">\u2013<\/span><span class=\"aioseo-breadcrumb\">\n\t<a href=\"https:\/\/www.eldigitaldeasturias.com\/noticias\/se-abre-el-juicio-por-asesinato-de-robert-durst-por-segunda-vez\/\" title=\"Se abre el juicio por asesinato de Robert Durst, por segunda vez\">Se abre el juicio por asesinato de Robert Durst, por segunda vez<\/a>\n<\/span><\/div>","aioseo_breadcrumb_json":[{"label":"Home","link":"https:\/\/www.eldigitaldeasturias.com\/noticias"},{"label":"Sucesos","link":"https:\/\/www.eldigitaldeasturias.com\/noticias\/category\/sucesos\/"},{"label":"Se abre el juicio por asesinato de Robert Durst, por segunda vez","link":"https:\/\/www.eldigitaldeasturias.com\/noticias\/se-abre-el-juicio-por-asesinato-de-robert-durst-por-segunda-vez\/"}],"_links":{"self":[{"href":"https:\/\/www.eldigitaldeasturias.com\/noticias\/wp-json\/wp\/v2\/posts\/1091866","targetHints":{"allow":["GET"]}}],"collection":[{"href":"https:\/\/www.eldigitaldeasturias.com\/noticias\/wp-json\/wp\/v2\/posts"}],"about":[{"href":"https:\/\/www.eldigitaldeasturias.com\/noticias\/wp-json\/wp\/v2\/types\/post"}],"author":[{"embeddable":true,"href":"https:\/\/www.eldigitaldeasturias.com\/noticias\/wp-json\/wp\/v2\/users\/1"}],"replies":[{"embeddable":true,"href":"https:\/\/www.eldigitaldeasturias.com\/noticias\/wp-json\/wp\/v2\/comments?post=1091866"}],"version-history":[{"count":0,"href":"https:\/\/www.eldigitaldeasturias.com\/noticias\/wp-json\/wp\/v2\/posts\/1091866\/revisions"}],"wp:attachment":[{"href":"https:\/\/www.eldigitaldeasturias.com\/noticias\/wp-json\/wp\/v2\/media?parent=1091866"}],"wp:term":[{"taxonomy":"category","embeddable":true,"href":"https:\/\/www.eldigitaldeasturias.com\/noticias\/wp-json\/wp\/v2\/categories?post=1091866"},{"taxonomy":"post_tag","embeddable":true,"href":"https:\/\/www.eldigitaldeasturias.com\/noticias\/wp-json\/wp\/v2\/tags?post=1091866"}],"curies":[{"name":"wp","href":"https:\/\/api.w.org\/{rel}","templated":true}]}}