{"id":1091777,"date":"2021-05-17T18:39:20","date_gmt":"2021-05-17T17:39:20","guid":{"rendered":"https:\/\/www.eldigitaldeasturias.com\/noticias\/?p=1091777"},"modified":"2021-05-17T18:39:20","modified_gmt":"2021-05-17T17:39:20","slug":"vinetistas-espanoles-parte-de-la-historia-nacional-mas-irreverente-y-necesaria","status":"publish","type":"post","link":"https:\/\/www.eldigitaldeasturias.com\/noticias\/vinetistas-espanoles-parte-de-la-historia-nacional-mas-irreverente-y-necesaria\/","title":{"rendered":"Vi\u00f1etistas espa\u00f1oles, parte de la historia nacional m\u00e1s irreverente y necesaria"},"content":{"rendered":"<p><img loading=\"lazy\" decoding=\"async\" class=\"alignleft size-medium wp-image-1091778\" src=\"https:\/\/www.eldigitaldeasturias.com\/noticias\/wp-content\/uploads\/2021\/05\/Vinetistas-espanoles-266x320.jpg\" alt=\"\" width=\"266\" height=\"320\" \/>Espa\u00f1a posee una larga tradici\u00f3n de vi\u00f1etistas, gente valiente y creativa que a partir de sus dibujos y un humor refinado, culto y cr\u00edtico analizaba la situaci\u00f3n del pa\u00eds. Una forma honesta y muy divertida de ver el mundo que, afortunadamente, sigue vigente en nuestros d\u00edas<\/p>\n<p><strong>Los vi\u00f1etistas han sabido dar en la clave de los problemas cotidianos del mundo, con un an\u00e1lisis cr\u00edtico de la sociedad que no dej\u00f3 nunca a nadie indiferente<\/strong>. La habilidad para describir una situaci\u00f3n comprometida, dura, dif\u00edcil, en el justo momento, con sentido del humor, deber\u00eda dejar aplausos y sombreros al alza cuando se habla de estos intr\u00e9pidos artistas. Nombres como Mingote, Forges o, m\u00e1s recientemente, El roto elevan el noble arte de realizar vi\u00f1etas a la categor\u00eda de genialidad.<\/p>\n<h2><strong>Vi\u00f1etistas referentes en Espa\u00f1a<\/strong><\/h2>\n<p>En la actualidad, todav\u00eda nacen verdaderas <strong>obras maestras en tiras de peri\u00f3dico<\/strong>, como por ejemplo las <span style=\"color: #ff6600;\"><strong><a style=\"color: #ff6600;\" href=\"https:\/\/www.ourense.com\/paulino\/\" target=\"_blank\" rel=\"noopener\">vi\u00f1etas de paulino<\/a><\/strong><\/span> de Xosevich. Este artista forma <strong>parte ilustre de la nueva generaci\u00f3n de vi\u00f1etistas <\/strong>espa\u00f1oles que siguen la tradici\u00f3n de la s\u00e1tira m\u00e1s culta y noble que dedican su trabajo a publicar, diariamente en peri\u00f3dicos, su visi\u00f3n de la pol\u00edtica y la sociedad en clave humor\u00edstica.<\/p>\n<p><strong>Paulino sigue la senda de los grandes autores de vi\u00f1etas creadores de personajes buenos y sencillos<\/strong>, con la idiosincrasia propia de un lugar determinado, en este caso Orense, que con iron\u00eda y sabidur\u00eda desgajan los espacios m\u00e1s oscuros de la sociedad que les ha tocado vivir. <strong>Xosevich confirma su calidad publicando en el diario digital <span style=\"color: #ff6600;\"><a style=\"color: #ff6600;\" href=\"https:\/\/www.ourense.com\/\" target=\"_blank\" rel=\"noopener\">Ourense.com<\/a><\/span><\/strong>, donde se puede apreciar su elevado nivel art\u00edstico. <strong>Xosevich es un digno heredero de los grandes vi\u00f1etistas de la historia de Espa\u00f1a <\/strong>que han publicado en los medios nacionales m\u00e1s importantes durante el \u00faltimo siglo.<\/p>\n<h2><strong>\u00c1ngel Antonio Mingote Barrachina, Mingote<\/strong><\/h2>\n<p>Considerado como <strong>el maestro<\/strong>, este especialista del humor sat\u00edrico <strong>comenz\u00f3 a publicar dibujos a la edad de 13 a\u00f1os en la revista Blanco y Negro<\/strong>, por lo que nadie podr\u00e1 negar jam\u00e1s su vocaci\u00f3n por la vi\u00f1eta. Desde 1953, fue la estrella indiscutible en el peri\u00f3dico ABC, convirti\u00e9ndose en todo un <strong>prodigio del humor, la iron\u00eda, el sarcasmo y la inteligencia<\/strong>.<\/p>\n<p>Trabaj\u00f3 con sus dibujos para la legendaria revista La Codorniz, dibuj\u00f3 decorados, vallas para el espacio p\u00fablico, carteles, escribi\u00f3 para teatro, novela y cine, llegando a publicar nada menos que <strong>15 libros de vi\u00f1etas<\/strong>, atrevi\u00e9ndose a <strong>ilustrar nada menos que El Quijote<\/strong>. Nos abandonar\u00eda definitivamente el 3 de abril de 2012.<\/p>\n<h2><strong>Rafael Antonio Benito Fraguas de Pablo, Forges<\/strong><\/h2>\n<p>Este grande de la vi\u00f1eta tambi\u00e9n lo fue de la televisi\u00f3n, nos dej\u00f3 en el 2018, pero su legado art\u00edstico se mantiene vigente ahora y por muchos a\u00f1os. <strong>Desde 1973, se dedic\u00f3 de lleno al humor gr\u00e1fico <\/strong>en revistas como La Codorniz, Arriba y Pueblo. Su trayectoria lo llev\u00f3 a escribir para El Jueves, Hermano Lobo, Diez Minutos, Diario 16, Intervi\u00fa\u2026 pero para Forges, esto no era suficiente. <strong>Dirigi\u00f3 dos pel\u00edculas, cuatro series y un programa de radio<\/strong>. Adem\u00e1s, lleg\u00f3 a publicar nada menos que <strong>30 libros y un buen n\u00famero de coleccionables<\/strong>, adem\u00e1s de fundar el peri\u00f3dico El Mundo\u2026 todo un trabajador incansable del humor gr\u00e1fico.<\/p>\n<h2><strong>Jos\u00e9 Mar\u00eda P\u00e9rez Gonz\u00e1lez, Peridis<\/strong><\/h2>\n<p>Parece que a los genios les gusta dibujar, hacer re\u00edr y ser cr\u00edticos con la pol\u00edtica y el mundo en el que viven. <strong>Peridis es arquitecto, dibujante, humorista y escritor<\/strong>. Comenz\u00f3 su carrera en el Diario Palentino a Informaciones en los a\u00f1os setenta para pasar a El Pa\u00eds antes de que recibiera ese nombre. <strong>Colabor\u00f3 con el primer n\u00famero de este peri\u00f3dico nacional en el 76 y todav\u00eda contin\u00faa<\/strong>.Todo el trabajo de vi\u00f1etas que hizo para este peri\u00f3dico se puede ver en seis libros publicados por la editorial Turpial.<\/p>\n<h2><strong>Andr\u00e9s R\u00e1bago Garc\u00eda, El Roto<\/strong><\/h2>\n<p>El Roto es mucho m\u00e1s que un humorista gr\u00e1fico, es un <strong>fil\u00f3sofo de la vi\u00f1eta<\/strong>, un verdadero portento que es <strong>capaz de hacer re\u00edr mientras obliga a pensar seriamente<\/strong>. Impresionantes sus vi\u00f1etas y chistes sobre los temas m\u00e1s complejos y duros de la sociedad actual. Este autodidacta es una <strong>vacuna radical para el conformismo social<\/strong>, rompe barreras antes de que se construyan, el Roto es una luz de realidad comprensible, resumida, asequible en un mundo de sombras confusas.<\/p>\n<p>Andr\u00e9s R\u00e1bago Garc\u00eda tambi\u00e9n colabor\u00f3 en Hermano Lobo, la Codorniz o en El Jueves. <strong>Empez\u00f3 a usar el Pseud\u00f3nimo de El Roto cuando comenzaron sus colaboraciones en Cambio 16<\/strong>, El Peri\u00f3dico de Catalunya, Diario 16, y finalmente en el Pa\u00eds con su secci\u00f3n de opini\u00f3n sat\u00edrica que conquista mentes y corazones cada vez que publica una tira.<\/p>\n<p>Pero, como todo buen vi\u00f1etista, no puede estar quieto y hacer solo una actividad, tambi\u00e9n ha hecho <strong>m\u00e1s de 90 exposiciones de pintura, ha ilustrado libros, es guionista y escen\u00f3grafo<\/strong>. Fue <strong>premiado por La Edad del Silencio, un corto de animaci\u00f3n de 1978 en el Festival de Cine Internacional de San Sebastian<\/strong>. Tiene publicados m\u00e1s de 20 libros y algunos premios por su obra, como el Premio Internacional del Humor Gat Perich, el Premio Nacional de Ilustraci\u00f3n y Premio Asociaci\u00f3n Pro Derechos Humanos.<\/p>\n<p>Otros artistas de las tiras c\u00f3micas impresas fueron, son y ser\u00e1n <strong>Chumy Chumez, Mena y Orcajo<\/strong>.<\/p>\n<p>&nbsp;<\/p>\n","protected":false},"excerpt":{"rendered":"<p>Espa\u00f1a posee una larga tradici\u00f3n de vi\u00f1etistas, gente valiente y creativa que a partir de sus dibujos y un humor refinado, culto y cr\u00edtico analizaba la situaci\u00f3n del pa\u00eds. Una forma honesta y muy divertida de ver el mundo que, afortunadamente, sigue vigente en nuestros d\u00edas Los vi\u00f1etistas han sabido dar en la clave de [&hellip;]<\/p>\n","protected":false},"author":1,"featured_media":1132184,"comment_status":"closed","ping_status":"closed","sticky":false,"template":"","format":"standard","meta":{"footnotes":""},"categories":[28],"tags":[],"class_list":["post-1091777","post","type-post","status-publish","format-standard","has-post-thumbnail","hentry","category-sociedad"],"aioseo_notices":[],"aioseo_head":"\n\t\t<!-- All in One SEO Pro 5.0.1 - aioseo.com -->\n\t<meta name=\"description\" content=\"Los vi\u00f1etistas han sabido dar en la clave de los problemas cotidianos del mundo, con un an\u00e1lisis cr\u00edtico de la sociedad que no dej\u00f3 nunca a nadie indiferente\" \/>\n\t<meta name=\"robots\" content=\"max-image-preview:large\" \/>\n\t<meta name=\"author\" content=\"El Digital de Asturias\"\/>\n\t<meta name=\"google-site-verification\" content=\"UA-38556648-1\" \/>\n\t<meta name=\"msvalidate.01\" content=\"7dfe9f3f1b24437ab69f4f2559babe99\" \/>\n\t<meta name=\"keywords\" content=\"sociedad\" \/>\n\t<link rel=\"canonical\" href=\"https:\/\/www.eldigitaldeasturias.com\/noticias\/vinetistas-espanoles-parte-de-la-historia-nacional-mas-irreverente-y-necesaria\/\" \/>\n\t<meta name=\"generator\" content=\"All in One SEO Pro (AIOSEO) 5.0.1\" \/>\n\t\t<meta property=\"og:locale\" content=\"es_ES\" \/>\n\t\t<meta property=\"og:site_name\" content=\"El Digital de Asturias\" \/>\n\t\t<meta property=\"og:type\" content=\"article\" \/>\n\t\t<meta property=\"og:title\" content=\"Vi\u00f1etistas espa\u00f1oles, parte de la historia nacional m\u00e1s irreverente y necesaria - El Digital de Asturias\" \/>\n\t\t<meta property=\"og:description\" content=\"Los vi\u00f1etistas han sabido dar en la clave de los problemas cotidianos del mundo, con un an\u00e1lisis cr\u00edtico de la sociedad que no dej\u00f3 nunca a nadie indiferente\" \/>\n\t\t<meta property=\"og:url\" content=\"https:\/\/www.eldigitaldeasturias.com\/noticias\/vinetistas-espanoles-parte-de-la-historia-nacional-mas-irreverente-y-necesaria\/\" \/>\n\t\t<meta property=\"og:image\" content=\"https:\/\/www.eldigitaldeasturias.com\/noticias\/wp-content\/uploads\/2026\/06\/Contenidos.jpg\" \/>\n\t\t<meta property=\"og:image:secure_url\" content=\"https:\/\/www.eldigitaldeasturias.com\/noticias\/wp-content\/uploads\/2026\/06\/Contenidos.jpg\" \/>\n\t\t<meta property=\"og:image:width\" content=\"1265\" \/>\n\t\t<meta property=\"og:image:height\" content=\"697\" \/>\n\t\t<meta property=\"article:tag\" content=\"sociedad\" \/>\n\t\t<meta property=\"article:published_time\" content=\"2021-05-17T17:39:20+00:00\" \/>\n\t\t<meta property=\"article:modified_time\" content=\"2021-05-17T17:39:20+00:00\" \/>\n\t\t<meta property=\"article:publisher\" content=\"https:\/\/facebook.com\/eldigitaldeasturias\" \/>\n\t\t<meta name=\"twitter:card\" content=\"summary_large_image\" \/>\n\t\t<meta name=\"twitter:title\" content=\"Vi\u00f1etistas espa\u00f1oles, parte de la historia nacional m\u00e1s irreverente y necesaria - El Digital de Asturias\" \/>\n\t\t<meta name=\"twitter:description\" content=\"Los vi\u00f1etistas han sabido dar en la clave de los problemas cotidianos del mundo, con un an\u00e1lisis cr\u00edtico de la sociedad que no dej\u00f3 nunca a nadie indiferente\" \/>\n\t\t<meta name=\"twitter:image\" content=\"https:\/\/www.eldigitaldeasturias.com\/noticias\/wp-content\/uploads\/2026\/06\/Contenidos.jpg\" \/>\n\t\t<meta name=\"twitter:label1\" content=\"Escrito por\" \/>\n\t\t<meta name=\"twitter:data1\" content=\"El Digital de Asturias\" \/>\n\t\t<meta name=\"twitter:label2\" content=\"Tiempo de lectura estimado\" \/>\n\t\t<meta name=\"twitter:data2\" content=\"5 minutos\" \/>\n\t\t<script type=\"application\/ld+json\" class=\"aioseo-schema\">\n\t\t\t{\"@context\":\"https:\\\/\\\/schema.org\",\"@graph\":[{\"@type\":\"BlogPosting\",\"@id\":\"https:\\\/\\\/www.eldigitaldeasturias.com\\\/noticias\\\/vinetistas-espanoles-parte-de-la-historia-nacional-mas-irreverente-y-necesaria\\\/#blogposting\",\"name\":\"Vi\\u00f1etistas espa\\u00f1oles, parte de la historia nacional m\\u00e1s irreverente y necesaria - El Digital de Asturias\",\"headline\":\"Vi\\u00f1etistas espa\\u00f1oles, parte de la historia nacional m\\u00e1s irreverente y necesaria\",\"author\":{\"@id\":\"https:\\\/\\\/www.eldigitaldeasturias.com\\\/noticias\\\/author\\\/admin\\\/#author\"},\"publisher\":{\"@id\":\"https:\\\/\\\/www.eldigitaldeasturias.com\\\/noticias\\\/#organization\"},\"image\":{\"@type\":\"ImageObject\",\"url\":\"https:\\\/\\\/www.eldigitaldeasturias.com\\\/noticias\\\/wp-content\\\/uploads\\\/2026\\\/06\\\/Contenidos.jpg\",\"width\":1265,\"height\":697,\"caption\":\"Contenidos\"},\"datePublished\":\"2021-05-17T18:39:20+02:00\",\"dateModified\":\"2021-05-17T18:39:20+02:00\",\"inLanguage\":\"es-ES\",\"mainEntityOfPage\":{\"@id\":\"https:\\\/\\\/www.eldigitaldeasturias.com\\\/noticias\\\/vinetistas-espanoles-parte-de-la-historia-nacional-mas-irreverente-y-necesaria\\\/#webpage\"},\"isPartOf\":{\"@id\":\"https:\\\/\\\/www.eldigitaldeasturias.com\\\/noticias\\\/vinetistas-espanoles-parte-de-la-historia-nacional-mas-irreverente-y-necesaria\\\/#webpage\"},\"articleSection\":\"Sociedad\"},{\"@type\":\"BreadcrumbList\",\"@id\":\"https:\\\/\\\/www.eldigitaldeasturias.com\\\/noticias\\\/vinetistas-espanoles-parte-de-la-historia-nacional-mas-irreverente-y-necesaria\\\/#breadcrumblist\",\"itemListElement\":[{\"@type\":\"ListItem\",\"@id\":\"https:\\\/\\\/www.eldigitaldeasturias.com\\\/noticias#listItem\",\"position\":1,\"name\":\"Home\",\"item\":\"https:\\\/\\\/www.eldigitaldeasturias.com\\\/noticias\",\"nextItem\":{\"@type\":\"ListItem\",\"@id\":\"https:\\\/\\\/www.eldigitaldeasturias.com\\\/noticias\\\/category\\\/sociedad\\\/#listItem\",\"name\":\"Sociedad\"}},{\"@type\":\"ListItem\",\"@id\":\"https:\\\/\\\/www.eldigitaldeasturias.com\\\/noticias\\\/category\\\/sociedad\\\/#listItem\",\"position\":2,\"name\":\"Sociedad\",\"item\":\"https:\\\/\\\/www.eldigitaldeasturias.com\\\/noticias\\\/category\\\/sociedad\\\/\",\"nextItem\":{\"@type\":\"ListItem\",\"@id\":\"https:\\\/\\\/www.eldigitaldeasturias.com\\\/noticias\\\/vinetistas-espanoles-parte-de-la-historia-nacional-mas-irreverente-y-necesaria\\\/#listItem\",\"name\":\"Vi\\u00f1etistas espa\\u00f1oles, parte de la historia nacional m\\u00e1s irreverente y necesaria\"},\"previousItem\":{\"@type\":\"ListItem\",\"@id\":\"https:\\\/\\\/www.eldigitaldeasturias.com\\\/noticias#listItem\",\"name\":\"Home\"}},{\"@type\":\"ListItem\",\"@id\":\"https:\\\/\\\/www.eldigitaldeasturias.com\\\/noticias\\\/vinetistas-espanoles-parte-de-la-historia-nacional-mas-irreverente-y-necesaria\\\/#listItem\",\"position\":3,\"name\":\"Vi\\u00f1etistas espa\\u00f1oles, parte de la historia nacional m\\u00e1s irreverente y necesaria\",\"previousItem\":{\"@type\":\"ListItem\",\"@id\":\"https:\\\/\\\/www.eldigitaldeasturias.com\\\/noticias\\\/category\\\/sociedad\\\/#listItem\",\"name\":\"Sociedad\"}}]},{\"@type\":\"Organization\",\"@id\":\"https:\\\/\\\/www.eldigitaldeasturias.com\\\/noticias\\\/#organization\",\"name\":\"El Digital de Asturias\",\"description\":\"Hemeroteca\",\"url\":\"https:\\\/\\\/www.eldigitaldeasturias.com\\\/noticias\\\/\",\"email\":\"info@eldigitaldeasturias.com\",\"telephone\":\"+34652131393\",\"logo\":{\"@type\":\"ImageObject\",\"url\":\"https:\\\/\\\/www.eldigitaldeasturias.com\\\/noticias\\\/wp-content\\\/uploads\\\/2020\\\/12\\\/EDA.jpg\",\"@id\":\"https:\\\/\\\/www.eldigitaldeasturias.com\\\/noticias\\\/vinetistas-espanoles-parte-de-la-historia-nacional-mas-irreverente-y-necesaria\\\/#organizationLogo\"},\"image\":{\"@id\":\"https:\\\/\\\/www.eldigitaldeasturias.com\\\/noticias\\\/vinetistas-espanoles-parte-de-la-historia-nacional-mas-irreverente-y-necesaria\\\/#organizationLogo\"},\"sameAs\":[\"https:\\\/\\\/facebook.com\\\/eldigitaldeasturias\",\"https:\\\/\\\/www.youtube.com\\\/channel\\\/UCZP-2wLEB9Rv6erhFmqVnvg\"],\"address\":{\"@id\":\"https:\\\/\\\/www.eldigitaldeasturias.com\\\/noticias\\\/#postaladdress\",\"@type\":\"PostalAddress\",\"streetAddress\":\"san antonio 4\",\"postalCode\":\"33430\",\"addressLocality\":\"Cand\\u00e1s\",\"addressRegion\":\"Asturias\",\"addressCountry\":\"ES\"}},{\"@type\":\"Person\",\"@id\":\"https:\\\/\\\/www.eldigitaldeasturias.com\\\/noticias\\\/author\\\/admin\\\/#author\",\"url\":\"https:\\\/\\\/www.eldigitaldeasturias.com\\\/noticias\\\/author\\\/admin\\\/\",\"name\":\"El Digital de Asturias\",\"image\":{\"@type\":\"ImageObject\",\"@id\":\"https:\\\/\\\/www.eldigitaldeasturias.com\\\/noticias\\\/vinetistas-espanoles-parte-de-la-historia-nacional-mas-irreverente-y-necesaria\\\/#authorImage\",\"url\":\"https:\\\/\\\/secure.gravatar.com\\\/avatar\\\/df2aeffc32bcd13f8d26072ef8a91b623d677766deac7f97ca815868cd41bf5e?s=96&d=mm&r=g\",\"width\":96,\"height\":96,\"caption\":\"El Digital de Asturias\"}},{\"@type\":\"WebPage\",\"@id\":\"https:\\\/\\\/www.eldigitaldeasturias.com\\\/noticias\\\/vinetistas-espanoles-parte-de-la-historia-nacional-mas-irreverente-y-necesaria\\\/#webpage\",\"url\":\"https:\\\/\\\/www.eldigitaldeasturias.com\\\/noticias\\\/vinetistas-espanoles-parte-de-la-historia-nacional-mas-irreverente-y-necesaria\\\/\",\"name\":\"Vi\\u00f1etistas espa\\u00f1oles, parte de la historia nacional m\\u00e1s irreverente y necesaria - El Digital de Asturias\",\"description\":\"Los vi\\u00f1etistas han sabido dar en la clave de los problemas cotidianos del mundo, con un an\\u00e1lisis cr\\u00edtico de la sociedad que no dej\\u00f3 nunca a nadie indiferente\",\"inLanguage\":\"es-ES\",\"isPartOf\":{\"@id\":\"https:\\\/\\\/www.eldigitaldeasturias.com\\\/noticias\\\/#website\"},\"breadcrumb\":{\"@id\":\"https:\\\/\\\/www.eldigitaldeasturias.com\\\/noticias\\\/vinetistas-espanoles-parte-de-la-historia-nacional-mas-irreverente-y-necesaria\\\/#breadcrumblist\"},\"author\":{\"@id\":\"https:\\\/\\\/www.eldigitaldeasturias.com\\\/noticias\\\/author\\\/admin\\\/#author\"},\"creator\":{\"@id\":\"https:\\\/\\\/www.eldigitaldeasturias.com\\\/noticias\\\/author\\\/admin\\\/#author\"},\"image\":{\"@type\":\"ImageObject\",\"url\":\"https:\\\/\\\/www.eldigitaldeasturias.com\\\/noticias\\\/wp-content\\\/uploads\\\/2026\\\/06\\\/Contenidos.jpg\",\"@id\":\"https:\\\/\\\/www.eldigitaldeasturias.com\\\/noticias\\\/vinetistas-espanoles-parte-de-la-historia-nacional-mas-irreverente-y-necesaria\\\/#mainImage\",\"width\":1265,\"height\":697,\"caption\":\"Contenidos\"},\"primaryImageOfPage\":{\"@id\":\"https:\\\/\\\/www.eldigitaldeasturias.com\\\/noticias\\\/vinetistas-espanoles-parte-de-la-historia-nacional-mas-irreverente-y-necesaria\\\/#mainImage\"},\"datePublished\":\"2021-05-17T18:39:20+02:00\",\"dateModified\":\"2021-05-17T18:39:20+02:00\"},{\"@type\":\"WebSite\",\"@id\":\"https:\\\/\\\/www.eldigitaldeasturias.com\\\/noticias\\\/#website\",\"url\":\"https:\\\/\\\/www.eldigitaldeasturias.com\\\/noticias\\\/\",\"name\":\"El Digital de Asturias - Diario de actualidad y noticias\",\"alternateName\":\"El Digital de Asturias - Diario de actualidad y noticias\",\"description\":\"Hemeroteca\",\"inLanguage\":\"es-ES\",\"publisher\":{\"@id\":\"https:\\\/\\\/www.eldigitaldeasturias.com\\\/noticias\\\/#organization\"}}]}\n\t\t<\/script>\n\t\t<!-- All in One SEO Pro -->\r\n\t\t<title>Vi\u00f1etistas espa\u00f1oles, parte de la historia nacional m\u00e1s irreverente y necesaria - El Digital de Asturias<\/title>\n\n","aioseo_head_json":{"title":"Vi\u00f1etistas espa\u00f1oles, parte de la historia nacional m\u00e1s irreverente y necesaria - El Digital de Asturias","description":"Los vi\u00f1etistas han sabido dar en la clave de los problemas cotidianos del mundo, con un an\u00e1lisis cr\u00edtico de la sociedad que no dej\u00f3 nunca a nadie indiferente","canonical_url":"https:\/\/www.eldigitaldeasturias.com\/noticias\/vinetistas-espanoles-parte-de-la-historia-nacional-mas-irreverente-y-necesaria\/","robots":"max-image-preview:large","keywords":"sociedad","webmasterTools":{"google-site-verification":"UA-38556648-1","msvalidate.01":"7dfe9f3f1b24437ab69f4f2559babe99","miscellaneous":""},"schema":{"@context":"https:\/\/schema.org","@graph":[{"@type":"BlogPosting","@id":"https:\/\/www.eldigitaldeasturias.com\/noticias\/vinetistas-espanoles-parte-de-la-historia-nacional-mas-irreverente-y-necesaria\/#blogposting","name":"Vi\u00f1etistas espa\u00f1oles, parte de la historia nacional m\u00e1s irreverente y necesaria - El Digital de Asturias","headline":"Vi\u00f1etistas espa\u00f1oles, parte de la historia nacional m\u00e1s irreverente y necesaria","author":{"@id":"https:\/\/www.eldigitaldeasturias.com\/noticias\/author\/admin\/#author"},"publisher":{"@id":"https:\/\/www.eldigitaldeasturias.com\/noticias\/#organization"},"image":{"@type":"ImageObject","url":"https:\/\/www.eldigitaldeasturias.com\/noticias\/wp-content\/uploads\/2026\/06\/Contenidos.jpg","width":1265,"height":697,"caption":"Contenidos"},"datePublished":"2021-05-17T18:39:20+02:00","dateModified":"2021-05-17T18:39:20+02:00","inLanguage":"es-ES","mainEntityOfPage":{"@id":"https:\/\/www.eldigitaldeasturias.com\/noticias\/vinetistas-espanoles-parte-de-la-historia-nacional-mas-irreverente-y-necesaria\/#webpage"},"isPartOf":{"@id":"https:\/\/www.eldigitaldeasturias.com\/noticias\/vinetistas-espanoles-parte-de-la-historia-nacional-mas-irreverente-y-necesaria\/#webpage"},"articleSection":"Sociedad"},{"@type":"BreadcrumbList","@id":"https:\/\/www.eldigitaldeasturias.com\/noticias\/vinetistas-espanoles-parte-de-la-historia-nacional-mas-irreverente-y-necesaria\/#breadcrumblist","itemListElement":[{"@type":"ListItem","@id":"https:\/\/www.eldigitaldeasturias.com\/noticias#listItem","position":1,"name":"Home","item":"https:\/\/www.eldigitaldeasturias.com\/noticias","nextItem":{"@type":"ListItem","@id":"https:\/\/www.eldigitaldeasturias.com\/noticias\/category\/sociedad\/#listItem","name":"Sociedad"}},{"@type":"ListItem","@id":"https:\/\/www.eldigitaldeasturias.com\/noticias\/category\/sociedad\/#listItem","position":2,"name":"Sociedad","item":"https:\/\/www.eldigitaldeasturias.com\/noticias\/category\/sociedad\/","nextItem":{"@type":"ListItem","@id":"https:\/\/www.eldigitaldeasturias.com\/noticias\/vinetistas-espanoles-parte-de-la-historia-nacional-mas-irreverente-y-necesaria\/#listItem","name":"Vi\u00f1etistas espa\u00f1oles, parte de la historia nacional m\u00e1s irreverente y necesaria"},"previousItem":{"@type":"ListItem","@id":"https:\/\/www.eldigitaldeasturias.com\/noticias#listItem","name":"Home"}},{"@type":"ListItem","@id":"https:\/\/www.eldigitaldeasturias.com\/noticias\/vinetistas-espanoles-parte-de-la-historia-nacional-mas-irreverente-y-necesaria\/#listItem","position":3,"name":"Vi\u00f1etistas espa\u00f1oles, parte de la historia nacional m\u00e1s irreverente y necesaria","previousItem":{"@type":"ListItem","@id":"https:\/\/www.eldigitaldeasturias.com\/noticias\/category\/sociedad\/#listItem","name":"Sociedad"}}]},{"@type":"Organization","@id":"https:\/\/www.eldigitaldeasturias.com\/noticias\/#organization","name":"El Digital de Asturias","description":"Hemeroteca","url":"https:\/\/www.eldigitaldeasturias.com\/noticias\/","email":"info@eldigitaldeasturias.com","telephone":"+34652131393","logo":{"@type":"ImageObject","url":"https:\/\/www.eldigitaldeasturias.com\/noticias\/wp-content\/uploads\/2020\/12\/EDA.jpg","@id":"https:\/\/www.eldigitaldeasturias.com\/noticias\/vinetistas-espanoles-parte-de-la-historia-nacional-mas-irreverente-y-necesaria\/#organizationLogo"},"image":{"@id":"https:\/\/www.eldigitaldeasturias.com\/noticias\/vinetistas-espanoles-parte-de-la-historia-nacional-mas-irreverente-y-necesaria\/#organizationLogo"},"sameAs":["https:\/\/facebook.com\/eldigitaldeasturias","https:\/\/www.youtube.com\/channel\/UCZP-2wLEB9Rv6erhFmqVnvg"],"address":{"@id":"https:\/\/www.eldigitaldeasturias.com\/noticias\/#postaladdress","@type":"PostalAddress","streetAddress":"san antonio 4","postalCode":"33430","addressLocality":"Cand\u00e1s","addressRegion":"Asturias","addressCountry":"ES"}},{"@type":"Person","@id":"https:\/\/www.eldigitaldeasturias.com\/noticias\/author\/admin\/#author","url":"https:\/\/www.eldigitaldeasturias.com\/noticias\/author\/admin\/","name":"El Digital de Asturias","image":{"@type":"ImageObject","@id":"https:\/\/www.eldigitaldeasturias.com\/noticias\/vinetistas-espanoles-parte-de-la-historia-nacional-mas-irreverente-y-necesaria\/#authorImage","url":"https:\/\/secure.gravatar.com\/avatar\/df2aeffc32bcd13f8d26072ef8a91b623d677766deac7f97ca815868cd41bf5e?s=96&d=mm&r=g","width":96,"height":96,"caption":"El Digital de Asturias"}},{"@type":"WebPage","@id":"https:\/\/www.eldigitaldeasturias.com\/noticias\/vinetistas-espanoles-parte-de-la-historia-nacional-mas-irreverente-y-necesaria\/#webpage","url":"https:\/\/www.eldigitaldeasturias.com\/noticias\/vinetistas-espanoles-parte-de-la-historia-nacional-mas-irreverente-y-necesaria\/","name":"Vi\u00f1etistas espa\u00f1oles, parte de la historia nacional m\u00e1s irreverente y necesaria - El Digital de Asturias","description":"Los vi\u00f1etistas han sabido dar en la clave de los problemas cotidianos del mundo, con un an\u00e1lisis cr\u00edtico de la sociedad que no dej\u00f3 nunca a nadie indiferente","inLanguage":"es-ES","isPartOf":{"@id":"https:\/\/www.eldigitaldeasturias.com\/noticias\/#website"},"breadcrumb":{"@id":"https:\/\/www.eldigitaldeasturias.com\/noticias\/vinetistas-espanoles-parte-de-la-historia-nacional-mas-irreverente-y-necesaria\/#breadcrumblist"},"author":{"@id":"https:\/\/www.eldigitaldeasturias.com\/noticias\/author\/admin\/#author"},"creator":{"@id":"https:\/\/www.eldigitaldeasturias.com\/noticias\/author\/admin\/#author"},"image":{"@type":"ImageObject","url":"https:\/\/www.eldigitaldeasturias.com\/noticias\/wp-content\/uploads\/2026\/06\/Contenidos.jpg","@id":"https:\/\/www.eldigitaldeasturias.com\/noticias\/vinetistas-espanoles-parte-de-la-historia-nacional-mas-irreverente-y-necesaria\/#mainImage","width":1265,"height":697,"caption":"Contenidos"},"primaryImageOfPage":{"@id":"https:\/\/www.eldigitaldeasturias.com\/noticias\/vinetistas-espanoles-parte-de-la-historia-nacional-mas-irreverente-y-necesaria\/#mainImage"},"datePublished":"2021-05-17T18:39:20+02:00","dateModified":"2021-05-17T18:39:20+02:00"},{"@type":"WebSite","@id":"https:\/\/www.eldigitaldeasturias.com\/noticias\/#website","url":"https:\/\/www.eldigitaldeasturias.com\/noticias\/","name":"El Digital de Asturias - Diario de actualidad y noticias","alternateName":"El Digital de Asturias - Diario de actualidad y noticias","description":"Hemeroteca","inLanguage":"es-ES","publisher":{"@id":"https:\/\/www.eldigitaldeasturias.com\/noticias\/#organization"}}]},"og:locale":"es_ES","og:site_name":"El Digital de Asturias","og:type":"article","og:title":"Vi\u00f1etistas espa\u00f1oles, parte de la historia nacional m\u00e1s irreverente y necesaria - El Digital de Asturias","og:description":"Los vi\u00f1etistas han sabido dar en la clave de los problemas cotidianos del mundo, con un an\u00e1lisis cr\u00edtico de la sociedad que no dej\u00f3 nunca a nadie indiferente","og:url":"https:\/\/www.eldigitaldeasturias.com\/noticias\/vinetistas-espanoles-parte-de-la-historia-nacional-mas-irreverente-y-necesaria\/","og:image":"https:\/\/www.eldigitaldeasturias.com\/noticias\/wp-content\/uploads\/2026\/06\/Contenidos.jpg","og:image:secure_url":"https:\/\/www.eldigitaldeasturias.com\/noticias\/wp-content\/uploads\/2026\/06\/Contenidos.jpg","og:image:width":1265,"og:image:height":697,"article:tag":["sociedad"],"article:published_time":"2021-05-17T17:39:20+00:00","article:modified_time":"2021-05-17T17:39:20+00:00","article:publisher":"https:\/\/facebook.com\/eldigitaldeasturias","twitter:card":"summary_large_image","twitter:title":"Vi\u00f1etistas espa\u00f1oles, parte de la historia nacional m\u00e1s irreverente y necesaria - El Digital de Asturias","twitter:description":"Los vi\u00f1etistas han sabido dar en la clave de los problemas cotidianos del mundo, con un an\u00e1lisis cr\u00edtico de la sociedad que no dej\u00f3 nunca a nadie indiferente","twitter:image":"https:\/\/www.eldigitaldeasturias.com\/noticias\/wp-content\/uploads\/2026\/06\/Contenidos.jpg","twitter:label1":"Escrito por","twitter:data1":"El Digital de Asturias","twitter:label2":"Tiempo de lectura estimado","twitter:data2":"5 minutos"},"aioseo_meta_data":{"post_id":"1091777","title":null,"description":"Los vi\u00f1etistas han sabido dar en la clave de los problemas cotidianos del mundo, con un an\u00e1lisis cr\u00edtico de la sociedad que no dej\u00f3 nunca a nadie indiferente","keywords":[],"keyphrases":{"focus":[],"additional":[]},"primary_term":null,"canonical_url":null,"og_title":null,"og_description":null,"og_object_type":"default","og_image_type":"default","og_image_url":null,"og_image_width":null,"og_image_height":null,"og_image_custom_url":null,"og_image_custom_fields":null,"og_video":"","og_custom_url":null,"og_article_section":null,"og_article_tags":[],"twitter_use_og":false,"twitter_card":"default","twitter_image_type":"default","twitter_image_url":null,"twitter_image_custom_url":null,"twitter_image_custom_fields":null,"twitter_title":null,"twitter_description":null,"schema":{"blockGraphs":[],"customGraphs":[],"default":{"data":{"Article":[],"Course":[],"Dataset":[],"FAQPage":[],"Movie":[],"Person":[],"Product":[],"ProductReview":[],"Car":[],"Recipe":[],"Service":[],"SoftwareApplication":[],"WebPage":[]},"graphName":"","isEnabled":true},"graphs":[],"defaultGraph":"Article","defaultPostTypeGraph":""},"schema_type":"default","schema_type_options":"{\"article\":{\"articleType\":\"BlogPosting\"},\"course\":{\"name\":\"\",\"description\":\"\",\"provider\":\"\"},\"faq\":{\"pages\":[]},\"product\":{\"reviews\":[]},\"recipe\":{\"ingredients\":[],\"instructions\":[],\"keywords\":[]},\"software\":{\"reviews\":[],\"operatingSystems\":[]},\"webPage\":{\"webPageType\":\"WebPage\"}}","pillar_content":false,"robots_default":true,"robots_noindex":false,"robots_noarchive":false,"robots_nosnippet":false,"robots_nofollow":false,"robots_noimageindex":false,"robots_noodp":false,"robots_notranslate":false,"robots_max_snippet":"-1","robots_max_videopreview":"-1","robots_max_imagepreview":"large","priority":null,"frequency":"default","local_seo":{"locations":{"business":{"name":"","businessType":"","image":"","areaServed":"","urls":{"website":"","aboutPage":"","contactPage":""},"address":{"streetLine1":"","streetLine2":"","zipCode":"","city":"","state":"","country":"","addressFormat":"#streetLineOne\n#streetLineTwo\n#city, #state #zipCode"},"contact":{"email":"","phone":"","phoneFormatted":"","fax":"","faxFormatted":""},"ids":{"vat":"","tax":"","chamberOfCommerce":""},"payment":{"priceRange":"","currenciesAccepted":"","methods":""}}},"openingHours":{"useDefaults":true,"show":true,"alwaysOpen":false,"use24hFormat":false,"timezone":"","labels":{"closed":"","alwaysOpen":""},"days":{"monday":{"open24h":false,"closed":false,"openTime":"09:00","closeTime":"17:00"},"tuesday":{"open24h":false,"closed":false,"openTime":"09:00","closeTime":"17:00"},"wednesday":{"open24h":false,"closed":false,"openTime":"09:00","closeTime":"17:00"},"thursday":{"open24h":false,"closed":false,"openTime":"09:00","closeTime":"17:00"},"friday":{"open24h":false,"closed":false,"openTime":"09:00","closeTime":"17:00"},"saturday":{"open24h":false,"closed":false,"openTime":"09:00","closeTime":"17:00"},"sunday":{"open24h":false,"closed":false,"openTime":"09:00","closeTime":"17:00"}}}},"seo_analyzer_scan_date":"2026-07-17 23:25:24","breadcrumb_settings":null,"limit_modified_date":false,"open_ai":null,"ai":null,"created":"2021-05-17 17:33:24","updated":"2026-07-17 23:25:24","focus_keyword":null,"additional_keywords":null,"truseo_locale":null},"aioseo_breadcrumb":"<div class=\"aioseo-breadcrumbs\"><span class=\"aioseo-breadcrumb\">\n\t<a href=\"https:\/\/www.eldigitaldeasturias.com\/noticias\" title=\"Home\">Home<\/a>\n<\/span><span class=\"aioseo-breadcrumb-separator\">\u2013<\/span><span class=\"aioseo-breadcrumb\">\n\t<a href=\"https:\/\/www.eldigitaldeasturias.com\/noticias\/category\/sociedad\/\" title=\"Sociedad\">Sociedad<\/a>\n<\/span><span class=\"aioseo-breadcrumb-separator\">\u2013<\/span><span class=\"aioseo-breadcrumb\">\n\t<a href=\"https:\/\/www.eldigitaldeasturias.com\/noticias\/vinetistas-espanoles-parte-de-la-historia-nacional-mas-irreverente-y-necesaria\/\" title=\"Vi\u00f1etistas espa\u00f1oles, parte de la historia nacional m\u00e1s irreverente y necesaria\">Vi\u00f1etistas espa\u00f1oles, parte de la historia nacional m\u00e1s irreverente y necesaria<\/a>\n<\/span><\/div>","aioseo_breadcrumb_json":[{"label":"Home","link":"https:\/\/www.eldigitaldeasturias.com\/noticias"},{"label":"Sociedad","link":"https:\/\/www.eldigitaldeasturias.com\/noticias\/category\/sociedad\/"},{"label":"Vi\u00f1etistas espa\u00f1oles, parte de la historia nacional m\u00e1s irreverente y necesaria","link":"https:\/\/www.eldigitaldeasturias.com\/noticias\/vinetistas-espanoles-parte-de-la-historia-nacional-mas-irreverente-y-necesaria\/"}],"_links":{"self":[{"href":"https:\/\/www.eldigitaldeasturias.com\/noticias\/wp-json\/wp\/v2\/posts\/1091777","targetHints":{"allow":["GET"]}}],"collection":[{"href":"https:\/\/www.eldigitaldeasturias.com\/noticias\/wp-json\/wp\/v2\/posts"}],"about":[{"href":"https:\/\/www.eldigitaldeasturias.com\/noticias\/wp-json\/wp\/v2\/types\/post"}],"author":[{"embeddable":true,"href":"https:\/\/www.eldigitaldeasturias.com\/noticias\/wp-json\/wp\/v2\/users\/1"}],"replies":[{"embeddable":true,"href":"https:\/\/www.eldigitaldeasturias.com\/noticias\/wp-json\/wp\/v2\/comments?post=1091777"}],"version-history":[{"count":0,"href":"https:\/\/www.eldigitaldeasturias.com\/noticias\/wp-json\/wp\/v2\/posts\/1091777\/revisions"}],"wp:featuredmedia":[{"embeddable":true,"href":"https:\/\/www.eldigitaldeasturias.com\/noticias\/wp-json\/wp\/v2\/media\/1132184"}],"wp:attachment":[{"href":"https:\/\/www.eldigitaldeasturias.com\/noticias\/wp-json\/wp\/v2\/media?parent=1091777"}],"wp:term":[{"taxonomy":"category","embeddable":true,"href":"https:\/\/www.eldigitaldeasturias.com\/noticias\/wp-json\/wp\/v2\/categories?post=1091777"},{"taxonomy":"post_tag","embeddable":true,"href":"https:\/\/www.eldigitaldeasturias.com\/noticias\/wp-json\/wp\/v2\/tags?post=1091777"}],"curies":[{"name":"wp","href":"https:\/\/api.w.org\/{rel}","templated":true}]}}