{"id":1091757,"date":"2021-05-17T10:38:04","date_gmt":"2021-05-17T09:38:04","guid":{"rendered":"https:\/\/www.eldigitaldeasturias.com\/noticias\/?p=1091757"},"modified":"2021-05-17T10:38:04","modified_gmt":"2021-05-17T09:38:04","slug":"celebracion-de-la-semana-de-la-administracion-abierta-en-asturias","status":"publish","type":"post","link":"https:\/\/www.eldigitaldeasturias.com\/noticias\/celebracion-de-la-semana-de-la-administracion-abierta-en-asturias\/","title":{"rendered":"Celebraci\u00f3n de la Semana de la Administraci\u00f3n Abierta en Asturias"},"content":{"rendered":"<p><img loading=\"lazy\" decoding=\"async\" class=\"alignleft size-medium wp-image-1066663\" src=\"https:\/\/www.eldigitaldeasturias.com\/noticias\/wp-content\/uploads\/2020\/05\/notis-360x240.jpg\" alt=\"\" width=\"360\" height=\"240\" \/>El Principado se adhiere a la celebraci\u00f3n de la Semana de la Administraci\u00f3n Abierta con un amplio programa de actividades que se desarrollar\u00e1 a partir de hoy lunes y hasta el viernes con el objetivo de acercar la gesti\u00f3n p\u00fablica a la ciudadan\u00eda bajo los principios del gobierno abierto: transparencia, rendici\u00f3n de cuentas, participaci\u00f3n y colaboraci\u00f3n.<\/p>\n<p><strong>Asturias se suma a la iniciativa mundial Open Gov Week que impulsa la Alianza para el Gobierno Abierto<\/strong> (OGP) y que en Espa\u00f1a se enmarca dentro de las acciones de formaci\u00f3n, sensibilizaci\u00f3n y educaci\u00f3n del IV Plan de Gobierno Abierto.<\/p>\n<p>As\u00ed, se han organizado distintos tipos de eventos como cursos, seminarios, exposici\u00f3n de buenas pr\u00e1cticas, vistas p\u00fablicas, presentaci\u00f3n de encuestas, actos de promoci\u00f3n de la participaci\u00f3n ciudadana y videoconferencias.<\/p>\n<p>En los \u00faltimos a\u00f1os, las democracias m\u00e1s avanzadas han realizado un importante esfuerzo para abrir las instituciones a la ciudadan\u00eda, un prop\u00f3sito que comparte el Gobierno de Asturias. Con este fin, la Administraci\u00f3n auton\u00f3mica ha ido avanzando en aspectos como la transparencia o la participaci\u00f3n: en 2017 se dise\u00f1\u00f3 el Libro Blanco de la Participaci\u00f3n y en 2018 se aprob\u00f3 la Ley de Transparencia, Buen Gobierno y Grupos de Inter\u00e9s.<\/p>\n<p>Actualmente, la sociedad asturiana tiene la posibilidad de acceder a un importante caudal de informaci\u00f3n sobre la Administraci\u00f3n a trav\u00e9s del Portal de Transparencia y tambi\u00e9n solicitar aquella que le interese. <strong>En los \u00faltimos meses, el Principado ha compartido m\u00e1s de 1.300 conjuntos de datos en el portal de datos abiertos del Gobierno de Espa\u00f1a<\/strong>, por lo que se sit\u00faa como tercera comunidad aut\u00f3noma en volumen de informaci\u00f3n.<\/p>\n<p>Adem\u00e1s la ciudadan\u00eda tambi\u00e9n tiene la posibilidad de realizar aportaciones a leyes, decretos y planes en proceso de elaboraci\u00f3n a trav\u00e9s del Portal de Participaci\u00f3n.<\/p>\n<h2>Nuevos portales para mejorar el acceso a la informaci\u00f3n<\/h2>\n<p>El Ejecutivo trabaja en los tres aspectos del gobierno abierto: transparencia, participaci\u00f3n y open data, para mejorar el uso y el acceso a la informaci\u00f3n, para lo que est\u00e1 desarrollando nuevos portales web que podr\u00edan entrar en funcionamiento en el segundo semestre.<\/p>\n<p>Adem\u00e1s, este a\u00f1o est\u00e1 previsto finalizar el borrador de la Ley de Participaci\u00f3n Ciudadana y se avanza en la normativa de transparencia, as\u00ed como en el plan estrat\u00e9gico de esta materia.<\/p>\n<p>Por otra parte, se crear\u00e1 un Foro de Gobierno Abierto como espacio de encuentro entre la Administraci\u00f3n y la sociedad asturiana. Asimismo, se han llevado a cabo acciones formativas a trav\u00e9s del Instituto Asturiano de la Administraci\u00f3n P\u00fablica, un trabajo que continuar\u00e1 en el \u00e1mbito educativo. Igualmente, se ha reforzado la presencia del Principado en redes nacionales e internacionales como OGP y se trabaja en una Estrategia de Gobernanza P\u00fablica.<\/p>\n<p>&nbsp;<\/p>\n","protected":false},"excerpt":{"rendered":"<p>El Principado se adhiere a la celebraci\u00f3n de la Semana de la Administraci\u00f3n Abierta con un amplio programa de actividades que se desarrollar\u00e1 a partir de hoy lunes y hasta el viernes con el objetivo de acercar la gesti\u00f3n p\u00fablica a la ciudadan\u00eda bajo los principios del gobierno abierto: transparencia, rendici\u00f3n de cuentas, participaci\u00f3n y [&hellip;]<\/p>\n","protected":false},"author":1,"featured_media":1066663,"comment_status":"closed","ping_status":"closed","sticky":false,"template":"","format":"standard","meta":{"footnotes":""},"categories":[12],"tags":[],"class_list":["post-1091757","post","type-post","status-publish","format-standard","has-post-thumbnail","hentry","category-actualidad-asturias"],"aioseo_notices":[],"aioseo_head":"\n\t\t<!-- All in One SEO Pro 5.0.1 - aioseo.com -->\n\t<meta name=\"description\" content=\"El Principado se adhiere a la celebraci\u00f3n de la Semana de la Administraci\u00f3n Abierta con un amplio programa de actividades que se desarrollar\u00e1 a partir de hoy\" \/>\n\t<meta name=\"robots\" content=\"max-image-preview:large\" \/>\n\t<meta name=\"author\" content=\"El Digital de Asturias\"\/>\n\t<meta name=\"google-site-verification\" content=\"UA-38556648-1\" \/>\n\t<meta name=\"msvalidate.01\" content=\"7dfe9f3f1b24437ab69f4f2559babe99\" \/>\n\t<meta name=\"keywords\" content=\"actualidad asturias\" \/>\n\t<link rel=\"canonical\" href=\"https:\/\/www.eldigitaldeasturias.com\/noticias\/celebracion-de-la-semana-de-la-administracion-abierta-en-asturias\/\" \/>\n\t<meta name=\"generator\" content=\"All in One SEO Pro (AIOSEO) 5.0.1\" \/>\n\t\t<meta property=\"og:locale\" content=\"es_ES\" \/>\n\t\t<meta property=\"og:site_name\" content=\"El Digital de Asturias\" \/>\n\t\t<meta property=\"og:type\" content=\"article\" \/>\n\t\t<meta property=\"og:title\" content=\"Celebraci\u00f3n de la Semana de la Administraci\u00f3n Abierta en Asturias - El Digital de Asturias\" \/>\n\t\t<meta property=\"og:description\" content=\"El Principado se adhiere a la celebraci\u00f3n de la Semana de la Administraci\u00f3n Abierta con un amplio programa de actividades que se desarrollar\u00e1 a partir de hoy\" \/>\n\t\t<meta property=\"og:url\" content=\"https:\/\/www.eldigitaldeasturias.com\/noticias\/celebracion-de-la-semana-de-la-administracion-abierta-en-asturias\/\" \/>\n\t\t<meta property=\"article:tag\" content=\"actualidad asturias\" \/>\n\t\t<meta property=\"article:published_time\" content=\"2021-05-17T09:38:04+00:00\" \/>\n\t\t<meta property=\"article:modified_time\" content=\"2021-05-17T09:38:04+00:00\" \/>\n\t\t<meta property=\"article:publisher\" content=\"https:\/\/facebook.com\/eldigitaldeasturias\" \/>\n\t\t<meta name=\"twitter:card\" content=\"summary_large_image\" \/>\n\t\t<meta name=\"twitter:title\" content=\"Celebraci\u00f3n de la Semana de la Administraci\u00f3n Abierta en Asturias - El Digital de Asturias\" \/>\n\t\t<meta name=\"twitter:description\" content=\"El Principado se adhiere a la celebraci\u00f3n de la Semana de la Administraci\u00f3n Abierta con un amplio programa de actividades que se desarrollar\u00e1 a partir de hoy\" \/>\n\t\t<meta name=\"twitter:image\" content=\"https:\/\/www.eldigitaldeasturias.com\/noticias\/wp-content\/uploads\/2020\/12\/EDA-1.jpg\" \/>\n\t\t<meta name=\"twitter:label1\" content=\"Escrito por\" \/>\n\t\t<meta name=\"twitter:data1\" content=\"El Digital de Asturias\" \/>\n\t\t<meta name=\"twitter:label2\" content=\"Tiempo de lectura estimado\" \/>\n\t\t<meta name=\"twitter:data2\" content=\"2 minutos\" \/>\n\t\t<script type=\"application\/ld+json\" class=\"aioseo-schema\">\n\t\t\t{\"@context\":\"https:\\\/\\\/schema.org\",\"@graph\":[{\"@type\":\"BlogPosting\",\"@id\":\"https:\\\/\\\/www.eldigitaldeasturias.com\\\/noticias\\\/celebracion-de-la-semana-de-la-administracion-abierta-en-asturias\\\/#blogposting\",\"name\":\"Celebraci\\u00f3n de la Semana de la Administraci\\u00f3n Abierta en Asturias - El Digital de Asturias\",\"headline\":\"Celebraci\\u00f3n de la Semana de la Administraci\\u00f3n Abierta en Asturias\",\"author\":{\"@id\":\"https:\\\/\\\/www.eldigitaldeasturias.com\\\/noticias\\\/author\\\/admin\\\/#author\"},\"publisher\":{\"@id\":\"https:\\\/\\\/www.eldigitaldeasturias.com\\\/noticias\\\/#organization\"},\"image\":{\"@type\":\"ImageObject\",\"url\":1066663},\"datePublished\":\"2021-05-17T10:38:04+02:00\",\"dateModified\":\"2021-05-17T10:38:04+02:00\",\"inLanguage\":\"es-ES\",\"mainEntityOfPage\":{\"@id\":\"https:\\\/\\\/www.eldigitaldeasturias.com\\\/noticias\\\/celebracion-de-la-semana-de-la-administracion-abierta-en-asturias\\\/#webpage\"},\"isPartOf\":{\"@id\":\"https:\\\/\\\/www.eldigitaldeasturias.com\\\/noticias\\\/celebracion-de-la-semana-de-la-administracion-abierta-en-asturias\\\/#webpage\"},\"articleSection\":\"Actualidad Asturias\"},{\"@type\":\"BreadcrumbList\",\"@id\":\"https:\\\/\\\/www.eldigitaldeasturias.com\\\/noticias\\\/celebracion-de-la-semana-de-la-administracion-abierta-en-asturias\\\/#breadcrumblist\",\"itemListElement\":[{\"@type\":\"ListItem\",\"@id\":\"https:\\\/\\\/www.eldigitaldeasturias.com\\\/noticias#listItem\",\"position\":1,\"name\":\"Home\",\"item\":\"https:\\\/\\\/www.eldigitaldeasturias.com\\\/noticias\",\"nextItem\":{\"@type\":\"ListItem\",\"@id\":\"https:\\\/\\\/www.eldigitaldeasturias.com\\\/noticias\\\/category\\\/actualidad-asturias\\\/#listItem\",\"name\":\"Actualidad Asturias\"}},{\"@type\":\"ListItem\",\"@id\":\"https:\\\/\\\/www.eldigitaldeasturias.com\\\/noticias\\\/category\\\/actualidad-asturias\\\/#listItem\",\"position\":2,\"name\":\"Actualidad Asturias\",\"item\":\"https:\\\/\\\/www.eldigitaldeasturias.com\\\/noticias\\\/category\\\/actualidad-asturias\\\/\",\"nextItem\":{\"@type\":\"ListItem\",\"@id\":\"https:\\\/\\\/www.eldigitaldeasturias.com\\\/noticias\\\/celebracion-de-la-semana-de-la-administracion-abierta-en-asturias\\\/#listItem\",\"name\":\"Celebraci\\u00f3n de la Semana de la Administraci\\u00f3n Abierta en Asturias\"},\"previousItem\":{\"@type\":\"ListItem\",\"@id\":\"https:\\\/\\\/www.eldigitaldeasturias.com\\\/noticias#listItem\",\"name\":\"Home\"}},{\"@type\":\"ListItem\",\"@id\":\"https:\\\/\\\/www.eldigitaldeasturias.com\\\/noticias\\\/celebracion-de-la-semana-de-la-administracion-abierta-en-asturias\\\/#listItem\",\"position\":3,\"name\":\"Celebraci\\u00f3n de la Semana de la Administraci\\u00f3n Abierta en Asturias\",\"previousItem\":{\"@type\":\"ListItem\",\"@id\":\"https:\\\/\\\/www.eldigitaldeasturias.com\\\/noticias\\\/category\\\/actualidad-asturias\\\/#listItem\",\"name\":\"Actualidad Asturias\"}}]},{\"@type\":\"Organization\",\"@id\":\"https:\\\/\\\/www.eldigitaldeasturias.com\\\/noticias\\\/#organization\",\"name\":\"El Digital de Asturias\",\"description\":\"Hemeroteca\",\"url\":\"https:\\\/\\\/www.eldigitaldeasturias.com\\\/noticias\\\/\",\"email\":\"info@eldigitaldeasturias.com\",\"telephone\":\"+34652131393\",\"logo\":{\"@type\":\"ImageObject\",\"url\":\"https:\\\/\\\/www.eldigitaldeasturias.com\\\/noticias\\\/wp-content\\\/uploads\\\/2020\\\/12\\\/EDA.jpg\",\"@id\":\"https:\\\/\\\/www.eldigitaldeasturias.com\\\/noticias\\\/celebracion-de-la-semana-de-la-administracion-abierta-en-asturias\\\/#organizationLogo\"},\"image\":{\"@id\":\"https:\\\/\\\/www.eldigitaldeasturias.com\\\/noticias\\\/celebracion-de-la-semana-de-la-administracion-abierta-en-asturias\\\/#organizationLogo\"},\"sameAs\":[\"https:\\\/\\\/facebook.com\\\/eldigitaldeasturias\",\"https:\\\/\\\/www.youtube.com\\\/channel\\\/UCZP-2wLEB9Rv6erhFmqVnvg\"],\"address\":{\"@id\":\"https:\\\/\\\/www.eldigitaldeasturias.com\\\/noticias\\\/#postaladdress\",\"@type\":\"PostalAddress\",\"streetAddress\":\"san antonio 4\",\"postalCode\":\"33430\",\"addressLocality\":\"Cand\\u00e1s\",\"addressRegion\":\"Asturias\",\"addressCountry\":\"ES\"}},{\"@type\":\"Person\",\"@id\":\"https:\\\/\\\/www.eldigitaldeasturias.com\\\/noticias\\\/author\\\/admin\\\/#author\",\"url\":\"https:\\\/\\\/www.eldigitaldeasturias.com\\\/noticias\\\/author\\\/admin\\\/\",\"name\":\"El Digital de Asturias\",\"image\":{\"@type\":\"ImageObject\",\"@id\":\"https:\\\/\\\/www.eldigitaldeasturias.com\\\/noticias\\\/celebracion-de-la-semana-de-la-administracion-abierta-en-asturias\\\/#authorImage\",\"url\":\"https:\\\/\\\/secure.gravatar.com\\\/avatar\\\/df2aeffc32bcd13f8d26072ef8a91b623d677766deac7f97ca815868cd41bf5e?s=96&d=mm&r=g\",\"width\":96,\"height\":96,\"caption\":\"El Digital de Asturias\"}},{\"@type\":\"WebPage\",\"@id\":\"https:\\\/\\\/www.eldigitaldeasturias.com\\\/noticias\\\/celebracion-de-la-semana-de-la-administracion-abierta-en-asturias\\\/#webpage\",\"url\":\"https:\\\/\\\/www.eldigitaldeasturias.com\\\/noticias\\\/celebracion-de-la-semana-de-la-administracion-abierta-en-asturias\\\/\",\"name\":\"Celebraci\\u00f3n de la Semana de la Administraci\\u00f3n Abierta en Asturias - El Digital de Asturias\",\"description\":\"El Principado se adhiere a la celebraci\\u00f3n de la Semana de la Administraci\\u00f3n Abierta con un amplio programa de actividades que se desarrollar\\u00e1 a partir de hoy\",\"inLanguage\":\"es-ES\",\"isPartOf\":{\"@id\":\"https:\\\/\\\/www.eldigitaldeasturias.com\\\/noticias\\\/#website\"},\"breadcrumb\":{\"@id\":\"https:\\\/\\\/www.eldigitaldeasturias.com\\\/noticias\\\/celebracion-de-la-semana-de-la-administracion-abierta-en-asturias\\\/#breadcrumblist\"},\"author\":{\"@id\":\"https:\\\/\\\/www.eldigitaldeasturias.com\\\/noticias\\\/author\\\/admin\\\/#author\"},\"creator\":{\"@id\":\"https:\\\/\\\/www.eldigitaldeasturias.com\\\/noticias\\\/author\\\/admin\\\/#author\"},\"image\":{\"@type\":\"ImageObject\",\"url\":1066663,\"@id\":\"https:\\\/\\\/www.eldigitaldeasturias.com\\\/noticias\\\/celebracion-de-la-semana-de-la-administracion-abierta-en-asturias\\\/#mainImage\"},\"primaryImageOfPage\":{\"@id\":\"https:\\\/\\\/www.eldigitaldeasturias.com\\\/noticias\\\/celebracion-de-la-semana-de-la-administracion-abierta-en-asturias\\\/#mainImage\"},\"datePublished\":\"2021-05-17T10:38:04+02:00\",\"dateModified\":\"2021-05-17T10:38:04+02:00\"},{\"@type\":\"WebSite\",\"@id\":\"https:\\\/\\\/www.eldigitaldeasturias.com\\\/noticias\\\/#website\",\"url\":\"https:\\\/\\\/www.eldigitaldeasturias.com\\\/noticias\\\/\",\"name\":\"El Digital de Asturias - Diario de actualidad y noticias\",\"alternateName\":\"El Digital de Asturias - Diario de actualidad y noticias\",\"description\":\"Hemeroteca\",\"inLanguage\":\"es-ES\",\"publisher\":{\"@id\":\"https:\\\/\\\/www.eldigitaldeasturias.com\\\/noticias\\\/#organization\"}}]}\n\t\t<\/script>\n\t\t<!-- All in One SEO Pro -->\r\n\t\t<title>Celebraci\u00f3n de la Semana de la Administraci\u00f3n Abierta en Asturias - El Digital de Asturias<\/title>\n\n","aioseo_head_json":{"title":"Celebraci\u00f3n de la Semana de la Administraci\u00f3n Abierta en Asturias - El Digital de Asturias","description":"El Principado se adhiere a la celebraci\u00f3n de la Semana de la Administraci\u00f3n Abierta con un amplio programa de actividades que se desarrollar\u00e1 a partir de hoy","canonical_url":"https:\/\/www.eldigitaldeasturias.com\/noticias\/celebracion-de-la-semana-de-la-administracion-abierta-en-asturias\/","robots":"max-image-preview:large","keywords":"actualidad asturias","webmasterTools":{"google-site-verification":"UA-38556648-1","msvalidate.01":"7dfe9f3f1b24437ab69f4f2559babe99","miscellaneous":""},"schema":{"@context":"https:\/\/schema.org","@graph":[{"@type":"BlogPosting","@id":"https:\/\/www.eldigitaldeasturias.com\/noticias\/celebracion-de-la-semana-de-la-administracion-abierta-en-asturias\/#blogposting","name":"Celebraci\u00f3n de la Semana de la Administraci\u00f3n Abierta en Asturias - El Digital de Asturias","headline":"Celebraci\u00f3n de la Semana de la Administraci\u00f3n Abierta en Asturias","author":{"@id":"https:\/\/www.eldigitaldeasturias.com\/noticias\/author\/admin\/#author"},"publisher":{"@id":"https:\/\/www.eldigitaldeasturias.com\/noticias\/#organization"},"image":{"@type":"ImageObject","url":1066663},"datePublished":"2021-05-17T10:38:04+02:00","dateModified":"2021-05-17T10:38:04+02:00","inLanguage":"es-ES","mainEntityOfPage":{"@id":"https:\/\/www.eldigitaldeasturias.com\/noticias\/celebracion-de-la-semana-de-la-administracion-abierta-en-asturias\/#webpage"},"isPartOf":{"@id":"https:\/\/www.eldigitaldeasturias.com\/noticias\/celebracion-de-la-semana-de-la-administracion-abierta-en-asturias\/#webpage"},"articleSection":"Actualidad Asturias"},{"@type":"BreadcrumbList","@id":"https:\/\/www.eldigitaldeasturias.com\/noticias\/celebracion-de-la-semana-de-la-administracion-abierta-en-asturias\/#breadcrumblist","itemListElement":[{"@type":"ListItem","@id":"https:\/\/www.eldigitaldeasturias.com\/noticias#listItem","position":1,"name":"Home","item":"https:\/\/www.eldigitaldeasturias.com\/noticias","nextItem":{"@type":"ListItem","@id":"https:\/\/www.eldigitaldeasturias.com\/noticias\/category\/actualidad-asturias\/#listItem","name":"Actualidad Asturias"}},{"@type":"ListItem","@id":"https:\/\/www.eldigitaldeasturias.com\/noticias\/category\/actualidad-asturias\/#listItem","position":2,"name":"Actualidad Asturias","item":"https:\/\/www.eldigitaldeasturias.com\/noticias\/category\/actualidad-asturias\/","nextItem":{"@type":"ListItem","@id":"https:\/\/www.eldigitaldeasturias.com\/noticias\/celebracion-de-la-semana-de-la-administracion-abierta-en-asturias\/#listItem","name":"Celebraci\u00f3n de la Semana de la Administraci\u00f3n Abierta en Asturias"},"previousItem":{"@type":"ListItem","@id":"https:\/\/www.eldigitaldeasturias.com\/noticias#listItem","name":"Home"}},{"@type":"ListItem","@id":"https:\/\/www.eldigitaldeasturias.com\/noticias\/celebracion-de-la-semana-de-la-administracion-abierta-en-asturias\/#listItem","position":3,"name":"Celebraci\u00f3n de la Semana de la Administraci\u00f3n Abierta en Asturias","previousItem":{"@type":"ListItem","@id":"https:\/\/www.eldigitaldeasturias.com\/noticias\/category\/actualidad-asturias\/#listItem","name":"Actualidad Asturias"}}]},{"@type":"Organization","@id":"https:\/\/www.eldigitaldeasturias.com\/noticias\/#organization","name":"El Digital de Asturias","description":"Hemeroteca","url":"https:\/\/www.eldigitaldeasturias.com\/noticias\/","email":"info@eldigitaldeasturias.com","telephone":"+34652131393","logo":{"@type":"ImageObject","url":"https:\/\/www.eldigitaldeasturias.com\/noticias\/wp-content\/uploads\/2020\/12\/EDA.jpg","@id":"https:\/\/www.eldigitaldeasturias.com\/noticias\/celebracion-de-la-semana-de-la-administracion-abierta-en-asturias\/#organizationLogo"},"image":{"@id":"https:\/\/www.eldigitaldeasturias.com\/noticias\/celebracion-de-la-semana-de-la-administracion-abierta-en-asturias\/#organizationLogo"},"sameAs":["https:\/\/facebook.com\/eldigitaldeasturias","https:\/\/www.youtube.com\/channel\/UCZP-2wLEB9Rv6erhFmqVnvg"],"address":{"@id":"https:\/\/www.eldigitaldeasturias.com\/noticias\/#postaladdress","@type":"PostalAddress","streetAddress":"san antonio 4","postalCode":"33430","addressLocality":"Cand\u00e1s","addressRegion":"Asturias","addressCountry":"ES"}},{"@type":"Person","@id":"https:\/\/www.eldigitaldeasturias.com\/noticias\/author\/admin\/#author","url":"https:\/\/www.eldigitaldeasturias.com\/noticias\/author\/admin\/","name":"El Digital de Asturias","image":{"@type":"ImageObject","@id":"https:\/\/www.eldigitaldeasturias.com\/noticias\/celebracion-de-la-semana-de-la-administracion-abierta-en-asturias\/#authorImage","url":"https:\/\/secure.gravatar.com\/avatar\/df2aeffc32bcd13f8d26072ef8a91b623d677766deac7f97ca815868cd41bf5e?s=96&d=mm&r=g","width":96,"height":96,"caption":"El Digital de Asturias"}},{"@type":"WebPage","@id":"https:\/\/www.eldigitaldeasturias.com\/noticias\/celebracion-de-la-semana-de-la-administracion-abierta-en-asturias\/#webpage","url":"https:\/\/www.eldigitaldeasturias.com\/noticias\/celebracion-de-la-semana-de-la-administracion-abierta-en-asturias\/","name":"Celebraci\u00f3n de la Semana de la Administraci\u00f3n Abierta en Asturias - El Digital de Asturias","description":"El Principado se adhiere a la celebraci\u00f3n de la Semana de la Administraci\u00f3n Abierta con un amplio programa de actividades que se desarrollar\u00e1 a partir de hoy","inLanguage":"es-ES","isPartOf":{"@id":"https:\/\/www.eldigitaldeasturias.com\/noticias\/#website"},"breadcrumb":{"@id":"https:\/\/www.eldigitaldeasturias.com\/noticias\/celebracion-de-la-semana-de-la-administracion-abierta-en-asturias\/#breadcrumblist"},"author":{"@id":"https:\/\/www.eldigitaldeasturias.com\/noticias\/author\/admin\/#author"},"creator":{"@id":"https:\/\/www.eldigitaldeasturias.com\/noticias\/author\/admin\/#author"},"image":{"@type":"ImageObject","url":1066663,"@id":"https:\/\/www.eldigitaldeasturias.com\/noticias\/celebracion-de-la-semana-de-la-administracion-abierta-en-asturias\/#mainImage"},"primaryImageOfPage":{"@id":"https:\/\/www.eldigitaldeasturias.com\/noticias\/celebracion-de-la-semana-de-la-administracion-abierta-en-asturias\/#mainImage"},"datePublished":"2021-05-17T10:38:04+02:00","dateModified":"2021-05-17T10:38:04+02:00"},{"@type":"WebSite","@id":"https:\/\/www.eldigitaldeasturias.com\/noticias\/#website","url":"https:\/\/www.eldigitaldeasturias.com\/noticias\/","name":"El Digital de Asturias - Diario de actualidad y noticias","alternateName":"El Digital de Asturias - Diario de actualidad y noticias","description":"Hemeroteca","inLanguage":"es-ES","publisher":{"@id":"https:\/\/www.eldigitaldeasturias.com\/noticias\/#organization"}}]},"og:locale":"es_ES","og:site_name":"El Digital de Asturias","og:type":"article","og:title":"Celebraci\u00f3n de la Semana de la Administraci\u00f3n Abierta en Asturias - El Digital de Asturias","og:description":"El Principado se adhiere a la celebraci\u00f3n de la Semana de la Administraci\u00f3n Abierta con un amplio programa de actividades que se desarrollar\u00e1 a partir de hoy","og:url":"https:\/\/www.eldigitaldeasturias.com\/noticias\/celebracion-de-la-semana-de-la-administracion-abierta-en-asturias\/","article:tag":["actualidad asturias"],"article:published_time":"2021-05-17T09:38:04+00:00","article:modified_time":"2021-05-17T09:38:04+00:00","article:publisher":"https:\/\/facebook.com\/eldigitaldeasturias","twitter:card":"summary_large_image","twitter:title":"Celebraci\u00f3n de la Semana de la Administraci\u00f3n Abierta en Asturias - El Digital de Asturias","twitter:description":"El Principado se adhiere a la celebraci\u00f3n de la Semana de la Administraci\u00f3n Abierta con un amplio programa de actividades que se desarrollar\u00e1 a partir de hoy","twitter:image":"https:\/\/www.eldigitaldeasturias.com\/noticias\/wp-content\/uploads\/2020\/12\/EDA-1.jpg","twitter:label1":"Escrito por","twitter:data1":"El Digital de Asturias","twitter:label2":"Tiempo de lectura estimado","twitter:data2":"2 minutos"},"aioseo_meta_data":{"post_id":"1091757","title":null,"description":"El Principado se adhiere a la celebraci\u00f3n de la Semana de la Administraci\u00f3n Abierta con un amplio programa de actividades que se desarrollar\u00e1 a partir de hoy","keywords":[],"keyphrases":{"focus":[],"additional":[]},"primary_term":null,"canonical_url":null,"og_title":null,"og_description":null,"og_object_type":"default","og_image_type":"default","og_image_url":null,"og_image_width":null,"og_image_height":null,"og_image_custom_url":null,"og_image_custom_fields":null,"og_video":"","og_custom_url":null,"og_article_section":null,"og_article_tags":[],"twitter_use_og":false,"twitter_card":"default","twitter_image_type":"default","twitter_image_url":null,"twitter_image_custom_url":null,"twitter_image_custom_fields":null,"twitter_title":null,"twitter_description":null,"schema":{"blockGraphs":[],"customGraphs":[],"default":{"data":{"Article":[],"Course":[],"Dataset":[],"FAQPage":[],"Movie":[],"Person":[],"Product":[],"ProductReview":[],"Car":[],"Recipe":[],"Service":[],"SoftwareApplication":[],"WebPage":[]},"graphName":"","isEnabled":true},"graphs":[],"defaultGraph":"Article","defaultPostTypeGraph":""},"schema_type":"default","schema_type_options":"{\"article\":{\"articleType\":\"BlogPosting\"},\"course\":{\"name\":\"\",\"description\":\"\",\"provider\":\"\"},\"faq\":{\"pages\":[]},\"product\":{\"reviews\":[]},\"recipe\":{\"ingredients\":[],\"instructions\":[],\"keywords\":[]},\"software\":{\"reviews\":[],\"operatingSystems\":[]},\"webPage\":{\"webPageType\":\"WebPage\"}}","pillar_content":false,"robots_default":true,"robots_noindex":false,"robots_noarchive":false,"robots_nosnippet":false,"robots_nofollow":false,"robots_noimageindex":false,"robots_noodp":false,"robots_notranslate":false,"robots_max_snippet":"-1","robots_max_videopreview":"-1","robots_max_imagepreview":"large","priority":null,"frequency":"default","local_seo":{"locations":{"business":{"name":"","businessType":"","image":"","areaServed":"","urls":{"website":"","aboutPage":"","contactPage":""},"address":{"streetLine1":"","streetLine2":"","zipCode":"","city":"","state":"","country":"","addressFormat":"#streetLineOne\n#streetLineTwo\n#city, #state #zipCode"},"contact":{"email":"","phone":"","phoneFormatted":"","fax":"","faxFormatted":""},"ids":{"vat":"","tax":"","chamberOfCommerce":""},"payment":{"priceRange":"","currenciesAccepted":"","methods":""}}},"openingHours":{"useDefaults":true,"show":true,"alwaysOpen":false,"use24hFormat":false,"timezone":"","labels":{"closed":"","alwaysOpen":""},"days":{"monday":{"open24h":false,"closed":false,"openTime":"09:00","closeTime":"17:00"},"tuesday":{"open24h":false,"closed":false,"openTime":"09:00","closeTime":"17:00"},"wednesday":{"open24h":false,"closed":false,"openTime":"09:00","closeTime":"17:00"},"thursday":{"open24h":false,"closed":false,"openTime":"09:00","closeTime":"17:00"},"friday":{"open24h":false,"closed":false,"openTime":"09:00","closeTime":"17:00"},"saturday":{"open24h":false,"closed":false,"openTime":"09:00","closeTime":"17:00"},"sunday":{"open24h":false,"closed":false,"openTime":"09:00","closeTime":"17:00"}}}},"seo_analyzer_scan_date":"2026-07-17 23:17:57","breadcrumb_settings":null,"limit_modified_date":false,"open_ai":null,"ai":null,"created":"2021-05-17 09:35:08","updated":"2026-07-17 23:17:57","focus_keyword":null,"additional_keywords":null,"truseo_locale":null},"aioseo_breadcrumb":"<div class=\"aioseo-breadcrumbs\"><span class=\"aioseo-breadcrumb\">\n\t<a href=\"https:\/\/www.eldigitaldeasturias.com\/noticias\" title=\"Home\">Home<\/a>\n<\/span><span class=\"aioseo-breadcrumb-separator\">\u2013<\/span><span class=\"aioseo-breadcrumb\">\n\t<a href=\"https:\/\/www.eldigitaldeasturias.com\/noticias\/category\/actualidad-asturias\/\" title=\"Actualidad Asturias\">Actualidad Asturias<\/a>\n<\/span><span class=\"aioseo-breadcrumb-separator\">\u2013<\/span><span class=\"aioseo-breadcrumb\">\n\t<a href=\"https:\/\/www.eldigitaldeasturias.com\/noticias\/celebracion-de-la-semana-de-la-administracion-abierta-en-asturias\/\" title=\"Celebraci\u00f3n de la Semana de la Administraci\u00f3n Abierta en Asturias\">Celebraci\u00f3n de la Semana de la Administraci\u00f3n Abierta en Asturias<\/a>\n<\/span><\/div>","aioseo_breadcrumb_json":[{"label":"Home","link":"https:\/\/www.eldigitaldeasturias.com\/noticias"},{"label":"Actualidad Asturias","link":"https:\/\/www.eldigitaldeasturias.com\/noticias\/category\/actualidad-asturias\/"},{"label":"Celebraci\u00f3n de la Semana de la Administraci\u00f3n Abierta en Asturias","link":"https:\/\/www.eldigitaldeasturias.com\/noticias\/celebracion-de-la-semana-de-la-administracion-abierta-en-asturias\/"}],"_links":{"self":[{"href":"https:\/\/www.eldigitaldeasturias.com\/noticias\/wp-json\/wp\/v2\/posts\/1091757","targetHints":{"allow":["GET"]}}],"collection":[{"href":"https:\/\/www.eldigitaldeasturias.com\/noticias\/wp-json\/wp\/v2\/posts"}],"about":[{"href":"https:\/\/www.eldigitaldeasturias.com\/noticias\/wp-json\/wp\/v2\/types\/post"}],"author":[{"embeddable":true,"href":"https:\/\/www.eldigitaldeasturias.com\/noticias\/wp-json\/wp\/v2\/users\/1"}],"replies":[{"embeddable":true,"href":"https:\/\/www.eldigitaldeasturias.com\/noticias\/wp-json\/wp\/v2\/comments?post=1091757"}],"version-history":[{"count":0,"href":"https:\/\/www.eldigitaldeasturias.com\/noticias\/wp-json\/wp\/v2\/posts\/1091757\/revisions"}],"wp:attachment":[{"href":"https:\/\/www.eldigitaldeasturias.com\/noticias\/wp-json\/wp\/v2\/media?parent=1091757"}],"wp:term":[{"taxonomy":"category","embeddable":true,"href":"https:\/\/www.eldigitaldeasturias.com\/noticias\/wp-json\/wp\/v2\/categories?post=1091757"},{"taxonomy":"post_tag","embeddable":true,"href":"https:\/\/www.eldigitaldeasturias.com\/noticias\/wp-json\/wp\/v2\/tags?post=1091757"}],"curies":[{"name":"wp","href":"https:\/\/api.w.org\/{rel}","templated":true}]}}