{"id":1091725,"date":"2021-05-15T15:13:08","date_gmt":"2021-05-15T14:13:08","guid":{"rendered":"https:\/\/www.eldigitaldeasturias.com\/noticias\/?p=1091725"},"modified":"2021-05-15T15:13:08","modified_gmt":"2021-05-15T14:13:08","slug":"el-ultimo-maquillaje-antes-de-la-despedida-final","status":"publish","type":"post","link":"https:\/\/www.eldigitaldeasturias.com\/noticias\/el-ultimo-maquillaje-antes-de-la-despedida-final\/","title":{"rendered":"El \u00faltimo maquillaje antes de la despedida final"},"content":{"rendered":"<p>(dpa) &#8211; Los dos \u00e1mbitos en los que trabaja <strong>Janika Kreutzer<\/strong> no pueden ser m\u00e1s diferentes. C\u00e1lido y fr\u00edo, con y sin vida, alegre y triste:<strong> estos son los contrastes que hacen que su profesi\u00f3n sea tan interesante<\/strong>.<\/p>\n<figure id=\"attachment_1091727\" aria-describedby=\"caption-attachment-1091727\" style=\"width: 640px\" class=\"wp-caption aligncenter\"><img loading=\"lazy\" decoding=\"async\" class=\"wp-image-1091727 size-large\" src=\"https:\/\/www.eldigitaldeasturias.com\/noticias\/wp-content\/uploads\/2021\/05\/Janika-Kreutzer-690x453.jpg\" alt=\"Janika Kreutzer\" width=\"640\" height=\"420\" \/><figcaption id=\"caption-attachment-1091727\" class=\"wp-caption-text\">Janika Kreutzer coloca un molde sobre su mano para una impresi\u00f3n en su estudio. La maquilladora, de 23 a\u00f1os, ayuda a las funerarias a preparar a los difuntos para su aspecto final. Foto: Fabian Sommer\/dpa<\/figcaption><\/figure>\n<p><strong>Esta joven alemana de 23 a\u00f1os es maquilladora<\/strong>. La mayor parte de su tiempo la dedica a preparar a los actores para su trabajo frente a las c\u00e1maras de cine y televisi\u00f3n, pero ocasionalmente tambi\u00e9n ejecuta maquillajes a difuntos en distintas funerarias.<\/p>\n<p>Janika relata que el maquillaje de cad\u00e1veres fue uno de los \u00faltimos temas que se trataron en su formaci\u00f3n: <strong>\u00abEnseguida despert\u00f3 mi inter\u00e9s\u00bb, afirma, pero tambi\u00e9n recuerda que sus colegas reaccionaron con bastantes reservas<\/strong>.<\/p>\n<p>Ella misma, a\u00f1ade, no sent\u00eda ning\u00fan tipo de inhibiciones y ya hab\u00eda lidiado con la muerte en su vida privada, por lo que solicit\u00f3 pr\u00e1cticas en una funeraria y pudo as\u00ed ganar experiencia.<\/p>\n<p>Actualmente,<strong> sus servicios son requeridos una o dos veces al mes en funerarias de D\u00fcsseldorf y Berl\u00edn<\/strong>, cuando los familiares de los difuntos desean despedirse con el ata\u00fad abierto.<\/p>\n<p>Si la persona fallecida ha tenido una muerte pac\u00edfica, hay poco que hacer. En este caso, la maquilladora solo se encarga de que la piel tenga un color m\u00e1s natural y cubre las imperfecciones del rostro.<\/p>\n<p>En las personas que han sido v\u00edctimas de un accidente o de un ataque al coraz\u00f3n, rellena las heridas y restablece el color de la piel donde el rostro est\u00e1 m\u00e1s descolorido. \u00abPara los familiares ser\u00edan a veces im\u00e1genes que no podr\u00edan quitarse m\u00e1s de la cabeza\u00bb, asevera Janika Kreutzer.<\/p>\n<p>El hecho de que los fallecidos sean expuestos en un ata\u00fad abierto no es algo nuevo en Alemania. \u00abEsto forma parte del campo de actividad cl\u00e1sico de las empresas de pompas f\u00fanebres\u00bb, afirma Christian J\u00e4ger, portavoz de la Asociaci\u00f3n de Servicios F\u00fanebres del estado federado de Renania del Norte-Westfalia.<\/p>\n<p>J\u00e4ger precisa que, especialmente ahora, cuando los familiares a menudo no pueden visitar a sus seres queridos en el hospital para despedirse antes de que mueran, la necesidad de verlos una vez m\u00e1s es a\u00fan mayor.<\/p>\n<p><strong>Actualmente, las ceremonias f\u00fanebres requieren medidas de prevenci\u00f3n especiales, sobre todo en el caso de fallecidos por covid-19<\/strong>. Aun as\u00ed, los directores de las funerarias hacen todo lo posible para que los allegados puedan despedirse adecuadamente de sus seres queridos. \u00abMuchos se han vuelto creativos y han trasladado los funerales al aire libre, por ejemplo\u00bb, explica J\u00e4ger.<\/p>\n<p>Por lo general es el personal de pompas f\u00fanebres quien se encarga de maquillar al difunto. Janika Kreutzer, sin embargo, se beneficia de la experiencia adquirida como maquilladora. \u00abMuchos suelen utilizar maquillaje graso, que en realidad est\u00e1 pensado para pieles c\u00e1lidas. En la piel fr\u00eda, deja una pel\u00edcula grasosa y no queda tan bien\u00bb, explica.<\/p>\n<p>Janika se\u00f1ala que para su trabajo utiliza un aer\u00f3grafo, y que actualmente tambi\u00e9n imparte seminarios sobre esta t\u00e9cnica de pulverizaci\u00f3n a los empleados de las funerarias.<\/p>\n<figure id=\"attachment_1091726\" aria-describedby=\"caption-attachment-1091726\" style=\"width: 640px\" class=\"wp-caption aligncenter\"><img loading=\"lazy\" decoding=\"async\" class=\"wp-image-1091726 size-large\" src=\"https:\/\/www.eldigitaldeasturias.com\/noticias\/wp-content\/uploads\/2021\/05\/morgue-690x463.jpg\" alt=\"\" width=\"640\" height=\"429\" \/><figcaption id=\"caption-attachment-1091726\" class=\"wp-caption-text\">anika Kreutzer, maquilladora y realizadora de m\u00e1scaras mortuorias, abre la puerta de los refrigeradores en una morgue. Foto: Fabian Sommer\/dpa<\/figcaption><\/figure>\n<p>A pedido de los deudos, tambi\u00e9n toma huellas dactilares y de las manos, o bien realiza m\u00e1scaras mortuorias de los fallecidos. <strong>\u00abEntregarlas suele ser muy emotivo\u00bb, se\u00f1ala la maquilladora<\/strong>, y a\u00f1ade que el hecho de haber sido ella la \u00faltima persona que tuvo contacto f\u00edsico con el fallecido \u00absignifica mucho para los seres queridos\u00bb.<\/p>\n<p>Seg\u00fan el catedr\u00e1tico alem\u00e1n Arnold Langenmayr, estos objetos pueden ayudar a mantener el v\u00ednculo con el difunto. Langenmayr es psic\u00f3logo, psicoanalista y profesor de la Universidad de Duisburgo-Essen, y se dedica especialmente al tema del duelo. \u00abEste tipo de objetos de apego o transicionales ya los conocemos de la infancia: aquel peluche con el que nos acurruc\u00e1bamos cuando extra\u00f1\u00e1bamos a mam\u00e1\u00bb.<\/p>\n<p>En el proceso de elaboraci\u00f3n del duelo, los terapeutas a veces utilizan objetos que los dolientes asocian con la persona que echan de menos para hacer aflorar los sentimientos y poder hablar de ellos. Despedirse con el ata\u00fad abierto tambi\u00e9n ayuda a algunas personas a repasar experiencias comunes y a recordar la imagen del ser querido.<\/p>\n<p>En general, Langenmayr ve una evoluci\u00f3n positiva en la cultura del duelo. \u00abAntes, la gente intentaba ignorar la muerte; hoy, se enfrenta m\u00e1s a ella\u00bb.<\/p>\n<p>Los empresarios de pompas f\u00fanebres confirman esta tendencia. <strong>Christian J\u00e4ger explica que la despedida es cada vez m\u00e1s individual<\/strong>, que cada vez m\u00e1s personas determinan antes de su muerte lo que quieren para su servicio f\u00fanebre: por ejemplo, que los invitados lleven colores vivos en lugar de negro o que los hijos o nietos pinten el ata\u00fad.<\/p>\n<p>Parte del trabajo de las funerarias suele ser ofrecer a los familiares un hombro en el que llorar, algo que, seg\u00fan acota el portavoz de la asociaci\u00f3n de funerarias, en este momento no se puede hacer.<\/p>\n<p>Para Janika Kreutzer, el intercambio con los dolientes no siempre es f\u00e1cil. \u00abAlgunas muertes me corroen\u00bb, admite, y a\u00f1ade que lo bueno es que al d\u00eda siguiente tiene la posibilidad de hacer algo diferente.<\/p>\n<p><i class=\"lang-es\"><span class=\" readonly\" title=\"\">Por Carolin Scholz (dpa)<\/span><\/i><\/p>\n<p>&nbsp;<\/p>\n","protected":false},"excerpt":{"rendered":"<p>(dpa) &#8211; Los dos \u00e1mbitos en los que trabaja Janika Kreutzer no pueden ser m\u00e1s diferentes. C\u00e1lido y fr\u00edo, con y sin vida, alegre y triste: estos son los contrastes que hacen que su profesi\u00f3n sea tan interesante. Esta joven alemana de 23 a\u00f1os es maquilladora. La mayor parte de su tiempo la dedica a [&hellip;]<\/p>\n","protected":false},"author":1,"featured_media":1132184,"comment_status":"closed","ping_status":"closed","sticky":false,"template":"","format":"standard","meta":{"footnotes":""},"categories":[28],"tags":[],"class_list":["post-1091725","post","type-post","status-publish","format-standard","has-post-thumbnail","hentry","category-sociedad"],"aioseo_notices":[],"aioseo_head":"\n\t\t<!-- All in One SEO Pro 5.0.1 - aioseo.com -->\n\t<meta name=\"description\" content=\"En el proceso de elaboraci\u00f3n del duelo, los terapeutas a veces utilizan objetos que los dolientes asocian con la persona que echan de menos para hacer aflorar..\" \/>\n\t<meta name=\"robots\" content=\"max-image-preview:large\" \/>\n\t<meta name=\"author\" content=\"El Digital de Asturias\"\/>\n\t<meta name=\"google-site-verification\" content=\"UA-38556648-1\" \/>\n\t<meta name=\"msvalidate.01\" content=\"7dfe9f3f1b24437ab69f4f2559babe99\" \/>\n\t<meta name=\"keywords\" content=\"sociedad\" \/>\n\t<link rel=\"canonical\" href=\"https:\/\/www.eldigitaldeasturias.com\/noticias\/el-ultimo-maquillaje-antes-de-la-despedida-final\/\" \/>\n\t<meta name=\"generator\" content=\"All in One SEO Pro (AIOSEO) 5.0.1\" \/>\n\t\t<meta property=\"og:locale\" content=\"es_ES\" \/>\n\t\t<meta property=\"og:site_name\" content=\"El Digital de Asturias\" \/>\n\t\t<meta property=\"og:type\" content=\"article\" \/>\n\t\t<meta property=\"og:title\" content=\"El \u00faltimo maquillaje antes de la despedida final - El Digital de Asturias\" \/>\n\t\t<meta property=\"og:description\" content=\"En el proceso de elaboraci\u00f3n del duelo, los terapeutas a veces utilizan objetos que los dolientes asocian con la persona que echan de menos para hacer aflorar..\" \/>\n\t\t<meta property=\"og:url\" content=\"https:\/\/www.eldigitaldeasturias.com\/noticias\/el-ultimo-maquillaje-antes-de-la-despedida-final\/\" \/>\n\t\t<meta property=\"og:image\" content=\"https:\/\/www.eldigitaldeasturias.com\/noticias\/wp-content\/uploads\/2026\/06\/Contenidos.jpg\" \/>\n\t\t<meta property=\"og:image:secure_url\" content=\"https:\/\/www.eldigitaldeasturias.com\/noticias\/wp-content\/uploads\/2026\/06\/Contenidos.jpg\" \/>\n\t\t<meta property=\"og:image:width\" content=\"1265\" \/>\n\t\t<meta property=\"og:image:height\" content=\"697\" \/>\n\t\t<meta property=\"article:tag\" content=\"sociedad\" \/>\n\t\t<meta property=\"article:published_time\" content=\"2021-05-15T14:13:08+00:00\" \/>\n\t\t<meta property=\"article:modified_time\" content=\"2021-05-15T14:13:08+00:00\" \/>\n\t\t<meta property=\"article:publisher\" content=\"https:\/\/facebook.com\/eldigitaldeasturias\" \/>\n\t\t<meta name=\"twitter:card\" content=\"summary_large_image\" \/>\n\t\t<meta name=\"twitter:title\" content=\"El \u00faltimo maquillaje antes de la despedida final - El Digital de Asturias\" \/>\n\t\t<meta name=\"twitter:description\" content=\"En el proceso de elaboraci\u00f3n del duelo, los terapeutas a veces utilizan objetos que los dolientes asocian con la persona que echan de menos para hacer aflorar..\" \/>\n\t\t<meta name=\"twitter:image\" content=\"https:\/\/www.eldigitaldeasturias.com\/noticias\/wp-content\/uploads\/2026\/06\/Contenidos.jpg\" \/>\n\t\t<meta name=\"twitter:label1\" content=\"Escrito por\" \/>\n\t\t<meta name=\"twitter:data1\" content=\"El Digital de Asturias\" \/>\n\t\t<meta name=\"twitter:label2\" content=\"Tiempo de lectura estimado\" \/>\n\t\t<meta name=\"twitter:data2\" content=\"5 minutos\" \/>\n\t\t<script type=\"application\/ld+json\" class=\"aioseo-schema\">\n\t\t\t{\"@context\":\"https:\\\/\\\/schema.org\",\"@graph\":[{\"@type\":\"BlogPosting\",\"@id\":\"https:\\\/\\\/www.eldigitaldeasturias.com\\\/noticias\\\/el-ultimo-maquillaje-antes-de-la-despedida-final\\\/#blogposting\",\"name\":\"El \\u00faltimo maquillaje antes de la despedida final - El Digital de Asturias\",\"headline\":\"El \\u00faltimo maquillaje antes de la despedida final\",\"author\":{\"@id\":\"https:\\\/\\\/www.eldigitaldeasturias.com\\\/noticias\\\/author\\\/admin\\\/#author\"},\"publisher\":{\"@id\":\"https:\\\/\\\/www.eldigitaldeasturias.com\\\/noticias\\\/#organization\"},\"image\":{\"@type\":\"ImageObject\",\"url\":\"https:\\\/\\\/www.eldigitaldeasturias.com\\\/noticias\\\/wp-content\\\/uploads\\\/2026\\\/06\\\/Contenidos.jpg\",\"width\":1265,\"height\":697,\"caption\":\"Contenidos\"},\"datePublished\":\"2021-05-15T15:13:08+02:00\",\"dateModified\":\"2021-05-15T15:13:08+02:00\",\"inLanguage\":\"es-ES\",\"mainEntityOfPage\":{\"@id\":\"https:\\\/\\\/www.eldigitaldeasturias.com\\\/noticias\\\/el-ultimo-maquillaje-antes-de-la-despedida-final\\\/#webpage\"},\"isPartOf\":{\"@id\":\"https:\\\/\\\/www.eldigitaldeasturias.com\\\/noticias\\\/el-ultimo-maquillaje-antes-de-la-despedida-final\\\/#webpage\"},\"articleSection\":\"Sociedad\"},{\"@type\":\"BreadcrumbList\",\"@id\":\"https:\\\/\\\/www.eldigitaldeasturias.com\\\/noticias\\\/el-ultimo-maquillaje-antes-de-la-despedida-final\\\/#breadcrumblist\",\"itemListElement\":[{\"@type\":\"ListItem\",\"@id\":\"https:\\\/\\\/www.eldigitaldeasturias.com\\\/noticias#listItem\",\"position\":1,\"name\":\"Home\",\"item\":\"https:\\\/\\\/www.eldigitaldeasturias.com\\\/noticias\",\"nextItem\":{\"@type\":\"ListItem\",\"@id\":\"https:\\\/\\\/www.eldigitaldeasturias.com\\\/noticias\\\/category\\\/sociedad\\\/#listItem\",\"name\":\"Sociedad\"}},{\"@type\":\"ListItem\",\"@id\":\"https:\\\/\\\/www.eldigitaldeasturias.com\\\/noticias\\\/category\\\/sociedad\\\/#listItem\",\"position\":2,\"name\":\"Sociedad\",\"item\":\"https:\\\/\\\/www.eldigitaldeasturias.com\\\/noticias\\\/category\\\/sociedad\\\/\",\"nextItem\":{\"@type\":\"ListItem\",\"@id\":\"https:\\\/\\\/www.eldigitaldeasturias.com\\\/noticias\\\/el-ultimo-maquillaje-antes-de-la-despedida-final\\\/#listItem\",\"name\":\"El \\u00faltimo maquillaje antes de la despedida final\"},\"previousItem\":{\"@type\":\"ListItem\",\"@id\":\"https:\\\/\\\/www.eldigitaldeasturias.com\\\/noticias#listItem\",\"name\":\"Home\"}},{\"@type\":\"ListItem\",\"@id\":\"https:\\\/\\\/www.eldigitaldeasturias.com\\\/noticias\\\/el-ultimo-maquillaje-antes-de-la-despedida-final\\\/#listItem\",\"position\":3,\"name\":\"El \\u00faltimo maquillaje antes de la despedida final\",\"previousItem\":{\"@type\":\"ListItem\",\"@id\":\"https:\\\/\\\/www.eldigitaldeasturias.com\\\/noticias\\\/category\\\/sociedad\\\/#listItem\",\"name\":\"Sociedad\"}}]},{\"@type\":\"Organization\",\"@id\":\"https:\\\/\\\/www.eldigitaldeasturias.com\\\/noticias\\\/#organization\",\"name\":\"El Digital de Asturias\",\"description\":\"Hemeroteca\",\"url\":\"https:\\\/\\\/www.eldigitaldeasturias.com\\\/noticias\\\/\",\"email\":\"info@eldigitaldeasturias.com\",\"telephone\":\"+34652131393\",\"logo\":{\"@type\":\"ImageObject\",\"url\":\"https:\\\/\\\/www.eldigitaldeasturias.com\\\/noticias\\\/wp-content\\\/uploads\\\/2020\\\/12\\\/EDA.jpg\",\"@id\":\"https:\\\/\\\/www.eldigitaldeasturias.com\\\/noticias\\\/el-ultimo-maquillaje-antes-de-la-despedida-final\\\/#organizationLogo\"},\"image\":{\"@id\":\"https:\\\/\\\/www.eldigitaldeasturias.com\\\/noticias\\\/el-ultimo-maquillaje-antes-de-la-despedida-final\\\/#organizationLogo\"},\"sameAs\":[\"https:\\\/\\\/facebook.com\\\/eldigitaldeasturias\",\"https:\\\/\\\/www.youtube.com\\\/channel\\\/UCZP-2wLEB9Rv6erhFmqVnvg\"],\"address\":{\"@id\":\"https:\\\/\\\/www.eldigitaldeasturias.com\\\/noticias\\\/#postaladdress\",\"@type\":\"PostalAddress\",\"streetAddress\":\"san antonio 4\",\"postalCode\":\"33430\",\"addressLocality\":\"Cand\\u00e1s\",\"addressRegion\":\"Asturias\",\"addressCountry\":\"ES\"}},{\"@type\":\"Person\",\"@id\":\"https:\\\/\\\/www.eldigitaldeasturias.com\\\/noticias\\\/author\\\/admin\\\/#author\",\"url\":\"https:\\\/\\\/www.eldigitaldeasturias.com\\\/noticias\\\/author\\\/admin\\\/\",\"name\":\"El Digital de Asturias\",\"image\":{\"@type\":\"ImageObject\",\"@id\":\"https:\\\/\\\/www.eldigitaldeasturias.com\\\/noticias\\\/el-ultimo-maquillaje-antes-de-la-despedida-final\\\/#authorImage\",\"url\":\"https:\\\/\\\/secure.gravatar.com\\\/avatar\\\/df2aeffc32bcd13f8d26072ef8a91b623d677766deac7f97ca815868cd41bf5e?s=96&d=mm&r=g\",\"width\":96,\"height\":96,\"caption\":\"El Digital de Asturias\"}},{\"@type\":\"WebPage\",\"@id\":\"https:\\\/\\\/www.eldigitaldeasturias.com\\\/noticias\\\/el-ultimo-maquillaje-antes-de-la-despedida-final\\\/#webpage\",\"url\":\"https:\\\/\\\/www.eldigitaldeasturias.com\\\/noticias\\\/el-ultimo-maquillaje-antes-de-la-despedida-final\\\/\",\"name\":\"El \\u00faltimo maquillaje antes de la despedida final - El Digital de Asturias\",\"description\":\"En el proceso de elaboraci\\u00f3n del duelo, los terapeutas a veces utilizan objetos que los dolientes asocian con la persona que echan de menos para hacer aflorar..\",\"inLanguage\":\"es-ES\",\"isPartOf\":{\"@id\":\"https:\\\/\\\/www.eldigitaldeasturias.com\\\/noticias\\\/#website\"},\"breadcrumb\":{\"@id\":\"https:\\\/\\\/www.eldigitaldeasturias.com\\\/noticias\\\/el-ultimo-maquillaje-antes-de-la-despedida-final\\\/#breadcrumblist\"},\"author\":{\"@id\":\"https:\\\/\\\/www.eldigitaldeasturias.com\\\/noticias\\\/author\\\/admin\\\/#author\"},\"creator\":{\"@id\":\"https:\\\/\\\/www.eldigitaldeasturias.com\\\/noticias\\\/author\\\/admin\\\/#author\"},\"image\":{\"@type\":\"ImageObject\",\"url\":\"https:\\\/\\\/www.eldigitaldeasturias.com\\\/noticias\\\/wp-content\\\/uploads\\\/2026\\\/06\\\/Contenidos.jpg\",\"@id\":\"https:\\\/\\\/www.eldigitaldeasturias.com\\\/noticias\\\/el-ultimo-maquillaje-antes-de-la-despedida-final\\\/#mainImage\",\"width\":1265,\"height\":697,\"caption\":\"Contenidos\"},\"primaryImageOfPage\":{\"@id\":\"https:\\\/\\\/www.eldigitaldeasturias.com\\\/noticias\\\/el-ultimo-maquillaje-antes-de-la-despedida-final\\\/#mainImage\"},\"datePublished\":\"2021-05-15T15:13:08+02:00\",\"dateModified\":\"2021-05-15T15:13:08+02:00\"},{\"@type\":\"WebSite\",\"@id\":\"https:\\\/\\\/www.eldigitaldeasturias.com\\\/noticias\\\/#website\",\"url\":\"https:\\\/\\\/www.eldigitaldeasturias.com\\\/noticias\\\/\",\"name\":\"El Digital de Asturias - Diario de actualidad y noticias\",\"alternateName\":\"El Digital de Asturias - Diario de actualidad y noticias\",\"description\":\"Hemeroteca\",\"inLanguage\":\"es-ES\",\"publisher\":{\"@id\":\"https:\\\/\\\/www.eldigitaldeasturias.com\\\/noticias\\\/#organization\"}}]}\n\t\t<\/script>\n\t\t<!-- All in One SEO Pro -->\r\n\t\t<title>El \u00faltimo maquillaje antes de la despedida final - El Digital de Asturias<\/title>\n\n","aioseo_head_json":{"title":"El \u00faltimo maquillaje antes de la despedida final - El Digital de Asturias","description":"En el proceso de elaboraci\u00f3n del duelo, los terapeutas a veces utilizan objetos que los dolientes asocian con la persona que echan de menos para hacer aflorar..","canonical_url":"https:\/\/www.eldigitaldeasturias.com\/noticias\/el-ultimo-maquillaje-antes-de-la-despedida-final\/","robots":"max-image-preview:large","keywords":"sociedad","webmasterTools":{"google-site-verification":"UA-38556648-1","msvalidate.01":"7dfe9f3f1b24437ab69f4f2559babe99","miscellaneous":""},"schema":{"@context":"https:\/\/schema.org","@graph":[{"@type":"BlogPosting","@id":"https:\/\/www.eldigitaldeasturias.com\/noticias\/el-ultimo-maquillaje-antes-de-la-despedida-final\/#blogposting","name":"El \u00faltimo maquillaje antes de la despedida final - El Digital de Asturias","headline":"El \u00faltimo maquillaje antes de la despedida final","author":{"@id":"https:\/\/www.eldigitaldeasturias.com\/noticias\/author\/admin\/#author"},"publisher":{"@id":"https:\/\/www.eldigitaldeasturias.com\/noticias\/#organization"},"image":{"@type":"ImageObject","url":"https:\/\/www.eldigitaldeasturias.com\/noticias\/wp-content\/uploads\/2026\/06\/Contenidos.jpg","width":1265,"height":697,"caption":"Contenidos"},"datePublished":"2021-05-15T15:13:08+02:00","dateModified":"2021-05-15T15:13:08+02:00","inLanguage":"es-ES","mainEntityOfPage":{"@id":"https:\/\/www.eldigitaldeasturias.com\/noticias\/el-ultimo-maquillaje-antes-de-la-despedida-final\/#webpage"},"isPartOf":{"@id":"https:\/\/www.eldigitaldeasturias.com\/noticias\/el-ultimo-maquillaje-antes-de-la-despedida-final\/#webpage"},"articleSection":"Sociedad"},{"@type":"BreadcrumbList","@id":"https:\/\/www.eldigitaldeasturias.com\/noticias\/el-ultimo-maquillaje-antes-de-la-despedida-final\/#breadcrumblist","itemListElement":[{"@type":"ListItem","@id":"https:\/\/www.eldigitaldeasturias.com\/noticias#listItem","position":1,"name":"Home","item":"https:\/\/www.eldigitaldeasturias.com\/noticias","nextItem":{"@type":"ListItem","@id":"https:\/\/www.eldigitaldeasturias.com\/noticias\/category\/sociedad\/#listItem","name":"Sociedad"}},{"@type":"ListItem","@id":"https:\/\/www.eldigitaldeasturias.com\/noticias\/category\/sociedad\/#listItem","position":2,"name":"Sociedad","item":"https:\/\/www.eldigitaldeasturias.com\/noticias\/category\/sociedad\/","nextItem":{"@type":"ListItem","@id":"https:\/\/www.eldigitaldeasturias.com\/noticias\/el-ultimo-maquillaje-antes-de-la-despedida-final\/#listItem","name":"El \u00faltimo maquillaje antes de la despedida final"},"previousItem":{"@type":"ListItem","@id":"https:\/\/www.eldigitaldeasturias.com\/noticias#listItem","name":"Home"}},{"@type":"ListItem","@id":"https:\/\/www.eldigitaldeasturias.com\/noticias\/el-ultimo-maquillaje-antes-de-la-despedida-final\/#listItem","position":3,"name":"El \u00faltimo maquillaje antes de la despedida final","previousItem":{"@type":"ListItem","@id":"https:\/\/www.eldigitaldeasturias.com\/noticias\/category\/sociedad\/#listItem","name":"Sociedad"}}]},{"@type":"Organization","@id":"https:\/\/www.eldigitaldeasturias.com\/noticias\/#organization","name":"El Digital de Asturias","description":"Hemeroteca","url":"https:\/\/www.eldigitaldeasturias.com\/noticias\/","email":"info@eldigitaldeasturias.com","telephone":"+34652131393","logo":{"@type":"ImageObject","url":"https:\/\/www.eldigitaldeasturias.com\/noticias\/wp-content\/uploads\/2020\/12\/EDA.jpg","@id":"https:\/\/www.eldigitaldeasturias.com\/noticias\/el-ultimo-maquillaje-antes-de-la-despedida-final\/#organizationLogo"},"image":{"@id":"https:\/\/www.eldigitaldeasturias.com\/noticias\/el-ultimo-maquillaje-antes-de-la-despedida-final\/#organizationLogo"},"sameAs":["https:\/\/facebook.com\/eldigitaldeasturias","https:\/\/www.youtube.com\/channel\/UCZP-2wLEB9Rv6erhFmqVnvg"],"address":{"@id":"https:\/\/www.eldigitaldeasturias.com\/noticias\/#postaladdress","@type":"PostalAddress","streetAddress":"san antonio 4","postalCode":"33430","addressLocality":"Cand\u00e1s","addressRegion":"Asturias","addressCountry":"ES"}},{"@type":"Person","@id":"https:\/\/www.eldigitaldeasturias.com\/noticias\/author\/admin\/#author","url":"https:\/\/www.eldigitaldeasturias.com\/noticias\/author\/admin\/","name":"El Digital de Asturias","image":{"@type":"ImageObject","@id":"https:\/\/www.eldigitaldeasturias.com\/noticias\/el-ultimo-maquillaje-antes-de-la-despedida-final\/#authorImage","url":"https:\/\/secure.gravatar.com\/avatar\/df2aeffc32bcd13f8d26072ef8a91b623d677766deac7f97ca815868cd41bf5e?s=96&d=mm&r=g","width":96,"height":96,"caption":"El Digital de Asturias"}},{"@type":"WebPage","@id":"https:\/\/www.eldigitaldeasturias.com\/noticias\/el-ultimo-maquillaje-antes-de-la-despedida-final\/#webpage","url":"https:\/\/www.eldigitaldeasturias.com\/noticias\/el-ultimo-maquillaje-antes-de-la-despedida-final\/","name":"El \u00faltimo maquillaje antes de la despedida final - El Digital de Asturias","description":"En el proceso de elaboraci\u00f3n del duelo, los terapeutas a veces utilizan objetos que los dolientes asocian con la persona que echan de menos para hacer aflorar..","inLanguage":"es-ES","isPartOf":{"@id":"https:\/\/www.eldigitaldeasturias.com\/noticias\/#website"},"breadcrumb":{"@id":"https:\/\/www.eldigitaldeasturias.com\/noticias\/el-ultimo-maquillaje-antes-de-la-despedida-final\/#breadcrumblist"},"author":{"@id":"https:\/\/www.eldigitaldeasturias.com\/noticias\/author\/admin\/#author"},"creator":{"@id":"https:\/\/www.eldigitaldeasturias.com\/noticias\/author\/admin\/#author"},"image":{"@type":"ImageObject","url":"https:\/\/www.eldigitaldeasturias.com\/noticias\/wp-content\/uploads\/2026\/06\/Contenidos.jpg","@id":"https:\/\/www.eldigitaldeasturias.com\/noticias\/el-ultimo-maquillaje-antes-de-la-despedida-final\/#mainImage","width":1265,"height":697,"caption":"Contenidos"},"primaryImageOfPage":{"@id":"https:\/\/www.eldigitaldeasturias.com\/noticias\/el-ultimo-maquillaje-antes-de-la-despedida-final\/#mainImage"},"datePublished":"2021-05-15T15:13:08+02:00","dateModified":"2021-05-15T15:13:08+02:00"},{"@type":"WebSite","@id":"https:\/\/www.eldigitaldeasturias.com\/noticias\/#website","url":"https:\/\/www.eldigitaldeasturias.com\/noticias\/","name":"El Digital de Asturias - Diario de actualidad y noticias","alternateName":"El Digital de Asturias - Diario de actualidad y noticias","description":"Hemeroteca","inLanguage":"es-ES","publisher":{"@id":"https:\/\/www.eldigitaldeasturias.com\/noticias\/#organization"}}]},"og:locale":"es_ES","og:site_name":"El Digital de Asturias","og:type":"article","og:title":"El \u00faltimo maquillaje antes de la despedida final - El Digital de Asturias","og:description":"En el proceso de elaboraci\u00f3n del duelo, los terapeutas a veces utilizan objetos que los dolientes asocian con la persona que echan de menos para hacer aflorar..","og:url":"https:\/\/www.eldigitaldeasturias.com\/noticias\/el-ultimo-maquillaje-antes-de-la-despedida-final\/","og:image":"https:\/\/www.eldigitaldeasturias.com\/noticias\/wp-content\/uploads\/2026\/06\/Contenidos.jpg","og:image:secure_url":"https:\/\/www.eldigitaldeasturias.com\/noticias\/wp-content\/uploads\/2026\/06\/Contenidos.jpg","og:image:width":1265,"og:image:height":697,"article:tag":["sociedad"],"article:published_time":"2021-05-15T14:13:08+00:00","article:modified_time":"2021-05-15T14:13:08+00:00","article:publisher":"https:\/\/facebook.com\/eldigitaldeasturias","twitter:card":"summary_large_image","twitter:title":"El \u00faltimo maquillaje antes de la despedida final - El Digital de Asturias","twitter:description":"En el proceso de elaboraci\u00f3n del duelo, los terapeutas a veces utilizan objetos que los dolientes asocian con la persona que echan de menos para hacer aflorar..","twitter:image":"https:\/\/www.eldigitaldeasturias.com\/noticias\/wp-content\/uploads\/2026\/06\/Contenidos.jpg","twitter:label1":"Escrito por","twitter:data1":"El Digital de Asturias","twitter:label2":"Tiempo de lectura estimado","twitter:data2":"5 minutos"},"aioseo_meta_data":{"post_id":"1091725","title":null,"description":"En el proceso de elaboraci\u00f3n del duelo, los terapeutas a veces utilizan objetos que los dolientes asocian con la persona que echan de menos para hacer aflorar..","keywords":[],"keyphrases":{"focus":[],"additional":[]},"primary_term":null,"canonical_url":null,"og_title":null,"og_description":null,"og_object_type":"default","og_image_type":"default","og_image_url":null,"og_image_width":null,"og_image_height":null,"og_image_custom_url":null,"og_image_custom_fields":null,"og_video":"","og_custom_url":null,"og_article_section":null,"og_article_tags":[],"twitter_use_og":false,"twitter_card":"default","twitter_image_type":"default","twitter_image_url":null,"twitter_image_custom_url":null,"twitter_image_custom_fields":null,"twitter_title":null,"twitter_description":null,"schema":{"blockGraphs":[],"customGraphs":[],"default":{"data":{"Article":[],"Course":[],"Dataset":[],"FAQPage":[],"Movie":[],"Person":[],"Product":[],"ProductReview":[],"Car":[],"Recipe":[],"Service":[],"SoftwareApplication":[],"WebPage":[]},"graphName":"","isEnabled":true},"graphs":[],"defaultGraph":"Article","defaultPostTypeGraph":""},"schema_type":"default","schema_type_options":"{\"article\":{\"articleType\":\"BlogPosting\"},\"course\":{\"name\":\"\",\"description\":\"\",\"provider\":\"\"},\"faq\":{\"pages\":[]},\"product\":{\"reviews\":[]},\"recipe\":{\"ingredients\":[],\"instructions\":[],\"keywords\":[]},\"software\":{\"reviews\":[],\"operatingSystems\":[]},\"webPage\":{\"webPageType\":\"WebPage\"}}","pillar_content":false,"robots_default":true,"robots_noindex":false,"robots_noarchive":false,"robots_nosnippet":false,"robots_nofollow":false,"robots_noimageindex":false,"robots_noodp":false,"robots_notranslate":false,"robots_max_snippet":"-1","robots_max_videopreview":"-1","robots_max_imagepreview":"large","priority":null,"frequency":"default","local_seo":{"locations":{"business":{"name":"","businessType":"","image":"","areaServed":"","urls":{"website":"","aboutPage":"","contactPage":""},"address":{"streetLine1":"","streetLine2":"","zipCode":"","city":"","state":"","country":"","addressFormat":"#streetLineOne\n#streetLineTwo\n#city, #state #zipCode"},"contact":{"email":"","phone":"","phoneFormatted":"","fax":"","faxFormatted":""},"ids":{"vat":"","tax":"","chamberOfCommerce":""},"payment":{"priceRange":"","currenciesAccepted":"","methods":""}}},"openingHours":{"useDefaults":true,"show":true,"alwaysOpen":false,"use24hFormat":false,"timezone":"","labels":{"closed":"","alwaysOpen":""},"days":{"monday":{"open24h":false,"closed":false,"openTime":"09:00","closeTime":"17:00"},"tuesday":{"open24h":false,"closed":false,"openTime":"09:00","closeTime":"17:00"},"wednesday":{"open24h":false,"closed":false,"openTime":"09:00","closeTime":"17:00"},"thursday":{"open24h":false,"closed":false,"openTime":"09:00","closeTime":"17:00"},"friday":{"open24h":false,"closed":false,"openTime":"09:00","closeTime":"17:00"},"saturday":{"open24h":false,"closed":false,"openTime":"09:00","closeTime":"17:00"},"sunday":{"open24h":false,"closed":false,"openTime":"09:00","closeTime":"17:00"}}}},"seo_analyzer_scan_date":"2026-07-17 23:02:36","breadcrumb_settings":null,"limit_modified_date":false,"open_ai":null,"ai":null,"created":"2021-05-15 14:07:19","updated":"2026-07-17 23:02:36","focus_keyword":null,"additional_keywords":null,"truseo_locale":null},"aioseo_breadcrumb":"<div class=\"aioseo-breadcrumbs\"><span class=\"aioseo-breadcrumb\">\n\t<a href=\"https:\/\/www.eldigitaldeasturias.com\/noticias\" title=\"Home\">Home<\/a>\n<\/span><span class=\"aioseo-breadcrumb-separator\">\u2013<\/span><span class=\"aioseo-breadcrumb\">\n\t<a href=\"https:\/\/www.eldigitaldeasturias.com\/noticias\/category\/sociedad\/\" title=\"Sociedad\">Sociedad<\/a>\n<\/span><span class=\"aioseo-breadcrumb-separator\">\u2013<\/span><span class=\"aioseo-breadcrumb\">\n\t<a href=\"https:\/\/www.eldigitaldeasturias.com\/noticias\/el-ultimo-maquillaje-antes-de-la-despedida-final\/\" title=\"El \u00faltimo maquillaje antes de la despedida final\">El \u00faltimo maquillaje antes de la despedida final<\/a>\n<\/span><\/div>","aioseo_breadcrumb_json":[{"label":"Home","link":"https:\/\/www.eldigitaldeasturias.com\/noticias"},{"label":"Sociedad","link":"https:\/\/www.eldigitaldeasturias.com\/noticias\/category\/sociedad\/"},{"label":"El \u00faltimo maquillaje antes de la despedida final","link":"https:\/\/www.eldigitaldeasturias.com\/noticias\/el-ultimo-maquillaje-antes-de-la-despedida-final\/"}],"_links":{"self":[{"href":"https:\/\/www.eldigitaldeasturias.com\/noticias\/wp-json\/wp\/v2\/posts\/1091725","targetHints":{"allow":["GET"]}}],"collection":[{"href":"https:\/\/www.eldigitaldeasturias.com\/noticias\/wp-json\/wp\/v2\/posts"}],"about":[{"href":"https:\/\/www.eldigitaldeasturias.com\/noticias\/wp-json\/wp\/v2\/types\/post"}],"author":[{"embeddable":true,"href":"https:\/\/www.eldigitaldeasturias.com\/noticias\/wp-json\/wp\/v2\/users\/1"}],"replies":[{"embeddable":true,"href":"https:\/\/www.eldigitaldeasturias.com\/noticias\/wp-json\/wp\/v2\/comments?post=1091725"}],"version-history":[{"count":0,"href":"https:\/\/www.eldigitaldeasturias.com\/noticias\/wp-json\/wp\/v2\/posts\/1091725\/revisions"}],"wp:featuredmedia":[{"embeddable":true,"href":"https:\/\/www.eldigitaldeasturias.com\/noticias\/wp-json\/wp\/v2\/media\/1132184"}],"wp:attachment":[{"href":"https:\/\/www.eldigitaldeasturias.com\/noticias\/wp-json\/wp\/v2\/media?parent=1091725"}],"wp:term":[{"taxonomy":"category","embeddable":true,"href":"https:\/\/www.eldigitaldeasturias.com\/noticias\/wp-json\/wp\/v2\/categories?post=1091725"},{"taxonomy":"post_tag","embeddable":true,"href":"https:\/\/www.eldigitaldeasturias.com\/noticias\/wp-json\/wp\/v2\/tags?post=1091725"}],"curies":[{"name":"wp","href":"https:\/\/api.w.org\/{rel}","templated":true}]}}