{"id":1091720,"date":"2021-05-15T12:13:18","date_gmt":"2021-05-15T11:13:18","guid":{"rendered":"https:\/\/www.eldigitaldeasturias.com\/noticias\/?p=1091720"},"modified":"2021-05-15T12:13:18","modified_gmt":"2021-05-15T11:13:18","slug":"asturias-ejecutara-todo-el-presupuesto-asignado-por-el-fse","status":"publish","type":"post","link":"https:\/\/www.eldigitaldeasturias.com\/noticias\/asturias-ejecutara-todo-el-presupuesto-asignado-por-el-fse\/","title":{"rendered":"Asturias ejecutar\u00e1 todo el presupuesto asignado por el FSE"},"content":{"rendered":"<p><img loading=\"lazy\" decoding=\"async\" class=\"alignleft size-medium wp-image-1013387\" src=\"https:\/\/www.eldigitaldeasturias.com\/noticias\/wp-content\/uploads\/2019\/01\/work-791218_960_720-360x240.jpg\" alt=\"\" width=\"360\" height=\"240\" \/>El Gobierno de Asturias ejecutar\u00e1 la totalidad de las partidas asignadas a la comunidad por el Fondo Social Europeo (FSE) en el periodo 2014-2020 (ampliado hasta 2023), que ascienden a 108,7 millones. As\u00ed se ha puesto de manifiesto en la reuni\u00f3n del comit\u00e9 de seguimiento del Programa Operativo del FSE celebrada esta semana.<\/p>\n<p>El programa vigente cuenta con un presupuesto de 108,7 millones. De esta cantidad, el 80% (87 millones) los aporta la Uni\u00f3n Europea (UE) y el 20% restante (21,7 millones), el Principado. Sin embargo, como medida para favorecer la disponibilidad de fondos para las autonom\u00edas en el contexto de la pandemia, la Comisi\u00f3n Europea ha incrementado su tasa de cofinanciaci\u00f3n hasta el 100% para todos los gastos certificados en 2020 y 2021, que superan los 30 millones.<\/p>\n<p>Adem\u00e1s, actualmente se est\u00e1 negociando la incorporaci\u00f3n al programa de 117 millones m\u00e1s de ayuda de la Uni\u00f3n Europea procedentes de los recursos adicionales REACT-UE (Ayuda a la Recuperaci\u00f3n para la Cohesi\u00f3n y los Territorios de Europa) que, en el caso de Asturias, han financiado las habilitaciones o desdobles de nuevas aulas en centros educativos, as\u00ed como las ayudas a sectores afectados por la covid-19.<\/p>\n<p>El Fondo Social Europeo es el principal instrumento financiero de la UE para fomentar el empleo en los estados miembros y promover la cohesi\u00f3n econ\u00f3mica y social. Persigue contribuir activamente a la inclusi\u00f3n integral de los colectivos (j\u00f3venes, mujeres, parados de larga duraci\u00f3n y personas con discapacidad) que sufren especiales dificultades de empleabilidad y pueden caer en riesgo de exclusi\u00f3n social.<\/p>\n<p>Las actuaciones se concretan a trav\u00e9s de programas operativos que abarcan amplios per\u00edodos de programaci\u00f3n. En este caso, est\u00e1 finalizando el de 2014-2020 y se ha iniciado la fase de programaci\u00f3n para 2021-2027.<\/p>\n<p>El seguimiento del programa en Asturias se realiza a trav\u00e9s de un comit\u00e9 en el que participan representantes de la Comisi\u00f3n Europea y del Ejecutivo auton\u00f3mico, concretamente del Servicio P\u00fablico de Empleo (Sepepa) y de la Unidad Administradora del Fondo Social Europeo, adscrita al Ministerio de Trabajo y Econom\u00eda Social. Tambi\u00e9n cuentan con representaci\u00f3n las direcciones generales del Principado que desarrollan las acciones. En el \u00f3rgano tienen cabida, asimismo, los agentes econ\u00f3micos y sociales, las entidades sin \u00e1nimo de lucro relacionadas con la inclusi\u00f3n social y los municipios.<\/p>\n<p>Entre las acciones programadas en el periodo 2014-2020 y cofinanciadas por el FSE en el Principado destacan las siguientes:<\/p>\n<ul>\n<li>Formaci\u00f3n para mejorar la cualificaci\u00f3n de 7.260 personas desempleadas.<\/li>\n<li>Desarrollo de planes locales de empleo, en colaboraci\u00f3n con ayuntamientos, que aseguran un a\u00f1o de contrato laboral y la orientaci\u00f3n para el empleo. Se han beneficiado 2.503 personas.<\/li>\n<li>Programa de formaci\u00f3n y orientaci\u00f3n para j\u00f3venes internos del Centro de Responsabilidad de Menores Casa Juvenil de Sograndio.<\/li>\n<li>Programa de mejora del aprendizaje y del rendimiento en centros educativos, en el que han participado 5.557 j\u00f3venes.<\/li>\n<li>Programas de Formaci\u00f3n Profesional (FP) a distancia, en los que han participado 4.378 personas.<\/li>\n<li>Apoyo a emprendedores a trav\u00e9s del tique del aut\u00f3nomo y del tique de consolidaci\u00f3n en 2015 y 2016.<\/li>\n<\/ul>\n<p>Por otro lado, y de cara a futuras programaciones, Asturias forma parte de la planificaci\u00f3n de los nuevos fondos Fondo Social Europeo Plus (FSE+) para el per\u00edodo 2021-2027,que fusiona el Fondo Social Europeo (FSE), la Iniciativa de Empleo Juvenil (IEJ) y el Fondo de Ayuda Europea para las Personas M\u00e1s Desfavorecidas (FEAD). En este contexto, el FSE+ apoyar\u00e1 las pol\u00edticas orientadas a alcanzar el pleno empleo, potenciar la calidad y la productividad en el trabajo, aumentar la movilidad geogr\u00e1fica y laboral de los trabajadores dentro de la UE, mejorar los sistemas de educaci\u00f3n y de formaci\u00f3n, y promover la inclusi\u00f3n social y la salud.<\/p>\n<p>&nbsp;<\/p>\n","protected":false},"excerpt":{"rendered":"<p>El Gobierno de Asturias ejecutar\u00e1 la totalidad de las partidas asignadas a la comunidad por el Fondo Social Europeo (FSE) en el periodo 2014-2020 (ampliado hasta 2023), que ascienden a 108,7 millones. As\u00ed se ha puesto de manifiesto en la reuni\u00f3n del comit\u00e9 de seguimiento del Programa Operativo del FSE celebrada esta semana. El programa [&hellip;]<\/p>\n","protected":false},"author":1,"featured_media":1013387,"comment_status":"closed","ping_status":"closed","sticky":false,"template":"","format":"standard","meta":{"footnotes":""},"categories":[12],"tags":[],"class_list":["post-1091720","post","type-post","status-publish","format-standard","has-post-thumbnail","hentry","category-actualidad-asturias"],"aioseo_notices":[],"aioseo_head":"\n\t\t<!-- All in One SEO Pro 5.0.1 - aioseo.com -->\n\t<meta name=\"description\" content=\"El Gobierno de Asturias ejecutar\u00e1 la totalidad de las partidas asignadas a la comunidad por el Fondo Social Europeo (FSE) en el periodo 2014-2020\" \/>\n\t<meta name=\"robots\" content=\"max-image-preview:large\" \/>\n\t<meta name=\"author\" content=\"El Digital de Asturias\"\/>\n\t<meta name=\"google-site-verification\" content=\"UA-38556648-1\" \/>\n\t<meta name=\"msvalidate.01\" content=\"7dfe9f3f1b24437ab69f4f2559babe99\" \/>\n\t<meta name=\"keywords\" content=\"actualidad asturias\" \/>\n\t<link rel=\"canonical\" href=\"https:\/\/www.eldigitaldeasturias.com\/noticias\/asturias-ejecutara-todo-el-presupuesto-asignado-por-el-fse\/\" \/>\n\t<meta name=\"generator\" content=\"All in One SEO Pro (AIOSEO) 5.0.1\" \/>\n\t\t<meta property=\"og:locale\" content=\"es_ES\" \/>\n\t\t<meta property=\"og:site_name\" content=\"El Digital de Asturias\" \/>\n\t\t<meta property=\"og:type\" content=\"article\" \/>\n\t\t<meta property=\"og:title\" content=\"Asturias ejecutar\u00e1 todo el presupuesto asignado por el FSE - El Digital de Asturias\" \/>\n\t\t<meta property=\"og:description\" content=\"El Gobierno de Asturias ejecutar\u00e1 la totalidad de las partidas asignadas a la comunidad por el Fondo Social Europeo (FSE) en el periodo 2014-2020\" \/>\n\t\t<meta property=\"og:url\" content=\"https:\/\/www.eldigitaldeasturias.com\/noticias\/asturias-ejecutara-todo-el-presupuesto-asignado-por-el-fse\/\" \/>\n\t\t<meta property=\"article:tag\" content=\"actualidad asturias\" \/>\n\t\t<meta property=\"article:published_time\" content=\"2021-05-15T11:13:18+00:00\" \/>\n\t\t<meta property=\"article:modified_time\" content=\"2021-05-15T11:13:18+00:00\" \/>\n\t\t<meta property=\"article:publisher\" content=\"https:\/\/facebook.com\/eldigitaldeasturias\" \/>\n\t\t<meta name=\"twitter:card\" content=\"summary_large_image\" \/>\n\t\t<meta name=\"twitter:title\" content=\"Asturias ejecutar\u00e1 todo el presupuesto asignado por el FSE - El Digital de Asturias\" \/>\n\t\t<meta name=\"twitter:description\" content=\"El Gobierno de Asturias ejecutar\u00e1 la totalidad de las partidas asignadas a la comunidad por el Fondo Social Europeo (FSE) en el periodo 2014-2020\" \/>\n\t\t<meta name=\"twitter:image\" content=\"https:\/\/www.eldigitaldeasturias.com\/noticias\/wp-content\/uploads\/2020\/12\/EDA-1.jpg\" \/>\n\t\t<meta name=\"twitter:label1\" content=\"Escrito por\" \/>\n\t\t<meta name=\"twitter:data1\" content=\"El Digital de Asturias\" \/>\n\t\t<meta name=\"twitter:label2\" content=\"Tiempo de lectura estimado\" \/>\n\t\t<meta name=\"twitter:data2\" content=\"3 minutos\" \/>\n\t\t<script type=\"application\/ld+json\" class=\"aioseo-schema\">\n\t\t\t{\"@context\":\"https:\\\/\\\/schema.org\",\"@graph\":[{\"@type\":\"BlogPosting\",\"@id\":\"https:\\\/\\\/www.eldigitaldeasturias.com\\\/noticias\\\/asturias-ejecutara-todo-el-presupuesto-asignado-por-el-fse\\\/#blogposting\",\"name\":\"Asturias ejecutar\\u00e1 todo el presupuesto asignado por el FSE - El Digital de Asturias\",\"headline\":\"Asturias ejecutar\\u00e1 todo el presupuesto asignado por el FSE\",\"author\":{\"@id\":\"https:\\\/\\\/www.eldigitaldeasturias.com\\\/noticias\\\/author\\\/admin\\\/#author\"},\"publisher\":{\"@id\":\"https:\\\/\\\/www.eldigitaldeasturias.com\\\/noticias\\\/#organization\"},\"image\":{\"@type\":\"ImageObject\",\"url\":1013387},\"datePublished\":\"2021-05-15T12:13:18+02:00\",\"dateModified\":\"2021-05-15T12:13:18+02:00\",\"inLanguage\":\"es-ES\",\"mainEntityOfPage\":{\"@id\":\"https:\\\/\\\/www.eldigitaldeasturias.com\\\/noticias\\\/asturias-ejecutara-todo-el-presupuesto-asignado-por-el-fse\\\/#webpage\"},\"isPartOf\":{\"@id\":\"https:\\\/\\\/www.eldigitaldeasturias.com\\\/noticias\\\/asturias-ejecutara-todo-el-presupuesto-asignado-por-el-fse\\\/#webpage\"},\"articleSection\":\"Actualidad Asturias\"},{\"@type\":\"BreadcrumbList\",\"@id\":\"https:\\\/\\\/www.eldigitaldeasturias.com\\\/noticias\\\/asturias-ejecutara-todo-el-presupuesto-asignado-por-el-fse\\\/#breadcrumblist\",\"itemListElement\":[{\"@type\":\"ListItem\",\"@id\":\"https:\\\/\\\/www.eldigitaldeasturias.com\\\/noticias#listItem\",\"position\":1,\"name\":\"Home\",\"item\":\"https:\\\/\\\/www.eldigitaldeasturias.com\\\/noticias\",\"nextItem\":{\"@type\":\"ListItem\",\"@id\":\"https:\\\/\\\/www.eldigitaldeasturias.com\\\/noticias\\\/category\\\/actualidad-asturias\\\/#listItem\",\"name\":\"Actualidad Asturias\"}},{\"@type\":\"ListItem\",\"@id\":\"https:\\\/\\\/www.eldigitaldeasturias.com\\\/noticias\\\/category\\\/actualidad-asturias\\\/#listItem\",\"position\":2,\"name\":\"Actualidad Asturias\",\"item\":\"https:\\\/\\\/www.eldigitaldeasturias.com\\\/noticias\\\/category\\\/actualidad-asturias\\\/\",\"nextItem\":{\"@type\":\"ListItem\",\"@id\":\"https:\\\/\\\/www.eldigitaldeasturias.com\\\/noticias\\\/asturias-ejecutara-todo-el-presupuesto-asignado-por-el-fse\\\/#listItem\",\"name\":\"Asturias ejecutar\\u00e1 todo el presupuesto asignado por el FSE\"},\"previousItem\":{\"@type\":\"ListItem\",\"@id\":\"https:\\\/\\\/www.eldigitaldeasturias.com\\\/noticias#listItem\",\"name\":\"Home\"}},{\"@type\":\"ListItem\",\"@id\":\"https:\\\/\\\/www.eldigitaldeasturias.com\\\/noticias\\\/asturias-ejecutara-todo-el-presupuesto-asignado-por-el-fse\\\/#listItem\",\"position\":3,\"name\":\"Asturias ejecutar\\u00e1 todo el presupuesto asignado por el FSE\",\"previousItem\":{\"@type\":\"ListItem\",\"@id\":\"https:\\\/\\\/www.eldigitaldeasturias.com\\\/noticias\\\/category\\\/actualidad-asturias\\\/#listItem\",\"name\":\"Actualidad Asturias\"}}]},{\"@type\":\"Organization\",\"@id\":\"https:\\\/\\\/www.eldigitaldeasturias.com\\\/noticias\\\/#organization\",\"name\":\"El Digital de Asturias\",\"description\":\"Hemeroteca\",\"url\":\"https:\\\/\\\/www.eldigitaldeasturias.com\\\/noticias\\\/\",\"email\":\"info@eldigitaldeasturias.com\",\"telephone\":\"+34652131393\",\"logo\":{\"@type\":\"ImageObject\",\"url\":\"https:\\\/\\\/www.eldigitaldeasturias.com\\\/noticias\\\/wp-content\\\/uploads\\\/2020\\\/12\\\/EDA.jpg\",\"@id\":\"https:\\\/\\\/www.eldigitaldeasturias.com\\\/noticias\\\/asturias-ejecutara-todo-el-presupuesto-asignado-por-el-fse\\\/#organizationLogo\"},\"image\":{\"@id\":\"https:\\\/\\\/www.eldigitaldeasturias.com\\\/noticias\\\/asturias-ejecutara-todo-el-presupuesto-asignado-por-el-fse\\\/#organizationLogo\"},\"sameAs\":[\"https:\\\/\\\/facebook.com\\\/eldigitaldeasturias\",\"https:\\\/\\\/www.youtube.com\\\/channel\\\/UCZP-2wLEB9Rv6erhFmqVnvg\"],\"address\":{\"@id\":\"https:\\\/\\\/www.eldigitaldeasturias.com\\\/noticias\\\/#postaladdress\",\"@type\":\"PostalAddress\",\"streetAddress\":\"san antonio 4\",\"postalCode\":\"33430\",\"addressLocality\":\"Cand\\u00e1s\",\"addressRegion\":\"Asturias\",\"addressCountry\":\"ES\"}},{\"@type\":\"Person\",\"@id\":\"https:\\\/\\\/www.eldigitaldeasturias.com\\\/noticias\\\/author\\\/admin\\\/#author\",\"url\":\"https:\\\/\\\/www.eldigitaldeasturias.com\\\/noticias\\\/author\\\/admin\\\/\",\"name\":\"El Digital de Asturias\",\"image\":{\"@type\":\"ImageObject\",\"@id\":\"https:\\\/\\\/www.eldigitaldeasturias.com\\\/noticias\\\/asturias-ejecutara-todo-el-presupuesto-asignado-por-el-fse\\\/#authorImage\",\"url\":\"https:\\\/\\\/secure.gravatar.com\\\/avatar\\\/df2aeffc32bcd13f8d26072ef8a91b623d677766deac7f97ca815868cd41bf5e?s=96&d=mm&r=g\",\"width\":96,\"height\":96,\"caption\":\"El Digital de Asturias\"}},{\"@type\":\"WebPage\",\"@id\":\"https:\\\/\\\/www.eldigitaldeasturias.com\\\/noticias\\\/asturias-ejecutara-todo-el-presupuesto-asignado-por-el-fse\\\/#webpage\",\"url\":\"https:\\\/\\\/www.eldigitaldeasturias.com\\\/noticias\\\/asturias-ejecutara-todo-el-presupuesto-asignado-por-el-fse\\\/\",\"name\":\"Asturias ejecutar\\u00e1 todo el presupuesto asignado por el FSE - El Digital de Asturias\",\"description\":\"El Gobierno de Asturias ejecutar\\u00e1 la totalidad de las partidas asignadas a la comunidad por el Fondo Social Europeo (FSE) en el periodo 2014-2020\",\"inLanguage\":\"es-ES\",\"isPartOf\":{\"@id\":\"https:\\\/\\\/www.eldigitaldeasturias.com\\\/noticias\\\/#website\"},\"breadcrumb\":{\"@id\":\"https:\\\/\\\/www.eldigitaldeasturias.com\\\/noticias\\\/asturias-ejecutara-todo-el-presupuesto-asignado-por-el-fse\\\/#breadcrumblist\"},\"author\":{\"@id\":\"https:\\\/\\\/www.eldigitaldeasturias.com\\\/noticias\\\/author\\\/admin\\\/#author\"},\"creator\":{\"@id\":\"https:\\\/\\\/www.eldigitaldeasturias.com\\\/noticias\\\/author\\\/admin\\\/#author\"},\"image\":{\"@type\":\"ImageObject\",\"url\":1013387,\"@id\":\"https:\\\/\\\/www.eldigitaldeasturias.com\\\/noticias\\\/asturias-ejecutara-todo-el-presupuesto-asignado-por-el-fse\\\/#mainImage\"},\"primaryImageOfPage\":{\"@id\":\"https:\\\/\\\/www.eldigitaldeasturias.com\\\/noticias\\\/asturias-ejecutara-todo-el-presupuesto-asignado-por-el-fse\\\/#mainImage\"},\"datePublished\":\"2021-05-15T12:13:18+02:00\",\"dateModified\":\"2021-05-15T12:13:18+02:00\"},{\"@type\":\"WebSite\",\"@id\":\"https:\\\/\\\/www.eldigitaldeasturias.com\\\/noticias\\\/#website\",\"url\":\"https:\\\/\\\/www.eldigitaldeasturias.com\\\/noticias\\\/\",\"name\":\"El Digital de Asturias - Diario de actualidad y noticias\",\"alternateName\":\"El Digital de Asturias - Diario de actualidad y noticias\",\"description\":\"Hemeroteca\",\"inLanguage\":\"es-ES\",\"publisher\":{\"@id\":\"https:\\\/\\\/www.eldigitaldeasturias.com\\\/noticias\\\/#organization\"}}]}\n\t\t<\/script>\n\t\t<!-- All in One SEO Pro -->\r\n\t\t<title>Asturias ejecutar\u00e1 todo el presupuesto asignado por el FSE - El Digital de Asturias<\/title>\n\n","aioseo_head_json":{"title":"Asturias ejecutar\u00e1 todo el presupuesto asignado por el FSE - El Digital de Asturias","description":"El Gobierno de Asturias ejecutar\u00e1 la totalidad de las partidas asignadas a la comunidad por el Fondo Social Europeo (FSE) en el periodo 2014-2020","canonical_url":"https:\/\/www.eldigitaldeasturias.com\/noticias\/asturias-ejecutara-todo-el-presupuesto-asignado-por-el-fse\/","robots":"max-image-preview:large","keywords":"actualidad asturias","webmasterTools":{"google-site-verification":"UA-38556648-1","msvalidate.01":"7dfe9f3f1b24437ab69f4f2559babe99","miscellaneous":""},"schema":{"@context":"https:\/\/schema.org","@graph":[{"@type":"BlogPosting","@id":"https:\/\/www.eldigitaldeasturias.com\/noticias\/asturias-ejecutara-todo-el-presupuesto-asignado-por-el-fse\/#blogposting","name":"Asturias ejecutar\u00e1 todo el presupuesto asignado por el FSE - El Digital de Asturias","headline":"Asturias ejecutar\u00e1 todo el presupuesto asignado por el FSE","author":{"@id":"https:\/\/www.eldigitaldeasturias.com\/noticias\/author\/admin\/#author"},"publisher":{"@id":"https:\/\/www.eldigitaldeasturias.com\/noticias\/#organization"},"image":{"@type":"ImageObject","url":1013387},"datePublished":"2021-05-15T12:13:18+02:00","dateModified":"2021-05-15T12:13:18+02:00","inLanguage":"es-ES","mainEntityOfPage":{"@id":"https:\/\/www.eldigitaldeasturias.com\/noticias\/asturias-ejecutara-todo-el-presupuesto-asignado-por-el-fse\/#webpage"},"isPartOf":{"@id":"https:\/\/www.eldigitaldeasturias.com\/noticias\/asturias-ejecutara-todo-el-presupuesto-asignado-por-el-fse\/#webpage"},"articleSection":"Actualidad Asturias"},{"@type":"BreadcrumbList","@id":"https:\/\/www.eldigitaldeasturias.com\/noticias\/asturias-ejecutara-todo-el-presupuesto-asignado-por-el-fse\/#breadcrumblist","itemListElement":[{"@type":"ListItem","@id":"https:\/\/www.eldigitaldeasturias.com\/noticias#listItem","position":1,"name":"Home","item":"https:\/\/www.eldigitaldeasturias.com\/noticias","nextItem":{"@type":"ListItem","@id":"https:\/\/www.eldigitaldeasturias.com\/noticias\/category\/actualidad-asturias\/#listItem","name":"Actualidad Asturias"}},{"@type":"ListItem","@id":"https:\/\/www.eldigitaldeasturias.com\/noticias\/category\/actualidad-asturias\/#listItem","position":2,"name":"Actualidad Asturias","item":"https:\/\/www.eldigitaldeasturias.com\/noticias\/category\/actualidad-asturias\/","nextItem":{"@type":"ListItem","@id":"https:\/\/www.eldigitaldeasturias.com\/noticias\/asturias-ejecutara-todo-el-presupuesto-asignado-por-el-fse\/#listItem","name":"Asturias ejecutar\u00e1 todo el presupuesto asignado por el FSE"},"previousItem":{"@type":"ListItem","@id":"https:\/\/www.eldigitaldeasturias.com\/noticias#listItem","name":"Home"}},{"@type":"ListItem","@id":"https:\/\/www.eldigitaldeasturias.com\/noticias\/asturias-ejecutara-todo-el-presupuesto-asignado-por-el-fse\/#listItem","position":3,"name":"Asturias ejecutar\u00e1 todo el presupuesto asignado por el FSE","previousItem":{"@type":"ListItem","@id":"https:\/\/www.eldigitaldeasturias.com\/noticias\/category\/actualidad-asturias\/#listItem","name":"Actualidad Asturias"}}]},{"@type":"Organization","@id":"https:\/\/www.eldigitaldeasturias.com\/noticias\/#organization","name":"El Digital de Asturias","description":"Hemeroteca","url":"https:\/\/www.eldigitaldeasturias.com\/noticias\/","email":"info@eldigitaldeasturias.com","telephone":"+34652131393","logo":{"@type":"ImageObject","url":"https:\/\/www.eldigitaldeasturias.com\/noticias\/wp-content\/uploads\/2020\/12\/EDA.jpg","@id":"https:\/\/www.eldigitaldeasturias.com\/noticias\/asturias-ejecutara-todo-el-presupuesto-asignado-por-el-fse\/#organizationLogo"},"image":{"@id":"https:\/\/www.eldigitaldeasturias.com\/noticias\/asturias-ejecutara-todo-el-presupuesto-asignado-por-el-fse\/#organizationLogo"},"sameAs":["https:\/\/facebook.com\/eldigitaldeasturias","https:\/\/www.youtube.com\/channel\/UCZP-2wLEB9Rv6erhFmqVnvg"],"address":{"@id":"https:\/\/www.eldigitaldeasturias.com\/noticias\/#postaladdress","@type":"PostalAddress","streetAddress":"san antonio 4","postalCode":"33430","addressLocality":"Cand\u00e1s","addressRegion":"Asturias","addressCountry":"ES"}},{"@type":"Person","@id":"https:\/\/www.eldigitaldeasturias.com\/noticias\/author\/admin\/#author","url":"https:\/\/www.eldigitaldeasturias.com\/noticias\/author\/admin\/","name":"El Digital de Asturias","image":{"@type":"ImageObject","@id":"https:\/\/www.eldigitaldeasturias.com\/noticias\/asturias-ejecutara-todo-el-presupuesto-asignado-por-el-fse\/#authorImage","url":"https:\/\/secure.gravatar.com\/avatar\/df2aeffc32bcd13f8d26072ef8a91b623d677766deac7f97ca815868cd41bf5e?s=96&d=mm&r=g","width":96,"height":96,"caption":"El Digital de Asturias"}},{"@type":"WebPage","@id":"https:\/\/www.eldigitaldeasturias.com\/noticias\/asturias-ejecutara-todo-el-presupuesto-asignado-por-el-fse\/#webpage","url":"https:\/\/www.eldigitaldeasturias.com\/noticias\/asturias-ejecutara-todo-el-presupuesto-asignado-por-el-fse\/","name":"Asturias ejecutar\u00e1 todo el presupuesto asignado por el FSE - El Digital de Asturias","description":"El Gobierno de Asturias ejecutar\u00e1 la totalidad de las partidas asignadas a la comunidad por el Fondo Social Europeo (FSE) en el periodo 2014-2020","inLanguage":"es-ES","isPartOf":{"@id":"https:\/\/www.eldigitaldeasturias.com\/noticias\/#website"},"breadcrumb":{"@id":"https:\/\/www.eldigitaldeasturias.com\/noticias\/asturias-ejecutara-todo-el-presupuesto-asignado-por-el-fse\/#breadcrumblist"},"author":{"@id":"https:\/\/www.eldigitaldeasturias.com\/noticias\/author\/admin\/#author"},"creator":{"@id":"https:\/\/www.eldigitaldeasturias.com\/noticias\/author\/admin\/#author"},"image":{"@type":"ImageObject","url":1013387,"@id":"https:\/\/www.eldigitaldeasturias.com\/noticias\/asturias-ejecutara-todo-el-presupuesto-asignado-por-el-fse\/#mainImage"},"primaryImageOfPage":{"@id":"https:\/\/www.eldigitaldeasturias.com\/noticias\/asturias-ejecutara-todo-el-presupuesto-asignado-por-el-fse\/#mainImage"},"datePublished":"2021-05-15T12:13:18+02:00","dateModified":"2021-05-15T12:13:18+02:00"},{"@type":"WebSite","@id":"https:\/\/www.eldigitaldeasturias.com\/noticias\/#website","url":"https:\/\/www.eldigitaldeasturias.com\/noticias\/","name":"El Digital de Asturias - Diario de actualidad y noticias","alternateName":"El Digital de Asturias - Diario de actualidad y noticias","description":"Hemeroteca","inLanguage":"es-ES","publisher":{"@id":"https:\/\/www.eldigitaldeasturias.com\/noticias\/#organization"}}]},"og:locale":"es_ES","og:site_name":"El Digital de Asturias","og:type":"article","og:title":"Asturias ejecutar\u00e1 todo el presupuesto asignado por el FSE - El Digital de Asturias","og:description":"El Gobierno de Asturias ejecutar\u00e1 la totalidad de las partidas asignadas a la comunidad por el Fondo Social Europeo (FSE) en el periodo 2014-2020","og:url":"https:\/\/www.eldigitaldeasturias.com\/noticias\/asturias-ejecutara-todo-el-presupuesto-asignado-por-el-fse\/","article:tag":["actualidad asturias"],"article:published_time":"2021-05-15T11:13:18+00:00","article:modified_time":"2021-05-15T11:13:18+00:00","article:publisher":"https:\/\/facebook.com\/eldigitaldeasturias","twitter:card":"summary_large_image","twitter:title":"Asturias ejecutar\u00e1 todo el presupuesto asignado por el FSE - El Digital de Asturias","twitter:description":"El Gobierno de Asturias ejecutar\u00e1 la totalidad de las partidas asignadas a la comunidad por el Fondo Social Europeo (FSE) en el periodo 2014-2020","twitter:image":"https:\/\/www.eldigitaldeasturias.com\/noticias\/wp-content\/uploads\/2020\/12\/EDA-1.jpg","twitter:label1":"Escrito por","twitter:data1":"El Digital de Asturias","twitter:label2":"Tiempo de lectura estimado","twitter:data2":"3 minutos"},"aioseo_meta_data":{"post_id":"1091720","title":null,"description":"El Gobierno de Asturias ejecutar\u00e1 la totalidad de las partidas asignadas a la comunidad por el Fondo Social Europeo (FSE) en el periodo 2014-2020","keywords":[],"keyphrases":{"focus":[],"additional":[]},"primary_term":null,"canonical_url":null,"og_title":null,"og_description":null,"og_object_type":"default","og_image_type":"default","og_image_url":null,"og_image_width":null,"og_image_height":null,"og_image_custom_url":null,"og_image_custom_fields":null,"og_video":"","og_custom_url":null,"og_article_section":null,"og_article_tags":[],"twitter_use_og":false,"twitter_card":"default","twitter_image_type":"default","twitter_image_url":null,"twitter_image_custom_url":null,"twitter_image_custom_fields":null,"twitter_title":null,"twitter_description":null,"schema":{"blockGraphs":[],"customGraphs":[],"default":{"data":{"Article":[],"Course":[],"Dataset":[],"FAQPage":[],"Movie":[],"Person":[],"Product":[],"ProductReview":[],"Car":[],"Recipe":[],"Service":[],"SoftwareApplication":[],"WebPage":[]},"graphName":"","isEnabled":true},"graphs":[],"defaultGraph":"Article","defaultPostTypeGraph":""},"schema_type":"default","schema_type_options":"{\"article\":{\"articleType\":\"BlogPosting\"},\"course\":{\"name\":\"\",\"description\":\"\",\"provider\":\"\"},\"faq\":{\"pages\":[]},\"product\":{\"reviews\":[]},\"recipe\":{\"ingredients\":[],\"instructions\":[],\"keywords\":[]},\"software\":{\"reviews\":[],\"operatingSystems\":[]},\"webPage\":{\"webPageType\":\"WebPage\"}}","pillar_content":false,"robots_default":true,"robots_noindex":false,"robots_noarchive":false,"robots_nosnippet":false,"robots_nofollow":false,"robots_noimageindex":false,"robots_noodp":false,"robots_notranslate":false,"robots_max_snippet":"-1","robots_max_videopreview":"-1","robots_max_imagepreview":"large","priority":null,"frequency":"default","local_seo":{"locations":{"business":{"name":"","businessType":"","image":"","areaServed":"","urls":{"website":"","aboutPage":"","contactPage":""},"address":{"streetLine1":"","streetLine2":"","zipCode":"","city":"","state":"","country":"","addressFormat":"#streetLineOne\n#streetLineTwo\n#city, #state #zipCode"},"contact":{"email":"","phone":"","phoneFormatted":"","fax":"","faxFormatted":""},"ids":{"vat":"","tax":"","chamberOfCommerce":""},"payment":{"priceRange":"","currenciesAccepted":"","methods":""}}},"openingHours":{"useDefaults":true,"show":true,"alwaysOpen":false,"use24hFormat":false,"timezone":"","labels":{"closed":"","alwaysOpen":""},"days":{"monday":{"open24h":false,"closed":false,"openTime":"09:00","closeTime":"17:00"},"tuesday":{"open24h":false,"closed":false,"openTime":"09:00","closeTime":"17:00"},"wednesday":{"open24h":false,"closed":false,"openTime":"09:00","closeTime":"17:00"},"thursday":{"open24h":false,"closed":false,"openTime":"09:00","closeTime":"17:00"},"friday":{"open24h":false,"closed":false,"openTime":"09:00","closeTime":"17:00"},"saturday":{"open24h":false,"closed":false,"openTime":"09:00","closeTime":"17:00"},"sunday":{"open24h":false,"closed":false,"openTime":"09:00","closeTime":"17:00"}}}},"seo_analyzer_scan_date":"2026-07-17 22:57:00","breadcrumb_settings":null,"limit_modified_date":false,"open_ai":null,"ai":null,"created":"2021-05-15 11:11:08","updated":"2026-07-17 22:57:00","focus_keyword":null,"additional_keywords":null,"truseo_locale":null},"aioseo_breadcrumb":"<div class=\"aioseo-breadcrumbs\"><span class=\"aioseo-breadcrumb\">\n\t<a href=\"https:\/\/www.eldigitaldeasturias.com\/noticias\" title=\"Home\">Home<\/a>\n<\/span><span class=\"aioseo-breadcrumb-separator\">\u2013<\/span><span class=\"aioseo-breadcrumb\">\n\t<a href=\"https:\/\/www.eldigitaldeasturias.com\/noticias\/category\/actualidad-asturias\/\" title=\"Actualidad Asturias\">Actualidad Asturias<\/a>\n<\/span><span class=\"aioseo-breadcrumb-separator\">\u2013<\/span><span class=\"aioseo-breadcrumb\">\n\t<a href=\"https:\/\/www.eldigitaldeasturias.com\/noticias\/asturias-ejecutara-todo-el-presupuesto-asignado-por-el-fse\/\" title=\"Asturias ejecutar\u00e1 todo el presupuesto asignado por el FSE\">Asturias ejecutar\u00e1 todo el presupuesto asignado por el FSE<\/a>\n<\/span><\/div>","aioseo_breadcrumb_json":[{"label":"Home","link":"https:\/\/www.eldigitaldeasturias.com\/noticias"},{"label":"Actualidad Asturias","link":"https:\/\/www.eldigitaldeasturias.com\/noticias\/category\/actualidad-asturias\/"},{"label":"Asturias ejecutar\u00e1 todo el presupuesto asignado por el FSE","link":"https:\/\/www.eldigitaldeasturias.com\/noticias\/asturias-ejecutara-todo-el-presupuesto-asignado-por-el-fse\/"}],"_links":{"self":[{"href":"https:\/\/www.eldigitaldeasturias.com\/noticias\/wp-json\/wp\/v2\/posts\/1091720","targetHints":{"allow":["GET"]}}],"collection":[{"href":"https:\/\/www.eldigitaldeasturias.com\/noticias\/wp-json\/wp\/v2\/posts"}],"about":[{"href":"https:\/\/www.eldigitaldeasturias.com\/noticias\/wp-json\/wp\/v2\/types\/post"}],"author":[{"embeddable":true,"href":"https:\/\/www.eldigitaldeasturias.com\/noticias\/wp-json\/wp\/v2\/users\/1"}],"replies":[{"embeddable":true,"href":"https:\/\/www.eldigitaldeasturias.com\/noticias\/wp-json\/wp\/v2\/comments?post=1091720"}],"version-history":[{"count":0,"href":"https:\/\/www.eldigitaldeasturias.com\/noticias\/wp-json\/wp\/v2\/posts\/1091720\/revisions"}],"wp:attachment":[{"href":"https:\/\/www.eldigitaldeasturias.com\/noticias\/wp-json\/wp\/v2\/media?parent=1091720"}],"wp:term":[{"taxonomy":"category","embeddable":true,"href":"https:\/\/www.eldigitaldeasturias.com\/noticias\/wp-json\/wp\/v2\/categories?post=1091720"},{"taxonomy":"post_tag","embeddable":true,"href":"https:\/\/www.eldigitaldeasturias.com\/noticias\/wp-json\/wp\/v2\/tags?post=1091720"}],"curies":[{"name":"wp","href":"https:\/\/api.w.org\/{rel}","templated":true}]}}