{"id":1091691,"date":"2021-05-15T10:40:36","date_gmt":"2021-05-15T09:40:36","guid":{"rendered":"https:\/\/www.eldigitaldeasturias.com\/noticias\/?p=1091691"},"modified":"2021-05-15T10:40:36","modified_gmt":"2021-05-15T09:40:36","slug":"corte-de-trafico-en-el-corredor-del-nalon","status":"publish","type":"post","link":"https:\/\/www.eldigitaldeasturias.com\/noticias\/corte-de-trafico-en-el-corredor-del-nalon\/","title":{"rendered":"Corte de tr\u00e1fico en el corredor del Nal\u00f3n"},"content":{"rendered":"<p><img loading=\"lazy\" decoding=\"async\" class=\"alignleft size-medium wp-image-973344\" src=\"https:\/\/www.eldigitaldeasturias.com\/noticias\/wp-content\/uploads\/2018\/03\/travel-2724331_1280-360x240.jpg\" alt=\"\" width=\"360\" height=\"240\" \/>Las obras que la Consejer\u00eda de Medio Rural y Cohesi\u00f3n Territorial\u00a0 del Principado de Asturias ejecuta para mejorar la seguridad del t\u00fanel de Sotrondio, en el entorno del kil\u00f3metro 12.5 de la carretera AS-117, que une Ria\u00f1o con el puerto de Tarna, a su paso por San Mart\u00edn del Rey Aurelio, obligar\u00e1n a cortar por completo el tr\u00e1fico de la v\u00eda desde la medianoche del lunes hasta el pr\u00f3ximo 2 de agosto.<\/p>\n<p>Todo el tr\u00e1fico en ambos sentidos se desviar\u00e1 por la carretera AS-387 (El Entrego-El Condado), en la que el Principado ha invertido recientemente 190.744 euros para limpiar y asegurar un talud situado a la altura del kil\u00f3metro 7.5. Medio Rural lamenta las incomodidades que pueda ocasionar este corte temporal. Tanto los ayuntamientos afectados (Langreo, San Mart\u00edn del Rey Aurelio, Laviana, Sobrescobio y Caso) como las empresas de transporte p\u00fablico ya han sido informados.<\/p>\n<p>La actuaci\u00f3n, que culminar\u00e1 en oto\u00f1o, supone una inversi\u00f3n superior al mill\u00f3n de euros, por la necesidad de adoptar medidas para combatir la inestabilidad de la ladera en este punto.<\/p>\n<p>El proyecto se inici\u00f3 en enero, cuando las intensas lluvias obligaron a actuar de emergencia para sanear y estabilizar provisionalmente la b\u00f3veda del t\u00fanel, lo que motiv\u00f3 el desv\u00edo temporal de la circulaci\u00f3n. Paralelamente, t\u00e9cnicos especializados llevaron a cabo labores de an\u00e1lisis y toma de datos para los c\u00e1lculos estructurales de la intervenci\u00f3n definitiva. Desde entonces, adem\u00e1s de avanzar en la elaboraci\u00f3n del proyecto constructivo, una empresa especializada ha actuado en las m\u00e1rgenes derecha e izquierda del t\u00fanel y ha reforzado las cimentaciones mediante micropilotes.<\/p>\n<p>Una vez culminado este refuerzo, y dado que el revestimiento en la zona de los hastiales est\u00e1 pr\u00e1cticamente finalizado, el siguiente paso consiste en acometer el refuerzo de la b\u00f3veda, para lo que resulta imprescindible cortar el tr\u00e1fico en el t\u00fanel durante dos meses y medio.<\/p>\n<p>En ese per\u00edodo, se llevar\u00e1n a cabo otras tareas compatibles con las del revestimiento, como algunas asociadas a la losa de uni\u00f3n entre encepados, as\u00ed como mejora de drenajes, restituci\u00f3n de otros servicios afectados, reconstrucci\u00f3n de las aceras, y otras labores adicionales.<\/p>\n<p>&nbsp;<\/p>\n","protected":false},"excerpt":{"rendered":"<p>Las obras que la Consejer\u00eda de Medio Rural y Cohesi\u00f3n Territorial\u00a0 del Principado de Asturias ejecuta para mejorar la seguridad del t\u00fanel de Sotrondio, en el entorno del kil\u00f3metro 12.5 de la carretera AS-117, que une Ria\u00f1o con el puerto de Tarna, a su paso por San Mart\u00edn del Rey Aurelio, obligar\u00e1n a cortar por [&hellip;]<\/p>\n","protected":false},"author":1,"featured_media":973344,"comment_status":"closed","ping_status":"closed","sticky":false,"template":"","format":"standard","meta":{"footnotes":""},"categories":[12],"tags":[],"class_list":["post-1091691","post","type-post","status-publish","format-standard","has-post-thumbnail","hentry","category-actualidad-asturias"],"aioseo_notices":[],"aioseo_head":"\n\t\t<!-- All in One SEO Pro 5.0.1 - aioseo.com -->\n\t<meta name=\"description\" content=\"Las obras que la Consejer\u00eda de Medio Rural y Cohesi\u00f3n Territorial del Principado de Asturias ejecuta para mejorar la seguridad del t\u00fanel de Sotrondio\" \/>\n\t<meta name=\"robots\" content=\"max-image-preview:large\" \/>\n\t<meta name=\"author\" content=\"El Digital de Asturias\"\/>\n\t<meta name=\"google-site-verification\" content=\"UA-38556648-1\" \/>\n\t<meta name=\"msvalidate.01\" content=\"7dfe9f3f1b24437ab69f4f2559babe99\" \/>\n\t<meta name=\"keywords\" content=\"actualidad asturias\" \/>\n\t<link rel=\"canonical\" href=\"https:\/\/www.eldigitaldeasturias.com\/noticias\/corte-de-trafico-en-el-corredor-del-nalon\/\" \/>\n\t<meta name=\"generator\" content=\"All in One SEO Pro (AIOSEO) 5.0.1\" \/>\n\t\t<meta property=\"og:locale\" content=\"es_ES\" \/>\n\t\t<meta property=\"og:site_name\" content=\"El Digital de Asturias\" \/>\n\t\t<meta property=\"og:type\" content=\"article\" \/>\n\t\t<meta property=\"og:title\" content=\"Corte de tr\u00e1fico en el corredor del Nal\u00f3n - El Digital de Asturias\" \/>\n\t\t<meta property=\"og:description\" content=\"Las obras que la Consejer\u00eda de Medio Rural y Cohesi\u00f3n Territorial del Principado de Asturias ejecuta para mejorar la seguridad del t\u00fanel de Sotrondio\" \/>\n\t\t<meta property=\"og:url\" content=\"https:\/\/www.eldigitaldeasturias.com\/noticias\/corte-de-trafico-en-el-corredor-del-nalon\/\" \/>\n\t\t<meta property=\"article:tag\" content=\"actualidad asturias\" \/>\n\t\t<meta property=\"article:published_time\" content=\"2021-05-15T09:40:36+00:00\" \/>\n\t\t<meta property=\"article:modified_time\" content=\"2021-05-15T09:40:36+00:00\" \/>\n\t\t<meta property=\"article:publisher\" content=\"https:\/\/facebook.com\/eldigitaldeasturias\" \/>\n\t\t<meta name=\"twitter:card\" content=\"summary_large_image\" \/>\n\t\t<meta name=\"twitter:title\" content=\"Corte de tr\u00e1fico en el corredor del Nal\u00f3n - El Digital de Asturias\" \/>\n\t\t<meta name=\"twitter:description\" content=\"Las obras que la Consejer\u00eda de Medio Rural y Cohesi\u00f3n Territorial del Principado de Asturias ejecuta para mejorar la seguridad del t\u00fanel de Sotrondio\" \/>\n\t\t<meta name=\"twitter:image\" content=\"https:\/\/www.eldigitaldeasturias.com\/noticias\/wp-content\/uploads\/2020\/12\/EDA-1.jpg\" \/>\n\t\t<meta name=\"twitter:label1\" content=\"Escrito por\" \/>\n\t\t<meta name=\"twitter:data1\" content=\"El Digital de Asturias\" \/>\n\t\t<meta name=\"twitter:label2\" content=\"Tiempo de lectura estimado\" \/>\n\t\t<meta name=\"twitter:data2\" content=\"2 minutos\" \/>\n\t\t<script type=\"application\/ld+json\" class=\"aioseo-schema\">\n\t\t\t{\"@context\":\"https:\\\/\\\/schema.org\",\"@graph\":[{\"@type\":\"BlogPosting\",\"@id\":\"https:\\\/\\\/www.eldigitaldeasturias.com\\\/noticias\\\/corte-de-trafico-en-el-corredor-del-nalon\\\/#blogposting\",\"name\":\"Corte de tr\\u00e1fico en el corredor del Nal\\u00f3n - El Digital de Asturias\",\"headline\":\"Corte de tr\\u00e1fico en el corredor del Nal\\u00f3n\",\"author\":{\"@id\":\"https:\\\/\\\/www.eldigitaldeasturias.com\\\/noticias\\\/author\\\/admin\\\/#author\"},\"publisher\":{\"@id\":\"https:\\\/\\\/www.eldigitaldeasturias.com\\\/noticias\\\/#organization\"},\"image\":{\"@type\":\"ImageObject\",\"url\":973344},\"datePublished\":\"2021-05-15T10:40:36+02:00\",\"dateModified\":\"2021-05-15T10:40:36+02:00\",\"inLanguage\":\"es-ES\",\"mainEntityOfPage\":{\"@id\":\"https:\\\/\\\/www.eldigitaldeasturias.com\\\/noticias\\\/corte-de-trafico-en-el-corredor-del-nalon\\\/#webpage\"},\"isPartOf\":{\"@id\":\"https:\\\/\\\/www.eldigitaldeasturias.com\\\/noticias\\\/corte-de-trafico-en-el-corredor-del-nalon\\\/#webpage\"},\"articleSection\":\"Actualidad Asturias\"},{\"@type\":\"BreadcrumbList\",\"@id\":\"https:\\\/\\\/www.eldigitaldeasturias.com\\\/noticias\\\/corte-de-trafico-en-el-corredor-del-nalon\\\/#breadcrumblist\",\"itemListElement\":[{\"@type\":\"ListItem\",\"@id\":\"https:\\\/\\\/www.eldigitaldeasturias.com\\\/noticias#listItem\",\"position\":1,\"name\":\"Home\",\"item\":\"https:\\\/\\\/www.eldigitaldeasturias.com\\\/noticias\",\"nextItem\":{\"@type\":\"ListItem\",\"@id\":\"https:\\\/\\\/www.eldigitaldeasturias.com\\\/noticias\\\/category\\\/actualidad-asturias\\\/#listItem\",\"name\":\"Actualidad Asturias\"}},{\"@type\":\"ListItem\",\"@id\":\"https:\\\/\\\/www.eldigitaldeasturias.com\\\/noticias\\\/category\\\/actualidad-asturias\\\/#listItem\",\"position\":2,\"name\":\"Actualidad Asturias\",\"item\":\"https:\\\/\\\/www.eldigitaldeasturias.com\\\/noticias\\\/category\\\/actualidad-asturias\\\/\",\"nextItem\":{\"@type\":\"ListItem\",\"@id\":\"https:\\\/\\\/www.eldigitaldeasturias.com\\\/noticias\\\/corte-de-trafico-en-el-corredor-del-nalon\\\/#listItem\",\"name\":\"Corte de tr\\u00e1fico en el corredor del Nal\\u00f3n\"},\"previousItem\":{\"@type\":\"ListItem\",\"@id\":\"https:\\\/\\\/www.eldigitaldeasturias.com\\\/noticias#listItem\",\"name\":\"Home\"}},{\"@type\":\"ListItem\",\"@id\":\"https:\\\/\\\/www.eldigitaldeasturias.com\\\/noticias\\\/corte-de-trafico-en-el-corredor-del-nalon\\\/#listItem\",\"position\":3,\"name\":\"Corte de tr\\u00e1fico en el corredor del Nal\\u00f3n\",\"previousItem\":{\"@type\":\"ListItem\",\"@id\":\"https:\\\/\\\/www.eldigitaldeasturias.com\\\/noticias\\\/category\\\/actualidad-asturias\\\/#listItem\",\"name\":\"Actualidad Asturias\"}}]},{\"@type\":\"Organization\",\"@id\":\"https:\\\/\\\/www.eldigitaldeasturias.com\\\/noticias\\\/#organization\",\"name\":\"El Digital de Asturias\",\"description\":\"Hemeroteca\",\"url\":\"https:\\\/\\\/www.eldigitaldeasturias.com\\\/noticias\\\/\",\"email\":\"info@eldigitaldeasturias.com\",\"telephone\":\"+34652131393\",\"logo\":{\"@type\":\"ImageObject\",\"url\":\"https:\\\/\\\/www.eldigitaldeasturias.com\\\/noticias\\\/wp-content\\\/uploads\\\/2020\\\/12\\\/EDA.jpg\",\"@id\":\"https:\\\/\\\/www.eldigitaldeasturias.com\\\/noticias\\\/corte-de-trafico-en-el-corredor-del-nalon\\\/#organizationLogo\"},\"image\":{\"@id\":\"https:\\\/\\\/www.eldigitaldeasturias.com\\\/noticias\\\/corte-de-trafico-en-el-corredor-del-nalon\\\/#organizationLogo\"},\"sameAs\":[\"https:\\\/\\\/facebook.com\\\/eldigitaldeasturias\",\"https:\\\/\\\/www.youtube.com\\\/channel\\\/UCZP-2wLEB9Rv6erhFmqVnvg\"],\"address\":{\"@id\":\"https:\\\/\\\/www.eldigitaldeasturias.com\\\/noticias\\\/#postaladdress\",\"@type\":\"PostalAddress\",\"streetAddress\":\"san antonio 4\",\"postalCode\":\"33430\",\"addressLocality\":\"Cand\\u00e1s\",\"addressRegion\":\"Asturias\",\"addressCountry\":\"ES\"}},{\"@type\":\"Person\",\"@id\":\"https:\\\/\\\/www.eldigitaldeasturias.com\\\/noticias\\\/author\\\/admin\\\/#author\",\"url\":\"https:\\\/\\\/www.eldigitaldeasturias.com\\\/noticias\\\/author\\\/admin\\\/\",\"name\":\"El Digital de Asturias\",\"image\":{\"@type\":\"ImageObject\",\"@id\":\"https:\\\/\\\/www.eldigitaldeasturias.com\\\/noticias\\\/corte-de-trafico-en-el-corredor-del-nalon\\\/#authorImage\",\"url\":\"https:\\\/\\\/secure.gravatar.com\\\/avatar\\\/df2aeffc32bcd13f8d26072ef8a91b623d677766deac7f97ca815868cd41bf5e?s=96&d=mm&r=g\",\"width\":96,\"height\":96,\"caption\":\"El Digital de Asturias\"}},{\"@type\":\"WebPage\",\"@id\":\"https:\\\/\\\/www.eldigitaldeasturias.com\\\/noticias\\\/corte-de-trafico-en-el-corredor-del-nalon\\\/#webpage\",\"url\":\"https:\\\/\\\/www.eldigitaldeasturias.com\\\/noticias\\\/corte-de-trafico-en-el-corredor-del-nalon\\\/\",\"name\":\"Corte de tr\\u00e1fico en el corredor del Nal\\u00f3n - El Digital de Asturias\",\"description\":\"Las obras que la Consejer\\u00eda de Medio Rural y Cohesi\\u00f3n Territorial del Principado de Asturias ejecuta para mejorar la seguridad del t\\u00fanel de Sotrondio\",\"inLanguage\":\"es-ES\",\"isPartOf\":{\"@id\":\"https:\\\/\\\/www.eldigitaldeasturias.com\\\/noticias\\\/#website\"},\"breadcrumb\":{\"@id\":\"https:\\\/\\\/www.eldigitaldeasturias.com\\\/noticias\\\/corte-de-trafico-en-el-corredor-del-nalon\\\/#breadcrumblist\"},\"author\":{\"@id\":\"https:\\\/\\\/www.eldigitaldeasturias.com\\\/noticias\\\/author\\\/admin\\\/#author\"},\"creator\":{\"@id\":\"https:\\\/\\\/www.eldigitaldeasturias.com\\\/noticias\\\/author\\\/admin\\\/#author\"},\"image\":{\"@type\":\"ImageObject\",\"url\":973344,\"@id\":\"https:\\\/\\\/www.eldigitaldeasturias.com\\\/noticias\\\/corte-de-trafico-en-el-corredor-del-nalon\\\/#mainImage\"},\"primaryImageOfPage\":{\"@id\":\"https:\\\/\\\/www.eldigitaldeasturias.com\\\/noticias\\\/corte-de-trafico-en-el-corredor-del-nalon\\\/#mainImage\"},\"datePublished\":\"2021-05-15T10:40:36+02:00\",\"dateModified\":\"2021-05-15T10:40:36+02:00\"},{\"@type\":\"WebSite\",\"@id\":\"https:\\\/\\\/www.eldigitaldeasturias.com\\\/noticias\\\/#website\",\"url\":\"https:\\\/\\\/www.eldigitaldeasturias.com\\\/noticias\\\/\",\"name\":\"El Digital de Asturias - Diario de actualidad y noticias\",\"alternateName\":\"El Digital de Asturias - Diario de actualidad y noticias\",\"description\":\"Hemeroteca\",\"inLanguage\":\"es-ES\",\"publisher\":{\"@id\":\"https:\\\/\\\/www.eldigitaldeasturias.com\\\/noticias\\\/#organization\"}}]}\n\t\t<\/script>\n\t\t<!-- All in One SEO Pro -->\r\n\t\t<title>Corte de tr\u00e1fico en el corredor del Nal\u00f3n - El Digital de Asturias<\/title>\n\n","aioseo_head_json":{"title":"Corte de tr\u00e1fico en el corredor del Nal\u00f3n - El Digital de Asturias","description":"Las obras que la Consejer\u00eda de Medio Rural y Cohesi\u00f3n Territorial del Principado de Asturias ejecuta para mejorar la seguridad del t\u00fanel de Sotrondio","canonical_url":"https:\/\/www.eldigitaldeasturias.com\/noticias\/corte-de-trafico-en-el-corredor-del-nalon\/","robots":"max-image-preview:large","keywords":"actualidad asturias","webmasterTools":{"google-site-verification":"UA-38556648-1","msvalidate.01":"7dfe9f3f1b24437ab69f4f2559babe99","miscellaneous":""},"schema":{"@context":"https:\/\/schema.org","@graph":[{"@type":"BlogPosting","@id":"https:\/\/www.eldigitaldeasturias.com\/noticias\/corte-de-trafico-en-el-corredor-del-nalon\/#blogposting","name":"Corte de tr\u00e1fico en el corredor del Nal\u00f3n - El Digital de Asturias","headline":"Corte de tr\u00e1fico en el corredor del Nal\u00f3n","author":{"@id":"https:\/\/www.eldigitaldeasturias.com\/noticias\/author\/admin\/#author"},"publisher":{"@id":"https:\/\/www.eldigitaldeasturias.com\/noticias\/#organization"},"image":{"@type":"ImageObject","url":973344},"datePublished":"2021-05-15T10:40:36+02:00","dateModified":"2021-05-15T10:40:36+02:00","inLanguage":"es-ES","mainEntityOfPage":{"@id":"https:\/\/www.eldigitaldeasturias.com\/noticias\/corte-de-trafico-en-el-corredor-del-nalon\/#webpage"},"isPartOf":{"@id":"https:\/\/www.eldigitaldeasturias.com\/noticias\/corte-de-trafico-en-el-corredor-del-nalon\/#webpage"},"articleSection":"Actualidad Asturias"},{"@type":"BreadcrumbList","@id":"https:\/\/www.eldigitaldeasturias.com\/noticias\/corte-de-trafico-en-el-corredor-del-nalon\/#breadcrumblist","itemListElement":[{"@type":"ListItem","@id":"https:\/\/www.eldigitaldeasturias.com\/noticias#listItem","position":1,"name":"Home","item":"https:\/\/www.eldigitaldeasturias.com\/noticias","nextItem":{"@type":"ListItem","@id":"https:\/\/www.eldigitaldeasturias.com\/noticias\/category\/actualidad-asturias\/#listItem","name":"Actualidad Asturias"}},{"@type":"ListItem","@id":"https:\/\/www.eldigitaldeasturias.com\/noticias\/category\/actualidad-asturias\/#listItem","position":2,"name":"Actualidad Asturias","item":"https:\/\/www.eldigitaldeasturias.com\/noticias\/category\/actualidad-asturias\/","nextItem":{"@type":"ListItem","@id":"https:\/\/www.eldigitaldeasturias.com\/noticias\/corte-de-trafico-en-el-corredor-del-nalon\/#listItem","name":"Corte de tr\u00e1fico en el corredor del Nal\u00f3n"},"previousItem":{"@type":"ListItem","@id":"https:\/\/www.eldigitaldeasturias.com\/noticias#listItem","name":"Home"}},{"@type":"ListItem","@id":"https:\/\/www.eldigitaldeasturias.com\/noticias\/corte-de-trafico-en-el-corredor-del-nalon\/#listItem","position":3,"name":"Corte de tr\u00e1fico en el corredor del Nal\u00f3n","previousItem":{"@type":"ListItem","@id":"https:\/\/www.eldigitaldeasturias.com\/noticias\/category\/actualidad-asturias\/#listItem","name":"Actualidad Asturias"}}]},{"@type":"Organization","@id":"https:\/\/www.eldigitaldeasturias.com\/noticias\/#organization","name":"El Digital de Asturias","description":"Hemeroteca","url":"https:\/\/www.eldigitaldeasturias.com\/noticias\/","email":"info@eldigitaldeasturias.com","telephone":"+34652131393","logo":{"@type":"ImageObject","url":"https:\/\/www.eldigitaldeasturias.com\/noticias\/wp-content\/uploads\/2020\/12\/EDA.jpg","@id":"https:\/\/www.eldigitaldeasturias.com\/noticias\/corte-de-trafico-en-el-corredor-del-nalon\/#organizationLogo"},"image":{"@id":"https:\/\/www.eldigitaldeasturias.com\/noticias\/corte-de-trafico-en-el-corredor-del-nalon\/#organizationLogo"},"sameAs":["https:\/\/facebook.com\/eldigitaldeasturias","https:\/\/www.youtube.com\/channel\/UCZP-2wLEB9Rv6erhFmqVnvg"],"address":{"@id":"https:\/\/www.eldigitaldeasturias.com\/noticias\/#postaladdress","@type":"PostalAddress","streetAddress":"san antonio 4","postalCode":"33430","addressLocality":"Cand\u00e1s","addressRegion":"Asturias","addressCountry":"ES"}},{"@type":"Person","@id":"https:\/\/www.eldigitaldeasturias.com\/noticias\/author\/admin\/#author","url":"https:\/\/www.eldigitaldeasturias.com\/noticias\/author\/admin\/","name":"El Digital de Asturias","image":{"@type":"ImageObject","@id":"https:\/\/www.eldigitaldeasturias.com\/noticias\/corte-de-trafico-en-el-corredor-del-nalon\/#authorImage","url":"https:\/\/secure.gravatar.com\/avatar\/df2aeffc32bcd13f8d26072ef8a91b623d677766deac7f97ca815868cd41bf5e?s=96&d=mm&r=g","width":96,"height":96,"caption":"El Digital de Asturias"}},{"@type":"WebPage","@id":"https:\/\/www.eldigitaldeasturias.com\/noticias\/corte-de-trafico-en-el-corredor-del-nalon\/#webpage","url":"https:\/\/www.eldigitaldeasturias.com\/noticias\/corte-de-trafico-en-el-corredor-del-nalon\/","name":"Corte de tr\u00e1fico en el corredor del Nal\u00f3n - El Digital de Asturias","description":"Las obras que la Consejer\u00eda de Medio Rural y Cohesi\u00f3n Territorial del Principado de Asturias ejecuta para mejorar la seguridad del t\u00fanel de Sotrondio","inLanguage":"es-ES","isPartOf":{"@id":"https:\/\/www.eldigitaldeasturias.com\/noticias\/#website"},"breadcrumb":{"@id":"https:\/\/www.eldigitaldeasturias.com\/noticias\/corte-de-trafico-en-el-corredor-del-nalon\/#breadcrumblist"},"author":{"@id":"https:\/\/www.eldigitaldeasturias.com\/noticias\/author\/admin\/#author"},"creator":{"@id":"https:\/\/www.eldigitaldeasturias.com\/noticias\/author\/admin\/#author"},"image":{"@type":"ImageObject","url":973344,"@id":"https:\/\/www.eldigitaldeasturias.com\/noticias\/corte-de-trafico-en-el-corredor-del-nalon\/#mainImage"},"primaryImageOfPage":{"@id":"https:\/\/www.eldigitaldeasturias.com\/noticias\/corte-de-trafico-en-el-corredor-del-nalon\/#mainImage"},"datePublished":"2021-05-15T10:40:36+02:00","dateModified":"2021-05-15T10:40:36+02:00"},{"@type":"WebSite","@id":"https:\/\/www.eldigitaldeasturias.com\/noticias\/#website","url":"https:\/\/www.eldigitaldeasturias.com\/noticias\/","name":"El Digital de Asturias - Diario de actualidad y noticias","alternateName":"El Digital de Asturias - Diario de actualidad y noticias","description":"Hemeroteca","inLanguage":"es-ES","publisher":{"@id":"https:\/\/www.eldigitaldeasturias.com\/noticias\/#organization"}}]},"og:locale":"es_ES","og:site_name":"El Digital de Asturias","og:type":"article","og:title":"Corte de tr\u00e1fico en el corredor del Nal\u00f3n - El Digital de Asturias","og:description":"Las obras que la Consejer\u00eda de Medio Rural y Cohesi\u00f3n Territorial del Principado de Asturias ejecuta para mejorar la seguridad del t\u00fanel de Sotrondio","og:url":"https:\/\/www.eldigitaldeasturias.com\/noticias\/corte-de-trafico-en-el-corredor-del-nalon\/","article:tag":["actualidad asturias"],"article:published_time":"2021-05-15T09:40:36+00:00","article:modified_time":"2021-05-15T09:40:36+00:00","article:publisher":"https:\/\/facebook.com\/eldigitaldeasturias","twitter:card":"summary_large_image","twitter:title":"Corte de tr\u00e1fico en el corredor del Nal\u00f3n - El Digital de Asturias","twitter:description":"Las obras que la Consejer\u00eda de Medio Rural y Cohesi\u00f3n Territorial del Principado de Asturias ejecuta para mejorar la seguridad del t\u00fanel de Sotrondio","twitter:image":"https:\/\/www.eldigitaldeasturias.com\/noticias\/wp-content\/uploads\/2020\/12\/EDA-1.jpg","twitter:label1":"Escrito por","twitter:data1":"El Digital de Asturias","twitter:label2":"Tiempo de lectura estimado","twitter:data2":"2 minutos"},"aioseo_meta_data":{"post_id":"1091691","title":null,"description":"Las obras que la Consejer\u00eda de Medio Rural y Cohesi\u00f3n Territorial&nbsp;del Principado de Asturias ejecuta para mejorar la seguridad del t\u00fanel de Sotrondio","keywords":[],"keyphrases":{"focus":[],"additional":[]},"primary_term":null,"canonical_url":null,"og_title":null,"og_description":null,"og_object_type":"default","og_image_type":"default","og_image_url":null,"og_image_width":null,"og_image_height":null,"og_image_custom_url":null,"og_image_custom_fields":null,"og_video":"","og_custom_url":null,"og_article_section":null,"og_article_tags":[],"twitter_use_og":false,"twitter_card":"default","twitter_image_type":"default","twitter_image_url":null,"twitter_image_custom_url":null,"twitter_image_custom_fields":null,"twitter_title":null,"twitter_description":null,"schema":{"blockGraphs":[],"customGraphs":[],"default":{"data":{"Article":[],"Course":[],"Dataset":[],"FAQPage":[],"Movie":[],"Person":[],"Product":[],"ProductReview":[],"Car":[],"Recipe":[],"Service":[],"SoftwareApplication":[],"WebPage":[]},"graphName":"","isEnabled":true},"graphs":[],"defaultGraph":"Article","defaultPostTypeGraph":""},"schema_type":"default","schema_type_options":"{\"article\":{\"articleType\":\"BlogPosting\"},\"course\":{\"name\":\"\",\"description\":\"\",\"provider\":\"\"},\"faq\":{\"pages\":[]},\"product\":{\"reviews\":[]},\"recipe\":{\"ingredients\":[],\"instructions\":[],\"keywords\":[]},\"software\":{\"reviews\":[],\"operatingSystems\":[]},\"webPage\":{\"webPageType\":\"WebPage\"}}","pillar_content":false,"robots_default":true,"robots_noindex":false,"robots_noarchive":false,"robots_nosnippet":false,"robots_nofollow":false,"robots_noimageindex":false,"robots_noodp":false,"robots_notranslate":false,"robots_max_snippet":"-1","robots_max_videopreview":"-1","robots_max_imagepreview":"large","priority":null,"frequency":"default","local_seo":{"locations":{"business":{"name":"","businessType":"","image":"","areaServed":"","urls":{"website":"","aboutPage":"","contactPage":""},"address":{"streetLine1":"","streetLine2":"","zipCode":"","city":"","state":"","country":"","addressFormat":"#streetLineOne\n#streetLineTwo\n#city, #state #zipCode"},"contact":{"email":"","phone":"","phoneFormatted":"","fax":"","faxFormatted":""},"ids":{"vat":"","tax":"","chamberOfCommerce":""},"payment":{"priceRange":"","currenciesAccepted":"","methods":""}}},"openingHours":{"useDefaults":true,"show":true,"alwaysOpen":false,"use24hFormat":false,"timezone":"","labels":{"closed":"","alwaysOpen":""},"days":{"monday":{"open24h":false,"closed":false,"openTime":"09:00","closeTime":"17:00"},"tuesday":{"open24h":false,"closed":false,"openTime":"09:00","closeTime":"17:00"},"wednesday":{"open24h":false,"closed":false,"openTime":"09:00","closeTime":"17:00"},"thursday":{"open24h":false,"closed":false,"openTime":"09:00","closeTime":"17:00"},"friday":{"open24h":false,"closed":false,"openTime":"09:00","closeTime":"17:00"},"saturday":{"open24h":false,"closed":false,"openTime":"09:00","closeTime":"17:00"},"sunday":{"open24h":false,"closed":false,"openTime":"09:00","closeTime":"17:00"}}}},"seo_analyzer_scan_date":"2026-07-17 22:43:31","breadcrumb_settings":null,"limit_modified_date":false,"open_ai":null,"ai":null,"created":"2021-05-15 09:38:44","updated":"2026-07-17 22:43:31","focus_keyword":null,"additional_keywords":null,"truseo_locale":null},"aioseo_breadcrumb":"<div class=\"aioseo-breadcrumbs\"><span class=\"aioseo-breadcrumb\">\n\t<a href=\"https:\/\/www.eldigitaldeasturias.com\/noticias\" title=\"Home\">Home<\/a>\n<\/span><span class=\"aioseo-breadcrumb-separator\">\u2013<\/span><span class=\"aioseo-breadcrumb\">\n\t<a href=\"https:\/\/www.eldigitaldeasturias.com\/noticias\/category\/actualidad-asturias\/\" title=\"Actualidad Asturias\">Actualidad Asturias<\/a>\n<\/span><span class=\"aioseo-breadcrumb-separator\">\u2013<\/span><span class=\"aioseo-breadcrumb\">\n\t<a href=\"https:\/\/www.eldigitaldeasturias.com\/noticias\/corte-de-trafico-en-el-corredor-del-nalon\/\" title=\"Corte de tr\u00e1fico en el corredor del Nal\u00f3n\">Corte de tr\u00e1fico en el corredor del Nal\u00f3n<\/a>\n<\/span><\/div>","aioseo_breadcrumb_json":[{"label":"Home","link":"https:\/\/www.eldigitaldeasturias.com\/noticias"},{"label":"Actualidad Asturias","link":"https:\/\/www.eldigitaldeasturias.com\/noticias\/category\/actualidad-asturias\/"},{"label":"Corte de tr\u00e1fico en el corredor del Nal\u00f3n","link":"https:\/\/www.eldigitaldeasturias.com\/noticias\/corte-de-trafico-en-el-corredor-del-nalon\/"}],"_links":{"self":[{"href":"https:\/\/www.eldigitaldeasturias.com\/noticias\/wp-json\/wp\/v2\/posts\/1091691","targetHints":{"allow":["GET"]}}],"collection":[{"href":"https:\/\/www.eldigitaldeasturias.com\/noticias\/wp-json\/wp\/v2\/posts"}],"about":[{"href":"https:\/\/www.eldigitaldeasturias.com\/noticias\/wp-json\/wp\/v2\/types\/post"}],"author":[{"embeddable":true,"href":"https:\/\/www.eldigitaldeasturias.com\/noticias\/wp-json\/wp\/v2\/users\/1"}],"replies":[{"embeddable":true,"href":"https:\/\/www.eldigitaldeasturias.com\/noticias\/wp-json\/wp\/v2\/comments?post=1091691"}],"version-history":[{"count":0,"href":"https:\/\/www.eldigitaldeasturias.com\/noticias\/wp-json\/wp\/v2\/posts\/1091691\/revisions"}],"wp:attachment":[{"href":"https:\/\/www.eldigitaldeasturias.com\/noticias\/wp-json\/wp\/v2\/media?parent=1091691"}],"wp:term":[{"taxonomy":"category","embeddable":true,"href":"https:\/\/www.eldigitaldeasturias.com\/noticias\/wp-json\/wp\/v2\/categories?post=1091691"},{"taxonomy":"post_tag","embeddable":true,"href":"https:\/\/www.eldigitaldeasturias.com\/noticias\/wp-json\/wp\/v2\/tags?post=1091691"}],"curies":[{"name":"wp","href":"https:\/\/api.w.org\/{rel}","templated":true}]}}