{"id":1091688,"date":"2021-05-15T10:37:17","date_gmt":"2021-05-15T09:37:17","guid":{"rendered":"https:\/\/www.eldigitaldeasturias.com\/noticias\/?p=1091688"},"modified":"2021-05-15T10:37:17","modified_gmt":"2021-05-15T09:37:17","slug":"los-nuevos-sistemas-de-aire-acondicionado-para-coches","status":"publish","type":"post","link":"https:\/\/www.eldigitaldeasturias.com\/noticias\/los-nuevos-sistemas-de-aire-acondicionado-para-coches\/","title":{"rendered":"Los nuevos sistemas de aire acondicionado para coches"},"content":{"rendered":"<p>(dpa) &#8211; Olores molestos, aire cargado de polen y ahora tambi\u00e9n aerosoles que transmiten virus: a m\u00e1s tardar desde el estallido de la pandemia, los conductores de autom\u00f3viles han desarrollado un olfato sensible y quieren respirar aire limpio en sus coches.<\/p>\n<figure id=\"attachment_1091689\" aria-describedby=\"caption-attachment-1091689\" style=\"width: 640px\" class=\"wp-caption aligncenter\"><img loading=\"lazy\" decoding=\"async\" class=\"wp-image-1091689 size-large\" src=\"https:\/\/www.eldigitaldeasturias.com\/noticias\/wp-content\/uploads\/2021\/05\/El-interior-del-nuevo-Mercedes-EQS-661x480.jpg\" alt=\"El interior del nuevo Mercedes EQS \" width=\"640\" height=\"465\" \/><figcaption id=\"caption-attachment-1091689\" class=\"wp-caption-text\">El interior del nuevo Mercedes EQS recibe aire limpio de un equipo de aire acondicionado especialmente potente. Foto: Daimler AG\/dpa<\/figcaption><\/figure>\n<p>Los fabricantes responden a estas exigencias con sistemas de aire acondicionado cada vez m\u00e1s sofisticados.<\/p>\n<p>Un ejemplo de ello es el nuevo modelo el\u00e9ctrico EQS de Mercedes-Benz. La parte delantera de la berlina de lujo no alberga ni el motor, como en otros Mercedes, ni tampoco el \u00abfrunk\u00bb (maletero delantero), t\u00edpico del Model S de Tesla.<\/p>\n<p>Bajo su cap\u00f3, que solo se puede abrir en un taller oficial, se oculta un innovador sistema de aire acondicionado: este equipa un filtro Hepa que promete una calidad de aire equivalente a la de un quir\u00f3fano.<\/p>\n<p>Para montar este equipo, la firma alemana ha sacrificado espacio de almacenamiento adicional. As\u00ed y todo, el EQS ofrece un maletero con capacidad de 610 a 1.770 litros que supera a otros veh\u00edculos de la Clase S y sin dudas satisfar\u00e1 las necesidades de almacenamiento de los clientes de la estrella.<\/p>\n<p>La decisi\u00f3n de la marca, por otra parte, muestra la importancia que ha adquirido el tener aire fresco en el interior de los coches. \u00abSi bien en un principio era prioridad sobre todo en Asia, a m\u00e1s tardar desde el comienzo de la pandemia ha pasado a serlo en el resto del mundo\u00bb, afirma el director de la serie, Christoph Starzynski.<\/p>\n<p>As\u00ed justifica el ejecutivo la instalaci\u00f3n de un filtro m\u00e1s grande que una caja de bebidas y capaz de eliminar el 99,65 por ciento de las part\u00edculas nocivas con una superficie de absorci\u00f3n equivalente a 150 campos de f\u00fatbol.<\/p>\n<p>Mercedes no est\u00e1 sola en la lucha contra el aire viciado en el interior de los coches. Despu\u00e9s de a\u00f1os de desarrollo para garantizar una distribuci\u00f3n perfecta de los flujos de aire en el coche y zonas de bienestar para cada ocupante, los ingenieros se centran ahora en lograr la pureza absoluta.<\/p>\n<p>Los modernos sistemas de aire acondicionado detectan la calidad del aire y activan autom\u00e1ticamente el modo de recirculaci\u00f3n. Adem\u00e1s, ionizan el flujo de aire para eliminar los olores y ahora tambi\u00e9n filtran part\u00edculas cada vez m\u00e1s peque\u00f1as.<\/p>\n<p>El a\u00f1o pasado, por ejemplo, Rolls-Royce introdujo en el nuevo Ghost el primer sistema de climatizaci\u00f3n autom\u00e1tica con un filtro de nanopart\u00edculas, que ahora tambi\u00e9n est\u00e1 disponible para algunos modelos de lujo de BMW. \u00abEsta tecnolog\u00eda permite mantener fuera del veh\u00edculo determinadas part\u00edculas microbianas y al\u00e9rgenos, adem\u00e1s del polvo ultrafino\u00bb, afirma el portavoz de prensa de la empresa b\u00e1vara, Bernhard Ederer.<\/p>\n<p>Ederer explica que, en el modo de recirculaci\u00f3n, el interior del coche queda libre de casi todas las part\u00edculas, incluso m\u00e1s all\u00e1 del nivel habitual. Gracias al acceso remoto a trav\u00e9s de una aplicaci\u00f3n, el sistema de climatizaci\u00f3n se puede programar incluso antes de que el conductor se siente al volante.<\/p>\n<p>El tema del aire puro no se limita a los coches de alta gama. Honda, por ejemplo, ha presentado un nuevo filtro de aire del habit\u00e1culo para toda su gama de modelos. Este puede adquirirse como accesorio para su posterior instalaci\u00f3n en el concesionario.<\/p>\n<p>Seg\u00fan los japoneses, el filtro se basa en un \u00abdise\u00f1o multicapa que filtra, captura y suprime eficazmente los gases t\u00f3xicos del ambiente, as\u00ed como part\u00edculas inorg\u00e1nicas y biol\u00f3gicas y aerosoles\u00bb.<\/p>\n<p>Los tuneadores, por su parte, tambi\u00e9n han sabido reconocer la importancia del tema. Uno de ellos es la empresa Rolfhartge, de la regi\u00f3n del Sarre, en el suroeste de Alemania.<\/p>\n<p>Los caballitos de batalla de Rolf Hartge, due\u00f1o de la empresa, fueron tradicionalmente el rendimiento, la pintura y el cuero. Ahora, el empresario promete a sus clientes bienestar y salud, y para ello, est\u00e1 convirtiendo un Mercedes Clase G en una sala blanca sobre ruedas.<\/p>\n<p>Seg\u00fan la empresa, el habit\u00e1culo del SUV no solo cuenta con un sistema de purificaci\u00f3n de aire integrado, sino tambi\u00e9n con un revestimiento de superficie ultradelgado a base de cristal l\u00edquido. Este producto reduce eficazmente la adhesi\u00f3n de impurezas y, gracias a su efecto antiviral y antibacteriano, repele tambi\u00e9n virus, hongos, esporas y otras sustancias nocivas.<\/p>\n<p>Seg\u00fan Hans-Georg Marmit, de la organizaci\u00f3n certificadora alemana K\u00dcS, los conductores tambi\u00e9n deben contribuir a mantener el aire limpio en el interior de sus coches. \u00abPorque un sistema de aire acondicionado es tan bueno como su mantenimiento\u00bb, advierte el experto, refiri\u00e9ndose expresamente a los intervalos de servicio de los fabricantes, durante los cuales se revisa el refrigerante y se sustituyen los filtros.<\/p>\n<p>Tambi\u00e9n hay que tener en cuenta el consumo adicional de combustible durante el funcionamiento. Dependiendo de la carga y el rendimiento, el sistema de aire acondicionado aumenta el consumo en hasta dos litros.<\/p>\n<p>Marmit precisa que un buen sistema de aire acondicionado es una buena inversi\u00f3n, y no solo para protegerse de los virus, el polen y los malos olores o para evitar la aparici\u00f3n de hongos en los tubos de aire del coche.<\/p>\n<p>\u00abEspecialmente en verano, activar el aire acondicionado es absolutamente necesario para garantizar la capacidad de concentraci\u00f3n del conductor\u00bb, enfatiza el experto, y a\u00f1ade que este contribuye a deshumidificar el aire y evitar que se empa\u00f1en las ventanillas.<\/p>\n<p><i class=\"lang-es\"><span class=\" readonly\" title=\"\">Por Thomas Geiger (dpa)<\/span><\/i><\/p>\n<p>&nbsp;<\/p>\n","protected":false},"excerpt":{"rendered":"<p>(dpa) &#8211; Olores molestos, aire cargado de polen y ahora tambi\u00e9n aerosoles que transmiten virus: a m\u00e1s tardar desde el estallido de la pandemia, los conductores de autom\u00f3viles han desarrollado un olfato sensible y quieren respirar aire limpio en sus coches. Los fabricantes responden a estas exigencias con sistemas de aire acondicionado cada vez m\u00e1s [&hellip;]<\/p>\n","protected":false},"author":1,"featured_media":1132184,"comment_status":"closed","ping_status":"closed","sticky":false,"template":"","format":"standard","meta":{"footnotes":""},"categories":[50],"tags":[],"class_list":["post-1091688","post","type-post","status-publish","format-standard","has-post-thumbnail","hentry","category-revista-de-ocio"],"aioseo_notices":[],"aioseo_head":"\n\t\t<!-- All in One SEO Pro 5.0.1 - aioseo.com -->\n\t<meta name=\"description\" content=\"Desde el estallido de la pandemia, los conductores de autom\u00f3viles han desarrollado un olfato sensible y quieren respirar aire limpio en sus coches ..\" \/>\n\t<meta name=\"robots\" content=\"max-image-preview:large\" \/>\n\t<meta name=\"author\" content=\"El Digital de Asturias\"\/>\n\t<meta name=\"google-site-verification\" content=\"UA-38556648-1\" \/>\n\t<meta name=\"msvalidate.01\" content=\"7dfe9f3f1b24437ab69f4f2559babe99\" \/>\n\t<meta name=\"keywords\" content=\"revista de oicio,motor,coches,noticias,novedades,revista de ocio\" \/>\n\t<link rel=\"canonical\" href=\"https:\/\/www.eldigitaldeasturias.com\/noticias\/los-nuevos-sistemas-de-aire-acondicionado-para-coches\/\" \/>\n\t<meta name=\"generator\" content=\"All in One SEO Pro (AIOSEO) 5.0.1\" \/>\n\t\t<meta property=\"og:locale\" content=\"es_ES\" \/>\n\t\t<meta property=\"og:site_name\" content=\"El Digital de Asturias\" \/>\n\t\t<meta property=\"og:type\" content=\"article\" \/>\n\t\t<meta property=\"og:title\" content=\"Los nuevos sistemas de aire acondicionado para coches - El Digital de Asturias\" \/>\n\t\t<meta property=\"og:description\" content=\"Desde el estallido de la pandemia, los conductores de autom\u00f3viles han desarrollado un olfato sensible y quieren respirar aire limpio en sus coches ..\" \/>\n\t\t<meta property=\"og:url\" content=\"https:\/\/www.eldigitaldeasturias.com\/noticias\/los-nuevos-sistemas-de-aire-acondicionado-para-coches\/\" \/>\n\t\t<meta property=\"og:image\" content=\"https:\/\/www.eldigitaldeasturias.com\/noticias\/wp-content\/uploads\/2026\/06\/Contenidos.jpg\" \/>\n\t\t<meta property=\"og:image:secure_url\" content=\"https:\/\/www.eldigitaldeasturias.com\/noticias\/wp-content\/uploads\/2026\/06\/Contenidos.jpg\" \/>\n\t\t<meta property=\"og:image:width\" content=\"1265\" \/>\n\t\t<meta property=\"og:image:height\" content=\"697\" \/>\n\t\t<meta property=\"article:tag\" content=\"revista de oicio\" \/>\n\t\t<meta property=\"article:tag\" content=\"motor\" \/>\n\t\t<meta property=\"article:tag\" content=\"coches\" \/>\n\t\t<meta property=\"article:tag\" content=\"noticias\" \/>\n\t\t<meta property=\"article:tag\" content=\"novedades\" \/>\n\t\t<meta property=\"article:tag\" content=\"revista de ocio\" \/>\n\t\t<meta property=\"article:published_time\" content=\"2021-05-15T09:37:17+00:00\" \/>\n\t\t<meta property=\"article:modified_time\" content=\"2021-05-15T09:37:17+00:00\" \/>\n\t\t<meta property=\"article:publisher\" content=\"https:\/\/facebook.com\/eldigitaldeasturias\" \/>\n\t\t<meta name=\"twitter:card\" content=\"summary_large_image\" \/>\n\t\t<meta name=\"twitter:title\" content=\"Los nuevos sistemas de aire acondicionado para coches - El Digital de Asturias\" \/>\n\t\t<meta name=\"twitter:description\" content=\"Desde el estallido de la pandemia, los conductores de autom\u00f3viles han desarrollado un olfato sensible y quieren respirar aire limpio en sus coches ..\" \/>\n\t\t<meta name=\"twitter:image\" content=\"https:\/\/www.eldigitaldeasturias.com\/noticias\/wp-content\/uploads\/2026\/06\/Contenidos.jpg\" \/>\n\t\t<meta name=\"twitter:label1\" content=\"Escrito por\" \/>\n\t\t<meta name=\"twitter:data1\" content=\"El Digital de Asturias\" \/>\n\t\t<meta name=\"twitter:label2\" content=\"Tiempo de lectura estimado\" \/>\n\t\t<meta name=\"twitter:data2\" content=\"5 minutos\" \/>\n\t\t<script type=\"application\/ld+json\" class=\"aioseo-schema\">\n\t\t\t{\"@context\":\"https:\\\/\\\/schema.org\",\"@graph\":[{\"@type\":\"BlogPosting\",\"@id\":\"https:\\\/\\\/www.eldigitaldeasturias.com\\\/noticias\\\/los-nuevos-sistemas-de-aire-acondicionado-para-coches\\\/#blogposting\",\"name\":\"Los nuevos sistemas de aire acondicionado para coches - El Digital de Asturias\",\"headline\":\"Los nuevos sistemas de aire acondicionado para coches\",\"author\":{\"@id\":\"https:\\\/\\\/www.eldigitaldeasturias.com\\\/noticias\\\/author\\\/admin\\\/#author\"},\"publisher\":{\"@id\":\"https:\\\/\\\/www.eldigitaldeasturias.com\\\/noticias\\\/#organization\"},\"image\":{\"@type\":\"ImageObject\",\"url\":\"https:\\\/\\\/www.eldigitaldeasturias.com\\\/noticias\\\/wp-content\\\/uploads\\\/2026\\\/06\\\/Contenidos.jpg\",\"width\":1265,\"height\":697,\"caption\":\"Contenidos\"},\"datePublished\":\"2021-05-15T10:37:17+02:00\",\"dateModified\":\"2021-05-15T10:37:17+02:00\",\"inLanguage\":\"es-ES\",\"mainEntityOfPage\":{\"@id\":\"https:\\\/\\\/www.eldigitaldeasturias.com\\\/noticias\\\/los-nuevos-sistemas-de-aire-acondicionado-para-coches\\\/#webpage\"},\"isPartOf\":{\"@id\":\"https:\\\/\\\/www.eldigitaldeasturias.com\\\/noticias\\\/los-nuevos-sistemas-de-aire-acondicionado-para-coches\\\/#webpage\"},\"articleSection\":\"Revista de Ocio\"},{\"@type\":\"BreadcrumbList\",\"@id\":\"https:\\\/\\\/www.eldigitaldeasturias.com\\\/noticias\\\/los-nuevos-sistemas-de-aire-acondicionado-para-coches\\\/#breadcrumblist\",\"itemListElement\":[{\"@type\":\"ListItem\",\"@id\":\"https:\\\/\\\/www.eldigitaldeasturias.com\\\/noticias#listItem\",\"position\":1,\"name\":\"Home\",\"item\":\"https:\\\/\\\/www.eldigitaldeasturias.com\\\/noticias\",\"nextItem\":{\"@type\":\"ListItem\",\"@id\":\"https:\\\/\\\/www.eldigitaldeasturias.com\\\/noticias\\\/category\\\/revista-de-ocio\\\/#listItem\",\"name\":\"Revista de Ocio\"}},{\"@type\":\"ListItem\",\"@id\":\"https:\\\/\\\/www.eldigitaldeasturias.com\\\/noticias\\\/category\\\/revista-de-ocio\\\/#listItem\",\"position\":2,\"name\":\"Revista de Ocio\",\"item\":\"https:\\\/\\\/www.eldigitaldeasturias.com\\\/noticias\\\/category\\\/revista-de-ocio\\\/\",\"nextItem\":{\"@type\":\"ListItem\",\"@id\":\"https:\\\/\\\/www.eldigitaldeasturias.com\\\/noticias\\\/los-nuevos-sistemas-de-aire-acondicionado-para-coches\\\/#listItem\",\"name\":\"Los nuevos sistemas de aire acondicionado para coches\"},\"previousItem\":{\"@type\":\"ListItem\",\"@id\":\"https:\\\/\\\/www.eldigitaldeasturias.com\\\/noticias#listItem\",\"name\":\"Home\"}},{\"@type\":\"ListItem\",\"@id\":\"https:\\\/\\\/www.eldigitaldeasturias.com\\\/noticias\\\/los-nuevos-sistemas-de-aire-acondicionado-para-coches\\\/#listItem\",\"position\":3,\"name\":\"Los nuevos sistemas de aire acondicionado para coches\",\"previousItem\":{\"@type\":\"ListItem\",\"@id\":\"https:\\\/\\\/www.eldigitaldeasturias.com\\\/noticias\\\/category\\\/revista-de-ocio\\\/#listItem\",\"name\":\"Revista de Ocio\"}}]},{\"@type\":\"Organization\",\"@id\":\"https:\\\/\\\/www.eldigitaldeasturias.com\\\/noticias\\\/#organization\",\"name\":\"El Digital de Asturias\",\"description\":\"Hemeroteca\",\"url\":\"https:\\\/\\\/www.eldigitaldeasturias.com\\\/noticias\\\/\",\"email\":\"info@eldigitaldeasturias.com\",\"telephone\":\"+34652131393\",\"logo\":{\"@type\":\"ImageObject\",\"url\":\"https:\\\/\\\/www.eldigitaldeasturias.com\\\/noticias\\\/wp-content\\\/uploads\\\/2020\\\/12\\\/EDA.jpg\",\"@id\":\"https:\\\/\\\/www.eldigitaldeasturias.com\\\/noticias\\\/los-nuevos-sistemas-de-aire-acondicionado-para-coches\\\/#organizationLogo\"},\"image\":{\"@id\":\"https:\\\/\\\/www.eldigitaldeasturias.com\\\/noticias\\\/los-nuevos-sistemas-de-aire-acondicionado-para-coches\\\/#organizationLogo\"},\"sameAs\":[\"https:\\\/\\\/facebook.com\\\/eldigitaldeasturias\",\"https:\\\/\\\/www.youtube.com\\\/channel\\\/UCZP-2wLEB9Rv6erhFmqVnvg\"],\"address\":{\"@id\":\"https:\\\/\\\/www.eldigitaldeasturias.com\\\/noticias\\\/#postaladdress\",\"@type\":\"PostalAddress\",\"streetAddress\":\"san antonio 4\",\"postalCode\":\"33430\",\"addressLocality\":\"Cand\\u00e1s\",\"addressRegion\":\"Asturias\",\"addressCountry\":\"ES\"}},{\"@type\":\"Person\",\"@id\":\"https:\\\/\\\/www.eldigitaldeasturias.com\\\/noticias\\\/author\\\/admin\\\/#author\",\"url\":\"https:\\\/\\\/www.eldigitaldeasturias.com\\\/noticias\\\/author\\\/admin\\\/\",\"name\":\"El Digital de Asturias\",\"image\":{\"@type\":\"ImageObject\",\"@id\":\"https:\\\/\\\/www.eldigitaldeasturias.com\\\/noticias\\\/los-nuevos-sistemas-de-aire-acondicionado-para-coches\\\/#authorImage\",\"url\":\"https:\\\/\\\/secure.gravatar.com\\\/avatar\\\/df2aeffc32bcd13f8d26072ef8a91b623d677766deac7f97ca815868cd41bf5e?s=96&d=mm&r=g\",\"width\":96,\"height\":96,\"caption\":\"El Digital de Asturias\"}},{\"@type\":\"WebPage\",\"@id\":\"https:\\\/\\\/www.eldigitaldeasturias.com\\\/noticias\\\/los-nuevos-sistemas-de-aire-acondicionado-para-coches\\\/#webpage\",\"url\":\"https:\\\/\\\/www.eldigitaldeasturias.com\\\/noticias\\\/los-nuevos-sistemas-de-aire-acondicionado-para-coches\\\/\",\"name\":\"Los nuevos sistemas de aire acondicionado para coches - El Digital de Asturias\",\"description\":\"Desde el estallido de la pandemia, los conductores de autom\\u00f3viles han desarrollado un olfato sensible y quieren respirar aire limpio en sus coches ..\",\"inLanguage\":\"es-ES\",\"isPartOf\":{\"@id\":\"https:\\\/\\\/www.eldigitaldeasturias.com\\\/noticias\\\/#website\"},\"breadcrumb\":{\"@id\":\"https:\\\/\\\/www.eldigitaldeasturias.com\\\/noticias\\\/los-nuevos-sistemas-de-aire-acondicionado-para-coches\\\/#breadcrumblist\"},\"author\":{\"@id\":\"https:\\\/\\\/www.eldigitaldeasturias.com\\\/noticias\\\/author\\\/admin\\\/#author\"},\"creator\":{\"@id\":\"https:\\\/\\\/www.eldigitaldeasturias.com\\\/noticias\\\/author\\\/admin\\\/#author\"},\"image\":{\"@type\":\"ImageObject\",\"url\":\"https:\\\/\\\/www.eldigitaldeasturias.com\\\/noticias\\\/wp-content\\\/uploads\\\/2026\\\/06\\\/Contenidos.jpg\",\"@id\":\"https:\\\/\\\/www.eldigitaldeasturias.com\\\/noticias\\\/los-nuevos-sistemas-de-aire-acondicionado-para-coches\\\/#mainImage\",\"width\":1265,\"height\":697,\"caption\":\"Contenidos\"},\"primaryImageOfPage\":{\"@id\":\"https:\\\/\\\/www.eldigitaldeasturias.com\\\/noticias\\\/los-nuevos-sistemas-de-aire-acondicionado-para-coches\\\/#mainImage\"},\"datePublished\":\"2021-05-15T10:37:17+02:00\",\"dateModified\":\"2021-05-15T10:37:17+02:00\"},{\"@type\":\"WebSite\",\"@id\":\"https:\\\/\\\/www.eldigitaldeasturias.com\\\/noticias\\\/#website\",\"url\":\"https:\\\/\\\/www.eldigitaldeasturias.com\\\/noticias\\\/\",\"name\":\"El Digital de Asturias - Diario de actualidad y noticias\",\"alternateName\":\"El Digital de Asturias - Diario de actualidad y noticias\",\"description\":\"Hemeroteca\",\"inLanguage\":\"es-ES\",\"publisher\":{\"@id\":\"https:\\\/\\\/www.eldigitaldeasturias.com\\\/noticias\\\/#organization\"}}]}\n\t\t<\/script>\n\t\t<!-- All in One SEO Pro -->\r\n\t\t<title>Los nuevos sistemas de aire acondicionado para coches - El Digital de Asturias<\/title>\n\n","aioseo_head_json":{"title":"Los nuevos sistemas de aire acondicionado para coches - El Digital de Asturias","description":"Desde el estallido de la pandemia, los conductores de autom\u00f3viles han desarrollado un olfato sensible y quieren respirar aire limpio en sus coches ..","canonical_url":"https:\/\/www.eldigitaldeasturias.com\/noticias\/los-nuevos-sistemas-de-aire-acondicionado-para-coches\/","robots":"max-image-preview:large","keywords":"revista de oicio,motor,coches,noticias,novedades,revista de ocio","webmasterTools":{"google-site-verification":"UA-38556648-1","msvalidate.01":"7dfe9f3f1b24437ab69f4f2559babe99","miscellaneous":""},"schema":{"@context":"https:\/\/schema.org","@graph":[{"@type":"BlogPosting","@id":"https:\/\/www.eldigitaldeasturias.com\/noticias\/los-nuevos-sistemas-de-aire-acondicionado-para-coches\/#blogposting","name":"Los nuevos sistemas de aire acondicionado para coches - El Digital de Asturias","headline":"Los nuevos sistemas de aire acondicionado para coches","author":{"@id":"https:\/\/www.eldigitaldeasturias.com\/noticias\/author\/admin\/#author"},"publisher":{"@id":"https:\/\/www.eldigitaldeasturias.com\/noticias\/#organization"},"image":{"@type":"ImageObject","url":"https:\/\/www.eldigitaldeasturias.com\/noticias\/wp-content\/uploads\/2026\/06\/Contenidos.jpg","width":1265,"height":697,"caption":"Contenidos"},"datePublished":"2021-05-15T10:37:17+02:00","dateModified":"2021-05-15T10:37:17+02:00","inLanguage":"es-ES","mainEntityOfPage":{"@id":"https:\/\/www.eldigitaldeasturias.com\/noticias\/los-nuevos-sistemas-de-aire-acondicionado-para-coches\/#webpage"},"isPartOf":{"@id":"https:\/\/www.eldigitaldeasturias.com\/noticias\/los-nuevos-sistemas-de-aire-acondicionado-para-coches\/#webpage"},"articleSection":"Revista de Ocio"},{"@type":"BreadcrumbList","@id":"https:\/\/www.eldigitaldeasturias.com\/noticias\/los-nuevos-sistemas-de-aire-acondicionado-para-coches\/#breadcrumblist","itemListElement":[{"@type":"ListItem","@id":"https:\/\/www.eldigitaldeasturias.com\/noticias#listItem","position":1,"name":"Home","item":"https:\/\/www.eldigitaldeasturias.com\/noticias","nextItem":{"@type":"ListItem","@id":"https:\/\/www.eldigitaldeasturias.com\/noticias\/category\/revista-de-ocio\/#listItem","name":"Revista de Ocio"}},{"@type":"ListItem","@id":"https:\/\/www.eldigitaldeasturias.com\/noticias\/category\/revista-de-ocio\/#listItem","position":2,"name":"Revista de Ocio","item":"https:\/\/www.eldigitaldeasturias.com\/noticias\/category\/revista-de-ocio\/","nextItem":{"@type":"ListItem","@id":"https:\/\/www.eldigitaldeasturias.com\/noticias\/los-nuevos-sistemas-de-aire-acondicionado-para-coches\/#listItem","name":"Los nuevos sistemas de aire acondicionado para coches"},"previousItem":{"@type":"ListItem","@id":"https:\/\/www.eldigitaldeasturias.com\/noticias#listItem","name":"Home"}},{"@type":"ListItem","@id":"https:\/\/www.eldigitaldeasturias.com\/noticias\/los-nuevos-sistemas-de-aire-acondicionado-para-coches\/#listItem","position":3,"name":"Los nuevos sistemas de aire acondicionado para coches","previousItem":{"@type":"ListItem","@id":"https:\/\/www.eldigitaldeasturias.com\/noticias\/category\/revista-de-ocio\/#listItem","name":"Revista de Ocio"}}]},{"@type":"Organization","@id":"https:\/\/www.eldigitaldeasturias.com\/noticias\/#organization","name":"El Digital de Asturias","description":"Hemeroteca","url":"https:\/\/www.eldigitaldeasturias.com\/noticias\/","email":"info@eldigitaldeasturias.com","telephone":"+34652131393","logo":{"@type":"ImageObject","url":"https:\/\/www.eldigitaldeasturias.com\/noticias\/wp-content\/uploads\/2020\/12\/EDA.jpg","@id":"https:\/\/www.eldigitaldeasturias.com\/noticias\/los-nuevos-sistemas-de-aire-acondicionado-para-coches\/#organizationLogo"},"image":{"@id":"https:\/\/www.eldigitaldeasturias.com\/noticias\/los-nuevos-sistemas-de-aire-acondicionado-para-coches\/#organizationLogo"},"sameAs":["https:\/\/facebook.com\/eldigitaldeasturias","https:\/\/www.youtube.com\/channel\/UCZP-2wLEB9Rv6erhFmqVnvg"],"address":{"@id":"https:\/\/www.eldigitaldeasturias.com\/noticias\/#postaladdress","@type":"PostalAddress","streetAddress":"san antonio 4","postalCode":"33430","addressLocality":"Cand\u00e1s","addressRegion":"Asturias","addressCountry":"ES"}},{"@type":"Person","@id":"https:\/\/www.eldigitaldeasturias.com\/noticias\/author\/admin\/#author","url":"https:\/\/www.eldigitaldeasturias.com\/noticias\/author\/admin\/","name":"El Digital de Asturias","image":{"@type":"ImageObject","@id":"https:\/\/www.eldigitaldeasturias.com\/noticias\/los-nuevos-sistemas-de-aire-acondicionado-para-coches\/#authorImage","url":"https:\/\/secure.gravatar.com\/avatar\/df2aeffc32bcd13f8d26072ef8a91b623d677766deac7f97ca815868cd41bf5e?s=96&d=mm&r=g","width":96,"height":96,"caption":"El Digital de Asturias"}},{"@type":"WebPage","@id":"https:\/\/www.eldigitaldeasturias.com\/noticias\/los-nuevos-sistemas-de-aire-acondicionado-para-coches\/#webpage","url":"https:\/\/www.eldigitaldeasturias.com\/noticias\/los-nuevos-sistemas-de-aire-acondicionado-para-coches\/","name":"Los nuevos sistemas de aire acondicionado para coches - El Digital de Asturias","description":"Desde el estallido de la pandemia, los conductores de autom\u00f3viles han desarrollado un olfato sensible y quieren respirar aire limpio en sus coches ..","inLanguage":"es-ES","isPartOf":{"@id":"https:\/\/www.eldigitaldeasturias.com\/noticias\/#website"},"breadcrumb":{"@id":"https:\/\/www.eldigitaldeasturias.com\/noticias\/los-nuevos-sistemas-de-aire-acondicionado-para-coches\/#breadcrumblist"},"author":{"@id":"https:\/\/www.eldigitaldeasturias.com\/noticias\/author\/admin\/#author"},"creator":{"@id":"https:\/\/www.eldigitaldeasturias.com\/noticias\/author\/admin\/#author"},"image":{"@type":"ImageObject","url":"https:\/\/www.eldigitaldeasturias.com\/noticias\/wp-content\/uploads\/2026\/06\/Contenidos.jpg","@id":"https:\/\/www.eldigitaldeasturias.com\/noticias\/los-nuevos-sistemas-de-aire-acondicionado-para-coches\/#mainImage","width":1265,"height":697,"caption":"Contenidos"},"primaryImageOfPage":{"@id":"https:\/\/www.eldigitaldeasturias.com\/noticias\/los-nuevos-sistemas-de-aire-acondicionado-para-coches\/#mainImage"},"datePublished":"2021-05-15T10:37:17+02:00","dateModified":"2021-05-15T10:37:17+02:00"},{"@type":"WebSite","@id":"https:\/\/www.eldigitaldeasturias.com\/noticias\/#website","url":"https:\/\/www.eldigitaldeasturias.com\/noticias\/","name":"El Digital de Asturias - Diario de actualidad y noticias","alternateName":"El Digital de Asturias - Diario de actualidad y noticias","description":"Hemeroteca","inLanguage":"es-ES","publisher":{"@id":"https:\/\/www.eldigitaldeasturias.com\/noticias\/#organization"}}]},"og:locale":"es_ES","og:site_name":"El Digital de Asturias","og:type":"article","og:title":"Los nuevos sistemas de aire acondicionado para coches - El Digital de Asturias","og:description":"Desde el estallido de la pandemia, los conductores de autom\u00f3viles han desarrollado un olfato sensible y quieren respirar aire limpio en sus coches ..","og:url":"https:\/\/www.eldigitaldeasturias.com\/noticias\/los-nuevos-sistemas-de-aire-acondicionado-para-coches\/","og:image":"https:\/\/www.eldigitaldeasturias.com\/noticias\/wp-content\/uploads\/2026\/06\/Contenidos.jpg","og:image:secure_url":"https:\/\/www.eldigitaldeasturias.com\/noticias\/wp-content\/uploads\/2026\/06\/Contenidos.jpg","og:image:width":1265,"og:image:height":697,"article:tag":["revista de oicio","motor","coches","noticias","novedades","revista de ocio"],"article:published_time":"2021-05-15T09:37:17+00:00","article:modified_time":"2021-05-15T09:37:17+00:00","article:publisher":"https:\/\/facebook.com\/eldigitaldeasturias","twitter:card":"summary_large_image","twitter:title":"Los nuevos sistemas de aire acondicionado para coches - El Digital de Asturias","twitter:description":"Desde el estallido de la pandemia, los conductores de autom\u00f3viles han desarrollado un olfato sensible y quieren respirar aire limpio en sus coches ..","twitter:image":"https:\/\/www.eldigitaldeasturias.com\/noticias\/wp-content\/uploads\/2026\/06\/Contenidos.jpg","twitter:label1":"Escrito por","twitter:data1":"El Digital de Asturias","twitter:label2":"Tiempo de lectura estimado","twitter:data2":"5 minutos"},"aioseo_meta_data":{"post_id":"1091688","title":null,"description":"Desde el estallido de la pandemia, los conductores de autom\u00f3viles han desarrollado un olfato sensible y quieren respirar aire limpio en sus coches ..","keywords":[{"label":"Revista de Oicio","value":"Revista de Oicio"},{"label":" motor","value":" motor"},{"label":" coches","value":" coches"},{"label":" noticias","value":" noticias"},{"label":" novedades","value":" novedades"}],"keyphrases":{"focus":[],"additional":[]},"primary_term":null,"canonical_url":null,"og_title":null,"og_description":null,"og_object_type":"default","og_image_type":"default","og_image_url":null,"og_image_width":null,"og_image_height":null,"og_image_custom_url":null,"og_image_custom_fields":null,"og_video":"","og_custom_url":null,"og_article_section":null,"og_article_tags":[],"twitter_use_og":false,"twitter_card":"default","twitter_image_type":"default","twitter_image_url":null,"twitter_image_custom_url":null,"twitter_image_custom_fields":null,"twitter_title":null,"twitter_description":null,"schema":{"blockGraphs":[],"customGraphs":[],"default":{"data":{"Article":[],"Course":[],"Dataset":[],"FAQPage":[],"Movie":[],"Person":[],"Product":[],"ProductReview":[],"Car":[],"Recipe":[],"Service":[],"SoftwareApplication":[],"WebPage":[]},"graphName":"","isEnabled":true},"graphs":[],"defaultGraph":"Article","defaultPostTypeGraph":""},"schema_type":"default","schema_type_options":"{\"article\":{\"articleType\":\"BlogPosting\"},\"course\":{\"name\":\"\",\"description\":\"\",\"provider\":\"\"},\"faq\":{\"pages\":[]},\"product\":{\"reviews\":[]},\"recipe\":{\"ingredients\":[],\"instructions\":[],\"keywords\":[]},\"software\":{\"reviews\":[],\"operatingSystems\":[]},\"webPage\":{\"webPageType\":\"WebPage\"}}","pillar_content":false,"robots_default":true,"robots_noindex":false,"robots_noarchive":false,"robots_nosnippet":false,"robots_nofollow":false,"robots_noimageindex":false,"robots_noodp":false,"robots_notranslate":false,"robots_max_snippet":"-1","robots_max_videopreview":"-1","robots_max_imagepreview":"large","priority":null,"frequency":"default","local_seo":{"locations":{"business":{"name":"","businessType":"","image":"","areaServed":"","urls":{"website":"","aboutPage":"","contactPage":""},"address":{"streetLine1":"","streetLine2":"","zipCode":"","city":"","state":"","country":"","addressFormat":"#streetLineOne\n#streetLineTwo\n#city, #state #zipCode"},"contact":{"email":"","phone":"","phoneFormatted":"","fax":"","faxFormatted":""},"ids":{"vat":"","tax":"","chamberOfCommerce":""},"payment":{"priceRange":"","currenciesAccepted":"","methods":""}}},"openingHours":{"useDefaults":true,"show":true,"alwaysOpen":false,"use24hFormat":false,"timezone":"","labels":{"closed":"","alwaysOpen":""},"days":{"monday":{"open24h":false,"closed":false,"openTime":"09:00","closeTime":"17:00"},"tuesday":{"open24h":false,"closed":false,"openTime":"09:00","closeTime":"17:00"},"wednesday":{"open24h":false,"closed":false,"openTime":"09:00","closeTime":"17:00"},"thursday":{"open24h":false,"closed":false,"openTime":"09:00","closeTime":"17:00"},"friday":{"open24h":false,"closed":false,"openTime":"09:00","closeTime":"17:00"},"saturday":{"open24h":false,"closed":false,"openTime":"09:00","closeTime":"17:00"},"sunday":{"open24h":false,"closed":false,"openTime":"09:00","closeTime":"17:00"}}}},"seo_analyzer_scan_date":"2026-07-17 22:43:31","breadcrumb_settings":null,"limit_modified_date":false,"open_ai":null,"ai":null,"created":"2021-05-15 09:27:18","updated":"2026-07-17 22:43:31","focus_keyword":null,"additional_keywords":null,"truseo_locale":null},"aioseo_breadcrumb":"<div class=\"aioseo-breadcrumbs\"><span class=\"aioseo-breadcrumb\">\n\t<a href=\"https:\/\/www.eldigitaldeasturias.com\/noticias\" title=\"Home\">Home<\/a>\n<\/span><span class=\"aioseo-breadcrumb-separator\">\u2013<\/span><span class=\"aioseo-breadcrumb\">\n\t<a href=\"https:\/\/www.eldigitaldeasturias.com\/noticias\/category\/revista-de-ocio\/\" title=\"Revista de Ocio\">Revista de Ocio<\/a>\n<\/span><span class=\"aioseo-breadcrumb-separator\">\u2013<\/span><span class=\"aioseo-breadcrumb\">\n\t<a href=\"https:\/\/www.eldigitaldeasturias.com\/noticias\/los-nuevos-sistemas-de-aire-acondicionado-para-coches\/\" title=\"Los nuevos sistemas de aire acondicionado para coches\">Los nuevos sistemas de aire acondicionado para coches<\/a>\n<\/span><\/div>","aioseo_breadcrumb_json":[{"label":"Home","link":"https:\/\/www.eldigitaldeasturias.com\/noticias"},{"label":"Revista de Ocio","link":"https:\/\/www.eldigitaldeasturias.com\/noticias\/category\/revista-de-ocio\/"},{"label":"Los nuevos sistemas de aire acondicionado para coches","link":"https:\/\/www.eldigitaldeasturias.com\/noticias\/los-nuevos-sistemas-de-aire-acondicionado-para-coches\/"}],"_links":{"self":[{"href":"https:\/\/www.eldigitaldeasturias.com\/noticias\/wp-json\/wp\/v2\/posts\/1091688","targetHints":{"allow":["GET"]}}],"collection":[{"href":"https:\/\/www.eldigitaldeasturias.com\/noticias\/wp-json\/wp\/v2\/posts"}],"about":[{"href":"https:\/\/www.eldigitaldeasturias.com\/noticias\/wp-json\/wp\/v2\/types\/post"}],"author":[{"embeddable":true,"href":"https:\/\/www.eldigitaldeasturias.com\/noticias\/wp-json\/wp\/v2\/users\/1"}],"replies":[{"embeddable":true,"href":"https:\/\/www.eldigitaldeasturias.com\/noticias\/wp-json\/wp\/v2\/comments?post=1091688"}],"version-history":[{"count":0,"href":"https:\/\/www.eldigitaldeasturias.com\/noticias\/wp-json\/wp\/v2\/posts\/1091688\/revisions"}],"wp:featuredmedia":[{"embeddable":true,"href":"https:\/\/www.eldigitaldeasturias.com\/noticias\/wp-json\/wp\/v2\/media\/1132184"}],"wp:attachment":[{"href":"https:\/\/www.eldigitaldeasturias.com\/noticias\/wp-json\/wp\/v2\/media?parent=1091688"}],"wp:term":[{"taxonomy":"category","embeddable":true,"href":"https:\/\/www.eldigitaldeasturias.com\/noticias\/wp-json\/wp\/v2\/categories?post=1091688"},{"taxonomy":"post_tag","embeddable":true,"href":"https:\/\/www.eldigitaldeasturias.com\/noticias\/wp-json\/wp\/v2\/tags?post=1091688"}],"curies":[{"name":"wp","href":"https:\/\/api.w.org\/{rel}","templated":true}]}}