{"id":1091655,"date":"2021-05-14T19:12:03","date_gmt":"2021-05-14T18:12:03","guid":{"rendered":"https:\/\/www.eldigitaldeasturias.com\/noticias\/?p=1091655"},"modified":"2021-05-14T19:12:03","modified_gmt":"2021-05-14T18:12:03","slug":"la-guardia-civil-desarticula-un-grupo-de-internos-afin-al-daesh","status":"publish","type":"post","link":"https:\/\/www.eldigitaldeasturias.com\/noticias\/la-guardia-civil-desarticula-un-grupo-de-internos-afin-al-daesh\/","title":{"rendered":"La Guardia Civil desarticula un grupo de internos afin al D\u00e1esh"},"content":{"rendered":"<p><img loading=\"lazy\" decoding=\"async\" class=\"alignleft size-medium wp-image-1091656\" src=\"https:\/\/www.eldigitaldeasturias.com\/noticias\/wp-content\/uploads\/2021\/05\/2021-05-13_op_altamira_01-360x203.jpg\" alt=\"\" width=\"360\" height=\"203\" \/>La Guardia Civil ha detenido a dos internos y a una tercera persona que hab\u00eda estado con anterioridad en prisi\u00f3n y que habr\u00edan llevado a cabo en distintos centros penitenciarios actividades proselitismo, captaci\u00f3n y difusi\u00f3n de postulados yihadistas de manera concertada y coordinada respondiendo a una estrategia com\u00fan.<\/p>\n<p>Dichas actividades, que estar\u00edan en l\u00ednea con la estrategia global marcada por la organizaci\u00f3n terrorista D\u00e1esh, consist\u00edan en la materializaci\u00f3n de acciones p\u00fablicas para trasladar los mensajes o consignas de la citada organizaci\u00f3n, entre las que se encontrar\u00edan la realizaci\u00f3n de pintadas en zonas comunes de las prisiones as\u00ed como difundir a trav\u00e9s de correspondencia postal contenidos id\u00f3neos para incitar a la afiliaci\u00f3n terrorista.<\/p>\n<p>En el CP de Murcia II se ha procedido a la detenci\u00f3n del identificado como I. M., quien se encuentra como preso preventivo por delitos de terrorismo y es conocido por su actividad radical y adoctrinadora. La investigaci\u00f3n ha puesto de manifiesto que sus actividades delictivas en prisi\u00f3n no eran hechos aislados sino que obedec\u00edan a una estrategia com\u00fan.<\/p>\n<p>En el CP de Teixeiro (A Coru\u00f1a) se ha detenido al identificado como R. B., quien se encuentra cumpliendo condena por delitos contra el patrimonio, aunque est\u00e1 catalogado como interno de especial seguimiento (FIES) por tratarse de un interno radicalizado durante su estancia en prisi\u00f3n.<\/p>\n<p>Por \u00faltimo, se ha procedido a la detenci\u00f3n de M.D. en la localidad de Ceuta. Esta persona estuvo en prisi\u00f3n durante dos per\u00edodos diferentes y en ambos ejerci\u00f3 actividades proselitistas y de difusi\u00f3n de consignas yihadistas.<\/p>\n<p>En la investigaci\u00f3n, dirigida por el Juzgado Central de Instrucci\u00f3n n\u00famero 1 de la Audiencia Nacional y coordinada por la Fiscal\u00eda, fue clave la actividad de control y seguimiento realizado por la SGIP al objeto de identificar las actividades de los ahora detenidos.<\/p>\n<p>Gracias al conocimiento de los procesos de radicalizaci\u00f3n en prisi\u00f3n, la investigaci\u00f3n ha puesto de manifiesto que las actividades de estos detenidos se pueden enmarcar en una din\u00e1mica grupal m\u00e1s amplia en la que de manera concertada y coordinada centraban sus esfuerzos en radicalizar, captar y adoctrinar ideol\u00f3gicamente en los postulados de la organizaci\u00f3n terrorista Daesh a nuevos individuos dentro de prisi\u00f3n<\/p>\n<p>La Guardia Civil ha llevado a cabo diversas operaciones en el \u00e1mbito penitenciario en los \u00faltimos a\u00f1os. Todas ellas llevadas a cabo junto con la Administraci\u00f3n Penitenciaria, est\u00e1n en consonancia con la vigente Estrategia Nacional Contra el Terrorismo que establece como prioridad la detecci\u00f3n y neutralizaci\u00f3n de procesos de radicalizaci\u00f3n en los centros penitenciarios.<\/p>\n<p>&nbsp;<\/p>\n","protected":false},"excerpt":{"rendered":"<p>La Guardia Civil ha detenido a dos internos y a una tercera persona que hab\u00eda estado con anterioridad en prisi\u00f3n y que habr\u00edan llevado a cabo en distintos centros penitenciarios actividades proselitismo, captaci\u00f3n y difusi\u00f3n de postulados yihadistas de manera concertada y coordinada respondiendo a una estrategia com\u00fan. Dichas actividades, que estar\u00edan en l\u00ednea con [&hellip;]<\/p>\n","protected":false},"author":1,"featured_media":1132184,"comment_status":"closed","ping_status":"closed","sticky":false,"template":"","format":"standard","meta":{"footnotes":""},"categories":[5],"tags":[],"class_list":["post-1091655","post","type-post","status-publish","format-standard","has-post-thumbnail","hentry","category-sucesos"],"aioseo_notices":[],"aioseo_head":"\n\t\t<!-- All in One SEO Pro 5.0.1 - aioseo.com -->\n\t<meta name=\"description\" content=\"La Guardia Civil ha detenido a dos internos y a una tercera persona que hab\u00eda estado con anterioridad en prisi\u00f3n y que habr\u00edan llevado a cabo en distintos ...\" \/>\n\t<meta name=\"robots\" content=\"max-image-preview:large\" \/>\n\t<meta name=\"author\" content=\"El Digital de Asturias\"\/>\n\t<meta name=\"google-site-verification\" content=\"UA-38556648-1\" \/>\n\t<meta name=\"msvalidate.01\" content=\"7dfe9f3f1b24437ab69f4f2559babe99\" \/>\n\t<meta name=\"keywords\" content=\"sucesos\" \/>\n\t<link rel=\"canonical\" href=\"https:\/\/www.eldigitaldeasturias.com\/noticias\/la-guardia-civil-desarticula-un-grupo-de-internos-afin-al-daesh\/\" \/>\n\t<meta name=\"generator\" content=\"All in One SEO Pro (AIOSEO) 5.0.1\" \/>\n\t\t<meta property=\"og:locale\" content=\"es_ES\" \/>\n\t\t<meta property=\"og:site_name\" content=\"El Digital de Asturias\" \/>\n\t\t<meta property=\"og:type\" content=\"article\" \/>\n\t\t<meta property=\"og:title\" content=\"La Guardia Civil desarticula un grupo de internos afin al D\u00e1esh - El Digital de Asturias\" \/>\n\t\t<meta property=\"og:description\" content=\"La Guardia Civil ha detenido a dos internos y a una tercera persona que hab\u00eda estado con anterioridad en prisi\u00f3n y que habr\u00edan llevado a cabo en distintos ...\" \/>\n\t\t<meta property=\"og:url\" content=\"https:\/\/www.eldigitaldeasturias.com\/noticias\/la-guardia-civil-desarticula-un-grupo-de-internos-afin-al-daesh\/\" \/>\n\t\t<meta property=\"og:image\" content=\"https:\/\/www.eldigitaldeasturias.com\/noticias\/wp-content\/uploads\/2026\/06\/Contenidos.jpg\" \/>\n\t\t<meta property=\"og:image:secure_url\" content=\"https:\/\/www.eldigitaldeasturias.com\/noticias\/wp-content\/uploads\/2026\/06\/Contenidos.jpg\" \/>\n\t\t<meta property=\"og:image:width\" content=\"1265\" \/>\n\t\t<meta property=\"og:image:height\" content=\"697\" \/>\n\t\t<meta property=\"article:tag\" content=\"sucesos\" \/>\n\t\t<meta property=\"article:published_time\" content=\"2021-05-14T18:12:03+00:00\" \/>\n\t\t<meta property=\"article:modified_time\" content=\"2021-05-14T18:12:03+00:00\" \/>\n\t\t<meta property=\"article:publisher\" content=\"https:\/\/facebook.com\/eldigitaldeasturias\" \/>\n\t\t<meta name=\"twitter:card\" content=\"summary_large_image\" \/>\n\t\t<meta name=\"twitter:title\" content=\"La Guardia Civil desarticula un grupo de internos afin al D\u00e1esh - El Digital de Asturias\" \/>\n\t\t<meta name=\"twitter:description\" content=\"La Guardia Civil ha detenido a dos internos y a una tercera persona que hab\u00eda estado con anterioridad en prisi\u00f3n y que habr\u00edan llevado a cabo en distintos ...\" \/>\n\t\t<meta name=\"twitter:image\" content=\"https:\/\/www.eldigitaldeasturias.com\/noticias\/wp-content\/uploads\/2026\/06\/Contenidos.jpg\" \/>\n\t\t<meta name=\"twitter:label1\" content=\"Escrito por\" \/>\n\t\t<meta name=\"twitter:data1\" content=\"El Digital de Asturias\" \/>\n\t\t<meta name=\"twitter:label2\" content=\"Tiempo de lectura estimado\" \/>\n\t\t<meta name=\"twitter:data2\" content=\"2 minutos\" \/>\n\t\t<script type=\"application\/ld+json\" class=\"aioseo-schema\">\n\t\t\t{\"@context\":\"https:\\\/\\\/schema.org\",\"@graph\":[{\"@type\":\"BlogPosting\",\"@id\":\"https:\\\/\\\/www.eldigitaldeasturias.com\\\/noticias\\\/la-guardia-civil-desarticula-un-grupo-de-internos-afin-al-daesh\\\/#blogposting\",\"name\":\"La Guardia Civil desarticula un grupo de internos afin al D\\u00e1esh - El Digital de Asturias\",\"headline\":\"La Guardia Civil desarticula un grupo de internos afin al D\\u00e1esh\",\"author\":{\"@id\":\"https:\\\/\\\/www.eldigitaldeasturias.com\\\/noticias\\\/author\\\/admin\\\/#author\"},\"publisher\":{\"@id\":\"https:\\\/\\\/www.eldigitaldeasturias.com\\\/noticias\\\/#organization\"},\"image\":{\"@type\":\"ImageObject\",\"url\":\"https:\\\/\\\/www.eldigitaldeasturias.com\\\/noticias\\\/wp-content\\\/uploads\\\/2026\\\/06\\\/Contenidos.jpg\",\"width\":1265,\"height\":697,\"caption\":\"Contenidos\"},\"datePublished\":\"2021-05-14T19:12:03+02:00\",\"dateModified\":\"2021-05-14T19:12:03+02:00\",\"inLanguage\":\"es-ES\",\"mainEntityOfPage\":{\"@id\":\"https:\\\/\\\/www.eldigitaldeasturias.com\\\/noticias\\\/la-guardia-civil-desarticula-un-grupo-de-internos-afin-al-daesh\\\/#webpage\"},\"isPartOf\":{\"@id\":\"https:\\\/\\\/www.eldigitaldeasturias.com\\\/noticias\\\/la-guardia-civil-desarticula-un-grupo-de-internos-afin-al-daesh\\\/#webpage\"},\"articleSection\":\"Sucesos\"},{\"@type\":\"BreadcrumbList\",\"@id\":\"https:\\\/\\\/www.eldigitaldeasturias.com\\\/noticias\\\/la-guardia-civil-desarticula-un-grupo-de-internos-afin-al-daesh\\\/#breadcrumblist\",\"itemListElement\":[{\"@type\":\"ListItem\",\"@id\":\"https:\\\/\\\/www.eldigitaldeasturias.com\\\/noticias#listItem\",\"position\":1,\"name\":\"Home\",\"item\":\"https:\\\/\\\/www.eldigitaldeasturias.com\\\/noticias\",\"nextItem\":{\"@type\":\"ListItem\",\"@id\":\"https:\\\/\\\/www.eldigitaldeasturias.com\\\/noticias\\\/category\\\/sucesos\\\/#listItem\",\"name\":\"Sucesos\"}},{\"@type\":\"ListItem\",\"@id\":\"https:\\\/\\\/www.eldigitaldeasturias.com\\\/noticias\\\/category\\\/sucesos\\\/#listItem\",\"position\":2,\"name\":\"Sucesos\",\"item\":\"https:\\\/\\\/www.eldigitaldeasturias.com\\\/noticias\\\/category\\\/sucesos\\\/\",\"nextItem\":{\"@type\":\"ListItem\",\"@id\":\"https:\\\/\\\/www.eldigitaldeasturias.com\\\/noticias\\\/la-guardia-civil-desarticula-un-grupo-de-internos-afin-al-daesh\\\/#listItem\",\"name\":\"La Guardia Civil desarticula un grupo de internos afin al D\\u00e1esh\"},\"previousItem\":{\"@type\":\"ListItem\",\"@id\":\"https:\\\/\\\/www.eldigitaldeasturias.com\\\/noticias#listItem\",\"name\":\"Home\"}},{\"@type\":\"ListItem\",\"@id\":\"https:\\\/\\\/www.eldigitaldeasturias.com\\\/noticias\\\/la-guardia-civil-desarticula-un-grupo-de-internos-afin-al-daesh\\\/#listItem\",\"position\":3,\"name\":\"La Guardia Civil desarticula un grupo de internos afin al D\\u00e1esh\",\"previousItem\":{\"@type\":\"ListItem\",\"@id\":\"https:\\\/\\\/www.eldigitaldeasturias.com\\\/noticias\\\/category\\\/sucesos\\\/#listItem\",\"name\":\"Sucesos\"}}]},{\"@type\":\"Organization\",\"@id\":\"https:\\\/\\\/www.eldigitaldeasturias.com\\\/noticias\\\/#organization\",\"name\":\"El Digital de Asturias\",\"description\":\"Hemeroteca\",\"url\":\"https:\\\/\\\/www.eldigitaldeasturias.com\\\/noticias\\\/\",\"email\":\"info@eldigitaldeasturias.com\",\"telephone\":\"+34652131393\",\"logo\":{\"@type\":\"ImageObject\",\"url\":\"https:\\\/\\\/www.eldigitaldeasturias.com\\\/noticias\\\/wp-content\\\/uploads\\\/2020\\\/12\\\/EDA.jpg\",\"@id\":\"https:\\\/\\\/www.eldigitaldeasturias.com\\\/noticias\\\/la-guardia-civil-desarticula-un-grupo-de-internos-afin-al-daesh\\\/#organizationLogo\"},\"image\":{\"@id\":\"https:\\\/\\\/www.eldigitaldeasturias.com\\\/noticias\\\/la-guardia-civil-desarticula-un-grupo-de-internos-afin-al-daesh\\\/#organizationLogo\"},\"sameAs\":[\"https:\\\/\\\/facebook.com\\\/eldigitaldeasturias\",\"https:\\\/\\\/www.youtube.com\\\/channel\\\/UCZP-2wLEB9Rv6erhFmqVnvg\"],\"address\":{\"@id\":\"https:\\\/\\\/www.eldigitaldeasturias.com\\\/noticias\\\/#postaladdress\",\"@type\":\"PostalAddress\",\"streetAddress\":\"san antonio 4\",\"postalCode\":\"33430\",\"addressLocality\":\"Cand\\u00e1s\",\"addressRegion\":\"Asturias\",\"addressCountry\":\"ES\"}},{\"@type\":\"Person\",\"@id\":\"https:\\\/\\\/www.eldigitaldeasturias.com\\\/noticias\\\/author\\\/admin\\\/#author\",\"url\":\"https:\\\/\\\/www.eldigitaldeasturias.com\\\/noticias\\\/author\\\/admin\\\/\",\"name\":\"El Digital de Asturias\",\"image\":{\"@type\":\"ImageObject\",\"@id\":\"https:\\\/\\\/www.eldigitaldeasturias.com\\\/noticias\\\/la-guardia-civil-desarticula-un-grupo-de-internos-afin-al-daesh\\\/#authorImage\",\"url\":\"https:\\\/\\\/secure.gravatar.com\\\/avatar\\\/df2aeffc32bcd13f8d26072ef8a91b623d677766deac7f97ca815868cd41bf5e?s=96&d=mm&r=g\",\"width\":96,\"height\":96,\"caption\":\"El Digital de Asturias\"}},{\"@type\":\"WebPage\",\"@id\":\"https:\\\/\\\/www.eldigitaldeasturias.com\\\/noticias\\\/la-guardia-civil-desarticula-un-grupo-de-internos-afin-al-daesh\\\/#webpage\",\"url\":\"https:\\\/\\\/www.eldigitaldeasturias.com\\\/noticias\\\/la-guardia-civil-desarticula-un-grupo-de-internos-afin-al-daesh\\\/\",\"name\":\"La Guardia Civil desarticula un grupo de internos afin al D\\u00e1esh - El Digital de Asturias\",\"description\":\"La Guardia Civil ha detenido a dos internos y a una tercera persona que hab\\u00eda estado con anterioridad en prisi\\u00f3n y que habr\\u00edan llevado a cabo en distintos ...\",\"inLanguage\":\"es-ES\",\"isPartOf\":{\"@id\":\"https:\\\/\\\/www.eldigitaldeasturias.com\\\/noticias\\\/#website\"},\"breadcrumb\":{\"@id\":\"https:\\\/\\\/www.eldigitaldeasturias.com\\\/noticias\\\/la-guardia-civil-desarticula-un-grupo-de-internos-afin-al-daesh\\\/#breadcrumblist\"},\"author\":{\"@id\":\"https:\\\/\\\/www.eldigitaldeasturias.com\\\/noticias\\\/author\\\/admin\\\/#author\"},\"creator\":{\"@id\":\"https:\\\/\\\/www.eldigitaldeasturias.com\\\/noticias\\\/author\\\/admin\\\/#author\"},\"image\":{\"@type\":\"ImageObject\",\"url\":\"https:\\\/\\\/www.eldigitaldeasturias.com\\\/noticias\\\/wp-content\\\/uploads\\\/2026\\\/06\\\/Contenidos.jpg\",\"@id\":\"https:\\\/\\\/www.eldigitaldeasturias.com\\\/noticias\\\/la-guardia-civil-desarticula-un-grupo-de-internos-afin-al-daesh\\\/#mainImage\",\"width\":1265,\"height\":697,\"caption\":\"Contenidos\"},\"primaryImageOfPage\":{\"@id\":\"https:\\\/\\\/www.eldigitaldeasturias.com\\\/noticias\\\/la-guardia-civil-desarticula-un-grupo-de-internos-afin-al-daesh\\\/#mainImage\"},\"datePublished\":\"2021-05-14T19:12:03+02:00\",\"dateModified\":\"2021-05-14T19:12:03+02:00\"},{\"@type\":\"WebSite\",\"@id\":\"https:\\\/\\\/www.eldigitaldeasturias.com\\\/noticias\\\/#website\",\"url\":\"https:\\\/\\\/www.eldigitaldeasturias.com\\\/noticias\\\/\",\"name\":\"El Digital de Asturias - Diario de actualidad y noticias\",\"alternateName\":\"El Digital de Asturias - Diario de actualidad y noticias\",\"description\":\"Hemeroteca\",\"inLanguage\":\"es-ES\",\"publisher\":{\"@id\":\"https:\\\/\\\/www.eldigitaldeasturias.com\\\/noticias\\\/#organization\"}}]}\n\t\t<\/script>\n\t\t<!-- All in One SEO Pro -->\r\n\t\t<title>La Guardia Civil desarticula un grupo de internos afin al D\u00e1esh - El Digital de Asturias<\/title>\n\n","aioseo_head_json":{"title":"La Guardia Civil desarticula un grupo de internos afin al D\u00e1esh - El Digital de Asturias","description":"La Guardia Civil ha detenido a dos internos y a una tercera persona que hab\u00eda estado con anterioridad en prisi\u00f3n y que habr\u00edan llevado a cabo en distintos ...","canonical_url":"https:\/\/www.eldigitaldeasturias.com\/noticias\/la-guardia-civil-desarticula-un-grupo-de-internos-afin-al-daesh\/","robots":"max-image-preview:large","keywords":"sucesos","webmasterTools":{"google-site-verification":"UA-38556648-1","msvalidate.01":"7dfe9f3f1b24437ab69f4f2559babe99","miscellaneous":""},"schema":{"@context":"https:\/\/schema.org","@graph":[{"@type":"BlogPosting","@id":"https:\/\/www.eldigitaldeasturias.com\/noticias\/la-guardia-civil-desarticula-un-grupo-de-internos-afin-al-daesh\/#blogposting","name":"La Guardia Civil desarticula un grupo de internos afin al D\u00e1esh - El Digital de Asturias","headline":"La Guardia Civil desarticula un grupo de internos afin al D\u00e1esh","author":{"@id":"https:\/\/www.eldigitaldeasturias.com\/noticias\/author\/admin\/#author"},"publisher":{"@id":"https:\/\/www.eldigitaldeasturias.com\/noticias\/#organization"},"image":{"@type":"ImageObject","url":"https:\/\/www.eldigitaldeasturias.com\/noticias\/wp-content\/uploads\/2026\/06\/Contenidos.jpg","width":1265,"height":697,"caption":"Contenidos"},"datePublished":"2021-05-14T19:12:03+02:00","dateModified":"2021-05-14T19:12:03+02:00","inLanguage":"es-ES","mainEntityOfPage":{"@id":"https:\/\/www.eldigitaldeasturias.com\/noticias\/la-guardia-civil-desarticula-un-grupo-de-internos-afin-al-daesh\/#webpage"},"isPartOf":{"@id":"https:\/\/www.eldigitaldeasturias.com\/noticias\/la-guardia-civil-desarticula-un-grupo-de-internos-afin-al-daesh\/#webpage"},"articleSection":"Sucesos"},{"@type":"BreadcrumbList","@id":"https:\/\/www.eldigitaldeasturias.com\/noticias\/la-guardia-civil-desarticula-un-grupo-de-internos-afin-al-daesh\/#breadcrumblist","itemListElement":[{"@type":"ListItem","@id":"https:\/\/www.eldigitaldeasturias.com\/noticias#listItem","position":1,"name":"Home","item":"https:\/\/www.eldigitaldeasturias.com\/noticias","nextItem":{"@type":"ListItem","@id":"https:\/\/www.eldigitaldeasturias.com\/noticias\/category\/sucesos\/#listItem","name":"Sucesos"}},{"@type":"ListItem","@id":"https:\/\/www.eldigitaldeasturias.com\/noticias\/category\/sucesos\/#listItem","position":2,"name":"Sucesos","item":"https:\/\/www.eldigitaldeasturias.com\/noticias\/category\/sucesos\/","nextItem":{"@type":"ListItem","@id":"https:\/\/www.eldigitaldeasturias.com\/noticias\/la-guardia-civil-desarticula-un-grupo-de-internos-afin-al-daesh\/#listItem","name":"La Guardia Civil desarticula un grupo de internos afin al D\u00e1esh"},"previousItem":{"@type":"ListItem","@id":"https:\/\/www.eldigitaldeasturias.com\/noticias#listItem","name":"Home"}},{"@type":"ListItem","@id":"https:\/\/www.eldigitaldeasturias.com\/noticias\/la-guardia-civil-desarticula-un-grupo-de-internos-afin-al-daesh\/#listItem","position":3,"name":"La Guardia Civil desarticula un grupo de internos afin al D\u00e1esh","previousItem":{"@type":"ListItem","@id":"https:\/\/www.eldigitaldeasturias.com\/noticias\/category\/sucesos\/#listItem","name":"Sucesos"}}]},{"@type":"Organization","@id":"https:\/\/www.eldigitaldeasturias.com\/noticias\/#organization","name":"El Digital de Asturias","description":"Hemeroteca","url":"https:\/\/www.eldigitaldeasturias.com\/noticias\/","email":"info@eldigitaldeasturias.com","telephone":"+34652131393","logo":{"@type":"ImageObject","url":"https:\/\/www.eldigitaldeasturias.com\/noticias\/wp-content\/uploads\/2020\/12\/EDA.jpg","@id":"https:\/\/www.eldigitaldeasturias.com\/noticias\/la-guardia-civil-desarticula-un-grupo-de-internos-afin-al-daesh\/#organizationLogo"},"image":{"@id":"https:\/\/www.eldigitaldeasturias.com\/noticias\/la-guardia-civil-desarticula-un-grupo-de-internos-afin-al-daesh\/#organizationLogo"},"sameAs":["https:\/\/facebook.com\/eldigitaldeasturias","https:\/\/www.youtube.com\/channel\/UCZP-2wLEB9Rv6erhFmqVnvg"],"address":{"@id":"https:\/\/www.eldigitaldeasturias.com\/noticias\/#postaladdress","@type":"PostalAddress","streetAddress":"san antonio 4","postalCode":"33430","addressLocality":"Cand\u00e1s","addressRegion":"Asturias","addressCountry":"ES"}},{"@type":"Person","@id":"https:\/\/www.eldigitaldeasturias.com\/noticias\/author\/admin\/#author","url":"https:\/\/www.eldigitaldeasturias.com\/noticias\/author\/admin\/","name":"El Digital de Asturias","image":{"@type":"ImageObject","@id":"https:\/\/www.eldigitaldeasturias.com\/noticias\/la-guardia-civil-desarticula-un-grupo-de-internos-afin-al-daesh\/#authorImage","url":"https:\/\/secure.gravatar.com\/avatar\/df2aeffc32bcd13f8d26072ef8a91b623d677766deac7f97ca815868cd41bf5e?s=96&d=mm&r=g","width":96,"height":96,"caption":"El Digital de Asturias"}},{"@type":"WebPage","@id":"https:\/\/www.eldigitaldeasturias.com\/noticias\/la-guardia-civil-desarticula-un-grupo-de-internos-afin-al-daesh\/#webpage","url":"https:\/\/www.eldigitaldeasturias.com\/noticias\/la-guardia-civil-desarticula-un-grupo-de-internos-afin-al-daesh\/","name":"La Guardia Civil desarticula un grupo de internos afin al D\u00e1esh - El Digital de Asturias","description":"La Guardia Civil ha detenido a dos internos y a una tercera persona que hab\u00eda estado con anterioridad en prisi\u00f3n y que habr\u00edan llevado a cabo en distintos ...","inLanguage":"es-ES","isPartOf":{"@id":"https:\/\/www.eldigitaldeasturias.com\/noticias\/#website"},"breadcrumb":{"@id":"https:\/\/www.eldigitaldeasturias.com\/noticias\/la-guardia-civil-desarticula-un-grupo-de-internos-afin-al-daesh\/#breadcrumblist"},"author":{"@id":"https:\/\/www.eldigitaldeasturias.com\/noticias\/author\/admin\/#author"},"creator":{"@id":"https:\/\/www.eldigitaldeasturias.com\/noticias\/author\/admin\/#author"},"image":{"@type":"ImageObject","url":"https:\/\/www.eldigitaldeasturias.com\/noticias\/wp-content\/uploads\/2026\/06\/Contenidos.jpg","@id":"https:\/\/www.eldigitaldeasturias.com\/noticias\/la-guardia-civil-desarticula-un-grupo-de-internos-afin-al-daesh\/#mainImage","width":1265,"height":697,"caption":"Contenidos"},"primaryImageOfPage":{"@id":"https:\/\/www.eldigitaldeasturias.com\/noticias\/la-guardia-civil-desarticula-un-grupo-de-internos-afin-al-daesh\/#mainImage"},"datePublished":"2021-05-14T19:12:03+02:00","dateModified":"2021-05-14T19:12:03+02:00"},{"@type":"WebSite","@id":"https:\/\/www.eldigitaldeasturias.com\/noticias\/#website","url":"https:\/\/www.eldigitaldeasturias.com\/noticias\/","name":"El Digital de Asturias - Diario de actualidad y noticias","alternateName":"El Digital de Asturias - Diario de actualidad y noticias","description":"Hemeroteca","inLanguage":"es-ES","publisher":{"@id":"https:\/\/www.eldigitaldeasturias.com\/noticias\/#organization"}}]},"og:locale":"es_ES","og:site_name":"El Digital de Asturias","og:type":"article","og:title":"La Guardia Civil desarticula un grupo de internos afin al D\u00e1esh - El Digital de Asturias","og:description":"La Guardia Civil ha detenido a dos internos y a una tercera persona que hab\u00eda estado con anterioridad en prisi\u00f3n y que habr\u00edan llevado a cabo en distintos ...","og:url":"https:\/\/www.eldigitaldeasturias.com\/noticias\/la-guardia-civil-desarticula-un-grupo-de-internos-afin-al-daesh\/","og:image":"https:\/\/www.eldigitaldeasturias.com\/noticias\/wp-content\/uploads\/2026\/06\/Contenidos.jpg","og:image:secure_url":"https:\/\/www.eldigitaldeasturias.com\/noticias\/wp-content\/uploads\/2026\/06\/Contenidos.jpg","og:image:width":1265,"og:image:height":697,"article:tag":["sucesos"],"article:published_time":"2021-05-14T18:12:03+00:00","article:modified_time":"2021-05-14T18:12:03+00:00","article:publisher":"https:\/\/facebook.com\/eldigitaldeasturias","twitter:card":"summary_large_image","twitter:title":"La Guardia Civil desarticula un grupo de internos afin al D\u00e1esh - El Digital de Asturias","twitter:description":"La Guardia Civil ha detenido a dos internos y a una tercera persona que hab\u00eda estado con anterioridad en prisi\u00f3n y que habr\u00edan llevado a cabo en distintos ...","twitter:image":"https:\/\/www.eldigitaldeasturias.com\/noticias\/wp-content\/uploads\/2026\/06\/Contenidos.jpg","twitter:label1":"Escrito por","twitter:data1":"El Digital de Asturias","twitter:label2":"Tiempo de lectura estimado","twitter:data2":"2 minutos"},"aioseo_meta_data":{"post_id":"1091655","title":null,"description":"La Guardia Civil ha detenido a dos internos y a una tercera persona que hab\u00eda estado con anterioridad en prisi\u00f3n y que habr\u00edan llevado a cabo en distintos ...","keywords":[],"keyphrases":{"focus":[],"additional":[]},"primary_term":null,"canonical_url":null,"og_title":null,"og_description":null,"og_object_type":"default","og_image_type":"default","og_image_url":null,"og_image_width":null,"og_image_height":null,"og_image_custom_url":null,"og_image_custom_fields":null,"og_video":"","og_custom_url":null,"og_article_section":null,"og_article_tags":[],"twitter_use_og":false,"twitter_card":"default","twitter_image_type":"default","twitter_image_url":null,"twitter_image_custom_url":null,"twitter_image_custom_fields":null,"twitter_title":null,"twitter_description":null,"schema":{"blockGraphs":[],"customGraphs":[],"default":{"data":{"Article":[],"Course":[],"Dataset":[],"FAQPage":[],"Movie":[],"Person":[],"Product":[],"ProductReview":[],"Car":[],"Recipe":[],"Service":[],"SoftwareApplication":[],"WebPage":[]},"graphName":"","isEnabled":true},"graphs":[],"defaultGraph":"Article","defaultPostTypeGraph":""},"schema_type":"default","schema_type_options":"{\"article\":{\"articleType\":\"BlogPosting\"},\"course\":{\"name\":\"\",\"description\":\"\",\"provider\":\"\"},\"faq\":{\"pages\":[]},\"product\":{\"reviews\":[]},\"recipe\":{\"ingredients\":[],\"instructions\":[],\"keywords\":[]},\"software\":{\"reviews\":[],\"operatingSystems\":[]},\"webPage\":{\"webPageType\":\"WebPage\"}}","pillar_content":false,"robots_default":true,"robots_noindex":false,"robots_noarchive":false,"robots_nosnippet":false,"robots_nofollow":false,"robots_noimageindex":false,"robots_noodp":false,"robots_notranslate":false,"robots_max_snippet":"-1","robots_max_videopreview":"-1","robots_max_imagepreview":"large","priority":null,"frequency":"default","local_seo":{"locations":{"business":{"name":"","businessType":"","image":"","areaServed":"","urls":{"website":"","aboutPage":"","contactPage":""},"address":{"streetLine1":"","streetLine2":"","zipCode":"","city":"","state":"","country":"","addressFormat":"#streetLineOne\n#streetLineTwo\n#city, #state #zipCode"},"contact":{"email":"","phone":"","phoneFormatted":"","fax":"","faxFormatted":""},"ids":{"vat":"","tax":"","chamberOfCommerce":""},"payment":{"priceRange":"","currenciesAccepted":"","methods":""}}},"openingHours":{"useDefaults":true,"show":true,"alwaysOpen":false,"use24hFormat":false,"timezone":"","labels":{"closed":"","alwaysOpen":""},"days":{"monday":{"open24h":false,"closed":false,"openTime":"09:00","closeTime":"17:00"},"tuesday":{"open24h":false,"closed":false,"openTime":"09:00","closeTime":"17:00"},"wednesday":{"open24h":false,"closed":false,"openTime":"09:00","closeTime":"17:00"},"thursday":{"open24h":false,"closed":false,"openTime":"09:00","closeTime":"17:00"},"friday":{"open24h":false,"closed":false,"openTime":"09:00","closeTime":"17:00"},"saturday":{"open24h":false,"closed":false,"openTime":"09:00","closeTime":"17:00"},"sunday":{"open24h":false,"closed":false,"openTime":"09:00","closeTime":"17:00"}}}},"seo_analyzer_scan_date":"2026-07-17 21:50:25","breadcrumb_settings":null,"limit_modified_date":false,"open_ai":null,"ai":null,"created":"2021-05-14 18:09:49","updated":"2026-07-17 21:50:25","focus_keyword":null,"additional_keywords":null,"truseo_locale":null},"aioseo_breadcrumb":"<div class=\"aioseo-breadcrumbs\"><span class=\"aioseo-breadcrumb\">\n\t<a href=\"https:\/\/www.eldigitaldeasturias.com\/noticias\" title=\"Home\">Home<\/a>\n<\/span><span class=\"aioseo-breadcrumb-separator\">\u2013<\/span><span class=\"aioseo-breadcrumb\">\n\t<a href=\"https:\/\/www.eldigitaldeasturias.com\/noticias\/category\/sucesos\/\" title=\"Sucesos\">Sucesos<\/a>\n<\/span><span class=\"aioseo-breadcrumb-separator\">\u2013<\/span><span class=\"aioseo-breadcrumb\">\n\t<a href=\"https:\/\/www.eldigitaldeasturias.com\/noticias\/la-guardia-civil-desarticula-un-grupo-de-internos-afin-al-daesh\/\" title=\"La Guardia Civil desarticula un grupo de internos afin al D\u00e1esh\">La Guardia Civil desarticula un grupo de internos afin al D\u00e1esh<\/a>\n<\/span><\/div>","aioseo_breadcrumb_json":[{"label":"Home","link":"https:\/\/www.eldigitaldeasturias.com\/noticias"},{"label":"Sucesos","link":"https:\/\/www.eldigitaldeasturias.com\/noticias\/category\/sucesos\/"},{"label":"La Guardia Civil desarticula un grupo de internos afin al D\u00e1esh","link":"https:\/\/www.eldigitaldeasturias.com\/noticias\/la-guardia-civil-desarticula-un-grupo-de-internos-afin-al-daesh\/"}],"_links":{"self":[{"href":"https:\/\/www.eldigitaldeasturias.com\/noticias\/wp-json\/wp\/v2\/posts\/1091655","targetHints":{"allow":["GET"]}}],"collection":[{"href":"https:\/\/www.eldigitaldeasturias.com\/noticias\/wp-json\/wp\/v2\/posts"}],"about":[{"href":"https:\/\/www.eldigitaldeasturias.com\/noticias\/wp-json\/wp\/v2\/types\/post"}],"author":[{"embeddable":true,"href":"https:\/\/www.eldigitaldeasturias.com\/noticias\/wp-json\/wp\/v2\/users\/1"}],"replies":[{"embeddable":true,"href":"https:\/\/www.eldigitaldeasturias.com\/noticias\/wp-json\/wp\/v2\/comments?post=1091655"}],"version-history":[{"count":0,"href":"https:\/\/www.eldigitaldeasturias.com\/noticias\/wp-json\/wp\/v2\/posts\/1091655\/revisions"}],"wp:featuredmedia":[{"embeddable":true,"href":"https:\/\/www.eldigitaldeasturias.com\/noticias\/wp-json\/wp\/v2\/media\/1132184"}],"wp:attachment":[{"href":"https:\/\/www.eldigitaldeasturias.com\/noticias\/wp-json\/wp\/v2\/media?parent=1091655"}],"wp:term":[{"taxonomy":"category","embeddable":true,"href":"https:\/\/www.eldigitaldeasturias.com\/noticias\/wp-json\/wp\/v2\/categories?post=1091655"},{"taxonomy":"post_tag","embeddable":true,"href":"https:\/\/www.eldigitaldeasturias.com\/noticias\/wp-json\/wp\/v2\/tags?post=1091655"}],"curies":[{"name":"wp","href":"https:\/\/api.w.org\/{rel}","templated":true}]}}