{"id":1091650,"date":"2021-05-14T17:52:23","date_gmt":"2021-05-14T16:52:23","guid":{"rendered":"https:\/\/www.eldigitaldeasturias.com\/noticias\/?p=1091650"},"modified":"2021-05-14T17:52:23","modified_gmt":"2021-05-14T16:52:23","slug":"nuevos-medios-para-la-justicia-asturiana","status":"publish","type":"post","link":"https:\/\/www.eldigitaldeasturias.com\/noticias\/nuevos-medios-para-la-justicia-asturiana\/","title":{"rendered":"Nuevos medios para la justicia asturiana"},"content":{"rendered":"<p><img loading=\"lazy\" decoding=\"async\" class=\"alignleft size-medium wp-image-1070180\" src=\"https:\/\/www.eldigitaldeasturias.com\/noticias\/wp-content\/uploads\/2020\/07\/Juzgado-Asturias-360x271.jpg\" alt=\"\" width=\"360\" height=\"271\" \/>El Gobierno de Asturias invertir\u00e1 hasta finales de a\u00f1o 1.557.000 euros en la adquisici\u00f3n de equipos, soportes y servicios informaticos para reforzar el proyecto de modernizaci\u00f3n de la justicia.<\/p>\n<p>La consejera de Presidencia, <strong>Rita Camblor, ha explicado en la Junta General que la justicia acaparar\u00e1 1,5 de los 4,5 millones que el Principado destinar\u00e1 este a\u00f1o a nuevas tecnolog\u00edas de la informaci\u00f3n y la comunidad<\/strong>. La distribuci\u00f3n de ese mill\u00f3n y medio se realizar\u00e1 del siguiente modo: 182.000 euros para equipos de impresi\u00f3n, 150.000 para impresoras vinculadas a un puesto de trabajo, 65.000 para instalar pantallas en las salas de vistas, 200.000 para port\u00e1tiles, 160.000 para servicios de soporte inform\u00e1tico y formaci\u00f3n y otros 800.000 para sistemas de grabaci\u00f3n de vistas. Estos \u00faltimos se adquirir\u00e1n con cargo a los fondos europeos que se recibir\u00e1n este a\u00f1o.<\/p>\n<p>La inversi\u00f3n forma parte de un amplio proyecto de modernizaci\u00f3n que ha comenzado con la sustituci\u00f3n de los ordenadores de mesa de jueces, magistrados y fiscales por equipos port\u00e1tiles, un proceso que finalizar\u00e1 en un par de meses. Posteriormente, se dotar\u00e1 de port\u00e1tiles m\u00e1s modernos y con facilidades para el teletrabajo a los letrados y a la mayor parte del personal funcionario de las oficinas judiciales.<\/p>\n<p>Adem\u00e1s, se han iniciado las tareas de acompa\u00f1amiento en determinados juzgados para facilitar el uso de las aplicaciones espec\u00edficas de justicia. En este sentido, tambi\u00e9n se presta servicio presencial, un d\u00eda a la semana, en las sedes judiciales de Oviedo y Gij\u00f3n. Los usuarios de todos los \u00f3rganos contar\u00e1n con este acompa\u00f1amiento, orientado a solventar dudas y detectar necesidades concretas de formaci\u00f3n.<\/p>\n<p>En este contexto, antes del verano se renovar\u00e1n todos los equipos de impresi\u00f3n, tanto los de multifunci\u00f3n como las impresoras individuales.<\/p>\n<p>Estas medidas servir\u00e1n para paliar algunos problemas inform\u00e1ticos detectados desde enero, fundamentalmente, por la obsolescencia de los equipos y porque cada vez hay m\u00e1s usuarios tramitando expedientes electr\u00f3nicos, una vez completada la administraci\u00f3n electr\u00f3nica de justicia y la fiscal\u00eda digital.<\/p>\n<h2>Infraestructuras judiciales<\/h2>\n<p>Durante su comparecencia, la consejera tambi\u00e9n ha explicado que el Colegio de Arquitectos de Asturias est\u00e1 elaborando un estudio integral de las sedes judiciales con objeto de determinar las actuaciones necesarias en cada una de ellas.<\/p>\n<p>En las pr\u00f3ximas semanas, se iniciar\u00e1n visitas a todas las sedes para recabar datos b\u00e1sicos y fijar prioridades. Posteriormente, se redactar\u00e1 un informe de los edificios y sus necesidades que se entregar\u00e1 en octubre, as\u00ed como otro particularizado para el partido judicial de Oviedo, que estar\u00e1 listo en diciembre, de cara a plantear una soluci\u00f3n definitiva a sus carencias espec\u00edficas.<\/p>\n<p>Este trabajo incluye la evaluaci\u00f3n del estado de conservaci\u00f3n de los edificios y el an\u00e1lisis de la accesibilidad, las condiciones funcionales, la seguridad ante incendios, la calidad del ambiente interior, la ubicaci\u00f3n y el transporte disponible.<\/p>\n<p>Camblor ha recordado que hace unos meses entr\u00f3 en servicio el nuevo juzgado de Luarca y que este mismo a\u00f1o se iniciar\u00e1n las obras en Langreo. Por su parte, Pravia contar\u00e1 pr\u00f3ximamente con una nueva sede en el antiguo edificio de la Azucarera, y se realizar\u00e1n obras para reubicar el Juzgado de Violencia sobre la Mujer de Gij\u00f3n, donde ya se ha inaugurado la primera Sala Gesell de Asturias.<\/p>\n<p>&nbsp;<\/p>\n","protected":false},"excerpt":{"rendered":"<p>El Gobierno de Asturias invertir\u00e1 hasta finales de a\u00f1o 1.557.000 euros en la adquisici\u00f3n de equipos, soportes y servicios informaticos para reforzar el proyecto de modernizaci\u00f3n de la justicia. La consejera de Presidencia, Rita Camblor, ha explicado en la Junta General que la justicia acaparar\u00e1 1,5 de los 4,5 millones que el Principado destinar\u00e1 este [&hellip;]<\/p>\n","protected":false},"author":1,"featured_media":1070180,"comment_status":"closed","ping_status":"closed","sticky":false,"template":"","format":"standard","meta":{"footnotes":""},"categories":[12],"tags":[],"class_list":["post-1091650","post","type-post","status-publish","format-standard","has-post-thumbnail","hentry","category-actualidad-asturias"],"aioseo_notices":[],"aioseo_head":"\n\t\t<!-- All in One SEO Pro 5.0.1 - aioseo.com -->\n\t<meta name=\"description\" content=\"El Gobierno de Asturias invertir\u00e1 hasta finales de a\u00f1o 1.557.000 euros en la adquisici\u00f3n de equipos, soportes y servicios informaticos ..\" \/>\n\t<meta name=\"robots\" content=\"max-image-preview:large\" \/>\n\t<meta name=\"author\" content=\"El Digital de Asturias\"\/>\n\t<meta name=\"google-site-verification\" content=\"UA-38556648-1\" \/>\n\t<meta name=\"msvalidate.01\" content=\"7dfe9f3f1b24437ab69f4f2559babe99\" \/>\n\t<meta name=\"keywords\" content=\"actualidad asturias\" \/>\n\t<link rel=\"canonical\" href=\"https:\/\/www.eldigitaldeasturias.com\/noticias\/nuevos-medios-para-la-justicia-asturiana\/\" \/>\n\t<meta name=\"generator\" content=\"All in One SEO Pro (AIOSEO) 5.0.1\" \/>\n\t\t<meta property=\"og:locale\" content=\"es_ES\" \/>\n\t\t<meta property=\"og:site_name\" content=\"El Digital de Asturias\" \/>\n\t\t<meta property=\"og:type\" content=\"article\" \/>\n\t\t<meta property=\"og:title\" content=\"Nuevos medios para la justicia asturiana - El Digital de Asturias\" \/>\n\t\t<meta property=\"og:description\" content=\"El Gobierno de Asturias invertir\u00e1 hasta finales de a\u00f1o 1.557.000 euros en la adquisici\u00f3n de equipos, soportes y servicios informaticos ..\" \/>\n\t\t<meta property=\"og:url\" content=\"https:\/\/www.eldigitaldeasturias.com\/noticias\/nuevos-medios-para-la-justicia-asturiana\/\" \/>\n\t\t<meta property=\"article:tag\" content=\"actualidad asturias\" \/>\n\t\t<meta property=\"article:published_time\" content=\"2021-05-14T16:52:23+00:00\" \/>\n\t\t<meta property=\"article:modified_time\" content=\"2021-05-14T16:52:23+00:00\" \/>\n\t\t<meta property=\"article:publisher\" content=\"https:\/\/facebook.com\/eldigitaldeasturias\" \/>\n\t\t<meta name=\"twitter:card\" content=\"summary_large_image\" \/>\n\t\t<meta name=\"twitter:title\" content=\"Nuevos medios para la justicia asturiana - El Digital de Asturias\" \/>\n\t\t<meta name=\"twitter:description\" content=\"El Gobierno de Asturias invertir\u00e1 hasta finales de a\u00f1o 1.557.000 euros en la adquisici\u00f3n de equipos, soportes y servicios informaticos ..\" \/>\n\t\t<meta name=\"twitter:image\" content=\"https:\/\/www.eldigitaldeasturias.com\/noticias\/wp-content\/uploads\/2020\/12\/EDA-1.jpg\" \/>\n\t\t<meta name=\"twitter:label1\" content=\"Escrito por\" \/>\n\t\t<meta name=\"twitter:data1\" content=\"El Digital de Asturias\" \/>\n\t\t<meta name=\"twitter:label2\" content=\"Tiempo de lectura estimado\" \/>\n\t\t<meta name=\"twitter:data2\" content=\"3 minutos\" \/>\n\t\t<script type=\"application\/ld+json\" class=\"aioseo-schema\">\n\t\t\t{\"@context\":\"https:\\\/\\\/schema.org\",\"@graph\":[{\"@type\":\"BlogPosting\",\"@id\":\"https:\\\/\\\/www.eldigitaldeasturias.com\\\/noticias\\\/nuevos-medios-para-la-justicia-asturiana\\\/#blogposting\",\"name\":\"Nuevos medios para la justicia asturiana - El Digital de Asturias\",\"headline\":\"Nuevos medios para la justicia asturiana\",\"author\":{\"@id\":\"https:\\\/\\\/www.eldigitaldeasturias.com\\\/noticias\\\/author\\\/admin\\\/#author\"},\"publisher\":{\"@id\":\"https:\\\/\\\/www.eldigitaldeasturias.com\\\/noticias\\\/#organization\"},\"image\":{\"@type\":\"ImageObject\",\"url\":1070180},\"datePublished\":\"2021-05-14T17:52:23+02:00\",\"dateModified\":\"2021-05-14T17:52:23+02:00\",\"inLanguage\":\"es-ES\",\"mainEntityOfPage\":{\"@id\":\"https:\\\/\\\/www.eldigitaldeasturias.com\\\/noticias\\\/nuevos-medios-para-la-justicia-asturiana\\\/#webpage\"},\"isPartOf\":{\"@id\":\"https:\\\/\\\/www.eldigitaldeasturias.com\\\/noticias\\\/nuevos-medios-para-la-justicia-asturiana\\\/#webpage\"},\"articleSection\":\"Actualidad Asturias\"},{\"@type\":\"BreadcrumbList\",\"@id\":\"https:\\\/\\\/www.eldigitaldeasturias.com\\\/noticias\\\/nuevos-medios-para-la-justicia-asturiana\\\/#breadcrumblist\",\"itemListElement\":[{\"@type\":\"ListItem\",\"@id\":\"https:\\\/\\\/www.eldigitaldeasturias.com\\\/noticias#listItem\",\"position\":1,\"name\":\"Home\",\"item\":\"https:\\\/\\\/www.eldigitaldeasturias.com\\\/noticias\",\"nextItem\":{\"@type\":\"ListItem\",\"@id\":\"https:\\\/\\\/www.eldigitaldeasturias.com\\\/noticias\\\/category\\\/actualidad-asturias\\\/#listItem\",\"name\":\"Actualidad Asturias\"}},{\"@type\":\"ListItem\",\"@id\":\"https:\\\/\\\/www.eldigitaldeasturias.com\\\/noticias\\\/category\\\/actualidad-asturias\\\/#listItem\",\"position\":2,\"name\":\"Actualidad Asturias\",\"item\":\"https:\\\/\\\/www.eldigitaldeasturias.com\\\/noticias\\\/category\\\/actualidad-asturias\\\/\",\"nextItem\":{\"@type\":\"ListItem\",\"@id\":\"https:\\\/\\\/www.eldigitaldeasturias.com\\\/noticias\\\/nuevos-medios-para-la-justicia-asturiana\\\/#listItem\",\"name\":\"Nuevos medios para la justicia asturiana\"},\"previousItem\":{\"@type\":\"ListItem\",\"@id\":\"https:\\\/\\\/www.eldigitaldeasturias.com\\\/noticias#listItem\",\"name\":\"Home\"}},{\"@type\":\"ListItem\",\"@id\":\"https:\\\/\\\/www.eldigitaldeasturias.com\\\/noticias\\\/nuevos-medios-para-la-justicia-asturiana\\\/#listItem\",\"position\":3,\"name\":\"Nuevos medios para la justicia asturiana\",\"previousItem\":{\"@type\":\"ListItem\",\"@id\":\"https:\\\/\\\/www.eldigitaldeasturias.com\\\/noticias\\\/category\\\/actualidad-asturias\\\/#listItem\",\"name\":\"Actualidad Asturias\"}}]},{\"@type\":\"Organization\",\"@id\":\"https:\\\/\\\/www.eldigitaldeasturias.com\\\/noticias\\\/#organization\",\"name\":\"El Digital de Asturias\",\"description\":\"Hemeroteca\",\"url\":\"https:\\\/\\\/www.eldigitaldeasturias.com\\\/noticias\\\/\",\"email\":\"info@eldigitaldeasturias.com\",\"telephone\":\"+34652131393\",\"logo\":{\"@type\":\"ImageObject\",\"url\":\"https:\\\/\\\/www.eldigitaldeasturias.com\\\/noticias\\\/wp-content\\\/uploads\\\/2020\\\/12\\\/EDA.jpg\",\"@id\":\"https:\\\/\\\/www.eldigitaldeasturias.com\\\/noticias\\\/nuevos-medios-para-la-justicia-asturiana\\\/#organizationLogo\"},\"image\":{\"@id\":\"https:\\\/\\\/www.eldigitaldeasturias.com\\\/noticias\\\/nuevos-medios-para-la-justicia-asturiana\\\/#organizationLogo\"},\"sameAs\":[\"https:\\\/\\\/facebook.com\\\/eldigitaldeasturias\",\"https:\\\/\\\/www.youtube.com\\\/channel\\\/UCZP-2wLEB9Rv6erhFmqVnvg\"],\"address\":{\"@id\":\"https:\\\/\\\/www.eldigitaldeasturias.com\\\/noticias\\\/#postaladdress\",\"@type\":\"PostalAddress\",\"streetAddress\":\"san antonio 4\",\"postalCode\":\"33430\",\"addressLocality\":\"Cand\\u00e1s\",\"addressRegion\":\"Asturias\",\"addressCountry\":\"ES\"}},{\"@type\":\"Person\",\"@id\":\"https:\\\/\\\/www.eldigitaldeasturias.com\\\/noticias\\\/author\\\/admin\\\/#author\",\"url\":\"https:\\\/\\\/www.eldigitaldeasturias.com\\\/noticias\\\/author\\\/admin\\\/\",\"name\":\"El Digital de Asturias\",\"image\":{\"@type\":\"ImageObject\",\"@id\":\"https:\\\/\\\/www.eldigitaldeasturias.com\\\/noticias\\\/nuevos-medios-para-la-justicia-asturiana\\\/#authorImage\",\"url\":\"https:\\\/\\\/secure.gravatar.com\\\/avatar\\\/df2aeffc32bcd13f8d26072ef8a91b623d677766deac7f97ca815868cd41bf5e?s=96&d=mm&r=g\",\"width\":96,\"height\":96,\"caption\":\"El Digital de Asturias\"}},{\"@type\":\"WebPage\",\"@id\":\"https:\\\/\\\/www.eldigitaldeasturias.com\\\/noticias\\\/nuevos-medios-para-la-justicia-asturiana\\\/#webpage\",\"url\":\"https:\\\/\\\/www.eldigitaldeasturias.com\\\/noticias\\\/nuevos-medios-para-la-justicia-asturiana\\\/\",\"name\":\"Nuevos medios para la justicia asturiana - El Digital de Asturias\",\"description\":\"El Gobierno de Asturias invertir\\u00e1 hasta finales de a\\u00f1o 1.557.000 euros en la adquisici\\u00f3n de equipos, soportes y servicios informaticos ..\",\"inLanguage\":\"es-ES\",\"isPartOf\":{\"@id\":\"https:\\\/\\\/www.eldigitaldeasturias.com\\\/noticias\\\/#website\"},\"breadcrumb\":{\"@id\":\"https:\\\/\\\/www.eldigitaldeasturias.com\\\/noticias\\\/nuevos-medios-para-la-justicia-asturiana\\\/#breadcrumblist\"},\"author\":{\"@id\":\"https:\\\/\\\/www.eldigitaldeasturias.com\\\/noticias\\\/author\\\/admin\\\/#author\"},\"creator\":{\"@id\":\"https:\\\/\\\/www.eldigitaldeasturias.com\\\/noticias\\\/author\\\/admin\\\/#author\"},\"image\":{\"@type\":\"ImageObject\",\"url\":1070180,\"@id\":\"https:\\\/\\\/www.eldigitaldeasturias.com\\\/noticias\\\/nuevos-medios-para-la-justicia-asturiana\\\/#mainImage\"},\"primaryImageOfPage\":{\"@id\":\"https:\\\/\\\/www.eldigitaldeasturias.com\\\/noticias\\\/nuevos-medios-para-la-justicia-asturiana\\\/#mainImage\"},\"datePublished\":\"2021-05-14T17:52:23+02:00\",\"dateModified\":\"2021-05-14T17:52:23+02:00\"},{\"@type\":\"WebSite\",\"@id\":\"https:\\\/\\\/www.eldigitaldeasturias.com\\\/noticias\\\/#website\",\"url\":\"https:\\\/\\\/www.eldigitaldeasturias.com\\\/noticias\\\/\",\"name\":\"El Digital de Asturias - Diario de actualidad y noticias\",\"alternateName\":\"El Digital de Asturias - Diario de actualidad y noticias\",\"description\":\"Hemeroteca\",\"inLanguage\":\"es-ES\",\"publisher\":{\"@id\":\"https:\\\/\\\/www.eldigitaldeasturias.com\\\/noticias\\\/#organization\"}}]}\n\t\t<\/script>\n\t\t<!-- All in One SEO Pro -->\r\n\t\t<title>Nuevos medios para la justicia asturiana - El Digital de Asturias<\/title>\n\n","aioseo_head_json":{"title":"Nuevos medios para la justicia asturiana - El Digital de Asturias","description":"El Gobierno de Asturias invertir\u00e1 hasta finales de a\u00f1o 1.557.000 euros en la adquisici\u00f3n de equipos, soportes y servicios informaticos ..","canonical_url":"https:\/\/www.eldigitaldeasturias.com\/noticias\/nuevos-medios-para-la-justicia-asturiana\/","robots":"max-image-preview:large","keywords":"actualidad asturias","webmasterTools":{"google-site-verification":"UA-38556648-1","msvalidate.01":"7dfe9f3f1b24437ab69f4f2559babe99","miscellaneous":""},"schema":{"@context":"https:\/\/schema.org","@graph":[{"@type":"BlogPosting","@id":"https:\/\/www.eldigitaldeasturias.com\/noticias\/nuevos-medios-para-la-justicia-asturiana\/#blogposting","name":"Nuevos medios para la justicia asturiana - El Digital de Asturias","headline":"Nuevos medios para la justicia asturiana","author":{"@id":"https:\/\/www.eldigitaldeasturias.com\/noticias\/author\/admin\/#author"},"publisher":{"@id":"https:\/\/www.eldigitaldeasturias.com\/noticias\/#organization"},"image":{"@type":"ImageObject","url":1070180},"datePublished":"2021-05-14T17:52:23+02:00","dateModified":"2021-05-14T17:52:23+02:00","inLanguage":"es-ES","mainEntityOfPage":{"@id":"https:\/\/www.eldigitaldeasturias.com\/noticias\/nuevos-medios-para-la-justicia-asturiana\/#webpage"},"isPartOf":{"@id":"https:\/\/www.eldigitaldeasturias.com\/noticias\/nuevos-medios-para-la-justicia-asturiana\/#webpage"},"articleSection":"Actualidad Asturias"},{"@type":"BreadcrumbList","@id":"https:\/\/www.eldigitaldeasturias.com\/noticias\/nuevos-medios-para-la-justicia-asturiana\/#breadcrumblist","itemListElement":[{"@type":"ListItem","@id":"https:\/\/www.eldigitaldeasturias.com\/noticias#listItem","position":1,"name":"Home","item":"https:\/\/www.eldigitaldeasturias.com\/noticias","nextItem":{"@type":"ListItem","@id":"https:\/\/www.eldigitaldeasturias.com\/noticias\/category\/actualidad-asturias\/#listItem","name":"Actualidad Asturias"}},{"@type":"ListItem","@id":"https:\/\/www.eldigitaldeasturias.com\/noticias\/category\/actualidad-asturias\/#listItem","position":2,"name":"Actualidad Asturias","item":"https:\/\/www.eldigitaldeasturias.com\/noticias\/category\/actualidad-asturias\/","nextItem":{"@type":"ListItem","@id":"https:\/\/www.eldigitaldeasturias.com\/noticias\/nuevos-medios-para-la-justicia-asturiana\/#listItem","name":"Nuevos medios para la justicia asturiana"},"previousItem":{"@type":"ListItem","@id":"https:\/\/www.eldigitaldeasturias.com\/noticias#listItem","name":"Home"}},{"@type":"ListItem","@id":"https:\/\/www.eldigitaldeasturias.com\/noticias\/nuevos-medios-para-la-justicia-asturiana\/#listItem","position":3,"name":"Nuevos medios para la justicia asturiana","previousItem":{"@type":"ListItem","@id":"https:\/\/www.eldigitaldeasturias.com\/noticias\/category\/actualidad-asturias\/#listItem","name":"Actualidad Asturias"}}]},{"@type":"Organization","@id":"https:\/\/www.eldigitaldeasturias.com\/noticias\/#organization","name":"El Digital de Asturias","description":"Hemeroteca","url":"https:\/\/www.eldigitaldeasturias.com\/noticias\/","email":"info@eldigitaldeasturias.com","telephone":"+34652131393","logo":{"@type":"ImageObject","url":"https:\/\/www.eldigitaldeasturias.com\/noticias\/wp-content\/uploads\/2020\/12\/EDA.jpg","@id":"https:\/\/www.eldigitaldeasturias.com\/noticias\/nuevos-medios-para-la-justicia-asturiana\/#organizationLogo"},"image":{"@id":"https:\/\/www.eldigitaldeasturias.com\/noticias\/nuevos-medios-para-la-justicia-asturiana\/#organizationLogo"},"sameAs":["https:\/\/facebook.com\/eldigitaldeasturias","https:\/\/www.youtube.com\/channel\/UCZP-2wLEB9Rv6erhFmqVnvg"],"address":{"@id":"https:\/\/www.eldigitaldeasturias.com\/noticias\/#postaladdress","@type":"PostalAddress","streetAddress":"san antonio 4","postalCode":"33430","addressLocality":"Cand\u00e1s","addressRegion":"Asturias","addressCountry":"ES"}},{"@type":"Person","@id":"https:\/\/www.eldigitaldeasturias.com\/noticias\/author\/admin\/#author","url":"https:\/\/www.eldigitaldeasturias.com\/noticias\/author\/admin\/","name":"El Digital de Asturias","image":{"@type":"ImageObject","@id":"https:\/\/www.eldigitaldeasturias.com\/noticias\/nuevos-medios-para-la-justicia-asturiana\/#authorImage","url":"https:\/\/secure.gravatar.com\/avatar\/df2aeffc32bcd13f8d26072ef8a91b623d677766deac7f97ca815868cd41bf5e?s=96&d=mm&r=g","width":96,"height":96,"caption":"El Digital de Asturias"}},{"@type":"WebPage","@id":"https:\/\/www.eldigitaldeasturias.com\/noticias\/nuevos-medios-para-la-justicia-asturiana\/#webpage","url":"https:\/\/www.eldigitaldeasturias.com\/noticias\/nuevos-medios-para-la-justicia-asturiana\/","name":"Nuevos medios para la justicia asturiana - El Digital de Asturias","description":"El Gobierno de Asturias invertir\u00e1 hasta finales de a\u00f1o 1.557.000 euros en la adquisici\u00f3n de equipos, soportes y servicios informaticos ..","inLanguage":"es-ES","isPartOf":{"@id":"https:\/\/www.eldigitaldeasturias.com\/noticias\/#website"},"breadcrumb":{"@id":"https:\/\/www.eldigitaldeasturias.com\/noticias\/nuevos-medios-para-la-justicia-asturiana\/#breadcrumblist"},"author":{"@id":"https:\/\/www.eldigitaldeasturias.com\/noticias\/author\/admin\/#author"},"creator":{"@id":"https:\/\/www.eldigitaldeasturias.com\/noticias\/author\/admin\/#author"},"image":{"@type":"ImageObject","url":1070180,"@id":"https:\/\/www.eldigitaldeasturias.com\/noticias\/nuevos-medios-para-la-justicia-asturiana\/#mainImage"},"primaryImageOfPage":{"@id":"https:\/\/www.eldigitaldeasturias.com\/noticias\/nuevos-medios-para-la-justicia-asturiana\/#mainImage"},"datePublished":"2021-05-14T17:52:23+02:00","dateModified":"2021-05-14T17:52:23+02:00"},{"@type":"WebSite","@id":"https:\/\/www.eldigitaldeasturias.com\/noticias\/#website","url":"https:\/\/www.eldigitaldeasturias.com\/noticias\/","name":"El Digital de Asturias - Diario de actualidad y noticias","alternateName":"El Digital de Asturias - Diario de actualidad y noticias","description":"Hemeroteca","inLanguage":"es-ES","publisher":{"@id":"https:\/\/www.eldigitaldeasturias.com\/noticias\/#organization"}}]},"og:locale":"es_ES","og:site_name":"El Digital de Asturias","og:type":"article","og:title":"Nuevos medios para la justicia asturiana - El Digital de Asturias","og:description":"El Gobierno de Asturias invertir\u00e1 hasta finales de a\u00f1o 1.557.000 euros en la adquisici\u00f3n de equipos, soportes y servicios informaticos ..","og:url":"https:\/\/www.eldigitaldeasturias.com\/noticias\/nuevos-medios-para-la-justicia-asturiana\/","article:tag":["actualidad asturias"],"article:published_time":"2021-05-14T16:52:23+00:00","article:modified_time":"2021-05-14T16:52:23+00:00","article:publisher":"https:\/\/facebook.com\/eldigitaldeasturias","twitter:card":"summary_large_image","twitter:title":"Nuevos medios para la justicia asturiana - El Digital de Asturias","twitter:description":"El Gobierno de Asturias invertir\u00e1 hasta finales de a\u00f1o 1.557.000 euros en la adquisici\u00f3n de equipos, soportes y servicios informaticos ..","twitter:image":"https:\/\/www.eldigitaldeasturias.com\/noticias\/wp-content\/uploads\/2020\/12\/EDA-1.jpg","twitter:label1":"Escrito por","twitter:data1":"El Digital de Asturias","twitter:label2":"Tiempo de lectura estimado","twitter:data2":"3 minutos"},"aioseo_meta_data":{"post_id":"1091650","title":null,"description":"El Gobierno de Asturias invertir\u00e1 hasta finales de a\u00f1o 1.557.000 euros en la adquisici\u00f3n de equipos, soportes y servicios informaticos ..","keywords":[],"keyphrases":{"focus":[],"additional":[]},"primary_term":null,"canonical_url":null,"og_title":null,"og_description":null,"og_object_type":"default","og_image_type":"default","og_image_url":null,"og_image_width":null,"og_image_height":null,"og_image_custom_url":null,"og_image_custom_fields":null,"og_video":"","og_custom_url":null,"og_article_section":null,"og_article_tags":[],"twitter_use_og":false,"twitter_card":"default","twitter_image_type":"default","twitter_image_url":null,"twitter_image_custom_url":null,"twitter_image_custom_fields":null,"twitter_title":null,"twitter_description":null,"schema":{"blockGraphs":[],"customGraphs":[],"default":{"data":{"Article":[],"Course":[],"Dataset":[],"FAQPage":[],"Movie":[],"Person":[],"Product":[],"ProductReview":[],"Car":[],"Recipe":[],"Service":[],"SoftwareApplication":[],"WebPage":[]},"graphName":"","isEnabled":true},"graphs":[],"defaultGraph":"Article","defaultPostTypeGraph":""},"schema_type":"default","schema_type_options":"{\"article\":{\"articleType\":\"BlogPosting\"},\"course\":{\"name\":\"\",\"description\":\"\",\"provider\":\"\"},\"faq\":{\"pages\":[]},\"product\":{\"reviews\":[]},\"recipe\":{\"ingredients\":[],\"instructions\":[],\"keywords\":[]},\"software\":{\"reviews\":[],\"operatingSystems\":[]},\"webPage\":{\"webPageType\":\"WebPage\"}}","pillar_content":false,"robots_default":true,"robots_noindex":false,"robots_noarchive":false,"robots_nosnippet":false,"robots_nofollow":false,"robots_noimageindex":false,"robots_noodp":false,"robots_notranslate":false,"robots_max_snippet":"-1","robots_max_videopreview":"-1","robots_max_imagepreview":"large","priority":null,"frequency":"default","local_seo":{"locations":{"business":{"name":"","businessType":"","image":"","areaServed":"","urls":{"website":"","aboutPage":"","contactPage":""},"address":{"streetLine1":"","streetLine2":"","zipCode":"","city":"","state":"","country":"","addressFormat":"#streetLineOne\n#streetLineTwo\n#city, #state #zipCode"},"contact":{"email":"","phone":"","phoneFormatted":"","fax":"","faxFormatted":""},"ids":{"vat":"","tax":"","chamberOfCommerce":""},"payment":{"priceRange":"","currenciesAccepted":"","methods":""}}},"openingHours":{"useDefaults":true,"show":true,"alwaysOpen":false,"use24hFormat":false,"timezone":"","labels":{"closed":"","alwaysOpen":""},"days":{"monday":{"open24h":false,"closed":false,"openTime":"09:00","closeTime":"17:00"},"tuesday":{"open24h":false,"closed":false,"openTime":"09:00","closeTime":"17:00"},"wednesday":{"open24h":false,"closed":false,"openTime":"09:00","closeTime":"17:00"},"thursday":{"open24h":false,"closed":false,"openTime":"09:00","closeTime":"17:00"},"friday":{"open24h":false,"closed":false,"openTime":"09:00","closeTime":"17:00"},"saturday":{"open24h":false,"closed":false,"openTime":"09:00","closeTime":"17:00"},"sunday":{"open24h":false,"closed":false,"openTime":"09:00","closeTime":"17:00"}}}},"seo_analyzer_scan_date":"2026-07-17 21:50:23","breadcrumb_settings":null,"limit_modified_date":false,"open_ai":null,"ai":null,"created":"2021-05-14 16:50:07","updated":"2026-07-17 21:50:23","focus_keyword":null,"additional_keywords":null,"truseo_locale":null},"aioseo_breadcrumb":"<div class=\"aioseo-breadcrumbs\"><span class=\"aioseo-breadcrumb\">\n\t<a href=\"https:\/\/www.eldigitaldeasturias.com\/noticias\" title=\"Home\">Home<\/a>\n<\/span><span class=\"aioseo-breadcrumb-separator\">\u2013<\/span><span class=\"aioseo-breadcrumb\">\n\t<a href=\"https:\/\/www.eldigitaldeasturias.com\/noticias\/category\/actualidad-asturias\/\" title=\"Actualidad Asturias\">Actualidad Asturias<\/a>\n<\/span><span class=\"aioseo-breadcrumb-separator\">\u2013<\/span><span class=\"aioseo-breadcrumb\">\n\t<a href=\"https:\/\/www.eldigitaldeasturias.com\/noticias\/nuevos-medios-para-la-justicia-asturiana\/\" title=\"Nuevos medios para la justicia asturiana\">Nuevos medios para la justicia asturiana<\/a>\n<\/span><\/div>","aioseo_breadcrumb_json":[{"label":"Home","link":"https:\/\/www.eldigitaldeasturias.com\/noticias"},{"label":"Actualidad Asturias","link":"https:\/\/www.eldigitaldeasturias.com\/noticias\/category\/actualidad-asturias\/"},{"label":"Nuevos medios para la justicia asturiana","link":"https:\/\/www.eldigitaldeasturias.com\/noticias\/nuevos-medios-para-la-justicia-asturiana\/"}],"_links":{"self":[{"href":"https:\/\/www.eldigitaldeasturias.com\/noticias\/wp-json\/wp\/v2\/posts\/1091650","targetHints":{"allow":["GET"]}}],"collection":[{"href":"https:\/\/www.eldigitaldeasturias.com\/noticias\/wp-json\/wp\/v2\/posts"}],"about":[{"href":"https:\/\/www.eldigitaldeasturias.com\/noticias\/wp-json\/wp\/v2\/types\/post"}],"author":[{"embeddable":true,"href":"https:\/\/www.eldigitaldeasturias.com\/noticias\/wp-json\/wp\/v2\/users\/1"}],"replies":[{"embeddable":true,"href":"https:\/\/www.eldigitaldeasturias.com\/noticias\/wp-json\/wp\/v2\/comments?post=1091650"}],"version-history":[{"count":0,"href":"https:\/\/www.eldigitaldeasturias.com\/noticias\/wp-json\/wp\/v2\/posts\/1091650\/revisions"}],"wp:attachment":[{"href":"https:\/\/www.eldigitaldeasturias.com\/noticias\/wp-json\/wp\/v2\/media?parent=1091650"}],"wp:term":[{"taxonomy":"category","embeddable":true,"href":"https:\/\/www.eldigitaldeasturias.com\/noticias\/wp-json\/wp\/v2\/categories?post=1091650"},{"taxonomy":"post_tag","embeddable":true,"href":"https:\/\/www.eldigitaldeasturias.com\/noticias\/wp-json\/wp\/v2\/tags?post=1091650"}],"curies":[{"name":"wp","href":"https:\/\/api.w.org\/{rel}","templated":true}]}}