{"id":1091573,"date":"2021-05-13T17:25:28","date_gmt":"2021-05-13T16:25:28","guid":{"rendered":"https:\/\/www.eldigitaldeasturias.com\/noticias\/?p=1091573"},"modified":"2021-05-13T17:25:28","modified_gmt":"2021-05-13T16:25:28","slug":"en-defensa-del-planeta-los-detalles-cuentan","status":"publish","type":"post","link":"https:\/\/www.eldigitaldeasturias.com\/noticias\/en-defensa-del-planeta-los-detalles-cuentan\/","title":{"rendered":"En defensa del planeta, los detalles cuentan"},"content":{"rendered":"<p>Todos, absolutamente todos y cada uno de nosotros, tiene su grado de responsabilidad sobre lo que le est\u00e1 ocurriendo al planeta Tierra. Por lo tanto, todos, tenemos la obligaci\u00f3n de adaptar nuestros h\u00e1bitos y costumbres hacia acciones m\u00e1s ecol\u00f3gicas, que contribuyan a reducir de alg\u00fan modo, en alg\u00fan punto, los muchos problemas medioambientales que este mundo est\u00e1 soportando.<\/p>\n<p><img loading=\"lazy\" decoding=\"async\" class=\"aligncenter wp-image-1091574 size-large\" src=\"https:\/\/www.eldigitaldeasturias.com\/noticias\/wp-content\/uploads\/2021\/05\/eco-2-690x434.jpg\" alt=\"\" width=\"640\" height=\"403\" \/><\/p>\n<p><strong>En mayor o en menor medida contribuimos con la degradaci\u00f3n medioambiental que soporta la Tierra<\/strong>. Sobre todo, con la expulsi\u00f3n de gases contaminantes, usando el veh\u00edculo particular o alg\u00fan medio de transporte, que incide sobre el aumento de la temperatura global y la crisis clim\u00e1tica. Pero tambi\u00e9n con el consumo bebidas y comidas que, sin saberlo (o tal vez s\u00ed), est\u00e1n contaminando las aguas subterr\u00e1neas al ser cultivadas, secan los manantiales en su producci\u00f3n o contribuye a la tala masiva de \u00e1rboles.<\/p>\n<p>Ya seamos conscientes de ello o no, la realidad es que hemos creado un mundo, y lo seguimos manteniendo, en el que <strong>es pr\u00e1cticamente imposible actuar con normalidad y no perjudicar a la naturaleza<\/strong>. Un error de convivencia que es necesario revertir lo antes posible, y que cada cual puede modificar desde el rinc\u00f3n del planeta en el que habita.<\/p>\n<h2>\u00bfQu\u00e9 podemos hacer para mejorar la calidad de vida del planeta Tierra?<\/h2>\n<p><strong>Sin cambiar radicalmente de vida<\/strong>, son innumerables las acciones que se pueden realizar en la vida cotidiana para <strong>reducir el impacto de nuestra huella ecol\u00f3gica<\/strong>. La idea de tratar mejor a la naturaleza parte de casa, de la actividad normal que se lleva a diario, ya sea andando m\u00e1s, usando la bicicleta como medio de transporte habitual, colaborando con alguna ONG, participando con alguna iniciativa local en la plantaci\u00f3n de \u00e1rboles o <strong>comprando en los negocios que producen alimentos org\u00e1nicos, ecol\u00f3gicos\u2026 <\/strong><\/p>\n<p>Pero, sobre todo, <strong>consumiendo productos verdes<\/strong>, esos que llevan la etiqueta que garantiza que su <strong>producci\u00f3n ha sido llevada a cabo respetando el entorno y contribuyendo a la mejora de la naturaleza<\/strong>.<\/p>\n<p><img loading=\"lazy\" decoding=\"async\" class=\"aligncenter wp-image-1091575 size-large\" src=\"https:\/\/www.eldigitaldeasturias.com\/noticias\/wp-content\/uploads\/2021\/05\/eco-1-690x466.jpg\" alt=\"\" width=\"640\" height=\"432\" \/><\/p>\n<p>Existen <strong>tiendas especializadas en este tipo de productos de venta online<\/strong>. En la p\u00e1gina web de informaci\u00f3n medioambiental,<strong>ecoaldia.com<\/strong>, se presenta una <a href=\"https:\/\/ecoaldia.com\/tienda-de-productos-ecologicos\/\" target=\"_blank\" rel=\"noopener\"><span style=\"color: #ff6600;\"><strong>tiendaeco<\/strong><\/span><\/a> donde se accede a innumerables productos que han sido <strong>seleccionados seg\u00fan su procedencia y m\u00e9todo de producci\u00f3n, respetuosos con el medio ambiente. <\/strong><\/p>\n<p>Al comprar en sites como el mencionado, <strong>el consumidor est\u00e1 contribuyendo de manera muy significativa para mejorar el planeta en el que vivimos<\/strong>. Inicia una revoluci\u00f3n silenciosa en el que no cambia su modo de vida, pero est\u00e1 actuando sobre la forma de actuar de las grandes multinacionales, causantes del 90% de los problemas ecol\u00f3gicos.<\/p>\n<p>Las compa\u00f1\u00edas productoras, que en su mayor\u00eda solo se mueven en la direcci\u00f3n del dinero, entender\u00e1n que <strong>el cambio de conciencia global est\u00e1 llegando al ver c\u00f3mo cada vez se consumen m\u00e1s productos ecol\u00f3gicos<\/strong>. Esto conllevar\u00e1 un movimiento en sus pol\u00edticas hacia medios productivos m\u00e1s sostenibles.<\/p>\n<h3>La informaci\u00f3n previa a la acci\u00f3n<\/h3>\n<p>Gracias a p\u00e1ginas como la mencionada <span style=\"color: #ff6600;\"><strong><a style=\"color: #ff6600;\" href=\"https:\/\/ecoaldia.com\/\" target=\"_blank\" rel=\"noopener\">ecoaldia.com<\/a><\/strong><\/span>, una <strong>revista digital de ecolog\u00eda, naturaleza y sostenibilidad<\/strong>, se puede acceder a una buena cantidad de informaci\u00f3n \u00fatil, contrastada y actualizada. Datos que ser\u00e1n de gran ayuda para todo aquel que quiera <strong>actuar en beneficio de la naturaleza con peque\u00f1as acciones y con conocimiento de causa<\/strong>.<\/p>\n<p>Contar con una fuente de <strong>informaci\u00f3n fiable<\/strong> es el primer paso para conocer la realidad de una situaci\u00f3n cada vez m\u00e1s dram\u00e1tica, que requiere la actuaci\u00f3n urgente de los seres humanos. Se necesita revertir el desprop\u00f3sito que el ego\u00edsmo y la falta de conciencia ha producido en todo el mundo. <strong>Saber qu\u00e9 ocurre, d\u00f3nde, c\u00f3mo y por qu\u00e9 permitir\u00e1 que se act\u00fae en consecuencia y con eficacia<\/strong>.<\/p>\n<p><img loading=\"lazy\" decoding=\"async\" class=\"aligncenter wp-image-1091576 size-large\" src=\"https:\/\/www.eldigitaldeasturias.com\/noticias\/wp-content\/uploads\/2021\/05\/flores-690x376.jpg\" alt=\"\" width=\"640\" height=\"349\" \/><\/p>\n<p>En una sociedad cada vez m\u00e1s ca\u00f3tica y saturada de im\u00e1genes y medios de informaci\u00f3n, en los que los datos presentados est\u00e1n en su mayor\u00eda condicionados, cuando no dictados, por los poderes econ\u00f3micos, localizar a <strong>profesionales independientes<\/strong> es un aut\u00e9ntico lujo. Esta es una de las cualidades que m\u00e1s se valoran en <strong>sites como ecoaldia<\/strong>, en el que sus <strong>redactores no tienen otra motivaci\u00f3n que la de informar para transformar el mundo en un lugar mejor<\/strong>.<\/p>\n<h3>Profesionales de la palabra, ecologistas por el bien com\u00fan<\/h3>\n<p><a href=\"https:\/\/copyandbooks.com\/\" target=\"_blank\" rel=\"noopener\"><span style=\"color: #ff6600;\"><strong>Los redactores de copyandbooks.com<\/strong><\/span><\/a>, escritores de un buen n\u00famero de blogs, p\u00e1ginas webs y diarios informativos son los que dan voz a la naturaleza en <strong>ecoaldia.com<\/strong>. Gente con <strong>esp\u00edritu ecologista<\/strong>, que se informa a fondo, que investiga y analiza cada caso, situaci\u00f3n o evento para redactar un art\u00edculo con la verdad y la calidad literaria por bandera.<\/p>\n<p>Desde art\u00edculos de ciencia, tecnolog\u00eda y econom\u00eda hasta salud, viajes, flora, fauna hasta consejos y <strong>acciones que poder llevar a cabo para mejorar el planeta<\/strong>. Todo eso y m\u00e1s hay en ecoaldia, la <strong>web de referencia para saber m\u00e1s de la salud medioambiental en el mundo, el lugar ideal para comprar productos confirmados como ecol\u00f3gicos<\/strong>.<\/p>\n<p>&nbsp;<\/p>\n","protected":false},"excerpt":{"rendered":"<p>Todos, absolutamente todos y cada uno de nosotros, tiene su grado de responsabilidad sobre lo que le est\u00e1 ocurriendo al planeta Tierra. Por lo tanto, todos, tenemos la obligaci\u00f3n de adaptar nuestros h\u00e1bitos y costumbres hacia acciones m\u00e1s ecol\u00f3gicas, que contribuyan a reducir de alg\u00fan modo, en alg\u00fan punto, los muchos problemas medioambientales que este [&hellip;]<\/p>\n","protected":false},"author":1,"featured_media":1132184,"comment_status":"closed","ping_status":"closed","sticky":false,"template":"","format":"standard","meta":{"footnotes":""},"categories":[28],"tags":[],"class_list":["post-1091573","post","type-post","status-publish","format-standard","has-post-thumbnail","hentry","category-sociedad"],"aioseo_notices":[],"aioseo_head":"\n\t\t<!-- All in One SEO Pro 5.0.1 - aioseo.com -->\n\t<meta name=\"description\" content=\"Contar con una fuente de informaci\u00f3n fiable es el primer paso para conocer la realidad de una situaci\u00f3n cada vez m\u00e1s dram\u00e1tica ..\" \/>\n\t<meta name=\"robots\" content=\"max-image-preview:large\" \/>\n\t<meta name=\"author\" content=\"El Digital de Asturias\"\/>\n\t<meta name=\"google-site-verification\" content=\"UA-38556648-1\" \/>\n\t<meta name=\"msvalidate.01\" content=\"7dfe9f3f1b24437ab69f4f2559babe99\" \/>\n\t<meta name=\"keywords\" content=\"sociedad\" \/>\n\t<link rel=\"canonical\" href=\"https:\/\/www.eldigitaldeasturias.com\/noticias\/en-defensa-del-planeta-los-detalles-cuentan\/\" \/>\n\t<meta name=\"generator\" content=\"All in One SEO Pro (AIOSEO) 5.0.1\" \/>\n\t\t<meta property=\"og:locale\" content=\"es_ES\" \/>\n\t\t<meta property=\"og:site_name\" content=\"El Digital de Asturias\" \/>\n\t\t<meta property=\"og:type\" content=\"article\" \/>\n\t\t<meta property=\"og:title\" content=\"En defensa del planeta, los detalles cuentan - El Digital de Asturias\" \/>\n\t\t<meta property=\"og:description\" content=\"Contar con una fuente de informaci\u00f3n fiable es el primer paso para conocer la realidad de una situaci\u00f3n cada vez m\u00e1s dram\u00e1tica ..\" \/>\n\t\t<meta property=\"og:url\" content=\"https:\/\/www.eldigitaldeasturias.com\/noticias\/en-defensa-del-planeta-los-detalles-cuentan\/\" \/>\n\t\t<meta property=\"og:image\" content=\"https:\/\/www.eldigitaldeasturias.com\/noticias\/wp-content\/uploads\/2026\/06\/Contenidos.jpg\" \/>\n\t\t<meta property=\"og:image:secure_url\" content=\"https:\/\/www.eldigitaldeasturias.com\/noticias\/wp-content\/uploads\/2026\/06\/Contenidos.jpg\" \/>\n\t\t<meta property=\"og:image:width\" content=\"1265\" \/>\n\t\t<meta property=\"og:image:height\" content=\"697\" \/>\n\t\t<meta property=\"article:tag\" content=\"sociedad\" \/>\n\t\t<meta property=\"article:published_time\" content=\"2021-05-13T16:25:28+00:00\" \/>\n\t\t<meta property=\"article:modified_time\" content=\"2021-05-13T16:25:28+00:00\" \/>\n\t\t<meta property=\"article:publisher\" content=\"https:\/\/facebook.com\/eldigitaldeasturias\" \/>\n\t\t<meta name=\"twitter:card\" content=\"summary_large_image\" \/>\n\t\t<meta name=\"twitter:title\" content=\"En defensa del planeta, los detalles cuentan - El Digital de Asturias\" \/>\n\t\t<meta name=\"twitter:description\" content=\"Contar con una fuente de informaci\u00f3n fiable es el primer paso para conocer la realidad de una situaci\u00f3n cada vez m\u00e1s dram\u00e1tica ..\" \/>\n\t\t<meta name=\"twitter:image\" content=\"https:\/\/www.eldigitaldeasturias.com\/noticias\/wp-content\/uploads\/2026\/06\/Contenidos.jpg\" \/>\n\t\t<meta name=\"twitter:label1\" content=\"Escrito por\" \/>\n\t\t<meta name=\"twitter:data1\" content=\"El Digital de Asturias\" \/>\n\t\t<meta name=\"twitter:label2\" content=\"Tiempo de lectura estimado\" \/>\n\t\t<meta name=\"twitter:data2\" content=\"4 minutos\" \/>\n\t\t<script type=\"application\/ld+json\" class=\"aioseo-schema\">\n\t\t\t{\"@context\":\"https:\\\/\\\/schema.org\",\"@graph\":[{\"@type\":\"BlogPosting\",\"@id\":\"https:\\\/\\\/www.eldigitaldeasturias.com\\\/noticias\\\/en-defensa-del-planeta-los-detalles-cuentan\\\/#blogposting\",\"name\":\"En defensa del planeta, los detalles cuentan - El Digital de Asturias\",\"headline\":\"En defensa del planeta, los detalles cuentan\",\"author\":{\"@id\":\"https:\\\/\\\/www.eldigitaldeasturias.com\\\/noticias\\\/author\\\/admin\\\/#author\"},\"publisher\":{\"@id\":\"https:\\\/\\\/www.eldigitaldeasturias.com\\\/noticias\\\/#organization\"},\"image\":{\"@type\":\"ImageObject\",\"url\":\"https:\\\/\\\/www.eldigitaldeasturias.com\\\/noticias\\\/wp-content\\\/uploads\\\/2026\\\/06\\\/Contenidos.jpg\",\"width\":1265,\"height\":697,\"caption\":\"Contenidos\"},\"datePublished\":\"2021-05-13T17:25:28+02:00\",\"dateModified\":\"2021-05-13T17:25:28+02:00\",\"inLanguage\":\"es-ES\",\"mainEntityOfPage\":{\"@id\":\"https:\\\/\\\/www.eldigitaldeasturias.com\\\/noticias\\\/en-defensa-del-planeta-los-detalles-cuentan\\\/#webpage\"},\"isPartOf\":{\"@id\":\"https:\\\/\\\/www.eldigitaldeasturias.com\\\/noticias\\\/en-defensa-del-planeta-los-detalles-cuentan\\\/#webpage\"},\"articleSection\":\"Sociedad\"},{\"@type\":\"BreadcrumbList\",\"@id\":\"https:\\\/\\\/www.eldigitaldeasturias.com\\\/noticias\\\/en-defensa-del-planeta-los-detalles-cuentan\\\/#breadcrumblist\",\"itemListElement\":[{\"@type\":\"ListItem\",\"@id\":\"https:\\\/\\\/www.eldigitaldeasturias.com\\\/noticias#listItem\",\"position\":1,\"name\":\"Home\",\"item\":\"https:\\\/\\\/www.eldigitaldeasturias.com\\\/noticias\",\"nextItem\":{\"@type\":\"ListItem\",\"@id\":\"https:\\\/\\\/www.eldigitaldeasturias.com\\\/noticias\\\/category\\\/sociedad\\\/#listItem\",\"name\":\"Sociedad\"}},{\"@type\":\"ListItem\",\"@id\":\"https:\\\/\\\/www.eldigitaldeasturias.com\\\/noticias\\\/category\\\/sociedad\\\/#listItem\",\"position\":2,\"name\":\"Sociedad\",\"item\":\"https:\\\/\\\/www.eldigitaldeasturias.com\\\/noticias\\\/category\\\/sociedad\\\/\",\"nextItem\":{\"@type\":\"ListItem\",\"@id\":\"https:\\\/\\\/www.eldigitaldeasturias.com\\\/noticias\\\/en-defensa-del-planeta-los-detalles-cuentan\\\/#listItem\",\"name\":\"En defensa del planeta, los detalles cuentan\"},\"previousItem\":{\"@type\":\"ListItem\",\"@id\":\"https:\\\/\\\/www.eldigitaldeasturias.com\\\/noticias#listItem\",\"name\":\"Home\"}},{\"@type\":\"ListItem\",\"@id\":\"https:\\\/\\\/www.eldigitaldeasturias.com\\\/noticias\\\/en-defensa-del-planeta-los-detalles-cuentan\\\/#listItem\",\"position\":3,\"name\":\"En defensa del planeta, los detalles cuentan\",\"previousItem\":{\"@type\":\"ListItem\",\"@id\":\"https:\\\/\\\/www.eldigitaldeasturias.com\\\/noticias\\\/category\\\/sociedad\\\/#listItem\",\"name\":\"Sociedad\"}}]},{\"@type\":\"Organization\",\"@id\":\"https:\\\/\\\/www.eldigitaldeasturias.com\\\/noticias\\\/#organization\",\"name\":\"El Digital de Asturias\",\"description\":\"Hemeroteca\",\"url\":\"https:\\\/\\\/www.eldigitaldeasturias.com\\\/noticias\\\/\",\"email\":\"info@eldigitaldeasturias.com\",\"telephone\":\"+34652131393\",\"logo\":{\"@type\":\"ImageObject\",\"url\":\"https:\\\/\\\/www.eldigitaldeasturias.com\\\/noticias\\\/wp-content\\\/uploads\\\/2020\\\/12\\\/EDA.jpg\",\"@id\":\"https:\\\/\\\/www.eldigitaldeasturias.com\\\/noticias\\\/en-defensa-del-planeta-los-detalles-cuentan\\\/#organizationLogo\"},\"image\":{\"@id\":\"https:\\\/\\\/www.eldigitaldeasturias.com\\\/noticias\\\/en-defensa-del-planeta-los-detalles-cuentan\\\/#organizationLogo\"},\"sameAs\":[\"https:\\\/\\\/facebook.com\\\/eldigitaldeasturias\",\"https:\\\/\\\/www.youtube.com\\\/channel\\\/UCZP-2wLEB9Rv6erhFmqVnvg\"],\"address\":{\"@id\":\"https:\\\/\\\/www.eldigitaldeasturias.com\\\/noticias\\\/#postaladdress\",\"@type\":\"PostalAddress\",\"streetAddress\":\"san antonio 4\",\"postalCode\":\"33430\",\"addressLocality\":\"Cand\\u00e1s\",\"addressRegion\":\"Asturias\",\"addressCountry\":\"ES\"}},{\"@type\":\"Person\",\"@id\":\"https:\\\/\\\/www.eldigitaldeasturias.com\\\/noticias\\\/author\\\/admin\\\/#author\",\"url\":\"https:\\\/\\\/www.eldigitaldeasturias.com\\\/noticias\\\/author\\\/admin\\\/\",\"name\":\"El Digital de Asturias\",\"image\":{\"@type\":\"ImageObject\",\"@id\":\"https:\\\/\\\/www.eldigitaldeasturias.com\\\/noticias\\\/en-defensa-del-planeta-los-detalles-cuentan\\\/#authorImage\",\"url\":\"https:\\\/\\\/secure.gravatar.com\\\/avatar\\\/df2aeffc32bcd13f8d26072ef8a91b623d677766deac7f97ca815868cd41bf5e?s=96&d=mm&r=g\",\"width\":96,\"height\":96,\"caption\":\"El Digital de Asturias\"}},{\"@type\":\"WebPage\",\"@id\":\"https:\\\/\\\/www.eldigitaldeasturias.com\\\/noticias\\\/en-defensa-del-planeta-los-detalles-cuentan\\\/#webpage\",\"url\":\"https:\\\/\\\/www.eldigitaldeasturias.com\\\/noticias\\\/en-defensa-del-planeta-los-detalles-cuentan\\\/\",\"name\":\"En defensa del planeta, los detalles cuentan - El Digital de Asturias\",\"description\":\"Contar con una fuente de informaci\\u00f3n fiable es el primer paso para conocer la realidad de una situaci\\u00f3n cada vez m\\u00e1s dram\\u00e1tica ..\",\"inLanguage\":\"es-ES\",\"isPartOf\":{\"@id\":\"https:\\\/\\\/www.eldigitaldeasturias.com\\\/noticias\\\/#website\"},\"breadcrumb\":{\"@id\":\"https:\\\/\\\/www.eldigitaldeasturias.com\\\/noticias\\\/en-defensa-del-planeta-los-detalles-cuentan\\\/#breadcrumblist\"},\"author\":{\"@id\":\"https:\\\/\\\/www.eldigitaldeasturias.com\\\/noticias\\\/author\\\/admin\\\/#author\"},\"creator\":{\"@id\":\"https:\\\/\\\/www.eldigitaldeasturias.com\\\/noticias\\\/author\\\/admin\\\/#author\"},\"image\":{\"@type\":\"ImageObject\",\"url\":\"https:\\\/\\\/www.eldigitaldeasturias.com\\\/noticias\\\/wp-content\\\/uploads\\\/2026\\\/06\\\/Contenidos.jpg\",\"@id\":\"https:\\\/\\\/www.eldigitaldeasturias.com\\\/noticias\\\/en-defensa-del-planeta-los-detalles-cuentan\\\/#mainImage\",\"width\":1265,\"height\":697,\"caption\":\"Contenidos\"},\"primaryImageOfPage\":{\"@id\":\"https:\\\/\\\/www.eldigitaldeasturias.com\\\/noticias\\\/en-defensa-del-planeta-los-detalles-cuentan\\\/#mainImage\"},\"datePublished\":\"2021-05-13T17:25:28+02:00\",\"dateModified\":\"2021-05-13T17:25:28+02:00\"},{\"@type\":\"WebSite\",\"@id\":\"https:\\\/\\\/www.eldigitaldeasturias.com\\\/noticias\\\/#website\",\"url\":\"https:\\\/\\\/www.eldigitaldeasturias.com\\\/noticias\\\/\",\"name\":\"El Digital de Asturias - Diario de actualidad y noticias\",\"alternateName\":\"El Digital de Asturias - Diario de actualidad y noticias\",\"description\":\"Hemeroteca\",\"inLanguage\":\"es-ES\",\"publisher\":{\"@id\":\"https:\\\/\\\/www.eldigitaldeasturias.com\\\/noticias\\\/#organization\"}}]}\n\t\t<\/script>\n\t\t<!-- All in One SEO Pro -->\r\n\t\t<title>En defensa del planeta, los detalles cuentan - El Digital de Asturias<\/title>\n\n","aioseo_head_json":{"title":"En defensa del planeta, los detalles cuentan - El Digital de Asturias","description":"Contar con una fuente de informaci\u00f3n fiable es el primer paso para conocer la realidad de una situaci\u00f3n cada vez m\u00e1s dram\u00e1tica ..","canonical_url":"https:\/\/www.eldigitaldeasturias.com\/noticias\/en-defensa-del-planeta-los-detalles-cuentan\/","robots":"max-image-preview:large","keywords":"sociedad","webmasterTools":{"google-site-verification":"UA-38556648-1","msvalidate.01":"7dfe9f3f1b24437ab69f4f2559babe99","miscellaneous":""},"schema":{"@context":"https:\/\/schema.org","@graph":[{"@type":"BlogPosting","@id":"https:\/\/www.eldigitaldeasturias.com\/noticias\/en-defensa-del-planeta-los-detalles-cuentan\/#blogposting","name":"En defensa del planeta, los detalles cuentan - El Digital de Asturias","headline":"En defensa del planeta, los detalles cuentan","author":{"@id":"https:\/\/www.eldigitaldeasturias.com\/noticias\/author\/admin\/#author"},"publisher":{"@id":"https:\/\/www.eldigitaldeasturias.com\/noticias\/#organization"},"image":{"@type":"ImageObject","url":"https:\/\/www.eldigitaldeasturias.com\/noticias\/wp-content\/uploads\/2026\/06\/Contenidos.jpg","width":1265,"height":697,"caption":"Contenidos"},"datePublished":"2021-05-13T17:25:28+02:00","dateModified":"2021-05-13T17:25:28+02:00","inLanguage":"es-ES","mainEntityOfPage":{"@id":"https:\/\/www.eldigitaldeasturias.com\/noticias\/en-defensa-del-planeta-los-detalles-cuentan\/#webpage"},"isPartOf":{"@id":"https:\/\/www.eldigitaldeasturias.com\/noticias\/en-defensa-del-planeta-los-detalles-cuentan\/#webpage"},"articleSection":"Sociedad"},{"@type":"BreadcrumbList","@id":"https:\/\/www.eldigitaldeasturias.com\/noticias\/en-defensa-del-planeta-los-detalles-cuentan\/#breadcrumblist","itemListElement":[{"@type":"ListItem","@id":"https:\/\/www.eldigitaldeasturias.com\/noticias#listItem","position":1,"name":"Home","item":"https:\/\/www.eldigitaldeasturias.com\/noticias","nextItem":{"@type":"ListItem","@id":"https:\/\/www.eldigitaldeasturias.com\/noticias\/category\/sociedad\/#listItem","name":"Sociedad"}},{"@type":"ListItem","@id":"https:\/\/www.eldigitaldeasturias.com\/noticias\/category\/sociedad\/#listItem","position":2,"name":"Sociedad","item":"https:\/\/www.eldigitaldeasturias.com\/noticias\/category\/sociedad\/","nextItem":{"@type":"ListItem","@id":"https:\/\/www.eldigitaldeasturias.com\/noticias\/en-defensa-del-planeta-los-detalles-cuentan\/#listItem","name":"En defensa del planeta, los detalles cuentan"},"previousItem":{"@type":"ListItem","@id":"https:\/\/www.eldigitaldeasturias.com\/noticias#listItem","name":"Home"}},{"@type":"ListItem","@id":"https:\/\/www.eldigitaldeasturias.com\/noticias\/en-defensa-del-planeta-los-detalles-cuentan\/#listItem","position":3,"name":"En defensa del planeta, los detalles cuentan","previousItem":{"@type":"ListItem","@id":"https:\/\/www.eldigitaldeasturias.com\/noticias\/category\/sociedad\/#listItem","name":"Sociedad"}}]},{"@type":"Organization","@id":"https:\/\/www.eldigitaldeasturias.com\/noticias\/#organization","name":"El Digital de Asturias","description":"Hemeroteca","url":"https:\/\/www.eldigitaldeasturias.com\/noticias\/","email":"info@eldigitaldeasturias.com","telephone":"+34652131393","logo":{"@type":"ImageObject","url":"https:\/\/www.eldigitaldeasturias.com\/noticias\/wp-content\/uploads\/2020\/12\/EDA.jpg","@id":"https:\/\/www.eldigitaldeasturias.com\/noticias\/en-defensa-del-planeta-los-detalles-cuentan\/#organizationLogo"},"image":{"@id":"https:\/\/www.eldigitaldeasturias.com\/noticias\/en-defensa-del-planeta-los-detalles-cuentan\/#organizationLogo"},"sameAs":["https:\/\/facebook.com\/eldigitaldeasturias","https:\/\/www.youtube.com\/channel\/UCZP-2wLEB9Rv6erhFmqVnvg"],"address":{"@id":"https:\/\/www.eldigitaldeasturias.com\/noticias\/#postaladdress","@type":"PostalAddress","streetAddress":"san antonio 4","postalCode":"33430","addressLocality":"Cand\u00e1s","addressRegion":"Asturias","addressCountry":"ES"}},{"@type":"Person","@id":"https:\/\/www.eldigitaldeasturias.com\/noticias\/author\/admin\/#author","url":"https:\/\/www.eldigitaldeasturias.com\/noticias\/author\/admin\/","name":"El Digital de Asturias","image":{"@type":"ImageObject","@id":"https:\/\/www.eldigitaldeasturias.com\/noticias\/en-defensa-del-planeta-los-detalles-cuentan\/#authorImage","url":"https:\/\/secure.gravatar.com\/avatar\/df2aeffc32bcd13f8d26072ef8a91b623d677766deac7f97ca815868cd41bf5e?s=96&d=mm&r=g","width":96,"height":96,"caption":"El Digital de Asturias"}},{"@type":"WebPage","@id":"https:\/\/www.eldigitaldeasturias.com\/noticias\/en-defensa-del-planeta-los-detalles-cuentan\/#webpage","url":"https:\/\/www.eldigitaldeasturias.com\/noticias\/en-defensa-del-planeta-los-detalles-cuentan\/","name":"En defensa del planeta, los detalles cuentan - El Digital de Asturias","description":"Contar con una fuente de informaci\u00f3n fiable es el primer paso para conocer la realidad de una situaci\u00f3n cada vez m\u00e1s dram\u00e1tica ..","inLanguage":"es-ES","isPartOf":{"@id":"https:\/\/www.eldigitaldeasturias.com\/noticias\/#website"},"breadcrumb":{"@id":"https:\/\/www.eldigitaldeasturias.com\/noticias\/en-defensa-del-planeta-los-detalles-cuentan\/#breadcrumblist"},"author":{"@id":"https:\/\/www.eldigitaldeasturias.com\/noticias\/author\/admin\/#author"},"creator":{"@id":"https:\/\/www.eldigitaldeasturias.com\/noticias\/author\/admin\/#author"},"image":{"@type":"ImageObject","url":"https:\/\/www.eldigitaldeasturias.com\/noticias\/wp-content\/uploads\/2026\/06\/Contenidos.jpg","@id":"https:\/\/www.eldigitaldeasturias.com\/noticias\/en-defensa-del-planeta-los-detalles-cuentan\/#mainImage","width":1265,"height":697,"caption":"Contenidos"},"primaryImageOfPage":{"@id":"https:\/\/www.eldigitaldeasturias.com\/noticias\/en-defensa-del-planeta-los-detalles-cuentan\/#mainImage"},"datePublished":"2021-05-13T17:25:28+02:00","dateModified":"2021-05-13T17:25:28+02:00"},{"@type":"WebSite","@id":"https:\/\/www.eldigitaldeasturias.com\/noticias\/#website","url":"https:\/\/www.eldigitaldeasturias.com\/noticias\/","name":"El Digital de Asturias - Diario de actualidad y noticias","alternateName":"El Digital de Asturias - Diario de actualidad y noticias","description":"Hemeroteca","inLanguage":"es-ES","publisher":{"@id":"https:\/\/www.eldigitaldeasturias.com\/noticias\/#organization"}}]},"og:locale":"es_ES","og:site_name":"El Digital de Asturias","og:type":"article","og:title":"En defensa del planeta, los detalles cuentan - El Digital de Asturias","og:description":"Contar con una fuente de informaci\u00f3n fiable es el primer paso para conocer la realidad de una situaci\u00f3n cada vez m\u00e1s dram\u00e1tica ..","og:url":"https:\/\/www.eldigitaldeasturias.com\/noticias\/en-defensa-del-planeta-los-detalles-cuentan\/","og:image":"https:\/\/www.eldigitaldeasturias.com\/noticias\/wp-content\/uploads\/2026\/06\/Contenidos.jpg","og:image:secure_url":"https:\/\/www.eldigitaldeasturias.com\/noticias\/wp-content\/uploads\/2026\/06\/Contenidos.jpg","og:image:width":1265,"og:image:height":697,"article:tag":["sociedad"],"article:published_time":"2021-05-13T16:25:28+00:00","article:modified_time":"2021-05-13T16:25:28+00:00","article:publisher":"https:\/\/facebook.com\/eldigitaldeasturias","twitter:card":"summary_large_image","twitter:title":"En defensa del planeta, los detalles cuentan - El Digital de Asturias","twitter:description":"Contar con una fuente de informaci\u00f3n fiable es el primer paso para conocer la realidad de una situaci\u00f3n cada vez m\u00e1s dram\u00e1tica ..","twitter:image":"https:\/\/www.eldigitaldeasturias.com\/noticias\/wp-content\/uploads\/2026\/06\/Contenidos.jpg","twitter:label1":"Escrito por","twitter:data1":"El Digital de Asturias","twitter:label2":"Tiempo de lectura estimado","twitter:data2":"4 minutos"},"aioseo_meta_data":{"post_id":"1091573","title":null,"description":"Contar con una fuente de informaci\u00f3n fiable es el primer paso para conocer la realidad de una situaci\u00f3n cada vez m\u00e1s dram\u00e1tica ..","keywords":[],"keyphrases":{"focus":[],"additional":[]},"primary_term":null,"canonical_url":null,"og_title":null,"og_description":null,"og_object_type":"default","og_image_type":"default","og_image_url":null,"og_image_width":null,"og_image_height":null,"og_image_custom_url":null,"og_image_custom_fields":null,"og_video":"","og_custom_url":null,"og_article_section":null,"og_article_tags":[],"twitter_use_og":false,"twitter_card":"default","twitter_image_type":"default","twitter_image_url":null,"twitter_image_custom_url":null,"twitter_image_custom_fields":null,"twitter_title":null,"twitter_description":null,"schema":{"blockGraphs":[],"customGraphs":[],"default":{"data":{"Article":[],"Course":[],"Dataset":[],"FAQPage":[],"Movie":[],"Person":[],"Product":[],"ProductReview":[],"Car":[],"Recipe":[],"Service":[],"SoftwareApplication":[],"WebPage":[]},"graphName":"","isEnabled":true},"graphs":[],"defaultGraph":"Article","defaultPostTypeGraph":""},"schema_type":"default","schema_type_options":"{\"article\":{\"articleType\":\"BlogPosting\"},\"course\":{\"name\":\"\",\"description\":\"\",\"provider\":\"\"},\"faq\":{\"pages\":[]},\"product\":{\"reviews\":[]},\"recipe\":{\"ingredients\":[],\"instructions\":[],\"keywords\":[]},\"software\":{\"reviews\":[],\"operatingSystems\":[]},\"webPage\":{\"webPageType\":\"WebPage\"}}","pillar_content":false,"robots_default":true,"robots_noindex":false,"robots_noarchive":false,"robots_nosnippet":false,"robots_nofollow":false,"robots_noimageindex":false,"robots_noodp":false,"robots_notranslate":false,"robots_max_snippet":"-1","robots_max_videopreview":"-1","robots_max_imagepreview":"large","priority":null,"frequency":"default","local_seo":{"locations":{"business":{"name":"","businessType":"","image":"","areaServed":"","urls":{"website":"","aboutPage":"","contactPage":""},"address":{"streetLine1":"","streetLine2":"","zipCode":"","city":"","state":"","country":"","addressFormat":"#streetLineOne\n#streetLineTwo\n#city, #state #zipCode"},"contact":{"email":"","phone":"","phoneFormatted":"","fax":"","faxFormatted":""},"ids":{"vat":"","tax":"","chamberOfCommerce":""},"payment":{"priceRange":"","currenciesAccepted":"","methods":""}}},"openingHours":{"useDefaults":true,"show":true,"alwaysOpen":false,"use24hFormat":false,"timezone":"","labels":{"closed":"","alwaysOpen":""},"days":{"monday":{"open24h":false,"closed":false,"openTime":"09:00","closeTime":"17:00"},"tuesday":{"open24h":false,"closed":false,"openTime":"09:00","closeTime":"17:00"},"wednesday":{"open24h":false,"closed":false,"openTime":"09:00","closeTime":"17:00"},"thursday":{"open24h":false,"closed":false,"openTime":"09:00","closeTime":"17:00"},"friday":{"open24h":false,"closed":false,"openTime":"09:00","closeTime":"17:00"},"saturday":{"open24h":false,"closed":false,"openTime":"09:00","closeTime":"17:00"},"sunday":{"open24h":false,"closed":false,"openTime":"09:00","closeTime":"17:00"}}}},"seo_analyzer_scan_date":"2026-07-17 21:20:40","breadcrumb_settings":null,"limit_modified_date":false,"open_ai":null,"ai":null,"created":"2021-05-13 16:17:57","updated":"2026-07-17 21:20:40","focus_keyword":null,"additional_keywords":null,"truseo_locale":null},"aioseo_breadcrumb":"<div class=\"aioseo-breadcrumbs\"><span class=\"aioseo-breadcrumb\">\n\t<a href=\"https:\/\/www.eldigitaldeasturias.com\/noticias\" title=\"Home\">Home<\/a>\n<\/span><span class=\"aioseo-breadcrumb-separator\">\u2013<\/span><span class=\"aioseo-breadcrumb\">\n\t<a href=\"https:\/\/www.eldigitaldeasturias.com\/noticias\/category\/sociedad\/\" title=\"Sociedad\">Sociedad<\/a>\n<\/span><span class=\"aioseo-breadcrumb-separator\">\u2013<\/span><span class=\"aioseo-breadcrumb\">\n\t<a href=\"https:\/\/www.eldigitaldeasturias.com\/noticias\/en-defensa-del-planeta-los-detalles-cuentan\/\" title=\"En defensa del planeta, los detalles cuentan\">En defensa del planeta, los detalles cuentan<\/a>\n<\/span><\/div>","aioseo_breadcrumb_json":[{"label":"Home","link":"https:\/\/www.eldigitaldeasturias.com\/noticias"},{"label":"Sociedad","link":"https:\/\/www.eldigitaldeasturias.com\/noticias\/category\/sociedad\/"},{"label":"En defensa del planeta, los detalles cuentan","link":"https:\/\/www.eldigitaldeasturias.com\/noticias\/en-defensa-del-planeta-los-detalles-cuentan\/"}],"_links":{"self":[{"href":"https:\/\/www.eldigitaldeasturias.com\/noticias\/wp-json\/wp\/v2\/posts\/1091573","targetHints":{"allow":["GET"]}}],"collection":[{"href":"https:\/\/www.eldigitaldeasturias.com\/noticias\/wp-json\/wp\/v2\/posts"}],"about":[{"href":"https:\/\/www.eldigitaldeasturias.com\/noticias\/wp-json\/wp\/v2\/types\/post"}],"author":[{"embeddable":true,"href":"https:\/\/www.eldigitaldeasturias.com\/noticias\/wp-json\/wp\/v2\/users\/1"}],"replies":[{"embeddable":true,"href":"https:\/\/www.eldigitaldeasturias.com\/noticias\/wp-json\/wp\/v2\/comments?post=1091573"}],"version-history":[{"count":0,"href":"https:\/\/www.eldigitaldeasturias.com\/noticias\/wp-json\/wp\/v2\/posts\/1091573\/revisions"}],"wp:featuredmedia":[{"embeddable":true,"href":"https:\/\/www.eldigitaldeasturias.com\/noticias\/wp-json\/wp\/v2\/media\/1132184"}],"wp:attachment":[{"href":"https:\/\/www.eldigitaldeasturias.com\/noticias\/wp-json\/wp\/v2\/media?parent=1091573"}],"wp:term":[{"taxonomy":"category","embeddable":true,"href":"https:\/\/www.eldigitaldeasturias.com\/noticias\/wp-json\/wp\/v2\/categories?post=1091573"},{"taxonomy":"post_tag","embeddable":true,"href":"https:\/\/www.eldigitaldeasturias.com\/noticias\/wp-json\/wp\/v2\/tags?post=1091573"}],"curies":[{"name":"wp","href":"https:\/\/api.w.org\/{rel}","templated":true}]}}