{"id":1091564,"date":"2021-05-13T11:12:51","date_gmt":"2021-05-13T10:12:51","guid":{"rendered":"https:\/\/www.eldigitaldeasturias.com\/noticias\/?p=1091564"},"modified":"2021-05-13T11:12:51","modified_gmt":"2021-05-13T10:12:51","slug":"descubre-la-nutricosmetica-belleza-desde-el-interior","status":"publish","type":"post","link":"https:\/\/www.eldigitaldeasturias.com\/noticias\/descubre-la-nutricosmetica-belleza-desde-el-interior\/","title":{"rendered":"Descubre la Nutricosm\u00e9tica, belleza desde el interior"},"content":{"rendered":"<p><span style=\"font-weight: 400;\"><img loading=\"lazy\" decoding=\"async\" class=\"alignleft size-medium wp-image-1091565\" src=\"https:\/\/www.eldigitaldeasturias.com\/noticias\/wp-content\/uploads\/2021\/05\/Descubre-la-Nutricosmetica-360x239.jpg\" alt=\"Descubre la Nutricosm\u00e9tica\" width=\"360\" height=\"239\" \/>La salud f\u00edsica y mental ha sido, es y ser\u00e1, sin duda, una preocupaci\u00f3n constante en la vida del ser humano<\/span><\/p>\n<p><span style=\"font-weight: 400;\">La aplicaci\u00f3n de cremas antienvejecimiento, tratamientos capilares, mascarillas y dem\u00e1s, son algunos de los medios que utilizamos habitualmente para realzar nuestro aspecto f\u00edsico. Sin embargo, tenemos bastante tendencia a olvidarnos de que realmente la salud, es la verdadera responsable y encargada de regir completamente nuestro aspecto. Para que entiendas mejor la relaci\u00f3n, a continuaci\u00f3n ampliaremos informaci\u00f3n sobre c\u00f3mo influye la salud en tu belleza y sobre c\u00f3mo contribuye el seguir una dieta equilibrada para mantener un aspecto saludable, concretamente vamos a hablar de la <\/span><span style=\"color: #ff6600;\"><strong><a style=\"color: #ff6600;\" href=\"https:\/\/www.marnys.es\/magazine\/nutricosmetica-avanzada-presume-de-cabello-piel-y-unas\/\" target=\"_blank\" rel=\"nofollow noopener\">Nutricosm\u00e9tica<\/a><\/strong><\/span><span style=\"font-weight: 400;\">, de sus propiedades, de sus beneficios y de mucho m\u00e1s. \u00a1Acomp\u00e1\u00f1anos y te lo contaremos todo!<\/span><\/p>\n<h2><b><i>\u00bfQu\u00e9 es la nutricosm\u00e9tica?<\/i><\/b><\/h2>\n<p><span style=\"font-weight: 400;\">Comenzaremos definiendo qu\u00e9 se entiende por salud. Si atendemos a lo que dice la Organizaci\u00f3n Mundial de la Salud (OMS), \u00abla salud es un estado de completo bienestar f\u00edsico, mental y social\u00bb, en otras palabras:<\/span><i><span style=\"font-weight: 400;\"> para estar bien por fuera, debes estar bien por dentro.<\/span><\/i><\/p>\n<p><span style=\"font-weight: 400;\">\u00bfY c\u00f3mo se consigue esto? pues obviamente a trav\u00e9s de la nutricosm\u00e9tica.<\/span><\/p>\n<p><span style=\"font-weight: 400;\">La nutricosm\u00e9tica es una mezcla de cuidado peronal y alimentaci\u00f3n, a trav\u00e9s del consumo de productos de origen natural en forma de complementos alimenticios, cuyos principios activos act\u00faan directamente sobre la piel y el cabello avivando nuestra belleza y mimando nuestro aspecto<\/span><b>. <\/b><span style=\"font-weight: 400;\">Lo m\u00e1s significativo de todo es que a diferencia de la cosm\u00e9tica tradicional que act\u00faa en el exterior, la nutricosm\u00e9tica lo hace desde el interior de nuestro organismo, proyectando y potenciando su resultado hacia fuera.<\/span><\/p>\n<h2><b><i>Los nutricosm\u00e9ticos<\/i><\/b><\/h2>\n<p><span style=\"font-weight: 400;\">Cuando la alimentaci\u00f3n no nos resulta suficiente debido a factores como la edad o el estr\u00e9s, <\/span><i><span style=\"font-weight: 400;\">entran en escena<\/span><\/i><span style=\"font-weight: 400;\"> los nutricosm\u00e9ticos, complementos alimenticios cuyas f\u00f3rmulas basadas en micronutrientes naturales (vitaminas A, B, C y E) impulsan la formaci\u00f3n natural de elastina y col\u00e1geno contribuyendo a restablecer la elasticidad de la piel entre otras cosas.<\/span><\/p>\n<p><span style=\"font-weight: 400;\">Asimismo, tambi\u00e9n son ricos en amino\u00e1cidos y antioxidantes naturales que intervienen muy activamente en la reparaci\u00f3n y recuperaci\u00f3n del tejido cut\u00e1neo, rejuveneciendo la piel de forma extremadamente notoria.<\/span><\/p>\n<p><b><i>Sus m\u00faltiples beneficios<\/i><\/b><\/p>\n<p><span style=\"font-weight: 400;\">Antes de nada destacar, que al ser productos que se toman por v\u00eda oral, su efecto se conduce a trav\u00e9s de todo el cuerpo participando en profundidad, a diferencia de los productos de uso t\u00f3pico que solo inciden de forma local. Es decir, los nutrientes trabajan a nivel celular y sus resultados pueden observarse entre los 30 y 60 d\u00edas siguientes al inicio de la primera toma. Veamos a continuaci\u00f3n cu\u00e1les son sus bondades. \u00a1No te lo pierdas!<\/span><\/p>\n<ol>\n<li style=\"font-weight: 400;\" aria-level=\"1\"><span style=\"font-weight: 400;\">Reduce el envejecimiento prematuro y las huellas de la edad, gracias a sus potentes antioxidantes.<\/span><\/li>\n<li style=\"font-weight: 400;\" aria-level=\"1\"><span style=\"font-weight: 400;\">Tiene acci\u00f3n regeneradora en el cabello, disminuyendo y previniendo su ca\u00edda. \u00a1Di adi\u00f3s a los cabellos quebradizos!\u00a0<\/span><\/li>\n<li style=\"font-weight: 400;\" aria-level=\"1\"><span style=\"font-weight: 400;\">En cuanto a tus u\u00f1as, lucir\u00e1n brillantes y bien nutridas, adem\u00e1s de fortalecidas.<\/span><\/li>\n<li style=\"font-weight: 400;\" aria-level=\"1\"><span style=\"font-weight: 400;\">Asimismo, la nutricosm\u00e9tica posee acci\u00f3n antiinflamatoria y antiseborreica.<\/span><\/li>\n<li style=\"font-weight: 400;\" aria-level=\"1\"><span style=\"font-weight: 400;\">Igualmente, mejora los s\u00edntomas del eccema at\u00f3pico, la dermatitis y la psoriasis y acelera el bronceado. \u00a1Tu piel resplandecer\u00e1 radiante!<\/span><\/li>\n<\/ol>\n<p><span style=\"font-weight: 400;\">\u00a1Y lo mejor, todo ello de forma completamente natural!<\/span><\/p>\n<p><span style=\"font-weight: 400;\">Eso s\u00ed, a la hora de hacer uso de esta forma de vida, te recomendamos que solicites el asesoramiento de expertos profesionales altamente cualificados como los que puedes encontrar en la plataforma <\/span><b>www.marnys.es<\/b><span style=\"font-weight: 400;\">.<\/span><\/p>\n<h2><b><i>\u00bfQu\u00e9 es Marnys?<\/i><\/b><\/h2>\n<p><b>Marnys<\/b><span style=\"font-weight: 400;\">, es una empresa con m\u00e1s de 50 a\u00f1os de trayectoria profesional que surgi\u00f3 como una planta envasadora de miel y polen de abejas y que hoy en d\u00eda, conforma uno de los tres principales fabricantes de productos a base de jalea real y prop\u00f3leo del mundo. Adem\u00e1s, es el mayor fabricante de viales bebibles de Europa, as\u00ed como uno de los laboratorios m\u00e1s avanzados tecnol\u00f3gicamente del sector en todo lo largo y ancho del planeta. <\/span><b>Actualmente los Laboratorios MARNYS est\u00e1n desarrollando productos especializados de nutricosm\u00e9tica avanzada,<\/b><span style=\"font-weight: 400;\"> respaldados por su extraordinario equipo humano, constantemente actualizado en cuanto a formaci\u00f3n y tecnolog\u00eda punta se refiere.<\/span><\/p>\n<p><span style=\"font-weight: 400;\">Comprometidos con el entorno y el medio ambiente, abanderan la sostenibilidad y las causas sociales entre sus principales premisas y abogan por ofrecer a sus clientes los mejores productos de calidad existentes hoy por hoy en el mercado.<\/span><\/p>\n<p><span style=\"font-weight: 400;\">Si deseas ampliar informaci\u00f3n y contactar con ellos, puedes hacerlo sencillamente, con un solo clic a trav\u00e9s de su din\u00e1mica e intuitiva web. \u00a1Estar\u00e1n encantados de atenderte!<\/span><\/p>\n<p>&nbsp;<\/p>\n","protected":false},"excerpt":{"rendered":"<p>La salud f\u00edsica y mental ha sido, es y ser\u00e1, sin duda, una preocupaci\u00f3n constante en la vida del ser humano La aplicaci\u00f3n de cremas antienvejecimiento, tratamientos capilares, mascarillas y dem\u00e1s, son algunos de los medios que utilizamos habitualmente para realzar nuestro aspecto f\u00edsico. Sin embargo, tenemos bastante tendencia a olvidarnos de que realmente la [&hellip;]<\/p>\n","protected":false},"author":1,"featured_media":1132184,"comment_status":"closed","ping_status":"closed","sticky":false,"template":"","format":"standard","meta":{"footnotes":""},"categories":[28],"tags":[],"class_list":["post-1091564","post","type-post","status-publish","format-standard","has-post-thumbnail","hentry","category-sociedad"],"aioseo_notices":[],"aioseo_head":"\n\t\t<!-- All in One SEO Pro 5.0.1 - aioseo.com -->\n\t<meta name=\"description\" content=\"La aplicaci\u00f3n de cremas antienvejecimiento, tratamientos capilares, mascarillas y dem\u00e1s, son algunos de los medios que utilizamos habitualmente para realzar ..\" \/>\n\t<meta name=\"robots\" content=\"max-image-preview:large\" \/>\n\t<meta name=\"author\" content=\"El Digital de Asturias\"\/>\n\t<meta name=\"google-site-verification\" content=\"UA-38556648-1\" \/>\n\t<meta name=\"msvalidate.01\" content=\"7dfe9f3f1b24437ab69f4f2559babe99\" \/>\n\t<meta name=\"keywords\" content=\"sociedad\" \/>\n\t<link rel=\"canonical\" href=\"https:\/\/www.eldigitaldeasturias.com\/noticias\/descubre-la-nutricosmetica-belleza-desde-el-interior\/\" \/>\n\t<meta name=\"generator\" content=\"All in One SEO Pro (AIOSEO) 5.0.1\" \/>\n\t\t<meta property=\"og:locale\" content=\"es_ES\" \/>\n\t\t<meta property=\"og:site_name\" content=\"El Digital de Asturias\" \/>\n\t\t<meta property=\"og:type\" content=\"article\" \/>\n\t\t<meta property=\"og:title\" content=\"Descubre la Nutricosm\u00e9tica, belleza desde el interior - El Digital de Asturias\" \/>\n\t\t<meta property=\"og:description\" content=\"La aplicaci\u00f3n de cremas antienvejecimiento, tratamientos capilares, mascarillas y dem\u00e1s, son algunos de los medios que utilizamos habitualmente para realzar ..\" \/>\n\t\t<meta property=\"og:url\" content=\"https:\/\/www.eldigitaldeasturias.com\/noticias\/descubre-la-nutricosmetica-belleza-desde-el-interior\/\" \/>\n\t\t<meta property=\"og:image\" content=\"https:\/\/www.eldigitaldeasturias.com\/noticias\/wp-content\/uploads\/2026\/06\/Contenidos.jpg\" \/>\n\t\t<meta property=\"og:image:secure_url\" content=\"https:\/\/www.eldigitaldeasturias.com\/noticias\/wp-content\/uploads\/2026\/06\/Contenidos.jpg\" \/>\n\t\t<meta property=\"og:image:width\" content=\"1265\" \/>\n\t\t<meta property=\"og:image:height\" content=\"697\" \/>\n\t\t<meta property=\"article:tag\" content=\"sociedad\" \/>\n\t\t<meta property=\"article:published_time\" content=\"2021-05-13T10:12:51+00:00\" \/>\n\t\t<meta property=\"article:modified_time\" content=\"2021-05-13T10:12:51+00:00\" \/>\n\t\t<meta property=\"article:publisher\" content=\"https:\/\/facebook.com\/eldigitaldeasturias\" \/>\n\t\t<meta name=\"twitter:card\" content=\"summary_large_image\" \/>\n\t\t<meta name=\"twitter:title\" content=\"Descubre la Nutricosm\u00e9tica, belleza desde el interior - El Digital de Asturias\" \/>\n\t\t<meta name=\"twitter:description\" content=\"La aplicaci\u00f3n de cremas antienvejecimiento, tratamientos capilares, mascarillas y dem\u00e1s, son algunos de los medios que utilizamos habitualmente para realzar ..\" \/>\n\t\t<meta name=\"twitter:image\" content=\"https:\/\/www.eldigitaldeasturias.com\/noticias\/wp-content\/uploads\/2026\/06\/Contenidos.jpg\" \/>\n\t\t<meta name=\"twitter:label1\" content=\"Escrito por\" \/>\n\t\t<meta name=\"twitter:data1\" content=\"El Digital de Asturias\" \/>\n\t\t<meta name=\"twitter:label2\" content=\"Tiempo de lectura estimado\" \/>\n\t\t<meta name=\"twitter:data2\" content=\"4 minutos\" \/>\n\t\t<script type=\"application\/ld+json\" class=\"aioseo-schema\">\n\t\t\t{\"@context\":\"https:\\\/\\\/schema.org\",\"@graph\":[{\"@type\":\"BlogPosting\",\"@id\":\"https:\\\/\\\/www.eldigitaldeasturias.com\\\/noticias\\\/descubre-la-nutricosmetica-belleza-desde-el-interior\\\/#blogposting\",\"name\":\"Descubre la Nutricosm\\u00e9tica, belleza desde el interior - El Digital de Asturias\",\"headline\":\"Descubre la Nutricosm\\u00e9tica, belleza desde el interior\",\"author\":{\"@id\":\"https:\\\/\\\/www.eldigitaldeasturias.com\\\/noticias\\\/author\\\/admin\\\/#author\"},\"publisher\":{\"@id\":\"https:\\\/\\\/www.eldigitaldeasturias.com\\\/noticias\\\/#organization\"},\"image\":{\"@type\":\"ImageObject\",\"url\":\"https:\\\/\\\/www.eldigitaldeasturias.com\\\/noticias\\\/wp-content\\\/uploads\\\/2026\\\/06\\\/Contenidos.jpg\",\"width\":1265,\"height\":697,\"caption\":\"Contenidos\"},\"datePublished\":\"2021-05-13T11:12:51+02:00\",\"dateModified\":\"2021-05-13T11:12:51+02:00\",\"inLanguage\":\"es-ES\",\"mainEntityOfPage\":{\"@id\":\"https:\\\/\\\/www.eldigitaldeasturias.com\\\/noticias\\\/descubre-la-nutricosmetica-belleza-desde-el-interior\\\/#webpage\"},\"isPartOf\":{\"@id\":\"https:\\\/\\\/www.eldigitaldeasturias.com\\\/noticias\\\/descubre-la-nutricosmetica-belleza-desde-el-interior\\\/#webpage\"},\"articleSection\":\"Sociedad\"},{\"@type\":\"BreadcrumbList\",\"@id\":\"https:\\\/\\\/www.eldigitaldeasturias.com\\\/noticias\\\/descubre-la-nutricosmetica-belleza-desde-el-interior\\\/#breadcrumblist\",\"itemListElement\":[{\"@type\":\"ListItem\",\"@id\":\"https:\\\/\\\/www.eldigitaldeasturias.com\\\/noticias#listItem\",\"position\":1,\"name\":\"Home\",\"item\":\"https:\\\/\\\/www.eldigitaldeasturias.com\\\/noticias\",\"nextItem\":{\"@type\":\"ListItem\",\"@id\":\"https:\\\/\\\/www.eldigitaldeasturias.com\\\/noticias\\\/category\\\/sociedad\\\/#listItem\",\"name\":\"Sociedad\"}},{\"@type\":\"ListItem\",\"@id\":\"https:\\\/\\\/www.eldigitaldeasturias.com\\\/noticias\\\/category\\\/sociedad\\\/#listItem\",\"position\":2,\"name\":\"Sociedad\",\"item\":\"https:\\\/\\\/www.eldigitaldeasturias.com\\\/noticias\\\/category\\\/sociedad\\\/\",\"nextItem\":{\"@type\":\"ListItem\",\"@id\":\"https:\\\/\\\/www.eldigitaldeasturias.com\\\/noticias\\\/descubre-la-nutricosmetica-belleza-desde-el-interior\\\/#listItem\",\"name\":\"Descubre la Nutricosm\\u00e9tica, belleza desde el interior\"},\"previousItem\":{\"@type\":\"ListItem\",\"@id\":\"https:\\\/\\\/www.eldigitaldeasturias.com\\\/noticias#listItem\",\"name\":\"Home\"}},{\"@type\":\"ListItem\",\"@id\":\"https:\\\/\\\/www.eldigitaldeasturias.com\\\/noticias\\\/descubre-la-nutricosmetica-belleza-desde-el-interior\\\/#listItem\",\"position\":3,\"name\":\"Descubre la Nutricosm\\u00e9tica, belleza desde el interior\",\"previousItem\":{\"@type\":\"ListItem\",\"@id\":\"https:\\\/\\\/www.eldigitaldeasturias.com\\\/noticias\\\/category\\\/sociedad\\\/#listItem\",\"name\":\"Sociedad\"}}]},{\"@type\":\"Organization\",\"@id\":\"https:\\\/\\\/www.eldigitaldeasturias.com\\\/noticias\\\/#organization\",\"name\":\"El Digital de Asturias\",\"description\":\"Hemeroteca\",\"url\":\"https:\\\/\\\/www.eldigitaldeasturias.com\\\/noticias\\\/\",\"email\":\"info@eldigitaldeasturias.com\",\"telephone\":\"+34652131393\",\"logo\":{\"@type\":\"ImageObject\",\"url\":\"https:\\\/\\\/www.eldigitaldeasturias.com\\\/noticias\\\/wp-content\\\/uploads\\\/2020\\\/12\\\/EDA.jpg\",\"@id\":\"https:\\\/\\\/www.eldigitaldeasturias.com\\\/noticias\\\/descubre-la-nutricosmetica-belleza-desde-el-interior\\\/#organizationLogo\"},\"image\":{\"@id\":\"https:\\\/\\\/www.eldigitaldeasturias.com\\\/noticias\\\/descubre-la-nutricosmetica-belleza-desde-el-interior\\\/#organizationLogo\"},\"sameAs\":[\"https:\\\/\\\/facebook.com\\\/eldigitaldeasturias\",\"https:\\\/\\\/www.youtube.com\\\/channel\\\/UCZP-2wLEB9Rv6erhFmqVnvg\"],\"address\":{\"@id\":\"https:\\\/\\\/www.eldigitaldeasturias.com\\\/noticias\\\/#postaladdress\",\"@type\":\"PostalAddress\",\"streetAddress\":\"san antonio 4\",\"postalCode\":\"33430\",\"addressLocality\":\"Cand\\u00e1s\",\"addressRegion\":\"Asturias\",\"addressCountry\":\"ES\"}},{\"@type\":\"Person\",\"@id\":\"https:\\\/\\\/www.eldigitaldeasturias.com\\\/noticias\\\/author\\\/admin\\\/#author\",\"url\":\"https:\\\/\\\/www.eldigitaldeasturias.com\\\/noticias\\\/author\\\/admin\\\/\",\"name\":\"El Digital de Asturias\",\"image\":{\"@type\":\"ImageObject\",\"@id\":\"https:\\\/\\\/www.eldigitaldeasturias.com\\\/noticias\\\/descubre-la-nutricosmetica-belleza-desde-el-interior\\\/#authorImage\",\"url\":\"https:\\\/\\\/secure.gravatar.com\\\/avatar\\\/df2aeffc32bcd13f8d26072ef8a91b623d677766deac7f97ca815868cd41bf5e?s=96&d=mm&r=g\",\"width\":96,\"height\":96,\"caption\":\"El Digital de Asturias\"}},{\"@type\":\"WebPage\",\"@id\":\"https:\\\/\\\/www.eldigitaldeasturias.com\\\/noticias\\\/descubre-la-nutricosmetica-belleza-desde-el-interior\\\/#webpage\",\"url\":\"https:\\\/\\\/www.eldigitaldeasturias.com\\\/noticias\\\/descubre-la-nutricosmetica-belleza-desde-el-interior\\\/\",\"name\":\"Descubre la Nutricosm\\u00e9tica, belleza desde el interior - El Digital de Asturias\",\"description\":\"La aplicaci\\u00f3n de cremas antienvejecimiento, tratamientos capilares, mascarillas y dem\\u00e1s, son algunos de los medios que utilizamos habitualmente para realzar ..\",\"inLanguage\":\"es-ES\",\"isPartOf\":{\"@id\":\"https:\\\/\\\/www.eldigitaldeasturias.com\\\/noticias\\\/#website\"},\"breadcrumb\":{\"@id\":\"https:\\\/\\\/www.eldigitaldeasturias.com\\\/noticias\\\/descubre-la-nutricosmetica-belleza-desde-el-interior\\\/#breadcrumblist\"},\"author\":{\"@id\":\"https:\\\/\\\/www.eldigitaldeasturias.com\\\/noticias\\\/author\\\/admin\\\/#author\"},\"creator\":{\"@id\":\"https:\\\/\\\/www.eldigitaldeasturias.com\\\/noticias\\\/author\\\/admin\\\/#author\"},\"image\":{\"@type\":\"ImageObject\",\"url\":\"https:\\\/\\\/www.eldigitaldeasturias.com\\\/noticias\\\/wp-content\\\/uploads\\\/2026\\\/06\\\/Contenidos.jpg\",\"@id\":\"https:\\\/\\\/www.eldigitaldeasturias.com\\\/noticias\\\/descubre-la-nutricosmetica-belleza-desde-el-interior\\\/#mainImage\",\"width\":1265,\"height\":697,\"caption\":\"Contenidos\"},\"primaryImageOfPage\":{\"@id\":\"https:\\\/\\\/www.eldigitaldeasturias.com\\\/noticias\\\/descubre-la-nutricosmetica-belleza-desde-el-interior\\\/#mainImage\"},\"datePublished\":\"2021-05-13T11:12:51+02:00\",\"dateModified\":\"2021-05-13T11:12:51+02:00\"},{\"@type\":\"WebSite\",\"@id\":\"https:\\\/\\\/www.eldigitaldeasturias.com\\\/noticias\\\/#website\",\"url\":\"https:\\\/\\\/www.eldigitaldeasturias.com\\\/noticias\\\/\",\"name\":\"El Digital de Asturias - Diario de actualidad y noticias\",\"alternateName\":\"El Digital de Asturias - Diario de actualidad y noticias\",\"description\":\"Hemeroteca\",\"inLanguage\":\"es-ES\",\"publisher\":{\"@id\":\"https:\\\/\\\/www.eldigitaldeasturias.com\\\/noticias\\\/#organization\"}}]}\n\t\t<\/script>\n\t\t<!-- All in One SEO Pro -->\r\n\t\t<title>Descubre la Nutricosm\u00e9tica, belleza desde el interior - El Digital de Asturias<\/title>\n\n","aioseo_head_json":{"title":"Descubre la Nutricosm\u00e9tica, belleza desde el interior - El Digital de Asturias","description":"La aplicaci\u00f3n de cremas antienvejecimiento, tratamientos capilares, mascarillas y dem\u00e1s, son algunos de los medios que utilizamos habitualmente para realzar ..","canonical_url":"https:\/\/www.eldigitaldeasturias.com\/noticias\/descubre-la-nutricosmetica-belleza-desde-el-interior\/","robots":"max-image-preview:large","keywords":"sociedad","webmasterTools":{"google-site-verification":"UA-38556648-1","msvalidate.01":"7dfe9f3f1b24437ab69f4f2559babe99","miscellaneous":""},"schema":{"@context":"https:\/\/schema.org","@graph":[{"@type":"BlogPosting","@id":"https:\/\/www.eldigitaldeasturias.com\/noticias\/descubre-la-nutricosmetica-belleza-desde-el-interior\/#blogposting","name":"Descubre la Nutricosm\u00e9tica, belleza desde el interior - El Digital de Asturias","headline":"Descubre la Nutricosm\u00e9tica, belleza desde el interior","author":{"@id":"https:\/\/www.eldigitaldeasturias.com\/noticias\/author\/admin\/#author"},"publisher":{"@id":"https:\/\/www.eldigitaldeasturias.com\/noticias\/#organization"},"image":{"@type":"ImageObject","url":"https:\/\/www.eldigitaldeasturias.com\/noticias\/wp-content\/uploads\/2026\/06\/Contenidos.jpg","width":1265,"height":697,"caption":"Contenidos"},"datePublished":"2021-05-13T11:12:51+02:00","dateModified":"2021-05-13T11:12:51+02:00","inLanguage":"es-ES","mainEntityOfPage":{"@id":"https:\/\/www.eldigitaldeasturias.com\/noticias\/descubre-la-nutricosmetica-belleza-desde-el-interior\/#webpage"},"isPartOf":{"@id":"https:\/\/www.eldigitaldeasturias.com\/noticias\/descubre-la-nutricosmetica-belleza-desde-el-interior\/#webpage"},"articleSection":"Sociedad"},{"@type":"BreadcrumbList","@id":"https:\/\/www.eldigitaldeasturias.com\/noticias\/descubre-la-nutricosmetica-belleza-desde-el-interior\/#breadcrumblist","itemListElement":[{"@type":"ListItem","@id":"https:\/\/www.eldigitaldeasturias.com\/noticias#listItem","position":1,"name":"Home","item":"https:\/\/www.eldigitaldeasturias.com\/noticias","nextItem":{"@type":"ListItem","@id":"https:\/\/www.eldigitaldeasturias.com\/noticias\/category\/sociedad\/#listItem","name":"Sociedad"}},{"@type":"ListItem","@id":"https:\/\/www.eldigitaldeasturias.com\/noticias\/category\/sociedad\/#listItem","position":2,"name":"Sociedad","item":"https:\/\/www.eldigitaldeasturias.com\/noticias\/category\/sociedad\/","nextItem":{"@type":"ListItem","@id":"https:\/\/www.eldigitaldeasturias.com\/noticias\/descubre-la-nutricosmetica-belleza-desde-el-interior\/#listItem","name":"Descubre la Nutricosm\u00e9tica, belleza desde el interior"},"previousItem":{"@type":"ListItem","@id":"https:\/\/www.eldigitaldeasturias.com\/noticias#listItem","name":"Home"}},{"@type":"ListItem","@id":"https:\/\/www.eldigitaldeasturias.com\/noticias\/descubre-la-nutricosmetica-belleza-desde-el-interior\/#listItem","position":3,"name":"Descubre la Nutricosm\u00e9tica, belleza desde el interior","previousItem":{"@type":"ListItem","@id":"https:\/\/www.eldigitaldeasturias.com\/noticias\/category\/sociedad\/#listItem","name":"Sociedad"}}]},{"@type":"Organization","@id":"https:\/\/www.eldigitaldeasturias.com\/noticias\/#organization","name":"El Digital de Asturias","description":"Hemeroteca","url":"https:\/\/www.eldigitaldeasturias.com\/noticias\/","email":"info@eldigitaldeasturias.com","telephone":"+34652131393","logo":{"@type":"ImageObject","url":"https:\/\/www.eldigitaldeasturias.com\/noticias\/wp-content\/uploads\/2020\/12\/EDA.jpg","@id":"https:\/\/www.eldigitaldeasturias.com\/noticias\/descubre-la-nutricosmetica-belleza-desde-el-interior\/#organizationLogo"},"image":{"@id":"https:\/\/www.eldigitaldeasturias.com\/noticias\/descubre-la-nutricosmetica-belleza-desde-el-interior\/#organizationLogo"},"sameAs":["https:\/\/facebook.com\/eldigitaldeasturias","https:\/\/www.youtube.com\/channel\/UCZP-2wLEB9Rv6erhFmqVnvg"],"address":{"@id":"https:\/\/www.eldigitaldeasturias.com\/noticias\/#postaladdress","@type":"PostalAddress","streetAddress":"san antonio 4","postalCode":"33430","addressLocality":"Cand\u00e1s","addressRegion":"Asturias","addressCountry":"ES"}},{"@type":"Person","@id":"https:\/\/www.eldigitaldeasturias.com\/noticias\/author\/admin\/#author","url":"https:\/\/www.eldigitaldeasturias.com\/noticias\/author\/admin\/","name":"El Digital de Asturias","image":{"@type":"ImageObject","@id":"https:\/\/www.eldigitaldeasturias.com\/noticias\/descubre-la-nutricosmetica-belleza-desde-el-interior\/#authorImage","url":"https:\/\/secure.gravatar.com\/avatar\/df2aeffc32bcd13f8d26072ef8a91b623d677766deac7f97ca815868cd41bf5e?s=96&d=mm&r=g","width":96,"height":96,"caption":"El Digital de Asturias"}},{"@type":"WebPage","@id":"https:\/\/www.eldigitaldeasturias.com\/noticias\/descubre-la-nutricosmetica-belleza-desde-el-interior\/#webpage","url":"https:\/\/www.eldigitaldeasturias.com\/noticias\/descubre-la-nutricosmetica-belleza-desde-el-interior\/","name":"Descubre la Nutricosm\u00e9tica, belleza desde el interior - El Digital de Asturias","description":"La aplicaci\u00f3n de cremas antienvejecimiento, tratamientos capilares, mascarillas y dem\u00e1s, son algunos de los medios que utilizamos habitualmente para realzar ..","inLanguage":"es-ES","isPartOf":{"@id":"https:\/\/www.eldigitaldeasturias.com\/noticias\/#website"},"breadcrumb":{"@id":"https:\/\/www.eldigitaldeasturias.com\/noticias\/descubre-la-nutricosmetica-belleza-desde-el-interior\/#breadcrumblist"},"author":{"@id":"https:\/\/www.eldigitaldeasturias.com\/noticias\/author\/admin\/#author"},"creator":{"@id":"https:\/\/www.eldigitaldeasturias.com\/noticias\/author\/admin\/#author"},"image":{"@type":"ImageObject","url":"https:\/\/www.eldigitaldeasturias.com\/noticias\/wp-content\/uploads\/2026\/06\/Contenidos.jpg","@id":"https:\/\/www.eldigitaldeasturias.com\/noticias\/descubre-la-nutricosmetica-belleza-desde-el-interior\/#mainImage","width":1265,"height":697,"caption":"Contenidos"},"primaryImageOfPage":{"@id":"https:\/\/www.eldigitaldeasturias.com\/noticias\/descubre-la-nutricosmetica-belleza-desde-el-interior\/#mainImage"},"datePublished":"2021-05-13T11:12:51+02:00","dateModified":"2021-05-13T11:12:51+02:00"},{"@type":"WebSite","@id":"https:\/\/www.eldigitaldeasturias.com\/noticias\/#website","url":"https:\/\/www.eldigitaldeasturias.com\/noticias\/","name":"El Digital de Asturias - Diario de actualidad y noticias","alternateName":"El Digital de Asturias - Diario de actualidad y noticias","description":"Hemeroteca","inLanguage":"es-ES","publisher":{"@id":"https:\/\/www.eldigitaldeasturias.com\/noticias\/#organization"}}]},"og:locale":"es_ES","og:site_name":"El Digital de Asturias","og:type":"article","og:title":"Descubre la Nutricosm\u00e9tica, belleza desde el interior - El Digital de Asturias","og:description":"La aplicaci\u00f3n de cremas antienvejecimiento, tratamientos capilares, mascarillas y dem\u00e1s, son algunos de los medios que utilizamos habitualmente para realzar ..","og:url":"https:\/\/www.eldigitaldeasturias.com\/noticias\/descubre-la-nutricosmetica-belleza-desde-el-interior\/","og:image":"https:\/\/www.eldigitaldeasturias.com\/noticias\/wp-content\/uploads\/2026\/06\/Contenidos.jpg","og:image:secure_url":"https:\/\/www.eldigitaldeasturias.com\/noticias\/wp-content\/uploads\/2026\/06\/Contenidos.jpg","og:image:width":1265,"og:image:height":697,"article:tag":["sociedad"],"article:published_time":"2021-05-13T10:12:51+00:00","article:modified_time":"2021-05-13T10:12:51+00:00","article:publisher":"https:\/\/facebook.com\/eldigitaldeasturias","twitter:card":"summary_large_image","twitter:title":"Descubre la Nutricosm\u00e9tica, belleza desde el interior - El Digital de Asturias","twitter:description":"La aplicaci\u00f3n de cremas antienvejecimiento, tratamientos capilares, mascarillas y dem\u00e1s, son algunos de los medios que utilizamos habitualmente para realzar ..","twitter:image":"https:\/\/www.eldigitaldeasturias.com\/noticias\/wp-content\/uploads\/2026\/06\/Contenidos.jpg","twitter:label1":"Escrito por","twitter:data1":"El Digital de Asturias","twitter:label2":"Tiempo de lectura estimado","twitter:data2":"4 minutos"},"aioseo_meta_data":{"post_id":"1091564","title":null,"description":"La aplicaci\u00f3n de cremas antienvejecimiento, tratamientos capilares, mascarillas y dem\u00e1s, son algunos de los medios que utilizamos habitualmente para realzar ..","keywords":[],"keyphrases":{"focus":[],"additional":[]},"primary_term":null,"canonical_url":null,"og_title":null,"og_description":null,"og_object_type":"default","og_image_type":"default","og_image_url":null,"og_image_width":null,"og_image_height":null,"og_image_custom_url":null,"og_image_custom_fields":null,"og_video":"","og_custom_url":null,"og_article_section":null,"og_article_tags":[],"twitter_use_og":false,"twitter_card":"default","twitter_image_type":"default","twitter_image_url":null,"twitter_image_custom_url":null,"twitter_image_custom_fields":null,"twitter_title":null,"twitter_description":null,"schema":{"blockGraphs":[],"customGraphs":[],"default":{"data":{"Article":[],"Course":[],"Dataset":[],"FAQPage":[],"Movie":[],"Person":[],"Product":[],"ProductReview":[],"Car":[],"Recipe":[],"Service":[],"SoftwareApplication":[],"WebPage":[]},"graphName":"","isEnabled":true},"graphs":[]},"schema_type":"default","schema_type_options":"{\"article\":{\"articleType\":\"BlogPosting\"},\"course\":{\"name\":\"\",\"description\":\"\",\"provider\":\"\"},\"faq\":{\"pages\":[]},\"product\":{\"reviews\":[]},\"recipe\":{\"ingredients\":[],\"instructions\":[],\"keywords\":[]},\"software\":{\"reviews\":[],\"operatingSystems\":[]},\"webPage\":{\"webPageType\":\"WebPage\"}}","pillar_content":false,"robots_default":true,"robots_noindex":false,"robots_noarchive":false,"robots_nosnippet":false,"robots_nofollow":false,"robots_noimageindex":false,"robots_noodp":false,"robots_notranslate":false,"robots_max_snippet":"-1","robots_max_videopreview":"-1","robots_max_imagepreview":"large","priority":null,"frequency":"default","local_seo":{"locations":{"business":{"name":"","businessType":"","image":"","areaServed":"","urls":{"website":"","aboutPage":"","contactPage":""},"address":{"streetLine1":"","streetLine2":"","zipCode":"","city":"","state":"","country":"","addressFormat":"#streetLineOne\n#streetLineTwo\n#city, #state #zipCode"},"contact":{"email":"","phone":"","phoneFormatted":"","fax":"","faxFormatted":""},"ids":{"vat":"","tax":"","chamberOfCommerce":""},"payment":{"priceRange":"","currenciesAccepted":"","methods":""}}},"openingHours":{"useDefaults":true,"show":true,"alwaysOpen":false,"use24hFormat":false,"timezone":"","labels":{"closed":"","alwaysOpen":""},"days":{"monday":{"open24h":false,"closed":false,"openTime":"09:00","closeTime":"17:00"},"tuesday":{"open24h":false,"closed":false,"openTime":"09:00","closeTime":"17:00"},"wednesday":{"open24h":false,"closed":false,"openTime":"09:00","closeTime":"17:00"},"thursday":{"open24h":false,"closed":false,"openTime":"09:00","closeTime":"17:00"},"friday":{"open24h":false,"closed":false,"openTime":"09:00","closeTime":"17:00"},"saturday":{"open24h":false,"closed":false,"openTime":"09:00","closeTime":"17:00"},"sunday":{"open24h":false,"closed":false,"openTime":"09:00","closeTime":"17:00"}}}},"seo_analyzer_scan_date":"2026-07-17 21:17:31","breadcrumb_settings":null,"limit_modified_date":false,"open_ai":null,"ai":null,"created":"2021-05-13 09:56:51","updated":"2026-07-17 21:17:31","focus_keyword":null,"additional_keywords":null,"truseo_locale":null},"aioseo_breadcrumb":"<div class=\"aioseo-breadcrumbs\"><span class=\"aioseo-breadcrumb\">\n\t<a href=\"https:\/\/www.eldigitaldeasturias.com\/noticias\" title=\"Home\">Home<\/a>\n<\/span><span class=\"aioseo-breadcrumb-separator\">\u2013<\/span><span class=\"aioseo-breadcrumb\">\n\t<a href=\"https:\/\/www.eldigitaldeasturias.com\/noticias\/category\/sociedad\/\" title=\"Sociedad\">Sociedad<\/a>\n<\/span><span class=\"aioseo-breadcrumb-separator\">\u2013<\/span><span class=\"aioseo-breadcrumb\">\n\t<a href=\"https:\/\/www.eldigitaldeasturias.com\/noticias\/descubre-la-nutricosmetica-belleza-desde-el-interior\/\" title=\"Descubre la Nutricosm\u00e9tica, belleza desde el interior\">Descubre la Nutricosm\u00e9tica, belleza desde el interior<\/a>\n<\/span><\/div>","aioseo_breadcrumb_json":[{"label":"Home","link":"https:\/\/www.eldigitaldeasturias.com\/noticias"},{"label":"Sociedad","link":"https:\/\/www.eldigitaldeasturias.com\/noticias\/category\/sociedad\/"},{"label":"Descubre la Nutricosm\u00e9tica, belleza desde el interior","link":"https:\/\/www.eldigitaldeasturias.com\/noticias\/descubre-la-nutricosmetica-belleza-desde-el-interior\/"}],"_links":{"self":[{"href":"https:\/\/www.eldigitaldeasturias.com\/noticias\/wp-json\/wp\/v2\/posts\/1091564","targetHints":{"allow":["GET"]}}],"collection":[{"href":"https:\/\/www.eldigitaldeasturias.com\/noticias\/wp-json\/wp\/v2\/posts"}],"about":[{"href":"https:\/\/www.eldigitaldeasturias.com\/noticias\/wp-json\/wp\/v2\/types\/post"}],"author":[{"embeddable":true,"href":"https:\/\/www.eldigitaldeasturias.com\/noticias\/wp-json\/wp\/v2\/users\/1"}],"replies":[{"embeddable":true,"href":"https:\/\/www.eldigitaldeasturias.com\/noticias\/wp-json\/wp\/v2\/comments?post=1091564"}],"version-history":[{"count":0,"href":"https:\/\/www.eldigitaldeasturias.com\/noticias\/wp-json\/wp\/v2\/posts\/1091564\/revisions"}],"wp:featuredmedia":[{"embeddable":true,"href":"https:\/\/www.eldigitaldeasturias.com\/noticias\/wp-json\/wp\/v2\/media\/1132184"}],"wp:attachment":[{"href":"https:\/\/www.eldigitaldeasturias.com\/noticias\/wp-json\/wp\/v2\/media?parent=1091564"}],"wp:term":[{"taxonomy":"category","embeddable":true,"href":"https:\/\/www.eldigitaldeasturias.com\/noticias\/wp-json\/wp\/v2\/categories?post=1091564"},{"taxonomy":"post_tag","embeddable":true,"href":"https:\/\/www.eldigitaldeasturias.com\/noticias\/wp-json\/wp\/v2\/tags?post=1091564"}],"curies":[{"name":"wp","href":"https:\/\/api.w.org\/{rel}","templated":true}]}}