{"id":1091524,"date":"2021-05-12T15:05:41","date_gmt":"2021-05-12T14:05:41","guid":{"rendered":"https:\/\/www.eldigitaldeasturias.com\/noticias\/?p=1091524"},"modified":"2021-05-12T15:05:41","modified_gmt":"2021-05-12T14:05:41","slug":"m-clan-y-factoria-norte-en-el-teatro-de-la-laboral","status":"publish","type":"post","link":"https:\/\/www.eldigitaldeasturias.com\/noticias\/m-clan-y-factoria-norte-en-el-teatro-de-la-laboral\/","title":{"rendered":"M Clan y Factor\u00eda Norte en el Teatro de la Laboral"},"content":{"rendered":"<p><img loading=\"lazy\" decoding=\"async\" class=\"alignleft size-medium wp-image-1040878\" src=\"https:\/\/www.eldigitaldeasturias.com\/noticias\/wp-content\/uploads\/2019\/09\/Laboral-Gijon-360x247.jpg\" alt=\"\" width=\"360\" height=\"247\" \/>El Teatro de la Laboral acoge esta semana el concierto de <em>M Clan y el espect\u00e1culo Las piripiripiratas con parches y a lo loco\u2026 y con faldas que no es poco<\/em> de Factor\u00eda Norte.<\/p>\n<p><strong>M Clan actuar\u00e1 el s\u00e1bado 15 de mayo<\/strong>, a las 19:30 horas, en el Teatro de la Laboral. Carlos Tarque y Ricardo Ruip\u00e9rez se presentan en una gira \u00edntima, sin la compa\u00f1\u00eda de su habitual banda, en un concierto en el que repasar\u00e1n temas seleccionados de todo su repertorio en formato ac\u00fastico, una ocasi\u00f3n excepcional para escuchar sus cl\u00e1sicos reinterpretados con un matiz diferente.<\/p>\n<p>El domingo 16 de mayo, a las 17:30 horas, ser\u00e1 el turno del teatro para p\u00fablico familiar con Factor\u00eda Norte, que representar\u00e1 Las piripiripiratas con parches y a lo loco\u2026 y con faldas que no es poco. En este espect\u00e1culo, una intr\u00e9pida grumete y una capitana aventurera inician un viaje en busca de un tesoro, pero cualquier distracci\u00f3n les hace perder el rumbo y tendr\u00e1n que realizar diferentes pruebas para volver a encontrar la direcci\u00f3n correcta. Durante la traves\u00eda se convertir\u00e1n en grandes aliadas y amigas, una camarader\u00eda que les ayudar\u00e1 a vencer miedos y afrontar nuevos retos en una loca aventura con bailes, canciones y mucha comicidad.<\/p>\n<p>Para p\u00fablico a partir de 14 a\u00f1os tambi\u00e9n se ofrece un taller literario de ciencia ficci\u00f3n, fantas\u00eda y terror en llingua asturiana con Ediciones Radagast, en el que se realizar\u00e1n ejercicios pr\u00e1cticos o creaciones literarias el s\u00e1bado 15 de mayo, de 11:00 a 14:00 y de 16:00 a 19:00 horas<\/p>\n<p><strong>Adem\u00e1s, de la mano de Laboral Cinemateca llega, el viernes 14, la coproducci\u00f3n hispano-mexicana La mami,<\/strong> un emotivo relato social y humano de la vida en un burdel de M\u00e9xico firmado por Laura Herero Garv\u00edn. Adem\u00e1s, el s\u00e1bado 15 de mayo podr\u00e1 verse la \u00f3pera prima de Guillermo Benet Los inocentes, pel\u00edcula que recibi\u00f3 una menci\u00f3n especial en el pasado Festival de Sevilla, y el domingo 16, una selecci\u00f3n de cortometrajes de Animaci\u00f3n Internacional, que incluye algunas obras incontestables de la pasada d\u00e9cada. Todas las proyecciones tendr\u00e1n lugar a las 19:00 horas en el Paraninfo.<\/p>\n<p>&nbsp;<\/p>\n<p>&nbsp;<\/p>\n","protected":false},"excerpt":{"rendered":"<p>El Teatro de la Laboral acoge esta semana el concierto de M Clan y el espect\u00e1culo Las piripiripiratas con parches y a lo loco\u2026 y con faldas que no es poco de Factor\u00eda Norte. M Clan actuar\u00e1 el s\u00e1bado 15 de mayo, a las 19:30 horas, en el Teatro de la Laboral. Carlos Tarque y [&hellip;]<\/p>\n","protected":false},"author":1,"featured_media":1040878,"comment_status":"closed","ping_status":"closed","sticky":false,"template":"","format":"standard","meta":{"footnotes":""},"categories":[2],"tags":[],"class_list":["post-1091524","post","type-post","status-publish","format-standard","has-post-thumbnail","hentry","category-agenda"],"aioseo_notices":[],"aioseo_head":"\n\t\t<!-- All in One SEO Pro 5.0.1 - aioseo.com -->\n\t<meta name=\"description\" content=\"El Teatro de la Laboral acoge esta semana el concierto de M Clan y el espect\u00e1culo Las piripiripiratas con parches y a lo loco\u2026 y con faldas que no es poco ..\" \/>\n\t<meta name=\"robots\" content=\"max-image-preview:large\" \/>\n\t<meta name=\"author\" content=\"El Digital de Asturias\"\/>\n\t<meta name=\"google-site-verification\" content=\"UA-38556648-1\" \/>\n\t<meta name=\"msvalidate.01\" content=\"7dfe9f3f1b24437ab69f4f2559babe99\" \/>\n\t<meta name=\"keywords\" content=\"agenda\" \/>\n\t<link rel=\"canonical\" href=\"https:\/\/www.eldigitaldeasturias.com\/noticias\/m-clan-y-factoria-norte-en-el-teatro-de-la-laboral\/\" \/>\n\t<meta name=\"generator\" content=\"All in One SEO Pro (AIOSEO) 5.0.1\" \/>\n\t\t<meta property=\"og:locale\" content=\"es_ES\" \/>\n\t\t<meta property=\"og:site_name\" content=\"El Digital de Asturias\" \/>\n\t\t<meta property=\"og:type\" content=\"article\" \/>\n\t\t<meta property=\"og:title\" content=\"M Clan y Factor\u00eda Norte en el Teatro de la Laboral - El Digital de Asturias\" \/>\n\t\t<meta property=\"og:description\" content=\"El Teatro de la Laboral acoge esta semana el concierto de M Clan y el espect\u00e1culo Las piripiripiratas con parches y a lo loco\u2026 y con faldas que no es poco ..\" \/>\n\t\t<meta property=\"og:url\" content=\"https:\/\/www.eldigitaldeasturias.com\/noticias\/m-clan-y-factoria-norte-en-el-teatro-de-la-laboral\/\" \/>\n\t\t<meta property=\"article:tag\" content=\"agenda\" \/>\n\t\t<meta property=\"article:published_time\" content=\"2021-05-12T14:05:41+00:00\" \/>\n\t\t<meta property=\"article:modified_time\" content=\"2021-05-12T14:05:41+00:00\" \/>\n\t\t<meta property=\"article:publisher\" content=\"https:\/\/facebook.com\/eldigitaldeasturias\" \/>\n\t\t<meta name=\"twitter:card\" content=\"summary_large_image\" \/>\n\t\t<meta name=\"twitter:title\" content=\"M Clan y Factor\u00eda Norte en el Teatro de la Laboral - El Digital de Asturias\" \/>\n\t\t<meta name=\"twitter:description\" content=\"El Teatro de la Laboral acoge esta semana el concierto de M Clan y el espect\u00e1culo Las piripiripiratas con parches y a lo loco\u2026 y con faldas que no es poco ..\" \/>\n\t\t<meta name=\"twitter:image\" content=\"https:\/\/www.eldigitaldeasturias.com\/noticias\/wp-content\/uploads\/2020\/12\/EDA-1.jpg\" \/>\n\t\t<meta name=\"twitter:label1\" content=\"Escrito por\" \/>\n\t\t<meta name=\"twitter:data1\" content=\"El Digital de Asturias\" \/>\n\t\t<meta name=\"twitter:label2\" content=\"Tiempo de lectura estimado\" \/>\n\t\t<meta name=\"twitter:data2\" content=\"2 minutos\" \/>\n\t\t<script type=\"application\/ld+json\" class=\"aioseo-schema\">\n\t\t\t{\"@context\":\"https:\\\/\\\/schema.org\",\"@graph\":[{\"@type\":\"BlogPosting\",\"@id\":\"https:\\\/\\\/www.eldigitaldeasturias.com\\\/noticias\\\/m-clan-y-factoria-norte-en-el-teatro-de-la-laboral\\\/#blogposting\",\"name\":\"M Clan y Factor\\u00eda Norte en el Teatro de la Laboral - El Digital de Asturias\",\"headline\":\"M Clan y Factor\\u00eda Norte en el Teatro de la Laboral\",\"author\":{\"@id\":\"https:\\\/\\\/www.eldigitaldeasturias.com\\\/noticias\\\/author\\\/admin\\\/#author\"},\"publisher\":{\"@id\":\"https:\\\/\\\/www.eldigitaldeasturias.com\\\/noticias\\\/#organization\"},\"image\":{\"@type\":\"ImageObject\",\"url\":1040878},\"datePublished\":\"2021-05-12T15:05:41+02:00\",\"dateModified\":\"2021-05-12T15:05:41+02:00\",\"inLanguage\":\"es-ES\",\"mainEntityOfPage\":{\"@id\":\"https:\\\/\\\/www.eldigitaldeasturias.com\\\/noticias\\\/m-clan-y-factoria-norte-en-el-teatro-de-la-laboral\\\/#webpage\"},\"isPartOf\":{\"@id\":\"https:\\\/\\\/www.eldigitaldeasturias.com\\\/noticias\\\/m-clan-y-factoria-norte-en-el-teatro-de-la-laboral\\\/#webpage\"},\"articleSection\":\"Agenda\"},{\"@type\":\"BreadcrumbList\",\"@id\":\"https:\\\/\\\/www.eldigitaldeasturias.com\\\/noticias\\\/m-clan-y-factoria-norte-en-el-teatro-de-la-laboral\\\/#breadcrumblist\",\"itemListElement\":[{\"@type\":\"ListItem\",\"@id\":\"https:\\\/\\\/www.eldigitaldeasturias.com\\\/noticias#listItem\",\"position\":1,\"name\":\"Home\",\"item\":\"https:\\\/\\\/www.eldigitaldeasturias.com\\\/noticias\",\"nextItem\":{\"@type\":\"ListItem\",\"@id\":\"https:\\\/\\\/www.eldigitaldeasturias.com\\\/noticias\\\/category\\\/agenda\\\/#listItem\",\"name\":\"Agenda\"}},{\"@type\":\"ListItem\",\"@id\":\"https:\\\/\\\/www.eldigitaldeasturias.com\\\/noticias\\\/category\\\/agenda\\\/#listItem\",\"position\":2,\"name\":\"Agenda\",\"item\":\"https:\\\/\\\/www.eldigitaldeasturias.com\\\/noticias\\\/category\\\/agenda\\\/\",\"nextItem\":{\"@type\":\"ListItem\",\"@id\":\"https:\\\/\\\/www.eldigitaldeasturias.com\\\/noticias\\\/m-clan-y-factoria-norte-en-el-teatro-de-la-laboral\\\/#listItem\",\"name\":\"M Clan y Factor\\u00eda Norte en el Teatro de la Laboral\"},\"previousItem\":{\"@type\":\"ListItem\",\"@id\":\"https:\\\/\\\/www.eldigitaldeasturias.com\\\/noticias#listItem\",\"name\":\"Home\"}},{\"@type\":\"ListItem\",\"@id\":\"https:\\\/\\\/www.eldigitaldeasturias.com\\\/noticias\\\/m-clan-y-factoria-norte-en-el-teatro-de-la-laboral\\\/#listItem\",\"position\":3,\"name\":\"M Clan y Factor\\u00eda Norte en el Teatro de la Laboral\",\"previousItem\":{\"@type\":\"ListItem\",\"@id\":\"https:\\\/\\\/www.eldigitaldeasturias.com\\\/noticias\\\/category\\\/agenda\\\/#listItem\",\"name\":\"Agenda\"}}]},{\"@type\":\"Organization\",\"@id\":\"https:\\\/\\\/www.eldigitaldeasturias.com\\\/noticias\\\/#organization\",\"name\":\"El Digital de Asturias\",\"description\":\"Hemeroteca\",\"url\":\"https:\\\/\\\/www.eldigitaldeasturias.com\\\/noticias\\\/\",\"email\":\"info@eldigitaldeasturias.com\",\"telephone\":\"+34652131393\",\"logo\":{\"@type\":\"ImageObject\",\"url\":\"https:\\\/\\\/www.eldigitaldeasturias.com\\\/noticias\\\/wp-content\\\/uploads\\\/2020\\\/12\\\/EDA.jpg\",\"@id\":\"https:\\\/\\\/www.eldigitaldeasturias.com\\\/noticias\\\/m-clan-y-factoria-norte-en-el-teatro-de-la-laboral\\\/#organizationLogo\"},\"image\":{\"@id\":\"https:\\\/\\\/www.eldigitaldeasturias.com\\\/noticias\\\/m-clan-y-factoria-norte-en-el-teatro-de-la-laboral\\\/#organizationLogo\"},\"sameAs\":[\"https:\\\/\\\/facebook.com\\\/eldigitaldeasturias\",\"https:\\\/\\\/www.youtube.com\\\/channel\\\/UCZP-2wLEB9Rv6erhFmqVnvg\"],\"address\":{\"@id\":\"https:\\\/\\\/www.eldigitaldeasturias.com\\\/noticias\\\/#postaladdress\",\"@type\":\"PostalAddress\",\"streetAddress\":\"san antonio 4\",\"postalCode\":\"33430\",\"addressLocality\":\"Cand\\u00e1s\",\"addressRegion\":\"Asturias\",\"addressCountry\":\"ES\"}},{\"@type\":\"Person\",\"@id\":\"https:\\\/\\\/www.eldigitaldeasturias.com\\\/noticias\\\/author\\\/admin\\\/#author\",\"url\":\"https:\\\/\\\/www.eldigitaldeasturias.com\\\/noticias\\\/author\\\/admin\\\/\",\"name\":\"El Digital de Asturias\",\"image\":{\"@type\":\"ImageObject\",\"@id\":\"https:\\\/\\\/www.eldigitaldeasturias.com\\\/noticias\\\/m-clan-y-factoria-norte-en-el-teatro-de-la-laboral\\\/#authorImage\",\"url\":\"https:\\\/\\\/secure.gravatar.com\\\/avatar\\\/df2aeffc32bcd13f8d26072ef8a91b623d677766deac7f97ca815868cd41bf5e?s=96&d=mm&r=g\",\"width\":96,\"height\":96,\"caption\":\"El Digital de Asturias\"}},{\"@type\":\"WebPage\",\"@id\":\"https:\\\/\\\/www.eldigitaldeasturias.com\\\/noticias\\\/m-clan-y-factoria-norte-en-el-teatro-de-la-laboral\\\/#webpage\",\"url\":\"https:\\\/\\\/www.eldigitaldeasturias.com\\\/noticias\\\/m-clan-y-factoria-norte-en-el-teatro-de-la-laboral\\\/\",\"name\":\"M Clan y Factor\\u00eda Norte en el Teatro de la Laboral - El Digital de Asturias\",\"description\":\"El Teatro de la Laboral acoge esta semana el concierto de M Clan y el espect\\u00e1culo Las piripiripiratas con parches y a lo loco\\u2026 y con faldas que no es poco ..\",\"inLanguage\":\"es-ES\",\"isPartOf\":{\"@id\":\"https:\\\/\\\/www.eldigitaldeasturias.com\\\/noticias\\\/#website\"},\"breadcrumb\":{\"@id\":\"https:\\\/\\\/www.eldigitaldeasturias.com\\\/noticias\\\/m-clan-y-factoria-norte-en-el-teatro-de-la-laboral\\\/#breadcrumblist\"},\"author\":{\"@id\":\"https:\\\/\\\/www.eldigitaldeasturias.com\\\/noticias\\\/author\\\/admin\\\/#author\"},\"creator\":{\"@id\":\"https:\\\/\\\/www.eldigitaldeasturias.com\\\/noticias\\\/author\\\/admin\\\/#author\"},\"image\":{\"@type\":\"ImageObject\",\"url\":1040878,\"@id\":\"https:\\\/\\\/www.eldigitaldeasturias.com\\\/noticias\\\/m-clan-y-factoria-norte-en-el-teatro-de-la-laboral\\\/#mainImage\"},\"primaryImageOfPage\":{\"@id\":\"https:\\\/\\\/www.eldigitaldeasturias.com\\\/noticias\\\/m-clan-y-factoria-norte-en-el-teatro-de-la-laboral\\\/#mainImage\"},\"datePublished\":\"2021-05-12T15:05:41+02:00\",\"dateModified\":\"2021-05-12T15:05:41+02:00\"},{\"@type\":\"WebSite\",\"@id\":\"https:\\\/\\\/www.eldigitaldeasturias.com\\\/noticias\\\/#website\",\"url\":\"https:\\\/\\\/www.eldigitaldeasturias.com\\\/noticias\\\/\",\"name\":\"El Digital de Asturias - Diario de actualidad y noticias\",\"alternateName\":\"El Digital de Asturias - Diario de actualidad y noticias\",\"description\":\"Hemeroteca\",\"inLanguage\":\"es-ES\",\"publisher\":{\"@id\":\"https:\\\/\\\/www.eldigitaldeasturias.com\\\/noticias\\\/#organization\"}}]}\n\t\t<\/script>\n\t\t<!-- All in One SEO Pro -->\r\n\t\t<title>M Clan y Factor\u00eda Norte en el Teatro de la Laboral - El Digital de Asturias<\/title>\n\n","aioseo_head_json":{"title":"M Clan y Factor\u00eda Norte en el Teatro de la Laboral - El Digital de Asturias","description":"El Teatro de la Laboral acoge esta semana el concierto de M Clan y el espect\u00e1culo Las piripiripiratas con parches y a lo loco\u2026 y con faldas que no es poco ..","canonical_url":"https:\/\/www.eldigitaldeasturias.com\/noticias\/m-clan-y-factoria-norte-en-el-teatro-de-la-laboral\/","robots":"max-image-preview:large","keywords":"agenda","webmasterTools":{"google-site-verification":"UA-38556648-1","msvalidate.01":"7dfe9f3f1b24437ab69f4f2559babe99","miscellaneous":""},"schema":{"@context":"https:\/\/schema.org","@graph":[{"@type":"BlogPosting","@id":"https:\/\/www.eldigitaldeasturias.com\/noticias\/m-clan-y-factoria-norte-en-el-teatro-de-la-laboral\/#blogposting","name":"M Clan y Factor\u00eda Norte en el Teatro de la Laboral - El Digital de Asturias","headline":"M Clan y Factor\u00eda Norte en el Teatro de la Laboral","author":{"@id":"https:\/\/www.eldigitaldeasturias.com\/noticias\/author\/admin\/#author"},"publisher":{"@id":"https:\/\/www.eldigitaldeasturias.com\/noticias\/#organization"},"image":{"@type":"ImageObject","url":1040878},"datePublished":"2021-05-12T15:05:41+02:00","dateModified":"2021-05-12T15:05:41+02:00","inLanguage":"es-ES","mainEntityOfPage":{"@id":"https:\/\/www.eldigitaldeasturias.com\/noticias\/m-clan-y-factoria-norte-en-el-teatro-de-la-laboral\/#webpage"},"isPartOf":{"@id":"https:\/\/www.eldigitaldeasturias.com\/noticias\/m-clan-y-factoria-norte-en-el-teatro-de-la-laboral\/#webpage"},"articleSection":"Agenda"},{"@type":"BreadcrumbList","@id":"https:\/\/www.eldigitaldeasturias.com\/noticias\/m-clan-y-factoria-norte-en-el-teatro-de-la-laboral\/#breadcrumblist","itemListElement":[{"@type":"ListItem","@id":"https:\/\/www.eldigitaldeasturias.com\/noticias#listItem","position":1,"name":"Home","item":"https:\/\/www.eldigitaldeasturias.com\/noticias","nextItem":{"@type":"ListItem","@id":"https:\/\/www.eldigitaldeasturias.com\/noticias\/category\/agenda\/#listItem","name":"Agenda"}},{"@type":"ListItem","@id":"https:\/\/www.eldigitaldeasturias.com\/noticias\/category\/agenda\/#listItem","position":2,"name":"Agenda","item":"https:\/\/www.eldigitaldeasturias.com\/noticias\/category\/agenda\/","nextItem":{"@type":"ListItem","@id":"https:\/\/www.eldigitaldeasturias.com\/noticias\/m-clan-y-factoria-norte-en-el-teatro-de-la-laboral\/#listItem","name":"M Clan y Factor\u00eda Norte en el Teatro de la Laboral"},"previousItem":{"@type":"ListItem","@id":"https:\/\/www.eldigitaldeasturias.com\/noticias#listItem","name":"Home"}},{"@type":"ListItem","@id":"https:\/\/www.eldigitaldeasturias.com\/noticias\/m-clan-y-factoria-norte-en-el-teatro-de-la-laboral\/#listItem","position":3,"name":"M Clan y Factor\u00eda Norte en el Teatro de la Laboral","previousItem":{"@type":"ListItem","@id":"https:\/\/www.eldigitaldeasturias.com\/noticias\/category\/agenda\/#listItem","name":"Agenda"}}]},{"@type":"Organization","@id":"https:\/\/www.eldigitaldeasturias.com\/noticias\/#organization","name":"El Digital de Asturias","description":"Hemeroteca","url":"https:\/\/www.eldigitaldeasturias.com\/noticias\/","email":"info@eldigitaldeasturias.com","telephone":"+34652131393","logo":{"@type":"ImageObject","url":"https:\/\/www.eldigitaldeasturias.com\/noticias\/wp-content\/uploads\/2020\/12\/EDA.jpg","@id":"https:\/\/www.eldigitaldeasturias.com\/noticias\/m-clan-y-factoria-norte-en-el-teatro-de-la-laboral\/#organizationLogo"},"image":{"@id":"https:\/\/www.eldigitaldeasturias.com\/noticias\/m-clan-y-factoria-norte-en-el-teatro-de-la-laboral\/#organizationLogo"},"sameAs":["https:\/\/facebook.com\/eldigitaldeasturias","https:\/\/www.youtube.com\/channel\/UCZP-2wLEB9Rv6erhFmqVnvg"],"address":{"@id":"https:\/\/www.eldigitaldeasturias.com\/noticias\/#postaladdress","@type":"PostalAddress","streetAddress":"san antonio 4","postalCode":"33430","addressLocality":"Cand\u00e1s","addressRegion":"Asturias","addressCountry":"ES"}},{"@type":"Person","@id":"https:\/\/www.eldigitaldeasturias.com\/noticias\/author\/admin\/#author","url":"https:\/\/www.eldigitaldeasturias.com\/noticias\/author\/admin\/","name":"El Digital de Asturias","image":{"@type":"ImageObject","@id":"https:\/\/www.eldigitaldeasturias.com\/noticias\/m-clan-y-factoria-norte-en-el-teatro-de-la-laboral\/#authorImage","url":"https:\/\/secure.gravatar.com\/avatar\/df2aeffc32bcd13f8d26072ef8a91b623d677766deac7f97ca815868cd41bf5e?s=96&d=mm&r=g","width":96,"height":96,"caption":"El Digital de Asturias"}},{"@type":"WebPage","@id":"https:\/\/www.eldigitaldeasturias.com\/noticias\/m-clan-y-factoria-norte-en-el-teatro-de-la-laboral\/#webpage","url":"https:\/\/www.eldigitaldeasturias.com\/noticias\/m-clan-y-factoria-norte-en-el-teatro-de-la-laboral\/","name":"M Clan y Factor\u00eda Norte en el Teatro de la Laboral - El Digital de Asturias","description":"El Teatro de la Laboral acoge esta semana el concierto de M Clan y el espect\u00e1culo Las piripiripiratas con parches y a lo loco\u2026 y con faldas que no es poco ..","inLanguage":"es-ES","isPartOf":{"@id":"https:\/\/www.eldigitaldeasturias.com\/noticias\/#website"},"breadcrumb":{"@id":"https:\/\/www.eldigitaldeasturias.com\/noticias\/m-clan-y-factoria-norte-en-el-teatro-de-la-laboral\/#breadcrumblist"},"author":{"@id":"https:\/\/www.eldigitaldeasturias.com\/noticias\/author\/admin\/#author"},"creator":{"@id":"https:\/\/www.eldigitaldeasturias.com\/noticias\/author\/admin\/#author"},"image":{"@type":"ImageObject","url":1040878,"@id":"https:\/\/www.eldigitaldeasturias.com\/noticias\/m-clan-y-factoria-norte-en-el-teatro-de-la-laboral\/#mainImage"},"primaryImageOfPage":{"@id":"https:\/\/www.eldigitaldeasturias.com\/noticias\/m-clan-y-factoria-norte-en-el-teatro-de-la-laboral\/#mainImage"},"datePublished":"2021-05-12T15:05:41+02:00","dateModified":"2021-05-12T15:05:41+02:00"},{"@type":"WebSite","@id":"https:\/\/www.eldigitaldeasturias.com\/noticias\/#website","url":"https:\/\/www.eldigitaldeasturias.com\/noticias\/","name":"El Digital de Asturias - Diario de actualidad y noticias","alternateName":"El Digital de Asturias - Diario de actualidad y noticias","description":"Hemeroteca","inLanguage":"es-ES","publisher":{"@id":"https:\/\/www.eldigitaldeasturias.com\/noticias\/#organization"}}]},"og:locale":"es_ES","og:site_name":"El Digital de Asturias","og:type":"article","og:title":"M Clan y Factor\u00eda Norte en el Teatro de la Laboral - El Digital de Asturias","og:description":"El Teatro de la Laboral acoge esta semana el concierto de M Clan y el espect\u00e1culo Las piripiripiratas con parches y a lo loco\u2026 y con faldas que no es poco ..","og:url":"https:\/\/www.eldigitaldeasturias.com\/noticias\/m-clan-y-factoria-norte-en-el-teatro-de-la-laboral\/","article:tag":["agenda"],"article:published_time":"2021-05-12T14:05:41+00:00","article:modified_time":"2021-05-12T14:05:41+00:00","article:publisher":"https:\/\/facebook.com\/eldigitaldeasturias","twitter:card":"summary_large_image","twitter:title":"M Clan y Factor\u00eda Norte en el Teatro de la Laboral - El Digital de Asturias","twitter:description":"El Teatro de la Laboral acoge esta semana el concierto de M Clan y el espect\u00e1culo Las piripiripiratas con parches y a lo loco\u2026 y con faldas que no es poco ..","twitter:image":"https:\/\/www.eldigitaldeasturias.com\/noticias\/wp-content\/uploads\/2020\/12\/EDA-1.jpg","twitter:label1":"Escrito por","twitter:data1":"El Digital de Asturias","twitter:label2":"Tiempo de lectura estimado","twitter:data2":"2 minutos"},"aioseo_meta_data":{"post_id":"1091524","title":null,"description":"El Teatro de la Laboral acoge esta semana el concierto de M Clan y el espect\u00e1culo Las piripiripiratas con parches y a lo loco\u2026 y con faldas que no es poco ..","keywords":[],"keyphrases":{"focus":[],"additional":[]},"primary_term":null,"canonical_url":null,"og_title":null,"og_description":null,"og_object_type":"default","og_image_type":"default","og_image_url":null,"og_image_width":null,"og_image_height":null,"og_image_custom_url":null,"og_image_custom_fields":null,"og_video":"","og_custom_url":null,"og_article_section":null,"og_article_tags":[],"twitter_use_og":false,"twitter_card":"default","twitter_image_type":"default","twitter_image_url":null,"twitter_image_custom_url":null,"twitter_image_custom_fields":null,"twitter_title":null,"twitter_description":null,"schema":{"blockGraphs":[],"customGraphs":[],"default":{"data":{"Article":[],"Course":[],"Dataset":[],"FAQPage":[],"Movie":[],"Person":[],"Product":[],"ProductReview":[],"Car":[],"Recipe":[],"Service":[],"SoftwareApplication":[],"WebPage":[]},"graphName":"","isEnabled":true},"graphs":[],"defaultGraph":"Article","defaultPostTypeGraph":""},"schema_type":"default","schema_type_options":"{\"article\":{\"articleType\":\"BlogPosting\"},\"course\":{\"name\":\"\",\"description\":\"\",\"provider\":\"\"},\"faq\":{\"pages\":[]},\"product\":{\"reviews\":[]},\"recipe\":{\"ingredients\":[],\"instructions\":[],\"keywords\":[]},\"software\":{\"reviews\":[],\"operatingSystems\":[]},\"webPage\":{\"webPageType\":\"WebPage\"}}","pillar_content":false,"robots_default":true,"robots_noindex":false,"robots_noarchive":false,"robots_nosnippet":false,"robots_nofollow":false,"robots_noimageindex":false,"robots_noodp":false,"robots_notranslate":false,"robots_max_snippet":"-1","robots_max_videopreview":"-1","robots_max_imagepreview":"large","priority":null,"frequency":"default","local_seo":{"locations":{"business":{"name":"","businessType":"","image":"","areaServed":"","urls":{"website":"","aboutPage":"","contactPage":""},"address":{"streetLine1":"","streetLine2":"","zipCode":"","city":"","state":"","country":"","addressFormat":"#streetLineOne\n#streetLineTwo\n#city, #state #zipCode"},"contact":{"phone":"","email":"","fax":""},"ids":{"vat":"","tax":"","chamberOfCommerce":""},"payment":{"priceRange":"","currenciesAccepted":"","methods":""}}},"openingHours":{"useDefaults":true,"show":true,"alwaysOpen":false,"use24hFormat":false,"timezone":"","labels":{"closed":"","alwaysOpen":""},"days":{"monday":{"open24h":false,"closed":false,"openTime":"09:00","closeTime":"17:00"},"tuesday":{"open24h":false,"closed":false,"openTime":"09:00","closeTime":"17:00"},"wednesday":{"open24h":false,"closed":false,"openTime":"09:00","closeTime":"17:00"},"thursday":{"open24h":false,"closed":false,"openTime":"09:00","closeTime":"17:00"},"friday":{"open24h":false,"closed":false,"openTime":"09:00","closeTime":"17:00"},"saturday":{"open24h":false,"closed":false,"openTime":"09:00","closeTime":"17:00"},"sunday":{"open24h":false,"closed":false,"openTime":"09:00","closeTime":"17:00"}}}},"seo_analyzer_scan_date":"2026-07-17 20:58:05","breadcrumb_settings":null,"limit_modified_date":false,"open_ai":null,"ai":null,"created":"2021-05-12 14:02:59","updated":"2026-07-17 20:58:05","focus_keyword":null,"additional_keywords":null,"truseo_locale":null},"aioseo_breadcrumb":"<div class=\"aioseo-breadcrumbs\"><span class=\"aioseo-breadcrumb\">\n\t<a href=\"https:\/\/www.eldigitaldeasturias.com\/noticias\" title=\"Home\">Home<\/a>\n<\/span><span class=\"aioseo-breadcrumb-separator\">\u2013<\/span><span class=\"aioseo-breadcrumb\">\n\t<a href=\"https:\/\/www.eldigitaldeasturias.com\/noticias\/category\/agenda\/\" title=\"Agenda\">Agenda<\/a>\n<\/span><span class=\"aioseo-breadcrumb-separator\">\u2013<\/span><span class=\"aioseo-breadcrumb\">\n\t<a href=\"https:\/\/www.eldigitaldeasturias.com\/noticias\/m-clan-y-factoria-norte-en-el-teatro-de-la-laboral\/\" title=\"M Clan y Factor\u00eda Norte en el Teatro de la Laboral\">M Clan y Factor\u00eda Norte en el Teatro de la Laboral<\/a>\n<\/span><\/div>","aioseo_breadcrumb_json":[{"label":"Home","link":"https:\/\/www.eldigitaldeasturias.com\/noticias"},{"label":"Agenda","link":"https:\/\/www.eldigitaldeasturias.com\/noticias\/category\/agenda\/"},{"label":"M Clan y Factor\u00eda Norte en el Teatro de la Laboral","link":"https:\/\/www.eldigitaldeasturias.com\/noticias\/m-clan-y-factoria-norte-en-el-teatro-de-la-laboral\/"}],"_links":{"self":[{"href":"https:\/\/www.eldigitaldeasturias.com\/noticias\/wp-json\/wp\/v2\/posts\/1091524","targetHints":{"allow":["GET"]}}],"collection":[{"href":"https:\/\/www.eldigitaldeasturias.com\/noticias\/wp-json\/wp\/v2\/posts"}],"about":[{"href":"https:\/\/www.eldigitaldeasturias.com\/noticias\/wp-json\/wp\/v2\/types\/post"}],"author":[{"embeddable":true,"href":"https:\/\/www.eldigitaldeasturias.com\/noticias\/wp-json\/wp\/v2\/users\/1"}],"replies":[{"embeddable":true,"href":"https:\/\/www.eldigitaldeasturias.com\/noticias\/wp-json\/wp\/v2\/comments?post=1091524"}],"version-history":[{"count":0,"href":"https:\/\/www.eldigitaldeasturias.com\/noticias\/wp-json\/wp\/v2\/posts\/1091524\/revisions"}],"wp:attachment":[{"href":"https:\/\/www.eldigitaldeasturias.com\/noticias\/wp-json\/wp\/v2\/media?parent=1091524"}],"wp:term":[{"taxonomy":"category","embeddable":true,"href":"https:\/\/www.eldigitaldeasturias.com\/noticias\/wp-json\/wp\/v2\/categories?post=1091524"},{"taxonomy":"post_tag","embeddable":true,"href":"https:\/\/www.eldigitaldeasturias.com\/noticias\/wp-json\/wp\/v2\/tags?post=1091524"}],"curies":[{"name":"wp","href":"https:\/\/api.w.org\/{rel}","templated":true}]}}