{"id":1091513,"date":"2021-05-12T12:45:39","date_gmt":"2021-05-12T11:45:39","guid":{"rendered":"https:\/\/www.eldigitaldeasturias.com\/noticias\/?p=1091513"},"modified":"2021-05-12T12:45:39","modified_gmt":"2021-05-12T11:45:39","slug":"vox-asturias-es-escandaloso-que-no-se-haya-vacunado-a-los-voluntarios-de-proteccion-civil","status":"publish","type":"post","link":"https:\/\/www.eldigitaldeasturias.com\/noticias\/vox-asturias-es-escandaloso-que-no-se-haya-vacunado-a-los-voluntarios-de-proteccion-civil\/","title":{"rendered":"VOX Asturias: \u00abEs escandaloso que no se haya vacunado a los voluntarios de Protecci\u00f3n civil\u00bb"},"content":{"rendered":"<p><img loading=\"lazy\" decoding=\"async\" class=\"alignleft size-medium wp-image-1091126\" src=\"https:\/\/www.eldigitaldeasturias.com\/noticias\/wp-content\/uploads\/2021\/05\/Ignacio-Blanco-VOX-Asturias-360x203.jpg\" alt=\"Ignacio Blanco - VOX Asturias\" width=\"360\" height=\"203\" \/>El portavoz de VOX en la Junta General del Principado de Asturias, Ignacio Blanco, ha pedido al Gobierno del Principado que incluya de manera \u201cinmediata\u201d a todos los voluntarios de Protecci\u00f3n Civil en el proceso de vacunaci\u00f3n contra el COVID-19. \u201cSe trata de un colectivo que est\u00e1 en primera l\u00ednea en la lucha contra la pandemia, ya que, entre otras actividades se encuentra atendiendo a las personas que acuden a vacunarse a los centros sanitarios\u201d y, sin embargo, se da la paradoja de que \u201cno han sido vacunados\u201d, se\u00f1ala el portavoz que ha anunciado que el Grupo Parlamentario de VOX Asturias interpelar\u00e1 a la consejera de Presidencia sobre este asunto.<\/p>\n<p>Adem\u00e1s, a\u00f1ade el portavoz, \u201ces escandaloso e inaceptable, tal y como nos han trasladado los afectados, que se hayan suspendido servicios de protecci\u00f3n civil por la falta de vacunaci\u00f3n de este colectivo, lo que supone una enorme irresponsabilidad del consejo de Gobierno\u201d.<\/p>\n<p>El portavoz ha explicado que se trata de un colectivo en el que trabajan en torno a m\u00e1s de 750 personas \u201ca los que se ha ninguneado y menospreciado con constantes retrasos en los supuestos compromisos que ha ido anunciado el Principado\u201d, explica Ignacio Blanco. En este sentido, el portavoz ha explicado que ha tenido conocimiento de este asunto a trav\u00e9s de los propios afectados que nos han trasladado a VOX Asturias que \u201cen un principio desde el Gobierno asturiano se solicit\u00f3 informaci\u00f3n para vacunaci\u00f3n en julio de 2020, resultando susceptibles de vacunaci\u00f3n que cuenta con 750 voluntarios, pero parece ahora se les vacunar\u00e1 por edad despu\u00e9s de haberles prometido en reiteradas ocasiones que se les vacunar\u00eda\u201d.<\/p>\n<p>\u201c\u00bfQu\u00e9 criterios cient\u00edficos son los que deciden en Asturias que personal que est\u00e1 en primera l\u00ednea en la lucha frente a la pandemia no haya sido a\u00fan vacunado?\u201d, pregunta el portavoz que ha pedido que de manera \u201cinmediata\u201d incluya a todos los voluntarios, m\u00e1s de 750, y no s\u00f3lo a los profesionales que no superan los 20. \u201cSe trata de un ejemplo de la ca\u00f3tica gesti\u00f3n del Principado y de su ins\u00f3lita manera de proteger a los asturianos\u201d.<\/p>\n<p>&nbsp;<\/p>\n<p>&nbsp;<\/p>\n","protected":false},"excerpt":{"rendered":"<p>El portavoz de VOX en la Junta General del Principado de Asturias, Ignacio Blanco, ha pedido al Gobierno del Principado que incluya de manera \u201cinmediata\u201d a todos los voluntarios de Protecci\u00f3n Civil en el proceso de vacunaci\u00f3n contra el COVID-19. \u201cSe trata de un colectivo que est\u00e1 en primera l\u00ednea en la lucha contra la [&hellip;]<\/p>\n","protected":false},"author":1,"featured_media":1132184,"comment_status":"closed","ping_status":"closed","sticky":false,"template":"","format":"standard","meta":{"footnotes":""},"categories":[12],"tags":[],"class_list":["post-1091513","post","type-post","status-publish","format-standard","has-post-thumbnail","hentry","category-actualidad-asturias"],"aioseo_notices":[],"aioseo_head":"\n\t\t<!-- All in One SEO Pro 5.0.1 - aioseo.com -->\n\t<meta name=\"description\" content=\"El portavoz de VOX en la Junta General del Principado de Asturias, Ignacio Blanco, ha pedido al Gobierno del Principado que incluya de manera \u201cinmediata\u201d\" \/>\n\t<meta name=\"robots\" content=\"max-image-preview:large\" \/>\n\t<meta name=\"author\" content=\"El Digital de Asturias\"\/>\n\t<meta name=\"google-site-verification\" content=\"UA-38556648-1\" \/>\n\t<meta name=\"msvalidate.01\" content=\"7dfe9f3f1b24437ab69f4f2559babe99\" \/>\n\t<meta name=\"keywords\" content=\"actualidad asturias\" \/>\n\t<link rel=\"canonical\" href=\"https:\/\/www.eldigitaldeasturias.com\/noticias\/vox-asturias-es-escandaloso-que-no-se-haya-vacunado-a-los-voluntarios-de-proteccion-civil\/\" \/>\n\t<meta name=\"generator\" content=\"All in One SEO Pro (AIOSEO) 5.0.1\" \/>\n\t\t<meta property=\"og:locale\" content=\"es_ES\" \/>\n\t\t<meta property=\"og:site_name\" content=\"El Digital de Asturias\" \/>\n\t\t<meta property=\"og:type\" content=\"article\" \/>\n\t\t<meta property=\"og:title\" content=\"VOX Asturias: \u00abEs escandaloso que no se haya vacunado a los voluntarios de Protecci\u00f3n civil\u00bb - El Digital de Asturias\" \/>\n\t\t<meta property=\"og:description\" content=\"El portavoz de VOX en la Junta General del Principado de Asturias, Ignacio Blanco, ha pedido al Gobierno del Principado que incluya de manera \u201cinmediata\u201d\" \/>\n\t\t<meta property=\"og:url\" content=\"https:\/\/www.eldigitaldeasturias.com\/noticias\/vox-asturias-es-escandaloso-que-no-se-haya-vacunado-a-los-voluntarios-de-proteccion-civil\/\" \/>\n\t\t<meta property=\"og:image\" content=\"https:\/\/www.eldigitaldeasturias.com\/noticias\/wp-content\/uploads\/2026\/06\/Contenidos.jpg\" \/>\n\t\t<meta property=\"og:image:secure_url\" content=\"https:\/\/www.eldigitaldeasturias.com\/noticias\/wp-content\/uploads\/2026\/06\/Contenidos.jpg\" \/>\n\t\t<meta property=\"og:image:width\" content=\"1265\" \/>\n\t\t<meta property=\"og:image:height\" content=\"697\" \/>\n\t\t<meta property=\"article:tag\" content=\"actualidad asturias\" \/>\n\t\t<meta property=\"article:published_time\" content=\"2021-05-12T11:45:39+00:00\" \/>\n\t\t<meta property=\"article:modified_time\" content=\"2021-05-12T11:45:39+00:00\" \/>\n\t\t<meta property=\"article:publisher\" content=\"https:\/\/facebook.com\/eldigitaldeasturias\" \/>\n\t\t<meta name=\"twitter:card\" content=\"summary_large_image\" \/>\n\t\t<meta name=\"twitter:title\" content=\"VOX Asturias: \u00abEs escandaloso que no se haya vacunado a los voluntarios de Protecci\u00f3n civil\u00bb - El Digital de Asturias\" \/>\n\t\t<meta name=\"twitter:description\" content=\"El portavoz de VOX en la Junta General del Principado de Asturias, Ignacio Blanco, ha pedido al Gobierno del Principado que incluya de manera \u201cinmediata\u201d\" \/>\n\t\t<meta name=\"twitter:image\" content=\"https:\/\/www.eldigitaldeasturias.com\/noticias\/wp-content\/uploads\/2026\/06\/Contenidos.jpg\" \/>\n\t\t<meta name=\"twitter:label1\" content=\"Escrito por\" \/>\n\t\t<meta name=\"twitter:data1\" content=\"El Digital de Asturias\" \/>\n\t\t<meta name=\"twitter:label2\" content=\"Tiempo de lectura estimado\" \/>\n\t\t<meta name=\"twitter:data2\" content=\"2 minutos\" \/>\n\t\t<script type=\"application\/ld+json\" class=\"aioseo-schema\">\n\t\t\t{\"@context\":\"https:\\\/\\\/schema.org\",\"@graph\":[{\"@type\":\"BlogPosting\",\"@id\":\"https:\\\/\\\/www.eldigitaldeasturias.com\\\/noticias\\\/vox-asturias-es-escandaloso-que-no-se-haya-vacunado-a-los-voluntarios-de-proteccion-civil\\\/#blogposting\",\"name\":\"VOX Asturias: \\u00abEs escandaloso que no se haya vacunado a los voluntarios de Protecci\\u00f3n civil\\u00bb - El Digital de Asturias\",\"headline\":\"VOX Asturias: \\u00abEs escandaloso que no se haya vacunado a los voluntarios de Protecci\\u00f3n civil\\u00bb\",\"author\":{\"@id\":\"https:\\\/\\\/www.eldigitaldeasturias.com\\\/noticias\\\/author\\\/admin\\\/#author\"},\"publisher\":{\"@id\":\"https:\\\/\\\/www.eldigitaldeasturias.com\\\/noticias\\\/#organization\"},\"image\":{\"@type\":\"ImageObject\",\"url\":\"https:\\\/\\\/www.eldigitaldeasturias.com\\\/noticias\\\/wp-content\\\/uploads\\\/2026\\\/06\\\/Contenidos.jpg\",\"width\":1265,\"height\":697,\"caption\":\"Contenidos\"},\"datePublished\":\"2021-05-12T12:45:39+02:00\",\"dateModified\":\"2021-05-12T12:45:39+02:00\",\"inLanguage\":\"es-ES\",\"mainEntityOfPage\":{\"@id\":\"https:\\\/\\\/www.eldigitaldeasturias.com\\\/noticias\\\/vox-asturias-es-escandaloso-que-no-se-haya-vacunado-a-los-voluntarios-de-proteccion-civil\\\/#webpage\"},\"isPartOf\":{\"@id\":\"https:\\\/\\\/www.eldigitaldeasturias.com\\\/noticias\\\/vox-asturias-es-escandaloso-que-no-se-haya-vacunado-a-los-voluntarios-de-proteccion-civil\\\/#webpage\"},\"articleSection\":\"Actualidad Asturias\"},{\"@type\":\"BreadcrumbList\",\"@id\":\"https:\\\/\\\/www.eldigitaldeasturias.com\\\/noticias\\\/vox-asturias-es-escandaloso-que-no-se-haya-vacunado-a-los-voluntarios-de-proteccion-civil\\\/#breadcrumblist\",\"itemListElement\":[{\"@type\":\"ListItem\",\"@id\":\"https:\\\/\\\/www.eldigitaldeasturias.com\\\/noticias#listItem\",\"position\":1,\"name\":\"Home\",\"item\":\"https:\\\/\\\/www.eldigitaldeasturias.com\\\/noticias\",\"nextItem\":{\"@type\":\"ListItem\",\"@id\":\"https:\\\/\\\/www.eldigitaldeasturias.com\\\/noticias\\\/category\\\/actualidad-asturias\\\/#listItem\",\"name\":\"Actualidad Asturias\"}},{\"@type\":\"ListItem\",\"@id\":\"https:\\\/\\\/www.eldigitaldeasturias.com\\\/noticias\\\/category\\\/actualidad-asturias\\\/#listItem\",\"position\":2,\"name\":\"Actualidad Asturias\",\"item\":\"https:\\\/\\\/www.eldigitaldeasturias.com\\\/noticias\\\/category\\\/actualidad-asturias\\\/\",\"nextItem\":{\"@type\":\"ListItem\",\"@id\":\"https:\\\/\\\/www.eldigitaldeasturias.com\\\/noticias\\\/vox-asturias-es-escandaloso-que-no-se-haya-vacunado-a-los-voluntarios-de-proteccion-civil\\\/#listItem\",\"name\":\"VOX Asturias: \\u00abEs escandaloso que no se haya vacunado a los voluntarios de Protecci\\u00f3n civil\\u00bb\"},\"previousItem\":{\"@type\":\"ListItem\",\"@id\":\"https:\\\/\\\/www.eldigitaldeasturias.com\\\/noticias#listItem\",\"name\":\"Home\"}},{\"@type\":\"ListItem\",\"@id\":\"https:\\\/\\\/www.eldigitaldeasturias.com\\\/noticias\\\/vox-asturias-es-escandaloso-que-no-se-haya-vacunado-a-los-voluntarios-de-proteccion-civil\\\/#listItem\",\"position\":3,\"name\":\"VOX Asturias: \\u00abEs escandaloso que no se haya vacunado a los voluntarios de Protecci\\u00f3n civil\\u00bb\",\"previousItem\":{\"@type\":\"ListItem\",\"@id\":\"https:\\\/\\\/www.eldigitaldeasturias.com\\\/noticias\\\/category\\\/actualidad-asturias\\\/#listItem\",\"name\":\"Actualidad Asturias\"}}]},{\"@type\":\"Organization\",\"@id\":\"https:\\\/\\\/www.eldigitaldeasturias.com\\\/noticias\\\/#organization\",\"name\":\"El Digital de Asturias\",\"description\":\"Hemeroteca\",\"url\":\"https:\\\/\\\/www.eldigitaldeasturias.com\\\/noticias\\\/\",\"email\":\"info@eldigitaldeasturias.com\",\"telephone\":\"+34652131393\",\"logo\":{\"@type\":\"ImageObject\",\"url\":\"https:\\\/\\\/www.eldigitaldeasturias.com\\\/noticias\\\/wp-content\\\/uploads\\\/2020\\\/12\\\/EDA.jpg\",\"@id\":\"https:\\\/\\\/www.eldigitaldeasturias.com\\\/noticias\\\/vox-asturias-es-escandaloso-que-no-se-haya-vacunado-a-los-voluntarios-de-proteccion-civil\\\/#organizationLogo\"},\"image\":{\"@id\":\"https:\\\/\\\/www.eldigitaldeasturias.com\\\/noticias\\\/vox-asturias-es-escandaloso-que-no-se-haya-vacunado-a-los-voluntarios-de-proteccion-civil\\\/#organizationLogo\"},\"sameAs\":[\"https:\\\/\\\/facebook.com\\\/eldigitaldeasturias\",\"https:\\\/\\\/www.youtube.com\\\/channel\\\/UCZP-2wLEB9Rv6erhFmqVnvg\"],\"address\":{\"@id\":\"https:\\\/\\\/www.eldigitaldeasturias.com\\\/noticias\\\/#postaladdress\",\"@type\":\"PostalAddress\",\"streetAddress\":\"san antonio 4\",\"postalCode\":\"33430\",\"addressLocality\":\"Cand\\u00e1s\",\"addressRegion\":\"Asturias\",\"addressCountry\":\"ES\"}},{\"@type\":\"Person\",\"@id\":\"https:\\\/\\\/www.eldigitaldeasturias.com\\\/noticias\\\/author\\\/admin\\\/#author\",\"url\":\"https:\\\/\\\/www.eldigitaldeasturias.com\\\/noticias\\\/author\\\/admin\\\/\",\"name\":\"El Digital de Asturias\",\"image\":{\"@type\":\"ImageObject\",\"@id\":\"https:\\\/\\\/www.eldigitaldeasturias.com\\\/noticias\\\/vox-asturias-es-escandaloso-que-no-se-haya-vacunado-a-los-voluntarios-de-proteccion-civil\\\/#authorImage\",\"url\":\"https:\\\/\\\/secure.gravatar.com\\\/avatar\\\/df2aeffc32bcd13f8d26072ef8a91b623d677766deac7f97ca815868cd41bf5e?s=96&d=mm&r=g\",\"width\":96,\"height\":96,\"caption\":\"El Digital de Asturias\"}},{\"@type\":\"WebPage\",\"@id\":\"https:\\\/\\\/www.eldigitaldeasturias.com\\\/noticias\\\/vox-asturias-es-escandaloso-que-no-se-haya-vacunado-a-los-voluntarios-de-proteccion-civil\\\/#webpage\",\"url\":\"https:\\\/\\\/www.eldigitaldeasturias.com\\\/noticias\\\/vox-asturias-es-escandaloso-que-no-se-haya-vacunado-a-los-voluntarios-de-proteccion-civil\\\/\",\"name\":\"VOX Asturias: \\u00abEs escandaloso que no se haya vacunado a los voluntarios de Protecci\\u00f3n civil\\u00bb - El Digital de Asturias\",\"description\":\"El portavoz de VOX en la Junta General del Principado de Asturias, Ignacio Blanco, ha pedido al Gobierno del Principado que incluya de manera \\u201cinmediata\\u201d\",\"inLanguage\":\"es-ES\",\"isPartOf\":{\"@id\":\"https:\\\/\\\/www.eldigitaldeasturias.com\\\/noticias\\\/#website\"},\"breadcrumb\":{\"@id\":\"https:\\\/\\\/www.eldigitaldeasturias.com\\\/noticias\\\/vox-asturias-es-escandaloso-que-no-se-haya-vacunado-a-los-voluntarios-de-proteccion-civil\\\/#breadcrumblist\"},\"author\":{\"@id\":\"https:\\\/\\\/www.eldigitaldeasturias.com\\\/noticias\\\/author\\\/admin\\\/#author\"},\"creator\":{\"@id\":\"https:\\\/\\\/www.eldigitaldeasturias.com\\\/noticias\\\/author\\\/admin\\\/#author\"},\"image\":{\"@type\":\"ImageObject\",\"url\":\"https:\\\/\\\/www.eldigitaldeasturias.com\\\/noticias\\\/wp-content\\\/uploads\\\/2026\\\/06\\\/Contenidos.jpg\",\"@id\":\"https:\\\/\\\/www.eldigitaldeasturias.com\\\/noticias\\\/vox-asturias-es-escandaloso-que-no-se-haya-vacunado-a-los-voluntarios-de-proteccion-civil\\\/#mainImage\",\"width\":1265,\"height\":697,\"caption\":\"Contenidos\"},\"primaryImageOfPage\":{\"@id\":\"https:\\\/\\\/www.eldigitaldeasturias.com\\\/noticias\\\/vox-asturias-es-escandaloso-que-no-se-haya-vacunado-a-los-voluntarios-de-proteccion-civil\\\/#mainImage\"},\"datePublished\":\"2021-05-12T12:45:39+02:00\",\"dateModified\":\"2021-05-12T12:45:39+02:00\"},{\"@type\":\"WebSite\",\"@id\":\"https:\\\/\\\/www.eldigitaldeasturias.com\\\/noticias\\\/#website\",\"url\":\"https:\\\/\\\/www.eldigitaldeasturias.com\\\/noticias\\\/\",\"name\":\"El Digital de Asturias - Diario de actualidad y noticias\",\"alternateName\":\"El Digital de Asturias - Diario de actualidad y noticias\",\"description\":\"Hemeroteca\",\"inLanguage\":\"es-ES\",\"publisher\":{\"@id\":\"https:\\\/\\\/www.eldigitaldeasturias.com\\\/noticias\\\/#organization\"}}]}\n\t\t<\/script>\n\t\t<!-- All in One SEO Pro -->\r\n\t\t<title>VOX Asturias: \u00abEs escandaloso que no se haya vacunado a los voluntarios de Protecci\u00f3n civil\u00bb - El Digital de Asturias<\/title>\n\n","aioseo_head_json":{"title":"VOX Asturias: \u00abEs escandaloso que no se haya vacunado a los voluntarios de Protecci\u00f3n civil\u00bb - El Digital de Asturias","description":"El portavoz de VOX en la Junta General del Principado de Asturias, Ignacio Blanco, ha pedido al Gobierno del Principado que incluya de manera \u201cinmediata\u201d","canonical_url":"https:\/\/www.eldigitaldeasturias.com\/noticias\/vox-asturias-es-escandaloso-que-no-se-haya-vacunado-a-los-voluntarios-de-proteccion-civil\/","robots":"max-image-preview:large","keywords":"actualidad asturias","webmasterTools":{"google-site-verification":"UA-38556648-1","msvalidate.01":"7dfe9f3f1b24437ab69f4f2559babe99","miscellaneous":""},"schema":{"@context":"https:\/\/schema.org","@graph":[{"@type":"BlogPosting","@id":"https:\/\/www.eldigitaldeasturias.com\/noticias\/vox-asturias-es-escandaloso-que-no-se-haya-vacunado-a-los-voluntarios-de-proteccion-civil\/#blogposting","name":"VOX Asturias: \u00abEs escandaloso que no se haya vacunado a los voluntarios de Protecci\u00f3n civil\u00bb - El Digital de Asturias","headline":"VOX Asturias: \u00abEs escandaloso que no se haya vacunado a los voluntarios de Protecci\u00f3n civil\u00bb","author":{"@id":"https:\/\/www.eldigitaldeasturias.com\/noticias\/author\/admin\/#author"},"publisher":{"@id":"https:\/\/www.eldigitaldeasturias.com\/noticias\/#organization"},"image":{"@type":"ImageObject","url":"https:\/\/www.eldigitaldeasturias.com\/noticias\/wp-content\/uploads\/2026\/06\/Contenidos.jpg","width":1265,"height":697,"caption":"Contenidos"},"datePublished":"2021-05-12T12:45:39+02:00","dateModified":"2021-05-12T12:45:39+02:00","inLanguage":"es-ES","mainEntityOfPage":{"@id":"https:\/\/www.eldigitaldeasturias.com\/noticias\/vox-asturias-es-escandaloso-que-no-se-haya-vacunado-a-los-voluntarios-de-proteccion-civil\/#webpage"},"isPartOf":{"@id":"https:\/\/www.eldigitaldeasturias.com\/noticias\/vox-asturias-es-escandaloso-que-no-se-haya-vacunado-a-los-voluntarios-de-proteccion-civil\/#webpage"},"articleSection":"Actualidad Asturias"},{"@type":"BreadcrumbList","@id":"https:\/\/www.eldigitaldeasturias.com\/noticias\/vox-asturias-es-escandaloso-que-no-se-haya-vacunado-a-los-voluntarios-de-proteccion-civil\/#breadcrumblist","itemListElement":[{"@type":"ListItem","@id":"https:\/\/www.eldigitaldeasturias.com\/noticias#listItem","position":1,"name":"Home","item":"https:\/\/www.eldigitaldeasturias.com\/noticias","nextItem":{"@type":"ListItem","@id":"https:\/\/www.eldigitaldeasturias.com\/noticias\/category\/actualidad-asturias\/#listItem","name":"Actualidad Asturias"}},{"@type":"ListItem","@id":"https:\/\/www.eldigitaldeasturias.com\/noticias\/category\/actualidad-asturias\/#listItem","position":2,"name":"Actualidad Asturias","item":"https:\/\/www.eldigitaldeasturias.com\/noticias\/category\/actualidad-asturias\/","nextItem":{"@type":"ListItem","@id":"https:\/\/www.eldigitaldeasturias.com\/noticias\/vox-asturias-es-escandaloso-que-no-se-haya-vacunado-a-los-voluntarios-de-proteccion-civil\/#listItem","name":"VOX Asturias: \u00abEs escandaloso que no se haya vacunado a los voluntarios de Protecci\u00f3n civil\u00bb"},"previousItem":{"@type":"ListItem","@id":"https:\/\/www.eldigitaldeasturias.com\/noticias#listItem","name":"Home"}},{"@type":"ListItem","@id":"https:\/\/www.eldigitaldeasturias.com\/noticias\/vox-asturias-es-escandaloso-que-no-se-haya-vacunado-a-los-voluntarios-de-proteccion-civil\/#listItem","position":3,"name":"VOX Asturias: \u00abEs escandaloso que no se haya vacunado a los voluntarios de Protecci\u00f3n civil\u00bb","previousItem":{"@type":"ListItem","@id":"https:\/\/www.eldigitaldeasturias.com\/noticias\/category\/actualidad-asturias\/#listItem","name":"Actualidad Asturias"}}]},{"@type":"Organization","@id":"https:\/\/www.eldigitaldeasturias.com\/noticias\/#organization","name":"El Digital de Asturias","description":"Hemeroteca","url":"https:\/\/www.eldigitaldeasturias.com\/noticias\/","email":"info@eldigitaldeasturias.com","telephone":"+34652131393","logo":{"@type":"ImageObject","url":"https:\/\/www.eldigitaldeasturias.com\/noticias\/wp-content\/uploads\/2020\/12\/EDA.jpg","@id":"https:\/\/www.eldigitaldeasturias.com\/noticias\/vox-asturias-es-escandaloso-que-no-se-haya-vacunado-a-los-voluntarios-de-proteccion-civil\/#organizationLogo"},"image":{"@id":"https:\/\/www.eldigitaldeasturias.com\/noticias\/vox-asturias-es-escandaloso-que-no-se-haya-vacunado-a-los-voluntarios-de-proteccion-civil\/#organizationLogo"},"sameAs":["https:\/\/facebook.com\/eldigitaldeasturias","https:\/\/www.youtube.com\/channel\/UCZP-2wLEB9Rv6erhFmqVnvg"],"address":{"@id":"https:\/\/www.eldigitaldeasturias.com\/noticias\/#postaladdress","@type":"PostalAddress","streetAddress":"san antonio 4","postalCode":"33430","addressLocality":"Cand\u00e1s","addressRegion":"Asturias","addressCountry":"ES"}},{"@type":"Person","@id":"https:\/\/www.eldigitaldeasturias.com\/noticias\/author\/admin\/#author","url":"https:\/\/www.eldigitaldeasturias.com\/noticias\/author\/admin\/","name":"El Digital de Asturias","image":{"@type":"ImageObject","@id":"https:\/\/www.eldigitaldeasturias.com\/noticias\/vox-asturias-es-escandaloso-que-no-se-haya-vacunado-a-los-voluntarios-de-proteccion-civil\/#authorImage","url":"https:\/\/secure.gravatar.com\/avatar\/df2aeffc32bcd13f8d26072ef8a91b623d677766deac7f97ca815868cd41bf5e?s=96&d=mm&r=g","width":96,"height":96,"caption":"El Digital de Asturias"}},{"@type":"WebPage","@id":"https:\/\/www.eldigitaldeasturias.com\/noticias\/vox-asturias-es-escandaloso-que-no-se-haya-vacunado-a-los-voluntarios-de-proteccion-civil\/#webpage","url":"https:\/\/www.eldigitaldeasturias.com\/noticias\/vox-asturias-es-escandaloso-que-no-se-haya-vacunado-a-los-voluntarios-de-proteccion-civil\/","name":"VOX Asturias: \u00abEs escandaloso que no se haya vacunado a los voluntarios de Protecci\u00f3n civil\u00bb - El Digital de Asturias","description":"El portavoz de VOX en la Junta General del Principado de Asturias, Ignacio Blanco, ha pedido al Gobierno del Principado que incluya de manera \u201cinmediata\u201d","inLanguage":"es-ES","isPartOf":{"@id":"https:\/\/www.eldigitaldeasturias.com\/noticias\/#website"},"breadcrumb":{"@id":"https:\/\/www.eldigitaldeasturias.com\/noticias\/vox-asturias-es-escandaloso-que-no-se-haya-vacunado-a-los-voluntarios-de-proteccion-civil\/#breadcrumblist"},"author":{"@id":"https:\/\/www.eldigitaldeasturias.com\/noticias\/author\/admin\/#author"},"creator":{"@id":"https:\/\/www.eldigitaldeasturias.com\/noticias\/author\/admin\/#author"},"image":{"@type":"ImageObject","url":"https:\/\/www.eldigitaldeasturias.com\/noticias\/wp-content\/uploads\/2026\/06\/Contenidos.jpg","@id":"https:\/\/www.eldigitaldeasturias.com\/noticias\/vox-asturias-es-escandaloso-que-no-se-haya-vacunado-a-los-voluntarios-de-proteccion-civil\/#mainImage","width":1265,"height":697,"caption":"Contenidos"},"primaryImageOfPage":{"@id":"https:\/\/www.eldigitaldeasturias.com\/noticias\/vox-asturias-es-escandaloso-que-no-se-haya-vacunado-a-los-voluntarios-de-proteccion-civil\/#mainImage"},"datePublished":"2021-05-12T12:45:39+02:00","dateModified":"2021-05-12T12:45:39+02:00"},{"@type":"WebSite","@id":"https:\/\/www.eldigitaldeasturias.com\/noticias\/#website","url":"https:\/\/www.eldigitaldeasturias.com\/noticias\/","name":"El Digital de Asturias - Diario de actualidad y noticias","alternateName":"El Digital de Asturias - Diario de actualidad y noticias","description":"Hemeroteca","inLanguage":"es-ES","publisher":{"@id":"https:\/\/www.eldigitaldeasturias.com\/noticias\/#organization"}}]},"og:locale":"es_ES","og:site_name":"El Digital de Asturias","og:type":"article","og:title":"VOX Asturias: \u00abEs escandaloso que no se haya vacunado a los voluntarios de Protecci\u00f3n civil\u00bb - El Digital de Asturias","og:description":"El portavoz de VOX en la Junta General del Principado de Asturias, Ignacio Blanco, ha pedido al Gobierno del Principado que incluya de manera \u201cinmediata\u201d","og:url":"https:\/\/www.eldigitaldeasturias.com\/noticias\/vox-asturias-es-escandaloso-que-no-se-haya-vacunado-a-los-voluntarios-de-proteccion-civil\/","og:image":"https:\/\/www.eldigitaldeasturias.com\/noticias\/wp-content\/uploads\/2026\/06\/Contenidos.jpg","og:image:secure_url":"https:\/\/www.eldigitaldeasturias.com\/noticias\/wp-content\/uploads\/2026\/06\/Contenidos.jpg","og:image:width":1265,"og:image:height":697,"article:tag":["actualidad asturias"],"article:published_time":"2021-05-12T11:45:39+00:00","article:modified_time":"2021-05-12T11:45:39+00:00","article:publisher":"https:\/\/facebook.com\/eldigitaldeasturias","twitter:card":"summary_large_image","twitter:title":"VOX Asturias: \u00abEs escandaloso que no se haya vacunado a los voluntarios de Protecci\u00f3n civil\u00bb - El Digital de Asturias","twitter:description":"El portavoz de VOX en la Junta General del Principado de Asturias, Ignacio Blanco, ha pedido al Gobierno del Principado que incluya de manera \u201cinmediata\u201d","twitter:image":"https:\/\/www.eldigitaldeasturias.com\/noticias\/wp-content\/uploads\/2026\/06\/Contenidos.jpg","twitter:label1":"Escrito por","twitter:data1":"El Digital de Asturias","twitter:label2":"Tiempo de lectura estimado","twitter:data2":"2 minutos"},"aioseo_meta_data":{"post_id":"1091513","title":null,"description":"El portavoz de VOX en la Junta General del Principado de Asturias, Ignacio Blanco, ha pedido al Gobierno del Principado que incluya de manera \u201cinmediata\u201d","keywords":[],"keyphrases":{"focus":[],"additional":[]},"primary_term":null,"canonical_url":null,"og_title":null,"og_description":null,"og_object_type":"default","og_image_type":"default","og_image_url":null,"og_image_width":null,"og_image_height":null,"og_image_custom_url":null,"og_image_custom_fields":null,"og_video":"","og_custom_url":null,"og_article_section":null,"og_article_tags":[],"twitter_use_og":false,"twitter_card":"default","twitter_image_type":"default","twitter_image_url":null,"twitter_image_custom_url":null,"twitter_image_custom_fields":null,"twitter_title":null,"twitter_description":null,"schema":{"blockGraphs":[],"customGraphs":[],"default":{"data":{"Article":[],"Course":[],"Dataset":[],"FAQPage":[],"Movie":[],"Person":[],"Product":[],"ProductReview":[],"Car":[],"Recipe":[],"Service":[],"SoftwareApplication":[],"WebPage":[]},"graphName":"","isEnabled":true},"graphs":[],"defaultGraph":"Article","defaultPostTypeGraph":""},"schema_type":"default","schema_type_options":"{\"article\":{\"articleType\":\"BlogPosting\"},\"course\":{\"name\":\"\",\"description\":\"\",\"provider\":\"\"},\"faq\":{\"pages\":[]},\"product\":{\"reviews\":[]},\"recipe\":{\"ingredients\":[],\"instructions\":[],\"keywords\":[]},\"software\":{\"reviews\":[],\"operatingSystems\":[]},\"webPage\":{\"webPageType\":\"WebPage\"}}","pillar_content":false,"robots_default":true,"robots_noindex":false,"robots_noarchive":false,"robots_nosnippet":false,"robots_nofollow":false,"robots_noimageindex":false,"robots_noodp":false,"robots_notranslate":false,"robots_max_snippet":"-1","robots_max_videopreview":"-1","robots_max_imagepreview":"large","priority":null,"frequency":"default","local_seo":{"locations":{"business":{"name":"","businessType":"","image":"","areaServed":"","urls":{"website":"","aboutPage":"","contactPage":""},"address":{"streetLine1":"","streetLine2":"","zipCode":"","city":"","state":"","country":"","addressFormat":"#streetLineOne\n#streetLineTwo\n#city, #state #zipCode"},"contact":{"phone":"","email":"","fax":""},"ids":{"vat":"","tax":"","chamberOfCommerce":""},"payment":{"priceRange":"","currenciesAccepted":"","methods":""}}},"openingHours":{"useDefaults":true,"show":true,"alwaysOpen":false,"use24hFormat":false,"timezone":"","labels":{"closed":"","alwaysOpen":""},"days":{"monday":{"open24h":false,"closed":false,"openTime":"09:00","closeTime":"17:00"},"tuesday":{"open24h":false,"closed":false,"openTime":"09:00","closeTime":"17:00"},"wednesday":{"open24h":false,"closed":false,"openTime":"09:00","closeTime":"17:00"},"thursday":{"open24h":false,"closed":false,"openTime":"09:00","closeTime":"17:00"},"friday":{"open24h":false,"closed":false,"openTime":"09:00","closeTime":"17:00"},"saturday":{"open24h":false,"closed":false,"openTime":"09:00","closeTime":"17:00"},"sunday":{"open24h":false,"closed":false,"openTime":"09:00","closeTime":"17:00"}}}},"seo_analyzer_scan_date":"2026-07-17 20:52:36","breadcrumb_settings":null,"limit_modified_date":false,"open_ai":null,"ai":null,"created":"2021-05-12 09:58:27","updated":"2026-07-17 20:52:36","focus_keyword":null,"additional_keywords":null,"truseo_locale":null},"aioseo_breadcrumb":"<div class=\"aioseo-breadcrumbs\"><span class=\"aioseo-breadcrumb\">\n\t<a href=\"https:\/\/www.eldigitaldeasturias.com\/noticias\" title=\"Home\">Home<\/a>\n<\/span><span class=\"aioseo-breadcrumb-separator\">\u2013<\/span><span class=\"aioseo-breadcrumb\">\n\t<a href=\"https:\/\/www.eldigitaldeasturias.com\/noticias\/category\/actualidad-asturias\/\" title=\"Actualidad Asturias\">Actualidad Asturias<\/a>\n<\/span><span class=\"aioseo-breadcrumb-separator\">\u2013<\/span><span class=\"aioseo-breadcrumb\">\n\t<a href=\"https:\/\/www.eldigitaldeasturias.com\/noticias\/vox-asturias-es-escandaloso-que-no-se-haya-vacunado-a-los-voluntarios-de-proteccion-civil\/\" title=\"VOX Asturias: \u00abEs escandaloso que no se haya vacunado a los voluntarios de Protecci\u00f3n civil\u00bb\">VOX Asturias: \u00abEs escandaloso que no se haya vacunado a los voluntarios de Protecci\u00f3n civil\u00bb<\/a>\n<\/span><\/div>","aioseo_breadcrumb_json":[{"label":"Home","link":"https:\/\/www.eldigitaldeasturias.com\/noticias"},{"label":"Actualidad Asturias","link":"https:\/\/www.eldigitaldeasturias.com\/noticias\/category\/actualidad-asturias\/"},{"label":"VOX Asturias: \u00abEs escandaloso que no se haya vacunado a los voluntarios de Protecci\u00f3n civil\u00bb","link":"https:\/\/www.eldigitaldeasturias.com\/noticias\/vox-asturias-es-escandaloso-que-no-se-haya-vacunado-a-los-voluntarios-de-proteccion-civil\/"}],"_links":{"self":[{"href":"https:\/\/www.eldigitaldeasturias.com\/noticias\/wp-json\/wp\/v2\/posts\/1091513","targetHints":{"allow":["GET"]}}],"collection":[{"href":"https:\/\/www.eldigitaldeasturias.com\/noticias\/wp-json\/wp\/v2\/posts"}],"about":[{"href":"https:\/\/www.eldigitaldeasturias.com\/noticias\/wp-json\/wp\/v2\/types\/post"}],"author":[{"embeddable":true,"href":"https:\/\/www.eldigitaldeasturias.com\/noticias\/wp-json\/wp\/v2\/users\/1"}],"replies":[{"embeddable":true,"href":"https:\/\/www.eldigitaldeasturias.com\/noticias\/wp-json\/wp\/v2\/comments?post=1091513"}],"version-history":[{"count":0,"href":"https:\/\/www.eldigitaldeasturias.com\/noticias\/wp-json\/wp\/v2\/posts\/1091513\/revisions"}],"wp:featuredmedia":[{"embeddable":true,"href":"https:\/\/www.eldigitaldeasturias.com\/noticias\/wp-json\/wp\/v2\/media\/1132184"}],"wp:attachment":[{"href":"https:\/\/www.eldigitaldeasturias.com\/noticias\/wp-json\/wp\/v2\/media?parent=1091513"}],"wp:term":[{"taxonomy":"category","embeddable":true,"href":"https:\/\/www.eldigitaldeasturias.com\/noticias\/wp-json\/wp\/v2\/categories?post=1091513"},{"taxonomy":"post_tag","embeddable":true,"href":"https:\/\/www.eldigitaldeasturias.com\/noticias\/wp-json\/wp\/v2\/tags?post=1091513"}],"curies":[{"name":"wp","href":"https:\/\/api.w.org\/{rel}","templated":true}]}}