{"id":1091504,"date":"2021-05-12T10:15:09","date_gmt":"2021-05-12T09:15:09","guid":{"rendered":"https:\/\/www.eldigitaldeasturias.com\/noticias\/?p=1091504"},"modified":"2021-05-12T10:15:09","modified_gmt":"2021-05-12T09:15:09","slug":"los-acusados-de-agredir-a-un-funcionario-del-capitolio-esperaran-el-juicio-en-prision-preventiva","status":"publish","type":"post","link":"https:\/\/www.eldigitaldeasturias.com\/noticias\/los-acusados-de-agredir-a-un-funcionario-del-capitolio-esperaran-el-juicio-en-prision-preventiva\/","title":{"rendered":"Los acusados de agredir a un funcionario del Capitolio esperar\u00e1n el juicio en prisi\u00f3n preventiva"},"content":{"rendered":"<p><img loading=\"lazy\" decoding=\"async\" class=\"alignleft size-medium wp-image-1000881\" src=\"https:\/\/www.eldigitaldeasturias.com\/noticias\/wp-content\/uploads\/2018\/10\/capitol-720677_960_720-360x288.jpg\" alt=\"\" width=\"360\" height=\"288\" \/>Washington (tca\/dpa) &#8211; Dos hombres de Nueva Jersey acusados de agredir al agente de la polic\u00eda del Capitolio Brian Sicknick y a otras personas durante la insurrecci\u00f3n del 6 de enero en Washington seguir\u00e1n bajo custodia a la espera del juicio, seg\u00fan dictamin\u00f3 el martes un juez federal, a pesar de las pruebas que ponen en duda ciertos aspectos del caso del gobierno contra ellos.<\/p>\n<p>Julian Khater, de 32 a\u00f1os, y George Tanios, de 39 -que crecieron juntos en New Brunswick antes de trasladarse a State College y Morgantown, Virginia Occidental, respectivamente- han estado entre rejas desde su detenci\u00f3n en marzo.<\/p>\n<p>Pero en las audiencias celebradas durante las dos \u00faltimas semanas, los abogados de ambos hombres intentaron convencer al tribunal de que sus clientes no eran m\u00e1s peligrosos que otros innumerables alborotadores del Capitolio que han sido puestos en libertad bajo fianza.<\/p>\n<p>En el caso de Khater, 16 familiares se ofrecieron a poner 15 millones de d\u00f3lares en propiedades como garant\u00eda en caso de que el juez lo liberara. Por su parte, la abogada de Tanios, Elizabeth Gross, consigui\u00f3 que los fiscales admitieran que uno de los aspectos m\u00e1s llamativos de su caso ya hab\u00eda demostrado no ser cierto.<\/p>\n<p>Inicialmente, los abogados del gobierno hab\u00edan alegado que Khater y Tanios se dirigieron juntos a Washington el 6 de enero, parando en el camino en un concesionario de armas para recoger el spray para osos que Khater utiliz\u00f3 m\u00e1s tarde para rociar a Sicknick y a otros dos oficiales mientras una turba rebelde se abr\u00eda paso en el edificio del Capitolio.<\/p>\n<p>Pero desde la detenci\u00f3n de su cliente, Gross present\u00f3 el bote de espray para osos que Tanios compr\u00f3 ese d\u00eda y que a\u00fan no hab\u00eda utilizado. Los abogados de ambos hombres argumentaron que lo trajeron no como parte de un complot planeado para atacar a los oficiales, sino para defenderse en caso de que estallara la violencia, como hab\u00eda sucedido en m\u00edtines anteriores de partidarios de Donald Trump en Washington.<\/p>\n<p>\u00abSus \u00fanicos planes eran asistir a este mitin\u00bb, dijo Gross. \u00abNo era ir a un disturbio. Era ir a apoyar a su presidente\u00bb.<\/p>\n<p>Aun as\u00ed, Khater fue grabado en v\u00eddeo rociando algo que provoc\u00f3 una reacci\u00f3n f\u00edsica de Sicknick y otros agentes. Aunque admiten que se equivocaron con el spray para osos, los fiscales sostienen que es m\u00e1s probable que se trate de un spray de pimienta.<\/p>\n<p>Y, con independencia de que Khater y Tanios utilizaran o no espray para osos, dijo el fiscal adjunto Gilead I Light, el hecho de que se detuvieran para abastecerse de agentes qu\u00edmicos sugiere que su papel en la violencia fue premeditado.<\/p>\n<p>\u00ab\u00bfPor qu\u00e9 compran spray para osos para ir a una ciudad?\u00bb, pregunt\u00f3 en el tribunal la semana pasada. \u00abEs un hecho incuestionable que no hay osos en el centro de DC. &#8230; Realmente s\u00f3lo hay una explicaci\u00f3n del porqu\u00e9: que entend\u00edan lo que iba a ocurrir el 6 de enero y estaban preparados para usarlo.\u00bb<\/p>\n<p>El juez de distrito de EE.UU. Thomas F. Hogan se inclin\u00f3 por estar de acuerdo. Tras revisar las grabaciones de las c\u00e1maras corporales de los tres agentes heridos y los v\u00eddeos difundidos en las redes sociales, lleg\u00f3 a la conclusi\u00f3n de que ambos hombres siguen representando un peligro para la comunidad.<\/p>\n<p>Las im\u00e1genes reproducidas para el tribunal mostraban a Khater acerc\u00e1ndose a Tanios en medio del caos que se desat\u00f3 en el lado oeste del Capitolio. \u00abDame ese oso\u00bb, se le oye decir, a lo que Tanios responde: \u00abEspera. Todav\u00eda no, todav\u00eda no, a\u00fan es pronto\u00bb.<\/p>\n<p>\u00abLas pruebas cuando las miras sugieren que los acusados ten\u00edan un plan\u00bb, dijo Hogan el martes. \u00abLo hablaron al pie del Capitolio, vieron lo que estaba pasando y ten\u00edan un plan para usar esos dispositivos como armas. &#8230; Ten\u00edamos la preparaci\u00f3n y la ejecuci\u00f3n de un asalto violento\u00bb.<\/p>\n<p>M\u00e1s de 140 agentes han informado de las lesiones causadas por la turba de alborotadores que atacaron el Capitolio ese d\u00eda, en algunos casos armados con bates, palos de hockey y mazos. Sicknick es el \u00fanico que muri\u00f3 en las horas posteriores.<\/p>\n<p>Veterano de la Polic\u00eda del Capitolio desde hace 13 a\u00f1os y criado en South River (Nueva Jersey), se desplom\u00f3 justo despu\u00e9s de que el Capitolio fuera desalojado. Y aunque los investigadores dijeron inicialmente que estaban llevando a cabo una investigaci\u00f3n de asesinato, el reciente hallazgo del m\u00e9dico forense de que Sicknick sufri\u00f3 dos derrames cerebrales y muri\u00f3 por causas naturales -y no por exposici\u00f3n a un irritante qu\u00edmico como se sospechaba inicialmente- ha complicado esos esfuerzos.<\/p>\n<p>Khater y Tanios est\u00e1n acusados de cargos que incluyen conspiraci\u00f3n, agresi\u00f3n a agentes de polic\u00eda, desorden civil y obstrucci\u00f3n al Congreso, el m\u00e1s grave de los cuales podr\u00eda llevarles a prisi\u00f3n hasta 20 a\u00f1os.<\/p>\n<p>By Jeremy Roebuck, The Philadelphia Inquirer<\/p>\n","protected":false},"excerpt":{"rendered":"<p>Washington (tca\/dpa) &#8211; Dos hombres de Nueva Jersey acusados de agredir al agente de la polic\u00eda del Capitolio Brian Sicknick y a otras personas durante la insurrecci\u00f3n del 6 de enero en Washington seguir\u00e1n bajo custodia a la espera del juicio, seg\u00fan dictamin\u00f3 el martes un juez federal, a pesar de las pruebas que ponen [&hellip;]<\/p>\n","protected":false},"author":1,"featured_media":1000881,"comment_status":"closed","ping_status":"closed","sticky":false,"template":"","format":"standard","meta":{"footnotes":""},"categories":[5],"tags":[],"class_list":["post-1091504","post","type-post","status-publish","format-standard","has-post-thumbnail","hentry","category-sucesos"],"aioseo_notices":[],"aioseo_head":"\n\t\t<!-- All in One SEO Pro 5.0.1 - aioseo.com -->\n\t<meta name=\"description\" content=\"El juez de distrito de EE.UU. Thomas F. Hogan se inclin\u00f3 por estar de acuerdo. Tras revisar las grabaciones de las c\u00e1maras corporales de los tres agentes ..\" \/>\n\t<meta name=\"robots\" content=\"max-image-preview:large\" \/>\n\t<meta name=\"author\" content=\"El Digital de Asturias\"\/>\n\t<meta name=\"google-site-verification\" content=\"UA-38556648-1\" \/>\n\t<meta name=\"msvalidate.01\" content=\"7dfe9f3f1b24437ab69f4f2559babe99\" \/>\n\t<meta name=\"keywords\" content=\"sucesos\" \/>\n\t<link rel=\"canonical\" href=\"https:\/\/www.eldigitaldeasturias.com\/noticias\/los-acusados-de-agredir-a-un-funcionario-del-capitolio-esperaran-el-juicio-en-prision-preventiva\/\" \/>\n\t<meta name=\"generator\" content=\"All in One SEO Pro (AIOSEO) 5.0.1\" \/>\n\t\t<meta property=\"og:locale\" content=\"es_ES\" \/>\n\t\t<meta property=\"og:site_name\" content=\"El Digital de Asturias\" \/>\n\t\t<meta property=\"og:type\" content=\"article\" \/>\n\t\t<meta property=\"og:title\" content=\"Los acusados de agredir a un funcionario del Capitolio esperar\u00e1n el juicio en prisi\u00f3n preventiva - El Digital de Asturias\" \/>\n\t\t<meta property=\"og:description\" content=\"El juez de distrito de EE.UU. Thomas F. Hogan se inclin\u00f3 por estar de acuerdo. Tras revisar las grabaciones de las c\u00e1maras corporales de los tres agentes ..\" \/>\n\t\t<meta property=\"og:url\" content=\"https:\/\/www.eldigitaldeasturias.com\/noticias\/los-acusados-de-agredir-a-un-funcionario-del-capitolio-esperaran-el-juicio-en-prision-preventiva\/\" \/>\n\t\t<meta property=\"article:tag\" content=\"sucesos\" \/>\n\t\t<meta property=\"article:published_time\" content=\"2021-05-12T09:15:09+00:00\" \/>\n\t\t<meta property=\"article:modified_time\" content=\"2021-05-12T09:15:09+00:00\" \/>\n\t\t<meta property=\"article:publisher\" content=\"https:\/\/facebook.com\/eldigitaldeasturias\" \/>\n\t\t<meta name=\"twitter:card\" content=\"summary_large_image\" \/>\n\t\t<meta name=\"twitter:title\" content=\"Los acusados de agredir a un funcionario del Capitolio esperar\u00e1n el juicio en prisi\u00f3n preventiva - El Digital de Asturias\" \/>\n\t\t<meta name=\"twitter:description\" content=\"El juez de distrito de EE.UU. Thomas F. Hogan se inclin\u00f3 por estar de acuerdo. Tras revisar las grabaciones de las c\u00e1maras corporales de los tres agentes ..\" \/>\n\t\t<meta name=\"twitter:image\" content=\"https:\/\/www.eldigitaldeasturias.com\/noticias\/wp-content\/uploads\/2020\/12\/EDA-1.jpg\" \/>\n\t\t<meta name=\"twitter:label1\" content=\"Escrito por\" \/>\n\t\t<meta name=\"twitter:data1\" content=\"El Digital de Asturias\" \/>\n\t\t<meta name=\"twitter:label2\" content=\"Tiempo de lectura estimado\" \/>\n\t\t<meta name=\"twitter:data2\" content=\"4 minutos\" \/>\n\t\t<script type=\"application\/ld+json\" class=\"aioseo-schema\">\n\t\t\t{\"@context\":\"https:\\\/\\\/schema.org\",\"@graph\":[{\"@type\":\"BlogPosting\",\"@id\":\"https:\\\/\\\/www.eldigitaldeasturias.com\\\/noticias\\\/los-acusados-de-agredir-a-un-funcionario-del-capitolio-esperaran-el-juicio-en-prision-preventiva\\\/#blogposting\",\"name\":\"Los acusados de agredir a un funcionario del Capitolio esperar\\u00e1n el juicio en prisi\\u00f3n preventiva - El Digital de Asturias\",\"headline\":\"Los acusados de agredir a un funcionario del Capitolio esperar\\u00e1n el juicio en prisi\\u00f3n preventiva\",\"author\":{\"@id\":\"https:\\\/\\\/www.eldigitaldeasturias.com\\\/noticias\\\/author\\\/admin\\\/#author\"},\"publisher\":{\"@id\":\"https:\\\/\\\/www.eldigitaldeasturias.com\\\/noticias\\\/#organization\"},\"image\":{\"@type\":\"ImageObject\",\"url\":1000881},\"datePublished\":\"2021-05-12T10:15:09+02:00\",\"dateModified\":\"2021-05-12T10:15:09+02:00\",\"inLanguage\":\"es-ES\",\"mainEntityOfPage\":{\"@id\":\"https:\\\/\\\/www.eldigitaldeasturias.com\\\/noticias\\\/los-acusados-de-agredir-a-un-funcionario-del-capitolio-esperaran-el-juicio-en-prision-preventiva\\\/#webpage\"},\"isPartOf\":{\"@id\":\"https:\\\/\\\/www.eldigitaldeasturias.com\\\/noticias\\\/los-acusados-de-agredir-a-un-funcionario-del-capitolio-esperaran-el-juicio-en-prision-preventiva\\\/#webpage\"},\"articleSection\":\"Sucesos\"},{\"@type\":\"BreadcrumbList\",\"@id\":\"https:\\\/\\\/www.eldigitaldeasturias.com\\\/noticias\\\/los-acusados-de-agredir-a-un-funcionario-del-capitolio-esperaran-el-juicio-en-prision-preventiva\\\/#breadcrumblist\",\"itemListElement\":[{\"@type\":\"ListItem\",\"@id\":\"https:\\\/\\\/www.eldigitaldeasturias.com\\\/noticias#listItem\",\"position\":1,\"name\":\"Home\",\"item\":\"https:\\\/\\\/www.eldigitaldeasturias.com\\\/noticias\",\"nextItem\":{\"@type\":\"ListItem\",\"@id\":\"https:\\\/\\\/www.eldigitaldeasturias.com\\\/noticias\\\/category\\\/sucesos\\\/#listItem\",\"name\":\"Sucesos\"}},{\"@type\":\"ListItem\",\"@id\":\"https:\\\/\\\/www.eldigitaldeasturias.com\\\/noticias\\\/category\\\/sucesos\\\/#listItem\",\"position\":2,\"name\":\"Sucesos\",\"item\":\"https:\\\/\\\/www.eldigitaldeasturias.com\\\/noticias\\\/category\\\/sucesos\\\/\",\"nextItem\":{\"@type\":\"ListItem\",\"@id\":\"https:\\\/\\\/www.eldigitaldeasturias.com\\\/noticias\\\/los-acusados-de-agredir-a-un-funcionario-del-capitolio-esperaran-el-juicio-en-prision-preventiva\\\/#listItem\",\"name\":\"Los acusados de agredir a un funcionario del Capitolio esperar\\u00e1n el juicio en prisi\\u00f3n preventiva\"},\"previousItem\":{\"@type\":\"ListItem\",\"@id\":\"https:\\\/\\\/www.eldigitaldeasturias.com\\\/noticias#listItem\",\"name\":\"Home\"}},{\"@type\":\"ListItem\",\"@id\":\"https:\\\/\\\/www.eldigitaldeasturias.com\\\/noticias\\\/los-acusados-de-agredir-a-un-funcionario-del-capitolio-esperaran-el-juicio-en-prision-preventiva\\\/#listItem\",\"position\":3,\"name\":\"Los acusados de agredir a un funcionario del Capitolio esperar\\u00e1n el juicio en prisi\\u00f3n preventiva\",\"previousItem\":{\"@type\":\"ListItem\",\"@id\":\"https:\\\/\\\/www.eldigitaldeasturias.com\\\/noticias\\\/category\\\/sucesos\\\/#listItem\",\"name\":\"Sucesos\"}}]},{\"@type\":\"Organization\",\"@id\":\"https:\\\/\\\/www.eldigitaldeasturias.com\\\/noticias\\\/#organization\",\"name\":\"El Digital de Asturias\",\"description\":\"Hemeroteca\",\"url\":\"https:\\\/\\\/www.eldigitaldeasturias.com\\\/noticias\\\/\",\"email\":\"info@eldigitaldeasturias.com\",\"telephone\":\"+34652131393\",\"logo\":{\"@type\":\"ImageObject\",\"url\":\"https:\\\/\\\/www.eldigitaldeasturias.com\\\/noticias\\\/wp-content\\\/uploads\\\/2020\\\/12\\\/EDA.jpg\",\"@id\":\"https:\\\/\\\/www.eldigitaldeasturias.com\\\/noticias\\\/los-acusados-de-agredir-a-un-funcionario-del-capitolio-esperaran-el-juicio-en-prision-preventiva\\\/#organizationLogo\"},\"image\":{\"@id\":\"https:\\\/\\\/www.eldigitaldeasturias.com\\\/noticias\\\/los-acusados-de-agredir-a-un-funcionario-del-capitolio-esperaran-el-juicio-en-prision-preventiva\\\/#organizationLogo\"},\"sameAs\":[\"https:\\\/\\\/facebook.com\\\/eldigitaldeasturias\",\"https:\\\/\\\/www.youtube.com\\\/channel\\\/UCZP-2wLEB9Rv6erhFmqVnvg\"],\"address\":{\"@id\":\"https:\\\/\\\/www.eldigitaldeasturias.com\\\/noticias\\\/#postaladdress\",\"@type\":\"PostalAddress\",\"streetAddress\":\"san antonio 4\",\"postalCode\":\"33430\",\"addressLocality\":\"Cand\\u00e1s\",\"addressRegion\":\"Asturias\",\"addressCountry\":\"ES\"}},{\"@type\":\"Person\",\"@id\":\"https:\\\/\\\/www.eldigitaldeasturias.com\\\/noticias\\\/author\\\/admin\\\/#author\",\"url\":\"https:\\\/\\\/www.eldigitaldeasturias.com\\\/noticias\\\/author\\\/admin\\\/\",\"name\":\"El Digital de Asturias\",\"image\":{\"@type\":\"ImageObject\",\"@id\":\"https:\\\/\\\/www.eldigitaldeasturias.com\\\/noticias\\\/los-acusados-de-agredir-a-un-funcionario-del-capitolio-esperaran-el-juicio-en-prision-preventiva\\\/#authorImage\",\"url\":\"https:\\\/\\\/secure.gravatar.com\\\/avatar\\\/df2aeffc32bcd13f8d26072ef8a91b623d677766deac7f97ca815868cd41bf5e?s=96&d=mm&r=g\",\"width\":96,\"height\":96,\"caption\":\"El Digital de Asturias\"}},{\"@type\":\"WebPage\",\"@id\":\"https:\\\/\\\/www.eldigitaldeasturias.com\\\/noticias\\\/los-acusados-de-agredir-a-un-funcionario-del-capitolio-esperaran-el-juicio-en-prision-preventiva\\\/#webpage\",\"url\":\"https:\\\/\\\/www.eldigitaldeasturias.com\\\/noticias\\\/los-acusados-de-agredir-a-un-funcionario-del-capitolio-esperaran-el-juicio-en-prision-preventiva\\\/\",\"name\":\"Los acusados de agredir a un funcionario del Capitolio esperar\\u00e1n el juicio en prisi\\u00f3n preventiva - El Digital de Asturias\",\"description\":\"El juez de distrito de EE.UU. Thomas F. Hogan se inclin\\u00f3 por estar de acuerdo. Tras revisar las grabaciones de las c\\u00e1maras corporales de los tres agentes ..\",\"inLanguage\":\"es-ES\",\"isPartOf\":{\"@id\":\"https:\\\/\\\/www.eldigitaldeasturias.com\\\/noticias\\\/#website\"},\"breadcrumb\":{\"@id\":\"https:\\\/\\\/www.eldigitaldeasturias.com\\\/noticias\\\/los-acusados-de-agredir-a-un-funcionario-del-capitolio-esperaran-el-juicio-en-prision-preventiva\\\/#breadcrumblist\"},\"author\":{\"@id\":\"https:\\\/\\\/www.eldigitaldeasturias.com\\\/noticias\\\/author\\\/admin\\\/#author\"},\"creator\":{\"@id\":\"https:\\\/\\\/www.eldigitaldeasturias.com\\\/noticias\\\/author\\\/admin\\\/#author\"},\"image\":{\"@type\":\"ImageObject\",\"url\":1000881,\"@id\":\"https:\\\/\\\/www.eldigitaldeasturias.com\\\/noticias\\\/los-acusados-de-agredir-a-un-funcionario-del-capitolio-esperaran-el-juicio-en-prision-preventiva\\\/#mainImage\"},\"primaryImageOfPage\":{\"@id\":\"https:\\\/\\\/www.eldigitaldeasturias.com\\\/noticias\\\/los-acusados-de-agredir-a-un-funcionario-del-capitolio-esperaran-el-juicio-en-prision-preventiva\\\/#mainImage\"},\"datePublished\":\"2021-05-12T10:15:09+02:00\",\"dateModified\":\"2021-05-12T10:15:09+02:00\"},{\"@type\":\"WebSite\",\"@id\":\"https:\\\/\\\/www.eldigitaldeasturias.com\\\/noticias\\\/#website\",\"url\":\"https:\\\/\\\/www.eldigitaldeasturias.com\\\/noticias\\\/\",\"name\":\"El Digital de Asturias - Diario de actualidad y noticias\",\"alternateName\":\"El Digital de Asturias - Diario de actualidad y noticias\",\"description\":\"Hemeroteca\",\"inLanguage\":\"es-ES\",\"publisher\":{\"@id\":\"https:\\\/\\\/www.eldigitaldeasturias.com\\\/noticias\\\/#organization\"}}]}\n\t\t<\/script>\n\t\t<!-- All in One SEO Pro -->\r\n\t\t<title>Los acusados de agredir a un funcionario del Capitolio esperar\u00e1n el juicio en prisi\u00f3n preventiva - El Digital de Asturias<\/title>\n\n","aioseo_head_json":{"title":"Los acusados de agredir a un funcionario del Capitolio esperar\u00e1n el juicio en prisi\u00f3n preventiva - El Digital de Asturias","description":"El juez de distrito de EE.UU. Thomas F. Hogan se inclin\u00f3 por estar de acuerdo. Tras revisar las grabaciones de las c\u00e1maras corporales de los tres agentes ..","canonical_url":"https:\/\/www.eldigitaldeasturias.com\/noticias\/los-acusados-de-agredir-a-un-funcionario-del-capitolio-esperaran-el-juicio-en-prision-preventiva\/","robots":"max-image-preview:large","keywords":"sucesos","webmasterTools":{"google-site-verification":"UA-38556648-1","msvalidate.01":"7dfe9f3f1b24437ab69f4f2559babe99","miscellaneous":""},"schema":{"@context":"https:\/\/schema.org","@graph":[{"@type":"BlogPosting","@id":"https:\/\/www.eldigitaldeasturias.com\/noticias\/los-acusados-de-agredir-a-un-funcionario-del-capitolio-esperaran-el-juicio-en-prision-preventiva\/#blogposting","name":"Los acusados de agredir a un funcionario del Capitolio esperar\u00e1n el juicio en prisi\u00f3n preventiva - El Digital de Asturias","headline":"Los acusados de agredir a un funcionario del Capitolio esperar\u00e1n el juicio en prisi\u00f3n preventiva","author":{"@id":"https:\/\/www.eldigitaldeasturias.com\/noticias\/author\/admin\/#author"},"publisher":{"@id":"https:\/\/www.eldigitaldeasturias.com\/noticias\/#organization"},"image":{"@type":"ImageObject","url":1000881},"datePublished":"2021-05-12T10:15:09+02:00","dateModified":"2021-05-12T10:15:09+02:00","inLanguage":"es-ES","mainEntityOfPage":{"@id":"https:\/\/www.eldigitaldeasturias.com\/noticias\/los-acusados-de-agredir-a-un-funcionario-del-capitolio-esperaran-el-juicio-en-prision-preventiva\/#webpage"},"isPartOf":{"@id":"https:\/\/www.eldigitaldeasturias.com\/noticias\/los-acusados-de-agredir-a-un-funcionario-del-capitolio-esperaran-el-juicio-en-prision-preventiva\/#webpage"},"articleSection":"Sucesos"},{"@type":"BreadcrumbList","@id":"https:\/\/www.eldigitaldeasturias.com\/noticias\/los-acusados-de-agredir-a-un-funcionario-del-capitolio-esperaran-el-juicio-en-prision-preventiva\/#breadcrumblist","itemListElement":[{"@type":"ListItem","@id":"https:\/\/www.eldigitaldeasturias.com\/noticias#listItem","position":1,"name":"Home","item":"https:\/\/www.eldigitaldeasturias.com\/noticias","nextItem":{"@type":"ListItem","@id":"https:\/\/www.eldigitaldeasturias.com\/noticias\/category\/sucesos\/#listItem","name":"Sucesos"}},{"@type":"ListItem","@id":"https:\/\/www.eldigitaldeasturias.com\/noticias\/category\/sucesos\/#listItem","position":2,"name":"Sucesos","item":"https:\/\/www.eldigitaldeasturias.com\/noticias\/category\/sucesos\/","nextItem":{"@type":"ListItem","@id":"https:\/\/www.eldigitaldeasturias.com\/noticias\/los-acusados-de-agredir-a-un-funcionario-del-capitolio-esperaran-el-juicio-en-prision-preventiva\/#listItem","name":"Los acusados de agredir a un funcionario del Capitolio esperar\u00e1n el juicio en prisi\u00f3n preventiva"},"previousItem":{"@type":"ListItem","@id":"https:\/\/www.eldigitaldeasturias.com\/noticias#listItem","name":"Home"}},{"@type":"ListItem","@id":"https:\/\/www.eldigitaldeasturias.com\/noticias\/los-acusados-de-agredir-a-un-funcionario-del-capitolio-esperaran-el-juicio-en-prision-preventiva\/#listItem","position":3,"name":"Los acusados de agredir a un funcionario del Capitolio esperar\u00e1n el juicio en prisi\u00f3n preventiva","previousItem":{"@type":"ListItem","@id":"https:\/\/www.eldigitaldeasturias.com\/noticias\/category\/sucesos\/#listItem","name":"Sucesos"}}]},{"@type":"Organization","@id":"https:\/\/www.eldigitaldeasturias.com\/noticias\/#organization","name":"El Digital de Asturias","description":"Hemeroteca","url":"https:\/\/www.eldigitaldeasturias.com\/noticias\/","email":"info@eldigitaldeasturias.com","telephone":"+34652131393","logo":{"@type":"ImageObject","url":"https:\/\/www.eldigitaldeasturias.com\/noticias\/wp-content\/uploads\/2020\/12\/EDA.jpg","@id":"https:\/\/www.eldigitaldeasturias.com\/noticias\/los-acusados-de-agredir-a-un-funcionario-del-capitolio-esperaran-el-juicio-en-prision-preventiva\/#organizationLogo"},"image":{"@id":"https:\/\/www.eldigitaldeasturias.com\/noticias\/los-acusados-de-agredir-a-un-funcionario-del-capitolio-esperaran-el-juicio-en-prision-preventiva\/#organizationLogo"},"sameAs":["https:\/\/facebook.com\/eldigitaldeasturias","https:\/\/www.youtube.com\/channel\/UCZP-2wLEB9Rv6erhFmqVnvg"],"address":{"@id":"https:\/\/www.eldigitaldeasturias.com\/noticias\/#postaladdress","@type":"PostalAddress","streetAddress":"san antonio 4","postalCode":"33430","addressLocality":"Cand\u00e1s","addressRegion":"Asturias","addressCountry":"ES"}},{"@type":"Person","@id":"https:\/\/www.eldigitaldeasturias.com\/noticias\/author\/admin\/#author","url":"https:\/\/www.eldigitaldeasturias.com\/noticias\/author\/admin\/","name":"El Digital de Asturias","image":{"@type":"ImageObject","@id":"https:\/\/www.eldigitaldeasturias.com\/noticias\/los-acusados-de-agredir-a-un-funcionario-del-capitolio-esperaran-el-juicio-en-prision-preventiva\/#authorImage","url":"https:\/\/secure.gravatar.com\/avatar\/df2aeffc32bcd13f8d26072ef8a91b623d677766deac7f97ca815868cd41bf5e?s=96&d=mm&r=g","width":96,"height":96,"caption":"El Digital de Asturias"}},{"@type":"WebPage","@id":"https:\/\/www.eldigitaldeasturias.com\/noticias\/los-acusados-de-agredir-a-un-funcionario-del-capitolio-esperaran-el-juicio-en-prision-preventiva\/#webpage","url":"https:\/\/www.eldigitaldeasturias.com\/noticias\/los-acusados-de-agredir-a-un-funcionario-del-capitolio-esperaran-el-juicio-en-prision-preventiva\/","name":"Los acusados de agredir a un funcionario del Capitolio esperar\u00e1n el juicio en prisi\u00f3n preventiva - El Digital de Asturias","description":"El juez de distrito de EE.UU. Thomas F. Hogan se inclin\u00f3 por estar de acuerdo. Tras revisar las grabaciones de las c\u00e1maras corporales de los tres agentes ..","inLanguage":"es-ES","isPartOf":{"@id":"https:\/\/www.eldigitaldeasturias.com\/noticias\/#website"},"breadcrumb":{"@id":"https:\/\/www.eldigitaldeasturias.com\/noticias\/los-acusados-de-agredir-a-un-funcionario-del-capitolio-esperaran-el-juicio-en-prision-preventiva\/#breadcrumblist"},"author":{"@id":"https:\/\/www.eldigitaldeasturias.com\/noticias\/author\/admin\/#author"},"creator":{"@id":"https:\/\/www.eldigitaldeasturias.com\/noticias\/author\/admin\/#author"},"image":{"@type":"ImageObject","url":1000881,"@id":"https:\/\/www.eldigitaldeasturias.com\/noticias\/los-acusados-de-agredir-a-un-funcionario-del-capitolio-esperaran-el-juicio-en-prision-preventiva\/#mainImage"},"primaryImageOfPage":{"@id":"https:\/\/www.eldigitaldeasturias.com\/noticias\/los-acusados-de-agredir-a-un-funcionario-del-capitolio-esperaran-el-juicio-en-prision-preventiva\/#mainImage"},"datePublished":"2021-05-12T10:15:09+02:00","dateModified":"2021-05-12T10:15:09+02:00"},{"@type":"WebSite","@id":"https:\/\/www.eldigitaldeasturias.com\/noticias\/#website","url":"https:\/\/www.eldigitaldeasturias.com\/noticias\/","name":"El Digital de Asturias - Diario de actualidad y noticias","alternateName":"El Digital de Asturias - Diario de actualidad y noticias","description":"Hemeroteca","inLanguage":"es-ES","publisher":{"@id":"https:\/\/www.eldigitaldeasturias.com\/noticias\/#organization"}}]},"og:locale":"es_ES","og:site_name":"El Digital de Asturias","og:type":"article","og:title":"Los acusados de agredir a un funcionario del Capitolio esperar\u00e1n el juicio en prisi\u00f3n preventiva - El Digital de Asturias","og:description":"El juez de distrito de EE.UU. Thomas F. Hogan se inclin\u00f3 por estar de acuerdo. Tras revisar las grabaciones de las c\u00e1maras corporales de los tres agentes ..","og:url":"https:\/\/www.eldigitaldeasturias.com\/noticias\/los-acusados-de-agredir-a-un-funcionario-del-capitolio-esperaran-el-juicio-en-prision-preventiva\/","article:tag":["sucesos"],"article:published_time":"2021-05-12T09:15:09+00:00","article:modified_time":"2021-05-12T09:15:09+00:00","article:publisher":"https:\/\/facebook.com\/eldigitaldeasturias","twitter:card":"summary_large_image","twitter:title":"Los acusados de agredir a un funcionario del Capitolio esperar\u00e1n el juicio en prisi\u00f3n preventiva - El Digital de Asturias","twitter:description":"El juez de distrito de EE.UU. Thomas F. Hogan se inclin\u00f3 por estar de acuerdo. Tras revisar las grabaciones de las c\u00e1maras corporales de los tres agentes ..","twitter:image":"https:\/\/www.eldigitaldeasturias.com\/noticias\/wp-content\/uploads\/2020\/12\/EDA-1.jpg","twitter:label1":"Escrito por","twitter:data1":"El Digital de Asturias","twitter:label2":"Tiempo de lectura estimado","twitter:data2":"4 minutos"},"aioseo_meta_data":{"post_id":"1091504","title":null,"description":"El juez de distrito de EE.UU. Thomas F. Hogan se inclin\u00f3 por estar de acuerdo. Tras revisar las grabaciones de las c\u00e1maras corporales de los tres agentes ..","keywords":[],"keyphrases":{"focus":[],"additional":[]},"primary_term":null,"canonical_url":null,"og_title":null,"og_description":null,"og_object_type":"default","og_image_type":"default","og_image_url":null,"og_image_width":null,"og_image_height":null,"og_image_custom_url":null,"og_image_custom_fields":null,"og_video":"","og_custom_url":null,"og_article_section":null,"og_article_tags":[],"twitter_use_og":false,"twitter_card":"default","twitter_image_type":"default","twitter_image_url":null,"twitter_image_custom_url":null,"twitter_image_custom_fields":null,"twitter_title":null,"twitter_description":null,"schema":{"blockGraphs":[],"customGraphs":[],"default":{"data":{"Article":[],"Course":[],"Dataset":[],"FAQPage":[],"Movie":[],"Person":[],"Product":[],"ProductReview":[],"Car":[],"Recipe":[],"Service":[],"SoftwareApplication":[],"WebPage":[]},"graphName":"","isEnabled":true},"graphs":[],"defaultGraph":"Article","defaultPostTypeGraph":""},"schema_type":"default","schema_type_options":"{\"article\":{\"articleType\":\"BlogPosting\"},\"course\":{\"name\":\"\",\"description\":\"\",\"provider\":\"\"},\"faq\":{\"pages\":[]},\"product\":{\"reviews\":[]},\"recipe\":{\"ingredients\":[],\"instructions\":[],\"keywords\":[]},\"software\":{\"reviews\":[],\"operatingSystems\":[]},\"webPage\":{\"webPageType\":\"WebPage\"}}","pillar_content":false,"robots_default":true,"robots_noindex":false,"robots_noarchive":false,"robots_nosnippet":false,"robots_nofollow":false,"robots_noimageindex":false,"robots_noodp":false,"robots_notranslate":false,"robots_max_snippet":"-1","robots_max_videopreview":"-1","robots_max_imagepreview":"large","priority":null,"frequency":"default","local_seo":{"locations":{"business":{"name":"","businessType":"","image":"","areaServed":"","urls":{"website":"","aboutPage":"","contactPage":""},"address":{"streetLine1":"","streetLine2":"","zipCode":"","city":"","state":"","country":"","addressFormat":"#streetLineOne\n#streetLineTwo\n#city, #state #zipCode"},"contact":{"phone":"","email":"","fax":""},"ids":{"vat":"","tax":"","chamberOfCommerce":""},"payment":{"priceRange":"","currenciesAccepted":"","methods":""}}},"openingHours":{"useDefaults":true,"show":true,"alwaysOpen":false,"use24hFormat":false,"timezone":"","labels":{"closed":"","alwaysOpen":""},"days":{"monday":{"open24h":false,"closed":false,"openTime":"09:00","closeTime":"17:00"},"tuesday":{"open24h":false,"closed":false,"openTime":"09:00","closeTime":"17:00"},"wednesday":{"open24h":false,"closed":false,"openTime":"09:00","closeTime":"17:00"},"thursday":{"open24h":false,"closed":false,"openTime":"09:00","closeTime":"17:00"},"friday":{"open24h":false,"closed":false,"openTime":"09:00","closeTime":"17:00"},"saturday":{"open24h":false,"closed":false,"openTime":"09:00","closeTime":"17:00"},"sunday":{"open24h":false,"closed":false,"openTime":"09:00","closeTime":"17:00"}}}},"seo_analyzer_scan_date":"2026-07-17 20:47:40","breadcrumb_settings":null,"limit_modified_date":false,"open_ai":null,"ai":null,"created":"2021-05-12 09:12:11","updated":"2026-07-17 20:47:40","focus_keyword":null,"additional_keywords":null,"truseo_locale":null},"aioseo_breadcrumb":"<div class=\"aioseo-breadcrumbs\"><span class=\"aioseo-breadcrumb\">\n\t<a href=\"https:\/\/www.eldigitaldeasturias.com\/noticias\" title=\"Home\">Home<\/a>\n<\/span><span class=\"aioseo-breadcrumb-separator\">\u2013<\/span><span class=\"aioseo-breadcrumb\">\n\t<a href=\"https:\/\/www.eldigitaldeasturias.com\/noticias\/category\/sucesos\/\" title=\"Sucesos\">Sucesos<\/a>\n<\/span><span class=\"aioseo-breadcrumb-separator\">\u2013<\/span><span class=\"aioseo-breadcrumb\">\n\t<a href=\"https:\/\/www.eldigitaldeasturias.com\/noticias\/los-acusados-de-agredir-a-un-funcionario-del-capitolio-esperaran-el-juicio-en-prision-preventiva\/\" title=\"Los acusados de agredir a un funcionario del Capitolio esperar\u00e1n el juicio en prisi\u00f3n preventiva\">Los acusados de agredir a un funcionario del Capitolio esperar\u00e1n el juicio en prisi\u00f3n preventiva<\/a>\n<\/span><\/div>","aioseo_breadcrumb_json":[{"label":"Home","link":"https:\/\/www.eldigitaldeasturias.com\/noticias"},{"label":"Sucesos","link":"https:\/\/www.eldigitaldeasturias.com\/noticias\/category\/sucesos\/"},{"label":"Los acusados de agredir a un funcionario del Capitolio esperar\u00e1n el juicio en prisi\u00f3n preventiva","link":"https:\/\/www.eldigitaldeasturias.com\/noticias\/los-acusados-de-agredir-a-un-funcionario-del-capitolio-esperaran-el-juicio-en-prision-preventiva\/"}],"_links":{"self":[{"href":"https:\/\/www.eldigitaldeasturias.com\/noticias\/wp-json\/wp\/v2\/posts\/1091504","targetHints":{"allow":["GET"]}}],"collection":[{"href":"https:\/\/www.eldigitaldeasturias.com\/noticias\/wp-json\/wp\/v2\/posts"}],"about":[{"href":"https:\/\/www.eldigitaldeasturias.com\/noticias\/wp-json\/wp\/v2\/types\/post"}],"author":[{"embeddable":true,"href":"https:\/\/www.eldigitaldeasturias.com\/noticias\/wp-json\/wp\/v2\/users\/1"}],"replies":[{"embeddable":true,"href":"https:\/\/www.eldigitaldeasturias.com\/noticias\/wp-json\/wp\/v2\/comments?post=1091504"}],"version-history":[{"count":0,"href":"https:\/\/www.eldigitaldeasturias.com\/noticias\/wp-json\/wp\/v2\/posts\/1091504\/revisions"}],"wp:attachment":[{"href":"https:\/\/www.eldigitaldeasturias.com\/noticias\/wp-json\/wp\/v2\/media?parent=1091504"}],"wp:term":[{"taxonomy":"category","embeddable":true,"href":"https:\/\/www.eldigitaldeasturias.com\/noticias\/wp-json\/wp\/v2\/categories?post=1091504"},{"taxonomy":"post_tag","embeddable":true,"href":"https:\/\/www.eldigitaldeasturias.com\/noticias\/wp-json\/wp\/v2\/tags?post=1091504"}],"curies":[{"name":"wp","href":"https:\/\/api.w.org\/{rel}","templated":true}]}}