{"id":1091465,"date":"2021-05-11T18:34:11","date_gmt":"2021-05-11T17:34:11","guid":{"rendered":"https:\/\/www.eldigitaldeasturias.com\/noticias\/?p=1091465"},"modified":"2021-05-11T18:34:11","modified_gmt":"2021-05-11T17:34:11","slug":"plan-para-potenciar-a-las-empresas-innovadoras-asturianas","status":"publish","type":"post","link":"https:\/\/www.eldigitaldeasturias.com\/noticias\/plan-para-potenciar-a-las-empresas-innovadoras-asturianas\/","title":{"rendered":"Plan para potenciar a las empresas innovadoras asturianas"},"content":{"rendered":"<figure id=\"attachment_1091466\" aria-describedby=\"caption-attachment-1091466\" style=\"width: 360px\" class=\"wp-caption alignleft\"><img loading=\"lazy\" decoding=\"async\" class=\"size-medium wp-image-1091466\" src=\"https:\/\/www.eldigitaldeasturias.com\/noticias\/wp-content\/uploads\/2021\/05\/Directora-del-CEEI-Cristina-Fanjul-360x241.jpg\" alt=\"directora del CEEI, Cristina Fanjul\" width=\"360\" height=\"241\" \/><figcaption id=\"caption-attachment-1091466\" class=\"wp-caption-text\">Foto: Gobierno de Asturias<\/figcaption><\/figure>\n<p>Directivos de grandes empresas y emprendedores asturianos<strong> ejercer\u00e1n de mentores de compa\u00f1\u00edas innovadoras asturianas que precisan apoyo para crecer en el mercado y mejorar sus resultados<\/strong>. Esta red de tutores forma parte de la segunda edici\u00f3n del proyecto Avante, que lanza el <strong>Centro Europeo de Empresas e Innovaci\u00f3n<\/strong> (CEEI) para fortalecer la competitividad de este sector empresarial, formado fundamentalmente por pymes. En la primera edici\u00f3n, m\u00e1s de 50 compa\u00f1\u00edas se beneficiaron del programa y m\u00e1s de 500 participaron en alguno de los encuentros online.<\/p>\n<p><strong>La iniciativa se ha presentado esta tarde con un acto telem\u00e1tico en el que han participado el consejero de Ciencia, Innovaci\u00f3n y Universidad, Borja S\u00e1nchez, y la directora del CEEI, Cristina Fanjul<\/strong>. Ambos han destacado la oportunidad que supone para peque\u00f1as empresas contar con personas de contrastada experiencia como mentores apoyo.<\/p>\n<p>El objetivo principal del programa es revisar las principales \u00e1reas de negocio de la empresa. Las acciones van desde dise\u00f1ar un modelo m\u00e1s escalable, hasta vender m\u00e1s, obtener financiaci\u00f3n adaptada a las necesidades, mejorar las competencias profesionales y abrir canales comerciales, entre otras.<\/p>\n<p>Esta iniciativa cuenta de nuevo con una docena de mentores destacados, denominados avanters. En la jornada de presentaci\u00f3n ha intervenido Iv\u00e1n Lobo, fundador de Gamelab y asesor estrat\u00e9gico del sector de los videojuegos, que ha acercado las posibilidades de las tecnolog\u00edas interactivas para el crecimiento.<\/p>\n<p>En este sentido, el consejero de Ciencia ha puesto de relieve la oportunidad que supone este programa para empresas innovadoras de todos los \u00e1mbitos, incluidas las artes, la cultura, el ocio o el turismo<\/p>\n<p>En la red de tutores figuran tambi\u00e9n Esther Cueli (Aguas de Fuensanta), Adriano Mon\u00e9s (Phoenix Contact E-mobility), Ignacio Huici (EIT- InnoEnergy), Susana Rebaque (Corteva), Israel Garc\u00eda (Altabox\/Econocom), Orlando Alonso (Windar Renovables), Nicol\u00e1s de Abajo (Arcelor Mittal), Isabel Lombard\u00eda (Espiral Microsistemas), Rub\u00e9n Hidalgo (Capsa Vida) y Roberto \u00c1lvarez Cadavieco (emprendedor y fundador de Top-E University).<\/p>\n<p>&nbsp;<\/p>\n","protected":false},"excerpt":{"rendered":"<p>Directivos de grandes empresas y emprendedores asturianos ejercer\u00e1n de mentores de compa\u00f1\u00edas innovadoras asturianas que precisan apoyo para crecer en el mercado y mejorar sus resultados. Esta red de tutores forma parte de la segunda edici\u00f3n del proyecto Avante, que lanza el Centro Europeo de Empresas e Innovaci\u00f3n (CEEI) para fortalecer la competitividad de este [&hellip;]<\/p>\n","protected":false},"author":1,"featured_media":1132184,"comment_status":"closed","ping_status":"closed","sticky":false,"template":"","format":"standard","meta":{"footnotes":""},"categories":[12],"tags":[],"class_list":["post-1091465","post","type-post","status-publish","format-standard","has-post-thumbnail","hentry","category-actualidad-asturias"],"aioseo_notices":[],"aioseo_head":"\n\t\t<!-- All in One SEO Pro 5.0.1 - aioseo.com -->\n\t<meta name=\"description\" content=\"Directivos de grandes empresas y emprendedores asturianos ejercer\u00e1n de mentores de compa\u00f1\u00edas innovadoras asturianas que precisan apoyo para crecer ..\" \/>\n\t<meta name=\"robots\" content=\"max-image-preview:large\" \/>\n\t<meta name=\"author\" content=\"El Digital de Asturias\"\/>\n\t<meta name=\"google-site-verification\" content=\"UA-38556648-1\" \/>\n\t<meta name=\"msvalidate.01\" content=\"7dfe9f3f1b24437ab69f4f2559babe99\" \/>\n\t<meta name=\"keywords\" content=\"actualidad asturias\" \/>\n\t<link rel=\"canonical\" href=\"https:\/\/www.eldigitaldeasturias.com\/noticias\/plan-para-potenciar-a-las-empresas-innovadoras-asturianas\/\" \/>\n\t<meta name=\"generator\" content=\"All in One SEO Pro (AIOSEO) 5.0.1\" \/>\n\t\t<meta property=\"og:locale\" content=\"es_ES\" \/>\n\t\t<meta property=\"og:site_name\" content=\"El Digital de Asturias\" \/>\n\t\t<meta property=\"og:type\" content=\"article\" \/>\n\t\t<meta property=\"og:title\" content=\"Plan para potenciar a las empresas innovadoras asturianas - El Digital de Asturias\" \/>\n\t\t<meta property=\"og:description\" content=\"Directivos de grandes empresas y emprendedores asturianos ejercer\u00e1n de mentores de compa\u00f1\u00edas innovadoras asturianas que precisan apoyo para crecer ..\" \/>\n\t\t<meta property=\"og:url\" content=\"https:\/\/www.eldigitaldeasturias.com\/noticias\/plan-para-potenciar-a-las-empresas-innovadoras-asturianas\/\" \/>\n\t\t<meta property=\"og:image\" content=\"https:\/\/www.eldigitaldeasturias.com\/noticias\/wp-content\/uploads\/2026\/06\/Contenidos.jpg\" \/>\n\t\t<meta property=\"og:image:secure_url\" content=\"https:\/\/www.eldigitaldeasturias.com\/noticias\/wp-content\/uploads\/2026\/06\/Contenidos.jpg\" \/>\n\t\t<meta property=\"og:image:width\" content=\"1265\" \/>\n\t\t<meta property=\"og:image:height\" content=\"697\" \/>\n\t\t<meta property=\"article:tag\" content=\"actualidad asturias\" \/>\n\t\t<meta property=\"article:published_time\" content=\"2021-05-11T17:34:11+00:00\" \/>\n\t\t<meta property=\"article:modified_time\" content=\"2021-05-11T17:34:11+00:00\" \/>\n\t\t<meta property=\"article:publisher\" content=\"https:\/\/facebook.com\/eldigitaldeasturias\" \/>\n\t\t<meta name=\"twitter:card\" content=\"summary_large_image\" \/>\n\t\t<meta name=\"twitter:title\" content=\"Plan para potenciar a las empresas innovadoras asturianas - El Digital de Asturias\" \/>\n\t\t<meta name=\"twitter:description\" content=\"Directivos de grandes empresas y emprendedores asturianos ejercer\u00e1n de mentores de compa\u00f1\u00edas innovadoras asturianas que precisan apoyo para crecer ..\" \/>\n\t\t<meta name=\"twitter:image\" content=\"https:\/\/www.eldigitaldeasturias.com\/noticias\/wp-content\/uploads\/2026\/06\/Contenidos.jpg\" \/>\n\t\t<meta name=\"twitter:label1\" content=\"Escrito por\" \/>\n\t\t<meta name=\"twitter:data1\" content=\"El Digital de Asturias\" \/>\n\t\t<meta name=\"twitter:label2\" content=\"Tiempo de lectura estimado\" \/>\n\t\t<meta name=\"twitter:data2\" content=\"2 minutos\" \/>\n\t\t<script type=\"application\/ld+json\" class=\"aioseo-schema\">\n\t\t\t{\"@context\":\"https:\\\/\\\/schema.org\",\"@graph\":[{\"@type\":\"BlogPosting\",\"@id\":\"https:\\\/\\\/www.eldigitaldeasturias.com\\\/noticias\\\/plan-para-potenciar-a-las-empresas-innovadoras-asturianas\\\/#blogposting\",\"name\":\"Plan para potenciar a las empresas innovadoras asturianas - El Digital de Asturias\",\"headline\":\"Plan para potenciar a las empresas innovadoras asturianas\",\"author\":{\"@id\":\"https:\\\/\\\/www.eldigitaldeasturias.com\\\/noticias\\\/author\\\/admin\\\/#author\"},\"publisher\":{\"@id\":\"https:\\\/\\\/www.eldigitaldeasturias.com\\\/noticias\\\/#organization\"},\"image\":{\"@type\":\"ImageObject\",\"url\":\"https:\\\/\\\/www.eldigitaldeasturias.com\\\/noticias\\\/wp-content\\\/uploads\\\/2026\\\/06\\\/Contenidos.jpg\",\"width\":1265,\"height\":697,\"caption\":\"Contenidos\"},\"datePublished\":\"2021-05-11T18:34:11+02:00\",\"dateModified\":\"2021-05-11T18:34:11+02:00\",\"inLanguage\":\"es-ES\",\"mainEntityOfPage\":{\"@id\":\"https:\\\/\\\/www.eldigitaldeasturias.com\\\/noticias\\\/plan-para-potenciar-a-las-empresas-innovadoras-asturianas\\\/#webpage\"},\"isPartOf\":{\"@id\":\"https:\\\/\\\/www.eldigitaldeasturias.com\\\/noticias\\\/plan-para-potenciar-a-las-empresas-innovadoras-asturianas\\\/#webpage\"},\"articleSection\":\"Actualidad Asturias\"},{\"@type\":\"BreadcrumbList\",\"@id\":\"https:\\\/\\\/www.eldigitaldeasturias.com\\\/noticias\\\/plan-para-potenciar-a-las-empresas-innovadoras-asturianas\\\/#breadcrumblist\",\"itemListElement\":[{\"@type\":\"ListItem\",\"@id\":\"https:\\\/\\\/www.eldigitaldeasturias.com\\\/noticias#listItem\",\"position\":1,\"name\":\"Home\",\"item\":\"https:\\\/\\\/www.eldigitaldeasturias.com\\\/noticias\",\"nextItem\":{\"@type\":\"ListItem\",\"@id\":\"https:\\\/\\\/www.eldigitaldeasturias.com\\\/noticias\\\/category\\\/actualidad-asturias\\\/#listItem\",\"name\":\"Actualidad Asturias\"}},{\"@type\":\"ListItem\",\"@id\":\"https:\\\/\\\/www.eldigitaldeasturias.com\\\/noticias\\\/category\\\/actualidad-asturias\\\/#listItem\",\"position\":2,\"name\":\"Actualidad Asturias\",\"item\":\"https:\\\/\\\/www.eldigitaldeasturias.com\\\/noticias\\\/category\\\/actualidad-asturias\\\/\",\"nextItem\":{\"@type\":\"ListItem\",\"@id\":\"https:\\\/\\\/www.eldigitaldeasturias.com\\\/noticias\\\/plan-para-potenciar-a-las-empresas-innovadoras-asturianas\\\/#listItem\",\"name\":\"Plan para potenciar a las empresas innovadoras asturianas\"},\"previousItem\":{\"@type\":\"ListItem\",\"@id\":\"https:\\\/\\\/www.eldigitaldeasturias.com\\\/noticias#listItem\",\"name\":\"Home\"}},{\"@type\":\"ListItem\",\"@id\":\"https:\\\/\\\/www.eldigitaldeasturias.com\\\/noticias\\\/plan-para-potenciar-a-las-empresas-innovadoras-asturianas\\\/#listItem\",\"position\":3,\"name\":\"Plan para potenciar a las empresas innovadoras asturianas\",\"previousItem\":{\"@type\":\"ListItem\",\"@id\":\"https:\\\/\\\/www.eldigitaldeasturias.com\\\/noticias\\\/category\\\/actualidad-asturias\\\/#listItem\",\"name\":\"Actualidad Asturias\"}}]},{\"@type\":\"Organization\",\"@id\":\"https:\\\/\\\/www.eldigitaldeasturias.com\\\/noticias\\\/#organization\",\"name\":\"El Digital de Asturias\",\"description\":\"Hemeroteca\",\"url\":\"https:\\\/\\\/www.eldigitaldeasturias.com\\\/noticias\\\/\",\"email\":\"info@eldigitaldeasturias.com\",\"telephone\":\"+34652131393\",\"logo\":{\"@type\":\"ImageObject\",\"url\":\"https:\\\/\\\/www.eldigitaldeasturias.com\\\/noticias\\\/wp-content\\\/uploads\\\/2020\\\/12\\\/EDA.jpg\",\"@id\":\"https:\\\/\\\/www.eldigitaldeasturias.com\\\/noticias\\\/plan-para-potenciar-a-las-empresas-innovadoras-asturianas\\\/#organizationLogo\"},\"image\":{\"@id\":\"https:\\\/\\\/www.eldigitaldeasturias.com\\\/noticias\\\/plan-para-potenciar-a-las-empresas-innovadoras-asturianas\\\/#organizationLogo\"},\"sameAs\":[\"https:\\\/\\\/facebook.com\\\/eldigitaldeasturias\",\"https:\\\/\\\/www.youtube.com\\\/channel\\\/UCZP-2wLEB9Rv6erhFmqVnvg\"],\"address\":{\"@id\":\"https:\\\/\\\/www.eldigitaldeasturias.com\\\/noticias\\\/#postaladdress\",\"@type\":\"PostalAddress\",\"streetAddress\":\"san antonio 4\",\"postalCode\":\"33430\",\"addressLocality\":\"Cand\\u00e1s\",\"addressRegion\":\"Asturias\",\"addressCountry\":\"ES\"}},{\"@type\":\"Person\",\"@id\":\"https:\\\/\\\/www.eldigitaldeasturias.com\\\/noticias\\\/author\\\/admin\\\/#author\",\"url\":\"https:\\\/\\\/www.eldigitaldeasturias.com\\\/noticias\\\/author\\\/admin\\\/\",\"name\":\"El Digital de Asturias\",\"image\":{\"@type\":\"ImageObject\",\"@id\":\"https:\\\/\\\/www.eldigitaldeasturias.com\\\/noticias\\\/plan-para-potenciar-a-las-empresas-innovadoras-asturianas\\\/#authorImage\",\"url\":\"https:\\\/\\\/secure.gravatar.com\\\/avatar\\\/df2aeffc32bcd13f8d26072ef8a91b623d677766deac7f97ca815868cd41bf5e?s=96&d=mm&r=g\",\"width\":96,\"height\":96,\"caption\":\"El Digital de Asturias\"}},{\"@type\":\"WebPage\",\"@id\":\"https:\\\/\\\/www.eldigitaldeasturias.com\\\/noticias\\\/plan-para-potenciar-a-las-empresas-innovadoras-asturianas\\\/#webpage\",\"url\":\"https:\\\/\\\/www.eldigitaldeasturias.com\\\/noticias\\\/plan-para-potenciar-a-las-empresas-innovadoras-asturianas\\\/\",\"name\":\"Plan para potenciar a las empresas innovadoras asturianas - El Digital de Asturias\",\"description\":\"Directivos de grandes empresas y emprendedores asturianos ejercer\\u00e1n de mentores de compa\\u00f1\\u00edas innovadoras asturianas que precisan apoyo para crecer ..\",\"inLanguage\":\"es-ES\",\"isPartOf\":{\"@id\":\"https:\\\/\\\/www.eldigitaldeasturias.com\\\/noticias\\\/#website\"},\"breadcrumb\":{\"@id\":\"https:\\\/\\\/www.eldigitaldeasturias.com\\\/noticias\\\/plan-para-potenciar-a-las-empresas-innovadoras-asturianas\\\/#breadcrumblist\"},\"author\":{\"@id\":\"https:\\\/\\\/www.eldigitaldeasturias.com\\\/noticias\\\/author\\\/admin\\\/#author\"},\"creator\":{\"@id\":\"https:\\\/\\\/www.eldigitaldeasturias.com\\\/noticias\\\/author\\\/admin\\\/#author\"},\"image\":{\"@type\":\"ImageObject\",\"url\":\"https:\\\/\\\/www.eldigitaldeasturias.com\\\/noticias\\\/wp-content\\\/uploads\\\/2026\\\/06\\\/Contenidos.jpg\",\"@id\":\"https:\\\/\\\/www.eldigitaldeasturias.com\\\/noticias\\\/plan-para-potenciar-a-las-empresas-innovadoras-asturianas\\\/#mainImage\",\"width\":1265,\"height\":697,\"caption\":\"Contenidos\"},\"primaryImageOfPage\":{\"@id\":\"https:\\\/\\\/www.eldigitaldeasturias.com\\\/noticias\\\/plan-para-potenciar-a-las-empresas-innovadoras-asturianas\\\/#mainImage\"},\"datePublished\":\"2021-05-11T18:34:11+02:00\",\"dateModified\":\"2021-05-11T18:34:11+02:00\"},{\"@type\":\"WebSite\",\"@id\":\"https:\\\/\\\/www.eldigitaldeasturias.com\\\/noticias\\\/#website\",\"url\":\"https:\\\/\\\/www.eldigitaldeasturias.com\\\/noticias\\\/\",\"name\":\"El Digital de Asturias - Diario de actualidad y noticias\",\"alternateName\":\"El Digital de Asturias - Diario de actualidad y noticias\",\"description\":\"Hemeroteca\",\"inLanguage\":\"es-ES\",\"publisher\":{\"@id\":\"https:\\\/\\\/www.eldigitaldeasturias.com\\\/noticias\\\/#organization\"}}]}\n\t\t<\/script>\n\t\t<!-- All in One SEO Pro -->\r\n\t\t<title>Plan para potenciar a las empresas innovadoras asturianas - El Digital de Asturias<\/title>\n\n","aioseo_head_json":{"title":"Plan para potenciar a las empresas innovadoras asturianas - El Digital de Asturias","description":"Directivos de grandes empresas y emprendedores asturianos ejercer\u00e1n de mentores de compa\u00f1\u00edas innovadoras asturianas que precisan apoyo para crecer ..","canonical_url":"https:\/\/www.eldigitaldeasturias.com\/noticias\/plan-para-potenciar-a-las-empresas-innovadoras-asturianas\/","robots":"max-image-preview:large","keywords":"actualidad asturias","webmasterTools":{"google-site-verification":"UA-38556648-1","msvalidate.01":"7dfe9f3f1b24437ab69f4f2559babe99","miscellaneous":""},"schema":{"@context":"https:\/\/schema.org","@graph":[{"@type":"BlogPosting","@id":"https:\/\/www.eldigitaldeasturias.com\/noticias\/plan-para-potenciar-a-las-empresas-innovadoras-asturianas\/#blogposting","name":"Plan para potenciar a las empresas innovadoras asturianas - El Digital de Asturias","headline":"Plan para potenciar a las empresas innovadoras asturianas","author":{"@id":"https:\/\/www.eldigitaldeasturias.com\/noticias\/author\/admin\/#author"},"publisher":{"@id":"https:\/\/www.eldigitaldeasturias.com\/noticias\/#organization"},"image":{"@type":"ImageObject","url":"https:\/\/www.eldigitaldeasturias.com\/noticias\/wp-content\/uploads\/2026\/06\/Contenidos.jpg","width":1265,"height":697,"caption":"Contenidos"},"datePublished":"2021-05-11T18:34:11+02:00","dateModified":"2021-05-11T18:34:11+02:00","inLanguage":"es-ES","mainEntityOfPage":{"@id":"https:\/\/www.eldigitaldeasturias.com\/noticias\/plan-para-potenciar-a-las-empresas-innovadoras-asturianas\/#webpage"},"isPartOf":{"@id":"https:\/\/www.eldigitaldeasturias.com\/noticias\/plan-para-potenciar-a-las-empresas-innovadoras-asturianas\/#webpage"},"articleSection":"Actualidad Asturias"},{"@type":"BreadcrumbList","@id":"https:\/\/www.eldigitaldeasturias.com\/noticias\/plan-para-potenciar-a-las-empresas-innovadoras-asturianas\/#breadcrumblist","itemListElement":[{"@type":"ListItem","@id":"https:\/\/www.eldigitaldeasturias.com\/noticias#listItem","position":1,"name":"Home","item":"https:\/\/www.eldigitaldeasturias.com\/noticias","nextItem":{"@type":"ListItem","@id":"https:\/\/www.eldigitaldeasturias.com\/noticias\/category\/actualidad-asturias\/#listItem","name":"Actualidad Asturias"}},{"@type":"ListItem","@id":"https:\/\/www.eldigitaldeasturias.com\/noticias\/category\/actualidad-asturias\/#listItem","position":2,"name":"Actualidad Asturias","item":"https:\/\/www.eldigitaldeasturias.com\/noticias\/category\/actualidad-asturias\/","nextItem":{"@type":"ListItem","@id":"https:\/\/www.eldigitaldeasturias.com\/noticias\/plan-para-potenciar-a-las-empresas-innovadoras-asturianas\/#listItem","name":"Plan para potenciar a las empresas innovadoras asturianas"},"previousItem":{"@type":"ListItem","@id":"https:\/\/www.eldigitaldeasturias.com\/noticias#listItem","name":"Home"}},{"@type":"ListItem","@id":"https:\/\/www.eldigitaldeasturias.com\/noticias\/plan-para-potenciar-a-las-empresas-innovadoras-asturianas\/#listItem","position":3,"name":"Plan para potenciar a las empresas innovadoras asturianas","previousItem":{"@type":"ListItem","@id":"https:\/\/www.eldigitaldeasturias.com\/noticias\/category\/actualidad-asturias\/#listItem","name":"Actualidad Asturias"}}]},{"@type":"Organization","@id":"https:\/\/www.eldigitaldeasturias.com\/noticias\/#organization","name":"El Digital de Asturias","description":"Hemeroteca","url":"https:\/\/www.eldigitaldeasturias.com\/noticias\/","email":"info@eldigitaldeasturias.com","telephone":"+34652131393","logo":{"@type":"ImageObject","url":"https:\/\/www.eldigitaldeasturias.com\/noticias\/wp-content\/uploads\/2020\/12\/EDA.jpg","@id":"https:\/\/www.eldigitaldeasturias.com\/noticias\/plan-para-potenciar-a-las-empresas-innovadoras-asturianas\/#organizationLogo"},"image":{"@id":"https:\/\/www.eldigitaldeasturias.com\/noticias\/plan-para-potenciar-a-las-empresas-innovadoras-asturianas\/#organizationLogo"},"sameAs":["https:\/\/facebook.com\/eldigitaldeasturias","https:\/\/www.youtube.com\/channel\/UCZP-2wLEB9Rv6erhFmqVnvg"],"address":{"@id":"https:\/\/www.eldigitaldeasturias.com\/noticias\/#postaladdress","@type":"PostalAddress","streetAddress":"san antonio 4","postalCode":"33430","addressLocality":"Cand\u00e1s","addressRegion":"Asturias","addressCountry":"ES"}},{"@type":"Person","@id":"https:\/\/www.eldigitaldeasturias.com\/noticias\/author\/admin\/#author","url":"https:\/\/www.eldigitaldeasturias.com\/noticias\/author\/admin\/","name":"El Digital de Asturias","image":{"@type":"ImageObject","@id":"https:\/\/www.eldigitaldeasturias.com\/noticias\/plan-para-potenciar-a-las-empresas-innovadoras-asturianas\/#authorImage","url":"https:\/\/secure.gravatar.com\/avatar\/df2aeffc32bcd13f8d26072ef8a91b623d677766deac7f97ca815868cd41bf5e?s=96&d=mm&r=g","width":96,"height":96,"caption":"El Digital de Asturias"}},{"@type":"WebPage","@id":"https:\/\/www.eldigitaldeasturias.com\/noticias\/plan-para-potenciar-a-las-empresas-innovadoras-asturianas\/#webpage","url":"https:\/\/www.eldigitaldeasturias.com\/noticias\/plan-para-potenciar-a-las-empresas-innovadoras-asturianas\/","name":"Plan para potenciar a las empresas innovadoras asturianas - El Digital de Asturias","description":"Directivos de grandes empresas y emprendedores asturianos ejercer\u00e1n de mentores de compa\u00f1\u00edas innovadoras asturianas que precisan apoyo para crecer ..","inLanguage":"es-ES","isPartOf":{"@id":"https:\/\/www.eldigitaldeasturias.com\/noticias\/#website"},"breadcrumb":{"@id":"https:\/\/www.eldigitaldeasturias.com\/noticias\/plan-para-potenciar-a-las-empresas-innovadoras-asturianas\/#breadcrumblist"},"author":{"@id":"https:\/\/www.eldigitaldeasturias.com\/noticias\/author\/admin\/#author"},"creator":{"@id":"https:\/\/www.eldigitaldeasturias.com\/noticias\/author\/admin\/#author"},"image":{"@type":"ImageObject","url":"https:\/\/www.eldigitaldeasturias.com\/noticias\/wp-content\/uploads\/2026\/06\/Contenidos.jpg","@id":"https:\/\/www.eldigitaldeasturias.com\/noticias\/plan-para-potenciar-a-las-empresas-innovadoras-asturianas\/#mainImage","width":1265,"height":697,"caption":"Contenidos"},"primaryImageOfPage":{"@id":"https:\/\/www.eldigitaldeasturias.com\/noticias\/plan-para-potenciar-a-las-empresas-innovadoras-asturianas\/#mainImage"},"datePublished":"2021-05-11T18:34:11+02:00","dateModified":"2021-05-11T18:34:11+02:00"},{"@type":"WebSite","@id":"https:\/\/www.eldigitaldeasturias.com\/noticias\/#website","url":"https:\/\/www.eldigitaldeasturias.com\/noticias\/","name":"El Digital de Asturias - Diario de actualidad y noticias","alternateName":"El Digital de Asturias - Diario de actualidad y noticias","description":"Hemeroteca","inLanguage":"es-ES","publisher":{"@id":"https:\/\/www.eldigitaldeasturias.com\/noticias\/#organization"}}]},"og:locale":"es_ES","og:site_name":"El Digital de Asturias","og:type":"article","og:title":"Plan para potenciar a las empresas innovadoras asturianas - El Digital de Asturias","og:description":"Directivos de grandes empresas y emprendedores asturianos ejercer\u00e1n de mentores de compa\u00f1\u00edas innovadoras asturianas que precisan apoyo para crecer ..","og:url":"https:\/\/www.eldigitaldeasturias.com\/noticias\/plan-para-potenciar-a-las-empresas-innovadoras-asturianas\/","og:image":"https:\/\/www.eldigitaldeasturias.com\/noticias\/wp-content\/uploads\/2026\/06\/Contenidos.jpg","og:image:secure_url":"https:\/\/www.eldigitaldeasturias.com\/noticias\/wp-content\/uploads\/2026\/06\/Contenidos.jpg","og:image:width":1265,"og:image:height":697,"article:tag":["actualidad asturias"],"article:published_time":"2021-05-11T17:34:11+00:00","article:modified_time":"2021-05-11T17:34:11+00:00","article:publisher":"https:\/\/facebook.com\/eldigitaldeasturias","twitter:card":"summary_large_image","twitter:title":"Plan para potenciar a las empresas innovadoras asturianas - El Digital de Asturias","twitter:description":"Directivos de grandes empresas y emprendedores asturianos ejercer\u00e1n de mentores de compa\u00f1\u00edas innovadoras asturianas que precisan apoyo para crecer ..","twitter:image":"https:\/\/www.eldigitaldeasturias.com\/noticias\/wp-content\/uploads\/2026\/06\/Contenidos.jpg","twitter:label1":"Escrito por","twitter:data1":"El Digital de Asturias","twitter:label2":"Tiempo de lectura estimado","twitter:data2":"2 minutos"},"aioseo_meta_data":{"post_id":"1091465","title":null,"description":"Directivos de grandes empresas y emprendedores asturianos ejercer\u00e1n de mentores de compa\u00f1\u00edas innovadoras asturianas que precisan apoyo para crecer&nbsp;..","keywords":[],"keyphrases":{"focus":[],"additional":[]},"primary_term":null,"canonical_url":null,"og_title":null,"og_description":null,"og_object_type":"default","og_image_type":"default","og_image_url":null,"og_image_width":null,"og_image_height":null,"og_image_custom_url":null,"og_image_custom_fields":null,"og_video":"","og_custom_url":null,"og_article_section":null,"og_article_tags":[],"twitter_use_og":false,"twitter_card":"default","twitter_image_type":"default","twitter_image_url":null,"twitter_image_custom_url":null,"twitter_image_custom_fields":null,"twitter_title":null,"twitter_description":null,"schema":{"blockGraphs":[],"customGraphs":[],"default":{"data":{"Article":[],"Course":[],"Dataset":[],"FAQPage":[],"Movie":[],"Person":[],"Product":[],"ProductReview":[],"Car":[],"Recipe":[],"Service":[],"SoftwareApplication":[],"WebPage":[]},"graphName":"","isEnabled":true},"graphs":[]},"schema_type":"default","schema_type_options":"{\"article\":{\"articleType\":\"BlogPosting\"},\"course\":{\"name\":\"\",\"description\":\"\",\"provider\":\"\"},\"faq\":{\"pages\":[]},\"product\":{\"reviews\":[]},\"recipe\":{\"ingredients\":[],\"instructions\":[],\"keywords\":[]},\"software\":{\"reviews\":[],\"operatingSystems\":[]},\"webPage\":{\"webPageType\":\"WebPage\"}}","pillar_content":false,"robots_default":true,"robots_noindex":false,"robots_noarchive":false,"robots_nosnippet":false,"robots_nofollow":false,"robots_noimageindex":false,"robots_noodp":false,"robots_notranslate":false,"robots_max_snippet":"-1","robots_max_videopreview":"-1","robots_max_imagepreview":"large","priority":null,"frequency":"default","local_seo":{"locations":{"business":{"name":"","businessType":"","image":"","areaServed":"","urls":{"website":"","aboutPage":"","contactPage":""},"address":{"streetLine1":"","streetLine2":"","zipCode":"","city":"","state":"","country":"","addressFormat":"#streetLineOne\n#streetLineTwo\n#city, #state #zipCode"},"contact":{"phone":"","email":"","fax":""},"ids":{"vat":"","tax":"","chamberOfCommerce":""},"payment":{"priceRange":"","currenciesAccepted":"","methods":""}}},"openingHours":{"useDefaults":true,"show":true,"alwaysOpen":false,"use24hFormat":false,"timezone":"","labels":{"closed":"","alwaysOpen":""},"days":{"monday":{"open24h":false,"closed":false,"openTime":"09:00","closeTime":"17:00"},"tuesday":{"open24h":false,"closed":false,"openTime":"09:00","closeTime":"17:00"},"wednesday":{"open24h":false,"closed":false,"openTime":"09:00","closeTime":"17:00"},"thursday":{"open24h":false,"closed":false,"openTime":"09:00","closeTime":"17:00"},"friday":{"open24h":false,"closed":false,"openTime":"09:00","closeTime":"17:00"},"saturday":{"open24h":false,"closed":false,"openTime":"09:00","closeTime":"17:00"},"sunday":{"open24h":false,"closed":false,"openTime":"09:00","closeTime":"17:00"}}}},"seo_analyzer_scan_date":"2026-07-17 20:25:48","breadcrumb_settings":null,"limit_modified_date":false,"open_ai":null,"ai":null,"created":"2021-05-11 17:29:43","updated":"2026-07-17 20:25:48","focus_keyword":null,"additional_keywords":null,"truseo_locale":null},"aioseo_breadcrumb":"<div class=\"aioseo-breadcrumbs\"><span class=\"aioseo-breadcrumb\">\n\t<a href=\"https:\/\/www.eldigitaldeasturias.com\/noticias\" title=\"Home\">Home<\/a>\n<\/span><span class=\"aioseo-breadcrumb-separator\">\u2013<\/span><span class=\"aioseo-breadcrumb\">\n\t<a href=\"https:\/\/www.eldigitaldeasturias.com\/noticias\/category\/actualidad-asturias\/\" title=\"Actualidad Asturias\">Actualidad Asturias<\/a>\n<\/span><span class=\"aioseo-breadcrumb-separator\">\u2013<\/span><span class=\"aioseo-breadcrumb\">\n\t<a href=\"https:\/\/www.eldigitaldeasturias.com\/noticias\/plan-para-potenciar-a-las-empresas-innovadoras-asturianas\/\" title=\"Plan para potenciar a las empresas innovadoras asturianas\">Plan para potenciar a las empresas innovadoras asturianas<\/a>\n<\/span><\/div>","aioseo_breadcrumb_json":[{"label":"Home","link":"https:\/\/www.eldigitaldeasturias.com\/noticias"},{"label":"Actualidad Asturias","link":"https:\/\/www.eldigitaldeasturias.com\/noticias\/category\/actualidad-asturias\/"},{"label":"Plan para potenciar a las empresas innovadoras asturianas","link":"https:\/\/www.eldigitaldeasturias.com\/noticias\/plan-para-potenciar-a-las-empresas-innovadoras-asturianas\/"}],"_links":{"self":[{"href":"https:\/\/www.eldigitaldeasturias.com\/noticias\/wp-json\/wp\/v2\/posts\/1091465","targetHints":{"allow":["GET"]}}],"collection":[{"href":"https:\/\/www.eldigitaldeasturias.com\/noticias\/wp-json\/wp\/v2\/posts"}],"about":[{"href":"https:\/\/www.eldigitaldeasturias.com\/noticias\/wp-json\/wp\/v2\/types\/post"}],"author":[{"embeddable":true,"href":"https:\/\/www.eldigitaldeasturias.com\/noticias\/wp-json\/wp\/v2\/users\/1"}],"replies":[{"embeddable":true,"href":"https:\/\/www.eldigitaldeasturias.com\/noticias\/wp-json\/wp\/v2\/comments?post=1091465"}],"version-history":[{"count":0,"href":"https:\/\/www.eldigitaldeasturias.com\/noticias\/wp-json\/wp\/v2\/posts\/1091465\/revisions"}],"wp:featuredmedia":[{"embeddable":true,"href":"https:\/\/www.eldigitaldeasturias.com\/noticias\/wp-json\/wp\/v2\/media\/1132184"}],"wp:attachment":[{"href":"https:\/\/www.eldigitaldeasturias.com\/noticias\/wp-json\/wp\/v2\/media?parent=1091465"}],"wp:term":[{"taxonomy":"category","embeddable":true,"href":"https:\/\/www.eldigitaldeasturias.com\/noticias\/wp-json\/wp\/v2\/categories?post=1091465"},{"taxonomy":"post_tag","embeddable":true,"href":"https:\/\/www.eldigitaldeasturias.com\/noticias\/wp-json\/wp\/v2\/tags?post=1091465"}],"curies":[{"name":"wp","href":"https:\/\/api.w.org\/{rel}","templated":true}]}}