{"id":1091458,"date":"2021-05-11T18:09:29","date_gmt":"2021-05-11T17:09:29","guid":{"rendered":"https:\/\/www.eldigitaldeasturias.com\/noticias\/?p=1091458"},"modified":"2021-05-11T18:09:29","modified_gmt":"2021-05-11T17:09:29","slug":"extraditado-el-autor-del-espectacular-secuestro-de-un-millonario-aleman-en-la-decada-de-1990","status":"publish","type":"post","link":"https:\/\/www.eldigitaldeasturias.com\/noticias\/extraditado-el-autor-del-espectacular-secuestro-de-un-millonario-aleman-en-la-decada-de-1990\/","title":{"rendered":"Extraditado el autor del espectacular secuestro de un millonario alem\u00e1n en la d\u00e9cada de 1990"},"content":{"rendered":"<p><img loading=\"lazy\" decoding=\"async\" class=\"alignleft size-medium wp-image-979033\" src=\"https:\/\/www.eldigitaldeasturias.com\/noticias\/wp-content\/uploads\/2018\/05\/juzgados-360x270.jpg\" alt=\"\" width=\"360\" height=\"270\" \/>Colonia (Alemania), 11 may (dpa) &#8211; Thomas Drach, autor del espectacular secuestro de un millonario alem\u00e1n en la d\u00e9cada de 1990, fue extraditado de Pa\u00edses Bajos a Alemania y encarcelado en Colonia, inform\u00f3 hoy la Fiscal\u00eda a dpa.<\/p>\n<p>\u00abLa conclusi\u00f3n de la investigaci\u00f3n de la Fiscal\u00eda puede esperarse en los pr\u00f3ximos meses\u00bb, se\u00f1al\u00f3 el fiscal superior Ulrich Bremer.<\/p>\n<p>El martes pasado, un tribunal de \u00c1msterdam aprob\u00f3 la extradici\u00f3n de Drach a Alemania, que hab\u00eda sido detenido en esa ciudad neerlandesa hace unas semanas bajo la firme sospecha de haber cometido tres robos y ser\u00e1 entregado a la Justicia de Colonia, en el oeste de Alemania.<\/p>\n<p>Drach, de 60 a\u00f1os, es el presunto autor de tres robos de veh\u00edculos de transporte de fondos en Colonia y Fr\u00e1ncfort, en los que actu\u00f3 con c\u00f3mplices en 2018 y 2019. Durante uno de estos hechos, un guardia de seguridad result\u00f3 gravemente herido. Sin embargo, durante a\u00f1os no hubo rastro de los delincuentes.<\/p>\n<p>Uno de estos c\u00f3mplices, de origen neerland\u00e9s, fue detenido en \u00c1msterdam, pero a\u00fan no se ha tomado un decisi\u00f3n sobre su extradici\u00f3n a Alemania.<\/p>\n<p>Drach, que vivi\u00f3 en \u00c1msterdam hasta su detenci\u00f3n, no se opuso a ser extraditado a Alemania. Hab\u00eda salido de la c\u00e1rcel alemana en el oto\u00f1o europeo de 2013.<\/p>\n<p>En 1996, \u00e9l y sus c\u00f3mplices secuestraron al heredero de la dinast\u00eda tabacalera Reemtsma de Hamburgo, Jan Philipp Reemtsma. La v\u00edctima fue liberada al cabo de 33 d\u00edas tras el pago del equivalente a unos 18 millones de euros (21,6 millones de d\u00f3lares).<\/p>\n<p>Drach huy\u00f3 del pa\u00eds tras el secuestro, fue detenido en Buenos Aires en 1998 y extraditado a Alemania en julio de 2000, tras una batalla judicial de varios meses. Fue condenado a 14 a\u00f1os y medio de prisi\u00f3n.<\/p>\n<p>&nbsp;<\/p>\n","protected":false},"excerpt":{"rendered":"<p>Colonia (Alemania), 11 may (dpa) &#8211; Thomas Drach, autor del espectacular secuestro de un millonario alem\u00e1n en la d\u00e9cada de 1990, fue extraditado de Pa\u00edses Bajos a Alemania y encarcelado en Colonia, inform\u00f3 hoy la Fiscal\u00eda a dpa. \u00abLa conclusi\u00f3n de la investigaci\u00f3n de la Fiscal\u00eda puede esperarse en los pr\u00f3ximos meses\u00bb, se\u00f1al\u00f3 el fiscal [&hellip;]<\/p>\n","protected":false},"author":1,"featured_media":1081459,"comment_status":"closed","ping_status":"closed","sticky":false,"template":"","format":"standard","meta":{"footnotes":""},"categories":[5],"tags":[],"class_list":["post-1091458","post","type-post","status-publish","format-standard","has-post-thumbnail","hentry","category-sucesos"],"aioseo_notices":[],"aioseo_head":"\n\t\t<!-- All in One SEO Pro 5.0.1 - aioseo.com -->\n\t<meta name=\"description\" content=\"Thomas Drach, autor del espectacular secuestro de un millonario alem\u00e1n en la d\u00e9cada de 1990, fue extraditado de Pa\u00edses Bajos a Alemania y encarcelado en Colonia\" \/>\n\t<meta name=\"robots\" content=\"max-image-preview:large\" \/>\n\t<meta name=\"author\" content=\"El Digital de Asturias\"\/>\n\t<meta name=\"google-site-verification\" content=\"UA-38556648-1\" \/>\n\t<meta name=\"msvalidate.01\" content=\"7dfe9f3f1b24437ab69f4f2559babe99\" \/>\n\t<meta name=\"keywords\" content=\"sucesos\" \/>\n\t<link rel=\"canonical\" href=\"https:\/\/www.eldigitaldeasturias.com\/noticias\/extraditado-el-autor-del-espectacular-secuestro-de-un-millonario-aleman-en-la-decada-de-1990\/\" \/>\n\t<meta name=\"generator\" content=\"All in One SEO Pro (AIOSEO) 5.0.1\" \/>\n\t\t<meta property=\"og:locale\" content=\"es_ES\" \/>\n\t\t<meta property=\"og:site_name\" content=\"El Digital de Asturias\" \/>\n\t\t<meta property=\"og:type\" content=\"article\" \/>\n\t\t<meta property=\"og:title\" content=\"Extraditado el autor del espectacular secuestro de un millonario alem\u00e1n en la d\u00e9cada de 1990 - El Digital de Asturias\" \/>\n\t\t<meta property=\"og:description\" content=\"Thomas Drach, autor del espectacular secuestro de un millonario alem\u00e1n en la d\u00e9cada de 1990, fue extraditado de Pa\u00edses Bajos a Alemania y encarcelado en Colonia\" \/>\n\t\t<meta property=\"og:url\" content=\"https:\/\/www.eldigitaldeasturias.com\/noticias\/extraditado-el-autor-del-espectacular-secuestro-de-un-millonario-aleman-en-la-decada-de-1990\/\" \/>\n\t\t<meta property=\"article:tag\" content=\"sucesos\" \/>\n\t\t<meta property=\"article:published_time\" content=\"2021-05-11T17:09:29+00:00\" \/>\n\t\t<meta property=\"article:modified_time\" content=\"2021-05-11T17:09:29+00:00\" \/>\n\t\t<meta property=\"article:publisher\" content=\"https:\/\/facebook.com\/eldigitaldeasturias\" \/>\n\t\t<meta name=\"twitter:card\" content=\"summary_large_image\" \/>\n\t\t<meta name=\"twitter:title\" content=\"Extraditado el autor del espectacular secuestro de un millonario alem\u00e1n en la d\u00e9cada de 1990 - El Digital de Asturias\" \/>\n\t\t<meta name=\"twitter:description\" content=\"Thomas Drach, autor del espectacular secuestro de un millonario alem\u00e1n en la d\u00e9cada de 1990, fue extraditado de Pa\u00edses Bajos a Alemania y encarcelado en Colonia\" \/>\n\t\t<meta name=\"twitter:image\" content=\"https:\/\/www.eldigitaldeasturias.com\/noticias\/wp-content\/uploads\/2020\/12\/EDA-1.jpg\" \/>\n\t\t<meta name=\"twitter:label1\" content=\"Escrito por\" \/>\n\t\t<meta name=\"twitter:data1\" content=\"El Digital de Asturias\" \/>\n\t\t<meta name=\"twitter:label2\" content=\"Tiempo de lectura estimado\" \/>\n\t\t<meta name=\"twitter:data2\" content=\"2 minutos\" \/>\n\t\t<script type=\"application\/ld+json\" class=\"aioseo-schema\">\n\t\t\t{\"@context\":\"https:\\\/\\\/schema.org\",\"@graph\":[{\"@type\":\"BlogPosting\",\"@id\":\"https:\\\/\\\/www.eldigitaldeasturias.com\\\/noticias\\\/extraditado-el-autor-del-espectacular-secuestro-de-un-millonario-aleman-en-la-decada-de-1990\\\/#blogposting\",\"name\":\"Extraditado el autor del espectacular secuestro de un millonario alem\\u00e1n en la d\\u00e9cada de 1990 - El Digital de Asturias\",\"headline\":\"Extraditado el autor del espectacular secuestro de un millonario alem\\u00e1n en la d\\u00e9cada de 1990\",\"author\":{\"@id\":\"https:\\\/\\\/www.eldigitaldeasturias.com\\\/noticias\\\/author\\\/admin\\\/#author\"},\"publisher\":{\"@id\":\"https:\\\/\\\/www.eldigitaldeasturias.com\\\/noticias\\\/#organization\"},\"image\":{\"@type\":\"ImageObject\",\"url\":1081459},\"datePublished\":\"2021-05-11T18:09:29+02:00\",\"dateModified\":\"2021-05-11T18:09:29+02:00\",\"inLanguage\":\"es-ES\",\"mainEntityOfPage\":{\"@id\":\"https:\\\/\\\/www.eldigitaldeasturias.com\\\/noticias\\\/extraditado-el-autor-del-espectacular-secuestro-de-un-millonario-aleman-en-la-decada-de-1990\\\/#webpage\"},\"isPartOf\":{\"@id\":\"https:\\\/\\\/www.eldigitaldeasturias.com\\\/noticias\\\/extraditado-el-autor-del-espectacular-secuestro-de-un-millonario-aleman-en-la-decada-de-1990\\\/#webpage\"},\"articleSection\":\"Sucesos\"},{\"@type\":\"BreadcrumbList\",\"@id\":\"https:\\\/\\\/www.eldigitaldeasturias.com\\\/noticias\\\/extraditado-el-autor-del-espectacular-secuestro-de-un-millonario-aleman-en-la-decada-de-1990\\\/#breadcrumblist\",\"itemListElement\":[{\"@type\":\"ListItem\",\"@id\":\"https:\\\/\\\/www.eldigitaldeasturias.com\\\/noticias#listItem\",\"position\":1,\"name\":\"Home\",\"item\":\"https:\\\/\\\/www.eldigitaldeasturias.com\\\/noticias\",\"nextItem\":{\"@type\":\"ListItem\",\"@id\":\"https:\\\/\\\/www.eldigitaldeasturias.com\\\/noticias\\\/category\\\/sucesos\\\/#listItem\",\"name\":\"Sucesos\"}},{\"@type\":\"ListItem\",\"@id\":\"https:\\\/\\\/www.eldigitaldeasturias.com\\\/noticias\\\/category\\\/sucesos\\\/#listItem\",\"position\":2,\"name\":\"Sucesos\",\"item\":\"https:\\\/\\\/www.eldigitaldeasturias.com\\\/noticias\\\/category\\\/sucesos\\\/\",\"nextItem\":{\"@type\":\"ListItem\",\"@id\":\"https:\\\/\\\/www.eldigitaldeasturias.com\\\/noticias\\\/extraditado-el-autor-del-espectacular-secuestro-de-un-millonario-aleman-en-la-decada-de-1990\\\/#listItem\",\"name\":\"Extraditado el autor del espectacular secuestro de un millonario alem\\u00e1n en la d\\u00e9cada de 1990\"},\"previousItem\":{\"@type\":\"ListItem\",\"@id\":\"https:\\\/\\\/www.eldigitaldeasturias.com\\\/noticias#listItem\",\"name\":\"Home\"}},{\"@type\":\"ListItem\",\"@id\":\"https:\\\/\\\/www.eldigitaldeasturias.com\\\/noticias\\\/extraditado-el-autor-del-espectacular-secuestro-de-un-millonario-aleman-en-la-decada-de-1990\\\/#listItem\",\"position\":3,\"name\":\"Extraditado el autor del espectacular secuestro de un millonario alem\\u00e1n en la d\\u00e9cada de 1990\",\"previousItem\":{\"@type\":\"ListItem\",\"@id\":\"https:\\\/\\\/www.eldigitaldeasturias.com\\\/noticias\\\/category\\\/sucesos\\\/#listItem\",\"name\":\"Sucesos\"}}]},{\"@type\":\"Organization\",\"@id\":\"https:\\\/\\\/www.eldigitaldeasturias.com\\\/noticias\\\/#organization\",\"name\":\"El Digital de Asturias\",\"description\":\"Hemeroteca\",\"url\":\"https:\\\/\\\/www.eldigitaldeasturias.com\\\/noticias\\\/\",\"email\":\"info@eldigitaldeasturias.com\",\"telephone\":\"+34652131393\",\"logo\":{\"@type\":\"ImageObject\",\"url\":\"https:\\\/\\\/www.eldigitaldeasturias.com\\\/noticias\\\/wp-content\\\/uploads\\\/2020\\\/12\\\/EDA.jpg\",\"@id\":\"https:\\\/\\\/www.eldigitaldeasturias.com\\\/noticias\\\/extraditado-el-autor-del-espectacular-secuestro-de-un-millonario-aleman-en-la-decada-de-1990\\\/#organizationLogo\"},\"image\":{\"@id\":\"https:\\\/\\\/www.eldigitaldeasturias.com\\\/noticias\\\/extraditado-el-autor-del-espectacular-secuestro-de-un-millonario-aleman-en-la-decada-de-1990\\\/#organizationLogo\"},\"sameAs\":[\"https:\\\/\\\/facebook.com\\\/eldigitaldeasturias\",\"https:\\\/\\\/www.youtube.com\\\/channel\\\/UCZP-2wLEB9Rv6erhFmqVnvg\"],\"address\":{\"@id\":\"https:\\\/\\\/www.eldigitaldeasturias.com\\\/noticias\\\/#postaladdress\",\"@type\":\"PostalAddress\",\"streetAddress\":\"san antonio 4\",\"postalCode\":\"33430\",\"addressLocality\":\"Cand\\u00e1s\",\"addressRegion\":\"Asturias\",\"addressCountry\":\"ES\"}},{\"@type\":\"Person\",\"@id\":\"https:\\\/\\\/www.eldigitaldeasturias.com\\\/noticias\\\/author\\\/admin\\\/#author\",\"url\":\"https:\\\/\\\/www.eldigitaldeasturias.com\\\/noticias\\\/author\\\/admin\\\/\",\"name\":\"El Digital de Asturias\",\"image\":{\"@type\":\"ImageObject\",\"@id\":\"https:\\\/\\\/www.eldigitaldeasturias.com\\\/noticias\\\/extraditado-el-autor-del-espectacular-secuestro-de-un-millonario-aleman-en-la-decada-de-1990\\\/#authorImage\",\"url\":\"https:\\\/\\\/secure.gravatar.com\\\/avatar\\\/df2aeffc32bcd13f8d26072ef8a91b623d677766deac7f97ca815868cd41bf5e?s=96&d=mm&r=g\",\"width\":96,\"height\":96,\"caption\":\"El Digital de Asturias\"}},{\"@type\":\"WebPage\",\"@id\":\"https:\\\/\\\/www.eldigitaldeasturias.com\\\/noticias\\\/extraditado-el-autor-del-espectacular-secuestro-de-un-millonario-aleman-en-la-decada-de-1990\\\/#webpage\",\"url\":\"https:\\\/\\\/www.eldigitaldeasturias.com\\\/noticias\\\/extraditado-el-autor-del-espectacular-secuestro-de-un-millonario-aleman-en-la-decada-de-1990\\\/\",\"name\":\"Extraditado el autor del espectacular secuestro de un millonario alem\\u00e1n en la d\\u00e9cada de 1990 - El Digital de Asturias\",\"description\":\"Thomas Drach, autor del espectacular secuestro de un millonario alem\\u00e1n en la d\\u00e9cada de 1990, fue extraditado de Pa\\u00edses Bajos a Alemania y encarcelado en Colonia\",\"inLanguage\":\"es-ES\",\"isPartOf\":{\"@id\":\"https:\\\/\\\/www.eldigitaldeasturias.com\\\/noticias\\\/#website\"},\"breadcrumb\":{\"@id\":\"https:\\\/\\\/www.eldigitaldeasturias.com\\\/noticias\\\/extraditado-el-autor-del-espectacular-secuestro-de-un-millonario-aleman-en-la-decada-de-1990\\\/#breadcrumblist\"},\"author\":{\"@id\":\"https:\\\/\\\/www.eldigitaldeasturias.com\\\/noticias\\\/author\\\/admin\\\/#author\"},\"creator\":{\"@id\":\"https:\\\/\\\/www.eldigitaldeasturias.com\\\/noticias\\\/author\\\/admin\\\/#author\"},\"image\":{\"@type\":\"ImageObject\",\"url\":1081459,\"@id\":\"https:\\\/\\\/www.eldigitaldeasturias.com\\\/noticias\\\/extraditado-el-autor-del-espectacular-secuestro-de-un-millonario-aleman-en-la-decada-de-1990\\\/#mainImage\"},\"primaryImageOfPage\":{\"@id\":\"https:\\\/\\\/www.eldigitaldeasturias.com\\\/noticias\\\/extraditado-el-autor-del-espectacular-secuestro-de-un-millonario-aleman-en-la-decada-de-1990\\\/#mainImage\"},\"datePublished\":\"2021-05-11T18:09:29+02:00\",\"dateModified\":\"2021-05-11T18:09:29+02:00\"},{\"@type\":\"WebSite\",\"@id\":\"https:\\\/\\\/www.eldigitaldeasturias.com\\\/noticias\\\/#website\",\"url\":\"https:\\\/\\\/www.eldigitaldeasturias.com\\\/noticias\\\/\",\"name\":\"El Digital de Asturias - Diario de actualidad y noticias\",\"alternateName\":\"El Digital de Asturias - Diario de actualidad y noticias\",\"description\":\"Hemeroteca\",\"inLanguage\":\"es-ES\",\"publisher\":{\"@id\":\"https:\\\/\\\/www.eldigitaldeasturias.com\\\/noticias\\\/#organization\"}}]}\n\t\t<\/script>\n\t\t<!-- All in One SEO Pro -->\r\n\t\t<title>Extraditado el autor del espectacular secuestro de un millonario alem\u00e1n en la d\u00e9cada de 1990 - El Digital de Asturias<\/title>\n\n","aioseo_head_json":{"title":"Extraditado el autor del espectacular secuestro de un millonario alem\u00e1n en la d\u00e9cada de 1990 - El Digital de Asturias","description":"Thomas Drach, autor del espectacular secuestro de un millonario alem\u00e1n en la d\u00e9cada de 1990, fue extraditado de Pa\u00edses Bajos a Alemania y encarcelado en Colonia","canonical_url":"https:\/\/www.eldigitaldeasturias.com\/noticias\/extraditado-el-autor-del-espectacular-secuestro-de-un-millonario-aleman-en-la-decada-de-1990\/","robots":"max-image-preview:large","keywords":"sucesos","webmasterTools":{"google-site-verification":"UA-38556648-1","msvalidate.01":"7dfe9f3f1b24437ab69f4f2559babe99","miscellaneous":""},"schema":{"@context":"https:\/\/schema.org","@graph":[{"@type":"BlogPosting","@id":"https:\/\/www.eldigitaldeasturias.com\/noticias\/extraditado-el-autor-del-espectacular-secuestro-de-un-millonario-aleman-en-la-decada-de-1990\/#blogposting","name":"Extraditado el autor del espectacular secuestro de un millonario alem\u00e1n en la d\u00e9cada de 1990 - El Digital de Asturias","headline":"Extraditado el autor del espectacular secuestro de un millonario alem\u00e1n en la d\u00e9cada de 1990","author":{"@id":"https:\/\/www.eldigitaldeasturias.com\/noticias\/author\/admin\/#author"},"publisher":{"@id":"https:\/\/www.eldigitaldeasturias.com\/noticias\/#organization"},"image":{"@type":"ImageObject","url":1081459},"datePublished":"2021-05-11T18:09:29+02:00","dateModified":"2021-05-11T18:09:29+02:00","inLanguage":"es-ES","mainEntityOfPage":{"@id":"https:\/\/www.eldigitaldeasturias.com\/noticias\/extraditado-el-autor-del-espectacular-secuestro-de-un-millonario-aleman-en-la-decada-de-1990\/#webpage"},"isPartOf":{"@id":"https:\/\/www.eldigitaldeasturias.com\/noticias\/extraditado-el-autor-del-espectacular-secuestro-de-un-millonario-aleman-en-la-decada-de-1990\/#webpage"},"articleSection":"Sucesos"},{"@type":"BreadcrumbList","@id":"https:\/\/www.eldigitaldeasturias.com\/noticias\/extraditado-el-autor-del-espectacular-secuestro-de-un-millonario-aleman-en-la-decada-de-1990\/#breadcrumblist","itemListElement":[{"@type":"ListItem","@id":"https:\/\/www.eldigitaldeasturias.com\/noticias#listItem","position":1,"name":"Home","item":"https:\/\/www.eldigitaldeasturias.com\/noticias","nextItem":{"@type":"ListItem","@id":"https:\/\/www.eldigitaldeasturias.com\/noticias\/category\/sucesos\/#listItem","name":"Sucesos"}},{"@type":"ListItem","@id":"https:\/\/www.eldigitaldeasturias.com\/noticias\/category\/sucesos\/#listItem","position":2,"name":"Sucesos","item":"https:\/\/www.eldigitaldeasturias.com\/noticias\/category\/sucesos\/","nextItem":{"@type":"ListItem","@id":"https:\/\/www.eldigitaldeasturias.com\/noticias\/extraditado-el-autor-del-espectacular-secuestro-de-un-millonario-aleman-en-la-decada-de-1990\/#listItem","name":"Extraditado el autor del espectacular secuestro de un millonario alem\u00e1n en la d\u00e9cada de 1990"},"previousItem":{"@type":"ListItem","@id":"https:\/\/www.eldigitaldeasturias.com\/noticias#listItem","name":"Home"}},{"@type":"ListItem","@id":"https:\/\/www.eldigitaldeasturias.com\/noticias\/extraditado-el-autor-del-espectacular-secuestro-de-un-millonario-aleman-en-la-decada-de-1990\/#listItem","position":3,"name":"Extraditado el autor del espectacular secuestro de un millonario alem\u00e1n en la d\u00e9cada de 1990","previousItem":{"@type":"ListItem","@id":"https:\/\/www.eldigitaldeasturias.com\/noticias\/category\/sucesos\/#listItem","name":"Sucesos"}}]},{"@type":"Organization","@id":"https:\/\/www.eldigitaldeasturias.com\/noticias\/#organization","name":"El Digital de Asturias","description":"Hemeroteca","url":"https:\/\/www.eldigitaldeasturias.com\/noticias\/","email":"info@eldigitaldeasturias.com","telephone":"+34652131393","logo":{"@type":"ImageObject","url":"https:\/\/www.eldigitaldeasturias.com\/noticias\/wp-content\/uploads\/2020\/12\/EDA.jpg","@id":"https:\/\/www.eldigitaldeasturias.com\/noticias\/extraditado-el-autor-del-espectacular-secuestro-de-un-millonario-aleman-en-la-decada-de-1990\/#organizationLogo"},"image":{"@id":"https:\/\/www.eldigitaldeasturias.com\/noticias\/extraditado-el-autor-del-espectacular-secuestro-de-un-millonario-aleman-en-la-decada-de-1990\/#organizationLogo"},"sameAs":["https:\/\/facebook.com\/eldigitaldeasturias","https:\/\/www.youtube.com\/channel\/UCZP-2wLEB9Rv6erhFmqVnvg"],"address":{"@id":"https:\/\/www.eldigitaldeasturias.com\/noticias\/#postaladdress","@type":"PostalAddress","streetAddress":"san antonio 4","postalCode":"33430","addressLocality":"Cand\u00e1s","addressRegion":"Asturias","addressCountry":"ES"}},{"@type":"Person","@id":"https:\/\/www.eldigitaldeasturias.com\/noticias\/author\/admin\/#author","url":"https:\/\/www.eldigitaldeasturias.com\/noticias\/author\/admin\/","name":"El Digital de Asturias","image":{"@type":"ImageObject","@id":"https:\/\/www.eldigitaldeasturias.com\/noticias\/extraditado-el-autor-del-espectacular-secuestro-de-un-millonario-aleman-en-la-decada-de-1990\/#authorImage","url":"https:\/\/secure.gravatar.com\/avatar\/df2aeffc32bcd13f8d26072ef8a91b623d677766deac7f97ca815868cd41bf5e?s=96&d=mm&r=g","width":96,"height":96,"caption":"El Digital de Asturias"}},{"@type":"WebPage","@id":"https:\/\/www.eldigitaldeasturias.com\/noticias\/extraditado-el-autor-del-espectacular-secuestro-de-un-millonario-aleman-en-la-decada-de-1990\/#webpage","url":"https:\/\/www.eldigitaldeasturias.com\/noticias\/extraditado-el-autor-del-espectacular-secuestro-de-un-millonario-aleman-en-la-decada-de-1990\/","name":"Extraditado el autor del espectacular secuestro de un millonario alem\u00e1n en la d\u00e9cada de 1990 - El Digital de Asturias","description":"Thomas Drach, autor del espectacular secuestro de un millonario alem\u00e1n en la d\u00e9cada de 1990, fue extraditado de Pa\u00edses Bajos a Alemania y encarcelado en Colonia","inLanguage":"es-ES","isPartOf":{"@id":"https:\/\/www.eldigitaldeasturias.com\/noticias\/#website"},"breadcrumb":{"@id":"https:\/\/www.eldigitaldeasturias.com\/noticias\/extraditado-el-autor-del-espectacular-secuestro-de-un-millonario-aleman-en-la-decada-de-1990\/#breadcrumblist"},"author":{"@id":"https:\/\/www.eldigitaldeasturias.com\/noticias\/author\/admin\/#author"},"creator":{"@id":"https:\/\/www.eldigitaldeasturias.com\/noticias\/author\/admin\/#author"},"image":{"@type":"ImageObject","url":1081459,"@id":"https:\/\/www.eldigitaldeasturias.com\/noticias\/extraditado-el-autor-del-espectacular-secuestro-de-un-millonario-aleman-en-la-decada-de-1990\/#mainImage"},"primaryImageOfPage":{"@id":"https:\/\/www.eldigitaldeasturias.com\/noticias\/extraditado-el-autor-del-espectacular-secuestro-de-un-millonario-aleman-en-la-decada-de-1990\/#mainImage"},"datePublished":"2021-05-11T18:09:29+02:00","dateModified":"2021-05-11T18:09:29+02:00"},{"@type":"WebSite","@id":"https:\/\/www.eldigitaldeasturias.com\/noticias\/#website","url":"https:\/\/www.eldigitaldeasturias.com\/noticias\/","name":"El Digital de Asturias - Diario de actualidad y noticias","alternateName":"El Digital de Asturias - Diario de actualidad y noticias","description":"Hemeroteca","inLanguage":"es-ES","publisher":{"@id":"https:\/\/www.eldigitaldeasturias.com\/noticias\/#organization"}}]},"og:locale":"es_ES","og:site_name":"El Digital de Asturias","og:type":"article","og:title":"Extraditado el autor del espectacular secuestro de un millonario alem\u00e1n en la d\u00e9cada de 1990 - El Digital de Asturias","og:description":"Thomas Drach, autor del espectacular secuestro de un millonario alem\u00e1n en la d\u00e9cada de 1990, fue extraditado de Pa\u00edses Bajos a Alemania y encarcelado en Colonia","og:url":"https:\/\/www.eldigitaldeasturias.com\/noticias\/extraditado-el-autor-del-espectacular-secuestro-de-un-millonario-aleman-en-la-decada-de-1990\/","article:tag":["sucesos"],"article:published_time":"2021-05-11T17:09:29+00:00","article:modified_time":"2021-05-11T17:09:29+00:00","article:publisher":"https:\/\/facebook.com\/eldigitaldeasturias","twitter:card":"summary_large_image","twitter:title":"Extraditado el autor del espectacular secuestro de un millonario alem\u00e1n en la d\u00e9cada de 1990 - El Digital de Asturias","twitter:description":"Thomas Drach, autor del espectacular secuestro de un millonario alem\u00e1n en la d\u00e9cada de 1990, fue extraditado de Pa\u00edses Bajos a Alemania y encarcelado en Colonia","twitter:image":"https:\/\/www.eldigitaldeasturias.com\/noticias\/wp-content\/uploads\/2020\/12\/EDA-1.jpg","twitter:label1":"Escrito por","twitter:data1":"El Digital de Asturias","twitter:label2":"Tiempo de lectura estimado","twitter:data2":"2 minutos"},"aioseo_meta_data":{"post_id":"1091458","title":null,"description":"Thomas Drach, autor del espectacular secuestro de un millonario alem\u00e1n en la d\u00e9cada de 1990, fue extraditado de Pa\u00edses Bajos a Alemania y encarcelado en Colonia","keywords":[],"keyphrases":{"focus":[],"additional":[]},"primary_term":null,"canonical_url":null,"og_title":null,"og_description":null,"og_object_type":"default","og_image_type":"default","og_image_url":null,"og_image_width":null,"og_image_height":null,"og_image_custom_url":null,"og_image_custom_fields":null,"og_video":"","og_custom_url":null,"og_article_section":null,"og_article_tags":[],"twitter_use_og":false,"twitter_card":"default","twitter_image_type":"default","twitter_image_url":null,"twitter_image_custom_url":null,"twitter_image_custom_fields":null,"twitter_title":null,"twitter_description":null,"schema":{"blockGraphs":[],"customGraphs":[],"default":{"data":{"Article":[],"Course":[],"Dataset":[],"FAQPage":[],"Movie":[],"Person":[],"Product":[],"ProductReview":[],"Car":[],"Recipe":[],"Service":[],"SoftwareApplication":[],"WebPage":[]},"graphName":"","isEnabled":true},"graphs":[],"defaultGraph":"Article","defaultPostTypeGraph":""},"schema_type":"default","schema_type_options":"{\"article\":{\"articleType\":\"BlogPosting\"},\"course\":{\"name\":\"\",\"description\":\"\",\"provider\":\"\"},\"faq\":{\"pages\":[]},\"product\":{\"reviews\":[]},\"recipe\":{\"ingredients\":[],\"instructions\":[],\"keywords\":[]},\"software\":{\"reviews\":[],\"operatingSystems\":[]},\"webPage\":{\"webPageType\":\"WebPage\"}}","pillar_content":false,"robots_default":true,"robots_noindex":false,"robots_noarchive":false,"robots_nosnippet":false,"robots_nofollow":false,"robots_noimageindex":false,"robots_noodp":false,"robots_notranslate":false,"robots_max_snippet":"-1","robots_max_videopreview":"-1","robots_max_imagepreview":"large","priority":null,"frequency":"default","local_seo":{"locations":{"business":{"name":"","businessType":"","image":"","areaServed":"","urls":{"website":"","aboutPage":"","contactPage":""},"address":{"streetLine1":"","streetLine2":"","zipCode":"","city":"","state":"","country":"","addressFormat":"#streetLineOne\n#streetLineTwo\n#city, #state #zipCode"},"contact":{"phone":"","email":"","fax":""},"ids":{"vat":"","tax":"","chamberOfCommerce":""},"payment":{"priceRange":"","currenciesAccepted":"","methods":""}}},"openingHours":{"useDefaults":true,"show":true,"alwaysOpen":false,"use24hFormat":false,"timezone":"","labels":{"closed":"","alwaysOpen":""},"days":{"monday":{"open24h":false,"closed":false,"openTime":"09:00","closeTime":"17:00"},"tuesday":{"open24h":false,"closed":false,"openTime":"09:00","closeTime":"17:00"},"wednesday":{"open24h":false,"closed":false,"openTime":"09:00","closeTime":"17:00"},"thursday":{"open24h":false,"closed":false,"openTime":"09:00","closeTime":"17:00"},"friday":{"open24h":false,"closed":false,"openTime":"09:00","closeTime":"17:00"},"saturday":{"open24h":false,"closed":false,"openTime":"09:00","closeTime":"17:00"},"sunday":{"open24h":false,"closed":false,"openTime":"09:00","closeTime":"17:00"}}}},"seo_analyzer_scan_date":"2026-07-17 20:20:37","breadcrumb_settings":null,"limit_modified_date":false,"open_ai":null,"ai":null,"created":"2021-05-11 16:57:07","updated":"2026-07-17 20:20:37","focus_keyword":null,"additional_keywords":null,"truseo_locale":null},"aioseo_breadcrumb":"<div class=\"aioseo-breadcrumbs\"><span class=\"aioseo-breadcrumb\">\n\t<a href=\"https:\/\/www.eldigitaldeasturias.com\/noticias\" title=\"Home\">Home<\/a>\n<\/span><span class=\"aioseo-breadcrumb-separator\">\u2013<\/span><span class=\"aioseo-breadcrumb\">\n\t<a href=\"https:\/\/www.eldigitaldeasturias.com\/noticias\/category\/sucesos\/\" title=\"Sucesos\">Sucesos<\/a>\n<\/span><span class=\"aioseo-breadcrumb-separator\">\u2013<\/span><span class=\"aioseo-breadcrumb\">\n\t<a href=\"https:\/\/www.eldigitaldeasturias.com\/noticias\/extraditado-el-autor-del-espectacular-secuestro-de-un-millonario-aleman-en-la-decada-de-1990\/\" title=\"Extraditado el autor del espectacular secuestro de un millonario alem\u00e1n en la d\u00e9cada de 1990\">Extraditado el autor del espectacular secuestro de un millonario alem\u00e1n en la d\u00e9cada de 1990<\/a>\n<\/span><\/div>","aioseo_breadcrumb_json":[{"label":"Home","link":"https:\/\/www.eldigitaldeasturias.com\/noticias"},{"label":"Sucesos","link":"https:\/\/www.eldigitaldeasturias.com\/noticias\/category\/sucesos\/"},{"label":"Extraditado el autor del espectacular secuestro de un millonario alem\u00e1n en la d\u00e9cada de 1990","link":"https:\/\/www.eldigitaldeasturias.com\/noticias\/extraditado-el-autor-del-espectacular-secuestro-de-un-millonario-aleman-en-la-decada-de-1990\/"}],"_links":{"self":[{"href":"https:\/\/www.eldigitaldeasturias.com\/noticias\/wp-json\/wp\/v2\/posts\/1091458","targetHints":{"allow":["GET"]}}],"collection":[{"href":"https:\/\/www.eldigitaldeasturias.com\/noticias\/wp-json\/wp\/v2\/posts"}],"about":[{"href":"https:\/\/www.eldigitaldeasturias.com\/noticias\/wp-json\/wp\/v2\/types\/post"}],"author":[{"embeddable":true,"href":"https:\/\/www.eldigitaldeasturias.com\/noticias\/wp-json\/wp\/v2\/users\/1"}],"replies":[{"embeddable":true,"href":"https:\/\/www.eldigitaldeasturias.com\/noticias\/wp-json\/wp\/v2\/comments?post=1091458"}],"version-history":[{"count":0,"href":"https:\/\/www.eldigitaldeasturias.com\/noticias\/wp-json\/wp\/v2\/posts\/1091458\/revisions"}],"wp:attachment":[{"href":"https:\/\/www.eldigitaldeasturias.com\/noticias\/wp-json\/wp\/v2\/media?parent=1091458"}],"wp:term":[{"taxonomy":"category","embeddable":true,"href":"https:\/\/www.eldigitaldeasturias.com\/noticias\/wp-json\/wp\/v2\/categories?post=1091458"},{"taxonomy":"post_tag","embeddable":true,"href":"https:\/\/www.eldigitaldeasturias.com\/noticias\/wp-json\/wp\/v2\/tags?post=1091458"}],"curies":[{"name":"wp","href":"https:\/\/api.w.org\/{rel}","templated":true}]}}