{"id":1091454,"date":"2021-05-11T13:43:22","date_gmt":"2021-05-11T12:43:22","guid":{"rendered":"https:\/\/www.eldigitaldeasturias.com\/noticias\/?p=1091454"},"modified":"2021-05-11T13:43:22","modified_gmt":"2021-05-11T12:43:22","slug":"parques-eolicos-queipo-defiende-las-compensaciones-para-los-ganaderos-asturianos","status":"publish","type":"post","link":"https:\/\/www.eldigitaldeasturias.com\/noticias\/parques-eolicos-queipo-defiende-las-compensaciones-para-los-ganaderos-asturianos\/","title":{"rendered":"Parques e\u00f3licos: Queipo defiende las compensaciones para los ganaderos asturianos"},"content":{"rendered":"<p><img loading=\"lazy\" decoding=\"async\" class=\"alignleft size-medium wp-image-1091455\" src=\"https:\/\/www.eldigitaldeasturias.com\/noticias\/wp-content\/uploads\/2021\/05\/Queipo-PP-de-Asturias-360x262.jpg\" alt=\"Queipo PP de Asturias\" width=\"360\" height=\"262\" \/>El Grupo Parlamentario del PP en la Junta General del Principado de Asturias y la Uni\u00f3n de Campesinos Asturianos (UCA) reclaman al Gobierno regional \u201cmedidas compensatorias\u201d para los ganaderos asturianos que sufran el impacto de la instalaci\u00f3n de nuevos parques e\u00f3licos, dentro de las nuevas directrices sobre esta energ\u00eda que el Principado dar\u00e1 a conocer pr\u00f3ximamente.<\/p>\n<p>\u201cSe trata de posibilitar la sana convivencia entre la actividad ganadera, que es la que mantiene vivos nuestros pueblos, y la explotaci\u00f3n energ\u00e9tica e\u00f3lica. Y es obligaci\u00f3n del Principado posibilitar esta convivencia\u201d, afirma el secretario general del PP asturiano y portavoz de Energ\u00eda del Grupo Parlamentario Popular, \u00c1lvaro Queipo; tras reunirse esta ma\u00f1ana en la Junta General con el secretario general de UCA, Jos\u00e9 Ram\u00f3n Garc\u00eda Alba, \u201cPach\u00f3n\u201d.<\/p>\n<p>Encuentro en el que tambi\u00e9n han participado la diputada popular por el Occidente Cristina Vega y el diputado del PP portavoz de Ganader\u00eda Javier Brea, y donde la organizaci\u00f3n agraria ha trasladado algunas de las cuestiones que considera deber\u00edan abordarse en el marco de la aprobaci\u00f3n de las nuevas directrices de ordenaci\u00f3n del territorio para el aprovechamiento de la energ\u00eda e\u00f3lica en Asturias.<\/p>\n<p>Tanto los representantes del PP como los de UCA defienden la instalaci\u00f3n de energ\u00edas renovables en el medio rural, y coinciden en que el avance de parques e\u00f3licos en Asturias debe hacerse \u201ccon mesura\u201d y \u201cprocurando siempre el menor impacto sobre la actividad ganadera ya existente en las zonas de inter\u00e9s e\u00f3lico\u201d.<\/p>\n<p>\u00c1lvaro Queipo asegura que la expansi\u00f3n de las energ\u00edas limpias en Asturias es \u201cuna buena noticia\u201d. \u201cQueremos dejar muy claro que no existe ninguna psicosis respecto a la energ\u00eda e\u00f3lica en el medio rural y, m\u00e1s concretamente, en el Occidente asturiano, donde se concentra la energ\u00eda e\u00f3lica de Asturias\u201d, a\u00f1ade.<\/p>\n<p>Pero, \u201ccuando un parque e\u00f3lico se implanta en zonas de pastizales altos se producen interferencias como la p\u00e9rdida de superficie PAC para el ganadero, la imposibilidad de impulsar nuevas plantaciones o incluso dificultades para mantener cierres que separen el ganado de depredadores como el lobo. Son problemas que, si se prev\u00e9n con suficiente antelaci\u00f3n, se pueden mitigar y as\u00ed evitar conflictos en el futuro\u201d, asegura el diputado popular.<\/p>\n<p>Por lo que, \u201cel Gobierno del Principado tiene la obligaci\u00f3n de que en las nuevas directrices que pronto dar\u00e1 a conocer, los ganaderos asturianos que sufran el impacto de la instalaci\u00f3n de nuevos parques tienen que verse debidamente compensados\u201d, advierte.<\/p>\n<p>&nbsp;<\/p>\n","protected":false},"excerpt":{"rendered":"<p>El Grupo Parlamentario del PP en la Junta General del Principado de Asturias y la Uni\u00f3n de Campesinos Asturianos (UCA) reclaman al Gobierno regional \u201cmedidas compensatorias\u201d para los ganaderos asturianos que sufran el impacto de la instalaci\u00f3n de nuevos parques e\u00f3licos, dentro de las nuevas directrices sobre esta energ\u00eda que el Principado dar\u00e1 a conocer [&hellip;]<\/p>\n","protected":false},"author":1,"featured_media":1132184,"comment_status":"closed","ping_status":"closed","sticky":false,"template":"","format":"standard","meta":{"footnotes":""},"categories":[12],"tags":[],"class_list":["post-1091454","post","type-post","status-publish","format-standard","has-post-thumbnail","hentry","category-actualidad-asturias"],"aioseo_notices":[],"aioseo_head":"\n\t\t<!-- All in One SEO Pro 5.0.1 - aioseo.com -->\n\t<meta name=\"description\" content=\"Tanto los representantes del PP de Asturias como los de UCA defienden la instalaci\u00f3n de energ\u00edas renovables en el medio rural del Principado.\" \/>\n\t<meta name=\"robots\" content=\"max-image-preview:large\" \/>\n\t<meta name=\"author\" content=\"El Digital de Asturias\"\/>\n\t<meta name=\"google-site-verification\" content=\"UA-38556648-1\" \/>\n\t<meta name=\"msvalidate.01\" content=\"7dfe9f3f1b24437ab69f4f2559babe99\" \/>\n\t<meta name=\"keywords\" content=\"actualidad asturias\" \/>\n\t<link rel=\"canonical\" href=\"https:\/\/www.eldigitaldeasturias.com\/noticias\/parques-eolicos-queipo-defiende-las-compensaciones-para-los-ganaderos-asturianos\/\" \/>\n\t<meta name=\"generator\" content=\"All in One SEO Pro (AIOSEO) 5.0.1\" \/>\n\t\t<meta property=\"og:locale\" content=\"es_ES\" \/>\n\t\t<meta property=\"og:site_name\" content=\"El Digital de Asturias\" \/>\n\t\t<meta property=\"og:type\" content=\"article\" \/>\n\t\t<meta property=\"og:title\" content=\"Parques e\u00f3licos: Queipo defiende las compensaciones para los ganaderos asturianos - El Digital de Asturias\" \/>\n\t\t<meta property=\"og:description\" content=\"Tanto los representantes del PP de Asturias como los de UCA defienden la instalaci\u00f3n de energ\u00edas renovables en el medio rural del Principado.\" \/>\n\t\t<meta property=\"og:url\" content=\"https:\/\/www.eldigitaldeasturias.com\/noticias\/parques-eolicos-queipo-defiende-las-compensaciones-para-los-ganaderos-asturianos\/\" \/>\n\t\t<meta property=\"og:image\" content=\"https:\/\/www.eldigitaldeasturias.com\/noticias\/wp-content\/uploads\/2026\/06\/Contenidos.jpg\" \/>\n\t\t<meta property=\"og:image:secure_url\" content=\"https:\/\/www.eldigitaldeasturias.com\/noticias\/wp-content\/uploads\/2026\/06\/Contenidos.jpg\" \/>\n\t\t<meta property=\"og:image:width\" content=\"1265\" \/>\n\t\t<meta property=\"og:image:height\" content=\"697\" \/>\n\t\t<meta property=\"article:tag\" content=\"actualidad asturias\" \/>\n\t\t<meta property=\"article:published_time\" content=\"2021-05-11T12:43:22+00:00\" \/>\n\t\t<meta property=\"article:modified_time\" content=\"2021-05-11T12:43:22+00:00\" \/>\n\t\t<meta property=\"article:publisher\" content=\"https:\/\/facebook.com\/eldigitaldeasturias\" \/>\n\t\t<meta name=\"twitter:card\" content=\"summary_large_image\" \/>\n\t\t<meta name=\"twitter:title\" content=\"Parques e\u00f3licos: Queipo defiende las compensaciones para los ganaderos asturianos - El Digital de Asturias\" \/>\n\t\t<meta name=\"twitter:description\" content=\"Tanto los representantes del PP de Asturias como los de UCA defienden la instalaci\u00f3n de energ\u00edas renovables en el medio rural del Principado.\" \/>\n\t\t<meta name=\"twitter:image\" content=\"https:\/\/www.eldigitaldeasturias.com\/noticias\/wp-content\/uploads\/2026\/06\/Contenidos.jpg\" \/>\n\t\t<meta name=\"twitter:label1\" content=\"Escrito por\" \/>\n\t\t<meta name=\"twitter:data1\" content=\"El Digital de Asturias\" \/>\n\t\t<meta name=\"twitter:label2\" content=\"Tiempo de lectura estimado\" \/>\n\t\t<meta name=\"twitter:data2\" content=\"2 minutos\" \/>\n\t\t<script type=\"application\/ld+json\" class=\"aioseo-schema\">\n\t\t\t{\"@context\":\"https:\\\/\\\/schema.org\",\"@graph\":[{\"@type\":\"BlogPosting\",\"@id\":\"https:\\\/\\\/www.eldigitaldeasturias.com\\\/noticias\\\/parques-eolicos-queipo-defiende-las-compensaciones-para-los-ganaderos-asturianos\\\/#blogposting\",\"name\":\"Parques e\\u00f3licos: Queipo defiende las compensaciones para los ganaderos asturianos - El Digital de Asturias\",\"headline\":\"Parques e\\u00f3licos: Queipo defiende las compensaciones para los ganaderos asturianos\",\"author\":{\"@id\":\"https:\\\/\\\/www.eldigitaldeasturias.com\\\/noticias\\\/author\\\/admin\\\/#author\"},\"publisher\":{\"@id\":\"https:\\\/\\\/www.eldigitaldeasturias.com\\\/noticias\\\/#organization\"},\"image\":{\"@type\":\"ImageObject\",\"url\":\"https:\\\/\\\/www.eldigitaldeasturias.com\\\/noticias\\\/wp-content\\\/uploads\\\/2026\\\/06\\\/Contenidos.jpg\",\"width\":1265,\"height\":697,\"caption\":\"Contenidos\"},\"datePublished\":\"2021-05-11T13:43:22+02:00\",\"dateModified\":\"2021-05-11T13:43:22+02:00\",\"inLanguage\":\"es-ES\",\"mainEntityOfPage\":{\"@id\":\"https:\\\/\\\/www.eldigitaldeasturias.com\\\/noticias\\\/parques-eolicos-queipo-defiende-las-compensaciones-para-los-ganaderos-asturianos\\\/#webpage\"},\"isPartOf\":{\"@id\":\"https:\\\/\\\/www.eldigitaldeasturias.com\\\/noticias\\\/parques-eolicos-queipo-defiende-las-compensaciones-para-los-ganaderos-asturianos\\\/#webpage\"},\"articleSection\":\"Actualidad Asturias\"},{\"@type\":\"BreadcrumbList\",\"@id\":\"https:\\\/\\\/www.eldigitaldeasturias.com\\\/noticias\\\/parques-eolicos-queipo-defiende-las-compensaciones-para-los-ganaderos-asturianos\\\/#breadcrumblist\",\"itemListElement\":[{\"@type\":\"ListItem\",\"@id\":\"https:\\\/\\\/www.eldigitaldeasturias.com\\\/noticias#listItem\",\"position\":1,\"name\":\"Home\",\"item\":\"https:\\\/\\\/www.eldigitaldeasturias.com\\\/noticias\",\"nextItem\":{\"@type\":\"ListItem\",\"@id\":\"https:\\\/\\\/www.eldigitaldeasturias.com\\\/noticias\\\/category\\\/actualidad-asturias\\\/#listItem\",\"name\":\"Actualidad Asturias\"}},{\"@type\":\"ListItem\",\"@id\":\"https:\\\/\\\/www.eldigitaldeasturias.com\\\/noticias\\\/category\\\/actualidad-asturias\\\/#listItem\",\"position\":2,\"name\":\"Actualidad Asturias\",\"item\":\"https:\\\/\\\/www.eldigitaldeasturias.com\\\/noticias\\\/category\\\/actualidad-asturias\\\/\",\"nextItem\":{\"@type\":\"ListItem\",\"@id\":\"https:\\\/\\\/www.eldigitaldeasturias.com\\\/noticias\\\/parques-eolicos-queipo-defiende-las-compensaciones-para-los-ganaderos-asturianos\\\/#listItem\",\"name\":\"Parques e\\u00f3licos: Queipo defiende las compensaciones para los ganaderos asturianos\"},\"previousItem\":{\"@type\":\"ListItem\",\"@id\":\"https:\\\/\\\/www.eldigitaldeasturias.com\\\/noticias#listItem\",\"name\":\"Home\"}},{\"@type\":\"ListItem\",\"@id\":\"https:\\\/\\\/www.eldigitaldeasturias.com\\\/noticias\\\/parques-eolicos-queipo-defiende-las-compensaciones-para-los-ganaderos-asturianos\\\/#listItem\",\"position\":3,\"name\":\"Parques e\\u00f3licos: Queipo defiende las compensaciones para los ganaderos asturianos\",\"previousItem\":{\"@type\":\"ListItem\",\"@id\":\"https:\\\/\\\/www.eldigitaldeasturias.com\\\/noticias\\\/category\\\/actualidad-asturias\\\/#listItem\",\"name\":\"Actualidad Asturias\"}}]},{\"@type\":\"Organization\",\"@id\":\"https:\\\/\\\/www.eldigitaldeasturias.com\\\/noticias\\\/#organization\",\"name\":\"El Digital de Asturias\",\"description\":\"Hemeroteca\",\"url\":\"https:\\\/\\\/www.eldigitaldeasturias.com\\\/noticias\\\/\",\"email\":\"info@eldigitaldeasturias.com\",\"telephone\":\"+34652131393\",\"logo\":{\"@type\":\"ImageObject\",\"url\":\"https:\\\/\\\/www.eldigitaldeasturias.com\\\/noticias\\\/wp-content\\\/uploads\\\/2020\\\/12\\\/EDA.jpg\",\"@id\":\"https:\\\/\\\/www.eldigitaldeasturias.com\\\/noticias\\\/parques-eolicos-queipo-defiende-las-compensaciones-para-los-ganaderos-asturianos\\\/#organizationLogo\"},\"image\":{\"@id\":\"https:\\\/\\\/www.eldigitaldeasturias.com\\\/noticias\\\/parques-eolicos-queipo-defiende-las-compensaciones-para-los-ganaderos-asturianos\\\/#organizationLogo\"},\"sameAs\":[\"https:\\\/\\\/facebook.com\\\/eldigitaldeasturias\",\"https:\\\/\\\/www.youtube.com\\\/channel\\\/UCZP-2wLEB9Rv6erhFmqVnvg\"],\"address\":{\"@id\":\"https:\\\/\\\/www.eldigitaldeasturias.com\\\/noticias\\\/#postaladdress\",\"@type\":\"PostalAddress\",\"streetAddress\":\"san antonio 4\",\"postalCode\":\"33430\",\"addressLocality\":\"Cand\\u00e1s\",\"addressRegion\":\"Asturias\",\"addressCountry\":\"ES\"}},{\"@type\":\"Person\",\"@id\":\"https:\\\/\\\/www.eldigitaldeasturias.com\\\/noticias\\\/author\\\/admin\\\/#author\",\"url\":\"https:\\\/\\\/www.eldigitaldeasturias.com\\\/noticias\\\/author\\\/admin\\\/\",\"name\":\"El Digital de Asturias\",\"image\":{\"@type\":\"ImageObject\",\"@id\":\"https:\\\/\\\/www.eldigitaldeasturias.com\\\/noticias\\\/parques-eolicos-queipo-defiende-las-compensaciones-para-los-ganaderos-asturianos\\\/#authorImage\",\"url\":\"https:\\\/\\\/secure.gravatar.com\\\/avatar\\\/df2aeffc32bcd13f8d26072ef8a91b623d677766deac7f97ca815868cd41bf5e?s=96&d=mm&r=g\",\"width\":96,\"height\":96,\"caption\":\"El Digital de Asturias\"}},{\"@type\":\"WebPage\",\"@id\":\"https:\\\/\\\/www.eldigitaldeasturias.com\\\/noticias\\\/parques-eolicos-queipo-defiende-las-compensaciones-para-los-ganaderos-asturianos\\\/#webpage\",\"url\":\"https:\\\/\\\/www.eldigitaldeasturias.com\\\/noticias\\\/parques-eolicos-queipo-defiende-las-compensaciones-para-los-ganaderos-asturianos\\\/\",\"name\":\"Parques e\\u00f3licos: Queipo defiende las compensaciones para los ganaderos asturianos - El Digital de Asturias\",\"description\":\"Tanto los representantes del PP de Asturias como los de UCA defienden la instalaci\\u00f3n de energ\\u00edas renovables en el medio rural del Principado.\",\"inLanguage\":\"es-ES\",\"isPartOf\":{\"@id\":\"https:\\\/\\\/www.eldigitaldeasturias.com\\\/noticias\\\/#website\"},\"breadcrumb\":{\"@id\":\"https:\\\/\\\/www.eldigitaldeasturias.com\\\/noticias\\\/parques-eolicos-queipo-defiende-las-compensaciones-para-los-ganaderos-asturianos\\\/#breadcrumblist\"},\"author\":{\"@id\":\"https:\\\/\\\/www.eldigitaldeasturias.com\\\/noticias\\\/author\\\/admin\\\/#author\"},\"creator\":{\"@id\":\"https:\\\/\\\/www.eldigitaldeasturias.com\\\/noticias\\\/author\\\/admin\\\/#author\"},\"image\":{\"@type\":\"ImageObject\",\"url\":\"https:\\\/\\\/www.eldigitaldeasturias.com\\\/noticias\\\/wp-content\\\/uploads\\\/2026\\\/06\\\/Contenidos.jpg\",\"@id\":\"https:\\\/\\\/www.eldigitaldeasturias.com\\\/noticias\\\/parques-eolicos-queipo-defiende-las-compensaciones-para-los-ganaderos-asturianos\\\/#mainImage\",\"width\":1265,\"height\":697,\"caption\":\"Contenidos\"},\"primaryImageOfPage\":{\"@id\":\"https:\\\/\\\/www.eldigitaldeasturias.com\\\/noticias\\\/parques-eolicos-queipo-defiende-las-compensaciones-para-los-ganaderos-asturianos\\\/#mainImage\"},\"datePublished\":\"2021-05-11T13:43:22+02:00\",\"dateModified\":\"2021-05-11T13:43:22+02:00\"},{\"@type\":\"WebSite\",\"@id\":\"https:\\\/\\\/www.eldigitaldeasturias.com\\\/noticias\\\/#website\",\"url\":\"https:\\\/\\\/www.eldigitaldeasturias.com\\\/noticias\\\/\",\"name\":\"El Digital de Asturias - Diario de actualidad y noticias\",\"alternateName\":\"El Digital de Asturias - Diario de actualidad y noticias\",\"description\":\"Hemeroteca\",\"inLanguage\":\"es-ES\",\"publisher\":{\"@id\":\"https:\\\/\\\/www.eldigitaldeasturias.com\\\/noticias\\\/#organization\"}}]}\n\t\t<\/script>\n\t\t<!-- All in One SEO Pro -->\r\n\t\t<title>Parques e\u00f3licos: Queipo defiende las compensaciones para los ganaderos asturianos - El Digital de Asturias<\/title>\n\n","aioseo_head_json":{"title":"Parques e\u00f3licos: Queipo defiende las compensaciones para los ganaderos asturianos - El Digital de Asturias","description":"Tanto los representantes del PP de Asturias como los de UCA defienden la instalaci\u00f3n de energ\u00edas renovables en el medio rural del Principado.","canonical_url":"https:\/\/www.eldigitaldeasturias.com\/noticias\/parques-eolicos-queipo-defiende-las-compensaciones-para-los-ganaderos-asturianos\/","robots":"max-image-preview:large","keywords":"actualidad asturias","webmasterTools":{"google-site-verification":"UA-38556648-1","msvalidate.01":"7dfe9f3f1b24437ab69f4f2559babe99","miscellaneous":""},"schema":{"@context":"https:\/\/schema.org","@graph":[{"@type":"BlogPosting","@id":"https:\/\/www.eldigitaldeasturias.com\/noticias\/parques-eolicos-queipo-defiende-las-compensaciones-para-los-ganaderos-asturianos\/#blogposting","name":"Parques e\u00f3licos: Queipo defiende las compensaciones para los ganaderos asturianos - El Digital de Asturias","headline":"Parques e\u00f3licos: Queipo defiende las compensaciones para los ganaderos asturianos","author":{"@id":"https:\/\/www.eldigitaldeasturias.com\/noticias\/author\/admin\/#author"},"publisher":{"@id":"https:\/\/www.eldigitaldeasturias.com\/noticias\/#organization"},"image":{"@type":"ImageObject","url":"https:\/\/www.eldigitaldeasturias.com\/noticias\/wp-content\/uploads\/2026\/06\/Contenidos.jpg","width":1265,"height":697,"caption":"Contenidos"},"datePublished":"2021-05-11T13:43:22+02:00","dateModified":"2021-05-11T13:43:22+02:00","inLanguage":"es-ES","mainEntityOfPage":{"@id":"https:\/\/www.eldigitaldeasturias.com\/noticias\/parques-eolicos-queipo-defiende-las-compensaciones-para-los-ganaderos-asturianos\/#webpage"},"isPartOf":{"@id":"https:\/\/www.eldigitaldeasturias.com\/noticias\/parques-eolicos-queipo-defiende-las-compensaciones-para-los-ganaderos-asturianos\/#webpage"},"articleSection":"Actualidad Asturias"},{"@type":"BreadcrumbList","@id":"https:\/\/www.eldigitaldeasturias.com\/noticias\/parques-eolicos-queipo-defiende-las-compensaciones-para-los-ganaderos-asturianos\/#breadcrumblist","itemListElement":[{"@type":"ListItem","@id":"https:\/\/www.eldigitaldeasturias.com\/noticias#listItem","position":1,"name":"Home","item":"https:\/\/www.eldigitaldeasturias.com\/noticias","nextItem":{"@type":"ListItem","@id":"https:\/\/www.eldigitaldeasturias.com\/noticias\/category\/actualidad-asturias\/#listItem","name":"Actualidad Asturias"}},{"@type":"ListItem","@id":"https:\/\/www.eldigitaldeasturias.com\/noticias\/category\/actualidad-asturias\/#listItem","position":2,"name":"Actualidad Asturias","item":"https:\/\/www.eldigitaldeasturias.com\/noticias\/category\/actualidad-asturias\/","nextItem":{"@type":"ListItem","@id":"https:\/\/www.eldigitaldeasturias.com\/noticias\/parques-eolicos-queipo-defiende-las-compensaciones-para-los-ganaderos-asturianos\/#listItem","name":"Parques e\u00f3licos: Queipo defiende las compensaciones para los ganaderos asturianos"},"previousItem":{"@type":"ListItem","@id":"https:\/\/www.eldigitaldeasturias.com\/noticias#listItem","name":"Home"}},{"@type":"ListItem","@id":"https:\/\/www.eldigitaldeasturias.com\/noticias\/parques-eolicos-queipo-defiende-las-compensaciones-para-los-ganaderos-asturianos\/#listItem","position":3,"name":"Parques e\u00f3licos: Queipo defiende las compensaciones para los ganaderos asturianos","previousItem":{"@type":"ListItem","@id":"https:\/\/www.eldigitaldeasturias.com\/noticias\/category\/actualidad-asturias\/#listItem","name":"Actualidad Asturias"}}]},{"@type":"Organization","@id":"https:\/\/www.eldigitaldeasturias.com\/noticias\/#organization","name":"El Digital de Asturias","description":"Hemeroteca","url":"https:\/\/www.eldigitaldeasturias.com\/noticias\/","email":"info@eldigitaldeasturias.com","telephone":"+34652131393","logo":{"@type":"ImageObject","url":"https:\/\/www.eldigitaldeasturias.com\/noticias\/wp-content\/uploads\/2020\/12\/EDA.jpg","@id":"https:\/\/www.eldigitaldeasturias.com\/noticias\/parques-eolicos-queipo-defiende-las-compensaciones-para-los-ganaderos-asturianos\/#organizationLogo"},"image":{"@id":"https:\/\/www.eldigitaldeasturias.com\/noticias\/parques-eolicos-queipo-defiende-las-compensaciones-para-los-ganaderos-asturianos\/#organizationLogo"},"sameAs":["https:\/\/facebook.com\/eldigitaldeasturias","https:\/\/www.youtube.com\/channel\/UCZP-2wLEB9Rv6erhFmqVnvg"],"address":{"@id":"https:\/\/www.eldigitaldeasturias.com\/noticias\/#postaladdress","@type":"PostalAddress","streetAddress":"san antonio 4","postalCode":"33430","addressLocality":"Cand\u00e1s","addressRegion":"Asturias","addressCountry":"ES"}},{"@type":"Person","@id":"https:\/\/www.eldigitaldeasturias.com\/noticias\/author\/admin\/#author","url":"https:\/\/www.eldigitaldeasturias.com\/noticias\/author\/admin\/","name":"El Digital de Asturias","image":{"@type":"ImageObject","@id":"https:\/\/www.eldigitaldeasturias.com\/noticias\/parques-eolicos-queipo-defiende-las-compensaciones-para-los-ganaderos-asturianos\/#authorImage","url":"https:\/\/secure.gravatar.com\/avatar\/df2aeffc32bcd13f8d26072ef8a91b623d677766deac7f97ca815868cd41bf5e?s=96&d=mm&r=g","width":96,"height":96,"caption":"El Digital de Asturias"}},{"@type":"WebPage","@id":"https:\/\/www.eldigitaldeasturias.com\/noticias\/parques-eolicos-queipo-defiende-las-compensaciones-para-los-ganaderos-asturianos\/#webpage","url":"https:\/\/www.eldigitaldeasturias.com\/noticias\/parques-eolicos-queipo-defiende-las-compensaciones-para-los-ganaderos-asturianos\/","name":"Parques e\u00f3licos: Queipo defiende las compensaciones para los ganaderos asturianos - El Digital de Asturias","description":"Tanto los representantes del PP de Asturias como los de UCA defienden la instalaci\u00f3n de energ\u00edas renovables en el medio rural del Principado.","inLanguage":"es-ES","isPartOf":{"@id":"https:\/\/www.eldigitaldeasturias.com\/noticias\/#website"},"breadcrumb":{"@id":"https:\/\/www.eldigitaldeasturias.com\/noticias\/parques-eolicos-queipo-defiende-las-compensaciones-para-los-ganaderos-asturianos\/#breadcrumblist"},"author":{"@id":"https:\/\/www.eldigitaldeasturias.com\/noticias\/author\/admin\/#author"},"creator":{"@id":"https:\/\/www.eldigitaldeasturias.com\/noticias\/author\/admin\/#author"},"image":{"@type":"ImageObject","url":"https:\/\/www.eldigitaldeasturias.com\/noticias\/wp-content\/uploads\/2026\/06\/Contenidos.jpg","@id":"https:\/\/www.eldigitaldeasturias.com\/noticias\/parques-eolicos-queipo-defiende-las-compensaciones-para-los-ganaderos-asturianos\/#mainImage","width":1265,"height":697,"caption":"Contenidos"},"primaryImageOfPage":{"@id":"https:\/\/www.eldigitaldeasturias.com\/noticias\/parques-eolicos-queipo-defiende-las-compensaciones-para-los-ganaderos-asturianos\/#mainImage"},"datePublished":"2021-05-11T13:43:22+02:00","dateModified":"2021-05-11T13:43:22+02:00"},{"@type":"WebSite","@id":"https:\/\/www.eldigitaldeasturias.com\/noticias\/#website","url":"https:\/\/www.eldigitaldeasturias.com\/noticias\/","name":"El Digital de Asturias - Diario de actualidad y noticias","alternateName":"El Digital de Asturias - Diario de actualidad y noticias","description":"Hemeroteca","inLanguage":"es-ES","publisher":{"@id":"https:\/\/www.eldigitaldeasturias.com\/noticias\/#organization"}}]},"og:locale":"es_ES","og:site_name":"El Digital de Asturias","og:type":"article","og:title":"Parques e\u00f3licos: Queipo defiende las compensaciones para los ganaderos asturianos - El Digital de Asturias","og:description":"Tanto los representantes del PP de Asturias como los de UCA defienden la instalaci\u00f3n de energ\u00edas renovables en el medio rural del Principado.","og:url":"https:\/\/www.eldigitaldeasturias.com\/noticias\/parques-eolicos-queipo-defiende-las-compensaciones-para-los-ganaderos-asturianos\/","og:image":"https:\/\/www.eldigitaldeasturias.com\/noticias\/wp-content\/uploads\/2026\/06\/Contenidos.jpg","og:image:secure_url":"https:\/\/www.eldigitaldeasturias.com\/noticias\/wp-content\/uploads\/2026\/06\/Contenidos.jpg","og:image:width":1265,"og:image:height":697,"article:tag":["actualidad asturias"],"article:published_time":"2021-05-11T12:43:22+00:00","article:modified_time":"2021-05-11T12:43:22+00:00","article:publisher":"https:\/\/facebook.com\/eldigitaldeasturias","twitter:card":"summary_large_image","twitter:title":"Parques e\u00f3licos: Queipo defiende las compensaciones para los ganaderos asturianos - El Digital de Asturias","twitter:description":"Tanto los representantes del PP de Asturias como los de UCA defienden la instalaci\u00f3n de energ\u00edas renovables en el medio rural del Principado.","twitter:image":"https:\/\/www.eldigitaldeasturias.com\/noticias\/wp-content\/uploads\/2026\/06\/Contenidos.jpg","twitter:label1":"Escrito por","twitter:data1":"El Digital de Asturias","twitter:label2":"Tiempo de lectura estimado","twitter:data2":"2 minutos"},"aioseo_meta_data":{"post_id":"1091454","title":null,"description":"Tanto los representantes del PP de Asturias como los de UCA defienden la instalaci\u00f3n de energ\u00edas renovables en el medio rural del Principado.","keywords":[],"keyphrases":{"focus":[],"additional":[]},"primary_term":null,"canonical_url":null,"og_title":null,"og_description":null,"og_object_type":"default","og_image_type":"default","og_image_url":null,"og_image_width":null,"og_image_height":null,"og_image_custom_url":null,"og_image_custom_fields":null,"og_video":"","og_custom_url":null,"og_article_section":null,"og_article_tags":[],"twitter_use_og":false,"twitter_card":"default","twitter_image_type":"default","twitter_image_url":null,"twitter_image_custom_url":null,"twitter_image_custom_fields":null,"twitter_title":null,"twitter_description":null,"schema":{"blockGraphs":[],"customGraphs":[],"default":{"data":{"Article":[],"Course":[],"Dataset":[],"FAQPage":[],"Movie":[],"Person":[],"Product":[],"ProductReview":[],"Car":[],"Recipe":[],"Service":[],"SoftwareApplication":[],"WebPage":[]},"graphName":"","isEnabled":true},"graphs":[],"defaultGraph":"Article","defaultPostTypeGraph":""},"schema_type":"default","schema_type_options":"{\"article\":{\"articleType\":\"BlogPosting\"},\"course\":{\"name\":\"\",\"description\":\"\",\"provider\":\"\"},\"faq\":{\"pages\":[]},\"product\":{\"reviews\":[]},\"recipe\":{\"ingredients\":[],\"instructions\":[],\"keywords\":[]},\"software\":{\"reviews\":[],\"operatingSystems\":[]},\"webPage\":{\"webPageType\":\"WebPage\"}}","pillar_content":false,"robots_default":true,"robots_noindex":false,"robots_noarchive":false,"robots_nosnippet":false,"robots_nofollow":false,"robots_noimageindex":false,"robots_noodp":false,"robots_notranslate":false,"robots_max_snippet":"-1","robots_max_videopreview":"-1","robots_max_imagepreview":"large","priority":null,"frequency":"default","local_seo":{"locations":{"business":{"name":"","businessType":"","image":"","areaServed":"","urls":{"website":"","aboutPage":"","contactPage":""},"address":{"streetLine1":"","streetLine2":"","zipCode":"","city":"","state":"","country":"","addressFormat":"#streetLineOne\n#streetLineTwo\n#city, #state #zipCode"},"contact":{"phone":"","email":"","fax":""},"ids":{"vat":"","tax":"","chamberOfCommerce":""},"payment":{"priceRange":"","currenciesAccepted":"","methods":""}}},"openingHours":{"useDefaults":true,"show":true,"alwaysOpen":false,"use24hFormat":false,"timezone":"","labels":{"closed":"","alwaysOpen":""},"days":{"monday":{"open24h":false,"closed":false,"openTime":"09:00","closeTime":"17:00"},"tuesday":{"open24h":false,"closed":false,"openTime":"09:00","closeTime":"17:00"},"wednesday":{"open24h":false,"closed":false,"openTime":"09:00","closeTime":"17:00"},"thursday":{"open24h":false,"closed":false,"openTime":"09:00","closeTime":"17:00"},"friday":{"open24h":false,"closed":false,"openTime":"09:00","closeTime":"17:00"},"saturday":{"open24h":false,"closed":false,"openTime":"09:00","closeTime":"17:00"},"sunday":{"open24h":false,"closed":false,"openTime":"09:00","closeTime":"17:00"}}}},"seo_analyzer_scan_date":"2026-07-17 20:20:35","breadcrumb_settings":null,"limit_modified_date":false,"open_ai":null,"ai":null,"created":"2021-05-11 12:39:34","updated":"2026-07-17 20:20:35","focus_keyword":null,"additional_keywords":null,"truseo_locale":null},"aioseo_breadcrumb":"<div class=\"aioseo-breadcrumbs\"><span class=\"aioseo-breadcrumb\">\n\t<a href=\"https:\/\/www.eldigitaldeasturias.com\/noticias\" title=\"Home\">Home<\/a>\n<\/span><span class=\"aioseo-breadcrumb-separator\">\u2013<\/span><span class=\"aioseo-breadcrumb\">\n\t<a href=\"https:\/\/www.eldigitaldeasturias.com\/noticias\/category\/actualidad-asturias\/\" title=\"Actualidad Asturias\">Actualidad Asturias<\/a>\n<\/span><span class=\"aioseo-breadcrumb-separator\">\u2013<\/span><span class=\"aioseo-breadcrumb\">\n\t<a href=\"https:\/\/www.eldigitaldeasturias.com\/noticias\/parques-eolicos-queipo-defiende-las-compensaciones-para-los-ganaderos-asturianos\/\" title=\"Parques e\u00f3licos: Queipo defiende las compensaciones para los ganaderos asturianos\">Parques e\u00f3licos: Queipo defiende las compensaciones para los ganaderos asturianos<\/a>\n<\/span><\/div>","aioseo_breadcrumb_json":[{"label":"Home","link":"https:\/\/www.eldigitaldeasturias.com\/noticias"},{"label":"Actualidad Asturias","link":"https:\/\/www.eldigitaldeasturias.com\/noticias\/category\/actualidad-asturias\/"},{"label":"Parques e\u00f3licos: Queipo defiende las compensaciones para los ganaderos asturianos","link":"https:\/\/www.eldigitaldeasturias.com\/noticias\/parques-eolicos-queipo-defiende-las-compensaciones-para-los-ganaderos-asturianos\/"}],"_links":{"self":[{"href":"https:\/\/www.eldigitaldeasturias.com\/noticias\/wp-json\/wp\/v2\/posts\/1091454","targetHints":{"allow":["GET"]}}],"collection":[{"href":"https:\/\/www.eldigitaldeasturias.com\/noticias\/wp-json\/wp\/v2\/posts"}],"about":[{"href":"https:\/\/www.eldigitaldeasturias.com\/noticias\/wp-json\/wp\/v2\/types\/post"}],"author":[{"embeddable":true,"href":"https:\/\/www.eldigitaldeasturias.com\/noticias\/wp-json\/wp\/v2\/users\/1"}],"replies":[{"embeddable":true,"href":"https:\/\/www.eldigitaldeasturias.com\/noticias\/wp-json\/wp\/v2\/comments?post=1091454"}],"version-history":[{"count":0,"href":"https:\/\/www.eldigitaldeasturias.com\/noticias\/wp-json\/wp\/v2\/posts\/1091454\/revisions"}],"wp:featuredmedia":[{"embeddable":true,"href":"https:\/\/www.eldigitaldeasturias.com\/noticias\/wp-json\/wp\/v2\/media\/1132184"}],"wp:attachment":[{"href":"https:\/\/www.eldigitaldeasturias.com\/noticias\/wp-json\/wp\/v2\/media?parent=1091454"}],"wp:term":[{"taxonomy":"category","embeddable":true,"href":"https:\/\/www.eldigitaldeasturias.com\/noticias\/wp-json\/wp\/v2\/categories?post=1091454"},{"taxonomy":"post_tag","embeddable":true,"href":"https:\/\/www.eldigitaldeasturias.com\/noticias\/wp-json\/wp\/v2\/tags?post=1091454"}],"curies":[{"name":"wp","href":"https:\/\/api.w.org\/{rel}","templated":true}]}}