{"id":1091388,"date":"2021-05-10T18:58:28","date_gmt":"2021-05-10T17:58:28","guid":{"rendered":"https:\/\/www.eldigitaldeasturias.com\/noticias\/?p=1091388"},"modified":"2021-05-10T18:58:28","modified_gmt":"2021-05-10T17:58:28","slug":"zapico-satisfecho-por-la-resolucion-del-conflicto-abierto-en-el-era","status":"publish","type":"post","link":"https:\/\/www.eldigitaldeasturias.com\/noticias\/zapico-satisfecho-por-la-resolucion-del-conflicto-abierto-en-el-era\/","title":{"rendered":"Zapico satisfecho por la resoluci\u00f3n del conflicto abierto en el ERA"},"content":{"rendered":"<p><img loading=\"lazy\" decoding=\"async\" class=\"alignleft wp-image-1081410 size-medium\" src=\"https:\/\/www.eldigitaldeasturias.com\/noticias\/wp-content\/uploads\/2020\/12\/zapico-360x229.jpg\" alt=\"Zapico IU Asturias\" width=\"360\" height=\"229\" \/>El diputado asturiano de IU, <strong>Ovidio Zapico ha mostrado hoy su satisfacci\u00f3n por la resoluci\u00f3n del conflicto abierto en el ERA<\/strong> despu\u00e9s de que una de las adjudicatarias de los servicios de porter\u00eda en Grado pretendiera rescindir los contratos al personal que ven\u00eda prestando esas labores, a pesar de que en la convocatoria de gesti\u00f3n se especificaba la obligatoriedad de proceder a la subrogaci\u00f3n.<\/p>\n<p>Precisamente, el parlamentario se hab\u00eda dirigido en la Comisi\u00f3n de Derechos y Bienestar Social a la titular del Departamento, <strong>Melania \u00c1lvarez<\/strong>, despu\u00e9s de que varios afectados denunciaran haber recibido las comunicaciones de sus despidos.<\/p>\n<p>\u00abCuando hace unos d\u00edas exig\u00edamos a la Consejera de Derechos Sociales que se tomasen medidas para garantizar que se cumpliesen las cl\u00e1usulas de subrogaci\u00f3n de cualquier trabajador o trabajadora en servicios adjudicatarios dentro centros dependientes del ERA, sab\u00edamos que lo que dec\u00edamos estaba fundamentado\u00bb.<\/p>\n<p>La Consejer\u00eda ha confirmado que el ERA envi\u00f3 el 28 de abril pasado un escrito a la empresa adjudicataria del servicio record\u00e1ndole la obligatoriedad de las subrogaciones, incluidas como cl\u00e1usula en las exigencias del pliego de condiciones.\u00bbEsto viene a demostrar que es necesario que el Gobierno est\u00e9 atento y haga la exigencia de que se cumpla todo aquello que se recoge en los pliego\u00bb<\/p>\n<p>&nbsp;<\/p>\n","protected":false},"excerpt":{"rendered":"<p>El diputado asturiano de IU, Ovidio Zapico ha mostrado hoy su satisfacci\u00f3n por la resoluci\u00f3n del conflicto abierto en el ERA despu\u00e9s de que una de las adjudicatarias de los servicios de porter\u00eda en Grado pretendiera rescindir los contratos al personal que ven\u00eda prestando esas labores, a pesar de que en la convocatoria de gesti\u00f3n [&hellip;]<\/p>\n","protected":false},"author":1,"featured_media":1081410,"comment_status":"closed","ping_status":"closed","sticky":false,"template":"","format":"standard","meta":{"footnotes":""},"categories":[12],"tags":[],"class_list":["post-1091388","post","type-post","status-publish","format-standard","has-post-thumbnail","hentry","category-actualidad-asturias"],"aioseo_notices":[],"aioseo_head":"\n\t\t<!-- All in One SEO Pro 5.0.1 - aioseo.com -->\n\t<meta name=\"description\" content=\"El diputado asturiano de IU, Ovidio Zapico ha mostrado hoy su satisfacci\u00f3n por la resoluci\u00f3n del conflicto abierto en el ERA despu\u00e9s de que una de las ..\" \/>\n\t<meta name=\"robots\" content=\"max-image-preview:large\" \/>\n\t<meta name=\"author\" content=\"El Digital de Asturias\"\/>\n\t<meta name=\"google-site-verification\" content=\"UA-38556648-1\" \/>\n\t<meta name=\"msvalidate.01\" content=\"7dfe9f3f1b24437ab69f4f2559babe99\" \/>\n\t<meta name=\"keywords\" content=\"actualidad asturias\" \/>\n\t<link rel=\"canonical\" href=\"https:\/\/www.eldigitaldeasturias.com\/noticias\/zapico-satisfecho-por-la-resolucion-del-conflicto-abierto-en-el-era\/\" \/>\n\t<meta name=\"generator\" content=\"All in One SEO Pro (AIOSEO) 5.0.1\" \/>\n\t\t<meta property=\"og:locale\" content=\"es_ES\" \/>\n\t\t<meta property=\"og:site_name\" content=\"El Digital de Asturias\" \/>\n\t\t<meta property=\"og:type\" content=\"article\" \/>\n\t\t<meta property=\"og:title\" content=\"Zapico satisfecho por la resoluci\u00f3n del conflicto abierto en el ERA - El Digital de Asturias\" \/>\n\t\t<meta property=\"og:description\" content=\"El diputado asturiano de IU, Ovidio Zapico ha mostrado hoy su satisfacci\u00f3n por la resoluci\u00f3n del conflicto abierto en el ERA despu\u00e9s de que una de las ..\" \/>\n\t\t<meta property=\"og:url\" content=\"https:\/\/www.eldigitaldeasturias.com\/noticias\/zapico-satisfecho-por-la-resolucion-del-conflicto-abierto-en-el-era\/\" \/>\n\t\t<meta property=\"article:tag\" content=\"actualidad asturias\" \/>\n\t\t<meta property=\"article:published_time\" content=\"2021-05-10T17:58:28+00:00\" \/>\n\t\t<meta property=\"article:modified_time\" content=\"2021-05-10T17:58:28+00:00\" \/>\n\t\t<meta property=\"article:publisher\" content=\"https:\/\/facebook.com\/eldigitaldeasturias\" \/>\n\t\t<meta name=\"twitter:card\" content=\"summary_large_image\" \/>\n\t\t<meta name=\"twitter:title\" content=\"Zapico satisfecho por la resoluci\u00f3n del conflicto abierto en el ERA - El Digital de Asturias\" \/>\n\t\t<meta name=\"twitter:description\" content=\"El diputado asturiano de IU, Ovidio Zapico ha mostrado hoy su satisfacci\u00f3n por la resoluci\u00f3n del conflicto abierto en el ERA despu\u00e9s de que una de las ..\" \/>\n\t\t<meta name=\"twitter:image\" content=\"https:\/\/www.eldigitaldeasturias.com\/noticias\/wp-content\/uploads\/2020\/12\/EDA-1.jpg\" \/>\n\t\t<meta name=\"twitter:label1\" content=\"Escrito por\" \/>\n\t\t<meta name=\"twitter:data1\" content=\"El Digital de Asturias\" \/>\n\t\t<meta name=\"twitter:label2\" content=\"Tiempo de lectura estimado\" \/>\n\t\t<meta name=\"twitter:data2\" content=\"1 minuto\" \/>\n\t\t<script type=\"application\/ld+json\" class=\"aioseo-schema\">\n\t\t\t{\"@context\":\"https:\\\/\\\/schema.org\",\"@graph\":[{\"@type\":\"BlogPosting\",\"@id\":\"https:\\\/\\\/www.eldigitaldeasturias.com\\\/noticias\\\/zapico-satisfecho-por-la-resolucion-del-conflicto-abierto-en-el-era\\\/#blogposting\",\"name\":\"Zapico satisfecho por la resoluci\\u00f3n del conflicto abierto en el ERA - El Digital de Asturias\",\"headline\":\"Zapico satisfecho por la resoluci\\u00f3n del conflicto abierto en el ERA\",\"author\":{\"@id\":\"https:\\\/\\\/www.eldigitaldeasturias.com\\\/noticias\\\/author\\\/admin\\\/#author\"},\"publisher\":{\"@id\":\"https:\\\/\\\/www.eldigitaldeasturias.com\\\/noticias\\\/#organization\"},\"image\":{\"@type\":\"ImageObject\",\"url\":1081410},\"datePublished\":\"2021-05-10T18:58:28+02:00\",\"dateModified\":\"2021-05-10T18:58:28+02:00\",\"inLanguage\":\"es-ES\",\"mainEntityOfPage\":{\"@id\":\"https:\\\/\\\/www.eldigitaldeasturias.com\\\/noticias\\\/zapico-satisfecho-por-la-resolucion-del-conflicto-abierto-en-el-era\\\/#webpage\"},\"isPartOf\":{\"@id\":\"https:\\\/\\\/www.eldigitaldeasturias.com\\\/noticias\\\/zapico-satisfecho-por-la-resolucion-del-conflicto-abierto-en-el-era\\\/#webpage\"},\"articleSection\":\"Actualidad Asturias\"},{\"@type\":\"BreadcrumbList\",\"@id\":\"https:\\\/\\\/www.eldigitaldeasturias.com\\\/noticias\\\/zapico-satisfecho-por-la-resolucion-del-conflicto-abierto-en-el-era\\\/#breadcrumblist\",\"itemListElement\":[{\"@type\":\"ListItem\",\"@id\":\"https:\\\/\\\/www.eldigitaldeasturias.com\\\/noticias#listItem\",\"position\":1,\"name\":\"Home\",\"item\":\"https:\\\/\\\/www.eldigitaldeasturias.com\\\/noticias\",\"nextItem\":{\"@type\":\"ListItem\",\"@id\":\"https:\\\/\\\/www.eldigitaldeasturias.com\\\/noticias\\\/category\\\/actualidad-asturias\\\/#listItem\",\"name\":\"Actualidad Asturias\"}},{\"@type\":\"ListItem\",\"@id\":\"https:\\\/\\\/www.eldigitaldeasturias.com\\\/noticias\\\/category\\\/actualidad-asturias\\\/#listItem\",\"position\":2,\"name\":\"Actualidad Asturias\",\"item\":\"https:\\\/\\\/www.eldigitaldeasturias.com\\\/noticias\\\/category\\\/actualidad-asturias\\\/\",\"nextItem\":{\"@type\":\"ListItem\",\"@id\":\"https:\\\/\\\/www.eldigitaldeasturias.com\\\/noticias\\\/zapico-satisfecho-por-la-resolucion-del-conflicto-abierto-en-el-era\\\/#listItem\",\"name\":\"Zapico satisfecho por la resoluci\\u00f3n del conflicto abierto en el ERA\"},\"previousItem\":{\"@type\":\"ListItem\",\"@id\":\"https:\\\/\\\/www.eldigitaldeasturias.com\\\/noticias#listItem\",\"name\":\"Home\"}},{\"@type\":\"ListItem\",\"@id\":\"https:\\\/\\\/www.eldigitaldeasturias.com\\\/noticias\\\/zapico-satisfecho-por-la-resolucion-del-conflicto-abierto-en-el-era\\\/#listItem\",\"position\":3,\"name\":\"Zapico satisfecho por la resoluci\\u00f3n del conflicto abierto en el ERA\",\"previousItem\":{\"@type\":\"ListItem\",\"@id\":\"https:\\\/\\\/www.eldigitaldeasturias.com\\\/noticias\\\/category\\\/actualidad-asturias\\\/#listItem\",\"name\":\"Actualidad Asturias\"}}]},{\"@type\":\"Organization\",\"@id\":\"https:\\\/\\\/www.eldigitaldeasturias.com\\\/noticias\\\/#organization\",\"name\":\"El Digital de Asturias\",\"description\":\"Hemeroteca\",\"url\":\"https:\\\/\\\/www.eldigitaldeasturias.com\\\/noticias\\\/\",\"email\":\"info@eldigitaldeasturias.com\",\"telephone\":\"+34652131393\",\"logo\":{\"@type\":\"ImageObject\",\"url\":\"https:\\\/\\\/www.eldigitaldeasturias.com\\\/noticias\\\/wp-content\\\/uploads\\\/2020\\\/12\\\/EDA.jpg\",\"@id\":\"https:\\\/\\\/www.eldigitaldeasturias.com\\\/noticias\\\/zapico-satisfecho-por-la-resolucion-del-conflicto-abierto-en-el-era\\\/#organizationLogo\"},\"image\":{\"@id\":\"https:\\\/\\\/www.eldigitaldeasturias.com\\\/noticias\\\/zapico-satisfecho-por-la-resolucion-del-conflicto-abierto-en-el-era\\\/#organizationLogo\"},\"sameAs\":[\"https:\\\/\\\/facebook.com\\\/eldigitaldeasturias\",\"https:\\\/\\\/www.youtube.com\\\/channel\\\/UCZP-2wLEB9Rv6erhFmqVnvg\"],\"address\":{\"@id\":\"https:\\\/\\\/www.eldigitaldeasturias.com\\\/noticias\\\/#postaladdress\",\"@type\":\"PostalAddress\",\"streetAddress\":\"san antonio 4\",\"postalCode\":\"33430\",\"addressLocality\":\"Cand\\u00e1s\",\"addressRegion\":\"Asturias\",\"addressCountry\":\"ES\"}},{\"@type\":\"Person\",\"@id\":\"https:\\\/\\\/www.eldigitaldeasturias.com\\\/noticias\\\/author\\\/admin\\\/#author\",\"url\":\"https:\\\/\\\/www.eldigitaldeasturias.com\\\/noticias\\\/author\\\/admin\\\/\",\"name\":\"El Digital de Asturias\",\"image\":{\"@type\":\"ImageObject\",\"@id\":\"https:\\\/\\\/www.eldigitaldeasturias.com\\\/noticias\\\/zapico-satisfecho-por-la-resolucion-del-conflicto-abierto-en-el-era\\\/#authorImage\",\"url\":\"https:\\\/\\\/secure.gravatar.com\\\/avatar\\\/df2aeffc32bcd13f8d26072ef8a91b623d677766deac7f97ca815868cd41bf5e?s=96&d=mm&r=g\",\"width\":96,\"height\":96,\"caption\":\"El Digital de Asturias\"}},{\"@type\":\"WebPage\",\"@id\":\"https:\\\/\\\/www.eldigitaldeasturias.com\\\/noticias\\\/zapico-satisfecho-por-la-resolucion-del-conflicto-abierto-en-el-era\\\/#webpage\",\"url\":\"https:\\\/\\\/www.eldigitaldeasturias.com\\\/noticias\\\/zapico-satisfecho-por-la-resolucion-del-conflicto-abierto-en-el-era\\\/\",\"name\":\"Zapico satisfecho por la resoluci\\u00f3n del conflicto abierto en el ERA - El Digital de Asturias\",\"description\":\"El diputado asturiano de IU, Ovidio Zapico ha mostrado hoy su satisfacci\\u00f3n por la resoluci\\u00f3n del conflicto abierto en el ERA despu\\u00e9s de que una de las ..\",\"inLanguage\":\"es-ES\",\"isPartOf\":{\"@id\":\"https:\\\/\\\/www.eldigitaldeasturias.com\\\/noticias\\\/#website\"},\"breadcrumb\":{\"@id\":\"https:\\\/\\\/www.eldigitaldeasturias.com\\\/noticias\\\/zapico-satisfecho-por-la-resolucion-del-conflicto-abierto-en-el-era\\\/#breadcrumblist\"},\"author\":{\"@id\":\"https:\\\/\\\/www.eldigitaldeasturias.com\\\/noticias\\\/author\\\/admin\\\/#author\"},\"creator\":{\"@id\":\"https:\\\/\\\/www.eldigitaldeasturias.com\\\/noticias\\\/author\\\/admin\\\/#author\"},\"image\":{\"@type\":\"ImageObject\",\"url\":1081410,\"@id\":\"https:\\\/\\\/www.eldigitaldeasturias.com\\\/noticias\\\/zapico-satisfecho-por-la-resolucion-del-conflicto-abierto-en-el-era\\\/#mainImage\"},\"primaryImageOfPage\":{\"@id\":\"https:\\\/\\\/www.eldigitaldeasturias.com\\\/noticias\\\/zapico-satisfecho-por-la-resolucion-del-conflicto-abierto-en-el-era\\\/#mainImage\"},\"datePublished\":\"2021-05-10T18:58:28+02:00\",\"dateModified\":\"2021-05-10T18:58:28+02:00\"},{\"@type\":\"WebSite\",\"@id\":\"https:\\\/\\\/www.eldigitaldeasturias.com\\\/noticias\\\/#website\",\"url\":\"https:\\\/\\\/www.eldigitaldeasturias.com\\\/noticias\\\/\",\"name\":\"El Digital de Asturias - Diario de actualidad y noticias\",\"alternateName\":\"El Digital de Asturias - Diario de actualidad y noticias\",\"description\":\"Hemeroteca\",\"inLanguage\":\"es-ES\",\"publisher\":{\"@id\":\"https:\\\/\\\/www.eldigitaldeasturias.com\\\/noticias\\\/#organization\"}}]}\n\t\t<\/script>\n\t\t<!-- All in One SEO Pro -->\r\n\t\t<title>Zapico satisfecho por la resoluci\u00f3n del conflicto abierto en el ERA - El Digital de Asturias<\/title>\n\n","aioseo_head_json":{"title":"Zapico satisfecho por la resoluci\u00f3n del conflicto abierto en el ERA - El Digital de Asturias","description":"El diputado asturiano de IU, Ovidio Zapico ha mostrado hoy su satisfacci\u00f3n por la resoluci\u00f3n del conflicto abierto en el ERA despu\u00e9s de que una de las ..","canonical_url":"https:\/\/www.eldigitaldeasturias.com\/noticias\/zapico-satisfecho-por-la-resolucion-del-conflicto-abierto-en-el-era\/","robots":"max-image-preview:large","keywords":"actualidad asturias","webmasterTools":{"google-site-verification":"UA-38556648-1","msvalidate.01":"7dfe9f3f1b24437ab69f4f2559babe99","miscellaneous":""},"schema":{"@context":"https:\/\/schema.org","@graph":[{"@type":"BlogPosting","@id":"https:\/\/www.eldigitaldeasturias.com\/noticias\/zapico-satisfecho-por-la-resolucion-del-conflicto-abierto-en-el-era\/#blogposting","name":"Zapico satisfecho por la resoluci\u00f3n del conflicto abierto en el ERA - El Digital de Asturias","headline":"Zapico satisfecho por la resoluci\u00f3n del conflicto abierto en el ERA","author":{"@id":"https:\/\/www.eldigitaldeasturias.com\/noticias\/author\/admin\/#author"},"publisher":{"@id":"https:\/\/www.eldigitaldeasturias.com\/noticias\/#organization"},"image":{"@type":"ImageObject","url":1081410},"datePublished":"2021-05-10T18:58:28+02:00","dateModified":"2021-05-10T18:58:28+02:00","inLanguage":"es-ES","mainEntityOfPage":{"@id":"https:\/\/www.eldigitaldeasturias.com\/noticias\/zapico-satisfecho-por-la-resolucion-del-conflicto-abierto-en-el-era\/#webpage"},"isPartOf":{"@id":"https:\/\/www.eldigitaldeasturias.com\/noticias\/zapico-satisfecho-por-la-resolucion-del-conflicto-abierto-en-el-era\/#webpage"},"articleSection":"Actualidad Asturias"},{"@type":"BreadcrumbList","@id":"https:\/\/www.eldigitaldeasturias.com\/noticias\/zapico-satisfecho-por-la-resolucion-del-conflicto-abierto-en-el-era\/#breadcrumblist","itemListElement":[{"@type":"ListItem","@id":"https:\/\/www.eldigitaldeasturias.com\/noticias#listItem","position":1,"name":"Home","item":"https:\/\/www.eldigitaldeasturias.com\/noticias","nextItem":{"@type":"ListItem","@id":"https:\/\/www.eldigitaldeasturias.com\/noticias\/category\/actualidad-asturias\/#listItem","name":"Actualidad Asturias"}},{"@type":"ListItem","@id":"https:\/\/www.eldigitaldeasturias.com\/noticias\/category\/actualidad-asturias\/#listItem","position":2,"name":"Actualidad Asturias","item":"https:\/\/www.eldigitaldeasturias.com\/noticias\/category\/actualidad-asturias\/","nextItem":{"@type":"ListItem","@id":"https:\/\/www.eldigitaldeasturias.com\/noticias\/zapico-satisfecho-por-la-resolucion-del-conflicto-abierto-en-el-era\/#listItem","name":"Zapico satisfecho por la resoluci\u00f3n del conflicto abierto en el ERA"},"previousItem":{"@type":"ListItem","@id":"https:\/\/www.eldigitaldeasturias.com\/noticias#listItem","name":"Home"}},{"@type":"ListItem","@id":"https:\/\/www.eldigitaldeasturias.com\/noticias\/zapico-satisfecho-por-la-resolucion-del-conflicto-abierto-en-el-era\/#listItem","position":3,"name":"Zapico satisfecho por la resoluci\u00f3n del conflicto abierto en el ERA","previousItem":{"@type":"ListItem","@id":"https:\/\/www.eldigitaldeasturias.com\/noticias\/category\/actualidad-asturias\/#listItem","name":"Actualidad Asturias"}}]},{"@type":"Organization","@id":"https:\/\/www.eldigitaldeasturias.com\/noticias\/#organization","name":"El Digital de Asturias","description":"Hemeroteca","url":"https:\/\/www.eldigitaldeasturias.com\/noticias\/","email":"info@eldigitaldeasturias.com","telephone":"+34652131393","logo":{"@type":"ImageObject","url":"https:\/\/www.eldigitaldeasturias.com\/noticias\/wp-content\/uploads\/2020\/12\/EDA.jpg","@id":"https:\/\/www.eldigitaldeasturias.com\/noticias\/zapico-satisfecho-por-la-resolucion-del-conflicto-abierto-en-el-era\/#organizationLogo"},"image":{"@id":"https:\/\/www.eldigitaldeasturias.com\/noticias\/zapico-satisfecho-por-la-resolucion-del-conflicto-abierto-en-el-era\/#organizationLogo"},"sameAs":["https:\/\/facebook.com\/eldigitaldeasturias","https:\/\/www.youtube.com\/channel\/UCZP-2wLEB9Rv6erhFmqVnvg"],"address":{"@id":"https:\/\/www.eldigitaldeasturias.com\/noticias\/#postaladdress","@type":"PostalAddress","streetAddress":"san antonio 4","postalCode":"33430","addressLocality":"Cand\u00e1s","addressRegion":"Asturias","addressCountry":"ES"}},{"@type":"Person","@id":"https:\/\/www.eldigitaldeasturias.com\/noticias\/author\/admin\/#author","url":"https:\/\/www.eldigitaldeasturias.com\/noticias\/author\/admin\/","name":"El Digital de Asturias","image":{"@type":"ImageObject","@id":"https:\/\/www.eldigitaldeasturias.com\/noticias\/zapico-satisfecho-por-la-resolucion-del-conflicto-abierto-en-el-era\/#authorImage","url":"https:\/\/secure.gravatar.com\/avatar\/df2aeffc32bcd13f8d26072ef8a91b623d677766deac7f97ca815868cd41bf5e?s=96&d=mm&r=g","width":96,"height":96,"caption":"El Digital de Asturias"}},{"@type":"WebPage","@id":"https:\/\/www.eldigitaldeasturias.com\/noticias\/zapico-satisfecho-por-la-resolucion-del-conflicto-abierto-en-el-era\/#webpage","url":"https:\/\/www.eldigitaldeasturias.com\/noticias\/zapico-satisfecho-por-la-resolucion-del-conflicto-abierto-en-el-era\/","name":"Zapico satisfecho por la resoluci\u00f3n del conflicto abierto en el ERA - El Digital de Asturias","description":"El diputado asturiano de IU, Ovidio Zapico ha mostrado hoy su satisfacci\u00f3n por la resoluci\u00f3n del conflicto abierto en el ERA despu\u00e9s de que una de las ..","inLanguage":"es-ES","isPartOf":{"@id":"https:\/\/www.eldigitaldeasturias.com\/noticias\/#website"},"breadcrumb":{"@id":"https:\/\/www.eldigitaldeasturias.com\/noticias\/zapico-satisfecho-por-la-resolucion-del-conflicto-abierto-en-el-era\/#breadcrumblist"},"author":{"@id":"https:\/\/www.eldigitaldeasturias.com\/noticias\/author\/admin\/#author"},"creator":{"@id":"https:\/\/www.eldigitaldeasturias.com\/noticias\/author\/admin\/#author"},"image":{"@type":"ImageObject","url":1081410,"@id":"https:\/\/www.eldigitaldeasturias.com\/noticias\/zapico-satisfecho-por-la-resolucion-del-conflicto-abierto-en-el-era\/#mainImage"},"primaryImageOfPage":{"@id":"https:\/\/www.eldigitaldeasturias.com\/noticias\/zapico-satisfecho-por-la-resolucion-del-conflicto-abierto-en-el-era\/#mainImage"},"datePublished":"2021-05-10T18:58:28+02:00","dateModified":"2021-05-10T18:58:28+02:00"},{"@type":"WebSite","@id":"https:\/\/www.eldigitaldeasturias.com\/noticias\/#website","url":"https:\/\/www.eldigitaldeasturias.com\/noticias\/","name":"El Digital de Asturias - Diario de actualidad y noticias","alternateName":"El Digital de Asturias - Diario de actualidad y noticias","description":"Hemeroteca","inLanguage":"es-ES","publisher":{"@id":"https:\/\/www.eldigitaldeasturias.com\/noticias\/#organization"}}]},"og:locale":"es_ES","og:site_name":"El Digital de Asturias","og:type":"article","og:title":"Zapico satisfecho por la resoluci\u00f3n del conflicto abierto en el ERA - El Digital de Asturias","og:description":"El diputado asturiano de IU, Ovidio Zapico ha mostrado hoy su satisfacci\u00f3n por la resoluci\u00f3n del conflicto abierto en el ERA despu\u00e9s de que una de las ..","og:url":"https:\/\/www.eldigitaldeasturias.com\/noticias\/zapico-satisfecho-por-la-resolucion-del-conflicto-abierto-en-el-era\/","article:tag":["actualidad asturias"],"article:published_time":"2021-05-10T17:58:28+00:00","article:modified_time":"2021-05-10T17:58:28+00:00","article:publisher":"https:\/\/facebook.com\/eldigitaldeasturias","twitter:card":"summary_large_image","twitter:title":"Zapico satisfecho por la resoluci\u00f3n del conflicto abierto en el ERA - El Digital de Asturias","twitter:description":"El diputado asturiano de IU, Ovidio Zapico ha mostrado hoy su satisfacci\u00f3n por la resoluci\u00f3n del conflicto abierto en el ERA despu\u00e9s de que una de las ..","twitter:image":"https:\/\/www.eldigitaldeasturias.com\/noticias\/wp-content\/uploads\/2020\/12\/EDA-1.jpg","twitter:label1":"Escrito por","twitter:data1":"El Digital de Asturias","twitter:label2":"Tiempo de lectura estimado","twitter:data2":"1 minuto"},"aioseo_meta_data":{"post_id":"1091388","title":null,"description":"El diputado asturiano de IU, Ovidio Zapico ha mostrado hoy su satisfacci\u00f3n por la resoluci\u00f3n del conflicto abierto en el ERA despu\u00e9s de que una de las ..","keywords":[],"keyphrases":{"focus":[],"additional":[]},"primary_term":null,"canonical_url":null,"og_title":null,"og_description":null,"og_object_type":"default","og_image_type":"default","og_image_url":null,"og_image_width":null,"og_image_height":null,"og_image_custom_url":null,"og_image_custom_fields":null,"og_video":"","og_custom_url":null,"og_article_section":null,"og_article_tags":[],"twitter_use_og":false,"twitter_card":"default","twitter_image_type":"default","twitter_image_url":null,"twitter_image_custom_url":null,"twitter_image_custom_fields":null,"twitter_title":null,"twitter_description":null,"schema":{"blockGraphs":[],"customGraphs":[],"default":{"data":{"Article":[],"Course":[],"Dataset":[],"FAQPage":[],"Movie":[],"Person":[],"Product":[],"ProductReview":[],"Car":[],"Recipe":[],"Service":[],"SoftwareApplication":[],"WebPage":[]},"graphName":"","isEnabled":true},"graphs":[],"defaultGraph":"Article","defaultPostTypeGraph":""},"schema_type":"default","schema_type_options":"{\"article\":{\"articleType\":\"BlogPosting\"},\"course\":{\"name\":\"\",\"description\":\"\",\"provider\":\"\"},\"faq\":{\"pages\":[]},\"product\":{\"reviews\":[]},\"recipe\":{\"ingredients\":[],\"instructions\":[],\"keywords\":[]},\"software\":{\"reviews\":[],\"operatingSystems\":[]},\"webPage\":{\"webPageType\":\"WebPage\"}}","pillar_content":false,"robots_default":true,"robots_noindex":false,"robots_noarchive":false,"robots_nosnippet":false,"robots_nofollow":false,"robots_noimageindex":false,"robots_noodp":false,"robots_notranslate":false,"robots_max_snippet":"-1","robots_max_videopreview":"-1","robots_max_imagepreview":"large","priority":null,"frequency":"default","local_seo":{"locations":{"business":{"name":"","businessType":"","image":"","areaServed":"","urls":{"website":"","aboutPage":"","contactPage":""},"address":{"streetLine1":"","streetLine2":"","zipCode":"","city":"","state":"","country":"","addressFormat":"#streetLineOne\n#streetLineTwo\n#city, #state #zipCode"},"contact":{"phone":"","email":"","fax":""},"ids":{"vat":"","tax":"","chamberOfCommerce":""},"payment":{"priceRange":"","currenciesAccepted":"","methods":""}}},"openingHours":{"useDefaults":true,"show":true,"alwaysOpen":false,"use24hFormat":false,"timezone":"","labels":{"closed":"","alwaysOpen":""},"days":{"monday":{"open24h":false,"closed":false,"openTime":"09:00","closeTime":"17:00"},"tuesday":{"open24h":false,"closed":false,"openTime":"09:00","closeTime":"17:00"},"wednesday":{"open24h":false,"closed":false,"openTime":"09:00","closeTime":"17:00"},"thursday":{"open24h":false,"closed":false,"openTime":"09:00","closeTime":"17:00"},"friday":{"open24h":false,"closed":false,"openTime":"09:00","closeTime":"17:00"},"saturday":{"open24h":false,"closed":false,"openTime":"09:00","closeTime":"17:00"},"sunday":{"open24h":false,"closed":false,"openTime":"09:00","closeTime":"17:00"}}}},"seo_analyzer_scan_date":"2026-07-17 19:53:29","breadcrumb_settings":null,"limit_modified_date":false,"open_ai":null,"ai":null,"created":"2021-05-10 17:55:51","updated":"2026-07-17 19:53:29","focus_keyword":null,"additional_keywords":null,"truseo_locale":null},"aioseo_breadcrumb":"<div class=\"aioseo-breadcrumbs\"><span class=\"aioseo-breadcrumb\">\n\t<a href=\"https:\/\/www.eldigitaldeasturias.com\/noticias\" title=\"Home\">Home<\/a>\n<\/span><span class=\"aioseo-breadcrumb-separator\">\u2013<\/span><span class=\"aioseo-breadcrumb\">\n\t<a href=\"https:\/\/www.eldigitaldeasturias.com\/noticias\/category\/actualidad-asturias\/\" title=\"Actualidad Asturias\">Actualidad Asturias<\/a>\n<\/span><span class=\"aioseo-breadcrumb-separator\">\u2013<\/span><span class=\"aioseo-breadcrumb\">\n\t<a href=\"https:\/\/www.eldigitaldeasturias.com\/noticias\/zapico-satisfecho-por-la-resolucion-del-conflicto-abierto-en-el-era\/\" title=\"Zapico satisfecho por la resoluci\u00f3n del conflicto abierto en el ERA\">Zapico satisfecho por la resoluci\u00f3n del conflicto abierto en el ERA<\/a>\n<\/span><\/div>","aioseo_breadcrumb_json":[{"label":"Home","link":"https:\/\/www.eldigitaldeasturias.com\/noticias"},{"label":"Actualidad Asturias","link":"https:\/\/www.eldigitaldeasturias.com\/noticias\/category\/actualidad-asturias\/"},{"label":"Zapico satisfecho por la resoluci\u00f3n del conflicto abierto en el ERA","link":"https:\/\/www.eldigitaldeasturias.com\/noticias\/zapico-satisfecho-por-la-resolucion-del-conflicto-abierto-en-el-era\/"}],"_links":{"self":[{"href":"https:\/\/www.eldigitaldeasturias.com\/noticias\/wp-json\/wp\/v2\/posts\/1091388","targetHints":{"allow":["GET"]}}],"collection":[{"href":"https:\/\/www.eldigitaldeasturias.com\/noticias\/wp-json\/wp\/v2\/posts"}],"about":[{"href":"https:\/\/www.eldigitaldeasturias.com\/noticias\/wp-json\/wp\/v2\/types\/post"}],"author":[{"embeddable":true,"href":"https:\/\/www.eldigitaldeasturias.com\/noticias\/wp-json\/wp\/v2\/users\/1"}],"replies":[{"embeddable":true,"href":"https:\/\/www.eldigitaldeasturias.com\/noticias\/wp-json\/wp\/v2\/comments?post=1091388"}],"version-history":[{"count":0,"href":"https:\/\/www.eldigitaldeasturias.com\/noticias\/wp-json\/wp\/v2\/posts\/1091388\/revisions"}],"wp:attachment":[{"href":"https:\/\/www.eldigitaldeasturias.com\/noticias\/wp-json\/wp\/v2\/media?parent=1091388"}],"wp:term":[{"taxonomy":"category","embeddable":true,"href":"https:\/\/www.eldigitaldeasturias.com\/noticias\/wp-json\/wp\/v2\/categories?post=1091388"},{"taxonomy":"post_tag","embeddable":true,"href":"https:\/\/www.eldigitaldeasturias.com\/noticias\/wp-json\/wp\/v2\/tags?post=1091388"}],"curies":[{"name":"wp","href":"https:\/\/api.w.org\/{rel}","templated":true}]}}