{"id":1091375,"date":"2021-05-10T09:58:44","date_gmt":"2021-05-10T08:58:44","guid":{"rendered":"https:\/\/www.eldigitaldeasturias.com\/noticias\/?p=1091375"},"modified":"2021-05-10T09:58:44","modified_gmt":"2021-05-10T08:58:44","slug":"el-precio-del-alquiler-en-asturias-cae-un-234-frente-al-ano-pasado","status":"publish","type":"post","link":"https:\/\/www.eldigitaldeasturias.com\/noticias\/el-precio-del-alquiler-en-asturias-cae-un-234-frente-al-ano-pasado\/","title":{"rendered":"El precio del alquiler en Asturias cae un 2,34% frente al a\u00f1o pasado"},"content":{"rendered":"<p><img loading=\"lazy\" decoding=\"async\" class=\"alignleft size-medium wp-image-1055030\" src=\"https:\/\/www.eldigitaldeasturias.com\/noticias\/wp-content\/uploads\/2020\/01\/house-2368389_640-360x240.jpg\" alt=\"\" width=\"360\" height=\"240\" \/>Seg\u00fan\u00a0<span style=\"color: #ff6600;\"><strong><a style=\"color: #ff6600;\" href=\"https:\/\/whiterabbit.us9.list-manage.com\/track\/click?u=d0e7bccf021b1e37939260dba&amp;id=aef509b49e&amp;e=f2e02c6953\" target=\"_blank\" rel=\"nofollow noopener\" data-auth=\"NotApplicable\" data-linkindex=\"1\">el informe mensual de precios de alquiler<\/a><\/strong><\/span>\u00a0de\u00a0<span style=\"color: #ff6600;\"><strong><a style=\"color: #ff6600;\" href=\"https:\/\/whiterabbit.us9.list-manage.com\/track\/click?u=d0e7bccf021b1e37939260dba&amp;id=c08d6b4b57&amp;e=f2e02c6953\" target=\"_blank\" rel=\"nofollow noopener\" data-auth=\"NotApplicable\" data-linkindex=\"2\">pisos.com<\/a><\/strong><\/span>,\u00a0el piso tipo de alquiler en Asturias registr\u00f3 en abril de 2021 una renta media de 613 euros mensuales y una superficie media de 80 metros cuadrados, siendo la regi\u00f3n con los pisos m\u00e1s peque\u00f1os en alquiler. La mensualidad registrada supuso un recorte mensual del -1,01%. Respecto a abril de 2020, el descenso fue del -2,34%, el tercero menos abultado del pa\u00eds.<\/p>\n<p>Asturias fue la quinta autonom\u00eda con la mensualidad m\u00e1s asequible para los inquilinos, por detr\u00e1s de Extremadura (445 \u20ac\/mes), entre otras. En el \u00e1mbito provincial, Asturias ocup\u00f3 un puesto intermedio en la tabla. Por su parte, el piso tipo de alquiler en Espa\u00f1a finaliz\u00f3 el pasado mes de abril con una superficie media de 104 metros cuadrados y una mensualidad media de 960 euros, lo que supuso una subida mensual del 0,21%. Interanualmente, se ajust\u00f3 un -3,52%.<\/p>\n<p>El precio del alquiler confirma su tendencia hacia la correcci\u00f3n. Ferran Font, director de Estudios de pisos.com, afirma que \u201cal estar m\u00e1s ligado a la econom\u00eda real, los movimientos en el mercado del arrendamiento siempre son m\u00e1s inmediatos y tardan menos en consolidarse\u201d. Para el portavoz del portal inmobiliario, \u201cel ajuste en las mensualidades es un reflejo de las dificultades econ\u00f3micas que atraviesa la poblaci\u00f3n debido al impacto que ha tenido la pandemia en el empleo\u201d. En este sentido, Font indica que \u201cel acceso a la vivienda a trav\u00e9s de esta f\u00f3rmula contin\u00faa siendo un reto para Espa\u00f1a, donde la demanda de inquilinos crece al tiempo que lo hacen las exigencias de solvencia impuestas por los propietarios de inmuebles en alquiler\u201d.<\/p>\n<p>El experto indica que \u201clas administraciones deben redoblar esfuerzos con el objetivo de presentar una oferta de alquiler asequible al ciudadano, pero sin caer en el intervencionismo\u201d, a\u00f1adiendo que tienen una \u201coportunidad de oro\u201d gracias a los fondos europeos. Asimismo, Font se\u00f1ala que \u201cel sector privado es el mejor aliado para cumplir este fin. De hecho, muchas promotoras ya han colocado el alquiler entre sus prioridades, apostando por un modelo de negocio en alza como el build to rent\u201d.<\/p>\n<p><strong>Oviedo fue d\u00e9cimo cuarta la capital espa\u00f1ola m\u00e1s barata<\/strong><\/p>\n<p>Oviedo marc\u00f3 en abril de 2021 una superficie media de 79 metros cuadrados y una renta media mensual de 595 euros, situ\u00e1ndose en la d\u00e9cimo cuarta posici\u00f3n entre las m\u00e1s asequibles. La capital asturiana registr\u00f3 una ca\u00edda del -2,33% frente a marzo, la und\u00e9cima m\u00e1s intensa del pa\u00eds. En la comparativa interanual, baj\u00f3 un -3,60%.<\/p>\n<p>&nbsp;<\/p>\n","protected":false},"excerpt":{"rendered":"<p>Seg\u00fan\u00a0el informe mensual de precios de alquiler\u00a0de\u00a0pisos.com,\u00a0el piso tipo de alquiler en Asturias registr\u00f3 en abril de 2021 una renta media de 613 euros mensuales y una superficie media de 80 metros cuadrados, siendo la regi\u00f3n con los pisos m\u00e1s peque\u00f1os en alquiler. La mensualidad registrada supuso un recorte mensual del -1,01%. Respecto a abril [&hellip;]<\/p>\n","protected":false},"author":1,"featured_media":1055030,"comment_status":"closed","ping_status":"closed","sticky":false,"template":"","format":"standard","meta":{"footnotes":""},"categories":[12],"tags":[],"class_list":["post-1091375","post","type-post","status-publish","format-standard","has-post-thumbnail","hentry","category-actualidad-asturias"],"aioseo_notices":[],"aioseo_head":"\n\t\t<!-- All in One SEO Pro 5.0.1 - aioseo.com -->\n\t<meta name=\"description\" content=\"La capital asturiana registr\u00f3 una ca\u00edda del -2,33% frente a marzo, la und\u00e9cima m\u00e1s intensa del pa\u00eds. En la comparativa interanual, baj\u00f3 un -3,60%\" \/>\n\t<meta name=\"robots\" content=\"max-image-preview:large\" \/>\n\t<meta name=\"author\" content=\"El Digital de Asturias\"\/>\n\t<meta name=\"google-site-verification\" content=\"UA-38556648-1\" \/>\n\t<meta name=\"msvalidate.01\" content=\"7dfe9f3f1b24437ab69f4f2559babe99\" \/>\n\t<meta name=\"keywords\" content=\"actualidad asturias\" \/>\n\t<link rel=\"canonical\" href=\"https:\/\/www.eldigitaldeasturias.com\/noticias\/el-precio-del-alquiler-en-asturias-cae-un-234-frente-al-ano-pasado\/\" \/>\n\t<meta name=\"generator\" content=\"All in One SEO Pro (AIOSEO) 5.0.1\" \/>\n\t\t<meta property=\"og:locale\" content=\"es_ES\" \/>\n\t\t<meta property=\"og:site_name\" content=\"El Digital de Asturias\" \/>\n\t\t<meta property=\"og:type\" content=\"article\" \/>\n\t\t<meta property=\"og:title\" content=\"El precio del alquiler en Asturias cae un 2,34% frente al a\u00f1o pasado - El Digital de Asturias\" \/>\n\t\t<meta property=\"og:description\" content=\"La capital asturiana registr\u00f3 una ca\u00edda del -2,33% frente a marzo, la und\u00e9cima m\u00e1s intensa del pa\u00eds. En la comparativa interanual, baj\u00f3 un -3,60%\" \/>\n\t\t<meta property=\"og:url\" content=\"https:\/\/www.eldigitaldeasturias.com\/noticias\/el-precio-del-alquiler-en-asturias-cae-un-234-frente-al-ano-pasado\/\" \/>\n\t\t<meta property=\"article:tag\" content=\"actualidad asturias\" \/>\n\t\t<meta property=\"article:published_time\" content=\"2021-05-10T08:58:44+00:00\" \/>\n\t\t<meta property=\"article:modified_time\" content=\"2021-05-10T08:58:44+00:00\" \/>\n\t\t<meta property=\"article:publisher\" content=\"https:\/\/facebook.com\/eldigitaldeasturias\" \/>\n\t\t<meta name=\"twitter:card\" content=\"summary_large_image\" \/>\n\t\t<meta name=\"twitter:title\" content=\"El precio del alquiler en Asturias cae un 2,34% frente al a\u00f1o pasado - El Digital de Asturias\" \/>\n\t\t<meta name=\"twitter:description\" content=\"La capital asturiana registr\u00f3 una ca\u00edda del -2,33% frente a marzo, la und\u00e9cima m\u00e1s intensa del pa\u00eds. En la comparativa interanual, baj\u00f3 un -3,60%\" \/>\n\t\t<meta name=\"twitter:image\" content=\"https:\/\/www.eldigitaldeasturias.com\/noticias\/wp-content\/uploads\/2020\/12\/EDA-1.jpg\" \/>\n\t\t<meta name=\"twitter:label1\" content=\"Escrito por\" \/>\n\t\t<meta name=\"twitter:data1\" content=\"El Digital de Asturias\" \/>\n\t\t<meta name=\"twitter:label2\" content=\"Tiempo de lectura estimado\" \/>\n\t\t<meta name=\"twitter:data2\" content=\"2 minutos\" \/>\n\t\t<script type=\"application\/ld+json\" class=\"aioseo-schema\">\n\t\t\t{\"@context\":\"https:\\\/\\\/schema.org\",\"@graph\":[{\"@type\":\"BlogPosting\",\"@id\":\"https:\\\/\\\/www.eldigitaldeasturias.com\\\/noticias\\\/el-precio-del-alquiler-en-asturias-cae-un-234-frente-al-ano-pasado\\\/#blogposting\",\"name\":\"El precio del alquiler en Asturias cae un 2,34% frente al a\\u00f1o pasado - El Digital de Asturias\",\"headline\":\"El precio del alquiler en Asturias cae un 2,34% frente al a\\u00f1o pasado\",\"author\":{\"@id\":\"https:\\\/\\\/www.eldigitaldeasturias.com\\\/noticias\\\/author\\\/admin\\\/#author\"},\"publisher\":{\"@id\":\"https:\\\/\\\/www.eldigitaldeasturias.com\\\/noticias\\\/#organization\"},\"image\":{\"@type\":\"ImageObject\",\"url\":1055030},\"datePublished\":\"2021-05-10T09:58:44+02:00\",\"dateModified\":\"2021-05-10T09:58:44+02:00\",\"inLanguage\":\"es-ES\",\"mainEntityOfPage\":{\"@id\":\"https:\\\/\\\/www.eldigitaldeasturias.com\\\/noticias\\\/el-precio-del-alquiler-en-asturias-cae-un-234-frente-al-ano-pasado\\\/#webpage\"},\"isPartOf\":{\"@id\":\"https:\\\/\\\/www.eldigitaldeasturias.com\\\/noticias\\\/el-precio-del-alquiler-en-asturias-cae-un-234-frente-al-ano-pasado\\\/#webpage\"},\"articleSection\":\"Actualidad Asturias\"},{\"@type\":\"BreadcrumbList\",\"@id\":\"https:\\\/\\\/www.eldigitaldeasturias.com\\\/noticias\\\/el-precio-del-alquiler-en-asturias-cae-un-234-frente-al-ano-pasado\\\/#breadcrumblist\",\"itemListElement\":[{\"@type\":\"ListItem\",\"@id\":\"https:\\\/\\\/www.eldigitaldeasturias.com\\\/noticias#listItem\",\"position\":1,\"name\":\"Home\",\"item\":\"https:\\\/\\\/www.eldigitaldeasturias.com\\\/noticias\",\"nextItem\":{\"@type\":\"ListItem\",\"@id\":\"https:\\\/\\\/www.eldigitaldeasturias.com\\\/noticias\\\/category\\\/actualidad-asturias\\\/#listItem\",\"name\":\"Actualidad Asturias\"}},{\"@type\":\"ListItem\",\"@id\":\"https:\\\/\\\/www.eldigitaldeasturias.com\\\/noticias\\\/category\\\/actualidad-asturias\\\/#listItem\",\"position\":2,\"name\":\"Actualidad Asturias\",\"item\":\"https:\\\/\\\/www.eldigitaldeasturias.com\\\/noticias\\\/category\\\/actualidad-asturias\\\/\",\"nextItem\":{\"@type\":\"ListItem\",\"@id\":\"https:\\\/\\\/www.eldigitaldeasturias.com\\\/noticias\\\/el-precio-del-alquiler-en-asturias-cae-un-234-frente-al-ano-pasado\\\/#listItem\",\"name\":\"El precio del alquiler en Asturias cae un 2,34% frente al a\\u00f1o pasado\"},\"previousItem\":{\"@type\":\"ListItem\",\"@id\":\"https:\\\/\\\/www.eldigitaldeasturias.com\\\/noticias#listItem\",\"name\":\"Home\"}},{\"@type\":\"ListItem\",\"@id\":\"https:\\\/\\\/www.eldigitaldeasturias.com\\\/noticias\\\/el-precio-del-alquiler-en-asturias-cae-un-234-frente-al-ano-pasado\\\/#listItem\",\"position\":3,\"name\":\"El precio del alquiler en Asturias cae un 2,34% frente al a\\u00f1o pasado\",\"previousItem\":{\"@type\":\"ListItem\",\"@id\":\"https:\\\/\\\/www.eldigitaldeasturias.com\\\/noticias\\\/category\\\/actualidad-asturias\\\/#listItem\",\"name\":\"Actualidad Asturias\"}}]},{\"@type\":\"Organization\",\"@id\":\"https:\\\/\\\/www.eldigitaldeasturias.com\\\/noticias\\\/#organization\",\"name\":\"El Digital de Asturias\",\"description\":\"Hemeroteca\",\"url\":\"https:\\\/\\\/www.eldigitaldeasturias.com\\\/noticias\\\/\",\"email\":\"info@eldigitaldeasturias.com\",\"telephone\":\"+34652131393\",\"logo\":{\"@type\":\"ImageObject\",\"url\":\"https:\\\/\\\/www.eldigitaldeasturias.com\\\/noticias\\\/wp-content\\\/uploads\\\/2020\\\/12\\\/EDA.jpg\",\"@id\":\"https:\\\/\\\/www.eldigitaldeasturias.com\\\/noticias\\\/el-precio-del-alquiler-en-asturias-cae-un-234-frente-al-ano-pasado\\\/#organizationLogo\"},\"image\":{\"@id\":\"https:\\\/\\\/www.eldigitaldeasturias.com\\\/noticias\\\/el-precio-del-alquiler-en-asturias-cae-un-234-frente-al-ano-pasado\\\/#organizationLogo\"},\"sameAs\":[\"https:\\\/\\\/facebook.com\\\/eldigitaldeasturias\",\"https:\\\/\\\/www.youtube.com\\\/channel\\\/UCZP-2wLEB9Rv6erhFmqVnvg\"],\"address\":{\"@id\":\"https:\\\/\\\/www.eldigitaldeasturias.com\\\/noticias\\\/#postaladdress\",\"@type\":\"PostalAddress\",\"streetAddress\":\"san antonio 4\",\"postalCode\":\"33430\",\"addressLocality\":\"Cand\\u00e1s\",\"addressRegion\":\"Asturias\",\"addressCountry\":\"ES\"}},{\"@type\":\"Person\",\"@id\":\"https:\\\/\\\/www.eldigitaldeasturias.com\\\/noticias\\\/author\\\/admin\\\/#author\",\"url\":\"https:\\\/\\\/www.eldigitaldeasturias.com\\\/noticias\\\/author\\\/admin\\\/\",\"name\":\"El Digital de Asturias\",\"image\":{\"@type\":\"ImageObject\",\"@id\":\"https:\\\/\\\/www.eldigitaldeasturias.com\\\/noticias\\\/el-precio-del-alquiler-en-asturias-cae-un-234-frente-al-ano-pasado\\\/#authorImage\",\"url\":\"https:\\\/\\\/secure.gravatar.com\\\/avatar\\\/df2aeffc32bcd13f8d26072ef8a91b623d677766deac7f97ca815868cd41bf5e?s=96&d=mm&r=g\",\"width\":96,\"height\":96,\"caption\":\"El Digital de Asturias\"}},{\"@type\":\"WebPage\",\"@id\":\"https:\\\/\\\/www.eldigitaldeasturias.com\\\/noticias\\\/el-precio-del-alquiler-en-asturias-cae-un-234-frente-al-ano-pasado\\\/#webpage\",\"url\":\"https:\\\/\\\/www.eldigitaldeasturias.com\\\/noticias\\\/el-precio-del-alquiler-en-asturias-cae-un-234-frente-al-ano-pasado\\\/\",\"name\":\"El precio del alquiler en Asturias cae un 2,34% frente al a\\u00f1o pasado - El Digital de Asturias\",\"description\":\"La capital asturiana registr\\u00f3 una ca\\u00edda del -2,33% frente a marzo, la und\\u00e9cima m\\u00e1s intensa del pa\\u00eds. En la comparativa interanual, baj\\u00f3 un -3,60%\",\"inLanguage\":\"es-ES\",\"isPartOf\":{\"@id\":\"https:\\\/\\\/www.eldigitaldeasturias.com\\\/noticias\\\/#website\"},\"breadcrumb\":{\"@id\":\"https:\\\/\\\/www.eldigitaldeasturias.com\\\/noticias\\\/el-precio-del-alquiler-en-asturias-cae-un-234-frente-al-ano-pasado\\\/#breadcrumblist\"},\"author\":{\"@id\":\"https:\\\/\\\/www.eldigitaldeasturias.com\\\/noticias\\\/author\\\/admin\\\/#author\"},\"creator\":{\"@id\":\"https:\\\/\\\/www.eldigitaldeasturias.com\\\/noticias\\\/author\\\/admin\\\/#author\"},\"image\":{\"@type\":\"ImageObject\",\"url\":1055030,\"@id\":\"https:\\\/\\\/www.eldigitaldeasturias.com\\\/noticias\\\/el-precio-del-alquiler-en-asturias-cae-un-234-frente-al-ano-pasado\\\/#mainImage\"},\"primaryImageOfPage\":{\"@id\":\"https:\\\/\\\/www.eldigitaldeasturias.com\\\/noticias\\\/el-precio-del-alquiler-en-asturias-cae-un-234-frente-al-ano-pasado\\\/#mainImage\"},\"datePublished\":\"2021-05-10T09:58:44+02:00\",\"dateModified\":\"2021-05-10T09:58:44+02:00\"},{\"@type\":\"WebSite\",\"@id\":\"https:\\\/\\\/www.eldigitaldeasturias.com\\\/noticias\\\/#website\",\"url\":\"https:\\\/\\\/www.eldigitaldeasturias.com\\\/noticias\\\/\",\"name\":\"El Digital de Asturias - Diario de actualidad y noticias\",\"alternateName\":\"El Digital de Asturias - Diario de actualidad y noticias\",\"description\":\"Hemeroteca\",\"inLanguage\":\"es-ES\",\"publisher\":{\"@id\":\"https:\\\/\\\/www.eldigitaldeasturias.com\\\/noticias\\\/#organization\"}}]}\n\t\t<\/script>\n\t\t<!-- All in One SEO Pro -->\r\n\t\t<title>El precio del alquiler en Asturias cae un 2,34% frente al a\u00f1o pasado - El Digital de Asturias<\/title>\n\n","aioseo_head_json":{"title":"El precio del alquiler en Asturias cae un 2,34% frente al a\u00f1o pasado - El Digital de Asturias","description":"La capital asturiana registr\u00f3 una ca\u00edda del -2,33% frente a marzo, la und\u00e9cima m\u00e1s intensa del pa\u00eds. En la comparativa interanual, baj\u00f3 un -3,60%","canonical_url":"https:\/\/www.eldigitaldeasturias.com\/noticias\/el-precio-del-alquiler-en-asturias-cae-un-234-frente-al-ano-pasado\/","robots":"max-image-preview:large","keywords":"actualidad asturias","webmasterTools":{"google-site-verification":"UA-38556648-1","msvalidate.01":"7dfe9f3f1b24437ab69f4f2559babe99","miscellaneous":""},"schema":{"@context":"https:\/\/schema.org","@graph":[{"@type":"BlogPosting","@id":"https:\/\/www.eldigitaldeasturias.com\/noticias\/el-precio-del-alquiler-en-asturias-cae-un-234-frente-al-ano-pasado\/#blogposting","name":"El precio del alquiler en Asturias cae un 2,34% frente al a\u00f1o pasado - El Digital de Asturias","headline":"El precio del alquiler en Asturias cae un 2,34% frente al a\u00f1o pasado","author":{"@id":"https:\/\/www.eldigitaldeasturias.com\/noticias\/author\/admin\/#author"},"publisher":{"@id":"https:\/\/www.eldigitaldeasturias.com\/noticias\/#organization"},"image":{"@type":"ImageObject","url":1055030},"datePublished":"2021-05-10T09:58:44+02:00","dateModified":"2021-05-10T09:58:44+02:00","inLanguage":"es-ES","mainEntityOfPage":{"@id":"https:\/\/www.eldigitaldeasturias.com\/noticias\/el-precio-del-alquiler-en-asturias-cae-un-234-frente-al-ano-pasado\/#webpage"},"isPartOf":{"@id":"https:\/\/www.eldigitaldeasturias.com\/noticias\/el-precio-del-alquiler-en-asturias-cae-un-234-frente-al-ano-pasado\/#webpage"},"articleSection":"Actualidad Asturias"},{"@type":"BreadcrumbList","@id":"https:\/\/www.eldigitaldeasturias.com\/noticias\/el-precio-del-alquiler-en-asturias-cae-un-234-frente-al-ano-pasado\/#breadcrumblist","itemListElement":[{"@type":"ListItem","@id":"https:\/\/www.eldigitaldeasturias.com\/noticias#listItem","position":1,"name":"Home","item":"https:\/\/www.eldigitaldeasturias.com\/noticias","nextItem":{"@type":"ListItem","@id":"https:\/\/www.eldigitaldeasturias.com\/noticias\/category\/actualidad-asturias\/#listItem","name":"Actualidad Asturias"}},{"@type":"ListItem","@id":"https:\/\/www.eldigitaldeasturias.com\/noticias\/category\/actualidad-asturias\/#listItem","position":2,"name":"Actualidad Asturias","item":"https:\/\/www.eldigitaldeasturias.com\/noticias\/category\/actualidad-asturias\/","nextItem":{"@type":"ListItem","@id":"https:\/\/www.eldigitaldeasturias.com\/noticias\/el-precio-del-alquiler-en-asturias-cae-un-234-frente-al-ano-pasado\/#listItem","name":"El precio del alquiler en Asturias cae un 2,34% frente al a\u00f1o pasado"},"previousItem":{"@type":"ListItem","@id":"https:\/\/www.eldigitaldeasturias.com\/noticias#listItem","name":"Home"}},{"@type":"ListItem","@id":"https:\/\/www.eldigitaldeasturias.com\/noticias\/el-precio-del-alquiler-en-asturias-cae-un-234-frente-al-ano-pasado\/#listItem","position":3,"name":"El precio del alquiler en Asturias cae un 2,34% frente al a\u00f1o pasado","previousItem":{"@type":"ListItem","@id":"https:\/\/www.eldigitaldeasturias.com\/noticias\/category\/actualidad-asturias\/#listItem","name":"Actualidad Asturias"}}]},{"@type":"Organization","@id":"https:\/\/www.eldigitaldeasturias.com\/noticias\/#organization","name":"El Digital de Asturias","description":"Hemeroteca","url":"https:\/\/www.eldigitaldeasturias.com\/noticias\/","email":"info@eldigitaldeasturias.com","telephone":"+34652131393","logo":{"@type":"ImageObject","url":"https:\/\/www.eldigitaldeasturias.com\/noticias\/wp-content\/uploads\/2020\/12\/EDA.jpg","@id":"https:\/\/www.eldigitaldeasturias.com\/noticias\/el-precio-del-alquiler-en-asturias-cae-un-234-frente-al-ano-pasado\/#organizationLogo"},"image":{"@id":"https:\/\/www.eldigitaldeasturias.com\/noticias\/el-precio-del-alquiler-en-asturias-cae-un-234-frente-al-ano-pasado\/#organizationLogo"},"sameAs":["https:\/\/facebook.com\/eldigitaldeasturias","https:\/\/www.youtube.com\/channel\/UCZP-2wLEB9Rv6erhFmqVnvg"],"address":{"@id":"https:\/\/www.eldigitaldeasturias.com\/noticias\/#postaladdress","@type":"PostalAddress","streetAddress":"san antonio 4","postalCode":"33430","addressLocality":"Cand\u00e1s","addressRegion":"Asturias","addressCountry":"ES"}},{"@type":"Person","@id":"https:\/\/www.eldigitaldeasturias.com\/noticias\/author\/admin\/#author","url":"https:\/\/www.eldigitaldeasturias.com\/noticias\/author\/admin\/","name":"El Digital de Asturias","image":{"@type":"ImageObject","@id":"https:\/\/www.eldigitaldeasturias.com\/noticias\/el-precio-del-alquiler-en-asturias-cae-un-234-frente-al-ano-pasado\/#authorImage","url":"https:\/\/secure.gravatar.com\/avatar\/df2aeffc32bcd13f8d26072ef8a91b623d677766deac7f97ca815868cd41bf5e?s=96&d=mm&r=g","width":96,"height":96,"caption":"El Digital de Asturias"}},{"@type":"WebPage","@id":"https:\/\/www.eldigitaldeasturias.com\/noticias\/el-precio-del-alquiler-en-asturias-cae-un-234-frente-al-ano-pasado\/#webpage","url":"https:\/\/www.eldigitaldeasturias.com\/noticias\/el-precio-del-alquiler-en-asturias-cae-un-234-frente-al-ano-pasado\/","name":"El precio del alquiler en Asturias cae un 2,34% frente al a\u00f1o pasado - El Digital de Asturias","description":"La capital asturiana registr\u00f3 una ca\u00edda del -2,33% frente a marzo, la und\u00e9cima m\u00e1s intensa del pa\u00eds. En la comparativa interanual, baj\u00f3 un -3,60%","inLanguage":"es-ES","isPartOf":{"@id":"https:\/\/www.eldigitaldeasturias.com\/noticias\/#website"},"breadcrumb":{"@id":"https:\/\/www.eldigitaldeasturias.com\/noticias\/el-precio-del-alquiler-en-asturias-cae-un-234-frente-al-ano-pasado\/#breadcrumblist"},"author":{"@id":"https:\/\/www.eldigitaldeasturias.com\/noticias\/author\/admin\/#author"},"creator":{"@id":"https:\/\/www.eldigitaldeasturias.com\/noticias\/author\/admin\/#author"},"image":{"@type":"ImageObject","url":1055030,"@id":"https:\/\/www.eldigitaldeasturias.com\/noticias\/el-precio-del-alquiler-en-asturias-cae-un-234-frente-al-ano-pasado\/#mainImage"},"primaryImageOfPage":{"@id":"https:\/\/www.eldigitaldeasturias.com\/noticias\/el-precio-del-alquiler-en-asturias-cae-un-234-frente-al-ano-pasado\/#mainImage"},"datePublished":"2021-05-10T09:58:44+02:00","dateModified":"2021-05-10T09:58:44+02:00"},{"@type":"WebSite","@id":"https:\/\/www.eldigitaldeasturias.com\/noticias\/#website","url":"https:\/\/www.eldigitaldeasturias.com\/noticias\/","name":"El Digital de Asturias - Diario de actualidad y noticias","alternateName":"El Digital de Asturias - Diario de actualidad y noticias","description":"Hemeroteca","inLanguage":"es-ES","publisher":{"@id":"https:\/\/www.eldigitaldeasturias.com\/noticias\/#organization"}}]},"og:locale":"es_ES","og:site_name":"El Digital de Asturias","og:type":"article","og:title":"El precio del alquiler en Asturias cae un 2,34% frente al a\u00f1o pasado - El Digital de Asturias","og:description":"La capital asturiana registr\u00f3 una ca\u00edda del -2,33% frente a marzo, la und\u00e9cima m\u00e1s intensa del pa\u00eds. En la comparativa interanual, baj\u00f3 un -3,60%","og:url":"https:\/\/www.eldigitaldeasturias.com\/noticias\/el-precio-del-alquiler-en-asturias-cae-un-234-frente-al-ano-pasado\/","article:tag":["actualidad asturias"],"article:published_time":"2021-05-10T08:58:44+00:00","article:modified_time":"2021-05-10T08:58:44+00:00","article:publisher":"https:\/\/facebook.com\/eldigitaldeasturias","twitter:card":"summary_large_image","twitter:title":"El precio del alquiler en Asturias cae un 2,34% frente al a\u00f1o pasado - El Digital de Asturias","twitter:description":"La capital asturiana registr\u00f3 una ca\u00edda del -2,33% frente a marzo, la und\u00e9cima m\u00e1s intensa del pa\u00eds. En la comparativa interanual, baj\u00f3 un -3,60%","twitter:image":"https:\/\/www.eldigitaldeasturias.com\/noticias\/wp-content\/uploads\/2020\/12\/EDA-1.jpg","twitter:label1":"Escrito por","twitter:data1":"El Digital de Asturias","twitter:label2":"Tiempo de lectura estimado","twitter:data2":"2 minutos"},"aioseo_meta_data":{"post_id":"1091375","title":null,"description":"La capital asturiana registr\u00f3 una ca\u00edda del -2,33% frente a marzo, la und\u00e9cima m\u00e1s intensa del pa\u00eds. En la comparativa interanual, baj\u00f3 un -3,60%","keywords":[],"keyphrases":{"focus":[],"additional":[]},"primary_term":null,"canonical_url":null,"og_title":null,"og_description":null,"og_object_type":"default","og_image_type":"default","og_image_url":null,"og_image_width":null,"og_image_height":null,"og_image_custom_url":null,"og_image_custom_fields":null,"og_video":"","og_custom_url":null,"og_article_section":null,"og_article_tags":[],"twitter_use_og":false,"twitter_card":"default","twitter_image_type":"default","twitter_image_url":null,"twitter_image_custom_url":null,"twitter_image_custom_fields":null,"twitter_title":null,"twitter_description":null,"schema":{"blockGraphs":[],"customGraphs":[],"default":{"data":{"Article":[],"Course":[],"Dataset":[],"FAQPage":[],"Movie":[],"Person":[],"Product":[],"ProductReview":[],"Car":[],"Recipe":[],"Service":[],"SoftwareApplication":[],"WebPage":[]},"graphName":"","isEnabled":true},"graphs":[],"defaultGraph":"Article","defaultPostTypeGraph":""},"schema_type":"default","schema_type_options":"{\"article\":{\"articleType\":\"BlogPosting\"},\"course\":{\"name\":\"\",\"description\":\"\",\"provider\":\"\"},\"faq\":{\"pages\":[]},\"product\":{\"reviews\":[]},\"recipe\":{\"ingredients\":[],\"instructions\":[],\"keywords\":[]},\"software\":{\"reviews\":[],\"operatingSystems\":[]},\"webPage\":{\"webPageType\":\"WebPage\"}}","pillar_content":false,"robots_default":true,"robots_noindex":false,"robots_noarchive":false,"robots_nosnippet":false,"robots_nofollow":false,"robots_noimageindex":false,"robots_noodp":false,"robots_notranslate":false,"robots_max_snippet":"-1","robots_max_videopreview":"-1","robots_max_imagepreview":"large","priority":null,"frequency":"default","local_seo":{"locations":{"business":{"name":"","businessType":"","image":"","areaServed":"","urls":{"website":"","aboutPage":"","contactPage":""},"address":{"streetLine1":"","streetLine2":"","zipCode":"","city":"","state":"","country":"","addressFormat":"#streetLineOne\n#streetLineTwo\n#city, #state #zipCode"},"contact":{"phone":"","email":"","fax":""},"ids":{"vat":"","tax":"","chamberOfCommerce":""},"payment":{"priceRange":"","currenciesAccepted":"","methods":""}}},"openingHours":{"useDefaults":true,"show":true,"alwaysOpen":false,"use24hFormat":false,"timezone":"","labels":{"closed":"","alwaysOpen":""},"days":{"monday":{"open24h":false,"closed":false,"openTime":"09:00","closeTime":"17:00"},"tuesday":{"open24h":false,"closed":false,"openTime":"09:00","closeTime":"17:00"},"wednesday":{"open24h":false,"closed":false,"openTime":"09:00","closeTime":"17:00"},"thursday":{"open24h":false,"closed":false,"openTime":"09:00","closeTime":"17:00"},"friday":{"open24h":false,"closed":false,"openTime":"09:00","closeTime":"17:00"},"saturday":{"open24h":false,"closed":false,"openTime":"09:00","closeTime":"17:00"},"sunday":{"open24h":false,"closed":false,"openTime":"09:00","closeTime":"17:00"}}}},"seo_analyzer_scan_date":"2026-07-17 19:50:30","breadcrumb_settings":null,"limit_modified_date":false,"open_ai":null,"ai":null,"created":"2021-05-10 08:55:21","updated":"2026-07-17 19:50:30","focus_keyword":null,"additional_keywords":null,"truseo_locale":null},"aioseo_breadcrumb":"<div class=\"aioseo-breadcrumbs\"><span class=\"aioseo-breadcrumb\">\n\t<a href=\"https:\/\/www.eldigitaldeasturias.com\/noticias\" title=\"Home\">Home<\/a>\n<\/span><span class=\"aioseo-breadcrumb-separator\">\u2013<\/span><span class=\"aioseo-breadcrumb\">\n\t<a href=\"https:\/\/www.eldigitaldeasturias.com\/noticias\/category\/actualidad-asturias\/\" title=\"Actualidad Asturias\">Actualidad Asturias<\/a>\n<\/span><span class=\"aioseo-breadcrumb-separator\">\u2013<\/span><span class=\"aioseo-breadcrumb\">\n\t<a href=\"https:\/\/www.eldigitaldeasturias.com\/noticias\/el-precio-del-alquiler-en-asturias-cae-un-234-frente-al-ano-pasado\/\" title=\"El precio del alquiler en Asturias cae un 2,34% frente al a\u00f1o pasado\">El precio del alquiler en Asturias cae un 2,34% frente al a\u00f1o pasado<\/a>\n<\/span><\/div>","aioseo_breadcrumb_json":[{"label":"Home","link":"https:\/\/www.eldigitaldeasturias.com\/noticias"},{"label":"Actualidad Asturias","link":"https:\/\/www.eldigitaldeasturias.com\/noticias\/category\/actualidad-asturias\/"},{"label":"El precio del alquiler en Asturias cae un 2,34% frente al a\u00f1o pasado","link":"https:\/\/www.eldigitaldeasturias.com\/noticias\/el-precio-del-alquiler-en-asturias-cae-un-234-frente-al-ano-pasado\/"}],"_links":{"self":[{"href":"https:\/\/www.eldigitaldeasturias.com\/noticias\/wp-json\/wp\/v2\/posts\/1091375","targetHints":{"allow":["GET"]}}],"collection":[{"href":"https:\/\/www.eldigitaldeasturias.com\/noticias\/wp-json\/wp\/v2\/posts"}],"about":[{"href":"https:\/\/www.eldigitaldeasturias.com\/noticias\/wp-json\/wp\/v2\/types\/post"}],"author":[{"embeddable":true,"href":"https:\/\/www.eldigitaldeasturias.com\/noticias\/wp-json\/wp\/v2\/users\/1"}],"replies":[{"embeddable":true,"href":"https:\/\/www.eldigitaldeasturias.com\/noticias\/wp-json\/wp\/v2\/comments?post=1091375"}],"version-history":[{"count":0,"href":"https:\/\/www.eldigitaldeasturias.com\/noticias\/wp-json\/wp\/v2\/posts\/1091375\/revisions"}],"wp:attachment":[{"href":"https:\/\/www.eldigitaldeasturias.com\/noticias\/wp-json\/wp\/v2\/media?parent=1091375"}],"wp:term":[{"taxonomy":"category","embeddable":true,"href":"https:\/\/www.eldigitaldeasturias.com\/noticias\/wp-json\/wp\/v2\/categories?post=1091375"},{"taxonomy":"post_tag","embeddable":true,"href":"https:\/\/www.eldigitaldeasturias.com\/noticias\/wp-json\/wp\/v2\/tags?post=1091375"}],"curies":[{"name":"wp","href":"https:\/\/api.w.org\/{rel}","templated":true}]}}