{"id":1091284,"date":"2021-05-09T16:43:17","date_gmt":"2021-05-09T15:43:17","guid":{"rendered":"https:\/\/www.eldigitaldeasturias.com\/noticias\/?p=1091284"},"modified":"2021-05-09T16:43:17","modified_gmt":"2021-05-09T15:43:17","slug":"festival-del-arroz-con-leche-en-un-cabranes-innovador","status":"publish","type":"post","link":"https:\/\/www.eldigitaldeasturias.com\/noticias\/festival-del-arroz-con-leche-en-un-cabranes-innovador\/","title":{"rendered":"Festival del Arroz con Leche en un Cabranes innovador"},"content":{"rendered":"<p><img loading=\"lazy\" decoding=\"async\" class=\"alignleft size-medium wp-image-1091285\" src=\"https:\/\/www.eldigitaldeasturias.com\/noticias\/wp-content\/uploads\/2021\/05\/Cabranes-Principado-de-Asturias-360x235.jpg\" alt=\"Cabranes - Principado de Asturias\" width=\"360\" height=\"235\" \/>La innovaci\u00f3n del sector agroalimentario ser\u00e1 uno de los pilares de la Estrategia de Especializaci\u00f3n Inteligente (S3) que ultima el Gobierno de Asturias ante Europa.<strong> El consejero de Ciencia, Innovaci\u00f3n y Universidad, Borja S\u00e1nchez, ha avanzado hoy en Cabranes que el objetivo es convertir a Asturias en un referente de producci\u00f3n agroalimentaria verde y digital<\/strong>, basado en una gesti\u00f3n sostenible de los recursos naturales.<\/p>\n<p>Entre los retos para incrementar la innovaci\u00f3n agroalimentaria se sit\u00faan el desarrollo de nuevos productos centrados en el binomio alimentaci\u00f3n-salud; la adaptaci\u00f3n de cultivos y ganader\u00eda al cambio clim\u00e1tico y la reducci\u00f3n de emisiones; el aprovechamiento de los recursos forestales; las nuevas tecnolog\u00edas aplicadas a la gesti\u00f3n de residuos y la digitalizaci\u00f3n e inteligencia artificial para mejorar la productividad del sector.<\/p>\n<p>En el proceso de modernizaci\u00f3n de la industria se sit\u00faan tambi\u00e9n la recomendaci\u00f3n de actuaciones dirigidas a la innovaci\u00f3n en el envasado, con alternativas a los pl\u00e1sticos; el desarrollo de herramientas de apoyo a la mejora de la sostenibilidad; el fomento de la colaboraci\u00f3n entre empresas e instituciones, y la aplicaci\u00f3n del big data a distintos procesos.<\/p>\n<p>Estas l\u00edneas que se incluir\u00e1n en la nueva S3 ir\u00e1n acompa\u00f1adas de la transformaci\u00f3n digital, con el futuro despliegue de la red 5G, para que favorezca la creaci\u00f3n de empleo y la atracci\u00f3n de poblaci\u00f3n joven al \u00e1rea rural, seg\u00fan ha puesto de relieve el consejero de Ciencia.<\/p>\n<p>La Estrategia de Especializaci\u00f3n Inteligente es un requisito fundamental para recibir los fondos Feder y orientar los proyectos a la financiaci\u00f3n europea. Asturias est\u00e1 trabajando en el documento final, cuyo borrador se presentar\u00e1 las pr\u00f3ximas semanas. Los proyectos que opten a las diferentes convocatorias de I+D+i ya podr\u00e1n enmarcarse en los \u00e1mbitos de especializaci\u00f3n durante 2021.<\/p>\n<p>En paralelo, ya se ha cerrado la anterior estrategia, conocida como Asturias RIS3 y que concluy\u00f3 en diciembre de 2020. Precisamente la agroalimentaci\u00f3n concentr\u00f3 parte de las iniciativas financiadas en los \u00faltimos siete a\u00f1os, con cerca de 50 proyectos centrados en recursos agroalimentarios y biotecnolog\u00eda del sector l\u00e1cteo, y m\u00e1s de 2,2 millones de inversi\u00f3n.<\/p>\n<p>El consejero de Ciencia ha avanzado algunas de estas l\u00edneas en Cabranes, donde ha asistido al tradicional <strong>Festival del Arroz con Leche<\/strong> y donde ha puesto en valor la oportunidad que supone la mejora de este sector, junto con la industria l\u00e1ctea, para concejos peque\u00f1os del \u00e1mbito rural.<\/p>\n<p>S\u00e1nchez ha situado a Cabranes como ejemplo de concejo innovador, ya que fue uno de los primeros donde hace a\u00f1os comenz\u00f3 el despliegue de la banda ancha. Ahora, una vez que concluyan los planes de instalaci\u00f3n de fibra \u00f3ptica, ser\u00e1 uno de los municipios con el cien por cien de poblaci\u00f3n \u2013algo m\u00e1s de mil habitantes- con conectividad.<\/p>\n<p>&nbsp;<\/p>\n","protected":false},"excerpt":{"rendered":"<p>La innovaci\u00f3n del sector agroalimentario ser\u00e1 uno de los pilares de la Estrategia de Especializaci\u00f3n Inteligente (S3) que ultima el Gobierno de Asturias ante Europa. El consejero de Ciencia, Innovaci\u00f3n y Universidad, Borja S\u00e1nchez, ha avanzado hoy en Cabranes que el objetivo es convertir a Asturias en un referente de producci\u00f3n agroalimentaria verde y digital, [&hellip;]<\/p>\n","protected":false},"author":1,"featured_media":1132184,"comment_status":"closed","ping_status":"closed","sticky":false,"template":"","format":"standard","meta":{"footnotes":""},"categories":[12],"tags":[],"class_list":["post-1091284","post","type-post","status-publish","format-standard","has-post-thumbnail","hentry","category-actualidad-asturias"],"aioseo_notices":[],"aioseo_head":"\n\t\t<!-- All in One SEO Pro 5.0.1 - aioseo.com -->\n\t<meta name=\"description\" content=\"Borja S\u00e1nchez ha avanzado hoy en Cabranes que el objetivo es convertir a Asturias en un referente de producci\u00f3n agroalimentaria verde y digital ..\" \/>\n\t<meta name=\"robots\" content=\"max-image-preview:large\" \/>\n\t<meta name=\"author\" content=\"El Digital de Asturias\"\/>\n\t<meta name=\"google-site-verification\" content=\"UA-38556648-1\" \/>\n\t<meta name=\"msvalidate.01\" content=\"7dfe9f3f1b24437ab69f4f2559babe99\" \/>\n\t<meta name=\"keywords\" content=\"actualidad asturias\" \/>\n\t<link rel=\"canonical\" href=\"https:\/\/www.eldigitaldeasturias.com\/noticias\/festival-del-arroz-con-leche-en-un-cabranes-innovador\/\" \/>\n\t<meta name=\"generator\" content=\"All in One SEO Pro (AIOSEO) 5.0.1\" \/>\n\t\t<meta property=\"og:locale\" content=\"es_ES\" \/>\n\t\t<meta property=\"og:site_name\" content=\"El Digital de Asturias\" \/>\n\t\t<meta property=\"og:type\" content=\"article\" \/>\n\t\t<meta property=\"og:title\" content=\"Festival del Arroz con Leche en un Cabranes innovador - El Digital de Asturias\" \/>\n\t\t<meta property=\"og:description\" content=\"Borja S\u00e1nchez ha avanzado hoy en Cabranes que el objetivo es convertir a Asturias en un referente de producci\u00f3n agroalimentaria verde y digital ..\" \/>\n\t\t<meta property=\"og:url\" content=\"https:\/\/www.eldigitaldeasturias.com\/noticias\/festival-del-arroz-con-leche-en-un-cabranes-innovador\/\" \/>\n\t\t<meta property=\"og:image\" content=\"https:\/\/www.eldigitaldeasturias.com\/noticias\/wp-content\/uploads\/2026\/06\/Contenidos.jpg\" \/>\n\t\t<meta property=\"og:image:secure_url\" content=\"https:\/\/www.eldigitaldeasturias.com\/noticias\/wp-content\/uploads\/2026\/06\/Contenidos.jpg\" \/>\n\t\t<meta property=\"og:image:width\" content=\"1265\" \/>\n\t\t<meta property=\"og:image:height\" content=\"697\" \/>\n\t\t<meta property=\"article:tag\" content=\"actualidad asturias\" \/>\n\t\t<meta property=\"article:published_time\" content=\"2021-05-09T15:43:17+00:00\" \/>\n\t\t<meta property=\"article:modified_time\" content=\"2021-05-09T15:43:17+00:00\" \/>\n\t\t<meta property=\"article:publisher\" content=\"https:\/\/facebook.com\/eldigitaldeasturias\" \/>\n\t\t<meta name=\"twitter:card\" content=\"summary_large_image\" \/>\n\t\t<meta name=\"twitter:title\" content=\"Festival del Arroz con Leche en un Cabranes innovador - El Digital de Asturias\" \/>\n\t\t<meta name=\"twitter:description\" content=\"Borja S\u00e1nchez ha avanzado hoy en Cabranes que el objetivo es convertir a Asturias en un referente de producci\u00f3n agroalimentaria verde y digital ..\" \/>\n\t\t<meta name=\"twitter:image\" content=\"https:\/\/www.eldigitaldeasturias.com\/noticias\/wp-content\/uploads\/2026\/06\/Contenidos.jpg\" \/>\n\t\t<meta name=\"twitter:label1\" content=\"Escrito por\" \/>\n\t\t<meta name=\"twitter:data1\" content=\"El Digital de Asturias\" \/>\n\t\t<meta name=\"twitter:label2\" content=\"Tiempo de lectura estimado\" \/>\n\t\t<meta name=\"twitter:data2\" content=\"2 minutos\" \/>\n\t\t<script type=\"application\/ld+json\" class=\"aioseo-schema\">\n\t\t\t{\"@context\":\"https:\\\/\\\/schema.org\",\"@graph\":[{\"@type\":\"BlogPosting\",\"@id\":\"https:\\\/\\\/www.eldigitaldeasturias.com\\\/noticias\\\/festival-del-arroz-con-leche-en-un-cabranes-innovador\\\/#blogposting\",\"name\":\"Festival del Arroz con Leche en un Cabranes innovador - El Digital de Asturias\",\"headline\":\"Festival del Arroz con Leche en un Cabranes innovador\",\"author\":{\"@id\":\"https:\\\/\\\/www.eldigitaldeasturias.com\\\/noticias\\\/author\\\/admin\\\/#author\"},\"publisher\":{\"@id\":\"https:\\\/\\\/www.eldigitaldeasturias.com\\\/noticias\\\/#organization\"},\"image\":{\"@type\":\"ImageObject\",\"url\":\"https:\\\/\\\/www.eldigitaldeasturias.com\\\/noticias\\\/wp-content\\\/uploads\\\/2026\\\/06\\\/Contenidos.jpg\",\"width\":1265,\"height\":697,\"caption\":\"Contenidos\"},\"datePublished\":\"2021-05-09T16:43:17+02:00\",\"dateModified\":\"2021-05-09T16:43:17+02:00\",\"inLanguage\":\"es-ES\",\"mainEntityOfPage\":{\"@id\":\"https:\\\/\\\/www.eldigitaldeasturias.com\\\/noticias\\\/festival-del-arroz-con-leche-en-un-cabranes-innovador\\\/#webpage\"},\"isPartOf\":{\"@id\":\"https:\\\/\\\/www.eldigitaldeasturias.com\\\/noticias\\\/festival-del-arroz-con-leche-en-un-cabranes-innovador\\\/#webpage\"},\"articleSection\":\"Actualidad Asturias\"},{\"@type\":\"BreadcrumbList\",\"@id\":\"https:\\\/\\\/www.eldigitaldeasturias.com\\\/noticias\\\/festival-del-arroz-con-leche-en-un-cabranes-innovador\\\/#breadcrumblist\",\"itemListElement\":[{\"@type\":\"ListItem\",\"@id\":\"https:\\\/\\\/www.eldigitaldeasturias.com\\\/noticias#listItem\",\"position\":1,\"name\":\"Home\",\"item\":\"https:\\\/\\\/www.eldigitaldeasturias.com\\\/noticias\",\"nextItem\":{\"@type\":\"ListItem\",\"@id\":\"https:\\\/\\\/www.eldigitaldeasturias.com\\\/noticias\\\/category\\\/actualidad-asturias\\\/#listItem\",\"name\":\"Actualidad Asturias\"}},{\"@type\":\"ListItem\",\"@id\":\"https:\\\/\\\/www.eldigitaldeasturias.com\\\/noticias\\\/category\\\/actualidad-asturias\\\/#listItem\",\"position\":2,\"name\":\"Actualidad Asturias\",\"item\":\"https:\\\/\\\/www.eldigitaldeasturias.com\\\/noticias\\\/category\\\/actualidad-asturias\\\/\",\"nextItem\":{\"@type\":\"ListItem\",\"@id\":\"https:\\\/\\\/www.eldigitaldeasturias.com\\\/noticias\\\/festival-del-arroz-con-leche-en-un-cabranes-innovador\\\/#listItem\",\"name\":\"Festival del Arroz con Leche en un Cabranes innovador\"},\"previousItem\":{\"@type\":\"ListItem\",\"@id\":\"https:\\\/\\\/www.eldigitaldeasturias.com\\\/noticias#listItem\",\"name\":\"Home\"}},{\"@type\":\"ListItem\",\"@id\":\"https:\\\/\\\/www.eldigitaldeasturias.com\\\/noticias\\\/festival-del-arroz-con-leche-en-un-cabranes-innovador\\\/#listItem\",\"position\":3,\"name\":\"Festival del Arroz con Leche en un Cabranes innovador\",\"previousItem\":{\"@type\":\"ListItem\",\"@id\":\"https:\\\/\\\/www.eldigitaldeasturias.com\\\/noticias\\\/category\\\/actualidad-asturias\\\/#listItem\",\"name\":\"Actualidad Asturias\"}}]},{\"@type\":\"Organization\",\"@id\":\"https:\\\/\\\/www.eldigitaldeasturias.com\\\/noticias\\\/#organization\",\"name\":\"El Digital de Asturias\",\"description\":\"Hemeroteca\",\"url\":\"https:\\\/\\\/www.eldigitaldeasturias.com\\\/noticias\\\/\",\"email\":\"info@eldigitaldeasturias.com\",\"telephone\":\"+34652131393\",\"logo\":{\"@type\":\"ImageObject\",\"url\":\"https:\\\/\\\/www.eldigitaldeasturias.com\\\/noticias\\\/wp-content\\\/uploads\\\/2020\\\/12\\\/EDA.jpg\",\"@id\":\"https:\\\/\\\/www.eldigitaldeasturias.com\\\/noticias\\\/festival-del-arroz-con-leche-en-un-cabranes-innovador\\\/#organizationLogo\"},\"image\":{\"@id\":\"https:\\\/\\\/www.eldigitaldeasturias.com\\\/noticias\\\/festival-del-arroz-con-leche-en-un-cabranes-innovador\\\/#organizationLogo\"},\"sameAs\":[\"https:\\\/\\\/facebook.com\\\/eldigitaldeasturias\",\"https:\\\/\\\/www.youtube.com\\\/channel\\\/UCZP-2wLEB9Rv6erhFmqVnvg\"],\"address\":{\"@id\":\"https:\\\/\\\/www.eldigitaldeasturias.com\\\/noticias\\\/#postaladdress\",\"@type\":\"PostalAddress\",\"streetAddress\":\"san antonio 4\",\"postalCode\":\"33430\",\"addressLocality\":\"Cand\\u00e1s\",\"addressRegion\":\"Asturias\",\"addressCountry\":\"ES\"}},{\"@type\":\"Person\",\"@id\":\"https:\\\/\\\/www.eldigitaldeasturias.com\\\/noticias\\\/author\\\/admin\\\/#author\",\"url\":\"https:\\\/\\\/www.eldigitaldeasturias.com\\\/noticias\\\/author\\\/admin\\\/\",\"name\":\"El Digital de Asturias\",\"image\":{\"@type\":\"ImageObject\",\"@id\":\"https:\\\/\\\/www.eldigitaldeasturias.com\\\/noticias\\\/festival-del-arroz-con-leche-en-un-cabranes-innovador\\\/#authorImage\",\"url\":\"https:\\\/\\\/secure.gravatar.com\\\/avatar\\\/df2aeffc32bcd13f8d26072ef8a91b623d677766deac7f97ca815868cd41bf5e?s=96&d=mm&r=g\",\"width\":96,\"height\":96,\"caption\":\"El Digital de Asturias\"}},{\"@type\":\"WebPage\",\"@id\":\"https:\\\/\\\/www.eldigitaldeasturias.com\\\/noticias\\\/festival-del-arroz-con-leche-en-un-cabranes-innovador\\\/#webpage\",\"url\":\"https:\\\/\\\/www.eldigitaldeasturias.com\\\/noticias\\\/festival-del-arroz-con-leche-en-un-cabranes-innovador\\\/\",\"name\":\"Festival del Arroz con Leche en un Cabranes innovador - El Digital de Asturias\",\"description\":\"Borja S\\u00e1nchez ha avanzado hoy en Cabranes que el objetivo es convertir a Asturias en un referente de producci\\u00f3n agroalimentaria verde y digital ..\",\"inLanguage\":\"es-ES\",\"isPartOf\":{\"@id\":\"https:\\\/\\\/www.eldigitaldeasturias.com\\\/noticias\\\/#website\"},\"breadcrumb\":{\"@id\":\"https:\\\/\\\/www.eldigitaldeasturias.com\\\/noticias\\\/festival-del-arroz-con-leche-en-un-cabranes-innovador\\\/#breadcrumblist\"},\"author\":{\"@id\":\"https:\\\/\\\/www.eldigitaldeasturias.com\\\/noticias\\\/author\\\/admin\\\/#author\"},\"creator\":{\"@id\":\"https:\\\/\\\/www.eldigitaldeasturias.com\\\/noticias\\\/author\\\/admin\\\/#author\"},\"image\":{\"@type\":\"ImageObject\",\"url\":\"https:\\\/\\\/www.eldigitaldeasturias.com\\\/noticias\\\/wp-content\\\/uploads\\\/2026\\\/06\\\/Contenidos.jpg\",\"@id\":\"https:\\\/\\\/www.eldigitaldeasturias.com\\\/noticias\\\/festival-del-arroz-con-leche-en-un-cabranes-innovador\\\/#mainImage\",\"width\":1265,\"height\":697,\"caption\":\"Contenidos\"},\"primaryImageOfPage\":{\"@id\":\"https:\\\/\\\/www.eldigitaldeasturias.com\\\/noticias\\\/festival-del-arroz-con-leche-en-un-cabranes-innovador\\\/#mainImage\"},\"datePublished\":\"2021-05-09T16:43:17+02:00\",\"dateModified\":\"2021-05-09T16:43:17+02:00\"},{\"@type\":\"WebSite\",\"@id\":\"https:\\\/\\\/www.eldigitaldeasturias.com\\\/noticias\\\/#website\",\"url\":\"https:\\\/\\\/www.eldigitaldeasturias.com\\\/noticias\\\/\",\"name\":\"El Digital de Asturias - Diario de actualidad y noticias\",\"alternateName\":\"El Digital de Asturias - Diario de actualidad y noticias\",\"description\":\"Hemeroteca\",\"inLanguage\":\"es-ES\",\"publisher\":{\"@id\":\"https:\\\/\\\/www.eldigitaldeasturias.com\\\/noticias\\\/#organization\"}}]}\n\t\t<\/script>\n\t\t<!-- All in One SEO Pro -->\r\n\t\t<title>Festival del Arroz con Leche en un Cabranes innovador - El Digital de Asturias<\/title>\n\n","aioseo_head_json":{"title":"Festival del Arroz con Leche en un Cabranes innovador - El Digital de Asturias","description":"Borja S\u00e1nchez ha avanzado hoy en Cabranes que el objetivo es convertir a Asturias en un referente de producci\u00f3n agroalimentaria verde y digital ..","canonical_url":"https:\/\/www.eldigitaldeasturias.com\/noticias\/festival-del-arroz-con-leche-en-un-cabranes-innovador\/","robots":"max-image-preview:large","keywords":"actualidad asturias","webmasterTools":{"google-site-verification":"UA-38556648-1","msvalidate.01":"7dfe9f3f1b24437ab69f4f2559babe99","miscellaneous":""},"schema":{"@context":"https:\/\/schema.org","@graph":[{"@type":"BlogPosting","@id":"https:\/\/www.eldigitaldeasturias.com\/noticias\/festival-del-arroz-con-leche-en-un-cabranes-innovador\/#blogposting","name":"Festival del Arroz con Leche en un Cabranes innovador - El Digital de Asturias","headline":"Festival del Arroz con Leche en un Cabranes innovador","author":{"@id":"https:\/\/www.eldigitaldeasturias.com\/noticias\/author\/admin\/#author"},"publisher":{"@id":"https:\/\/www.eldigitaldeasturias.com\/noticias\/#organization"},"image":{"@type":"ImageObject","url":"https:\/\/www.eldigitaldeasturias.com\/noticias\/wp-content\/uploads\/2026\/06\/Contenidos.jpg","width":1265,"height":697,"caption":"Contenidos"},"datePublished":"2021-05-09T16:43:17+02:00","dateModified":"2021-05-09T16:43:17+02:00","inLanguage":"es-ES","mainEntityOfPage":{"@id":"https:\/\/www.eldigitaldeasturias.com\/noticias\/festival-del-arroz-con-leche-en-un-cabranes-innovador\/#webpage"},"isPartOf":{"@id":"https:\/\/www.eldigitaldeasturias.com\/noticias\/festival-del-arroz-con-leche-en-un-cabranes-innovador\/#webpage"},"articleSection":"Actualidad Asturias"},{"@type":"BreadcrumbList","@id":"https:\/\/www.eldigitaldeasturias.com\/noticias\/festival-del-arroz-con-leche-en-un-cabranes-innovador\/#breadcrumblist","itemListElement":[{"@type":"ListItem","@id":"https:\/\/www.eldigitaldeasturias.com\/noticias#listItem","position":1,"name":"Home","item":"https:\/\/www.eldigitaldeasturias.com\/noticias","nextItem":{"@type":"ListItem","@id":"https:\/\/www.eldigitaldeasturias.com\/noticias\/category\/actualidad-asturias\/#listItem","name":"Actualidad Asturias"}},{"@type":"ListItem","@id":"https:\/\/www.eldigitaldeasturias.com\/noticias\/category\/actualidad-asturias\/#listItem","position":2,"name":"Actualidad Asturias","item":"https:\/\/www.eldigitaldeasturias.com\/noticias\/category\/actualidad-asturias\/","nextItem":{"@type":"ListItem","@id":"https:\/\/www.eldigitaldeasturias.com\/noticias\/festival-del-arroz-con-leche-en-un-cabranes-innovador\/#listItem","name":"Festival del Arroz con Leche en un Cabranes innovador"},"previousItem":{"@type":"ListItem","@id":"https:\/\/www.eldigitaldeasturias.com\/noticias#listItem","name":"Home"}},{"@type":"ListItem","@id":"https:\/\/www.eldigitaldeasturias.com\/noticias\/festival-del-arroz-con-leche-en-un-cabranes-innovador\/#listItem","position":3,"name":"Festival del Arroz con Leche en un Cabranes innovador","previousItem":{"@type":"ListItem","@id":"https:\/\/www.eldigitaldeasturias.com\/noticias\/category\/actualidad-asturias\/#listItem","name":"Actualidad Asturias"}}]},{"@type":"Organization","@id":"https:\/\/www.eldigitaldeasturias.com\/noticias\/#organization","name":"El Digital de Asturias","description":"Hemeroteca","url":"https:\/\/www.eldigitaldeasturias.com\/noticias\/","email":"info@eldigitaldeasturias.com","telephone":"+34652131393","logo":{"@type":"ImageObject","url":"https:\/\/www.eldigitaldeasturias.com\/noticias\/wp-content\/uploads\/2020\/12\/EDA.jpg","@id":"https:\/\/www.eldigitaldeasturias.com\/noticias\/festival-del-arroz-con-leche-en-un-cabranes-innovador\/#organizationLogo"},"image":{"@id":"https:\/\/www.eldigitaldeasturias.com\/noticias\/festival-del-arroz-con-leche-en-un-cabranes-innovador\/#organizationLogo"},"sameAs":["https:\/\/facebook.com\/eldigitaldeasturias","https:\/\/www.youtube.com\/channel\/UCZP-2wLEB9Rv6erhFmqVnvg"],"address":{"@id":"https:\/\/www.eldigitaldeasturias.com\/noticias\/#postaladdress","@type":"PostalAddress","streetAddress":"san antonio 4","postalCode":"33430","addressLocality":"Cand\u00e1s","addressRegion":"Asturias","addressCountry":"ES"}},{"@type":"Person","@id":"https:\/\/www.eldigitaldeasturias.com\/noticias\/author\/admin\/#author","url":"https:\/\/www.eldigitaldeasturias.com\/noticias\/author\/admin\/","name":"El Digital de Asturias","image":{"@type":"ImageObject","@id":"https:\/\/www.eldigitaldeasturias.com\/noticias\/festival-del-arroz-con-leche-en-un-cabranes-innovador\/#authorImage","url":"https:\/\/secure.gravatar.com\/avatar\/df2aeffc32bcd13f8d26072ef8a91b623d677766deac7f97ca815868cd41bf5e?s=96&d=mm&r=g","width":96,"height":96,"caption":"El Digital de Asturias"}},{"@type":"WebPage","@id":"https:\/\/www.eldigitaldeasturias.com\/noticias\/festival-del-arroz-con-leche-en-un-cabranes-innovador\/#webpage","url":"https:\/\/www.eldigitaldeasturias.com\/noticias\/festival-del-arroz-con-leche-en-un-cabranes-innovador\/","name":"Festival del Arroz con Leche en un Cabranes innovador - El Digital de Asturias","description":"Borja S\u00e1nchez ha avanzado hoy en Cabranes que el objetivo es convertir a Asturias en un referente de producci\u00f3n agroalimentaria verde y digital ..","inLanguage":"es-ES","isPartOf":{"@id":"https:\/\/www.eldigitaldeasturias.com\/noticias\/#website"},"breadcrumb":{"@id":"https:\/\/www.eldigitaldeasturias.com\/noticias\/festival-del-arroz-con-leche-en-un-cabranes-innovador\/#breadcrumblist"},"author":{"@id":"https:\/\/www.eldigitaldeasturias.com\/noticias\/author\/admin\/#author"},"creator":{"@id":"https:\/\/www.eldigitaldeasturias.com\/noticias\/author\/admin\/#author"},"image":{"@type":"ImageObject","url":"https:\/\/www.eldigitaldeasturias.com\/noticias\/wp-content\/uploads\/2026\/06\/Contenidos.jpg","@id":"https:\/\/www.eldigitaldeasturias.com\/noticias\/festival-del-arroz-con-leche-en-un-cabranes-innovador\/#mainImage","width":1265,"height":697,"caption":"Contenidos"},"primaryImageOfPage":{"@id":"https:\/\/www.eldigitaldeasturias.com\/noticias\/festival-del-arroz-con-leche-en-un-cabranes-innovador\/#mainImage"},"datePublished":"2021-05-09T16:43:17+02:00","dateModified":"2021-05-09T16:43:17+02:00"},{"@type":"WebSite","@id":"https:\/\/www.eldigitaldeasturias.com\/noticias\/#website","url":"https:\/\/www.eldigitaldeasturias.com\/noticias\/","name":"El Digital de Asturias - Diario de actualidad y noticias","alternateName":"El Digital de Asturias - Diario de actualidad y noticias","description":"Hemeroteca","inLanguage":"es-ES","publisher":{"@id":"https:\/\/www.eldigitaldeasturias.com\/noticias\/#organization"}}]},"og:locale":"es_ES","og:site_name":"El Digital de Asturias","og:type":"article","og:title":"Festival del Arroz con Leche en un Cabranes innovador - El Digital de Asturias","og:description":"Borja S\u00e1nchez ha avanzado hoy en Cabranes que el objetivo es convertir a Asturias en un referente de producci\u00f3n agroalimentaria verde y digital ..","og:url":"https:\/\/www.eldigitaldeasturias.com\/noticias\/festival-del-arroz-con-leche-en-un-cabranes-innovador\/","og:image":"https:\/\/www.eldigitaldeasturias.com\/noticias\/wp-content\/uploads\/2026\/06\/Contenidos.jpg","og:image:secure_url":"https:\/\/www.eldigitaldeasturias.com\/noticias\/wp-content\/uploads\/2026\/06\/Contenidos.jpg","og:image:width":1265,"og:image:height":697,"article:tag":["actualidad asturias"],"article:published_time":"2021-05-09T15:43:17+00:00","article:modified_time":"2021-05-09T15:43:17+00:00","article:publisher":"https:\/\/facebook.com\/eldigitaldeasturias","twitter:card":"summary_large_image","twitter:title":"Festival del Arroz con Leche en un Cabranes innovador - El Digital de Asturias","twitter:description":"Borja S\u00e1nchez ha avanzado hoy en Cabranes que el objetivo es convertir a Asturias en un referente de producci\u00f3n agroalimentaria verde y digital ..","twitter:image":"https:\/\/www.eldigitaldeasturias.com\/noticias\/wp-content\/uploads\/2026\/06\/Contenidos.jpg","twitter:label1":"Escrito por","twitter:data1":"El Digital de Asturias","twitter:label2":"Tiempo de lectura estimado","twitter:data2":"2 minutos"},"aioseo_meta_data":{"post_id":"1091284","title":null,"description":"Borja S\u00e1nchez ha avanzado hoy en Cabranes que el objetivo es convertir a Asturias en un referente de producci\u00f3n agroalimentaria verde y digital ..","keywords":[],"keyphrases":{"focus":[],"additional":[]},"primary_term":null,"canonical_url":null,"og_title":null,"og_description":null,"og_object_type":"default","og_image_type":"default","og_image_url":null,"og_image_width":null,"og_image_height":null,"og_image_custom_url":null,"og_image_custom_fields":null,"og_video":"","og_custom_url":null,"og_article_section":null,"og_article_tags":[],"twitter_use_og":false,"twitter_card":"default","twitter_image_type":"default","twitter_image_url":null,"twitter_image_custom_url":null,"twitter_image_custom_fields":null,"twitter_title":null,"twitter_description":null,"schema":{"blockGraphs":[],"customGraphs":[],"default":{"data":{"Article":[],"Course":[],"Dataset":[],"FAQPage":[],"Movie":[],"Person":[],"Product":[],"ProductReview":[],"Car":[],"Recipe":[],"Service":[],"SoftwareApplication":[],"WebPage":[]},"graphName":"","isEnabled":true},"graphs":[],"defaultGraph":"Article","defaultPostTypeGraph":""},"schema_type":"default","schema_type_options":"{\"article\":{\"articleType\":\"BlogPosting\"},\"course\":{\"name\":\"\",\"description\":\"\",\"provider\":\"\"},\"faq\":{\"pages\":[]},\"product\":{\"reviews\":[]},\"recipe\":{\"ingredients\":[],\"instructions\":[],\"keywords\":[]},\"software\":{\"reviews\":[],\"operatingSystems\":[]},\"webPage\":{\"webPageType\":\"WebPage\"}}","pillar_content":false,"robots_default":true,"robots_noindex":false,"robots_noarchive":false,"robots_nosnippet":false,"robots_nofollow":false,"robots_noimageindex":false,"robots_noodp":false,"robots_notranslate":false,"robots_max_snippet":"-1","robots_max_videopreview":"-1","robots_max_imagepreview":"large","priority":null,"frequency":"default","local_seo":{"locations":{"business":{"name":"","businessType":"","image":"","areaServed":"","urls":{"website":"","aboutPage":"","contactPage":""},"address":{"streetLine1":"","streetLine2":"","zipCode":"","city":"","state":"","country":"","addressFormat":"#streetLineOne\n#streetLineTwo\n#city, #state #zipCode"},"contact":{"phone":"","email":"","fax":""},"ids":{"vat":"","tax":"","chamberOfCommerce":""},"payment":{"priceRange":"","currenciesAccepted":"","methods":""}}},"openingHours":{"useDefaults":true,"show":true,"alwaysOpen":false,"use24hFormat":false,"timezone":"","labels":{"closed":"","alwaysOpen":""},"days":{"monday":{"open24h":false,"closed":false,"openTime":"09:00","closeTime":"17:00"},"tuesday":{"open24h":false,"closed":false,"openTime":"09:00","closeTime":"17:00"},"wednesday":{"open24h":false,"closed":false,"openTime":"09:00","closeTime":"17:00"},"thursday":{"open24h":false,"closed":false,"openTime":"09:00","closeTime":"17:00"},"friday":{"open24h":false,"closed":false,"openTime":"09:00","closeTime":"17:00"},"saturday":{"open24h":false,"closed":false,"openTime":"09:00","closeTime":"17:00"},"sunday":{"open24h":false,"closed":false,"openTime":"09:00","closeTime":"17:00"}}}},"seo_analyzer_scan_date":"2026-07-17 19:04:36","breadcrumb_settings":null,"limit_modified_date":false,"open_ai":null,"ai":null,"created":"2021-05-09 15:39:25","updated":"2026-07-17 19:04:36","focus_keyword":null,"additional_keywords":null,"truseo_locale":null},"aioseo_breadcrumb":"<div class=\"aioseo-breadcrumbs\"><span class=\"aioseo-breadcrumb\">\n\t<a href=\"https:\/\/www.eldigitaldeasturias.com\/noticias\" title=\"Home\">Home<\/a>\n<\/span><span class=\"aioseo-breadcrumb-separator\">\u2013<\/span><span class=\"aioseo-breadcrumb\">\n\t<a href=\"https:\/\/www.eldigitaldeasturias.com\/noticias\/category\/actualidad-asturias\/\" title=\"Actualidad Asturias\">Actualidad Asturias<\/a>\n<\/span><span class=\"aioseo-breadcrumb-separator\">\u2013<\/span><span class=\"aioseo-breadcrumb\">\n\t<a href=\"https:\/\/www.eldigitaldeasturias.com\/noticias\/festival-del-arroz-con-leche-en-un-cabranes-innovador\/\" title=\"Festival del Arroz con Leche en un Cabranes innovador\">Festival del Arroz con Leche en un Cabranes innovador<\/a>\n<\/span><\/div>","aioseo_breadcrumb_json":[{"label":"Home","link":"https:\/\/www.eldigitaldeasturias.com\/noticias"},{"label":"Actualidad Asturias","link":"https:\/\/www.eldigitaldeasturias.com\/noticias\/category\/actualidad-asturias\/"},{"label":"Festival del Arroz con Leche en un Cabranes innovador","link":"https:\/\/www.eldigitaldeasturias.com\/noticias\/festival-del-arroz-con-leche-en-un-cabranes-innovador\/"}],"_links":{"self":[{"href":"https:\/\/www.eldigitaldeasturias.com\/noticias\/wp-json\/wp\/v2\/posts\/1091284","targetHints":{"allow":["GET"]}}],"collection":[{"href":"https:\/\/www.eldigitaldeasturias.com\/noticias\/wp-json\/wp\/v2\/posts"}],"about":[{"href":"https:\/\/www.eldigitaldeasturias.com\/noticias\/wp-json\/wp\/v2\/types\/post"}],"author":[{"embeddable":true,"href":"https:\/\/www.eldigitaldeasturias.com\/noticias\/wp-json\/wp\/v2\/users\/1"}],"replies":[{"embeddable":true,"href":"https:\/\/www.eldigitaldeasturias.com\/noticias\/wp-json\/wp\/v2\/comments?post=1091284"}],"version-history":[{"count":0,"href":"https:\/\/www.eldigitaldeasturias.com\/noticias\/wp-json\/wp\/v2\/posts\/1091284\/revisions"}],"wp:featuredmedia":[{"embeddable":true,"href":"https:\/\/www.eldigitaldeasturias.com\/noticias\/wp-json\/wp\/v2\/media\/1132184"}],"wp:attachment":[{"href":"https:\/\/www.eldigitaldeasturias.com\/noticias\/wp-json\/wp\/v2\/media?parent=1091284"}],"wp:term":[{"taxonomy":"category","embeddable":true,"href":"https:\/\/www.eldigitaldeasturias.com\/noticias\/wp-json\/wp\/v2\/categories?post=1091284"},{"taxonomy":"post_tag","embeddable":true,"href":"https:\/\/www.eldigitaldeasturias.com\/noticias\/wp-json\/wp\/v2\/tags?post=1091284"}],"curies":[{"name":"wp","href":"https:\/\/api.w.org\/{rel}","templated":true}]}}