{"id":1091275,"date":"2021-05-09T14:54:48","date_gmt":"2021-05-09T13:54:48","guid":{"rendered":"https:\/\/www.eldigitaldeasturias.com\/noticias\/?p=1091275"},"modified":"2021-05-09T14:54:48","modified_gmt":"2021-05-09T13:54:48","slug":"la-guardia-civil-recupera-un-canon-de-bronce-del-siglo-xvi","status":"publish","type":"post","link":"https:\/\/www.eldigitaldeasturias.com\/noticias\/la-guardia-civil-recupera-un-canon-de-bronce-del-siglo-xvi\/","title":{"rendered":"La Guardia Civil recupera un ca\u00f1\u00f3n de bronce del Siglo XVI"},"content":{"rendered":"<p><img loading=\"lazy\" decoding=\"async\" class=\"alignleft size-medium wp-image-1091276\" src=\"https:\/\/www.eldigitaldeasturias.com\/noticias\/wp-content\/uploads\/2021\/05\/2021-05-05_recuperacion_caxon_02-360x280.jpg\" alt=\"\" width=\"360\" height=\"280\" \/>La Guardia Civil, en una investigaci\u00f3n conjunta llevada a cabo por el Equipo Territorial de Polic\u00eda Judicial de la Guardia Civil de Noia (A Coru\u00f1a) y la Secci\u00f3n de Patrimonio Hist\u00f3rico de la Unidad Central Operativa (UCO), ha recuperado un ca\u00f1\u00f3n que hab\u00eda sido expoliado en la localidad coru\u00f1esa de Ribeira.<\/p>\n<p>Esta investigaci\u00f3n se inicia tras conocerse la noticia del hallazgo casual de tres ca\u00f1ones aparentemente de bronce por parte de mariscadores de la zona el pasado 14 de abril y la desaparici\u00f3n de uno de ellos cuando, al d\u00eda siguiente, autoridades de la Xunta de Galicia apoyadas por la Armada pudieron recuperar s\u00f3lo dos de los ca\u00f1ones localizados inicialmente, sospech\u00e1ndose que el tercero podr\u00eda haber sido expoliado.<\/p>\n<h2>V\u00eddeo del propio expolio<\/h2>\n<p>Las primeras actuaciones llevadas a cabo se centraron en la existencia de un v\u00eddeo en el que aparec\u00edan las im\u00e1genes del ca\u00f1\u00f3n siendo expoliando cuando todav\u00eda se encontraba sumergido.<\/p>\n<p>Este hecho, junto a las contradicciones del relato ofrecido por algunos de los investigados y la denuncia de la Xunta de Galicia, hizo posible que la Guardia Civil fuera identificando a quienes podr\u00edan haber participado en la desaparici\u00f3n del ca\u00f1\u00f3n, adem\u00e1s de esclarecer si el mismo pudiera estar fondeado en alg\u00fan lugar seguro o escondido en alguna de las propiedades de los investigados.<\/p>\n<p>Finalmente, gracias a la r\u00e1pida intervenci\u00f3n de las Unidades actuantes, se ha conseguido recuperar esta valiosa pieza que, probablemente, fue reflotada la misma noche de su localizaci\u00f3n y que finalmente ha sido entregada por algunos de los investigados en el Puesto Principal de la Guardia Civil de Boiro (A Coru\u00f1a).<\/p>\n<p>Se sospecha que el expolio se debe al capricho personal de alguno de los investigados, al ver el ca\u00f1\u00f3n como un buen objeto de decoraci\u00f3n. M\u00e1s all\u00e1 del valor que se podr\u00eda obtener de la fundici\u00f3n del mismo, su mayor importancia radica en la valiosa informaci\u00f3n hist\u00f3rica y arqueol\u00f3gica que aporta, la cual se pierde cuando se extrae la pieza de su contexto y ubicaci\u00f3n, da\u00f1ando, muchas veces de manera irreversible, el yacimiento arqueol\u00f3gico subacu\u00e1tico en el que se encontraba.<\/p>\n<h2>Traslado al Museo del Mar de Vigo<\/h2>\n<p>En coordinaci\u00f3n con el Servicio de Arqueolog\u00eda de la Xunta, se decidi\u00f3 trasladar el ca\u00f1\u00f3n al Museo del Mar de Vigo (Pontevedra), donde se iniciar\u00e1n los trabajos para tratar de estabilizar el metal del que est\u00e1 compuesto, sin los que irremediablemente se deteriorar\u00eda, compleja tarea de restauraci\u00f3n, costosa y duradera.<\/p>\n<p>De la misma manera, ser\u00e1n ahora estos t\u00e9cnicos qui\u00e9nes tratar\u00e1n de recomponer \u201cel puzle\u201d del que forma parte este ca\u00f1\u00f3n junto a los dos que fueron extra\u00eddos inicialmente, los cuales aportar\u00e1n con toda seguridad una informaci\u00f3n de gran valor hist\u00f3rico.<\/p>\n<p>En este sentido, conviene destacar que la propia Convenci\u00f3n de 2001 de UNESCO, del Patrimonio Arqueol\u00f3gico Subacu\u00e1tico, prima la conservaci\u00f3n in situ de estos elementos arqueol\u00f3gicos, dejando la intervenci\u00f3n de urgencia para casos en los que exista riesgo de expolio y\/o deterioro.<\/p>\n<p>&nbsp;<\/p>\n","protected":false},"excerpt":{"rendered":"<p>La Guardia Civil, en una investigaci\u00f3n conjunta llevada a cabo por el Equipo Territorial de Polic\u00eda Judicial de la Guardia Civil de Noia (A Coru\u00f1a) y la Secci\u00f3n de Patrimonio Hist\u00f3rico de la Unidad Central Operativa (UCO), ha recuperado un ca\u00f1\u00f3n que hab\u00eda sido expoliado en la localidad coru\u00f1esa de Ribeira. Esta investigaci\u00f3n se inicia [&hellip;]<\/p>\n","protected":false},"author":1,"featured_media":1132184,"comment_status":"closed","ping_status":"closed","sticky":false,"template":"","format":"standard","meta":{"footnotes":""},"categories":[5],"tags":[],"class_list":["post-1091275","post","type-post","status-publish","format-standard","has-post-thumbnail","hentry","category-sucesos"],"aioseo_notices":[],"aioseo_head":"\n\t\t<!-- All in One SEO Pro 5.0.1 - aioseo.com -->\n\t<meta name=\"description\" content=\"Esta investigaci\u00f3n se inicia tras conocerse la noticia del hallazgo casual de tres ca\u00f1ones aparentemente de bronce por parte de mariscadores de la zona ..\" \/>\n\t<meta name=\"robots\" content=\"max-image-preview:large\" \/>\n\t<meta name=\"author\" content=\"El Digital de Asturias\"\/>\n\t<meta name=\"google-site-verification\" content=\"UA-38556648-1\" \/>\n\t<meta name=\"msvalidate.01\" content=\"7dfe9f3f1b24437ab69f4f2559babe99\" \/>\n\t<meta name=\"keywords\" content=\"sucesos\" \/>\n\t<link rel=\"canonical\" href=\"https:\/\/www.eldigitaldeasturias.com\/noticias\/la-guardia-civil-recupera-un-canon-de-bronce-del-siglo-xvi\/\" \/>\n\t<meta name=\"generator\" content=\"All in One SEO Pro (AIOSEO) 5.0.1\" \/>\n\t\t<meta property=\"og:locale\" content=\"es_ES\" \/>\n\t\t<meta property=\"og:site_name\" content=\"El Digital de Asturias\" \/>\n\t\t<meta property=\"og:type\" content=\"article\" \/>\n\t\t<meta property=\"og:title\" content=\"La Guardia Civil recupera un ca\u00f1\u00f3n de bronce del Siglo XVI - El Digital de Asturias\" \/>\n\t\t<meta property=\"og:description\" content=\"Esta investigaci\u00f3n se inicia tras conocerse la noticia del hallazgo casual de tres ca\u00f1ones aparentemente de bronce por parte de mariscadores de la zona ..\" \/>\n\t\t<meta property=\"og:url\" content=\"https:\/\/www.eldigitaldeasturias.com\/noticias\/la-guardia-civil-recupera-un-canon-de-bronce-del-siglo-xvi\/\" \/>\n\t\t<meta property=\"og:image\" content=\"https:\/\/www.eldigitaldeasturias.com\/noticias\/wp-content\/uploads\/2026\/06\/Contenidos.jpg\" \/>\n\t\t<meta property=\"og:image:secure_url\" content=\"https:\/\/www.eldigitaldeasturias.com\/noticias\/wp-content\/uploads\/2026\/06\/Contenidos.jpg\" \/>\n\t\t<meta property=\"og:image:width\" content=\"1265\" \/>\n\t\t<meta property=\"og:image:height\" content=\"697\" \/>\n\t\t<meta property=\"article:tag\" content=\"sucesos\" \/>\n\t\t<meta property=\"article:published_time\" content=\"2021-05-09T13:54:48+00:00\" \/>\n\t\t<meta property=\"article:modified_time\" content=\"2021-05-09T13:54:48+00:00\" \/>\n\t\t<meta property=\"article:publisher\" content=\"https:\/\/facebook.com\/eldigitaldeasturias\" \/>\n\t\t<meta name=\"twitter:card\" content=\"summary_large_image\" \/>\n\t\t<meta name=\"twitter:title\" content=\"La Guardia Civil recupera un ca\u00f1\u00f3n de bronce del Siglo XVI - El Digital de Asturias\" \/>\n\t\t<meta name=\"twitter:description\" content=\"Esta investigaci\u00f3n se inicia tras conocerse la noticia del hallazgo casual de tres ca\u00f1ones aparentemente de bronce por parte de mariscadores de la zona ..\" \/>\n\t\t<meta name=\"twitter:image\" content=\"https:\/\/www.eldigitaldeasturias.com\/noticias\/wp-content\/uploads\/2026\/06\/Contenidos.jpg\" \/>\n\t\t<meta name=\"twitter:label1\" content=\"Escrito por\" \/>\n\t\t<meta name=\"twitter:data1\" content=\"El Digital de Asturias\" \/>\n\t\t<meta name=\"twitter:label2\" content=\"Tiempo de lectura estimado\" \/>\n\t\t<meta name=\"twitter:data2\" content=\"3 minutos\" \/>\n\t\t<script type=\"application\/ld+json\" class=\"aioseo-schema\">\n\t\t\t{\"@context\":\"https:\\\/\\\/schema.org\",\"@graph\":[{\"@type\":\"BlogPosting\",\"@id\":\"https:\\\/\\\/www.eldigitaldeasturias.com\\\/noticias\\\/la-guardia-civil-recupera-un-canon-de-bronce-del-siglo-xvi\\\/#blogposting\",\"name\":\"La Guardia Civil recupera un ca\\u00f1\\u00f3n de bronce del Siglo XVI - El Digital de Asturias\",\"headline\":\"La Guardia Civil recupera un ca\\u00f1\\u00f3n de bronce del Siglo XVI\",\"author\":{\"@id\":\"https:\\\/\\\/www.eldigitaldeasturias.com\\\/noticias\\\/author\\\/admin\\\/#author\"},\"publisher\":{\"@id\":\"https:\\\/\\\/www.eldigitaldeasturias.com\\\/noticias\\\/#organization\"},\"image\":{\"@type\":\"ImageObject\",\"url\":\"https:\\\/\\\/www.eldigitaldeasturias.com\\\/noticias\\\/wp-content\\\/uploads\\\/2026\\\/06\\\/Contenidos.jpg\",\"width\":1265,\"height\":697,\"caption\":\"Contenidos\"},\"datePublished\":\"2021-05-09T14:54:48+02:00\",\"dateModified\":\"2021-05-09T14:54:48+02:00\",\"inLanguage\":\"es-ES\",\"mainEntityOfPage\":{\"@id\":\"https:\\\/\\\/www.eldigitaldeasturias.com\\\/noticias\\\/la-guardia-civil-recupera-un-canon-de-bronce-del-siglo-xvi\\\/#webpage\"},\"isPartOf\":{\"@id\":\"https:\\\/\\\/www.eldigitaldeasturias.com\\\/noticias\\\/la-guardia-civil-recupera-un-canon-de-bronce-del-siglo-xvi\\\/#webpage\"},\"articleSection\":\"Sucesos\"},{\"@type\":\"BreadcrumbList\",\"@id\":\"https:\\\/\\\/www.eldigitaldeasturias.com\\\/noticias\\\/la-guardia-civil-recupera-un-canon-de-bronce-del-siglo-xvi\\\/#breadcrumblist\",\"itemListElement\":[{\"@type\":\"ListItem\",\"@id\":\"https:\\\/\\\/www.eldigitaldeasturias.com\\\/noticias#listItem\",\"position\":1,\"name\":\"Home\",\"item\":\"https:\\\/\\\/www.eldigitaldeasturias.com\\\/noticias\",\"nextItem\":{\"@type\":\"ListItem\",\"@id\":\"https:\\\/\\\/www.eldigitaldeasturias.com\\\/noticias\\\/category\\\/sucesos\\\/#listItem\",\"name\":\"Sucesos\"}},{\"@type\":\"ListItem\",\"@id\":\"https:\\\/\\\/www.eldigitaldeasturias.com\\\/noticias\\\/category\\\/sucesos\\\/#listItem\",\"position\":2,\"name\":\"Sucesos\",\"item\":\"https:\\\/\\\/www.eldigitaldeasturias.com\\\/noticias\\\/category\\\/sucesos\\\/\",\"nextItem\":{\"@type\":\"ListItem\",\"@id\":\"https:\\\/\\\/www.eldigitaldeasturias.com\\\/noticias\\\/la-guardia-civil-recupera-un-canon-de-bronce-del-siglo-xvi\\\/#listItem\",\"name\":\"La Guardia Civil recupera un ca\\u00f1\\u00f3n de bronce del Siglo XVI\"},\"previousItem\":{\"@type\":\"ListItem\",\"@id\":\"https:\\\/\\\/www.eldigitaldeasturias.com\\\/noticias#listItem\",\"name\":\"Home\"}},{\"@type\":\"ListItem\",\"@id\":\"https:\\\/\\\/www.eldigitaldeasturias.com\\\/noticias\\\/la-guardia-civil-recupera-un-canon-de-bronce-del-siglo-xvi\\\/#listItem\",\"position\":3,\"name\":\"La Guardia Civil recupera un ca\\u00f1\\u00f3n de bronce del Siglo XVI\",\"previousItem\":{\"@type\":\"ListItem\",\"@id\":\"https:\\\/\\\/www.eldigitaldeasturias.com\\\/noticias\\\/category\\\/sucesos\\\/#listItem\",\"name\":\"Sucesos\"}}]},{\"@type\":\"Organization\",\"@id\":\"https:\\\/\\\/www.eldigitaldeasturias.com\\\/noticias\\\/#organization\",\"name\":\"El Digital de Asturias\",\"description\":\"Hemeroteca\",\"url\":\"https:\\\/\\\/www.eldigitaldeasturias.com\\\/noticias\\\/\",\"email\":\"info@eldigitaldeasturias.com\",\"telephone\":\"+34652131393\",\"logo\":{\"@type\":\"ImageObject\",\"url\":\"https:\\\/\\\/www.eldigitaldeasturias.com\\\/noticias\\\/wp-content\\\/uploads\\\/2020\\\/12\\\/EDA.jpg\",\"@id\":\"https:\\\/\\\/www.eldigitaldeasturias.com\\\/noticias\\\/la-guardia-civil-recupera-un-canon-de-bronce-del-siglo-xvi\\\/#organizationLogo\"},\"image\":{\"@id\":\"https:\\\/\\\/www.eldigitaldeasturias.com\\\/noticias\\\/la-guardia-civil-recupera-un-canon-de-bronce-del-siglo-xvi\\\/#organizationLogo\"},\"sameAs\":[\"https:\\\/\\\/facebook.com\\\/eldigitaldeasturias\",\"https:\\\/\\\/www.youtube.com\\\/channel\\\/UCZP-2wLEB9Rv6erhFmqVnvg\"],\"address\":{\"@id\":\"https:\\\/\\\/www.eldigitaldeasturias.com\\\/noticias\\\/#postaladdress\",\"@type\":\"PostalAddress\",\"streetAddress\":\"san antonio 4\",\"postalCode\":\"33430\",\"addressLocality\":\"Cand\\u00e1s\",\"addressRegion\":\"Asturias\",\"addressCountry\":\"ES\"}},{\"@type\":\"Person\",\"@id\":\"https:\\\/\\\/www.eldigitaldeasturias.com\\\/noticias\\\/author\\\/admin\\\/#author\",\"url\":\"https:\\\/\\\/www.eldigitaldeasturias.com\\\/noticias\\\/author\\\/admin\\\/\",\"name\":\"El Digital de Asturias\",\"image\":{\"@type\":\"ImageObject\",\"@id\":\"https:\\\/\\\/www.eldigitaldeasturias.com\\\/noticias\\\/la-guardia-civil-recupera-un-canon-de-bronce-del-siglo-xvi\\\/#authorImage\",\"url\":\"https:\\\/\\\/secure.gravatar.com\\\/avatar\\\/df2aeffc32bcd13f8d26072ef8a91b623d677766deac7f97ca815868cd41bf5e?s=96&d=mm&r=g\",\"width\":96,\"height\":96,\"caption\":\"El Digital de Asturias\"}},{\"@type\":\"WebPage\",\"@id\":\"https:\\\/\\\/www.eldigitaldeasturias.com\\\/noticias\\\/la-guardia-civil-recupera-un-canon-de-bronce-del-siglo-xvi\\\/#webpage\",\"url\":\"https:\\\/\\\/www.eldigitaldeasturias.com\\\/noticias\\\/la-guardia-civil-recupera-un-canon-de-bronce-del-siglo-xvi\\\/\",\"name\":\"La Guardia Civil recupera un ca\\u00f1\\u00f3n de bronce del Siglo XVI - El Digital de Asturias\",\"description\":\"Esta investigaci\\u00f3n se inicia tras conocerse la noticia del hallazgo casual de tres ca\\u00f1ones aparentemente de bronce por parte de mariscadores de la zona ..\",\"inLanguage\":\"es-ES\",\"isPartOf\":{\"@id\":\"https:\\\/\\\/www.eldigitaldeasturias.com\\\/noticias\\\/#website\"},\"breadcrumb\":{\"@id\":\"https:\\\/\\\/www.eldigitaldeasturias.com\\\/noticias\\\/la-guardia-civil-recupera-un-canon-de-bronce-del-siglo-xvi\\\/#breadcrumblist\"},\"author\":{\"@id\":\"https:\\\/\\\/www.eldigitaldeasturias.com\\\/noticias\\\/author\\\/admin\\\/#author\"},\"creator\":{\"@id\":\"https:\\\/\\\/www.eldigitaldeasturias.com\\\/noticias\\\/author\\\/admin\\\/#author\"},\"image\":{\"@type\":\"ImageObject\",\"url\":\"https:\\\/\\\/www.eldigitaldeasturias.com\\\/noticias\\\/wp-content\\\/uploads\\\/2026\\\/06\\\/Contenidos.jpg\",\"@id\":\"https:\\\/\\\/www.eldigitaldeasturias.com\\\/noticias\\\/la-guardia-civil-recupera-un-canon-de-bronce-del-siglo-xvi\\\/#mainImage\",\"width\":1265,\"height\":697,\"caption\":\"Contenidos\"},\"primaryImageOfPage\":{\"@id\":\"https:\\\/\\\/www.eldigitaldeasturias.com\\\/noticias\\\/la-guardia-civil-recupera-un-canon-de-bronce-del-siglo-xvi\\\/#mainImage\"},\"datePublished\":\"2021-05-09T14:54:48+02:00\",\"dateModified\":\"2021-05-09T14:54:48+02:00\"},{\"@type\":\"WebSite\",\"@id\":\"https:\\\/\\\/www.eldigitaldeasturias.com\\\/noticias\\\/#website\",\"url\":\"https:\\\/\\\/www.eldigitaldeasturias.com\\\/noticias\\\/\",\"name\":\"El Digital de Asturias - Diario de actualidad y noticias\",\"alternateName\":\"El Digital de Asturias - Diario de actualidad y noticias\",\"description\":\"Hemeroteca\",\"inLanguage\":\"es-ES\",\"publisher\":{\"@id\":\"https:\\\/\\\/www.eldigitaldeasturias.com\\\/noticias\\\/#organization\"}}]}\n\t\t<\/script>\n\t\t<!-- All in One SEO Pro -->\r\n\t\t<title>La Guardia Civil recupera un ca\u00f1\u00f3n de bronce del Siglo XVI - El Digital de Asturias<\/title>\n\n","aioseo_head_json":{"title":"La Guardia Civil recupera un ca\u00f1\u00f3n de bronce del Siglo XVI - El Digital de Asturias","description":"Esta investigaci\u00f3n se inicia tras conocerse la noticia del hallazgo casual de tres ca\u00f1ones aparentemente de bronce por parte de mariscadores de la zona ..","canonical_url":"https:\/\/www.eldigitaldeasturias.com\/noticias\/la-guardia-civil-recupera-un-canon-de-bronce-del-siglo-xvi\/","robots":"max-image-preview:large","keywords":"sucesos","webmasterTools":{"google-site-verification":"UA-38556648-1","msvalidate.01":"7dfe9f3f1b24437ab69f4f2559babe99","miscellaneous":""},"schema":{"@context":"https:\/\/schema.org","@graph":[{"@type":"BlogPosting","@id":"https:\/\/www.eldigitaldeasturias.com\/noticias\/la-guardia-civil-recupera-un-canon-de-bronce-del-siglo-xvi\/#blogposting","name":"La Guardia Civil recupera un ca\u00f1\u00f3n de bronce del Siglo XVI - El Digital de Asturias","headline":"La Guardia Civil recupera un ca\u00f1\u00f3n de bronce del Siglo XVI","author":{"@id":"https:\/\/www.eldigitaldeasturias.com\/noticias\/author\/admin\/#author"},"publisher":{"@id":"https:\/\/www.eldigitaldeasturias.com\/noticias\/#organization"},"image":{"@type":"ImageObject","url":"https:\/\/www.eldigitaldeasturias.com\/noticias\/wp-content\/uploads\/2026\/06\/Contenidos.jpg","width":1265,"height":697,"caption":"Contenidos"},"datePublished":"2021-05-09T14:54:48+02:00","dateModified":"2021-05-09T14:54:48+02:00","inLanguage":"es-ES","mainEntityOfPage":{"@id":"https:\/\/www.eldigitaldeasturias.com\/noticias\/la-guardia-civil-recupera-un-canon-de-bronce-del-siglo-xvi\/#webpage"},"isPartOf":{"@id":"https:\/\/www.eldigitaldeasturias.com\/noticias\/la-guardia-civil-recupera-un-canon-de-bronce-del-siglo-xvi\/#webpage"},"articleSection":"Sucesos"},{"@type":"BreadcrumbList","@id":"https:\/\/www.eldigitaldeasturias.com\/noticias\/la-guardia-civil-recupera-un-canon-de-bronce-del-siglo-xvi\/#breadcrumblist","itemListElement":[{"@type":"ListItem","@id":"https:\/\/www.eldigitaldeasturias.com\/noticias#listItem","position":1,"name":"Home","item":"https:\/\/www.eldigitaldeasturias.com\/noticias","nextItem":{"@type":"ListItem","@id":"https:\/\/www.eldigitaldeasturias.com\/noticias\/category\/sucesos\/#listItem","name":"Sucesos"}},{"@type":"ListItem","@id":"https:\/\/www.eldigitaldeasturias.com\/noticias\/category\/sucesos\/#listItem","position":2,"name":"Sucesos","item":"https:\/\/www.eldigitaldeasturias.com\/noticias\/category\/sucesos\/","nextItem":{"@type":"ListItem","@id":"https:\/\/www.eldigitaldeasturias.com\/noticias\/la-guardia-civil-recupera-un-canon-de-bronce-del-siglo-xvi\/#listItem","name":"La Guardia Civil recupera un ca\u00f1\u00f3n de bronce del Siglo XVI"},"previousItem":{"@type":"ListItem","@id":"https:\/\/www.eldigitaldeasturias.com\/noticias#listItem","name":"Home"}},{"@type":"ListItem","@id":"https:\/\/www.eldigitaldeasturias.com\/noticias\/la-guardia-civil-recupera-un-canon-de-bronce-del-siglo-xvi\/#listItem","position":3,"name":"La Guardia Civil recupera un ca\u00f1\u00f3n de bronce del Siglo XVI","previousItem":{"@type":"ListItem","@id":"https:\/\/www.eldigitaldeasturias.com\/noticias\/category\/sucesos\/#listItem","name":"Sucesos"}}]},{"@type":"Organization","@id":"https:\/\/www.eldigitaldeasturias.com\/noticias\/#organization","name":"El Digital de Asturias","description":"Hemeroteca","url":"https:\/\/www.eldigitaldeasturias.com\/noticias\/","email":"info@eldigitaldeasturias.com","telephone":"+34652131393","logo":{"@type":"ImageObject","url":"https:\/\/www.eldigitaldeasturias.com\/noticias\/wp-content\/uploads\/2020\/12\/EDA.jpg","@id":"https:\/\/www.eldigitaldeasturias.com\/noticias\/la-guardia-civil-recupera-un-canon-de-bronce-del-siglo-xvi\/#organizationLogo"},"image":{"@id":"https:\/\/www.eldigitaldeasturias.com\/noticias\/la-guardia-civil-recupera-un-canon-de-bronce-del-siglo-xvi\/#organizationLogo"},"sameAs":["https:\/\/facebook.com\/eldigitaldeasturias","https:\/\/www.youtube.com\/channel\/UCZP-2wLEB9Rv6erhFmqVnvg"],"address":{"@id":"https:\/\/www.eldigitaldeasturias.com\/noticias\/#postaladdress","@type":"PostalAddress","streetAddress":"san antonio 4","postalCode":"33430","addressLocality":"Cand\u00e1s","addressRegion":"Asturias","addressCountry":"ES"}},{"@type":"Person","@id":"https:\/\/www.eldigitaldeasturias.com\/noticias\/author\/admin\/#author","url":"https:\/\/www.eldigitaldeasturias.com\/noticias\/author\/admin\/","name":"El Digital de Asturias","image":{"@type":"ImageObject","@id":"https:\/\/www.eldigitaldeasturias.com\/noticias\/la-guardia-civil-recupera-un-canon-de-bronce-del-siglo-xvi\/#authorImage","url":"https:\/\/secure.gravatar.com\/avatar\/df2aeffc32bcd13f8d26072ef8a91b623d677766deac7f97ca815868cd41bf5e?s=96&d=mm&r=g","width":96,"height":96,"caption":"El Digital de Asturias"}},{"@type":"WebPage","@id":"https:\/\/www.eldigitaldeasturias.com\/noticias\/la-guardia-civil-recupera-un-canon-de-bronce-del-siglo-xvi\/#webpage","url":"https:\/\/www.eldigitaldeasturias.com\/noticias\/la-guardia-civil-recupera-un-canon-de-bronce-del-siglo-xvi\/","name":"La Guardia Civil recupera un ca\u00f1\u00f3n de bronce del Siglo XVI - El Digital de Asturias","description":"Esta investigaci\u00f3n se inicia tras conocerse la noticia del hallazgo casual de tres ca\u00f1ones aparentemente de bronce por parte de mariscadores de la zona ..","inLanguage":"es-ES","isPartOf":{"@id":"https:\/\/www.eldigitaldeasturias.com\/noticias\/#website"},"breadcrumb":{"@id":"https:\/\/www.eldigitaldeasturias.com\/noticias\/la-guardia-civil-recupera-un-canon-de-bronce-del-siglo-xvi\/#breadcrumblist"},"author":{"@id":"https:\/\/www.eldigitaldeasturias.com\/noticias\/author\/admin\/#author"},"creator":{"@id":"https:\/\/www.eldigitaldeasturias.com\/noticias\/author\/admin\/#author"},"image":{"@type":"ImageObject","url":"https:\/\/www.eldigitaldeasturias.com\/noticias\/wp-content\/uploads\/2026\/06\/Contenidos.jpg","@id":"https:\/\/www.eldigitaldeasturias.com\/noticias\/la-guardia-civil-recupera-un-canon-de-bronce-del-siglo-xvi\/#mainImage","width":1265,"height":697,"caption":"Contenidos"},"primaryImageOfPage":{"@id":"https:\/\/www.eldigitaldeasturias.com\/noticias\/la-guardia-civil-recupera-un-canon-de-bronce-del-siglo-xvi\/#mainImage"},"datePublished":"2021-05-09T14:54:48+02:00","dateModified":"2021-05-09T14:54:48+02:00"},{"@type":"WebSite","@id":"https:\/\/www.eldigitaldeasturias.com\/noticias\/#website","url":"https:\/\/www.eldigitaldeasturias.com\/noticias\/","name":"El Digital de Asturias - Diario de actualidad y noticias","alternateName":"El Digital de Asturias - Diario de actualidad y noticias","description":"Hemeroteca","inLanguage":"es-ES","publisher":{"@id":"https:\/\/www.eldigitaldeasturias.com\/noticias\/#organization"}}]},"og:locale":"es_ES","og:site_name":"El Digital de Asturias","og:type":"article","og:title":"La Guardia Civil recupera un ca\u00f1\u00f3n de bronce del Siglo XVI - El Digital de Asturias","og:description":"Esta investigaci\u00f3n se inicia tras conocerse la noticia del hallazgo casual de tres ca\u00f1ones aparentemente de bronce por parte de mariscadores de la zona ..","og:url":"https:\/\/www.eldigitaldeasturias.com\/noticias\/la-guardia-civil-recupera-un-canon-de-bronce-del-siglo-xvi\/","og:image":"https:\/\/www.eldigitaldeasturias.com\/noticias\/wp-content\/uploads\/2026\/06\/Contenidos.jpg","og:image:secure_url":"https:\/\/www.eldigitaldeasturias.com\/noticias\/wp-content\/uploads\/2026\/06\/Contenidos.jpg","og:image:width":1265,"og:image:height":697,"article:tag":["sucesos"],"article:published_time":"2021-05-09T13:54:48+00:00","article:modified_time":"2021-05-09T13:54:48+00:00","article:publisher":"https:\/\/facebook.com\/eldigitaldeasturias","twitter:card":"summary_large_image","twitter:title":"La Guardia Civil recupera un ca\u00f1\u00f3n de bronce del Siglo XVI - El Digital de Asturias","twitter:description":"Esta investigaci\u00f3n se inicia tras conocerse la noticia del hallazgo casual de tres ca\u00f1ones aparentemente de bronce por parte de mariscadores de la zona ..","twitter:image":"https:\/\/www.eldigitaldeasturias.com\/noticias\/wp-content\/uploads\/2026\/06\/Contenidos.jpg","twitter:label1":"Escrito por","twitter:data1":"El Digital de Asturias","twitter:label2":"Tiempo de lectura estimado","twitter:data2":"3 minutos"},"aioseo_meta_data":{"post_id":"1091275","title":null,"description":"Esta investigaci\u00f3n se inicia tras conocerse la noticia del hallazgo casual de tres ca\u00f1ones aparentemente de bronce por parte de mariscadores de la zona ..","keywords":[],"keyphrases":{"focus":[],"additional":[]},"primary_term":null,"canonical_url":null,"og_title":null,"og_description":null,"og_object_type":"default","og_image_type":"default","og_image_url":null,"og_image_width":null,"og_image_height":null,"og_image_custom_url":null,"og_image_custom_fields":null,"og_video":"","og_custom_url":null,"og_article_section":null,"og_article_tags":[],"twitter_use_og":false,"twitter_card":"default","twitter_image_type":"default","twitter_image_url":null,"twitter_image_custom_url":null,"twitter_image_custom_fields":null,"twitter_title":null,"twitter_description":null,"schema":{"blockGraphs":[],"customGraphs":[],"default":{"data":{"Article":[],"Course":[],"Dataset":[],"FAQPage":[],"Movie":[],"Person":[],"Product":[],"ProductReview":[],"Car":[],"Recipe":[],"Service":[],"SoftwareApplication":[],"WebPage":[]},"graphName":"","isEnabled":true},"graphs":[],"defaultGraph":"Article","defaultPostTypeGraph":""},"schema_type":"default","schema_type_options":"{\"article\":{\"articleType\":\"BlogPosting\"},\"course\":{\"name\":\"\",\"description\":\"\",\"provider\":\"\"},\"faq\":{\"pages\":[]},\"product\":{\"reviews\":[]},\"recipe\":{\"ingredients\":[],\"instructions\":[],\"keywords\":[]},\"software\":{\"reviews\":[],\"operatingSystems\":[]},\"webPage\":{\"webPageType\":\"WebPage\"}}","pillar_content":false,"robots_default":true,"robots_noindex":false,"robots_noarchive":false,"robots_nosnippet":false,"robots_nofollow":false,"robots_noimageindex":false,"robots_noodp":false,"robots_notranslate":false,"robots_max_snippet":"-1","robots_max_videopreview":"-1","robots_max_imagepreview":"large","priority":null,"frequency":"default","local_seo":{"locations":{"business":{"name":"","businessType":"","image":"","areaServed":"","urls":{"website":"","aboutPage":"","contactPage":""},"address":{"streetLine1":"","streetLine2":"","zipCode":"","city":"","state":"","country":"","addressFormat":"#streetLineOne\n#streetLineTwo\n#city, #state #zipCode"},"contact":{"phone":"","email":"","fax":""},"ids":{"vat":"","tax":"","chamberOfCommerce":""},"payment":{"priceRange":"","currenciesAccepted":"","methods":""}}},"openingHours":{"useDefaults":true,"show":true,"alwaysOpen":false,"use24hFormat":false,"timezone":"","labels":{"closed":"","alwaysOpen":""},"days":{"monday":{"open24h":false,"closed":false,"openTime":"09:00","closeTime":"17:00"},"tuesday":{"open24h":false,"closed":false,"openTime":"09:00","closeTime":"17:00"},"wednesday":{"open24h":false,"closed":false,"openTime":"09:00","closeTime":"17:00"},"thursday":{"open24h":false,"closed":false,"openTime":"09:00","closeTime":"17:00"},"friday":{"open24h":false,"closed":false,"openTime":"09:00","closeTime":"17:00"},"saturday":{"open24h":false,"closed":false,"openTime":"09:00","closeTime":"17:00"},"sunday":{"open24h":false,"closed":false,"openTime":"09:00","closeTime":"17:00"}}}},"seo_analyzer_scan_date":"2026-07-17 19:04:34","breadcrumb_settings":null,"limit_modified_date":false,"open_ai":null,"ai":null,"created":"2021-05-09 13:52:35","updated":"2026-07-17 19:04:34","focus_keyword":null,"additional_keywords":null,"truseo_locale":null},"aioseo_breadcrumb":"<div class=\"aioseo-breadcrumbs\"><span class=\"aioseo-breadcrumb\">\n\t<a href=\"https:\/\/www.eldigitaldeasturias.com\/noticias\" title=\"Home\">Home<\/a>\n<\/span><span class=\"aioseo-breadcrumb-separator\">\u2013<\/span><span class=\"aioseo-breadcrumb\">\n\t<a href=\"https:\/\/www.eldigitaldeasturias.com\/noticias\/category\/sucesos\/\" title=\"Sucesos\">Sucesos<\/a>\n<\/span><span class=\"aioseo-breadcrumb-separator\">\u2013<\/span><span class=\"aioseo-breadcrumb\">\n\t<a href=\"https:\/\/www.eldigitaldeasturias.com\/noticias\/la-guardia-civil-recupera-un-canon-de-bronce-del-siglo-xvi\/\" title=\"La Guardia Civil recupera un ca\u00f1\u00f3n de bronce del Siglo XVI\">La Guardia Civil recupera un ca\u00f1\u00f3n de bronce del Siglo XVI<\/a>\n<\/span><\/div>","aioseo_breadcrumb_json":[{"label":"Home","link":"https:\/\/www.eldigitaldeasturias.com\/noticias"},{"label":"Sucesos","link":"https:\/\/www.eldigitaldeasturias.com\/noticias\/category\/sucesos\/"},{"label":"La Guardia Civil recupera un ca\u00f1\u00f3n de bronce del Siglo XVI","link":"https:\/\/www.eldigitaldeasturias.com\/noticias\/la-guardia-civil-recupera-un-canon-de-bronce-del-siglo-xvi\/"}],"_links":{"self":[{"href":"https:\/\/www.eldigitaldeasturias.com\/noticias\/wp-json\/wp\/v2\/posts\/1091275","targetHints":{"allow":["GET"]}}],"collection":[{"href":"https:\/\/www.eldigitaldeasturias.com\/noticias\/wp-json\/wp\/v2\/posts"}],"about":[{"href":"https:\/\/www.eldigitaldeasturias.com\/noticias\/wp-json\/wp\/v2\/types\/post"}],"author":[{"embeddable":true,"href":"https:\/\/www.eldigitaldeasturias.com\/noticias\/wp-json\/wp\/v2\/users\/1"}],"replies":[{"embeddable":true,"href":"https:\/\/www.eldigitaldeasturias.com\/noticias\/wp-json\/wp\/v2\/comments?post=1091275"}],"version-history":[{"count":0,"href":"https:\/\/www.eldigitaldeasturias.com\/noticias\/wp-json\/wp\/v2\/posts\/1091275\/revisions"}],"wp:featuredmedia":[{"embeddable":true,"href":"https:\/\/www.eldigitaldeasturias.com\/noticias\/wp-json\/wp\/v2\/media\/1132184"}],"wp:attachment":[{"href":"https:\/\/www.eldigitaldeasturias.com\/noticias\/wp-json\/wp\/v2\/media?parent=1091275"}],"wp:term":[{"taxonomy":"category","embeddable":true,"href":"https:\/\/www.eldigitaldeasturias.com\/noticias\/wp-json\/wp\/v2\/categories?post=1091275"},{"taxonomy":"post_tag","embeddable":true,"href":"https:\/\/www.eldigitaldeasturias.com\/noticias\/wp-json\/wp\/v2\/tags?post=1091275"}],"curies":[{"name":"wp","href":"https:\/\/api.w.org\/{rel}","templated":true}]}}