{"id":1091272,"date":"2021-05-09T14:52:12","date_gmt":"2021-05-09T13:52:12","guid":{"rendered":"https:\/\/www.eldigitaldeasturias.com\/noticias\/?p=1091272"},"modified":"2021-05-09T14:52:12","modified_gmt":"2021-05-09T13:52:12","slug":"desarticulada-una-organizacion-criminal-que-defraudo-siete-millones-de-euros-de-iva","status":"publish","type":"post","link":"https:\/\/www.eldigitaldeasturias.com\/noticias\/desarticulada-una-organizacion-criminal-que-defraudo-siete-millones-de-euros-de-iva\/","title":{"rendered":"Desarticulada una organizaci\u00f3n criminal que defraud\u00f3 siete millones de euros de IVA"},"content":{"rendered":"<p><img loading=\"lazy\" decoding=\"async\" class=\"alignleft size-medium wp-image-1091273\" src=\"https:\/\/www.eldigitaldeasturias.com\/noticias\/wp-content\/uploads\/2021\/05\/2021-05-05_op.drosipan-termino_01-360x203.jpg\" alt=\"Operaci\u00f3n DROSIPAN-TERMINO\" width=\"360\" height=\"203\" \/>La Guardia Civil y la Agencia Tributaria, en el marco de la operaci\u00f3n DROSIPAN-TERMINO, han desarticulado una organizaci\u00f3n delictiva que utilizaba un entramado de sociedades instrumentales ficticias situadas en Portugal para introducir veh\u00edculos en Espa\u00f1a procedentes de Alemania. <strong>Una vez en nuestro pa\u00eds, la trama vend\u00eda los veh\u00edculos mediante sociedades distribuidoras sin el correspondiente pago de impuestos<\/strong>. Con esta mec\u00e1nica, la organizaci\u00f3n habr\u00eda introducido veh\u00edculos por valor de 35,3 millones de euros entre 2017 y 2021, defraudando 7,3 millones de euros de cuotas de IVA.<\/p>\n<p>En el marco de la operaci\u00f3n se ha detenido a ocho personas, entre ellos el cabecilla de la organizaci\u00f3n, as\u00ed como otros responsables y organizadores de la trama, c\u00f3mplices y beneficiarios del fraude.<\/p>\n<p>De igual forma, se han efectuado seis registros domiciliarios en las localidades de Albacete, Bellreguard (Valencia), Vilagarc\u00eda de Arousa (Pontevedra) y Almer\u00eda, que han permitido la incautaci\u00f3n de 15 veh\u00edculos valorados en un mill\u00f3n y medio de euros y de abundante documentaci\u00f3n en papel e inform\u00e1tica sobre las operaciones fraudulentas detectadas y cuyo an\u00e1lisis permitir\u00e1 a\u00f1adir elementos de prueba a los ya obtenidos en la investigaci\u00f3n judicial hasta el momento.<\/p>\n<p>A su vez, se han adoptado medidas cautelares con el bloqueo de cuentas bancarias de las empresas implicadas en la trama de fraude.<\/p>\n<h2>El origen de la investigaci\u00f3n<\/h2>\n<p>La investigaci\u00f3n, se inici\u00f3 a ra\u00edz de una denuncia presentada por la Dependencia Regional de Inspecci\u00f3n de la Agencia Tributaria en Castilla-La Mancha tras un procedimiento de investigaci\u00f3n previo que hab\u00eda desarrollado sobre las sociedades implicadas en la trama.<\/p>\n<p>Gracias a las actuaciones realizadas por los investigadores, se detect\u00f3 una serie de matriculaciones que resultaban sospechosas.<\/p>\n<h2>Metodolog\u00eda del fraude \u201cTruchas introductoras\u201d<\/h2>\n<p>El fraude utilizado por la trama arrancaba con una serie de sociedades ficticias espa\u00f1olas, conocidas como \u2018truchas introductoras\u2019. Estas sociedades simulaban la compra directa a proveedores europeos de veh\u00edculos usados que ya estaban matriculados en el pa\u00eds de origen. Al tratarse de adquisiciones intracomunitarias de bienes en r\u00e9gimen general de IVA, las sociedades espa\u00f1olas obten\u00edan los veh\u00edculos exentos de IVA.<\/p>\n<p>Posteriormente, estas \u2018truchas introductoras\u2019 vend\u00edan los veh\u00edculos a distribuidoras espa\u00f1olas de la misma trama, pero no ingresaban el IVA a la Hacienda p\u00fablica que s\u00ed corresponde al tratarse ya de una operaci\u00f3n interior. En cambio, el impuesto figuraba en las facturas de venta a las distribuidoras, que s\u00ed se deduc\u00edan el IVA no ingresado por las \u2018truchas\u2019.<\/p>\n<p>Con este funcionamiento, la organizaci\u00f3n pod\u00eda vender los veh\u00edculos a las distribuidoras a un precio muy inferior, gracias al margen que otorgaba el fraude previo del IVA. Para dificultar su detecci\u00f3n, la trama iba sustituyendo peri\u00f3dicamente las empresas que generaban el fraude por otras nuevas.<\/p>\n<p>Al tiempo, y bajo la apariencia de entidades independientes, los directores de las distribuidoras realmente controlaban las \u2018truchas\u2019, que simplemente canalizaban formalmente las adquisiciones de veh\u00edculos usados a los proveedores de la Uni\u00f3n Europea.<\/p>\n<p>De acuerdo con las investigaciones, algunos clientes de las empresas distribuidoras eran plenamente conscientes del fraude y actuaban en plena connivencia y coordinaci\u00f3n, encargando la compra de veh\u00edculos formalmente a trav\u00e9s de la trama para beneficiarse del \u2018lavado del IVA\u2019.<\/p>\n<p>Una vez encargada la adquisici\u00f3n, se iba tramitando la matriculaci\u00f3n del veh\u00edculo usado en Espa\u00f1a ante la correspondiente Jefatura Provincial de Tr\u00e1fico, previo paso por la Inspecci\u00f3n T\u00e9cnica de Veh\u00edculos, aportando la documentaci\u00f3n de la transacci\u00f3n simulada para justificar la titularidad del matriculador. En ocasiones, incluso, la trama alteraba la documentaci\u00f3n para intentar evitar controles sobre la matriculaci\u00f3n.<\/p>\n<h2>Interposici\u00f3n de sociedades ficticias extranjeras y testaferros<\/h2>\n<p>Como manera de reforzar la ocultaci\u00f3n del fraude, la trama contaba tambi\u00e9n con una \u2018capa\u2019 de sociedades ficticias extranjeras (denominadas \u2018truchas remotas\u2019).La funci\u00f3n de estas sociedades dentro del esquema fraudulento consist\u00eda en modificar el r\u00e9gimen aplicable de IVA.<\/p>\n<p>Estas \u2018truchas remotas\u2019, que igualmente controlaban los directores de las distribuidoras, recib\u00edan facturas en r\u00e9gimen ordinario de IVA por entregas intracomunitarias de bienes exentas. A continuaci\u00f3n, cambiaban indebidamente el r\u00e9gimen de tributaci\u00f3n, emitiendo facturas a las distribuidoras espa\u00f1olas de la trama de acuerdo con el R\u00e9gimen Especial de Bienes Usados (REBU), lo que resulta incompatible legalmente y permit\u00eda ya mantener en toda la cadena de distribuci\u00f3n a clientes este r\u00e9gimen especial que implica una tributaci\u00f3n por IVA mucho m\u00e1s baja que en el r\u00e9gimen general.<\/p>\n<p>Los investigadores llegaron a detectar una f\u00f3rmula adicional de ocultaci\u00f3n mediante la interposici\u00f3n de personas f\u00edsicas con claro perfil de testaferros. Estas personas, que en ocasiones son dif\u00edcilmente localizables e incumplidores de sus obligaciones fiscales, jugaban un papel similar al de las \u2018truchas remotas\u2019.<\/p>\n<h2>Un problema europeo<\/h2>\n<p>El fraude en IVA en operaciones intracomunitaria de distintos sectores, un problema habitual en los distintos pa\u00edses miembros de la UE, tiene la doble relevancia de la p\u00e9rdida de ingresos tributarios que provoca y de la grave distorsi\u00f3n de precios que introduce en los mercados de los sectores econ\u00f3micos afectados, en beneficio de los operadores fraudulentos y perjudicando gravemente a los comerciantes leg\u00edtimos, que cumplen sus obligaciones fiscales.<\/p>\n<p>Esta situaci\u00f3n ha determinado que las autoridades comunitarias, desde hace a\u00f1os, hayan prestado especial atenci\u00f3n al denominado fraude carrusel intracomunitario, tambi\u00e9n denominado fraude en cadena del operador desaparecido o \u2018missing trader fraud\u2019, mediante la adopci\u00f3n de iniciativas que refuercen esa lucha con un incremento de la cooperaci\u00f3n administrativa entre los Estados miembros y aumentando la eficacia de los sistemas de control de IVA nacionales.<\/p>\n<p>La Guardia Civil como la Agencia Tributaria espa\u00f1ola, trabaja en esta l\u00ednea desde hace a\u00f1os con \u00f3rganos de investigaci\u00f3n especializados para la prevenci\u00f3n, detecci\u00f3n y lucha contra este fraude espec\u00edfico.<\/p>\n<p>En el operativo han intervenido, por parte de Guardia Civil el Grupo de Investigaci\u00f3n y An\u00e1lisis de Tr\u00e1fico de la Jefatura de la Agrupaci\u00f3n de Tr\u00e1fico (GIAT Central) y por parte de la Agencia Tributaria, las Unidades Operativas de Vigilancia Aduanera en Albacete, Quintanar de la Orden y Pontevedra; Unidades de Inspecci\u00f3n de Albacete, Galicia, Valencia y Almer\u00eda; y Unidades de Auditor\u00eda Inform\u00e1tica de Castilla La Mancha, Almer\u00eda, Galicia y Valencia.<\/p>\n<p>&nbsp;<\/p>\n","protected":false},"excerpt":{"rendered":"<p>La Guardia Civil y la Agencia Tributaria, en el marco de la operaci\u00f3n DROSIPAN-TERMINO, han desarticulado una organizaci\u00f3n delictiva que utilizaba un entramado de sociedades instrumentales ficticias situadas en Portugal para introducir veh\u00edculos en Espa\u00f1a procedentes de Alemania. Una vez en nuestro pa\u00eds, la trama vend\u00eda los veh\u00edculos mediante sociedades distribuidoras sin el correspondiente pago [&hellip;]<\/p>\n","protected":false},"author":1,"featured_media":1132184,"comment_status":"closed","ping_status":"closed","sticky":false,"template":"","format":"standard","meta":{"footnotes":""},"categories":[5],"tags":[],"class_list":["post-1091272","post","type-post","status-publish","format-standard","has-post-thumbnail","hentry","category-sucesos"],"aioseo_notices":[],"aioseo_head":"\n\t\t<!-- All in One SEO Pro 5.0.1 - aioseo.com -->\n\t<meta name=\"description\" content=\"La Guardia Civil y la Agencia Tributaria, en el marco de la operaci\u00f3n DROSIPAN-TERMINO, han desarticulado una organizaci\u00f3n delictiva que utilizaba un entramado\" \/>\n\t<meta name=\"robots\" content=\"max-image-preview:large\" \/>\n\t<meta name=\"author\" content=\"El Digital de Asturias\"\/>\n\t<meta name=\"google-site-verification\" content=\"UA-38556648-1\" \/>\n\t<meta name=\"msvalidate.01\" content=\"7dfe9f3f1b24437ab69f4f2559babe99\" \/>\n\t<meta name=\"keywords\" content=\"sucesos\" \/>\n\t<link rel=\"canonical\" href=\"https:\/\/www.eldigitaldeasturias.com\/noticias\/desarticulada-una-organizacion-criminal-que-defraudo-siete-millones-de-euros-de-iva\/\" \/>\n\t<meta name=\"generator\" content=\"All in One SEO Pro (AIOSEO) 5.0.1\" \/>\n\t\t<meta property=\"og:locale\" content=\"es_ES\" \/>\n\t\t<meta property=\"og:site_name\" content=\"El Digital de Asturias\" \/>\n\t\t<meta property=\"og:type\" content=\"article\" \/>\n\t\t<meta property=\"og:title\" content=\"Desarticulada una organizaci\u00f3n criminal que defraud\u00f3 siete millones de euros de IVA - El Digital de Asturias\" \/>\n\t\t<meta property=\"og:description\" content=\"La Guardia Civil y la Agencia Tributaria, en el marco de la operaci\u00f3n DROSIPAN-TERMINO, han desarticulado una organizaci\u00f3n delictiva que utilizaba un entramado\" \/>\n\t\t<meta property=\"og:url\" content=\"https:\/\/www.eldigitaldeasturias.com\/noticias\/desarticulada-una-organizacion-criminal-que-defraudo-siete-millones-de-euros-de-iva\/\" \/>\n\t\t<meta property=\"og:image\" content=\"https:\/\/www.eldigitaldeasturias.com\/noticias\/wp-content\/uploads\/2026\/06\/Contenidos.jpg\" \/>\n\t\t<meta property=\"og:image:secure_url\" content=\"https:\/\/www.eldigitaldeasturias.com\/noticias\/wp-content\/uploads\/2026\/06\/Contenidos.jpg\" \/>\n\t\t<meta property=\"og:image:width\" content=\"1265\" \/>\n\t\t<meta property=\"og:image:height\" content=\"697\" \/>\n\t\t<meta property=\"article:tag\" content=\"sucesos\" \/>\n\t\t<meta property=\"article:published_time\" content=\"2021-05-09T13:52:12+00:00\" \/>\n\t\t<meta property=\"article:modified_time\" content=\"2021-05-09T13:52:12+00:00\" \/>\n\t\t<meta property=\"article:publisher\" content=\"https:\/\/facebook.com\/eldigitaldeasturias\" \/>\n\t\t<meta name=\"twitter:card\" content=\"summary_large_image\" \/>\n\t\t<meta name=\"twitter:title\" content=\"Desarticulada una organizaci\u00f3n criminal que defraud\u00f3 siete millones de euros de IVA - El Digital de Asturias\" \/>\n\t\t<meta name=\"twitter:description\" content=\"La Guardia Civil y la Agencia Tributaria, en el marco de la operaci\u00f3n DROSIPAN-TERMINO, han desarticulado una organizaci\u00f3n delictiva que utilizaba un entramado\" \/>\n\t\t<meta name=\"twitter:image\" content=\"https:\/\/www.eldigitaldeasturias.com\/noticias\/wp-content\/uploads\/2026\/06\/Contenidos.jpg\" \/>\n\t\t<meta name=\"twitter:label1\" content=\"Escrito por\" \/>\n\t\t<meta name=\"twitter:data1\" content=\"El Digital de Asturias\" \/>\n\t\t<meta name=\"twitter:label2\" content=\"Tiempo de lectura estimado\" \/>\n\t\t<meta name=\"twitter:data2\" content=\"5 minutos\" \/>\n\t\t<script type=\"application\/ld+json\" class=\"aioseo-schema\">\n\t\t\t{\"@context\":\"https:\\\/\\\/schema.org\",\"@graph\":[{\"@type\":\"BlogPosting\",\"@id\":\"https:\\\/\\\/www.eldigitaldeasturias.com\\\/noticias\\\/desarticulada-una-organizacion-criminal-que-defraudo-siete-millones-de-euros-de-iva\\\/#blogposting\",\"name\":\"Desarticulada una organizaci\\u00f3n criminal que defraud\\u00f3 siete millones de euros de IVA - El Digital de Asturias\",\"headline\":\"Desarticulada una organizaci\\u00f3n criminal que defraud\\u00f3 siete millones de euros de IVA\",\"author\":{\"@id\":\"https:\\\/\\\/www.eldigitaldeasturias.com\\\/noticias\\\/author\\\/admin\\\/#author\"},\"publisher\":{\"@id\":\"https:\\\/\\\/www.eldigitaldeasturias.com\\\/noticias\\\/#organization\"},\"image\":{\"@type\":\"ImageObject\",\"url\":\"https:\\\/\\\/www.eldigitaldeasturias.com\\\/noticias\\\/wp-content\\\/uploads\\\/2026\\\/06\\\/Contenidos.jpg\",\"width\":1265,\"height\":697,\"caption\":\"Contenidos\"},\"datePublished\":\"2021-05-09T14:52:12+02:00\",\"dateModified\":\"2021-05-09T14:52:12+02:00\",\"inLanguage\":\"es-ES\",\"mainEntityOfPage\":{\"@id\":\"https:\\\/\\\/www.eldigitaldeasturias.com\\\/noticias\\\/desarticulada-una-organizacion-criminal-que-defraudo-siete-millones-de-euros-de-iva\\\/#webpage\"},\"isPartOf\":{\"@id\":\"https:\\\/\\\/www.eldigitaldeasturias.com\\\/noticias\\\/desarticulada-una-organizacion-criminal-que-defraudo-siete-millones-de-euros-de-iva\\\/#webpage\"},\"articleSection\":\"Sucesos\"},{\"@type\":\"BreadcrumbList\",\"@id\":\"https:\\\/\\\/www.eldigitaldeasturias.com\\\/noticias\\\/desarticulada-una-organizacion-criminal-que-defraudo-siete-millones-de-euros-de-iva\\\/#breadcrumblist\",\"itemListElement\":[{\"@type\":\"ListItem\",\"@id\":\"https:\\\/\\\/www.eldigitaldeasturias.com\\\/noticias#listItem\",\"position\":1,\"name\":\"Home\",\"item\":\"https:\\\/\\\/www.eldigitaldeasturias.com\\\/noticias\",\"nextItem\":{\"@type\":\"ListItem\",\"@id\":\"https:\\\/\\\/www.eldigitaldeasturias.com\\\/noticias\\\/category\\\/sucesos\\\/#listItem\",\"name\":\"Sucesos\"}},{\"@type\":\"ListItem\",\"@id\":\"https:\\\/\\\/www.eldigitaldeasturias.com\\\/noticias\\\/category\\\/sucesos\\\/#listItem\",\"position\":2,\"name\":\"Sucesos\",\"item\":\"https:\\\/\\\/www.eldigitaldeasturias.com\\\/noticias\\\/category\\\/sucesos\\\/\",\"nextItem\":{\"@type\":\"ListItem\",\"@id\":\"https:\\\/\\\/www.eldigitaldeasturias.com\\\/noticias\\\/desarticulada-una-organizacion-criminal-que-defraudo-siete-millones-de-euros-de-iva\\\/#listItem\",\"name\":\"Desarticulada una organizaci\\u00f3n criminal que defraud\\u00f3 siete millones de euros de IVA\"},\"previousItem\":{\"@type\":\"ListItem\",\"@id\":\"https:\\\/\\\/www.eldigitaldeasturias.com\\\/noticias#listItem\",\"name\":\"Home\"}},{\"@type\":\"ListItem\",\"@id\":\"https:\\\/\\\/www.eldigitaldeasturias.com\\\/noticias\\\/desarticulada-una-organizacion-criminal-que-defraudo-siete-millones-de-euros-de-iva\\\/#listItem\",\"position\":3,\"name\":\"Desarticulada una organizaci\\u00f3n criminal que defraud\\u00f3 siete millones de euros de IVA\",\"previousItem\":{\"@type\":\"ListItem\",\"@id\":\"https:\\\/\\\/www.eldigitaldeasturias.com\\\/noticias\\\/category\\\/sucesos\\\/#listItem\",\"name\":\"Sucesos\"}}]},{\"@type\":\"Organization\",\"@id\":\"https:\\\/\\\/www.eldigitaldeasturias.com\\\/noticias\\\/#organization\",\"name\":\"El Digital de Asturias\",\"description\":\"Hemeroteca\",\"url\":\"https:\\\/\\\/www.eldigitaldeasturias.com\\\/noticias\\\/\",\"email\":\"info@eldigitaldeasturias.com\",\"telephone\":\"+34652131393\",\"logo\":{\"@type\":\"ImageObject\",\"url\":\"https:\\\/\\\/www.eldigitaldeasturias.com\\\/noticias\\\/wp-content\\\/uploads\\\/2020\\\/12\\\/EDA.jpg\",\"@id\":\"https:\\\/\\\/www.eldigitaldeasturias.com\\\/noticias\\\/desarticulada-una-organizacion-criminal-que-defraudo-siete-millones-de-euros-de-iva\\\/#organizationLogo\"},\"image\":{\"@id\":\"https:\\\/\\\/www.eldigitaldeasturias.com\\\/noticias\\\/desarticulada-una-organizacion-criminal-que-defraudo-siete-millones-de-euros-de-iva\\\/#organizationLogo\"},\"sameAs\":[\"https:\\\/\\\/facebook.com\\\/eldigitaldeasturias\",\"https:\\\/\\\/www.youtube.com\\\/channel\\\/UCZP-2wLEB9Rv6erhFmqVnvg\"],\"address\":{\"@id\":\"https:\\\/\\\/www.eldigitaldeasturias.com\\\/noticias\\\/#postaladdress\",\"@type\":\"PostalAddress\",\"streetAddress\":\"san antonio 4\",\"postalCode\":\"33430\",\"addressLocality\":\"Cand\\u00e1s\",\"addressRegion\":\"Asturias\",\"addressCountry\":\"ES\"}},{\"@type\":\"Person\",\"@id\":\"https:\\\/\\\/www.eldigitaldeasturias.com\\\/noticias\\\/author\\\/admin\\\/#author\",\"url\":\"https:\\\/\\\/www.eldigitaldeasturias.com\\\/noticias\\\/author\\\/admin\\\/\",\"name\":\"El Digital de Asturias\",\"image\":{\"@type\":\"ImageObject\",\"@id\":\"https:\\\/\\\/www.eldigitaldeasturias.com\\\/noticias\\\/desarticulada-una-organizacion-criminal-que-defraudo-siete-millones-de-euros-de-iva\\\/#authorImage\",\"url\":\"https:\\\/\\\/secure.gravatar.com\\\/avatar\\\/df2aeffc32bcd13f8d26072ef8a91b623d677766deac7f97ca815868cd41bf5e?s=96&d=mm&r=g\",\"width\":96,\"height\":96,\"caption\":\"El Digital de Asturias\"}},{\"@type\":\"WebPage\",\"@id\":\"https:\\\/\\\/www.eldigitaldeasturias.com\\\/noticias\\\/desarticulada-una-organizacion-criminal-que-defraudo-siete-millones-de-euros-de-iva\\\/#webpage\",\"url\":\"https:\\\/\\\/www.eldigitaldeasturias.com\\\/noticias\\\/desarticulada-una-organizacion-criminal-que-defraudo-siete-millones-de-euros-de-iva\\\/\",\"name\":\"Desarticulada una organizaci\\u00f3n criminal que defraud\\u00f3 siete millones de euros de IVA - El Digital de Asturias\",\"description\":\"La Guardia Civil y la Agencia Tributaria, en el marco de la operaci\\u00f3n DROSIPAN-TERMINO, han desarticulado una organizaci\\u00f3n delictiva que utilizaba un entramado\",\"inLanguage\":\"es-ES\",\"isPartOf\":{\"@id\":\"https:\\\/\\\/www.eldigitaldeasturias.com\\\/noticias\\\/#website\"},\"breadcrumb\":{\"@id\":\"https:\\\/\\\/www.eldigitaldeasturias.com\\\/noticias\\\/desarticulada-una-organizacion-criminal-que-defraudo-siete-millones-de-euros-de-iva\\\/#breadcrumblist\"},\"author\":{\"@id\":\"https:\\\/\\\/www.eldigitaldeasturias.com\\\/noticias\\\/author\\\/admin\\\/#author\"},\"creator\":{\"@id\":\"https:\\\/\\\/www.eldigitaldeasturias.com\\\/noticias\\\/author\\\/admin\\\/#author\"},\"image\":{\"@type\":\"ImageObject\",\"url\":\"https:\\\/\\\/www.eldigitaldeasturias.com\\\/noticias\\\/wp-content\\\/uploads\\\/2026\\\/06\\\/Contenidos.jpg\",\"@id\":\"https:\\\/\\\/www.eldigitaldeasturias.com\\\/noticias\\\/desarticulada-una-organizacion-criminal-que-defraudo-siete-millones-de-euros-de-iva\\\/#mainImage\",\"width\":1265,\"height\":697,\"caption\":\"Contenidos\"},\"primaryImageOfPage\":{\"@id\":\"https:\\\/\\\/www.eldigitaldeasturias.com\\\/noticias\\\/desarticulada-una-organizacion-criminal-que-defraudo-siete-millones-de-euros-de-iva\\\/#mainImage\"},\"datePublished\":\"2021-05-09T14:52:12+02:00\",\"dateModified\":\"2021-05-09T14:52:12+02:00\"},{\"@type\":\"WebSite\",\"@id\":\"https:\\\/\\\/www.eldigitaldeasturias.com\\\/noticias\\\/#website\",\"url\":\"https:\\\/\\\/www.eldigitaldeasturias.com\\\/noticias\\\/\",\"name\":\"El Digital de Asturias - Diario de actualidad y noticias\",\"alternateName\":\"El Digital de Asturias - Diario de actualidad y noticias\",\"description\":\"Hemeroteca\",\"inLanguage\":\"es-ES\",\"publisher\":{\"@id\":\"https:\\\/\\\/www.eldigitaldeasturias.com\\\/noticias\\\/#organization\"}}]}\n\t\t<\/script>\n\t\t<!-- All in One SEO Pro -->\r\n\t\t<title>Desarticulada una organizaci\u00f3n criminal que defraud\u00f3 siete millones de euros de IVA - El Digital de Asturias<\/title>\n\n","aioseo_head_json":{"title":"Desarticulada una organizaci\u00f3n criminal que defraud\u00f3 siete millones de euros de IVA - El Digital de Asturias","description":"La Guardia Civil y la Agencia Tributaria, en el marco de la operaci\u00f3n DROSIPAN-TERMINO, han desarticulado una organizaci\u00f3n delictiva que utilizaba un entramado","canonical_url":"https:\/\/www.eldigitaldeasturias.com\/noticias\/desarticulada-una-organizacion-criminal-que-defraudo-siete-millones-de-euros-de-iva\/","robots":"max-image-preview:large","keywords":"sucesos","webmasterTools":{"google-site-verification":"UA-38556648-1","msvalidate.01":"7dfe9f3f1b24437ab69f4f2559babe99","miscellaneous":""},"schema":{"@context":"https:\/\/schema.org","@graph":[{"@type":"BlogPosting","@id":"https:\/\/www.eldigitaldeasturias.com\/noticias\/desarticulada-una-organizacion-criminal-que-defraudo-siete-millones-de-euros-de-iva\/#blogposting","name":"Desarticulada una organizaci\u00f3n criminal que defraud\u00f3 siete millones de euros de IVA - El Digital de Asturias","headline":"Desarticulada una organizaci\u00f3n criminal que defraud\u00f3 siete millones de euros de IVA","author":{"@id":"https:\/\/www.eldigitaldeasturias.com\/noticias\/author\/admin\/#author"},"publisher":{"@id":"https:\/\/www.eldigitaldeasturias.com\/noticias\/#organization"},"image":{"@type":"ImageObject","url":"https:\/\/www.eldigitaldeasturias.com\/noticias\/wp-content\/uploads\/2026\/06\/Contenidos.jpg","width":1265,"height":697,"caption":"Contenidos"},"datePublished":"2021-05-09T14:52:12+02:00","dateModified":"2021-05-09T14:52:12+02:00","inLanguage":"es-ES","mainEntityOfPage":{"@id":"https:\/\/www.eldigitaldeasturias.com\/noticias\/desarticulada-una-organizacion-criminal-que-defraudo-siete-millones-de-euros-de-iva\/#webpage"},"isPartOf":{"@id":"https:\/\/www.eldigitaldeasturias.com\/noticias\/desarticulada-una-organizacion-criminal-que-defraudo-siete-millones-de-euros-de-iva\/#webpage"},"articleSection":"Sucesos"},{"@type":"BreadcrumbList","@id":"https:\/\/www.eldigitaldeasturias.com\/noticias\/desarticulada-una-organizacion-criminal-que-defraudo-siete-millones-de-euros-de-iva\/#breadcrumblist","itemListElement":[{"@type":"ListItem","@id":"https:\/\/www.eldigitaldeasturias.com\/noticias#listItem","position":1,"name":"Home","item":"https:\/\/www.eldigitaldeasturias.com\/noticias","nextItem":{"@type":"ListItem","@id":"https:\/\/www.eldigitaldeasturias.com\/noticias\/category\/sucesos\/#listItem","name":"Sucesos"}},{"@type":"ListItem","@id":"https:\/\/www.eldigitaldeasturias.com\/noticias\/category\/sucesos\/#listItem","position":2,"name":"Sucesos","item":"https:\/\/www.eldigitaldeasturias.com\/noticias\/category\/sucesos\/","nextItem":{"@type":"ListItem","@id":"https:\/\/www.eldigitaldeasturias.com\/noticias\/desarticulada-una-organizacion-criminal-que-defraudo-siete-millones-de-euros-de-iva\/#listItem","name":"Desarticulada una organizaci\u00f3n criminal que defraud\u00f3 siete millones de euros de IVA"},"previousItem":{"@type":"ListItem","@id":"https:\/\/www.eldigitaldeasturias.com\/noticias#listItem","name":"Home"}},{"@type":"ListItem","@id":"https:\/\/www.eldigitaldeasturias.com\/noticias\/desarticulada-una-organizacion-criminal-que-defraudo-siete-millones-de-euros-de-iva\/#listItem","position":3,"name":"Desarticulada una organizaci\u00f3n criminal que defraud\u00f3 siete millones de euros de IVA","previousItem":{"@type":"ListItem","@id":"https:\/\/www.eldigitaldeasturias.com\/noticias\/category\/sucesos\/#listItem","name":"Sucesos"}}]},{"@type":"Organization","@id":"https:\/\/www.eldigitaldeasturias.com\/noticias\/#organization","name":"El Digital de Asturias","description":"Hemeroteca","url":"https:\/\/www.eldigitaldeasturias.com\/noticias\/","email":"info@eldigitaldeasturias.com","telephone":"+34652131393","logo":{"@type":"ImageObject","url":"https:\/\/www.eldigitaldeasturias.com\/noticias\/wp-content\/uploads\/2020\/12\/EDA.jpg","@id":"https:\/\/www.eldigitaldeasturias.com\/noticias\/desarticulada-una-organizacion-criminal-que-defraudo-siete-millones-de-euros-de-iva\/#organizationLogo"},"image":{"@id":"https:\/\/www.eldigitaldeasturias.com\/noticias\/desarticulada-una-organizacion-criminal-que-defraudo-siete-millones-de-euros-de-iva\/#organizationLogo"},"sameAs":["https:\/\/facebook.com\/eldigitaldeasturias","https:\/\/www.youtube.com\/channel\/UCZP-2wLEB9Rv6erhFmqVnvg"],"address":{"@id":"https:\/\/www.eldigitaldeasturias.com\/noticias\/#postaladdress","@type":"PostalAddress","streetAddress":"san antonio 4","postalCode":"33430","addressLocality":"Cand\u00e1s","addressRegion":"Asturias","addressCountry":"ES"}},{"@type":"Person","@id":"https:\/\/www.eldigitaldeasturias.com\/noticias\/author\/admin\/#author","url":"https:\/\/www.eldigitaldeasturias.com\/noticias\/author\/admin\/","name":"El Digital de Asturias","image":{"@type":"ImageObject","@id":"https:\/\/www.eldigitaldeasturias.com\/noticias\/desarticulada-una-organizacion-criminal-que-defraudo-siete-millones-de-euros-de-iva\/#authorImage","url":"https:\/\/secure.gravatar.com\/avatar\/df2aeffc32bcd13f8d26072ef8a91b623d677766deac7f97ca815868cd41bf5e?s=96&d=mm&r=g","width":96,"height":96,"caption":"El Digital de Asturias"}},{"@type":"WebPage","@id":"https:\/\/www.eldigitaldeasturias.com\/noticias\/desarticulada-una-organizacion-criminal-que-defraudo-siete-millones-de-euros-de-iva\/#webpage","url":"https:\/\/www.eldigitaldeasturias.com\/noticias\/desarticulada-una-organizacion-criminal-que-defraudo-siete-millones-de-euros-de-iva\/","name":"Desarticulada una organizaci\u00f3n criminal que defraud\u00f3 siete millones de euros de IVA - El Digital de Asturias","description":"La Guardia Civil y la Agencia Tributaria, en el marco de la operaci\u00f3n DROSIPAN-TERMINO, han desarticulado una organizaci\u00f3n delictiva que utilizaba un entramado","inLanguage":"es-ES","isPartOf":{"@id":"https:\/\/www.eldigitaldeasturias.com\/noticias\/#website"},"breadcrumb":{"@id":"https:\/\/www.eldigitaldeasturias.com\/noticias\/desarticulada-una-organizacion-criminal-que-defraudo-siete-millones-de-euros-de-iva\/#breadcrumblist"},"author":{"@id":"https:\/\/www.eldigitaldeasturias.com\/noticias\/author\/admin\/#author"},"creator":{"@id":"https:\/\/www.eldigitaldeasturias.com\/noticias\/author\/admin\/#author"},"image":{"@type":"ImageObject","url":"https:\/\/www.eldigitaldeasturias.com\/noticias\/wp-content\/uploads\/2026\/06\/Contenidos.jpg","@id":"https:\/\/www.eldigitaldeasturias.com\/noticias\/desarticulada-una-organizacion-criminal-que-defraudo-siete-millones-de-euros-de-iva\/#mainImage","width":1265,"height":697,"caption":"Contenidos"},"primaryImageOfPage":{"@id":"https:\/\/www.eldigitaldeasturias.com\/noticias\/desarticulada-una-organizacion-criminal-que-defraudo-siete-millones-de-euros-de-iva\/#mainImage"},"datePublished":"2021-05-09T14:52:12+02:00","dateModified":"2021-05-09T14:52:12+02:00"},{"@type":"WebSite","@id":"https:\/\/www.eldigitaldeasturias.com\/noticias\/#website","url":"https:\/\/www.eldigitaldeasturias.com\/noticias\/","name":"El Digital de Asturias - Diario de actualidad y noticias","alternateName":"El Digital de Asturias - Diario de actualidad y noticias","description":"Hemeroteca","inLanguage":"es-ES","publisher":{"@id":"https:\/\/www.eldigitaldeasturias.com\/noticias\/#organization"}}]},"og:locale":"es_ES","og:site_name":"El Digital de Asturias","og:type":"article","og:title":"Desarticulada una organizaci\u00f3n criminal que defraud\u00f3 siete millones de euros de IVA - El Digital de Asturias","og:description":"La Guardia Civil y la Agencia Tributaria, en el marco de la operaci\u00f3n DROSIPAN-TERMINO, han desarticulado una organizaci\u00f3n delictiva que utilizaba un entramado","og:url":"https:\/\/www.eldigitaldeasturias.com\/noticias\/desarticulada-una-organizacion-criminal-que-defraudo-siete-millones-de-euros-de-iva\/","og:image":"https:\/\/www.eldigitaldeasturias.com\/noticias\/wp-content\/uploads\/2026\/06\/Contenidos.jpg","og:image:secure_url":"https:\/\/www.eldigitaldeasturias.com\/noticias\/wp-content\/uploads\/2026\/06\/Contenidos.jpg","og:image:width":1265,"og:image:height":697,"article:tag":["sucesos"],"article:published_time":"2021-05-09T13:52:12+00:00","article:modified_time":"2021-05-09T13:52:12+00:00","article:publisher":"https:\/\/facebook.com\/eldigitaldeasturias","twitter:card":"summary_large_image","twitter:title":"Desarticulada una organizaci\u00f3n criminal que defraud\u00f3 siete millones de euros de IVA - El Digital de Asturias","twitter:description":"La Guardia Civil y la Agencia Tributaria, en el marco de la operaci\u00f3n DROSIPAN-TERMINO, han desarticulado una organizaci\u00f3n delictiva que utilizaba un entramado","twitter:image":"https:\/\/www.eldigitaldeasturias.com\/noticias\/wp-content\/uploads\/2026\/06\/Contenidos.jpg","twitter:label1":"Escrito por","twitter:data1":"El Digital de Asturias","twitter:label2":"Tiempo de lectura estimado","twitter:data2":"5 minutos"},"aioseo_meta_data":{"post_id":"1091272","title":null,"description":"La Guardia Civil y la Agencia Tributaria, en el marco de la operaci\u00f3n DROSIPAN-TERMINO, han desarticulado una organizaci\u00f3n delictiva que utilizaba un entramado","keywords":[],"keyphrases":{"focus":[],"additional":[]},"primary_term":null,"canonical_url":null,"og_title":null,"og_description":null,"og_object_type":"default","og_image_type":"default","og_image_url":null,"og_image_width":null,"og_image_height":null,"og_image_custom_url":null,"og_image_custom_fields":null,"og_video":"","og_custom_url":null,"og_article_section":null,"og_article_tags":[],"twitter_use_og":false,"twitter_card":"default","twitter_image_type":"default","twitter_image_url":null,"twitter_image_custom_url":null,"twitter_image_custom_fields":null,"twitter_title":null,"twitter_description":null,"schema":{"blockGraphs":[],"customGraphs":[],"default":{"data":{"Article":[],"Course":[],"Dataset":[],"FAQPage":[],"Movie":[],"Person":[],"Product":[],"ProductReview":[],"Car":[],"Recipe":[],"Service":[],"SoftwareApplication":[],"WebPage":[]},"graphName":"","isEnabled":true},"graphs":[],"defaultGraph":"Article","defaultPostTypeGraph":""},"schema_type":"default","schema_type_options":"{\"article\":{\"articleType\":\"BlogPosting\"},\"course\":{\"name\":\"\",\"description\":\"\",\"provider\":\"\"},\"faq\":{\"pages\":[]},\"product\":{\"reviews\":[]},\"recipe\":{\"ingredients\":[],\"instructions\":[],\"keywords\":[]},\"software\":{\"reviews\":[],\"operatingSystems\":[]},\"webPage\":{\"webPageType\":\"WebPage\"}}","pillar_content":false,"robots_default":true,"robots_noindex":false,"robots_noarchive":false,"robots_nosnippet":false,"robots_nofollow":false,"robots_noimageindex":false,"robots_noodp":false,"robots_notranslate":false,"robots_max_snippet":"-1","robots_max_videopreview":"-1","robots_max_imagepreview":"large","priority":null,"frequency":"default","local_seo":{"locations":{"business":{"name":"","businessType":"","image":"","areaServed":"","urls":{"website":"","aboutPage":"","contactPage":""},"address":{"streetLine1":"","streetLine2":"","zipCode":"","city":"","state":"","country":"","addressFormat":"#streetLineOne\n#streetLineTwo\n#city, #state #zipCode"},"contact":{"phone":"","email":"","fax":""},"ids":{"vat":"","tax":"","chamberOfCommerce":""},"payment":{"priceRange":"","currenciesAccepted":"","methods":""}}},"openingHours":{"useDefaults":true,"show":true,"alwaysOpen":false,"use24hFormat":false,"timezone":"","labels":{"closed":"","alwaysOpen":""},"days":{"monday":{"open24h":false,"closed":false,"openTime":"09:00","closeTime":"17:00"},"tuesday":{"open24h":false,"closed":false,"openTime":"09:00","closeTime":"17:00"},"wednesday":{"open24h":false,"closed":false,"openTime":"09:00","closeTime":"17:00"},"thursday":{"open24h":false,"closed":false,"openTime":"09:00","closeTime":"17:00"},"friday":{"open24h":false,"closed":false,"openTime":"09:00","closeTime":"17:00"},"saturday":{"open24h":false,"closed":false,"openTime":"09:00","closeTime":"17:00"},"sunday":{"open24h":false,"closed":false,"openTime":"09:00","closeTime":"17:00"}}}},"seo_analyzer_scan_date":"2026-07-17 18:59:28","breadcrumb_settings":null,"limit_modified_date":false,"open_ai":null,"ai":null,"created":"2021-05-09 13:48:39","updated":"2026-07-17 18:59:28","focus_keyword":null,"additional_keywords":null,"truseo_locale":null},"aioseo_breadcrumb":"<div class=\"aioseo-breadcrumbs\"><span class=\"aioseo-breadcrumb\">\n\t<a href=\"https:\/\/www.eldigitaldeasturias.com\/noticias\" title=\"Home\">Home<\/a>\n<\/span><span class=\"aioseo-breadcrumb-separator\">\u2013<\/span><span class=\"aioseo-breadcrumb\">\n\t<a href=\"https:\/\/www.eldigitaldeasturias.com\/noticias\/category\/sucesos\/\" title=\"Sucesos\">Sucesos<\/a>\n<\/span><span class=\"aioseo-breadcrumb-separator\">\u2013<\/span><span class=\"aioseo-breadcrumb\">\n\t<a href=\"https:\/\/www.eldigitaldeasturias.com\/noticias\/desarticulada-una-organizacion-criminal-que-defraudo-siete-millones-de-euros-de-iva\/\" title=\"Desarticulada una organizaci\u00f3n criminal que defraud\u00f3 siete millones de euros de IVA\">Desarticulada una organizaci\u00f3n criminal que defraud\u00f3 siete millones de euros de IVA<\/a>\n<\/span><\/div>","aioseo_breadcrumb_json":[{"label":"Home","link":"https:\/\/www.eldigitaldeasturias.com\/noticias"},{"label":"Sucesos","link":"https:\/\/www.eldigitaldeasturias.com\/noticias\/category\/sucesos\/"},{"label":"Desarticulada una organizaci\u00f3n criminal que defraud\u00f3 siete millones de euros de IVA","link":"https:\/\/www.eldigitaldeasturias.com\/noticias\/desarticulada-una-organizacion-criminal-que-defraudo-siete-millones-de-euros-de-iva\/"}],"_links":{"self":[{"href":"https:\/\/www.eldigitaldeasturias.com\/noticias\/wp-json\/wp\/v2\/posts\/1091272","targetHints":{"allow":["GET"]}}],"collection":[{"href":"https:\/\/www.eldigitaldeasturias.com\/noticias\/wp-json\/wp\/v2\/posts"}],"about":[{"href":"https:\/\/www.eldigitaldeasturias.com\/noticias\/wp-json\/wp\/v2\/types\/post"}],"author":[{"embeddable":true,"href":"https:\/\/www.eldigitaldeasturias.com\/noticias\/wp-json\/wp\/v2\/users\/1"}],"replies":[{"embeddable":true,"href":"https:\/\/www.eldigitaldeasturias.com\/noticias\/wp-json\/wp\/v2\/comments?post=1091272"}],"version-history":[{"count":0,"href":"https:\/\/www.eldigitaldeasturias.com\/noticias\/wp-json\/wp\/v2\/posts\/1091272\/revisions"}],"wp:featuredmedia":[{"embeddable":true,"href":"https:\/\/www.eldigitaldeasturias.com\/noticias\/wp-json\/wp\/v2\/media\/1132184"}],"wp:attachment":[{"href":"https:\/\/www.eldigitaldeasturias.com\/noticias\/wp-json\/wp\/v2\/media?parent=1091272"}],"wp:term":[{"taxonomy":"category","embeddable":true,"href":"https:\/\/www.eldigitaldeasturias.com\/noticias\/wp-json\/wp\/v2\/categories?post=1091272"},{"taxonomy":"post_tag","embeddable":true,"href":"https:\/\/www.eldigitaldeasturias.com\/noticias\/wp-json\/wp\/v2\/tags?post=1091272"}],"curies":[{"name":"wp","href":"https:\/\/api.w.org\/{rel}","templated":true}]}}