{"id":1091266,"date":"2021-05-09T14:28:50","date_gmt":"2021-05-09T13:28:50","guid":{"rendered":"https:\/\/www.eldigitaldeasturias.com\/noticias\/?p=1091266"},"modified":"2021-05-09T14:28:50","modified_gmt":"2021-05-09T13:28:50","slug":"mallada-exige-a-barbon-que-escuche-y-hable-con-el-sector-hotelero-asturiano","status":"publish","type":"post","link":"https:\/\/www.eldigitaldeasturias.com\/noticias\/mallada-exige-a-barbon-que-escuche-y-hable-con-el-sector-hotelero-asturiano\/","title":{"rendered":"Mallada exige a Barb\u00f3n que \u201cescuche\u201d y \u201chable\u201d con el sector hotelero asturiano"},"content":{"rendered":"<p><img loading=\"lazy\" decoding=\"async\" class=\"alignleft size-medium wp-image-1091267\" src=\"https:\/\/www.eldigitaldeasturias.com\/noticias\/wp-content\/uploads\/2021\/05\/PP-Asturias-360x245.jpg\" alt=\"PP Asturias \" width=\"360\" height=\"245\" \/>La presidenta del <span style=\"color: #ff6600;\"><a style=\"color: #ff6600;\" href=\"https:\/\/twitter.com\/PP_Asturias\" target=\"_blank\" rel=\"noopener\"><strong>Partido Popular de Asturias<\/strong><\/a><\/span>, Teresa Mallada, ha reclamado durante la semana \u201cestabilidad\u201d para el sector hotelero en Asturias y exige para eso al presidente del Principado, Adri\u00e1n Barb\u00f3n, que \u201cabandone la improvisaci\u00f3n\u201d y \u201cregule con claridad\u201d la celebraci\u00f3n de eventos (como bodas, comuniones o bautizos) en los establecimientos hoteleros mediante el establecimiento de un \u201cprotocolo concreto, realista, claro y estable\u201d, como pide el sector.<\/p>\n<p>Declaraciones que la presidenta del PP de Asturias realiza tras haber estado reunida el pasado viernes en la sede del PP de Avil\u00e9s, con representantes del sector hotelero de la zona, junto al portavoz adjunto del Grupo Parlamentario Popular Pablo Gonz\u00e1lez, el presidente del PP de Avil\u00e9s, Pedro de Rueda, y a la portavoz municipal Esther Llamazares.<\/p>\n<p>Mallada exige a Barb\u00f3n que \u201cescuche\u201d y \u201chable\u201d con el sector hotelero, \u201cotro de los grandes damnificados por la pandemia\u201d, asegura la l\u00edder popular. \u201cLos hoteles de Asturias necesitan que se les compensen las p\u00e9rdidas sufridas durante mucho tiempo, as\u00ed como una promoci\u00f3n directa por parte del Principado\u201d, reclama.<br \/>\nDesde el sector aseguran que actualmente no hay directrices claras en cuanto a la celebraci\u00f3n de eventos en aspectos como el cocktail o la m\u00fasica en directo. Se quejan, en definitiva, del escenario de incertidumbre que sufren desde el inicio de la pandemia y reclaman medidas estables, que permanezcan en el tiempo; as\u00ed como las m\u00ednimas restricciones de aforo, en base al espacio disponible y siempre y cuando se pueda garantizar la seguridad, aseguran.<\/p>\n<p>Denuncia adem\u00e1s el sector la falta de ayudas y pone el ejemplo de un hotel, en Avil\u00e9s, con unos veinte trabajadores, que en 2020 ha tenido que pagar 24.000 euros en impuestos pero ha recibido menos de 1.000 euros en ayudas (400 euros del Principado, 437 del Ayuntamiento de Avil\u00e9s y una bonificaci\u00f3n municipal de 120 euros por terraza). Por lo que desde los hoteles piden que se les compense de verdad econ\u00f3micamente y reclaman, por ejemplo, la ampliaci\u00f3n del tiempo de carencia de los cr\u00e9ditos ICO.<\/p>\n<p>El sector demanda asimismo implicaci\u00f3n al Principado mediante la puesta en marcha de campa\u00f1as tur\u00edsticas, que se pueden traducir por ejemplo en bonos para para gastar en Asturias en sectores de actividad hotelera, hostelera y de ocio. \u201cLa \u00fanica campa\u00f1a hecha por el Principado durante esta pandemia fue en noviembre, de cara a la Navidad. Una campa\u00f1a que lleg\u00f3 tarde y fue absolutamente insuficiente\u201d, censuran.<\/p>\n<h2>Ocio nocturno<\/h2>\n<p>En cuanto al ocio nocturno, cuya actividad permanecer\u00e1 suspendida pese a las nuevas medidas establecidas por el Gobierno regional tras decaer el estado de alarma y que tendr\u00e1n una vigencia de 14 d\u00edas, Teresa Mallada exige al Gobierno del Principado que vaya preparando la desescalada del ocio nocturno y elabore en este tiempo el protocolo oportuno para proceder a la apertura del ocio nocturno una vez que finalice esta pr\u00f3rroga de 14 d\u00edas (en torno al 22 de mayo).<\/p>\n<p>\u00abLos hosteleros han puesto encima de la mesa un plan de apertura condicionada, controlada y segura. Esc\u00fachenlos y dejen de ahogar a un sector muy importante para la econom\u00eda\u201d, reclama la presidenta del PP asturiano, que recuerda c\u00f3mo \u201cGalicia por ejemplo ya est\u00e1 preparando la apertura del sector del ocio nocturno\u201d.<\/p>\n<p>&nbsp;<\/p>\n<p>&nbsp;<\/p>\n","protected":false},"excerpt":{"rendered":"<p>La presidenta del Partido Popular de Asturias, Teresa Mallada, ha reclamado durante la semana \u201cestabilidad\u201d para el sector hotelero en Asturias y exige para eso al presidente del Principado, Adri\u00e1n Barb\u00f3n, que \u201cabandone la improvisaci\u00f3n\u201d y \u201cregule con claridad\u201d la celebraci\u00f3n de eventos (como bodas, comuniones o bautizos) en los establecimientos hoteleros mediante el establecimiento [&hellip;]<\/p>\n","protected":false},"author":1,"featured_media":1132184,"comment_status":"closed","ping_status":"closed","sticky":false,"template":"","format":"standard","meta":{"footnotes":""},"categories":[12],"tags":[],"class_list":["post-1091266","post","type-post","status-publish","format-standard","has-post-thumbnail","hentry","category-actualidad-asturias"],"aioseo_notices":[],"aioseo_head":"\n\t\t<!-- All in One SEO Pro 5.0.1 - aioseo.com -->\n\t<meta name=\"description\" content=\"La presidenta del Partido Popular de Asturias, Teresa Mallada, ha reclamado durante la semana \u201cestabilidad\u201d para el sector hotelero en Asturias ..\" \/>\n\t<meta name=\"robots\" content=\"max-image-preview:large\" \/>\n\t<meta name=\"author\" content=\"El Digital de Asturias\"\/>\n\t<meta name=\"google-site-verification\" content=\"UA-38556648-1\" \/>\n\t<meta name=\"msvalidate.01\" content=\"7dfe9f3f1b24437ab69f4f2559babe99\" \/>\n\t<meta name=\"keywords\" content=\"actualidad asturias\" \/>\n\t<link rel=\"canonical\" href=\"https:\/\/www.eldigitaldeasturias.com\/noticias\/mallada-exige-a-barbon-que-escuche-y-hable-con-el-sector-hotelero-asturiano\/\" \/>\n\t<meta name=\"generator\" content=\"All in One SEO Pro (AIOSEO) 5.0.1\" \/>\n\t\t<meta property=\"og:locale\" content=\"es_ES\" \/>\n\t\t<meta property=\"og:site_name\" content=\"El Digital de Asturias\" \/>\n\t\t<meta property=\"og:type\" content=\"article\" \/>\n\t\t<meta property=\"og:title\" content=\"Mallada exige a Barb\u00f3n que \u201cescuche\u201d y \u201chable\u201d con el sector hotelero asturiano - El Digital de Asturias\" \/>\n\t\t<meta property=\"og:description\" content=\"La presidenta del Partido Popular de Asturias, Teresa Mallada, ha reclamado durante la semana \u201cestabilidad\u201d para el sector hotelero en Asturias ..\" \/>\n\t\t<meta property=\"og:url\" content=\"https:\/\/www.eldigitaldeasturias.com\/noticias\/mallada-exige-a-barbon-que-escuche-y-hable-con-el-sector-hotelero-asturiano\/\" \/>\n\t\t<meta property=\"og:image\" content=\"https:\/\/www.eldigitaldeasturias.com\/noticias\/wp-content\/uploads\/2026\/06\/Contenidos.jpg\" \/>\n\t\t<meta property=\"og:image:secure_url\" content=\"https:\/\/www.eldigitaldeasturias.com\/noticias\/wp-content\/uploads\/2026\/06\/Contenidos.jpg\" \/>\n\t\t<meta property=\"og:image:width\" content=\"1265\" \/>\n\t\t<meta property=\"og:image:height\" content=\"697\" \/>\n\t\t<meta property=\"article:tag\" content=\"actualidad asturias\" \/>\n\t\t<meta property=\"article:published_time\" content=\"2021-05-09T13:28:50+00:00\" \/>\n\t\t<meta property=\"article:modified_time\" content=\"2021-05-09T13:28:50+00:00\" \/>\n\t\t<meta property=\"article:publisher\" content=\"https:\/\/facebook.com\/eldigitaldeasturias\" \/>\n\t\t<meta name=\"twitter:card\" content=\"summary_large_image\" \/>\n\t\t<meta name=\"twitter:title\" content=\"Mallada exige a Barb\u00f3n que \u201cescuche\u201d y \u201chable\u201d con el sector hotelero asturiano - El Digital de Asturias\" \/>\n\t\t<meta name=\"twitter:description\" content=\"La presidenta del Partido Popular de Asturias, Teresa Mallada, ha reclamado durante la semana \u201cestabilidad\u201d para el sector hotelero en Asturias ..\" \/>\n\t\t<meta name=\"twitter:image\" content=\"https:\/\/www.eldigitaldeasturias.com\/noticias\/wp-content\/uploads\/2026\/06\/Contenidos.jpg\" \/>\n\t\t<meta name=\"twitter:label1\" content=\"Escrito por\" \/>\n\t\t<meta name=\"twitter:data1\" content=\"El Digital de Asturias\" \/>\n\t\t<meta name=\"twitter:label2\" content=\"Tiempo de lectura estimado\" \/>\n\t\t<meta name=\"twitter:data2\" content=\"3 minutos\" \/>\n\t\t<script type=\"application\/ld+json\" class=\"aioseo-schema\">\n\t\t\t{\"@context\":\"https:\\\/\\\/schema.org\",\"@graph\":[{\"@type\":\"BlogPosting\",\"@id\":\"https:\\\/\\\/www.eldigitaldeasturias.com\\\/noticias\\\/mallada-exige-a-barbon-que-escuche-y-hable-con-el-sector-hotelero-asturiano\\\/#blogposting\",\"name\":\"Mallada exige a Barb\\u00f3n que \\u201cescuche\\u201d y \\u201chable\\u201d con el sector hotelero asturiano - El Digital de Asturias\",\"headline\":\"Mallada exige a Barb\\u00f3n que \\u201cescuche\\u201d y \\u201chable\\u201d con el sector hotelero asturiano\",\"author\":{\"@id\":\"https:\\\/\\\/www.eldigitaldeasturias.com\\\/noticias\\\/author\\\/admin\\\/#author\"},\"publisher\":{\"@id\":\"https:\\\/\\\/www.eldigitaldeasturias.com\\\/noticias\\\/#organization\"},\"image\":{\"@type\":\"ImageObject\",\"url\":\"https:\\\/\\\/www.eldigitaldeasturias.com\\\/noticias\\\/wp-content\\\/uploads\\\/2026\\\/06\\\/Contenidos.jpg\",\"width\":1265,\"height\":697,\"caption\":\"Contenidos\"},\"datePublished\":\"2021-05-09T14:28:50+02:00\",\"dateModified\":\"2021-05-09T14:28:50+02:00\",\"inLanguage\":\"es-ES\",\"mainEntityOfPage\":{\"@id\":\"https:\\\/\\\/www.eldigitaldeasturias.com\\\/noticias\\\/mallada-exige-a-barbon-que-escuche-y-hable-con-el-sector-hotelero-asturiano\\\/#webpage\"},\"isPartOf\":{\"@id\":\"https:\\\/\\\/www.eldigitaldeasturias.com\\\/noticias\\\/mallada-exige-a-barbon-que-escuche-y-hable-con-el-sector-hotelero-asturiano\\\/#webpage\"},\"articleSection\":\"Actualidad Asturias\"},{\"@type\":\"BreadcrumbList\",\"@id\":\"https:\\\/\\\/www.eldigitaldeasturias.com\\\/noticias\\\/mallada-exige-a-barbon-que-escuche-y-hable-con-el-sector-hotelero-asturiano\\\/#breadcrumblist\",\"itemListElement\":[{\"@type\":\"ListItem\",\"@id\":\"https:\\\/\\\/www.eldigitaldeasturias.com\\\/noticias#listItem\",\"position\":1,\"name\":\"Home\",\"item\":\"https:\\\/\\\/www.eldigitaldeasturias.com\\\/noticias\",\"nextItem\":{\"@type\":\"ListItem\",\"@id\":\"https:\\\/\\\/www.eldigitaldeasturias.com\\\/noticias\\\/category\\\/actualidad-asturias\\\/#listItem\",\"name\":\"Actualidad Asturias\"}},{\"@type\":\"ListItem\",\"@id\":\"https:\\\/\\\/www.eldigitaldeasturias.com\\\/noticias\\\/category\\\/actualidad-asturias\\\/#listItem\",\"position\":2,\"name\":\"Actualidad Asturias\",\"item\":\"https:\\\/\\\/www.eldigitaldeasturias.com\\\/noticias\\\/category\\\/actualidad-asturias\\\/\",\"nextItem\":{\"@type\":\"ListItem\",\"@id\":\"https:\\\/\\\/www.eldigitaldeasturias.com\\\/noticias\\\/mallada-exige-a-barbon-que-escuche-y-hable-con-el-sector-hotelero-asturiano\\\/#listItem\",\"name\":\"Mallada exige a Barb\\u00f3n que \\u201cescuche\\u201d y \\u201chable\\u201d con el sector hotelero asturiano\"},\"previousItem\":{\"@type\":\"ListItem\",\"@id\":\"https:\\\/\\\/www.eldigitaldeasturias.com\\\/noticias#listItem\",\"name\":\"Home\"}},{\"@type\":\"ListItem\",\"@id\":\"https:\\\/\\\/www.eldigitaldeasturias.com\\\/noticias\\\/mallada-exige-a-barbon-que-escuche-y-hable-con-el-sector-hotelero-asturiano\\\/#listItem\",\"position\":3,\"name\":\"Mallada exige a Barb\\u00f3n que \\u201cescuche\\u201d y \\u201chable\\u201d con el sector hotelero asturiano\",\"previousItem\":{\"@type\":\"ListItem\",\"@id\":\"https:\\\/\\\/www.eldigitaldeasturias.com\\\/noticias\\\/category\\\/actualidad-asturias\\\/#listItem\",\"name\":\"Actualidad Asturias\"}}]},{\"@type\":\"Organization\",\"@id\":\"https:\\\/\\\/www.eldigitaldeasturias.com\\\/noticias\\\/#organization\",\"name\":\"El Digital de Asturias\",\"description\":\"Hemeroteca\",\"url\":\"https:\\\/\\\/www.eldigitaldeasturias.com\\\/noticias\\\/\",\"email\":\"info@eldigitaldeasturias.com\",\"telephone\":\"+34652131393\",\"logo\":{\"@type\":\"ImageObject\",\"url\":\"https:\\\/\\\/www.eldigitaldeasturias.com\\\/noticias\\\/wp-content\\\/uploads\\\/2020\\\/12\\\/EDA.jpg\",\"@id\":\"https:\\\/\\\/www.eldigitaldeasturias.com\\\/noticias\\\/mallada-exige-a-barbon-que-escuche-y-hable-con-el-sector-hotelero-asturiano\\\/#organizationLogo\"},\"image\":{\"@id\":\"https:\\\/\\\/www.eldigitaldeasturias.com\\\/noticias\\\/mallada-exige-a-barbon-que-escuche-y-hable-con-el-sector-hotelero-asturiano\\\/#organizationLogo\"},\"sameAs\":[\"https:\\\/\\\/facebook.com\\\/eldigitaldeasturias\",\"https:\\\/\\\/www.youtube.com\\\/channel\\\/UCZP-2wLEB9Rv6erhFmqVnvg\"],\"address\":{\"@id\":\"https:\\\/\\\/www.eldigitaldeasturias.com\\\/noticias\\\/#postaladdress\",\"@type\":\"PostalAddress\",\"streetAddress\":\"san antonio 4\",\"postalCode\":\"33430\",\"addressLocality\":\"Cand\\u00e1s\",\"addressRegion\":\"Asturias\",\"addressCountry\":\"ES\"}},{\"@type\":\"Person\",\"@id\":\"https:\\\/\\\/www.eldigitaldeasturias.com\\\/noticias\\\/author\\\/admin\\\/#author\",\"url\":\"https:\\\/\\\/www.eldigitaldeasturias.com\\\/noticias\\\/author\\\/admin\\\/\",\"name\":\"El Digital de Asturias\",\"image\":{\"@type\":\"ImageObject\",\"@id\":\"https:\\\/\\\/www.eldigitaldeasturias.com\\\/noticias\\\/mallada-exige-a-barbon-que-escuche-y-hable-con-el-sector-hotelero-asturiano\\\/#authorImage\",\"url\":\"https:\\\/\\\/secure.gravatar.com\\\/avatar\\\/df2aeffc32bcd13f8d26072ef8a91b623d677766deac7f97ca815868cd41bf5e?s=96&d=mm&r=g\",\"width\":96,\"height\":96,\"caption\":\"El Digital de Asturias\"}},{\"@type\":\"WebPage\",\"@id\":\"https:\\\/\\\/www.eldigitaldeasturias.com\\\/noticias\\\/mallada-exige-a-barbon-que-escuche-y-hable-con-el-sector-hotelero-asturiano\\\/#webpage\",\"url\":\"https:\\\/\\\/www.eldigitaldeasturias.com\\\/noticias\\\/mallada-exige-a-barbon-que-escuche-y-hable-con-el-sector-hotelero-asturiano\\\/\",\"name\":\"Mallada exige a Barb\\u00f3n que \\u201cescuche\\u201d y \\u201chable\\u201d con el sector hotelero asturiano - El Digital de Asturias\",\"description\":\"La presidenta del Partido Popular de Asturias, Teresa Mallada, ha reclamado durante la semana \\u201cestabilidad\\u201d para el sector hotelero en Asturias ..\",\"inLanguage\":\"es-ES\",\"isPartOf\":{\"@id\":\"https:\\\/\\\/www.eldigitaldeasturias.com\\\/noticias\\\/#website\"},\"breadcrumb\":{\"@id\":\"https:\\\/\\\/www.eldigitaldeasturias.com\\\/noticias\\\/mallada-exige-a-barbon-que-escuche-y-hable-con-el-sector-hotelero-asturiano\\\/#breadcrumblist\"},\"author\":{\"@id\":\"https:\\\/\\\/www.eldigitaldeasturias.com\\\/noticias\\\/author\\\/admin\\\/#author\"},\"creator\":{\"@id\":\"https:\\\/\\\/www.eldigitaldeasturias.com\\\/noticias\\\/author\\\/admin\\\/#author\"},\"image\":{\"@type\":\"ImageObject\",\"url\":\"https:\\\/\\\/www.eldigitaldeasturias.com\\\/noticias\\\/wp-content\\\/uploads\\\/2026\\\/06\\\/Contenidos.jpg\",\"@id\":\"https:\\\/\\\/www.eldigitaldeasturias.com\\\/noticias\\\/mallada-exige-a-barbon-que-escuche-y-hable-con-el-sector-hotelero-asturiano\\\/#mainImage\",\"width\":1265,\"height\":697,\"caption\":\"Contenidos\"},\"primaryImageOfPage\":{\"@id\":\"https:\\\/\\\/www.eldigitaldeasturias.com\\\/noticias\\\/mallada-exige-a-barbon-que-escuche-y-hable-con-el-sector-hotelero-asturiano\\\/#mainImage\"},\"datePublished\":\"2021-05-09T14:28:50+02:00\",\"dateModified\":\"2021-05-09T14:28:50+02:00\"},{\"@type\":\"WebSite\",\"@id\":\"https:\\\/\\\/www.eldigitaldeasturias.com\\\/noticias\\\/#website\",\"url\":\"https:\\\/\\\/www.eldigitaldeasturias.com\\\/noticias\\\/\",\"name\":\"El Digital de Asturias - Diario de actualidad y noticias\",\"alternateName\":\"El Digital de Asturias - Diario de actualidad y noticias\",\"description\":\"Hemeroteca\",\"inLanguage\":\"es-ES\",\"publisher\":{\"@id\":\"https:\\\/\\\/www.eldigitaldeasturias.com\\\/noticias\\\/#organization\"}}]}\n\t\t<\/script>\n\t\t<!-- All in One SEO Pro -->\r\n\t\t<title>Mallada exige a Barb\u00f3n que \u201cescuche\u201d y \u201chable\u201d con el sector hotelero asturiano - El Digital de Asturias<\/title>\n\n","aioseo_head_json":{"title":"Mallada exige a Barb\u00f3n que \u201cescuche\u201d y \u201chable\u201d con el sector hotelero asturiano - El Digital de Asturias","description":"La presidenta del Partido Popular de Asturias, Teresa Mallada, ha reclamado durante la semana \u201cestabilidad\u201d para el sector hotelero en Asturias ..","canonical_url":"https:\/\/www.eldigitaldeasturias.com\/noticias\/mallada-exige-a-barbon-que-escuche-y-hable-con-el-sector-hotelero-asturiano\/","robots":"max-image-preview:large","keywords":"actualidad asturias","webmasterTools":{"google-site-verification":"UA-38556648-1","msvalidate.01":"7dfe9f3f1b24437ab69f4f2559babe99","miscellaneous":""},"schema":{"@context":"https:\/\/schema.org","@graph":[{"@type":"BlogPosting","@id":"https:\/\/www.eldigitaldeasturias.com\/noticias\/mallada-exige-a-barbon-que-escuche-y-hable-con-el-sector-hotelero-asturiano\/#blogposting","name":"Mallada exige a Barb\u00f3n que \u201cescuche\u201d y \u201chable\u201d con el sector hotelero asturiano - El Digital de Asturias","headline":"Mallada exige a Barb\u00f3n que \u201cescuche\u201d y \u201chable\u201d con el sector hotelero asturiano","author":{"@id":"https:\/\/www.eldigitaldeasturias.com\/noticias\/author\/admin\/#author"},"publisher":{"@id":"https:\/\/www.eldigitaldeasturias.com\/noticias\/#organization"},"image":{"@type":"ImageObject","url":"https:\/\/www.eldigitaldeasturias.com\/noticias\/wp-content\/uploads\/2026\/06\/Contenidos.jpg","width":1265,"height":697,"caption":"Contenidos"},"datePublished":"2021-05-09T14:28:50+02:00","dateModified":"2021-05-09T14:28:50+02:00","inLanguage":"es-ES","mainEntityOfPage":{"@id":"https:\/\/www.eldigitaldeasturias.com\/noticias\/mallada-exige-a-barbon-que-escuche-y-hable-con-el-sector-hotelero-asturiano\/#webpage"},"isPartOf":{"@id":"https:\/\/www.eldigitaldeasturias.com\/noticias\/mallada-exige-a-barbon-que-escuche-y-hable-con-el-sector-hotelero-asturiano\/#webpage"},"articleSection":"Actualidad Asturias"},{"@type":"BreadcrumbList","@id":"https:\/\/www.eldigitaldeasturias.com\/noticias\/mallada-exige-a-barbon-que-escuche-y-hable-con-el-sector-hotelero-asturiano\/#breadcrumblist","itemListElement":[{"@type":"ListItem","@id":"https:\/\/www.eldigitaldeasturias.com\/noticias#listItem","position":1,"name":"Home","item":"https:\/\/www.eldigitaldeasturias.com\/noticias","nextItem":{"@type":"ListItem","@id":"https:\/\/www.eldigitaldeasturias.com\/noticias\/category\/actualidad-asturias\/#listItem","name":"Actualidad Asturias"}},{"@type":"ListItem","@id":"https:\/\/www.eldigitaldeasturias.com\/noticias\/category\/actualidad-asturias\/#listItem","position":2,"name":"Actualidad Asturias","item":"https:\/\/www.eldigitaldeasturias.com\/noticias\/category\/actualidad-asturias\/","nextItem":{"@type":"ListItem","@id":"https:\/\/www.eldigitaldeasturias.com\/noticias\/mallada-exige-a-barbon-que-escuche-y-hable-con-el-sector-hotelero-asturiano\/#listItem","name":"Mallada exige a Barb\u00f3n que \u201cescuche\u201d y \u201chable\u201d con el sector hotelero asturiano"},"previousItem":{"@type":"ListItem","@id":"https:\/\/www.eldigitaldeasturias.com\/noticias#listItem","name":"Home"}},{"@type":"ListItem","@id":"https:\/\/www.eldigitaldeasturias.com\/noticias\/mallada-exige-a-barbon-que-escuche-y-hable-con-el-sector-hotelero-asturiano\/#listItem","position":3,"name":"Mallada exige a Barb\u00f3n que \u201cescuche\u201d y \u201chable\u201d con el sector hotelero asturiano","previousItem":{"@type":"ListItem","@id":"https:\/\/www.eldigitaldeasturias.com\/noticias\/category\/actualidad-asturias\/#listItem","name":"Actualidad Asturias"}}]},{"@type":"Organization","@id":"https:\/\/www.eldigitaldeasturias.com\/noticias\/#organization","name":"El Digital de Asturias","description":"Hemeroteca","url":"https:\/\/www.eldigitaldeasturias.com\/noticias\/","email":"info@eldigitaldeasturias.com","telephone":"+34652131393","logo":{"@type":"ImageObject","url":"https:\/\/www.eldigitaldeasturias.com\/noticias\/wp-content\/uploads\/2020\/12\/EDA.jpg","@id":"https:\/\/www.eldigitaldeasturias.com\/noticias\/mallada-exige-a-barbon-que-escuche-y-hable-con-el-sector-hotelero-asturiano\/#organizationLogo"},"image":{"@id":"https:\/\/www.eldigitaldeasturias.com\/noticias\/mallada-exige-a-barbon-que-escuche-y-hable-con-el-sector-hotelero-asturiano\/#organizationLogo"},"sameAs":["https:\/\/facebook.com\/eldigitaldeasturias","https:\/\/www.youtube.com\/channel\/UCZP-2wLEB9Rv6erhFmqVnvg"],"address":{"@id":"https:\/\/www.eldigitaldeasturias.com\/noticias\/#postaladdress","@type":"PostalAddress","streetAddress":"san antonio 4","postalCode":"33430","addressLocality":"Cand\u00e1s","addressRegion":"Asturias","addressCountry":"ES"}},{"@type":"Person","@id":"https:\/\/www.eldigitaldeasturias.com\/noticias\/author\/admin\/#author","url":"https:\/\/www.eldigitaldeasturias.com\/noticias\/author\/admin\/","name":"El Digital de Asturias","image":{"@type":"ImageObject","@id":"https:\/\/www.eldigitaldeasturias.com\/noticias\/mallada-exige-a-barbon-que-escuche-y-hable-con-el-sector-hotelero-asturiano\/#authorImage","url":"https:\/\/secure.gravatar.com\/avatar\/df2aeffc32bcd13f8d26072ef8a91b623d677766deac7f97ca815868cd41bf5e?s=96&d=mm&r=g","width":96,"height":96,"caption":"El Digital de Asturias"}},{"@type":"WebPage","@id":"https:\/\/www.eldigitaldeasturias.com\/noticias\/mallada-exige-a-barbon-que-escuche-y-hable-con-el-sector-hotelero-asturiano\/#webpage","url":"https:\/\/www.eldigitaldeasturias.com\/noticias\/mallada-exige-a-barbon-que-escuche-y-hable-con-el-sector-hotelero-asturiano\/","name":"Mallada exige a Barb\u00f3n que \u201cescuche\u201d y \u201chable\u201d con el sector hotelero asturiano - El Digital de Asturias","description":"La presidenta del Partido Popular de Asturias, Teresa Mallada, ha reclamado durante la semana \u201cestabilidad\u201d para el sector hotelero en Asturias ..","inLanguage":"es-ES","isPartOf":{"@id":"https:\/\/www.eldigitaldeasturias.com\/noticias\/#website"},"breadcrumb":{"@id":"https:\/\/www.eldigitaldeasturias.com\/noticias\/mallada-exige-a-barbon-que-escuche-y-hable-con-el-sector-hotelero-asturiano\/#breadcrumblist"},"author":{"@id":"https:\/\/www.eldigitaldeasturias.com\/noticias\/author\/admin\/#author"},"creator":{"@id":"https:\/\/www.eldigitaldeasturias.com\/noticias\/author\/admin\/#author"},"image":{"@type":"ImageObject","url":"https:\/\/www.eldigitaldeasturias.com\/noticias\/wp-content\/uploads\/2026\/06\/Contenidos.jpg","@id":"https:\/\/www.eldigitaldeasturias.com\/noticias\/mallada-exige-a-barbon-que-escuche-y-hable-con-el-sector-hotelero-asturiano\/#mainImage","width":1265,"height":697,"caption":"Contenidos"},"primaryImageOfPage":{"@id":"https:\/\/www.eldigitaldeasturias.com\/noticias\/mallada-exige-a-barbon-que-escuche-y-hable-con-el-sector-hotelero-asturiano\/#mainImage"},"datePublished":"2021-05-09T14:28:50+02:00","dateModified":"2021-05-09T14:28:50+02:00"},{"@type":"WebSite","@id":"https:\/\/www.eldigitaldeasturias.com\/noticias\/#website","url":"https:\/\/www.eldigitaldeasturias.com\/noticias\/","name":"El Digital de Asturias - Diario de actualidad y noticias","alternateName":"El Digital de Asturias - Diario de actualidad y noticias","description":"Hemeroteca","inLanguage":"es-ES","publisher":{"@id":"https:\/\/www.eldigitaldeasturias.com\/noticias\/#organization"}}]},"og:locale":"es_ES","og:site_name":"El Digital de Asturias","og:type":"article","og:title":"Mallada exige a Barb\u00f3n que \u201cescuche\u201d y \u201chable\u201d con el sector hotelero asturiano - El Digital de Asturias","og:description":"La presidenta del Partido Popular de Asturias, Teresa Mallada, ha reclamado durante la semana \u201cestabilidad\u201d para el sector hotelero en Asturias ..","og:url":"https:\/\/www.eldigitaldeasturias.com\/noticias\/mallada-exige-a-barbon-que-escuche-y-hable-con-el-sector-hotelero-asturiano\/","og:image":"https:\/\/www.eldigitaldeasturias.com\/noticias\/wp-content\/uploads\/2026\/06\/Contenidos.jpg","og:image:secure_url":"https:\/\/www.eldigitaldeasturias.com\/noticias\/wp-content\/uploads\/2026\/06\/Contenidos.jpg","og:image:width":1265,"og:image:height":697,"article:tag":["actualidad asturias"],"article:published_time":"2021-05-09T13:28:50+00:00","article:modified_time":"2021-05-09T13:28:50+00:00","article:publisher":"https:\/\/facebook.com\/eldigitaldeasturias","twitter:card":"summary_large_image","twitter:title":"Mallada exige a Barb\u00f3n que \u201cescuche\u201d y \u201chable\u201d con el sector hotelero asturiano - El Digital de Asturias","twitter:description":"La presidenta del Partido Popular de Asturias, Teresa Mallada, ha reclamado durante la semana \u201cestabilidad\u201d para el sector hotelero en Asturias ..","twitter:image":"https:\/\/www.eldigitaldeasturias.com\/noticias\/wp-content\/uploads\/2026\/06\/Contenidos.jpg","twitter:label1":"Escrito por","twitter:data1":"El Digital de Asturias","twitter:label2":"Tiempo de lectura estimado","twitter:data2":"3 minutos"},"aioseo_meta_data":{"post_id":"1091266","title":null,"description":"La presidenta del Partido Popular de Asturias, Teresa Mallada, ha reclamado durante la semana \u201cestabilidad\u201d para el sector hotelero en Asturias ..","keywords":[],"keyphrases":{"focus":[],"additional":[]},"primary_term":null,"canonical_url":null,"og_title":null,"og_description":null,"og_object_type":"default","og_image_type":"default","og_image_url":null,"og_image_width":null,"og_image_height":null,"og_image_custom_url":null,"og_image_custom_fields":null,"og_video":"","og_custom_url":null,"og_article_section":null,"og_article_tags":[],"twitter_use_og":false,"twitter_card":"default","twitter_image_type":"default","twitter_image_url":null,"twitter_image_custom_url":null,"twitter_image_custom_fields":null,"twitter_title":null,"twitter_description":null,"schema":{"blockGraphs":[],"customGraphs":[],"default":{"data":{"Article":[],"Course":[],"Dataset":[],"FAQPage":[],"Movie":[],"Person":[],"Product":[],"ProductReview":[],"Car":[],"Recipe":[],"Service":[],"SoftwareApplication":[],"WebPage":[]},"graphName":"","isEnabled":true},"graphs":[],"defaultGraph":"Article","defaultPostTypeGraph":""},"schema_type":"default","schema_type_options":"{\"article\":{\"articleType\":\"BlogPosting\"},\"course\":{\"name\":\"\",\"description\":\"\",\"provider\":\"\"},\"faq\":{\"pages\":[]},\"product\":{\"reviews\":[]},\"recipe\":{\"ingredients\":[],\"instructions\":[],\"keywords\":[]},\"software\":{\"reviews\":[],\"operatingSystems\":[]},\"webPage\":{\"webPageType\":\"WebPage\"}}","pillar_content":false,"robots_default":true,"robots_noindex":false,"robots_noarchive":false,"robots_nosnippet":false,"robots_nofollow":false,"robots_noimageindex":false,"robots_noodp":false,"robots_notranslate":false,"robots_max_snippet":"-1","robots_max_videopreview":"-1","robots_max_imagepreview":"large","priority":null,"frequency":"default","local_seo":{"locations":{"business":{"name":"","businessType":"","image":"","areaServed":"","urls":{"website":"","aboutPage":"","contactPage":""},"address":{"streetLine1":"","streetLine2":"","zipCode":"","city":"","state":"","country":"","addressFormat":"#streetLineOne\n#streetLineTwo\n#city, #state #zipCode"},"contact":{"phone":"","email":"","fax":""},"ids":{"vat":"","tax":"","chamberOfCommerce":""},"payment":{"priceRange":"","currenciesAccepted":"","methods":""}}},"openingHours":{"useDefaults":true,"show":true,"alwaysOpen":false,"use24hFormat":false,"timezone":"","labels":{"closed":"","alwaysOpen":""},"days":{"monday":{"open24h":false,"closed":false,"openTime":"09:00","closeTime":"17:00"},"tuesday":{"open24h":false,"closed":false,"openTime":"09:00","closeTime":"17:00"},"wednesday":{"open24h":false,"closed":false,"openTime":"09:00","closeTime":"17:00"},"thursday":{"open24h":false,"closed":false,"openTime":"09:00","closeTime":"17:00"},"friday":{"open24h":false,"closed":false,"openTime":"09:00","closeTime":"17:00"},"saturday":{"open24h":false,"closed":false,"openTime":"09:00","closeTime":"17:00"},"sunday":{"open24h":false,"closed":false,"openTime":"09:00","closeTime":"17:00"}}}},"seo_analyzer_scan_date":"2026-07-17 18:59:26","breadcrumb_settings":null,"limit_modified_date":false,"open_ai":null,"ai":null,"created":"2021-05-09 13:23:46","updated":"2026-07-17 18:59:26","focus_keyword":null,"additional_keywords":null,"truseo_locale":null},"aioseo_breadcrumb":"<div class=\"aioseo-breadcrumbs\"><span class=\"aioseo-breadcrumb\">\n\t<a href=\"https:\/\/www.eldigitaldeasturias.com\/noticias\" title=\"Home\">Home<\/a>\n<\/span><span class=\"aioseo-breadcrumb-separator\">\u2013<\/span><span class=\"aioseo-breadcrumb\">\n\t<a href=\"https:\/\/www.eldigitaldeasturias.com\/noticias\/category\/actualidad-asturias\/\" title=\"Actualidad Asturias\">Actualidad Asturias<\/a>\n<\/span><span class=\"aioseo-breadcrumb-separator\">\u2013<\/span><span class=\"aioseo-breadcrumb\">\n\t<a href=\"https:\/\/www.eldigitaldeasturias.com\/noticias\/mallada-exige-a-barbon-que-escuche-y-hable-con-el-sector-hotelero-asturiano\/\" title=\"Mallada exige a Barb\u00f3n que \u201cescuche\u201d y \u201chable\u201d con el sector hotelero asturiano\">Mallada exige a Barb\u00f3n que \u201cescuche\u201d y \u201chable\u201d con el sector hotelero asturiano<\/a>\n<\/span><\/div>","aioseo_breadcrumb_json":[{"label":"Home","link":"https:\/\/www.eldigitaldeasturias.com\/noticias"},{"label":"Actualidad Asturias","link":"https:\/\/www.eldigitaldeasturias.com\/noticias\/category\/actualidad-asturias\/"},{"label":"Mallada exige a Barb\u00f3n que \u201cescuche\u201d y \u201chable\u201d con el sector hotelero asturiano","link":"https:\/\/www.eldigitaldeasturias.com\/noticias\/mallada-exige-a-barbon-que-escuche-y-hable-con-el-sector-hotelero-asturiano\/"}],"_links":{"self":[{"href":"https:\/\/www.eldigitaldeasturias.com\/noticias\/wp-json\/wp\/v2\/posts\/1091266","targetHints":{"allow":["GET"]}}],"collection":[{"href":"https:\/\/www.eldigitaldeasturias.com\/noticias\/wp-json\/wp\/v2\/posts"}],"about":[{"href":"https:\/\/www.eldigitaldeasturias.com\/noticias\/wp-json\/wp\/v2\/types\/post"}],"author":[{"embeddable":true,"href":"https:\/\/www.eldigitaldeasturias.com\/noticias\/wp-json\/wp\/v2\/users\/1"}],"replies":[{"embeddable":true,"href":"https:\/\/www.eldigitaldeasturias.com\/noticias\/wp-json\/wp\/v2\/comments?post=1091266"}],"version-history":[{"count":0,"href":"https:\/\/www.eldigitaldeasturias.com\/noticias\/wp-json\/wp\/v2\/posts\/1091266\/revisions"}],"wp:featuredmedia":[{"embeddable":true,"href":"https:\/\/www.eldigitaldeasturias.com\/noticias\/wp-json\/wp\/v2\/media\/1132184"}],"wp:attachment":[{"href":"https:\/\/www.eldigitaldeasturias.com\/noticias\/wp-json\/wp\/v2\/media?parent=1091266"}],"wp:term":[{"taxonomy":"category","embeddable":true,"href":"https:\/\/www.eldigitaldeasturias.com\/noticias\/wp-json\/wp\/v2\/categories?post=1091266"},{"taxonomy":"post_tag","embeddable":true,"href":"https:\/\/www.eldigitaldeasturias.com\/noticias\/wp-json\/wp\/v2\/tags?post=1091266"}],"curies":[{"name":"wp","href":"https:\/\/api.w.org\/{rel}","templated":true}]}}