{"id":1091263,"date":"2021-05-09T14:18:55","date_gmt":"2021-05-09T13:18:55","guid":{"rendered":"https:\/\/www.eldigitaldeasturias.com\/noticias\/?p=1091263"},"modified":"2021-05-09T14:18:55","modified_gmt":"2021-05-09T13:18:55","slug":"vox-asturias-pide-acelerar-la-vacunacion","status":"publish","type":"post","link":"https:\/\/www.eldigitaldeasturias.com\/noticias\/vox-asturias-pide-acelerar-la-vacunacion\/","title":{"rendered":"VOX Asturias pide acelerar la vacunaci\u00f3n"},"content":{"rendered":"<p><img loading=\"lazy\" decoding=\"async\" class=\"alignleft size-medium wp-image-1091264\" src=\"https:\/\/www.eldigitaldeasturias.com\/noticias\/wp-content\/uploads\/2021\/05\/VOX-Asturias-1-360x265.jpg\" alt=\"VOX Asturias\" width=\"360\" height=\"265\" \/>La diputada de <span style=\"color: #ff6600;\"><a style=\"color: #ff6600;\" href=\"https:\/\/twitter.com\/vox_asturias\" target=\"_blank\" rel=\"noopener\">VOX Asturias<\/a><\/span> en la Junta General y portavoz en materia de Sanidad, Sara \u00c1lvarez Rouco, tras mantener una reuni\u00f3n con miembros del Sindicato M\u00e9dico del Principado de Asturias (SIMPA), acompa\u00f1ada del diputado nacional, <strong>Jos\u00e9 Mar\u00eda Figaredo<\/strong>, y de la portavoz de VOX en el Ayuntamiento de Oviedo, Cristina Coto, ha manifestado que \u201cpara acelerar la vacunaci\u00f3n exigimos al Principado que se valga de todos los recursos, incluidas las Mutuas, y que se proceda a administrar la segunda dosis cuanto antes\u201d.<\/p>\n<p>\u00c1lvarez Rouco indic\u00f3 que \u201chacemos nuestras las recomendaciones de los profesionales, los verdaderos conocedores del problema, que proponen igualmente una mejora del sistema de atenci\u00f3n telef\u00f3nica que ha colapsado a los m\u00e9dicos. Es m\u00e1s que evidente la necesidad de un doble filtro antes de que la llamada llegue al m\u00e9dico: Uno, de administrativos formados al efecto, y otro, por parte del personal de enfermer\u00eda. Si todo llega al m\u00e9dico resulta muy dif\u00edcil ofrecer la excelencia en la atenci\u00f3n que el colectivo desea\u201d.<\/p>\n<p>En este punto la diputada de VOX subray\u00f3 su preocupaci\u00f3n por las listas de espera \u201cque si siempre anduvieron mal como consecuencia de una equivocada gesti\u00f3n pol\u00edtica, ahora suman los efectos derivados de la pandemia. Es vital la primera consulta, pero tambi\u00e9n lo es la prueba diagn\u00f3stica. No es ning\u00fan secreto que Asturias necesita m\u00e9dicos porque ofrece peores condiciones econ\u00f3micas al colectivo que las que ofrecen otras regiones. De este modo estamos ante la \u2018tormenta perfecta\u2019 en una poblaci\u00f3n envejecida\u201d. Al hilo de este asunto, Sara A. Rouco anunci\u00f3 que presentar\u00e1 en la Junta General una interpelaci\u00f3n urgente al Gobierno de Asturias con respecto a este particular.<\/p>\n<p>En cuanto a la pandemia, la diputada de VOX afirm\u00f3 que \u201cBarb\u00f3n, que se ha vendido como un crack de la pandemia, solo lo fue en la gesti\u00f3n del miedo y en la infrautilizaci\u00f3n de los recursos. Igualmente \u2013a\u00f1adi\u00f3 Rouco- no podemos olvidar el esperpento que se produjo cuando, con motivo de la visita de la ministra de Sanidad, llegaron a darse datos seg\u00fan los cuales ten\u00edamos m\u00e1s poblaci\u00f3n vacunada que vacunas hab\u00edan llegado\u201d.<\/p>\n<p>Finalmente, Sara A. Rouco se\u00f1al\u00f3 que le result\u00f3 \u201cmuy satisfactorio\u201d comprobar que \u201cel SIMPA coincide con VOX en que el peligro no estuvo ni est\u00e1 en la hosteler\u00eda u hoteler\u00eda sino en los espacios clandestinos que se generaron al cerrar aquellos sectores\u201d.<\/p>\n<p>Por su lado, el diputado nacional de VOX por Asturias, <strong>Jos\u00e9 Mar\u00eda Figaredo<\/strong>, quiso poner de manifiesto que \u201cel SIMPA vive de sus afiliados como deber\u00edan hacer todos los sindicatos porque esa dependencia de sus propios afiliados, y no de subvenciones p\u00fablicas, hace que defiendan sus intereses\u201d, algo que elogi\u00f3 Figaredo en contraposici\u00f3n a sindicatos tradicionales como \u201cCCOO y UGT, que viven de las \u2018paguitas\u2019 de los gobiernos del PSOE tanto a nivel nacional como auton\u00f3mico, y es precisamente por eso por lo que defienden los intereses del gobierno socialista de turno, no los de los trabajadores\u201d.<\/p>\n<p>&nbsp;<\/p>\n","protected":false},"excerpt":{"rendered":"<p>La diputada de VOX Asturias en la Junta General y portavoz en materia de Sanidad, Sara \u00c1lvarez Rouco, tras mantener una reuni\u00f3n con miembros del Sindicato M\u00e9dico del Principado de Asturias (SIMPA), acompa\u00f1ada del diputado nacional, Jos\u00e9 Mar\u00eda Figaredo, y de la portavoz de VOX en el Ayuntamiento de Oviedo, Cristina Coto, ha manifestado que [&hellip;]<\/p>\n","protected":false},"author":1,"featured_media":1132184,"comment_status":"closed","ping_status":"closed","sticky":false,"template":"","format":"standard","meta":{"footnotes":""},"categories":[12],"tags":[],"class_list":["post-1091263","post","type-post","status-publish","format-standard","has-post-thumbnail","hentry","category-actualidad-asturias"],"aioseo_notices":[],"aioseo_head":"\n\t\t<!-- All in One SEO Pro 5.0.1 - aioseo.com -->\n\t<meta name=\"description\" content=\"La diputada de VOX Asturias, \u00c1lvarez Rouco, afirm\u00f3 que &quot;Barb\u00f3n, que se ha vendido como un crack de la pandemia, solo lo fue en la gesti\u00f3n del miedo&quot; ..\" \/>\n\t<meta name=\"robots\" content=\"max-image-preview:large\" \/>\n\t<meta name=\"author\" content=\"El Digital de Asturias\"\/>\n\t<meta name=\"google-site-verification\" content=\"UA-38556648-1\" \/>\n\t<meta name=\"msvalidate.01\" content=\"7dfe9f3f1b24437ab69f4f2559babe99\" \/>\n\t<meta name=\"keywords\" content=\"actualidad asturias\" \/>\n\t<link rel=\"canonical\" href=\"https:\/\/www.eldigitaldeasturias.com\/noticias\/vox-asturias-pide-acelerar-la-vacunacion\/\" \/>\n\t<meta name=\"generator\" content=\"All in One SEO Pro (AIOSEO) 5.0.1\" \/>\n\t\t<meta property=\"og:locale\" content=\"es_ES\" \/>\n\t\t<meta property=\"og:site_name\" content=\"El Digital de Asturias\" \/>\n\t\t<meta property=\"og:type\" content=\"article\" \/>\n\t\t<meta property=\"og:title\" content=\"VOX Asturias pide acelerar la vacunaci\u00f3n - El Digital de Asturias\" \/>\n\t\t<meta property=\"og:description\" content=\"La diputada de VOX Asturias, \u00c1lvarez Rouco, afirm\u00f3 que &quot;Barb\u00f3n, que se ha vendido como un crack de la pandemia, solo lo fue en la gesti\u00f3n del miedo&quot; ..\" \/>\n\t\t<meta property=\"og:url\" content=\"https:\/\/www.eldigitaldeasturias.com\/noticias\/vox-asturias-pide-acelerar-la-vacunacion\/\" \/>\n\t\t<meta property=\"og:image\" content=\"https:\/\/www.eldigitaldeasturias.com\/noticias\/wp-content\/uploads\/2026\/06\/Contenidos.jpg\" \/>\n\t\t<meta property=\"og:image:secure_url\" content=\"https:\/\/www.eldigitaldeasturias.com\/noticias\/wp-content\/uploads\/2026\/06\/Contenidos.jpg\" \/>\n\t\t<meta property=\"og:image:width\" content=\"1265\" \/>\n\t\t<meta property=\"og:image:height\" content=\"697\" \/>\n\t\t<meta property=\"article:tag\" content=\"actualidad asturias\" \/>\n\t\t<meta property=\"article:published_time\" content=\"2021-05-09T13:18:55+00:00\" \/>\n\t\t<meta property=\"article:modified_time\" content=\"2021-05-09T13:18:55+00:00\" \/>\n\t\t<meta property=\"article:publisher\" content=\"https:\/\/facebook.com\/eldigitaldeasturias\" \/>\n\t\t<meta name=\"twitter:card\" content=\"summary_large_image\" \/>\n\t\t<meta name=\"twitter:title\" content=\"VOX Asturias pide acelerar la vacunaci\u00f3n - El Digital de Asturias\" \/>\n\t\t<meta name=\"twitter:description\" content=\"La diputada de VOX Asturias, \u00c1lvarez Rouco, afirm\u00f3 que &quot;Barb\u00f3n, que se ha vendido como un crack de la pandemia, solo lo fue en la gesti\u00f3n del miedo&quot; ..\" \/>\n\t\t<meta name=\"twitter:image\" content=\"https:\/\/www.eldigitaldeasturias.com\/noticias\/wp-content\/uploads\/2026\/06\/Contenidos.jpg\" \/>\n\t\t<meta name=\"twitter:label1\" content=\"Escrito por\" \/>\n\t\t<meta name=\"twitter:data1\" content=\"El Digital de Asturias\" \/>\n\t\t<meta name=\"twitter:label2\" content=\"Tiempo de lectura estimado\" \/>\n\t\t<meta name=\"twitter:data2\" content=\"3 minutos\" \/>\n\t\t<script type=\"application\/ld+json\" class=\"aioseo-schema\">\n\t\t\t{\"@context\":\"https:\\\/\\\/schema.org\",\"@graph\":[{\"@type\":\"BlogPosting\",\"@id\":\"https:\\\/\\\/www.eldigitaldeasturias.com\\\/noticias\\\/vox-asturias-pide-acelerar-la-vacunacion\\\/#blogposting\",\"name\":\"VOX Asturias pide acelerar la vacunaci\\u00f3n - El Digital de Asturias\",\"headline\":\"VOX Asturias pide acelerar la vacunaci\\u00f3n\",\"author\":{\"@id\":\"https:\\\/\\\/www.eldigitaldeasturias.com\\\/noticias\\\/author\\\/admin\\\/#author\"},\"publisher\":{\"@id\":\"https:\\\/\\\/www.eldigitaldeasturias.com\\\/noticias\\\/#organization\"},\"image\":{\"@type\":\"ImageObject\",\"url\":\"https:\\\/\\\/www.eldigitaldeasturias.com\\\/noticias\\\/wp-content\\\/uploads\\\/2026\\\/06\\\/Contenidos.jpg\",\"width\":1265,\"height\":697,\"caption\":\"Contenidos\"},\"datePublished\":\"2021-05-09T14:18:55+02:00\",\"dateModified\":\"2021-05-09T14:18:55+02:00\",\"inLanguage\":\"es-ES\",\"mainEntityOfPage\":{\"@id\":\"https:\\\/\\\/www.eldigitaldeasturias.com\\\/noticias\\\/vox-asturias-pide-acelerar-la-vacunacion\\\/#webpage\"},\"isPartOf\":{\"@id\":\"https:\\\/\\\/www.eldigitaldeasturias.com\\\/noticias\\\/vox-asturias-pide-acelerar-la-vacunacion\\\/#webpage\"},\"articleSection\":\"Actualidad Asturias\"},{\"@type\":\"BreadcrumbList\",\"@id\":\"https:\\\/\\\/www.eldigitaldeasturias.com\\\/noticias\\\/vox-asturias-pide-acelerar-la-vacunacion\\\/#breadcrumblist\",\"itemListElement\":[{\"@type\":\"ListItem\",\"@id\":\"https:\\\/\\\/www.eldigitaldeasturias.com\\\/noticias#listItem\",\"position\":1,\"name\":\"Home\",\"item\":\"https:\\\/\\\/www.eldigitaldeasturias.com\\\/noticias\",\"nextItem\":{\"@type\":\"ListItem\",\"@id\":\"https:\\\/\\\/www.eldigitaldeasturias.com\\\/noticias\\\/category\\\/actualidad-asturias\\\/#listItem\",\"name\":\"Actualidad Asturias\"}},{\"@type\":\"ListItem\",\"@id\":\"https:\\\/\\\/www.eldigitaldeasturias.com\\\/noticias\\\/category\\\/actualidad-asturias\\\/#listItem\",\"position\":2,\"name\":\"Actualidad Asturias\",\"item\":\"https:\\\/\\\/www.eldigitaldeasturias.com\\\/noticias\\\/category\\\/actualidad-asturias\\\/\",\"nextItem\":{\"@type\":\"ListItem\",\"@id\":\"https:\\\/\\\/www.eldigitaldeasturias.com\\\/noticias\\\/vox-asturias-pide-acelerar-la-vacunacion\\\/#listItem\",\"name\":\"VOX Asturias pide acelerar la vacunaci\\u00f3n\"},\"previousItem\":{\"@type\":\"ListItem\",\"@id\":\"https:\\\/\\\/www.eldigitaldeasturias.com\\\/noticias#listItem\",\"name\":\"Home\"}},{\"@type\":\"ListItem\",\"@id\":\"https:\\\/\\\/www.eldigitaldeasturias.com\\\/noticias\\\/vox-asturias-pide-acelerar-la-vacunacion\\\/#listItem\",\"position\":3,\"name\":\"VOX Asturias pide acelerar la vacunaci\\u00f3n\",\"previousItem\":{\"@type\":\"ListItem\",\"@id\":\"https:\\\/\\\/www.eldigitaldeasturias.com\\\/noticias\\\/category\\\/actualidad-asturias\\\/#listItem\",\"name\":\"Actualidad Asturias\"}}]},{\"@type\":\"Organization\",\"@id\":\"https:\\\/\\\/www.eldigitaldeasturias.com\\\/noticias\\\/#organization\",\"name\":\"El Digital de Asturias\",\"description\":\"Hemeroteca\",\"url\":\"https:\\\/\\\/www.eldigitaldeasturias.com\\\/noticias\\\/\",\"email\":\"info@eldigitaldeasturias.com\",\"telephone\":\"+34652131393\",\"logo\":{\"@type\":\"ImageObject\",\"url\":\"https:\\\/\\\/www.eldigitaldeasturias.com\\\/noticias\\\/wp-content\\\/uploads\\\/2020\\\/12\\\/EDA.jpg\",\"@id\":\"https:\\\/\\\/www.eldigitaldeasturias.com\\\/noticias\\\/vox-asturias-pide-acelerar-la-vacunacion\\\/#organizationLogo\"},\"image\":{\"@id\":\"https:\\\/\\\/www.eldigitaldeasturias.com\\\/noticias\\\/vox-asturias-pide-acelerar-la-vacunacion\\\/#organizationLogo\"},\"sameAs\":[\"https:\\\/\\\/facebook.com\\\/eldigitaldeasturias\",\"https:\\\/\\\/www.youtube.com\\\/channel\\\/UCZP-2wLEB9Rv6erhFmqVnvg\"],\"address\":{\"@id\":\"https:\\\/\\\/www.eldigitaldeasturias.com\\\/noticias\\\/#postaladdress\",\"@type\":\"PostalAddress\",\"streetAddress\":\"san antonio 4\",\"postalCode\":\"33430\",\"addressLocality\":\"Cand\\u00e1s\",\"addressRegion\":\"Asturias\",\"addressCountry\":\"ES\"}},{\"@type\":\"Person\",\"@id\":\"https:\\\/\\\/www.eldigitaldeasturias.com\\\/noticias\\\/author\\\/admin\\\/#author\",\"url\":\"https:\\\/\\\/www.eldigitaldeasturias.com\\\/noticias\\\/author\\\/admin\\\/\",\"name\":\"El Digital de Asturias\",\"image\":{\"@type\":\"ImageObject\",\"@id\":\"https:\\\/\\\/www.eldigitaldeasturias.com\\\/noticias\\\/vox-asturias-pide-acelerar-la-vacunacion\\\/#authorImage\",\"url\":\"https:\\\/\\\/secure.gravatar.com\\\/avatar\\\/df2aeffc32bcd13f8d26072ef8a91b623d677766deac7f97ca815868cd41bf5e?s=96&d=mm&r=g\",\"width\":96,\"height\":96,\"caption\":\"El Digital de Asturias\"}},{\"@type\":\"WebPage\",\"@id\":\"https:\\\/\\\/www.eldigitaldeasturias.com\\\/noticias\\\/vox-asturias-pide-acelerar-la-vacunacion\\\/#webpage\",\"url\":\"https:\\\/\\\/www.eldigitaldeasturias.com\\\/noticias\\\/vox-asturias-pide-acelerar-la-vacunacion\\\/\",\"name\":\"VOX Asturias pide acelerar la vacunaci\\u00f3n - El Digital de Asturias\",\"description\":\"La diputada de VOX Asturias, \\u00c1lvarez Rouco, afirm\\u00f3 que \\\"Barb\\u00f3n, que se ha vendido como un crack de la pandemia, solo lo fue en la gesti\\u00f3n del miedo\\\" ..\",\"inLanguage\":\"es-ES\",\"isPartOf\":{\"@id\":\"https:\\\/\\\/www.eldigitaldeasturias.com\\\/noticias\\\/#website\"},\"breadcrumb\":{\"@id\":\"https:\\\/\\\/www.eldigitaldeasturias.com\\\/noticias\\\/vox-asturias-pide-acelerar-la-vacunacion\\\/#breadcrumblist\"},\"author\":{\"@id\":\"https:\\\/\\\/www.eldigitaldeasturias.com\\\/noticias\\\/author\\\/admin\\\/#author\"},\"creator\":{\"@id\":\"https:\\\/\\\/www.eldigitaldeasturias.com\\\/noticias\\\/author\\\/admin\\\/#author\"},\"image\":{\"@type\":\"ImageObject\",\"url\":\"https:\\\/\\\/www.eldigitaldeasturias.com\\\/noticias\\\/wp-content\\\/uploads\\\/2026\\\/06\\\/Contenidos.jpg\",\"@id\":\"https:\\\/\\\/www.eldigitaldeasturias.com\\\/noticias\\\/vox-asturias-pide-acelerar-la-vacunacion\\\/#mainImage\",\"width\":1265,\"height\":697,\"caption\":\"Contenidos\"},\"primaryImageOfPage\":{\"@id\":\"https:\\\/\\\/www.eldigitaldeasturias.com\\\/noticias\\\/vox-asturias-pide-acelerar-la-vacunacion\\\/#mainImage\"},\"datePublished\":\"2021-05-09T14:18:55+02:00\",\"dateModified\":\"2021-05-09T14:18:55+02:00\"},{\"@type\":\"WebSite\",\"@id\":\"https:\\\/\\\/www.eldigitaldeasturias.com\\\/noticias\\\/#website\",\"url\":\"https:\\\/\\\/www.eldigitaldeasturias.com\\\/noticias\\\/\",\"name\":\"El Digital de Asturias - Diario de actualidad y noticias\",\"alternateName\":\"El Digital de Asturias - Diario de actualidad y noticias\",\"description\":\"Hemeroteca\",\"inLanguage\":\"es-ES\",\"publisher\":{\"@id\":\"https:\\\/\\\/www.eldigitaldeasturias.com\\\/noticias\\\/#organization\"}}]}\n\t\t<\/script>\n\t\t<!-- All in One SEO Pro -->\r\n\t\t<title>VOX Asturias pide acelerar la vacunaci\u00f3n - El Digital de Asturias<\/title>\n\n","aioseo_head_json":{"title":"VOX Asturias pide acelerar la vacunaci\u00f3n - El Digital de Asturias","description":"La diputada de VOX Asturias, \u00c1lvarez Rouco, afirm\u00f3 que \"Barb\u00f3n, que se ha vendido como un crack de la pandemia, solo lo fue en la gesti\u00f3n del miedo\" ..","canonical_url":"https:\/\/www.eldigitaldeasturias.com\/noticias\/vox-asturias-pide-acelerar-la-vacunacion\/","robots":"max-image-preview:large","keywords":"actualidad asturias","webmasterTools":{"google-site-verification":"UA-38556648-1","msvalidate.01":"7dfe9f3f1b24437ab69f4f2559babe99","miscellaneous":""},"schema":{"@context":"https:\/\/schema.org","@graph":[{"@type":"BlogPosting","@id":"https:\/\/www.eldigitaldeasturias.com\/noticias\/vox-asturias-pide-acelerar-la-vacunacion\/#blogposting","name":"VOX Asturias pide acelerar la vacunaci\u00f3n - El Digital de Asturias","headline":"VOX Asturias pide acelerar la vacunaci\u00f3n","author":{"@id":"https:\/\/www.eldigitaldeasturias.com\/noticias\/author\/admin\/#author"},"publisher":{"@id":"https:\/\/www.eldigitaldeasturias.com\/noticias\/#organization"},"image":{"@type":"ImageObject","url":"https:\/\/www.eldigitaldeasturias.com\/noticias\/wp-content\/uploads\/2026\/06\/Contenidos.jpg","width":1265,"height":697,"caption":"Contenidos"},"datePublished":"2021-05-09T14:18:55+02:00","dateModified":"2021-05-09T14:18:55+02:00","inLanguage":"es-ES","mainEntityOfPage":{"@id":"https:\/\/www.eldigitaldeasturias.com\/noticias\/vox-asturias-pide-acelerar-la-vacunacion\/#webpage"},"isPartOf":{"@id":"https:\/\/www.eldigitaldeasturias.com\/noticias\/vox-asturias-pide-acelerar-la-vacunacion\/#webpage"},"articleSection":"Actualidad Asturias"},{"@type":"BreadcrumbList","@id":"https:\/\/www.eldigitaldeasturias.com\/noticias\/vox-asturias-pide-acelerar-la-vacunacion\/#breadcrumblist","itemListElement":[{"@type":"ListItem","@id":"https:\/\/www.eldigitaldeasturias.com\/noticias#listItem","position":1,"name":"Home","item":"https:\/\/www.eldigitaldeasturias.com\/noticias","nextItem":{"@type":"ListItem","@id":"https:\/\/www.eldigitaldeasturias.com\/noticias\/category\/actualidad-asturias\/#listItem","name":"Actualidad Asturias"}},{"@type":"ListItem","@id":"https:\/\/www.eldigitaldeasturias.com\/noticias\/category\/actualidad-asturias\/#listItem","position":2,"name":"Actualidad Asturias","item":"https:\/\/www.eldigitaldeasturias.com\/noticias\/category\/actualidad-asturias\/","nextItem":{"@type":"ListItem","@id":"https:\/\/www.eldigitaldeasturias.com\/noticias\/vox-asturias-pide-acelerar-la-vacunacion\/#listItem","name":"VOX Asturias pide acelerar la vacunaci\u00f3n"},"previousItem":{"@type":"ListItem","@id":"https:\/\/www.eldigitaldeasturias.com\/noticias#listItem","name":"Home"}},{"@type":"ListItem","@id":"https:\/\/www.eldigitaldeasturias.com\/noticias\/vox-asturias-pide-acelerar-la-vacunacion\/#listItem","position":3,"name":"VOX Asturias pide acelerar la vacunaci\u00f3n","previousItem":{"@type":"ListItem","@id":"https:\/\/www.eldigitaldeasturias.com\/noticias\/category\/actualidad-asturias\/#listItem","name":"Actualidad Asturias"}}]},{"@type":"Organization","@id":"https:\/\/www.eldigitaldeasturias.com\/noticias\/#organization","name":"El Digital de Asturias","description":"Hemeroteca","url":"https:\/\/www.eldigitaldeasturias.com\/noticias\/","email":"info@eldigitaldeasturias.com","telephone":"+34652131393","logo":{"@type":"ImageObject","url":"https:\/\/www.eldigitaldeasturias.com\/noticias\/wp-content\/uploads\/2020\/12\/EDA.jpg","@id":"https:\/\/www.eldigitaldeasturias.com\/noticias\/vox-asturias-pide-acelerar-la-vacunacion\/#organizationLogo"},"image":{"@id":"https:\/\/www.eldigitaldeasturias.com\/noticias\/vox-asturias-pide-acelerar-la-vacunacion\/#organizationLogo"},"sameAs":["https:\/\/facebook.com\/eldigitaldeasturias","https:\/\/www.youtube.com\/channel\/UCZP-2wLEB9Rv6erhFmqVnvg"],"address":{"@id":"https:\/\/www.eldigitaldeasturias.com\/noticias\/#postaladdress","@type":"PostalAddress","streetAddress":"san antonio 4","postalCode":"33430","addressLocality":"Cand\u00e1s","addressRegion":"Asturias","addressCountry":"ES"}},{"@type":"Person","@id":"https:\/\/www.eldigitaldeasturias.com\/noticias\/author\/admin\/#author","url":"https:\/\/www.eldigitaldeasturias.com\/noticias\/author\/admin\/","name":"El Digital de Asturias","image":{"@type":"ImageObject","@id":"https:\/\/www.eldigitaldeasturias.com\/noticias\/vox-asturias-pide-acelerar-la-vacunacion\/#authorImage","url":"https:\/\/secure.gravatar.com\/avatar\/df2aeffc32bcd13f8d26072ef8a91b623d677766deac7f97ca815868cd41bf5e?s=96&d=mm&r=g","width":96,"height":96,"caption":"El Digital de Asturias"}},{"@type":"WebPage","@id":"https:\/\/www.eldigitaldeasturias.com\/noticias\/vox-asturias-pide-acelerar-la-vacunacion\/#webpage","url":"https:\/\/www.eldigitaldeasturias.com\/noticias\/vox-asturias-pide-acelerar-la-vacunacion\/","name":"VOX Asturias pide acelerar la vacunaci\u00f3n - El Digital de Asturias","description":"La diputada de VOX Asturias, \u00c1lvarez Rouco, afirm\u00f3 que \"Barb\u00f3n, que se ha vendido como un crack de la pandemia, solo lo fue en la gesti\u00f3n del miedo\" ..","inLanguage":"es-ES","isPartOf":{"@id":"https:\/\/www.eldigitaldeasturias.com\/noticias\/#website"},"breadcrumb":{"@id":"https:\/\/www.eldigitaldeasturias.com\/noticias\/vox-asturias-pide-acelerar-la-vacunacion\/#breadcrumblist"},"author":{"@id":"https:\/\/www.eldigitaldeasturias.com\/noticias\/author\/admin\/#author"},"creator":{"@id":"https:\/\/www.eldigitaldeasturias.com\/noticias\/author\/admin\/#author"},"image":{"@type":"ImageObject","url":"https:\/\/www.eldigitaldeasturias.com\/noticias\/wp-content\/uploads\/2026\/06\/Contenidos.jpg","@id":"https:\/\/www.eldigitaldeasturias.com\/noticias\/vox-asturias-pide-acelerar-la-vacunacion\/#mainImage","width":1265,"height":697,"caption":"Contenidos"},"primaryImageOfPage":{"@id":"https:\/\/www.eldigitaldeasturias.com\/noticias\/vox-asturias-pide-acelerar-la-vacunacion\/#mainImage"},"datePublished":"2021-05-09T14:18:55+02:00","dateModified":"2021-05-09T14:18:55+02:00"},{"@type":"WebSite","@id":"https:\/\/www.eldigitaldeasturias.com\/noticias\/#website","url":"https:\/\/www.eldigitaldeasturias.com\/noticias\/","name":"El Digital de Asturias - Diario de actualidad y noticias","alternateName":"El Digital de Asturias - Diario de actualidad y noticias","description":"Hemeroteca","inLanguage":"es-ES","publisher":{"@id":"https:\/\/www.eldigitaldeasturias.com\/noticias\/#organization"}}]},"og:locale":"es_ES","og:site_name":"El Digital de Asturias","og:type":"article","og:title":"VOX Asturias pide acelerar la vacunaci\u00f3n - El Digital de Asturias","og:description":"La diputada de VOX Asturias, \u00c1lvarez Rouco, afirm\u00f3 que &quot;Barb\u00f3n, que se ha vendido como un crack de la pandemia, solo lo fue en la gesti\u00f3n del miedo&quot; ..","og:url":"https:\/\/www.eldigitaldeasturias.com\/noticias\/vox-asturias-pide-acelerar-la-vacunacion\/","og:image":"https:\/\/www.eldigitaldeasturias.com\/noticias\/wp-content\/uploads\/2026\/06\/Contenidos.jpg","og:image:secure_url":"https:\/\/www.eldigitaldeasturias.com\/noticias\/wp-content\/uploads\/2026\/06\/Contenidos.jpg","og:image:width":1265,"og:image:height":697,"article:tag":["actualidad asturias"],"article:published_time":"2021-05-09T13:18:55+00:00","article:modified_time":"2021-05-09T13:18:55+00:00","article:publisher":"https:\/\/facebook.com\/eldigitaldeasturias","twitter:card":"summary_large_image","twitter:title":"VOX Asturias pide acelerar la vacunaci\u00f3n - El Digital de Asturias","twitter:description":"La diputada de VOX Asturias, \u00c1lvarez Rouco, afirm\u00f3 que &quot;Barb\u00f3n, que se ha vendido como un crack de la pandemia, solo lo fue en la gesti\u00f3n del miedo&quot; ..","twitter:image":"https:\/\/www.eldigitaldeasturias.com\/noticias\/wp-content\/uploads\/2026\/06\/Contenidos.jpg","twitter:label1":"Escrito por","twitter:data1":"El Digital de Asturias","twitter:label2":"Tiempo de lectura estimado","twitter:data2":"3 minutos"},"aioseo_meta_data":{"post_id":"1091263","title":null,"description":"La diputada de VOX Asturias, \u00c1lvarez Rouco, afirm\u00f3 que \"Barb\u00f3n, que se ha vendido como un crack de la pandemia, solo lo fue en la gesti\u00f3n del miedo\" ..&nbsp;","keywords":[],"keyphrases":{"focus":[],"additional":[]},"primary_term":null,"canonical_url":null,"og_title":null,"og_description":null,"og_object_type":"default","og_image_type":"default","og_image_url":null,"og_image_width":null,"og_image_height":null,"og_image_custom_url":null,"og_image_custom_fields":null,"og_video":"","og_custom_url":null,"og_article_section":null,"og_article_tags":[],"twitter_use_og":false,"twitter_card":"default","twitter_image_type":"default","twitter_image_url":null,"twitter_image_custom_url":null,"twitter_image_custom_fields":null,"twitter_title":null,"twitter_description":null,"schema":{"blockGraphs":[],"customGraphs":[],"default":{"data":{"Article":[],"Course":[],"Dataset":[],"FAQPage":[],"Movie":[],"Person":[],"Product":[],"ProductReview":[],"Car":[],"Recipe":[],"Service":[],"SoftwareApplication":[],"WebPage":[]},"graphName":"","isEnabled":true},"graphs":[],"defaultGraph":"Article","defaultPostTypeGraph":""},"schema_type":"default","schema_type_options":"{\"article\":{\"articleType\":\"BlogPosting\"},\"course\":{\"name\":\"\",\"description\":\"\",\"provider\":\"\"},\"faq\":{\"pages\":[]},\"product\":{\"reviews\":[]},\"recipe\":{\"ingredients\":[],\"instructions\":[],\"keywords\":[]},\"software\":{\"reviews\":[],\"operatingSystems\":[]},\"webPage\":{\"webPageType\":\"WebPage\"}}","pillar_content":false,"robots_default":true,"robots_noindex":false,"robots_noarchive":false,"robots_nosnippet":false,"robots_nofollow":false,"robots_noimageindex":false,"robots_noodp":false,"robots_notranslate":false,"robots_max_snippet":"-1","robots_max_videopreview":"-1","robots_max_imagepreview":"large","priority":null,"frequency":"default","local_seo":{"locations":{"business":{"name":"","businessType":"","image":"","areaServed":"","urls":{"website":"","aboutPage":"","contactPage":""},"address":{"streetLine1":"","streetLine2":"","zipCode":"","city":"","state":"","country":"","addressFormat":"#streetLineOne\n#streetLineTwo\n#city, #state #zipCode"},"contact":{"phone":"","email":"","fax":""},"ids":{"vat":"","tax":"","chamberOfCommerce":""},"payment":{"priceRange":"","currenciesAccepted":"","methods":""}}},"openingHours":{"useDefaults":true,"show":true,"alwaysOpen":false,"use24hFormat":false,"timezone":"","labels":{"closed":"","alwaysOpen":""},"days":{"monday":{"open24h":false,"closed":false,"openTime":"09:00","closeTime":"17:00"},"tuesday":{"open24h":false,"closed":false,"openTime":"09:00","closeTime":"17:00"},"wednesday":{"open24h":false,"closed":false,"openTime":"09:00","closeTime":"17:00"},"thursday":{"open24h":false,"closed":false,"openTime":"09:00","closeTime":"17:00"},"friday":{"open24h":false,"closed":false,"openTime":"09:00","closeTime":"17:00"},"saturday":{"open24h":false,"closed":false,"openTime":"09:00","closeTime":"17:00"},"sunday":{"open24h":false,"closed":false,"openTime":"09:00","closeTime":"17:00"}}}},"seo_analyzer_scan_date":"2026-07-17 18:59:26","breadcrumb_settings":null,"limit_modified_date":false,"open_ai":null,"ai":null,"created":"2021-05-09 13:11:22","updated":"2026-07-17 18:59:26","focus_keyword":null,"additional_keywords":null,"truseo_locale":null},"aioseo_breadcrumb":"<div class=\"aioseo-breadcrumbs\"><span class=\"aioseo-breadcrumb\">\n\t<a href=\"https:\/\/www.eldigitaldeasturias.com\/noticias\" title=\"Home\">Home<\/a>\n<\/span><span class=\"aioseo-breadcrumb-separator\">\u2013<\/span><span class=\"aioseo-breadcrumb\">\n\t<a href=\"https:\/\/www.eldigitaldeasturias.com\/noticias\/category\/actualidad-asturias\/\" title=\"Actualidad Asturias\">Actualidad Asturias<\/a>\n<\/span><span class=\"aioseo-breadcrumb-separator\">\u2013<\/span><span class=\"aioseo-breadcrumb\">\n\t<a href=\"https:\/\/www.eldigitaldeasturias.com\/noticias\/vox-asturias-pide-acelerar-la-vacunacion\/\" title=\"VOX Asturias pide acelerar la vacunaci\u00f3n\">VOX Asturias pide acelerar la vacunaci\u00f3n<\/a>\n<\/span><\/div>","aioseo_breadcrumb_json":[{"label":"Home","link":"https:\/\/www.eldigitaldeasturias.com\/noticias"},{"label":"Actualidad Asturias","link":"https:\/\/www.eldigitaldeasturias.com\/noticias\/category\/actualidad-asturias\/"},{"label":"VOX Asturias pide acelerar la vacunaci\u00f3n","link":"https:\/\/www.eldigitaldeasturias.com\/noticias\/vox-asturias-pide-acelerar-la-vacunacion\/"}],"_links":{"self":[{"href":"https:\/\/www.eldigitaldeasturias.com\/noticias\/wp-json\/wp\/v2\/posts\/1091263","targetHints":{"allow":["GET"]}}],"collection":[{"href":"https:\/\/www.eldigitaldeasturias.com\/noticias\/wp-json\/wp\/v2\/posts"}],"about":[{"href":"https:\/\/www.eldigitaldeasturias.com\/noticias\/wp-json\/wp\/v2\/types\/post"}],"author":[{"embeddable":true,"href":"https:\/\/www.eldigitaldeasturias.com\/noticias\/wp-json\/wp\/v2\/users\/1"}],"replies":[{"embeddable":true,"href":"https:\/\/www.eldigitaldeasturias.com\/noticias\/wp-json\/wp\/v2\/comments?post=1091263"}],"version-history":[{"count":0,"href":"https:\/\/www.eldigitaldeasturias.com\/noticias\/wp-json\/wp\/v2\/posts\/1091263\/revisions"}],"wp:featuredmedia":[{"embeddable":true,"href":"https:\/\/www.eldigitaldeasturias.com\/noticias\/wp-json\/wp\/v2\/media\/1132184"}],"wp:attachment":[{"href":"https:\/\/www.eldigitaldeasturias.com\/noticias\/wp-json\/wp\/v2\/media?parent=1091263"}],"wp:term":[{"taxonomy":"category","embeddable":true,"href":"https:\/\/www.eldigitaldeasturias.com\/noticias\/wp-json\/wp\/v2\/categories?post=1091263"},{"taxonomy":"post_tag","embeddable":true,"href":"https:\/\/www.eldigitaldeasturias.com\/noticias\/wp-json\/wp\/v2\/tags?post=1091263"}],"curies":[{"name":"wp","href":"https:\/\/api.w.org\/{rel}","templated":true}]}}