{"id":1091260,"date":"2021-05-09T14:09:11","date_gmt":"2021-05-09T13:09:11","guid":{"rendered":"https:\/\/www.eldigitaldeasturias.com\/noticias\/?p=1091260"},"modified":"2021-05-09T14:09:11","modified_gmt":"2021-05-09T13:09:11","slug":"zapico-pide-soluciones-para-los-ganaderos-asturianos-afectados-por-la-energia-eolica","status":"publish","type":"post","link":"https:\/\/www.eldigitaldeasturias.com\/noticias\/zapico-pide-soluciones-para-los-ganaderos-asturianos-afectados-por-la-energia-eolica\/","title":{"rendered":"Zapico pide soluciones para los ganaderos asturianos afectados por la energ\u00eda e\u00f3lica"},"content":{"rendered":"<p><a href=\"http:\/\/www.izquierdaxunida.com\/\" target=\"_blank\" rel=\"nofollow noopener\"><span style=\"color: #ff6600;\"><strong>IU de Asturias<\/strong><\/span><\/a> ha presentado una proposici\u00f3n no de ley con el objetivo de ordenar y dar respuesta a los problemas que se est\u00e1n generando con la instalaci\u00f3n de parque se e\u00f3licos en distintos puntos de <span style=\"color: #ff6600;\"><a style=\"color: #ff6600;\" href=\"https:\/\/www.eldigitaldeasturias.com\/noticias\/\" target=\"_blank\" rel=\"noopener\"><strong>Asturias<\/strong><\/a><\/span>, afectando a terrenos hasta ahora dedicados para uso agroganaderos.<\/p>\n<p><iframe loading=\"lazy\" title=\"YouTube video player\" src=\"https:\/\/www.youtube.com\/embed\/AY0MnS0o-i8\" width=\"640\" height=\"315\" frameborder=\"0\" allowfullscreen=\"allowfullscreen\"><span data-mce-type=\"bookmark\" style=\"display: inline-block; width: 0px; overflow: hidden; line-height: 0;\" class=\"mce_SELRES_start\">\ufeff<\/span><\/iframe><\/p>\n<p>El coordinador general de la formaci\u00f3n y diputado, Ovidio Zapico, y el secretario general de la Uni\u00f3n de Campesinos Asturianos (UCA), Jos\u00e9 Ram\u00f3n Garc\u00eda Alba, han visitado los parques e\u00f3licos del alto de Bra\u00f1\u00faas (entre Tineo Villay\u00f3n) para comprobar, in situ, las afecciones producidas por la instalaci\u00f3n de los molinos.<\/p>\n<p>Para <a href=\"https:\/\/twitter.com\/ovizapico\" target=\"_blank\" rel=\"noopener\"><strong><span style=\"color: #ff6600;\">Zapico<\/span><\/strong><\/a>, el Gobierno de Asturias llega tarde a la regulaci\u00f3n de este tipo de instalaciones que, aunque necesarias de cara a lograr la descarbonizacion, deben, a su juicio, planificarse, atendiendo tambi\u00e9n a garantizar el m\u00ednimo impacto en las explotaciones agroganaderas. El diputado est\u00e1 seguro que es imprescindible poner las medidas para que la transici\u00f3n energ\u00e9tica sea \u201cjusta\u201d. Sin embargo, el cambio de modelo se est\u00e1 haciendo de una forma \u201cdesordenada\u201d e \u201cimprovisada\u201d.<\/p>\n<p>\u201cEl Gobierno de Asturias ha llegado tarde para la modificaci\u00f3n de las directrices para el desarrollo de la energ\u00eda e\u00f3lica\u201d, ha se\u00f1alado Zapico.<\/p>\n<p>La proliferaci\u00f3n de parques se e\u00f3licos ha supuesto la desaparici\u00f3n de terrenos agroganaderos que antes se beneficiaban de las l\u00edneas de ayudas de la Uni\u00f3n Europea a trav\u00e9s de la Pol\u00edtica Agraria Com\u00fan (PAC), seg\u00fan ha denunciado Jos\u00e9 Ram\u00f3n Garc\u00eda Alba, que puso como ejemplo, precisamente, los terrenos de estos parques he e\u00f3licos en los l\u00edmites de los concejos de Tineo y Villay\u00f3n, pero que tambi\u00e9n afecta al resto de los municipios donde se est\u00e1n instalando estos generadores el\u00e9ctricos. \u201cA los ganaderos de estos municipios se les descont\u00f3 superficie (susceptible de ayudas PAC), con lo cual est\u00e1n perdiendo renta agraria\u201d, ha explicado el secretario general de UCA. Pero no son los \u00fanicos inconvenientes, pues tambi\u00e9n se suman los problemas que generan las pistas de acceso a las torres y que impiden el tr\u00e1nsito del ganado y de la fauna salvaje, al constituir aut\u00e9nticas barreras insuperables para los animales, al tiempo que tambi\u00e9n se reducen o pierden puntos de agua, imprescindibles para las reses.<\/p>\n<p>Ante esta situaci\u00f3n, IU plantea una proposici\u00f3n de ley que suponga un estudio completo, tanto de empleo que pueda generarse como de otras cuestiones derivadas de la implantaci\u00f3n de este tipo de instalaciones de generaci\u00f3n el\u00e9ctrica as\u00ed como el impacto para los sectores primarios. En este sentido, Zapico pidi\u00f3 que se escuche a los ganaderos afectados.<\/p>\n<p>&nbsp;<\/p>\n","protected":false},"excerpt":{"rendered":"<p>IU de Asturias ha presentado una proposici\u00f3n no de ley con el objetivo de ordenar y dar respuesta a los problemas que se est\u00e1n generando con la instalaci\u00f3n de parque se e\u00f3licos en distintos puntos de Asturias, afectando a terrenos hasta ahora dedicados para uso agroganaderos. \ufeff El coordinador general de la formaci\u00f3n y diputado, [&hellip;]<\/p>\n","protected":false},"author":1,"featured_media":1132184,"comment_status":"closed","ping_status":"closed","sticky":false,"template":"","format":"standard","meta":{"footnotes":""},"categories":[12],"tags":[],"class_list":["post-1091260","post","type-post","status-publish","format-standard","has-post-thumbnail","hentry","category-actualidad-asturias"],"aioseo_notices":[],"aioseo_head":"\n\t\t<!-- All in One SEO Pro 5.0.1 - aioseo.com -->\n\t<meta name=\"description\" content=\"IU de Asturias ha presentado una PNL con el objetivo de dar respuesta a los problemas que se est\u00e1n generando con la instalaci\u00f3n de parque se e\u00f3licos en Asturias\" \/>\n\t<meta name=\"robots\" content=\"max-image-preview:large\" \/>\n\t<meta name=\"author\" content=\"El Digital de Asturias\"\/>\n\t<meta name=\"google-site-verification\" content=\"UA-38556648-1\" \/>\n\t<meta name=\"msvalidate.01\" content=\"7dfe9f3f1b24437ab69f4f2559babe99\" \/>\n\t<meta name=\"keywords\" content=\"actualidad asturias\" \/>\n\t<link rel=\"canonical\" href=\"https:\/\/www.eldigitaldeasturias.com\/noticias\/zapico-pide-soluciones-para-los-ganaderos-asturianos-afectados-por-la-energia-eolica\/\" \/>\n\t<meta name=\"generator\" content=\"All in One SEO Pro (AIOSEO) 5.0.1\" \/>\n\t\t<meta property=\"og:locale\" content=\"es_ES\" \/>\n\t\t<meta property=\"og:site_name\" content=\"El Digital de Asturias\" \/>\n\t\t<meta property=\"og:type\" content=\"article\" \/>\n\t\t<meta property=\"og:title\" content=\"Zapico pide soluciones para los ganaderos asturianos afectados por la energ\u00eda e\u00f3lica - El Digital de Asturias\" \/>\n\t\t<meta property=\"og:description\" content=\"IU de Asturias ha presentado una PNL con el objetivo de dar respuesta a los problemas que se est\u00e1n generando con la instalaci\u00f3n de parque se e\u00f3licos en Asturias\" \/>\n\t\t<meta property=\"og:url\" content=\"https:\/\/www.eldigitaldeasturias.com\/noticias\/zapico-pide-soluciones-para-los-ganaderos-asturianos-afectados-por-la-energia-eolica\/\" \/>\n\t\t<meta property=\"og:image\" content=\"https:\/\/www.eldigitaldeasturias.com\/noticias\/wp-content\/uploads\/2026\/06\/Contenidos.jpg\" \/>\n\t\t<meta property=\"og:image:secure_url\" content=\"https:\/\/www.eldigitaldeasturias.com\/noticias\/wp-content\/uploads\/2026\/06\/Contenidos.jpg\" \/>\n\t\t<meta property=\"og:image:width\" content=\"1265\" \/>\n\t\t<meta property=\"og:image:height\" content=\"697\" \/>\n\t\t<meta property=\"article:tag\" content=\"actualidad asturias\" \/>\n\t\t<meta property=\"article:published_time\" content=\"2021-05-09T13:09:11+00:00\" \/>\n\t\t<meta property=\"article:modified_time\" content=\"2021-05-09T13:09:11+00:00\" \/>\n\t\t<meta property=\"article:publisher\" content=\"https:\/\/facebook.com\/eldigitaldeasturias\" \/>\n\t\t<meta name=\"twitter:card\" content=\"summary_large_image\" \/>\n\t\t<meta name=\"twitter:title\" content=\"Zapico pide soluciones para los ganaderos asturianos afectados por la energ\u00eda e\u00f3lica - El Digital de Asturias\" \/>\n\t\t<meta name=\"twitter:description\" content=\"IU de Asturias ha presentado una PNL con el objetivo de dar respuesta a los problemas que se est\u00e1n generando con la instalaci\u00f3n de parque se e\u00f3licos en Asturias\" \/>\n\t\t<meta name=\"twitter:image\" content=\"https:\/\/www.eldigitaldeasturias.com\/noticias\/wp-content\/uploads\/2026\/06\/Contenidos.jpg\" \/>\n\t\t<meta name=\"twitter:label1\" content=\"Escrito por\" \/>\n\t\t<meta name=\"twitter:data1\" content=\"El Digital de Asturias\" \/>\n\t\t<meta name=\"twitter:label2\" content=\"Tiempo de lectura estimado\" \/>\n\t\t<meta name=\"twitter:data2\" content=\"2 minutos\" \/>\n\t\t<script type=\"application\/ld+json\" class=\"aioseo-schema\">\n\t\t\t{\"@context\":\"https:\\\/\\\/schema.org\",\"@graph\":[{\"@type\":\"BlogPosting\",\"@id\":\"https:\\\/\\\/www.eldigitaldeasturias.com\\\/noticias\\\/zapico-pide-soluciones-para-los-ganaderos-asturianos-afectados-por-la-energia-eolica\\\/#blogposting\",\"name\":\"Zapico pide soluciones para los ganaderos asturianos afectados por la energ\\u00eda e\\u00f3lica - El Digital de Asturias\",\"headline\":\"Zapico pide soluciones para los ganaderos asturianos afectados por la energ\\u00eda e\\u00f3lica\",\"author\":{\"@id\":\"https:\\\/\\\/www.eldigitaldeasturias.com\\\/noticias\\\/author\\\/admin\\\/#author\"},\"publisher\":{\"@id\":\"https:\\\/\\\/www.eldigitaldeasturias.com\\\/noticias\\\/#organization\"},\"image\":{\"@type\":\"ImageObject\",\"url\":\"https:\\\/\\\/www.eldigitaldeasturias.com\\\/noticias\\\/wp-content\\\/uploads\\\/2026\\\/06\\\/Contenidos.jpg\",\"width\":1265,\"height\":697,\"caption\":\"Contenidos\"},\"datePublished\":\"2021-05-09T14:09:11+02:00\",\"dateModified\":\"2021-05-09T14:09:11+02:00\",\"inLanguage\":\"es-ES\",\"mainEntityOfPage\":{\"@id\":\"https:\\\/\\\/www.eldigitaldeasturias.com\\\/noticias\\\/zapico-pide-soluciones-para-los-ganaderos-asturianos-afectados-por-la-energia-eolica\\\/#webpage\"},\"isPartOf\":{\"@id\":\"https:\\\/\\\/www.eldigitaldeasturias.com\\\/noticias\\\/zapico-pide-soluciones-para-los-ganaderos-asturianos-afectados-por-la-energia-eolica\\\/#webpage\"},\"articleSection\":\"Actualidad Asturias\"},{\"@type\":\"BreadcrumbList\",\"@id\":\"https:\\\/\\\/www.eldigitaldeasturias.com\\\/noticias\\\/zapico-pide-soluciones-para-los-ganaderos-asturianos-afectados-por-la-energia-eolica\\\/#breadcrumblist\",\"itemListElement\":[{\"@type\":\"ListItem\",\"@id\":\"https:\\\/\\\/www.eldigitaldeasturias.com\\\/noticias#listItem\",\"position\":1,\"name\":\"Home\",\"item\":\"https:\\\/\\\/www.eldigitaldeasturias.com\\\/noticias\",\"nextItem\":{\"@type\":\"ListItem\",\"@id\":\"https:\\\/\\\/www.eldigitaldeasturias.com\\\/noticias\\\/category\\\/actualidad-asturias\\\/#listItem\",\"name\":\"Actualidad Asturias\"}},{\"@type\":\"ListItem\",\"@id\":\"https:\\\/\\\/www.eldigitaldeasturias.com\\\/noticias\\\/category\\\/actualidad-asturias\\\/#listItem\",\"position\":2,\"name\":\"Actualidad Asturias\",\"item\":\"https:\\\/\\\/www.eldigitaldeasturias.com\\\/noticias\\\/category\\\/actualidad-asturias\\\/\",\"nextItem\":{\"@type\":\"ListItem\",\"@id\":\"https:\\\/\\\/www.eldigitaldeasturias.com\\\/noticias\\\/zapico-pide-soluciones-para-los-ganaderos-asturianos-afectados-por-la-energia-eolica\\\/#listItem\",\"name\":\"Zapico pide soluciones para los ganaderos asturianos afectados por la energ\\u00eda e\\u00f3lica\"},\"previousItem\":{\"@type\":\"ListItem\",\"@id\":\"https:\\\/\\\/www.eldigitaldeasturias.com\\\/noticias#listItem\",\"name\":\"Home\"}},{\"@type\":\"ListItem\",\"@id\":\"https:\\\/\\\/www.eldigitaldeasturias.com\\\/noticias\\\/zapico-pide-soluciones-para-los-ganaderos-asturianos-afectados-por-la-energia-eolica\\\/#listItem\",\"position\":3,\"name\":\"Zapico pide soluciones para los ganaderos asturianos afectados por la energ\\u00eda e\\u00f3lica\",\"previousItem\":{\"@type\":\"ListItem\",\"@id\":\"https:\\\/\\\/www.eldigitaldeasturias.com\\\/noticias\\\/category\\\/actualidad-asturias\\\/#listItem\",\"name\":\"Actualidad Asturias\"}}]},{\"@type\":\"Organization\",\"@id\":\"https:\\\/\\\/www.eldigitaldeasturias.com\\\/noticias\\\/#organization\",\"name\":\"El Digital de Asturias\",\"description\":\"Hemeroteca\",\"url\":\"https:\\\/\\\/www.eldigitaldeasturias.com\\\/noticias\\\/\",\"email\":\"info@eldigitaldeasturias.com\",\"telephone\":\"+34652131393\",\"logo\":{\"@type\":\"ImageObject\",\"url\":\"https:\\\/\\\/www.eldigitaldeasturias.com\\\/noticias\\\/wp-content\\\/uploads\\\/2020\\\/12\\\/EDA.jpg\",\"@id\":\"https:\\\/\\\/www.eldigitaldeasturias.com\\\/noticias\\\/zapico-pide-soluciones-para-los-ganaderos-asturianos-afectados-por-la-energia-eolica\\\/#organizationLogo\"},\"image\":{\"@id\":\"https:\\\/\\\/www.eldigitaldeasturias.com\\\/noticias\\\/zapico-pide-soluciones-para-los-ganaderos-asturianos-afectados-por-la-energia-eolica\\\/#organizationLogo\"},\"sameAs\":[\"https:\\\/\\\/facebook.com\\\/eldigitaldeasturias\",\"https:\\\/\\\/www.youtube.com\\\/channel\\\/UCZP-2wLEB9Rv6erhFmqVnvg\"],\"address\":{\"@id\":\"https:\\\/\\\/www.eldigitaldeasturias.com\\\/noticias\\\/#postaladdress\",\"@type\":\"PostalAddress\",\"streetAddress\":\"san antonio 4\",\"postalCode\":\"33430\",\"addressLocality\":\"Cand\\u00e1s\",\"addressRegion\":\"Asturias\",\"addressCountry\":\"ES\"}},{\"@type\":\"Person\",\"@id\":\"https:\\\/\\\/www.eldigitaldeasturias.com\\\/noticias\\\/author\\\/admin\\\/#author\",\"url\":\"https:\\\/\\\/www.eldigitaldeasturias.com\\\/noticias\\\/author\\\/admin\\\/\",\"name\":\"El Digital de Asturias\",\"image\":{\"@type\":\"ImageObject\",\"@id\":\"https:\\\/\\\/www.eldigitaldeasturias.com\\\/noticias\\\/zapico-pide-soluciones-para-los-ganaderos-asturianos-afectados-por-la-energia-eolica\\\/#authorImage\",\"url\":\"https:\\\/\\\/secure.gravatar.com\\\/avatar\\\/df2aeffc32bcd13f8d26072ef8a91b623d677766deac7f97ca815868cd41bf5e?s=96&d=mm&r=g\",\"width\":96,\"height\":96,\"caption\":\"El Digital de Asturias\"}},{\"@type\":\"WebPage\",\"@id\":\"https:\\\/\\\/www.eldigitaldeasturias.com\\\/noticias\\\/zapico-pide-soluciones-para-los-ganaderos-asturianos-afectados-por-la-energia-eolica\\\/#webpage\",\"url\":\"https:\\\/\\\/www.eldigitaldeasturias.com\\\/noticias\\\/zapico-pide-soluciones-para-los-ganaderos-asturianos-afectados-por-la-energia-eolica\\\/\",\"name\":\"Zapico pide soluciones para los ganaderos asturianos afectados por la energ\\u00eda e\\u00f3lica - El Digital de Asturias\",\"description\":\"IU de Asturias ha presentado una PNL con el objetivo de dar respuesta a los problemas que se est\\u00e1n generando con la instalaci\\u00f3n de parque se e\\u00f3licos en Asturias\",\"inLanguage\":\"es-ES\",\"isPartOf\":{\"@id\":\"https:\\\/\\\/www.eldigitaldeasturias.com\\\/noticias\\\/#website\"},\"breadcrumb\":{\"@id\":\"https:\\\/\\\/www.eldigitaldeasturias.com\\\/noticias\\\/zapico-pide-soluciones-para-los-ganaderos-asturianos-afectados-por-la-energia-eolica\\\/#breadcrumblist\"},\"author\":{\"@id\":\"https:\\\/\\\/www.eldigitaldeasturias.com\\\/noticias\\\/author\\\/admin\\\/#author\"},\"creator\":{\"@id\":\"https:\\\/\\\/www.eldigitaldeasturias.com\\\/noticias\\\/author\\\/admin\\\/#author\"},\"image\":{\"@type\":\"ImageObject\",\"url\":\"https:\\\/\\\/www.eldigitaldeasturias.com\\\/noticias\\\/wp-content\\\/uploads\\\/2026\\\/06\\\/Contenidos.jpg\",\"@id\":\"https:\\\/\\\/www.eldigitaldeasturias.com\\\/noticias\\\/zapico-pide-soluciones-para-los-ganaderos-asturianos-afectados-por-la-energia-eolica\\\/#mainImage\",\"width\":1265,\"height\":697,\"caption\":\"Contenidos\"},\"primaryImageOfPage\":{\"@id\":\"https:\\\/\\\/www.eldigitaldeasturias.com\\\/noticias\\\/zapico-pide-soluciones-para-los-ganaderos-asturianos-afectados-por-la-energia-eolica\\\/#mainImage\"},\"datePublished\":\"2021-05-09T14:09:11+02:00\",\"dateModified\":\"2021-05-09T14:09:11+02:00\"},{\"@type\":\"WebSite\",\"@id\":\"https:\\\/\\\/www.eldigitaldeasturias.com\\\/noticias\\\/#website\",\"url\":\"https:\\\/\\\/www.eldigitaldeasturias.com\\\/noticias\\\/\",\"name\":\"El Digital de Asturias - Diario de actualidad y noticias\",\"alternateName\":\"El Digital de Asturias - Diario de actualidad y noticias\",\"description\":\"Hemeroteca\",\"inLanguage\":\"es-ES\",\"publisher\":{\"@id\":\"https:\\\/\\\/www.eldigitaldeasturias.com\\\/noticias\\\/#organization\"}}]}\n\t\t<\/script>\n\t\t<!-- All in One SEO Pro -->\r\n\t\t<title>Zapico pide soluciones para los ganaderos asturianos afectados por la energ\u00eda e\u00f3lica - El Digital de Asturias<\/title>\n\n","aioseo_head_json":{"title":"Zapico pide soluciones para los ganaderos asturianos afectados por la energ\u00eda e\u00f3lica - El Digital de Asturias","description":"IU de Asturias ha presentado una PNL con el objetivo de dar respuesta a los problemas que se est\u00e1n generando con la instalaci\u00f3n de parque se e\u00f3licos en Asturias","canonical_url":"https:\/\/www.eldigitaldeasturias.com\/noticias\/zapico-pide-soluciones-para-los-ganaderos-asturianos-afectados-por-la-energia-eolica\/","robots":"max-image-preview:large","keywords":"actualidad asturias","webmasterTools":{"google-site-verification":"UA-38556648-1","msvalidate.01":"7dfe9f3f1b24437ab69f4f2559babe99","miscellaneous":""},"schema":{"@context":"https:\/\/schema.org","@graph":[{"@type":"BlogPosting","@id":"https:\/\/www.eldigitaldeasturias.com\/noticias\/zapico-pide-soluciones-para-los-ganaderos-asturianos-afectados-por-la-energia-eolica\/#blogposting","name":"Zapico pide soluciones para los ganaderos asturianos afectados por la energ\u00eda e\u00f3lica - El Digital de Asturias","headline":"Zapico pide soluciones para los ganaderos asturianos afectados por la energ\u00eda e\u00f3lica","author":{"@id":"https:\/\/www.eldigitaldeasturias.com\/noticias\/author\/admin\/#author"},"publisher":{"@id":"https:\/\/www.eldigitaldeasturias.com\/noticias\/#organization"},"image":{"@type":"ImageObject","url":"https:\/\/www.eldigitaldeasturias.com\/noticias\/wp-content\/uploads\/2026\/06\/Contenidos.jpg","width":1265,"height":697,"caption":"Contenidos"},"datePublished":"2021-05-09T14:09:11+02:00","dateModified":"2021-05-09T14:09:11+02:00","inLanguage":"es-ES","mainEntityOfPage":{"@id":"https:\/\/www.eldigitaldeasturias.com\/noticias\/zapico-pide-soluciones-para-los-ganaderos-asturianos-afectados-por-la-energia-eolica\/#webpage"},"isPartOf":{"@id":"https:\/\/www.eldigitaldeasturias.com\/noticias\/zapico-pide-soluciones-para-los-ganaderos-asturianos-afectados-por-la-energia-eolica\/#webpage"},"articleSection":"Actualidad Asturias"},{"@type":"BreadcrumbList","@id":"https:\/\/www.eldigitaldeasturias.com\/noticias\/zapico-pide-soluciones-para-los-ganaderos-asturianos-afectados-por-la-energia-eolica\/#breadcrumblist","itemListElement":[{"@type":"ListItem","@id":"https:\/\/www.eldigitaldeasturias.com\/noticias#listItem","position":1,"name":"Home","item":"https:\/\/www.eldigitaldeasturias.com\/noticias","nextItem":{"@type":"ListItem","@id":"https:\/\/www.eldigitaldeasturias.com\/noticias\/category\/actualidad-asturias\/#listItem","name":"Actualidad Asturias"}},{"@type":"ListItem","@id":"https:\/\/www.eldigitaldeasturias.com\/noticias\/category\/actualidad-asturias\/#listItem","position":2,"name":"Actualidad Asturias","item":"https:\/\/www.eldigitaldeasturias.com\/noticias\/category\/actualidad-asturias\/","nextItem":{"@type":"ListItem","@id":"https:\/\/www.eldigitaldeasturias.com\/noticias\/zapico-pide-soluciones-para-los-ganaderos-asturianos-afectados-por-la-energia-eolica\/#listItem","name":"Zapico pide soluciones para los ganaderos asturianos afectados por la energ\u00eda e\u00f3lica"},"previousItem":{"@type":"ListItem","@id":"https:\/\/www.eldigitaldeasturias.com\/noticias#listItem","name":"Home"}},{"@type":"ListItem","@id":"https:\/\/www.eldigitaldeasturias.com\/noticias\/zapico-pide-soluciones-para-los-ganaderos-asturianos-afectados-por-la-energia-eolica\/#listItem","position":3,"name":"Zapico pide soluciones para los ganaderos asturianos afectados por la energ\u00eda e\u00f3lica","previousItem":{"@type":"ListItem","@id":"https:\/\/www.eldigitaldeasturias.com\/noticias\/category\/actualidad-asturias\/#listItem","name":"Actualidad Asturias"}}]},{"@type":"Organization","@id":"https:\/\/www.eldigitaldeasturias.com\/noticias\/#organization","name":"El Digital de Asturias","description":"Hemeroteca","url":"https:\/\/www.eldigitaldeasturias.com\/noticias\/","email":"info@eldigitaldeasturias.com","telephone":"+34652131393","logo":{"@type":"ImageObject","url":"https:\/\/www.eldigitaldeasturias.com\/noticias\/wp-content\/uploads\/2020\/12\/EDA.jpg","@id":"https:\/\/www.eldigitaldeasturias.com\/noticias\/zapico-pide-soluciones-para-los-ganaderos-asturianos-afectados-por-la-energia-eolica\/#organizationLogo"},"image":{"@id":"https:\/\/www.eldigitaldeasturias.com\/noticias\/zapico-pide-soluciones-para-los-ganaderos-asturianos-afectados-por-la-energia-eolica\/#organizationLogo"},"sameAs":["https:\/\/facebook.com\/eldigitaldeasturias","https:\/\/www.youtube.com\/channel\/UCZP-2wLEB9Rv6erhFmqVnvg"],"address":{"@id":"https:\/\/www.eldigitaldeasturias.com\/noticias\/#postaladdress","@type":"PostalAddress","streetAddress":"san antonio 4","postalCode":"33430","addressLocality":"Cand\u00e1s","addressRegion":"Asturias","addressCountry":"ES"}},{"@type":"Person","@id":"https:\/\/www.eldigitaldeasturias.com\/noticias\/author\/admin\/#author","url":"https:\/\/www.eldigitaldeasturias.com\/noticias\/author\/admin\/","name":"El Digital de Asturias","image":{"@type":"ImageObject","@id":"https:\/\/www.eldigitaldeasturias.com\/noticias\/zapico-pide-soluciones-para-los-ganaderos-asturianos-afectados-por-la-energia-eolica\/#authorImage","url":"https:\/\/secure.gravatar.com\/avatar\/df2aeffc32bcd13f8d26072ef8a91b623d677766deac7f97ca815868cd41bf5e?s=96&d=mm&r=g","width":96,"height":96,"caption":"El Digital de Asturias"}},{"@type":"WebPage","@id":"https:\/\/www.eldigitaldeasturias.com\/noticias\/zapico-pide-soluciones-para-los-ganaderos-asturianos-afectados-por-la-energia-eolica\/#webpage","url":"https:\/\/www.eldigitaldeasturias.com\/noticias\/zapico-pide-soluciones-para-los-ganaderos-asturianos-afectados-por-la-energia-eolica\/","name":"Zapico pide soluciones para los ganaderos asturianos afectados por la energ\u00eda e\u00f3lica - El Digital de Asturias","description":"IU de Asturias ha presentado una PNL con el objetivo de dar respuesta a los problemas que se est\u00e1n generando con la instalaci\u00f3n de parque se e\u00f3licos en Asturias","inLanguage":"es-ES","isPartOf":{"@id":"https:\/\/www.eldigitaldeasturias.com\/noticias\/#website"},"breadcrumb":{"@id":"https:\/\/www.eldigitaldeasturias.com\/noticias\/zapico-pide-soluciones-para-los-ganaderos-asturianos-afectados-por-la-energia-eolica\/#breadcrumblist"},"author":{"@id":"https:\/\/www.eldigitaldeasturias.com\/noticias\/author\/admin\/#author"},"creator":{"@id":"https:\/\/www.eldigitaldeasturias.com\/noticias\/author\/admin\/#author"},"image":{"@type":"ImageObject","url":"https:\/\/www.eldigitaldeasturias.com\/noticias\/wp-content\/uploads\/2026\/06\/Contenidos.jpg","@id":"https:\/\/www.eldigitaldeasturias.com\/noticias\/zapico-pide-soluciones-para-los-ganaderos-asturianos-afectados-por-la-energia-eolica\/#mainImage","width":1265,"height":697,"caption":"Contenidos"},"primaryImageOfPage":{"@id":"https:\/\/www.eldigitaldeasturias.com\/noticias\/zapico-pide-soluciones-para-los-ganaderos-asturianos-afectados-por-la-energia-eolica\/#mainImage"},"datePublished":"2021-05-09T14:09:11+02:00","dateModified":"2021-05-09T14:09:11+02:00"},{"@type":"WebSite","@id":"https:\/\/www.eldigitaldeasturias.com\/noticias\/#website","url":"https:\/\/www.eldigitaldeasturias.com\/noticias\/","name":"El Digital de Asturias - Diario de actualidad y noticias","alternateName":"El Digital de Asturias - Diario de actualidad y noticias","description":"Hemeroteca","inLanguage":"es-ES","publisher":{"@id":"https:\/\/www.eldigitaldeasturias.com\/noticias\/#organization"}}]},"og:locale":"es_ES","og:site_name":"El Digital de Asturias","og:type":"article","og:title":"Zapico pide soluciones para los ganaderos asturianos afectados por la energ\u00eda e\u00f3lica - El Digital de Asturias","og:description":"IU de Asturias ha presentado una PNL con el objetivo de dar respuesta a los problemas que se est\u00e1n generando con la instalaci\u00f3n de parque se e\u00f3licos en Asturias","og:url":"https:\/\/www.eldigitaldeasturias.com\/noticias\/zapico-pide-soluciones-para-los-ganaderos-asturianos-afectados-por-la-energia-eolica\/","og:image":"https:\/\/www.eldigitaldeasturias.com\/noticias\/wp-content\/uploads\/2026\/06\/Contenidos.jpg","og:image:secure_url":"https:\/\/www.eldigitaldeasturias.com\/noticias\/wp-content\/uploads\/2026\/06\/Contenidos.jpg","og:image:width":1265,"og:image:height":697,"article:tag":["actualidad asturias"],"article:published_time":"2021-05-09T13:09:11+00:00","article:modified_time":"2021-05-09T13:09:11+00:00","article:publisher":"https:\/\/facebook.com\/eldigitaldeasturias","twitter:card":"summary_large_image","twitter:title":"Zapico pide soluciones para los ganaderos asturianos afectados por la energ\u00eda e\u00f3lica - El Digital de Asturias","twitter:description":"IU de Asturias ha presentado una PNL con el objetivo de dar respuesta a los problemas que se est\u00e1n generando con la instalaci\u00f3n de parque se e\u00f3licos en Asturias","twitter:image":"https:\/\/www.eldigitaldeasturias.com\/noticias\/wp-content\/uploads\/2026\/06\/Contenidos.jpg","twitter:label1":"Escrito por","twitter:data1":"El Digital de Asturias","twitter:label2":"Tiempo de lectura estimado","twitter:data2":"2 minutos"},"aioseo_meta_data":{"post_id":"1091260","title":null,"description":"IU de Asturias ha presentado una PNL con el objetivo de dar respuesta a los problemas que se est\u00e1n generando con la instalaci\u00f3n de parque se e\u00f3licos en Asturias","keywords":[],"keyphrases":{"focus":[],"additional":[]},"primary_term":null,"canonical_url":null,"og_title":null,"og_description":null,"og_object_type":"default","og_image_type":"default","og_image_url":null,"og_image_width":null,"og_image_height":null,"og_image_custom_url":null,"og_image_custom_fields":null,"og_video":"","og_custom_url":null,"og_article_section":null,"og_article_tags":[],"twitter_use_og":false,"twitter_card":"default","twitter_image_type":"default","twitter_image_url":null,"twitter_image_custom_url":null,"twitter_image_custom_fields":null,"twitter_title":null,"twitter_description":null,"schema":{"blockGraphs":[],"customGraphs":[],"default":{"data":{"Article":[],"Course":[],"Dataset":[],"FAQPage":[],"Movie":[],"Person":[],"Product":[],"ProductReview":[],"Car":[],"Recipe":[],"Service":[],"SoftwareApplication":[],"WebPage":[]},"graphName":"","isEnabled":true},"graphs":[],"defaultGraph":"Article","defaultPostTypeGraph":""},"schema_type":"default","schema_type_options":"{\"article\":{\"articleType\":\"BlogPosting\"},\"course\":{\"name\":\"\",\"description\":\"\",\"provider\":\"\"},\"faq\":{\"pages\":[]},\"product\":{\"reviews\":[]},\"recipe\":{\"ingredients\":[],\"instructions\":[],\"keywords\":[]},\"software\":{\"reviews\":[],\"operatingSystems\":[]},\"webPage\":{\"webPageType\":\"WebPage\"}}","pillar_content":false,"robots_default":true,"robots_noindex":false,"robots_noarchive":false,"robots_nosnippet":false,"robots_nofollow":false,"robots_noimageindex":false,"robots_noodp":false,"robots_notranslate":false,"robots_max_snippet":"-1","robots_max_videopreview":"-1","robots_max_imagepreview":"large","priority":null,"frequency":"default","local_seo":{"locations":{"business":{"name":"","businessType":"","image":"","areaServed":"","urls":{"website":"","aboutPage":"","contactPage":""},"address":{"streetLine1":"","streetLine2":"","zipCode":"","city":"","state":"","country":"","addressFormat":"#streetLineOne\n#streetLineTwo\n#city, #state #zipCode"},"contact":{"phone":"","email":"","fax":""},"ids":{"vat":"","tax":"","chamberOfCommerce":""},"payment":{"priceRange":"","currenciesAccepted":"","methods":""}}},"openingHours":{"useDefaults":true,"show":true,"alwaysOpen":false,"use24hFormat":false,"timezone":"","labels":{"closed":"","alwaysOpen":""},"days":{"monday":{"open24h":false,"closed":false,"openTime":"09:00","closeTime":"17:00"},"tuesday":{"open24h":false,"closed":false,"openTime":"09:00","closeTime":"17:00"},"wednesday":{"open24h":false,"closed":false,"openTime":"09:00","closeTime":"17:00"},"thursday":{"open24h":false,"closed":false,"openTime":"09:00","closeTime":"17:00"},"friday":{"open24h":false,"closed":false,"openTime":"09:00","closeTime":"17:00"},"saturday":{"open24h":false,"closed":false,"openTime":"09:00","closeTime":"17:00"},"sunday":{"open24h":false,"closed":false,"openTime":"09:00","closeTime":"17:00"}}}},"seo_analyzer_scan_date":"2026-07-17 18:56:31","breadcrumb_settings":null,"limit_modified_date":false,"open_ai":null,"ai":null,"created":"2021-05-09 12:59:40","updated":"2026-07-17 18:56:31","focus_keyword":null,"additional_keywords":null,"truseo_locale":null},"aioseo_breadcrumb":"<div class=\"aioseo-breadcrumbs\"><span class=\"aioseo-breadcrumb\">\n\t<a href=\"https:\/\/www.eldigitaldeasturias.com\/noticias\" title=\"Home\">Home<\/a>\n<\/span><span class=\"aioseo-breadcrumb-separator\">\u2013<\/span><span class=\"aioseo-breadcrumb\">\n\t<a href=\"https:\/\/www.eldigitaldeasturias.com\/noticias\/category\/actualidad-asturias\/\" title=\"Actualidad Asturias\">Actualidad Asturias<\/a>\n<\/span><span class=\"aioseo-breadcrumb-separator\">\u2013<\/span><span class=\"aioseo-breadcrumb\">\n\t<a href=\"https:\/\/www.eldigitaldeasturias.com\/noticias\/zapico-pide-soluciones-para-los-ganaderos-asturianos-afectados-por-la-energia-eolica\/\" title=\"Zapico pide soluciones para los ganaderos asturianos afectados por la energ\u00eda e\u00f3lica\">Zapico pide soluciones para los ganaderos asturianos afectados por la energ\u00eda e\u00f3lica<\/a>\n<\/span><\/div>","aioseo_breadcrumb_json":[{"label":"Home","link":"https:\/\/www.eldigitaldeasturias.com\/noticias"},{"label":"Actualidad Asturias","link":"https:\/\/www.eldigitaldeasturias.com\/noticias\/category\/actualidad-asturias\/"},{"label":"Zapico pide soluciones para los ganaderos asturianos afectados por la energ\u00eda e\u00f3lica","link":"https:\/\/www.eldigitaldeasturias.com\/noticias\/zapico-pide-soluciones-para-los-ganaderos-asturianos-afectados-por-la-energia-eolica\/"}],"_links":{"self":[{"href":"https:\/\/www.eldigitaldeasturias.com\/noticias\/wp-json\/wp\/v2\/posts\/1091260","targetHints":{"allow":["GET"]}}],"collection":[{"href":"https:\/\/www.eldigitaldeasturias.com\/noticias\/wp-json\/wp\/v2\/posts"}],"about":[{"href":"https:\/\/www.eldigitaldeasturias.com\/noticias\/wp-json\/wp\/v2\/types\/post"}],"author":[{"embeddable":true,"href":"https:\/\/www.eldigitaldeasturias.com\/noticias\/wp-json\/wp\/v2\/users\/1"}],"replies":[{"embeddable":true,"href":"https:\/\/www.eldigitaldeasturias.com\/noticias\/wp-json\/wp\/v2\/comments?post=1091260"}],"version-history":[{"count":0,"href":"https:\/\/www.eldigitaldeasturias.com\/noticias\/wp-json\/wp\/v2\/posts\/1091260\/revisions"}],"wp:featuredmedia":[{"embeddable":true,"href":"https:\/\/www.eldigitaldeasturias.com\/noticias\/wp-json\/wp\/v2\/media\/1132184"}],"wp:attachment":[{"href":"https:\/\/www.eldigitaldeasturias.com\/noticias\/wp-json\/wp\/v2\/media?parent=1091260"}],"wp:term":[{"taxonomy":"category","embeddable":true,"href":"https:\/\/www.eldigitaldeasturias.com\/noticias\/wp-json\/wp\/v2\/categories?post=1091260"},{"taxonomy":"post_tag","embeddable":true,"href":"https:\/\/www.eldigitaldeasturias.com\/noticias\/wp-json\/wp\/v2\/tags?post=1091260"}],"curies":[{"name":"wp","href":"https:\/\/api.w.org\/{rel}","templated":true}]}}