{"id":1091235,"date":"2021-05-09T12:01:18","date_gmt":"2021-05-09T11:01:18","guid":{"rendered":"https:\/\/www.eldigitaldeasturias.com\/noticias\/?p=1091235"},"modified":"2021-05-09T12:01:18","modified_gmt":"2021-05-09T11:01:18","slug":"el-osezno-rescatado-en-yernes-y-tameza-continua-su-recuperacion-en-proaza","status":"publish","type":"post","link":"https:\/\/www.eldigitaldeasturias.com\/noticias\/el-osezno-rescatado-en-yernes-y-tameza-continua-su-recuperacion-en-proaza\/","title":{"rendered":"El osezno rescatado en Yernes y Tameza contin\u00faa su recuperaci\u00f3n en Proaza"},"content":{"rendered":"<p>El Gobierno del Principado de Asturias, ha informado hoy que <strong>la cr\u00eda de oso pardo hu\u00e9rfano que fue rescatada el 1 de abril en Yernes y Tameza ha sido trasladada a un cercado habilitado por el Principado en Proaza<\/strong>, donde contin\u00faa su recuperaci\u00f3n. El osezno permanecer\u00e1 all\u00ed hasta que pueda ser reintroducido en el medio natural.<\/p>\n<p><iframe loading=\"lazy\" title=\"YouTube video player\" src=\"https:\/\/www.youtube.com\/embed\/DK8vbBDcZo4\" width=\"640\" height=\"360\" frameborder=\"0\" allowfullscreen=\"allowfullscreen\"><span data-mce-type=\"bookmark\" style=\"display: inline-block; width: 0px; overflow: hidden; line-height: 0;\" class=\"mce_SELRES_start\">\ufeff<\/span><\/iframe><\/p>\n<p>El cercado cuenta con una zona interior con foco de calor y otra exterior. Ambas tienen enriquecimiento ambiental, que se modifica peri\u00f3dicamente, y est\u00e1n dotadas de sistemas de videovigilancia que permiten realizar un seguimiento del animal las 24 horas. Una de las prioridades es reducir al m\u00ednimo imprescindible el contacto con personas para evitar que se habit\u00fae a ellas.<\/p>\n<p>Un equipo de cuidadores de la <strong>Fundaci\u00f3n Oso de Asturias<\/strong> (FOA) se encarga de su alimentaci\u00f3n y manejo y est\u00e1 en contacto permanente con t\u00e9cnicos de la Administraci\u00f3n auton\u00f3mica y especialistas nacionales e internacionales. El osezno ya ha empezado a recibir alimentos s\u00f3lidos, contin\u00faa ganando peso, muy importante dada su corta edad, y ya ha alcanzado los siete kilos.<\/p>\n<p><strong>El ejemplar fue localizado por agentes del Medio Natural durante una patrulla de vigilancia en la zona del Cubia, entre los municipios de Yernes y Tameza, Grado y Proaza<\/strong>, e inmediatamente se activ\u00f3 el protocolo de recuperaci\u00f3n y asistencia veterinaria. Tras una exhaustiva revisi\u00f3n de la zona, de acuerdo con el protocolo de intervenci\u00f3n con osos en la cordillera Cant\u00e1brica, se comprob\u00f3 que el ejemplar se encontraba aislado de su grupo familiar.<\/p>\n<p>Los primeros cuidados veterinarios se centraron en la recogida de indicadores biom\u00e9tricos y toma de muestras, que determinaron un buen estado de salud del esbardo. Seguidamente, siempre bajo la estrecha vigilancia de los agentes del Medio Natural y con la colaboraci\u00f3n de la FOA, se busc\u00f3 su reintroducci\u00f3n inmediata en la zona de recogida, para lo que se dot\u00f3 al ejemplar de un dispositivo de radioseguimiento y se intent\u00f3 la integraci\u00f3n con el n\u00facleo familiar pero no fue posible. Fue entonces cuando los servicios t\u00e9cnicos determinaron que la mejor f\u00f3rmula para garantizar la supervivencia de la cr\u00eda era su recuperaci\u00f3n funcional en instalaciones del Principado.<\/p>\n<p>Durante las primeras semanas se estableci\u00f3 un dispositivo de b\u00fasqueda, integrado por agentes del Medio Natural, que intent\u00f3 localizar a la madre, sin resultado.<\/p>\n<h2>Protocolo de actuaci\u00f3n<\/h2>\n<p>Los casos de cr\u00edas de oso pardo que quedan hu\u00e9rfanas durante sus primeros meses de vida son cada vez m\u00e1s frecuentes en los \u00faltimos a\u00f1os debido a la recuperaci\u00f3n de la especie en la cordillera. Esta situaci\u00f3n, que responde a diferentes causas, se produce principalmente desde finales de la primavera hasta oto\u00f1o, cuando los ejemplares tienen entre 3 y 8 meses.<\/p>\n<p>El grupo de trabajo sobre el oso pardo puso de manifiesto en su \u00faltima reuni\u00f3n la escasa informaci\u00f3n disponible sobre la supervivencia de estos esbardos en la naturaleza, por lo que se acord\u00f3 que, ante la aparici\u00f3n de oseznos, se actuar\u00e1 de forma proactiva en su recuperaci\u00f3n, con el fin de proporcionarles tratamiento veterinario si fuera necesario y afrontar su reintroducci\u00f3n en el medio natural en las mejores condiciones. Por otro lado, si resulta posible, se utilizar\u00e1n dispositivos de seguimiento para aumentar las probabilidades de supervivencia y mejorar el conocimiento sobre la especie.<\/p>\n<p>&nbsp;<\/p>\n","protected":false},"excerpt":{"rendered":"<p>El Gobierno del Principado de Asturias, ha informado hoy que la cr\u00eda de oso pardo hu\u00e9rfano que fue rescatada el 1 de abril en Yernes y Tameza ha sido trasladada a un cercado habilitado por el Principado en Proaza, donde contin\u00faa su recuperaci\u00f3n. El osezno permanecer\u00e1 all\u00ed hasta que pueda ser reintroducido en el medio [&hellip;]<\/p>\n","protected":false},"author":1,"featured_media":780295,"comment_status":"closed","ping_status":"closed","sticky":false,"template":"","format":"standard","meta":{"footnotes":""},"categories":[12],"tags":[],"class_list":["post-1091235","post","type-post","status-publish","format-standard","has-post-thumbnail","hentry","category-actualidad-asturias"],"aioseo_notices":[],"aioseo_head":"\n\t\t<!-- All in One SEO Pro 5.0.1 - aioseo.com -->\n\t<meta name=\"description\" content=\"La cr\u00eda de oso pardo hu\u00e9rfano que fue rescatada el 1 de abril en Yernes y Tameza, ha sido trasladada a un cercado habilitado por el Principado en Proaza\" \/>\n\t<meta name=\"robots\" content=\"max-image-preview:large\" \/>\n\t<meta name=\"author\" content=\"El Digital de Asturias\"\/>\n\t<meta name=\"google-site-verification\" content=\"UA-38556648-1\" \/>\n\t<meta name=\"msvalidate.01\" content=\"7dfe9f3f1b24437ab69f4f2559babe99\" \/>\n\t<meta name=\"keywords\" content=\"actualidad asturias\" \/>\n\t<link rel=\"canonical\" href=\"https:\/\/www.eldigitaldeasturias.com\/noticias\/el-osezno-rescatado-en-yernes-y-tameza-continua-su-recuperacion-en-proaza\/\" \/>\n\t<meta name=\"generator\" content=\"All in One SEO Pro (AIOSEO) 5.0.1\" \/>\n\t\t<meta property=\"og:locale\" content=\"es_ES\" \/>\n\t\t<meta property=\"og:site_name\" content=\"El Digital de Asturias\" \/>\n\t\t<meta property=\"og:type\" content=\"article\" \/>\n\t\t<meta property=\"og:title\" content=\"El osezno rescatado en Yernes y Tameza contin\u00faa su recuperaci\u00f3n en Proaza - El Digital de Asturias\" \/>\n\t\t<meta property=\"og:description\" content=\"La cr\u00eda de oso pardo hu\u00e9rfano que fue rescatada el 1 de abril en Yernes y Tameza, ha sido trasladada a un cercado habilitado por el Principado en Proaza\" \/>\n\t\t<meta property=\"og:url\" content=\"https:\/\/www.eldigitaldeasturias.com\/noticias\/el-osezno-rescatado-en-yernes-y-tameza-continua-su-recuperacion-en-proaza\/\" \/>\n\t\t<meta property=\"article:tag\" content=\"actualidad asturias\" \/>\n\t\t<meta property=\"article:published_time\" content=\"2021-05-09T11:01:18+00:00\" \/>\n\t\t<meta property=\"article:modified_time\" content=\"2021-05-09T11:01:18+00:00\" \/>\n\t\t<meta property=\"article:publisher\" content=\"https:\/\/facebook.com\/eldigitaldeasturias\" \/>\n\t\t<meta name=\"twitter:card\" content=\"summary_large_image\" \/>\n\t\t<meta name=\"twitter:title\" content=\"El osezno rescatado en Yernes y Tameza contin\u00faa su recuperaci\u00f3n en Proaza - El Digital de Asturias\" \/>\n\t\t<meta name=\"twitter:description\" content=\"La cr\u00eda de oso pardo hu\u00e9rfano que fue rescatada el 1 de abril en Yernes y Tameza, ha sido trasladada a un cercado habilitado por el Principado en Proaza\" \/>\n\t\t<meta name=\"twitter:image\" content=\"https:\/\/www.eldigitaldeasturias.com\/noticias\/wp-content\/uploads\/2020\/12\/EDA-1.jpg\" \/>\n\t\t<meta name=\"twitter:label1\" content=\"Escrito por\" \/>\n\t\t<meta name=\"twitter:data1\" content=\"El Digital de Asturias\" \/>\n\t\t<meta name=\"twitter:label2\" content=\"Tiempo de lectura estimado\" \/>\n\t\t<meta name=\"twitter:data2\" content=\"3 minutos\" \/>\n\t\t<script type=\"application\/ld+json\" class=\"aioseo-schema\">\n\t\t\t{\"@context\":\"https:\\\/\\\/schema.org\",\"@graph\":[{\"@type\":\"BlogPosting\",\"@id\":\"https:\\\/\\\/www.eldigitaldeasturias.com\\\/noticias\\\/el-osezno-rescatado-en-yernes-y-tameza-continua-su-recuperacion-en-proaza\\\/#blogposting\",\"name\":\"El osezno rescatado en Yernes y Tameza contin\\u00faa su recuperaci\\u00f3n en Proaza - El Digital de Asturias\",\"headline\":\"El osezno rescatado en Yernes y Tameza contin\\u00faa su recuperaci\\u00f3n en Proaza\",\"author\":{\"@id\":\"https:\\\/\\\/www.eldigitaldeasturias.com\\\/noticias\\\/author\\\/admin\\\/#author\"},\"publisher\":{\"@id\":\"https:\\\/\\\/www.eldigitaldeasturias.com\\\/noticias\\\/#organization\"},\"image\":{\"@type\":\"ImageObject\",\"url\":780295},\"datePublished\":\"2021-05-09T12:01:18+02:00\",\"dateModified\":\"2021-05-09T12:01:18+02:00\",\"inLanguage\":\"es-ES\",\"mainEntityOfPage\":{\"@id\":\"https:\\\/\\\/www.eldigitaldeasturias.com\\\/noticias\\\/el-osezno-rescatado-en-yernes-y-tameza-continua-su-recuperacion-en-proaza\\\/#webpage\"},\"isPartOf\":{\"@id\":\"https:\\\/\\\/www.eldigitaldeasturias.com\\\/noticias\\\/el-osezno-rescatado-en-yernes-y-tameza-continua-su-recuperacion-en-proaza\\\/#webpage\"},\"articleSection\":\"Actualidad Asturias\"},{\"@type\":\"BreadcrumbList\",\"@id\":\"https:\\\/\\\/www.eldigitaldeasturias.com\\\/noticias\\\/el-osezno-rescatado-en-yernes-y-tameza-continua-su-recuperacion-en-proaza\\\/#breadcrumblist\",\"itemListElement\":[{\"@type\":\"ListItem\",\"@id\":\"https:\\\/\\\/www.eldigitaldeasturias.com\\\/noticias#listItem\",\"position\":1,\"name\":\"Home\",\"item\":\"https:\\\/\\\/www.eldigitaldeasturias.com\\\/noticias\",\"nextItem\":{\"@type\":\"ListItem\",\"@id\":\"https:\\\/\\\/www.eldigitaldeasturias.com\\\/noticias\\\/category\\\/actualidad-asturias\\\/#listItem\",\"name\":\"Actualidad Asturias\"}},{\"@type\":\"ListItem\",\"@id\":\"https:\\\/\\\/www.eldigitaldeasturias.com\\\/noticias\\\/category\\\/actualidad-asturias\\\/#listItem\",\"position\":2,\"name\":\"Actualidad Asturias\",\"item\":\"https:\\\/\\\/www.eldigitaldeasturias.com\\\/noticias\\\/category\\\/actualidad-asturias\\\/\",\"nextItem\":{\"@type\":\"ListItem\",\"@id\":\"https:\\\/\\\/www.eldigitaldeasturias.com\\\/noticias\\\/el-osezno-rescatado-en-yernes-y-tameza-continua-su-recuperacion-en-proaza\\\/#listItem\",\"name\":\"El osezno rescatado en Yernes y Tameza contin\\u00faa su recuperaci\\u00f3n en Proaza\"},\"previousItem\":{\"@type\":\"ListItem\",\"@id\":\"https:\\\/\\\/www.eldigitaldeasturias.com\\\/noticias#listItem\",\"name\":\"Home\"}},{\"@type\":\"ListItem\",\"@id\":\"https:\\\/\\\/www.eldigitaldeasturias.com\\\/noticias\\\/el-osezno-rescatado-en-yernes-y-tameza-continua-su-recuperacion-en-proaza\\\/#listItem\",\"position\":3,\"name\":\"El osezno rescatado en Yernes y Tameza contin\\u00faa su recuperaci\\u00f3n en Proaza\",\"previousItem\":{\"@type\":\"ListItem\",\"@id\":\"https:\\\/\\\/www.eldigitaldeasturias.com\\\/noticias\\\/category\\\/actualidad-asturias\\\/#listItem\",\"name\":\"Actualidad Asturias\"}}]},{\"@type\":\"Organization\",\"@id\":\"https:\\\/\\\/www.eldigitaldeasturias.com\\\/noticias\\\/#organization\",\"name\":\"El Digital de Asturias\",\"description\":\"Hemeroteca\",\"url\":\"https:\\\/\\\/www.eldigitaldeasturias.com\\\/noticias\\\/\",\"email\":\"info@eldigitaldeasturias.com\",\"telephone\":\"+34652131393\",\"logo\":{\"@type\":\"ImageObject\",\"url\":\"https:\\\/\\\/www.eldigitaldeasturias.com\\\/noticias\\\/wp-content\\\/uploads\\\/2020\\\/12\\\/EDA.jpg\",\"@id\":\"https:\\\/\\\/www.eldigitaldeasturias.com\\\/noticias\\\/el-osezno-rescatado-en-yernes-y-tameza-continua-su-recuperacion-en-proaza\\\/#organizationLogo\"},\"image\":{\"@id\":\"https:\\\/\\\/www.eldigitaldeasturias.com\\\/noticias\\\/el-osezno-rescatado-en-yernes-y-tameza-continua-su-recuperacion-en-proaza\\\/#organizationLogo\"},\"sameAs\":[\"https:\\\/\\\/facebook.com\\\/eldigitaldeasturias\",\"https:\\\/\\\/www.youtube.com\\\/channel\\\/UCZP-2wLEB9Rv6erhFmqVnvg\"],\"address\":{\"@id\":\"https:\\\/\\\/www.eldigitaldeasturias.com\\\/noticias\\\/#postaladdress\",\"@type\":\"PostalAddress\",\"streetAddress\":\"san antonio 4\",\"postalCode\":\"33430\",\"addressLocality\":\"Cand\\u00e1s\",\"addressRegion\":\"Asturias\",\"addressCountry\":\"ES\"}},{\"@type\":\"Person\",\"@id\":\"https:\\\/\\\/www.eldigitaldeasturias.com\\\/noticias\\\/author\\\/admin\\\/#author\",\"url\":\"https:\\\/\\\/www.eldigitaldeasturias.com\\\/noticias\\\/author\\\/admin\\\/\",\"name\":\"El Digital de Asturias\",\"image\":{\"@type\":\"ImageObject\",\"@id\":\"https:\\\/\\\/www.eldigitaldeasturias.com\\\/noticias\\\/el-osezno-rescatado-en-yernes-y-tameza-continua-su-recuperacion-en-proaza\\\/#authorImage\",\"url\":\"https:\\\/\\\/secure.gravatar.com\\\/avatar\\\/df2aeffc32bcd13f8d26072ef8a91b623d677766deac7f97ca815868cd41bf5e?s=96&d=mm&r=g\",\"width\":96,\"height\":96,\"caption\":\"El Digital de Asturias\"}},{\"@type\":\"WebPage\",\"@id\":\"https:\\\/\\\/www.eldigitaldeasturias.com\\\/noticias\\\/el-osezno-rescatado-en-yernes-y-tameza-continua-su-recuperacion-en-proaza\\\/#webpage\",\"url\":\"https:\\\/\\\/www.eldigitaldeasturias.com\\\/noticias\\\/el-osezno-rescatado-en-yernes-y-tameza-continua-su-recuperacion-en-proaza\\\/\",\"name\":\"El osezno rescatado en Yernes y Tameza contin\\u00faa su recuperaci\\u00f3n en Proaza - El Digital de Asturias\",\"description\":\"La cr\\u00eda de oso pardo hu\\u00e9rfano que fue rescatada el 1 de abril en Yernes y Tameza, ha sido trasladada a un cercado habilitado por el Principado en Proaza\",\"inLanguage\":\"es-ES\",\"isPartOf\":{\"@id\":\"https:\\\/\\\/www.eldigitaldeasturias.com\\\/noticias\\\/#website\"},\"breadcrumb\":{\"@id\":\"https:\\\/\\\/www.eldigitaldeasturias.com\\\/noticias\\\/el-osezno-rescatado-en-yernes-y-tameza-continua-su-recuperacion-en-proaza\\\/#breadcrumblist\"},\"author\":{\"@id\":\"https:\\\/\\\/www.eldigitaldeasturias.com\\\/noticias\\\/author\\\/admin\\\/#author\"},\"creator\":{\"@id\":\"https:\\\/\\\/www.eldigitaldeasturias.com\\\/noticias\\\/author\\\/admin\\\/#author\"},\"image\":{\"@type\":\"ImageObject\",\"url\":780295,\"@id\":\"https:\\\/\\\/www.eldigitaldeasturias.com\\\/noticias\\\/el-osezno-rescatado-en-yernes-y-tameza-continua-su-recuperacion-en-proaza\\\/#mainImage\"},\"primaryImageOfPage\":{\"@id\":\"https:\\\/\\\/www.eldigitaldeasturias.com\\\/noticias\\\/el-osezno-rescatado-en-yernes-y-tameza-continua-su-recuperacion-en-proaza\\\/#mainImage\"},\"datePublished\":\"2021-05-09T12:01:18+02:00\",\"dateModified\":\"2021-05-09T12:01:18+02:00\"},{\"@type\":\"WebSite\",\"@id\":\"https:\\\/\\\/www.eldigitaldeasturias.com\\\/noticias\\\/#website\",\"url\":\"https:\\\/\\\/www.eldigitaldeasturias.com\\\/noticias\\\/\",\"name\":\"El Digital de Asturias - Diario de actualidad y noticias\",\"alternateName\":\"El Digital de Asturias - Diario de actualidad y noticias\",\"description\":\"Hemeroteca\",\"inLanguage\":\"es-ES\",\"publisher\":{\"@id\":\"https:\\\/\\\/www.eldigitaldeasturias.com\\\/noticias\\\/#organization\"}}]}\n\t\t<\/script>\n\t\t<!-- All in One SEO Pro -->\r\n\t\t<title>El osezno rescatado en Yernes y Tameza contin\u00faa su recuperaci\u00f3n en Proaza - El Digital de Asturias<\/title>\n\n","aioseo_head_json":{"title":"El osezno rescatado en Yernes y Tameza contin\u00faa su recuperaci\u00f3n en Proaza - El Digital de Asturias","description":"La cr\u00eda de oso pardo hu\u00e9rfano que fue rescatada el 1 de abril en Yernes y Tameza, ha sido trasladada a un cercado habilitado por el Principado en Proaza","canonical_url":"https:\/\/www.eldigitaldeasturias.com\/noticias\/el-osezno-rescatado-en-yernes-y-tameza-continua-su-recuperacion-en-proaza\/","robots":"max-image-preview:large","keywords":"actualidad asturias","webmasterTools":{"google-site-verification":"UA-38556648-1","msvalidate.01":"7dfe9f3f1b24437ab69f4f2559babe99","miscellaneous":""},"schema":{"@context":"https:\/\/schema.org","@graph":[{"@type":"BlogPosting","@id":"https:\/\/www.eldigitaldeasturias.com\/noticias\/el-osezno-rescatado-en-yernes-y-tameza-continua-su-recuperacion-en-proaza\/#blogposting","name":"El osezno rescatado en Yernes y Tameza contin\u00faa su recuperaci\u00f3n en Proaza - El Digital de Asturias","headline":"El osezno rescatado en Yernes y Tameza contin\u00faa su recuperaci\u00f3n en Proaza","author":{"@id":"https:\/\/www.eldigitaldeasturias.com\/noticias\/author\/admin\/#author"},"publisher":{"@id":"https:\/\/www.eldigitaldeasturias.com\/noticias\/#organization"},"image":{"@type":"ImageObject","url":780295},"datePublished":"2021-05-09T12:01:18+02:00","dateModified":"2021-05-09T12:01:18+02:00","inLanguage":"es-ES","mainEntityOfPage":{"@id":"https:\/\/www.eldigitaldeasturias.com\/noticias\/el-osezno-rescatado-en-yernes-y-tameza-continua-su-recuperacion-en-proaza\/#webpage"},"isPartOf":{"@id":"https:\/\/www.eldigitaldeasturias.com\/noticias\/el-osezno-rescatado-en-yernes-y-tameza-continua-su-recuperacion-en-proaza\/#webpage"},"articleSection":"Actualidad Asturias"},{"@type":"BreadcrumbList","@id":"https:\/\/www.eldigitaldeasturias.com\/noticias\/el-osezno-rescatado-en-yernes-y-tameza-continua-su-recuperacion-en-proaza\/#breadcrumblist","itemListElement":[{"@type":"ListItem","@id":"https:\/\/www.eldigitaldeasturias.com\/noticias#listItem","position":1,"name":"Home","item":"https:\/\/www.eldigitaldeasturias.com\/noticias","nextItem":{"@type":"ListItem","@id":"https:\/\/www.eldigitaldeasturias.com\/noticias\/category\/actualidad-asturias\/#listItem","name":"Actualidad Asturias"}},{"@type":"ListItem","@id":"https:\/\/www.eldigitaldeasturias.com\/noticias\/category\/actualidad-asturias\/#listItem","position":2,"name":"Actualidad Asturias","item":"https:\/\/www.eldigitaldeasturias.com\/noticias\/category\/actualidad-asturias\/","nextItem":{"@type":"ListItem","@id":"https:\/\/www.eldigitaldeasturias.com\/noticias\/el-osezno-rescatado-en-yernes-y-tameza-continua-su-recuperacion-en-proaza\/#listItem","name":"El osezno rescatado en Yernes y Tameza contin\u00faa su recuperaci\u00f3n en Proaza"},"previousItem":{"@type":"ListItem","@id":"https:\/\/www.eldigitaldeasturias.com\/noticias#listItem","name":"Home"}},{"@type":"ListItem","@id":"https:\/\/www.eldigitaldeasturias.com\/noticias\/el-osezno-rescatado-en-yernes-y-tameza-continua-su-recuperacion-en-proaza\/#listItem","position":3,"name":"El osezno rescatado en Yernes y Tameza contin\u00faa su recuperaci\u00f3n en Proaza","previousItem":{"@type":"ListItem","@id":"https:\/\/www.eldigitaldeasturias.com\/noticias\/category\/actualidad-asturias\/#listItem","name":"Actualidad Asturias"}}]},{"@type":"Organization","@id":"https:\/\/www.eldigitaldeasturias.com\/noticias\/#organization","name":"El Digital de Asturias","description":"Hemeroteca","url":"https:\/\/www.eldigitaldeasturias.com\/noticias\/","email":"info@eldigitaldeasturias.com","telephone":"+34652131393","logo":{"@type":"ImageObject","url":"https:\/\/www.eldigitaldeasturias.com\/noticias\/wp-content\/uploads\/2020\/12\/EDA.jpg","@id":"https:\/\/www.eldigitaldeasturias.com\/noticias\/el-osezno-rescatado-en-yernes-y-tameza-continua-su-recuperacion-en-proaza\/#organizationLogo"},"image":{"@id":"https:\/\/www.eldigitaldeasturias.com\/noticias\/el-osezno-rescatado-en-yernes-y-tameza-continua-su-recuperacion-en-proaza\/#organizationLogo"},"sameAs":["https:\/\/facebook.com\/eldigitaldeasturias","https:\/\/www.youtube.com\/channel\/UCZP-2wLEB9Rv6erhFmqVnvg"],"address":{"@id":"https:\/\/www.eldigitaldeasturias.com\/noticias\/#postaladdress","@type":"PostalAddress","streetAddress":"san antonio 4","postalCode":"33430","addressLocality":"Cand\u00e1s","addressRegion":"Asturias","addressCountry":"ES"}},{"@type":"Person","@id":"https:\/\/www.eldigitaldeasturias.com\/noticias\/author\/admin\/#author","url":"https:\/\/www.eldigitaldeasturias.com\/noticias\/author\/admin\/","name":"El Digital de Asturias","image":{"@type":"ImageObject","@id":"https:\/\/www.eldigitaldeasturias.com\/noticias\/el-osezno-rescatado-en-yernes-y-tameza-continua-su-recuperacion-en-proaza\/#authorImage","url":"https:\/\/secure.gravatar.com\/avatar\/df2aeffc32bcd13f8d26072ef8a91b623d677766deac7f97ca815868cd41bf5e?s=96&d=mm&r=g","width":96,"height":96,"caption":"El Digital de Asturias"}},{"@type":"WebPage","@id":"https:\/\/www.eldigitaldeasturias.com\/noticias\/el-osezno-rescatado-en-yernes-y-tameza-continua-su-recuperacion-en-proaza\/#webpage","url":"https:\/\/www.eldigitaldeasturias.com\/noticias\/el-osezno-rescatado-en-yernes-y-tameza-continua-su-recuperacion-en-proaza\/","name":"El osezno rescatado en Yernes y Tameza contin\u00faa su recuperaci\u00f3n en Proaza - El Digital de Asturias","description":"La cr\u00eda de oso pardo hu\u00e9rfano que fue rescatada el 1 de abril en Yernes y Tameza, ha sido trasladada a un cercado habilitado por el Principado en Proaza","inLanguage":"es-ES","isPartOf":{"@id":"https:\/\/www.eldigitaldeasturias.com\/noticias\/#website"},"breadcrumb":{"@id":"https:\/\/www.eldigitaldeasturias.com\/noticias\/el-osezno-rescatado-en-yernes-y-tameza-continua-su-recuperacion-en-proaza\/#breadcrumblist"},"author":{"@id":"https:\/\/www.eldigitaldeasturias.com\/noticias\/author\/admin\/#author"},"creator":{"@id":"https:\/\/www.eldigitaldeasturias.com\/noticias\/author\/admin\/#author"},"image":{"@type":"ImageObject","url":780295,"@id":"https:\/\/www.eldigitaldeasturias.com\/noticias\/el-osezno-rescatado-en-yernes-y-tameza-continua-su-recuperacion-en-proaza\/#mainImage"},"primaryImageOfPage":{"@id":"https:\/\/www.eldigitaldeasturias.com\/noticias\/el-osezno-rescatado-en-yernes-y-tameza-continua-su-recuperacion-en-proaza\/#mainImage"},"datePublished":"2021-05-09T12:01:18+02:00","dateModified":"2021-05-09T12:01:18+02:00"},{"@type":"WebSite","@id":"https:\/\/www.eldigitaldeasturias.com\/noticias\/#website","url":"https:\/\/www.eldigitaldeasturias.com\/noticias\/","name":"El Digital de Asturias - Diario de actualidad y noticias","alternateName":"El Digital de Asturias - Diario de actualidad y noticias","description":"Hemeroteca","inLanguage":"es-ES","publisher":{"@id":"https:\/\/www.eldigitaldeasturias.com\/noticias\/#organization"}}]},"og:locale":"es_ES","og:site_name":"El Digital de Asturias","og:type":"article","og:title":"El osezno rescatado en Yernes y Tameza contin\u00faa su recuperaci\u00f3n en Proaza - El Digital de Asturias","og:description":"La cr\u00eda de oso pardo hu\u00e9rfano que fue rescatada el 1 de abril en Yernes y Tameza, ha sido trasladada a un cercado habilitado por el Principado en Proaza","og:url":"https:\/\/www.eldigitaldeasturias.com\/noticias\/el-osezno-rescatado-en-yernes-y-tameza-continua-su-recuperacion-en-proaza\/","article:tag":["actualidad asturias"],"article:published_time":"2021-05-09T11:01:18+00:00","article:modified_time":"2021-05-09T11:01:18+00:00","article:publisher":"https:\/\/facebook.com\/eldigitaldeasturias","twitter:card":"summary_large_image","twitter:title":"El osezno rescatado en Yernes y Tameza contin\u00faa su recuperaci\u00f3n en Proaza - El Digital de Asturias","twitter:description":"La cr\u00eda de oso pardo hu\u00e9rfano que fue rescatada el 1 de abril en Yernes y Tameza, ha sido trasladada a un cercado habilitado por el Principado en Proaza","twitter:image":"https:\/\/www.eldigitaldeasturias.com\/noticias\/wp-content\/uploads\/2020\/12\/EDA-1.jpg","twitter:label1":"Escrito por","twitter:data1":"El Digital de Asturias","twitter:label2":"Tiempo de lectura estimado","twitter:data2":"3 minutos"},"aioseo_meta_data":{"post_id":"1091235","title":null,"description":"La cr\u00eda de oso pardo hu\u00e9rfano que fue rescatada el 1 de abril en Yernes y Tameza, ha sido trasladada a un cercado habilitado por el Principado en Proaza","keywords":[],"keyphrases":{"focus":[],"additional":[]},"primary_term":null,"canonical_url":null,"og_title":null,"og_description":null,"og_object_type":"default","og_image_type":"default","og_image_url":null,"og_image_width":null,"og_image_height":null,"og_image_custom_url":null,"og_image_custom_fields":null,"og_video":"","og_custom_url":null,"og_article_section":null,"og_article_tags":[],"twitter_use_og":false,"twitter_card":"default","twitter_image_type":"default","twitter_image_url":null,"twitter_image_custom_url":null,"twitter_image_custom_fields":null,"twitter_title":null,"twitter_description":null,"schema":{"blockGraphs":[],"customGraphs":[],"default":{"data":{"Article":[],"Course":[],"Dataset":[],"FAQPage":[],"Movie":[],"Person":[],"Product":[],"ProductReview":[],"Car":[],"Recipe":[],"Service":[],"SoftwareApplication":[],"WebPage":[]},"graphName":"","isEnabled":true},"graphs":[],"defaultGraph":"Article","defaultPostTypeGraph":""},"schema_type":"default","schema_type_options":"{\"article\":{\"articleType\":\"BlogPosting\"},\"course\":{\"name\":\"\",\"description\":\"\",\"provider\":\"\"},\"faq\":{\"pages\":[]},\"product\":{\"reviews\":[]},\"recipe\":{\"ingredients\":[],\"instructions\":[],\"keywords\":[]},\"software\":{\"reviews\":[],\"operatingSystems\":[]},\"webPage\":{\"webPageType\":\"WebPage\"}}","pillar_content":false,"robots_default":true,"robots_noindex":false,"robots_noarchive":false,"robots_nosnippet":false,"robots_nofollow":false,"robots_noimageindex":false,"robots_noodp":false,"robots_notranslate":false,"robots_max_snippet":"-1","robots_max_videopreview":"-1","robots_max_imagepreview":"large","priority":null,"frequency":"default","local_seo":{"locations":{"business":{"name":"","businessType":"","image":"","areaServed":"","urls":{"website":"","aboutPage":"","contactPage":""},"address":{"streetLine1":"","streetLine2":"","zipCode":"","city":"","state":"","country":"","addressFormat":"#streetLineOne\n#streetLineTwo\n#city, #state #zipCode"},"contact":{"phone":"","email":"","fax":""},"ids":{"vat":"","tax":"","chamberOfCommerce":""},"payment":{"priceRange":"","currenciesAccepted":"","methods":""}}},"openingHours":{"useDefaults":true,"show":true,"alwaysOpen":false,"use24hFormat":false,"timezone":"","labels":{"closed":"","alwaysOpen":""},"days":{"monday":{"open24h":false,"closed":false,"openTime":"09:00","closeTime":"17:00"},"tuesday":{"open24h":false,"closed":false,"openTime":"09:00","closeTime":"17:00"},"wednesday":{"open24h":false,"closed":false,"openTime":"09:00","closeTime":"17:00"},"thursday":{"open24h":false,"closed":false,"openTime":"09:00","closeTime":"17:00"},"friday":{"open24h":false,"closed":false,"openTime":"09:00","closeTime":"17:00"},"saturday":{"open24h":false,"closed":false,"openTime":"09:00","closeTime":"17:00"},"sunday":{"open24h":false,"closed":false,"openTime":"09:00","closeTime":"17:00"}}}},"seo_analyzer_scan_date":"2026-07-17 18:49:09","breadcrumb_settings":null,"limit_modified_date":false,"open_ai":null,"ai":null,"created":"2021-05-09 10:51:04","updated":"2026-07-17 18:49:09","focus_keyword":null,"additional_keywords":null,"truseo_locale":null},"aioseo_breadcrumb":"<div class=\"aioseo-breadcrumbs\"><span class=\"aioseo-breadcrumb\">\n\t<a href=\"https:\/\/www.eldigitaldeasturias.com\/noticias\" title=\"Home\">Home<\/a>\n<\/span><span class=\"aioseo-breadcrumb-separator\">\u2013<\/span><span class=\"aioseo-breadcrumb\">\n\t<a href=\"https:\/\/www.eldigitaldeasturias.com\/noticias\/category\/actualidad-asturias\/\" title=\"Actualidad Asturias\">Actualidad Asturias<\/a>\n<\/span><span class=\"aioseo-breadcrumb-separator\">\u2013<\/span><span class=\"aioseo-breadcrumb\">\n\t<a href=\"https:\/\/www.eldigitaldeasturias.com\/noticias\/el-osezno-rescatado-en-yernes-y-tameza-continua-su-recuperacion-en-proaza\/\" title=\"El osezno rescatado en Yernes y Tameza contin\u00faa su recuperaci\u00f3n en Proaza\">El osezno rescatado en Yernes y Tameza contin\u00faa su recuperaci\u00f3n en Proaza<\/a>\n<\/span><\/div>","aioseo_breadcrumb_json":[{"label":"Home","link":"https:\/\/www.eldigitaldeasturias.com\/noticias"},{"label":"Actualidad Asturias","link":"https:\/\/www.eldigitaldeasturias.com\/noticias\/category\/actualidad-asturias\/"},{"label":"El osezno rescatado en Yernes y Tameza contin\u00faa su recuperaci\u00f3n en Proaza","link":"https:\/\/www.eldigitaldeasturias.com\/noticias\/el-osezno-rescatado-en-yernes-y-tameza-continua-su-recuperacion-en-proaza\/"}],"_links":{"self":[{"href":"https:\/\/www.eldigitaldeasturias.com\/noticias\/wp-json\/wp\/v2\/posts\/1091235","targetHints":{"allow":["GET"]}}],"collection":[{"href":"https:\/\/www.eldigitaldeasturias.com\/noticias\/wp-json\/wp\/v2\/posts"}],"about":[{"href":"https:\/\/www.eldigitaldeasturias.com\/noticias\/wp-json\/wp\/v2\/types\/post"}],"author":[{"embeddable":true,"href":"https:\/\/www.eldigitaldeasturias.com\/noticias\/wp-json\/wp\/v2\/users\/1"}],"replies":[{"embeddable":true,"href":"https:\/\/www.eldigitaldeasturias.com\/noticias\/wp-json\/wp\/v2\/comments?post=1091235"}],"version-history":[{"count":0,"href":"https:\/\/www.eldigitaldeasturias.com\/noticias\/wp-json\/wp\/v2\/posts\/1091235\/revisions"}],"wp:attachment":[{"href":"https:\/\/www.eldigitaldeasturias.com\/noticias\/wp-json\/wp\/v2\/media?parent=1091235"}],"wp:term":[{"taxonomy":"category","embeddable":true,"href":"https:\/\/www.eldigitaldeasturias.com\/noticias\/wp-json\/wp\/v2\/categories?post=1091235"},{"taxonomy":"post_tag","embeddable":true,"href":"https:\/\/www.eldigitaldeasturias.com\/noticias\/wp-json\/wp\/v2\/tags?post=1091235"}],"curies":[{"name":"wp","href":"https:\/\/api.w.org\/{rel}","templated":true}]}}