{"id":1091131,"date":"2021-05-08T17:36:55","date_gmt":"2021-05-08T16:36:55","guid":{"rendered":"https:\/\/www.eldigitaldeasturias.com\/noticias\/?p=1091131"},"modified":"2021-05-08T17:48:09","modified_gmt":"2021-05-08T16:48:09","slug":"rodriguez-lito-lo-peor-del-sanchismo-se-esta-instaurando-en-asturias","status":"publish","type":"post","link":"https:\/\/www.eldigitaldeasturias.com\/noticias\/rodriguez-lito-lo-peor-del-sanchismo-se-esta-instaurando-en-asturias\/","title":{"rendered":"Rodr\u00edguez \u00abLito\u00bb: \u00abLo peor del sanchismo se est\u00e1 instaurando en Asturias\u00bb"},"content":{"rendered":"<p><img loading=\"lazy\" decoding=\"async\" class=\"alignleft size-medium wp-image-1091132\" src=\"https:\/\/www.eldigitaldeasturias.com\/noticias\/wp-content\/uploads\/2021\/05\/Lito-PP-Asturias-360x213.jpg\" alt=\"Lito PP Asturias\" width=\"360\" height=\"213\" \/>El Vicesecretario de Organizaci\u00f3n del PP de Asturias, <strong>Jos\u00e9 Manuel Rodr\u00edguez \u2018Lito\u2019 ha reclamado al alcalde de Sobrescobio, el socialista Marcelino Mart\u00ednez, el cese inmediato del alcalde de barrio de Campiellos<\/strong>, tras \u201cinsultar y amenazar\u201d a dos representantes del PP en dicha localidad.<\/p>\n<p>Rodr\u00edguez ha hecho tambi\u00e9n un llamamiento el viernes a la FSA para evitar que el \u00abradicalismo\u00bb llegue a Asturias con una petici\u00f3n expresa a evitar m\u00e1s episodios de \u201camenazas\u201d y hagan prevalecer la \u201cmoderaci\u00f3n, el respeto a la Ley y el sentido com\u00fan\u201d entre sus concejales, alcalde y otros representantes de su partido.<\/p>\n<p>Lito se ha manifestado as\u00ed en Sobrescobio donde ha estado en la ma\u00f1ana del viernes acompa\u00f1ando a los representantes populares en la localidad que recientemente han sido \u201cinsultados y amenazados\u201d por el alcalde de barrio de Campiellos, Jos\u00e9 Mar\u00eda Rubio. <strong>Desde el PP entienden que el alcalde de la localidad, el socialista Marcelino Mart\u00ednez, \u201cno puede ocultarse m\u00e1s tras el silencio c\u00f3mplice y debe dar la cara ante una actitud de odio y represi\u00f3n a dos representantes pol\u00edticos\u201d<\/strong>.<\/p>\n<p>\u201cEntendemos que Rubio debe presentar su dimisi\u00f3n o ser cesado de inmediato\u201d, ha defendido Lito quien ha recordado que \u201cel de alcalde de barrio es un cargo nominal elegido personalmente por el alcalde hacia una persona que debe velar por la convivencia en su \u00e1rea de actuaci\u00f3n, siendo el representante legal del acalde\u201d.<\/p>\n<p><strong>El ataque personal a ediles del PP sucedido el pasado mes en Sobrescobio \u201cno es un caso aislado\u201d, se\u00f1ala el dirigente popular<\/strong>, \u201csino uno m\u00e1s que se suma a una serie de lamentables acontecimientos que durante los \u00faltimos meses estamos presenciando en diferentes localidades asturianas\u201d. Y destaca que \u201c<strong>lo peor del sanchismo se est\u00e1 instaurando en Asturias, donde el partido del Presidente del Principado observa impasible la actitud indecorosa y radical de algunos<\/strong> de sus representantes locales en diferentes localidades asturianas\u201d.<\/p>\n<p>En este sentido, se\u00f1ala algunos otros acontecimientos entre los que destaca el ocurrido en julio del pasado a\u00f1o en Puerto de Vega cuando un concejal del PP de Navia sufri\u00f3 una agresi\u00f3n de la pareja de una edil socialista de Coa\u00f1a mientras paseaba con su familia; o que en Yernes y Tameza el alcalde contin\u00faa en el cargo pese a haber anunciado su dimisi\u00f3n tras ser pillado conduciendo fuera del horario toque de queda el pasado mes de enero y pese a haber anunciado en el cargo su cese. El Vicesecretario de Organizaci\u00f3n del PP asturiano ha instado a la FSA a \u201cdejar atr\u00e1s el odio y la crispaci\u00f3n, y volver a la senda del consenso, la concordia y la libertad\u201d.<\/p>\n<p>&nbsp;<\/p>\n","protected":false},"excerpt":{"rendered":"<p>El Vicesecretario de Organizaci\u00f3n del PP de Asturias, Jos\u00e9 Manuel Rodr\u00edguez \u2018Lito\u2019 ha reclamado al alcalde de Sobrescobio, el socialista Marcelino Mart\u00ednez, el cese inmediato del alcalde de barrio de Campiellos, tras \u201cinsultar y amenazar\u201d a dos representantes del PP en dicha localidad. Rodr\u00edguez ha hecho tambi\u00e9n un llamamiento el viernes a la FSA para [&hellip;]<\/p>\n","protected":false},"author":1,"featured_media":1132184,"comment_status":"closed","ping_status":"closed","sticky":false,"template":"","format":"standard","meta":{"footnotes":""},"categories":[12],"tags":[],"class_list":["post-1091131","post","type-post","status-publish","format-standard","has-post-thumbnail","hentry","category-actualidad-asturias"],"aioseo_notices":[],"aioseo_head":"\n\t\t<!-- All in One SEO Pro 5.0.1 - aioseo.com -->\n\t<meta name=\"description\" content=\"Rodr\u00edguez ha hecho tambi\u00e9n un llamamiento el viernes a la FSA para evitar que el &quot;radicalismo&quot; llegue a Asturias con una petici\u00f3n expresa a evitar m\u00e1s episodios\" \/>\n\t<meta name=\"robots\" content=\"max-image-preview:large\" \/>\n\t<meta name=\"author\" content=\"El Digital de Asturias\"\/>\n\t<meta name=\"google-site-verification\" content=\"UA-38556648-1\" \/>\n\t<meta name=\"msvalidate.01\" content=\"7dfe9f3f1b24437ab69f4f2559babe99\" \/>\n\t<meta name=\"keywords\" content=\"actualidad asturias\" \/>\n\t<link rel=\"canonical\" href=\"https:\/\/www.eldigitaldeasturias.com\/noticias\/rodriguez-lito-lo-peor-del-sanchismo-se-esta-instaurando-en-asturias\/\" \/>\n\t<meta name=\"generator\" content=\"All in One SEO Pro (AIOSEO) 5.0.1\" \/>\n\t\t<meta property=\"og:locale\" content=\"es_ES\" \/>\n\t\t<meta property=\"og:site_name\" content=\"El Digital de Asturias\" \/>\n\t\t<meta property=\"og:type\" content=\"article\" \/>\n\t\t<meta property=\"og:title\" content=\"Rodr\u00edguez \u00abLito\u00bb: \u00abLo peor del sanchismo se est\u00e1 instaurando en Asturias\u00bb - El Digital de Asturias\" \/>\n\t\t<meta property=\"og:description\" content=\"Rodr\u00edguez ha hecho tambi\u00e9n un llamamiento el viernes a la FSA para evitar que el &quot;radicalismo&quot; llegue a Asturias con una petici\u00f3n expresa a evitar m\u00e1s episodios\" \/>\n\t\t<meta property=\"og:url\" content=\"https:\/\/www.eldigitaldeasturias.com\/noticias\/rodriguez-lito-lo-peor-del-sanchismo-se-esta-instaurando-en-asturias\/\" \/>\n\t\t<meta property=\"og:image\" content=\"https:\/\/www.eldigitaldeasturias.com\/noticias\/wp-content\/uploads\/2026\/06\/Contenidos.jpg\" \/>\n\t\t<meta property=\"og:image:secure_url\" content=\"https:\/\/www.eldigitaldeasturias.com\/noticias\/wp-content\/uploads\/2026\/06\/Contenidos.jpg\" \/>\n\t\t<meta property=\"og:image:width\" content=\"1265\" \/>\n\t\t<meta property=\"og:image:height\" content=\"697\" \/>\n\t\t<meta property=\"article:tag\" content=\"actualidad asturias\" \/>\n\t\t<meta property=\"article:published_time\" content=\"2021-05-08T16:36:55+00:00\" \/>\n\t\t<meta property=\"article:modified_time\" content=\"2021-05-08T16:48:09+00:00\" \/>\n\t\t<meta property=\"article:publisher\" content=\"https:\/\/facebook.com\/eldigitaldeasturias\" \/>\n\t\t<meta name=\"twitter:card\" content=\"summary_large_image\" \/>\n\t\t<meta name=\"twitter:title\" content=\"Rodr\u00edguez \u00abLito\u00bb: \u00abLo peor del sanchismo se est\u00e1 instaurando en Asturias\u00bb - El Digital de Asturias\" \/>\n\t\t<meta name=\"twitter:description\" content=\"Rodr\u00edguez ha hecho tambi\u00e9n un llamamiento el viernes a la FSA para evitar que el &quot;radicalismo&quot; llegue a Asturias con una petici\u00f3n expresa a evitar m\u00e1s episodios\" \/>\n\t\t<meta name=\"twitter:image\" content=\"https:\/\/www.eldigitaldeasturias.com\/noticias\/wp-content\/uploads\/2026\/06\/Contenidos.jpg\" \/>\n\t\t<meta name=\"twitter:label1\" content=\"Escrito por\" \/>\n\t\t<meta name=\"twitter:data1\" content=\"El Digital de Asturias\" \/>\n\t\t<meta name=\"twitter:label2\" content=\"Tiempo de lectura estimado\" \/>\n\t\t<meta name=\"twitter:data2\" content=\"2 minutos\" \/>\n\t\t<script type=\"application\/ld+json\" class=\"aioseo-schema\">\n\t\t\t{\"@context\":\"https:\\\/\\\/schema.org\",\"@graph\":[{\"@type\":\"BlogPosting\",\"@id\":\"https:\\\/\\\/www.eldigitaldeasturias.com\\\/noticias\\\/rodriguez-lito-lo-peor-del-sanchismo-se-esta-instaurando-en-asturias\\\/#blogposting\",\"name\":\"Rodr\\u00edguez \\u00abLito\\u00bb: \\u00abLo peor del sanchismo se est\\u00e1 instaurando en Asturias\\u00bb - El Digital de Asturias\",\"headline\":\"Rodr\\u00edguez \\u00abLito\\u00bb: \\u00abLo peor del sanchismo se est\\u00e1 instaurando en Asturias\\u00bb\",\"author\":{\"@id\":\"https:\\\/\\\/www.eldigitaldeasturias.com\\\/noticias\\\/author\\\/admin\\\/#author\"},\"publisher\":{\"@id\":\"https:\\\/\\\/www.eldigitaldeasturias.com\\\/noticias\\\/#organization\"},\"image\":{\"@type\":\"ImageObject\",\"url\":\"https:\\\/\\\/www.eldigitaldeasturias.com\\\/noticias\\\/wp-content\\\/uploads\\\/2026\\\/06\\\/Contenidos.jpg\",\"width\":1265,\"height\":697,\"caption\":\"Contenidos\"},\"datePublished\":\"2021-05-08T17:36:55+02:00\",\"dateModified\":\"2021-05-08T17:48:09+02:00\",\"inLanguage\":\"es-ES\",\"mainEntityOfPage\":{\"@id\":\"https:\\\/\\\/www.eldigitaldeasturias.com\\\/noticias\\\/rodriguez-lito-lo-peor-del-sanchismo-se-esta-instaurando-en-asturias\\\/#webpage\"},\"isPartOf\":{\"@id\":\"https:\\\/\\\/www.eldigitaldeasturias.com\\\/noticias\\\/rodriguez-lito-lo-peor-del-sanchismo-se-esta-instaurando-en-asturias\\\/#webpage\"},\"articleSection\":\"Actualidad Asturias\"},{\"@type\":\"BreadcrumbList\",\"@id\":\"https:\\\/\\\/www.eldigitaldeasturias.com\\\/noticias\\\/rodriguez-lito-lo-peor-del-sanchismo-se-esta-instaurando-en-asturias\\\/#breadcrumblist\",\"itemListElement\":[{\"@type\":\"ListItem\",\"@id\":\"https:\\\/\\\/www.eldigitaldeasturias.com\\\/noticias#listItem\",\"position\":1,\"name\":\"Home\",\"item\":\"https:\\\/\\\/www.eldigitaldeasturias.com\\\/noticias\",\"nextItem\":{\"@type\":\"ListItem\",\"@id\":\"https:\\\/\\\/www.eldigitaldeasturias.com\\\/noticias\\\/category\\\/actualidad-asturias\\\/#listItem\",\"name\":\"Actualidad Asturias\"}},{\"@type\":\"ListItem\",\"@id\":\"https:\\\/\\\/www.eldigitaldeasturias.com\\\/noticias\\\/category\\\/actualidad-asturias\\\/#listItem\",\"position\":2,\"name\":\"Actualidad Asturias\",\"item\":\"https:\\\/\\\/www.eldigitaldeasturias.com\\\/noticias\\\/category\\\/actualidad-asturias\\\/\",\"nextItem\":{\"@type\":\"ListItem\",\"@id\":\"https:\\\/\\\/www.eldigitaldeasturias.com\\\/noticias\\\/rodriguez-lito-lo-peor-del-sanchismo-se-esta-instaurando-en-asturias\\\/#listItem\",\"name\":\"Rodr\\u00edguez \\u00abLito\\u00bb: \\u00abLo peor del sanchismo se est\\u00e1 instaurando en Asturias\\u00bb\"},\"previousItem\":{\"@type\":\"ListItem\",\"@id\":\"https:\\\/\\\/www.eldigitaldeasturias.com\\\/noticias#listItem\",\"name\":\"Home\"}},{\"@type\":\"ListItem\",\"@id\":\"https:\\\/\\\/www.eldigitaldeasturias.com\\\/noticias\\\/rodriguez-lito-lo-peor-del-sanchismo-se-esta-instaurando-en-asturias\\\/#listItem\",\"position\":3,\"name\":\"Rodr\\u00edguez \\u00abLito\\u00bb: \\u00abLo peor del sanchismo se est\\u00e1 instaurando en Asturias\\u00bb\",\"previousItem\":{\"@type\":\"ListItem\",\"@id\":\"https:\\\/\\\/www.eldigitaldeasturias.com\\\/noticias\\\/category\\\/actualidad-asturias\\\/#listItem\",\"name\":\"Actualidad Asturias\"}}]},{\"@type\":\"Organization\",\"@id\":\"https:\\\/\\\/www.eldigitaldeasturias.com\\\/noticias\\\/#organization\",\"name\":\"El Digital de Asturias\",\"description\":\"Hemeroteca\",\"url\":\"https:\\\/\\\/www.eldigitaldeasturias.com\\\/noticias\\\/\",\"email\":\"info@eldigitaldeasturias.com\",\"telephone\":\"+34652131393\",\"logo\":{\"@type\":\"ImageObject\",\"url\":\"https:\\\/\\\/www.eldigitaldeasturias.com\\\/noticias\\\/wp-content\\\/uploads\\\/2020\\\/12\\\/EDA.jpg\",\"@id\":\"https:\\\/\\\/www.eldigitaldeasturias.com\\\/noticias\\\/rodriguez-lito-lo-peor-del-sanchismo-se-esta-instaurando-en-asturias\\\/#organizationLogo\"},\"image\":{\"@id\":\"https:\\\/\\\/www.eldigitaldeasturias.com\\\/noticias\\\/rodriguez-lito-lo-peor-del-sanchismo-se-esta-instaurando-en-asturias\\\/#organizationLogo\"},\"sameAs\":[\"https:\\\/\\\/facebook.com\\\/eldigitaldeasturias\",\"https:\\\/\\\/www.youtube.com\\\/channel\\\/UCZP-2wLEB9Rv6erhFmqVnvg\"],\"address\":{\"@id\":\"https:\\\/\\\/www.eldigitaldeasturias.com\\\/noticias\\\/#postaladdress\",\"@type\":\"PostalAddress\",\"streetAddress\":\"san antonio 4\",\"postalCode\":\"33430\",\"addressLocality\":\"Cand\\u00e1s\",\"addressRegion\":\"Asturias\",\"addressCountry\":\"ES\"}},{\"@type\":\"Person\",\"@id\":\"https:\\\/\\\/www.eldigitaldeasturias.com\\\/noticias\\\/author\\\/admin\\\/#author\",\"url\":\"https:\\\/\\\/www.eldigitaldeasturias.com\\\/noticias\\\/author\\\/admin\\\/\",\"name\":\"El Digital de Asturias\",\"image\":{\"@type\":\"ImageObject\",\"@id\":\"https:\\\/\\\/www.eldigitaldeasturias.com\\\/noticias\\\/rodriguez-lito-lo-peor-del-sanchismo-se-esta-instaurando-en-asturias\\\/#authorImage\",\"url\":\"https:\\\/\\\/secure.gravatar.com\\\/avatar\\\/df2aeffc32bcd13f8d26072ef8a91b623d677766deac7f97ca815868cd41bf5e?s=96&d=mm&r=g\",\"width\":96,\"height\":96,\"caption\":\"El Digital de Asturias\"}},{\"@type\":\"WebPage\",\"@id\":\"https:\\\/\\\/www.eldigitaldeasturias.com\\\/noticias\\\/rodriguez-lito-lo-peor-del-sanchismo-se-esta-instaurando-en-asturias\\\/#webpage\",\"url\":\"https:\\\/\\\/www.eldigitaldeasturias.com\\\/noticias\\\/rodriguez-lito-lo-peor-del-sanchismo-se-esta-instaurando-en-asturias\\\/\",\"name\":\"Rodr\\u00edguez \\u00abLito\\u00bb: \\u00abLo peor del sanchismo se est\\u00e1 instaurando en Asturias\\u00bb - El Digital de Asturias\",\"description\":\"Rodr\\u00edguez ha hecho tambi\\u00e9n un llamamiento el viernes a la FSA para evitar que el \\\"radicalismo\\\" llegue a Asturias con una petici\\u00f3n expresa a evitar m\\u00e1s episodios\",\"inLanguage\":\"es-ES\",\"isPartOf\":{\"@id\":\"https:\\\/\\\/www.eldigitaldeasturias.com\\\/noticias\\\/#website\"},\"breadcrumb\":{\"@id\":\"https:\\\/\\\/www.eldigitaldeasturias.com\\\/noticias\\\/rodriguez-lito-lo-peor-del-sanchismo-se-esta-instaurando-en-asturias\\\/#breadcrumblist\"},\"author\":{\"@id\":\"https:\\\/\\\/www.eldigitaldeasturias.com\\\/noticias\\\/author\\\/admin\\\/#author\"},\"creator\":{\"@id\":\"https:\\\/\\\/www.eldigitaldeasturias.com\\\/noticias\\\/author\\\/admin\\\/#author\"},\"image\":{\"@type\":\"ImageObject\",\"url\":\"https:\\\/\\\/www.eldigitaldeasturias.com\\\/noticias\\\/wp-content\\\/uploads\\\/2026\\\/06\\\/Contenidos.jpg\",\"@id\":\"https:\\\/\\\/www.eldigitaldeasturias.com\\\/noticias\\\/rodriguez-lito-lo-peor-del-sanchismo-se-esta-instaurando-en-asturias\\\/#mainImage\",\"width\":1265,\"height\":697,\"caption\":\"Contenidos\"},\"primaryImageOfPage\":{\"@id\":\"https:\\\/\\\/www.eldigitaldeasturias.com\\\/noticias\\\/rodriguez-lito-lo-peor-del-sanchismo-se-esta-instaurando-en-asturias\\\/#mainImage\"},\"datePublished\":\"2021-05-08T17:36:55+02:00\",\"dateModified\":\"2021-05-08T17:48:09+02:00\"},{\"@type\":\"WebSite\",\"@id\":\"https:\\\/\\\/www.eldigitaldeasturias.com\\\/noticias\\\/#website\",\"url\":\"https:\\\/\\\/www.eldigitaldeasturias.com\\\/noticias\\\/\",\"name\":\"El Digital de Asturias - Diario de actualidad y noticias\",\"alternateName\":\"El Digital de Asturias - Diario de actualidad y noticias\",\"description\":\"Hemeroteca\",\"inLanguage\":\"es-ES\",\"publisher\":{\"@id\":\"https:\\\/\\\/www.eldigitaldeasturias.com\\\/noticias\\\/#organization\"}}]}\n\t\t<\/script>\n\t\t<!-- All in One SEO Pro -->\r\n\t\t<title>Rodr\u00edguez \u00abLito\u00bb: \u00abLo peor del sanchismo se est\u00e1 instaurando en Asturias\u00bb - El Digital de Asturias<\/title>\n\n","aioseo_head_json":{"title":"Rodr\u00edguez \u00abLito\u00bb: \u00abLo peor del sanchismo se est\u00e1 instaurando en Asturias\u00bb - El Digital de Asturias","description":"Rodr\u00edguez ha hecho tambi\u00e9n un llamamiento el viernes a la FSA para evitar que el \"radicalismo\" llegue a Asturias con una petici\u00f3n expresa a evitar m\u00e1s episodios","canonical_url":"https:\/\/www.eldigitaldeasturias.com\/noticias\/rodriguez-lito-lo-peor-del-sanchismo-se-esta-instaurando-en-asturias\/","robots":"max-image-preview:large","keywords":"actualidad asturias","webmasterTools":{"google-site-verification":"UA-38556648-1","msvalidate.01":"7dfe9f3f1b24437ab69f4f2559babe99","miscellaneous":""},"schema":{"@context":"https:\/\/schema.org","@graph":[{"@type":"BlogPosting","@id":"https:\/\/www.eldigitaldeasturias.com\/noticias\/rodriguez-lito-lo-peor-del-sanchismo-se-esta-instaurando-en-asturias\/#blogposting","name":"Rodr\u00edguez \u00abLito\u00bb: \u00abLo peor del sanchismo se est\u00e1 instaurando en Asturias\u00bb - El Digital de Asturias","headline":"Rodr\u00edguez \u00abLito\u00bb: \u00abLo peor del sanchismo se est\u00e1 instaurando en Asturias\u00bb","author":{"@id":"https:\/\/www.eldigitaldeasturias.com\/noticias\/author\/admin\/#author"},"publisher":{"@id":"https:\/\/www.eldigitaldeasturias.com\/noticias\/#organization"},"image":{"@type":"ImageObject","url":"https:\/\/www.eldigitaldeasturias.com\/noticias\/wp-content\/uploads\/2026\/06\/Contenidos.jpg","width":1265,"height":697,"caption":"Contenidos"},"datePublished":"2021-05-08T17:36:55+02:00","dateModified":"2021-05-08T17:48:09+02:00","inLanguage":"es-ES","mainEntityOfPage":{"@id":"https:\/\/www.eldigitaldeasturias.com\/noticias\/rodriguez-lito-lo-peor-del-sanchismo-se-esta-instaurando-en-asturias\/#webpage"},"isPartOf":{"@id":"https:\/\/www.eldigitaldeasturias.com\/noticias\/rodriguez-lito-lo-peor-del-sanchismo-se-esta-instaurando-en-asturias\/#webpage"},"articleSection":"Actualidad Asturias"},{"@type":"BreadcrumbList","@id":"https:\/\/www.eldigitaldeasturias.com\/noticias\/rodriguez-lito-lo-peor-del-sanchismo-se-esta-instaurando-en-asturias\/#breadcrumblist","itemListElement":[{"@type":"ListItem","@id":"https:\/\/www.eldigitaldeasturias.com\/noticias#listItem","position":1,"name":"Home","item":"https:\/\/www.eldigitaldeasturias.com\/noticias","nextItem":{"@type":"ListItem","@id":"https:\/\/www.eldigitaldeasturias.com\/noticias\/category\/actualidad-asturias\/#listItem","name":"Actualidad Asturias"}},{"@type":"ListItem","@id":"https:\/\/www.eldigitaldeasturias.com\/noticias\/category\/actualidad-asturias\/#listItem","position":2,"name":"Actualidad Asturias","item":"https:\/\/www.eldigitaldeasturias.com\/noticias\/category\/actualidad-asturias\/","nextItem":{"@type":"ListItem","@id":"https:\/\/www.eldigitaldeasturias.com\/noticias\/rodriguez-lito-lo-peor-del-sanchismo-se-esta-instaurando-en-asturias\/#listItem","name":"Rodr\u00edguez \u00abLito\u00bb: \u00abLo peor del sanchismo se est\u00e1 instaurando en Asturias\u00bb"},"previousItem":{"@type":"ListItem","@id":"https:\/\/www.eldigitaldeasturias.com\/noticias#listItem","name":"Home"}},{"@type":"ListItem","@id":"https:\/\/www.eldigitaldeasturias.com\/noticias\/rodriguez-lito-lo-peor-del-sanchismo-se-esta-instaurando-en-asturias\/#listItem","position":3,"name":"Rodr\u00edguez \u00abLito\u00bb: \u00abLo peor del sanchismo se est\u00e1 instaurando en Asturias\u00bb","previousItem":{"@type":"ListItem","@id":"https:\/\/www.eldigitaldeasturias.com\/noticias\/category\/actualidad-asturias\/#listItem","name":"Actualidad Asturias"}}]},{"@type":"Organization","@id":"https:\/\/www.eldigitaldeasturias.com\/noticias\/#organization","name":"El Digital de Asturias","description":"Hemeroteca","url":"https:\/\/www.eldigitaldeasturias.com\/noticias\/","email":"info@eldigitaldeasturias.com","telephone":"+34652131393","logo":{"@type":"ImageObject","url":"https:\/\/www.eldigitaldeasturias.com\/noticias\/wp-content\/uploads\/2020\/12\/EDA.jpg","@id":"https:\/\/www.eldigitaldeasturias.com\/noticias\/rodriguez-lito-lo-peor-del-sanchismo-se-esta-instaurando-en-asturias\/#organizationLogo"},"image":{"@id":"https:\/\/www.eldigitaldeasturias.com\/noticias\/rodriguez-lito-lo-peor-del-sanchismo-se-esta-instaurando-en-asturias\/#organizationLogo"},"sameAs":["https:\/\/facebook.com\/eldigitaldeasturias","https:\/\/www.youtube.com\/channel\/UCZP-2wLEB9Rv6erhFmqVnvg"],"address":{"@id":"https:\/\/www.eldigitaldeasturias.com\/noticias\/#postaladdress","@type":"PostalAddress","streetAddress":"san antonio 4","postalCode":"33430","addressLocality":"Cand\u00e1s","addressRegion":"Asturias","addressCountry":"ES"}},{"@type":"Person","@id":"https:\/\/www.eldigitaldeasturias.com\/noticias\/author\/admin\/#author","url":"https:\/\/www.eldigitaldeasturias.com\/noticias\/author\/admin\/","name":"El Digital de Asturias","image":{"@type":"ImageObject","@id":"https:\/\/www.eldigitaldeasturias.com\/noticias\/rodriguez-lito-lo-peor-del-sanchismo-se-esta-instaurando-en-asturias\/#authorImage","url":"https:\/\/secure.gravatar.com\/avatar\/df2aeffc32bcd13f8d26072ef8a91b623d677766deac7f97ca815868cd41bf5e?s=96&d=mm&r=g","width":96,"height":96,"caption":"El Digital de Asturias"}},{"@type":"WebPage","@id":"https:\/\/www.eldigitaldeasturias.com\/noticias\/rodriguez-lito-lo-peor-del-sanchismo-se-esta-instaurando-en-asturias\/#webpage","url":"https:\/\/www.eldigitaldeasturias.com\/noticias\/rodriguez-lito-lo-peor-del-sanchismo-se-esta-instaurando-en-asturias\/","name":"Rodr\u00edguez \u00abLito\u00bb: \u00abLo peor del sanchismo se est\u00e1 instaurando en Asturias\u00bb - El Digital de Asturias","description":"Rodr\u00edguez ha hecho tambi\u00e9n un llamamiento el viernes a la FSA para evitar que el \"radicalismo\" llegue a Asturias con una petici\u00f3n expresa a evitar m\u00e1s episodios","inLanguage":"es-ES","isPartOf":{"@id":"https:\/\/www.eldigitaldeasturias.com\/noticias\/#website"},"breadcrumb":{"@id":"https:\/\/www.eldigitaldeasturias.com\/noticias\/rodriguez-lito-lo-peor-del-sanchismo-se-esta-instaurando-en-asturias\/#breadcrumblist"},"author":{"@id":"https:\/\/www.eldigitaldeasturias.com\/noticias\/author\/admin\/#author"},"creator":{"@id":"https:\/\/www.eldigitaldeasturias.com\/noticias\/author\/admin\/#author"},"image":{"@type":"ImageObject","url":"https:\/\/www.eldigitaldeasturias.com\/noticias\/wp-content\/uploads\/2026\/06\/Contenidos.jpg","@id":"https:\/\/www.eldigitaldeasturias.com\/noticias\/rodriguez-lito-lo-peor-del-sanchismo-se-esta-instaurando-en-asturias\/#mainImage","width":1265,"height":697,"caption":"Contenidos"},"primaryImageOfPage":{"@id":"https:\/\/www.eldigitaldeasturias.com\/noticias\/rodriguez-lito-lo-peor-del-sanchismo-se-esta-instaurando-en-asturias\/#mainImage"},"datePublished":"2021-05-08T17:36:55+02:00","dateModified":"2021-05-08T17:48:09+02:00"},{"@type":"WebSite","@id":"https:\/\/www.eldigitaldeasturias.com\/noticias\/#website","url":"https:\/\/www.eldigitaldeasturias.com\/noticias\/","name":"El Digital de Asturias - Diario de actualidad y noticias","alternateName":"El Digital de Asturias - Diario de actualidad y noticias","description":"Hemeroteca","inLanguage":"es-ES","publisher":{"@id":"https:\/\/www.eldigitaldeasturias.com\/noticias\/#organization"}}]},"og:locale":"es_ES","og:site_name":"El Digital de Asturias","og:type":"article","og:title":"Rodr\u00edguez \u00abLito\u00bb: \u00abLo peor del sanchismo se est\u00e1 instaurando en Asturias\u00bb - El Digital de Asturias","og:description":"Rodr\u00edguez ha hecho tambi\u00e9n un llamamiento el viernes a la FSA para evitar que el &quot;radicalismo&quot; llegue a Asturias con una petici\u00f3n expresa a evitar m\u00e1s episodios","og:url":"https:\/\/www.eldigitaldeasturias.com\/noticias\/rodriguez-lito-lo-peor-del-sanchismo-se-esta-instaurando-en-asturias\/","og:image":"https:\/\/www.eldigitaldeasturias.com\/noticias\/wp-content\/uploads\/2026\/06\/Contenidos.jpg","og:image:secure_url":"https:\/\/www.eldigitaldeasturias.com\/noticias\/wp-content\/uploads\/2026\/06\/Contenidos.jpg","og:image:width":1265,"og:image:height":697,"article:tag":["actualidad asturias"],"article:published_time":"2021-05-08T16:36:55+00:00","article:modified_time":"2021-05-08T16:48:09+00:00","article:publisher":"https:\/\/facebook.com\/eldigitaldeasturias","twitter:card":"summary_large_image","twitter:title":"Rodr\u00edguez \u00abLito\u00bb: \u00abLo peor del sanchismo se est\u00e1 instaurando en Asturias\u00bb - El Digital de Asturias","twitter:description":"Rodr\u00edguez ha hecho tambi\u00e9n un llamamiento el viernes a la FSA para evitar que el &quot;radicalismo&quot; llegue a Asturias con una petici\u00f3n expresa a evitar m\u00e1s episodios","twitter:image":"https:\/\/www.eldigitaldeasturias.com\/noticias\/wp-content\/uploads\/2026\/06\/Contenidos.jpg","twitter:label1":"Escrito por","twitter:data1":"El Digital de Asturias","twitter:label2":"Tiempo de lectura estimado","twitter:data2":"2 minutos"},"aioseo_meta_data":{"post_id":"1091131","title":null,"description":"Rodr\u00edguez ha hecho tambi\u00e9n un llamamiento el viernes a la FSA para evitar que el \"radicalismo\" llegue a Asturias con una petici\u00f3n expresa a evitar m\u00e1s episodios","keywords":[],"keyphrases":{"focus":[],"additional":[]},"primary_term":null,"canonical_url":null,"og_title":null,"og_description":null,"og_object_type":"default","og_image_type":"default","og_image_url":null,"og_image_width":null,"og_image_height":null,"og_image_custom_url":null,"og_image_custom_fields":null,"og_video":"","og_custom_url":null,"og_article_section":null,"og_article_tags":[],"twitter_use_og":false,"twitter_card":"default","twitter_image_type":"default","twitter_image_url":null,"twitter_image_custom_url":null,"twitter_image_custom_fields":null,"twitter_title":null,"twitter_description":null,"schema":{"blockGraphs":[],"customGraphs":[],"default":{"data":{"Article":[],"Course":[],"Dataset":[],"FAQPage":[],"Movie":[],"Person":[],"Product":[],"ProductReview":[],"Car":[],"Recipe":[],"Service":[],"SoftwareApplication":[],"WebPage":[]},"graphName":"","isEnabled":true},"graphs":[],"defaultGraph":"Article","defaultPostTypeGraph":""},"schema_type":"default","schema_type_options":"{\"article\":{\"articleType\":\"BlogPosting\"},\"course\":{\"name\":\"\",\"description\":\"\",\"provider\":\"\"},\"faq\":{\"pages\":[]},\"product\":{\"reviews\":[]},\"recipe\":{\"ingredients\":[],\"instructions\":[],\"keywords\":[]},\"software\":{\"reviews\":[],\"operatingSystems\":[]},\"webPage\":{\"webPageType\":\"WebPage\"}}","pillar_content":false,"robots_default":true,"robots_noindex":false,"robots_noarchive":false,"robots_nosnippet":false,"robots_nofollow":false,"robots_noimageindex":false,"robots_noodp":false,"robots_notranslate":false,"robots_max_snippet":"-1","robots_max_videopreview":"-1","robots_max_imagepreview":"large","priority":null,"frequency":"default","local_seo":{"locations":{"business":{"name":"","businessType":"","image":"","areaServed":"","urls":{"website":"","aboutPage":"","contactPage":""},"address":{"streetLine1":"","streetLine2":"","zipCode":"","city":"","state":"","country":"","addressFormat":"#streetLineOne\n#streetLineTwo\n#city, #state #zipCode"},"contact":{"phone":"","email":"","fax":""},"ids":{"vat":"","tax":"","chamberOfCommerce":""},"payment":{"priceRange":"","currenciesAccepted":"","methods":""}}},"openingHours":{"useDefaults":true,"show":true,"alwaysOpen":false,"use24hFormat":false,"timezone":"","labels":{"closed":"","alwaysOpen":""},"days":{"monday":{"open24h":false,"closed":false,"openTime":"09:00","closeTime":"17:00"},"tuesday":{"open24h":false,"closed":false,"openTime":"09:00","closeTime":"17:00"},"wednesday":{"open24h":false,"closed":false,"openTime":"09:00","closeTime":"17:00"},"thursday":{"open24h":false,"closed":false,"openTime":"09:00","closeTime":"17:00"},"friday":{"open24h":false,"closed":false,"openTime":"09:00","closeTime":"17:00"},"saturday":{"open24h":false,"closed":false,"openTime":"09:00","closeTime":"17:00"},"sunday":{"open24h":false,"closed":false,"openTime":"09:00","closeTime":"17:00"}}}},"seo_analyzer_scan_date":"2026-07-17 18:28:15","breadcrumb_settings":null,"limit_modified_date":false,"open_ai":null,"ai":null,"created":"2021-05-08 16:30:17","updated":"2026-07-17 18:28:15","focus_keyword":null,"additional_keywords":null,"truseo_locale":null},"aioseo_breadcrumb":"<div class=\"aioseo-breadcrumbs\"><span class=\"aioseo-breadcrumb\">\n\t<a href=\"https:\/\/www.eldigitaldeasturias.com\/noticias\" title=\"Home\">Home<\/a>\n<\/span><span class=\"aioseo-breadcrumb-separator\">\u2013<\/span><span class=\"aioseo-breadcrumb\">\n\t<a href=\"https:\/\/www.eldigitaldeasturias.com\/noticias\/category\/actualidad-asturias\/\" title=\"Actualidad Asturias\">Actualidad Asturias<\/a>\n<\/span><span class=\"aioseo-breadcrumb-separator\">\u2013<\/span><span class=\"aioseo-breadcrumb\">\n\t<a href=\"https:\/\/www.eldigitaldeasturias.com\/noticias\/rodriguez-lito-lo-peor-del-sanchismo-se-esta-instaurando-en-asturias\/\" title=\"Rodr\u00edguez \u00abLito\u00bb: \u00abLo peor del sanchismo se est\u00e1 instaurando en Asturias\u00bb\">Rodr\u00edguez \u00abLito\u00bb: \u00abLo peor del sanchismo se est\u00e1 instaurando en Asturias\u00bb<\/a>\n<\/span><\/div>","aioseo_breadcrumb_json":[{"label":"Home","link":"https:\/\/www.eldigitaldeasturias.com\/noticias"},{"label":"Actualidad Asturias","link":"https:\/\/www.eldigitaldeasturias.com\/noticias\/category\/actualidad-asturias\/"},{"label":"Rodr\u00edguez \u00abLito\u00bb: \u00abLo peor del sanchismo se est\u00e1 instaurando en Asturias\u00bb","link":"https:\/\/www.eldigitaldeasturias.com\/noticias\/rodriguez-lito-lo-peor-del-sanchismo-se-esta-instaurando-en-asturias\/"}],"_links":{"self":[{"href":"https:\/\/www.eldigitaldeasturias.com\/noticias\/wp-json\/wp\/v2\/posts\/1091131","targetHints":{"allow":["GET"]}}],"collection":[{"href":"https:\/\/www.eldigitaldeasturias.com\/noticias\/wp-json\/wp\/v2\/posts"}],"about":[{"href":"https:\/\/www.eldigitaldeasturias.com\/noticias\/wp-json\/wp\/v2\/types\/post"}],"author":[{"embeddable":true,"href":"https:\/\/www.eldigitaldeasturias.com\/noticias\/wp-json\/wp\/v2\/users\/1"}],"replies":[{"embeddable":true,"href":"https:\/\/www.eldigitaldeasturias.com\/noticias\/wp-json\/wp\/v2\/comments?post=1091131"}],"version-history":[{"count":0,"href":"https:\/\/www.eldigitaldeasturias.com\/noticias\/wp-json\/wp\/v2\/posts\/1091131\/revisions"}],"wp:featuredmedia":[{"embeddable":true,"href":"https:\/\/www.eldigitaldeasturias.com\/noticias\/wp-json\/wp\/v2\/media\/1132184"}],"wp:attachment":[{"href":"https:\/\/www.eldigitaldeasturias.com\/noticias\/wp-json\/wp\/v2\/media?parent=1091131"}],"wp:term":[{"taxonomy":"category","embeddable":true,"href":"https:\/\/www.eldigitaldeasturias.com\/noticias\/wp-json\/wp\/v2\/categories?post=1091131"},{"taxonomy":"post_tag","embeddable":true,"href":"https:\/\/www.eldigitaldeasturias.com\/noticias\/wp-json\/wp\/v2\/tags?post=1091131"}],"curies":[{"name":"wp","href":"https:\/\/api.w.org\/{rel}","templated":true}]}}