{"id":1091096,"date":"2021-05-07T17:41:21","date_gmt":"2021-05-07T16:41:21","guid":{"rendered":"https:\/\/www.eldigitaldeasturias.com\/noticias\/?p=1091096"},"modified":"2021-05-07T20:12:56","modified_gmt":"2021-05-07T19:12:56","slug":"el-activismo-sera-la-solucion-a-los-problemas-de-la-tierra","status":"publish","type":"post","link":"https:\/\/www.eldigitaldeasturias.com\/noticias\/el-activismo-sera-la-solucion-a-los-problemas-de-la-tierra\/","title":{"rendered":"El activismo ser\u00e1 la soluci\u00f3n a los problemas de la Tierra"},"content":{"rendered":"<p>Nadie puede dudar de que se viven momentos muy dif\u00edciles, tanto en el plano pol\u00edtico como en el econ\u00f3mico y social. Pero, sin el \u00e1nimo de catastrofista habitual en estos tiempos, el mayor de los problemas que se ha de afrontar deja al resto de preocupaciones sin apenas importancia. Se trata de la delicada situaci\u00f3n por la que est\u00e1 pasando el medioambiente, la naturaleza y la vida en este planeta. Nada es m\u00e1s importante que afrontar esta realidad, encontrar la soluci\u00f3n y ponerla en pr\u00e1ctica de manera urgente. Sin embargo, a pesar de las se\u00f1ales, la mayor\u00eda de las personas est\u00e1 dispuesta a obviar la situaci\u00f3n esperando que, desde su c\u00f3modo sof\u00e1,este horror no les alcance.<\/p>\n<p><img loading=\"lazy\" decoding=\"async\" class=\"aligncenter wp-image-1091098 size-large\" src=\"https:\/\/www.eldigitaldeasturias.com\/noticias\/wp-content\/uploads\/2021\/05\/nature-4202702_1280-1024x682-1-690x460.jpg\" alt=\"\" width=\"640\" height=\"427\" \/><\/p>\n<p>Seg\u00fan la comunidad cient\u00edfica, <strong>2030 es la fecha en la que ya no habr\u00e1 nada por hacer<\/strong>, en la que el aumento de <strong>la temperatura global estar\u00eda por encima de los 2 grados<\/strong> y con ello el principio del fin. Con este incremento se acabar\u00eda con la totalidad de los arrecifes de coral, m\u00e1s de diez millones de personas quedar\u00edan a expensas de las <strong>inundaciones, se ir\u00edan destruyendo sin remisi\u00f3n zonas aptas para el cultivo del cereal, crecer\u00eda la posibilidad de expansi\u00f3n de enfermedades, como el dengue y la malaria, y aparecer\u00edan otras nuevas<\/strong> derivadas de la <span style=\"color: #ff6600;\"><strong><a style=\"color: #ff6600;\" href=\"https:\/\/ecoaldia.com\/zoonosis-y-su-relacion-con-la-expansion-de-pandemias-como-la-del-covid-10\/\" target=\"_blank\" rel=\"noopener\">zoonosis<\/a><\/strong><\/span> por la <strong>desaparici\u00f3n de los ecosistemas naturales<\/strong>\u2026<\/p>\n<p><img loading=\"lazy\" decoding=\"async\" class=\"aligncenter wp-image-1091097 size-large\" src=\"https:\/\/www.eldigitaldeasturias.com\/noticias\/wp-content\/uploads\/2021\/05\/nature-3151869_1280-1024x682-1-690x460.jpg\" alt=\"\" width=\"640\" height=\"427\" \/><\/p>\n<p>Quiz\u00e1s porque se han pasado demasiadas veces por falsas alarmas del mundo gritadas por magos y videntes, ahora, cuando el aviso viene del mundo cient\u00edfico,nadie quiere creer nada de lo que est\u00e1 por llegar. Una ceguera que est\u00e1 acelerando los tiempos que la humanidad tiene para reaccionar. <strong>\u00bfEstamos a tiempo? No hay ni que pregunt\u00e1rselo, lo estemos o no, hay que actuar.<\/strong><\/p>\n<h2>Primero la informaci\u00f3n; de calidad, actualizada y pedag\u00f3gica<\/h2>\n<p><strong>Formar parte de la soluci\u00f3n no implica cambiar dr\u00e1stica y radicalmente de vida.<\/strong> No es necesario ir al Amazonas viviendo en Chipre para impedir la tala de \u00e1rboles, no hace falta pilotar una motora para defender la vida de las ballenas en el oc\u00e9ano o realizar ning\u00fan acto violento o vand\u00e1lico contra una multinacional para protestar por la disminuci\u00f3n de nieve en el \u00e1rtico.<\/p>\n<p>El primer paso es la informaci\u00f3n, <strong>saber qu\u00e9 ocurre, d\u00f3nde y por qu\u00e9<\/strong>. Una vez se tienen datos del problema se pueden <strong>llevar a cabo acciones para disminuir el da\u00f1o o colaborar de forma activa con la soluci\u00f3n <\/strong>de este. Afortunadamente, en la era de internet existen espacios online de gran calidad, como <span style=\"color: #ff6600;\"><strong><a style=\"color: #ff6600;\" href=\"https:\/\/ecoaldia.com\/\" target=\"_blank\" rel=\"noopener\">ecoaldia.com<\/a><\/strong><\/span>, una <strong>web que ofrece art\u00edculos constantemente actualizados, con una forma de presentar la historia que quiere, adem\u00e1s de informar, formar, de educar y, en la medida de lo posible, incentivar a la acci\u00f3n. <\/strong><\/p>\n<p>Sites como el mencionado, resultan de vital importancia en un mundo que debe iniciar sus pasos hacia un <strong>cambio de paradigma<\/strong> antes de que sea demasiado tarde. En esta web, se ofrecen <strong>noticias sobre ciencia, tecnolog\u00eda, econom\u00eda, salud, viajes, flora y fauna<\/strong>, adem\u00e1s de una p\u00e1gina especialmente dedicada a la compra de productos seleccionados en base al respeto a la naturaleza con los que han sido creados. <strong>Ecoaldia.com presenta art\u00edculos de ecolog\u00eda, medioambiente y sostenibilidad,<\/strong> para que las personas interesadas en crear un mundo mejor puedan informarse y actuar en consecuencia, desde cualquier rinc\u00f3n del mundo en el que habiten.<\/p>\n<p><img loading=\"lazy\" decoding=\"async\" class=\"aligncenter wp-image-1091099 size-large\" src=\"https:\/\/www.eldigitaldeasturias.com\/noticias\/wp-content\/uploads\/2021\/05\/planting-1898946_1280-690x460.jpg\" alt=\"\" width=\"640\" height=\"427\" \/><\/p>\n<h3>Qui\u00e9n escribe en ecoaldia.com<\/h3>\n<p>Es muy importante conocer qui\u00e9n o qui\u00e9nes llevan a cabo la <strong>investigaci\u00f3n y redacci\u00f3n de los art\u00edculos en una revista digital del prestigio de ecoaldia.com<\/strong>, ya que de este modo se reconocer\u00e1 la calidad de los textos y su validez informativa.<\/p>\n<p><strong>Los posts de ecoald\u00eda<\/strong> est\u00e1n a cargo en su mayor\u00eda, ya que algunos los escriben especialistas en determinadas materias, <span style=\"color: #ff6600;\"><strong><a style=\"color: #ff6600;\" href=\"http:\/\/copyandbooks.com\/\" target=\"_blank\" rel=\"noopener\">Israel Guerra Ceo de copyandbooks.com<\/a><\/strong><\/span>. <strong>Este profesional de la redacci\u00f3n y ecologista combativo<\/strong>, de larga trayectoria tanto en el sector de la redacci\u00f3n como en la defensa de la naturaleza, y su equipo, son los encargados de <strong>indagar y llevar a cabo intensos an\u00e1lisis e investigaciones para completar art\u00edculos 100% confiables de los temas m\u00e1s actuales en relaci\u00f3n al medioambiente.<\/strong><\/p>\n<h2>El segundo paso; la acci\u00f3n<\/h2>\n<p>Con los datos adecuados, con una buena fuente de informaci\u00f3n, las personas concienciadas con el problema medioambiental obtendr\u00e1n herramientas suficientes para <strong>actuar all\u00e1 donde m\u00e1s les interese o puedan<\/strong>, eligiendo entre el m\u00e1s amplio espectro de posibilidades<strong>. <\/strong><\/p>\n<p>Con los <strong>art\u00edculos de ecoaldia<\/strong> sabr\u00e1n porqu\u00e9 hay que reducir el consumo de agua y c\u00f3mo hacerlo, la importancia de reciclar y c\u00f3mo hacerlo, c\u00f3mo cultivar viviendo en un piso y obtener unos alimentos sanos, naturales, sin que hayan contaminado en su producci\u00f3n y un largo etc\u00e9tera.<\/p>\n<p>En definitiva, se puede ver como un manual de usuario para poner en pr\u00e1ctica, con conocimiento de causa, <strong>acciones ecol\u00f3gicas y medioambientales desde casa<\/strong>. Un buen lugar para informarse y actuar sin cambiar ni variar radicalmente el estilo de vida, pero colaborando activamente en el cambio que debe producirse en el mundo. La \u00fanica forma de iniciar la revoluci\u00f3n que la vida en este planeta necesita.<\/p>\n<p>&nbsp;<\/p>\n","protected":false},"excerpt":{"rendered":"<p>Nadie puede dudar de que se viven momentos muy dif\u00edciles, tanto en el plano pol\u00edtico como en el econ\u00f3mico y social. Pero, sin el \u00e1nimo de catastrofista habitual en estos tiempos, el mayor de los problemas que se ha de afrontar deja al resto de preocupaciones sin apenas importancia. Se trata de la delicada situaci\u00f3n [&hellip;]<\/p>\n","protected":false},"author":1,"featured_media":1132184,"comment_status":"closed","ping_status":"closed","sticky":false,"template":"","format":"standard","meta":{"footnotes":""},"categories":[28],"tags":[],"class_list":["post-1091096","post","type-post","status-publish","format-standard","has-post-thumbnail","hentry","category-sociedad"],"aioseo_notices":[],"aioseo_head":"\n\t\t<!-- All in One SEO Pro 5.0.1 - aioseo.com -->\n\t<meta name=\"description\" content=\"Afortunadamente, en la era de internet existen espacios online de gran calidad, como ecoaldia.com, una web que ofrece art\u00edculos constantemente actualizados ..\" \/>\n\t<meta name=\"robots\" content=\"max-image-preview:large\" \/>\n\t<meta name=\"author\" content=\"El Digital de Asturias\"\/>\n\t<meta name=\"google-site-verification\" content=\"UA-38556648-1\" \/>\n\t<meta name=\"msvalidate.01\" content=\"7dfe9f3f1b24437ab69f4f2559babe99\" \/>\n\t<meta name=\"keywords\" content=\"activismo,medioambiente,informaci\u00f3n,naturaleza,sociedad,ecoaldia.com\" \/>\n\t<link rel=\"canonical\" href=\"https:\/\/www.eldigitaldeasturias.com\/noticias\/el-activismo-sera-la-solucion-a-los-problemas-de-la-tierra\/\" \/>\n\t<meta name=\"generator\" content=\"All in One SEO Pro (AIOSEO) 5.0.1\" \/>\n\t\t<meta property=\"og:locale\" content=\"es_ES\" \/>\n\t\t<meta property=\"og:site_name\" content=\"El Digital de Asturias\" \/>\n\t\t<meta property=\"og:type\" content=\"article\" \/>\n\t\t<meta property=\"og:title\" content=\"El activismo ser\u00e1 la soluci\u00f3n a los problemas de la Tierra - El Digital de Asturias\" \/>\n\t\t<meta property=\"og:description\" content=\"Afortunadamente, en la era de internet existen espacios online de gran calidad, como ecoaldia.com, una web que ofrece art\u00edculos constantemente actualizados ..\" \/>\n\t\t<meta property=\"og:url\" content=\"https:\/\/www.eldigitaldeasturias.com\/noticias\/el-activismo-sera-la-solucion-a-los-problemas-de-la-tierra\/\" \/>\n\t\t<meta property=\"og:image\" content=\"https:\/\/www.eldigitaldeasturias.com\/noticias\/wp-content\/uploads\/2026\/06\/Contenidos.jpg\" \/>\n\t\t<meta property=\"og:image:secure_url\" content=\"https:\/\/www.eldigitaldeasturias.com\/noticias\/wp-content\/uploads\/2026\/06\/Contenidos.jpg\" \/>\n\t\t<meta property=\"og:image:width\" content=\"1265\" \/>\n\t\t<meta property=\"og:image:height\" content=\"697\" \/>\n\t\t<meta property=\"article:tag\" content=\"activismo\" \/>\n\t\t<meta property=\"article:tag\" content=\"medioambiente\" \/>\n\t\t<meta property=\"article:tag\" content=\"informaci\u00f3n\" \/>\n\t\t<meta property=\"article:tag\" content=\"naturaleza\" \/>\n\t\t<meta property=\"article:tag\" content=\"sociedad\" \/>\n\t\t<meta property=\"article:tag\" content=\"ecoaldia.com\" \/>\n\t\t<meta property=\"article:published_time\" content=\"2021-05-07T16:41:21+00:00\" \/>\n\t\t<meta property=\"article:modified_time\" content=\"2021-05-07T19:12:56+00:00\" \/>\n\t\t<meta property=\"article:publisher\" content=\"https:\/\/facebook.com\/eldigitaldeasturias\" \/>\n\t\t<meta name=\"twitter:card\" content=\"summary_large_image\" \/>\n\t\t<meta name=\"twitter:title\" content=\"El activismo ser\u00e1 la soluci\u00f3n a los problemas de la Tierra - El Digital de Asturias\" \/>\n\t\t<meta name=\"twitter:description\" content=\"Afortunadamente, en la era de internet existen espacios online de gran calidad, como ecoaldia.com, una web que ofrece art\u00edculos constantemente actualizados ..\" \/>\n\t\t<meta name=\"twitter:image\" content=\"https:\/\/www.eldigitaldeasturias.com\/noticias\/wp-content\/uploads\/2026\/06\/Contenidos.jpg\" \/>\n\t\t<meta name=\"twitter:label1\" content=\"Escrito por\" \/>\n\t\t<meta name=\"twitter:data1\" content=\"El Digital de Asturias\" \/>\n\t\t<meta name=\"twitter:label2\" content=\"Tiempo de lectura estimado\" \/>\n\t\t<meta name=\"twitter:data2\" content=\"5 minutos\" \/>\n\t\t<script type=\"application\/ld+json\" class=\"aioseo-schema\">\n\t\t\t{\"@context\":\"https:\\\/\\\/schema.org\",\"@graph\":[{\"@type\":\"BlogPosting\",\"@id\":\"https:\\\/\\\/www.eldigitaldeasturias.com\\\/noticias\\\/el-activismo-sera-la-solucion-a-los-problemas-de-la-tierra\\\/#blogposting\",\"name\":\"El activismo ser\\u00e1 la soluci\\u00f3n a los problemas de la Tierra - El Digital de Asturias\",\"headline\":\"El activismo ser\\u00e1 la soluci\\u00f3n a los problemas de la Tierra\",\"author\":{\"@id\":\"https:\\\/\\\/www.eldigitaldeasturias.com\\\/noticias\\\/author\\\/admin\\\/#author\"},\"publisher\":{\"@id\":\"https:\\\/\\\/www.eldigitaldeasturias.com\\\/noticias\\\/#organization\"},\"image\":{\"@type\":\"ImageObject\",\"url\":\"https:\\\/\\\/www.eldigitaldeasturias.com\\\/noticias\\\/wp-content\\\/uploads\\\/2026\\\/06\\\/Contenidos.jpg\",\"width\":1265,\"height\":697,\"caption\":\"Contenidos\"},\"datePublished\":\"2021-05-07T17:41:21+02:00\",\"dateModified\":\"2021-05-07T20:12:56+02:00\",\"inLanguage\":\"es-ES\",\"mainEntityOfPage\":{\"@id\":\"https:\\\/\\\/www.eldigitaldeasturias.com\\\/noticias\\\/el-activismo-sera-la-solucion-a-los-problemas-de-la-tierra\\\/#webpage\"},\"isPartOf\":{\"@id\":\"https:\\\/\\\/www.eldigitaldeasturias.com\\\/noticias\\\/el-activismo-sera-la-solucion-a-los-problemas-de-la-tierra\\\/#webpage\"},\"articleSection\":\"Sociedad\"},{\"@type\":\"BreadcrumbList\",\"@id\":\"https:\\\/\\\/www.eldigitaldeasturias.com\\\/noticias\\\/el-activismo-sera-la-solucion-a-los-problemas-de-la-tierra\\\/#breadcrumblist\",\"itemListElement\":[{\"@type\":\"ListItem\",\"@id\":\"https:\\\/\\\/www.eldigitaldeasturias.com\\\/noticias#listItem\",\"position\":1,\"name\":\"Home\",\"item\":\"https:\\\/\\\/www.eldigitaldeasturias.com\\\/noticias\",\"nextItem\":{\"@type\":\"ListItem\",\"@id\":\"https:\\\/\\\/www.eldigitaldeasturias.com\\\/noticias\\\/category\\\/sociedad\\\/#listItem\",\"name\":\"Sociedad\"}},{\"@type\":\"ListItem\",\"@id\":\"https:\\\/\\\/www.eldigitaldeasturias.com\\\/noticias\\\/category\\\/sociedad\\\/#listItem\",\"position\":2,\"name\":\"Sociedad\",\"item\":\"https:\\\/\\\/www.eldigitaldeasturias.com\\\/noticias\\\/category\\\/sociedad\\\/\",\"nextItem\":{\"@type\":\"ListItem\",\"@id\":\"https:\\\/\\\/www.eldigitaldeasturias.com\\\/noticias\\\/el-activismo-sera-la-solucion-a-los-problemas-de-la-tierra\\\/#listItem\",\"name\":\"El activismo ser\\u00e1 la soluci\\u00f3n a los problemas de la Tierra\"},\"previousItem\":{\"@type\":\"ListItem\",\"@id\":\"https:\\\/\\\/www.eldigitaldeasturias.com\\\/noticias#listItem\",\"name\":\"Home\"}},{\"@type\":\"ListItem\",\"@id\":\"https:\\\/\\\/www.eldigitaldeasturias.com\\\/noticias\\\/el-activismo-sera-la-solucion-a-los-problemas-de-la-tierra\\\/#listItem\",\"position\":3,\"name\":\"El activismo ser\\u00e1 la soluci\\u00f3n a los problemas de la Tierra\",\"previousItem\":{\"@type\":\"ListItem\",\"@id\":\"https:\\\/\\\/www.eldigitaldeasturias.com\\\/noticias\\\/category\\\/sociedad\\\/#listItem\",\"name\":\"Sociedad\"}}]},{\"@type\":\"Organization\",\"@id\":\"https:\\\/\\\/www.eldigitaldeasturias.com\\\/noticias\\\/#organization\",\"name\":\"El Digital de Asturias\",\"description\":\"Hemeroteca\",\"url\":\"https:\\\/\\\/www.eldigitaldeasturias.com\\\/noticias\\\/\",\"email\":\"info@eldigitaldeasturias.com\",\"telephone\":\"+34652131393\",\"logo\":{\"@type\":\"ImageObject\",\"url\":\"https:\\\/\\\/www.eldigitaldeasturias.com\\\/noticias\\\/wp-content\\\/uploads\\\/2020\\\/12\\\/EDA.jpg\",\"@id\":\"https:\\\/\\\/www.eldigitaldeasturias.com\\\/noticias\\\/el-activismo-sera-la-solucion-a-los-problemas-de-la-tierra\\\/#organizationLogo\"},\"image\":{\"@id\":\"https:\\\/\\\/www.eldigitaldeasturias.com\\\/noticias\\\/el-activismo-sera-la-solucion-a-los-problemas-de-la-tierra\\\/#organizationLogo\"},\"sameAs\":[\"https:\\\/\\\/facebook.com\\\/eldigitaldeasturias\",\"https:\\\/\\\/www.youtube.com\\\/channel\\\/UCZP-2wLEB9Rv6erhFmqVnvg\"],\"address\":{\"@id\":\"https:\\\/\\\/www.eldigitaldeasturias.com\\\/noticias\\\/#postaladdress\",\"@type\":\"PostalAddress\",\"streetAddress\":\"san antonio 4\",\"postalCode\":\"33430\",\"addressLocality\":\"Cand\\u00e1s\",\"addressRegion\":\"Asturias\",\"addressCountry\":\"ES\"}},{\"@type\":\"Person\",\"@id\":\"https:\\\/\\\/www.eldigitaldeasturias.com\\\/noticias\\\/author\\\/admin\\\/#author\",\"url\":\"https:\\\/\\\/www.eldigitaldeasturias.com\\\/noticias\\\/author\\\/admin\\\/\",\"name\":\"El Digital de Asturias\",\"image\":{\"@type\":\"ImageObject\",\"@id\":\"https:\\\/\\\/www.eldigitaldeasturias.com\\\/noticias\\\/el-activismo-sera-la-solucion-a-los-problemas-de-la-tierra\\\/#authorImage\",\"url\":\"https:\\\/\\\/secure.gravatar.com\\\/avatar\\\/df2aeffc32bcd13f8d26072ef8a91b623d677766deac7f97ca815868cd41bf5e?s=96&d=mm&r=g\",\"width\":96,\"height\":96,\"caption\":\"El Digital de Asturias\"}},{\"@type\":\"WebPage\",\"@id\":\"https:\\\/\\\/www.eldigitaldeasturias.com\\\/noticias\\\/el-activismo-sera-la-solucion-a-los-problemas-de-la-tierra\\\/#webpage\",\"url\":\"https:\\\/\\\/www.eldigitaldeasturias.com\\\/noticias\\\/el-activismo-sera-la-solucion-a-los-problemas-de-la-tierra\\\/\",\"name\":\"El activismo ser\\u00e1 la soluci\\u00f3n a los problemas de la Tierra - El Digital de Asturias\",\"description\":\"Afortunadamente, en la era de internet existen espacios online de gran calidad, como ecoaldia.com, una web que ofrece art\\u00edculos constantemente actualizados ..\",\"inLanguage\":\"es-ES\",\"isPartOf\":{\"@id\":\"https:\\\/\\\/www.eldigitaldeasturias.com\\\/noticias\\\/#website\"},\"breadcrumb\":{\"@id\":\"https:\\\/\\\/www.eldigitaldeasturias.com\\\/noticias\\\/el-activismo-sera-la-solucion-a-los-problemas-de-la-tierra\\\/#breadcrumblist\"},\"author\":{\"@id\":\"https:\\\/\\\/www.eldigitaldeasturias.com\\\/noticias\\\/author\\\/admin\\\/#author\"},\"creator\":{\"@id\":\"https:\\\/\\\/www.eldigitaldeasturias.com\\\/noticias\\\/author\\\/admin\\\/#author\"},\"image\":{\"@type\":\"ImageObject\",\"url\":\"https:\\\/\\\/www.eldigitaldeasturias.com\\\/noticias\\\/wp-content\\\/uploads\\\/2026\\\/06\\\/Contenidos.jpg\",\"@id\":\"https:\\\/\\\/www.eldigitaldeasturias.com\\\/noticias\\\/el-activismo-sera-la-solucion-a-los-problemas-de-la-tierra\\\/#mainImage\",\"width\":1265,\"height\":697,\"caption\":\"Contenidos\"},\"primaryImageOfPage\":{\"@id\":\"https:\\\/\\\/www.eldigitaldeasturias.com\\\/noticias\\\/el-activismo-sera-la-solucion-a-los-problemas-de-la-tierra\\\/#mainImage\"},\"datePublished\":\"2021-05-07T17:41:21+02:00\",\"dateModified\":\"2021-05-07T20:12:56+02:00\"},{\"@type\":\"WebSite\",\"@id\":\"https:\\\/\\\/www.eldigitaldeasturias.com\\\/noticias\\\/#website\",\"url\":\"https:\\\/\\\/www.eldigitaldeasturias.com\\\/noticias\\\/\",\"name\":\"El Digital de Asturias - Diario de actualidad y noticias\",\"alternateName\":\"El Digital de Asturias - Diario de actualidad y noticias\",\"description\":\"Hemeroteca\",\"inLanguage\":\"es-ES\",\"publisher\":{\"@id\":\"https:\\\/\\\/www.eldigitaldeasturias.com\\\/noticias\\\/#organization\"}}]}\n\t\t<\/script>\n\t\t<!-- All in One SEO Pro -->\r\n\t\t<title>El activismo ser\u00e1 la soluci\u00f3n a los problemas de la Tierra - El Digital de Asturias<\/title>\n\n","aioseo_head_json":{"title":"El activismo ser\u00e1 la soluci\u00f3n a los problemas de la Tierra - El Digital de Asturias","description":"Afortunadamente, en la era de internet existen espacios online de gran calidad, como ecoaldia.com, una web que ofrece art\u00edculos constantemente actualizados ..","canonical_url":"https:\/\/www.eldigitaldeasturias.com\/noticias\/el-activismo-sera-la-solucion-a-los-problemas-de-la-tierra\/","robots":"max-image-preview:large","keywords":"activismo,medioambiente,informaci\u00f3n,naturaleza,sociedad,ecoaldia.com","webmasterTools":{"google-site-verification":"UA-38556648-1","msvalidate.01":"7dfe9f3f1b24437ab69f4f2559babe99","miscellaneous":""},"schema":{"@context":"https:\/\/schema.org","@graph":[{"@type":"BlogPosting","@id":"https:\/\/www.eldigitaldeasturias.com\/noticias\/el-activismo-sera-la-solucion-a-los-problemas-de-la-tierra\/#blogposting","name":"El activismo ser\u00e1 la soluci\u00f3n a los problemas de la Tierra - El Digital de Asturias","headline":"El activismo ser\u00e1 la soluci\u00f3n a los problemas de la Tierra","author":{"@id":"https:\/\/www.eldigitaldeasturias.com\/noticias\/author\/admin\/#author"},"publisher":{"@id":"https:\/\/www.eldigitaldeasturias.com\/noticias\/#organization"},"image":{"@type":"ImageObject","url":"https:\/\/www.eldigitaldeasturias.com\/noticias\/wp-content\/uploads\/2026\/06\/Contenidos.jpg","width":1265,"height":697,"caption":"Contenidos"},"datePublished":"2021-05-07T17:41:21+02:00","dateModified":"2021-05-07T20:12:56+02:00","inLanguage":"es-ES","mainEntityOfPage":{"@id":"https:\/\/www.eldigitaldeasturias.com\/noticias\/el-activismo-sera-la-solucion-a-los-problemas-de-la-tierra\/#webpage"},"isPartOf":{"@id":"https:\/\/www.eldigitaldeasturias.com\/noticias\/el-activismo-sera-la-solucion-a-los-problemas-de-la-tierra\/#webpage"},"articleSection":"Sociedad"},{"@type":"BreadcrumbList","@id":"https:\/\/www.eldigitaldeasturias.com\/noticias\/el-activismo-sera-la-solucion-a-los-problemas-de-la-tierra\/#breadcrumblist","itemListElement":[{"@type":"ListItem","@id":"https:\/\/www.eldigitaldeasturias.com\/noticias#listItem","position":1,"name":"Home","item":"https:\/\/www.eldigitaldeasturias.com\/noticias","nextItem":{"@type":"ListItem","@id":"https:\/\/www.eldigitaldeasturias.com\/noticias\/category\/sociedad\/#listItem","name":"Sociedad"}},{"@type":"ListItem","@id":"https:\/\/www.eldigitaldeasturias.com\/noticias\/category\/sociedad\/#listItem","position":2,"name":"Sociedad","item":"https:\/\/www.eldigitaldeasturias.com\/noticias\/category\/sociedad\/","nextItem":{"@type":"ListItem","@id":"https:\/\/www.eldigitaldeasturias.com\/noticias\/el-activismo-sera-la-solucion-a-los-problemas-de-la-tierra\/#listItem","name":"El activismo ser\u00e1 la soluci\u00f3n a los problemas de la Tierra"},"previousItem":{"@type":"ListItem","@id":"https:\/\/www.eldigitaldeasturias.com\/noticias#listItem","name":"Home"}},{"@type":"ListItem","@id":"https:\/\/www.eldigitaldeasturias.com\/noticias\/el-activismo-sera-la-solucion-a-los-problemas-de-la-tierra\/#listItem","position":3,"name":"El activismo ser\u00e1 la soluci\u00f3n a los problemas de la Tierra","previousItem":{"@type":"ListItem","@id":"https:\/\/www.eldigitaldeasturias.com\/noticias\/category\/sociedad\/#listItem","name":"Sociedad"}}]},{"@type":"Organization","@id":"https:\/\/www.eldigitaldeasturias.com\/noticias\/#organization","name":"El Digital de Asturias","description":"Hemeroteca","url":"https:\/\/www.eldigitaldeasturias.com\/noticias\/","email":"info@eldigitaldeasturias.com","telephone":"+34652131393","logo":{"@type":"ImageObject","url":"https:\/\/www.eldigitaldeasturias.com\/noticias\/wp-content\/uploads\/2020\/12\/EDA.jpg","@id":"https:\/\/www.eldigitaldeasturias.com\/noticias\/el-activismo-sera-la-solucion-a-los-problemas-de-la-tierra\/#organizationLogo"},"image":{"@id":"https:\/\/www.eldigitaldeasturias.com\/noticias\/el-activismo-sera-la-solucion-a-los-problemas-de-la-tierra\/#organizationLogo"},"sameAs":["https:\/\/facebook.com\/eldigitaldeasturias","https:\/\/www.youtube.com\/channel\/UCZP-2wLEB9Rv6erhFmqVnvg"],"address":{"@id":"https:\/\/www.eldigitaldeasturias.com\/noticias\/#postaladdress","@type":"PostalAddress","streetAddress":"san antonio 4","postalCode":"33430","addressLocality":"Cand\u00e1s","addressRegion":"Asturias","addressCountry":"ES"}},{"@type":"Person","@id":"https:\/\/www.eldigitaldeasturias.com\/noticias\/author\/admin\/#author","url":"https:\/\/www.eldigitaldeasturias.com\/noticias\/author\/admin\/","name":"El Digital de Asturias","image":{"@type":"ImageObject","@id":"https:\/\/www.eldigitaldeasturias.com\/noticias\/el-activismo-sera-la-solucion-a-los-problemas-de-la-tierra\/#authorImage","url":"https:\/\/secure.gravatar.com\/avatar\/df2aeffc32bcd13f8d26072ef8a91b623d677766deac7f97ca815868cd41bf5e?s=96&d=mm&r=g","width":96,"height":96,"caption":"El Digital de Asturias"}},{"@type":"WebPage","@id":"https:\/\/www.eldigitaldeasturias.com\/noticias\/el-activismo-sera-la-solucion-a-los-problemas-de-la-tierra\/#webpage","url":"https:\/\/www.eldigitaldeasturias.com\/noticias\/el-activismo-sera-la-solucion-a-los-problemas-de-la-tierra\/","name":"El activismo ser\u00e1 la soluci\u00f3n a los problemas de la Tierra - El Digital de Asturias","description":"Afortunadamente, en la era de internet existen espacios online de gran calidad, como ecoaldia.com, una web que ofrece art\u00edculos constantemente actualizados ..","inLanguage":"es-ES","isPartOf":{"@id":"https:\/\/www.eldigitaldeasturias.com\/noticias\/#website"},"breadcrumb":{"@id":"https:\/\/www.eldigitaldeasturias.com\/noticias\/el-activismo-sera-la-solucion-a-los-problemas-de-la-tierra\/#breadcrumblist"},"author":{"@id":"https:\/\/www.eldigitaldeasturias.com\/noticias\/author\/admin\/#author"},"creator":{"@id":"https:\/\/www.eldigitaldeasturias.com\/noticias\/author\/admin\/#author"},"image":{"@type":"ImageObject","url":"https:\/\/www.eldigitaldeasturias.com\/noticias\/wp-content\/uploads\/2026\/06\/Contenidos.jpg","@id":"https:\/\/www.eldigitaldeasturias.com\/noticias\/el-activismo-sera-la-solucion-a-los-problemas-de-la-tierra\/#mainImage","width":1265,"height":697,"caption":"Contenidos"},"primaryImageOfPage":{"@id":"https:\/\/www.eldigitaldeasturias.com\/noticias\/el-activismo-sera-la-solucion-a-los-problemas-de-la-tierra\/#mainImage"},"datePublished":"2021-05-07T17:41:21+02:00","dateModified":"2021-05-07T20:12:56+02:00"},{"@type":"WebSite","@id":"https:\/\/www.eldigitaldeasturias.com\/noticias\/#website","url":"https:\/\/www.eldigitaldeasturias.com\/noticias\/","name":"El Digital de Asturias - Diario de actualidad y noticias","alternateName":"El Digital de Asturias - Diario de actualidad y noticias","description":"Hemeroteca","inLanguage":"es-ES","publisher":{"@id":"https:\/\/www.eldigitaldeasturias.com\/noticias\/#organization"}}]},"og:locale":"es_ES","og:site_name":"El Digital de Asturias","og:type":"article","og:title":"El activismo ser\u00e1 la soluci\u00f3n a los problemas de la Tierra - El Digital de Asturias","og:description":"Afortunadamente, en la era de internet existen espacios online de gran calidad, como ecoaldia.com, una web que ofrece art\u00edculos constantemente actualizados ..","og:url":"https:\/\/www.eldigitaldeasturias.com\/noticias\/el-activismo-sera-la-solucion-a-los-problemas-de-la-tierra\/","og:image":"https:\/\/www.eldigitaldeasturias.com\/noticias\/wp-content\/uploads\/2026\/06\/Contenidos.jpg","og:image:secure_url":"https:\/\/www.eldigitaldeasturias.com\/noticias\/wp-content\/uploads\/2026\/06\/Contenidos.jpg","og:image:width":1265,"og:image:height":697,"article:tag":["activismo","medioambiente","informaci\u00f3n","naturaleza","sociedad","ecoaldia.com"],"article:published_time":"2021-05-07T16:41:21+00:00","article:modified_time":"2021-05-07T19:12:56+00:00","article:publisher":"https:\/\/facebook.com\/eldigitaldeasturias","twitter:card":"summary_large_image","twitter:title":"El activismo ser\u00e1 la soluci\u00f3n a los problemas de la Tierra - El Digital de Asturias","twitter:description":"Afortunadamente, en la era de internet existen espacios online de gran calidad, como ecoaldia.com, una web que ofrece art\u00edculos constantemente actualizados ..","twitter:image":"https:\/\/www.eldigitaldeasturias.com\/noticias\/wp-content\/uploads\/2026\/06\/Contenidos.jpg","twitter:label1":"Escrito por","twitter:data1":"El Digital de Asturias","twitter:label2":"Tiempo de lectura estimado","twitter:data2":"5 minutos"},"aioseo_meta_data":{"post_id":"1091096","title":null,"description":"Afortunadamente, en la era de internet existen espacios online de gran calidad, como ecoaldia.com, una web que ofrece art\u00edculos constantemente actualizados ..","keywords":[{"label":"activismo","value":"activismo"},{"label":" medioambiente","value":" medioambiente"},{"label":" informaci\u00f3n","value":" informaci\u00f3n"},{"label":" naturaleza","value":" naturaleza"},{"label":" sociedad","value":" sociedad"},{"label":"ecoaldia.com","value":"ecoaldia.com"}],"keyphrases":{"focus":[],"additional":[]},"primary_term":null,"canonical_url":null,"og_title":null,"og_description":null,"og_object_type":"default","og_image_type":"default","og_image_url":null,"og_image_width":null,"og_image_height":null,"og_image_custom_url":null,"og_image_custom_fields":null,"og_video":"","og_custom_url":null,"og_article_section":null,"og_article_tags":[],"twitter_use_og":false,"twitter_card":"default","twitter_image_type":"default","twitter_image_url":null,"twitter_image_custom_url":null,"twitter_image_custom_fields":null,"twitter_title":null,"twitter_description":null,"schema":{"blockGraphs":[],"customGraphs":[],"default":{"data":{"Article":[],"Course":[],"Dataset":[],"FAQPage":[],"Movie":[],"Person":[],"Product":[],"ProductReview":[],"Car":[],"Recipe":[],"Service":[],"SoftwareApplication":[],"WebPage":[]},"graphName":"","isEnabled":true},"graphs":[],"defaultGraph":"Article","defaultPostTypeGraph":""},"schema_type":"default","schema_type_options":"{\"article\":{\"articleType\":\"BlogPosting\"},\"course\":{\"name\":\"\",\"description\":\"\",\"provider\":\"\"},\"faq\":{\"pages\":[]},\"product\":{\"reviews\":[]},\"recipe\":{\"ingredients\":[],\"instructions\":[],\"keywords\":[]},\"software\":{\"reviews\":[],\"operatingSystems\":[]},\"webPage\":{\"webPageType\":\"WebPage\"}}","pillar_content":false,"robots_default":true,"robots_noindex":false,"robots_noarchive":false,"robots_nosnippet":false,"robots_nofollow":false,"robots_noimageindex":false,"robots_noodp":false,"robots_notranslate":false,"robots_max_snippet":"-1","robots_max_videopreview":"-1","robots_max_imagepreview":"large","priority":null,"frequency":"default","local_seo":{"locations":{"business":{"name":"","businessType":"","image":"","areaServed":"","urls":{"website":"","aboutPage":"","contactPage":""},"address":{"streetLine1":"","streetLine2":"","zipCode":"","city":"","state":"","country":"","addressFormat":"#streetLineOne\n#streetLineTwo\n#city, #state #zipCode"},"contact":{"phone":"","email":"","fax":""},"ids":{"vat":"","tax":"","chamberOfCommerce":""},"payment":{"priceRange":"","currenciesAccepted":"","methods":""}}},"openingHours":{"useDefaults":true,"show":true,"alwaysOpen":false,"use24hFormat":false,"timezone":"","labels":{"closed":"","alwaysOpen":""},"days":{"monday":{"open24h":false,"closed":false,"openTime":"09:00","closeTime":"17:00"},"tuesday":{"open24h":false,"closed":false,"openTime":"09:00","closeTime":"17:00"},"wednesday":{"open24h":false,"closed":false,"openTime":"09:00","closeTime":"17:00"},"thursday":{"open24h":false,"closed":false,"openTime":"09:00","closeTime":"17:00"},"friday":{"open24h":false,"closed":false,"openTime":"09:00","closeTime":"17:00"},"saturday":{"open24h":false,"closed":false,"openTime":"09:00","closeTime":"17:00"},"sunday":{"open24h":false,"closed":false,"openTime":"09:00","closeTime":"17:00"}}}},"seo_analyzer_scan_date":"2026-07-17 18:14:33","breadcrumb_settings":null,"limit_modified_date":false,"open_ai":null,"ai":null,"created":"2021-05-07 16:34:03","updated":"2026-07-17 18:14:33","focus_keyword":null,"additional_keywords":null,"truseo_locale":null},"aioseo_breadcrumb":"<div class=\"aioseo-breadcrumbs\"><span class=\"aioseo-breadcrumb\">\n\t<a href=\"https:\/\/www.eldigitaldeasturias.com\/noticias\" title=\"Home\">Home<\/a>\n<\/span><span class=\"aioseo-breadcrumb-separator\">\u2013<\/span><span class=\"aioseo-breadcrumb\">\n\t<a href=\"https:\/\/www.eldigitaldeasturias.com\/noticias\/category\/sociedad\/\" title=\"Sociedad\">Sociedad<\/a>\n<\/span><span class=\"aioseo-breadcrumb-separator\">\u2013<\/span><span class=\"aioseo-breadcrumb\">\n\t<a href=\"https:\/\/www.eldigitaldeasturias.com\/noticias\/el-activismo-sera-la-solucion-a-los-problemas-de-la-tierra\/\" title=\"El activismo ser\u00e1 la soluci\u00f3n a los problemas de la Tierra\">El activismo ser\u00e1 la soluci\u00f3n a los problemas de la Tierra<\/a>\n<\/span><\/div>","aioseo_breadcrumb_json":[{"label":"Home","link":"https:\/\/www.eldigitaldeasturias.com\/noticias"},{"label":"Sociedad","link":"https:\/\/www.eldigitaldeasturias.com\/noticias\/category\/sociedad\/"},{"label":"El activismo ser\u00e1 la soluci\u00f3n a los problemas de la Tierra","link":"https:\/\/www.eldigitaldeasturias.com\/noticias\/el-activismo-sera-la-solucion-a-los-problemas-de-la-tierra\/"}],"_links":{"self":[{"href":"https:\/\/www.eldigitaldeasturias.com\/noticias\/wp-json\/wp\/v2\/posts\/1091096","targetHints":{"allow":["GET"]}}],"collection":[{"href":"https:\/\/www.eldigitaldeasturias.com\/noticias\/wp-json\/wp\/v2\/posts"}],"about":[{"href":"https:\/\/www.eldigitaldeasturias.com\/noticias\/wp-json\/wp\/v2\/types\/post"}],"author":[{"embeddable":true,"href":"https:\/\/www.eldigitaldeasturias.com\/noticias\/wp-json\/wp\/v2\/users\/1"}],"replies":[{"embeddable":true,"href":"https:\/\/www.eldigitaldeasturias.com\/noticias\/wp-json\/wp\/v2\/comments?post=1091096"}],"version-history":[{"count":0,"href":"https:\/\/www.eldigitaldeasturias.com\/noticias\/wp-json\/wp\/v2\/posts\/1091096\/revisions"}],"wp:featuredmedia":[{"embeddable":true,"href":"https:\/\/www.eldigitaldeasturias.com\/noticias\/wp-json\/wp\/v2\/media\/1132184"}],"wp:attachment":[{"href":"https:\/\/www.eldigitaldeasturias.com\/noticias\/wp-json\/wp\/v2\/media?parent=1091096"}],"wp:term":[{"taxonomy":"category","embeddable":true,"href":"https:\/\/www.eldigitaldeasturias.com\/noticias\/wp-json\/wp\/v2\/categories?post=1091096"},{"taxonomy":"post_tag","embeddable":true,"href":"https:\/\/www.eldigitaldeasturias.com\/noticias\/wp-json\/wp\/v2\/tags?post=1091096"}],"curies":[{"name":"wp","href":"https:\/\/api.w.org\/{rel}","templated":true}]}}