{"id":1091081,"date":"2021-05-07T10:19:34","date_gmt":"2021-05-07T09:19:34","guid":{"rendered":"https:\/\/www.eldigitaldeasturias.com\/noticias\/?p=1091081"},"modified":"2021-05-07T10:19:34","modified_gmt":"2021-05-07T09:19:34","slug":"cangas-del-narcea-plantea-un-cambio-de-modelo-en-el-plan-de-movilidad","status":"publish","type":"post","link":"https:\/\/www.eldigitaldeasturias.com\/noticias\/cangas-del-narcea-plantea-un-cambio-de-modelo-en-el-plan-de-movilidad\/","title":{"rendered":"Cangas del Narcea plantea un cambio de modelo en el Plan de Movilidad"},"content":{"rendered":"<p><img loading=\"lazy\" decoding=\"async\" class=\"alignleft size-medium wp-image-1091082\" src=\"https:\/\/www.eldigitaldeasturias.com\/noticias\/wp-content\/uploads\/2021\/05\/alcalde-de-Cangas-del-Narcea-360x207.jpg\" alt=\"Alcalde de Cangas del Narcea\" width=\"360\" height=\"207\" \/>El alcalde de Cangas del Narcea,<strong> Jos\u00e9 V\u00edctor Rodr\u00edguez, ha mantenido una reuni\u00f3n con el director de la Agencia Asturiana de Transportes y Movilidad, Jos\u00e9 Manuel Caldevilla<\/strong>, quien tambi\u00e9n est\u00e1 al frente del Consorcio de Transportes de Asturias, para trasladarle la mejora del plan de transportes en el concejo. El regidor ha solicitado, \u201celaborar un plan de movilidad para que los vecinos de la zona rural puedan acudir al hospital o a realizar sus compras a la capital de concejo\u201d, dijo manifestando que el actual modelo, en el que se utiliza el transporte escolar, \u201cno es efectivo ya que los horarios no son operativos para los vecinos\u201d. Rodr\u00edguez ha planteado la posibilidad de que el nuevo modelo recoja, \u201cotra f\u00f3rmula de gesti\u00f3n\u201d, que se pueda llevar a cabo, \u201ccon taxis a demanda\u201d.<\/p>\n<p>Entre las propuestas planteadas en la reuni\u00f3n,<strong> el alcalde ha trasladado la posibilidad de implantar un servicio de autob\u00fas directo a Oviedo, \u201ccon horarios ajustados al \u00e1mbito universitario y laboral\u201d, ha explicado Rodr\u00edguez tras la reuni\u00f3n<\/strong>, quien detall\u00f3 que este planteamiento \u201cayudar\u00eda a fijar poblaci\u00f3n en la zona rural\u201d.<\/p>\n<p>Adem\u00e1s, el regidor traslad\u00f3 a Caldevilla el malestar vecinal existente ante la suspensi\u00f3n de l\u00ednea de transporte que une Villablino con Cangas del Narcea. \u201cSe trata de un servicio b\u00e1sico para los vecinos de esta zona del concejo, que en muchos casos no cuentan con otros recursos para acudir por ejemplo a citas m\u00e9dicas o a realizar cualquier compra\u201d, ha manifestado el alcalde. El director del Consorcio ha quedado en estudiar la puesta en marcha de esta l\u00ednea, que hab\u00eda sido suspendida con motivo de la pandemia.<\/p>\n<p><strong>La reuni\u00f3n celebrada la pasada semana, tambi\u00e9n result\u00f3 fruct\u00edfera para ayudar a resolver la situaci\u00f3n existente en el Colegio P\u00fablico de Obanca<\/strong>, cuya jornada continua aprobada inicialmente por la comunidad educativa, se implantar\u00e1 el pr\u00f3ximo curso, tal y como dio ayer a conocer la consejer\u00eda de Educaci\u00f3n, tras aceptar el Consorcio de Transportes de Asturias el cambio horario.<\/p>\n<p>&nbsp;<\/p>\n<p>&nbsp;<\/p>\n<p>&nbsp;<\/p>\n","protected":false},"excerpt":{"rendered":"<p>El alcalde de Cangas del Narcea, Jos\u00e9 V\u00edctor Rodr\u00edguez, ha mantenido una reuni\u00f3n con el director de la Agencia Asturiana de Transportes y Movilidad, Jos\u00e9 Manuel Caldevilla, quien tambi\u00e9n est\u00e1 al frente del Consorcio de Transportes de Asturias, para trasladarle la mejora del plan de transportes en el concejo. El regidor ha solicitado, \u201celaborar un [&hellip;]<\/p>\n","protected":false},"author":1,"featured_media":1132184,"comment_status":"closed","ping_status":"closed","sticky":false,"template":"","format":"standard","meta":{"footnotes":""},"categories":[12],"tags":[],"class_list":["post-1091081","post","type-post","status-publish","format-standard","has-post-thumbnail","hentry","category-actualidad-asturias"],"aioseo_notices":[],"aioseo_head":"\n\t\t<!-- All in One SEO Pro 5.0.1 - aioseo.com -->\n\t<meta name=\"description\" content=\"El alcalde de Cangas del Narcea, Jos\u00e9 V\u00edctor Rodr\u00edguez, ha mantenido una reuni\u00f3n con el director de la Agencia Asturiana de Transportes y Movilidad ...\" \/>\n\t<meta name=\"robots\" content=\"max-image-preview:large\" \/>\n\t<meta name=\"author\" content=\"El Digital de Asturias\"\/>\n\t<meta name=\"google-site-verification\" content=\"UA-38556648-1\" \/>\n\t<meta name=\"msvalidate.01\" content=\"7dfe9f3f1b24437ab69f4f2559babe99\" \/>\n\t<meta name=\"keywords\" content=\"actualidad asturias\" \/>\n\t<link rel=\"canonical\" href=\"https:\/\/www.eldigitaldeasturias.com\/noticias\/cangas-del-narcea-plantea-un-cambio-de-modelo-en-el-plan-de-movilidad\/\" \/>\n\t<meta name=\"generator\" content=\"All in One SEO Pro (AIOSEO) 5.0.1\" \/>\n\t\t<meta property=\"og:locale\" content=\"es_ES\" \/>\n\t\t<meta property=\"og:site_name\" content=\"El Digital de Asturias\" \/>\n\t\t<meta property=\"og:type\" content=\"article\" \/>\n\t\t<meta property=\"og:title\" content=\"Cangas del Narcea plantea un cambio de modelo en el Plan de Movilidad - El Digital de Asturias\" \/>\n\t\t<meta property=\"og:description\" content=\"El alcalde de Cangas del Narcea, Jos\u00e9 V\u00edctor Rodr\u00edguez, ha mantenido una reuni\u00f3n con el director de la Agencia Asturiana de Transportes y Movilidad ...\" \/>\n\t\t<meta property=\"og:url\" content=\"https:\/\/www.eldigitaldeasturias.com\/noticias\/cangas-del-narcea-plantea-un-cambio-de-modelo-en-el-plan-de-movilidad\/\" \/>\n\t\t<meta property=\"og:image\" content=\"https:\/\/www.eldigitaldeasturias.com\/noticias\/wp-content\/uploads\/2026\/06\/Contenidos.jpg\" \/>\n\t\t<meta property=\"og:image:secure_url\" content=\"https:\/\/www.eldigitaldeasturias.com\/noticias\/wp-content\/uploads\/2026\/06\/Contenidos.jpg\" \/>\n\t\t<meta property=\"og:image:width\" content=\"1265\" \/>\n\t\t<meta property=\"og:image:height\" content=\"697\" \/>\n\t\t<meta property=\"article:tag\" content=\"actualidad asturias\" \/>\n\t\t<meta property=\"article:published_time\" content=\"2021-05-07T09:19:34+00:00\" \/>\n\t\t<meta property=\"article:modified_time\" content=\"2021-05-07T09:19:34+00:00\" \/>\n\t\t<meta property=\"article:publisher\" content=\"https:\/\/facebook.com\/eldigitaldeasturias\" \/>\n\t\t<meta name=\"twitter:card\" content=\"summary_large_image\" \/>\n\t\t<meta name=\"twitter:title\" content=\"Cangas del Narcea plantea un cambio de modelo en el Plan de Movilidad - El Digital de Asturias\" \/>\n\t\t<meta name=\"twitter:description\" content=\"El alcalde de Cangas del Narcea, Jos\u00e9 V\u00edctor Rodr\u00edguez, ha mantenido una reuni\u00f3n con el director de la Agencia Asturiana de Transportes y Movilidad ...\" \/>\n\t\t<meta name=\"twitter:image\" content=\"https:\/\/www.eldigitaldeasturias.com\/noticias\/wp-content\/uploads\/2026\/06\/Contenidos.jpg\" \/>\n\t\t<meta name=\"twitter:label1\" content=\"Escrito por\" \/>\n\t\t<meta name=\"twitter:data1\" content=\"El Digital de Asturias\" \/>\n\t\t<meta name=\"twitter:label2\" content=\"Tiempo de lectura estimado\" \/>\n\t\t<meta name=\"twitter:data2\" content=\"2 minutos\" \/>\n\t\t<script type=\"application\/ld+json\" class=\"aioseo-schema\">\n\t\t\t{\"@context\":\"https:\\\/\\\/schema.org\",\"@graph\":[{\"@type\":\"BlogPosting\",\"@id\":\"https:\\\/\\\/www.eldigitaldeasturias.com\\\/noticias\\\/cangas-del-narcea-plantea-un-cambio-de-modelo-en-el-plan-de-movilidad\\\/#blogposting\",\"name\":\"Cangas del Narcea plantea un cambio de modelo en el Plan de Movilidad - El Digital de Asturias\",\"headline\":\"Cangas del Narcea plantea un cambio de modelo en el Plan de Movilidad\",\"author\":{\"@id\":\"https:\\\/\\\/www.eldigitaldeasturias.com\\\/noticias\\\/author\\\/admin\\\/#author\"},\"publisher\":{\"@id\":\"https:\\\/\\\/www.eldigitaldeasturias.com\\\/noticias\\\/#organization\"},\"image\":{\"@type\":\"ImageObject\",\"url\":\"https:\\\/\\\/www.eldigitaldeasturias.com\\\/noticias\\\/wp-content\\\/uploads\\\/2026\\\/06\\\/Contenidos.jpg\",\"width\":1265,\"height\":697,\"caption\":\"Contenidos\"},\"datePublished\":\"2021-05-07T10:19:34+02:00\",\"dateModified\":\"2021-05-07T10:19:34+02:00\",\"inLanguage\":\"es-ES\",\"mainEntityOfPage\":{\"@id\":\"https:\\\/\\\/www.eldigitaldeasturias.com\\\/noticias\\\/cangas-del-narcea-plantea-un-cambio-de-modelo-en-el-plan-de-movilidad\\\/#webpage\"},\"isPartOf\":{\"@id\":\"https:\\\/\\\/www.eldigitaldeasturias.com\\\/noticias\\\/cangas-del-narcea-plantea-un-cambio-de-modelo-en-el-plan-de-movilidad\\\/#webpage\"},\"articleSection\":\"Actualidad Asturias\"},{\"@type\":\"BreadcrumbList\",\"@id\":\"https:\\\/\\\/www.eldigitaldeasturias.com\\\/noticias\\\/cangas-del-narcea-plantea-un-cambio-de-modelo-en-el-plan-de-movilidad\\\/#breadcrumblist\",\"itemListElement\":[{\"@type\":\"ListItem\",\"@id\":\"https:\\\/\\\/www.eldigitaldeasturias.com\\\/noticias#listItem\",\"position\":1,\"name\":\"Home\",\"item\":\"https:\\\/\\\/www.eldigitaldeasturias.com\\\/noticias\",\"nextItem\":{\"@type\":\"ListItem\",\"@id\":\"https:\\\/\\\/www.eldigitaldeasturias.com\\\/noticias\\\/category\\\/actualidad-asturias\\\/#listItem\",\"name\":\"Actualidad Asturias\"}},{\"@type\":\"ListItem\",\"@id\":\"https:\\\/\\\/www.eldigitaldeasturias.com\\\/noticias\\\/category\\\/actualidad-asturias\\\/#listItem\",\"position\":2,\"name\":\"Actualidad Asturias\",\"item\":\"https:\\\/\\\/www.eldigitaldeasturias.com\\\/noticias\\\/category\\\/actualidad-asturias\\\/\",\"nextItem\":{\"@type\":\"ListItem\",\"@id\":\"https:\\\/\\\/www.eldigitaldeasturias.com\\\/noticias\\\/cangas-del-narcea-plantea-un-cambio-de-modelo-en-el-plan-de-movilidad\\\/#listItem\",\"name\":\"Cangas del Narcea plantea un cambio de modelo en el Plan de Movilidad\"},\"previousItem\":{\"@type\":\"ListItem\",\"@id\":\"https:\\\/\\\/www.eldigitaldeasturias.com\\\/noticias#listItem\",\"name\":\"Home\"}},{\"@type\":\"ListItem\",\"@id\":\"https:\\\/\\\/www.eldigitaldeasturias.com\\\/noticias\\\/cangas-del-narcea-plantea-un-cambio-de-modelo-en-el-plan-de-movilidad\\\/#listItem\",\"position\":3,\"name\":\"Cangas del Narcea plantea un cambio de modelo en el Plan de Movilidad\",\"previousItem\":{\"@type\":\"ListItem\",\"@id\":\"https:\\\/\\\/www.eldigitaldeasturias.com\\\/noticias\\\/category\\\/actualidad-asturias\\\/#listItem\",\"name\":\"Actualidad Asturias\"}}]},{\"@type\":\"Organization\",\"@id\":\"https:\\\/\\\/www.eldigitaldeasturias.com\\\/noticias\\\/#organization\",\"name\":\"El Digital de Asturias\",\"description\":\"Hemeroteca\",\"url\":\"https:\\\/\\\/www.eldigitaldeasturias.com\\\/noticias\\\/\",\"email\":\"info@eldigitaldeasturias.com\",\"telephone\":\"+34652131393\",\"logo\":{\"@type\":\"ImageObject\",\"url\":\"https:\\\/\\\/www.eldigitaldeasturias.com\\\/noticias\\\/wp-content\\\/uploads\\\/2020\\\/12\\\/EDA.jpg\",\"@id\":\"https:\\\/\\\/www.eldigitaldeasturias.com\\\/noticias\\\/cangas-del-narcea-plantea-un-cambio-de-modelo-en-el-plan-de-movilidad\\\/#organizationLogo\"},\"image\":{\"@id\":\"https:\\\/\\\/www.eldigitaldeasturias.com\\\/noticias\\\/cangas-del-narcea-plantea-un-cambio-de-modelo-en-el-plan-de-movilidad\\\/#organizationLogo\"},\"sameAs\":[\"https:\\\/\\\/facebook.com\\\/eldigitaldeasturias\",\"https:\\\/\\\/www.youtube.com\\\/channel\\\/UCZP-2wLEB9Rv6erhFmqVnvg\"],\"address\":{\"@id\":\"https:\\\/\\\/www.eldigitaldeasturias.com\\\/noticias\\\/#postaladdress\",\"@type\":\"PostalAddress\",\"streetAddress\":\"san antonio 4\",\"postalCode\":\"33430\",\"addressLocality\":\"Cand\\u00e1s\",\"addressRegion\":\"Asturias\",\"addressCountry\":\"ES\"}},{\"@type\":\"Person\",\"@id\":\"https:\\\/\\\/www.eldigitaldeasturias.com\\\/noticias\\\/author\\\/admin\\\/#author\",\"url\":\"https:\\\/\\\/www.eldigitaldeasturias.com\\\/noticias\\\/author\\\/admin\\\/\",\"name\":\"El Digital de Asturias\",\"image\":{\"@type\":\"ImageObject\",\"@id\":\"https:\\\/\\\/www.eldigitaldeasturias.com\\\/noticias\\\/cangas-del-narcea-plantea-un-cambio-de-modelo-en-el-plan-de-movilidad\\\/#authorImage\",\"url\":\"https:\\\/\\\/secure.gravatar.com\\\/avatar\\\/df2aeffc32bcd13f8d26072ef8a91b623d677766deac7f97ca815868cd41bf5e?s=96&d=mm&r=g\",\"width\":96,\"height\":96,\"caption\":\"El Digital de Asturias\"}},{\"@type\":\"WebPage\",\"@id\":\"https:\\\/\\\/www.eldigitaldeasturias.com\\\/noticias\\\/cangas-del-narcea-plantea-un-cambio-de-modelo-en-el-plan-de-movilidad\\\/#webpage\",\"url\":\"https:\\\/\\\/www.eldigitaldeasturias.com\\\/noticias\\\/cangas-del-narcea-plantea-un-cambio-de-modelo-en-el-plan-de-movilidad\\\/\",\"name\":\"Cangas del Narcea plantea un cambio de modelo en el Plan de Movilidad - El Digital de Asturias\",\"description\":\"El alcalde de Cangas del Narcea, Jos\\u00e9 V\\u00edctor Rodr\\u00edguez, ha mantenido una reuni\\u00f3n con el director de la Agencia Asturiana de Transportes y Movilidad ...\",\"inLanguage\":\"es-ES\",\"isPartOf\":{\"@id\":\"https:\\\/\\\/www.eldigitaldeasturias.com\\\/noticias\\\/#website\"},\"breadcrumb\":{\"@id\":\"https:\\\/\\\/www.eldigitaldeasturias.com\\\/noticias\\\/cangas-del-narcea-plantea-un-cambio-de-modelo-en-el-plan-de-movilidad\\\/#breadcrumblist\"},\"author\":{\"@id\":\"https:\\\/\\\/www.eldigitaldeasturias.com\\\/noticias\\\/author\\\/admin\\\/#author\"},\"creator\":{\"@id\":\"https:\\\/\\\/www.eldigitaldeasturias.com\\\/noticias\\\/author\\\/admin\\\/#author\"},\"image\":{\"@type\":\"ImageObject\",\"url\":\"https:\\\/\\\/www.eldigitaldeasturias.com\\\/noticias\\\/wp-content\\\/uploads\\\/2026\\\/06\\\/Contenidos.jpg\",\"@id\":\"https:\\\/\\\/www.eldigitaldeasturias.com\\\/noticias\\\/cangas-del-narcea-plantea-un-cambio-de-modelo-en-el-plan-de-movilidad\\\/#mainImage\",\"width\":1265,\"height\":697,\"caption\":\"Contenidos\"},\"primaryImageOfPage\":{\"@id\":\"https:\\\/\\\/www.eldigitaldeasturias.com\\\/noticias\\\/cangas-del-narcea-plantea-un-cambio-de-modelo-en-el-plan-de-movilidad\\\/#mainImage\"},\"datePublished\":\"2021-05-07T10:19:34+02:00\",\"dateModified\":\"2021-05-07T10:19:34+02:00\"},{\"@type\":\"WebSite\",\"@id\":\"https:\\\/\\\/www.eldigitaldeasturias.com\\\/noticias\\\/#website\",\"url\":\"https:\\\/\\\/www.eldigitaldeasturias.com\\\/noticias\\\/\",\"name\":\"El Digital de Asturias - Diario de actualidad y noticias\",\"alternateName\":\"El Digital de Asturias - Diario de actualidad y noticias\",\"description\":\"Hemeroteca\",\"inLanguage\":\"es-ES\",\"publisher\":{\"@id\":\"https:\\\/\\\/www.eldigitaldeasturias.com\\\/noticias\\\/#organization\"}}]}\n\t\t<\/script>\n\t\t<!-- All in One SEO Pro -->\r\n\t\t<title>Cangas del Narcea plantea un cambio de modelo en el Plan de Movilidad - El Digital de Asturias<\/title>\n\n","aioseo_head_json":{"title":"Cangas del Narcea plantea un cambio de modelo en el Plan de Movilidad - El Digital de Asturias","description":"El alcalde de Cangas del Narcea, Jos\u00e9 V\u00edctor Rodr\u00edguez, ha mantenido una reuni\u00f3n con el director de la Agencia Asturiana de Transportes y Movilidad ...","canonical_url":"https:\/\/www.eldigitaldeasturias.com\/noticias\/cangas-del-narcea-plantea-un-cambio-de-modelo-en-el-plan-de-movilidad\/","robots":"max-image-preview:large","keywords":"actualidad asturias","webmasterTools":{"google-site-verification":"UA-38556648-1","msvalidate.01":"7dfe9f3f1b24437ab69f4f2559babe99","miscellaneous":""},"schema":{"@context":"https:\/\/schema.org","@graph":[{"@type":"BlogPosting","@id":"https:\/\/www.eldigitaldeasturias.com\/noticias\/cangas-del-narcea-plantea-un-cambio-de-modelo-en-el-plan-de-movilidad\/#blogposting","name":"Cangas del Narcea plantea un cambio de modelo en el Plan de Movilidad - El Digital de Asturias","headline":"Cangas del Narcea plantea un cambio de modelo en el Plan de Movilidad","author":{"@id":"https:\/\/www.eldigitaldeasturias.com\/noticias\/author\/admin\/#author"},"publisher":{"@id":"https:\/\/www.eldigitaldeasturias.com\/noticias\/#organization"},"image":{"@type":"ImageObject","url":"https:\/\/www.eldigitaldeasturias.com\/noticias\/wp-content\/uploads\/2026\/06\/Contenidos.jpg","width":1265,"height":697,"caption":"Contenidos"},"datePublished":"2021-05-07T10:19:34+02:00","dateModified":"2021-05-07T10:19:34+02:00","inLanguage":"es-ES","mainEntityOfPage":{"@id":"https:\/\/www.eldigitaldeasturias.com\/noticias\/cangas-del-narcea-plantea-un-cambio-de-modelo-en-el-plan-de-movilidad\/#webpage"},"isPartOf":{"@id":"https:\/\/www.eldigitaldeasturias.com\/noticias\/cangas-del-narcea-plantea-un-cambio-de-modelo-en-el-plan-de-movilidad\/#webpage"},"articleSection":"Actualidad Asturias"},{"@type":"BreadcrumbList","@id":"https:\/\/www.eldigitaldeasturias.com\/noticias\/cangas-del-narcea-plantea-un-cambio-de-modelo-en-el-plan-de-movilidad\/#breadcrumblist","itemListElement":[{"@type":"ListItem","@id":"https:\/\/www.eldigitaldeasturias.com\/noticias#listItem","position":1,"name":"Home","item":"https:\/\/www.eldigitaldeasturias.com\/noticias","nextItem":{"@type":"ListItem","@id":"https:\/\/www.eldigitaldeasturias.com\/noticias\/category\/actualidad-asturias\/#listItem","name":"Actualidad Asturias"}},{"@type":"ListItem","@id":"https:\/\/www.eldigitaldeasturias.com\/noticias\/category\/actualidad-asturias\/#listItem","position":2,"name":"Actualidad Asturias","item":"https:\/\/www.eldigitaldeasturias.com\/noticias\/category\/actualidad-asturias\/","nextItem":{"@type":"ListItem","@id":"https:\/\/www.eldigitaldeasturias.com\/noticias\/cangas-del-narcea-plantea-un-cambio-de-modelo-en-el-plan-de-movilidad\/#listItem","name":"Cangas del Narcea plantea un cambio de modelo en el Plan de Movilidad"},"previousItem":{"@type":"ListItem","@id":"https:\/\/www.eldigitaldeasturias.com\/noticias#listItem","name":"Home"}},{"@type":"ListItem","@id":"https:\/\/www.eldigitaldeasturias.com\/noticias\/cangas-del-narcea-plantea-un-cambio-de-modelo-en-el-plan-de-movilidad\/#listItem","position":3,"name":"Cangas del Narcea plantea un cambio de modelo en el Plan de Movilidad","previousItem":{"@type":"ListItem","@id":"https:\/\/www.eldigitaldeasturias.com\/noticias\/category\/actualidad-asturias\/#listItem","name":"Actualidad Asturias"}}]},{"@type":"Organization","@id":"https:\/\/www.eldigitaldeasturias.com\/noticias\/#organization","name":"El Digital de Asturias","description":"Hemeroteca","url":"https:\/\/www.eldigitaldeasturias.com\/noticias\/","email":"info@eldigitaldeasturias.com","telephone":"+34652131393","logo":{"@type":"ImageObject","url":"https:\/\/www.eldigitaldeasturias.com\/noticias\/wp-content\/uploads\/2020\/12\/EDA.jpg","@id":"https:\/\/www.eldigitaldeasturias.com\/noticias\/cangas-del-narcea-plantea-un-cambio-de-modelo-en-el-plan-de-movilidad\/#organizationLogo"},"image":{"@id":"https:\/\/www.eldigitaldeasturias.com\/noticias\/cangas-del-narcea-plantea-un-cambio-de-modelo-en-el-plan-de-movilidad\/#organizationLogo"},"sameAs":["https:\/\/facebook.com\/eldigitaldeasturias","https:\/\/www.youtube.com\/channel\/UCZP-2wLEB9Rv6erhFmqVnvg"],"address":{"@id":"https:\/\/www.eldigitaldeasturias.com\/noticias\/#postaladdress","@type":"PostalAddress","streetAddress":"san antonio 4","postalCode":"33430","addressLocality":"Cand\u00e1s","addressRegion":"Asturias","addressCountry":"ES"}},{"@type":"Person","@id":"https:\/\/www.eldigitaldeasturias.com\/noticias\/author\/admin\/#author","url":"https:\/\/www.eldigitaldeasturias.com\/noticias\/author\/admin\/","name":"El Digital de Asturias","image":{"@type":"ImageObject","@id":"https:\/\/www.eldigitaldeasturias.com\/noticias\/cangas-del-narcea-plantea-un-cambio-de-modelo-en-el-plan-de-movilidad\/#authorImage","url":"https:\/\/secure.gravatar.com\/avatar\/df2aeffc32bcd13f8d26072ef8a91b623d677766deac7f97ca815868cd41bf5e?s=96&d=mm&r=g","width":96,"height":96,"caption":"El Digital de Asturias"}},{"@type":"WebPage","@id":"https:\/\/www.eldigitaldeasturias.com\/noticias\/cangas-del-narcea-plantea-un-cambio-de-modelo-en-el-plan-de-movilidad\/#webpage","url":"https:\/\/www.eldigitaldeasturias.com\/noticias\/cangas-del-narcea-plantea-un-cambio-de-modelo-en-el-plan-de-movilidad\/","name":"Cangas del Narcea plantea un cambio de modelo en el Plan de Movilidad - El Digital de Asturias","description":"El alcalde de Cangas del Narcea, Jos\u00e9 V\u00edctor Rodr\u00edguez, ha mantenido una reuni\u00f3n con el director de la Agencia Asturiana de Transportes y Movilidad ...","inLanguage":"es-ES","isPartOf":{"@id":"https:\/\/www.eldigitaldeasturias.com\/noticias\/#website"},"breadcrumb":{"@id":"https:\/\/www.eldigitaldeasturias.com\/noticias\/cangas-del-narcea-plantea-un-cambio-de-modelo-en-el-plan-de-movilidad\/#breadcrumblist"},"author":{"@id":"https:\/\/www.eldigitaldeasturias.com\/noticias\/author\/admin\/#author"},"creator":{"@id":"https:\/\/www.eldigitaldeasturias.com\/noticias\/author\/admin\/#author"},"image":{"@type":"ImageObject","url":"https:\/\/www.eldigitaldeasturias.com\/noticias\/wp-content\/uploads\/2026\/06\/Contenidos.jpg","@id":"https:\/\/www.eldigitaldeasturias.com\/noticias\/cangas-del-narcea-plantea-un-cambio-de-modelo-en-el-plan-de-movilidad\/#mainImage","width":1265,"height":697,"caption":"Contenidos"},"primaryImageOfPage":{"@id":"https:\/\/www.eldigitaldeasturias.com\/noticias\/cangas-del-narcea-plantea-un-cambio-de-modelo-en-el-plan-de-movilidad\/#mainImage"},"datePublished":"2021-05-07T10:19:34+02:00","dateModified":"2021-05-07T10:19:34+02:00"},{"@type":"WebSite","@id":"https:\/\/www.eldigitaldeasturias.com\/noticias\/#website","url":"https:\/\/www.eldigitaldeasturias.com\/noticias\/","name":"El Digital de Asturias - Diario de actualidad y noticias","alternateName":"El Digital de Asturias - Diario de actualidad y noticias","description":"Hemeroteca","inLanguage":"es-ES","publisher":{"@id":"https:\/\/www.eldigitaldeasturias.com\/noticias\/#organization"}}]},"og:locale":"es_ES","og:site_name":"El Digital de Asturias","og:type":"article","og:title":"Cangas del Narcea plantea un cambio de modelo en el Plan de Movilidad - El Digital de Asturias","og:description":"El alcalde de Cangas del Narcea, Jos\u00e9 V\u00edctor Rodr\u00edguez, ha mantenido una reuni\u00f3n con el director de la Agencia Asturiana de Transportes y Movilidad ...","og:url":"https:\/\/www.eldigitaldeasturias.com\/noticias\/cangas-del-narcea-plantea-un-cambio-de-modelo-en-el-plan-de-movilidad\/","og:image":"https:\/\/www.eldigitaldeasturias.com\/noticias\/wp-content\/uploads\/2026\/06\/Contenidos.jpg","og:image:secure_url":"https:\/\/www.eldigitaldeasturias.com\/noticias\/wp-content\/uploads\/2026\/06\/Contenidos.jpg","og:image:width":1265,"og:image:height":697,"article:tag":["actualidad asturias"],"article:published_time":"2021-05-07T09:19:34+00:00","article:modified_time":"2021-05-07T09:19:34+00:00","article:publisher":"https:\/\/facebook.com\/eldigitaldeasturias","twitter:card":"summary_large_image","twitter:title":"Cangas del Narcea plantea un cambio de modelo en el Plan de Movilidad - El Digital de Asturias","twitter:description":"El alcalde de Cangas del Narcea, Jos\u00e9 V\u00edctor Rodr\u00edguez, ha mantenido una reuni\u00f3n con el director de la Agencia Asturiana de Transportes y Movilidad ...","twitter:image":"https:\/\/www.eldigitaldeasturias.com\/noticias\/wp-content\/uploads\/2026\/06\/Contenidos.jpg","twitter:label1":"Escrito por","twitter:data1":"El Digital de Asturias","twitter:label2":"Tiempo de lectura estimado","twitter:data2":"2 minutos"},"aioseo_meta_data":{"post_id":"1091081","title":null,"description":"El alcalde de Cangas del Narcea, Jos\u00e9 V\u00edctor Rodr\u00edguez, ha mantenido una reuni\u00f3n con el director de la Agencia Asturiana de Transportes y Movilidad ...","keywords":[],"keyphrases":{"focus":[],"additional":[]},"primary_term":null,"canonical_url":null,"og_title":null,"og_description":null,"og_object_type":"default","og_image_type":"default","og_image_url":null,"og_image_width":null,"og_image_height":null,"og_image_custom_url":null,"og_image_custom_fields":null,"og_video":"","og_custom_url":null,"og_article_section":null,"og_article_tags":[],"twitter_use_og":false,"twitter_card":"default","twitter_image_type":"default","twitter_image_url":null,"twitter_image_custom_url":null,"twitter_image_custom_fields":null,"twitter_title":null,"twitter_description":null,"schema":{"blockGraphs":[],"customGraphs":[],"default":{"data":{"Article":[],"Course":[],"Dataset":[],"FAQPage":[],"Movie":[],"Person":[],"Product":[],"ProductReview":[],"Car":[],"Recipe":[],"Service":[],"SoftwareApplication":[],"WebPage":[]},"graphName":"","isEnabled":true},"graphs":[],"defaultGraph":"Article","defaultPostTypeGraph":""},"schema_type":"default","schema_type_options":"{\"article\":{\"articleType\":\"BlogPosting\"},\"course\":{\"name\":\"\",\"description\":\"\",\"provider\":\"\"},\"faq\":{\"pages\":[]},\"product\":{\"reviews\":[]},\"recipe\":{\"ingredients\":[],\"instructions\":[],\"keywords\":[]},\"software\":{\"reviews\":[],\"operatingSystems\":[]},\"webPage\":{\"webPageType\":\"WebPage\"}}","pillar_content":false,"robots_default":true,"robots_noindex":false,"robots_noarchive":false,"robots_nosnippet":false,"robots_nofollow":false,"robots_noimageindex":false,"robots_noodp":false,"robots_notranslate":false,"robots_max_snippet":"-1","robots_max_videopreview":"-1","robots_max_imagepreview":"large","priority":null,"frequency":"default","local_seo":{"locations":{"business":{"name":"","businessType":"","image":"","areaServed":"","urls":{"website":"","aboutPage":"","contactPage":""},"address":{"streetLine1":"","streetLine2":"","zipCode":"","city":"","state":"","country":"","addressFormat":"#streetLineOne\n#streetLineTwo\n#city, #state #zipCode"},"contact":{"phone":"","email":"","fax":""},"ids":{"vat":"","tax":"","chamberOfCommerce":""},"payment":{"priceRange":"","currenciesAccepted":"","methods":""}}},"openingHours":{"useDefaults":true,"show":true,"alwaysOpen":false,"use24hFormat":false,"timezone":"","labels":{"closed":"","alwaysOpen":""},"days":{"monday":{"open24h":false,"closed":false,"openTime":"09:00","closeTime":"17:00"},"tuesday":{"open24h":false,"closed":false,"openTime":"09:00","closeTime":"17:00"},"wednesday":{"open24h":false,"closed":false,"openTime":"09:00","closeTime":"17:00"},"thursday":{"open24h":false,"closed":false,"openTime":"09:00","closeTime":"17:00"},"friday":{"open24h":false,"closed":false,"openTime":"09:00","closeTime":"17:00"},"saturday":{"open24h":false,"closed":false,"openTime":"09:00","closeTime":"17:00"},"sunday":{"open24h":false,"closed":false,"openTime":"09:00","closeTime":"17:00"}}}},"seo_analyzer_scan_date":"2026-07-17 18:08:37","breadcrumb_settings":null,"limit_modified_date":false,"open_ai":null,"ai":null,"created":"2021-05-07 09:16:20","updated":"2026-07-17 18:08:37","focus_keyword":null,"additional_keywords":null,"truseo_locale":null},"aioseo_breadcrumb":"<div class=\"aioseo-breadcrumbs\"><span class=\"aioseo-breadcrumb\">\n\t<a href=\"https:\/\/www.eldigitaldeasturias.com\/noticias\" title=\"Home\">Home<\/a>\n<\/span><span class=\"aioseo-breadcrumb-separator\">\u2013<\/span><span class=\"aioseo-breadcrumb\">\n\t<a href=\"https:\/\/www.eldigitaldeasturias.com\/noticias\/category\/actualidad-asturias\/\" title=\"Actualidad Asturias\">Actualidad Asturias<\/a>\n<\/span><span class=\"aioseo-breadcrumb-separator\">\u2013<\/span><span class=\"aioseo-breadcrumb\">\n\t<a href=\"https:\/\/www.eldigitaldeasturias.com\/noticias\/cangas-del-narcea-plantea-un-cambio-de-modelo-en-el-plan-de-movilidad\/\" title=\"Cangas del Narcea plantea un cambio de modelo en el Plan de Movilidad\">Cangas del Narcea plantea un cambio de modelo en el Plan de Movilidad<\/a>\n<\/span><\/div>","aioseo_breadcrumb_json":[{"label":"Home","link":"https:\/\/www.eldigitaldeasturias.com\/noticias"},{"label":"Actualidad Asturias","link":"https:\/\/www.eldigitaldeasturias.com\/noticias\/category\/actualidad-asturias\/"},{"label":"Cangas del Narcea plantea un cambio de modelo en el Plan de Movilidad","link":"https:\/\/www.eldigitaldeasturias.com\/noticias\/cangas-del-narcea-plantea-un-cambio-de-modelo-en-el-plan-de-movilidad\/"}],"_links":{"self":[{"href":"https:\/\/www.eldigitaldeasturias.com\/noticias\/wp-json\/wp\/v2\/posts\/1091081","targetHints":{"allow":["GET"]}}],"collection":[{"href":"https:\/\/www.eldigitaldeasturias.com\/noticias\/wp-json\/wp\/v2\/posts"}],"about":[{"href":"https:\/\/www.eldigitaldeasturias.com\/noticias\/wp-json\/wp\/v2\/types\/post"}],"author":[{"embeddable":true,"href":"https:\/\/www.eldigitaldeasturias.com\/noticias\/wp-json\/wp\/v2\/users\/1"}],"replies":[{"embeddable":true,"href":"https:\/\/www.eldigitaldeasturias.com\/noticias\/wp-json\/wp\/v2\/comments?post=1091081"}],"version-history":[{"count":0,"href":"https:\/\/www.eldigitaldeasturias.com\/noticias\/wp-json\/wp\/v2\/posts\/1091081\/revisions"}],"wp:featuredmedia":[{"embeddable":true,"href":"https:\/\/www.eldigitaldeasturias.com\/noticias\/wp-json\/wp\/v2\/media\/1132184"}],"wp:attachment":[{"href":"https:\/\/www.eldigitaldeasturias.com\/noticias\/wp-json\/wp\/v2\/media?parent=1091081"}],"wp:term":[{"taxonomy":"category","embeddable":true,"href":"https:\/\/www.eldigitaldeasturias.com\/noticias\/wp-json\/wp\/v2\/categories?post=1091081"},{"taxonomy":"post_tag","embeddable":true,"href":"https:\/\/www.eldigitaldeasturias.com\/noticias\/wp-json\/wp\/v2\/tags?post=1091081"}],"curies":[{"name":"wp","href":"https:\/\/api.w.org\/{rel}","templated":true}]}}