{"id":1091065,"date":"2021-05-07T02:11:14","date_gmt":"2021-05-07T01:11:14","guid":{"rendered":"https:\/\/www.eldigitaldeasturias.com\/noticias\/?p=1091065"},"modified":"2021-05-07T02:11:14","modified_gmt":"2021-05-07T01:11:14","slug":"pleno-telematico-en-cangas-del-narcea","status":"publish","type":"post","link":"https:\/\/www.eldigitaldeasturias.com\/noticias\/pleno-telematico-en-cangas-del-narcea\/","title":{"rendered":"Pleno telem\u00e1tico en Cangas del Narcea"},"content":{"rendered":"<p><img loading=\"lazy\" decoding=\"async\" class=\"alignleft size-medium wp-image-1091066\" src=\"https:\/\/www.eldigitaldeasturias.com\/noticias\/wp-content\/uploads\/2021\/05\/Pleno-Cangas-del-Narcea-360x216.jpg\" alt=\"Pleno Cangas del Narcea\" width=\"360\" height=\"216\" \/>El Ayuntamiento de Cangas del Narcea ha celebrado el jueves de manera telem\u00e1tica un pleno ordinario en el que<strong> se ha aprobado la concentraci\u00f3n parcelaria de Piedrafita y Jal\u00f3n<\/strong>. Se trata de un primera paso \u201cpara poner a disposici\u00f3n los terrenos y poder ejecutar un proyecto que cuenta con un presupuesto de 465.728 euros\u201d, ha explicado tras el pleno el alcalde, Jos\u00e9 V\u00edctor Rodr\u00edguez, quien ha detallado que adem\u00e1s de la concentraci\u00f3n de las 365 parcelas de 38 propietarios, se ejecutar\u00e1n m\u00e1s de 10 kil\u00f3metros de caminos y accesos a fincas. <strong>La aprobaci\u00f3n plenaria, permitir\u00e1 poner a disposici\u00f3n, de la consejer\u00eda de Medio Rural y Cohesi\u00f3n Territorial, los terrenos para que ejecute el proyecto<\/strong>. \u201cEste proyecto ayudar\u00e1 a dinamizar la zona rural, permitiendo aunar fincas y hacerlas m\u00e1s competitivas\u201d, ha dicho Rodr\u00edguez, quien cree que esta herramienta ayuda a controlar la despoblaci\u00f3n, al tiempo que, \u201cdeja definida la propiedad de forma gratuita para los vecinos\u201d.<\/p>\n<p><strong>La corporaci\u00f3n tambi\u00e9n ha aprobado de manera un\u00e1nime las mociones contra la inclusi\u00f3n del lobo en el listado de Especies Silvestres en R\u00e9gimen de Protecci\u00f3n Especial y la petici\u00f3n de una UVI m\u00f3vil para el \u00c1rea Sanitaria II<\/strong>, unos textos consensuados en las comisiones previas al pleno, que fueron presentados por los tres grupos municipales. En la moci\u00f3n del lobo acordada con los sindicatos ganaderos, los socialistas emitieron un voto particular en uno de los puntos, en los que se ped\u00eda la dimisi\u00f3n de la ministra de Transici\u00f3n Ecol\u00f3gica y el Reto Demogr\u00e1fico, Teresa Ribera y del secretario de Estado de Medio Ambiente, Hugo Mor\u00e1n, ya que, \u201cno se trata de se\u00f1alar a nadie con el dedo si no de mantener el plan de gesti\u00f3n del lobo\u201d, ha explicado el regidor quien recalc\u00f3 que es necesario agilizar los tr\u00e1mites en el pago de los da\u00f1os.<\/p>\n<p><strong>Tambi\u00e9n se aprob\u00f3, con los votos en contra de los populares, la moci\u00f3n de apoyo al Montep\u00edo de la Miner\u00eda Asturiana<\/strong>, adhiri\u00e9ndose el Consistorio a la campa\u00f1a de supervivencia que esta entidad de inter\u00e9s p\u00fablico ha puesto en marcha. La corporaci\u00f3n tambi\u00e9n ha aprobado los expedientes de reconocimiento extrajudicial de cr\u00e9dito que, \u201ccorresponden a facturas pendientes de los \u00faltimos meses del pasado a\u00f1o\u201d, ha explicado la edil de Hacienda, Bego\u00f1a Cueto, quien detall\u00f3 que se han preparado en varios expedientes por agilidad y operatividad.<\/p>\n<p>Los tres grupos municipales hab\u00edan acordado presentar al pleno una moci\u00f3n de urgencia, con la que se pretend\u00eda mostrar el apoyo de la corporaci\u00f3n municipal a la implantaci\u00f3n el pr\u00f3ximo curso de jornada continua en el Colegio P\u00fablico de Obanca. Una moci\u00f3n que finalmente no se debati\u00f3, al conocerse en la tarde del jueves, que el Consorcio de Transportes de Asturias adecuar\u00e1 los horarios a la nueva jornada, que finalmente ser\u00e1 aprobada por la consejer\u00eda de Educaci\u00f3n del Principado de Asturias.<\/p>\n<p>&nbsp;<\/p>\n","protected":false},"excerpt":{"rendered":"<p>El Ayuntamiento de Cangas del Narcea ha celebrado el jueves de manera telem\u00e1tica un pleno ordinario en el que se ha aprobado la concentraci\u00f3n parcelaria de Piedrafita y Jal\u00f3n. Se trata de un primera paso \u201cpara poner a disposici\u00f3n los terrenos y poder ejecutar un proyecto que cuenta con un presupuesto de 465.728 euros\u201d, ha [&hellip;]<\/p>\n","protected":false},"author":1,"featured_media":1132184,"comment_status":"closed","ping_status":"closed","sticky":false,"template":"","format":"standard","meta":{"footnotes":""},"categories":[12],"tags":[],"class_list":["post-1091065","post","type-post","status-publish","format-standard","has-post-thumbnail","hentry","category-actualidad-asturias"],"aioseo_notices":[],"aioseo_head":"\n\t\t<!-- All in One SEO Pro 5.0.1 - aioseo.com -->\n\t<meta name=\"description\" content=\"Cangas del Narcea ha celebrado el jueves de manera telem\u00e1tica un pleno ordinario en el que se ha aprobado la concentraci\u00f3n parcelaria de Piedrafita y Jal\u00f3n\" \/>\n\t<meta name=\"robots\" content=\"max-image-preview:large\" \/>\n\t<meta name=\"author\" content=\"El Digital de Asturias\"\/>\n\t<meta name=\"google-site-verification\" content=\"UA-38556648-1\" \/>\n\t<meta name=\"msvalidate.01\" content=\"7dfe9f3f1b24437ab69f4f2559babe99\" \/>\n\t<meta name=\"keywords\" content=\"actualidad asturias\" \/>\n\t<link rel=\"canonical\" href=\"https:\/\/www.eldigitaldeasturias.com\/noticias\/pleno-telematico-en-cangas-del-narcea\/\" \/>\n\t<meta name=\"generator\" content=\"All in One SEO Pro (AIOSEO) 5.0.1\" \/>\n\t\t<meta property=\"og:locale\" content=\"es_ES\" \/>\n\t\t<meta property=\"og:site_name\" content=\"El Digital de Asturias\" \/>\n\t\t<meta property=\"og:type\" content=\"article\" \/>\n\t\t<meta property=\"og:title\" content=\"Pleno telem\u00e1tico en Cangas del Narcea - El Digital de Asturias\" \/>\n\t\t<meta property=\"og:description\" content=\"Cangas del Narcea ha celebrado el jueves de manera telem\u00e1tica un pleno ordinario en el que se ha aprobado la concentraci\u00f3n parcelaria de Piedrafita y Jal\u00f3n\" \/>\n\t\t<meta property=\"og:url\" content=\"https:\/\/www.eldigitaldeasturias.com\/noticias\/pleno-telematico-en-cangas-del-narcea\/\" \/>\n\t\t<meta property=\"og:image\" content=\"https:\/\/www.eldigitaldeasturias.com\/noticias\/wp-content\/uploads\/2026\/06\/Contenidos.jpg\" \/>\n\t\t<meta property=\"og:image:secure_url\" content=\"https:\/\/www.eldigitaldeasturias.com\/noticias\/wp-content\/uploads\/2026\/06\/Contenidos.jpg\" \/>\n\t\t<meta property=\"og:image:width\" content=\"1265\" \/>\n\t\t<meta property=\"og:image:height\" content=\"697\" \/>\n\t\t<meta property=\"article:tag\" content=\"actualidad asturias\" \/>\n\t\t<meta property=\"article:published_time\" content=\"2021-05-07T01:11:14+00:00\" \/>\n\t\t<meta property=\"article:modified_time\" content=\"2021-05-07T01:11:14+00:00\" \/>\n\t\t<meta property=\"article:publisher\" content=\"https:\/\/facebook.com\/eldigitaldeasturias\" \/>\n\t\t<meta name=\"twitter:card\" content=\"summary_large_image\" \/>\n\t\t<meta name=\"twitter:title\" content=\"Pleno telem\u00e1tico en Cangas del Narcea - El Digital de Asturias\" \/>\n\t\t<meta name=\"twitter:description\" content=\"Cangas del Narcea ha celebrado el jueves de manera telem\u00e1tica un pleno ordinario en el que se ha aprobado la concentraci\u00f3n parcelaria de Piedrafita y Jal\u00f3n\" \/>\n\t\t<meta name=\"twitter:image\" content=\"https:\/\/www.eldigitaldeasturias.com\/noticias\/wp-content\/uploads\/2026\/06\/Contenidos.jpg\" \/>\n\t\t<meta name=\"twitter:label1\" content=\"Escrito por\" \/>\n\t\t<meta name=\"twitter:data1\" content=\"El Digital de Asturias\" \/>\n\t\t<meta name=\"twitter:label2\" content=\"Tiempo de lectura estimado\" \/>\n\t\t<meta name=\"twitter:data2\" content=\"3 minutos\" \/>\n\t\t<script type=\"application\/ld+json\" class=\"aioseo-schema\">\n\t\t\t{\"@context\":\"https:\\\/\\\/schema.org\",\"@graph\":[{\"@type\":\"BlogPosting\",\"@id\":\"https:\\\/\\\/www.eldigitaldeasturias.com\\\/noticias\\\/pleno-telematico-en-cangas-del-narcea\\\/#blogposting\",\"name\":\"Pleno telem\\u00e1tico en Cangas del Narcea - El Digital de Asturias\",\"headline\":\"Pleno telem\\u00e1tico en Cangas del Narcea\",\"author\":{\"@id\":\"https:\\\/\\\/www.eldigitaldeasturias.com\\\/noticias\\\/author\\\/admin\\\/#author\"},\"publisher\":{\"@id\":\"https:\\\/\\\/www.eldigitaldeasturias.com\\\/noticias\\\/#organization\"},\"image\":{\"@type\":\"ImageObject\",\"url\":\"https:\\\/\\\/www.eldigitaldeasturias.com\\\/noticias\\\/wp-content\\\/uploads\\\/2026\\\/06\\\/Contenidos.jpg\",\"width\":1265,\"height\":697,\"caption\":\"Contenidos\"},\"datePublished\":\"2021-05-07T02:11:14+02:00\",\"dateModified\":\"2021-05-07T02:11:14+02:00\",\"inLanguage\":\"es-ES\",\"mainEntityOfPage\":{\"@id\":\"https:\\\/\\\/www.eldigitaldeasturias.com\\\/noticias\\\/pleno-telematico-en-cangas-del-narcea\\\/#webpage\"},\"isPartOf\":{\"@id\":\"https:\\\/\\\/www.eldigitaldeasturias.com\\\/noticias\\\/pleno-telematico-en-cangas-del-narcea\\\/#webpage\"},\"articleSection\":\"Actualidad Asturias\"},{\"@type\":\"BreadcrumbList\",\"@id\":\"https:\\\/\\\/www.eldigitaldeasturias.com\\\/noticias\\\/pleno-telematico-en-cangas-del-narcea\\\/#breadcrumblist\",\"itemListElement\":[{\"@type\":\"ListItem\",\"@id\":\"https:\\\/\\\/www.eldigitaldeasturias.com\\\/noticias#listItem\",\"position\":1,\"name\":\"Home\",\"item\":\"https:\\\/\\\/www.eldigitaldeasturias.com\\\/noticias\",\"nextItem\":{\"@type\":\"ListItem\",\"@id\":\"https:\\\/\\\/www.eldigitaldeasturias.com\\\/noticias\\\/category\\\/actualidad-asturias\\\/#listItem\",\"name\":\"Actualidad Asturias\"}},{\"@type\":\"ListItem\",\"@id\":\"https:\\\/\\\/www.eldigitaldeasturias.com\\\/noticias\\\/category\\\/actualidad-asturias\\\/#listItem\",\"position\":2,\"name\":\"Actualidad Asturias\",\"item\":\"https:\\\/\\\/www.eldigitaldeasturias.com\\\/noticias\\\/category\\\/actualidad-asturias\\\/\",\"nextItem\":{\"@type\":\"ListItem\",\"@id\":\"https:\\\/\\\/www.eldigitaldeasturias.com\\\/noticias\\\/pleno-telematico-en-cangas-del-narcea\\\/#listItem\",\"name\":\"Pleno telem\\u00e1tico en Cangas del Narcea\"},\"previousItem\":{\"@type\":\"ListItem\",\"@id\":\"https:\\\/\\\/www.eldigitaldeasturias.com\\\/noticias#listItem\",\"name\":\"Home\"}},{\"@type\":\"ListItem\",\"@id\":\"https:\\\/\\\/www.eldigitaldeasturias.com\\\/noticias\\\/pleno-telematico-en-cangas-del-narcea\\\/#listItem\",\"position\":3,\"name\":\"Pleno telem\\u00e1tico en Cangas del Narcea\",\"previousItem\":{\"@type\":\"ListItem\",\"@id\":\"https:\\\/\\\/www.eldigitaldeasturias.com\\\/noticias\\\/category\\\/actualidad-asturias\\\/#listItem\",\"name\":\"Actualidad Asturias\"}}]},{\"@type\":\"Organization\",\"@id\":\"https:\\\/\\\/www.eldigitaldeasturias.com\\\/noticias\\\/#organization\",\"name\":\"El Digital de Asturias\",\"description\":\"Hemeroteca\",\"url\":\"https:\\\/\\\/www.eldigitaldeasturias.com\\\/noticias\\\/\",\"email\":\"info@eldigitaldeasturias.com\",\"telephone\":\"+34652131393\",\"logo\":{\"@type\":\"ImageObject\",\"url\":\"https:\\\/\\\/www.eldigitaldeasturias.com\\\/noticias\\\/wp-content\\\/uploads\\\/2020\\\/12\\\/EDA.jpg\",\"@id\":\"https:\\\/\\\/www.eldigitaldeasturias.com\\\/noticias\\\/pleno-telematico-en-cangas-del-narcea\\\/#organizationLogo\"},\"image\":{\"@id\":\"https:\\\/\\\/www.eldigitaldeasturias.com\\\/noticias\\\/pleno-telematico-en-cangas-del-narcea\\\/#organizationLogo\"},\"sameAs\":[\"https:\\\/\\\/facebook.com\\\/eldigitaldeasturias\",\"https:\\\/\\\/www.youtube.com\\\/channel\\\/UCZP-2wLEB9Rv6erhFmqVnvg\"],\"address\":{\"@id\":\"https:\\\/\\\/www.eldigitaldeasturias.com\\\/noticias\\\/#postaladdress\",\"@type\":\"PostalAddress\",\"streetAddress\":\"san antonio 4\",\"postalCode\":\"33430\",\"addressLocality\":\"Cand\\u00e1s\",\"addressRegion\":\"Asturias\",\"addressCountry\":\"ES\"}},{\"@type\":\"Person\",\"@id\":\"https:\\\/\\\/www.eldigitaldeasturias.com\\\/noticias\\\/author\\\/admin\\\/#author\",\"url\":\"https:\\\/\\\/www.eldigitaldeasturias.com\\\/noticias\\\/author\\\/admin\\\/\",\"name\":\"El Digital de Asturias\",\"image\":{\"@type\":\"ImageObject\",\"@id\":\"https:\\\/\\\/www.eldigitaldeasturias.com\\\/noticias\\\/pleno-telematico-en-cangas-del-narcea\\\/#authorImage\",\"url\":\"https:\\\/\\\/secure.gravatar.com\\\/avatar\\\/df2aeffc32bcd13f8d26072ef8a91b623d677766deac7f97ca815868cd41bf5e?s=96&d=mm&r=g\",\"width\":96,\"height\":96,\"caption\":\"El Digital de Asturias\"}},{\"@type\":\"WebPage\",\"@id\":\"https:\\\/\\\/www.eldigitaldeasturias.com\\\/noticias\\\/pleno-telematico-en-cangas-del-narcea\\\/#webpage\",\"url\":\"https:\\\/\\\/www.eldigitaldeasturias.com\\\/noticias\\\/pleno-telematico-en-cangas-del-narcea\\\/\",\"name\":\"Pleno telem\\u00e1tico en Cangas del Narcea - El Digital de Asturias\",\"description\":\"Cangas del Narcea ha celebrado el jueves de manera telem\\u00e1tica un pleno ordinario en el que se ha aprobado la concentraci\\u00f3n parcelaria de Piedrafita y Jal\\u00f3n\",\"inLanguage\":\"es-ES\",\"isPartOf\":{\"@id\":\"https:\\\/\\\/www.eldigitaldeasturias.com\\\/noticias\\\/#website\"},\"breadcrumb\":{\"@id\":\"https:\\\/\\\/www.eldigitaldeasturias.com\\\/noticias\\\/pleno-telematico-en-cangas-del-narcea\\\/#breadcrumblist\"},\"author\":{\"@id\":\"https:\\\/\\\/www.eldigitaldeasturias.com\\\/noticias\\\/author\\\/admin\\\/#author\"},\"creator\":{\"@id\":\"https:\\\/\\\/www.eldigitaldeasturias.com\\\/noticias\\\/author\\\/admin\\\/#author\"},\"image\":{\"@type\":\"ImageObject\",\"url\":\"https:\\\/\\\/www.eldigitaldeasturias.com\\\/noticias\\\/wp-content\\\/uploads\\\/2026\\\/06\\\/Contenidos.jpg\",\"@id\":\"https:\\\/\\\/www.eldigitaldeasturias.com\\\/noticias\\\/pleno-telematico-en-cangas-del-narcea\\\/#mainImage\",\"width\":1265,\"height\":697,\"caption\":\"Contenidos\"},\"primaryImageOfPage\":{\"@id\":\"https:\\\/\\\/www.eldigitaldeasturias.com\\\/noticias\\\/pleno-telematico-en-cangas-del-narcea\\\/#mainImage\"},\"datePublished\":\"2021-05-07T02:11:14+02:00\",\"dateModified\":\"2021-05-07T02:11:14+02:00\"},{\"@type\":\"WebSite\",\"@id\":\"https:\\\/\\\/www.eldigitaldeasturias.com\\\/noticias\\\/#website\",\"url\":\"https:\\\/\\\/www.eldigitaldeasturias.com\\\/noticias\\\/\",\"name\":\"El Digital de Asturias - Diario de actualidad y noticias\",\"alternateName\":\"El Digital de Asturias - Diario de actualidad y noticias\",\"description\":\"Hemeroteca\",\"inLanguage\":\"es-ES\",\"publisher\":{\"@id\":\"https:\\\/\\\/www.eldigitaldeasturias.com\\\/noticias\\\/#organization\"}}]}\n\t\t<\/script>\n\t\t<!-- All in One SEO Pro -->\r\n\t\t<title>Pleno telem\u00e1tico en Cangas del Narcea - El Digital de Asturias<\/title>\n\n","aioseo_head_json":{"title":"Pleno telem\u00e1tico en Cangas del Narcea - El Digital de Asturias","description":"Cangas del Narcea ha celebrado el jueves de manera telem\u00e1tica un pleno ordinario en el que se ha aprobado la concentraci\u00f3n parcelaria de Piedrafita y Jal\u00f3n","canonical_url":"https:\/\/www.eldigitaldeasturias.com\/noticias\/pleno-telematico-en-cangas-del-narcea\/","robots":"max-image-preview:large","keywords":"actualidad asturias","webmasterTools":{"google-site-verification":"UA-38556648-1","msvalidate.01":"7dfe9f3f1b24437ab69f4f2559babe99","miscellaneous":""},"schema":{"@context":"https:\/\/schema.org","@graph":[{"@type":"BlogPosting","@id":"https:\/\/www.eldigitaldeasturias.com\/noticias\/pleno-telematico-en-cangas-del-narcea\/#blogposting","name":"Pleno telem\u00e1tico en Cangas del Narcea - El Digital de Asturias","headline":"Pleno telem\u00e1tico en Cangas del Narcea","author":{"@id":"https:\/\/www.eldigitaldeasturias.com\/noticias\/author\/admin\/#author"},"publisher":{"@id":"https:\/\/www.eldigitaldeasturias.com\/noticias\/#organization"},"image":{"@type":"ImageObject","url":"https:\/\/www.eldigitaldeasturias.com\/noticias\/wp-content\/uploads\/2026\/06\/Contenidos.jpg","width":1265,"height":697,"caption":"Contenidos"},"datePublished":"2021-05-07T02:11:14+02:00","dateModified":"2021-05-07T02:11:14+02:00","inLanguage":"es-ES","mainEntityOfPage":{"@id":"https:\/\/www.eldigitaldeasturias.com\/noticias\/pleno-telematico-en-cangas-del-narcea\/#webpage"},"isPartOf":{"@id":"https:\/\/www.eldigitaldeasturias.com\/noticias\/pleno-telematico-en-cangas-del-narcea\/#webpage"},"articleSection":"Actualidad Asturias"},{"@type":"BreadcrumbList","@id":"https:\/\/www.eldigitaldeasturias.com\/noticias\/pleno-telematico-en-cangas-del-narcea\/#breadcrumblist","itemListElement":[{"@type":"ListItem","@id":"https:\/\/www.eldigitaldeasturias.com\/noticias#listItem","position":1,"name":"Home","item":"https:\/\/www.eldigitaldeasturias.com\/noticias","nextItem":{"@type":"ListItem","@id":"https:\/\/www.eldigitaldeasturias.com\/noticias\/category\/actualidad-asturias\/#listItem","name":"Actualidad Asturias"}},{"@type":"ListItem","@id":"https:\/\/www.eldigitaldeasturias.com\/noticias\/category\/actualidad-asturias\/#listItem","position":2,"name":"Actualidad Asturias","item":"https:\/\/www.eldigitaldeasturias.com\/noticias\/category\/actualidad-asturias\/","nextItem":{"@type":"ListItem","@id":"https:\/\/www.eldigitaldeasturias.com\/noticias\/pleno-telematico-en-cangas-del-narcea\/#listItem","name":"Pleno telem\u00e1tico en Cangas del Narcea"},"previousItem":{"@type":"ListItem","@id":"https:\/\/www.eldigitaldeasturias.com\/noticias#listItem","name":"Home"}},{"@type":"ListItem","@id":"https:\/\/www.eldigitaldeasturias.com\/noticias\/pleno-telematico-en-cangas-del-narcea\/#listItem","position":3,"name":"Pleno telem\u00e1tico en Cangas del Narcea","previousItem":{"@type":"ListItem","@id":"https:\/\/www.eldigitaldeasturias.com\/noticias\/category\/actualidad-asturias\/#listItem","name":"Actualidad Asturias"}}]},{"@type":"Organization","@id":"https:\/\/www.eldigitaldeasturias.com\/noticias\/#organization","name":"El Digital de Asturias","description":"Hemeroteca","url":"https:\/\/www.eldigitaldeasturias.com\/noticias\/","email":"info@eldigitaldeasturias.com","telephone":"+34652131393","logo":{"@type":"ImageObject","url":"https:\/\/www.eldigitaldeasturias.com\/noticias\/wp-content\/uploads\/2020\/12\/EDA.jpg","@id":"https:\/\/www.eldigitaldeasturias.com\/noticias\/pleno-telematico-en-cangas-del-narcea\/#organizationLogo"},"image":{"@id":"https:\/\/www.eldigitaldeasturias.com\/noticias\/pleno-telematico-en-cangas-del-narcea\/#organizationLogo"},"sameAs":["https:\/\/facebook.com\/eldigitaldeasturias","https:\/\/www.youtube.com\/channel\/UCZP-2wLEB9Rv6erhFmqVnvg"],"address":{"@id":"https:\/\/www.eldigitaldeasturias.com\/noticias\/#postaladdress","@type":"PostalAddress","streetAddress":"san antonio 4","postalCode":"33430","addressLocality":"Cand\u00e1s","addressRegion":"Asturias","addressCountry":"ES"}},{"@type":"Person","@id":"https:\/\/www.eldigitaldeasturias.com\/noticias\/author\/admin\/#author","url":"https:\/\/www.eldigitaldeasturias.com\/noticias\/author\/admin\/","name":"El Digital de Asturias","image":{"@type":"ImageObject","@id":"https:\/\/www.eldigitaldeasturias.com\/noticias\/pleno-telematico-en-cangas-del-narcea\/#authorImage","url":"https:\/\/secure.gravatar.com\/avatar\/df2aeffc32bcd13f8d26072ef8a91b623d677766deac7f97ca815868cd41bf5e?s=96&d=mm&r=g","width":96,"height":96,"caption":"El Digital de Asturias"}},{"@type":"WebPage","@id":"https:\/\/www.eldigitaldeasturias.com\/noticias\/pleno-telematico-en-cangas-del-narcea\/#webpage","url":"https:\/\/www.eldigitaldeasturias.com\/noticias\/pleno-telematico-en-cangas-del-narcea\/","name":"Pleno telem\u00e1tico en Cangas del Narcea - El Digital de Asturias","description":"Cangas del Narcea ha celebrado el jueves de manera telem\u00e1tica un pleno ordinario en el que se ha aprobado la concentraci\u00f3n parcelaria de Piedrafita y Jal\u00f3n","inLanguage":"es-ES","isPartOf":{"@id":"https:\/\/www.eldigitaldeasturias.com\/noticias\/#website"},"breadcrumb":{"@id":"https:\/\/www.eldigitaldeasturias.com\/noticias\/pleno-telematico-en-cangas-del-narcea\/#breadcrumblist"},"author":{"@id":"https:\/\/www.eldigitaldeasturias.com\/noticias\/author\/admin\/#author"},"creator":{"@id":"https:\/\/www.eldigitaldeasturias.com\/noticias\/author\/admin\/#author"},"image":{"@type":"ImageObject","url":"https:\/\/www.eldigitaldeasturias.com\/noticias\/wp-content\/uploads\/2026\/06\/Contenidos.jpg","@id":"https:\/\/www.eldigitaldeasturias.com\/noticias\/pleno-telematico-en-cangas-del-narcea\/#mainImage","width":1265,"height":697,"caption":"Contenidos"},"primaryImageOfPage":{"@id":"https:\/\/www.eldigitaldeasturias.com\/noticias\/pleno-telematico-en-cangas-del-narcea\/#mainImage"},"datePublished":"2021-05-07T02:11:14+02:00","dateModified":"2021-05-07T02:11:14+02:00"},{"@type":"WebSite","@id":"https:\/\/www.eldigitaldeasturias.com\/noticias\/#website","url":"https:\/\/www.eldigitaldeasturias.com\/noticias\/","name":"El Digital de Asturias - Diario de actualidad y noticias","alternateName":"El Digital de Asturias - Diario de actualidad y noticias","description":"Hemeroteca","inLanguage":"es-ES","publisher":{"@id":"https:\/\/www.eldigitaldeasturias.com\/noticias\/#organization"}}]},"og:locale":"es_ES","og:site_name":"El Digital de Asturias","og:type":"article","og:title":"Pleno telem\u00e1tico en Cangas del Narcea - El Digital de Asturias","og:description":"Cangas del Narcea ha celebrado el jueves de manera telem\u00e1tica un pleno ordinario en el que se ha aprobado la concentraci\u00f3n parcelaria de Piedrafita y Jal\u00f3n","og:url":"https:\/\/www.eldigitaldeasturias.com\/noticias\/pleno-telematico-en-cangas-del-narcea\/","og:image":"https:\/\/www.eldigitaldeasturias.com\/noticias\/wp-content\/uploads\/2026\/06\/Contenidos.jpg","og:image:secure_url":"https:\/\/www.eldigitaldeasturias.com\/noticias\/wp-content\/uploads\/2026\/06\/Contenidos.jpg","og:image:width":1265,"og:image:height":697,"article:tag":["actualidad asturias"],"article:published_time":"2021-05-07T01:11:14+00:00","article:modified_time":"2021-05-07T01:11:14+00:00","article:publisher":"https:\/\/facebook.com\/eldigitaldeasturias","twitter:card":"summary_large_image","twitter:title":"Pleno telem\u00e1tico en Cangas del Narcea - El Digital de Asturias","twitter:description":"Cangas del Narcea ha celebrado el jueves de manera telem\u00e1tica un pleno ordinario en el que se ha aprobado la concentraci\u00f3n parcelaria de Piedrafita y Jal\u00f3n","twitter:image":"https:\/\/www.eldigitaldeasturias.com\/noticias\/wp-content\/uploads\/2026\/06\/Contenidos.jpg","twitter:label1":"Escrito por","twitter:data1":"El Digital de Asturias","twitter:label2":"Tiempo de lectura estimado","twitter:data2":"3 minutos"},"aioseo_meta_data":{"post_id":"1091065","title":null,"description":"Cangas del Narcea ha celebrado el jueves de manera telem\u00e1tica un pleno ordinario en el que se ha aprobado la concentraci\u00f3n parcelaria de Piedrafita y Jal\u00f3n","keywords":[],"keyphrases":{"focus":[],"additional":[]},"primary_term":null,"canonical_url":null,"og_title":null,"og_description":null,"og_object_type":"default","og_image_type":"default","og_image_url":null,"og_image_width":null,"og_image_height":null,"og_image_custom_url":null,"og_image_custom_fields":null,"og_video":"","og_custom_url":null,"og_article_section":null,"og_article_tags":[],"twitter_use_og":false,"twitter_card":"default","twitter_image_type":"default","twitter_image_url":null,"twitter_image_custom_url":null,"twitter_image_custom_fields":null,"twitter_title":null,"twitter_description":null,"schema":{"blockGraphs":[],"customGraphs":[],"default":{"data":{"Article":[],"Course":[],"Dataset":[],"FAQPage":[],"Movie":[],"Person":[],"Product":[],"ProductReview":[],"Car":[],"Recipe":[],"Service":[],"SoftwareApplication":[],"WebPage":[]},"graphName":"","isEnabled":true},"graphs":[],"defaultGraph":"Article","defaultPostTypeGraph":""},"schema_type":"default","schema_type_options":"{\"article\":{\"articleType\":\"BlogPosting\"},\"course\":{\"name\":\"\",\"description\":\"\",\"provider\":\"\"},\"faq\":{\"pages\":[]},\"product\":{\"reviews\":[]},\"recipe\":{\"ingredients\":[],\"instructions\":[],\"keywords\":[]},\"software\":{\"reviews\":[],\"operatingSystems\":[]},\"webPage\":{\"webPageType\":\"WebPage\"}}","pillar_content":false,"robots_default":true,"robots_noindex":false,"robots_noarchive":false,"robots_nosnippet":false,"robots_nofollow":false,"robots_noimageindex":false,"robots_noodp":false,"robots_notranslate":false,"robots_max_snippet":"-1","robots_max_videopreview":"-1","robots_max_imagepreview":"large","priority":null,"frequency":"default","local_seo":{"locations":{"business":{"name":"","businessType":"","image":"","areaServed":"","urls":{"website":"","aboutPage":"","contactPage":""},"address":{"streetLine1":"","streetLine2":"","zipCode":"","city":"","state":"","country":"","addressFormat":"#streetLineOne\n#streetLineTwo\n#city, #state #zipCode"},"contact":{"phone":"","email":"","fax":""},"ids":{"vat":"","tax":"","chamberOfCommerce":""},"payment":{"priceRange":"","currenciesAccepted":"","methods":""}}},"openingHours":{"useDefaults":true,"show":true,"alwaysOpen":false,"use24hFormat":false,"timezone":"","labels":{"closed":"","alwaysOpen":""},"days":{"monday":{"open24h":false,"closed":false,"openTime":"09:00","closeTime":"17:00"},"tuesday":{"open24h":false,"closed":false,"openTime":"09:00","closeTime":"17:00"},"wednesday":{"open24h":false,"closed":false,"openTime":"09:00","closeTime":"17:00"},"thursday":{"open24h":false,"closed":false,"openTime":"09:00","closeTime":"17:00"},"friday":{"open24h":false,"closed":false,"openTime":"09:00","closeTime":"17:00"},"saturday":{"open24h":false,"closed":false,"openTime":"09:00","closeTime":"17:00"},"sunday":{"open24h":false,"closed":false,"openTime":"09:00","closeTime":"17:00"}}}},"seo_analyzer_scan_date":"2026-07-17 18:04:23","breadcrumb_settings":null,"limit_modified_date":false,"open_ai":null,"ai":null,"created":"2021-05-07 01:06:14","updated":"2026-07-17 18:04:23","focus_keyword":null,"additional_keywords":null,"truseo_locale":null},"aioseo_breadcrumb":"<div class=\"aioseo-breadcrumbs\"><span class=\"aioseo-breadcrumb\">\n\t<a href=\"https:\/\/www.eldigitaldeasturias.com\/noticias\" title=\"Home\">Home<\/a>\n<\/span><span class=\"aioseo-breadcrumb-separator\">\u2013<\/span><span class=\"aioseo-breadcrumb\">\n\t<a href=\"https:\/\/www.eldigitaldeasturias.com\/noticias\/category\/actualidad-asturias\/\" title=\"Actualidad Asturias\">Actualidad Asturias<\/a>\n<\/span><span class=\"aioseo-breadcrumb-separator\">\u2013<\/span><span class=\"aioseo-breadcrumb\">\n\t<a href=\"https:\/\/www.eldigitaldeasturias.com\/noticias\/pleno-telematico-en-cangas-del-narcea\/\" title=\"Pleno telem\u00e1tico en Cangas del Narcea\">Pleno telem\u00e1tico en Cangas del Narcea<\/a>\n<\/span><\/div>","aioseo_breadcrumb_json":[{"label":"Home","link":"https:\/\/www.eldigitaldeasturias.com\/noticias"},{"label":"Actualidad Asturias","link":"https:\/\/www.eldigitaldeasturias.com\/noticias\/category\/actualidad-asturias\/"},{"label":"Pleno telem\u00e1tico en Cangas del Narcea","link":"https:\/\/www.eldigitaldeasturias.com\/noticias\/pleno-telematico-en-cangas-del-narcea\/"}],"_links":{"self":[{"href":"https:\/\/www.eldigitaldeasturias.com\/noticias\/wp-json\/wp\/v2\/posts\/1091065","targetHints":{"allow":["GET"]}}],"collection":[{"href":"https:\/\/www.eldigitaldeasturias.com\/noticias\/wp-json\/wp\/v2\/posts"}],"about":[{"href":"https:\/\/www.eldigitaldeasturias.com\/noticias\/wp-json\/wp\/v2\/types\/post"}],"author":[{"embeddable":true,"href":"https:\/\/www.eldigitaldeasturias.com\/noticias\/wp-json\/wp\/v2\/users\/1"}],"replies":[{"embeddable":true,"href":"https:\/\/www.eldigitaldeasturias.com\/noticias\/wp-json\/wp\/v2\/comments?post=1091065"}],"version-history":[{"count":0,"href":"https:\/\/www.eldigitaldeasturias.com\/noticias\/wp-json\/wp\/v2\/posts\/1091065\/revisions"}],"wp:featuredmedia":[{"embeddable":true,"href":"https:\/\/www.eldigitaldeasturias.com\/noticias\/wp-json\/wp\/v2\/media\/1132184"}],"wp:attachment":[{"href":"https:\/\/www.eldigitaldeasturias.com\/noticias\/wp-json\/wp\/v2\/media?parent=1091065"}],"wp:term":[{"taxonomy":"category","embeddable":true,"href":"https:\/\/www.eldigitaldeasturias.com\/noticias\/wp-json\/wp\/v2\/categories?post=1091065"},{"taxonomy":"post_tag","embeddable":true,"href":"https:\/\/www.eldigitaldeasturias.com\/noticias\/wp-json\/wp\/v2\/tags?post=1091065"}],"curies":[{"name":"wp","href":"https:\/\/api.w.org\/{rel}","templated":true}]}}