{"id":1090871,"date":"2021-05-04T13:05:43","date_gmt":"2021-05-04T12:05:43","guid":{"rendered":"https:\/\/www.eldigitaldeasturias.com\/noticias\/?p=1090871"},"modified":"2021-05-04T13:05:43","modified_gmt":"2021-05-04T12:05:43","slug":"comienza-la-reparacion-de-la-carretera-de-caldevilla-en-pilona","status":"publish","type":"post","link":"https:\/\/www.eldigitaldeasturias.com\/noticias\/comienza-la-reparacion-de-la-carretera-de-caldevilla-en-pilona\/","title":{"rendered":"Comienza la reparaci\u00f3n de la carretera de Caldevilla, en Pilo\u00f1a"},"content":{"rendered":"<p><img loading=\"lazy\" decoding=\"async\" class=\"alignleft size-medium wp-image-1090872\" src=\"https:\/\/www.eldigitaldeasturias.com\/noticias\/wp-content\/uploads\/2021\/05\/Reparacion-carretera-de-Caldevilla-360x249.jpg\" alt=\"Reparaci\u00f3n carretera de Caldevilla\" width=\"360\" height=\"249\" \/>La Consejer\u00eda asturiana de Medio Rural y Cohesi\u00f3n Territorial ha iniciado hoy la <strong>reparaci\u00f3n de la carretera de Caldevilla<\/strong>, en Pilo\u00f1a, adjudicada a la empresa Tratamientos Asf\u00e1lticos (Trasfalt) por 218.773 euros y con un plazo de ejecuci\u00f3n de cuatro meses. <strong>La directora general de Infraestructuras Viarias y Portuarias, Esther D\u00edaz, ha visitado esta ma\u00f1ana las obras de esta v\u00eda<\/strong>, a la que se accede desde la AS-339 (Puente Tendi- Sella\u00f1o), en las proximidades de la poblaci\u00f3n de Sevares.<\/p>\n<p>El pavimento presentaba deficiencias que afectaban tanto a la seguridad como a la durabilidad de la infraestructura, y disminu\u00edan la comodidad de los usuarios. Para revertir esta situaci\u00f3n, se rehabilitar\u00e1 el firme y se fresar\u00e1 el pavimento en los tramos en los que resulte necesario. El contrato incluye tambi\u00e9n la mejora del sistema de drenaje, el pintado de marcas viales y la instalaci\u00f3n de la se\u00f1alizaci\u00f3n vertical, as\u00ed como de varios tramos de barrera de seguridad.<\/p>\n<p><strong>Estas obras se suman a otras inversiones realizadas recientemente en Pilo\u00f1a por un importe cercano a los 100.000 euros<\/strong>, como la reparaci\u00f3n de varios hundimientos en la PI-2, que une Puente Ferreros y Cuerrias, y de otro en la carretera de Robledo y Cereceda (PI-11), en la que tambi\u00e9n se ha mejorado el drenaje.<\/p>\n<p>Esther D\u00edaz, que ha estado acompa\u00f1ada en la visita por el alcalde de Pilo\u00f1a, Iv\u00e1n Allende, ha explicado que su departamento tiene previstas importantes actuaciones en la zona, concretamente en la carretera de Torazo (AS-334) y la PI-12 (Priede), con un presupuesto superior al mill\u00f3n de euros. En ambos casos, las obras podr\u00edan comenzar en el tercer trimestre del a\u00f1o.<\/p>\n<p>&nbsp;<\/p>\n","protected":false},"excerpt":{"rendered":"<p>La Consejer\u00eda asturiana de Medio Rural y Cohesi\u00f3n Territorial ha iniciado hoy la reparaci\u00f3n de la carretera de Caldevilla, en Pilo\u00f1a, adjudicada a la empresa Tratamientos Asf\u00e1lticos (Trasfalt) por 218.773 euros y con un plazo de ejecuci\u00f3n de cuatro meses. La directora general de Infraestructuras Viarias y Portuarias, Esther D\u00edaz, ha visitado esta ma\u00f1ana las [&hellip;]<\/p>\n","protected":false},"author":1,"featured_media":1132184,"comment_status":"closed","ping_status":"closed","sticky":false,"template":"","format":"standard","meta":{"footnotes":""},"categories":[12],"tags":[],"class_list":["post-1090871","post","type-post","status-publish","format-standard","has-post-thumbnail","hentry","category-actualidad-asturias"],"aioseo_notices":[],"aioseo_head":"\n\t\t<!-- All in One SEO Pro 5.0.1 - aioseo.com -->\n\t<meta name=\"description\" content=\"La Consejer\u00eda de Medio Rural y Cohesi\u00f3n Territorial del Principado de Asturias ha iniciado hoy la reparaci\u00f3n de la carretera de Caldevilla, en Pilo\u00f1a\" \/>\n\t<meta name=\"robots\" content=\"max-image-preview:large\" \/>\n\t<meta name=\"author\" content=\"El Digital de Asturias\"\/>\n\t<meta name=\"google-site-verification\" content=\"UA-38556648-1\" \/>\n\t<meta name=\"msvalidate.01\" content=\"7dfe9f3f1b24437ab69f4f2559babe99\" \/>\n\t<meta name=\"keywords\" content=\"actualidad asturias\" \/>\n\t<link rel=\"canonical\" href=\"https:\/\/www.eldigitaldeasturias.com\/noticias\/comienza-la-reparacion-de-la-carretera-de-caldevilla-en-pilona\/\" \/>\n\t<meta name=\"generator\" content=\"All in One SEO Pro (AIOSEO) 5.0.1\" \/>\n\t\t<meta property=\"og:locale\" content=\"es_ES\" \/>\n\t\t<meta property=\"og:site_name\" content=\"El Digital de Asturias\" \/>\n\t\t<meta property=\"og:type\" content=\"article\" \/>\n\t\t<meta property=\"og:title\" content=\"Comienza la reparaci\u00f3n de la carretera de Caldevilla, en Pilo\u00f1a - El Digital de Asturias\" \/>\n\t\t<meta property=\"og:description\" content=\"La Consejer\u00eda de Medio Rural y Cohesi\u00f3n Territorial del Principado de Asturias ha iniciado hoy la reparaci\u00f3n de la carretera de Caldevilla, en Pilo\u00f1a\" \/>\n\t\t<meta property=\"og:url\" content=\"https:\/\/www.eldigitaldeasturias.com\/noticias\/comienza-la-reparacion-de-la-carretera-de-caldevilla-en-pilona\/\" \/>\n\t\t<meta property=\"og:image\" content=\"https:\/\/www.eldigitaldeasturias.com\/noticias\/wp-content\/uploads\/2026\/06\/Contenidos.jpg\" \/>\n\t\t<meta property=\"og:image:secure_url\" content=\"https:\/\/www.eldigitaldeasturias.com\/noticias\/wp-content\/uploads\/2026\/06\/Contenidos.jpg\" \/>\n\t\t<meta property=\"og:image:width\" content=\"1265\" \/>\n\t\t<meta property=\"og:image:height\" content=\"697\" \/>\n\t\t<meta property=\"article:tag\" content=\"actualidad asturias\" \/>\n\t\t<meta property=\"article:published_time\" content=\"2021-05-04T12:05:43+00:00\" \/>\n\t\t<meta property=\"article:modified_time\" content=\"2021-05-04T12:05:43+00:00\" \/>\n\t\t<meta property=\"article:publisher\" content=\"https:\/\/facebook.com\/eldigitaldeasturias\" \/>\n\t\t<meta name=\"twitter:card\" content=\"summary_large_image\" \/>\n\t\t<meta name=\"twitter:title\" content=\"Comienza la reparaci\u00f3n de la carretera de Caldevilla, en Pilo\u00f1a - El Digital de Asturias\" \/>\n\t\t<meta name=\"twitter:description\" content=\"La Consejer\u00eda de Medio Rural y Cohesi\u00f3n Territorial del Principado de Asturias ha iniciado hoy la reparaci\u00f3n de la carretera de Caldevilla, en Pilo\u00f1a\" \/>\n\t\t<meta name=\"twitter:image\" content=\"https:\/\/www.eldigitaldeasturias.com\/noticias\/wp-content\/uploads\/2026\/06\/Contenidos.jpg\" \/>\n\t\t<meta name=\"twitter:label1\" content=\"Escrito por\" \/>\n\t\t<meta name=\"twitter:data1\" content=\"El Digital de Asturias\" \/>\n\t\t<meta name=\"twitter:label2\" content=\"Tiempo de lectura estimado\" \/>\n\t\t<meta name=\"twitter:data2\" content=\"1 minuto\" \/>\n\t\t<script type=\"application\/ld+json\" class=\"aioseo-schema\">\n\t\t\t{\"@context\":\"https:\\\/\\\/schema.org\",\"@graph\":[{\"@type\":\"BlogPosting\",\"@id\":\"https:\\\/\\\/www.eldigitaldeasturias.com\\\/noticias\\\/comienza-la-reparacion-de-la-carretera-de-caldevilla-en-pilona\\\/#blogposting\",\"name\":\"Comienza la reparaci\\u00f3n de la carretera de Caldevilla, en Pilo\\u00f1a - El Digital de Asturias\",\"headline\":\"Comienza la reparaci\\u00f3n de la carretera de Caldevilla, en Pilo\\u00f1a\",\"author\":{\"@id\":\"https:\\\/\\\/www.eldigitaldeasturias.com\\\/noticias\\\/author\\\/admin\\\/#author\"},\"publisher\":{\"@id\":\"https:\\\/\\\/www.eldigitaldeasturias.com\\\/noticias\\\/#organization\"},\"image\":{\"@type\":\"ImageObject\",\"url\":\"https:\\\/\\\/www.eldigitaldeasturias.com\\\/noticias\\\/wp-content\\\/uploads\\\/2026\\\/06\\\/Contenidos.jpg\",\"width\":1265,\"height\":697,\"caption\":\"Contenidos\"},\"datePublished\":\"2021-05-04T13:05:43+02:00\",\"dateModified\":\"2021-05-04T13:05:43+02:00\",\"inLanguage\":\"es-ES\",\"mainEntityOfPage\":{\"@id\":\"https:\\\/\\\/www.eldigitaldeasturias.com\\\/noticias\\\/comienza-la-reparacion-de-la-carretera-de-caldevilla-en-pilona\\\/#webpage\"},\"isPartOf\":{\"@id\":\"https:\\\/\\\/www.eldigitaldeasturias.com\\\/noticias\\\/comienza-la-reparacion-de-la-carretera-de-caldevilla-en-pilona\\\/#webpage\"},\"articleSection\":\"Actualidad Asturias\"},{\"@type\":\"BreadcrumbList\",\"@id\":\"https:\\\/\\\/www.eldigitaldeasturias.com\\\/noticias\\\/comienza-la-reparacion-de-la-carretera-de-caldevilla-en-pilona\\\/#breadcrumblist\",\"itemListElement\":[{\"@type\":\"ListItem\",\"@id\":\"https:\\\/\\\/www.eldigitaldeasturias.com\\\/noticias#listItem\",\"position\":1,\"name\":\"Home\",\"item\":\"https:\\\/\\\/www.eldigitaldeasturias.com\\\/noticias\",\"nextItem\":{\"@type\":\"ListItem\",\"@id\":\"https:\\\/\\\/www.eldigitaldeasturias.com\\\/noticias\\\/category\\\/actualidad-asturias\\\/#listItem\",\"name\":\"Actualidad Asturias\"}},{\"@type\":\"ListItem\",\"@id\":\"https:\\\/\\\/www.eldigitaldeasturias.com\\\/noticias\\\/category\\\/actualidad-asturias\\\/#listItem\",\"position\":2,\"name\":\"Actualidad Asturias\",\"item\":\"https:\\\/\\\/www.eldigitaldeasturias.com\\\/noticias\\\/category\\\/actualidad-asturias\\\/\",\"nextItem\":{\"@type\":\"ListItem\",\"@id\":\"https:\\\/\\\/www.eldigitaldeasturias.com\\\/noticias\\\/comienza-la-reparacion-de-la-carretera-de-caldevilla-en-pilona\\\/#listItem\",\"name\":\"Comienza la reparaci\\u00f3n de la carretera de Caldevilla, en Pilo\\u00f1a\"},\"previousItem\":{\"@type\":\"ListItem\",\"@id\":\"https:\\\/\\\/www.eldigitaldeasturias.com\\\/noticias#listItem\",\"name\":\"Home\"}},{\"@type\":\"ListItem\",\"@id\":\"https:\\\/\\\/www.eldigitaldeasturias.com\\\/noticias\\\/comienza-la-reparacion-de-la-carretera-de-caldevilla-en-pilona\\\/#listItem\",\"position\":3,\"name\":\"Comienza la reparaci\\u00f3n de la carretera de Caldevilla, en Pilo\\u00f1a\",\"previousItem\":{\"@type\":\"ListItem\",\"@id\":\"https:\\\/\\\/www.eldigitaldeasturias.com\\\/noticias\\\/category\\\/actualidad-asturias\\\/#listItem\",\"name\":\"Actualidad Asturias\"}}]},{\"@type\":\"Organization\",\"@id\":\"https:\\\/\\\/www.eldigitaldeasturias.com\\\/noticias\\\/#organization\",\"name\":\"El Digital de Asturias\",\"description\":\"Hemeroteca\",\"url\":\"https:\\\/\\\/www.eldigitaldeasturias.com\\\/noticias\\\/\",\"email\":\"info@eldigitaldeasturias.com\",\"telephone\":\"+34652131393\",\"logo\":{\"@type\":\"ImageObject\",\"url\":\"https:\\\/\\\/www.eldigitaldeasturias.com\\\/noticias\\\/wp-content\\\/uploads\\\/2020\\\/12\\\/EDA.jpg\",\"@id\":\"https:\\\/\\\/www.eldigitaldeasturias.com\\\/noticias\\\/comienza-la-reparacion-de-la-carretera-de-caldevilla-en-pilona\\\/#organizationLogo\"},\"image\":{\"@id\":\"https:\\\/\\\/www.eldigitaldeasturias.com\\\/noticias\\\/comienza-la-reparacion-de-la-carretera-de-caldevilla-en-pilona\\\/#organizationLogo\"},\"sameAs\":[\"https:\\\/\\\/facebook.com\\\/eldigitaldeasturias\",\"https:\\\/\\\/www.youtube.com\\\/channel\\\/UCZP-2wLEB9Rv6erhFmqVnvg\"],\"address\":{\"@id\":\"https:\\\/\\\/www.eldigitaldeasturias.com\\\/noticias\\\/#postaladdress\",\"@type\":\"PostalAddress\",\"streetAddress\":\"san antonio 4\",\"postalCode\":\"33430\",\"addressLocality\":\"Cand\\u00e1s\",\"addressRegion\":\"Asturias\",\"addressCountry\":\"ES\"}},{\"@type\":\"Person\",\"@id\":\"https:\\\/\\\/www.eldigitaldeasturias.com\\\/noticias\\\/author\\\/admin\\\/#author\",\"url\":\"https:\\\/\\\/www.eldigitaldeasturias.com\\\/noticias\\\/author\\\/admin\\\/\",\"name\":\"El Digital de Asturias\",\"image\":{\"@type\":\"ImageObject\",\"@id\":\"https:\\\/\\\/www.eldigitaldeasturias.com\\\/noticias\\\/comienza-la-reparacion-de-la-carretera-de-caldevilla-en-pilona\\\/#authorImage\",\"url\":\"https:\\\/\\\/secure.gravatar.com\\\/avatar\\\/df2aeffc32bcd13f8d26072ef8a91b623d677766deac7f97ca815868cd41bf5e?s=96&d=mm&r=g\",\"width\":96,\"height\":96,\"caption\":\"El Digital de Asturias\"}},{\"@type\":\"WebPage\",\"@id\":\"https:\\\/\\\/www.eldigitaldeasturias.com\\\/noticias\\\/comienza-la-reparacion-de-la-carretera-de-caldevilla-en-pilona\\\/#webpage\",\"url\":\"https:\\\/\\\/www.eldigitaldeasturias.com\\\/noticias\\\/comienza-la-reparacion-de-la-carretera-de-caldevilla-en-pilona\\\/\",\"name\":\"Comienza la reparaci\\u00f3n de la carretera de Caldevilla, en Pilo\\u00f1a - El Digital de Asturias\",\"description\":\"La Consejer\\u00eda de Medio Rural y Cohesi\\u00f3n Territorial del Principado de Asturias ha iniciado hoy la reparaci\\u00f3n de la carretera de Caldevilla, en Pilo\\u00f1a\",\"inLanguage\":\"es-ES\",\"isPartOf\":{\"@id\":\"https:\\\/\\\/www.eldigitaldeasturias.com\\\/noticias\\\/#website\"},\"breadcrumb\":{\"@id\":\"https:\\\/\\\/www.eldigitaldeasturias.com\\\/noticias\\\/comienza-la-reparacion-de-la-carretera-de-caldevilla-en-pilona\\\/#breadcrumblist\"},\"author\":{\"@id\":\"https:\\\/\\\/www.eldigitaldeasturias.com\\\/noticias\\\/author\\\/admin\\\/#author\"},\"creator\":{\"@id\":\"https:\\\/\\\/www.eldigitaldeasturias.com\\\/noticias\\\/author\\\/admin\\\/#author\"},\"image\":{\"@type\":\"ImageObject\",\"url\":\"https:\\\/\\\/www.eldigitaldeasturias.com\\\/noticias\\\/wp-content\\\/uploads\\\/2026\\\/06\\\/Contenidos.jpg\",\"@id\":\"https:\\\/\\\/www.eldigitaldeasturias.com\\\/noticias\\\/comienza-la-reparacion-de-la-carretera-de-caldevilla-en-pilona\\\/#mainImage\",\"width\":1265,\"height\":697,\"caption\":\"Contenidos\"},\"primaryImageOfPage\":{\"@id\":\"https:\\\/\\\/www.eldigitaldeasturias.com\\\/noticias\\\/comienza-la-reparacion-de-la-carretera-de-caldevilla-en-pilona\\\/#mainImage\"},\"datePublished\":\"2021-05-04T13:05:43+02:00\",\"dateModified\":\"2021-05-04T13:05:43+02:00\"},{\"@type\":\"WebSite\",\"@id\":\"https:\\\/\\\/www.eldigitaldeasturias.com\\\/noticias\\\/#website\",\"url\":\"https:\\\/\\\/www.eldigitaldeasturias.com\\\/noticias\\\/\",\"name\":\"El Digital de Asturias - Diario de actualidad y noticias\",\"alternateName\":\"El Digital de Asturias - Diario de actualidad y noticias\",\"description\":\"Hemeroteca\",\"inLanguage\":\"es-ES\",\"publisher\":{\"@id\":\"https:\\\/\\\/www.eldigitaldeasturias.com\\\/noticias\\\/#organization\"}}]}\n\t\t<\/script>\n\t\t<!-- All in One SEO Pro -->\r\n\t\t<title>Comienza la reparaci\u00f3n de la carretera de Caldevilla, en Pilo\u00f1a - El Digital de Asturias<\/title>\n\n","aioseo_head_json":{"title":"Comienza la reparaci\u00f3n de la carretera de Caldevilla, en Pilo\u00f1a - El Digital de Asturias","description":"La Consejer\u00eda de Medio Rural y Cohesi\u00f3n Territorial del Principado de Asturias ha iniciado hoy la reparaci\u00f3n de la carretera de Caldevilla, en Pilo\u00f1a","canonical_url":"https:\/\/www.eldigitaldeasturias.com\/noticias\/comienza-la-reparacion-de-la-carretera-de-caldevilla-en-pilona\/","robots":"max-image-preview:large","keywords":"actualidad asturias","webmasterTools":{"google-site-verification":"UA-38556648-1","msvalidate.01":"7dfe9f3f1b24437ab69f4f2559babe99","miscellaneous":""},"schema":{"@context":"https:\/\/schema.org","@graph":[{"@type":"BlogPosting","@id":"https:\/\/www.eldigitaldeasturias.com\/noticias\/comienza-la-reparacion-de-la-carretera-de-caldevilla-en-pilona\/#blogposting","name":"Comienza la reparaci\u00f3n de la carretera de Caldevilla, en Pilo\u00f1a - El Digital de Asturias","headline":"Comienza la reparaci\u00f3n de la carretera de Caldevilla, en Pilo\u00f1a","author":{"@id":"https:\/\/www.eldigitaldeasturias.com\/noticias\/author\/admin\/#author"},"publisher":{"@id":"https:\/\/www.eldigitaldeasturias.com\/noticias\/#organization"},"image":{"@type":"ImageObject","url":"https:\/\/www.eldigitaldeasturias.com\/noticias\/wp-content\/uploads\/2026\/06\/Contenidos.jpg","width":1265,"height":697,"caption":"Contenidos"},"datePublished":"2021-05-04T13:05:43+02:00","dateModified":"2021-05-04T13:05:43+02:00","inLanguage":"es-ES","mainEntityOfPage":{"@id":"https:\/\/www.eldigitaldeasturias.com\/noticias\/comienza-la-reparacion-de-la-carretera-de-caldevilla-en-pilona\/#webpage"},"isPartOf":{"@id":"https:\/\/www.eldigitaldeasturias.com\/noticias\/comienza-la-reparacion-de-la-carretera-de-caldevilla-en-pilona\/#webpage"},"articleSection":"Actualidad Asturias"},{"@type":"BreadcrumbList","@id":"https:\/\/www.eldigitaldeasturias.com\/noticias\/comienza-la-reparacion-de-la-carretera-de-caldevilla-en-pilona\/#breadcrumblist","itemListElement":[{"@type":"ListItem","@id":"https:\/\/www.eldigitaldeasturias.com\/noticias#listItem","position":1,"name":"Home","item":"https:\/\/www.eldigitaldeasturias.com\/noticias","nextItem":{"@type":"ListItem","@id":"https:\/\/www.eldigitaldeasturias.com\/noticias\/category\/actualidad-asturias\/#listItem","name":"Actualidad Asturias"}},{"@type":"ListItem","@id":"https:\/\/www.eldigitaldeasturias.com\/noticias\/category\/actualidad-asturias\/#listItem","position":2,"name":"Actualidad Asturias","item":"https:\/\/www.eldigitaldeasturias.com\/noticias\/category\/actualidad-asturias\/","nextItem":{"@type":"ListItem","@id":"https:\/\/www.eldigitaldeasturias.com\/noticias\/comienza-la-reparacion-de-la-carretera-de-caldevilla-en-pilona\/#listItem","name":"Comienza la reparaci\u00f3n de la carretera de Caldevilla, en Pilo\u00f1a"},"previousItem":{"@type":"ListItem","@id":"https:\/\/www.eldigitaldeasturias.com\/noticias#listItem","name":"Home"}},{"@type":"ListItem","@id":"https:\/\/www.eldigitaldeasturias.com\/noticias\/comienza-la-reparacion-de-la-carretera-de-caldevilla-en-pilona\/#listItem","position":3,"name":"Comienza la reparaci\u00f3n de la carretera de Caldevilla, en Pilo\u00f1a","previousItem":{"@type":"ListItem","@id":"https:\/\/www.eldigitaldeasturias.com\/noticias\/category\/actualidad-asturias\/#listItem","name":"Actualidad Asturias"}}]},{"@type":"Organization","@id":"https:\/\/www.eldigitaldeasturias.com\/noticias\/#organization","name":"El Digital de Asturias","description":"Hemeroteca","url":"https:\/\/www.eldigitaldeasturias.com\/noticias\/","email":"info@eldigitaldeasturias.com","telephone":"+34652131393","logo":{"@type":"ImageObject","url":"https:\/\/www.eldigitaldeasturias.com\/noticias\/wp-content\/uploads\/2020\/12\/EDA.jpg","@id":"https:\/\/www.eldigitaldeasturias.com\/noticias\/comienza-la-reparacion-de-la-carretera-de-caldevilla-en-pilona\/#organizationLogo"},"image":{"@id":"https:\/\/www.eldigitaldeasturias.com\/noticias\/comienza-la-reparacion-de-la-carretera-de-caldevilla-en-pilona\/#organizationLogo"},"sameAs":["https:\/\/facebook.com\/eldigitaldeasturias","https:\/\/www.youtube.com\/channel\/UCZP-2wLEB9Rv6erhFmqVnvg"],"address":{"@id":"https:\/\/www.eldigitaldeasturias.com\/noticias\/#postaladdress","@type":"PostalAddress","streetAddress":"san antonio 4","postalCode":"33430","addressLocality":"Cand\u00e1s","addressRegion":"Asturias","addressCountry":"ES"}},{"@type":"Person","@id":"https:\/\/www.eldigitaldeasturias.com\/noticias\/author\/admin\/#author","url":"https:\/\/www.eldigitaldeasturias.com\/noticias\/author\/admin\/","name":"El Digital de Asturias","image":{"@type":"ImageObject","@id":"https:\/\/www.eldigitaldeasturias.com\/noticias\/comienza-la-reparacion-de-la-carretera-de-caldevilla-en-pilona\/#authorImage","url":"https:\/\/secure.gravatar.com\/avatar\/df2aeffc32bcd13f8d26072ef8a91b623d677766deac7f97ca815868cd41bf5e?s=96&d=mm&r=g","width":96,"height":96,"caption":"El Digital de Asturias"}},{"@type":"WebPage","@id":"https:\/\/www.eldigitaldeasturias.com\/noticias\/comienza-la-reparacion-de-la-carretera-de-caldevilla-en-pilona\/#webpage","url":"https:\/\/www.eldigitaldeasturias.com\/noticias\/comienza-la-reparacion-de-la-carretera-de-caldevilla-en-pilona\/","name":"Comienza la reparaci\u00f3n de la carretera de Caldevilla, en Pilo\u00f1a - El Digital de Asturias","description":"La Consejer\u00eda de Medio Rural y Cohesi\u00f3n Territorial del Principado de Asturias ha iniciado hoy la reparaci\u00f3n de la carretera de Caldevilla, en Pilo\u00f1a","inLanguage":"es-ES","isPartOf":{"@id":"https:\/\/www.eldigitaldeasturias.com\/noticias\/#website"},"breadcrumb":{"@id":"https:\/\/www.eldigitaldeasturias.com\/noticias\/comienza-la-reparacion-de-la-carretera-de-caldevilla-en-pilona\/#breadcrumblist"},"author":{"@id":"https:\/\/www.eldigitaldeasturias.com\/noticias\/author\/admin\/#author"},"creator":{"@id":"https:\/\/www.eldigitaldeasturias.com\/noticias\/author\/admin\/#author"},"image":{"@type":"ImageObject","url":"https:\/\/www.eldigitaldeasturias.com\/noticias\/wp-content\/uploads\/2026\/06\/Contenidos.jpg","@id":"https:\/\/www.eldigitaldeasturias.com\/noticias\/comienza-la-reparacion-de-la-carretera-de-caldevilla-en-pilona\/#mainImage","width":1265,"height":697,"caption":"Contenidos"},"primaryImageOfPage":{"@id":"https:\/\/www.eldigitaldeasturias.com\/noticias\/comienza-la-reparacion-de-la-carretera-de-caldevilla-en-pilona\/#mainImage"},"datePublished":"2021-05-04T13:05:43+02:00","dateModified":"2021-05-04T13:05:43+02:00"},{"@type":"WebSite","@id":"https:\/\/www.eldigitaldeasturias.com\/noticias\/#website","url":"https:\/\/www.eldigitaldeasturias.com\/noticias\/","name":"El Digital de Asturias - Diario de actualidad y noticias","alternateName":"El Digital de Asturias - Diario de actualidad y noticias","description":"Hemeroteca","inLanguage":"es-ES","publisher":{"@id":"https:\/\/www.eldigitaldeasturias.com\/noticias\/#organization"}}]},"og:locale":"es_ES","og:site_name":"El Digital de Asturias","og:type":"article","og:title":"Comienza la reparaci\u00f3n de la carretera de Caldevilla, en Pilo\u00f1a - El Digital de Asturias","og:description":"La Consejer\u00eda de Medio Rural y Cohesi\u00f3n Territorial del Principado de Asturias ha iniciado hoy la reparaci\u00f3n de la carretera de Caldevilla, en Pilo\u00f1a","og:url":"https:\/\/www.eldigitaldeasturias.com\/noticias\/comienza-la-reparacion-de-la-carretera-de-caldevilla-en-pilona\/","og:image":"https:\/\/www.eldigitaldeasturias.com\/noticias\/wp-content\/uploads\/2026\/06\/Contenidos.jpg","og:image:secure_url":"https:\/\/www.eldigitaldeasturias.com\/noticias\/wp-content\/uploads\/2026\/06\/Contenidos.jpg","og:image:width":1265,"og:image:height":697,"article:tag":["actualidad asturias"],"article:published_time":"2021-05-04T12:05:43+00:00","article:modified_time":"2021-05-04T12:05:43+00:00","article:publisher":"https:\/\/facebook.com\/eldigitaldeasturias","twitter:card":"summary_large_image","twitter:title":"Comienza la reparaci\u00f3n de la carretera de Caldevilla, en Pilo\u00f1a - El Digital de Asturias","twitter:description":"La Consejer\u00eda de Medio Rural y Cohesi\u00f3n Territorial del Principado de Asturias ha iniciado hoy la reparaci\u00f3n de la carretera de Caldevilla, en Pilo\u00f1a","twitter:image":"https:\/\/www.eldigitaldeasturias.com\/noticias\/wp-content\/uploads\/2026\/06\/Contenidos.jpg","twitter:label1":"Escrito por","twitter:data1":"El Digital de Asturias","twitter:label2":"Tiempo de lectura estimado","twitter:data2":"1 minuto"},"aioseo_meta_data":{"post_id":"1090871","title":null,"description":"La Consejer\u00eda de Medio Rural y Cohesi\u00f3n Territorial del Principado de Asturias ha iniciado hoy la reparaci\u00f3n de la carretera de Caldevilla, en Pilo\u00f1a","keywords":[],"keyphrases":{"focus":[],"additional":[]},"primary_term":null,"canonical_url":null,"og_title":null,"og_description":null,"og_object_type":"default","og_image_type":"default","og_image_url":null,"og_image_width":null,"og_image_height":null,"og_image_custom_url":null,"og_image_custom_fields":null,"og_video":"","og_custom_url":null,"og_article_section":null,"og_article_tags":[],"twitter_use_og":false,"twitter_card":"default","twitter_image_type":"default","twitter_image_url":null,"twitter_image_custom_url":null,"twitter_image_custom_fields":null,"twitter_title":null,"twitter_description":null,"schema":{"blockGraphs":[],"customGraphs":[],"default":{"data":{"Article":[],"Course":[],"Dataset":[],"FAQPage":[],"Movie":[],"Person":[],"Product":[],"ProductReview":[],"Car":[],"Recipe":[],"Service":[],"SoftwareApplication":[],"WebPage":[]},"graphName":"","isEnabled":true},"graphs":[],"defaultGraph":"Article","defaultPostTypeGraph":""},"schema_type":"default","schema_type_options":"{\"article\":{\"articleType\":\"BlogPosting\"},\"course\":{\"name\":\"\",\"description\":\"\",\"provider\":\"\"},\"faq\":{\"pages\":[]},\"product\":{\"reviews\":[]},\"recipe\":{\"ingredients\":[],\"instructions\":[],\"keywords\":[]},\"software\":{\"reviews\":[],\"operatingSystems\":[]},\"webPage\":{\"webPageType\":\"WebPage\"}}","pillar_content":false,"robots_default":true,"robots_noindex":false,"robots_noarchive":false,"robots_nosnippet":false,"robots_nofollow":false,"robots_noimageindex":false,"robots_noodp":false,"robots_notranslate":false,"robots_max_snippet":"-1","robots_max_videopreview":"-1","robots_max_imagepreview":"large","priority":null,"frequency":"default","local_seo":{"locations":{"business":{"name":"","businessType":"","image":"","areaServed":"","urls":{"website":"","aboutPage":"","contactPage":""},"address":{"streetLine1":"","streetLine2":"","zipCode":"","city":"","state":"","country":"","addressFormat":"#streetLineOne\n#streetLineTwo\n#city, #state #zipCode"},"contact":{"phone":"","email":"","fax":""},"ids":{"vat":"","tax":"","chamberOfCommerce":""},"payment":{"priceRange":"","currenciesAccepted":"","methods":""}}},"openingHours":{"useDefaults":true,"show":true,"alwaysOpen":false,"use24hFormat":false,"timezone":"","labels":{"closed":"","alwaysOpen":""},"days":{"monday":{"open24h":false,"closed":false,"openTime":"09:00","closeTime":"17:00"},"tuesday":{"open24h":false,"closed":false,"openTime":"09:00","closeTime":"17:00"},"wednesday":{"open24h":false,"closed":false,"openTime":"09:00","closeTime":"17:00"},"thursday":{"open24h":false,"closed":false,"openTime":"09:00","closeTime":"17:00"},"friday":{"open24h":false,"closed":false,"openTime":"09:00","closeTime":"17:00"},"saturday":{"open24h":false,"closed":false,"openTime":"09:00","closeTime":"17:00"},"sunday":{"open24h":false,"closed":false,"openTime":"09:00","closeTime":"17:00"}}}},"seo_analyzer_scan_date":"2026-07-17 16:35:45","breadcrumb_settings":null,"limit_modified_date":false,"open_ai":null,"ai":null,"created":"2021-05-04 12:02:27","updated":"2026-07-17 16:35:45","focus_keyword":null,"additional_keywords":null,"truseo_locale":null},"aioseo_breadcrumb":"<div class=\"aioseo-breadcrumbs\"><span class=\"aioseo-breadcrumb\">\n\t<a href=\"https:\/\/www.eldigitaldeasturias.com\/noticias\" title=\"Home\">Home<\/a>\n<\/span><span class=\"aioseo-breadcrumb-separator\">\u2013<\/span><span class=\"aioseo-breadcrumb\">\n\t<a href=\"https:\/\/www.eldigitaldeasturias.com\/noticias\/category\/actualidad-asturias\/\" title=\"Actualidad Asturias\">Actualidad Asturias<\/a>\n<\/span><span class=\"aioseo-breadcrumb-separator\">\u2013<\/span><span class=\"aioseo-breadcrumb\">\n\t<a href=\"https:\/\/www.eldigitaldeasturias.com\/noticias\/comienza-la-reparacion-de-la-carretera-de-caldevilla-en-pilona\/\" title=\"Comienza la reparaci\u00f3n de la carretera de Caldevilla, en Pilo\u00f1a\">Comienza la reparaci\u00f3n de la carretera de Caldevilla, en Pilo\u00f1a<\/a>\n<\/span><\/div>","aioseo_breadcrumb_json":[{"label":"Home","link":"https:\/\/www.eldigitaldeasturias.com\/noticias"},{"label":"Actualidad Asturias","link":"https:\/\/www.eldigitaldeasturias.com\/noticias\/category\/actualidad-asturias\/"},{"label":"Comienza la reparaci\u00f3n de la carretera de Caldevilla, en Pilo\u00f1a","link":"https:\/\/www.eldigitaldeasturias.com\/noticias\/comienza-la-reparacion-de-la-carretera-de-caldevilla-en-pilona\/"}],"_links":{"self":[{"href":"https:\/\/www.eldigitaldeasturias.com\/noticias\/wp-json\/wp\/v2\/posts\/1090871","targetHints":{"allow":["GET"]}}],"collection":[{"href":"https:\/\/www.eldigitaldeasturias.com\/noticias\/wp-json\/wp\/v2\/posts"}],"about":[{"href":"https:\/\/www.eldigitaldeasturias.com\/noticias\/wp-json\/wp\/v2\/types\/post"}],"author":[{"embeddable":true,"href":"https:\/\/www.eldigitaldeasturias.com\/noticias\/wp-json\/wp\/v2\/users\/1"}],"replies":[{"embeddable":true,"href":"https:\/\/www.eldigitaldeasturias.com\/noticias\/wp-json\/wp\/v2\/comments?post=1090871"}],"version-history":[{"count":0,"href":"https:\/\/www.eldigitaldeasturias.com\/noticias\/wp-json\/wp\/v2\/posts\/1090871\/revisions"}],"wp:featuredmedia":[{"embeddable":true,"href":"https:\/\/www.eldigitaldeasturias.com\/noticias\/wp-json\/wp\/v2\/media\/1132184"}],"wp:attachment":[{"href":"https:\/\/www.eldigitaldeasturias.com\/noticias\/wp-json\/wp\/v2\/media?parent=1090871"}],"wp:term":[{"taxonomy":"category","embeddable":true,"href":"https:\/\/www.eldigitaldeasturias.com\/noticias\/wp-json\/wp\/v2\/categories?post=1090871"},{"taxonomy":"post_tag","embeddable":true,"href":"https:\/\/www.eldigitaldeasturias.com\/noticias\/wp-json\/wp\/v2\/tags?post=1090871"}],"curies":[{"name":"wp","href":"https:\/\/api.w.org\/{rel}","templated":true}]}}