{"id":1090869,"date":"2021-05-04T13:01:21","date_gmt":"2021-05-04T12:01:21","guid":{"rendered":"https:\/\/www.eldigitaldeasturias.com\/noticias\/?p=1090869"},"modified":"2021-05-04T13:01:21","modified_gmt":"2021-05-04T12:01:21","slug":"alvarez-rouco-pide-racionalidad-al-gobierno-asturiano","status":"publish","type":"post","link":"https:\/\/www.eldigitaldeasturias.com\/noticias\/alvarez-rouco-pide-racionalidad-al-gobierno-asturiano\/","title":{"rendered":"\u00c1lvarez Rouco pide \u00abracionalidad\u00bb al Gobierno asturiano"},"content":{"rendered":"<p><img loading=\"lazy\" decoding=\"async\" class=\"alignleft size-medium wp-image-1090857\" src=\"https:\/\/www.eldigitaldeasturias.com\/noticias\/wp-content\/uploads\/2021\/05\/Diputados-VOX-Asturias-360x233.jpg\" alt=\"Diputados VOX Asturias\" width=\"360\" height=\"233\" \/>La diputada del Grupo Parlamentario VOX Asturias, <strong>Sara \u00c1lvarez Rouco<\/strong>, ha interpelado esta ma\u00f1ana al Consejo de Gobierno en materia de tramitaci\u00f3n urgente de los proyectos de especial inter\u00e9s para el desarrollo econ\u00f3mico de Asturias. En concreto,<strong> la diputada ha reclamado al consejero de Administraci\u00f3n Auton\u00f3mica, Medio Ambiente y Cambio Clim\u00e1tico, Juan Cofi\u00f1o, la reforma de manera \u201cinmediata\u201d de la administraci\u00f3n p\u00fablica<\/strong> \u201co ser\u00e1 inviable cumplir todo plan de recuperaci\u00f3n\u201d, en referencia a la llegada de los fondos europeos. <strong>\u00abDe nada nos sirve tener proyectos econ\u00f3micamente viables y financiaci\u00f3n si no son capaces de gestionarlos\u00bb, recrimina la diputada.<\/strong> \u201cLos inversores, los empresarios, s\u00f3lo entienden de viabilidad econ\u00f3mica y seguridad jur\u00eddica en plazos y tr\u00e1mites. Y si no tienen garantizadas estas dos cosas, no habr\u00e1 iniciativa que valga para rescatar nuestra ya muy maltrecha econom\u00eda regional\u201d, se\u00f1ala. De hecho, ha se\u00f1alado que \u201cAsturias se merece que dejen de jugar a ser pol\u00edticos y que atiendan sus necesidades.\u201d.<\/p>\n<p>En este sentido, explica la diputada, \u201cla \u00fanica realidad es que los fondos y los proyectos van a llegar alg\u00fan d\u00eda y por ahora se abre la incertidumbre, primero, sobre si ser\u00e1n capaces de sacarlos adelante a tiempo y, segundo, si los que les aprueben ser\u00e1n tan beneficiosos para Asturias como en realidad se necesita. Mientras tanto estamos a la expectativa de que se decidan por algo. De saber qu\u00e9 estructuras de gesti\u00f3n tienen pensado crear o en qu\u00e9 plazos lo har\u00e1n. O c\u00f3mo van a coordinarse con el Gobierno. O c\u00f3mo van a entenderse con las Administraciones Locales para intentar una gesti\u00f3n eficiente de dichos fondos\u201d. \u201cNo es suficiente que hasta el d\u00eda de hoy solamente hayamos o\u00eddo hablar de la creaci\u00f3n de la Oficina de Proyectos Europeos y del Comit\u00e9 Asesor de Fondos Europeos. Y, que sepamos, de una \u00fanica contrataci\u00f3n, la de la Directora de Proyectos. Esto equivale, a que hasta ahora no han hecho absolutamente nada. Generan, eso s\u00ed, tal y como acostumbran, grandes titulares en prensa para enmascarar que nada tienen o nada saben. Movilizar tal cantidad de recursos requiere mucho m\u00e1s que eso. Hay que poner en marcha a toda la administraci\u00f3n p\u00fablica y el tiempo corre en su contra\u00bb.<\/p>\n<p>Por ello, <strong>\u00c1lvarez Rouco, ha reclamado al Ejecutivo regional \u201cracionalidad\u201d en un momento tan trascendental<\/strong>. \u201cLa oportunidad para poner en marcha las tantas veces prometidas medidas urgentes de simplificaci\u00f3n administrativa es magn\u00edfica\u201d, indica la diputada al tiempo que explica que \u201ctienen la ocasi\u00f3n de convertir la administraci\u00f3n en una palanca para el desarrollo econ\u00f3mico regional y no en un obst\u00e1culo para la inversi\u00f3n, como hasta ahora, y eso es lo que reclama VOX\u201d. Su gobierno, contin\u00faa la diputada, \u201csu administraci\u00f3n, adolece de una falta de reflejos que han propiciado experiencias como las que acabamos de vivir con la pandemia. Por mucho que la situaci\u00f3n haya sido excepcional no pueden repetirse errores como los cometidos, con miles de familias destrozadas y en la ruina econ\u00f3mica\u201d.<\/p>\n<p>En su intervenci\u00f3n, la diputada ha se\u00f1alado que \u201ccon la actuaci\u00f3n del Gobierno regional se han convertido en un claro ejemplo del dispendio que supone el mantenimiento del Estado de las Autonom\u00edas. Se han mostrado incompetentes para gestionar los problemas y atender las necesidades de los asturianos hasta el punto que, de no ser por el permanente chorro de ayudas y fondos de todas las procedencias que han malgastado, Asturias ser\u00eda una regi\u00f3n inexistente, porque ustedes se han dedicado a asolarla sin piedad.\u201d.<\/p>\n<p>Por todo ello, desde VOX Asturias, ha se\u00f1alado la diputada \u201cles reclamamos iniciativas v\u00e1lidas para abordar con \u00e9xito la gesti\u00f3n de los proyectos de especial inter\u00e9s para Asturias que presentar\u00e1n empresarios, y emprendedores en su intento de obtener rendimiento de los muchos millones que llegar\u00e1n desde la Uni\u00f3n Europea en breve plazo.<\/p>\n<p>Ante esta situaci\u00f3n, la diputada ha reclamado al Principado que, en un futuro \u201cinmediato\u201d contemple, al menos, tres gestiones: <strong>Coordinaci\u00f3n Institucional que asegure la credibilidad, seguridad jur\u00eddica y la confianza de los ciudadanos, empresas e inversores<\/strong>. Las empresas necesitan certidumbre; Modernizaci\u00f3n de administraci\u00f3n, digitalizaci\u00f3n de la administraci\u00f3n, e incorporaci\u00f3n de propuestas tecnol\u00f3gicas que permitan simplificar y homogeneizar los procesos; simplificaci\u00f3n administrativa, es decir, eliminaci\u00f3n de duplicidades, reducir los tr\u00e1mites y acortar los plazos que establece la Ley de contrataci\u00f3n p\u00fablica para contrataciones y adjudicaciones\u201d.<\/p>\n","protected":false},"excerpt":{"rendered":"<p>La diputada del Grupo Parlamentario VOX Asturias, Sara \u00c1lvarez Rouco, ha interpelado esta ma\u00f1ana al Consejo de Gobierno en materia de tramitaci\u00f3n urgente de los proyectos de especial inter\u00e9s para el desarrollo econ\u00f3mico de Asturias. En concreto, la diputada ha reclamado al consejero de Administraci\u00f3n Auton\u00f3mica, Medio Ambiente y Cambio Clim\u00e1tico, Juan Cofi\u00f1o, la reforma [&hellip;]<\/p>\n","protected":false},"author":1,"featured_media":1132184,"comment_status":"closed","ping_status":"closed","sticky":false,"template":"","format":"standard","meta":{"footnotes":""},"categories":[12],"tags":[],"class_list":["post-1090869","post","type-post","status-publish","format-standard","has-post-thumbnail","hentry","category-actualidad-asturias"],"aioseo_notices":[],"aioseo_head":"\n\t\t<!-- All in One SEO Pro 5.0.1 - aioseo.com -->\n\t<meta name=\"description\" content=\"La diputada de VOX Asturias, Sara \u00c1lvarez Rouco ha reclamado al Ejecutivo del Principado de Asturias \u201cracionalidad\u201d en un momento tan trascendental ..\" \/>\n\t<meta name=\"robots\" content=\"max-image-preview:large\" \/>\n\t<meta name=\"author\" content=\"El Digital de Asturias\"\/>\n\t<meta name=\"google-site-verification\" content=\"UA-38556648-1\" \/>\n\t<meta name=\"msvalidate.01\" content=\"7dfe9f3f1b24437ab69f4f2559babe99\" \/>\n\t<meta name=\"keywords\" content=\"actualidad asturias\" \/>\n\t<link rel=\"canonical\" href=\"https:\/\/www.eldigitaldeasturias.com\/noticias\/alvarez-rouco-pide-racionalidad-al-gobierno-asturiano\/\" \/>\n\t<meta name=\"generator\" content=\"All in One SEO Pro (AIOSEO) 5.0.1\" \/>\n\t\t<meta property=\"og:locale\" content=\"es_ES\" \/>\n\t\t<meta property=\"og:site_name\" content=\"El Digital de Asturias\" \/>\n\t\t<meta property=\"og:type\" content=\"article\" \/>\n\t\t<meta property=\"og:title\" content=\"\u00c1lvarez Rouco pide \u00abracionalidad\u00bb al Gobierno asturiano - El Digital de Asturias\" \/>\n\t\t<meta property=\"og:description\" content=\"La diputada de VOX Asturias, Sara \u00c1lvarez Rouco ha reclamado al Ejecutivo del Principado de Asturias \u201cracionalidad\u201d en un momento tan trascendental ..\" \/>\n\t\t<meta property=\"og:url\" content=\"https:\/\/www.eldigitaldeasturias.com\/noticias\/alvarez-rouco-pide-racionalidad-al-gobierno-asturiano\/\" \/>\n\t\t<meta property=\"og:image\" content=\"https:\/\/www.eldigitaldeasturias.com\/noticias\/wp-content\/uploads\/2026\/06\/Contenidos.jpg\" \/>\n\t\t<meta property=\"og:image:secure_url\" content=\"https:\/\/www.eldigitaldeasturias.com\/noticias\/wp-content\/uploads\/2026\/06\/Contenidos.jpg\" \/>\n\t\t<meta property=\"og:image:width\" content=\"1265\" \/>\n\t\t<meta property=\"og:image:height\" content=\"697\" \/>\n\t\t<meta property=\"article:tag\" content=\"actualidad asturias\" \/>\n\t\t<meta property=\"article:published_time\" content=\"2021-05-04T12:01:21+00:00\" \/>\n\t\t<meta property=\"article:modified_time\" content=\"2021-05-04T12:01:21+00:00\" \/>\n\t\t<meta property=\"article:publisher\" content=\"https:\/\/facebook.com\/eldigitaldeasturias\" \/>\n\t\t<meta name=\"twitter:card\" content=\"summary_large_image\" \/>\n\t\t<meta name=\"twitter:title\" content=\"\u00c1lvarez Rouco pide \u00abracionalidad\u00bb al Gobierno asturiano - El Digital de Asturias\" \/>\n\t\t<meta name=\"twitter:description\" content=\"La diputada de VOX Asturias, Sara \u00c1lvarez Rouco ha reclamado al Ejecutivo del Principado de Asturias \u201cracionalidad\u201d en un momento tan trascendental ..\" \/>\n\t\t<meta name=\"twitter:image\" content=\"https:\/\/www.eldigitaldeasturias.com\/noticias\/wp-content\/uploads\/2026\/06\/Contenidos.jpg\" \/>\n\t\t<meta name=\"twitter:label1\" content=\"Escrito por\" \/>\n\t\t<meta name=\"twitter:data1\" content=\"El Digital de Asturias\" \/>\n\t\t<meta name=\"twitter:label2\" content=\"Tiempo de lectura estimado\" \/>\n\t\t<meta name=\"twitter:data2\" content=\"4 minutos\" \/>\n\t\t<script type=\"application\/ld+json\" class=\"aioseo-schema\">\n\t\t\t{\"@context\":\"https:\\\/\\\/schema.org\",\"@graph\":[{\"@type\":\"BlogPosting\",\"@id\":\"https:\\\/\\\/www.eldigitaldeasturias.com\\\/noticias\\\/alvarez-rouco-pide-racionalidad-al-gobierno-asturiano\\\/#blogposting\",\"name\":\"\\u00c1lvarez Rouco pide \\u00abracionalidad\\u00bb al Gobierno asturiano - El Digital de Asturias\",\"headline\":\"\\u00c1lvarez Rouco pide \\u00abracionalidad\\u00bb al Gobierno asturiano\",\"author\":{\"@id\":\"https:\\\/\\\/www.eldigitaldeasturias.com\\\/noticias\\\/author\\\/admin\\\/#author\"},\"publisher\":{\"@id\":\"https:\\\/\\\/www.eldigitaldeasturias.com\\\/noticias\\\/#organization\"},\"image\":{\"@type\":\"ImageObject\",\"url\":\"https:\\\/\\\/www.eldigitaldeasturias.com\\\/noticias\\\/wp-content\\\/uploads\\\/2026\\\/06\\\/Contenidos.jpg\",\"width\":1265,\"height\":697,\"caption\":\"Contenidos\"},\"datePublished\":\"2021-05-04T13:01:21+02:00\",\"dateModified\":\"2021-05-04T13:01:21+02:00\",\"inLanguage\":\"es-ES\",\"mainEntityOfPage\":{\"@id\":\"https:\\\/\\\/www.eldigitaldeasturias.com\\\/noticias\\\/alvarez-rouco-pide-racionalidad-al-gobierno-asturiano\\\/#webpage\"},\"isPartOf\":{\"@id\":\"https:\\\/\\\/www.eldigitaldeasturias.com\\\/noticias\\\/alvarez-rouco-pide-racionalidad-al-gobierno-asturiano\\\/#webpage\"},\"articleSection\":\"Actualidad Asturias\"},{\"@type\":\"BreadcrumbList\",\"@id\":\"https:\\\/\\\/www.eldigitaldeasturias.com\\\/noticias\\\/alvarez-rouco-pide-racionalidad-al-gobierno-asturiano\\\/#breadcrumblist\",\"itemListElement\":[{\"@type\":\"ListItem\",\"@id\":\"https:\\\/\\\/www.eldigitaldeasturias.com\\\/noticias#listItem\",\"position\":1,\"name\":\"Home\",\"item\":\"https:\\\/\\\/www.eldigitaldeasturias.com\\\/noticias\",\"nextItem\":{\"@type\":\"ListItem\",\"@id\":\"https:\\\/\\\/www.eldigitaldeasturias.com\\\/noticias\\\/category\\\/actualidad-asturias\\\/#listItem\",\"name\":\"Actualidad Asturias\"}},{\"@type\":\"ListItem\",\"@id\":\"https:\\\/\\\/www.eldigitaldeasturias.com\\\/noticias\\\/category\\\/actualidad-asturias\\\/#listItem\",\"position\":2,\"name\":\"Actualidad Asturias\",\"item\":\"https:\\\/\\\/www.eldigitaldeasturias.com\\\/noticias\\\/category\\\/actualidad-asturias\\\/\",\"nextItem\":{\"@type\":\"ListItem\",\"@id\":\"https:\\\/\\\/www.eldigitaldeasturias.com\\\/noticias\\\/alvarez-rouco-pide-racionalidad-al-gobierno-asturiano\\\/#listItem\",\"name\":\"\\u00c1lvarez Rouco pide \\u00abracionalidad\\u00bb al Gobierno asturiano\"},\"previousItem\":{\"@type\":\"ListItem\",\"@id\":\"https:\\\/\\\/www.eldigitaldeasturias.com\\\/noticias#listItem\",\"name\":\"Home\"}},{\"@type\":\"ListItem\",\"@id\":\"https:\\\/\\\/www.eldigitaldeasturias.com\\\/noticias\\\/alvarez-rouco-pide-racionalidad-al-gobierno-asturiano\\\/#listItem\",\"position\":3,\"name\":\"\\u00c1lvarez Rouco pide \\u00abracionalidad\\u00bb al Gobierno asturiano\",\"previousItem\":{\"@type\":\"ListItem\",\"@id\":\"https:\\\/\\\/www.eldigitaldeasturias.com\\\/noticias\\\/category\\\/actualidad-asturias\\\/#listItem\",\"name\":\"Actualidad Asturias\"}}]},{\"@type\":\"Organization\",\"@id\":\"https:\\\/\\\/www.eldigitaldeasturias.com\\\/noticias\\\/#organization\",\"name\":\"El Digital de Asturias\",\"description\":\"Hemeroteca\",\"url\":\"https:\\\/\\\/www.eldigitaldeasturias.com\\\/noticias\\\/\",\"email\":\"info@eldigitaldeasturias.com\",\"telephone\":\"+34652131393\",\"logo\":{\"@type\":\"ImageObject\",\"url\":\"https:\\\/\\\/www.eldigitaldeasturias.com\\\/noticias\\\/wp-content\\\/uploads\\\/2020\\\/12\\\/EDA.jpg\",\"@id\":\"https:\\\/\\\/www.eldigitaldeasturias.com\\\/noticias\\\/alvarez-rouco-pide-racionalidad-al-gobierno-asturiano\\\/#organizationLogo\"},\"image\":{\"@id\":\"https:\\\/\\\/www.eldigitaldeasturias.com\\\/noticias\\\/alvarez-rouco-pide-racionalidad-al-gobierno-asturiano\\\/#organizationLogo\"},\"sameAs\":[\"https:\\\/\\\/facebook.com\\\/eldigitaldeasturias\",\"https:\\\/\\\/www.youtube.com\\\/channel\\\/UCZP-2wLEB9Rv6erhFmqVnvg\"],\"address\":{\"@id\":\"https:\\\/\\\/www.eldigitaldeasturias.com\\\/noticias\\\/#postaladdress\",\"@type\":\"PostalAddress\",\"streetAddress\":\"san antonio 4\",\"postalCode\":\"33430\",\"addressLocality\":\"Cand\\u00e1s\",\"addressRegion\":\"Asturias\",\"addressCountry\":\"ES\"}},{\"@type\":\"Person\",\"@id\":\"https:\\\/\\\/www.eldigitaldeasturias.com\\\/noticias\\\/author\\\/admin\\\/#author\",\"url\":\"https:\\\/\\\/www.eldigitaldeasturias.com\\\/noticias\\\/author\\\/admin\\\/\",\"name\":\"El Digital de Asturias\",\"image\":{\"@type\":\"ImageObject\",\"@id\":\"https:\\\/\\\/www.eldigitaldeasturias.com\\\/noticias\\\/alvarez-rouco-pide-racionalidad-al-gobierno-asturiano\\\/#authorImage\",\"url\":\"https:\\\/\\\/secure.gravatar.com\\\/avatar\\\/df2aeffc32bcd13f8d26072ef8a91b623d677766deac7f97ca815868cd41bf5e?s=96&d=mm&r=g\",\"width\":96,\"height\":96,\"caption\":\"El Digital de Asturias\"}},{\"@type\":\"WebPage\",\"@id\":\"https:\\\/\\\/www.eldigitaldeasturias.com\\\/noticias\\\/alvarez-rouco-pide-racionalidad-al-gobierno-asturiano\\\/#webpage\",\"url\":\"https:\\\/\\\/www.eldigitaldeasturias.com\\\/noticias\\\/alvarez-rouco-pide-racionalidad-al-gobierno-asturiano\\\/\",\"name\":\"\\u00c1lvarez Rouco pide \\u00abracionalidad\\u00bb al Gobierno asturiano - El Digital de Asturias\",\"description\":\"La diputada de VOX Asturias, Sara \\u00c1lvarez Rouco ha reclamado al Ejecutivo del Principado de Asturias \\u201cracionalidad\\u201d en un momento tan trascendental ..\",\"inLanguage\":\"es-ES\",\"isPartOf\":{\"@id\":\"https:\\\/\\\/www.eldigitaldeasturias.com\\\/noticias\\\/#website\"},\"breadcrumb\":{\"@id\":\"https:\\\/\\\/www.eldigitaldeasturias.com\\\/noticias\\\/alvarez-rouco-pide-racionalidad-al-gobierno-asturiano\\\/#breadcrumblist\"},\"author\":{\"@id\":\"https:\\\/\\\/www.eldigitaldeasturias.com\\\/noticias\\\/author\\\/admin\\\/#author\"},\"creator\":{\"@id\":\"https:\\\/\\\/www.eldigitaldeasturias.com\\\/noticias\\\/author\\\/admin\\\/#author\"},\"image\":{\"@type\":\"ImageObject\",\"url\":\"https:\\\/\\\/www.eldigitaldeasturias.com\\\/noticias\\\/wp-content\\\/uploads\\\/2026\\\/06\\\/Contenidos.jpg\",\"@id\":\"https:\\\/\\\/www.eldigitaldeasturias.com\\\/noticias\\\/alvarez-rouco-pide-racionalidad-al-gobierno-asturiano\\\/#mainImage\",\"width\":1265,\"height\":697,\"caption\":\"Contenidos\"},\"primaryImageOfPage\":{\"@id\":\"https:\\\/\\\/www.eldigitaldeasturias.com\\\/noticias\\\/alvarez-rouco-pide-racionalidad-al-gobierno-asturiano\\\/#mainImage\"},\"datePublished\":\"2021-05-04T13:01:21+02:00\",\"dateModified\":\"2021-05-04T13:01:21+02:00\"},{\"@type\":\"WebSite\",\"@id\":\"https:\\\/\\\/www.eldigitaldeasturias.com\\\/noticias\\\/#website\",\"url\":\"https:\\\/\\\/www.eldigitaldeasturias.com\\\/noticias\\\/\",\"name\":\"El Digital de Asturias - Diario de actualidad y noticias\",\"alternateName\":\"El Digital de Asturias - Diario de actualidad y noticias\",\"description\":\"Hemeroteca\",\"inLanguage\":\"es-ES\",\"publisher\":{\"@id\":\"https:\\\/\\\/www.eldigitaldeasturias.com\\\/noticias\\\/#organization\"}}]}\n\t\t<\/script>\n\t\t<!-- All in One SEO Pro -->\r\n\t\t<title>\u00c1lvarez Rouco pide \u00abracionalidad\u00bb al Gobierno asturiano - El Digital de Asturias<\/title>\n\n","aioseo_head_json":{"title":"\u00c1lvarez Rouco pide \u00abracionalidad\u00bb al Gobierno asturiano - El Digital de Asturias","description":"La diputada de VOX Asturias, Sara \u00c1lvarez Rouco ha reclamado al Ejecutivo del Principado de Asturias \u201cracionalidad\u201d en un momento tan trascendental ..","canonical_url":"https:\/\/www.eldigitaldeasturias.com\/noticias\/alvarez-rouco-pide-racionalidad-al-gobierno-asturiano\/","robots":"max-image-preview:large","keywords":"actualidad asturias","webmasterTools":{"google-site-verification":"UA-38556648-1","msvalidate.01":"7dfe9f3f1b24437ab69f4f2559babe99","miscellaneous":""},"schema":{"@context":"https:\/\/schema.org","@graph":[{"@type":"BlogPosting","@id":"https:\/\/www.eldigitaldeasturias.com\/noticias\/alvarez-rouco-pide-racionalidad-al-gobierno-asturiano\/#blogposting","name":"\u00c1lvarez Rouco pide \u00abracionalidad\u00bb al Gobierno asturiano - El Digital de Asturias","headline":"\u00c1lvarez Rouco pide \u00abracionalidad\u00bb al Gobierno asturiano","author":{"@id":"https:\/\/www.eldigitaldeasturias.com\/noticias\/author\/admin\/#author"},"publisher":{"@id":"https:\/\/www.eldigitaldeasturias.com\/noticias\/#organization"},"image":{"@type":"ImageObject","url":"https:\/\/www.eldigitaldeasturias.com\/noticias\/wp-content\/uploads\/2026\/06\/Contenidos.jpg","width":1265,"height":697,"caption":"Contenidos"},"datePublished":"2021-05-04T13:01:21+02:00","dateModified":"2021-05-04T13:01:21+02:00","inLanguage":"es-ES","mainEntityOfPage":{"@id":"https:\/\/www.eldigitaldeasturias.com\/noticias\/alvarez-rouco-pide-racionalidad-al-gobierno-asturiano\/#webpage"},"isPartOf":{"@id":"https:\/\/www.eldigitaldeasturias.com\/noticias\/alvarez-rouco-pide-racionalidad-al-gobierno-asturiano\/#webpage"},"articleSection":"Actualidad Asturias"},{"@type":"BreadcrumbList","@id":"https:\/\/www.eldigitaldeasturias.com\/noticias\/alvarez-rouco-pide-racionalidad-al-gobierno-asturiano\/#breadcrumblist","itemListElement":[{"@type":"ListItem","@id":"https:\/\/www.eldigitaldeasturias.com\/noticias#listItem","position":1,"name":"Home","item":"https:\/\/www.eldigitaldeasturias.com\/noticias","nextItem":{"@type":"ListItem","@id":"https:\/\/www.eldigitaldeasturias.com\/noticias\/category\/actualidad-asturias\/#listItem","name":"Actualidad Asturias"}},{"@type":"ListItem","@id":"https:\/\/www.eldigitaldeasturias.com\/noticias\/category\/actualidad-asturias\/#listItem","position":2,"name":"Actualidad Asturias","item":"https:\/\/www.eldigitaldeasturias.com\/noticias\/category\/actualidad-asturias\/","nextItem":{"@type":"ListItem","@id":"https:\/\/www.eldigitaldeasturias.com\/noticias\/alvarez-rouco-pide-racionalidad-al-gobierno-asturiano\/#listItem","name":"\u00c1lvarez Rouco pide \u00abracionalidad\u00bb al Gobierno asturiano"},"previousItem":{"@type":"ListItem","@id":"https:\/\/www.eldigitaldeasturias.com\/noticias#listItem","name":"Home"}},{"@type":"ListItem","@id":"https:\/\/www.eldigitaldeasturias.com\/noticias\/alvarez-rouco-pide-racionalidad-al-gobierno-asturiano\/#listItem","position":3,"name":"\u00c1lvarez Rouco pide \u00abracionalidad\u00bb al Gobierno asturiano","previousItem":{"@type":"ListItem","@id":"https:\/\/www.eldigitaldeasturias.com\/noticias\/category\/actualidad-asturias\/#listItem","name":"Actualidad Asturias"}}]},{"@type":"Organization","@id":"https:\/\/www.eldigitaldeasturias.com\/noticias\/#organization","name":"El Digital de Asturias","description":"Hemeroteca","url":"https:\/\/www.eldigitaldeasturias.com\/noticias\/","email":"info@eldigitaldeasturias.com","telephone":"+34652131393","logo":{"@type":"ImageObject","url":"https:\/\/www.eldigitaldeasturias.com\/noticias\/wp-content\/uploads\/2020\/12\/EDA.jpg","@id":"https:\/\/www.eldigitaldeasturias.com\/noticias\/alvarez-rouco-pide-racionalidad-al-gobierno-asturiano\/#organizationLogo"},"image":{"@id":"https:\/\/www.eldigitaldeasturias.com\/noticias\/alvarez-rouco-pide-racionalidad-al-gobierno-asturiano\/#organizationLogo"},"sameAs":["https:\/\/facebook.com\/eldigitaldeasturias","https:\/\/www.youtube.com\/channel\/UCZP-2wLEB9Rv6erhFmqVnvg"],"address":{"@id":"https:\/\/www.eldigitaldeasturias.com\/noticias\/#postaladdress","@type":"PostalAddress","streetAddress":"san antonio 4","postalCode":"33430","addressLocality":"Cand\u00e1s","addressRegion":"Asturias","addressCountry":"ES"}},{"@type":"Person","@id":"https:\/\/www.eldigitaldeasturias.com\/noticias\/author\/admin\/#author","url":"https:\/\/www.eldigitaldeasturias.com\/noticias\/author\/admin\/","name":"El Digital de Asturias","image":{"@type":"ImageObject","@id":"https:\/\/www.eldigitaldeasturias.com\/noticias\/alvarez-rouco-pide-racionalidad-al-gobierno-asturiano\/#authorImage","url":"https:\/\/secure.gravatar.com\/avatar\/df2aeffc32bcd13f8d26072ef8a91b623d677766deac7f97ca815868cd41bf5e?s=96&d=mm&r=g","width":96,"height":96,"caption":"El Digital de Asturias"}},{"@type":"WebPage","@id":"https:\/\/www.eldigitaldeasturias.com\/noticias\/alvarez-rouco-pide-racionalidad-al-gobierno-asturiano\/#webpage","url":"https:\/\/www.eldigitaldeasturias.com\/noticias\/alvarez-rouco-pide-racionalidad-al-gobierno-asturiano\/","name":"\u00c1lvarez Rouco pide \u00abracionalidad\u00bb al Gobierno asturiano - El Digital de Asturias","description":"La diputada de VOX Asturias, Sara \u00c1lvarez Rouco ha reclamado al Ejecutivo del Principado de Asturias \u201cracionalidad\u201d en un momento tan trascendental ..","inLanguage":"es-ES","isPartOf":{"@id":"https:\/\/www.eldigitaldeasturias.com\/noticias\/#website"},"breadcrumb":{"@id":"https:\/\/www.eldigitaldeasturias.com\/noticias\/alvarez-rouco-pide-racionalidad-al-gobierno-asturiano\/#breadcrumblist"},"author":{"@id":"https:\/\/www.eldigitaldeasturias.com\/noticias\/author\/admin\/#author"},"creator":{"@id":"https:\/\/www.eldigitaldeasturias.com\/noticias\/author\/admin\/#author"},"image":{"@type":"ImageObject","url":"https:\/\/www.eldigitaldeasturias.com\/noticias\/wp-content\/uploads\/2026\/06\/Contenidos.jpg","@id":"https:\/\/www.eldigitaldeasturias.com\/noticias\/alvarez-rouco-pide-racionalidad-al-gobierno-asturiano\/#mainImage","width":1265,"height":697,"caption":"Contenidos"},"primaryImageOfPage":{"@id":"https:\/\/www.eldigitaldeasturias.com\/noticias\/alvarez-rouco-pide-racionalidad-al-gobierno-asturiano\/#mainImage"},"datePublished":"2021-05-04T13:01:21+02:00","dateModified":"2021-05-04T13:01:21+02:00"},{"@type":"WebSite","@id":"https:\/\/www.eldigitaldeasturias.com\/noticias\/#website","url":"https:\/\/www.eldigitaldeasturias.com\/noticias\/","name":"El Digital de Asturias - Diario de actualidad y noticias","alternateName":"El Digital de Asturias - Diario de actualidad y noticias","description":"Hemeroteca","inLanguage":"es-ES","publisher":{"@id":"https:\/\/www.eldigitaldeasturias.com\/noticias\/#organization"}}]},"og:locale":"es_ES","og:site_name":"El Digital de Asturias","og:type":"article","og:title":"\u00c1lvarez Rouco pide \u00abracionalidad\u00bb al Gobierno asturiano - El Digital de Asturias","og:description":"La diputada de VOX Asturias, Sara \u00c1lvarez Rouco ha reclamado al Ejecutivo del Principado de Asturias \u201cracionalidad\u201d en un momento tan trascendental ..","og:url":"https:\/\/www.eldigitaldeasturias.com\/noticias\/alvarez-rouco-pide-racionalidad-al-gobierno-asturiano\/","og:image":"https:\/\/www.eldigitaldeasturias.com\/noticias\/wp-content\/uploads\/2026\/06\/Contenidos.jpg","og:image:secure_url":"https:\/\/www.eldigitaldeasturias.com\/noticias\/wp-content\/uploads\/2026\/06\/Contenidos.jpg","og:image:width":1265,"og:image:height":697,"article:tag":["actualidad asturias"],"article:published_time":"2021-05-04T12:01:21+00:00","article:modified_time":"2021-05-04T12:01:21+00:00","article:publisher":"https:\/\/facebook.com\/eldigitaldeasturias","twitter:card":"summary_large_image","twitter:title":"\u00c1lvarez Rouco pide \u00abracionalidad\u00bb al Gobierno asturiano - El Digital de Asturias","twitter:description":"La diputada de VOX Asturias, Sara \u00c1lvarez Rouco ha reclamado al Ejecutivo del Principado de Asturias \u201cracionalidad\u201d en un momento tan trascendental ..","twitter:image":"https:\/\/www.eldigitaldeasturias.com\/noticias\/wp-content\/uploads\/2026\/06\/Contenidos.jpg","twitter:label1":"Escrito por","twitter:data1":"El Digital de Asturias","twitter:label2":"Tiempo de lectura estimado","twitter:data2":"4 minutos"},"aioseo_meta_data":{"post_id":"1090869","title":null,"description":"La diputada de VOX Asturias, Sara \u00c1lvarez Rouco ha reclamado al Ejecutivo del Principado de Asturias \u201cracionalidad\u201d en un momento tan trascendental ..","keywords":[],"keyphrases":{"focus":[],"additional":[]},"primary_term":null,"canonical_url":null,"og_title":null,"og_description":null,"og_object_type":"default","og_image_type":"default","og_image_url":null,"og_image_width":null,"og_image_height":null,"og_image_custom_url":null,"og_image_custom_fields":null,"og_video":"","og_custom_url":null,"og_article_section":null,"og_article_tags":[],"twitter_use_og":false,"twitter_card":"default","twitter_image_type":"default","twitter_image_url":null,"twitter_image_custom_url":null,"twitter_image_custom_fields":null,"twitter_title":null,"twitter_description":null,"schema":{"blockGraphs":[],"customGraphs":[],"default":{"data":{"Article":[],"Course":[],"Dataset":[],"FAQPage":[],"Movie":[],"Person":[],"Product":[],"ProductReview":[],"Car":[],"Recipe":[],"Service":[],"SoftwareApplication":[],"WebPage":[]},"graphName":"","isEnabled":true},"graphs":[],"defaultGraph":"Article","defaultPostTypeGraph":""},"schema_type":"default","schema_type_options":"{\"article\":{\"articleType\":\"BlogPosting\"},\"course\":{\"name\":\"\",\"description\":\"\",\"provider\":\"\"},\"faq\":{\"pages\":[]},\"product\":{\"reviews\":[]},\"recipe\":{\"ingredients\":[],\"instructions\":[],\"keywords\":[]},\"software\":{\"reviews\":[],\"operatingSystems\":[]},\"webPage\":{\"webPageType\":\"WebPage\"}}","pillar_content":false,"robots_default":true,"robots_noindex":false,"robots_noarchive":false,"robots_nosnippet":false,"robots_nofollow":false,"robots_noimageindex":false,"robots_noodp":false,"robots_notranslate":false,"robots_max_snippet":"-1","robots_max_videopreview":"-1","robots_max_imagepreview":"large","priority":null,"frequency":"default","local_seo":{"locations":{"business":{"name":"","businessType":"","image":"","areaServed":"","urls":{"website":"","aboutPage":"","contactPage":""},"address":{"streetLine1":"","streetLine2":"","zipCode":"","city":"","state":"","country":"","addressFormat":"#streetLineOne\n#streetLineTwo\n#city, #state #zipCode"},"contact":{"phone":"","email":"","fax":""},"ids":{"vat":"","tax":"","chamberOfCommerce":""},"payment":{"priceRange":"","currenciesAccepted":"","methods":""}}},"openingHours":{"useDefaults":true,"show":true,"alwaysOpen":false,"use24hFormat":false,"timezone":"","labels":{"closed":"","alwaysOpen":""},"days":{"monday":{"open24h":false,"closed":false,"openTime":"09:00","closeTime":"17:00"},"tuesday":{"open24h":false,"closed":false,"openTime":"09:00","closeTime":"17:00"},"wednesday":{"open24h":false,"closed":false,"openTime":"09:00","closeTime":"17:00"},"thursday":{"open24h":false,"closed":false,"openTime":"09:00","closeTime":"17:00"},"friday":{"open24h":false,"closed":false,"openTime":"09:00","closeTime":"17:00"},"saturday":{"open24h":false,"closed":false,"openTime":"09:00","closeTime":"17:00"},"sunday":{"open24h":false,"closed":false,"openTime":"09:00","closeTime":"17:00"}}}},"seo_analyzer_scan_date":"2026-07-17 16:32:33","breadcrumb_settings":null,"limit_modified_date":false,"open_ai":null,"ai":null,"created":"2021-05-04 11:57:21","updated":"2026-07-17 16:32:33","focus_keyword":null,"additional_keywords":null,"truseo_locale":null},"aioseo_breadcrumb":"<div class=\"aioseo-breadcrumbs\"><span class=\"aioseo-breadcrumb\">\n\t<a href=\"https:\/\/www.eldigitaldeasturias.com\/noticias\" title=\"Home\">Home<\/a>\n<\/span><span class=\"aioseo-breadcrumb-separator\">\u2013<\/span><span class=\"aioseo-breadcrumb\">\n\t<a href=\"https:\/\/www.eldigitaldeasturias.com\/noticias\/category\/actualidad-asturias\/\" title=\"Actualidad Asturias\">Actualidad Asturias<\/a>\n<\/span><span class=\"aioseo-breadcrumb-separator\">\u2013<\/span><span class=\"aioseo-breadcrumb\">\n\t<a href=\"https:\/\/www.eldigitaldeasturias.com\/noticias\/alvarez-rouco-pide-racionalidad-al-gobierno-asturiano\/\" title=\"\u00c1lvarez Rouco pide \u00abracionalidad\u00bb al Gobierno asturiano\">\u00c1lvarez Rouco pide \u00abracionalidad\u00bb al Gobierno asturiano<\/a>\n<\/span><\/div>","aioseo_breadcrumb_json":[{"label":"Home","link":"https:\/\/www.eldigitaldeasturias.com\/noticias"},{"label":"Actualidad Asturias","link":"https:\/\/www.eldigitaldeasturias.com\/noticias\/category\/actualidad-asturias\/"},{"label":"\u00c1lvarez Rouco pide \u00abracionalidad\u00bb al Gobierno asturiano","link":"https:\/\/www.eldigitaldeasturias.com\/noticias\/alvarez-rouco-pide-racionalidad-al-gobierno-asturiano\/"}],"_links":{"self":[{"href":"https:\/\/www.eldigitaldeasturias.com\/noticias\/wp-json\/wp\/v2\/posts\/1090869","targetHints":{"allow":["GET"]}}],"collection":[{"href":"https:\/\/www.eldigitaldeasturias.com\/noticias\/wp-json\/wp\/v2\/posts"}],"about":[{"href":"https:\/\/www.eldigitaldeasturias.com\/noticias\/wp-json\/wp\/v2\/types\/post"}],"author":[{"embeddable":true,"href":"https:\/\/www.eldigitaldeasturias.com\/noticias\/wp-json\/wp\/v2\/users\/1"}],"replies":[{"embeddable":true,"href":"https:\/\/www.eldigitaldeasturias.com\/noticias\/wp-json\/wp\/v2\/comments?post=1090869"}],"version-history":[{"count":0,"href":"https:\/\/www.eldigitaldeasturias.com\/noticias\/wp-json\/wp\/v2\/posts\/1090869\/revisions"}],"wp:featuredmedia":[{"embeddable":true,"href":"https:\/\/www.eldigitaldeasturias.com\/noticias\/wp-json\/wp\/v2\/media\/1132184"}],"wp:attachment":[{"href":"https:\/\/www.eldigitaldeasturias.com\/noticias\/wp-json\/wp\/v2\/media?parent=1090869"}],"wp:term":[{"taxonomy":"category","embeddable":true,"href":"https:\/\/www.eldigitaldeasturias.com\/noticias\/wp-json\/wp\/v2\/categories?post=1090869"},{"taxonomy":"post_tag","embeddable":true,"href":"https:\/\/www.eldigitaldeasturias.com\/noticias\/wp-json\/wp\/v2\/tags?post=1090869"}],"curies":[{"name":"wp","href":"https:\/\/api.w.org\/{rel}","templated":true}]}}