{"id":1090848,"date":"2021-05-04T11:55:09","date_gmt":"2021-05-04T10:55:09","guid":{"rendered":"https:\/\/www.eldigitaldeasturias.com\/noticias\/?p=1090848"},"modified":"2021-05-04T11:55:09","modified_gmt":"2021-05-04T10:55:09","slug":"taller-de-escritura-creativa-en-luanco","status":"publish","type":"post","link":"https:\/\/www.eldigitaldeasturias.com\/noticias\/taller-de-escritura-creativa-en-luanco\/","title":{"rendered":"Taller de escritura creativa en Luanco"},"content":{"rendered":"<p><img loading=\"lazy\" decoding=\"async\" class=\"alignleft wp-image-1090849 size-large\" src=\"https:\/\/www.eldigitaldeasturias.com\/noticias\/wp-content\/uploads\/2021\/05\/Escritura-creativa-en-Luanco-329x480.jpg\" alt=\"\" width=\"329\" height=\"480\" \/>El Ayuntamiento de Goz\u00f3n, a trav\u00e9s de la Casa de Cultura, ofrecer\u00e1 <strong>un taller de escritura creativa para adultos el s\u00e1bado 15 de mayo de 11 a 13 horas<\/strong>. El proyecto titulado \u2018Palabras como llaves. O c\u00f3mo abrir las puertas de la inspiraci\u00f3n\u2019 estar\u00e1 impartido por su creadora, <strong>Ana Lamela Rey, cofundadora del colectivo art\u00edstico-cultural Musa Cafe\u00edna<\/strong>. La formaci\u00f3n literaria, totalmente pr\u00e1ctica, tiene por objetivo \u201cabrir las puertas a la imaginaci\u00f3n, la inspiraci\u00f3n y la creatividad\u201d.<\/p>\n<p>Durante dos horas, los participantes se sumergir\u00e1n en el mundo de las letras, aprendiendo a contar un mismo relato desde diferentes puntos de vista, crear conflictos, definir a los personajes de una obra, etc\u00e9tera. Adem\u00e1s, \u2018Palabras como llaves\u2019 trata de potenciar el gusto por la lectura, por lo que el taller utilizar\u00e1 gran variedad de textos. <strong>\u201cSe trata de aprender a escribir escribiendo y leyendo. Como premisa, un buen escritor debe ser un buen lector\u201d, explica Musa Cafe\u00edna<\/strong>. Ninguna propuesta, ni siquiera la m\u00e1s loca, dicen, estar\u00e1 descartada, pues en eso consiste el proceso de creaci\u00f3n.<\/p>\n<p>La actividad es gratuita y ser\u00e1 obligatorio inscribirse previamente en persona en la Casa de Cultura de Luanco o llamando al tel\u00e9fono 985 88 04 02.<strong> Los asistentes deber\u00e1n cumplir el protocolo anticovid-19<\/strong>, lo que incluye el uso obligatorio de la mascarilla, desinfectar las manos con gel hidroalcoh\u00f3lico y mantener, en la medida de lo posible, la distancia social de seguridad.<\/p>\n<h2>Biograf\u00eda Ana Lamela Rey<\/h2>\n<p>Ana Lamela Rey es fil\u00f3loga, narradora oral, escritora, poeta y m\u00fasica. Licenciada en Filolog\u00eda Espa\u00f1ola, especialidad en Literatura, por la Universidad de Oviedo, ha realizado cursos de posgrado relacionados con la coeducaci\u00f3n y t\u00e9cnicas creativas en la escuela (CEPLI, Universidad de Castilla-La Mancha). Tambi\u00e9n tiene estudios de guitarra y piano cl\u00e1sicos en los Conservatorios de Oviedo y Gij\u00f3n.<\/p>\n<p>Ha publicado un libro de artista llamado Zebra, en el que sus poemas acompa\u00f1an fotos de Tino Fern\u00e1ndez e ilustraciones de Laura Fern\u00e1ndez Blanco, el poemario La Exhibicionista; el libro de cuentos infantiles La Estrella Nigeria y otros cuentos sobre adopci\u00f3n y el audiolibro La Exhibicionista. En 2019 publica otros dos nuevos libros de poes\u00eda: La Otra y El Cuaderno del Silencio, este \u00faltimo junto con otros tres poetas (Aurelio Gonz\u00e1lez Ovies, Mar\u00eda do Cebreiro y Rafael Escobar), publicado y escrito en gallego, asturiano y castellano.<\/p>\n<p>Adem\u00e1s, forma parte de una antolog\u00eda de versiones de cuentos populares titulada \u00c9rase una vez, publicada por la A.C Museo del Ni\u00f1o de Albacete. En 2020 colabora con relatos cortos y poemas en antolog\u00edas publicadas por Mariposa Ediciones en colaboraci\u00f3n con las bibliotecas de Le\u00f3n para difundir y acercar al p\u00fablico generaciones de escritores y escritoras olvidadas: la generaci\u00f3n del 98, las Sinsombrero, etc.<\/p>\n<p>Ha dirigido clubes de lectura, talleres de escritura en las bibliotecas de Gij\u00f3n, librer\u00edas, bares y caf\u00e9s,\u2026Asimismo, ha impartido talleres para mujeres mayores en zonas rurales asturianas dentro del programa \u2018Tiempo propio\u2019 y talleres de escritura creativa, clubes de lectura y talleres de narraci\u00f3n oral con la asociaci\u00f3n Abierto hasta el Amanecer desde 2018. Tambi\u00e9n he formado parte de la FeLiX20 con el espect\u00e1culo literario-musical Soy palabra, soy una canci\u00f3n.<\/p>\n<p>Por \u00faltimo, el colectivo Musa Cafe\u00edna que cofund\u00f3 en 2012 realiza encuentros po\u00e9ticos entre los que destacan las dos ediciones del Festival de Poes\u00eda de Gij\u00f3n Deletr\u00e9ame Poes\u00eda, los encuentros po\u00e9ticos Bares\u00edas en el Bello Verano, el Bar RUFO 21 y el caf\u00e9-librer\u00eda Toma 3 de Gij\u00f3n y el Prestoso de Avil\u00e9s, e Isla Byronia en el Lord Byron de Avil\u00e9s.<\/p>\n<p>&nbsp;<\/p>\n<p>&nbsp;<\/p>\n","protected":false},"excerpt":{"rendered":"<p>El Ayuntamiento de Goz\u00f3n, a trav\u00e9s de la Casa de Cultura, ofrecer\u00e1 un taller de escritura creativa para adultos el s\u00e1bado 15 de mayo de 11 a 13 horas. El proyecto titulado \u2018Palabras como llaves. O c\u00f3mo abrir las puertas de la inspiraci\u00f3n\u2019 estar\u00e1 impartido por su creadora, Ana Lamela Rey, cofundadora del colectivo art\u00edstico-cultural [&hellip;]<\/p>\n","protected":false},"author":1,"featured_media":1132184,"comment_status":"closed","ping_status":"closed","sticky":false,"template":"","format":"standard","meta":{"footnotes":""},"categories":[2],"tags":[],"class_list":["post-1090848","post","type-post","status-publish","format-standard","has-post-thumbnail","hentry","category-agenda"],"aioseo_notices":[],"aioseo_head":"\n\t\t<!-- All in One SEO Pro 5.0.1 - aioseo.com -->\n\t<meta name=\"description\" content=\"El Ayuntamiento de Goz\u00f3n, a trav\u00e9s de la Casa de Cultura, ofrecer\u00e1 un taller de escritura creativa para adultos el s\u00e1bado 15 de mayo\" \/>\n\t<meta name=\"robots\" content=\"max-image-preview:large\" \/>\n\t<meta name=\"author\" content=\"El Digital de Asturias\"\/>\n\t<meta name=\"google-site-verification\" content=\"UA-38556648-1\" \/>\n\t<meta name=\"msvalidate.01\" content=\"7dfe9f3f1b24437ab69f4f2559babe99\" \/>\n\t<meta name=\"keywords\" content=\"agenda\" \/>\n\t<link rel=\"canonical\" href=\"https:\/\/www.eldigitaldeasturias.com\/noticias\/taller-de-escritura-creativa-en-luanco\/\" \/>\n\t<meta name=\"generator\" content=\"All in One SEO Pro (AIOSEO) 5.0.1\" \/>\n\t\t<meta property=\"og:locale\" content=\"es_ES\" \/>\n\t\t<meta property=\"og:site_name\" content=\"El Digital de Asturias\" \/>\n\t\t<meta property=\"og:type\" content=\"article\" \/>\n\t\t<meta property=\"og:title\" content=\"Taller de escritura creativa en Luanco - El Digital de Asturias\" \/>\n\t\t<meta property=\"og:description\" content=\"El Ayuntamiento de Goz\u00f3n, a trav\u00e9s de la Casa de Cultura, ofrecer\u00e1 un taller de escritura creativa para adultos el s\u00e1bado 15 de mayo\" \/>\n\t\t<meta property=\"og:url\" content=\"https:\/\/www.eldigitaldeasturias.com\/noticias\/taller-de-escritura-creativa-en-luanco\/\" \/>\n\t\t<meta property=\"og:image\" content=\"https:\/\/www.eldigitaldeasturias.com\/noticias\/wp-content\/uploads\/2026\/06\/Contenidos.jpg\" \/>\n\t\t<meta property=\"og:image:secure_url\" content=\"https:\/\/www.eldigitaldeasturias.com\/noticias\/wp-content\/uploads\/2026\/06\/Contenidos.jpg\" \/>\n\t\t<meta property=\"og:image:width\" content=\"1265\" \/>\n\t\t<meta property=\"og:image:height\" content=\"697\" \/>\n\t\t<meta property=\"article:tag\" content=\"agenda\" \/>\n\t\t<meta property=\"article:published_time\" content=\"2021-05-04T10:55:09+00:00\" \/>\n\t\t<meta property=\"article:modified_time\" content=\"2021-05-04T10:55:09+00:00\" \/>\n\t\t<meta property=\"article:publisher\" content=\"https:\/\/facebook.com\/eldigitaldeasturias\" \/>\n\t\t<meta name=\"twitter:card\" content=\"summary_large_image\" \/>\n\t\t<meta name=\"twitter:title\" content=\"Taller de escritura creativa en Luanco - El Digital de Asturias\" \/>\n\t\t<meta name=\"twitter:description\" content=\"El Ayuntamiento de Goz\u00f3n, a trav\u00e9s de la Casa de Cultura, ofrecer\u00e1 un taller de escritura creativa para adultos el s\u00e1bado 15 de mayo\" \/>\n\t\t<meta name=\"twitter:image\" content=\"https:\/\/www.eldigitaldeasturias.com\/noticias\/wp-content\/uploads\/2026\/06\/Contenidos.jpg\" \/>\n\t\t<meta name=\"twitter:label1\" content=\"Escrito por\" \/>\n\t\t<meta name=\"twitter:data1\" content=\"El Digital de Asturias\" \/>\n\t\t<meta name=\"twitter:label2\" content=\"Tiempo de lectura estimado\" \/>\n\t\t<meta name=\"twitter:data2\" content=\"3 minutos\" \/>\n\t\t<script type=\"application\/ld+json\" class=\"aioseo-schema\">\n\t\t\t{\"@context\":\"https:\\\/\\\/schema.org\",\"@graph\":[{\"@type\":\"BlogPosting\",\"@id\":\"https:\\\/\\\/www.eldigitaldeasturias.com\\\/noticias\\\/taller-de-escritura-creativa-en-luanco\\\/#blogposting\",\"name\":\"Taller de escritura creativa en Luanco - El Digital de Asturias\",\"headline\":\"Taller de escritura creativa en Luanco\",\"author\":{\"@id\":\"https:\\\/\\\/www.eldigitaldeasturias.com\\\/noticias\\\/author\\\/admin\\\/#author\"},\"publisher\":{\"@id\":\"https:\\\/\\\/www.eldigitaldeasturias.com\\\/noticias\\\/#organization\"},\"image\":{\"@type\":\"ImageObject\",\"url\":\"https:\\\/\\\/www.eldigitaldeasturias.com\\\/noticias\\\/wp-content\\\/uploads\\\/2026\\\/06\\\/Contenidos.jpg\",\"width\":1265,\"height\":697,\"caption\":\"Contenidos\"},\"datePublished\":\"2021-05-04T11:55:09+02:00\",\"dateModified\":\"2021-05-04T11:55:09+02:00\",\"inLanguage\":\"es-ES\",\"mainEntityOfPage\":{\"@id\":\"https:\\\/\\\/www.eldigitaldeasturias.com\\\/noticias\\\/taller-de-escritura-creativa-en-luanco\\\/#webpage\"},\"isPartOf\":{\"@id\":\"https:\\\/\\\/www.eldigitaldeasturias.com\\\/noticias\\\/taller-de-escritura-creativa-en-luanco\\\/#webpage\"},\"articleSection\":\"Agenda\"},{\"@type\":\"BreadcrumbList\",\"@id\":\"https:\\\/\\\/www.eldigitaldeasturias.com\\\/noticias\\\/taller-de-escritura-creativa-en-luanco\\\/#breadcrumblist\",\"itemListElement\":[{\"@type\":\"ListItem\",\"@id\":\"https:\\\/\\\/www.eldigitaldeasturias.com\\\/noticias#listItem\",\"position\":1,\"name\":\"Home\",\"item\":\"https:\\\/\\\/www.eldigitaldeasturias.com\\\/noticias\",\"nextItem\":{\"@type\":\"ListItem\",\"@id\":\"https:\\\/\\\/www.eldigitaldeasturias.com\\\/noticias\\\/category\\\/agenda\\\/#listItem\",\"name\":\"Agenda\"}},{\"@type\":\"ListItem\",\"@id\":\"https:\\\/\\\/www.eldigitaldeasturias.com\\\/noticias\\\/category\\\/agenda\\\/#listItem\",\"position\":2,\"name\":\"Agenda\",\"item\":\"https:\\\/\\\/www.eldigitaldeasturias.com\\\/noticias\\\/category\\\/agenda\\\/\",\"nextItem\":{\"@type\":\"ListItem\",\"@id\":\"https:\\\/\\\/www.eldigitaldeasturias.com\\\/noticias\\\/taller-de-escritura-creativa-en-luanco\\\/#listItem\",\"name\":\"Taller de escritura creativa en Luanco\"},\"previousItem\":{\"@type\":\"ListItem\",\"@id\":\"https:\\\/\\\/www.eldigitaldeasturias.com\\\/noticias#listItem\",\"name\":\"Home\"}},{\"@type\":\"ListItem\",\"@id\":\"https:\\\/\\\/www.eldigitaldeasturias.com\\\/noticias\\\/taller-de-escritura-creativa-en-luanco\\\/#listItem\",\"position\":3,\"name\":\"Taller de escritura creativa en Luanco\",\"previousItem\":{\"@type\":\"ListItem\",\"@id\":\"https:\\\/\\\/www.eldigitaldeasturias.com\\\/noticias\\\/category\\\/agenda\\\/#listItem\",\"name\":\"Agenda\"}}]},{\"@type\":\"Organization\",\"@id\":\"https:\\\/\\\/www.eldigitaldeasturias.com\\\/noticias\\\/#organization\",\"name\":\"El Digital de Asturias\",\"description\":\"Hemeroteca\",\"url\":\"https:\\\/\\\/www.eldigitaldeasturias.com\\\/noticias\\\/\",\"email\":\"info@eldigitaldeasturias.com\",\"telephone\":\"+34652131393\",\"logo\":{\"@type\":\"ImageObject\",\"url\":\"https:\\\/\\\/www.eldigitaldeasturias.com\\\/noticias\\\/wp-content\\\/uploads\\\/2020\\\/12\\\/EDA.jpg\",\"@id\":\"https:\\\/\\\/www.eldigitaldeasturias.com\\\/noticias\\\/taller-de-escritura-creativa-en-luanco\\\/#organizationLogo\"},\"image\":{\"@id\":\"https:\\\/\\\/www.eldigitaldeasturias.com\\\/noticias\\\/taller-de-escritura-creativa-en-luanco\\\/#organizationLogo\"},\"sameAs\":[\"https:\\\/\\\/facebook.com\\\/eldigitaldeasturias\",\"https:\\\/\\\/www.youtube.com\\\/channel\\\/UCZP-2wLEB9Rv6erhFmqVnvg\"],\"address\":{\"@id\":\"https:\\\/\\\/www.eldigitaldeasturias.com\\\/noticias\\\/#postaladdress\",\"@type\":\"PostalAddress\",\"streetAddress\":\"san antonio 4\",\"postalCode\":\"33430\",\"addressLocality\":\"Cand\\u00e1s\",\"addressRegion\":\"Asturias\",\"addressCountry\":\"ES\"}},{\"@type\":\"Person\",\"@id\":\"https:\\\/\\\/www.eldigitaldeasturias.com\\\/noticias\\\/author\\\/admin\\\/#author\",\"url\":\"https:\\\/\\\/www.eldigitaldeasturias.com\\\/noticias\\\/author\\\/admin\\\/\",\"name\":\"El Digital de Asturias\",\"image\":{\"@type\":\"ImageObject\",\"@id\":\"https:\\\/\\\/www.eldigitaldeasturias.com\\\/noticias\\\/taller-de-escritura-creativa-en-luanco\\\/#authorImage\",\"url\":\"https:\\\/\\\/secure.gravatar.com\\\/avatar\\\/df2aeffc32bcd13f8d26072ef8a91b623d677766deac7f97ca815868cd41bf5e?s=96&d=mm&r=g\",\"width\":96,\"height\":96,\"caption\":\"El Digital de Asturias\"}},{\"@type\":\"WebPage\",\"@id\":\"https:\\\/\\\/www.eldigitaldeasturias.com\\\/noticias\\\/taller-de-escritura-creativa-en-luanco\\\/#webpage\",\"url\":\"https:\\\/\\\/www.eldigitaldeasturias.com\\\/noticias\\\/taller-de-escritura-creativa-en-luanco\\\/\",\"name\":\"Taller de escritura creativa en Luanco - El Digital de Asturias\",\"description\":\"El Ayuntamiento de Goz\\u00f3n, a trav\\u00e9s de la Casa de Cultura, ofrecer\\u00e1 un taller de escritura creativa para adultos el s\\u00e1bado 15 de mayo\",\"inLanguage\":\"es-ES\",\"isPartOf\":{\"@id\":\"https:\\\/\\\/www.eldigitaldeasturias.com\\\/noticias\\\/#website\"},\"breadcrumb\":{\"@id\":\"https:\\\/\\\/www.eldigitaldeasturias.com\\\/noticias\\\/taller-de-escritura-creativa-en-luanco\\\/#breadcrumblist\"},\"author\":{\"@id\":\"https:\\\/\\\/www.eldigitaldeasturias.com\\\/noticias\\\/author\\\/admin\\\/#author\"},\"creator\":{\"@id\":\"https:\\\/\\\/www.eldigitaldeasturias.com\\\/noticias\\\/author\\\/admin\\\/#author\"},\"image\":{\"@type\":\"ImageObject\",\"url\":\"https:\\\/\\\/www.eldigitaldeasturias.com\\\/noticias\\\/wp-content\\\/uploads\\\/2026\\\/06\\\/Contenidos.jpg\",\"@id\":\"https:\\\/\\\/www.eldigitaldeasturias.com\\\/noticias\\\/taller-de-escritura-creativa-en-luanco\\\/#mainImage\",\"width\":1265,\"height\":697,\"caption\":\"Contenidos\"},\"primaryImageOfPage\":{\"@id\":\"https:\\\/\\\/www.eldigitaldeasturias.com\\\/noticias\\\/taller-de-escritura-creativa-en-luanco\\\/#mainImage\"},\"datePublished\":\"2021-05-04T11:55:09+02:00\",\"dateModified\":\"2021-05-04T11:55:09+02:00\"},{\"@type\":\"WebSite\",\"@id\":\"https:\\\/\\\/www.eldigitaldeasturias.com\\\/noticias\\\/#website\",\"url\":\"https:\\\/\\\/www.eldigitaldeasturias.com\\\/noticias\\\/\",\"name\":\"El Digital de Asturias - Diario de actualidad y noticias\",\"alternateName\":\"El Digital de Asturias - Diario de actualidad y noticias\",\"description\":\"Hemeroteca\",\"inLanguage\":\"es-ES\",\"publisher\":{\"@id\":\"https:\\\/\\\/www.eldigitaldeasturias.com\\\/noticias\\\/#organization\"}}]}\n\t\t<\/script>\n\t\t<!-- All in One SEO Pro -->\r\n\t\t<title>Taller de escritura creativa en Luanco - El Digital de Asturias<\/title>\n\n","aioseo_head_json":{"title":"Taller de escritura creativa en Luanco - El Digital de Asturias","description":"El Ayuntamiento de Goz\u00f3n, a trav\u00e9s de la Casa de Cultura, ofrecer\u00e1 un taller de escritura creativa para adultos el s\u00e1bado 15 de mayo","canonical_url":"https:\/\/www.eldigitaldeasturias.com\/noticias\/taller-de-escritura-creativa-en-luanco\/","robots":"max-image-preview:large","keywords":"agenda","webmasterTools":{"google-site-verification":"UA-38556648-1","msvalidate.01":"7dfe9f3f1b24437ab69f4f2559babe99","miscellaneous":""},"schema":{"@context":"https:\/\/schema.org","@graph":[{"@type":"BlogPosting","@id":"https:\/\/www.eldigitaldeasturias.com\/noticias\/taller-de-escritura-creativa-en-luanco\/#blogposting","name":"Taller de escritura creativa en Luanco - El Digital de Asturias","headline":"Taller de escritura creativa en Luanco","author":{"@id":"https:\/\/www.eldigitaldeasturias.com\/noticias\/author\/admin\/#author"},"publisher":{"@id":"https:\/\/www.eldigitaldeasturias.com\/noticias\/#organization"},"image":{"@type":"ImageObject","url":"https:\/\/www.eldigitaldeasturias.com\/noticias\/wp-content\/uploads\/2026\/06\/Contenidos.jpg","width":1265,"height":697,"caption":"Contenidos"},"datePublished":"2021-05-04T11:55:09+02:00","dateModified":"2021-05-04T11:55:09+02:00","inLanguage":"es-ES","mainEntityOfPage":{"@id":"https:\/\/www.eldigitaldeasturias.com\/noticias\/taller-de-escritura-creativa-en-luanco\/#webpage"},"isPartOf":{"@id":"https:\/\/www.eldigitaldeasturias.com\/noticias\/taller-de-escritura-creativa-en-luanco\/#webpage"},"articleSection":"Agenda"},{"@type":"BreadcrumbList","@id":"https:\/\/www.eldigitaldeasturias.com\/noticias\/taller-de-escritura-creativa-en-luanco\/#breadcrumblist","itemListElement":[{"@type":"ListItem","@id":"https:\/\/www.eldigitaldeasturias.com\/noticias#listItem","position":1,"name":"Home","item":"https:\/\/www.eldigitaldeasturias.com\/noticias","nextItem":{"@type":"ListItem","@id":"https:\/\/www.eldigitaldeasturias.com\/noticias\/category\/agenda\/#listItem","name":"Agenda"}},{"@type":"ListItem","@id":"https:\/\/www.eldigitaldeasturias.com\/noticias\/category\/agenda\/#listItem","position":2,"name":"Agenda","item":"https:\/\/www.eldigitaldeasturias.com\/noticias\/category\/agenda\/","nextItem":{"@type":"ListItem","@id":"https:\/\/www.eldigitaldeasturias.com\/noticias\/taller-de-escritura-creativa-en-luanco\/#listItem","name":"Taller de escritura creativa en Luanco"},"previousItem":{"@type":"ListItem","@id":"https:\/\/www.eldigitaldeasturias.com\/noticias#listItem","name":"Home"}},{"@type":"ListItem","@id":"https:\/\/www.eldigitaldeasturias.com\/noticias\/taller-de-escritura-creativa-en-luanco\/#listItem","position":3,"name":"Taller de escritura creativa en Luanco","previousItem":{"@type":"ListItem","@id":"https:\/\/www.eldigitaldeasturias.com\/noticias\/category\/agenda\/#listItem","name":"Agenda"}}]},{"@type":"Organization","@id":"https:\/\/www.eldigitaldeasturias.com\/noticias\/#organization","name":"El Digital de Asturias","description":"Hemeroteca","url":"https:\/\/www.eldigitaldeasturias.com\/noticias\/","email":"info@eldigitaldeasturias.com","telephone":"+34652131393","logo":{"@type":"ImageObject","url":"https:\/\/www.eldigitaldeasturias.com\/noticias\/wp-content\/uploads\/2020\/12\/EDA.jpg","@id":"https:\/\/www.eldigitaldeasturias.com\/noticias\/taller-de-escritura-creativa-en-luanco\/#organizationLogo"},"image":{"@id":"https:\/\/www.eldigitaldeasturias.com\/noticias\/taller-de-escritura-creativa-en-luanco\/#organizationLogo"},"sameAs":["https:\/\/facebook.com\/eldigitaldeasturias","https:\/\/www.youtube.com\/channel\/UCZP-2wLEB9Rv6erhFmqVnvg"],"address":{"@id":"https:\/\/www.eldigitaldeasturias.com\/noticias\/#postaladdress","@type":"PostalAddress","streetAddress":"san antonio 4","postalCode":"33430","addressLocality":"Cand\u00e1s","addressRegion":"Asturias","addressCountry":"ES"}},{"@type":"Person","@id":"https:\/\/www.eldigitaldeasturias.com\/noticias\/author\/admin\/#author","url":"https:\/\/www.eldigitaldeasturias.com\/noticias\/author\/admin\/","name":"El Digital de Asturias","image":{"@type":"ImageObject","@id":"https:\/\/www.eldigitaldeasturias.com\/noticias\/taller-de-escritura-creativa-en-luanco\/#authorImage","url":"https:\/\/secure.gravatar.com\/avatar\/df2aeffc32bcd13f8d26072ef8a91b623d677766deac7f97ca815868cd41bf5e?s=96&d=mm&r=g","width":96,"height":96,"caption":"El Digital de Asturias"}},{"@type":"WebPage","@id":"https:\/\/www.eldigitaldeasturias.com\/noticias\/taller-de-escritura-creativa-en-luanco\/#webpage","url":"https:\/\/www.eldigitaldeasturias.com\/noticias\/taller-de-escritura-creativa-en-luanco\/","name":"Taller de escritura creativa en Luanco - El Digital de Asturias","description":"El Ayuntamiento de Goz\u00f3n, a trav\u00e9s de la Casa de Cultura, ofrecer\u00e1 un taller de escritura creativa para adultos el s\u00e1bado 15 de mayo","inLanguage":"es-ES","isPartOf":{"@id":"https:\/\/www.eldigitaldeasturias.com\/noticias\/#website"},"breadcrumb":{"@id":"https:\/\/www.eldigitaldeasturias.com\/noticias\/taller-de-escritura-creativa-en-luanco\/#breadcrumblist"},"author":{"@id":"https:\/\/www.eldigitaldeasturias.com\/noticias\/author\/admin\/#author"},"creator":{"@id":"https:\/\/www.eldigitaldeasturias.com\/noticias\/author\/admin\/#author"},"image":{"@type":"ImageObject","url":"https:\/\/www.eldigitaldeasturias.com\/noticias\/wp-content\/uploads\/2026\/06\/Contenidos.jpg","@id":"https:\/\/www.eldigitaldeasturias.com\/noticias\/taller-de-escritura-creativa-en-luanco\/#mainImage","width":1265,"height":697,"caption":"Contenidos"},"primaryImageOfPage":{"@id":"https:\/\/www.eldigitaldeasturias.com\/noticias\/taller-de-escritura-creativa-en-luanco\/#mainImage"},"datePublished":"2021-05-04T11:55:09+02:00","dateModified":"2021-05-04T11:55:09+02:00"},{"@type":"WebSite","@id":"https:\/\/www.eldigitaldeasturias.com\/noticias\/#website","url":"https:\/\/www.eldigitaldeasturias.com\/noticias\/","name":"El Digital de Asturias - Diario de actualidad y noticias","alternateName":"El Digital de Asturias - Diario de actualidad y noticias","description":"Hemeroteca","inLanguage":"es-ES","publisher":{"@id":"https:\/\/www.eldigitaldeasturias.com\/noticias\/#organization"}}]},"og:locale":"es_ES","og:site_name":"El Digital de Asturias","og:type":"article","og:title":"Taller de escritura creativa en Luanco - El Digital de Asturias","og:description":"El Ayuntamiento de Goz\u00f3n, a trav\u00e9s de la Casa de Cultura, ofrecer\u00e1 un taller de escritura creativa para adultos el s\u00e1bado 15 de mayo","og:url":"https:\/\/www.eldigitaldeasturias.com\/noticias\/taller-de-escritura-creativa-en-luanco\/","og:image":"https:\/\/www.eldigitaldeasturias.com\/noticias\/wp-content\/uploads\/2026\/06\/Contenidos.jpg","og:image:secure_url":"https:\/\/www.eldigitaldeasturias.com\/noticias\/wp-content\/uploads\/2026\/06\/Contenidos.jpg","og:image:width":1265,"og:image:height":697,"article:tag":["agenda"],"article:published_time":"2021-05-04T10:55:09+00:00","article:modified_time":"2021-05-04T10:55:09+00:00","article:publisher":"https:\/\/facebook.com\/eldigitaldeasturias","twitter:card":"summary_large_image","twitter:title":"Taller de escritura creativa en Luanco - El Digital de Asturias","twitter:description":"El Ayuntamiento de Goz\u00f3n, a trav\u00e9s de la Casa de Cultura, ofrecer\u00e1 un taller de escritura creativa para adultos el s\u00e1bado 15 de mayo","twitter:image":"https:\/\/www.eldigitaldeasturias.com\/noticias\/wp-content\/uploads\/2026\/06\/Contenidos.jpg","twitter:label1":"Escrito por","twitter:data1":"El Digital de Asturias","twitter:label2":"Tiempo de lectura estimado","twitter:data2":"3 minutos"},"aioseo_meta_data":{"post_id":"1090848","title":null,"description":"El Ayuntamiento de Goz\u00f3n, a trav\u00e9s de la Casa de Cultura, ofrecer\u00e1 un taller de escritura creativa para adultos el s\u00e1bado 15 de mayo","keywords":[],"keyphrases":{"focus":[],"additional":[]},"primary_term":null,"canonical_url":null,"og_title":null,"og_description":null,"og_object_type":"default","og_image_type":"default","og_image_url":null,"og_image_width":null,"og_image_height":null,"og_image_custom_url":null,"og_image_custom_fields":null,"og_video":"","og_custom_url":null,"og_article_section":null,"og_article_tags":[],"twitter_use_og":false,"twitter_card":"default","twitter_image_type":"default","twitter_image_url":null,"twitter_image_custom_url":null,"twitter_image_custom_fields":null,"twitter_title":null,"twitter_description":null,"schema":{"blockGraphs":[],"customGraphs":[],"default":{"data":{"Article":[],"Course":[],"Dataset":[],"FAQPage":[],"Movie":[],"Person":[],"Product":[],"ProductReview":[],"Car":[],"Recipe":[],"Service":[],"SoftwareApplication":[],"WebPage":[]},"graphName":"","isEnabled":true},"graphs":[]},"schema_type":"default","schema_type_options":"{\"article\":{\"articleType\":\"BlogPosting\"},\"course\":{\"name\":\"\",\"description\":\"\",\"provider\":\"\"},\"faq\":{\"pages\":[]},\"product\":{\"reviews\":[]},\"recipe\":{\"ingredients\":[],\"instructions\":[],\"keywords\":[]},\"software\":{\"reviews\":[],\"operatingSystems\":[]},\"webPage\":{\"webPageType\":\"WebPage\"}}","pillar_content":false,"robots_default":true,"robots_noindex":false,"robots_noarchive":false,"robots_nosnippet":false,"robots_nofollow":false,"robots_noimageindex":false,"robots_noodp":false,"robots_notranslate":false,"robots_max_snippet":"-1","robots_max_videopreview":"-1","robots_max_imagepreview":"large","priority":null,"frequency":"default","local_seo":{"locations":{"business":{"name":"","businessType":"","image":"","areaServed":"","urls":{"website":"","aboutPage":"","contactPage":""},"address":{"streetLine1":"","streetLine2":"","zipCode":"","city":"","state":"","country":"","addressFormat":"#streetLineOne\n#streetLineTwo\n#city, #state #zipCode"},"contact":{"phone":"","email":"","fax":""},"ids":{"vat":"","tax":"","chamberOfCommerce":""},"payment":{"priceRange":"","currenciesAccepted":"","methods":""}}},"openingHours":{"useDefaults":true,"show":true,"alwaysOpen":false,"use24hFormat":false,"timezone":"","labels":{"closed":"","alwaysOpen":""},"days":{"monday":{"open24h":false,"closed":false,"openTime":"09:00","closeTime":"17:00"},"tuesday":{"open24h":false,"closed":false,"openTime":"09:00","closeTime":"17:00"},"wednesday":{"open24h":false,"closed":false,"openTime":"09:00","closeTime":"17:00"},"thursday":{"open24h":false,"closed":false,"openTime":"09:00","closeTime":"17:00"},"friday":{"open24h":false,"closed":false,"openTime":"09:00","closeTime":"17:00"},"saturday":{"open24h":false,"closed":false,"openTime":"09:00","closeTime":"17:00"},"sunday":{"open24h":false,"closed":false,"openTime":"09:00","closeTime":"17:00"}}}},"seo_analyzer_scan_date":"2026-07-17 16:23:35","breadcrumb_settings":null,"limit_modified_date":false,"open_ai":null,"ai":null,"created":"2021-05-04 10:50:59","updated":"2026-07-17 16:23:35","focus_keyword":null,"additional_keywords":null,"truseo_locale":null},"aioseo_breadcrumb":"<div class=\"aioseo-breadcrumbs\"><span class=\"aioseo-breadcrumb\">\n\t<a href=\"https:\/\/www.eldigitaldeasturias.com\/noticias\" title=\"Home\">Home<\/a>\n<\/span><span class=\"aioseo-breadcrumb-separator\">\u2013<\/span><span class=\"aioseo-breadcrumb\">\n\t<a href=\"https:\/\/www.eldigitaldeasturias.com\/noticias\/category\/agenda\/\" title=\"Agenda\">Agenda<\/a>\n<\/span><span class=\"aioseo-breadcrumb-separator\">\u2013<\/span><span class=\"aioseo-breadcrumb\">\n\t<a href=\"https:\/\/www.eldigitaldeasturias.com\/noticias\/taller-de-escritura-creativa-en-luanco\/\" title=\"Taller de escritura creativa en Luanco\">Taller de escritura creativa en Luanco<\/a>\n<\/span><\/div>","aioseo_breadcrumb_json":[{"label":"Home","link":"https:\/\/www.eldigitaldeasturias.com\/noticias"},{"label":"Agenda","link":"https:\/\/www.eldigitaldeasturias.com\/noticias\/category\/agenda\/"},{"label":"Taller de escritura creativa en Luanco","link":"https:\/\/www.eldigitaldeasturias.com\/noticias\/taller-de-escritura-creativa-en-luanco\/"}],"_links":{"self":[{"href":"https:\/\/www.eldigitaldeasturias.com\/noticias\/wp-json\/wp\/v2\/posts\/1090848","targetHints":{"allow":["GET"]}}],"collection":[{"href":"https:\/\/www.eldigitaldeasturias.com\/noticias\/wp-json\/wp\/v2\/posts"}],"about":[{"href":"https:\/\/www.eldigitaldeasturias.com\/noticias\/wp-json\/wp\/v2\/types\/post"}],"author":[{"embeddable":true,"href":"https:\/\/www.eldigitaldeasturias.com\/noticias\/wp-json\/wp\/v2\/users\/1"}],"replies":[{"embeddable":true,"href":"https:\/\/www.eldigitaldeasturias.com\/noticias\/wp-json\/wp\/v2\/comments?post=1090848"}],"version-history":[{"count":0,"href":"https:\/\/www.eldigitaldeasturias.com\/noticias\/wp-json\/wp\/v2\/posts\/1090848\/revisions"}],"wp:featuredmedia":[{"embeddable":true,"href":"https:\/\/www.eldigitaldeasturias.com\/noticias\/wp-json\/wp\/v2\/media\/1132184"}],"wp:attachment":[{"href":"https:\/\/www.eldigitaldeasturias.com\/noticias\/wp-json\/wp\/v2\/media?parent=1090848"}],"wp:term":[{"taxonomy":"category","embeddable":true,"href":"https:\/\/www.eldigitaldeasturias.com\/noticias\/wp-json\/wp\/v2\/categories?post=1090848"},{"taxonomy":"post_tag","embeddable":true,"href":"https:\/\/www.eldigitaldeasturias.com\/noticias\/wp-json\/wp\/v2\/tags?post=1090848"}],"curies":[{"name":"wp","href":"https:\/\/api.w.org\/{rel}","templated":true}]}}