{"id":1090811,"date":"2021-05-03T12:51:12","date_gmt":"2021-05-03T11:51:12","guid":{"rendered":"https:\/\/www.eldigitaldeasturias.com\/noticias\/?p=1090811"},"modified":"2021-05-03T12:51:12","modified_gmt":"2021-05-03T11:51:12","slug":"ayudas-leader-para-el-grupo-navia-porcia","status":"publish","type":"post","link":"https:\/\/www.eldigitaldeasturias.com\/noticias\/ayudas-leader-para-el-grupo-navia-porcia\/","title":{"rendered":"Ayudas Leader para el grupo Navia Porc\u00eda"},"content":{"rendered":"<p class=\"x_MsoNormal\"><img loading=\"lazy\" decoding=\"async\" class=\"alignleft size-medium wp-image-780683\" src=\"https:\/\/www.eldigitaldeasturias.com\/noticias\/wp-content\/uploads\/2015\/04\/euros1-360x198.jpg\" alt=\"\" width=\"360\" height=\"198\" \/>Las ayudas del programa Leader para el grupo Navia Porc\u00eda, dotadas con\u00a02.952.225\u00a0\u00a0euros, permitir\u00e1n apoyar 52 proyectos, que suponen una inversi\u00f3n global de\u00a06.655.804\u00a0euros. La resoluci\u00f3n se publica hoy el Bolet\u00edn Oficial del Principado (Bopa).<\/p>\n<p class=\"x_MsoNormal\">Esta entidad asociativa desarrolla iniciativas en los concejos de Boal,\u00a0Coa\u00f1a,\u00a0El Franco, Grandas de Salime,\u00a0Illano,\u00a0Navia,\u00a0Pesoz,\u00a0Tapia de Casariego y Villay\u00f3n. La distribuci\u00f3n de las ayudas por anualidades es la siguiente:<\/p>\n<table class=\"x_MsoNormalTable\" border=\"1\" width=\"482\" cellspacing=\"0\" cellpadding=\"0\">\n<tbody>\n<tr>\n<td valign=\"top\" width=\"170\">\n<p class=\"x_MsoNormal\" align=\"center\"><b>Ayudas Leader<\/b><b><\/b><\/p>\n<\/td>\n<td valign=\"top\" width=\"104\">\n<p class=\"x_MsoNormal\" align=\"center\"><b>2021<\/b><\/p>\n<\/td>\n<td valign=\"top\" width=\"104\">\n<p class=\"x_MsoNormal\" align=\"center\"><b>2022<\/b><\/p>\n<\/td>\n<td valign=\"top\" width=\"104\">\n<p class=\"x_MsoNormal\" align=\"center\"><b>Total<\/b><\/p>\n<\/td>\n<\/tr>\n<tr>\n<td valign=\"top\" width=\"170\">\n<p class=\"x_MsoNormal\">Empresas privadas total<\/p>\n<\/td>\n<td width=\"104\">\n<p class=\"x_MsoNormal\" align=\"right\">1.260.679,14<\/p>\n<\/td>\n<td width=\"104\">\n<p class=\"x_MsoNormal\" align=\"right\">1.089.453,10<\/p>\n<\/td>\n<td width=\"104\">\n<p class=\"x_MsoNormal\" align=\"right\">2.350.132,24<\/p>\n<\/td>\n<\/tr>\n<tr>\n<td valign=\"top\" width=\"170\">\n<p class=\"x_MsoNormal\">Entidades Locales<\/p>\n<\/td>\n<td width=\"104\">\n<p class=\"x_MsoNormal\" align=\"right\">273.818,94<\/p>\n<\/td>\n<td width=\"104\">\n<p class=\"x_MsoNormal\" align=\"right\">282.097,46<\/p>\n<\/td>\n<td width=\"104\">\n<p class=\"x_MsoNormal\" align=\"right\">555.916,40<\/p>\n<\/td>\n<\/tr>\n<tr>\n<td valign=\"top\" width=\"170\">\n<p class=\"x_MsoNormal\">Entidades sin \u00e1nimo de lucro<\/p>\n<\/td>\n<td width=\"104\">\n<p class=\"x_MsoNormal\" align=\"right\">46.176,46<\/p>\n<\/td>\n<td width=\"104\">\n<p class=\"x_MsoNormal\" align=\"right\">0,00<\/p>\n<\/td>\n<td width=\"104\">\n<p class=\"x_MsoNormal\" align=\"right\">46.176,46<\/p>\n<\/td>\n<\/tr>\n<tr>\n<td valign=\"top\" width=\"170\">\n<p class=\"x_MsoNormal\">Total anualidad<\/p>\n<\/td>\n<td width=\"104\">\n<p class=\"x_MsoNormal\" align=\"right\">1.580.674,54<\/p>\n<\/td>\n<td width=\"104\">\n<p class=\"x_MsoNormal\" align=\"right\">1.371.550,56<\/p>\n<\/td>\n<td width=\"104\">\n<p class=\"x_MsoNormal\" align=\"right\">2.952.225,10<\/p>\n<\/td>\n<\/tr>\n<\/tbody>\n<\/table>\n<p class=\"x_MsoNormal\">Estas subvenciones, cofinanciadas por el Fondo Europeo Agrario de Desarrollo Rural (Feader), contribuyen a dar soporte al tejido productivo y social del medio rural y garantizan la continuidad de la actividad en un sector esencial para el abastecimiento de alimentos de la poblaci\u00f3n.<\/p>\n<p class=\"x_MsoNormal\">La convocatoria de fondos para el programa Leader de desarrollo rural 2020 es la de mayor dotaci\u00f3n econ\u00f3mica de la historia de Asturias. El presupuesto inicial se ampli\u00f3 en 10 millones, hasta alcanzar los 26,4, con los que apoyar\u00e1n casi 600 proyectos. En el caso de la\u00a0Asociaci\u00f3n Centro de Desarrollo Navia-Porc\u00eda, la ampliaci\u00f3n de cr\u00e9dito alcanza los\u00a01.266.584\u00a0euros.<\/p>\n<p class=\"x_MsoNormal\">Las ayudas se conceden a trav\u00e9s de los once grupos de desarrollo rural que abarcan la pr\u00e1ctica totalidad del territorio asturiano.<\/p>\n<p>&nbsp;<\/p>\n<p>&nbsp;<\/p>\n","protected":false},"excerpt":{"rendered":"<p>Las ayudas del programa Leader para el grupo Navia Porc\u00eda, dotadas con\u00a02.952.225\u00a0\u00a0euros, permitir\u00e1n apoyar 52 proyectos, que suponen una inversi\u00f3n global de\u00a06.655.804\u00a0euros. La resoluci\u00f3n se publica hoy el Bolet\u00edn Oficial del Principado (Bopa). Esta entidad asociativa desarrolla iniciativas en los concejos de Boal,\u00a0Coa\u00f1a,\u00a0El Franco, Grandas de Salime,\u00a0Illano,\u00a0Navia,\u00a0Pesoz,\u00a0Tapia de Casariego y Villay\u00f3n. La distribuci\u00f3n de las [&hellip;]<\/p>\n","protected":false},"author":1,"featured_media":822740,"comment_status":"closed","ping_status":"closed","sticky":false,"template":"","format":"standard","meta":{"footnotes":""},"categories":[12],"tags":[],"class_list":["post-1090811","post","type-post","status-publish","format-standard","has-post-thumbnail","hentry","category-actualidad-asturias"],"aioseo_notices":[],"aioseo_head":"\n\t\t<!-- All in One SEO Pro 5.0.1 - aioseo.com -->\n\t<meta name=\"description\" content=\"La convocatoria de fondos para el programa Leader de desarrollo rural 2020 es la de mayor dotaci\u00f3n econ\u00f3mica de la historia de Asturias\" \/>\n\t<meta name=\"robots\" content=\"max-image-preview:large\" \/>\n\t<meta name=\"author\" content=\"El Digital de Asturias\"\/>\n\t<meta name=\"google-site-verification\" content=\"UA-38556648-1\" \/>\n\t<meta name=\"msvalidate.01\" content=\"7dfe9f3f1b24437ab69f4f2559babe99\" \/>\n\t<meta name=\"keywords\" content=\"actualidad asturias\" \/>\n\t<link rel=\"canonical\" href=\"https:\/\/www.eldigitaldeasturias.com\/noticias\/ayudas-leader-para-el-grupo-navia-porcia\/\" \/>\n\t<meta name=\"generator\" content=\"All in One SEO Pro (AIOSEO) 5.0.1\" \/>\n\t\t<meta property=\"og:locale\" content=\"es_ES\" \/>\n\t\t<meta property=\"og:site_name\" content=\"El Digital de Asturias\" \/>\n\t\t<meta property=\"og:type\" content=\"article\" \/>\n\t\t<meta property=\"og:title\" content=\"Ayudas Leader para el grupo Navia Porc\u00eda - El Digital de Asturias\" \/>\n\t\t<meta property=\"og:description\" content=\"La convocatoria de fondos para el programa Leader de desarrollo rural 2020 es la de mayor dotaci\u00f3n econ\u00f3mica de la historia de Asturias\" \/>\n\t\t<meta property=\"og:url\" content=\"https:\/\/www.eldigitaldeasturias.com\/noticias\/ayudas-leader-para-el-grupo-navia-porcia\/\" \/>\n\t\t<meta property=\"article:tag\" content=\"actualidad asturias\" \/>\n\t\t<meta property=\"article:published_time\" content=\"2021-05-03T11:51:12+00:00\" \/>\n\t\t<meta property=\"article:modified_time\" content=\"2021-05-03T11:51:12+00:00\" \/>\n\t\t<meta property=\"article:publisher\" content=\"https:\/\/facebook.com\/eldigitaldeasturias\" \/>\n\t\t<meta name=\"twitter:card\" content=\"summary_large_image\" \/>\n\t\t<meta name=\"twitter:title\" content=\"Ayudas Leader para el grupo Navia Porc\u00eda - El Digital de Asturias\" \/>\n\t\t<meta name=\"twitter:description\" content=\"La convocatoria de fondos para el programa Leader de desarrollo rural 2020 es la de mayor dotaci\u00f3n econ\u00f3mica de la historia de Asturias\" \/>\n\t\t<meta name=\"twitter:image\" content=\"https:\/\/www.eldigitaldeasturias.com\/noticias\/wp-content\/uploads\/2020\/12\/EDA-1.jpg\" \/>\n\t\t<meta name=\"twitter:label1\" content=\"Escrito por\" \/>\n\t\t<meta name=\"twitter:data1\" content=\"El Digital de Asturias\" \/>\n\t\t<meta name=\"twitter:label2\" content=\"Tiempo de lectura estimado\" \/>\n\t\t<meta name=\"twitter:data2\" content=\"1 minuto\" \/>\n\t\t<script type=\"application\/ld+json\" class=\"aioseo-schema\">\n\t\t\t{\"@context\":\"https:\\\/\\\/schema.org\",\"@graph\":[{\"@type\":\"BlogPosting\",\"@id\":\"https:\\\/\\\/www.eldigitaldeasturias.com\\\/noticias\\\/ayudas-leader-para-el-grupo-navia-porcia\\\/#blogposting\",\"name\":\"Ayudas Leader para el grupo Navia Porc\\u00eda - El Digital de Asturias\",\"headline\":\"Ayudas Leader para el grupo Navia Porc\\u00eda\",\"author\":{\"@id\":\"https:\\\/\\\/www.eldigitaldeasturias.com\\\/noticias\\\/author\\\/admin\\\/#author\"},\"publisher\":{\"@id\":\"https:\\\/\\\/www.eldigitaldeasturias.com\\\/noticias\\\/#organization\"},\"image\":{\"@type\":\"ImageObject\",\"url\":822740},\"datePublished\":\"2021-05-03T12:51:12+02:00\",\"dateModified\":\"2021-05-03T12:51:12+02:00\",\"inLanguage\":\"es-ES\",\"mainEntityOfPage\":{\"@id\":\"https:\\\/\\\/www.eldigitaldeasturias.com\\\/noticias\\\/ayudas-leader-para-el-grupo-navia-porcia\\\/#webpage\"},\"isPartOf\":{\"@id\":\"https:\\\/\\\/www.eldigitaldeasturias.com\\\/noticias\\\/ayudas-leader-para-el-grupo-navia-porcia\\\/#webpage\"},\"articleSection\":\"Actualidad Asturias\"},{\"@type\":\"BreadcrumbList\",\"@id\":\"https:\\\/\\\/www.eldigitaldeasturias.com\\\/noticias\\\/ayudas-leader-para-el-grupo-navia-porcia\\\/#breadcrumblist\",\"itemListElement\":[{\"@type\":\"ListItem\",\"@id\":\"https:\\\/\\\/www.eldigitaldeasturias.com\\\/noticias#listItem\",\"position\":1,\"name\":\"Home\",\"item\":\"https:\\\/\\\/www.eldigitaldeasturias.com\\\/noticias\",\"nextItem\":{\"@type\":\"ListItem\",\"@id\":\"https:\\\/\\\/www.eldigitaldeasturias.com\\\/noticias\\\/category\\\/actualidad-asturias\\\/#listItem\",\"name\":\"Actualidad Asturias\"}},{\"@type\":\"ListItem\",\"@id\":\"https:\\\/\\\/www.eldigitaldeasturias.com\\\/noticias\\\/category\\\/actualidad-asturias\\\/#listItem\",\"position\":2,\"name\":\"Actualidad Asturias\",\"item\":\"https:\\\/\\\/www.eldigitaldeasturias.com\\\/noticias\\\/category\\\/actualidad-asturias\\\/\",\"nextItem\":{\"@type\":\"ListItem\",\"@id\":\"https:\\\/\\\/www.eldigitaldeasturias.com\\\/noticias\\\/ayudas-leader-para-el-grupo-navia-porcia\\\/#listItem\",\"name\":\"Ayudas Leader para el grupo Navia Porc\\u00eda\"},\"previousItem\":{\"@type\":\"ListItem\",\"@id\":\"https:\\\/\\\/www.eldigitaldeasturias.com\\\/noticias#listItem\",\"name\":\"Home\"}},{\"@type\":\"ListItem\",\"@id\":\"https:\\\/\\\/www.eldigitaldeasturias.com\\\/noticias\\\/ayudas-leader-para-el-grupo-navia-porcia\\\/#listItem\",\"position\":3,\"name\":\"Ayudas Leader para el grupo Navia Porc\\u00eda\",\"previousItem\":{\"@type\":\"ListItem\",\"@id\":\"https:\\\/\\\/www.eldigitaldeasturias.com\\\/noticias\\\/category\\\/actualidad-asturias\\\/#listItem\",\"name\":\"Actualidad Asturias\"}}]},{\"@type\":\"Organization\",\"@id\":\"https:\\\/\\\/www.eldigitaldeasturias.com\\\/noticias\\\/#organization\",\"name\":\"El Digital de Asturias\",\"description\":\"Hemeroteca\",\"url\":\"https:\\\/\\\/www.eldigitaldeasturias.com\\\/noticias\\\/\",\"email\":\"info@eldigitaldeasturias.com\",\"telephone\":\"+34652131393\",\"logo\":{\"@type\":\"ImageObject\",\"url\":\"https:\\\/\\\/www.eldigitaldeasturias.com\\\/noticias\\\/wp-content\\\/uploads\\\/2020\\\/12\\\/EDA.jpg\",\"@id\":\"https:\\\/\\\/www.eldigitaldeasturias.com\\\/noticias\\\/ayudas-leader-para-el-grupo-navia-porcia\\\/#organizationLogo\"},\"image\":{\"@id\":\"https:\\\/\\\/www.eldigitaldeasturias.com\\\/noticias\\\/ayudas-leader-para-el-grupo-navia-porcia\\\/#organizationLogo\"},\"sameAs\":[\"https:\\\/\\\/facebook.com\\\/eldigitaldeasturias\",\"https:\\\/\\\/www.youtube.com\\\/channel\\\/UCZP-2wLEB9Rv6erhFmqVnvg\"],\"address\":{\"@id\":\"https:\\\/\\\/www.eldigitaldeasturias.com\\\/noticias\\\/#postaladdress\",\"@type\":\"PostalAddress\",\"streetAddress\":\"san antonio 4\",\"postalCode\":\"33430\",\"addressLocality\":\"Cand\\u00e1s\",\"addressRegion\":\"Asturias\",\"addressCountry\":\"ES\"}},{\"@type\":\"Person\",\"@id\":\"https:\\\/\\\/www.eldigitaldeasturias.com\\\/noticias\\\/author\\\/admin\\\/#author\",\"url\":\"https:\\\/\\\/www.eldigitaldeasturias.com\\\/noticias\\\/author\\\/admin\\\/\",\"name\":\"El Digital de Asturias\",\"image\":{\"@type\":\"ImageObject\",\"@id\":\"https:\\\/\\\/www.eldigitaldeasturias.com\\\/noticias\\\/ayudas-leader-para-el-grupo-navia-porcia\\\/#authorImage\",\"url\":\"https:\\\/\\\/secure.gravatar.com\\\/avatar\\\/df2aeffc32bcd13f8d26072ef8a91b623d677766deac7f97ca815868cd41bf5e?s=96&d=mm&r=g\",\"width\":96,\"height\":96,\"caption\":\"El Digital de Asturias\"}},{\"@type\":\"WebPage\",\"@id\":\"https:\\\/\\\/www.eldigitaldeasturias.com\\\/noticias\\\/ayudas-leader-para-el-grupo-navia-porcia\\\/#webpage\",\"url\":\"https:\\\/\\\/www.eldigitaldeasturias.com\\\/noticias\\\/ayudas-leader-para-el-grupo-navia-porcia\\\/\",\"name\":\"Ayudas Leader para el grupo Navia Porc\\u00eda - El Digital de Asturias\",\"description\":\"La convocatoria de fondos para el programa Leader de desarrollo rural 2020 es la de mayor dotaci\\u00f3n econ\\u00f3mica de la historia de Asturias\",\"inLanguage\":\"es-ES\",\"isPartOf\":{\"@id\":\"https:\\\/\\\/www.eldigitaldeasturias.com\\\/noticias\\\/#website\"},\"breadcrumb\":{\"@id\":\"https:\\\/\\\/www.eldigitaldeasturias.com\\\/noticias\\\/ayudas-leader-para-el-grupo-navia-porcia\\\/#breadcrumblist\"},\"author\":{\"@id\":\"https:\\\/\\\/www.eldigitaldeasturias.com\\\/noticias\\\/author\\\/admin\\\/#author\"},\"creator\":{\"@id\":\"https:\\\/\\\/www.eldigitaldeasturias.com\\\/noticias\\\/author\\\/admin\\\/#author\"},\"image\":{\"@type\":\"ImageObject\",\"url\":822740,\"@id\":\"https:\\\/\\\/www.eldigitaldeasturias.com\\\/noticias\\\/ayudas-leader-para-el-grupo-navia-porcia\\\/#mainImage\"},\"primaryImageOfPage\":{\"@id\":\"https:\\\/\\\/www.eldigitaldeasturias.com\\\/noticias\\\/ayudas-leader-para-el-grupo-navia-porcia\\\/#mainImage\"},\"datePublished\":\"2021-05-03T12:51:12+02:00\",\"dateModified\":\"2021-05-03T12:51:12+02:00\"},{\"@type\":\"WebSite\",\"@id\":\"https:\\\/\\\/www.eldigitaldeasturias.com\\\/noticias\\\/#website\",\"url\":\"https:\\\/\\\/www.eldigitaldeasturias.com\\\/noticias\\\/\",\"name\":\"El Digital de Asturias - Diario de actualidad y noticias\",\"alternateName\":\"El Digital de Asturias - Diario de actualidad y noticias\",\"description\":\"Hemeroteca\",\"inLanguage\":\"es-ES\",\"publisher\":{\"@id\":\"https:\\\/\\\/www.eldigitaldeasturias.com\\\/noticias\\\/#organization\"}}]}\n\t\t<\/script>\n\t\t<!-- All in One SEO Pro -->\r\n\t\t<title>Ayudas Leader para el grupo Navia Porc\u00eda - El Digital de Asturias<\/title>\n\n","aioseo_head_json":{"title":"Ayudas Leader para el grupo Navia Porc\u00eda - El Digital de Asturias","description":"La convocatoria de fondos para el programa Leader de desarrollo rural 2020 es la de mayor dotaci\u00f3n econ\u00f3mica de la historia de Asturias","canonical_url":"https:\/\/www.eldigitaldeasturias.com\/noticias\/ayudas-leader-para-el-grupo-navia-porcia\/","robots":"max-image-preview:large","keywords":"actualidad asturias","webmasterTools":{"google-site-verification":"UA-38556648-1","msvalidate.01":"7dfe9f3f1b24437ab69f4f2559babe99","miscellaneous":""},"schema":{"@context":"https:\/\/schema.org","@graph":[{"@type":"BlogPosting","@id":"https:\/\/www.eldigitaldeasturias.com\/noticias\/ayudas-leader-para-el-grupo-navia-porcia\/#blogposting","name":"Ayudas Leader para el grupo Navia Porc\u00eda - El Digital de Asturias","headline":"Ayudas Leader para el grupo Navia Porc\u00eda","author":{"@id":"https:\/\/www.eldigitaldeasturias.com\/noticias\/author\/admin\/#author"},"publisher":{"@id":"https:\/\/www.eldigitaldeasturias.com\/noticias\/#organization"},"image":{"@type":"ImageObject","url":822740},"datePublished":"2021-05-03T12:51:12+02:00","dateModified":"2021-05-03T12:51:12+02:00","inLanguage":"es-ES","mainEntityOfPage":{"@id":"https:\/\/www.eldigitaldeasturias.com\/noticias\/ayudas-leader-para-el-grupo-navia-porcia\/#webpage"},"isPartOf":{"@id":"https:\/\/www.eldigitaldeasturias.com\/noticias\/ayudas-leader-para-el-grupo-navia-porcia\/#webpage"},"articleSection":"Actualidad Asturias"},{"@type":"BreadcrumbList","@id":"https:\/\/www.eldigitaldeasturias.com\/noticias\/ayudas-leader-para-el-grupo-navia-porcia\/#breadcrumblist","itemListElement":[{"@type":"ListItem","@id":"https:\/\/www.eldigitaldeasturias.com\/noticias#listItem","position":1,"name":"Home","item":"https:\/\/www.eldigitaldeasturias.com\/noticias","nextItem":{"@type":"ListItem","@id":"https:\/\/www.eldigitaldeasturias.com\/noticias\/category\/actualidad-asturias\/#listItem","name":"Actualidad Asturias"}},{"@type":"ListItem","@id":"https:\/\/www.eldigitaldeasturias.com\/noticias\/category\/actualidad-asturias\/#listItem","position":2,"name":"Actualidad Asturias","item":"https:\/\/www.eldigitaldeasturias.com\/noticias\/category\/actualidad-asturias\/","nextItem":{"@type":"ListItem","@id":"https:\/\/www.eldigitaldeasturias.com\/noticias\/ayudas-leader-para-el-grupo-navia-porcia\/#listItem","name":"Ayudas Leader para el grupo Navia Porc\u00eda"},"previousItem":{"@type":"ListItem","@id":"https:\/\/www.eldigitaldeasturias.com\/noticias#listItem","name":"Home"}},{"@type":"ListItem","@id":"https:\/\/www.eldigitaldeasturias.com\/noticias\/ayudas-leader-para-el-grupo-navia-porcia\/#listItem","position":3,"name":"Ayudas Leader para el grupo Navia Porc\u00eda","previousItem":{"@type":"ListItem","@id":"https:\/\/www.eldigitaldeasturias.com\/noticias\/category\/actualidad-asturias\/#listItem","name":"Actualidad Asturias"}}]},{"@type":"Organization","@id":"https:\/\/www.eldigitaldeasturias.com\/noticias\/#organization","name":"El Digital de Asturias","description":"Hemeroteca","url":"https:\/\/www.eldigitaldeasturias.com\/noticias\/","email":"info@eldigitaldeasturias.com","telephone":"+34652131393","logo":{"@type":"ImageObject","url":"https:\/\/www.eldigitaldeasturias.com\/noticias\/wp-content\/uploads\/2020\/12\/EDA.jpg","@id":"https:\/\/www.eldigitaldeasturias.com\/noticias\/ayudas-leader-para-el-grupo-navia-porcia\/#organizationLogo"},"image":{"@id":"https:\/\/www.eldigitaldeasturias.com\/noticias\/ayudas-leader-para-el-grupo-navia-porcia\/#organizationLogo"},"sameAs":["https:\/\/facebook.com\/eldigitaldeasturias","https:\/\/www.youtube.com\/channel\/UCZP-2wLEB9Rv6erhFmqVnvg"],"address":{"@id":"https:\/\/www.eldigitaldeasturias.com\/noticias\/#postaladdress","@type":"PostalAddress","streetAddress":"san antonio 4","postalCode":"33430","addressLocality":"Cand\u00e1s","addressRegion":"Asturias","addressCountry":"ES"}},{"@type":"Person","@id":"https:\/\/www.eldigitaldeasturias.com\/noticias\/author\/admin\/#author","url":"https:\/\/www.eldigitaldeasturias.com\/noticias\/author\/admin\/","name":"El Digital de Asturias","image":{"@type":"ImageObject","@id":"https:\/\/www.eldigitaldeasturias.com\/noticias\/ayudas-leader-para-el-grupo-navia-porcia\/#authorImage","url":"https:\/\/secure.gravatar.com\/avatar\/df2aeffc32bcd13f8d26072ef8a91b623d677766deac7f97ca815868cd41bf5e?s=96&d=mm&r=g","width":96,"height":96,"caption":"El Digital de Asturias"}},{"@type":"WebPage","@id":"https:\/\/www.eldigitaldeasturias.com\/noticias\/ayudas-leader-para-el-grupo-navia-porcia\/#webpage","url":"https:\/\/www.eldigitaldeasturias.com\/noticias\/ayudas-leader-para-el-grupo-navia-porcia\/","name":"Ayudas Leader para el grupo Navia Porc\u00eda - El Digital de Asturias","description":"La convocatoria de fondos para el programa Leader de desarrollo rural 2020 es la de mayor dotaci\u00f3n econ\u00f3mica de la historia de Asturias","inLanguage":"es-ES","isPartOf":{"@id":"https:\/\/www.eldigitaldeasturias.com\/noticias\/#website"},"breadcrumb":{"@id":"https:\/\/www.eldigitaldeasturias.com\/noticias\/ayudas-leader-para-el-grupo-navia-porcia\/#breadcrumblist"},"author":{"@id":"https:\/\/www.eldigitaldeasturias.com\/noticias\/author\/admin\/#author"},"creator":{"@id":"https:\/\/www.eldigitaldeasturias.com\/noticias\/author\/admin\/#author"},"image":{"@type":"ImageObject","url":822740,"@id":"https:\/\/www.eldigitaldeasturias.com\/noticias\/ayudas-leader-para-el-grupo-navia-porcia\/#mainImage"},"primaryImageOfPage":{"@id":"https:\/\/www.eldigitaldeasturias.com\/noticias\/ayudas-leader-para-el-grupo-navia-porcia\/#mainImage"},"datePublished":"2021-05-03T12:51:12+02:00","dateModified":"2021-05-03T12:51:12+02:00"},{"@type":"WebSite","@id":"https:\/\/www.eldigitaldeasturias.com\/noticias\/#website","url":"https:\/\/www.eldigitaldeasturias.com\/noticias\/","name":"El Digital de Asturias - Diario de actualidad y noticias","alternateName":"El Digital de Asturias - Diario de actualidad y noticias","description":"Hemeroteca","inLanguage":"es-ES","publisher":{"@id":"https:\/\/www.eldigitaldeasturias.com\/noticias\/#organization"}}]},"og:locale":"es_ES","og:site_name":"El Digital de Asturias","og:type":"article","og:title":"Ayudas Leader para el grupo Navia Porc\u00eda - El Digital de Asturias","og:description":"La convocatoria de fondos para el programa Leader de desarrollo rural 2020 es la de mayor dotaci\u00f3n econ\u00f3mica de la historia de Asturias","og:url":"https:\/\/www.eldigitaldeasturias.com\/noticias\/ayudas-leader-para-el-grupo-navia-porcia\/","article:tag":["actualidad asturias"],"article:published_time":"2021-05-03T11:51:12+00:00","article:modified_time":"2021-05-03T11:51:12+00:00","article:publisher":"https:\/\/facebook.com\/eldigitaldeasturias","twitter:card":"summary_large_image","twitter:title":"Ayudas Leader para el grupo Navia Porc\u00eda - El Digital de Asturias","twitter:description":"La convocatoria de fondos para el programa Leader de desarrollo rural 2020 es la de mayor dotaci\u00f3n econ\u00f3mica de la historia de Asturias","twitter:image":"https:\/\/www.eldigitaldeasturias.com\/noticias\/wp-content\/uploads\/2020\/12\/EDA-1.jpg","twitter:label1":"Escrito por","twitter:data1":"El Digital de Asturias","twitter:label2":"Tiempo de lectura estimado","twitter:data2":"1 minuto"},"aioseo_meta_data":{"post_id":"1090811","title":null,"description":"La convocatoria de fondos para el programa Leader de desarrollo rural 2020 es la de mayor dotaci\u00f3n econ\u00f3mica de la historia de Asturias","keywords":[],"keyphrases":{"focus":[],"additional":[]},"primary_term":null,"canonical_url":null,"og_title":null,"og_description":null,"og_object_type":"default","og_image_type":"default","og_image_url":null,"og_image_width":null,"og_image_height":null,"og_image_custom_url":null,"og_image_custom_fields":null,"og_video":"","og_custom_url":null,"og_article_section":null,"og_article_tags":[],"twitter_use_og":false,"twitter_card":"default","twitter_image_type":"default","twitter_image_url":null,"twitter_image_custom_url":null,"twitter_image_custom_fields":null,"twitter_title":null,"twitter_description":null,"schema":{"blockGraphs":[],"customGraphs":[],"default":{"data":{"Article":[],"Course":[],"Dataset":[],"FAQPage":[],"Movie":[],"Person":[],"Product":[],"ProductReview":[],"Car":[],"Recipe":[],"Service":[],"SoftwareApplication":[],"WebPage":[]},"graphName":"","isEnabled":true},"graphs":[],"defaultGraph":"Article","defaultPostTypeGraph":""},"schema_type":"default","schema_type_options":"{\"article\":{\"articleType\":\"BlogPosting\"},\"course\":{\"name\":\"\",\"description\":\"\",\"provider\":\"\"},\"faq\":{\"pages\":[]},\"product\":{\"reviews\":[]},\"recipe\":{\"ingredients\":[],\"instructions\":[],\"keywords\":[]},\"software\":{\"reviews\":[],\"operatingSystems\":[]},\"webPage\":{\"webPageType\":\"WebPage\"}}","pillar_content":false,"robots_default":true,"robots_noindex":false,"robots_noarchive":false,"robots_nosnippet":false,"robots_nofollow":false,"robots_noimageindex":false,"robots_noodp":false,"robots_notranslate":false,"robots_max_snippet":"-1","robots_max_videopreview":"-1","robots_max_imagepreview":"large","priority":null,"frequency":"default","local_seo":{"locations":{"business":{"name":"","businessType":"","image":"","areaServed":"","urls":{"website":"","aboutPage":"","contactPage":""},"address":{"streetLine1":"","streetLine2":"","zipCode":"","city":"","state":"","country":"","addressFormat":"#streetLineOne\n#streetLineTwo\n#city, #state #zipCode"},"contact":{"phone":"","email":"","fax":""},"ids":{"vat":"","tax":"","chamberOfCommerce":""},"payment":{"priceRange":"","currenciesAccepted":"","methods":""}}},"openingHours":{"useDefaults":true,"show":true,"alwaysOpen":false,"use24hFormat":false,"timezone":"","labels":{"closed":"","alwaysOpen":""},"days":{"monday":{"open24h":false,"closed":false,"openTime":"09:00","closeTime":"17:00"},"tuesday":{"open24h":false,"closed":false,"openTime":"09:00","closeTime":"17:00"},"wednesday":{"open24h":false,"closed":false,"openTime":"09:00","closeTime":"17:00"},"thursday":{"open24h":false,"closed":false,"openTime":"09:00","closeTime":"17:00"},"friday":{"open24h":false,"closed":false,"openTime":"09:00","closeTime":"17:00"},"saturday":{"open24h":false,"closed":false,"openTime":"09:00","closeTime":"17:00"},"sunday":{"open24h":false,"closed":false,"openTime":"09:00","closeTime":"17:00"}}}},"seo_analyzer_scan_date":"2026-07-17 16:10:29","breadcrumb_settings":null,"limit_modified_date":false,"open_ai":null,"ai":null,"created":"2021-05-03 11:47:37","updated":"2026-07-17 16:10:29","focus_keyword":null,"additional_keywords":null,"truseo_locale":null},"aioseo_breadcrumb":"<div class=\"aioseo-breadcrumbs\"><span class=\"aioseo-breadcrumb\">\n\t<a href=\"https:\/\/www.eldigitaldeasturias.com\/noticias\" title=\"Home\">Home<\/a>\n<\/span><span class=\"aioseo-breadcrumb-separator\">\u2013<\/span><span class=\"aioseo-breadcrumb\">\n\t<a href=\"https:\/\/www.eldigitaldeasturias.com\/noticias\/category\/actualidad-asturias\/\" title=\"Actualidad Asturias\">Actualidad Asturias<\/a>\n<\/span><span class=\"aioseo-breadcrumb-separator\">\u2013<\/span><span class=\"aioseo-breadcrumb\">\n\t<a href=\"https:\/\/www.eldigitaldeasturias.com\/noticias\/ayudas-leader-para-el-grupo-navia-porcia\/\" title=\"Ayudas Leader para el grupo Navia Porc\u00eda\">Ayudas Leader para el grupo Navia Porc\u00eda<\/a>\n<\/span><\/div>","aioseo_breadcrumb_json":[{"label":"Home","link":"https:\/\/www.eldigitaldeasturias.com\/noticias"},{"label":"Actualidad Asturias","link":"https:\/\/www.eldigitaldeasturias.com\/noticias\/category\/actualidad-asturias\/"},{"label":"Ayudas Leader para el grupo Navia Porc\u00eda","link":"https:\/\/www.eldigitaldeasturias.com\/noticias\/ayudas-leader-para-el-grupo-navia-porcia\/"}],"_links":{"self":[{"href":"https:\/\/www.eldigitaldeasturias.com\/noticias\/wp-json\/wp\/v2\/posts\/1090811","targetHints":{"allow":["GET"]}}],"collection":[{"href":"https:\/\/www.eldigitaldeasturias.com\/noticias\/wp-json\/wp\/v2\/posts"}],"about":[{"href":"https:\/\/www.eldigitaldeasturias.com\/noticias\/wp-json\/wp\/v2\/types\/post"}],"author":[{"embeddable":true,"href":"https:\/\/www.eldigitaldeasturias.com\/noticias\/wp-json\/wp\/v2\/users\/1"}],"replies":[{"embeddable":true,"href":"https:\/\/www.eldigitaldeasturias.com\/noticias\/wp-json\/wp\/v2\/comments?post=1090811"}],"version-history":[{"count":0,"href":"https:\/\/www.eldigitaldeasturias.com\/noticias\/wp-json\/wp\/v2\/posts\/1090811\/revisions"}],"wp:attachment":[{"href":"https:\/\/www.eldigitaldeasturias.com\/noticias\/wp-json\/wp\/v2\/media?parent=1090811"}],"wp:term":[{"taxonomy":"category","embeddable":true,"href":"https:\/\/www.eldigitaldeasturias.com\/noticias\/wp-json\/wp\/v2\/categories?post=1090811"},{"taxonomy":"post_tag","embeddable":true,"href":"https:\/\/www.eldigitaldeasturias.com\/noticias\/wp-json\/wp\/v2\/tags?post=1090811"}],"curies":[{"name":"wp","href":"https:\/\/api.w.org\/{rel}","templated":true}]}}