{"id":1090809,"date":"2021-05-03T12:47:18","date_gmt":"2021-05-03T11:47:18","guid":{"rendered":"https:\/\/www.eldigitaldeasturias.com\/noticias\/?p=1090809"},"modified":"2021-05-04T14:16:48","modified_gmt":"2021-05-04T13:16:48","slug":"el-pp-considera-bochornos-que-se-tiren-vacunas-en-asturias","status":"publish","type":"post","link":"https:\/\/www.eldigitaldeasturias.com\/noticias\/el-pp-considera-bochornos-que-se-tiren-vacunas-en-asturias\/","title":{"rendered":"El PP considera bochornoso que se tiren vacunas en Asturias"},"content":{"rendered":"<p><img loading=\"lazy\" decoding=\"async\" class=\"alignleft size-medium wp-image-1079847\" src=\"https:\/\/www.eldigitaldeasturias.com\/noticias\/wp-content\/uploads\/2020\/11\/covid-19-4982910_640-360x240.jpg\" alt=\"Covid-19\" width=\"360\" height=\"240\" \/>La diputada del PP portavoz de Salud ha registrado hoy en la Junta General del Principado varias iniciativas para exigir explicaciones al consejero de Salud por el \u201cbochornoso\u201d episodio del pasado viernes en el proceso de vacunaci\u00f3n en el Palacio de Deportes de Gij\u00f3n, despu\u00e9s de que se tiraran m\u00e1s de un centenar de dosis de vacunas Pfizer al estar preparadas y no inyectarse porque las personas citadas no acudieron.<\/p>\n<p>Los populares reclaman que \u201cse depuren responsabilidades\u201d y creen que este \u201cno es un hecho aislado\u201d sino que \u201ces probable que muchas m\u00e1s dosis hayan acabado en la basura en Asturias\u201d tras conocer el proceder de la Consejer\u00eda, que ha admitido este hecho y asegura ahora que solo continuar\u00e1 con las jeringuillas necesarias en cada momento.<\/p>\n<p>El PP pide al consejero que \u201cd\u00e9 la cara\u201d porque \u201ceste episodio denota la falta de previsi\u00f3n de un protocolo que est\u00e1 operativo desde el inicio de la vacunaci\u00f3n, hace cuatro meses\u201d, denuncia Beatriz Polledo.<\/p>\n<p>Polledo exige al consejero que explique a los asturianos \u201ccu\u00e1ntas dosis se han llegado a desechar\u201d en la regi\u00f3n desde que comenz\u00f3 la vacunaci\u00f3n; bien por personas que no acuden a la cita o que, por cualquier otro motivo, no pueden ser finalmente vacunadas en el d\u00eda de la cita.<\/p>\n<p>\u201c\u00bfCu\u00e1l ha sido el proceder en estos cuatro meses para estos casos que se producen a diario en los puntos de vacunaci\u00f3n de los no presentados?\u201d, se pregunta la diputada popular.<\/p>\n<p>\u201cRecomendamos a la ministra de Sanidad que est\u00e1 hoy visitando los puntos de vacunaci\u00f3n en Asturias, que eche un vistazo a los cubos de basura y ponga orden en este desprop\u00f3sito que indigna a muchas personas vulnerables que a d\u00eda de hoy a\u00fan no han sido llamados a vacunar\u201d, afirma Beatriz Polledo.<\/p>\n<h2>Lista de espera para las vacunas sobrantes<\/h2>\n<p>Tras este epis\u00f3dico, el PP vuelve a reclamar a la Consejer\u00eda la elaboraci\u00f3n de una lista de espera para las vacunas sobrantes, tal y como los populares vienen solicitando desde que empez\u00f3 la vacunaci\u00f3n.<\/p>\n<p>\u201cEs lamentable la falta de previsi\u00f3n y la irresponsabilidad por parte de las autoridades sanitarias, que se ordene tirar vacunas a la basura porque son incapaces de tener una lista de espera para posibles ausencias de las personas que tienen cita. Si el Principado contara ya con una lista as\u00ed, cono venimos pidiendo desde hace meses desde el PP, probablemente esas dosis podr\u00edan haberse aprovechado\u201d, asegura Polledo.<\/p>\n<p>Los populares exigen al consejero de Salud \u201ctransparencia\u201d en el proceso de vacunaci\u00f3n, as\u00ed como el establecimiento de \u201cprotocolos que recojan las posibles incidencias que puedan ir produci\u00e9ndose\u201d.<\/p>\n<p>\u201cNos consta que los sanitarios que estaban vacunando en ese momento plantearon llamar a personal esencial para intentar aprovechar las vacunas, pero no se autoriz\u00f3. Queremos saber qui\u00e9n fue el responsable de ordenar que las dosis fueran directamente a la basura y en base a qu\u00e9 est\u00e1 motivada esa instrucci\u00f3n, para que se depuren responsabilidades cuanto antes\u201d, reclama la diputada del PP.<\/p>\n<p>&nbsp;<\/p>\n","protected":false},"excerpt":{"rendered":"<p>La diputada del PP portavoz de Salud ha registrado hoy en la Junta General del Principado varias iniciativas para exigir explicaciones al consejero de Salud por el \u201cbochornoso\u201d episodio del pasado viernes en el proceso de vacunaci\u00f3n en el Palacio de Deportes de Gij\u00f3n, despu\u00e9s de que se tiraran m\u00e1s de un centenar de dosis [&hellip;]<\/p>\n","protected":false},"author":1,"featured_media":1079847,"comment_status":"closed","ping_status":"closed","sticky":false,"template":"","format":"standard","meta":{"footnotes":""},"categories":[12],"tags":[],"class_list":["post-1090809","post","type-post","status-publish","format-standard","has-post-thumbnail","hentry","category-actualidad-asturias"],"aioseo_notices":[],"aioseo_head":"\n\t\t<!-- All in One SEO Pro 5.0.1 - aioseo.com -->\n\t<meta name=\"description\" content=\"Los populares asturianos reclaman que \u201cse depuren responsabilidades\u201d y creen que este \u201cno es un hecho aislado\u201d en el Principado.\" \/>\n\t<meta name=\"robots\" content=\"max-image-preview:large\" \/>\n\t<meta name=\"author\" content=\"El Digital de Asturias\"\/>\n\t<meta name=\"google-site-verification\" content=\"UA-38556648-1\" \/>\n\t<meta name=\"msvalidate.01\" content=\"7dfe9f3f1b24437ab69f4f2559babe99\" \/>\n\t<meta name=\"keywords\" content=\"actualidad asturias\" \/>\n\t<link rel=\"canonical\" href=\"https:\/\/www.eldigitaldeasturias.com\/noticias\/el-pp-considera-bochornos-que-se-tiren-vacunas-en-asturias\/\" \/>\n\t<meta name=\"generator\" content=\"All in One SEO Pro (AIOSEO) 5.0.1\" \/>\n\t\t<meta property=\"og:locale\" content=\"es_ES\" \/>\n\t\t<meta property=\"og:site_name\" content=\"El Digital de Asturias\" \/>\n\t\t<meta property=\"og:type\" content=\"article\" \/>\n\t\t<meta property=\"og:title\" content=\"El PP considera bochornoso que se tiren vacunas en Asturias - El Digital de Asturias\" \/>\n\t\t<meta property=\"og:description\" content=\"Los populares asturianos reclaman que \u201cse depuren responsabilidades\u201d y creen que este \u201cno es un hecho aislado\u201d en el Principado.\" \/>\n\t\t<meta property=\"og:url\" content=\"https:\/\/www.eldigitaldeasturias.com\/noticias\/el-pp-considera-bochornos-que-se-tiren-vacunas-en-asturias\/\" \/>\n\t\t<meta property=\"article:tag\" content=\"actualidad asturias\" \/>\n\t\t<meta property=\"article:published_time\" content=\"2021-05-03T11:47:18+00:00\" \/>\n\t\t<meta property=\"article:modified_time\" content=\"2021-05-04T13:16:48+00:00\" \/>\n\t\t<meta property=\"article:publisher\" content=\"https:\/\/facebook.com\/eldigitaldeasturias\" \/>\n\t\t<meta name=\"twitter:card\" content=\"summary_large_image\" \/>\n\t\t<meta name=\"twitter:title\" content=\"El PP considera bochornoso que se tiren vacunas en Asturias - El Digital de Asturias\" \/>\n\t\t<meta name=\"twitter:description\" content=\"Los populares asturianos reclaman que \u201cse depuren responsabilidades\u201d y creen que este \u201cno es un hecho aislado\u201d en el Principado.\" \/>\n\t\t<meta name=\"twitter:image\" content=\"https:\/\/www.eldigitaldeasturias.com\/noticias\/wp-content\/uploads\/2020\/12\/EDA-1.jpg\" \/>\n\t\t<meta name=\"twitter:label1\" content=\"Escrito por\" \/>\n\t\t<meta name=\"twitter:data1\" content=\"El Digital de Asturias\" \/>\n\t\t<meta name=\"twitter:label2\" content=\"Tiempo de lectura estimado\" \/>\n\t\t<meta name=\"twitter:data2\" content=\"3 minutos\" \/>\n\t\t<script type=\"application\/ld+json\" class=\"aioseo-schema\">\n\t\t\t{\"@context\":\"https:\\\/\\\/schema.org\",\"@graph\":[{\"@type\":\"BlogPosting\",\"@id\":\"https:\\\/\\\/www.eldigitaldeasturias.com\\\/noticias\\\/el-pp-considera-bochornos-que-se-tiren-vacunas-en-asturias\\\/#blogposting\",\"name\":\"El PP considera bochornoso que se tiren vacunas en Asturias - El Digital de Asturias\",\"headline\":\"El PP considera bochornoso que se tiren vacunas en Asturias\",\"author\":{\"@id\":\"https:\\\/\\\/www.eldigitaldeasturias.com\\\/noticias\\\/author\\\/admin\\\/#author\"},\"publisher\":{\"@id\":\"https:\\\/\\\/www.eldigitaldeasturias.com\\\/noticias\\\/#organization\"},\"image\":{\"@type\":\"ImageObject\",\"url\":1079847},\"datePublished\":\"2021-05-03T12:47:18+02:00\",\"dateModified\":\"2021-05-04T14:16:48+02:00\",\"inLanguage\":\"es-ES\",\"mainEntityOfPage\":{\"@id\":\"https:\\\/\\\/www.eldigitaldeasturias.com\\\/noticias\\\/el-pp-considera-bochornos-que-se-tiren-vacunas-en-asturias\\\/#webpage\"},\"isPartOf\":{\"@id\":\"https:\\\/\\\/www.eldigitaldeasturias.com\\\/noticias\\\/el-pp-considera-bochornos-que-se-tiren-vacunas-en-asturias\\\/#webpage\"},\"articleSection\":\"Actualidad Asturias\"},{\"@type\":\"BreadcrumbList\",\"@id\":\"https:\\\/\\\/www.eldigitaldeasturias.com\\\/noticias\\\/el-pp-considera-bochornos-que-se-tiren-vacunas-en-asturias\\\/#breadcrumblist\",\"itemListElement\":[{\"@type\":\"ListItem\",\"@id\":\"https:\\\/\\\/www.eldigitaldeasturias.com\\\/noticias#listItem\",\"position\":1,\"name\":\"Home\",\"item\":\"https:\\\/\\\/www.eldigitaldeasturias.com\\\/noticias\",\"nextItem\":{\"@type\":\"ListItem\",\"@id\":\"https:\\\/\\\/www.eldigitaldeasturias.com\\\/noticias\\\/category\\\/actualidad-asturias\\\/#listItem\",\"name\":\"Actualidad Asturias\"}},{\"@type\":\"ListItem\",\"@id\":\"https:\\\/\\\/www.eldigitaldeasturias.com\\\/noticias\\\/category\\\/actualidad-asturias\\\/#listItem\",\"position\":2,\"name\":\"Actualidad Asturias\",\"item\":\"https:\\\/\\\/www.eldigitaldeasturias.com\\\/noticias\\\/category\\\/actualidad-asturias\\\/\",\"nextItem\":{\"@type\":\"ListItem\",\"@id\":\"https:\\\/\\\/www.eldigitaldeasturias.com\\\/noticias\\\/el-pp-considera-bochornos-que-se-tiren-vacunas-en-asturias\\\/#listItem\",\"name\":\"El PP considera bochornoso que se tiren vacunas en Asturias\"},\"previousItem\":{\"@type\":\"ListItem\",\"@id\":\"https:\\\/\\\/www.eldigitaldeasturias.com\\\/noticias#listItem\",\"name\":\"Home\"}},{\"@type\":\"ListItem\",\"@id\":\"https:\\\/\\\/www.eldigitaldeasturias.com\\\/noticias\\\/el-pp-considera-bochornos-que-se-tiren-vacunas-en-asturias\\\/#listItem\",\"position\":3,\"name\":\"El PP considera bochornoso que se tiren vacunas en Asturias\",\"previousItem\":{\"@type\":\"ListItem\",\"@id\":\"https:\\\/\\\/www.eldigitaldeasturias.com\\\/noticias\\\/category\\\/actualidad-asturias\\\/#listItem\",\"name\":\"Actualidad Asturias\"}}]},{\"@type\":\"Organization\",\"@id\":\"https:\\\/\\\/www.eldigitaldeasturias.com\\\/noticias\\\/#organization\",\"name\":\"El Digital de Asturias\",\"description\":\"Hemeroteca\",\"url\":\"https:\\\/\\\/www.eldigitaldeasturias.com\\\/noticias\\\/\",\"email\":\"info@eldigitaldeasturias.com\",\"telephone\":\"+34652131393\",\"logo\":{\"@type\":\"ImageObject\",\"url\":\"https:\\\/\\\/www.eldigitaldeasturias.com\\\/noticias\\\/wp-content\\\/uploads\\\/2020\\\/12\\\/EDA.jpg\",\"@id\":\"https:\\\/\\\/www.eldigitaldeasturias.com\\\/noticias\\\/el-pp-considera-bochornos-que-se-tiren-vacunas-en-asturias\\\/#organizationLogo\"},\"image\":{\"@id\":\"https:\\\/\\\/www.eldigitaldeasturias.com\\\/noticias\\\/el-pp-considera-bochornos-que-se-tiren-vacunas-en-asturias\\\/#organizationLogo\"},\"sameAs\":[\"https:\\\/\\\/facebook.com\\\/eldigitaldeasturias\",\"https:\\\/\\\/www.youtube.com\\\/channel\\\/UCZP-2wLEB9Rv6erhFmqVnvg\"],\"address\":{\"@id\":\"https:\\\/\\\/www.eldigitaldeasturias.com\\\/noticias\\\/#postaladdress\",\"@type\":\"PostalAddress\",\"streetAddress\":\"san antonio 4\",\"postalCode\":\"33430\",\"addressLocality\":\"Cand\\u00e1s\",\"addressRegion\":\"Asturias\",\"addressCountry\":\"ES\"}},{\"@type\":\"Person\",\"@id\":\"https:\\\/\\\/www.eldigitaldeasturias.com\\\/noticias\\\/author\\\/admin\\\/#author\",\"url\":\"https:\\\/\\\/www.eldigitaldeasturias.com\\\/noticias\\\/author\\\/admin\\\/\",\"name\":\"El Digital de Asturias\",\"image\":{\"@type\":\"ImageObject\",\"@id\":\"https:\\\/\\\/www.eldigitaldeasturias.com\\\/noticias\\\/el-pp-considera-bochornos-que-se-tiren-vacunas-en-asturias\\\/#authorImage\",\"url\":\"https:\\\/\\\/secure.gravatar.com\\\/avatar\\\/df2aeffc32bcd13f8d26072ef8a91b623d677766deac7f97ca815868cd41bf5e?s=96&d=mm&r=g\",\"width\":96,\"height\":96,\"caption\":\"El Digital de Asturias\"}},{\"@type\":\"WebPage\",\"@id\":\"https:\\\/\\\/www.eldigitaldeasturias.com\\\/noticias\\\/el-pp-considera-bochornos-que-se-tiren-vacunas-en-asturias\\\/#webpage\",\"url\":\"https:\\\/\\\/www.eldigitaldeasturias.com\\\/noticias\\\/el-pp-considera-bochornos-que-se-tiren-vacunas-en-asturias\\\/\",\"name\":\"El PP considera bochornoso que se tiren vacunas en Asturias - El Digital de Asturias\",\"description\":\"Los populares asturianos reclaman que \\u201cse depuren responsabilidades\\u201d y creen que este \\u201cno es un hecho aislado\\u201d en el Principado.\",\"inLanguage\":\"es-ES\",\"isPartOf\":{\"@id\":\"https:\\\/\\\/www.eldigitaldeasturias.com\\\/noticias\\\/#website\"},\"breadcrumb\":{\"@id\":\"https:\\\/\\\/www.eldigitaldeasturias.com\\\/noticias\\\/el-pp-considera-bochornos-que-se-tiren-vacunas-en-asturias\\\/#breadcrumblist\"},\"author\":{\"@id\":\"https:\\\/\\\/www.eldigitaldeasturias.com\\\/noticias\\\/author\\\/admin\\\/#author\"},\"creator\":{\"@id\":\"https:\\\/\\\/www.eldigitaldeasturias.com\\\/noticias\\\/author\\\/admin\\\/#author\"},\"image\":{\"@type\":\"ImageObject\",\"url\":1079847,\"@id\":\"https:\\\/\\\/www.eldigitaldeasturias.com\\\/noticias\\\/el-pp-considera-bochornos-que-se-tiren-vacunas-en-asturias\\\/#mainImage\"},\"primaryImageOfPage\":{\"@id\":\"https:\\\/\\\/www.eldigitaldeasturias.com\\\/noticias\\\/el-pp-considera-bochornos-que-se-tiren-vacunas-en-asturias\\\/#mainImage\"},\"datePublished\":\"2021-05-03T12:47:18+02:00\",\"dateModified\":\"2021-05-04T14:16:48+02:00\"},{\"@type\":\"WebSite\",\"@id\":\"https:\\\/\\\/www.eldigitaldeasturias.com\\\/noticias\\\/#website\",\"url\":\"https:\\\/\\\/www.eldigitaldeasturias.com\\\/noticias\\\/\",\"name\":\"El Digital de Asturias - Diario de actualidad y noticias\",\"alternateName\":\"El Digital de Asturias - Diario de actualidad y noticias\",\"description\":\"Hemeroteca\",\"inLanguage\":\"es-ES\",\"publisher\":{\"@id\":\"https:\\\/\\\/www.eldigitaldeasturias.com\\\/noticias\\\/#organization\"}}]}\n\t\t<\/script>\n\t\t<!-- All in One SEO Pro -->\r\n\t\t<title>El PP considera bochornoso que se tiren vacunas en Asturias - El Digital de Asturias<\/title>\n\n","aioseo_head_json":{"title":"El PP considera bochornoso que se tiren vacunas en Asturias - El Digital de Asturias","description":"Los populares asturianos reclaman que \u201cse depuren responsabilidades\u201d y creen que este \u201cno es un hecho aislado\u201d en el Principado.","canonical_url":"https:\/\/www.eldigitaldeasturias.com\/noticias\/el-pp-considera-bochornos-que-se-tiren-vacunas-en-asturias\/","robots":"max-image-preview:large","keywords":"actualidad asturias","webmasterTools":{"google-site-verification":"UA-38556648-1","msvalidate.01":"7dfe9f3f1b24437ab69f4f2559babe99","miscellaneous":""},"schema":{"@context":"https:\/\/schema.org","@graph":[{"@type":"BlogPosting","@id":"https:\/\/www.eldigitaldeasturias.com\/noticias\/el-pp-considera-bochornos-que-se-tiren-vacunas-en-asturias\/#blogposting","name":"El PP considera bochornoso que se tiren vacunas en Asturias - El Digital de Asturias","headline":"El PP considera bochornoso que se tiren vacunas en Asturias","author":{"@id":"https:\/\/www.eldigitaldeasturias.com\/noticias\/author\/admin\/#author"},"publisher":{"@id":"https:\/\/www.eldigitaldeasturias.com\/noticias\/#organization"},"image":{"@type":"ImageObject","url":1079847},"datePublished":"2021-05-03T12:47:18+02:00","dateModified":"2021-05-04T14:16:48+02:00","inLanguage":"es-ES","mainEntityOfPage":{"@id":"https:\/\/www.eldigitaldeasturias.com\/noticias\/el-pp-considera-bochornos-que-se-tiren-vacunas-en-asturias\/#webpage"},"isPartOf":{"@id":"https:\/\/www.eldigitaldeasturias.com\/noticias\/el-pp-considera-bochornos-que-se-tiren-vacunas-en-asturias\/#webpage"},"articleSection":"Actualidad Asturias"},{"@type":"BreadcrumbList","@id":"https:\/\/www.eldigitaldeasturias.com\/noticias\/el-pp-considera-bochornos-que-se-tiren-vacunas-en-asturias\/#breadcrumblist","itemListElement":[{"@type":"ListItem","@id":"https:\/\/www.eldigitaldeasturias.com\/noticias#listItem","position":1,"name":"Home","item":"https:\/\/www.eldigitaldeasturias.com\/noticias","nextItem":{"@type":"ListItem","@id":"https:\/\/www.eldigitaldeasturias.com\/noticias\/category\/actualidad-asturias\/#listItem","name":"Actualidad Asturias"}},{"@type":"ListItem","@id":"https:\/\/www.eldigitaldeasturias.com\/noticias\/category\/actualidad-asturias\/#listItem","position":2,"name":"Actualidad Asturias","item":"https:\/\/www.eldigitaldeasturias.com\/noticias\/category\/actualidad-asturias\/","nextItem":{"@type":"ListItem","@id":"https:\/\/www.eldigitaldeasturias.com\/noticias\/el-pp-considera-bochornos-que-se-tiren-vacunas-en-asturias\/#listItem","name":"El PP considera bochornoso que se tiren vacunas en Asturias"},"previousItem":{"@type":"ListItem","@id":"https:\/\/www.eldigitaldeasturias.com\/noticias#listItem","name":"Home"}},{"@type":"ListItem","@id":"https:\/\/www.eldigitaldeasturias.com\/noticias\/el-pp-considera-bochornos-que-se-tiren-vacunas-en-asturias\/#listItem","position":3,"name":"El PP considera bochornoso que se tiren vacunas en Asturias","previousItem":{"@type":"ListItem","@id":"https:\/\/www.eldigitaldeasturias.com\/noticias\/category\/actualidad-asturias\/#listItem","name":"Actualidad Asturias"}}]},{"@type":"Organization","@id":"https:\/\/www.eldigitaldeasturias.com\/noticias\/#organization","name":"El Digital de Asturias","description":"Hemeroteca","url":"https:\/\/www.eldigitaldeasturias.com\/noticias\/","email":"info@eldigitaldeasturias.com","telephone":"+34652131393","logo":{"@type":"ImageObject","url":"https:\/\/www.eldigitaldeasturias.com\/noticias\/wp-content\/uploads\/2020\/12\/EDA.jpg","@id":"https:\/\/www.eldigitaldeasturias.com\/noticias\/el-pp-considera-bochornos-que-se-tiren-vacunas-en-asturias\/#organizationLogo"},"image":{"@id":"https:\/\/www.eldigitaldeasturias.com\/noticias\/el-pp-considera-bochornos-que-se-tiren-vacunas-en-asturias\/#organizationLogo"},"sameAs":["https:\/\/facebook.com\/eldigitaldeasturias","https:\/\/www.youtube.com\/channel\/UCZP-2wLEB9Rv6erhFmqVnvg"],"address":{"@id":"https:\/\/www.eldigitaldeasturias.com\/noticias\/#postaladdress","@type":"PostalAddress","streetAddress":"san antonio 4","postalCode":"33430","addressLocality":"Cand\u00e1s","addressRegion":"Asturias","addressCountry":"ES"}},{"@type":"Person","@id":"https:\/\/www.eldigitaldeasturias.com\/noticias\/author\/admin\/#author","url":"https:\/\/www.eldigitaldeasturias.com\/noticias\/author\/admin\/","name":"El Digital de Asturias","image":{"@type":"ImageObject","@id":"https:\/\/www.eldigitaldeasturias.com\/noticias\/el-pp-considera-bochornos-que-se-tiren-vacunas-en-asturias\/#authorImage","url":"https:\/\/secure.gravatar.com\/avatar\/df2aeffc32bcd13f8d26072ef8a91b623d677766deac7f97ca815868cd41bf5e?s=96&d=mm&r=g","width":96,"height":96,"caption":"El Digital de Asturias"}},{"@type":"WebPage","@id":"https:\/\/www.eldigitaldeasturias.com\/noticias\/el-pp-considera-bochornos-que-se-tiren-vacunas-en-asturias\/#webpage","url":"https:\/\/www.eldigitaldeasturias.com\/noticias\/el-pp-considera-bochornos-que-se-tiren-vacunas-en-asturias\/","name":"El PP considera bochornoso que se tiren vacunas en Asturias - El Digital de Asturias","description":"Los populares asturianos reclaman que \u201cse depuren responsabilidades\u201d y creen que este \u201cno es un hecho aislado\u201d en el Principado.","inLanguage":"es-ES","isPartOf":{"@id":"https:\/\/www.eldigitaldeasturias.com\/noticias\/#website"},"breadcrumb":{"@id":"https:\/\/www.eldigitaldeasturias.com\/noticias\/el-pp-considera-bochornos-que-se-tiren-vacunas-en-asturias\/#breadcrumblist"},"author":{"@id":"https:\/\/www.eldigitaldeasturias.com\/noticias\/author\/admin\/#author"},"creator":{"@id":"https:\/\/www.eldigitaldeasturias.com\/noticias\/author\/admin\/#author"},"image":{"@type":"ImageObject","url":1079847,"@id":"https:\/\/www.eldigitaldeasturias.com\/noticias\/el-pp-considera-bochornos-que-se-tiren-vacunas-en-asturias\/#mainImage"},"primaryImageOfPage":{"@id":"https:\/\/www.eldigitaldeasturias.com\/noticias\/el-pp-considera-bochornos-que-se-tiren-vacunas-en-asturias\/#mainImage"},"datePublished":"2021-05-03T12:47:18+02:00","dateModified":"2021-05-04T14:16:48+02:00"},{"@type":"WebSite","@id":"https:\/\/www.eldigitaldeasturias.com\/noticias\/#website","url":"https:\/\/www.eldigitaldeasturias.com\/noticias\/","name":"El Digital de Asturias - Diario de actualidad y noticias","alternateName":"El Digital de Asturias - Diario de actualidad y noticias","description":"Hemeroteca","inLanguage":"es-ES","publisher":{"@id":"https:\/\/www.eldigitaldeasturias.com\/noticias\/#organization"}}]},"og:locale":"es_ES","og:site_name":"El Digital de Asturias","og:type":"article","og:title":"El PP considera bochornoso que se tiren vacunas en Asturias - El Digital de Asturias","og:description":"Los populares asturianos reclaman que \u201cse depuren responsabilidades\u201d y creen que este \u201cno es un hecho aislado\u201d en el Principado.","og:url":"https:\/\/www.eldigitaldeasturias.com\/noticias\/el-pp-considera-bochornos-que-se-tiren-vacunas-en-asturias\/","article:tag":["actualidad asturias"],"article:published_time":"2021-05-03T11:47:18+00:00","article:modified_time":"2021-05-04T13:16:48+00:00","article:publisher":"https:\/\/facebook.com\/eldigitaldeasturias","twitter:card":"summary_large_image","twitter:title":"El PP considera bochornoso que se tiren vacunas en Asturias - El Digital de Asturias","twitter:description":"Los populares asturianos reclaman que \u201cse depuren responsabilidades\u201d y creen que este \u201cno es un hecho aislado\u201d en el Principado.","twitter:image":"https:\/\/www.eldigitaldeasturias.com\/noticias\/wp-content\/uploads\/2020\/12\/EDA-1.jpg","twitter:label1":"Escrito por","twitter:data1":"El Digital de Asturias","twitter:label2":"Tiempo de lectura estimado","twitter:data2":"3 minutos"},"aioseo_meta_data":{"post_id":"1090809","title":null,"description":"Los populares asturianos reclaman que \u201cse depuren responsabilidades\u201d y creen que este \u201cno es un hecho aislado\u201d en el Principado.","keywords":[],"keyphrases":{"focus":[],"additional":[]},"primary_term":null,"canonical_url":null,"og_title":null,"og_description":null,"og_object_type":"default","og_image_type":"default","og_image_url":null,"og_image_width":null,"og_image_height":null,"og_image_custom_url":null,"og_image_custom_fields":null,"og_video":"","og_custom_url":null,"og_article_section":null,"og_article_tags":[],"twitter_use_og":false,"twitter_card":"default","twitter_image_type":"default","twitter_image_url":null,"twitter_image_custom_url":null,"twitter_image_custom_fields":null,"twitter_title":null,"twitter_description":null,"schema":{"blockGraphs":[],"customGraphs":[],"default":{"data":{"Article":[],"Course":[],"Dataset":[],"FAQPage":[],"Movie":[],"Person":[],"Product":[],"ProductReview":[],"Car":[],"Recipe":[],"Service":[],"SoftwareApplication":[],"WebPage":[]},"graphName":"","isEnabled":true},"graphs":[],"defaultGraph":"Article","defaultPostTypeGraph":""},"schema_type":"default","schema_type_options":"{\"article\":{\"articleType\":\"BlogPosting\"},\"course\":{\"name\":\"\",\"description\":\"\",\"provider\":\"\"},\"faq\":{\"pages\":[]},\"product\":{\"reviews\":[]},\"recipe\":{\"ingredients\":[],\"instructions\":[],\"keywords\":[]},\"software\":{\"reviews\":[],\"operatingSystems\":[]},\"webPage\":{\"webPageType\":\"WebPage\"}}","pillar_content":false,"robots_default":true,"robots_noindex":false,"robots_noarchive":false,"robots_nosnippet":false,"robots_nofollow":false,"robots_noimageindex":false,"robots_noodp":false,"robots_notranslate":false,"robots_max_snippet":"-1","robots_max_videopreview":"-1","robots_max_imagepreview":"large","priority":null,"frequency":"default","local_seo":{"locations":{"business":{"name":"","businessType":"","image":"","areaServed":"","urls":{"website":"","aboutPage":"","contactPage":""},"address":{"streetLine1":"","streetLine2":"","zipCode":"","city":"","state":"","country":"","addressFormat":"#streetLineOne\n#streetLineTwo\n#city, #state #zipCode"},"contact":{"phone":"","email":"","fax":""},"ids":{"vat":"","tax":"","chamberOfCommerce":""},"payment":{"priceRange":"","currenciesAccepted":"","methods":""}}},"openingHours":{"useDefaults":true,"show":true,"alwaysOpen":false,"use24hFormat":false,"timezone":"","labels":{"closed":"","alwaysOpen":""},"days":{"monday":{"open24h":false,"closed":false,"openTime":"09:00","closeTime":"17:00"},"tuesday":{"open24h":false,"closed":false,"openTime":"09:00","closeTime":"17:00"},"wednesday":{"open24h":false,"closed":false,"openTime":"09:00","closeTime":"17:00"},"thursday":{"open24h":false,"closed":false,"openTime":"09:00","closeTime":"17:00"},"friday":{"open24h":false,"closed":false,"openTime":"09:00","closeTime":"17:00"},"saturday":{"open24h":false,"closed":false,"openTime":"09:00","closeTime":"17:00"},"sunday":{"open24h":false,"closed":false,"openTime":"09:00","closeTime":"17:00"}}}},"seo_analyzer_scan_date":"2026-07-17 16:10:30","breadcrumb_settings":null,"limit_modified_date":false,"open_ai":null,"ai":null,"created":"2021-05-03 11:43:27","updated":"2026-07-17 16:10:30","focus_keyword":null,"additional_keywords":null,"truseo_locale":null},"aioseo_breadcrumb":"<div class=\"aioseo-breadcrumbs\"><span class=\"aioseo-breadcrumb\">\n\t<a href=\"https:\/\/www.eldigitaldeasturias.com\/noticias\" title=\"Home\">Home<\/a>\n<\/span><span class=\"aioseo-breadcrumb-separator\">\u2013<\/span><span class=\"aioseo-breadcrumb\">\n\t<a href=\"https:\/\/www.eldigitaldeasturias.com\/noticias\/category\/actualidad-asturias\/\" title=\"Actualidad Asturias\">Actualidad Asturias<\/a>\n<\/span><span class=\"aioseo-breadcrumb-separator\">\u2013<\/span><span class=\"aioseo-breadcrumb\">\n\t<a href=\"https:\/\/www.eldigitaldeasturias.com\/noticias\/el-pp-considera-bochornos-que-se-tiren-vacunas-en-asturias\/\" title=\"El PP considera bochornoso que se tiren vacunas en Asturias\">El PP considera bochornoso que se tiren vacunas en Asturias<\/a>\n<\/span><\/div>","aioseo_breadcrumb_json":[{"label":"Home","link":"https:\/\/www.eldigitaldeasturias.com\/noticias"},{"label":"Actualidad Asturias","link":"https:\/\/www.eldigitaldeasturias.com\/noticias\/category\/actualidad-asturias\/"},{"label":"El PP considera bochornoso que se tiren vacunas en Asturias","link":"https:\/\/www.eldigitaldeasturias.com\/noticias\/el-pp-considera-bochornos-que-se-tiren-vacunas-en-asturias\/"}],"_links":{"self":[{"href":"https:\/\/www.eldigitaldeasturias.com\/noticias\/wp-json\/wp\/v2\/posts\/1090809","targetHints":{"allow":["GET"]}}],"collection":[{"href":"https:\/\/www.eldigitaldeasturias.com\/noticias\/wp-json\/wp\/v2\/posts"}],"about":[{"href":"https:\/\/www.eldigitaldeasturias.com\/noticias\/wp-json\/wp\/v2\/types\/post"}],"author":[{"embeddable":true,"href":"https:\/\/www.eldigitaldeasturias.com\/noticias\/wp-json\/wp\/v2\/users\/1"}],"replies":[{"embeddable":true,"href":"https:\/\/www.eldigitaldeasturias.com\/noticias\/wp-json\/wp\/v2\/comments?post=1090809"}],"version-history":[{"count":0,"href":"https:\/\/www.eldigitaldeasturias.com\/noticias\/wp-json\/wp\/v2\/posts\/1090809\/revisions"}],"wp:attachment":[{"href":"https:\/\/www.eldigitaldeasturias.com\/noticias\/wp-json\/wp\/v2\/media?parent=1090809"}],"wp:term":[{"taxonomy":"category","embeddable":true,"href":"https:\/\/www.eldigitaldeasturias.com\/noticias\/wp-json\/wp\/v2\/categories?post=1090809"},{"taxonomy":"post_tag","embeddable":true,"href":"https:\/\/www.eldigitaldeasturias.com\/noticias\/wp-json\/wp\/v2\/tags?post=1090809"}],"curies":[{"name":"wp","href":"https:\/\/api.w.org\/{rel}","templated":true}]}}